{"id":9120,"date":"2022-05-20T21:20:03","date_gmt":"2022-05-20T21:20:03","guid":{"rendered":"https:\/\/dublagembrasileira.com.br\/?p=9120"},"modified":"2022-06-15T21:29:07","modified_gmt":"2022-06-15T21:29:07","slug":"a-dublacon-tem-data-e-local-confirmados","status":"publish","type":"post","link":"https:\/\/dublagembrasileira.com.br\/?p=9120","title":{"rendered":"A Dublacon tem data e local confirmados."},"content":{"rendered":"<h4>Evento tamb\u00e9m j\u00e1 tem uma lista com alguns nomes que estar\u00e3o no evento esse ano.<\/h4>\n<hr \/>\n<p style=\"text-align: justify;\">A DublaCon 2022, conven\u00e7\u00e3o nacional de dublagem, acaba de ganhar data e local para acontecer. Depois de uma edi\u00e7\u00e3o digital em dezembro do ano passado, o evento acontecer\u00e1 presencialmente nos dias 26 e 27 de novembro, no Teatro Nathalia Timberg<\/p>\n<p style=\"text-align: justify;\">Em 2022, a atividade contar\u00e1 com tr\u00eas palcos para a realiza\u00e7\u00e3o de pain\u00e9is sobre dublagem, al\u00e9m dos espa\u00e7os business e de shows. O projeto \u00e9 idealizado pelo cineasta, ator, dublador e youtuber Ygor Guidoux.<\/p>\n<p style=\"text-align: justify;\">Em 2021, a DublaCon foi realizada durante 12h seguidas com v\u00e1rios pain\u00e9is que contaram com a presen\u00e7a de mais de 60 dubladores. Foram mais de 30 mil acessos no YouTube. No TikTok, que teve transmiss\u00e3o simult\u00e2nea, foi visto por mais de 90 mil acessos e mais de 1 milh\u00e3o de seguidores.<\/p>\n<p style=\"text-align: justify;\">At\u00e9 o momento os dubladores confirmados para o evento s\u00e3o: Marco Ribeiro (Tom Hanks e Robert Downey Jr.), Wirley Contaifer (Tom Holland na saga Homem-Aranha), Claudio Galvan (Pato Donald e F\u00e9lix Madrigal, de Encanto), M\u00e1rcio Sim\u00f5es (voz dos atores Will Smith, Robin Williams e Samuel L. Jackson)<br \/>\nMauro Ramos (voz do Pumba, de O Rei Le\u00e3o)<br \/>\nMa\u00edra G\u00f3es (voz da atriz Keira Knightley e da personagem Dory, de Procurando Nemo, 2003)<br \/>\nPhilippe Maia (voz dos atores Bradley Cooper e Ryan Reynolds)<br \/>\nJos\u00e9 (Slinky na saga Toy Story e o g\u00eanio de Aladin), F\u00e1bio Lucindo (Zac Efron e Logan Lerman), Yuri Chesman (Jackson Stewart, da s\u00e9rie Hannah Montana, 2006-2011), Helio Ribeiro (Robert De Niro, Steve Martin e Coringa de 2019), Z\u00e9 da Viola (cantor das can\u00e7\u00f5es da saga Toy Story), Kika Trist\u00e3o (voz cantada das princesas da Disney), Rodrigo Rossi (cantor das can\u00e7\u00f5es de Dragon Ball Z Kai, Dragon Ball Super e Cavaleiros do Zod\u00edaco Lost Canvas), Taryn (Elsa de Frozen, 2013)\u00a0 e Mari Evangelista (Mirabel Madrigal, de Encanto, 2021).<\/p>\n<p style=\"text-align: justify;\">O Teatro Nathalia Timberg fica no Freeway Center \u2013 Av. das Am\u00e9ricas, 2000 \u2013 Barra da Tijuca, no Rio de Janeiro.<\/p>\n","protected":false},"excerpt":{"rendered":"<p>Evento tamb\u00e9m j\u00e1 tem uma lista com alguns nomes que estar\u00e3o no evento esse ano. A DublaCon 2022, conven\u00e7\u00e3o nacional de dublagem, acaba de ganhar data e local para acontecer. Depois de uma edi\u00e7\u00e3o digital em dezembro do ano passado, o evento acontecer\u00e1 presencialmente nos dias 26 e 27 de novembro, no Teatro Nathalia Timberg Em 2022, a atividade contar\u00e1 com tr\u00eas palcos para a realiza\u00e7\u00e3o de pain\u00e9is sobre dublagem, al\u00e9m dos espa\u00e7os business e de shows. O projeto \u00e9 idealizado pelo cineasta, ator, dublador e youtuber Ygor Guidoux. Em 2021, a DublaCon foi realizada durante 12h seguidas com v\u00e1rios pain\u00e9is que contaram com a presen\u00e7a de mais de 60 dubladores. Foram mais de 30 mil acessos no YouTube. No TikTok, que teve transmiss\u00e3o simult\u00e2nea, foi visto por mais de 90 mil acessos e mais de 1 milh\u00e3o de seguidores. At\u00e9 o momento os dubladores confirmados para o evento s\u00e3o: Marco Ribeiro (Tom Hanks e Robert Downey Jr.), Wirley Contaifer (Tom Holland na saga Homem-Aranha), Claudio Galvan (Pato Donald e F\u00e9lix Madrigal, de Encanto), M\u00e1rcio Sim\u00f5es (voz dos atores Will Smith, Robin Williams e Samuel L. Jackson) Mauro Ramos (voz do Pumba, de O Rei Le\u00e3o) Ma\u00edra G\u00f3es (voz da atriz Keira Knightley e da personagem Dory, de Procurando Nemo, 2003) Philippe Maia (voz dos atores Bradley Cooper e Ryan Reynolds) Jos\u00e9 (Slinky na saga Toy Story e o g\u00eanio de Aladin), F\u00e1bio Lucindo (Zac Efron e Logan Lerman), Yuri Chesman (Jackson Stewart, da s\u00e9rie Hannah Montana, 2006-2011), Helio Ribeiro (Robert De Niro, Steve Martin e Coringa de 2019), Z\u00e9 da Viola (cantor das can\u00e7\u00f5es da saga Toy Story), Kika Trist\u00e3o (voz cantada das princesas da Disney), Rodrigo Rossi (cantor das can\u00e7\u00f5es de Dragon Ball Z Kai, Dragon Ball Super e Cavaleiros do Zod\u00edaco Lost Canvas), Taryn (Elsa de Frozen, 2013)\u00a0 e Mari Evangelista (Mirabel Madrigal, de Encanto, 2021). O Teatro Nathalia Timberg fica no Freeway Center \u2013 Av. das Am\u00e9ricas, 2000 \u2013 Barra da Tijuca, no Rio de Janeiro.<\/p>\n","protected":false},"author":1,"featured_media":9121,"comment_status":"open","ping_status":"open","sticky":false,"template":"","format":"standard","meta":{"_monsterinsights_skip_tracking":false,"_monsterinsights_sitenote_active":false,"_monsterinsights_sitenote_note":"","_monsterinsights_sitenote_category":0,"footnotes":""},"categories":[21,13],"tags":[29,66],"class_list":["post-9120","post","type-post","status-publish","format-standard","has-post-thumbnail","hentry","category-acontece","category-noticias","tag-dubladores","tag-evento"],"yoast_head":"<!-- This site is optimized with the Yoast SEO plugin v26.1.1 - https:\/\/yoast.com\/wordpress\/plugins\/seo\/ -->\n<title>A Dublacon tem data e local confirmados. | DB - Dublagem Brasileira<\/title>\n<meta name=\"description\" content=\"Evento tamb\u00e9m j\u00e1 tem uma lista com alguns nomes que estar\u00e3o no evento esse ano.\" \/>\n<meta name=\"robots\" content=\"index, follow, max-snippet:-1, max-image-preview:large, max-video-preview:-1\" \/>\n<link rel=\"canonical\" href=\"https:\/\/dublagembrasileira.com.br\/?p=9120\" \/>\n<meta property=\"og:locale\" content=\"pt_BR\" \/>\n<meta property=\"og:type\" content=\"article\" \/>\n<meta property=\"og:title\" content=\"A Dublacon tem data e local confirmados. | DB - Dublagem Brasileira\" \/>\n<meta property=\"og:description\" content=\"Evento tamb\u00e9m j\u00e1 tem uma lista com alguns nomes que estar\u00e3o no evento esse ano.\" \/>\n<meta property=\"og:url\" content=\"https:\/\/dublagembrasileira.com.br\/?p=9120\" \/>\n<meta property=\"og:site_name\" content=\"DB - Dublagem Brasileira\" \/>\n<meta property=\"article:published_time\" content=\"2022-05-20T21:20:03+00:00\" \/>\n<meta property=\"article:modified_time\" content=\"2022-06-15T21:29:07+00:00\" \/>\n<meta property=\"og:image\" content=\"https:\/\/dublagembrasileira.com.br\/wp-content\/uploads\/2022\/06\/dublacon.jpg\" \/>\n\t<meta property=\"og:image:width\" content=\"704\" \/>\n\t<meta property=\"og:image:height\" content=\"496\" \/>\n\t<meta property=\"og:image:type\" content=\"image\/jpeg\" \/>\n<meta name=\"author\" content=\"Iza\u00edas Correia\" \/>\n<meta name=\"twitter:card\" content=\"summary_large_image\" \/>\n<meta name=\"twitter:label1\" content=\"Escrito por\" \/>\n\t<meta name=\"twitter:data1\" content=\"Iza\u00edas Correia\" \/>\n\t<meta name=\"twitter:label2\" content=\"Est. tempo de leitura\" \/>\n\t<meta name=\"twitter:data2\" content=\"2 minutos\" \/>\n<script type=\"application\/ld+json\" class=\"yoast-schema-graph\">{\"@context\":\"https:\/\/schema.org\",\"@graph\":[{\"@type\":\"Article\",\"@id\":\"https:\/\/dublagembrasileira.com.br\/?p=9120#article\",\"isPartOf\":{\"@id\":\"https:\/\/dublagembrasileira.com.br\/?p=9120\"},\"author\":{\"name\":\"Iza\u00edas Correia\",\"@id\":\"https:\/\/dublagembrasileira.com.br\/#\/schema\/person\/6298fd46a47d1ef447a90b2fc9f2b215\"},\"headline\":\"A Dublacon tem data e local confirmados.\",\"datePublished\":\"2022-05-20T21:20:03+00:00\",\"dateModified\":\"2022-06-15T21:29:07+00:00\",\"mainEntityOfPage\":{\"@id\":\"https:\/\/dublagembrasileira.com.br\/?p=9120\"},\"wordCount\":350,\"commentCount\":0,\"publisher\":{\"@id\":\"https:\/\/dublagembrasileira.com.br\/#organization\"},\"image\":{\"@id\":\"https:\/\/dublagembrasileira.com.br\/?p=9120#primaryimage\"},\"thumbnailUrl\":\"https:\/\/dublagembrasileira.com.br\/wp-content\/uploads\/2022\/06\/dublacon.jpg\",\"keywords\":[\"dubladores\",\"evento\"],\"articleSection\":[\"Acontece\",\"Not\u00edcias\"],\"inLanguage\":\"pt-BR\",\"potentialAction\":[{\"@type\":\"CommentAction\",\"name\":\"Comment\",\"target\":[\"https:\/\/dublagembrasileira.com.br\/?p=9120#respond\"]}]},{\"@type\":\"WebPage\",\"@id\":\"https:\/\/dublagembrasileira.com.br\/?p=9120\",\"url\":\"https:\/\/dublagembrasileira.com.br\/?p=9120\",\"name\":\"A Dublacon tem data e local confirmados. | DB - Dublagem Brasileira\",\"isPartOf\":{\"@id\":\"https:\/\/dublagembrasileira.com.br\/#website\"},\"primaryImageOfPage\":{\"@id\":\"https:\/\/dublagembrasileira.com.br\/?p=9120#primaryimage\"},\"image\":{\"@id\":\"https:\/\/dublagembrasileira.com.br\/?p=9120#primaryimage\"},\"thumbnailUrl\":\"https:\/\/dublagembrasileira.com.br\/wp-content\/uploads\/2022\/06\/dublacon.jpg\",\"datePublished\":\"2022-05-20T21:20:03+00:00\",\"dateModified\":\"2022-06-15T21:29:07+00:00\",\"description\":\"Evento tamb\u00e9m j\u00e1 tem uma lista com alguns nomes que estar\u00e3o no evento esse ano.\",\"breadcrumb\":{\"@id\":\"https:\/\/dublagembrasileira.com.br\/?p=9120#breadcrumb\"},\"inLanguage\":\"pt-BR\",\"potentialAction\":[{\"@type\":\"ReadAction\",\"target\":[\"https:\/\/dublagembrasileira.com.br\/?p=9120\"]}]},{\"@type\":\"ImageObject\",\"inLanguage\":\"pt-BR\",\"@id\":\"https:\/\/dublagembrasileira.com.br\/?p=9120#primaryimage\",\"url\":\"https:\/\/dublagembrasileira.com.br\/wp-content\/uploads\/2022\/06\/dublacon.jpg\",\"contentUrl\":\"https:\/\/dublagembrasileira.com.br\/wp-content\/uploads\/2022\/06\/dublacon.jpg\",\"width\":704,\"height\":496},{\"@type\":\"BreadcrumbList\",\"@id\":\"https:\/\/dublagembrasileira.com.br\/?p=9120#breadcrumb\",\"itemListElement\":[{\"@type\":\"ListItem\",\"position\":1,\"name\":\"In\u00edcio\",\"item\":\"https:\/\/dublagembrasileira.com.br\/\"},{\"@type\":\"ListItem\",\"position\":2,\"name\":\"A Dublacon tem data e local confirmados.\"}]},{\"@type\":\"WebSite\",\"@id\":\"https:\/\/dublagembrasileira.com.br\/#website\",\"url\":\"https:\/\/dublagembrasileira.com.br\/\",\"name\":\"DB - Dublagem Brasileira\",\"description\":\"O seu portal de dublagem.\",\"publisher\":{\"@id\":\"https:\/\/dublagembrasileira.com.br\/#organization\"},\"potentialAction\":[{\"@type\":\"SearchAction\",\"target\":{\"@type\":\"EntryPoint\",\"urlTemplate\":\"https:\/\/dublagembrasileira.com.br\/?s={search_term_string}\"},\"query-input\":{\"@type\":\"PropertyValueSpecification\",\"valueRequired\":true,\"valueName\":\"search_term_string\"}}],\"inLanguage\":\"pt-BR\"},{\"@type\":\"Organization\",\"@id\":\"https:\/\/dublagembrasileira.com.br\/#organization\",\"name\":\"DB - Dublagem Brasileira\",\"url\":\"https:\/\/dublagembrasileira.com.br\/\",\"logo\":{\"@type\":\"ImageObject\",\"inLanguage\":\"pt-BR\",\"@id\":\"https:\/\/dublagembrasileira.com.br\/#\/schema\/logo\/image\/\",\"url\":\"https:\/\/dublagembrasileira.com.br\/wp-content\/uploads\/2019\/07\/cropped-logotipodb.png\",\"contentUrl\":\"https:\/\/dublagembrasileira.com.br\/wp-content\/uploads\/2019\/07\/cropped-logotipodb.png\",\"width\":946,\"height\":589,\"caption\":\"DB - Dublagem Brasileira\"},\"image\":{\"@id\":\"https:\/\/dublagembrasileira.com.br\/#\/schema\/logo\/image\/\"}},{\"@type\":\"Person\",\"@id\":\"https:\/\/dublagembrasileira.com.br\/#\/schema\/person\/6298fd46a47d1ef447a90b2fc9f2b215\",\"name\":\"Iza\u00edas Correia\",\"image\":{\"@type\":\"ImageObject\",\"inLanguage\":\"pt-BR\",\"@id\":\"https:\/\/dublagembrasileira.com.br\/#\/schema\/person\/image\/\",\"url\":\"http:\/\/dublagembrasileira.com.br\/wp-content\/uploads\/2025\/06\/cropped-izaiascorreia-96x96.jpg\",\"contentUrl\":\"http:\/\/dublagembrasileira.com.br\/wp-content\/uploads\/2025\/06\/cropped-izaiascorreia-96x96.jpg\",\"caption\":\"Iza\u00edas Correia\"},\"description\":\"Professor, roteirista e web-designer, respons\u00e1vel pelo site InfanTv. Tamb\u00e9m \u00e9 pesquisador da dublagem brasileira.\",\"url\":\"https:\/\/dublagembrasileira.com.br\/?author=1\"}]}<\/script>\n<!-- \/ Yoast SEO plugin. -->","yoast_head_json":{"title":"A Dublacon tem data e local confirmados. | DB - Dublagem Brasileira","description":"Evento tamb\u00e9m j\u00e1 tem uma lista com alguns nomes que estar\u00e3o no evento esse ano.","robots":{"index":"index","follow":"follow","max-snippet":"max-snippet:-1","max-image-preview":"max-image-preview:large","max-video-preview":"max-video-preview:-1"},"canonical":"https:\/\/dublagembrasileira.com.br\/?p=9120","og_locale":"pt_BR","og_type":"article","og_title":"A Dublacon tem data e local confirmados. | DB - Dublagem Brasileira","og_description":"Evento tamb\u00e9m j\u00e1 tem uma lista com alguns nomes que estar\u00e3o no evento esse ano.","og_url":"https:\/\/dublagembrasileira.com.br\/?p=9120","og_site_name":"DB - Dublagem Brasileira","article_published_time":"2022-05-20T21:20:03+00:00","article_modified_time":"2022-06-15T21:29:07+00:00","og_image":[{"width":704,"height":496,"url":"https:\/\/dublagembrasileira.com.br\/wp-content\/uploads\/2022\/06\/dublacon.jpg","type":"image\/jpeg"}],"author":"Iza\u00edas Correia","twitter_card":"summary_large_image","twitter_misc":{"Escrito por":"Iza\u00edas Correia","Est. tempo de leitura":"2 minutos"},"schema":{"@context":"https:\/\/schema.org","@graph":[{"@type":"Article","@id":"https:\/\/dublagembrasileira.com.br\/?p=9120#article","isPartOf":{"@id":"https:\/\/dublagembrasileira.com.br\/?p=9120"},"author":{"name":"Iza\u00edas Correia","@id":"https:\/\/dublagembrasileira.com.br\/#\/schema\/person\/6298fd46a47d1ef447a90b2fc9f2b215"},"headline":"A Dublacon tem data e local confirmados.","datePublished":"2022-05-20T21:20:03+00:00","dateModified":"2022-06-15T21:29:07+00:00","mainEntityOfPage":{"@id":"https:\/\/dublagembrasileira.com.br\/?p=9120"},"wordCount":350,"commentCount":0,"publisher":{"@id":"https:\/\/dublagembrasileira.com.br\/#organization"},"image":{"@id":"https:\/\/dublagembrasileira.com.br\/?p=9120#primaryimage"},"thumbnailUrl":"https:\/\/dublagembrasileira.com.br\/wp-content\/uploads\/2022\/06\/dublacon.jpg","keywords":["dubladores","evento"],"articleSection":["Acontece","Not\u00edcias"],"inLanguage":"pt-BR","potentialAction":[{"@type":"CommentAction","name":"Comment","target":["https:\/\/dublagembrasileira.com.br\/?p=9120#respond"]}]},{"@type":"WebPage","@id":"https:\/\/dublagembrasileira.com.br\/?p=9120","url":"https:\/\/dublagembrasileira.com.br\/?p=9120","name":"A Dublacon tem data e local confirmados. | DB - Dublagem Brasileira","isPartOf":{"@id":"https:\/\/dublagembrasileira.com.br\/#website"},"primaryImageOfPage":{"@id":"https:\/\/dublagembrasileira.com.br\/?p=9120#primaryimage"},"image":{"@id":"https:\/\/dublagembrasileira.com.br\/?p=9120#primaryimage"},"thumbnailUrl":"https:\/\/dublagembrasileira.com.br\/wp-content\/uploads\/2022\/06\/dublacon.jpg","datePublished":"2022-05-20T21:20:03+00:00","dateModified":"2022-06-15T21:29:07+00:00","description":"Evento tamb\u00e9m j\u00e1 tem uma lista com alguns nomes que estar\u00e3o no evento esse ano.","breadcrumb":{"@id":"https:\/\/dublagembrasileira.com.br\/?p=9120#breadcrumb"},"inLanguage":"pt-BR","potentialAction":[{"@type":"ReadAction","target":["https:\/\/dublagembrasileira.com.br\/?p=9120"]}]},{"@type":"ImageObject","inLanguage":"pt-BR","@id":"https:\/\/dublagembrasileira.com.br\/?p=9120#primaryimage","url":"https:\/\/dublagembrasileira.com.br\/wp-content\/uploads\/2022\/06\/dublacon.jpg","contentUrl":"https:\/\/dublagembrasileira.com.br\/wp-content\/uploads\/2022\/06\/dublacon.jpg","width":704,"height":496},{"@type":"BreadcrumbList","@id":"https:\/\/dublagembrasileira.com.br\/?p=9120#breadcrumb","itemListElement":[{"@type":"ListItem","position":1,"name":"In\u00edcio","item":"https:\/\/dublagembrasileira.com.br\/"},{"@type":"ListItem","position":2,"name":"A Dublacon tem data e local confirmados."}]},{"@type":"WebSite","@id":"https:\/\/dublagembrasileira.com.br\/#website","url":"https:\/\/dublagembrasileira.com.br\/","name":"DB - Dublagem Brasileira","description":"O seu portal de dublagem.","publisher":{"@id":"https:\/\/dublagembrasileira.com.br\/#organization"},"potentialAction":[{"@type":"SearchAction","target":{"@type":"EntryPoint","urlTemplate":"https:\/\/dublagembrasileira.com.br\/?s={search_term_string}"},"query-input":{"@type":"PropertyValueSpecification","valueRequired":true,"valueName":"search_term_string"}}],"inLanguage":"pt-BR"},{"@type":"Organization","@id":"https:\/\/dublagembrasileira.com.br\/#organization","name":"DB - Dublagem Brasileira","url":"https:\/\/dublagembrasileira.com.br\/","logo":{"@type":"ImageObject","inLanguage":"pt-BR","@id":"https:\/\/dublagembrasileira.com.br\/#\/schema\/logo\/image\/","url":"https:\/\/dublagembrasileira.com.br\/wp-content\/uploads\/2019\/07\/cropped-logotipodb.png","contentUrl":"https:\/\/dublagembrasileira.com.br\/wp-content\/uploads\/2019\/07\/cropped-logotipodb.png","width":946,"height":589,"caption":"DB - Dublagem Brasileira"},"image":{"@id":"https:\/\/dublagembrasileira.com.br\/#\/schema\/logo\/image\/"}},{"@type":"Person","@id":"https:\/\/dublagembrasileira.com.br\/#\/schema\/person\/6298fd46a47d1ef447a90b2fc9f2b215","name":"Iza\u00edas Correia","image":{"@type":"ImageObject","inLanguage":"pt-BR","@id":"https:\/\/dublagembrasileira.com.br\/#\/schema\/person\/image\/","url":"http:\/\/dublagembrasileira.com.br\/wp-content\/uploads\/2025\/06\/cropped-izaiascorreia-96x96.jpg","contentUrl":"http:\/\/dublagembrasileira.com.br\/wp-content\/uploads\/2025\/06\/cropped-izaiascorreia-96x96.jpg","caption":"Iza\u00edas Correia"},"description":"Professor, roteirista e web-designer, respons\u00e1vel pelo site InfanTv. Tamb\u00e9m \u00e9 pesquisador da dublagem brasileira.","url":"https:\/\/dublagembrasileira.com.br\/?author=1"}]}},"rttpg_featured_image_url":{"full":["https:\/\/dublagembrasileira.com.br\/wp-content\/uploads\/2022\/06\/dublacon.jpg",704,496,false],"landscape":["https:\/\/dublagembrasileira.com.br\/wp-content\/uploads\/2022\/06\/dublacon.jpg",704,496,false],"portraits":["https:\/\/dublagembrasileira.com.br\/wp-content\/uploads\/2022\/06\/dublacon.jpg",704,496,false],"thumbnail":["https:\/\/dublagembrasileira.com.br\/wp-content\/uploads\/2022\/06\/dublacon-150x150.jpg",150,150,true],"medium":["https:\/\/dublagembrasileira.com.br\/wp-content\/uploads\/2022\/06\/dublacon-300x211.jpg",300,211,true],"large":["https:\/\/dublagembrasileira.com.br\/wp-content\/uploads\/2022\/06\/dublacon.jpg",640,451,false],"1536x1536":["https:\/\/dublagembrasileira.com.br\/wp-content\/uploads\/2022\/06\/dublacon.jpg",704,496,false],"2048x2048":["https:\/\/dublagembrasileira.com.br\/wp-content\/uploads\/2022\/06\/dublacon.jpg",704,496,false],"eggnews-slider-large":["https:\/\/dublagembrasileira.com.br\/wp-content\/uploads\/2022\/06\/dublacon.jpg",704,496,false],"eggnews-featured-medium":["https:\/\/dublagembrasileira.com.br\/wp-content\/uploads\/2022\/06\/dublacon-420x307.jpg",420,307,true],"eggnews-featured-long":["https:\/\/dublagembrasileira.com.br\/wp-content\/uploads\/2022\/06\/dublacon-300x443.jpg",300,443,true],"eggnews-block-medium":["https:\/\/dublagembrasileira.com.br\/wp-content\/uploads\/2022\/06\/dublacon-464x290.jpg",464,290,true],"eggnews-carousel-image":["https:\/\/dublagembrasileira.com.br\/wp-content\/uploads\/2022\/06\/dublacon-600x496.jpg",600,496,true],"eggnews-block-thumb":["https:\/\/dublagembrasileira.com.br\/wp-content\/uploads\/2022\/06\/dublacon-322x230.jpg",322,230,true],"eggnews-single-large":["https:\/\/dublagembrasileira.com.br\/wp-content\/uploads\/2022\/06\/dublacon.jpg",704,496,false],"crp_thumbnail":["https:\/\/dublagembrasileira.com.br\/wp-content\/uploads\/2022\/06\/dublacon-150x150.jpg",150,150,true]},"rttpg_author":{"display_name":"Iza\u00edas Correia","author_link":"https:\/\/dublagembrasileira.com.br\/?author=1"},"rttpg_comment":0,"rttpg_category":"<a href=\"https:\/\/dublagembrasileira.com.br\/?cat=21\" rel=\"category\">Acontece<\/a> <a href=\"https:\/\/dublagembrasileira.com.br\/?cat=13\" rel=\"category\">Not\u00edcias<\/a>","rttpg_excerpt":"Evento tamb\u00e9m j\u00e1 tem uma lista com alguns nomes que estar\u00e3o no evento esse ano. A DublaCon 2022, conven\u00e7\u00e3o nacional de dublagem, acaba de ganhar data e local para acontecer. Depois de uma edi\u00e7\u00e3o digital em dezembro do ano passado, o evento acontecer\u00e1 presencialmente nos dias 26 e 27 de novembro, no Teatro Nathalia Timberg&hellip;","_links":{"self":[{"href":"https:\/\/dublagembrasileira.com.br\/index.php?rest_route=\/wp\/v2\/posts\/9120","targetHints":{"allow":["GET"]}}],"collection":[{"href":"https:\/\/dublagembrasileira.com.br\/index.php?rest_route=\/wp\/v2\/posts"}],"about":[{"href":"https:\/\/dublagembrasileira.com.br\/index.php?rest_route=\/wp\/v2\/types\/post"}],"author":[{"embeddable":true,"href":"https:\/\/dublagembrasileira.com.br\/index.php?rest_route=\/wp\/v2\/users\/1"}],"replies":[{"embeddable":true,"href":"https:\/\/dublagembrasileira.com.br\/index.php?rest_route=%2Fwp%2Fv2%2Fcomments&post=9120"}],"version-history":[{"count":1,"href":"https:\/\/dublagembrasileira.com.br\/index.php?rest_route=\/wp\/v2\/posts\/9120\/revisions"}],"predecessor-version":[{"id":9122,"href":"https:\/\/dublagembrasileira.com.br\/index.php?rest_route=\/wp\/v2\/posts\/9120\/revisions\/9122"}],"wp:featuredmedia":[{"embeddable":true,"href":"https:\/\/dublagembrasileira.com.br\/index.php?rest_route=\/wp\/v2\/media\/9121"}],"wp:attachment":[{"href":"https:\/\/dublagembrasileira.com.br\/index.php?rest_route=%2Fwp%2Fv2%2Fmedia&parent=9120"}],"wp:term":[{"taxonomy":"category","embeddable":true,"href":"https:\/\/dublagembrasileira.com.br\/index.php?rest_route=%2Fwp%2Fv2%2Fcategories&post=9120"},{"taxonomy":"post_tag","embeddable":true,"href":"https:\/\/dublagembrasileira.com.br\/index.php?rest_route=%2Fwp%2Fv2%2Ftags&post=9120"}],"curies":[{"name":"wp","href":"https:\/\/api.w.org\/{rel}","templated":true}]}}