{"id":9108,"date":"2022-06-15T21:18:56","date_gmt":"2022-06-15T21:18:56","guid":{"rendered":"https:\/\/dublagembrasileira.com.br\/?p=9108"},"modified":"2022-06-15T21:18:56","modified_gmt":"2022-06-15T21:18:56","slug":"confira-o-elenco-brasileiro-de-vozes-de-lightyear","status":"publish","type":"post","link":"https:\/\/dublagembrasileira.com.br\/?p=9108","title":{"rendered":"Confira o elenco brasileiro de vozes de Lightyear."},"content":{"rendered":"<h4 style=\"text-align: justify;\"><em>Anima\u00e7\u00e3o estreia no dia 17 de junho com Marcos Mion encabe\u00e7ando o elenco de dublagem.<\/em><\/h4>\n<hr \/>\n<p style=\"text-align: justify;\">No pr\u00f3ximo dia 17 estreia a nova anima\u00e7\u00e3o da Pixar, <strong>Lightyear,<\/strong> trazendo\u00a0a hist\u00f3ria de origem definitiva do her\u00f3i que inspirou o boneco, apresentando o explorador do espa\u00e7o que ganharia uma legi\u00e3o de f\u00e3s.<\/p>\n<p style=\"text-align: justify;\">Se juntam ao her\u00f3i um grupo de recrutas ambiciosos e Sox, o gato-rob\u00f4. O patrulheiro se v\u00ea em uma situa\u00e7\u00e3o ainda mais complicada quando Zurg e seu ex\u00e9rcito de rob\u00f4s impiedosos chegam no planeta com uma miss\u00e3o misteriosa.<\/p>\n<p style=\"text-align: justify;\"><strong>Lightyear<\/strong>\u00a0\u00e9 dirigido por\u00a0Angus MacLane, animador da Pixar que co-dirigiu <strong>Procurando Dory,<\/strong> al\u00e9m de curtas de <strong>Toy Story<\/strong>.<\/p>\n<p>Assim como j\u00e1 foi noticiado aqui, a voz brasileira do protagonista n\u00e3o ser\u00e1 de Gulilherme Briggs e sim do apresentador da Globo, Marcos Mion, o que <a href=\"https:\/\/dublagembrasileira.com.br\/?p=9047\">gerou algumas manifesta\u00e7\u00f5es<\/a> negativas dos f\u00e3s.<\/p>\n<p style=\"text-align: center;\"><strong>CONFIRA ABAIXO O ELENCO DE DUBLAGEM:<\/strong><\/p>\n<hr \/>\n<table style=\"border-width: 0px; height: 32px;\" width=\"602\">\n<tbody>\n<tr>\n<td style=\"border-style: none; border-width: medium; text-align: center;\"><img fetchpriority=\"high\" decoding=\"async\" class=\"aligncenter wp-image-195 size-full\" src=\"http:\/\/dublagembrasileira.com.br\/wp-content\/uploads\/2022\/06\/buzz.jpg\" alt=\"\" width=\"210\" height=\"240\" \/><\/td>\n<td style=\"border-style: none; border-width: medium; text-align: center;\"><img decoding=\"async\" class=\"aligncenter wp-image-196 size-full lazyload\" data-src=\"http:\/\/dublagembrasileira.com.br\/wp-content\/uploads\/2022\/06\/marcosmion.jpg\" alt=\"\" width=\"210\" height=\"240\" src=\"data:image\/svg+xml;base64,PHN2ZyB3aWR0aD0iMSIgaGVpZ2h0PSIxIiB4bWxucz0iaHR0cDovL3d3dy53My5vcmcvMjAwMC9zdmciPjwvc3ZnPg==\" style=\"--smush-placeholder-width: 210px; --smush-placeholder-aspect-ratio: 210\/240;\" \/><\/td>\n<\/tr>\n<tr>\n<td style=\"border-style: none; border-width: medium; text-align: center;\">Buzz Lightyear<\/td>\n<td style=\"border-style: none; border-width: medium; text-align: center;\">Marcos Mion<\/td>\n<\/tr>\n<\/tbody>\n<\/table>\n<hr \/>\n<table style=\"border-width: 0px; height: 32px;\" width=\"602\">\n<tbody>\n<tr>\n<td style=\"border-style: none; border-width: medium; text-align: center;\"><img decoding=\"async\" class=\"aligncenter wp-image-195 size-full lazyload\" data-src=\"http:\/\/dublagembrasileira.com.br\/wp-content\/uploads\/2022\/06\/sox.jpg\" alt=\"\" width=\"210\" height=\"240\" src=\"data:image\/svg+xml;base64,PHN2ZyB3aWR0aD0iMSIgaGVpZ2h0PSIxIiB4bWxucz0iaHR0cDovL3d3dy53My5vcmcvMjAwMC9zdmciPjwvc3ZnPg==\" style=\"--smush-placeholder-width: 210px; --smush-placeholder-aspect-ratio: 210\/240;\" \/><\/td>\n<td style=\"border-style: none; border-width: medium; text-align: center;\"><img decoding=\"async\" class=\"aligncenter wp-image-196 size-full lazyload\" data-src=\"http:\/\/dublagembrasileira.com.br\/wp-content\/uploads\/2019\/07\/cesar-marchetti.jpg\" alt=\"\" width=\"210\" height=\"240\" src=\"data:image\/svg+xml;base64,PHN2ZyB3aWR0aD0iMSIgaGVpZ2h0PSIxIiB4bWxucz0iaHR0cDovL3d3dy53My5vcmcvMjAwMC9zdmciPjwvc3ZnPg==\" style=\"--smush-placeholder-width: 210px; --smush-placeholder-aspect-ratio: 210\/240;\" \/><\/td>\n<\/tr>\n<tr>\n<td style=\"border-style: none; border-width: medium; text-align: center;\">Sox<\/td>\n<td style=\"border-style: none; border-width: medium; text-align: center;\">C\u00e9sar Marchetti<\/td>\n<\/tr>\n<\/tbody>\n<\/table>\n<hr \/>\n<table style=\"border-width: 0px; height: 32px;\" width=\"602\">\n<tbody>\n<tr>\n<td style=\"border-style: none; border-width: medium; text-align: center;\"><img decoding=\"async\" class=\"aligncenter wp-image-195 size-full lazyload\" data-src=\"http:\/\/dublagembrasileira.com.br\/wp-content\/uploads\/2022\/06\/Izzy_Hawthorne.jpg\" alt=\"\" width=\"210\" height=\"240\" src=\"data:image\/svg+xml;base64,PHN2ZyB3aWR0aD0iMSIgaGVpZ2h0PSIxIiB4bWxucz0iaHR0cDovL3d3dy53My5vcmcvMjAwMC9zdmciPjwvc3ZnPg==\" style=\"--smush-placeholder-width: 210px; --smush-placeholder-aspect-ratio: 210\/240;\" \/><\/td>\n<td style=\"border-style: none; border-width: medium; text-align: center;\"><img decoding=\"async\" class=\"aligncenter wp-image-196 size-full lazyload\" data-src=\"https:\/\/dublagembrasileira.com.br\/wp-content\/uploads\/2020\/01\/florapaulita.jpg\" alt=\"\" width=\"210\" height=\"240\" src=\"data:image\/svg+xml;base64,PHN2ZyB3aWR0aD0iMSIgaGVpZ2h0PSIxIiB4bWxucz0iaHR0cDovL3d3dy53My5vcmcvMjAwMC9zdmciPjwvc3ZnPg==\" style=\"--smush-placeholder-width: 210px; --smush-placeholder-aspect-ratio: 210\/240;\" \/><\/td>\n<\/tr>\n<tr>\n<td style=\"border-style: none; border-width: medium; text-align: center;\">Izzy Hawthorne<\/td>\n<td style=\"border-style: none; border-width: medium; text-align: center;\">Flora Paulita<\/td>\n<\/tr>\n<\/tbody>\n<\/table>\n<hr \/>\n<table style=\"border-width: 0px; height: 32px;\" width=\"602\">\n<tbody>\n<tr>\n<td style=\"border-style: none; border-width: medium; text-align: center;\"><img decoding=\"async\" class=\"aligncenter wp-image-195 size-full lazyload\" data-src=\"http:\/\/dublagembrasileira.com.br\/wp-content\/uploads\/2022\/06\/Mo_Morisson.jpg\" alt=\"\" width=\"210\" height=\"240\" src=\"data:image\/svg+xml;base64,PHN2ZyB3aWR0aD0iMSIgaGVpZ2h0PSIxIiB4bWxucz0iaHR0cDovL3d3dy53My5vcmcvMjAwMC9zdmciPjwvc3ZnPg==\" style=\"--smush-placeholder-width: 210px; --smush-placeholder-aspect-ratio: 210\/240;\" \/><\/td>\n<td style=\"border-style: none; border-width: medium; text-align: center;\"><img decoding=\"async\" class=\"aligncenter wp-image-196 size-full lazyload\" data-src=\"http:\/\/dublagembrasileira.com.br\/wp-content\/uploads\/2022\/06\/henriquereis.jpg\" alt=\"\" width=\"210\" height=\"240\" src=\"data:image\/svg+xml;base64,PHN2ZyB3aWR0aD0iMSIgaGVpZ2h0PSIxIiB4bWxucz0iaHR0cDovL3d3dy53My5vcmcvMjAwMC9zdmciPjwvc3ZnPg==\" style=\"--smush-placeholder-width: 210px; --smush-placeholder-aspect-ratio: 210\/240;\" \/><\/td>\n<\/tr>\n<tr>\n<td style=\"border-style: none; border-width: medium; text-align: center;\">Mo Morisson<\/td>\n<td style=\"border-style: none; border-width: medium; text-align: center;\">Henrique Reis<\/td>\n<\/tr>\n<\/tbody>\n<\/table>\n<hr \/>\n<table style=\"border-width: 0px; height: 32px;\" width=\"602\">\n<tbody>\n<tr>\n<td style=\"border-style: none; border-width: medium; text-align: center;\"><img decoding=\"async\" class=\"aligncenter wp-image-195 size-full lazyload\" data-src=\"http:\/\/dublagembrasileira.com.br\/wp-content\/uploads\/2022\/06\/Darby_Steel.jpg\" alt=\"\" width=\"210\" height=\"240\" src=\"data:image\/svg+xml;base64,PHN2ZyB3aWR0aD0iMSIgaGVpZ2h0PSIxIiB4bWxucz0iaHR0cDovL3d3dy53My5vcmcvMjAwMC9zdmciPjwvc3ZnPg==\" style=\"--smush-placeholder-width: 210px; --smush-placeholder-aspect-ratio: 210\/240;\" \/><\/td>\n<td style=\"border-style: none; border-width: medium; text-align: center;\"><img decoding=\"async\" class=\"aligncenter wp-image-196 size-full lazyload\" data-src=\"http:\/\/dublagembrasileira.com.br\/wp-content\/uploads\/2020\/04\/luciaazevedo.jpg\" alt=\"\" width=\"210\" height=\"240\" src=\"data:image\/svg+xml;base64,PHN2ZyB3aWR0aD0iMSIgaGVpZ2h0PSIxIiB4bWxucz0iaHR0cDovL3d3dy53My5vcmcvMjAwMC9zdmciPjwvc3ZnPg==\" style=\"--smush-placeholder-width: 210px; --smush-placeholder-aspect-ratio: 210\/240;\" \/><\/td>\n<\/tr>\n<tr>\n<td style=\"border-style: none; border-width: medium; text-align: center;\">Darby Steel<\/td>\n<td style=\"border-style: none; border-width: medium; text-align: center;\">L\u00facia Helena Azevedo<\/td>\n<\/tr>\n<\/tbody>\n<\/table>\n<hr \/>\n<table style=\"border-width: 0px; height: 32px;\" width=\"602\">\n<tbody>\n<tr>\n<td style=\"border-style: none; border-width: medium; text-align: center;\"><img decoding=\"async\" class=\"aligncenter wp-image-195 size-full lazyload\" data-src=\"http:\/\/dublagembrasileira.com.br\/wp-content\/uploads\/2022\/06\/Alisha_Hawthorne.jpg\" alt=\"\" width=\"210\" height=\"240\" src=\"data:image\/svg+xml;base64,PHN2ZyB3aWR0aD0iMSIgaGVpZ2h0PSIxIiB4bWxucz0iaHR0cDovL3d3dy53My5vcmcvMjAwMC9zdmciPjwvc3ZnPg==\" style=\"--smush-placeholder-width: 210px; --smush-placeholder-aspect-ratio: 210\/240;\" \/><\/td>\n<td style=\"border-style: none; border-width: medium; text-align: center;\"><img decoding=\"async\" class=\"aligncenter wp-image-196 size-full lazyload\" data-src=\"http:\/\/dublagembrasileira.com.br\/wp-content\/uploads\/2019\/07\/adrianapissardini.jpg\" alt=\"\" width=\"210\" height=\"240\" src=\"data:image\/svg+xml;base64,PHN2ZyB3aWR0aD0iMSIgaGVpZ2h0PSIxIiB4bWxucz0iaHR0cDovL3d3dy53My5vcmcvMjAwMC9zdmciPjwvc3ZnPg==\" style=\"--smush-placeholder-width: 210px; --smush-placeholder-aspect-ratio: 210\/240;\" \/><\/td>\n<\/tr>\n<tr>\n<td style=\"border-style: none; border-width: medium; text-align: center;\">Alisha Hawthorne<\/td>\n<td style=\"border-style: none; border-width: medium; text-align: center;\">Adriana Pissardini<\/td>\n<\/tr>\n<\/tbody>\n<\/table>\n<hr \/>\n","protected":false},"excerpt":{"rendered":"<p>Anima\u00e7\u00e3o estreia no dia 17 de junho com Marcos Mion encabe\u00e7ando o elenco de dublagem. No pr\u00f3ximo dia 17 estreia a nova anima\u00e7\u00e3o da Pixar, Lightyear, trazendo\u00a0a hist\u00f3ria de origem definitiva do her\u00f3i que inspirou o boneco, apresentando o explorador do espa\u00e7o que ganharia uma legi\u00e3o de f\u00e3s. Se juntam ao her\u00f3i um grupo de recrutas ambiciosos e Sox, o gato-rob\u00f4. O patrulheiro se v\u00ea em uma situa\u00e7\u00e3o ainda mais complicada quando Zurg e seu ex\u00e9rcito de rob\u00f4s impiedosos chegam no planeta com uma miss\u00e3o misteriosa. Lightyear\u00a0\u00e9 dirigido por\u00a0Angus MacLane, animador da Pixar que co-dirigiu Procurando Dory, al\u00e9m de curtas de Toy Story. Assim como j\u00e1 foi noticiado aqui, a voz brasileira do protagonista n\u00e3o ser\u00e1 de Gulilherme Briggs e sim do apresentador da Globo, Marcos Mion, o que gerou algumas manifesta\u00e7\u00f5es negativas dos f\u00e3s. CONFIRA ABAIXO O ELENCO DE DUBLAGEM: Buzz Lightyear Marcos Mion Sox C\u00e9sar Marchetti Izzy Hawthorne Flora Paulita Mo Morisson Henrique Reis Darby Steel L\u00facia Helena Azevedo Alisha Hawthorne Adriana Pissardini<\/p>\n","protected":false},"author":1,"featured_media":9118,"comment_status":"open","ping_status":"open","sticky":false,"template":"","format":"standard","meta":{"_monsterinsights_skip_tracking":false,"_monsterinsights_sitenote_active":false,"_monsterinsights_sitenote_note":"","_monsterinsights_sitenote_category":0,"footnotes":""},"categories":[7,4,188,13],"tags":[32,38,26,33,29,195],"class_list":["post-9108","post","type-post","status-publish","format-standard","has-post-thumbnail","hentry","category-cinema","category-desenhos","category-elenco-de-dublagem","category-noticias","tag-animacao","tag-cinema","tag-desenho","tag-dublador","tag-dubladores","tag-elenco"],"yoast_head":"<!-- This site is optimized with the Yoast SEO plugin v26.1.1 - https:\/\/yoast.com\/wordpress\/plugins\/seo\/ -->\n<title>Confira o elenco brasileiro de vozes de Lightyear. | DB - Dublagem Brasileira<\/title>\n<meta name=\"description\" content=\"Anima\u00e7\u00e3o estreia no dia 17 de junho com Marcos Mion encabe\u00e7ando o elenco de dublagem.\" \/>\n<meta name=\"robots\" content=\"index, follow, max-snippet:-1, max-image-preview:large, max-video-preview:-1\" \/>\n<link rel=\"canonical\" href=\"https:\/\/dublagembrasileira.com.br\/?p=9108\" \/>\n<meta property=\"og:locale\" content=\"pt_BR\" \/>\n<meta property=\"og:type\" content=\"article\" \/>\n<meta property=\"og:title\" content=\"Confira o elenco brasileiro de vozes de Lightyear. | DB - Dublagem Brasileira\" \/>\n<meta property=\"og:description\" content=\"Anima\u00e7\u00e3o estreia no dia 17 de junho com Marcos Mion encabe\u00e7ando o elenco de dublagem.\" \/>\n<meta property=\"og:url\" content=\"https:\/\/dublagembrasileira.com.br\/?p=9108\" \/>\n<meta property=\"og:site_name\" content=\"DB - Dublagem Brasileira\" \/>\n<meta property=\"article:published_time\" content=\"2022-06-15T21:18:56+00:00\" \/>\n<meta property=\"og:image\" content=\"https:\/\/dublagembrasileira.com.br\/wp-content\/uploads\/2022\/06\/lightyear_mion.jpg\" \/>\n\t<meta property=\"og:image:width\" content=\"704\" \/>\n\t<meta property=\"og:image:height\" content=\"496\" \/>\n\t<meta property=\"og:image:type\" content=\"image\/jpeg\" \/>\n<meta name=\"author\" content=\"Iza\u00edas Correia\" \/>\n<meta name=\"twitter:card\" content=\"summary_large_image\" \/>\n<meta name=\"twitter:label1\" content=\"Escrito por\" \/>\n\t<meta name=\"twitter:data1\" content=\"Iza\u00edas Correia\" \/>\n\t<meta name=\"twitter:label2\" content=\"Est. tempo de leitura\" \/>\n\t<meta name=\"twitter:data2\" content=\"1 minuto\" \/>\n<script type=\"application\/ld+json\" class=\"yoast-schema-graph\">{\"@context\":\"https:\/\/schema.org\",\"@graph\":[{\"@type\":\"Article\",\"@id\":\"https:\/\/dublagembrasileira.com.br\/?p=9108#article\",\"isPartOf\":{\"@id\":\"https:\/\/dublagembrasileira.com.br\/?p=9108\"},\"author\":{\"name\":\"Iza\u00edas Correia\",\"@id\":\"https:\/\/dublagembrasileira.com.br\/#\/schema\/person\/6298fd46a47d1ef447a90b2fc9f2b215\"},\"headline\":\"Confira o elenco brasileiro de vozes de Lightyear.\",\"datePublished\":\"2022-06-15T21:18:56+00:00\",\"mainEntityOfPage\":{\"@id\":\"https:\/\/dublagembrasileira.com.br\/?p=9108\"},\"wordCount\":193,\"commentCount\":0,\"publisher\":{\"@id\":\"https:\/\/dublagembrasileira.com.br\/#organization\"},\"image\":{\"@id\":\"https:\/\/dublagembrasileira.com.br\/?p=9108#primaryimage\"},\"thumbnailUrl\":\"https:\/\/dublagembrasileira.com.br\/wp-content\/uploads\/2022\/06\/lightyear_mion.jpg\",\"keywords\":[\"anima\u00e7\u00e3o\",\"cinema\",\"desenho\",\"dublador\",\"dubladores\",\"elenco\"],\"articleSection\":[\"Cinema\",\"Desenhos\",\"Elenco de Dublagem\",\"Not\u00edcias\"],\"inLanguage\":\"pt-BR\",\"potentialAction\":[{\"@type\":\"CommentAction\",\"name\":\"Comment\",\"target\":[\"https:\/\/dublagembrasileira.com.br\/?p=9108#respond\"]}]},{\"@type\":\"WebPage\",\"@id\":\"https:\/\/dublagembrasileira.com.br\/?p=9108\",\"url\":\"https:\/\/dublagembrasileira.com.br\/?p=9108\",\"name\":\"Confira o elenco brasileiro de vozes de Lightyear. | DB - Dublagem Brasileira\",\"isPartOf\":{\"@id\":\"https:\/\/dublagembrasileira.com.br\/#website\"},\"primaryImageOfPage\":{\"@id\":\"https:\/\/dublagembrasileira.com.br\/?p=9108#primaryimage\"},\"image\":{\"@id\":\"https:\/\/dublagembrasileira.com.br\/?p=9108#primaryimage\"},\"thumbnailUrl\":\"https:\/\/dublagembrasileira.com.br\/wp-content\/uploads\/2022\/06\/lightyear_mion.jpg\",\"datePublished\":\"2022-06-15T21:18:56+00:00\",\"description\":\"Anima\u00e7\u00e3o estreia no dia 17 de junho com Marcos Mion encabe\u00e7ando o elenco de dublagem.\",\"breadcrumb\":{\"@id\":\"https:\/\/dublagembrasileira.com.br\/?p=9108#breadcrumb\"},\"inLanguage\":\"pt-BR\",\"potentialAction\":[{\"@type\":\"ReadAction\",\"target\":[\"https:\/\/dublagembrasileira.com.br\/?p=9108\"]}]},{\"@type\":\"ImageObject\",\"inLanguage\":\"pt-BR\",\"@id\":\"https:\/\/dublagembrasileira.com.br\/?p=9108#primaryimage\",\"url\":\"https:\/\/dublagembrasileira.com.br\/wp-content\/uploads\/2022\/06\/lightyear_mion.jpg\",\"contentUrl\":\"https:\/\/dublagembrasileira.com.br\/wp-content\/uploads\/2022\/06\/lightyear_mion.jpg\",\"width\":704,\"height\":496},{\"@type\":\"BreadcrumbList\",\"@id\":\"https:\/\/dublagembrasileira.com.br\/?p=9108#breadcrumb\",\"itemListElement\":[{\"@type\":\"ListItem\",\"position\":1,\"name\":\"In\u00edcio\",\"item\":\"https:\/\/dublagembrasileira.com.br\/\"},{\"@type\":\"ListItem\",\"position\":2,\"name\":\"Confira o elenco brasileiro de vozes de Lightyear.\"}]},{\"@type\":\"WebSite\",\"@id\":\"https:\/\/dublagembrasileira.com.br\/#website\",\"url\":\"https:\/\/dublagembrasileira.com.br\/\",\"name\":\"DB - Dublagem Brasileira\",\"description\":\"O seu portal de dublagem.\",\"publisher\":{\"@id\":\"https:\/\/dublagembrasileira.com.br\/#organization\"},\"potentialAction\":[{\"@type\":\"SearchAction\",\"target\":{\"@type\":\"EntryPoint\",\"urlTemplate\":\"https:\/\/dublagembrasileira.com.br\/?s={search_term_string}\"},\"query-input\":{\"@type\":\"PropertyValueSpecification\",\"valueRequired\":true,\"valueName\":\"search_term_string\"}}],\"inLanguage\":\"pt-BR\"},{\"@type\":\"Organization\",\"@id\":\"https:\/\/dublagembrasileira.com.br\/#organization\",\"name\":\"DB - Dublagem Brasileira\",\"url\":\"https:\/\/dublagembrasileira.com.br\/\",\"logo\":{\"@type\":\"ImageObject\",\"inLanguage\":\"pt-BR\",\"@id\":\"https:\/\/dublagembrasileira.com.br\/#\/schema\/logo\/image\/\",\"url\":\"https:\/\/dublagembrasileira.com.br\/wp-content\/uploads\/2019\/07\/cropped-logotipodb.png\",\"contentUrl\":\"https:\/\/dublagembrasileira.com.br\/wp-content\/uploads\/2019\/07\/cropped-logotipodb.png\",\"width\":946,\"height\":589,\"caption\":\"DB - Dublagem Brasileira\"},\"image\":{\"@id\":\"https:\/\/dublagembrasileira.com.br\/#\/schema\/logo\/image\/\"}},{\"@type\":\"Person\",\"@id\":\"https:\/\/dublagembrasileira.com.br\/#\/schema\/person\/6298fd46a47d1ef447a90b2fc9f2b215\",\"name\":\"Iza\u00edas Correia\",\"image\":{\"@type\":\"ImageObject\",\"inLanguage\":\"pt-BR\",\"@id\":\"https:\/\/dublagembrasileira.com.br\/#\/schema\/person\/image\/\",\"url\":\"http:\/\/dublagembrasileira.com.br\/wp-content\/uploads\/2025\/06\/cropped-izaiascorreia-96x96.jpg\",\"contentUrl\":\"http:\/\/dublagembrasileira.com.br\/wp-content\/uploads\/2025\/06\/cropped-izaiascorreia-96x96.jpg\",\"caption\":\"Iza\u00edas Correia\"},\"description\":\"Professor, roteirista e web-designer, respons\u00e1vel pelo site InfanTv. Tamb\u00e9m \u00e9 pesquisador da dublagem brasileira.\",\"url\":\"https:\/\/dublagembrasileira.com.br\/?author=1\"}]}<\/script>\n<!-- \/ Yoast SEO plugin. -->","yoast_head_json":{"title":"Confira o elenco brasileiro de vozes de Lightyear. | DB - Dublagem Brasileira","description":"Anima\u00e7\u00e3o estreia no dia 17 de junho com Marcos Mion encabe\u00e7ando o elenco de dublagem.","robots":{"index":"index","follow":"follow","max-snippet":"max-snippet:-1","max-image-preview":"max-image-preview:large","max-video-preview":"max-video-preview:-1"},"canonical":"https:\/\/dublagembrasileira.com.br\/?p=9108","og_locale":"pt_BR","og_type":"article","og_title":"Confira o elenco brasileiro de vozes de Lightyear. | DB - Dublagem Brasileira","og_description":"Anima\u00e7\u00e3o estreia no dia 17 de junho com Marcos Mion encabe\u00e7ando o elenco de dublagem.","og_url":"https:\/\/dublagembrasileira.com.br\/?p=9108","og_site_name":"DB - Dublagem Brasileira","article_published_time":"2022-06-15T21:18:56+00:00","og_image":[{"width":704,"height":496,"url":"https:\/\/dublagembrasileira.com.br\/wp-content\/uploads\/2022\/06\/lightyear_mion.jpg","type":"image\/jpeg"}],"author":"Iza\u00edas Correia","twitter_card":"summary_large_image","twitter_misc":{"Escrito por":"Iza\u00edas Correia","Est. tempo de leitura":"1 minuto"},"schema":{"@context":"https:\/\/schema.org","@graph":[{"@type":"Article","@id":"https:\/\/dublagembrasileira.com.br\/?p=9108#article","isPartOf":{"@id":"https:\/\/dublagembrasileira.com.br\/?p=9108"},"author":{"name":"Iza\u00edas Correia","@id":"https:\/\/dublagembrasileira.com.br\/#\/schema\/person\/6298fd46a47d1ef447a90b2fc9f2b215"},"headline":"Confira o elenco brasileiro de vozes de Lightyear.","datePublished":"2022-06-15T21:18:56+00:00","mainEntityOfPage":{"@id":"https:\/\/dublagembrasileira.com.br\/?p=9108"},"wordCount":193,"commentCount":0,"publisher":{"@id":"https:\/\/dublagembrasileira.com.br\/#organization"},"image":{"@id":"https:\/\/dublagembrasileira.com.br\/?p=9108#primaryimage"},"thumbnailUrl":"https:\/\/dublagembrasileira.com.br\/wp-content\/uploads\/2022\/06\/lightyear_mion.jpg","keywords":["anima\u00e7\u00e3o","cinema","desenho","dublador","dubladores","elenco"],"articleSection":["Cinema","Desenhos","Elenco de Dublagem","Not\u00edcias"],"inLanguage":"pt-BR","potentialAction":[{"@type":"CommentAction","name":"Comment","target":["https:\/\/dublagembrasileira.com.br\/?p=9108#respond"]}]},{"@type":"WebPage","@id":"https:\/\/dublagembrasileira.com.br\/?p=9108","url":"https:\/\/dublagembrasileira.com.br\/?p=9108","name":"Confira o elenco brasileiro de vozes de Lightyear. | DB - Dublagem Brasileira","isPartOf":{"@id":"https:\/\/dublagembrasileira.com.br\/#website"},"primaryImageOfPage":{"@id":"https:\/\/dublagembrasileira.com.br\/?p=9108#primaryimage"},"image":{"@id":"https:\/\/dublagembrasileira.com.br\/?p=9108#primaryimage"},"thumbnailUrl":"https:\/\/dublagembrasileira.com.br\/wp-content\/uploads\/2022\/06\/lightyear_mion.jpg","datePublished":"2022-06-15T21:18:56+00:00","description":"Anima\u00e7\u00e3o estreia no dia 17 de junho com Marcos Mion encabe\u00e7ando o elenco de dublagem.","breadcrumb":{"@id":"https:\/\/dublagembrasileira.com.br\/?p=9108#breadcrumb"},"inLanguage":"pt-BR","potentialAction":[{"@type":"ReadAction","target":["https:\/\/dublagembrasileira.com.br\/?p=9108"]}]},{"@type":"ImageObject","inLanguage":"pt-BR","@id":"https:\/\/dublagembrasileira.com.br\/?p=9108#primaryimage","url":"https:\/\/dublagembrasileira.com.br\/wp-content\/uploads\/2022\/06\/lightyear_mion.jpg","contentUrl":"https:\/\/dublagembrasileira.com.br\/wp-content\/uploads\/2022\/06\/lightyear_mion.jpg","width":704,"height":496},{"@type":"BreadcrumbList","@id":"https:\/\/dublagembrasileira.com.br\/?p=9108#breadcrumb","itemListElement":[{"@type":"ListItem","position":1,"name":"In\u00edcio","item":"https:\/\/dublagembrasileira.com.br\/"},{"@type":"ListItem","position":2,"name":"Confira o elenco brasileiro de vozes de Lightyear."}]},{"@type":"WebSite","@id":"https:\/\/dublagembrasileira.com.br\/#website","url":"https:\/\/dublagembrasileira.com.br\/","name":"DB - Dublagem Brasileira","description":"O seu portal de dublagem.","publisher":{"@id":"https:\/\/dublagembrasileira.com.br\/#organization"},"potentialAction":[{"@type":"SearchAction","target":{"@type":"EntryPoint","urlTemplate":"https:\/\/dublagembrasileira.com.br\/?s={search_term_string}"},"query-input":{"@type":"PropertyValueSpecification","valueRequired":true,"valueName":"search_term_string"}}],"inLanguage":"pt-BR"},{"@type":"Organization","@id":"https:\/\/dublagembrasileira.com.br\/#organization","name":"DB - Dublagem Brasileira","url":"https:\/\/dublagembrasileira.com.br\/","logo":{"@type":"ImageObject","inLanguage":"pt-BR","@id":"https:\/\/dublagembrasileira.com.br\/#\/schema\/logo\/image\/","url":"https:\/\/dublagembrasileira.com.br\/wp-content\/uploads\/2019\/07\/cropped-logotipodb.png","contentUrl":"https:\/\/dublagembrasileira.com.br\/wp-content\/uploads\/2019\/07\/cropped-logotipodb.png","width":946,"height":589,"caption":"DB - Dublagem Brasileira"},"image":{"@id":"https:\/\/dublagembrasileira.com.br\/#\/schema\/logo\/image\/"}},{"@type":"Person","@id":"https:\/\/dublagembrasileira.com.br\/#\/schema\/person\/6298fd46a47d1ef447a90b2fc9f2b215","name":"Iza\u00edas Correia","image":{"@type":"ImageObject","inLanguage":"pt-BR","@id":"https:\/\/dublagembrasileira.com.br\/#\/schema\/person\/image\/","url":"http:\/\/dublagembrasileira.com.br\/wp-content\/uploads\/2025\/06\/cropped-izaiascorreia-96x96.jpg","contentUrl":"http:\/\/dublagembrasileira.com.br\/wp-content\/uploads\/2025\/06\/cropped-izaiascorreia-96x96.jpg","caption":"Iza\u00edas Correia"},"description":"Professor, roteirista e web-designer, respons\u00e1vel pelo site InfanTv. Tamb\u00e9m \u00e9 pesquisador da dublagem brasileira.","url":"https:\/\/dublagembrasileira.com.br\/?author=1"}]}},"rttpg_featured_image_url":{"full":["https:\/\/dublagembrasileira.com.br\/wp-content\/uploads\/2022\/06\/lightyear_mion.jpg",704,496,false],"landscape":["https:\/\/dublagembrasileira.com.br\/wp-content\/uploads\/2022\/06\/lightyear_mion.jpg",704,496,false],"portraits":["https:\/\/dublagembrasileira.com.br\/wp-content\/uploads\/2022\/06\/lightyear_mion.jpg",704,496,false],"thumbnail":["https:\/\/dublagembrasileira.com.br\/wp-content\/uploads\/2022\/06\/lightyear_mion-150x150.jpg",150,150,true],"medium":["https:\/\/dublagembrasileira.com.br\/wp-content\/uploads\/2022\/06\/lightyear_mion-300x211.jpg",300,211,true],"large":["https:\/\/dublagembrasileira.com.br\/wp-content\/uploads\/2022\/06\/lightyear_mion.jpg",640,451,false],"1536x1536":["https:\/\/dublagembrasileira.com.br\/wp-content\/uploads\/2022\/06\/lightyear_mion.jpg",704,496,false],"2048x2048":["https:\/\/dublagembrasileira.com.br\/wp-content\/uploads\/2022\/06\/lightyear_mion.jpg",704,496,false],"eggnews-slider-large":["https:\/\/dublagembrasileira.com.br\/wp-content\/uploads\/2022\/06\/lightyear_mion.jpg",704,496,false],"eggnews-featured-medium":["https:\/\/dublagembrasileira.com.br\/wp-content\/uploads\/2022\/06\/lightyear_mion-420x307.jpg",420,307,true],"eggnews-featured-long":["https:\/\/dublagembrasileira.com.br\/wp-content\/uploads\/2022\/06\/lightyear_mion-300x443.jpg",300,443,true],"eggnews-block-medium":["https:\/\/dublagembrasileira.com.br\/wp-content\/uploads\/2022\/06\/lightyear_mion-464x290.jpg",464,290,true],"eggnews-carousel-image":["https:\/\/dublagembrasileira.com.br\/wp-content\/uploads\/2022\/06\/lightyear_mion-600x496.jpg",600,496,true],"eggnews-block-thumb":["https:\/\/dublagembrasileira.com.br\/wp-content\/uploads\/2022\/06\/lightyear_mion-322x230.jpg",322,230,true],"eggnews-single-large":["https:\/\/dublagembrasileira.com.br\/wp-content\/uploads\/2022\/06\/lightyear_mion.jpg",704,496,false],"crp_thumbnail":["https:\/\/dublagembrasileira.com.br\/wp-content\/uploads\/2022\/06\/lightyear_mion-150x150.jpg",150,150,true]},"rttpg_author":{"display_name":"Iza\u00edas Correia","author_link":"https:\/\/dublagembrasileira.com.br\/?author=1"},"rttpg_comment":378,"rttpg_category":"<a href=\"https:\/\/dublagembrasileira.com.br\/?cat=7\" rel=\"category\">Cinema<\/a> <a href=\"https:\/\/dublagembrasileira.com.br\/?cat=4\" rel=\"category\">Desenhos<\/a> <a href=\"https:\/\/dublagembrasileira.com.br\/?cat=188\" rel=\"category\">Elenco de Dublagem<\/a> <a href=\"https:\/\/dublagembrasileira.com.br\/?cat=13\" rel=\"category\">Not\u00edcias<\/a>","rttpg_excerpt":"Anima\u00e7\u00e3o estreia no dia 17 de junho com Marcos Mion encabe\u00e7ando o elenco de dublagem. No pr\u00f3ximo dia 17 estreia a nova anima\u00e7\u00e3o da Pixar, Lightyear, trazendo\u00a0a hist\u00f3ria de origem definitiva do her\u00f3i que inspirou o boneco, apresentando o explorador do espa\u00e7o que ganharia uma legi\u00e3o de f\u00e3s. Se juntam ao her\u00f3i um grupo de&hellip;","_links":{"self":[{"href":"https:\/\/dublagembrasileira.com.br\/index.php?rest_route=\/wp\/v2\/posts\/9108","targetHints":{"allow":["GET"]}}],"collection":[{"href":"https:\/\/dublagembrasileira.com.br\/index.php?rest_route=\/wp\/v2\/posts"}],"about":[{"href":"https:\/\/dublagembrasileira.com.br\/index.php?rest_route=\/wp\/v2\/types\/post"}],"author":[{"embeddable":true,"href":"https:\/\/dublagembrasileira.com.br\/index.php?rest_route=\/wp\/v2\/users\/1"}],"replies":[{"embeddable":true,"href":"https:\/\/dublagembrasileira.com.br\/index.php?rest_route=%2Fwp%2Fv2%2Fcomments&post=9108"}],"version-history":[{"count":1,"href":"https:\/\/dublagembrasileira.com.br\/index.php?rest_route=\/wp\/v2\/posts\/9108\/revisions"}],"predecessor-version":[{"id":9119,"href":"https:\/\/dublagembrasileira.com.br\/index.php?rest_route=\/wp\/v2\/posts\/9108\/revisions\/9119"}],"wp:featuredmedia":[{"embeddable":true,"href":"https:\/\/dublagembrasileira.com.br\/index.php?rest_route=\/wp\/v2\/media\/9118"}],"wp:attachment":[{"href":"https:\/\/dublagembrasileira.com.br\/index.php?rest_route=%2Fwp%2Fv2%2Fmedia&parent=9108"}],"wp:term":[{"taxonomy":"category","embeddable":true,"href":"https:\/\/dublagembrasileira.com.br\/index.php?rest_route=%2Fwp%2Fv2%2Fcategories&post=9108"},{"taxonomy":"post_tag","embeddable":true,"href":"https:\/\/dublagembrasileira.com.br\/index.php?rest_route=%2Fwp%2Fv2%2Ftags&post=9108"}],"curies":[{"name":"wp","href":"https:\/\/api.w.org\/{rel}","templated":true}]}}