{"id":9099,"date":"2022-06-01T23:07:56","date_gmt":"2022-06-01T23:07:56","guid":{"rendered":"https:\/\/dublagembrasileira.com.br\/?p=9099"},"modified":"2022-06-13T23:17:23","modified_gmt":"2022-06-13T23:17:23","slug":"9099","status":"publish","type":"post","link":"https:\/\/dublagembrasileira.com.br\/?p=9099","title":{"rendered":"Deborah Secco faz sua estreia na dublagem."},"content":{"rendered":"<div class=\"elementor-element elementor-element-2f702e88 elementor-widget elementor-widget-text-editor\" data-id=\"2f702e88\" data-element_type=\"widget\" data-widget_type=\"text-editor.default\">\n<div class=\"elementor-widget-container\">\n<div class=\"elementor-text-editor elementor-clearfix\">\n<h4><i>Deborah Secco revela que se divertiu ao fazer sua estreia como dubladora.<\/i><\/h4>\n<hr \/>\n<\/div>\n<\/div>\n<\/div>\n<p style=\"text-align: justify;\">A atriz\u00a0Deborah Secco\u00a0(42) est\u00e1 feliz da vida com uma novidade em sua carreira. Ela fez a sua estreia como dubladora de uma anima\u00e7\u00e3o em\u00a0<strong>O Lend\u00e1rio C\u00e3o Guerreiro<\/strong>, novo longa da Paramount Pictures.<\/p>\n<p style=\"text-align: justify;\">A artista recebeu a miss\u00e3o de dublar a personagem Yuki e adorou a experi\u00eancia. \u201cFiquei muito feliz com o convite porque a Yuki \u00e9 uma personagem muito parecida comigo. N\u00f3s duassomos m\u00e3es protetoras e apaixonadas pelas nossas filhas\u201d, disse ela, que \u00e9 m\u00e3e de\u00a0<strong>Maria Flor<\/strong>\u00a0(6), fruto do casamento com\u00a0<strong>Hugo Moura<\/strong>\u00a0(32).<\/p>\n<p style=\"text-align: justify;\">Al\u00e9m disso, Deborah Secco relembrou como foi o processo da dublagem. \u201cA parte mais legal foi tentar entender que voz voc\u00ea vai dar para aquela imagem, para aquele desenho. \u00c9 diferente de uma atua\u00e7\u00e3o na qual voc\u00ea trabalha com seu corpo inteiro. \u00c9 atuar s\u00f3 com sua voz, a colocando em um outro corpo. \u00c9 completamente novo e diferente de atuar somente. Foi uma experi\u00eancia nova e super interessante\u201d, declarou.<\/p>\n<p style=\"text-align: justify;\">A dire\u00e7\u00e3o de\u00a0<strong>O Lend\u00e1rio C\u00e3o Guerreiro<\/strong>\u00a0fica por conta da dupla formada por\u00a0Rob Minkoff, que comandou o cl\u00e1ssico da Disney\u00a0<strong>O Rei Le\u00e3o\u00a0<\/strong>al\u00e9m da anima\u00e7\u00e3o\u00a0<strong>As Aventuras de Peabody &amp; Sherman\u00a0e\u00a0Mark Koetsier<\/strong>, que estreia como diretor de um longa-metragem ap\u00f3s trabalhar no departamento de arte de\u00a0<strong>Kung Fu Panda<\/strong>\u00a0e\u00a0<strong>Opera\u00e7\u00e3o Big Hero<\/strong>.<\/p>\n<p style=\"text-align: justify;\"><strong>O Lend\u00e1rio C\u00e3o Guerreiro<\/strong>\u00a0chega aos cinemas em 14 de julho.<\/p>\n","protected":false},"excerpt":{"rendered":"<p>Deborah Secco revela que se divertiu ao fazer sua estreia como dubladora. A atriz\u00a0Deborah Secco\u00a0(42) est\u00e1 feliz da vida com uma novidade em sua carreira. Ela fez a sua estreia como dubladora de uma anima\u00e7\u00e3o em\u00a0O Lend\u00e1rio C\u00e3o Guerreiro, novo longa da Paramount Pictures. A artista recebeu a miss\u00e3o de dublar a personagem Yuki e adorou a experi\u00eancia. \u201cFiquei muito feliz com o convite porque a Yuki \u00e9 uma personagem muito parecida comigo. N\u00f3s duassomos m\u00e3es protetoras e apaixonadas pelas nossas filhas\u201d, disse ela, que \u00e9 m\u00e3e de\u00a0Maria Flor\u00a0(6), fruto do casamento com\u00a0Hugo Moura\u00a0(32). Al\u00e9m disso, Deborah Secco relembrou como foi o processo da dublagem. \u201cA parte mais legal foi tentar entender que voz voc\u00ea vai dar para aquela imagem, para aquele desenho. \u00c9 diferente de uma atua\u00e7\u00e3o na qual voc\u00ea trabalha com seu corpo inteiro. \u00c9 atuar s\u00f3 com sua voz, a colocando em um outro corpo. \u00c9 completamente novo e diferente de atuar somente. Foi uma experi\u00eancia nova e super interessante\u201d, declarou. A dire\u00e7\u00e3o de\u00a0O Lend\u00e1rio C\u00e3o Guerreiro\u00a0fica por conta da dupla formada por\u00a0Rob Minkoff, que comandou o cl\u00e1ssico da Disney\u00a0O Rei Le\u00e3o\u00a0al\u00e9m da anima\u00e7\u00e3o\u00a0As Aventuras de Peabody &amp; Sherman\u00a0e\u00a0Mark Koetsier, que estreia como diretor de um longa-metragem ap\u00f3s trabalhar no departamento de arte de\u00a0Kung Fu Panda\u00a0e\u00a0Opera\u00e7\u00e3o Big Hero. O Lend\u00e1rio C\u00e3o Guerreiro\u00a0chega aos cinemas em 14 de julho.<\/p>\n","protected":false},"author":4,"featured_media":9100,"comment_status":"open","ping_status":"open","sticky":false,"template":"","format":"standard","meta":{"_monsterinsights_skip_tracking":false,"_monsterinsights_sitenote_active":false,"_monsterinsights_sitenote_note":"","_monsterinsights_sitenote_category":0,"footnotes":""},"categories":[7,188,2,13,22],"tags":[],"class_list":["post-9099","post","type-post","status-publish","format-standard","has-post-thumbnail","hentry","category-cinema","category-elenco-de-dublagem","category-filmes","category-noticias","category-vida-real"],"yoast_head":"<!-- This site is optimized with the Yoast SEO plugin v26.1.1 - https:\/\/yoast.com\/wordpress\/plugins\/seo\/ -->\n<title>Deborah Secco faz sua estreia na dublagem. | DB - Dublagem Brasileira<\/title>\n<meta name=\"robots\" content=\"index, follow, max-snippet:-1, max-image-preview:large, max-video-preview:-1\" \/>\n<link rel=\"canonical\" href=\"https:\/\/dublagembrasileira.com.br\/?p=9099\" \/>\n<meta property=\"og:locale\" content=\"pt_BR\" \/>\n<meta property=\"og:type\" content=\"article\" \/>\n<meta property=\"og:title\" content=\"Deborah Secco faz sua estreia na dublagem. | DB - Dublagem Brasileira\" \/>\n<meta property=\"og:description\" content=\"Deborah Secco revela que se divertiu ao fazer sua estreia como dubladora. A atriz\u00a0Deborah Secco\u00a0(42) est\u00e1 feliz da vida com uma novidade em sua carreira. Ela fez a sua estreia como dubladora de uma anima\u00e7\u00e3o em\u00a0O Lend\u00e1rio C\u00e3o Guerreiro, novo longa da Paramount Pictures. A artista recebeu a miss\u00e3o de dublar a personagem Yuki e adorou a experi\u00eancia. \u201cFiquei muito feliz com o convite porque a Yuki \u00e9 uma personagem muito parecida comigo. N\u00f3s duassomos m\u00e3es protetoras e apaixonadas pelas nossas filhas\u201d, disse ela, que \u00e9 m\u00e3e de\u00a0Maria Flor\u00a0(6), fruto do casamento com\u00a0Hugo Moura\u00a0(32). Al\u00e9m disso, Deborah Secco relembrou como foi o processo da dublagem. \u201cA parte mais legal foi tentar entender que voz voc\u00ea vai dar para aquela imagem, para aquele desenho. \u00c9 diferente de uma atua\u00e7\u00e3o na qual voc\u00ea trabalha com seu corpo inteiro. \u00c9 atuar s\u00f3 com sua voz, a colocando em um outro corpo. \u00c9 completamente novo e diferente de atuar somente. Foi uma experi\u00eancia nova e super interessante\u201d, declarou. A dire\u00e7\u00e3o de\u00a0O Lend\u00e1rio C\u00e3o Guerreiro\u00a0fica por conta da dupla formada por\u00a0Rob Minkoff, que comandou o cl\u00e1ssico da Disney\u00a0O Rei Le\u00e3o\u00a0al\u00e9m da anima\u00e7\u00e3o\u00a0As Aventuras de Peabody &amp; Sherman\u00a0e\u00a0Mark Koetsier, que estreia como diretor de um longa-metragem ap\u00f3s trabalhar no departamento de arte de\u00a0Kung Fu Panda\u00a0e\u00a0Opera\u00e7\u00e3o Big Hero. O Lend\u00e1rio C\u00e3o Guerreiro\u00a0chega aos cinemas em 14 de julho.\" \/>\n<meta property=\"og:url\" content=\"https:\/\/dublagembrasileira.com.br\/?p=9099\" \/>\n<meta property=\"og:site_name\" content=\"DB - Dublagem Brasileira\" \/>\n<meta property=\"article:author\" content=\"https:\/\/www.facebook.com\/dublagembrasileira\" \/>\n<meta property=\"article:published_time\" content=\"2022-06-01T23:07:56+00:00\" \/>\n<meta property=\"article:modified_time\" content=\"2022-06-13T23:17:23+00:00\" \/>\n<meta property=\"og:image\" content=\"https:\/\/dublagembrasileira.com.br\/wp-content\/uploads\/2022\/06\/deborahsecco.jpg\" \/>\n\t<meta property=\"og:image:width\" content=\"704\" \/>\n\t<meta property=\"og:image:height\" content=\"496\" \/>\n\t<meta property=\"og:image:type\" content=\"image\/jpeg\" \/>\n<meta name=\"author\" content=\"Reda\u00e7\u00e3o\" \/>\n<meta name=\"twitter:card\" content=\"summary_large_image\" \/>\n<meta name=\"twitter:creator\" content=\"@dbdublagem\" \/>\n<meta name=\"twitter:label1\" content=\"Escrito por\" \/>\n\t<meta name=\"twitter:data1\" content=\"Reda\u00e7\u00e3o\" \/>\n\t<meta name=\"twitter:label2\" content=\"Est. tempo de leitura\" \/>\n\t<meta name=\"twitter:data2\" content=\"1 minuto\" \/>\n<script type=\"application\/ld+json\" class=\"yoast-schema-graph\">{\"@context\":\"https:\/\/schema.org\",\"@graph\":[{\"@type\":\"Article\",\"@id\":\"https:\/\/dublagembrasileira.com.br\/?p=9099#article\",\"isPartOf\":{\"@id\":\"https:\/\/dublagembrasileira.com.br\/?p=9099\"},\"author\":{\"name\":\"Reda\u00e7\u00e3o\",\"@id\":\"https:\/\/dublagembrasileira.com.br\/#\/schema\/person\/a75bac594c0e9a0b96508b7e124f20d1\"},\"headline\":\"Deborah Secco faz sua estreia na dublagem.\",\"datePublished\":\"2022-06-01T23:07:56+00:00\",\"dateModified\":\"2022-06-13T23:17:23+00:00\",\"mainEntityOfPage\":{\"@id\":\"https:\/\/dublagembrasileira.com.br\/?p=9099\"},\"wordCount\":260,\"commentCount\":7,\"publisher\":{\"@id\":\"https:\/\/dublagembrasileira.com.br\/#organization\"},\"image\":{\"@id\":\"https:\/\/dublagembrasileira.com.br\/?p=9099#primaryimage\"},\"thumbnailUrl\":\"https:\/\/dublagembrasileira.com.br\/wp-content\/uploads\/2022\/06\/deborahsecco.jpg\",\"articleSection\":[\"Cinema\",\"Elenco de Dublagem\",\"Filmes\",\"Not\u00edcias\",\"Vida Real\"],\"inLanguage\":\"pt-BR\",\"potentialAction\":[{\"@type\":\"CommentAction\",\"name\":\"Comment\",\"target\":[\"https:\/\/dublagembrasileira.com.br\/?p=9099#respond\"]}]},{\"@type\":\"WebPage\",\"@id\":\"https:\/\/dublagembrasileira.com.br\/?p=9099\",\"url\":\"https:\/\/dublagembrasileira.com.br\/?p=9099\",\"name\":\"Deborah Secco faz sua estreia na dublagem. | DB - Dublagem Brasileira\",\"isPartOf\":{\"@id\":\"https:\/\/dublagembrasileira.com.br\/#website\"},\"primaryImageOfPage\":{\"@id\":\"https:\/\/dublagembrasileira.com.br\/?p=9099#primaryimage\"},\"image\":{\"@id\":\"https:\/\/dublagembrasileira.com.br\/?p=9099#primaryimage\"},\"thumbnailUrl\":\"https:\/\/dublagembrasileira.com.br\/wp-content\/uploads\/2022\/06\/deborahsecco.jpg\",\"datePublished\":\"2022-06-01T23:07:56+00:00\",\"dateModified\":\"2022-06-13T23:17:23+00:00\",\"breadcrumb\":{\"@id\":\"https:\/\/dublagembrasileira.com.br\/?p=9099#breadcrumb\"},\"inLanguage\":\"pt-BR\",\"potentialAction\":[{\"@type\":\"ReadAction\",\"target\":[\"https:\/\/dublagembrasileira.com.br\/?p=9099\"]}]},{\"@type\":\"ImageObject\",\"inLanguage\":\"pt-BR\",\"@id\":\"https:\/\/dublagembrasileira.com.br\/?p=9099#primaryimage\",\"url\":\"https:\/\/dublagembrasileira.com.br\/wp-content\/uploads\/2022\/06\/deborahsecco.jpg\",\"contentUrl\":\"https:\/\/dublagembrasileira.com.br\/wp-content\/uploads\/2022\/06\/deborahsecco.jpg\",\"width\":704,\"height\":496},{\"@type\":\"BreadcrumbList\",\"@id\":\"https:\/\/dublagembrasileira.com.br\/?p=9099#breadcrumb\",\"itemListElement\":[{\"@type\":\"ListItem\",\"position\":1,\"name\":\"In\u00edcio\",\"item\":\"https:\/\/dublagembrasileira.com.br\/\"},{\"@type\":\"ListItem\",\"position\":2,\"name\":\"Deborah Secco faz sua estreia na dublagem.\"}]},{\"@type\":\"WebSite\",\"@id\":\"https:\/\/dublagembrasileira.com.br\/#website\",\"url\":\"https:\/\/dublagembrasileira.com.br\/\",\"name\":\"DB - Dublagem Brasileira\",\"description\":\"O seu portal de dublagem.\",\"publisher\":{\"@id\":\"https:\/\/dublagembrasileira.com.br\/#organization\"},\"potentialAction\":[{\"@type\":\"SearchAction\",\"target\":{\"@type\":\"EntryPoint\",\"urlTemplate\":\"https:\/\/dublagembrasileira.com.br\/?s={search_term_string}\"},\"query-input\":{\"@type\":\"PropertyValueSpecification\",\"valueRequired\":true,\"valueName\":\"search_term_string\"}}],\"inLanguage\":\"pt-BR\"},{\"@type\":\"Organization\",\"@id\":\"https:\/\/dublagembrasileira.com.br\/#organization\",\"name\":\"DB - Dublagem Brasileira\",\"url\":\"https:\/\/dublagembrasileira.com.br\/\",\"logo\":{\"@type\":\"ImageObject\",\"inLanguage\":\"pt-BR\",\"@id\":\"https:\/\/dublagembrasileira.com.br\/#\/schema\/logo\/image\/\",\"url\":\"https:\/\/dublagembrasileira.com.br\/wp-content\/uploads\/2019\/07\/cropped-logotipodb.png\",\"contentUrl\":\"https:\/\/dublagembrasileira.com.br\/wp-content\/uploads\/2019\/07\/cropped-logotipodb.png\",\"width\":946,\"height\":589,\"caption\":\"DB - Dublagem Brasileira\"},\"image\":{\"@id\":\"https:\/\/dublagembrasileira.com.br\/#\/schema\/logo\/image\/\"}},{\"@type\":\"Person\",\"@id\":\"https:\/\/dublagembrasileira.com.br\/#\/schema\/person\/a75bac594c0e9a0b96508b7e124f20d1\",\"name\":\"Reda\u00e7\u00e3o\",\"image\":{\"@type\":\"ImageObject\",\"inLanguage\":\"pt-BR\",\"@id\":\"https:\/\/dublagembrasileira.com.br\/#\/schema\/person\/image\/\",\"url\":\"http:\/\/dublagembrasileira.com.br\/wp-content\/uploads\/2025\/06\/admin-96x96.jpg\",\"contentUrl\":\"http:\/\/dublagembrasileira.com.br\/wp-content\/uploads\/2025\/06\/admin-96x96.jpg\",\"caption\":\"Reda\u00e7\u00e3o\"},\"description\":\"Equipe do DB.\",\"sameAs\":[\"https:\/\/www.facebook.com\/dublagembrasileira\",\"https:\/\/www.instagram.com\/dbdublagembrasileira\",\"https:\/\/x.com\/dbdublagem\"],\"url\":\"https:\/\/dublagembrasileira.com.br\/?author=4\"}]}<\/script>\n<!-- \/ Yoast SEO plugin. -->","yoast_head_json":{"title":"Deborah Secco faz sua estreia na dublagem. | DB - Dublagem Brasileira","robots":{"index":"index","follow":"follow","max-snippet":"max-snippet:-1","max-image-preview":"max-image-preview:large","max-video-preview":"max-video-preview:-1"},"canonical":"https:\/\/dublagembrasileira.com.br\/?p=9099","og_locale":"pt_BR","og_type":"article","og_title":"Deborah Secco faz sua estreia na dublagem. | DB - Dublagem Brasileira","og_description":"Deborah Secco revela que se divertiu ao fazer sua estreia como dubladora. A atriz\u00a0Deborah Secco\u00a0(42) est\u00e1 feliz da vida com uma novidade em sua carreira. Ela fez a sua estreia como dubladora de uma anima\u00e7\u00e3o em\u00a0O Lend\u00e1rio C\u00e3o Guerreiro, novo longa da Paramount Pictures. A artista recebeu a miss\u00e3o de dublar a personagem Yuki e adorou a experi\u00eancia. \u201cFiquei muito feliz com o convite porque a Yuki \u00e9 uma personagem muito parecida comigo. N\u00f3s duassomos m\u00e3es protetoras e apaixonadas pelas nossas filhas\u201d, disse ela, que \u00e9 m\u00e3e de\u00a0Maria Flor\u00a0(6), fruto do casamento com\u00a0Hugo Moura\u00a0(32). Al\u00e9m disso, Deborah Secco relembrou como foi o processo da dublagem. \u201cA parte mais legal foi tentar entender que voz voc\u00ea vai dar para aquela imagem, para aquele desenho. \u00c9 diferente de uma atua\u00e7\u00e3o na qual voc\u00ea trabalha com seu corpo inteiro. \u00c9 atuar s\u00f3 com sua voz, a colocando em um outro corpo. \u00c9 completamente novo e diferente de atuar somente. Foi uma experi\u00eancia nova e super interessante\u201d, declarou. A dire\u00e7\u00e3o de\u00a0O Lend\u00e1rio C\u00e3o Guerreiro\u00a0fica por conta da dupla formada por\u00a0Rob Minkoff, que comandou o cl\u00e1ssico da Disney\u00a0O Rei Le\u00e3o\u00a0al\u00e9m da anima\u00e7\u00e3o\u00a0As Aventuras de Peabody &amp; Sherman\u00a0e\u00a0Mark Koetsier, que estreia como diretor de um longa-metragem ap\u00f3s trabalhar no departamento de arte de\u00a0Kung Fu Panda\u00a0e\u00a0Opera\u00e7\u00e3o Big Hero. O Lend\u00e1rio C\u00e3o Guerreiro\u00a0chega aos cinemas em 14 de julho.","og_url":"https:\/\/dublagembrasileira.com.br\/?p=9099","og_site_name":"DB - Dublagem Brasileira","article_author":"https:\/\/www.facebook.com\/dublagembrasileira","article_published_time":"2022-06-01T23:07:56+00:00","article_modified_time":"2022-06-13T23:17:23+00:00","og_image":[{"width":704,"height":496,"url":"https:\/\/dublagembrasileira.com.br\/wp-content\/uploads\/2022\/06\/deborahsecco.jpg","type":"image\/jpeg"}],"author":"Reda\u00e7\u00e3o","twitter_card":"summary_large_image","twitter_creator":"@dbdublagem","twitter_misc":{"Escrito por":"Reda\u00e7\u00e3o","Est. tempo de leitura":"1 minuto"},"schema":{"@context":"https:\/\/schema.org","@graph":[{"@type":"Article","@id":"https:\/\/dublagembrasileira.com.br\/?p=9099#article","isPartOf":{"@id":"https:\/\/dublagembrasileira.com.br\/?p=9099"},"author":{"name":"Reda\u00e7\u00e3o","@id":"https:\/\/dublagembrasileira.com.br\/#\/schema\/person\/a75bac594c0e9a0b96508b7e124f20d1"},"headline":"Deborah Secco faz sua estreia na dublagem.","datePublished":"2022-06-01T23:07:56+00:00","dateModified":"2022-06-13T23:17:23+00:00","mainEntityOfPage":{"@id":"https:\/\/dublagembrasileira.com.br\/?p=9099"},"wordCount":260,"commentCount":7,"publisher":{"@id":"https:\/\/dublagembrasileira.com.br\/#organization"},"image":{"@id":"https:\/\/dublagembrasileira.com.br\/?p=9099#primaryimage"},"thumbnailUrl":"https:\/\/dublagembrasileira.com.br\/wp-content\/uploads\/2022\/06\/deborahsecco.jpg","articleSection":["Cinema","Elenco de Dublagem","Filmes","Not\u00edcias","Vida Real"],"inLanguage":"pt-BR","potentialAction":[{"@type":"CommentAction","name":"Comment","target":["https:\/\/dublagembrasileira.com.br\/?p=9099#respond"]}]},{"@type":"WebPage","@id":"https:\/\/dublagembrasileira.com.br\/?p=9099","url":"https:\/\/dublagembrasileira.com.br\/?p=9099","name":"Deborah Secco faz sua estreia na dublagem. | DB - Dublagem Brasileira","isPartOf":{"@id":"https:\/\/dublagembrasileira.com.br\/#website"},"primaryImageOfPage":{"@id":"https:\/\/dublagembrasileira.com.br\/?p=9099#primaryimage"},"image":{"@id":"https:\/\/dublagembrasileira.com.br\/?p=9099#primaryimage"},"thumbnailUrl":"https:\/\/dublagembrasileira.com.br\/wp-content\/uploads\/2022\/06\/deborahsecco.jpg","datePublished":"2022-06-01T23:07:56+00:00","dateModified":"2022-06-13T23:17:23+00:00","breadcrumb":{"@id":"https:\/\/dublagembrasileira.com.br\/?p=9099#breadcrumb"},"inLanguage":"pt-BR","potentialAction":[{"@type":"ReadAction","target":["https:\/\/dublagembrasileira.com.br\/?p=9099"]}]},{"@type":"ImageObject","inLanguage":"pt-BR","@id":"https:\/\/dublagembrasileira.com.br\/?p=9099#primaryimage","url":"https:\/\/dublagembrasileira.com.br\/wp-content\/uploads\/2022\/06\/deborahsecco.jpg","contentUrl":"https:\/\/dublagembrasileira.com.br\/wp-content\/uploads\/2022\/06\/deborahsecco.jpg","width":704,"height":496},{"@type":"BreadcrumbList","@id":"https:\/\/dublagembrasileira.com.br\/?p=9099#breadcrumb","itemListElement":[{"@type":"ListItem","position":1,"name":"In\u00edcio","item":"https:\/\/dublagembrasileira.com.br\/"},{"@type":"ListItem","position":2,"name":"Deborah Secco faz sua estreia na dublagem."}]},{"@type":"WebSite","@id":"https:\/\/dublagembrasileira.com.br\/#website","url":"https:\/\/dublagembrasileira.com.br\/","name":"DB - Dublagem Brasileira","description":"O seu portal de dublagem.","publisher":{"@id":"https:\/\/dublagembrasileira.com.br\/#organization"},"potentialAction":[{"@type":"SearchAction","target":{"@type":"EntryPoint","urlTemplate":"https:\/\/dublagembrasileira.com.br\/?s={search_term_string}"},"query-input":{"@type":"PropertyValueSpecification","valueRequired":true,"valueName":"search_term_string"}}],"inLanguage":"pt-BR"},{"@type":"Organization","@id":"https:\/\/dublagembrasileira.com.br\/#organization","name":"DB - Dublagem Brasileira","url":"https:\/\/dublagembrasileira.com.br\/","logo":{"@type":"ImageObject","inLanguage":"pt-BR","@id":"https:\/\/dublagembrasileira.com.br\/#\/schema\/logo\/image\/","url":"https:\/\/dublagembrasileira.com.br\/wp-content\/uploads\/2019\/07\/cropped-logotipodb.png","contentUrl":"https:\/\/dublagembrasileira.com.br\/wp-content\/uploads\/2019\/07\/cropped-logotipodb.png","width":946,"height":589,"caption":"DB - Dublagem Brasileira"},"image":{"@id":"https:\/\/dublagembrasileira.com.br\/#\/schema\/logo\/image\/"}},{"@type":"Person","@id":"https:\/\/dublagembrasileira.com.br\/#\/schema\/person\/a75bac594c0e9a0b96508b7e124f20d1","name":"Reda\u00e7\u00e3o","image":{"@type":"ImageObject","inLanguage":"pt-BR","@id":"https:\/\/dublagembrasileira.com.br\/#\/schema\/person\/image\/","url":"http:\/\/dublagembrasileira.com.br\/wp-content\/uploads\/2025\/06\/admin-96x96.jpg","contentUrl":"http:\/\/dublagembrasileira.com.br\/wp-content\/uploads\/2025\/06\/admin-96x96.jpg","caption":"Reda\u00e7\u00e3o"},"description":"Equipe do DB.","sameAs":["https:\/\/www.facebook.com\/dublagembrasileira","https:\/\/www.instagram.com\/dbdublagembrasileira","https:\/\/x.com\/dbdublagem"],"url":"https:\/\/dublagembrasileira.com.br\/?author=4"}]}},"rttpg_featured_image_url":{"full":["https:\/\/dublagembrasileira.com.br\/wp-content\/uploads\/2022\/06\/deborahsecco.jpg",704,496,false],"landscape":["https:\/\/dublagembrasileira.com.br\/wp-content\/uploads\/2022\/06\/deborahsecco.jpg",704,496,false],"portraits":["https:\/\/dublagembrasileira.com.br\/wp-content\/uploads\/2022\/06\/deborahsecco.jpg",704,496,false],"thumbnail":["https:\/\/dublagembrasileira.com.br\/wp-content\/uploads\/2022\/06\/deborahsecco-150x150.jpg",150,150,true],"medium":["https:\/\/dublagembrasileira.com.br\/wp-content\/uploads\/2022\/06\/deborahsecco-300x211.jpg",300,211,true],"large":["https:\/\/dublagembrasileira.com.br\/wp-content\/uploads\/2022\/06\/deborahsecco.jpg",640,451,false],"1536x1536":["https:\/\/dublagembrasileira.com.br\/wp-content\/uploads\/2022\/06\/deborahsecco.jpg",704,496,false],"2048x2048":["https:\/\/dublagembrasileira.com.br\/wp-content\/uploads\/2022\/06\/deborahsecco.jpg",704,496,false],"eggnews-slider-large":["https:\/\/dublagembrasileira.com.br\/wp-content\/uploads\/2022\/06\/deborahsecco.jpg",704,496,false],"eggnews-featured-medium":["https:\/\/dublagembrasileira.com.br\/wp-content\/uploads\/2022\/06\/deborahsecco-420x307.jpg",420,307,true],"eggnews-featured-long":["https:\/\/dublagembrasileira.com.br\/wp-content\/uploads\/2022\/06\/deborahsecco-300x443.jpg",300,443,true],"eggnews-block-medium":["https:\/\/dublagembrasileira.com.br\/wp-content\/uploads\/2022\/06\/deborahsecco-464x290.jpg",464,290,true],"eggnews-carousel-image":["https:\/\/dublagembrasileira.com.br\/wp-content\/uploads\/2022\/06\/deborahsecco-600x496.jpg",600,496,true],"eggnews-block-thumb":["https:\/\/dublagembrasileira.com.br\/wp-content\/uploads\/2022\/06\/deborahsecco-322x230.jpg",322,230,true],"eggnews-single-large":["https:\/\/dublagembrasileira.com.br\/wp-content\/uploads\/2022\/06\/deborahsecco.jpg",704,496,false],"crp_thumbnail":["https:\/\/dublagembrasileira.com.br\/wp-content\/uploads\/2022\/06\/deborahsecco-150x150.jpg",150,150,true]},"rttpg_author":{"display_name":"Reda\u00e7\u00e3o","author_link":"https:\/\/dublagembrasileira.com.br\/?author=4"},"rttpg_comment":12,"rttpg_category":"<a href=\"https:\/\/dublagembrasileira.com.br\/?cat=7\" rel=\"category\">Cinema<\/a> <a href=\"https:\/\/dublagembrasileira.com.br\/?cat=188\" rel=\"category\">Elenco de Dublagem<\/a> <a href=\"https:\/\/dublagembrasileira.com.br\/?cat=2\" rel=\"category\">Filmes<\/a> <a href=\"https:\/\/dublagembrasileira.com.br\/?cat=13\" rel=\"category\">Not\u00edcias<\/a> <a href=\"https:\/\/dublagembrasileira.com.br\/?cat=22\" rel=\"category\">Vida Real<\/a>","rttpg_excerpt":"Deborah Secco revela que se divertiu ao fazer sua estreia como dubladora. A atriz\u00a0Deborah Secco\u00a0(42) est\u00e1 feliz da vida com uma novidade em sua carreira. Ela fez a sua estreia como dubladora de uma anima\u00e7\u00e3o em\u00a0O Lend\u00e1rio C\u00e3o Guerreiro, novo longa da Paramount Pictures. A artista recebeu a miss\u00e3o de dublar a personagem Yuki e&hellip;","_links":{"self":[{"href":"https:\/\/dublagembrasileira.com.br\/index.php?rest_route=\/wp\/v2\/posts\/9099","targetHints":{"allow":["GET"]}}],"collection":[{"href":"https:\/\/dublagembrasileira.com.br\/index.php?rest_route=\/wp\/v2\/posts"}],"about":[{"href":"https:\/\/dublagembrasileira.com.br\/index.php?rest_route=\/wp\/v2\/types\/post"}],"author":[{"embeddable":true,"href":"https:\/\/dublagembrasileira.com.br\/index.php?rest_route=\/wp\/v2\/users\/4"}],"replies":[{"embeddable":true,"href":"https:\/\/dublagembrasileira.com.br\/index.php?rest_route=%2Fwp%2Fv2%2Fcomments&post=9099"}],"version-history":[{"count":2,"href":"https:\/\/dublagembrasileira.com.br\/index.php?rest_route=\/wp\/v2\/posts\/9099\/revisions"}],"predecessor-version":[{"id":9102,"href":"https:\/\/dublagembrasileira.com.br\/index.php?rest_route=\/wp\/v2\/posts\/9099\/revisions\/9102"}],"wp:featuredmedia":[{"embeddable":true,"href":"https:\/\/dublagembrasileira.com.br\/index.php?rest_route=\/wp\/v2\/media\/9100"}],"wp:attachment":[{"href":"https:\/\/dublagembrasileira.com.br\/index.php?rest_route=%2Fwp%2Fv2%2Fmedia&parent=9099"}],"wp:term":[{"taxonomy":"category","embeddable":true,"href":"https:\/\/dublagembrasileira.com.br\/index.php?rest_route=%2Fwp%2Fv2%2Fcategories&post=9099"},{"taxonomy":"post_tag","embeddable":true,"href":"https:\/\/dublagembrasileira.com.br\/index.php?rest_route=%2Fwp%2Fv2%2Ftags&post=9099"}],"curies":[{"name":"wp","href":"https:\/\/api.w.org\/{rel}","templated":true}]}}