{"id":907,"date":"2019-07-17T16:46:38","date_gmt":"2019-07-17T16:46:38","guid":{"rendered":"http:\/\/dublagembrasileira.com.br\/?p=907"},"modified":"2019-07-18T19:32:43","modified_gmt":"2019-07-18T19:32:43","slug":"sana-19-encerra-com-a-presenca-de-dubladores","status":"publish","type":"post","link":"https:\/\/dublagembrasileira.com.br\/?p=907","title":{"rendered":"Sana 19 encerra com a presen\u00e7a de dubladores."},"content":{"rendered":"<h4><em>Sylvia Salusti e Garcia J\u00fanior ministram palestra e se divertem durante o Sana 19.<\/em><\/h4>\n<hr \/>\n<p style=\"text-align: justify;\">Comemorando 19 anos, o <strong>Sana 2019<\/strong> come\u00e7ou no \u00faltimo dia 12, no Centro de Eventos do Cear\u00e1, em Fortaleza. Entre as atra\u00e7\u00f5es para o p\u00fablico geek estavam o Desfile Cosplay e Cosplay InSana, Salas tem\u00e1ticas, Shows e a presen\u00e7a de Kristian Nairn, ator que interpretou o personagem \u201cHodor\u201d, na rec\u00e9m-conclu\u00edda s\u00e9rie <strong>Game of Thrones<\/strong>.<\/p>\n<figure id=\"attachment_909\" aria-describedby=\"caption-attachment-909\" style=\"width: 694px\" class=\"wp-caption alignnone\"><img fetchpriority=\"high\" decoding=\"async\" class=\"wp-image-909 size-full\" src=\"http:\/\/dublagembrasileira.com.br\/wp-content\/uploads\/2019\/07\/66304824_2278136309107534_6823077405726866229_n.jpg\" alt=\"\" width=\"694\" height=\"695\" srcset=\"https:\/\/dublagembrasileira.com.br\/wp-content\/uploads\/2019\/07\/66304824_2278136309107534_6823077405726866229_n.jpg 694w, https:\/\/dublagembrasileira.com.br\/wp-content\/uploads\/2019\/07\/66304824_2278136309107534_6823077405726866229_n-150x150.jpg 150w, https:\/\/dublagembrasileira.com.br\/wp-content\/uploads\/2019\/07\/66304824_2278136309107534_6823077405726866229_n-300x300.jpg 300w, https:\/\/dublagembrasileira.com.br\/wp-content\/uploads\/2019\/07\/66304824_2278136309107534_6823077405726866229_n-65x65.jpg 65w\" sizes=\"(max-width: 694px) 100vw, 694px\" \/><figcaption id=\"caption-attachment-909\" class=\"wp-caption-text\">Sylvia Salusti e Garcia J\u00fanior respondem perguntas sobre suas carreiras.<\/figcaption><\/figure>\n<p style=\"text-align: justify;\">No domingo (14), \u00faltimo dia do evento, os dubladores Garcia J\u00fanior e Sylvia Salusti estiveram no local ministrando uma palestra. Sylvia Salusti, \u00e9 conhecida por emprestar sua voz a personagens como P\u00e9rola (<strong>Steven Universo<\/strong>), Rapunzel (<strong>Enrolados<\/strong>), Jean Grey (<strong>X-Men<\/strong> s\u00e9rie animada), j\u00e1 o dubador e diretor\u00a0 <a href=\"http:\/\/dublagembrasileira.com.br\/?p=751\">Garcia J\u00fanior<\/a>, \u00e9 conhecido pelas vozes de He-Man, Simba (Adulto), Fera (<strong>A Bela e a Fera<\/strong>), Arnold Schwarzenegger, dentre outros personagens.<\/p>\n<p style=\"text-align: justify;\">Atrav\u00e9s de um bate-papo leve e alegre, os dubladores falaram de suas carreiras em dublagem e receberam muito carinho dos f\u00e3s. Pra completar, teve at\u00e9 karaok\u00ea com algumas m\u00fasicas que Sylvia Salusti interpretou em filmes e s\u00e9ries.<\/p>\n<figure id=\"attachment_908\" aria-describedby=\"caption-attachment-908\" style=\"width: 983px\" class=\"wp-caption alignnone\"><img decoding=\"async\" class=\"wp-image-908 size-full lazyload\" data-src=\"http:\/\/dublagembrasileira.com.br\/wp-content\/uploads\/2019\/07\/66288748_160617821743069_1309168809329875525_n.jpg\" alt=\"\" width=\"983\" height=\"983\" data-srcset=\"https:\/\/dublagembrasileira.com.br\/wp-content\/uploads\/2019\/07\/66288748_160617821743069_1309168809329875525_n.jpg 983w, https:\/\/dublagembrasileira.com.br\/wp-content\/uploads\/2019\/07\/66288748_160617821743069_1309168809329875525_n-150x150.jpg 150w, https:\/\/dublagembrasileira.com.br\/wp-content\/uploads\/2019\/07\/66288748_160617821743069_1309168809329875525_n-300x300.jpg 300w, https:\/\/dublagembrasileira.com.br\/wp-content\/uploads\/2019\/07\/66288748_160617821743069_1309168809329875525_n-768x768.jpg 768w, https:\/\/dublagembrasileira.com.br\/wp-content\/uploads\/2019\/07\/66288748_160617821743069_1309168809329875525_n-65x65.jpg 65w\" data-sizes=\"(max-width: 983px) 100vw, 983px\" src=\"data:image\/svg+xml;base64,PHN2ZyB3aWR0aD0iMSIgaGVpZ2h0PSIxIiB4bWxucz0iaHR0cDovL3d3dy53My5vcmcvMjAwMC9zdmciPjwvc3ZnPg==\" style=\"--smush-placeholder-width: 983px; --smush-placeholder-aspect-ratio: 983\/983;\" \/><figcaption id=\"caption-attachment-908\" class=\"wp-caption-text\">Sylvia Salusti se diverte em Karaok\u00ea com m\u00fasicas que interpretou em suas dublagens.<\/figcaption><\/figure>\n","protected":false},"excerpt":{"rendered":"<p>Sylvia Salusti e Garcia J\u00fanior ministram palestra e se divertem durante o Sana 19. Comemorando 19 anos, o Sana 2019 come\u00e7ou no \u00faltimo dia 12, no Centro de Eventos do Cear\u00e1, em Fortaleza. Entre as atra\u00e7\u00f5es para o p\u00fablico geek estavam o Desfile Cosplay e Cosplay InSana, Salas tem\u00e1ticas, Shows e a presen\u00e7a de Kristian Nairn, ator que interpretou o personagem \u201cHodor\u201d, na rec\u00e9m-conclu\u00edda s\u00e9rie Game of Thrones. No domingo (14), \u00faltimo dia do evento, os dubladores Garcia J\u00fanior e Sylvia Salusti estiveram no local ministrando uma palestra. Sylvia Salusti, \u00e9 conhecida por emprestar sua voz a personagens como P\u00e9rola (Steven Universo), Rapunzel (Enrolados), Jean Grey (X-Men s\u00e9rie animada), j\u00e1 o dubador e diretor\u00a0 Garcia J\u00fanior, \u00e9 conhecido pelas vozes de He-Man, Simba (Adulto), Fera (A Bela e a Fera), Arnold Schwarzenegger, dentre outros personagens. Atrav\u00e9s de um bate-papo leve e alegre, os dubladores falaram de suas carreiras em dublagem e receberam muito carinho dos f\u00e3s. Pra completar, teve at\u00e9 karaok\u00ea com algumas m\u00fasicas que Sylvia Salusti interpretou em filmes e s\u00e9ries.<\/p>\n","protected":false},"author":4,"featured_media":910,"comment_status":"open","ping_status":"open","sticky":false,"template":"","format":"standard","meta":{"_monsterinsights_skip_tracking":false,"_monsterinsights_sitenote_active":false,"_monsterinsights_sitenote_note":"","_monsterinsights_sitenote_category":0,"footnotes":""},"categories":[21,13],"tags":[126,124,33,34,29,27,66],"class_list":["post-907","post","type-post","status-publish","format-standard","has-post-thumbnail","hentry","category-acontece","category-noticias","tag-acontece","tag-dublado","tag-dublador","tag-dubladora","tag-dubladores","tag-dublagem","tag-evento"],"yoast_head":"<!-- This site is optimized with the Yoast SEO plugin v26.1.1 - https:\/\/yoast.com\/wordpress\/plugins\/seo\/ -->\n<title>Sana 19 encerra com a presen\u00e7a de dubladores. | DB - Dublagem Brasileira<\/title>\n<meta name=\"robots\" content=\"index, follow, max-snippet:-1, max-image-preview:large, max-video-preview:-1\" \/>\n<link rel=\"canonical\" href=\"https:\/\/dublagembrasileira.com.br\/?p=907\" \/>\n<meta property=\"og:locale\" content=\"pt_BR\" \/>\n<meta property=\"og:type\" content=\"article\" \/>\n<meta property=\"og:title\" content=\"Sana 19 encerra com a presen\u00e7a de dubladores. | DB - Dublagem Brasileira\" \/>\n<meta property=\"og:description\" content=\"Sylvia Salusti e Garcia J\u00fanior ministram palestra e se divertem durante o Sana 19. Comemorando 19 anos, o Sana 2019 come\u00e7ou no \u00faltimo dia 12, no Centro de Eventos do Cear\u00e1, em Fortaleza. Entre as atra\u00e7\u00f5es para o p\u00fablico geek estavam o Desfile Cosplay e Cosplay InSana, Salas tem\u00e1ticas, Shows e a presen\u00e7a de Kristian Nairn, ator que interpretou o personagem \u201cHodor\u201d, na rec\u00e9m-conclu\u00edda s\u00e9rie Game of Thrones. No domingo (14), \u00faltimo dia do evento, os dubladores Garcia J\u00fanior e Sylvia Salusti estiveram no local ministrando uma palestra. Sylvia Salusti, \u00e9 conhecida por emprestar sua voz a personagens como P\u00e9rola (Steven Universo), Rapunzel (Enrolados), Jean Grey (X-Men s\u00e9rie animada), j\u00e1 o dubador e diretor\u00a0 Garcia J\u00fanior, \u00e9 conhecido pelas vozes de He-Man, Simba (Adulto), Fera (A Bela e a Fera), Arnold Schwarzenegger, dentre outros personagens. Atrav\u00e9s de um bate-papo leve e alegre, os dubladores falaram de suas carreiras em dublagem e receberam muito carinho dos f\u00e3s. Pra completar, teve at\u00e9 karaok\u00ea com algumas m\u00fasicas que Sylvia Salusti interpretou em filmes e s\u00e9ries.\" \/>\n<meta property=\"og:url\" content=\"https:\/\/dublagembrasileira.com.br\/?p=907\" \/>\n<meta property=\"og:site_name\" content=\"DB - Dublagem Brasileira\" \/>\n<meta property=\"article:author\" content=\"https:\/\/www.facebook.com\/dublagembrasileira\" \/>\n<meta property=\"article:published_time\" content=\"2019-07-17T16:46:38+00:00\" \/>\n<meta property=\"article:modified_time\" content=\"2019-07-18T19:32:43+00:00\" \/>\n<meta property=\"og:image\" content=\"https:\/\/dublagembrasileira.com.br\/wp-content\/uploads\/2019\/07\/garcia_sylvia.jpg\" \/>\n\t<meta property=\"og:image:width\" content=\"704\" \/>\n\t<meta property=\"og:image:height\" content=\"496\" \/>\n\t<meta property=\"og:image:type\" content=\"image\/jpeg\" \/>\n<meta name=\"author\" content=\"Reda\u00e7\u00e3o\" \/>\n<meta name=\"twitter:card\" content=\"summary_large_image\" \/>\n<meta name=\"twitter:creator\" content=\"@dbdublagem\" \/>\n<meta name=\"twitter:label1\" content=\"Escrito por\" \/>\n\t<meta name=\"twitter:data1\" content=\"Reda\u00e7\u00e3o\" \/>\n\t<meta name=\"twitter:label2\" content=\"Est. tempo de leitura\" \/>\n\t<meta name=\"twitter:data2\" content=\"1 minuto\" \/>\n<script type=\"application\/ld+json\" class=\"yoast-schema-graph\">{\"@context\":\"https:\/\/schema.org\",\"@graph\":[{\"@type\":\"Article\",\"@id\":\"https:\/\/dublagembrasileira.com.br\/?p=907#article\",\"isPartOf\":{\"@id\":\"https:\/\/dublagembrasileira.com.br\/?p=907\"},\"author\":{\"name\":\"Reda\u00e7\u00e3o\",\"@id\":\"https:\/\/dublagembrasileira.com.br\/#\/schema\/person\/a75bac594c0e9a0b96508b7e124f20d1\"},\"headline\":\"Sana 19 encerra com a presen\u00e7a de dubladores.\",\"datePublished\":\"2019-07-17T16:46:38+00:00\",\"dateModified\":\"2019-07-18T19:32:43+00:00\",\"mainEntityOfPage\":{\"@id\":\"https:\/\/dublagembrasileira.com.br\/?p=907\"},\"wordCount\":229,\"commentCount\":0,\"publisher\":{\"@id\":\"https:\/\/dublagembrasileira.com.br\/#organization\"},\"image\":{\"@id\":\"https:\/\/dublagembrasileira.com.br\/?p=907#primaryimage\"},\"thumbnailUrl\":\"https:\/\/dublagembrasileira.com.br\/wp-content\/uploads\/2019\/07\/garcia_sylvia.jpg\",\"keywords\":[\"acontece\",\"dublado\",\"dublador\",\"dubladora\",\"dubladores\",\"dublagem\",\"evento\"],\"articleSection\":[\"Acontece\",\"Not\u00edcias\"],\"inLanguage\":\"pt-BR\",\"potentialAction\":[{\"@type\":\"CommentAction\",\"name\":\"Comment\",\"target\":[\"https:\/\/dublagembrasileira.com.br\/?p=907#respond\"]}]},{\"@type\":\"WebPage\",\"@id\":\"https:\/\/dublagembrasileira.com.br\/?p=907\",\"url\":\"https:\/\/dublagembrasileira.com.br\/?p=907\",\"name\":\"Sana 19 encerra com a presen\u00e7a de dubladores. | DB - Dublagem Brasileira\",\"isPartOf\":{\"@id\":\"https:\/\/dublagembrasileira.com.br\/#website\"},\"primaryImageOfPage\":{\"@id\":\"https:\/\/dublagembrasileira.com.br\/?p=907#primaryimage\"},\"image\":{\"@id\":\"https:\/\/dublagembrasileira.com.br\/?p=907#primaryimage\"},\"thumbnailUrl\":\"https:\/\/dublagembrasileira.com.br\/wp-content\/uploads\/2019\/07\/garcia_sylvia.jpg\",\"datePublished\":\"2019-07-17T16:46:38+00:00\",\"dateModified\":\"2019-07-18T19:32:43+00:00\",\"breadcrumb\":{\"@id\":\"https:\/\/dublagembrasileira.com.br\/?p=907#breadcrumb\"},\"inLanguage\":\"pt-BR\",\"potentialAction\":[{\"@type\":\"ReadAction\",\"target\":[\"https:\/\/dublagembrasileira.com.br\/?p=907\"]}]},{\"@type\":\"ImageObject\",\"inLanguage\":\"pt-BR\",\"@id\":\"https:\/\/dublagembrasileira.com.br\/?p=907#primaryimage\",\"url\":\"https:\/\/dublagembrasileira.com.br\/wp-content\/uploads\/2019\/07\/garcia_sylvia.jpg\",\"contentUrl\":\"https:\/\/dublagembrasileira.com.br\/wp-content\/uploads\/2019\/07\/garcia_sylvia.jpg\",\"width\":704,\"height\":496},{\"@type\":\"BreadcrumbList\",\"@id\":\"https:\/\/dublagembrasileira.com.br\/?p=907#breadcrumb\",\"itemListElement\":[{\"@type\":\"ListItem\",\"position\":1,\"name\":\"In\u00edcio\",\"item\":\"https:\/\/dublagembrasileira.com.br\/\"},{\"@type\":\"ListItem\",\"position\":2,\"name\":\"Sana 19 encerra com a presen\u00e7a de dubladores.\"}]},{\"@type\":\"WebSite\",\"@id\":\"https:\/\/dublagembrasileira.com.br\/#website\",\"url\":\"https:\/\/dublagembrasileira.com.br\/\",\"name\":\"DB - Dublagem Brasileira\",\"description\":\"O seu portal de dublagem.\",\"publisher\":{\"@id\":\"https:\/\/dublagembrasileira.com.br\/#organization\"},\"potentialAction\":[{\"@type\":\"SearchAction\",\"target\":{\"@type\":\"EntryPoint\",\"urlTemplate\":\"https:\/\/dublagembrasileira.com.br\/?s={search_term_string}\"},\"query-input\":{\"@type\":\"PropertyValueSpecification\",\"valueRequired\":true,\"valueName\":\"search_term_string\"}}],\"inLanguage\":\"pt-BR\"},{\"@type\":\"Organization\",\"@id\":\"https:\/\/dublagembrasileira.com.br\/#organization\",\"name\":\"DB - Dublagem Brasileira\",\"url\":\"https:\/\/dublagembrasileira.com.br\/\",\"logo\":{\"@type\":\"ImageObject\",\"inLanguage\":\"pt-BR\",\"@id\":\"https:\/\/dublagembrasileira.com.br\/#\/schema\/logo\/image\/\",\"url\":\"https:\/\/dublagembrasileira.com.br\/wp-content\/uploads\/2019\/07\/cropped-logotipodb.png\",\"contentUrl\":\"https:\/\/dublagembrasileira.com.br\/wp-content\/uploads\/2019\/07\/cropped-logotipodb.png\",\"width\":946,\"height\":589,\"caption\":\"DB - Dublagem Brasileira\"},\"image\":{\"@id\":\"https:\/\/dublagembrasileira.com.br\/#\/schema\/logo\/image\/\"}},{\"@type\":\"Person\",\"@id\":\"https:\/\/dublagembrasileira.com.br\/#\/schema\/person\/a75bac594c0e9a0b96508b7e124f20d1\",\"name\":\"Reda\u00e7\u00e3o\",\"image\":{\"@type\":\"ImageObject\",\"inLanguage\":\"pt-BR\",\"@id\":\"https:\/\/dublagembrasileira.com.br\/#\/schema\/person\/image\/\",\"url\":\"http:\/\/dublagembrasileira.com.br\/wp-content\/uploads\/2025\/06\/admin-96x96.jpg\",\"contentUrl\":\"http:\/\/dublagembrasileira.com.br\/wp-content\/uploads\/2025\/06\/admin-96x96.jpg\",\"caption\":\"Reda\u00e7\u00e3o\"},\"description\":\"Equipe do DB.\",\"sameAs\":[\"https:\/\/www.facebook.com\/dublagembrasileira\",\"https:\/\/www.instagram.com\/dbdublagembrasileira\",\"https:\/\/x.com\/dbdublagem\"],\"url\":\"https:\/\/dublagembrasileira.com.br\/?author=4\"}]}<\/script>\n<!-- \/ Yoast SEO plugin. -->","yoast_head_json":{"title":"Sana 19 encerra com a presen\u00e7a de dubladores. | DB - Dublagem Brasileira","robots":{"index":"index","follow":"follow","max-snippet":"max-snippet:-1","max-image-preview":"max-image-preview:large","max-video-preview":"max-video-preview:-1"},"canonical":"https:\/\/dublagembrasileira.com.br\/?p=907","og_locale":"pt_BR","og_type":"article","og_title":"Sana 19 encerra com a presen\u00e7a de dubladores. | DB - Dublagem Brasileira","og_description":"Sylvia Salusti e Garcia J\u00fanior ministram palestra e se divertem durante o Sana 19. Comemorando 19 anos, o Sana 2019 come\u00e7ou no \u00faltimo dia 12, no Centro de Eventos do Cear\u00e1, em Fortaleza. Entre as atra\u00e7\u00f5es para o p\u00fablico geek estavam o Desfile Cosplay e Cosplay InSana, Salas tem\u00e1ticas, Shows e a presen\u00e7a de Kristian Nairn, ator que interpretou o personagem \u201cHodor\u201d, na rec\u00e9m-conclu\u00edda s\u00e9rie Game of Thrones. No domingo (14), \u00faltimo dia do evento, os dubladores Garcia J\u00fanior e Sylvia Salusti estiveram no local ministrando uma palestra. Sylvia Salusti, \u00e9 conhecida por emprestar sua voz a personagens como P\u00e9rola (Steven Universo), Rapunzel (Enrolados), Jean Grey (X-Men s\u00e9rie animada), j\u00e1 o dubador e diretor\u00a0 Garcia J\u00fanior, \u00e9 conhecido pelas vozes de He-Man, Simba (Adulto), Fera (A Bela e a Fera), Arnold Schwarzenegger, dentre outros personagens. Atrav\u00e9s de um bate-papo leve e alegre, os dubladores falaram de suas carreiras em dublagem e receberam muito carinho dos f\u00e3s. Pra completar, teve at\u00e9 karaok\u00ea com algumas m\u00fasicas que Sylvia Salusti interpretou em filmes e s\u00e9ries.","og_url":"https:\/\/dublagembrasileira.com.br\/?p=907","og_site_name":"DB - Dublagem Brasileira","article_author":"https:\/\/www.facebook.com\/dublagembrasileira","article_published_time":"2019-07-17T16:46:38+00:00","article_modified_time":"2019-07-18T19:32:43+00:00","og_image":[{"width":704,"height":496,"url":"https:\/\/dublagembrasileira.com.br\/wp-content\/uploads\/2019\/07\/garcia_sylvia.jpg","type":"image\/jpeg"}],"author":"Reda\u00e7\u00e3o","twitter_card":"summary_large_image","twitter_creator":"@dbdublagem","twitter_misc":{"Escrito por":"Reda\u00e7\u00e3o","Est. tempo de leitura":"1 minuto"},"schema":{"@context":"https:\/\/schema.org","@graph":[{"@type":"Article","@id":"https:\/\/dublagembrasileira.com.br\/?p=907#article","isPartOf":{"@id":"https:\/\/dublagembrasileira.com.br\/?p=907"},"author":{"name":"Reda\u00e7\u00e3o","@id":"https:\/\/dublagembrasileira.com.br\/#\/schema\/person\/a75bac594c0e9a0b96508b7e124f20d1"},"headline":"Sana 19 encerra com a presen\u00e7a de dubladores.","datePublished":"2019-07-17T16:46:38+00:00","dateModified":"2019-07-18T19:32:43+00:00","mainEntityOfPage":{"@id":"https:\/\/dublagembrasileira.com.br\/?p=907"},"wordCount":229,"commentCount":0,"publisher":{"@id":"https:\/\/dublagembrasileira.com.br\/#organization"},"image":{"@id":"https:\/\/dublagembrasileira.com.br\/?p=907#primaryimage"},"thumbnailUrl":"https:\/\/dublagembrasileira.com.br\/wp-content\/uploads\/2019\/07\/garcia_sylvia.jpg","keywords":["acontece","dublado","dublador","dubladora","dubladores","dublagem","evento"],"articleSection":["Acontece","Not\u00edcias"],"inLanguage":"pt-BR","potentialAction":[{"@type":"CommentAction","name":"Comment","target":["https:\/\/dublagembrasileira.com.br\/?p=907#respond"]}]},{"@type":"WebPage","@id":"https:\/\/dublagembrasileira.com.br\/?p=907","url":"https:\/\/dublagembrasileira.com.br\/?p=907","name":"Sana 19 encerra com a presen\u00e7a de dubladores. | DB - Dublagem Brasileira","isPartOf":{"@id":"https:\/\/dublagembrasileira.com.br\/#website"},"primaryImageOfPage":{"@id":"https:\/\/dublagembrasileira.com.br\/?p=907#primaryimage"},"image":{"@id":"https:\/\/dublagembrasileira.com.br\/?p=907#primaryimage"},"thumbnailUrl":"https:\/\/dublagembrasileira.com.br\/wp-content\/uploads\/2019\/07\/garcia_sylvia.jpg","datePublished":"2019-07-17T16:46:38+00:00","dateModified":"2019-07-18T19:32:43+00:00","breadcrumb":{"@id":"https:\/\/dublagembrasileira.com.br\/?p=907#breadcrumb"},"inLanguage":"pt-BR","potentialAction":[{"@type":"ReadAction","target":["https:\/\/dublagembrasileira.com.br\/?p=907"]}]},{"@type":"ImageObject","inLanguage":"pt-BR","@id":"https:\/\/dublagembrasileira.com.br\/?p=907#primaryimage","url":"https:\/\/dublagembrasileira.com.br\/wp-content\/uploads\/2019\/07\/garcia_sylvia.jpg","contentUrl":"https:\/\/dublagembrasileira.com.br\/wp-content\/uploads\/2019\/07\/garcia_sylvia.jpg","width":704,"height":496},{"@type":"BreadcrumbList","@id":"https:\/\/dublagembrasileira.com.br\/?p=907#breadcrumb","itemListElement":[{"@type":"ListItem","position":1,"name":"In\u00edcio","item":"https:\/\/dublagembrasileira.com.br\/"},{"@type":"ListItem","position":2,"name":"Sana 19 encerra com a presen\u00e7a de dubladores."}]},{"@type":"WebSite","@id":"https:\/\/dublagembrasileira.com.br\/#website","url":"https:\/\/dublagembrasileira.com.br\/","name":"DB - Dublagem Brasileira","description":"O seu portal de dublagem.","publisher":{"@id":"https:\/\/dublagembrasileira.com.br\/#organization"},"potentialAction":[{"@type":"SearchAction","target":{"@type":"EntryPoint","urlTemplate":"https:\/\/dublagembrasileira.com.br\/?s={search_term_string}"},"query-input":{"@type":"PropertyValueSpecification","valueRequired":true,"valueName":"search_term_string"}}],"inLanguage":"pt-BR"},{"@type":"Organization","@id":"https:\/\/dublagembrasileira.com.br\/#organization","name":"DB - Dublagem Brasileira","url":"https:\/\/dublagembrasileira.com.br\/","logo":{"@type":"ImageObject","inLanguage":"pt-BR","@id":"https:\/\/dublagembrasileira.com.br\/#\/schema\/logo\/image\/","url":"https:\/\/dublagembrasileira.com.br\/wp-content\/uploads\/2019\/07\/cropped-logotipodb.png","contentUrl":"https:\/\/dublagembrasileira.com.br\/wp-content\/uploads\/2019\/07\/cropped-logotipodb.png","width":946,"height":589,"caption":"DB - Dublagem Brasileira"},"image":{"@id":"https:\/\/dublagembrasileira.com.br\/#\/schema\/logo\/image\/"}},{"@type":"Person","@id":"https:\/\/dublagembrasileira.com.br\/#\/schema\/person\/a75bac594c0e9a0b96508b7e124f20d1","name":"Reda\u00e7\u00e3o","image":{"@type":"ImageObject","inLanguage":"pt-BR","@id":"https:\/\/dublagembrasileira.com.br\/#\/schema\/person\/image\/","url":"http:\/\/dublagembrasileira.com.br\/wp-content\/uploads\/2025\/06\/admin-96x96.jpg","contentUrl":"http:\/\/dublagembrasileira.com.br\/wp-content\/uploads\/2025\/06\/admin-96x96.jpg","caption":"Reda\u00e7\u00e3o"},"description":"Equipe do DB.","sameAs":["https:\/\/www.facebook.com\/dublagembrasileira","https:\/\/www.instagram.com\/dbdublagembrasileira","https:\/\/x.com\/dbdublagem"],"url":"https:\/\/dublagembrasileira.com.br\/?author=4"}]}},"rttpg_featured_image_url":{"full":["https:\/\/dublagembrasileira.com.br\/wp-content\/uploads\/2019\/07\/garcia_sylvia.jpg",704,496,false],"landscape":["https:\/\/dublagembrasileira.com.br\/wp-content\/uploads\/2019\/07\/garcia_sylvia.jpg",704,496,false],"portraits":["https:\/\/dublagembrasileira.com.br\/wp-content\/uploads\/2019\/07\/garcia_sylvia.jpg",704,496,false],"thumbnail":["https:\/\/dublagembrasileira.com.br\/wp-content\/uploads\/2019\/07\/garcia_sylvia-150x150.jpg",150,150,true],"medium":["https:\/\/dublagembrasileira.com.br\/wp-content\/uploads\/2019\/07\/garcia_sylvia-300x211.jpg",300,211,true],"large":["https:\/\/dublagembrasileira.com.br\/wp-content\/uploads\/2019\/07\/garcia_sylvia.jpg",640,451,false],"1536x1536":["https:\/\/dublagembrasileira.com.br\/wp-content\/uploads\/2019\/07\/garcia_sylvia.jpg",704,496,false],"2048x2048":["https:\/\/dublagembrasileira.com.br\/wp-content\/uploads\/2019\/07\/garcia_sylvia.jpg",704,496,false],"eggnews-slider-large":["https:\/\/dublagembrasileira.com.br\/wp-content\/uploads\/2019\/07\/garcia_sylvia.jpg",704,496,false],"eggnews-featured-medium":["https:\/\/dublagembrasileira.com.br\/wp-content\/uploads\/2019\/07\/garcia_sylvia-420x307.jpg",420,307,true],"eggnews-featured-long":["https:\/\/dublagembrasileira.com.br\/wp-content\/uploads\/2019\/07\/garcia_sylvia-300x443.jpg",300,443,true],"eggnews-block-medium":["https:\/\/dublagembrasileira.com.br\/wp-content\/uploads\/2019\/07\/garcia_sylvia-464x290.jpg",464,290,true],"eggnews-carousel-image":["https:\/\/dublagembrasileira.com.br\/wp-content\/uploads\/2019\/07\/garcia_sylvia-600x496.jpg",600,496,true],"eggnews-block-thumb":["https:\/\/dublagembrasileira.com.br\/wp-content\/uploads\/2019\/07\/garcia_sylvia-322x230.jpg",322,230,true],"eggnews-single-large":["https:\/\/dublagembrasileira.com.br\/wp-content\/uploads\/2019\/07\/garcia_sylvia.jpg",704,496,false],"crp_thumbnail":["https:\/\/dublagembrasileira.com.br\/wp-content\/uploads\/2019\/07\/garcia_sylvia-150x150.jpg",150,150,true]},"rttpg_author":{"display_name":"Reda\u00e7\u00e3o","author_link":"https:\/\/dublagembrasileira.com.br\/?author=4"},"rttpg_comment":0,"rttpg_category":"<a href=\"https:\/\/dublagembrasileira.com.br\/?cat=21\" rel=\"category\">Acontece<\/a> <a href=\"https:\/\/dublagembrasileira.com.br\/?cat=13\" rel=\"category\">Not\u00edcias<\/a>","rttpg_excerpt":"Sylvia Salusti e Garcia J\u00fanior ministram palestra e se divertem durante o Sana 19. Comemorando 19 anos, o Sana 2019 come\u00e7ou no \u00faltimo dia 12, no Centro de Eventos do Cear\u00e1, em Fortaleza. Entre as atra\u00e7\u00f5es para o p\u00fablico geek estavam o Desfile Cosplay e Cosplay InSana, Salas tem\u00e1ticas, Shows e a presen\u00e7a de Kristian&hellip;","_links":{"self":[{"href":"https:\/\/dublagembrasileira.com.br\/index.php?rest_route=\/wp\/v2\/posts\/907","targetHints":{"allow":["GET"]}}],"collection":[{"href":"https:\/\/dublagembrasileira.com.br\/index.php?rest_route=\/wp\/v2\/posts"}],"about":[{"href":"https:\/\/dublagembrasileira.com.br\/index.php?rest_route=\/wp\/v2\/types\/post"}],"author":[{"embeddable":true,"href":"https:\/\/dublagembrasileira.com.br\/index.php?rest_route=\/wp\/v2\/users\/4"}],"replies":[{"embeddable":true,"href":"https:\/\/dublagembrasileira.com.br\/index.php?rest_route=%2Fwp%2Fv2%2Fcomments&post=907"}],"version-history":[{"count":3,"href":"https:\/\/dublagembrasileira.com.br\/index.php?rest_route=\/wp\/v2\/posts\/907\/revisions"}],"predecessor-version":[{"id":913,"href":"https:\/\/dublagembrasileira.com.br\/index.php?rest_route=\/wp\/v2\/posts\/907\/revisions\/913"}],"wp:featuredmedia":[{"embeddable":true,"href":"https:\/\/dublagembrasileira.com.br\/index.php?rest_route=\/wp\/v2\/media\/910"}],"wp:attachment":[{"href":"https:\/\/dublagembrasileira.com.br\/index.php?rest_route=%2Fwp%2Fv2%2Fmedia&parent=907"}],"wp:term":[{"taxonomy":"category","embeddable":true,"href":"https:\/\/dublagembrasileira.com.br\/index.php?rest_route=%2Fwp%2Fv2%2Fcategories&post=907"},{"taxonomy":"post_tag","embeddable":true,"href":"https:\/\/dublagembrasileira.com.br\/index.php?rest_route=%2Fwp%2Fv2%2Ftags&post=907"}],"curies":[{"name":"wp","href":"https:\/\/api.w.org\/{rel}","templated":true}]}}