{"id":9065,"date":"2022-06-13T21:32:00","date_gmt":"2022-06-13T21:32:00","guid":{"rendered":"https:\/\/dublagembrasileira.com.br\/?p=9065"},"modified":"2022-06-13T22:31:39","modified_gmt":"2022-06-13T22:31:39","slug":"a-voz-de-um-heroi-parte-2","status":"publish","type":"post","link":"https:\/\/dublagembrasileira.com.br\/?p=9065","title":{"rendered":"A voz de um her\u00f3i &#8211; Parte 2"},"content":{"rendered":"<h1 style=\"text-align: center;\"><img fetchpriority=\"high\" decoding=\"async\" class=\"alignnone size-full wp-image-2253 aligncenter\" src=\"http:\/\/dublagembrasileira.com.br\/wp-content\/uploads\/2019\/08\/pensando_em_dublagem.jpg\" alt=\"\" width=\"742\" height=\"260\" srcset=\"https:\/\/dublagembrasileira.com.br\/wp-content\/uploads\/2019\/08\/pensando_em_dublagem.jpg 742w, https:\/\/dublagembrasileira.com.br\/wp-content\/uploads\/2019\/08\/pensando_em_dublagem-300x105.jpg 300w\" sizes=\"(max-width: 742px) 100vw, 742px\" \/><strong>A voz de um her\u00f3i &#8211; Parte 2<\/strong><\/h1>\n<p style=\"text-align: center;\"><strong>Por: <span class=\"st\">Dennis Rodrigo Oliveira<\/span><\/strong><\/p>\n<hr \/>\n<p style=\"text-align: justify;\">Houston, temos um problema&#8230; Ou ser\u00e1 que n\u00e3o? Consolidando a alegria dos nerds apaixonados por filmes de super-her\u00f3is, o trailer de<strong> Ad\u00e3o Negro<\/strong> chegou no \u00faltimo dia 8 e a vers\u00e3o dublada nos traz o lend\u00e1rio Garcia Junior no papel principal. E isso \u00e9 fant\u00e1stico, claro, mas eu ainda espero sinceramente que isso n\u00e3o comprometa uma eventual escala\u00e7\u00e3o do ator como o Batman Michael Keaton nos vindouros <strong>Flash<\/strong> e <strong>Batgirl<\/strong>.<\/p>\n<p style=\"text-align: justify;\">O caminh\u00e3o de carisma e m\u00fasculos que atende pelo nome Dwayne Johnson, ou<br \/>\nsimplesmente The Rock, \u00e9 no jarg\u00e3o da dublagem um \u201cboneco\u201d mais comumente<br \/>\nassociado ao grande Guilherme Briggs, mas no universo compartilhado de filmes da DC, ele dubla o Superman, que merecia mais destaque, mas isso \u00e9 outra hist\u00f3ria&#8230; No referido trailer, Garcia j\u00e1 deu show e \u00e9 sempre bom conferir uma nova performance dele&#8230; Quem viu o Almirante Warlock que ele dublou em <strong>Top Gun Maverick<\/strong> sabe do que estou falando! \u00c9 sensacional!<\/p>\n<p style=\"text-align: justify;\">A raz\u00e3o do meu desassossego particular \u00e9 que, \u00e0s vezes, considerando filmes que tem muitas sequ\u00eancias, alguns dubladores ficam \u201cbloqueados\u201d. Ocorreu com Phillipe Maia, que dublou in\u00fameros longas do ator Ryan Reynolds, mas n\u00e3o o fez em <strong>Deadpool<\/strong>, pois segundo o est\u00fadio ele havia feito a vers\u00e3o jovem do Coronel Stryker na franquia <strong>X-Men<\/strong> e houve receio de que os personagens se encontrassem&#8230; Nunca aconteceu, nem ir\u00e1 (nem na moda do conceito recente de Multiverso).<\/p>\n<p style=\"text-align: justify;\">E eu realmente acredito que os f\u00e3s merecem apreciar o Batman Michael Keaton na voz de Garcia Junior&#8230; Pelo hist\u00f3rico que ele tem com filme pregressos do ator, pela carga heroica de sua voz traz, digna do legado que Nilton Val\u00e9rio construiu no Homem-Morcego nos filmes de 1989 e 1992. Com um bocado de sorte, quem sabe no futuro vamos conferir um embate entre Ad\u00e3o Negro e Superman? E a\u00ed teremos novamente a interpreta\u00e7\u00e3o de primeira grandeza entre Guilherme Briggs e Garcia Junior como ocorreu em <strong>O Pr\u00edncipe do Egito<\/strong> (1998). Seria excepcional ter isso novamente!<\/p>\n<p style=\"text-align: justify;\">A dublagem de um trailer pode nem ser definitiva e, talvez, eu esteja sofrendo por anteced\u00eancia, mas por mais que existam boatos de que Keaton ser\u00e1 consolidado como o Batman do Universo DC ap\u00f3s a reformula\u00e7\u00e3o que o filme do Flash ir\u00e1 trazer, quero crer que Garcia pode atuar em ambas as frentes, seja como o poderoso Ad\u00e3o Negro ou como um veterano Cavaleiro das Trevas&#8230; Sem problemas.<\/p>\n","protected":false},"excerpt":{"rendered":"<p>A voz de um her\u00f3i &#8211; Parte 2 Por: Dennis Rodrigo Oliveira Houston, temos um problema&#8230; Ou ser\u00e1 que n\u00e3o? Consolidando a alegria dos nerds apaixonados por filmes de super-her\u00f3is, o trailer de Ad\u00e3o Negro chegou no \u00faltimo dia 8 e a vers\u00e3o dublada nos traz o lend\u00e1rio Garcia Junior no papel principal. E isso \u00e9 fant\u00e1stico, claro, mas eu ainda espero sinceramente que isso n\u00e3o comprometa uma eventual escala\u00e7\u00e3o do ator como o Batman Michael Keaton nos vindouros Flash e Batgirl. O caminh\u00e3o de carisma e m\u00fasculos que atende pelo nome Dwayne Johnson, ou simplesmente The Rock, \u00e9 no jarg\u00e3o da dublagem um \u201cboneco\u201d mais comumente associado ao grande Guilherme Briggs, mas no universo compartilhado de filmes da DC, ele dubla o Superman, que merecia mais destaque, mas isso \u00e9 outra hist\u00f3ria&#8230; No referido trailer, Garcia j\u00e1 deu show e \u00e9 sempre bom conferir uma nova performance dele&#8230; Quem viu o Almirante Warlock que ele dublou em Top Gun Maverick sabe do que estou falando! \u00c9 sensacional! A raz\u00e3o do meu desassossego particular \u00e9 que, \u00e0s vezes, considerando filmes que tem muitas sequ\u00eancias, alguns dubladores ficam \u201cbloqueados\u201d. Ocorreu com Phillipe Maia, que dublou in\u00fameros longas do ator Ryan Reynolds, mas n\u00e3o o fez em Deadpool, pois segundo o est\u00fadio ele havia feito a vers\u00e3o jovem do Coronel Stryker na franquia X-Men e houve receio de que os personagens se encontrassem&#8230; Nunca aconteceu, nem ir\u00e1 (nem na moda do conceito recente de Multiverso). E eu realmente acredito que os f\u00e3s merecem apreciar o Batman Michael Keaton na voz de Garcia Junior&#8230; Pelo hist\u00f3rico que ele tem com filme pregressos do ator, pela carga heroica de sua voz traz, digna do legado que Nilton Val\u00e9rio construiu no Homem-Morcego nos filmes de 1989 e 1992. Com um bocado de sorte, quem sabe no futuro vamos conferir um embate entre Ad\u00e3o Negro e Superman? E a\u00ed teremos novamente a interpreta\u00e7\u00e3o de primeira grandeza entre Guilherme Briggs e Garcia Junior como ocorreu em O Pr\u00edncipe do Egito (1998). Seria excepcional ter isso novamente! A dublagem de um trailer pode nem ser definitiva e, talvez, eu esteja sofrendo por anteced\u00eancia, mas por mais que existam boatos de que Keaton ser\u00e1 consolidado como o Batman do Universo DC ap\u00f3s a reformula\u00e7\u00e3o que o filme do Flash ir\u00e1 trazer, quero crer que Garcia pode atuar em ambas as frentes, seja como o poderoso Ad\u00e3o Negro ou como um veterano Cavaleiro das Trevas&#8230; Sem problemas.<\/p>\n","protected":false},"author":7,"featured_media":9087,"comment_status":"open","ping_status":"open","sticky":false,"template":"","format":"standard","meta":{"_monsterinsights_skip_tracking":false,"_monsterinsights_sitenote_active":false,"_monsterinsights_sitenote_note":"","_monsterinsights_sitenote_category":0,"footnotes":""},"categories":[7,2,15,164],"tags":[],"class_list":["post-9065","post","type-post","status-publish","format-standard","has-post-thumbnail","hentry","category-cinema","category-filmes","category-materias","category-pensando-em-dublagem"],"yoast_head":"<!-- This site is optimized with the Yoast SEO plugin v26.1.1 - https:\/\/yoast.com\/wordpress\/plugins\/seo\/ -->\n<title>A voz de um her\u00f3i - Parte 2 | DB - Dublagem Brasileira<\/title>\n<meta name=\"description\" content=\"Dennis Rodrigo comenta suas primeiras impress\u00f5es sobre o trailer dublado de Ad\u00e3o Negro.\" \/>\n<meta name=\"robots\" content=\"index, follow, max-snippet:-1, max-image-preview:large, max-video-preview:-1\" \/>\n<link rel=\"canonical\" href=\"https:\/\/dublagembrasileira.com.br\/?p=9065\" \/>\n<meta property=\"og:locale\" content=\"pt_BR\" \/>\n<meta property=\"og:type\" content=\"article\" \/>\n<meta property=\"og:title\" content=\"A voz de um her\u00f3i - Parte 2 | DB - Dublagem Brasileira\" \/>\n<meta property=\"og:description\" content=\"Dennis Rodrigo comenta suas primeiras impress\u00f5es sobre o trailer dublado de Ad\u00e3o Negro.\" \/>\n<meta property=\"og:url\" content=\"https:\/\/dublagembrasileira.com.br\/?p=9065\" \/>\n<meta property=\"og:site_name\" content=\"DB - Dublagem Brasileira\" \/>\n<meta property=\"article:published_time\" content=\"2022-06-13T21:32:00+00:00\" \/>\n<meta property=\"article:modified_time\" content=\"2022-06-13T22:31:39+00:00\" \/>\n<meta property=\"og:image\" content=\"https:\/\/dublagembrasileira.com.br\/wp-content\/uploads\/2022\/06\/adao_negro.jpg\" \/>\n\t<meta property=\"og:image:width\" content=\"704\" \/>\n\t<meta property=\"og:image:height\" content=\"496\" \/>\n\t<meta property=\"og:image:type\" content=\"image\/jpeg\" \/>\n<meta name=\"author\" content=\"Dennis Rodrigo Oliveira\" \/>\n<meta name=\"twitter:card\" content=\"summary_large_image\" \/>\n<meta name=\"twitter:label1\" content=\"Escrito por\" \/>\n\t<meta name=\"twitter:data1\" content=\"Dennis Rodrigo Oliveira\" \/>\n\t<meta name=\"twitter:label2\" content=\"Est. tempo de leitura\" \/>\n\t<meta name=\"twitter:data2\" content=\"2 minutos\" \/>\n<script type=\"application\/ld+json\" class=\"yoast-schema-graph\">{\"@context\":\"https:\/\/schema.org\",\"@graph\":[{\"@type\":\"Article\",\"@id\":\"https:\/\/dublagembrasileira.com.br\/?p=9065#article\",\"isPartOf\":{\"@id\":\"https:\/\/dublagembrasileira.com.br\/?p=9065\"},\"author\":{\"name\":\"Dennis Rodrigo Oliveira\",\"@id\":\"https:\/\/dublagembrasileira.com.br\/#\/schema\/person\/42f7a526e6e4be0e442e9047d4c4f1e1\"},\"headline\":\"A voz de um her\u00f3i &#8211; Parte 2\",\"datePublished\":\"2022-06-13T21:32:00+00:00\",\"dateModified\":\"2022-06-13T22:31:39+00:00\",\"mainEntityOfPage\":{\"@id\":\"https:\/\/dublagembrasileira.com.br\/?p=9065\"},\"wordCount\":433,\"commentCount\":0,\"publisher\":{\"@id\":\"https:\/\/dublagembrasileira.com.br\/#organization\"},\"image\":{\"@id\":\"https:\/\/dublagembrasileira.com.br\/?p=9065#primaryimage\"},\"thumbnailUrl\":\"https:\/\/dublagembrasileira.com.br\/wp-content\/uploads\/2022\/06\/adao_negro.jpg\",\"articleSection\":[\"Cinema\",\"Filmes\",\"Mat\u00e9rias\",\"Pensando em Dublagem\"],\"inLanguage\":\"pt-BR\",\"potentialAction\":[{\"@type\":\"CommentAction\",\"name\":\"Comment\",\"target\":[\"https:\/\/dublagembrasileira.com.br\/?p=9065#respond\"]}]},{\"@type\":\"WebPage\",\"@id\":\"https:\/\/dublagembrasileira.com.br\/?p=9065\",\"url\":\"https:\/\/dublagembrasileira.com.br\/?p=9065\",\"name\":\"A voz de um her\u00f3i - Parte 2 | DB - Dublagem Brasileira\",\"isPartOf\":{\"@id\":\"https:\/\/dublagembrasileira.com.br\/#website\"},\"primaryImageOfPage\":{\"@id\":\"https:\/\/dublagembrasileira.com.br\/?p=9065#primaryimage\"},\"image\":{\"@id\":\"https:\/\/dublagembrasileira.com.br\/?p=9065#primaryimage\"},\"thumbnailUrl\":\"https:\/\/dublagembrasileira.com.br\/wp-content\/uploads\/2022\/06\/adao_negro.jpg\",\"datePublished\":\"2022-06-13T21:32:00+00:00\",\"dateModified\":\"2022-06-13T22:31:39+00:00\",\"description\":\"Dennis Rodrigo comenta suas primeiras impress\u00f5es sobre o trailer dublado de Ad\u00e3o Negro.\",\"breadcrumb\":{\"@id\":\"https:\/\/dublagembrasileira.com.br\/?p=9065#breadcrumb\"},\"inLanguage\":\"pt-BR\",\"potentialAction\":[{\"@type\":\"ReadAction\",\"target\":[\"https:\/\/dublagembrasileira.com.br\/?p=9065\"]}]},{\"@type\":\"ImageObject\",\"inLanguage\":\"pt-BR\",\"@id\":\"https:\/\/dublagembrasileira.com.br\/?p=9065#primaryimage\",\"url\":\"https:\/\/dublagembrasileira.com.br\/wp-content\/uploads\/2022\/06\/adao_negro.jpg\",\"contentUrl\":\"https:\/\/dublagembrasileira.com.br\/wp-content\/uploads\/2022\/06\/adao_negro.jpg\",\"width\":704,\"height\":496},{\"@type\":\"BreadcrumbList\",\"@id\":\"https:\/\/dublagembrasileira.com.br\/?p=9065#breadcrumb\",\"itemListElement\":[{\"@type\":\"ListItem\",\"position\":1,\"name\":\"In\u00edcio\",\"item\":\"https:\/\/dublagembrasileira.com.br\/\"},{\"@type\":\"ListItem\",\"position\":2,\"name\":\"A voz de um her\u00f3i &#8211; Parte 2\"}]},{\"@type\":\"WebSite\",\"@id\":\"https:\/\/dublagembrasileira.com.br\/#website\",\"url\":\"https:\/\/dublagembrasileira.com.br\/\",\"name\":\"DB - Dublagem Brasileira\",\"description\":\"O seu portal de dublagem.\",\"publisher\":{\"@id\":\"https:\/\/dublagembrasileira.com.br\/#organization\"},\"potentialAction\":[{\"@type\":\"SearchAction\",\"target\":{\"@type\":\"EntryPoint\",\"urlTemplate\":\"https:\/\/dublagembrasileira.com.br\/?s={search_term_string}\"},\"query-input\":{\"@type\":\"PropertyValueSpecification\",\"valueRequired\":true,\"valueName\":\"search_term_string\"}}],\"inLanguage\":\"pt-BR\"},{\"@type\":\"Organization\",\"@id\":\"https:\/\/dublagembrasileira.com.br\/#organization\",\"name\":\"DB - Dublagem Brasileira\",\"url\":\"https:\/\/dublagembrasileira.com.br\/\",\"logo\":{\"@type\":\"ImageObject\",\"inLanguage\":\"pt-BR\",\"@id\":\"https:\/\/dublagembrasileira.com.br\/#\/schema\/logo\/image\/\",\"url\":\"https:\/\/dublagembrasileira.com.br\/wp-content\/uploads\/2019\/07\/cropped-logotipodb.png\",\"contentUrl\":\"https:\/\/dublagembrasileira.com.br\/wp-content\/uploads\/2019\/07\/cropped-logotipodb.png\",\"width\":946,\"height\":589,\"caption\":\"DB - Dublagem Brasileira\"},\"image\":{\"@id\":\"https:\/\/dublagembrasileira.com.br\/#\/schema\/logo\/image\/\"}},{\"@type\":\"Person\",\"@id\":\"https:\/\/dublagembrasileira.com.br\/#\/schema\/person\/42f7a526e6e4be0e442e9047d4c4f1e1\",\"name\":\"Dennis Rodrigo Oliveira\",\"image\":{\"@type\":\"ImageObject\",\"inLanguage\":\"pt-BR\",\"@id\":\"https:\/\/dublagembrasileira.com.br\/#\/schema\/person\/image\/\",\"url\":\"http:\/\/dublagembrasileira.com.br\/wp-content\/uploads\/2025\/06\/dennisoliveira-96x96.jpg\",\"contentUrl\":\"http:\/\/dublagembrasileira.com.br\/wp-content\/uploads\/2025\/06\/dennisoliveira-96x96.jpg\",\"caption\":\"Dennis Rodrigo Oliveira\"},\"url\":\"https:\/\/dublagembrasileira.com.br\/?author=7\"}]}<\/script>\n<!-- \/ Yoast SEO plugin. -->","yoast_head_json":{"title":"A voz de um her\u00f3i - Parte 2 | DB - Dublagem Brasileira","description":"Dennis Rodrigo comenta suas primeiras impress\u00f5es sobre o trailer dublado de Ad\u00e3o Negro.","robots":{"index":"index","follow":"follow","max-snippet":"max-snippet:-1","max-image-preview":"max-image-preview:large","max-video-preview":"max-video-preview:-1"},"canonical":"https:\/\/dublagembrasileira.com.br\/?p=9065","og_locale":"pt_BR","og_type":"article","og_title":"A voz de um her\u00f3i - Parte 2 | DB - Dublagem Brasileira","og_description":"Dennis Rodrigo comenta suas primeiras impress\u00f5es sobre o trailer dublado de Ad\u00e3o Negro.","og_url":"https:\/\/dublagembrasileira.com.br\/?p=9065","og_site_name":"DB - Dublagem Brasileira","article_published_time":"2022-06-13T21:32:00+00:00","article_modified_time":"2022-06-13T22:31:39+00:00","og_image":[{"width":704,"height":496,"url":"https:\/\/dublagembrasileira.com.br\/wp-content\/uploads\/2022\/06\/adao_negro.jpg","type":"image\/jpeg"}],"author":"Dennis Rodrigo Oliveira","twitter_card":"summary_large_image","twitter_misc":{"Escrito por":"Dennis Rodrigo Oliveira","Est. tempo de leitura":"2 minutos"},"schema":{"@context":"https:\/\/schema.org","@graph":[{"@type":"Article","@id":"https:\/\/dublagembrasileira.com.br\/?p=9065#article","isPartOf":{"@id":"https:\/\/dublagembrasileira.com.br\/?p=9065"},"author":{"name":"Dennis Rodrigo Oliveira","@id":"https:\/\/dublagembrasileira.com.br\/#\/schema\/person\/42f7a526e6e4be0e442e9047d4c4f1e1"},"headline":"A voz de um her\u00f3i &#8211; Parte 2","datePublished":"2022-06-13T21:32:00+00:00","dateModified":"2022-06-13T22:31:39+00:00","mainEntityOfPage":{"@id":"https:\/\/dublagembrasileira.com.br\/?p=9065"},"wordCount":433,"commentCount":0,"publisher":{"@id":"https:\/\/dublagembrasileira.com.br\/#organization"},"image":{"@id":"https:\/\/dublagembrasileira.com.br\/?p=9065#primaryimage"},"thumbnailUrl":"https:\/\/dublagembrasileira.com.br\/wp-content\/uploads\/2022\/06\/adao_negro.jpg","articleSection":["Cinema","Filmes","Mat\u00e9rias","Pensando em Dublagem"],"inLanguage":"pt-BR","potentialAction":[{"@type":"CommentAction","name":"Comment","target":["https:\/\/dublagembrasileira.com.br\/?p=9065#respond"]}]},{"@type":"WebPage","@id":"https:\/\/dublagembrasileira.com.br\/?p=9065","url":"https:\/\/dublagembrasileira.com.br\/?p=9065","name":"A voz de um her\u00f3i - Parte 2 | DB - Dublagem Brasileira","isPartOf":{"@id":"https:\/\/dublagembrasileira.com.br\/#website"},"primaryImageOfPage":{"@id":"https:\/\/dublagembrasileira.com.br\/?p=9065#primaryimage"},"image":{"@id":"https:\/\/dublagembrasileira.com.br\/?p=9065#primaryimage"},"thumbnailUrl":"https:\/\/dublagembrasileira.com.br\/wp-content\/uploads\/2022\/06\/adao_negro.jpg","datePublished":"2022-06-13T21:32:00+00:00","dateModified":"2022-06-13T22:31:39+00:00","description":"Dennis Rodrigo comenta suas primeiras impress\u00f5es sobre o trailer dublado de Ad\u00e3o Negro.","breadcrumb":{"@id":"https:\/\/dublagembrasileira.com.br\/?p=9065#breadcrumb"},"inLanguage":"pt-BR","potentialAction":[{"@type":"ReadAction","target":["https:\/\/dublagembrasileira.com.br\/?p=9065"]}]},{"@type":"ImageObject","inLanguage":"pt-BR","@id":"https:\/\/dublagembrasileira.com.br\/?p=9065#primaryimage","url":"https:\/\/dublagembrasileira.com.br\/wp-content\/uploads\/2022\/06\/adao_negro.jpg","contentUrl":"https:\/\/dublagembrasileira.com.br\/wp-content\/uploads\/2022\/06\/adao_negro.jpg","width":704,"height":496},{"@type":"BreadcrumbList","@id":"https:\/\/dublagembrasileira.com.br\/?p=9065#breadcrumb","itemListElement":[{"@type":"ListItem","position":1,"name":"In\u00edcio","item":"https:\/\/dublagembrasileira.com.br\/"},{"@type":"ListItem","position":2,"name":"A voz de um her\u00f3i &#8211; Parte 2"}]},{"@type":"WebSite","@id":"https:\/\/dublagembrasileira.com.br\/#website","url":"https:\/\/dublagembrasileira.com.br\/","name":"DB - Dublagem Brasileira","description":"O seu portal de dublagem.","publisher":{"@id":"https:\/\/dublagembrasileira.com.br\/#organization"},"potentialAction":[{"@type":"SearchAction","target":{"@type":"EntryPoint","urlTemplate":"https:\/\/dublagembrasileira.com.br\/?s={search_term_string}"},"query-input":{"@type":"PropertyValueSpecification","valueRequired":true,"valueName":"search_term_string"}}],"inLanguage":"pt-BR"},{"@type":"Organization","@id":"https:\/\/dublagembrasileira.com.br\/#organization","name":"DB - Dublagem Brasileira","url":"https:\/\/dublagembrasileira.com.br\/","logo":{"@type":"ImageObject","inLanguage":"pt-BR","@id":"https:\/\/dublagembrasileira.com.br\/#\/schema\/logo\/image\/","url":"https:\/\/dublagembrasileira.com.br\/wp-content\/uploads\/2019\/07\/cropped-logotipodb.png","contentUrl":"https:\/\/dublagembrasileira.com.br\/wp-content\/uploads\/2019\/07\/cropped-logotipodb.png","width":946,"height":589,"caption":"DB - Dublagem Brasileira"},"image":{"@id":"https:\/\/dublagembrasileira.com.br\/#\/schema\/logo\/image\/"}},{"@type":"Person","@id":"https:\/\/dublagembrasileira.com.br\/#\/schema\/person\/42f7a526e6e4be0e442e9047d4c4f1e1","name":"Dennis Rodrigo Oliveira","image":{"@type":"ImageObject","inLanguage":"pt-BR","@id":"https:\/\/dublagembrasileira.com.br\/#\/schema\/person\/image\/","url":"http:\/\/dublagembrasileira.com.br\/wp-content\/uploads\/2025\/06\/dennisoliveira-96x96.jpg","contentUrl":"http:\/\/dublagembrasileira.com.br\/wp-content\/uploads\/2025\/06\/dennisoliveira-96x96.jpg","caption":"Dennis Rodrigo Oliveira"},"url":"https:\/\/dublagembrasileira.com.br\/?author=7"}]}},"rttpg_featured_image_url":{"full":["https:\/\/dublagembrasileira.com.br\/wp-content\/uploads\/2022\/06\/adao_negro.jpg",704,496,false],"landscape":["https:\/\/dublagembrasileira.com.br\/wp-content\/uploads\/2022\/06\/adao_negro.jpg",704,496,false],"portraits":["https:\/\/dublagembrasileira.com.br\/wp-content\/uploads\/2022\/06\/adao_negro.jpg",704,496,false],"thumbnail":["https:\/\/dublagembrasileira.com.br\/wp-content\/uploads\/2022\/06\/adao_negro-150x150.jpg",150,150,true],"medium":["https:\/\/dublagembrasileira.com.br\/wp-content\/uploads\/2022\/06\/adao_negro-300x211.jpg",300,211,true],"large":["https:\/\/dublagembrasileira.com.br\/wp-content\/uploads\/2022\/06\/adao_negro.jpg",640,451,false],"1536x1536":["https:\/\/dublagembrasileira.com.br\/wp-content\/uploads\/2022\/06\/adao_negro.jpg",704,496,false],"2048x2048":["https:\/\/dublagembrasileira.com.br\/wp-content\/uploads\/2022\/06\/adao_negro.jpg",704,496,false],"eggnews-slider-large":["https:\/\/dublagembrasileira.com.br\/wp-content\/uploads\/2022\/06\/adao_negro.jpg",704,496,false],"eggnews-featured-medium":["https:\/\/dublagembrasileira.com.br\/wp-content\/uploads\/2022\/06\/adao_negro-420x307.jpg",420,307,true],"eggnews-featured-long":["https:\/\/dublagembrasileira.com.br\/wp-content\/uploads\/2022\/06\/adao_negro-300x443.jpg",300,443,true],"eggnews-block-medium":["https:\/\/dublagembrasileira.com.br\/wp-content\/uploads\/2022\/06\/adao_negro-464x290.jpg",464,290,true],"eggnews-carousel-image":["https:\/\/dublagembrasileira.com.br\/wp-content\/uploads\/2022\/06\/adao_negro-600x496.jpg",600,496,true],"eggnews-block-thumb":["https:\/\/dublagembrasileira.com.br\/wp-content\/uploads\/2022\/06\/adao_negro-322x230.jpg",322,230,true],"eggnews-single-large":["https:\/\/dublagembrasileira.com.br\/wp-content\/uploads\/2022\/06\/adao_negro.jpg",704,496,false],"crp_thumbnail":["https:\/\/dublagembrasileira.com.br\/wp-content\/uploads\/2022\/06\/adao_negro-150x150.jpg",150,150,true]},"rttpg_author":{"display_name":"Dennis Rodrigo Oliveira","author_link":"https:\/\/dublagembrasileira.com.br\/?author=7"},"rttpg_comment":1,"rttpg_category":"<a href=\"https:\/\/dublagembrasileira.com.br\/?cat=7\" rel=\"category\">Cinema<\/a> <a href=\"https:\/\/dublagembrasileira.com.br\/?cat=2\" rel=\"category\">Filmes<\/a> <a href=\"https:\/\/dublagembrasileira.com.br\/?cat=15\" rel=\"category\">Mat\u00e9rias<\/a> <a href=\"https:\/\/dublagembrasileira.com.br\/?cat=164\" rel=\"category\">Pensando em Dublagem<\/a>","rttpg_excerpt":"A voz de um her\u00f3i &#8211; Parte 2 Por: Dennis Rodrigo Oliveira Houston, temos um problema&#8230; Ou ser\u00e1 que n\u00e3o? Consolidando a alegria dos nerds apaixonados por filmes de super-her\u00f3is, o trailer de Ad\u00e3o Negro chegou no \u00faltimo dia 8 e a vers\u00e3o dublada nos traz o lend\u00e1rio Garcia Junior no papel principal. E isso&hellip;","_links":{"self":[{"href":"https:\/\/dublagembrasileira.com.br\/index.php?rest_route=\/wp\/v2\/posts\/9065","targetHints":{"allow":["GET"]}}],"collection":[{"href":"https:\/\/dublagembrasileira.com.br\/index.php?rest_route=\/wp\/v2\/posts"}],"about":[{"href":"https:\/\/dublagembrasileira.com.br\/index.php?rest_route=\/wp\/v2\/types\/post"}],"author":[{"embeddable":true,"href":"https:\/\/dublagembrasileira.com.br\/index.php?rest_route=\/wp\/v2\/users\/7"}],"replies":[{"embeddable":true,"href":"https:\/\/dublagembrasileira.com.br\/index.php?rest_route=%2Fwp%2Fv2%2Fcomments&post=9065"}],"version-history":[{"count":1,"href":"https:\/\/dublagembrasileira.com.br\/index.php?rest_route=\/wp\/v2\/posts\/9065\/revisions"}],"predecessor-version":[{"id":9067,"href":"https:\/\/dublagembrasileira.com.br\/index.php?rest_route=\/wp\/v2\/posts\/9065\/revisions\/9067"}],"wp:featuredmedia":[{"embeddable":true,"href":"https:\/\/dublagembrasileira.com.br\/index.php?rest_route=\/wp\/v2\/media\/9087"}],"wp:attachment":[{"href":"https:\/\/dublagembrasileira.com.br\/index.php?rest_route=%2Fwp%2Fv2%2Fmedia&parent=9065"}],"wp:term":[{"taxonomy":"category","embeddable":true,"href":"https:\/\/dublagembrasileira.com.br\/index.php?rest_route=%2Fwp%2Fv2%2Fcategories&post=9065"},{"taxonomy":"post_tag","embeddable":true,"href":"https:\/\/dublagembrasileira.com.br\/index.php?rest_route=%2Fwp%2Fv2%2Ftags&post=9065"}],"curies":[{"name":"wp","href":"https:\/\/api.w.org\/{rel}","templated":true}]}}