{"id":9060,"date":"2022-03-26T22:02:02","date_gmt":"2022-03-26T22:02:02","guid":{"rendered":"https:\/\/dublagembrasileira.com.br\/?p=9060"},"modified":"2022-06-10T22:11:21","modified_gmt":"2022-06-10T22:11:21","slug":"dublador-claudio-galvan-estara-na-novela-pantanal","status":"publish","type":"post","link":"https:\/\/dublagembrasileira.com.br\/?p=9060","title":{"rendered":"Dublador Claudio Galvan estar\u00e1 na novela Pantanal."},"content":{"rendered":"<div class=\"elementor-element elementor-element-2f702e88 elementor-widget elementor-widget-text-editor\" data-id=\"2f702e88\" data-element_type=\"widget\" data-widget_type=\"text-editor.default\">\n<div class=\"elementor-widget-container\">\n<div class=\"elementor-text-editor elementor-clearfix\">\n<h4><i>Galvan \u00e9 conhecido por emprestar sua voz a grandes personagens, entre os quais o Pato Donald.<\/i><\/h4>\n<hr \/>\n<\/div>\n<\/div>\n<\/div>\n<p style=\"text-align: justify;\">Na pr\u00f3xima novela das 9, <strong>Pantanal, <\/strong>Ari far\u00e1 a conex\u00e3o de Jos\u00e9 Le\u00f4ncio (Marcos Palmeira), por voz, com o mundo urbano. O personagem ser\u00e1 interpretado por Claudio Galvan, que tamb\u00e9m \u00e9 conhecido por utilizar suas cordas vocais para outro talento: a dublagem. Ator de 50 anos, com participa\u00e7\u00f5es em v\u00e1rias tramas da Globo, Galvan tem mais de 20 anos de experi\u00eancia dublando diferentes personagens.<\/p>\n<p style=\"text-align: justify;\">O mais marcante deles \u00e9, ningu\u00e9m menos, que o Pato Donald. Desde 1996, Galvan \u00e9 quem empresta sua voz para um dos personagens mais amados do imagin\u00e1rio infantil e n\u00e3o \u00e9 preciso nem ser expert no assunto para imaginar que a tarefa \u00e9 super dif\u00edcil &#8211; at\u00e9 por conta de um detalhe que voc\u00ea nem imagina.<\/p>\n<p style=\"text-align: justify;\">Quando come\u00e7ou a dublar o personagem, o artista conta que foi preciso muita pr\u00e1tica, para que as palavras fossem ficando mais entend\u00edveis. O pessoal do est\u00fadio cinematogr\u00e1fico, inclusive, o tranquilizou: o Pato Donald n\u00e3o \u00e9 completamente intelig\u00edvel &#8211; e, por isso, acaba sendo explosivo.<\/p>\n<p style=\"text-align: justify;\">Al\u00e9m do Pato Donald, Galvan tamb\u00e9m \u00e9 reconhecido por outras dublagens marcantes, tanto na anima\u00e7\u00e3o como s\u00e9ries e filmes. Entre os personagens de desenhos, o ator tamb\u00e9m emprestou sua voz para o Capit\u00e3o, da franquia <strong>Madagascar<\/strong>; Lord Farquaad, de <strong>Shrek<\/strong>; o Crush, a tartaruga paz e amor de <strong>Procurando Nemo<\/strong>; e o General Shang, de <strong>Mulan<\/strong>.<\/p>\n<p style=\"text-align: justify;\">Pantanal estreia no pr\u00f3ximo dia 28 de mar\u00e7o.<\/p>\n","protected":false},"excerpt":{"rendered":"<p>Galvan \u00e9 conhecido por emprestar sua voz a grandes personagens, entre os quais o Pato Donald. Na pr\u00f3xima novela das 9, Pantanal, Ari far\u00e1 a conex\u00e3o de Jos\u00e9 Le\u00f4ncio (Marcos Palmeira), por voz, com o mundo urbano. O personagem ser\u00e1 interpretado por Claudio Galvan, que tamb\u00e9m \u00e9 conhecido por utilizar suas cordas vocais para outro talento: a dublagem. Ator de 50 anos, com participa\u00e7\u00f5es em v\u00e1rias tramas da Globo, Galvan tem mais de 20 anos de experi\u00eancia dublando diferentes personagens. O mais marcante deles \u00e9, ningu\u00e9m menos, que o Pato Donald. Desde 1996, Galvan \u00e9 quem empresta sua voz para um dos personagens mais amados do imagin\u00e1rio infantil e n\u00e3o \u00e9 preciso nem ser expert no assunto para imaginar que a tarefa \u00e9 super dif\u00edcil &#8211; at\u00e9 por conta de um detalhe que voc\u00ea nem imagina. Quando come\u00e7ou a dublar o personagem, o artista conta que foi preciso muita pr\u00e1tica, para que as palavras fossem ficando mais entend\u00edveis. O pessoal do est\u00fadio cinematogr\u00e1fico, inclusive, o tranquilizou: o Pato Donald n\u00e3o \u00e9 completamente intelig\u00edvel &#8211; e, por isso, acaba sendo explosivo. Al\u00e9m do Pato Donald, Galvan tamb\u00e9m \u00e9 reconhecido por outras dublagens marcantes, tanto na anima\u00e7\u00e3o como s\u00e9ries e filmes. Entre os personagens de desenhos, o ator tamb\u00e9m emprestou sua voz para o Capit\u00e3o, da franquia Madagascar; Lord Farquaad, de Shrek; o Crush, a tartaruga paz e amor de Procurando Nemo; e o General Shang, de Mulan. Pantanal estreia no pr\u00f3ximo dia 28 de mar\u00e7o.<\/p>\n","protected":false},"author":1,"featured_media":9061,"comment_status":"open","ping_status":"open","sticky":false,"template":"","format":"standard","meta":{"_monsterinsights_skip_tracking":false,"_monsterinsights_sitenote_active":false,"_monsterinsights_sitenote_note":"","_monsterinsights_sitenote_category":0,"footnotes":""},"categories":[13,8,22],"tags":[],"class_list":["post-9060","post","type-post","status-publish","format-standard","has-post-thumbnail","hentry","category-noticias","category-televisao","category-vida-real"],"yoast_head":"<!-- This site is optimized with the Yoast SEO plugin v26.1.1 - https:\/\/yoast.com\/wordpress\/plugins\/seo\/ -->\n<title>Dublador Claudio Galvan estar\u00e1 na novela Pantanal. | DB - Dublagem Brasileira<\/title>\n<meta name=\"description\" content=\"Galvan \u00e9 conhecido por emprestar sua voz a grandes personagens, entre os quais o Pato Donald.\" \/>\n<meta name=\"robots\" content=\"index, follow, max-snippet:-1, max-image-preview:large, max-video-preview:-1\" \/>\n<link rel=\"canonical\" href=\"https:\/\/dublagembrasileira.com.br\/?p=9060\" \/>\n<meta property=\"og:locale\" content=\"pt_BR\" \/>\n<meta property=\"og:type\" content=\"article\" \/>\n<meta property=\"og:title\" content=\"Dublador Claudio Galvan estar\u00e1 na novela Pantanal. | DB - Dublagem Brasileira\" \/>\n<meta property=\"og:description\" content=\"Galvan \u00e9 conhecido por emprestar sua voz a grandes personagens, entre os quais o Pato Donald.\" \/>\n<meta property=\"og:url\" content=\"https:\/\/dublagembrasileira.com.br\/?p=9060\" \/>\n<meta property=\"og:site_name\" content=\"DB - Dublagem Brasileira\" \/>\n<meta property=\"article:published_time\" content=\"2022-03-26T22:02:02+00:00\" \/>\n<meta property=\"article:modified_time\" content=\"2022-06-10T22:11:21+00:00\" \/>\n<meta property=\"og:image\" content=\"https:\/\/dublagembrasileira.com.br\/wp-content\/uploads\/2022\/06\/claudiogalvan.jpg\" \/>\n\t<meta property=\"og:image:width\" content=\"898\" \/>\n\t<meta property=\"og:image:height\" content=\"665\" \/>\n\t<meta property=\"og:image:type\" content=\"image\/jpeg\" \/>\n<meta name=\"author\" content=\"Iza\u00edas Correia\" \/>\n<meta name=\"twitter:card\" content=\"summary_large_image\" \/>\n<meta name=\"twitter:label1\" content=\"Escrito por\" \/>\n\t<meta name=\"twitter:data1\" content=\"Iza\u00edas Correia\" \/>\n\t<meta name=\"twitter:label2\" content=\"Est. tempo de leitura\" \/>\n\t<meta name=\"twitter:data2\" content=\"1 minuto\" \/>\n<script type=\"application\/ld+json\" class=\"yoast-schema-graph\">{\"@context\":\"https:\/\/schema.org\",\"@graph\":[{\"@type\":\"Article\",\"@id\":\"https:\/\/dublagembrasileira.com.br\/?p=9060#article\",\"isPartOf\":{\"@id\":\"https:\/\/dublagembrasileira.com.br\/?p=9060\"},\"author\":{\"name\":\"Iza\u00edas Correia\",\"@id\":\"https:\/\/dublagembrasileira.com.br\/#\/schema\/person\/6298fd46a47d1ef447a90b2fc9f2b215\"},\"headline\":\"Dublador Claudio Galvan estar\u00e1 na novela Pantanal.\",\"datePublished\":\"2022-03-26T22:02:02+00:00\",\"dateModified\":\"2022-06-10T22:11:21+00:00\",\"mainEntityOfPage\":{\"@id\":\"https:\/\/dublagembrasileira.com.br\/?p=9060\"},\"wordCount\":264,\"commentCount\":0,\"publisher\":{\"@id\":\"https:\/\/dublagembrasileira.com.br\/#organization\"},\"image\":{\"@id\":\"https:\/\/dublagembrasileira.com.br\/?p=9060#primaryimage\"},\"thumbnailUrl\":\"https:\/\/dublagembrasileira.com.br\/wp-content\/uploads\/2022\/06\/claudiogalvan.jpg\",\"articleSection\":[\"Not\u00edcias\",\"Televis\u00e3o\",\"Vida Real\"],\"inLanguage\":\"pt-BR\",\"potentialAction\":[{\"@type\":\"CommentAction\",\"name\":\"Comment\",\"target\":[\"https:\/\/dublagembrasileira.com.br\/?p=9060#respond\"]}]},{\"@type\":\"WebPage\",\"@id\":\"https:\/\/dublagembrasileira.com.br\/?p=9060\",\"url\":\"https:\/\/dublagembrasileira.com.br\/?p=9060\",\"name\":\"Dublador Claudio Galvan estar\u00e1 na novela Pantanal. | DB - Dublagem Brasileira\",\"isPartOf\":{\"@id\":\"https:\/\/dublagembrasileira.com.br\/#website\"},\"primaryImageOfPage\":{\"@id\":\"https:\/\/dublagembrasileira.com.br\/?p=9060#primaryimage\"},\"image\":{\"@id\":\"https:\/\/dublagembrasileira.com.br\/?p=9060#primaryimage\"},\"thumbnailUrl\":\"https:\/\/dublagembrasileira.com.br\/wp-content\/uploads\/2022\/06\/claudiogalvan.jpg\",\"datePublished\":\"2022-03-26T22:02:02+00:00\",\"dateModified\":\"2022-06-10T22:11:21+00:00\",\"description\":\"Galvan \u00e9 conhecido por emprestar sua voz a grandes personagens, entre os quais o Pato Donald.\",\"breadcrumb\":{\"@id\":\"https:\/\/dublagembrasileira.com.br\/?p=9060#breadcrumb\"},\"inLanguage\":\"pt-BR\",\"potentialAction\":[{\"@type\":\"ReadAction\",\"target\":[\"https:\/\/dublagembrasileira.com.br\/?p=9060\"]}]},{\"@type\":\"ImageObject\",\"inLanguage\":\"pt-BR\",\"@id\":\"https:\/\/dublagembrasileira.com.br\/?p=9060#primaryimage\",\"url\":\"https:\/\/dublagembrasileira.com.br\/wp-content\/uploads\/2022\/06\/claudiogalvan.jpg\",\"contentUrl\":\"https:\/\/dublagembrasileira.com.br\/wp-content\/uploads\/2022\/06\/claudiogalvan.jpg\",\"width\":898,\"height\":665},{\"@type\":\"BreadcrumbList\",\"@id\":\"https:\/\/dublagembrasileira.com.br\/?p=9060#breadcrumb\",\"itemListElement\":[{\"@type\":\"ListItem\",\"position\":1,\"name\":\"In\u00edcio\",\"item\":\"https:\/\/dublagembrasileira.com.br\/\"},{\"@type\":\"ListItem\",\"position\":2,\"name\":\"Dublador Claudio Galvan estar\u00e1 na novela Pantanal.\"}]},{\"@type\":\"WebSite\",\"@id\":\"https:\/\/dublagembrasileira.com.br\/#website\",\"url\":\"https:\/\/dublagembrasileira.com.br\/\",\"name\":\"DB - Dublagem Brasileira\",\"description\":\"O seu portal de dublagem.\",\"publisher\":{\"@id\":\"https:\/\/dublagembrasileira.com.br\/#organization\"},\"potentialAction\":[{\"@type\":\"SearchAction\",\"target\":{\"@type\":\"EntryPoint\",\"urlTemplate\":\"https:\/\/dublagembrasileira.com.br\/?s={search_term_string}\"},\"query-input\":{\"@type\":\"PropertyValueSpecification\",\"valueRequired\":true,\"valueName\":\"search_term_string\"}}],\"inLanguage\":\"pt-BR\"},{\"@type\":\"Organization\",\"@id\":\"https:\/\/dublagembrasileira.com.br\/#organization\",\"name\":\"DB - Dublagem Brasileira\",\"url\":\"https:\/\/dublagembrasileira.com.br\/\",\"logo\":{\"@type\":\"ImageObject\",\"inLanguage\":\"pt-BR\",\"@id\":\"https:\/\/dublagembrasileira.com.br\/#\/schema\/logo\/image\/\",\"url\":\"https:\/\/dublagembrasileira.com.br\/wp-content\/uploads\/2019\/07\/cropped-logotipodb.png\",\"contentUrl\":\"https:\/\/dublagembrasileira.com.br\/wp-content\/uploads\/2019\/07\/cropped-logotipodb.png\",\"width\":946,\"height\":589,\"caption\":\"DB - Dublagem Brasileira\"},\"image\":{\"@id\":\"https:\/\/dublagembrasileira.com.br\/#\/schema\/logo\/image\/\"}},{\"@type\":\"Person\",\"@id\":\"https:\/\/dublagembrasileira.com.br\/#\/schema\/person\/6298fd46a47d1ef447a90b2fc9f2b215\",\"name\":\"Iza\u00edas Correia\",\"image\":{\"@type\":\"ImageObject\",\"inLanguage\":\"pt-BR\",\"@id\":\"https:\/\/dublagembrasileira.com.br\/#\/schema\/person\/image\/\",\"url\":\"http:\/\/dublagembrasileira.com.br\/wp-content\/uploads\/2025\/06\/cropped-izaiascorreia-96x96.jpg\",\"contentUrl\":\"http:\/\/dublagembrasileira.com.br\/wp-content\/uploads\/2025\/06\/cropped-izaiascorreia-96x96.jpg\",\"caption\":\"Iza\u00edas Correia\"},\"description\":\"Professor, roteirista e web-designer, respons\u00e1vel pelo site InfanTv. Tamb\u00e9m \u00e9 pesquisador da dublagem brasileira.\",\"url\":\"https:\/\/dublagembrasileira.com.br\/?author=1\"}]}<\/script>\n<!-- \/ Yoast SEO plugin. -->","yoast_head_json":{"title":"Dublador Claudio Galvan estar\u00e1 na novela Pantanal. | DB - Dublagem Brasileira","description":"Galvan \u00e9 conhecido por emprestar sua voz a grandes personagens, entre os quais o Pato Donald.","robots":{"index":"index","follow":"follow","max-snippet":"max-snippet:-1","max-image-preview":"max-image-preview:large","max-video-preview":"max-video-preview:-1"},"canonical":"https:\/\/dublagembrasileira.com.br\/?p=9060","og_locale":"pt_BR","og_type":"article","og_title":"Dublador Claudio Galvan estar\u00e1 na novela Pantanal. | DB - Dublagem Brasileira","og_description":"Galvan \u00e9 conhecido por emprestar sua voz a grandes personagens, entre os quais o Pato Donald.","og_url":"https:\/\/dublagembrasileira.com.br\/?p=9060","og_site_name":"DB - Dublagem Brasileira","article_published_time":"2022-03-26T22:02:02+00:00","article_modified_time":"2022-06-10T22:11:21+00:00","og_image":[{"width":898,"height":665,"url":"https:\/\/dublagembrasileira.com.br\/wp-content\/uploads\/2022\/06\/claudiogalvan.jpg","type":"image\/jpeg"}],"author":"Iza\u00edas Correia","twitter_card":"summary_large_image","twitter_misc":{"Escrito por":"Iza\u00edas Correia","Est. tempo de leitura":"1 minuto"},"schema":{"@context":"https:\/\/schema.org","@graph":[{"@type":"Article","@id":"https:\/\/dublagembrasileira.com.br\/?p=9060#article","isPartOf":{"@id":"https:\/\/dublagembrasileira.com.br\/?p=9060"},"author":{"name":"Iza\u00edas Correia","@id":"https:\/\/dublagembrasileira.com.br\/#\/schema\/person\/6298fd46a47d1ef447a90b2fc9f2b215"},"headline":"Dublador Claudio Galvan estar\u00e1 na novela Pantanal.","datePublished":"2022-03-26T22:02:02+00:00","dateModified":"2022-06-10T22:11:21+00:00","mainEntityOfPage":{"@id":"https:\/\/dublagembrasileira.com.br\/?p=9060"},"wordCount":264,"commentCount":0,"publisher":{"@id":"https:\/\/dublagembrasileira.com.br\/#organization"},"image":{"@id":"https:\/\/dublagembrasileira.com.br\/?p=9060#primaryimage"},"thumbnailUrl":"https:\/\/dublagembrasileira.com.br\/wp-content\/uploads\/2022\/06\/claudiogalvan.jpg","articleSection":["Not\u00edcias","Televis\u00e3o","Vida Real"],"inLanguage":"pt-BR","potentialAction":[{"@type":"CommentAction","name":"Comment","target":["https:\/\/dublagembrasileira.com.br\/?p=9060#respond"]}]},{"@type":"WebPage","@id":"https:\/\/dublagembrasileira.com.br\/?p=9060","url":"https:\/\/dublagembrasileira.com.br\/?p=9060","name":"Dublador Claudio Galvan estar\u00e1 na novela Pantanal. | DB - Dublagem Brasileira","isPartOf":{"@id":"https:\/\/dublagembrasileira.com.br\/#website"},"primaryImageOfPage":{"@id":"https:\/\/dublagembrasileira.com.br\/?p=9060#primaryimage"},"image":{"@id":"https:\/\/dublagembrasileira.com.br\/?p=9060#primaryimage"},"thumbnailUrl":"https:\/\/dublagembrasileira.com.br\/wp-content\/uploads\/2022\/06\/claudiogalvan.jpg","datePublished":"2022-03-26T22:02:02+00:00","dateModified":"2022-06-10T22:11:21+00:00","description":"Galvan \u00e9 conhecido por emprestar sua voz a grandes personagens, entre os quais o Pato Donald.","breadcrumb":{"@id":"https:\/\/dublagembrasileira.com.br\/?p=9060#breadcrumb"},"inLanguage":"pt-BR","potentialAction":[{"@type":"ReadAction","target":["https:\/\/dublagembrasileira.com.br\/?p=9060"]}]},{"@type":"ImageObject","inLanguage":"pt-BR","@id":"https:\/\/dublagembrasileira.com.br\/?p=9060#primaryimage","url":"https:\/\/dublagembrasileira.com.br\/wp-content\/uploads\/2022\/06\/claudiogalvan.jpg","contentUrl":"https:\/\/dublagembrasileira.com.br\/wp-content\/uploads\/2022\/06\/claudiogalvan.jpg","width":898,"height":665},{"@type":"BreadcrumbList","@id":"https:\/\/dublagembrasileira.com.br\/?p=9060#breadcrumb","itemListElement":[{"@type":"ListItem","position":1,"name":"In\u00edcio","item":"https:\/\/dublagembrasileira.com.br\/"},{"@type":"ListItem","position":2,"name":"Dublador Claudio Galvan estar\u00e1 na novela Pantanal."}]},{"@type":"WebSite","@id":"https:\/\/dublagembrasileira.com.br\/#website","url":"https:\/\/dublagembrasileira.com.br\/","name":"DB - Dublagem Brasileira","description":"O seu portal de dublagem.","publisher":{"@id":"https:\/\/dublagembrasileira.com.br\/#organization"},"potentialAction":[{"@type":"SearchAction","target":{"@type":"EntryPoint","urlTemplate":"https:\/\/dublagembrasileira.com.br\/?s={search_term_string}"},"query-input":{"@type":"PropertyValueSpecification","valueRequired":true,"valueName":"search_term_string"}}],"inLanguage":"pt-BR"},{"@type":"Organization","@id":"https:\/\/dublagembrasileira.com.br\/#organization","name":"DB - Dublagem Brasileira","url":"https:\/\/dublagembrasileira.com.br\/","logo":{"@type":"ImageObject","inLanguage":"pt-BR","@id":"https:\/\/dublagembrasileira.com.br\/#\/schema\/logo\/image\/","url":"https:\/\/dublagembrasileira.com.br\/wp-content\/uploads\/2019\/07\/cropped-logotipodb.png","contentUrl":"https:\/\/dublagembrasileira.com.br\/wp-content\/uploads\/2019\/07\/cropped-logotipodb.png","width":946,"height":589,"caption":"DB - Dublagem Brasileira"},"image":{"@id":"https:\/\/dublagembrasileira.com.br\/#\/schema\/logo\/image\/"}},{"@type":"Person","@id":"https:\/\/dublagembrasileira.com.br\/#\/schema\/person\/6298fd46a47d1ef447a90b2fc9f2b215","name":"Iza\u00edas Correia","image":{"@type":"ImageObject","inLanguage":"pt-BR","@id":"https:\/\/dublagembrasileira.com.br\/#\/schema\/person\/image\/","url":"http:\/\/dublagembrasileira.com.br\/wp-content\/uploads\/2025\/06\/cropped-izaiascorreia-96x96.jpg","contentUrl":"http:\/\/dublagembrasileira.com.br\/wp-content\/uploads\/2025\/06\/cropped-izaiascorreia-96x96.jpg","caption":"Iza\u00edas Correia"},"description":"Professor, roteirista e web-designer, respons\u00e1vel pelo site InfanTv. Tamb\u00e9m \u00e9 pesquisador da dublagem brasileira.","url":"https:\/\/dublagembrasileira.com.br\/?author=1"}]}},"rttpg_featured_image_url":{"full":["https:\/\/dublagembrasileira.com.br\/wp-content\/uploads\/2022\/06\/claudiogalvan.jpg",898,665,false],"landscape":["https:\/\/dublagembrasileira.com.br\/wp-content\/uploads\/2022\/06\/claudiogalvan.jpg",898,665,false],"portraits":["https:\/\/dublagembrasileira.com.br\/wp-content\/uploads\/2022\/06\/claudiogalvan.jpg",898,665,false],"thumbnail":["https:\/\/dublagembrasileira.com.br\/wp-content\/uploads\/2022\/06\/claudiogalvan-150x150.jpg",150,150,true],"medium":["https:\/\/dublagembrasileira.com.br\/wp-content\/uploads\/2022\/06\/claudiogalvan-300x222.jpg",300,222,true],"large":["https:\/\/dublagembrasileira.com.br\/wp-content\/uploads\/2022\/06\/claudiogalvan.jpg",640,474,false],"1536x1536":["https:\/\/dublagembrasileira.com.br\/wp-content\/uploads\/2022\/06\/claudiogalvan.jpg",898,665,false],"2048x2048":["https:\/\/dublagembrasileira.com.br\/wp-content\/uploads\/2022\/06\/claudiogalvan.jpg",898,665,false],"eggnews-slider-large":["https:\/\/dublagembrasileira.com.br\/wp-content\/uploads\/2022\/06\/claudiogalvan.jpg",898,665,false],"eggnews-featured-medium":["https:\/\/dublagembrasileira.com.br\/wp-content\/uploads\/2022\/06\/claudiogalvan-420x307.jpg",420,307,true],"eggnews-featured-long":["https:\/\/dublagembrasileira.com.br\/wp-content\/uploads\/2022\/06\/claudiogalvan-300x443.jpg",300,443,true],"eggnews-block-medium":["https:\/\/dublagembrasileira.com.br\/wp-content\/uploads\/2022\/06\/claudiogalvan-464x290.jpg",464,290,true],"eggnews-carousel-image":["https:\/\/dublagembrasileira.com.br\/wp-content\/uploads\/2022\/06\/claudiogalvan-600x500.jpg",600,500,true],"eggnews-block-thumb":["https:\/\/dublagembrasileira.com.br\/wp-content\/uploads\/2022\/06\/claudiogalvan-322x230.jpg",322,230,true],"eggnews-single-large":["https:\/\/dublagembrasileira.com.br\/wp-content\/uploads\/2022\/06\/claudiogalvan-898x642.jpg",898,642,true],"crp_thumbnail":["https:\/\/dublagembrasileira.com.br\/wp-content\/uploads\/2022\/06\/claudiogalvan-150x150.jpg",150,150,true]},"rttpg_author":{"display_name":"Iza\u00edas Correia","author_link":"https:\/\/dublagembrasileira.com.br\/?author=1"},"rttpg_comment":1,"rttpg_category":"<a href=\"https:\/\/dublagembrasileira.com.br\/?cat=13\" rel=\"category\">Not\u00edcias<\/a> <a href=\"https:\/\/dublagembrasileira.com.br\/?cat=8\" rel=\"category\">Televis\u00e3o<\/a> <a href=\"https:\/\/dublagembrasileira.com.br\/?cat=22\" rel=\"category\">Vida Real<\/a>","rttpg_excerpt":"Galvan \u00e9 conhecido por emprestar sua voz a grandes personagens, entre os quais o Pato Donald. Na pr\u00f3xima novela das 9, Pantanal, Ari far\u00e1 a conex\u00e3o de Jos\u00e9 Le\u00f4ncio (Marcos Palmeira), por voz, com o mundo urbano. O personagem ser\u00e1 interpretado por Claudio Galvan, que tamb\u00e9m \u00e9 conhecido por utilizar suas cordas vocais para outro&hellip;","_links":{"self":[{"href":"https:\/\/dublagembrasileira.com.br\/index.php?rest_route=\/wp\/v2\/posts\/9060","targetHints":{"allow":["GET"]}}],"collection":[{"href":"https:\/\/dublagembrasileira.com.br\/index.php?rest_route=\/wp\/v2\/posts"}],"about":[{"href":"https:\/\/dublagembrasileira.com.br\/index.php?rest_route=\/wp\/v2\/types\/post"}],"author":[{"embeddable":true,"href":"https:\/\/dublagembrasileira.com.br\/index.php?rest_route=\/wp\/v2\/users\/1"}],"replies":[{"embeddable":true,"href":"https:\/\/dublagembrasileira.com.br\/index.php?rest_route=%2Fwp%2Fv2%2Fcomments&post=9060"}],"version-history":[{"count":1,"href":"https:\/\/dublagembrasileira.com.br\/index.php?rest_route=\/wp\/v2\/posts\/9060\/revisions"}],"predecessor-version":[{"id":9062,"href":"https:\/\/dublagembrasileira.com.br\/index.php?rest_route=\/wp\/v2\/posts\/9060\/revisions\/9062"}],"wp:featuredmedia":[{"embeddable":true,"href":"https:\/\/dublagembrasileira.com.br\/index.php?rest_route=\/wp\/v2\/media\/9061"}],"wp:attachment":[{"href":"https:\/\/dublagembrasileira.com.br\/index.php?rest_route=%2Fwp%2Fv2%2Fmedia&parent=9060"}],"wp:term":[{"taxonomy":"category","embeddable":true,"href":"https:\/\/dublagembrasileira.com.br\/index.php?rest_route=%2Fwp%2Fv2%2Fcategories&post=9060"},{"taxonomy":"post_tag","embeddable":true,"href":"https:\/\/dublagembrasileira.com.br\/index.php?rest_route=%2Fwp%2Fv2%2Ftags&post=9060"}],"curies":[{"name":"wp","href":"https:\/\/api.w.org\/{rel}","templated":true}]}}