{"id":9050,"date":"2022-06-02T21:39:50","date_gmt":"2022-06-02T21:39:50","guid":{"rendered":"https:\/\/dublagembrasileira.com.br\/?p=9050"},"modified":"2022-06-13T23:17:14","modified_gmt":"2022-06-13T23:17:14","slug":"paulo-vieira-estreia-na-dublagem-como-o-protagonista-de-o-lendario-cao-guerreiro","status":"publish","type":"post","link":"https:\/\/dublagembrasileira.com.br\/?p=9050","title":{"rendered":"Paulo Vieira estreia na dublagem como o protagonista de O Lend\u00e1rio C\u00e3o Guerreiro."},"content":{"rendered":"<div class=\"elementor-element elementor-element-2f702e88 elementor-widget elementor-widget-text-editor\" data-id=\"2f702e88\" data-element_type=\"widget\" data-widget_type=\"text-editor.default\">\n<div class=\"elementor-widget-container\">\n<div class=\"elementor-text-editor elementor-clearfix\">\n<h4><i>Humorista dubla o c\u00e3o Hank em desenho da Paramount Pictures que estreia em julho.<\/i><\/h4>\n<hr \/>\n<\/div>\n<\/div>\n<\/div>\n<p style=\"text-align: justify;\"><strong>O Lend\u00e1rio C\u00e3o Guerreiro<\/strong> ser\u00e1 lan\u00e7ado dia 14 de julho e promete fazer sucesso no m\u00eas das f\u00e9rias escolares. Na \u00faltima quarta-feira, foi lan\u00e7ado o trailer da anima\u00e7\u00e3o e podemos ouvir o humorista Paulo Vieira no elenco de vozes.<\/p>\n<p style=\"text-align: justify;\">Paulo Vieira, que est\u00e1 cheio de novos projetos ap\u00f3s se destacar no <strong>BBB 22<\/strong>, faz sua estreia como dublador no cinema. Ele atua como o protagonista da anima\u00e7\u00e3o na vers\u00e3o brasileira, enquanto na dublagem original Hank \u00e9 feito pelo ator Michael Cera (<strong>Scott Pilgrim Contra o Mundo<\/strong>).<\/p>\n<p style=\"text-align: justify;\"><strong>O Lend\u00e1rio C\u00e3o Guerreiro<\/strong> conta a hist\u00f3ria de Hank, um cachorro de ca\u00e7a desajeitado que sonha em ser um dia um aut\u00eantico e leg\u00edtimo samurai. Com a miss\u00e3o de defender uma cidade de um vil\u00e3o que tentar\u00e1 varrer o local do mapa e sem qualquer habilidade para fazer isso, ele procura um professor para aprender a lutar e se tornar um her\u00f3i. O respons\u00e1vel por seu treinamento \u00e9 um ex-samurai relutante, o gato Jimbo.<\/p>\n<p style=\"text-align: justify;\">Um gato e um c\u00e3o tendo que trabalharem juntos j\u00e1 \u00e9 um prato cheio para muita divers\u00e3o e risadas. O filme \u00e9 uma com\u00e9dia infantil e ter\u00e1 um pouco mais de 1 hora e meia de dura\u00e7\u00e3o. A dire\u00e7\u00e3o ficou por conta da dupla Rob Minkoff, que comandou <strong>O Rei Le\u00e3o<\/strong>, e Mark Koetsier, estreante na fun\u00e7\u00e3o.<\/p>\n","protected":false},"excerpt":{"rendered":"<p>Humorista dubla o c\u00e3o Hank em desenho da Paramount Pictures que estreia em julho. O Lend\u00e1rio C\u00e3o Guerreiro ser\u00e1 lan\u00e7ado dia 14 de julho e promete fazer sucesso no m\u00eas das f\u00e9rias escolares. Na \u00faltima quarta-feira, foi lan\u00e7ado o trailer da anima\u00e7\u00e3o e podemos ouvir o humorista Paulo Vieira no elenco de vozes. Paulo Vieira, que est\u00e1 cheio de novos projetos ap\u00f3s se destacar no BBB 22, faz sua estreia como dublador no cinema. Ele atua como o protagonista da anima\u00e7\u00e3o na vers\u00e3o brasileira, enquanto na dublagem original Hank \u00e9 feito pelo ator Michael Cera (Scott Pilgrim Contra o Mundo). O Lend\u00e1rio C\u00e3o Guerreiro conta a hist\u00f3ria de Hank, um cachorro de ca\u00e7a desajeitado que sonha em ser um dia um aut\u00eantico e leg\u00edtimo samurai. Com a miss\u00e3o de defender uma cidade de um vil\u00e3o que tentar\u00e1 varrer o local do mapa e sem qualquer habilidade para fazer isso, ele procura um professor para aprender a lutar e se tornar um her\u00f3i. O respons\u00e1vel por seu treinamento \u00e9 um ex-samurai relutante, o gato Jimbo. Um gato e um c\u00e3o tendo que trabalharem juntos j\u00e1 \u00e9 um prato cheio para muita divers\u00e3o e risadas. O filme \u00e9 uma com\u00e9dia infantil e ter\u00e1 um pouco mais de 1 hora e meia de dura\u00e7\u00e3o. A dire\u00e7\u00e3o ficou por conta da dupla Rob Minkoff, que comandou O Rei Le\u00e3o, e Mark Koetsier, estreante na fun\u00e7\u00e3o.<\/p>\n","protected":false},"author":4,"featured_media":9084,"comment_status":"open","ping_status":"open","sticky":false,"template":"","format":"standard","meta":{"_monsterinsights_skip_tracking":false,"_monsterinsights_sitenote_active":false,"_monsterinsights_sitenote_note":"","_monsterinsights_sitenote_category":0,"footnotes":""},"categories":[7,4,13],"tags":[],"class_list":["post-9050","post","type-post","status-publish","format-standard","has-post-thumbnail","hentry","category-cinema","category-desenhos","category-noticias"],"yoast_head":"<!-- This site is optimized with the Yoast SEO plugin v26.1.1 - https:\/\/yoast.com\/wordpress\/plugins\/seo\/ -->\n<title>Paulo Vieira estreia na dublagem como o protagonista de O Lend\u00e1rio C\u00e3o Guerreiro. | DB - Dublagem Brasileira<\/title>\n<meta name=\"description\" content=\"Comediante dubla o c\u00e3o Hank em desenho da Paramount Pictures que estreia em julho.\" \/>\n<meta name=\"robots\" content=\"index, follow, max-snippet:-1, max-image-preview:large, max-video-preview:-1\" \/>\n<link rel=\"canonical\" href=\"https:\/\/dublagembrasileira.com.br\/?p=9050\" \/>\n<meta property=\"og:locale\" content=\"pt_BR\" \/>\n<meta property=\"og:type\" content=\"article\" \/>\n<meta property=\"og:title\" content=\"Paulo Vieira estreia na dublagem como o protagonista de O Lend\u00e1rio C\u00e3o Guerreiro. | DB - Dublagem Brasileira\" \/>\n<meta property=\"og:description\" content=\"Comediante dubla o c\u00e3o Hank em desenho da Paramount Pictures que estreia em julho.\" \/>\n<meta property=\"og:url\" content=\"https:\/\/dublagembrasileira.com.br\/?p=9050\" \/>\n<meta property=\"og:site_name\" content=\"DB - Dublagem Brasileira\" \/>\n<meta property=\"article:author\" content=\"https:\/\/www.facebook.com\/dublagembrasileira\" \/>\n<meta property=\"article:published_time\" content=\"2022-06-02T21:39:50+00:00\" \/>\n<meta property=\"article:modified_time\" content=\"2022-06-13T23:17:14+00:00\" \/>\n<meta property=\"og:image\" content=\"https:\/\/dublagembrasileira.com.br\/wp-content\/uploads\/2022\/06\/Paulo_Vieira.jpg\" \/>\n\t<meta property=\"og:image:width\" content=\"704\" \/>\n\t<meta property=\"og:image:height\" content=\"496\" \/>\n\t<meta property=\"og:image:type\" content=\"image\/jpeg\" \/>\n<meta name=\"author\" content=\"Reda\u00e7\u00e3o\" \/>\n<meta name=\"twitter:card\" content=\"summary_large_image\" \/>\n<meta name=\"twitter:creator\" content=\"@dbdublagem\" \/>\n<meta name=\"twitter:label1\" content=\"Escrito por\" \/>\n\t<meta name=\"twitter:data1\" content=\"Reda\u00e7\u00e3o\" \/>\n\t<meta name=\"twitter:label2\" content=\"Est. tempo de leitura\" \/>\n\t<meta name=\"twitter:data2\" content=\"1 minuto\" \/>\n<script type=\"application\/ld+json\" class=\"yoast-schema-graph\">{\"@context\":\"https:\/\/schema.org\",\"@graph\":[{\"@type\":\"Article\",\"@id\":\"https:\/\/dublagembrasileira.com.br\/?p=9050#article\",\"isPartOf\":{\"@id\":\"https:\/\/dublagembrasileira.com.br\/?p=9050\"},\"author\":{\"name\":\"Reda\u00e7\u00e3o\",\"@id\":\"https:\/\/dublagembrasileira.com.br\/#\/schema\/person\/a75bac594c0e9a0b96508b7e124f20d1\"},\"headline\":\"Paulo Vieira estreia na dublagem como o protagonista de O Lend\u00e1rio C\u00e3o Guerreiro.\",\"datePublished\":\"2022-06-02T21:39:50+00:00\",\"dateModified\":\"2022-06-13T23:17:14+00:00\",\"mainEntityOfPage\":{\"@id\":\"https:\/\/dublagembrasileira.com.br\/?p=9050\"},\"wordCount\":267,\"commentCount\":0,\"publisher\":{\"@id\":\"https:\/\/dublagembrasileira.com.br\/#organization\"},\"image\":{\"@id\":\"https:\/\/dublagembrasileira.com.br\/?p=9050#primaryimage\"},\"thumbnailUrl\":\"https:\/\/dublagembrasileira.com.br\/wp-content\/uploads\/2022\/06\/Paulo_Vieira.jpg\",\"articleSection\":[\"Cinema\",\"Desenhos\",\"Not\u00edcias\"],\"inLanguage\":\"pt-BR\",\"potentialAction\":[{\"@type\":\"CommentAction\",\"name\":\"Comment\",\"target\":[\"https:\/\/dublagembrasileira.com.br\/?p=9050#respond\"]}]},{\"@type\":\"WebPage\",\"@id\":\"https:\/\/dublagembrasileira.com.br\/?p=9050\",\"url\":\"https:\/\/dublagembrasileira.com.br\/?p=9050\",\"name\":\"Paulo Vieira estreia na dublagem como o protagonista de O Lend\u00e1rio C\u00e3o Guerreiro. | DB - Dublagem Brasileira\",\"isPartOf\":{\"@id\":\"https:\/\/dublagembrasileira.com.br\/#website\"},\"primaryImageOfPage\":{\"@id\":\"https:\/\/dublagembrasileira.com.br\/?p=9050#primaryimage\"},\"image\":{\"@id\":\"https:\/\/dublagembrasileira.com.br\/?p=9050#primaryimage\"},\"thumbnailUrl\":\"https:\/\/dublagembrasileira.com.br\/wp-content\/uploads\/2022\/06\/Paulo_Vieira.jpg\",\"datePublished\":\"2022-06-02T21:39:50+00:00\",\"dateModified\":\"2022-06-13T23:17:14+00:00\",\"description\":\"Comediante dubla o c\u00e3o Hank em desenho da Paramount Pictures que estreia em julho.\",\"breadcrumb\":{\"@id\":\"https:\/\/dublagembrasileira.com.br\/?p=9050#breadcrumb\"},\"inLanguage\":\"pt-BR\",\"potentialAction\":[{\"@type\":\"ReadAction\",\"target\":[\"https:\/\/dublagembrasileira.com.br\/?p=9050\"]}]},{\"@type\":\"ImageObject\",\"inLanguage\":\"pt-BR\",\"@id\":\"https:\/\/dublagembrasileira.com.br\/?p=9050#primaryimage\",\"url\":\"https:\/\/dublagembrasileira.com.br\/wp-content\/uploads\/2022\/06\/Paulo_Vieira.jpg\",\"contentUrl\":\"https:\/\/dublagembrasileira.com.br\/wp-content\/uploads\/2022\/06\/Paulo_Vieira.jpg\",\"width\":704,\"height\":496},{\"@type\":\"BreadcrumbList\",\"@id\":\"https:\/\/dublagembrasileira.com.br\/?p=9050#breadcrumb\",\"itemListElement\":[{\"@type\":\"ListItem\",\"position\":1,\"name\":\"In\u00edcio\",\"item\":\"https:\/\/dublagembrasileira.com.br\/\"},{\"@type\":\"ListItem\",\"position\":2,\"name\":\"Paulo Vieira estreia na dublagem como o protagonista de O Lend\u00e1rio C\u00e3o Guerreiro.\"}]},{\"@type\":\"WebSite\",\"@id\":\"https:\/\/dublagembrasileira.com.br\/#website\",\"url\":\"https:\/\/dublagembrasileira.com.br\/\",\"name\":\"DB - Dublagem Brasileira\",\"description\":\"O seu portal de dublagem.\",\"publisher\":{\"@id\":\"https:\/\/dublagembrasileira.com.br\/#organization\"},\"potentialAction\":[{\"@type\":\"SearchAction\",\"target\":{\"@type\":\"EntryPoint\",\"urlTemplate\":\"https:\/\/dublagembrasileira.com.br\/?s={search_term_string}\"},\"query-input\":{\"@type\":\"PropertyValueSpecification\",\"valueRequired\":true,\"valueName\":\"search_term_string\"}}],\"inLanguage\":\"pt-BR\"},{\"@type\":\"Organization\",\"@id\":\"https:\/\/dublagembrasileira.com.br\/#organization\",\"name\":\"DB - Dublagem Brasileira\",\"url\":\"https:\/\/dublagembrasileira.com.br\/\",\"logo\":{\"@type\":\"ImageObject\",\"inLanguage\":\"pt-BR\",\"@id\":\"https:\/\/dublagembrasileira.com.br\/#\/schema\/logo\/image\/\",\"url\":\"https:\/\/dublagembrasileira.com.br\/wp-content\/uploads\/2019\/07\/cropped-logotipodb.png\",\"contentUrl\":\"https:\/\/dublagembrasileira.com.br\/wp-content\/uploads\/2019\/07\/cropped-logotipodb.png\",\"width\":946,\"height\":589,\"caption\":\"DB - Dublagem Brasileira\"},\"image\":{\"@id\":\"https:\/\/dublagembrasileira.com.br\/#\/schema\/logo\/image\/\"}},{\"@type\":\"Person\",\"@id\":\"https:\/\/dublagembrasileira.com.br\/#\/schema\/person\/a75bac594c0e9a0b96508b7e124f20d1\",\"name\":\"Reda\u00e7\u00e3o\",\"image\":{\"@type\":\"ImageObject\",\"inLanguage\":\"pt-BR\",\"@id\":\"https:\/\/dublagembrasileira.com.br\/#\/schema\/person\/image\/\",\"url\":\"http:\/\/dublagembrasileira.com.br\/wp-content\/uploads\/2025\/06\/admin-96x96.jpg\",\"contentUrl\":\"http:\/\/dublagembrasileira.com.br\/wp-content\/uploads\/2025\/06\/admin-96x96.jpg\",\"caption\":\"Reda\u00e7\u00e3o\"},\"description\":\"Equipe do DB.\",\"sameAs\":[\"https:\/\/www.facebook.com\/dublagembrasileira\",\"https:\/\/www.instagram.com\/dbdublagembrasileira\",\"https:\/\/x.com\/dbdublagem\"],\"url\":\"https:\/\/dublagembrasileira.com.br\/?author=4\"}]}<\/script>\n<!-- \/ Yoast SEO plugin. -->","yoast_head_json":{"title":"Paulo Vieira estreia na dublagem como o protagonista de O Lend\u00e1rio C\u00e3o Guerreiro. | DB - Dublagem Brasileira","description":"Comediante dubla o c\u00e3o Hank em desenho da Paramount Pictures que estreia em julho.","robots":{"index":"index","follow":"follow","max-snippet":"max-snippet:-1","max-image-preview":"max-image-preview:large","max-video-preview":"max-video-preview:-1"},"canonical":"https:\/\/dublagembrasileira.com.br\/?p=9050","og_locale":"pt_BR","og_type":"article","og_title":"Paulo Vieira estreia na dublagem como o protagonista de O Lend\u00e1rio C\u00e3o Guerreiro. | DB - Dublagem Brasileira","og_description":"Comediante dubla o c\u00e3o Hank em desenho da Paramount Pictures que estreia em julho.","og_url":"https:\/\/dublagembrasileira.com.br\/?p=9050","og_site_name":"DB - Dublagem Brasileira","article_author":"https:\/\/www.facebook.com\/dublagembrasileira","article_published_time":"2022-06-02T21:39:50+00:00","article_modified_time":"2022-06-13T23:17:14+00:00","og_image":[{"width":704,"height":496,"url":"https:\/\/dublagembrasileira.com.br\/wp-content\/uploads\/2022\/06\/Paulo_Vieira.jpg","type":"image\/jpeg"}],"author":"Reda\u00e7\u00e3o","twitter_card":"summary_large_image","twitter_creator":"@dbdublagem","twitter_misc":{"Escrito por":"Reda\u00e7\u00e3o","Est. tempo de leitura":"1 minuto"},"schema":{"@context":"https:\/\/schema.org","@graph":[{"@type":"Article","@id":"https:\/\/dublagembrasileira.com.br\/?p=9050#article","isPartOf":{"@id":"https:\/\/dublagembrasileira.com.br\/?p=9050"},"author":{"name":"Reda\u00e7\u00e3o","@id":"https:\/\/dublagembrasileira.com.br\/#\/schema\/person\/a75bac594c0e9a0b96508b7e124f20d1"},"headline":"Paulo Vieira estreia na dublagem como o protagonista de O Lend\u00e1rio C\u00e3o Guerreiro.","datePublished":"2022-06-02T21:39:50+00:00","dateModified":"2022-06-13T23:17:14+00:00","mainEntityOfPage":{"@id":"https:\/\/dublagembrasileira.com.br\/?p=9050"},"wordCount":267,"commentCount":0,"publisher":{"@id":"https:\/\/dublagembrasileira.com.br\/#organization"},"image":{"@id":"https:\/\/dublagembrasileira.com.br\/?p=9050#primaryimage"},"thumbnailUrl":"https:\/\/dublagembrasileira.com.br\/wp-content\/uploads\/2022\/06\/Paulo_Vieira.jpg","articleSection":["Cinema","Desenhos","Not\u00edcias"],"inLanguage":"pt-BR","potentialAction":[{"@type":"CommentAction","name":"Comment","target":["https:\/\/dublagembrasileira.com.br\/?p=9050#respond"]}]},{"@type":"WebPage","@id":"https:\/\/dublagembrasileira.com.br\/?p=9050","url":"https:\/\/dublagembrasileira.com.br\/?p=9050","name":"Paulo Vieira estreia na dublagem como o protagonista de O Lend\u00e1rio C\u00e3o Guerreiro. | DB - Dublagem Brasileira","isPartOf":{"@id":"https:\/\/dublagembrasileira.com.br\/#website"},"primaryImageOfPage":{"@id":"https:\/\/dublagembrasileira.com.br\/?p=9050#primaryimage"},"image":{"@id":"https:\/\/dublagembrasileira.com.br\/?p=9050#primaryimage"},"thumbnailUrl":"https:\/\/dublagembrasileira.com.br\/wp-content\/uploads\/2022\/06\/Paulo_Vieira.jpg","datePublished":"2022-06-02T21:39:50+00:00","dateModified":"2022-06-13T23:17:14+00:00","description":"Comediante dubla o c\u00e3o Hank em desenho da Paramount Pictures que estreia em julho.","breadcrumb":{"@id":"https:\/\/dublagembrasileira.com.br\/?p=9050#breadcrumb"},"inLanguage":"pt-BR","potentialAction":[{"@type":"ReadAction","target":["https:\/\/dublagembrasileira.com.br\/?p=9050"]}]},{"@type":"ImageObject","inLanguage":"pt-BR","@id":"https:\/\/dublagembrasileira.com.br\/?p=9050#primaryimage","url":"https:\/\/dublagembrasileira.com.br\/wp-content\/uploads\/2022\/06\/Paulo_Vieira.jpg","contentUrl":"https:\/\/dublagembrasileira.com.br\/wp-content\/uploads\/2022\/06\/Paulo_Vieira.jpg","width":704,"height":496},{"@type":"BreadcrumbList","@id":"https:\/\/dublagembrasileira.com.br\/?p=9050#breadcrumb","itemListElement":[{"@type":"ListItem","position":1,"name":"In\u00edcio","item":"https:\/\/dublagembrasileira.com.br\/"},{"@type":"ListItem","position":2,"name":"Paulo Vieira estreia na dublagem como o protagonista de O Lend\u00e1rio C\u00e3o Guerreiro."}]},{"@type":"WebSite","@id":"https:\/\/dublagembrasileira.com.br\/#website","url":"https:\/\/dublagembrasileira.com.br\/","name":"DB - Dublagem Brasileira","description":"O seu portal de dublagem.","publisher":{"@id":"https:\/\/dublagembrasileira.com.br\/#organization"},"potentialAction":[{"@type":"SearchAction","target":{"@type":"EntryPoint","urlTemplate":"https:\/\/dublagembrasileira.com.br\/?s={search_term_string}"},"query-input":{"@type":"PropertyValueSpecification","valueRequired":true,"valueName":"search_term_string"}}],"inLanguage":"pt-BR"},{"@type":"Organization","@id":"https:\/\/dublagembrasileira.com.br\/#organization","name":"DB - Dublagem Brasileira","url":"https:\/\/dublagembrasileira.com.br\/","logo":{"@type":"ImageObject","inLanguage":"pt-BR","@id":"https:\/\/dublagembrasileira.com.br\/#\/schema\/logo\/image\/","url":"https:\/\/dublagembrasileira.com.br\/wp-content\/uploads\/2019\/07\/cropped-logotipodb.png","contentUrl":"https:\/\/dublagembrasileira.com.br\/wp-content\/uploads\/2019\/07\/cropped-logotipodb.png","width":946,"height":589,"caption":"DB - Dublagem Brasileira"},"image":{"@id":"https:\/\/dublagembrasileira.com.br\/#\/schema\/logo\/image\/"}},{"@type":"Person","@id":"https:\/\/dublagembrasileira.com.br\/#\/schema\/person\/a75bac594c0e9a0b96508b7e124f20d1","name":"Reda\u00e7\u00e3o","image":{"@type":"ImageObject","inLanguage":"pt-BR","@id":"https:\/\/dublagembrasileira.com.br\/#\/schema\/person\/image\/","url":"http:\/\/dublagembrasileira.com.br\/wp-content\/uploads\/2025\/06\/admin-96x96.jpg","contentUrl":"http:\/\/dublagembrasileira.com.br\/wp-content\/uploads\/2025\/06\/admin-96x96.jpg","caption":"Reda\u00e7\u00e3o"},"description":"Equipe do DB.","sameAs":["https:\/\/www.facebook.com\/dublagembrasileira","https:\/\/www.instagram.com\/dbdublagembrasileira","https:\/\/x.com\/dbdublagem"],"url":"https:\/\/dublagembrasileira.com.br\/?author=4"}]}},"rttpg_featured_image_url":{"full":["https:\/\/dublagembrasileira.com.br\/wp-content\/uploads\/2022\/06\/Paulo_Vieira.jpg",704,496,false],"landscape":["https:\/\/dublagembrasileira.com.br\/wp-content\/uploads\/2022\/06\/Paulo_Vieira.jpg",704,496,false],"portraits":["https:\/\/dublagembrasileira.com.br\/wp-content\/uploads\/2022\/06\/Paulo_Vieira.jpg",704,496,false],"thumbnail":["https:\/\/dublagembrasileira.com.br\/wp-content\/uploads\/2022\/06\/Paulo_Vieira-150x150.jpg",150,150,true],"medium":["https:\/\/dublagembrasileira.com.br\/wp-content\/uploads\/2022\/06\/Paulo_Vieira-300x211.jpg",300,211,true],"large":["https:\/\/dublagembrasileira.com.br\/wp-content\/uploads\/2022\/06\/Paulo_Vieira.jpg",640,451,false],"1536x1536":["https:\/\/dublagembrasileira.com.br\/wp-content\/uploads\/2022\/06\/Paulo_Vieira.jpg",704,496,false],"2048x2048":["https:\/\/dublagembrasileira.com.br\/wp-content\/uploads\/2022\/06\/Paulo_Vieira.jpg",704,496,false],"eggnews-slider-large":["https:\/\/dublagembrasileira.com.br\/wp-content\/uploads\/2022\/06\/Paulo_Vieira.jpg",704,496,false],"eggnews-featured-medium":["https:\/\/dublagembrasileira.com.br\/wp-content\/uploads\/2022\/06\/Paulo_Vieira-420x307.jpg",420,307,true],"eggnews-featured-long":["https:\/\/dublagembrasileira.com.br\/wp-content\/uploads\/2022\/06\/Paulo_Vieira-300x443.jpg",300,443,true],"eggnews-block-medium":["https:\/\/dublagembrasileira.com.br\/wp-content\/uploads\/2022\/06\/Paulo_Vieira-464x290.jpg",464,290,true],"eggnews-carousel-image":["https:\/\/dublagembrasileira.com.br\/wp-content\/uploads\/2022\/06\/Paulo_Vieira-600x496.jpg",600,496,true],"eggnews-block-thumb":["https:\/\/dublagembrasileira.com.br\/wp-content\/uploads\/2022\/06\/Paulo_Vieira-322x230.jpg",322,230,true],"eggnews-single-large":["https:\/\/dublagembrasileira.com.br\/wp-content\/uploads\/2022\/06\/Paulo_Vieira.jpg",704,496,false],"crp_thumbnail":["https:\/\/dublagembrasileira.com.br\/wp-content\/uploads\/2022\/06\/Paulo_Vieira-150x150.jpg",150,150,true]},"rttpg_author":{"display_name":"Reda\u00e7\u00e3o","author_link":"https:\/\/dublagembrasileira.com.br\/?author=4"},"rttpg_comment":1,"rttpg_category":"<a href=\"https:\/\/dublagembrasileira.com.br\/?cat=7\" rel=\"category\">Cinema<\/a> <a href=\"https:\/\/dublagembrasileira.com.br\/?cat=4\" rel=\"category\">Desenhos<\/a> <a href=\"https:\/\/dublagembrasileira.com.br\/?cat=13\" rel=\"category\">Not\u00edcias<\/a>","rttpg_excerpt":"Humorista dubla o c\u00e3o Hank em desenho da Paramount Pictures que estreia em julho. O Lend\u00e1rio C\u00e3o Guerreiro ser\u00e1 lan\u00e7ado dia 14 de julho e promete fazer sucesso no m\u00eas das f\u00e9rias escolares. Na \u00faltima quarta-feira, foi lan\u00e7ado o trailer da anima\u00e7\u00e3o e podemos ouvir o humorista Paulo Vieira no elenco de vozes. Paulo Vieira,&hellip;","_links":{"self":[{"href":"https:\/\/dublagembrasileira.com.br\/index.php?rest_route=\/wp\/v2\/posts\/9050","targetHints":{"allow":["GET"]}}],"collection":[{"href":"https:\/\/dublagembrasileira.com.br\/index.php?rest_route=\/wp\/v2\/posts"}],"about":[{"href":"https:\/\/dublagembrasileira.com.br\/index.php?rest_route=\/wp\/v2\/types\/post"}],"author":[{"embeddable":true,"href":"https:\/\/dublagembrasileira.com.br\/index.php?rest_route=\/wp\/v2\/users\/4"}],"replies":[{"embeddable":true,"href":"https:\/\/dublagembrasileira.com.br\/index.php?rest_route=%2Fwp%2Fv2%2Fcomments&post=9050"}],"version-history":[{"count":2,"href":"https:\/\/dublagembrasileira.com.br\/index.php?rest_route=\/wp\/v2\/posts\/9050\/revisions"}],"predecessor-version":[{"id":9085,"href":"https:\/\/dublagembrasileira.com.br\/index.php?rest_route=\/wp\/v2\/posts\/9050\/revisions\/9085"}],"wp:featuredmedia":[{"embeddable":true,"href":"https:\/\/dublagembrasileira.com.br\/index.php?rest_route=\/wp\/v2\/media\/9084"}],"wp:attachment":[{"href":"https:\/\/dublagembrasileira.com.br\/index.php?rest_route=%2Fwp%2Fv2%2Fmedia&parent=9050"}],"wp:term":[{"taxonomy":"category","embeddable":true,"href":"https:\/\/dublagembrasileira.com.br\/index.php?rest_route=%2Fwp%2Fv2%2Fcategories&post=9050"},{"taxonomy":"post_tag","embeddable":true,"href":"https:\/\/dublagembrasileira.com.br\/index.php?rest_route=%2Fwp%2Fv2%2Ftags&post=9050"}],"curies":[{"name":"wp","href":"https:\/\/api.w.org\/{rel}","templated":true}]}}