{"id":9047,"date":"2022-06-08T21:32:53","date_gmt":"2022-06-08T21:32:53","guid":{"rendered":"https:\/\/dublagembrasileira.com.br\/?p=9047"},"modified":"2022-06-13T22:25:30","modified_gmt":"2022-06-13T22:25:30","slug":"marcos-mion-fala-sobre-as-criticas-recebidas-pelos-fas-de-buzz-lightyear","status":"publish","type":"post","link":"https:\/\/dublagembrasileira.com.br\/?p=9047","title":{"rendered":"Marcos Mion fala sobre as criticas recebidas pelos f\u00e3s de Buzz Lightyear."},"content":{"rendered":"<div class=\"elementor-element elementor-element-2f702e88 elementor-widget elementor-widget-text-editor\" data-id=\"2f702e88\" data-element_type=\"widget\" data-widget_type=\"text-editor.default\">\n<div class=\"elementor-widget-container\">\n<div class=\"elementor-text-editor elementor-clearfix\">\n<h4><i>Apresentador ser\u00e1 a nova voz do personagem no Brasil na produ\u00e7\u00e3o que ser\u00e1 lan\u00e7ada dia 16 de Junho.<\/i><\/h4>\n<hr \/>\n<\/div>\n<\/div>\n<\/div>\n<p style=\"text-align: justify;\">Marcos Mion sofreu uma s\u00e9rie de ataques na internet quando foi anunciado como dublador do personagem Buzz Lightyear em <strong>Lightyear<\/strong>.<\/p>\n<p style=\"text-align: justify;\">O motivo seria a substitui\u00e7\u00e3o do dublador Guilherme Briggs, que deu voz a Buzz desde o primeiro filme de <strong>Toy Story<\/strong>, pelo global.<\/p>\n<p style=\"text-align: justify;\">\u201cAs pessoas est\u00e3o entendendo aos poucos que \u00e9 um novo personagem, o Buzz em sua vers\u00e3o humana. Nos Estados Unidos e em todo o mundo, a voz mudou. Eu tamb\u00e9m n\u00e3o quero ver o boneco do Buzz com outra voz! Guilherme Briggs sempre ser\u00e1 a voz da vers\u00e3o brinquedo\u201d, falou Mion \u00e0 Rolling Stone Brasil, em uma entrevista recente.<\/p>\n<p style=\"text-align: justify;\">Aqui no Brasil, a escolha foi do pr\u00f3prio Briggs, que chegou a participar de um teaser, passando a dublagem para Mion. \u201cGuilherme Briggs foi um querido comigo desde o primeiro momento\u201d, comentou o apresentador global.<\/p>\n<p style=\"text-align: justify;\"><strong>Lightyear<\/strong> \u00e9 uma aventura que apresenta a hist\u00f3ria definitiva da origem do her\u00f3i que inspirou o brinquedo, o Buzz Lightyear, apresentando o lend\u00e1rio Patrulheiro Espacial que conquistou f\u00e3s de todas as gera\u00e7\u00f5es. O filme estreia em\u00a016 de Junho de 2022.<\/p>\n","protected":false},"excerpt":{"rendered":"<p>Apresentador ser\u00e1 a nova voz do personagem no Brasil na produ\u00e7\u00e3o que ser\u00e1 lan\u00e7ada dia 16 de Junho. Marcos Mion sofreu uma s\u00e9rie de ataques na internet quando foi anunciado como dublador do personagem Buzz Lightyear em Lightyear. O motivo seria a substitui\u00e7\u00e3o do dublador Guilherme Briggs, que deu voz a Buzz desde o primeiro filme de Toy Story, pelo global. \u201cAs pessoas est\u00e3o entendendo aos poucos que \u00e9 um novo personagem, o Buzz em sua vers\u00e3o humana. Nos Estados Unidos e em todo o mundo, a voz mudou. Eu tamb\u00e9m n\u00e3o quero ver o boneco do Buzz com outra voz! Guilherme Briggs sempre ser\u00e1 a voz da vers\u00e3o brinquedo\u201d, falou Mion \u00e0 Rolling Stone Brasil, em uma entrevista recente. Aqui no Brasil, a escolha foi do pr\u00f3prio Briggs, que chegou a participar de um teaser, passando a dublagem para Mion. \u201cGuilherme Briggs foi um querido comigo desde o primeiro momento\u201d, comentou o apresentador global. Lightyear \u00e9 uma aventura que apresenta a hist\u00f3ria definitiva da origem do her\u00f3i que inspirou o brinquedo, o Buzz Lightyear, apresentando o lend\u00e1rio Patrulheiro Espacial que conquistou f\u00e3s de todas as gera\u00e7\u00f5es. O filme estreia em\u00a016 de Junho de 2022.<\/p>\n","protected":false},"author":4,"featured_media":9083,"comment_status":"open","ping_status":"open","sticky":false,"template":"","format":"standard","meta":{"_monsterinsights_skip_tracking":false,"_monsterinsights_sitenote_active":false,"_monsterinsights_sitenote_note":"","_monsterinsights_sitenote_category":0,"footnotes":""},"categories":[7,4,13],"tags":[],"class_list":["post-9047","post","type-post","status-publish","format-standard","has-post-thumbnail","hentry","category-cinema","category-desenhos","category-noticias"],"yoast_head":"<!-- This site is optimized with the Yoast SEO plugin v26.1.1 - https:\/\/yoast.com\/wordpress\/plugins\/seo\/ -->\n<title>Marcos Mion fala sobre as criticas recebidas pelos f\u00e3s de Buzz Lightyear. | DB - Dublagem Brasileira<\/title>\n<meta name=\"description\" content=\"Apresentador ser\u00e1 a nova voz do personagem no Brasil na produ\u00e7\u00e3o que ser\u00e1 lan\u00e7ada dia 16 de Junho.\" \/>\n<meta name=\"robots\" content=\"index, follow, max-snippet:-1, max-image-preview:large, max-video-preview:-1\" \/>\n<link rel=\"canonical\" href=\"https:\/\/dublagembrasileira.com.br\/?p=9047\" \/>\n<meta property=\"og:locale\" content=\"pt_BR\" \/>\n<meta property=\"og:type\" content=\"article\" \/>\n<meta property=\"og:title\" content=\"Marcos Mion fala sobre as criticas recebidas pelos f\u00e3s de Buzz Lightyear. | DB - Dublagem Brasileira\" \/>\n<meta property=\"og:description\" content=\"Apresentador ser\u00e1 a nova voz do personagem no Brasil na produ\u00e7\u00e3o que ser\u00e1 lan\u00e7ada dia 16 de Junho.\" \/>\n<meta property=\"og:url\" content=\"https:\/\/dublagembrasileira.com.br\/?p=9047\" \/>\n<meta property=\"og:site_name\" content=\"DB - Dublagem Brasileira\" \/>\n<meta property=\"article:author\" content=\"https:\/\/www.facebook.com\/dublagembrasileira\" \/>\n<meta property=\"article:published_time\" content=\"2022-06-08T21:32:53+00:00\" \/>\n<meta property=\"article:modified_time\" content=\"2022-06-13T22:25:30+00:00\" \/>\n<meta property=\"og:image\" content=\"https:\/\/dublagembrasileira.com.br\/wp-content\/uploads\/2022\/06\/marcus_mion.jpg\" \/>\n\t<meta property=\"og:image:width\" content=\"704\" \/>\n\t<meta property=\"og:image:height\" content=\"496\" \/>\n\t<meta property=\"og:image:type\" content=\"image\/jpeg\" \/>\n<meta name=\"author\" content=\"Reda\u00e7\u00e3o\" \/>\n<meta name=\"twitter:card\" content=\"summary_large_image\" \/>\n<meta name=\"twitter:creator\" content=\"@dbdublagem\" \/>\n<meta name=\"twitter:label1\" content=\"Escrito por\" \/>\n\t<meta name=\"twitter:data1\" content=\"Reda\u00e7\u00e3o\" \/>\n\t<meta name=\"twitter:label2\" content=\"Est. tempo de leitura\" \/>\n\t<meta name=\"twitter:data2\" content=\"1 minuto\" \/>\n<script type=\"application\/ld+json\" class=\"yoast-schema-graph\">{\"@context\":\"https:\/\/schema.org\",\"@graph\":[{\"@type\":\"Article\",\"@id\":\"https:\/\/dublagembrasileira.com.br\/?p=9047#article\",\"isPartOf\":{\"@id\":\"https:\/\/dublagembrasileira.com.br\/?p=9047\"},\"author\":{\"name\":\"Reda\u00e7\u00e3o\",\"@id\":\"https:\/\/dublagembrasileira.com.br\/#\/schema\/person\/a75bac594c0e9a0b96508b7e124f20d1\"},\"headline\":\"Marcos Mion fala sobre as criticas recebidas pelos f\u00e3s de Buzz Lightyear.\",\"datePublished\":\"2022-06-08T21:32:53+00:00\",\"dateModified\":\"2022-06-13T22:25:30+00:00\",\"mainEntityOfPage\":{\"@id\":\"https:\/\/dublagembrasileira.com.br\/?p=9047\"},\"wordCount\":218,\"commentCount\":0,\"publisher\":{\"@id\":\"https:\/\/dublagembrasileira.com.br\/#organization\"},\"image\":{\"@id\":\"https:\/\/dublagembrasileira.com.br\/?p=9047#primaryimage\"},\"thumbnailUrl\":\"https:\/\/dublagembrasileira.com.br\/wp-content\/uploads\/2022\/06\/marcus_mion.jpg\",\"articleSection\":[\"Cinema\",\"Desenhos\",\"Not\u00edcias\"],\"inLanguage\":\"pt-BR\",\"potentialAction\":[{\"@type\":\"CommentAction\",\"name\":\"Comment\",\"target\":[\"https:\/\/dublagembrasileira.com.br\/?p=9047#respond\"]}]},{\"@type\":\"WebPage\",\"@id\":\"https:\/\/dublagembrasileira.com.br\/?p=9047\",\"url\":\"https:\/\/dublagembrasileira.com.br\/?p=9047\",\"name\":\"Marcos Mion fala sobre as criticas recebidas pelos f\u00e3s de Buzz Lightyear. | DB - Dublagem Brasileira\",\"isPartOf\":{\"@id\":\"https:\/\/dublagembrasileira.com.br\/#website\"},\"primaryImageOfPage\":{\"@id\":\"https:\/\/dublagembrasileira.com.br\/?p=9047#primaryimage\"},\"image\":{\"@id\":\"https:\/\/dublagembrasileira.com.br\/?p=9047#primaryimage\"},\"thumbnailUrl\":\"https:\/\/dublagembrasileira.com.br\/wp-content\/uploads\/2022\/06\/marcus_mion.jpg\",\"datePublished\":\"2022-06-08T21:32:53+00:00\",\"dateModified\":\"2022-06-13T22:25:30+00:00\",\"description\":\"Apresentador ser\u00e1 a nova voz do personagem no Brasil na produ\u00e7\u00e3o que ser\u00e1 lan\u00e7ada dia 16 de Junho.\",\"breadcrumb\":{\"@id\":\"https:\/\/dublagembrasileira.com.br\/?p=9047#breadcrumb\"},\"inLanguage\":\"pt-BR\",\"potentialAction\":[{\"@type\":\"ReadAction\",\"target\":[\"https:\/\/dublagembrasileira.com.br\/?p=9047\"]}]},{\"@type\":\"ImageObject\",\"inLanguage\":\"pt-BR\",\"@id\":\"https:\/\/dublagembrasileira.com.br\/?p=9047#primaryimage\",\"url\":\"https:\/\/dublagembrasileira.com.br\/wp-content\/uploads\/2022\/06\/marcus_mion.jpg\",\"contentUrl\":\"https:\/\/dublagembrasileira.com.br\/wp-content\/uploads\/2022\/06\/marcus_mion.jpg\",\"width\":704,\"height\":496},{\"@type\":\"BreadcrumbList\",\"@id\":\"https:\/\/dublagembrasileira.com.br\/?p=9047#breadcrumb\",\"itemListElement\":[{\"@type\":\"ListItem\",\"position\":1,\"name\":\"In\u00edcio\",\"item\":\"https:\/\/dublagembrasileira.com.br\/\"},{\"@type\":\"ListItem\",\"position\":2,\"name\":\"Marcos Mion fala sobre as criticas recebidas pelos f\u00e3s de Buzz Lightyear.\"}]},{\"@type\":\"WebSite\",\"@id\":\"https:\/\/dublagembrasileira.com.br\/#website\",\"url\":\"https:\/\/dublagembrasileira.com.br\/\",\"name\":\"DB - Dublagem Brasileira\",\"description\":\"O seu portal de dublagem.\",\"publisher\":{\"@id\":\"https:\/\/dublagembrasileira.com.br\/#organization\"},\"potentialAction\":[{\"@type\":\"SearchAction\",\"target\":{\"@type\":\"EntryPoint\",\"urlTemplate\":\"https:\/\/dublagembrasileira.com.br\/?s={search_term_string}\"},\"query-input\":{\"@type\":\"PropertyValueSpecification\",\"valueRequired\":true,\"valueName\":\"search_term_string\"}}],\"inLanguage\":\"pt-BR\"},{\"@type\":\"Organization\",\"@id\":\"https:\/\/dublagembrasileira.com.br\/#organization\",\"name\":\"DB - Dublagem Brasileira\",\"url\":\"https:\/\/dublagembrasileira.com.br\/\",\"logo\":{\"@type\":\"ImageObject\",\"inLanguage\":\"pt-BR\",\"@id\":\"https:\/\/dublagembrasileira.com.br\/#\/schema\/logo\/image\/\",\"url\":\"https:\/\/dublagembrasileira.com.br\/wp-content\/uploads\/2019\/07\/cropped-logotipodb.png\",\"contentUrl\":\"https:\/\/dublagembrasileira.com.br\/wp-content\/uploads\/2019\/07\/cropped-logotipodb.png\",\"width\":946,\"height\":589,\"caption\":\"DB - Dublagem Brasileira\"},\"image\":{\"@id\":\"https:\/\/dublagembrasileira.com.br\/#\/schema\/logo\/image\/\"}},{\"@type\":\"Person\",\"@id\":\"https:\/\/dublagembrasileira.com.br\/#\/schema\/person\/a75bac594c0e9a0b96508b7e124f20d1\",\"name\":\"Reda\u00e7\u00e3o\",\"image\":{\"@type\":\"ImageObject\",\"inLanguage\":\"pt-BR\",\"@id\":\"https:\/\/dublagembrasileira.com.br\/#\/schema\/person\/image\/\",\"url\":\"http:\/\/dublagembrasileira.com.br\/wp-content\/uploads\/2025\/06\/admin-96x96.jpg\",\"contentUrl\":\"http:\/\/dublagembrasileira.com.br\/wp-content\/uploads\/2025\/06\/admin-96x96.jpg\",\"caption\":\"Reda\u00e7\u00e3o\"},\"description\":\"Equipe do DB.\",\"sameAs\":[\"https:\/\/www.facebook.com\/dublagembrasileira\",\"https:\/\/www.instagram.com\/dbdublagembrasileira\",\"https:\/\/x.com\/dbdublagem\"],\"url\":\"https:\/\/dublagembrasileira.com.br\/?author=4\"}]}<\/script>\n<!-- \/ Yoast SEO plugin. -->","yoast_head_json":{"title":"Marcos Mion fala sobre as criticas recebidas pelos f\u00e3s de Buzz Lightyear. | DB - Dublagem Brasileira","description":"Apresentador ser\u00e1 a nova voz do personagem no Brasil na produ\u00e7\u00e3o que ser\u00e1 lan\u00e7ada dia 16 de Junho.","robots":{"index":"index","follow":"follow","max-snippet":"max-snippet:-1","max-image-preview":"max-image-preview:large","max-video-preview":"max-video-preview:-1"},"canonical":"https:\/\/dublagembrasileira.com.br\/?p=9047","og_locale":"pt_BR","og_type":"article","og_title":"Marcos Mion fala sobre as criticas recebidas pelos f\u00e3s de Buzz Lightyear. | DB - Dublagem Brasileira","og_description":"Apresentador ser\u00e1 a nova voz do personagem no Brasil na produ\u00e7\u00e3o que ser\u00e1 lan\u00e7ada dia 16 de Junho.","og_url":"https:\/\/dublagembrasileira.com.br\/?p=9047","og_site_name":"DB - Dublagem Brasileira","article_author":"https:\/\/www.facebook.com\/dublagembrasileira","article_published_time":"2022-06-08T21:32:53+00:00","article_modified_time":"2022-06-13T22:25:30+00:00","og_image":[{"width":704,"height":496,"url":"https:\/\/dublagembrasileira.com.br\/wp-content\/uploads\/2022\/06\/marcus_mion.jpg","type":"image\/jpeg"}],"author":"Reda\u00e7\u00e3o","twitter_card":"summary_large_image","twitter_creator":"@dbdublagem","twitter_misc":{"Escrito por":"Reda\u00e7\u00e3o","Est. tempo de leitura":"1 minuto"},"schema":{"@context":"https:\/\/schema.org","@graph":[{"@type":"Article","@id":"https:\/\/dublagembrasileira.com.br\/?p=9047#article","isPartOf":{"@id":"https:\/\/dublagembrasileira.com.br\/?p=9047"},"author":{"name":"Reda\u00e7\u00e3o","@id":"https:\/\/dublagembrasileira.com.br\/#\/schema\/person\/a75bac594c0e9a0b96508b7e124f20d1"},"headline":"Marcos Mion fala sobre as criticas recebidas pelos f\u00e3s de Buzz Lightyear.","datePublished":"2022-06-08T21:32:53+00:00","dateModified":"2022-06-13T22:25:30+00:00","mainEntityOfPage":{"@id":"https:\/\/dublagembrasileira.com.br\/?p=9047"},"wordCount":218,"commentCount":0,"publisher":{"@id":"https:\/\/dublagembrasileira.com.br\/#organization"},"image":{"@id":"https:\/\/dublagembrasileira.com.br\/?p=9047#primaryimage"},"thumbnailUrl":"https:\/\/dublagembrasileira.com.br\/wp-content\/uploads\/2022\/06\/marcus_mion.jpg","articleSection":["Cinema","Desenhos","Not\u00edcias"],"inLanguage":"pt-BR","potentialAction":[{"@type":"CommentAction","name":"Comment","target":["https:\/\/dublagembrasileira.com.br\/?p=9047#respond"]}]},{"@type":"WebPage","@id":"https:\/\/dublagembrasileira.com.br\/?p=9047","url":"https:\/\/dublagembrasileira.com.br\/?p=9047","name":"Marcos Mion fala sobre as criticas recebidas pelos f\u00e3s de Buzz Lightyear. | DB - Dublagem Brasileira","isPartOf":{"@id":"https:\/\/dublagembrasileira.com.br\/#website"},"primaryImageOfPage":{"@id":"https:\/\/dublagembrasileira.com.br\/?p=9047#primaryimage"},"image":{"@id":"https:\/\/dublagembrasileira.com.br\/?p=9047#primaryimage"},"thumbnailUrl":"https:\/\/dublagembrasileira.com.br\/wp-content\/uploads\/2022\/06\/marcus_mion.jpg","datePublished":"2022-06-08T21:32:53+00:00","dateModified":"2022-06-13T22:25:30+00:00","description":"Apresentador ser\u00e1 a nova voz do personagem no Brasil na produ\u00e7\u00e3o que ser\u00e1 lan\u00e7ada dia 16 de Junho.","breadcrumb":{"@id":"https:\/\/dublagembrasileira.com.br\/?p=9047#breadcrumb"},"inLanguage":"pt-BR","potentialAction":[{"@type":"ReadAction","target":["https:\/\/dublagembrasileira.com.br\/?p=9047"]}]},{"@type":"ImageObject","inLanguage":"pt-BR","@id":"https:\/\/dublagembrasileira.com.br\/?p=9047#primaryimage","url":"https:\/\/dublagembrasileira.com.br\/wp-content\/uploads\/2022\/06\/marcus_mion.jpg","contentUrl":"https:\/\/dublagembrasileira.com.br\/wp-content\/uploads\/2022\/06\/marcus_mion.jpg","width":704,"height":496},{"@type":"BreadcrumbList","@id":"https:\/\/dublagembrasileira.com.br\/?p=9047#breadcrumb","itemListElement":[{"@type":"ListItem","position":1,"name":"In\u00edcio","item":"https:\/\/dublagembrasileira.com.br\/"},{"@type":"ListItem","position":2,"name":"Marcos Mion fala sobre as criticas recebidas pelos f\u00e3s de Buzz Lightyear."}]},{"@type":"WebSite","@id":"https:\/\/dublagembrasileira.com.br\/#website","url":"https:\/\/dublagembrasileira.com.br\/","name":"DB - Dublagem Brasileira","description":"O seu portal de dublagem.","publisher":{"@id":"https:\/\/dublagembrasileira.com.br\/#organization"},"potentialAction":[{"@type":"SearchAction","target":{"@type":"EntryPoint","urlTemplate":"https:\/\/dublagembrasileira.com.br\/?s={search_term_string}"},"query-input":{"@type":"PropertyValueSpecification","valueRequired":true,"valueName":"search_term_string"}}],"inLanguage":"pt-BR"},{"@type":"Organization","@id":"https:\/\/dublagembrasileira.com.br\/#organization","name":"DB - Dublagem Brasileira","url":"https:\/\/dublagembrasileira.com.br\/","logo":{"@type":"ImageObject","inLanguage":"pt-BR","@id":"https:\/\/dublagembrasileira.com.br\/#\/schema\/logo\/image\/","url":"https:\/\/dublagembrasileira.com.br\/wp-content\/uploads\/2019\/07\/cropped-logotipodb.png","contentUrl":"https:\/\/dublagembrasileira.com.br\/wp-content\/uploads\/2019\/07\/cropped-logotipodb.png","width":946,"height":589,"caption":"DB - Dublagem Brasileira"},"image":{"@id":"https:\/\/dublagembrasileira.com.br\/#\/schema\/logo\/image\/"}},{"@type":"Person","@id":"https:\/\/dublagembrasileira.com.br\/#\/schema\/person\/a75bac594c0e9a0b96508b7e124f20d1","name":"Reda\u00e7\u00e3o","image":{"@type":"ImageObject","inLanguage":"pt-BR","@id":"https:\/\/dublagembrasileira.com.br\/#\/schema\/person\/image\/","url":"http:\/\/dublagembrasileira.com.br\/wp-content\/uploads\/2025\/06\/admin-96x96.jpg","contentUrl":"http:\/\/dublagembrasileira.com.br\/wp-content\/uploads\/2025\/06\/admin-96x96.jpg","caption":"Reda\u00e7\u00e3o"},"description":"Equipe do DB.","sameAs":["https:\/\/www.facebook.com\/dublagembrasileira","https:\/\/www.instagram.com\/dbdublagembrasileira","https:\/\/x.com\/dbdublagem"],"url":"https:\/\/dublagembrasileira.com.br\/?author=4"}]}},"rttpg_featured_image_url":{"full":["https:\/\/dublagembrasileira.com.br\/wp-content\/uploads\/2022\/06\/marcus_mion.jpg",704,496,false],"landscape":["https:\/\/dublagembrasileira.com.br\/wp-content\/uploads\/2022\/06\/marcus_mion.jpg",704,496,false],"portraits":["https:\/\/dublagembrasileira.com.br\/wp-content\/uploads\/2022\/06\/marcus_mion.jpg",704,496,false],"thumbnail":["https:\/\/dublagembrasileira.com.br\/wp-content\/uploads\/2022\/06\/marcus_mion-150x150.jpg",150,150,true],"medium":["https:\/\/dublagembrasileira.com.br\/wp-content\/uploads\/2022\/06\/marcus_mion-300x211.jpg",300,211,true],"large":["https:\/\/dublagembrasileira.com.br\/wp-content\/uploads\/2022\/06\/marcus_mion.jpg",640,451,false],"1536x1536":["https:\/\/dublagembrasileira.com.br\/wp-content\/uploads\/2022\/06\/marcus_mion.jpg",704,496,false],"2048x2048":["https:\/\/dublagembrasileira.com.br\/wp-content\/uploads\/2022\/06\/marcus_mion.jpg",704,496,false],"eggnews-slider-large":["https:\/\/dublagembrasileira.com.br\/wp-content\/uploads\/2022\/06\/marcus_mion.jpg",704,496,false],"eggnews-featured-medium":["https:\/\/dublagembrasileira.com.br\/wp-content\/uploads\/2022\/06\/marcus_mion-420x307.jpg",420,307,true],"eggnews-featured-long":["https:\/\/dublagembrasileira.com.br\/wp-content\/uploads\/2022\/06\/marcus_mion-300x443.jpg",300,443,true],"eggnews-block-medium":["https:\/\/dublagembrasileira.com.br\/wp-content\/uploads\/2022\/06\/marcus_mion-464x290.jpg",464,290,true],"eggnews-carousel-image":["https:\/\/dublagembrasileira.com.br\/wp-content\/uploads\/2022\/06\/marcus_mion-600x496.jpg",600,496,true],"eggnews-block-thumb":["https:\/\/dublagembrasileira.com.br\/wp-content\/uploads\/2022\/06\/marcus_mion-322x230.jpg",322,230,true],"eggnews-single-large":["https:\/\/dublagembrasileira.com.br\/wp-content\/uploads\/2022\/06\/marcus_mion.jpg",704,496,false],"crp_thumbnail":["https:\/\/dublagembrasileira.com.br\/wp-content\/uploads\/2022\/06\/marcus_mion-150x150.jpg",150,150,true]},"rttpg_author":{"display_name":"Reda\u00e7\u00e3o","author_link":"https:\/\/dublagembrasileira.com.br\/?author=4"},"rttpg_comment":9,"rttpg_category":"<a href=\"https:\/\/dublagembrasileira.com.br\/?cat=7\" rel=\"category\">Cinema<\/a> <a href=\"https:\/\/dublagembrasileira.com.br\/?cat=4\" rel=\"category\">Desenhos<\/a> <a href=\"https:\/\/dublagembrasileira.com.br\/?cat=13\" rel=\"category\">Not\u00edcias<\/a>","rttpg_excerpt":"Apresentador ser\u00e1 a nova voz do personagem no Brasil na produ\u00e7\u00e3o que ser\u00e1 lan\u00e7ada dia 16 de Junho. Marcos Mion sofreu uma s\u00e9rie de ataques na internet quando foi anunciado como dublador do personagem Buzz Lightyear em Lightyear. O motivo seria a substitui\u00e7\u00e3o do dublador Guilherme Briggs, que deu voz a Buzz desde o primeiro&hellip;","_links":{"self":[{"href":"https:\/\/dublagembrasileira.com.br\/index.php?rest_route=\/wp\/v2\/posts\/9047","targetHints":{"allow":["GET"]}}],"collection":[{"href":"https:\/\/dublagembrasileira.com.br\/index.php?rest_route=\/wp\/v2\/posts"}],"about":[{"href":"https:\/\/dublagembrasileira.com.br\/index.php?rest_route=\/wp\/v2\/types\/post"}],"author":[{"embeddable":true,"href":"https:\/\/dublagembrasileira.com.br\/index.php?rest_route=\/wp\/v2\/users\/4"}],"replies":[{"embeddable":true,"href":"https:\/\/dublagembrasileira.com.br\/index.php?rest_route=%2Fwp%2Fv2%2Fcomments&post=9047"}],"version-history":[{"count":1,"href":"https:\/\/dublagembrasileira.com.br\/index.php?rest_route=\/wp\/v2\/posts\/9047\/revisions"}],"predecessor-version":[{"id":9049,"href":"https:\/\/dublagembrasileira.com.br\/index.php?rest_route=\/wp\/v2\/posts\/9047\/revisions\/9049"}],"wp:featuredmedia":[{"embeddable":true,"href":"https:\/\/dublagembrasileira.com.br\/index.php?rest_route=\/wp\/v2\/media\/9083"}],"wp:attachment":[{"href":"https:\/\/dublagembrasileira.com.br\/index.php?rest_route=%2Fwp%2Fv2%2Fmedia&parent=9047"}],"wp:term":[{"taxonomy":"category","embeddable":true,"href":"https:\/\/dublagembrasileira.com.br\/index.php?rest_route=%2Fwp%2Fv2%2Fcategories&post=9047"},{"taxonomy":"post_tag","embeddable":true,"href":"https:\/\/dublagembrasileira.com.br\/index.php?rest_route=%2Fwp%2Fv2%2Ftags&post=9047"}],"curies":[{"name":"wp","href":"https:\/\/api.w.org\/{rel}","templated":true}]}}