{"id":8780,"date":"2022-04-23T18:31:14","date_gmt":"2022-04-23T18:31:14","guid":{"rendered":"https:\/\/dublagembrasileira.com.br\/?p=8780"},"modified":"2025-06-20T23:40:05","modified_gmt":"2025-06-20T23:40:05","slug":"elementor-8780","status":"publish","type":"post","link":"https:\/\/dublagembrasileira.com.br\/?p=8780","title":{"rendered":"Ba\u00fa da Dublagem: A cl\u00e1ssica dublagem da AIC para o filme O Sol \u00e9 Para Todos"},"content":{"rendered":"<style>.elementor-widget-text-editor{font-family:var( --e-global-typography-text-font-family ), Sans-serif;font-weight:var( --e-global-typography-text-font-weight );color:var( --e-global-color-text );}.elementor-widget-text-editor.elementor-drop-cap-view-stacked .elementor-drop-cap{background-color:var( --e-global-color-primary );}.elementor-widget-text-editor.elementor-drop-cap-view-framed .elementor-drop-cap, .elementor-widget-text-editor.elementor-drop-cap-view-default .elementor-drop-cap{color:var( --e-global-color-primary );border-color:var( --e-global-color-primary );}.elementor-widget-divider{--divider-color:var( --e-global-color-secondary );}.elementor-widget-divider .elementor-divider__text{color:var( --e-global-color-secondary );font-family:var( --e-global-typography-secondary-font-family ), Sans-serif;font-weight:var( --e-global-typography-secondary-font-weight );}.elementor-widget-divider.elementor-view-stacked .elementor-icon{background-color:var( --e-global-color-secondary );}.elementor-widget-divider.elementor-view-framed .elementor-icon, .elementor-widget-divider.elementor-view-default .elementor-icon{color:var( --e-global-color-secondary );border-color:var( --e-global-color-secondary );}.elementor-widget-divider.elementor-view-framed .elementor-icon, .elementor-widget-divider.elementor-view-default .elementor-icon svg{fill:var( --e-global-color-secondary );}.elementor-8780 .elementor-element.elementor-element-1f423a75{--divider-border-style:solid;--divider-color:#000;--divider-border-width:1px;}.elementor-8780 .elementor-element.elementor-element-1f423a75 .elementor-divider-separator{width:100%;}.elementor-8780 .elementor-element.elementor-element-1f423a75 .elementor-divider{padding-block-start:15px;padding-block-end:15px;}.elementor-widget-heading .elementor-heading-title{font-family:var( --e-global-typography-primary-font-family ), Sans-serif;font-weight:var( --e-global-typography-primary-font-weight );color:var( --e-global-color-primary );}.elementor-8780 .elementor-element.elementor-element-1c89715{text-align:left;}.elementor-8780 .elementor-element.elementor-element-1c89715 .elementor-heading-title{color:#000000;}.elementor-8780 .elementor-element.elementor-element-1cf87467{color:#000000;}.elementor-widget-image .widget-image-caption{color:var( --e-global-color-text );font-family:var( --e-global-typography-text-font-family ), Sans-serif;font-weight:var( --e-global-typography-text-font-weight );}.elementor-8780 .elementor-element.elementor-element-57addef6{text-align:center;}.elementor-8780 .elementor-element.elementor-element-14787ee5 > .elementor-widget-container{margin:17px 0px 0px 0px;}.elementor-8780 .elementor-element.elementor-element-14787ee5{text-align:left;}.elementor-8780 .elementor-element.elementor-element-14787ee5 .elementor-heading-title{font-size:30px;color:#000000;}.elementor-8780 .elementor-element.elementor-element-d5ddf60 > .elementor-widget-container{margin:17px 0px 0px 0px;}.elementor-8780 .elementor-element.elementor-element-d5ddf60{text-align:left;}.elementor-8780 .elementor-element.elementor-element-d5ddf60 .elementor-heading-title{font-size:30px;color:#000000;}.elementor-8780 .elementor-element.elementor-element-2f8b4ad4 > .elementor-widget-container{margin:15px 0px 0px 0px;}.elementor-8780 .elementor-element.elementor-element-1489c2ae .elementor-heading-title{color:#000000;}.elementor-8780 .elementor-element.elementor-element-b2d1868 > .elementor-widget-container{margin:15px 0px 0px 0px;}<\/style>\t\t<div data-elementor-type=\"wp-post\" data-elementor-id=\"8780\" class=\"elementor elementor-8780\">\n\t\t\t\t\t\t<section class=\"has_eae_slider elementor-section elementor-top-section elementor-element elementor-element-5a857b15 elementor-section-boxed elementor-section-height-default elementor-section-height-default wpr-particle-no wpr-jarallax-no wpr-parallax-no wpr-sticky-section-no\" data-eae-slider=\"94174\" data-id=\"5a857b15\" data-element_type=\"section\" data-settings=\"{&quot;_ha_eqh_enable&quot;:false}\">\n\t\t\t\t\t\t<div class=\"elementor-container elementor-column-gap-default\">\n\t\t\t\t\t<div class=\"has_eae_slider elementor-column elementor-col-100 elementor-top-column elementor-element elementor-element-52347d66\" data-eae-slider=\"53356\" data-id=\"52347d66\" data-element_type=\"column\">\n\t\t\t<div class=\"elementor-widget-wrap elementor-element-populated\">\n\t\t\t\t\t\t<div class=\"elementor-element elementor-element-5a511dfa elementor-widget elementor-widget-text-editor\" data-id=\"5a511dfa\" data-element_type=\"widget\" data-widget_type=\"text-editor.default\">\n\t\t\t\t<div class=\"elementor-widget-container\">\n\t\t\t\t\t\t\t\t\t<h4><em>Luiz Pini n\u00e3o deixa nada a desejar ao fazer a voz de Gregory Pack em uma das suas melhores performances.<\/em><\/h4>\t\t\t\t\t\t\t\t<\/div>\n\t\t\t\t<\/div>\n\t\t\t\t<div class=\"elementor-element elementor-element-1f423a75 elementor-widget-divider--view-line elementor-widget elementor-widget-divider\" data-id=\"1f423a75\" data-element_type=\"widget\" data-widget_type=\"divider.default\">\n\t\t\t\t<div class=\"elementor-widget-container\">\n\t\t\t\t\t\t\t<div class=\"elementor-divider\">\n\t\t\t<span class=\"elementor-divider-separator\">\n\t\t\t\t\t\t<\/span>\n\t\t<\/div>\n\t\t\t\t\t\t<\/div>\n\t\t\t\t<\/div>\n\t\t\t\t<div class=\"elementor-element elementor-element-1c89715 elementor-widget elementor-widget-heading\" data-id=\"1c89715\" data-element_type=\"widget\" data-widget_type=\"heading.default\">\n\t\t\t\t<div class=\"elementor-widget-container\">\n\t\t\t\t\t<h2 class=\"elementor-heading-title elementor-size-default\">Uma das melhores atua\u00e7\u00f5es de Gregory Pack.<\/h2>\t\t\t\t<\/div>\n\t\t\t\t<\/div>\n\t\t\t\t<div class=\"elementor-element elementor-element-1cf87467 elementor-widget elementor-widget-text-editor\" data-id=\"1cf87467\" data-element_type=\"widget\" data-widget_type=\"text-editor.default\">\n\t\t\t\t<div class=\"elementor-widget-container\">\n\t\t\t\t\t\t\t\t\t<p>Alabama, d\u00e9cada de 1930. Os Estados Unidos enfrenta e Depress\u00e3o. A pequena Jean (Mary Badham) \u00e9 uma menina inteligente que tem no seu pai o grande her\u00f3i.<\/p><p>Atticus Finch (Gregory Peck) \u00e9 um advogado vi\u00favo que cuida de seu casal de filhos pequenos. Idealista e honesto, ele ser\u00e1 o defensor de Tom, um negro acusado de estuprar uma mulher branca. Num j\u00fari composto apenas de brancos, todos sabem qual ser\u00e1 o veredicto. Mas o advogado n\u00e3o desistir\u00e1 de tentar provar que Tom \u00e9 inocente. Al\u00e9m desse julgamento, a amizade de Jean com Boo Radley (Robert Duval), um deficiente mental que vive encarcerado em sua casa, vai fazer com que a menina passe a ver o mundo sob uma nova \u00f3tica e descobrir que o mundo dos adultos \u00e9 mais cruel do que parece.<\/p><p>Baseado em um dos grandes best-sellers na \u00e9poca, \u201cTo Kill a Mockingbird\u201d \u00e9 um filme que foca em seu ambiente de cidadezinha pacata e o conv\u00edvio de seus moradores atrav\u00e9s do ponto de vista de uma crian\u00e7a que aprende que seu mundo n\u00e3o \u00e9 feito apenas de coisas boas.<\/p><p>Um de seus personagens mais ilustres \u00e9 o advogado Atticus Finch, interpretado otimamente por Gregory Pack, o qual al\u00e9m de simbolizar uma pessoa segura de si e determinada de seus deveres perante sua sociedade, tamb\u00e9m \u00e9 um grande exemplo de educa\u00e7\u00e3o para seus filhos. Al\u00e9m de sua atua\u00e7\u00e3o, as crian\u00e7as tamb\u00e9m causam boa impress\u00e3o nos seus primeiros trabalhos de uma inf\u00e2ncia sulista cheia de ingenuidade e aventuras.<\/p><p>Um pouco diferente do retrato familiar idealista americano, boa parte do que nos \u00e9 mostrado tem a possibilidade de criar v\u00e1rios questionamentos sobre qual \u00e9 a situa\u00e7\u00e3o da fam\u00edlia contempor\u00e2nea independente de onde ela est\u00e1 localizada no mundo a fora.<\/p><p>Mesmo que a cada cinco minutos de filme se tenha um tema abordado, o mais enfatizado \u00e9 o preconceito racial que hoje tentamos eliminar. Nele \u00e9 poss\u00edvel perceber que mesmo que as pessoas tenham as mesmas condi\u00e7\u00f5es financeiras e culturais, elas sempre tentam encontrar algo para classific\u00e1-las como superiores agindo de forma ego\u00edsta e sem respeito.<\/p><p>O filme ganhou 3 Oscars, sendo o de melhor ator para Gregory Peck. Obteve tamb\u00e9m nas categorias de roteiro e fotografia.<\/p>\t\t\t\t\t\t\t\t<\/div>\n\t\t\t\t<\/div>\n\t\t\t\t<div class=\"elementor-element elementor-element-57addef6 elementor-widget elementor-widget-image\" data-id=\"57addef6\" data-element_type=\"widget\" data-widget_type=\"image.default\">\n\t\t\t\t<div class=\"elementor-widget-container\">\n\t\t\t\t\t\t\t\t\t\t\t\t<figure class=\"wp-caption\">\n\t\t\t\t\t\t\t\t\t\t<img fetchpriority=\"high\" decoding=\"async\" width=\"640\" height=\"451\" src=\"https:\/\/dublagembrasileira.com.br\/wp-content\/uploads\/2022\/04\/soltodos1.jpg\" class=\"attachment-large size-large wp-image-8781\" alt=\"\" srcset=\"https:\/\/dublagembrasileira.com.br\/wp-content\/uploads\/2022\/04\/soltodos1.jpg 704w, https:\/\/dublagembrasileira.com.br\/wp-content\/uploads\/2022\/04\/soltodos1-300x211.jpg 300w\" sizes=\"(max-width: 640px) 100vw, 640px\" \/>\t\t\t\t\t\t\t\t\t\t\t<figcaption class=\"widget-image-caption wp-caption-text\">Sem d\u00favida uma das melhores atua\u00e7\u00f5es de Gregory Pack.<\/figcaption>\n\t\t\t\t\t\t\t\t\t\t<\/figure>\n\t\t\t\t\t\t\t\t\t<\/div>\n\t\t\t\t<\/div>\n\t\t\t\t<div class=\"elementor-element elementor-element-14787ee5 elementor-widget elementor-widget-heading\" data-id=\"14787ee5\" data-element_type=\"widget\" data-widget_type=\"heading.default\">\n\t\t\t\t<div class=\"elementor-widget-container\">\n\t\t\t\t\t<h2 class=\"elementor-heading-title elementor-size-default\">Vozes brasileiras.<\/h2>\t\t\t\t<\/div>\n\t\t\t\t<\/div>\n\t\t\t\t<div class=\"elementor-element elementor-element-38c8d600 elementor-widget elementor-widget-text-editor\" data-id=\"38c8d600\" data-element_type=\"widget\" data-widget_type=\"text-editor.default\">\n\t\t\t\t<div class=\"elementor-widget-container\">\n\t\t\t\t\t\t\t\t\t<p style=\"font-family: Roboto, sans-serif; font-style: normal; font-weight: 400; color: #000000;\"><span style=\"font-family: Roboto, sans-serif; font-size: 18px; font-style: normal; font-weight: 400;\">Dublado no in\u00edcio de 1968 pela AIC, este excelente filme recebeu uma dublagem muito bem cuidada e com desempenhos extraordin\u00e1rios de praticamente todos os dubladores.<\/span><\/p><p style=\"font-family: Roboto, sans-serif; font-style: normal; font-weight: 400; color: #000000;\">Todos est\u00e3o \u00f3timos, mas sem d\u00favida alguma o trabalho de Luiz Pini, dublando Gregory Peck, \u00e9 digno de aplausos pela interpreta\u00e7\u00e3o, pausa das falas nos dando a n\u00edtida impress\u00e3o de que sua voz \u00e9 a do pr\u00f3prio ator.<\/p><p style=\"font-family: Roboto, sans-serif; font-style: normal; font-weight: 400; color: #000000;\"><span style=\"font-family: Roboto, sans-serif; font-size: 18px; font-style: normal; font-weight: 400;\">Al\u00e9m de Luiz Pini, h\u00e1 as extraordin\u00e1rias dublagens realizadas por Gilberto Baroli (ainda no in\u00edcio de carreira) como o r\u00e9u Tom Robinson e tamb\u00e9m a excel\u00eancia de Isaura Gomes dublando a jovem que, supostamente, teria sido abusada sexualmente.<\/span><\/p><p style=\"font-family: Roboto, sans-serif; font-style: normal; font-weight: 400; color: #000000;\">No conjunto, a dublagem \u00e9 intoc\u00e1vel, contendo tamb\u00e9m os trabalhos de Zezinho C\u00fatolo e Maralise Tartarine dublando os filhos do advogado. H\u00e1 ainda no elenco de dublagem as presen\u00e7as de Jos\u00e9 Soares, Garcia Neto, Noely Mendes, Francisco Borges, entre outros.<\/p><p style=\"font-family: Roboto, sans-serif; font-style: normal; font-weight: 400; color: #000000;\">A dublagem da AIC nos remete a toda dramaticidade, a qual o filme traz, mas tamb\u00e9m, nos momentos mais leves, a dublagem \u00e9 muito bem realizada, dando ao telespectador um grande prazer ao assistir.<\/p>\t\t\t\t\t\t\t\t<\/div>\n\t\t\t\t<\/div>\n\t\t\t\t<div class=\"elementor-element elementor-element-ed3c2af elementor-widget elementor-widget-image\" data-id=\"ed3c2af\" data-element_type=\"widget\" data-widget_type=\"image.default\">\n\t\t\t\t<div class=\"elementor-widget-container\">\n\t\t\t\t\t\t\t\t\t\t\t\t<figure class=\"wp-caption\">\n\t\t\t\t\t\t\t\t\t\t<img decoding=\"async\" width=\"640\" height=\"451\" data-src=\"https:\/\/dublagembrasileira.com.br\/wp-content\/uploads\/2022\/04\/soltodos2.jpg\" class=\"attachment-large size-large wp-image-8782 lazyload\" alt=\"\" data-srcset=\"https:\/\/dublagembrasileira.com.br\/wp-content\/uploads\/2022\/04\/soltodos2.jpg 704w, https:\/\/dublagembrasileira.com.br\/wp-content\/uploads\/2022\/04\/soltodos2-300x211.jpg 300w\" data-sizes=\"(max-width: 640px) 100vw, 640px\" src=\"data:image\/svg+xml;base64,PHN2ZyB3aWR0aD0iMSIgaGVpZ2h0PSIxIiB4bWxucz0iaHR0cDovL3d3dy53My5vcmcvMjAwMC9zdmciPjwvc3ZnPg==\" style=\"--smush-placeholder-width: 640px; --smush-placeholder-aspect-ratio: 640\/451;\" \/>\t\t\t\t\t\t\t\t\t\t\t<figcaption class=\"widget-image-caption wp-caption-text\">Parte do elenco de O Sol \u00e9 Para Todos.<\/figcaption>\n\t\t\t\t\t\t\t\t\t\t<\/figure>\n\t\t\t\t\t\t\t\t\t<\/div>\n\t\t\t\t<\/div>\n\t\t\t\t<div class=\"elementor-element elementor-element-d5ddf60 elementor-widget elementor-widget-heading\" data-id=\"d5ddf60\" data-element_type=\"widget\" data-widget_type=\"heading.default\">\n\t\t\t\t<div class=\"elementor-widget-container\">\n\t\t\t\t\t<h2 class=\"elementor-heading-title elementor-size-default\">A Redublagem.<\/h2>\t\t\t\t<\/div>\n\t\t\t\t<\/div>\n\t\t\t\t<div class=\"elementor-element elementor-element-2f8b4ad4 elementor-widget elementor-widget-text-editor\" data-id=\"2f8b4ad4\" data-element_type=\"widget\" data-widget_type=\"text-editor.default\">\n\t\t\t\t<div class=\"elementor-widget-container\">\n\t\t\t\t\t\t\t\t\t<p style=\"text-align: justify;\"><span style=\"color: #000000; font-family: Roboto, sans-serif; font-size: 18px; font-style: normal; font-weight: 400;\">No in\u00edcio dos anos 2000, a Universal pretendia lan\u00e7ar <strong>O Sol \u00e9 Para Todos<\/strong> em DVD, mas constatou que havia um problema t\u00e9cnico na dublagem.<\/span><\/p><p><span style=\"color: #000000;\">De fato, apesar do \u00e1udio estar perfeito, sem ru\u00eddos ou chiados, cerca dos \u00faltimos 25 minutos do filme apresentam uma falta de sincronia, ou seja, a fala do dublador est\u00e1 mais adiantada do que quando o ator abre a boca.<\/span><\/p><p><span style=\"color: #000000;\">Este fato foi uma consequ\u00eancia da dublagem, ainda magn\u00e9tica, colocada ao lado da pel\u00edcula do filme ter se desgastado com o decorrer do tempo, aos maus tratos recebidos por emissoras, mas, principalmente, em decorr\u00eancia dos filmes, naquela \u00e9poca, serem arquivados em latas, as quais n\u00e3o eram adequadas para preservar a dublagem, pois ficavam expostas \u00e0s ferrugens, calor excessivo, etc.<\/span><\/p><p><span style=\"color: #000000;\">A Universal, sistematicamente, tem lan\u00e7ado seus filmes somente legendados e este n\u00e3o fugiria a esta regra. No entanto, a Rede Globo ainda exibia, eventualmente, alguns filmes em preto e branco nas madrugadas.<\/span><br \/><span style=\"color: #000000;\">Sendo assim, a emissora requisitou a redublagem, a qual sendo j\u00e1 digital tamb\u00e9m acompanha os dvds que est\u00e3o \u00e0 venda no mercado.<\/span><\/p><p><span style=\"color: #000000;\">Somos sempre contr\u00e1rios \u00e0s redublagens mal realizadas e, principalmente, pelo fato do trabalho original ser esquecido e apagado completamente. Por\u00e9m, esta redublagem se fez necess\u00e1ria, embora para os f\u00e3s da AIC, os minutos finais do filme, mesmo sem sincronia, n\u00e3o importem em se tratando da dublagem como um todo.<\/span><\/p><p><span style=\"color: #000000;\">A redublagem foi realizada no in\u00edcio da \u00faltima d\u00e9cada pelo extinto est\u00fadio Herbert Richers, o qual ainda apresentava trabalhos com qualidade, e o filme obteve uma excelente tradu\u00e7\u00e3o e apresentou dubladores comprometidos com a boa interpreta\u00e7\u00e3o.<\/span><\/p><p><span style=\"color: #000000;\">A dublagem realizada na Herbert Richers \u00e9 excelente tamb\u00e9m, mas, \u00e9 l\u00f3gico que, sentimos um pouco de tristeza, ao saber que houve uma dublagem original de extraordin\u00e1ria qualidade e que, devido \u00e0 falta de responsabilidade do est\u00fadio, ficou com problemas.<\/span><\/p><p><span style=\"color: #000000;\">Seja como for, <span style=\"color: #000000; font-family: Roboto, sans-serif; font-size: 18px; font-style: normal; font-weight: 400;\"><strong>O Sol \u00e9 Para Todos<\/strong><\/span> \u00e9 um filme que vale a pena ser assistido, mesmo redublado, ou at\u00e9 legendado. Fica aqui, para os f\u00e3s da AIC, adicionar mais uma extraordin\u00e1ria dublagem mal tratada e, praticamente, perdida.<\/span><\/p>\t\t\t\t\t\t\t\t<\/div>\n\t\t\t\t<\/div>\n\t\t\t\t<div class=\"elementor-element elementor-element-1489c2ae elementor-widget elementor-widget-heading\" data-id=\"1489c2ae\" data-element_type=\"widget\" data-widget_type=\"heading.default\">\n\t\t\t\t<div class=\"elementor-widget-container\">\n\t\t\t\t\t<h2 class=\"elementor-heading-title elementor-size-default\">Elenco de Dublagem:<\/h2>\t\t\t\t<\/div>\n\t\t\t\t<\/div>\n\t\t\t\t<div class=\"elementor-element elementor-element-b2d1868 elementor-widget elementor-widget-text-editor\" data-id=\"b2d1868\" data-element_type=\"widget\" data-widget_type=\"text-editor.default\">\n\t\t\t\t<div class=\"elementor-widget-container\">\n\t\t\t\t\t\t\t\t\t<p style=\"text-align: justify;\"><span style=\"color: #000000;\">*Gregory Peck (Atticus Finch): Luiz Pini.<\/span><br \/><span style=\"color: #000000;\">*Mary Badham (Jean): Maralise Tartarine.<\/span><br \/><span style=\"color: #000000;\">*Philip Alford (Jim): Zezinho C\u00fatolo.<\/span><br \/><span style=\"color: #000000;\">*James Anderson (Bob Ewell): Jos\u00e9 Soares.<\/span><br \/><span style=\"color: #000000;\">*Collin Wilcox Paxton (Mayela Violet Ewell): Isaura Gomes.<\/span><br \/><span style=\"color: #000000;\">*Brook Peters (Tom Robinson): Gilberto Baroli.<\/span><br \/><span style=\"color: #000000;\">*Paul Fix (Juiz Taylor): ???<\/span><br \/><span style=\"color: #000000;\">*Rosemary Murphy (Maudie Atkinson): Noely Mendes.<\/span><br \/><span style=\"color: #000000;\">*Frank Overton (Xerife Heck Tate): Francisco Borges.<\/span><br \/><span style=\"color: #000000;\">*William Windom (Promotor): Garcia Neto.<\/span><br \/><span style=\"color: #000000;\">*Estelle Evans (Calpurnia): Gessy Fonseca.<\/span><br \/><span style=\"color: #000000;\">*Alice Ghostley (Stephanie Crawford): Helena Samara.<\/span><br \/><span style=\"color: #000000;\">*Bill Walker (Reverendo Sykes): Borges de Barros.<\/span><br \/><span style=\"color: #000000;\">*Robert Duvall (Arthur): o personagem n\u00e3o fala.<\/span><br \/><span style=\"color: #000000;\">*Kim Stanley (Jean adulta narrando): Maralise Tartarine.<\/span><br \/><span style=\"color: #000000;\">*Narra\u00e7\u00e3o de abertura: Carlos Alberto Vaccari.<\/span><\/p>\t\t\t\t\t\t\t\t<\/div>\n\t\t\t\t<\/div>\n\t\t\t\t\t<\/div>\n\t\t<\/div>\n\t\t\t\t\t<\/div>\n\t\t<\/section>\n\t\t\t\t<\/div>\n\t\t","protected":false},"excerpt":{"rendered":"<p>Luiz Pini n\u00e3o deixa nada a desejar ao fazer a voz de Gregory Pack em uma das suas melhores performances. Uma das melhores atua\u00e7\u00f5es de Gregory Pack. Alabama, d\u00e9cada de 1930. Os Estados Unidos enfrenta e Depress\u00e3o. A pequena Jean (Mary Badham) \u00e9 uma menina inteligente que tem no seu pai o grande her\u00f3i. Atticus Finch (Gregory Peck) \u00e9 um advogado vi\u00favo que cuida de seu casal de filhos pequenos. Idealista e honesto, ele ser\u00e1 o defensor de Tom, um negro acusado de estuprar uma mulher branca. Num j\u00fari composto apenas de brancos, todos sabem qual ser\u00e1 o veredicto. Mas o advogado n\u00e3o desistir\u00e1 de tentar provar que Tom \u00e9 inocente. Al\u00e9m desse julgamento, a amizade de Jean com Boo Radley (Robert Duval), um deficiente mental que vive encarcerado em sua casa, vai fazer com que a menina passe a ver o mundo sob uma nova \u00f3tica e descobrir que o mundo dos adultos \u00e9 mais cruel do que parece. Baseado em um dos grandes best-sellers na \u00e9poca, \u201cTo Kill a Mockingbird\u201d \u00e9 um filme que foca em seu ambiente de cidadezinha pacata e o conv\u00edvio de seus moradores atrav\u00e9s do ponto de vista de uma crian\u00e7a que aprende que seu mundo n\u00e3o \u00e9 feito apenas de coisas boas. Um de seus personagens mais ilustres \u00e9 o advogado Atticus Finch, interpretado otimamente por Gregory Pack, o qual al\u00e9m de simbolizar uma pessoa segura de si e determinada de seus deveres perante sua sociedade, tamb\u00e9m \u00e9 um grande exemplo de educa\u00e7\u00e3o para seus filhos. Al\u00e9m de sua atua\u00e7\u00e3o, as crian\u00e7as tamb\u00e9m causam boa impress\u00e3o nos seus primeiros trabalhos de uma inf\u00e2ncia sulista cheia de ingenuidade e aventuras. Um pouco diferente do retrato familiar idealista americano, boa parte do que nos \u00e9 mostrado tem a possibilidade de criar v\u00e1rios questionamentos sobre qual \u00e9 a situa\u00e7\u00e3o da fam\u00edlia contempor\u00e2nea independente de onde ela est\u00e1 localizada no mundo a fora. Mesmo que a cada cinco minutos de filme se tenha um tema abordado, o mais enfatizado \u00e9 o preconceito racial que hoje tentamos eliminar. Nele \u00e9 poss\u00edvel perceber que mesmo que as pessoas tenham as mesmas condi\u00e7\u00f5es financeiras e culturais, elas sempre tentam encontrar algo para classific\u00e1-las como superiores agindo de forma ego\u00edsta e sem respeito. O filme ganhou 3 Oscars, sendo o de melhor ator para Gregory Peck. Obteve tamb\u00e9m nas categorias de roteiro e fotografia. Sem d\u00favida uma das melhores atua\u00e7\u00f5es de Gregory Pack. Vozes brasileiras. Dublado no in\u00edcio de 1968 pela AIC, este excelente filme recebeu uma dublagem muito bem cuidada e com desempenhos extraordin\u00e1rios de praticamente todos os dubladores. Todos est\u00e3o \u00f3timos, mas sem d\u00favida alguma o trabalho de Luiz Pini, dublando Gregory Peck, \u00e9 digno de aplausos pela interpreta\u00e7\u00e3o, pausa das falas nos dando a n\u00edtida impress\u00e3o de que sua voz \u00e9 a do pr\u00f3prio ator. Al\u00e9m de Luiz Pini, h\u00e1 as extraordin\u00e1rias dublagens realizadas por Gilberto Baroli (ainda no in\u00edcio de carreira) como o r\u00e9u Tom Robinson e tamb\u00e9m a excel\u00eancia de Isaura Gomes dublando a jovem que, supostamente, teria sido abusada sexualmente. No conjunto, a dublagem \u00e9 intoc\u00e1vel, contendo tamb\u00e9m os trabalhos de Zezinho C\u00fatolo e Maralise Tartarine dublando os filhos do advogado. H\u00e1 ainda no elenco de dublagem as presen\u00e7as de Jos\u00e9 Soares, Garcia Neto, Noely Mendes, Francisco Borges, entre outros. A dublagem da AIC nos remete a toda dramaticidade, a qual o filme traz, mas tamb\u00e9m, nos momentos mais leves, a dublagem \u00e9 muito bem realizada, dando ao telespectador um grande prazer ao assistir. Parte do elenco de O Sol \u00e9 Para Todos. A Redublagem. No in\u00edcio dos anos 2000, a Universal pretendia lan\u00e7ar O Sol \u00e9 Para Todos em DVD, mas constatou que havia um problema t\u00e9cnico na dublagem. De fato, apesar do \u00e1udio estar perfeito, sem ru\u00eddos ou chiados, cerca dos \u00faltimos 25 minutos do filme apresentam uma falta de sincronia, ou seja, a fala do dublador est\u00e1 mais adiantada do que quando o ator abre a boca. Este fato foi uma consequ\u00eancia da dublagem, ainda magn\u00e9tica, colocada ao lado da pel\u00edcula do filme ter se desgastado com o decorrer do tempo, aos maus tratos recebidos por emissoras, mas, principalmente, em decorr\u00eancia dos filmes, naquela \u00e9poca, serem arquivados em latas, as quais n\u00e3o eram adequadas para preservar a dublagem, pois ficavam expostas \u00e0s ferrugens, calor excessivo, etc. A Universal, sistematicamente, tem lan\u00e7ado seus filmes somente legendados e este n\u00e3o fugiria a esta regra. No entanto, a Rede Globo ainda exibia, eventualmente, alguns filmes em preto e branco nas madrugadas. Sendo assim, a emissora requisitou a redublagem, a qual sendo j\u00e1 digital tamb\u00e9m acompanha os dvds que est\u00e3o \u00e0 venda no mercado. Somos sempre contr\u00e1rios \u00e0s redublagens mal realizadas e, principalmente, pelo fato do trabalho original ser esquecido e apagado completamente. Por\u00e9m, esta redublagem se fez necess\u00e1ria, embora para os f\u00e3s da AIC, os minutos finais do filme, mesmo sem sincronia, n\u00e3o importem em se tratando da dublagem como um todo. A redublagem foi realizada no in\u00edcio da \u00faltima d\u00e9cada pelo extinto est\u00fadio Herbert Richers, o qual ainda apresentava trabalhos com qualidade, e o filme obteve uma excelente tradu\u00e7\u00e3o e apresentou dubladores comprometidos com a boa interpreta\u00e7\u00e3o. A dublagem realizada na Herbert Richers \u00e9 excelente tamb\u00e9m, mas, \u00e9 l\u00f3gico que, sentimos um pouco de tristeza, ao saber que houve uma dublagem original de extraordin\u00e1ria qualidade e que, devido \u00e0 falta de responsabilidade do est\u00fadio, ficou com problemas. Seja como for, O Sol \u00e9 Para Todos \u00e9 um filme que vale a pena ser assistido, mesmo redublado, ou at\u00e9 legendado. Fica aqui, para os f\u00e3s da AIC, adicionar mais uma extraordin\u00e1ria dublagem mal tratada e, praticamente, perdida. Elenco de Dublagem: *Gregory Peck (Atticus Finch): Luiz Pini. *Mary Badham (Jean): Maralise Tartarine. *Philip Alford (Jim): Zezinho C\u00fatolo. *James Anderson (Bob Ewell): Jos\u00e9 Soares. *Collin Wilcox Paxton (Mayela Violet Ewell): Isaura Gomes. *Brook Peters (Tom Robinson): Gilberto Baroli. *Paul Fix (Juiz Taylor): ??? *Rosemary Murphy (Maudie Atkinson): Noely Mendes. *Frank Overton (Xerife Heck Tate): Francisco Borges. *William Windom (Promotor): Garcia Neto. *Estelle Evans (Calpurnia): Gessy Fonseca.<\/p>\n","protected":false},"author":3,"featured_media":8783,"comment_status":"open","ping_status":"open","sticky":false,"template":"","format":"standard","meta":{"_monsterinsights_skip_tracking":false,"_monsterinsights_sitenote_active":false,"_monsterinsights_sitenote_note":"","_monsterinsights_sitenote_category":0,"footnotes":""},"categories":[17,15],"tags":[],"class_list":["post-8780","post","type-post","status-publish","format-standard","has-post-thumbnail","hentry","category-bau-da-dublagem","category-materias"],"yoast_head":"<!-- This site is optimized with the Yoast SEO plugin v26.1.1 - https:\/\/yoast.com\/wordpress\/plugins\/seo\/ -->\n<title>Ba\u00fa da Dublagem: A cl\u00e1ssica dublagem da AIC para o filme O Sol \u00e9 Para Todos | DB - Dublagem Brasileira<\/title>\n<meta name=\"description\" content=\"Luiz Pini n\u00e3o deixa a desejar ao fazer a voz de Gregory Pack em uma das suas melhores atua\u00e7\u00f5es.\" \/>\n<meta name=\"robots\" content=\"index, follow, max-snippet:-1, max-image-preview:large, max-video-preview:-1\" \/>\n<link rel=\"canonical\" href=\"https:\/\/dublagembrasileira.com.br\/?p=8780\" \/>\n<meta property=\"og:locale\" content=\"pt_BR\" \/>\n<meta property=\"og:type\" content=\"article\" \/>\n<meta property=\"og:title\" content=\"Ba\u00fa da Dublagem: A cl\u00e1ssica dublagem da AIC para o filme O Sol \u00e9 Para Todos | DB - Dublagem Brasileira\" \/>\n<meta property=\"og:description\" content=\"Luiz Pini n\u00e3o deixa a desejar ao fazer a voz de Gregory Pack em uma das suas melhores atua\u00e7\u00f5es.\" \/>\n<meta property=\"og:url\" content=\"https:\/\/dublagembrasileira.com.br\/?p=8780\" \/>\n<meta property=\"og:site_name\" content=\"DB - Dublagem Brasileira\" \/>\n<meta property=\"article:published_time\" content=\"2022-04-23T18:31:14+00:00\" \/>\n<meta property=\"article:modified_time\" content=\"2025-06-20T23:40:05+00:00\" \/>\n<meta property=\"og:image\" content=\"http:\/\/dublagembrasileira.com.br\/wp-content\/uploads\/2022\/04\/soltodos3.jpg\" \/>\n\t<meta property=\"og:image:width\" content=\"704\" \/>\n\t<meta property=\"og:image:height\" content=\"496\" \/>\n\t<meta property=\"og:image:type\" content=\"image\/jpeg\" \/>\n<meta name=\"author\" content=\"Marco Ant\u00f4nio dos Santos\" \/>\n<meta name=\"twitter:card\" content=\"summary_large_image\" \/>\n<meta name=\"twitter:label1\" content=\"Escrito por\" \/>\n\t<meta name=\"twitter:data1\" content=\"Marco Ant\u00f4nio dos Santos\" \/>\n\t<meta name=\"twitter:label2\" content=\"Est. tempo de leitura\" \/>\n\t<meta name=\"twitter:data2\" content=\"7 minutos\" \/>\n<script type=\"application\/ld+json\" class=\"yoast-schema-graph\">{\"@context\":\"https:\/\/schema.org\",\"@graph\":[{\"@type\":\"Article\",\"@id\":\"https:\/\/dublagembrasileira.com.br\/?p=8780#article\",\"isPartOf\":{\"@id\":\"https:\/\/dublagembrasileira.com.br\/?p=8780\"},\"author\":{\"name\":\"Marco Ant\u00f4nio dos Santos\",\"@id\":\"https:\/\/dublagembrasileira.com.br\/#\/schema\/person\/080d43b1dc7f787136d3a241eb3ab4e5\"},\"headline\":\"Ba\u00fa da Dublagem: A cl\u00e1ssica dublagem da AIC para o filme O Sol \u00e9 Para Todos\",\"datePublished\":\"2022-04-23T18:31:14+00:00\",\"dateModified\":\"2025-06-20T23:40:05+00:00\",\"mainEntityOfPage\":{\"@id\":\"https:\/\/dublagembrasileira.com.br\/?p=8780\"},\"wordCount\":1102,\"commentCount\":0,\"publisher\":{\"@id\":\"https:\/\/dublagembrasileira.com.br\/#organization\"},\"image\":{\"@id\":\"https:\/\/dublagembrasileira.com.br\/?p=8780#primaryimage\"},\"thumbnailUrl\":\"https:\/\/dublagembrasileira.com.br\/wp-content\/uploads\/2022\/04\/soltodos3.jpg\",\"articleSection\":[\"Ba\u00fa da Dublagem\",\"Mat\u00e9rias\"],\"inLanguage\":\"pt-BR\",\"potentialAction\":[{\"@type\":\"CommentAction\",\"name\":\"Comment\",\"target\":[\"https:\/\/dublagembrasileira.com.br\/?p=8780#respond\"]}]},{\"@type\":\"WebPage\",\"@id\":\"https:\/\/dublagembrasileira.com.br\/?p=8780\",\"url\":\"https:\/\/dublagembrasileira.com.br\/?p=8780\",\"name\":\"Ba\u00fa da Dublagem: A cl\u00e1ssica dublagem da AIC para o filme O Sol \u00e9 Para Todos | DB - Dublagem Brasileira\",\"isPartOf\":{\"@id\":\"https:\/\/dublagembrasileira.com.br\/#website\"},\"primaryImageOfPage\":{\"@id\":\"https:\/\/dublagembrasileira.com.br\/?p=8780#primaryimage\"},\"image\":{\"@id\":\"https:\/\/dublagembrasileira.com.br\/?p=8780#primaryimage\"},\"thumbnailUrl\":\"https:\/\/dublagembrasileira.com.br\/wp-content\/uploads\/2022\/04\/soltodos3.jpg\",\"datePublished\":\"2022-04-23T18:31:14+00:00\",\"dateModified\":\"2025-06-20T23:40:05+00:00\",\"description\":\"Luiz Pini n\u00e3o deixa a desejar ao fazer a voz de Gregory Pack em uma das suas melhores atua\u00e7\u00f5es.\",\"breadcrumb\":{\"@id\":\"https:\/\/dublagembrasileira.com.br\/?p=8780#breadcrumb\"},\"inLanguage\":\"pt-BR\",\"potentialAction\":[{\"@type\":\"ReadAction\",\"target\":[\"https:\/\/dublagembrasileira.com.br\/?p=8780\"]}]},{\"@type\":\"ImageObject\",\"inLanguage\":\"pt-BR\",\"@id\":\"https:\/\/dublagembrasileira.com.br\/?p=8780#primaryimage\",\"url\":\"https:\/\/dublagembrasileira.com.br\/wp-content\/uploads\/2022\/04\/soltodos3.jpg\",\"contentUrl\":\"https:\/\/dublagembrasileira.com.br\/wp-content\/uploads\/2022\/04\/soltodos3.jpg\",\"width\":704,\"height\":496},{\"@type\":\"BreadcrumbList\",\"@id\":\"https:\/\/dublagembrasileira.com.br\/?p=8780#breadcrumb\",\"itemListElement\":[{\"@type\":\"ListItem\",\"position\":1,\"name\":\"In\u00edcio\",\"item\":\"https:\/\/dublagembrasileira.com.br\/\"},{\"@type\":\"ListItem\",\"position\":2,\"name\":\"Ba\u00fa da Dublagem: A cl\u00e1ssica dublagem da AIC para o filme O Sol \u00e9 Para Todos\"}]},{\"@type\":\"WebSite\",\"@id\":\"https:\/\/dublagembrasileira.com.br\/#website\",\"url\":\"https:\/\/dublagembrasileira.com.br\/\",\"name\":\"DB - Dublagem Brasileira\",\"description\":\"O seu portal de dublagem.\",\"publisher\":{\"@id\":\"https:\/\/dublagembrasileira.com.br\/#organization\"},\"potentialAction\":[{\"@type\":\"SearchAction\",\"target\":{\"@type\":\"EntryPoint\",\"urlTemplate\":\"https:\/\/dublagembrasileira.com.br\/?s={search_term_string}\"},\"query-input\":{\"@type\":\"PropertyValueSpecification\",\"valueRequired\":true,\"valueName\":\"search_term_string\"}}],\"inLanguage\":\"pt-BR\"},{\"@type\":\"Organization\",\"@id\":\"https:\/\/dublagembrasileira.com.br\/#organization\",\"name\":\"DB - Dublagem Brasileira\",\"url\":\"https:\/\/dublagembrasileira.com.br\/\",\"logo\":{\"@type\":\"ImageObject\",\"inLanguage\":\"pt-BR\",\"@id\":\"https:\/\/dublagembrasileira.com.br\/#\/schema\/logo\/image\/\",\"url\":\"https:\/\/dublagembrasileira.com.br\/wp-content\/uploads\/2019\/07\/cropped-logotipodb.png\",\"contentUrl\":\"https:\/\/dublagembrasileira.com.br\/wp-content\/uploads\/2019\/07\/cropped-logotipodb.png\",\"width\":946,\"height\":589,\"caption\":\"DB - Dublagem Brasileira\"},\"image\":{\"@id\":\"https:\/\/dublagembrasileira.com.br\/#\/schema\/logo\/image\/\"}},{\"@type\":\"Person\",\"@id\":\"https:\/\/dublagembrasileira.com.br\/#\/schema\/person\/080d43b1dc7f787136d3a241eb3ab4e5\",\"name\":\"Marco Ant\u00f4nio dos Santos\",\"image\":{\"@type\":\"ImageObject\",\"inLanguage\":\"pt-BR\",\"@id\":\"https:\/\/dublagembrasileira.com.br\/#\/schema\/person\/image\/\",\"url\":\"http:\/\/dublagembrasileira.com.br\/wp-content\/uploads\/2020\/05\/marcoantonio-96x96.jpg\",\"contentUrl\":\"http:\/\/dublagembrasileira.com.br\/wp-content\/uploads\/2020\/05\/marcoantonio-96x96.jpg\",\"caption\":\"Marco Ant\u00f4nio dos Santos\"},\"description\":\"Professor, pesquisador de dublagem e respons\u00e1vel pelo blog Universo AIC.\",\"url\":\"https:\/\/dublagembrasileira.com.br\/?author=3\"}]}<\/script>\n<!-- \/ Yoast SEO plugin. -->","yoast_head_json":{"title":"Ba\u00fa da Dublagem: A cl\u00e1ssica dublagem da AIC para o filme O Sol \u00e9 Para Todos | DB - Dublagem Brasileira","description":"Luiz Pini n\u00e3o deixa a desejar ao fazer a voz de Gregory Pack em uma das suas melhores atua\u00e7\u00f5es.","robots":{"index":"index","follow":"follow","max-snippet":"max-snippet:-1","max-image-preview":"max-image-preview:large","max-video-preview":"max-video-preview:-1"},"canonical":"https:\/\/dublagembrasileira.com.br\/?p=8780","og_locale":"pt_BR","og_type":"article","og_title":"Ba\u00fa da Dublagem: A cl\u00e1ssica dublagem da AIC para o filme O Sol \u00e9 Para Todos | DB - Dublagem Brasileira","og_description":"Luiz Pini n\u00e3o deixa a desejar ao fazer a voz de Gregory Pack em uma das suas melhores atua\u00e7\u00f5es.","og_url":"https:\/\/dublagembrasileira.com.br\/?p=8780","og_site_name":"DB - Dublagem Brasileira","article_published_time":"2022-04-23T18:31:14+00:00","article_modified_time":"2025-06-20T23:40:05+00:00","og_image":[{"width":704,"height":496,"url":"http:\/\/dublagembrasileira.com.br\/wp-content\/uploads\/2022\/04\/soltodos3.jpg","type":"image\/jpeg"}],"author":"Marco Ant\u00f4nio dos Santos","twitter_card":"summary_large_image","twitter_misc":{"Escrito por":"Marco Ant\u00f4nio dos Santos","Est. tempo de leitura":"7 minutos"},"schema":{"@context":"https:\/\/schema.org","@graph":[{"@type":"Article","@id":"https:\/\/dublagembrasileira.com.br\/?p=8780#article","isPartOf":{"@id":"https:\/\/dublagembrasileira.com.br\/?p=8780"},"author":{"name":"Marco Ant\u00f4nio dos Santos","@id":"https:\/\/dublagembrasileira.com.br\/#\/schema\/person\/080d43b1dc7f787136d3a241eb3ab4e5"},"headline":"Ba\u00fa da Dublagem: A cl\u00e1ssica dublagem da AIC para o filme O Sol \u00e9 Para Todos","datePublished":"2022-04-23T18:31:14+00:00","dateModified":"2025-06-20T23:40:05+00:00","mainEntityOfPage":{"@id":"https:\/\/dublagembrasileira.com.br\/?p=8780"},"wordCount":1102,"commentCount":0,"publisher":{"@id":"https:\/\/dublagembrasileira.com.br\/#organization"},"image":{"@id":"https:\/\/dublagembrasileira.com.br\/?p=8780#primaryimage"},"thumbnailUrl":"https:\/\/dublagembrasileira.com.br\/wp-content\/uploads\/2022\/04\/soltodos3.jpg","articleSection":["Ba\u00fa da Dublagem","Mat\u00e9rias"],"inLanguage":"pt-BR","potentialAction":[{"@type":"CommentAction","name":"Comment","target":["https:\/\/dublagembrasileira.com.br\/?p=8780#respond"]}]},{"@type":"WebPage","@id":"https:\/\/dublagembrasileira.com.br\/?p=8780","url":"https:\/\/dublagembrasileira.com.br\/?p=8780","name":"Ba\u00fa da Dublagem: A cl\u00e1ssica dublagem da AIC para o filme O Sol \u00e9 Para Todos | DB - Dublagem Brasileira","isPartOf":{"@id":"https:\/\/dublagembrasileira.com.br\/#website"},"primaryImageOfPage":{"@id":"https:\/\/dublagembrasileira.com.br\/?p=8780#primaryimage"},"image":{"@id":"https:\/\/dublagembrasileira.com.br\/?p=8780#primaryimage"},"thumbnailUrl":"https:\/\/dublagembrasileira.com.br\/wp-content\/uploads\/2022\/04\/soltodos3.jpg","datePublished":"2022-04-23T18:31:14+00:00","dateModified":"2025-06-20T23:40:05+00:00","description":"Luiz Pini n\u00e3o deixa a desejar ao fazer a voz de Gregory Pack em uma das suas melhores atua\u00e7\u00f5es.","breadcrumb":{"@id":"https:\/\/dublagembrasileira.com.br\/?p=8780#breadcrumb"},"inLanguage":"pt-BR","potentialAction":[{"@type":"ReadAction","target":["https:\/\/dublagembrasileira.com.br\/?p=8780"]}]},{"@type":"ImageObject","inLanguage":"pt-BR","@id":"https:\/\/dublagembrasileira.com.br\/?p=8780#primaryimage","url":"https:\/\/dublagembrasileira.com.br\/wp-content\/uploads\/2022\/04\/soltodos3.jpg","contentUrl":"https:\/\/dublagembrasileira.com.br\/wp-content\/uploads\/2022\/04\/soltodos3.jpg","width":704,"height":496},{"@type":"BreadcrumbList","@id":"https:\/\/dublagembrasileira.com.br\/?p=8780#breadcrumb","itemListElement":[{"@type":"ListItem","position":1,"name":"In\u00edcio","item":"https:\/\/dublagembrasileira.com.br\/"},{"@type":"ListItem","position":2,"name":"Ba\u00fa da Dublagem: A cl\u00e1ssica dublagem da AIC para o filme O Sol \u00e9 Para Todos"}]},{"@type":"WebSite","@id":"https:\/\/dublagembrasileira.com.br\/#website","url":"https:\/\/dublagembrasileira.com.br\/","name":"DB - Dublagem Brasileira","description":"O seu portal de dublagem.","publisher":{"@id":"https:\/\/dublagembrasileira.com.br\/#organization"},"potentialAction":[{"@type":"SearchAction","target":{"@type":"EntryPoint","urlTemplate":"https:\/\/dublagembrasileira.com.br\/?s={search_term_string}"},"query-input":{"@type":"PropertyValueSpecification","valueRequired":true,"valueName":"search_term_string"}}],"inLanguage":"pt-BR"},{"@type":"Organization","@id":"https:\/\/dublagembrasileira.com.br\/#organization","name":"DB - Dublagem Brasileira","url":"https:\/\/dublagembrasileira.com.br\/","logo":{"@type":"ImageObject","inLanguage":"pt-BR","@id":"https:\/\/dublagembrasileira.com.br\/#\/schema\/logo\/image\/","url":"https:\/\/dublagembrasileira.com.br\/wp-content\/uploads\/2019\/07\/cropped-logotipodb.png","contentUrl":"https:\/\/dublagembrasileira.com.br\/wp-content\/uploads\/2019\/07\/cropped-logotipodb.png","width":946,"height":589,"caption":"DB - Dublagem Brasileira"},"image":{"@id":"https:\/\/dublagembrasileira.com.br\/#\/schema\/logo\/image\/"}},{"@type":"Person","@id":"https:\/\/dublagembrasileira.com.br\/#\/schema\/person\/080d43b1dc7f787136d3a241eb3ab4e5","name":"Marco Ant\u00f4nio dos Santos","image":{"@type":"ImageObject","inLanguage":"pt-BR","@id":"https:\/\/dublagembrasileira.com.br\/#\/schema\/person\/image\/","url":"http:\/\/dublagembrasileira.com.br\/wp-content\/uploads\/2020\/05\/marcoantonio-96x96.jpg","contentUrl":"http:\/\/dublagembrasileira.com.br\/wp-content\/uploads\/2020\/05\/marcoantonio-96x96.jpg","caption":"Marco Ant\u00f4nio dos Santos"},"description":"Professor, pesquisador de dublagem e respons\u00e1vel pelo blog Universo AIC.","url":"https:\/\/dublagembrasileira.com.br\/?author=3"}]}},"rttpg_featured_image_url":{"full":["https:\/\/dublagembrasileira.com.br\/wp-content\/uploads\/2022\/04\/soltodos3.jpg",704,496,false],"landscape":["https:\/\/dublagembrasileira.com.br\/wp-content\/uploads\/2022\/04\/soltodos3.jpg",704,496,false],"portraits":["https:\/\/dublagembrasileira.com.br\/wp-content\/uploads\/2022\/04\/soltodos3.jpg",704,496,false],"thumbnail":["https:\/\/dublagembrasileira.com.br\/wp-content\/uploads\/2022\/04\/soltodos3-150x150.jpg",150,150,true],"medium":["https:\/\/dublagembrasileira.com.br\/wp-content\/uploads\/2022\/04\/soltodos3-300x211.jpg",300,211,true],"large":["https:\/\/dublagembrasileira.com.br\/wp-content\/uploads\/2022\/04\/soltodos3.jpg",640,451,false],"1536x1536":["https:\/\/dublagembrasileira.com.br\/wp-content\/uploads\/2022\/04\/soltodos3.jpg",704,496,false],"2048x2048":["https:\/\/dublagembrasileira.com.br\/wp-content\/uploads\/2022\/04\/soltodos3.jpg",704,496,false],"eggnews-slider-large":["https:\/\/dublagembrasileira.com.br\/wp-content\/uploads\/2022\/04\/soltodos3.jpg",704,496,false],"eggnews-featured-medium":["https:\/\/dublagembrasileira.com.br\/wp-content\/uploads\/2022\/04\/soltodos3-420x307.jpg",420,307,true],"eggnews-featured-long":["https:\/\/dublagembrasileira.com.br\/wp-content\/uploads\/2022\/04\/soltodos3-300x443.jpg",300,443,true],"eggnews-block-medium":["https:\/\/dublagembrasileira.com.br\/wp-content\/uploads\/2022\/04\/soltodos3-464x290.jpg",464,290,true],"eggnews-carousel-image":["https:\/\/dublagembrasileira.com.br\/wp-content\/uploads\/2022\/04\/soltodos3-600x496.jpg",600,496,true],"eggnews-block-thumb":["https:\/\/dublagembrasileira.com.br\/wp-content\/uploads\/2022\/04\/soltodos3-322x230.jpg",322,230,true],"eggnews-single-large":["https:\/\/dublagembrasileira.com.br\/wp-content\/uploads\/2022\/04\/soltodos3.jpg",704,496,false],"crp_thumbnail":["https:\/\/dublagembrasileira.com.br\/wp-content\/uploads\/2022\/04\/soltodos3-150x150.jpg",150,150,true]},"rttpg_author":{"display_name":"Marco Ant\u00f4nio dos Santos","author_link":"https:\/\/dublagembrasileira.com.br\/?author=3"},"rttpg_comment":0,"rttpg_category":"<a href=\"https:\/\/dublagembrasileira.com.br\/?cat=17\" rel=\"category\">Ba\u00fa da Dublagem<\/a> <a href=\"https:\/\/dublagembrasileira.com.br\/?cat=15\" rel=\"category\">Mat\u00e9rias<\/a>","rttpg_excerpt":"Luiz Pini n\u00e3o deixa nada a desejar ao fazer a voz de Gregory Pack em uma das suas melhores performances. Uma das melhores atua\u00e7\u00f5es de Gregory Pack. Alabama, d\u00e9cada de 1930. Os Estados Unidos enfrenta e Depress\u00e3o. A pequena Jean (Mary Badham) \u00e9 uma menina inteligente que tem no seu pai o grande her\u00f3i. Atticus&hellip;","_links":{"self":[{"href":"https:\/\/dublagembrasileira.com.br\/index.php?rest_route=\/wp\/v2\/posts\/8780","targetHints":{"allow":["GET"]}}],"collection":[{"href":"https:\/\/dublagembrasileira.com.br\/index.php?rest_route=\/wp\/v2\/posts"}],"about":[{"href":"https:\/\/dublagembrasileira.com.br\/index.php?rest_route=\/wp\/v2\/types\/post"}],"author":[{"embeddable":true,"href":"https:\/\/dublagembrasileira.com.br\/index.php?rest_route=\/wp\/v2\/users\/3"}],"replies":[{"embeddable":true,"href":"https:\/\/dublagembrasileira.com.br\/index.php?rest_route=%2Fwp%2Fv2%2Fcomments&post=8780"}],"version-history":[{"count":6,"href":"https:\/\/dublagembrasileira.com.br\/index.php?rest_route=\/wp\/v2\/posts\/8780\/revisions"}],"predecessor-version":[{"id":8790,"href":"https:\/\/dublagembrasileira.com.br\/index.php?rest_route=\/wp\/v2\/posts\/8780\/revisions\/8790"}],"wp:featuredmedia":[{"embeddable":true,"href":"https:\/\/dublagembrasileira.com.br\/index.php?rest_route=\/wp\/v2\/media\/8783"}],"wp:attachment":[{"href":"https:\/\/dublagembrasileira.com.br\/index.php?rest_route=%2Fwp%2Fv2%2Fmedia&parent=8780"}],"wp:term":[{"taxonomy":"category","embeddable":true,"href":"https:\/\/dublagembrasileira.com.br\/index.php?rest_route=%2Fwp%2Fv2%2Fcategories&post=8780"},{"taxonomy":"post_tag","embeddable":true,"href":"https:\/\/dublagembrasileira.com.br\/index.php?rest_route=%2Fwp%2Fv2%2Ftags&post=8780"}],"curies":[{"name":"wp","href":"https:\/\/api.w.org\/{rel}","templated":true}]}}