{"id":858,"date":"2019-07-11T23:15:32","date_gmt":"2019-07-11T23:15:32","guid":{"rendered":"http:\/\/dublagembrasileira.com.br\/?p=858"},"modified":"2019-07-16T23:53:19","modified_gmt":"2019-07-16T23:53:19","slug":"finalmente-revelado-o-dublador-de-all-might","status":"publish","type":"post","link":"https:\/\/dublagembrasileira.com.br\/?p=858","title":{"rendered":"Finalmente revelado o dublador de All Might."},"content":{"rendered":"<h4 style=\"text-align: justify;\"><em>Dublador Guilherme Briggs ser\u00e1 a voz de All Might no filme com lan\u00e7amento em agosto.<\/em><\/h4>\n<hr \/>\n<p style=\"text-align: justify;\">O momento que todos aguardavam finalmente chegou. A Sato Company atrav\u00e9s do seu canal oficial do Youtube divulgou hoje quem far\u00e1 a voz de um dos maiores her\u00f3is de todos os tempos, o All Might em\u00a0<strong>My Hero Academia: 2 Her\u00f3is \u2013 o Filme.<\/strong><\/p>\n<p style=\"text-align: justify;\">Para a alegria dos f\u00e3s o dublador escolhido foi o Guilherme Briggs que dispensa apresenta\u00e7\u00f5es, n\u00e3o apenas pela quantidade de trabalhos memor\u00e1veis, como pela sua constante presen\u00e7a nas redes sociais interagindo com seu p\u00fablico.<\/p>\n<p>No v\u00eddeo onde o dublador fala sobre sua escolha para o papel, ele comenta que \u00e9 f\u00e3 do anime e um pouco sobre a trama.<\/p>\n<p style=\"text-align: justify;\">O filme conta a hist\u00f3ria de Deku e All Might que recebem um convite para a I-Expo, a principal exposi\u00e7\u00e3o mundial de habilidades Quirk onde ir\u00e3o conhecer as mais novas inven\u00e7\u00f5es para her\u00f3is. No evento, Deku conhece Melissa, uma menina que \u00e9 Quirkless (sem poderes) como ele j\u00e1 foi um dia. De repente, o poderoso sistema de seguran\u00e7a da I-Expo \u00e9 invadido por vil\u00f5es e um plano sinistro \u00e9 posto em a\u00e7\u00e3o amea\u00e7ando a sociedade de her\u00f3is. Somente um homem det\u00e9m a chave para tudo \u2013 o todo poderoso s\u00edmbolo da paz: All Might.<\/p>\n<p style=\"text-align: justify;\"><strong>My Hero Academia: 2 Her\u00f3is \u2013 o Filme <\/strong>tem sua estreia no Brasil\u00a0 marcada para o dia 8 de agosto.<\/p>\n<p style=\"text-align: center;\"><iframe data-src=\"https:\/\/www.youtube.com\/embed\/FnWzbodo4aE\" width=\"560\" height=\"315\" frameborder=\"0\" allowfullscreen=\"allowfullscreen\" src=\"data:image\/svg+xml;base64,PHN2ZyB3aWR0aD0iMSIgaGVpZ2h0PSIxIiB4bWxucz0iaHR0cDovL3d3dy53My5vcmcvMjAwMC9zdmciPjwvc3ZnPg==\" class=\"lazyload\" data-load-mode=\"1\"><\/iframe><\/p>\n","protected":false},"excerpt":{"rendered":"<p>Dublador Guilherme Briggs ser\u00e1 a voz de All Might no filme com lan\u00e7amento em agosto. O momento que todos aguardavam finalmente chegou. A Sato Company atrav\u00e9s do seu canal oficial do Youtube divulgou hoje quem far\u00e1 a voz de um dos maiores her\u00f3is de todos os tempos, o All Might em\u00a0My Hero Academia: 2 Her\u00f3is \u2013 o Filme. Para a alegria dos f\u00e3s o dublador escolhido foi o Guilherme Briggs que dispensa apresenta\u00e7\u00f5es, n\u00e3o apenas pela quantidade de trabalhos memor\u00e1veis, como pela sua constante presen\u00e7a nas redes sociais interagindo com seu p\u00fablico. No v\u00eddeo onde o dublador fala sobre sua escolha para o papel, ele comenta que \u00e9 f\u00e3 do anime e um pouco sobre a trama. O filme conta a hist\u00f3ria de Deku e All Might que recebem um convite para a I-Expo, a principal exposi\u00e7\u00e3o mundial de habilidades Quirk onde ir\u00e3o conhecer as mais novas inven\u00e7\u00f5es para her\u00f3is. No evento, Deku conhece Melissa, uma menina que \u00e9 Quirkless (sem poderes) como ele j\u00e1 foi um dia. De repente, o poderoso sistema de seguran\u00e7a da I-Expo \u00e9 invadido por vil\u00f5es e um plano sinistro \u00e9 posto em a\u00e7\u00e3o amea\u00e7ando a sociedade de her\u00f3is. Somente um homem det\u00e9m a chave para tudo \u2013 o todo poderoso s\u00edmbolo da paz: All Might. My Hero Academia: 2 Her\u00f3is \u2013 o Filme tem sua estreia no Brasil\u00a0 marcada para o dia 8 de agosto.<\/p>\n","protected":false},"author":4,"featured_media":859,"comment_status":"open","ping_status":"open","sticky":false,"template":"","format":"standard","meta":{"_monsterinsights_skip_tracking":false,"_monsterinsights_sitenote_active":false,"_monsterinsights_sitenote_note":"","_monsterinsights_sitenote_category":0,"footnotes":""},"categories":[5,7,2,13],"tags":[33,34,27,116,108],"class_list":["post-858","post","type-post","status-publish","format-standard","has-post-thumbnail","hentry","category-animes","category-cinema","category-filmes","category-noticias","tag-dublador","tag-dubladora","tag-dublagem","tag-guilherme-briggs","tag-my-hero-academia"],"yoast_head":"<!-- This site is optimized with the Yoast SEO plugin v26.1.1 - https:\/\/yoast.com\/wordpress\/plugins\/seo\/ -->\n<title>Finalmente revelado o dublador de All Might. | DB - Dublagem Brasileira<\/title>\n<meta name=\"description\" content=\"O dublador Guilherme Briggs \u00e9 a voz do personagem All Might em My Hero Academia 2, filme lan\u00e7ado em agosto nos cinema do Brasil.\" \/>\n<meta name=\"robots\" content=\"index, follow, max-snippet:-1, max-image-preview:large, max-video-preview:-1\" \/>\n<link rel=\"canonical\" href=\"https:\/\/dublagembrasileira.com.br\/?p=858\" \/>\n<meta property=\"og:locale\" content=\"pt_BR\" \/>\n<meta property=\"og:type\" content=\"article\" \/>\n<meta property=\"og:title\" content=\"Finalmente revelado o dublador de All Might. | DB - Dublagem Brasileira\" \/>\n<meta property=\"og:description\" content=\"O dublador Guilherme Briggs \u00e9 a voz do personagem All Might em My Hero Academia 2, filme lan\u00e7ado em agosto nos cinema do Brasil.\" \/>\n<meta property=\"og:url\" content=\"https:\/\/dublagembrasileira.com.br\/?p=858\" \/>\n<meta property=\"og:site_name\" content=\"DB - Dublagem Brasileira\" \/>\n<meta property=\"article:author\" content=\"https:\/\/www.facebook.com\/dublagembrasileira\" \/>\n<meta property=\"article:published_time\" content=\"2019-07-11T23:15:32+00:00\" \/>\n<meta property=\"article:modified_time\" content=\"2019-07-16T23:53:19+00:00\" \/>\n<meta property=\"og:image\" content=\"https:\/\/dublagembrasileira.com.br\/wp-content\/uploads\/2019\/07\/g0oe095405dfgd.jpg\" \/>\n\t<meta property=\"og:image:width\" content=\"704\" \/>\n\t<meta property=\"og:image:height\" content=\"496\" \/>\n\t<meta property=\"og:image:type\" content=\"image\/jpeg\" \/>\n<meta name=\"author\" content=\"Reda\u00e7\u00e3o\" \/>\n<meta name=\"twitter:card\" content=\"summary_large_image\" \/>\n<meta name=\"twitter:creator\" content=\"@dbdublagem\" \/>\n<meta name=\"twitter:label1\" content=\"Escrito por\" \/>\n\t<meta name=\"twitter:data1\" content=\"Reda\u00e7\u00e3o\" \/>\n\t<meta name=\"twitter:label2\" content=\"Est. tempo de leitura\" \/>\n\t<meta name=\"twitter:data2\" content=\"1 minuto\" \/>\n<script type=\"application\/ld+json\" class=\"yoast-schema-graph\">{\"@context\":\"https:\/\/schema.org\",\"@graph\":[{\"@type\":\"Article\",\"@id\":\"https:\/\/dublagembrasileira.com.br\/?p=858#article\",\"isPartOf\":{\"@id\":\"https:\/\/dublagembrasileira.com.br\/?p=858\"},\"author\":{\"name\":\"Reda\u00e7\u00e3o\",\"@id\":\"https:\/\/dublagembrasileira.com.br\/#\/schema\/person\/a75bac594c0e9a0b96508b7e124f20d1\"},\"headline\":\"Finalmente revelado o dublador de All Might.\",\"datePublished\":\"2019-07-11T23:15:32+00:00\",\"dateModified\":\"2019-07-16T23:53:19+00:00\",\"mainEntityOfPage\":{\"@id\":\"https:\/\/dublagembrasileira.com.br\/?p=858\"},\"wordCount\":253,\"commentCount\":0,\"publisher\":{\"@id\":\"https:\/\/dublagembrasileira.com.br\/#organization\"},\"image\":{\"@id\":\"https:\/\/dublagembrasileira.com.br\/?p=858#primaryimage\"},\"thumbnailUrl\":\"https:\/\/dublagembrasileira.com.br\/wp-content\/uploads\/2019\/07\/g0oe095405dfgd.jpg\",\"keywords\":[\"dublador\",\"dubladora\",\"dublagem\",\"guilherme briggs\",\"my hero academia\"],\"articleSection\":[\"Animes\",\"Cinema\",\"Filmes\",\"Not\u00edcias\"],\"inLanguage\":\"pt-BR\",\"potentialAction\":[{\"@type\":\"CommentAction\",\"name\":\"Comment\",\"target\":[\"https:\/\/dublagembrasileira.com.br\/?p=858#respond\"]}]},{\"@type\":\"WebPage\",\"@id\":\"https:\/\/dublagembrasileira.com.br\/?p=858\",\"url\":\"https:\/\/dublagembrasileira.com.br\/?p=858\",\"name\":\"Finalmente revelado o dublador de All Might. | DB - Dublagem Brasileira\",\"isPartOf\":{\"@id\":\"https:\/\/dublagembrasileira.com.br\/#website\"},\"primaryImageOfPage\":{\"@id\":\"https:\/\/dublagembrasileira.com.br\/?p=858#primaryimage\"},\"image\":{\"@id\":\"https:\/\/dublagembrasileira.com.br\/?p=858#primaryimage\"},\"thumbnailUrl\":\"https:\/\/dublagembrasileira.com.br\/wp-content\/uploads\/2019\/07\/g0oe095405dfgd.jpg\",\"datePublished\":\"2019-07-11T23:15:32+00:00\",\"dateModified\":\"2019-07-16T23:53:19+00:00\",\"description\":\"O dublador Guilherme Briggs \u00e9 a voz do personagem All Might em My Hero Academia 2, filme lan\u00e7ado em agosto nos cinema do Brasil.\",\"breadcrumb\":{\"@id\":\"https:\/\/dublagembrasileira.com.br\/?p=858#breadcrumb\"},\"inLanguage\":\"pt-BR\",\"potentialAction\":[{\"@type\":\"ReadAction\",\"target\":[\"https:\/\/dublagembrasileira.com.br\/?p=858\"]}]},{\"@type\":\"ImageObject\",\"inLanguage\":\"pt-BR\",\"@id\":\"https:\/\/dublagembrasileira.com.br\/?p=858#primaryimage\",\"url\":\"https:\/\/dublagembrasileira.com.br\/wp-content\/uploads\/2019\/07\/g0oe095405dfgd.jpg\",\"contentUrl\":\"https:\/\/dublagembrasileira.com.br\/wp-content\/uploads\/2019\/07\/g0oe095405dfgd.jpg\",\"width\":704,\"height\":496},{\"@type\":\"BreadcrumbList\",\"@id\":\"https:\/\/dublagembrasileira.com.br\/?p=858#breadcrumb\",\"itemListElement\":[{\"@type\":\"ListItem\",\"position\":1,\"name\":\"In\u00edcio\",\"item\":\"https:\/\/dublagembrasileira.com.br\/\"},{\"@type\":\"ListItem\",\"position\":2,\"name\":\"Finalmente revelado o dublador de All Might.\"}]},{\"@type\":\"WebSite\",\"@id\":\"https:\/\/dublagembrasileira.com.br\/#website\",\"url\":\"https:\/\/dublagembrasileira.com.br\/\",\"name\":\"DB - Dublagem Brasileira\",\"description\":\"O seu portal de dublagem.\",\"publisher\":{\"@id\":\"https:\/\/dublagembrasileira.com.br\/#organization\"},\"potentialAction\":[{\"@type\":\"SearchAction\",\"target\":{\"@type\":\"EntryPoint\",\"urlTemplate\":\"https:\/\/dublagembrasileira.com.br\/?s={search_term_string}\"},\"query-input\":{\"@type\":\"PropertyValueSpecification\",\"valueRequired\":true,\"valueName\":\"search_term_string\"}}],\"inLanguage\":\"pt-BR\"},{\"@type\":\"Organization\",\"@id\":\"https:\/\/dublagembrasileira.com.br\/#organization\",\"name\":\"DB - Dublagem Brasileira\",\"url\":\"https:\/\/dublagembrasileira.com.br\/\",\"logo\":{\"@type\":\"ImageObject\",\"inLanguage\":\"pt-BR\",\"@id\":\"https:\/\/dublagembrasileira.com.br\/#\/schema\/logo\/image\/\",\"url\":\"https:\/\/dublagembrasileira.com.br\/wp-content\/uploads\/2019\/07\/cropped-logotipodb.png\",\"contentUrl\":\"https:\/\/dublagembrasileira.com.br\/wp-content\/uploads\/2019\/07\/cropped-logotipodb.png\",\"width\":946,\"height\":589,\"caption\":\"DB - Dublagem Brasileira\"},\"image\":{\"@id\":\"https:\/\/dublagembrasileira.com.br\/#\/schema\/logo\/image\/\"}},{\"@type\":\"Person\",\"@id\":\"https:\/\/dublagembrasileira.com.br\/#\/schema\/person\/a75bac594c0e9a0b96508b7e124f20d1\",\"name\":\"Reda\u00e7\u00e3o\",\"image\":{\"@type\":\"ImageObject\",\"inLanguage\":\"pt-BR\",\"@id\":\"https:\/\/dublagembrasileira.com.br\/#\/schema\/person\/image\/\",\"url\":\"http:\/\/dublagembrasileira.com.br\/wp-content\/uploads\/2025\/06\/admin-96x96.jpg\",\"contentUrl\":\"http:\/\/dublagembrasileira.com.br\/wp-content\/uploads\/2025\/06\/admin-96x96.jpg\",\"caption\":\"Reda\u00e7\u00e3o\"},\"description\":\"Equipe do DB.\",\"sameAs\":[\"https:\/\/www.facebook.com\/dublagembrasileira\",\"https:\/\/www.instagram.com\/dbdublagembrasileira\",\"https:\/\/x.com\/dbdublagem\"],\"url\":\"https:\/\/dublagembrasileira.com.br\/?author=4\"}]}<\/script>\n<!-- \/ Yoast SEO plugin. -->","yoast_head_json":{"title":"Finalmente revelado o dublador de All Might. | DB - Dublagem Brasileira","description":"O dublador Guilherme Briggs \u00e9 a voz do personagem All Might em My Hero Academia 2, filme lan\u00e7ado em agosto nos cinema do Brasil.","robots":{"index":"index","follow":"follow","max-snippet":"max-snippet:-1","max-image-preview":"max-image-preview:large","max-video-preview":"max-video-preview:-1"},"canonical":"https:\/\/dublagembrasileira.com.br\/?p=858","og_locale":"pt_BR","og_type":"article","og_title":"Finalmente revelado o dublador de All Might. | DB - Dublagem Brasileira","og_description":"O dublador Guilherme Briggs \u00e9 a voz do personagem All Might em My Hero Academia 2, filme lan\u00e7ado em agosto nos cinema do Brasil.","og_url":"https:\/\/dublagembrasileira.com.br\/?p=858","og_site_name":"DB - Dublagem Brasileira","article_author":"https:\/\/www.facebook.com\/dublagembrasileira","article_published_time":"2019-07-11T23:15:32+00:00","article_modified_time":"2019-07-16T23:53:19+00:00","og_image":[{"width":704,"height":496,"url":"https:\/\/dublagembrasileira.com.br\/wp-content\/uploads\/2019\/07\/g0oe095405dfgd.jpg","type":"image\/jpeg"}],"author":"Reda\u00e7\u00e3o","twitter_card":"summary_large_image","twitter_creator":"@dbdublagem","twitter_misc":{"Escrito por":"Reda\u00e7\u00e3o","Est. tempo de leitura":"1 minuto"},"schema":{"@context":"https:\/\/schema.org","@graph":[{"@type":"Article","@id":"https:\/\/dublagembrasileira.com.br\/?p=858#article","isPartOf":{"@id":"https:\/\/dublagembrasileira.com.br\/?p=858"},"author":{"name":"Reda\u00e7\u00e3o","@id":"https:\/\/dublagembrasileira.com.br\/#\/schema\/person\/a75bac594c0e9a0b96508b7e124f20d1"},"headline":"Finalmente revelado o dublador de All Might.","datePublished":"2019-07-11T23:15:32+00:00","dateModified":"2019-07-16T23:53:19+00:00","mainEntityOfPage":{"@id":"https:\/\/dublagembrasileira.com.br\/?p=858"},"wordCount":253,"commentCount":0,"publisher":{"@id":"https:\/\/dublagembrasileira.com.br\/#organization"},"image":{"@id":"https:\/\/dublagembrasileira.com.br\/?p=858#primaryimage"},"thumbnailUrl":"https:\/\/dublagembrasileira.com.br\/wp-content\/uploads\/2019\/07\/g0oe095405dfgd.jpg","keywords":["dublador","dubladora","dublagem","guilherme briggs","my hero academia"],"articleSection":["Animes","Cinema","Filmes","Not\u00edcias"],"inLanguage":"pt-BR","potentialAction":[{"@type":"CommentAction","name":"Comment","target":["https:\/\/dublagembrasileira.com.br\/?p=858#respond"]}]},{"@type":"WebPage","@id":"https:\/\/dublagembrasileira.com.br\/?p=858","url":"https:\/\/dublagembrasileira.com.br\/?p=858","name":"Finalmente revelado o dublador de All Might. | DB - Dublagem Brasileira","isPartOf":{"@id":"https:\/\/dublagembrasileira.com.br\/#website"},"primaryImageOfPage":{"@id":"https:\/\/dublagembrasileira.com.br\/?p=858#primaryimage"},"image":{"@id":"https:\/\/dublagembrasileira.com.br\/?p=858#primaryimage"},"thumbnailUrl":"https:\/\/dublagembrasileira.com.br\/wp-content\/uploads\/2019\/07\/g0oe095405dfgd.jpg","datePublished":"2019-07-11T23:15:32+00:00","dateModified":"2019-07-16T23:53:19+00:00","description":"O dublador Guilherme Briggs \u00e9 a voz do personagem All Might em My Hero Academia 2, filme lan\u00e7ado em agosto nos cinema do Brasil.","breadcrumb":{"@id":"https:\/\/dublagembrasileira.com.br\/?p=858#breadcrumb"},"inLanguage":"pt-BR","potentialAction":[{"@type":"ReadAction","target":["https:\/\/dublagembrasileira.com.br\/?p=858"]}]},{"@type":"ImageObject","inLanguage":"pt-BR","@id":"https:\/\/dublagembrasileira.com.br\/?p=858#primaryimage","url":"https:\/\/dublagembrasileira.com.br\/wp-content\/uploads\/2019\/07\/g0oe095405dfgd.jpg","contentUrl":"https:\/\/dublagembrasileira.com.br\/wp-content\/uploads\/2019\/07\/g0oe095405dfgd.jpg","width":704,"height":496},{"@type":"BreadcrumbList","@id":"https:\/\/dublagembrasileira.com.br\/?p=858#breadcrumb","itemListElement":[{"@type":"ListItem","position":1,"name":"In\u00edcio","item":"https:\/\/dublagembrasileira.com.br\/"},{"@type":"ListItem","position":2,"name":"Finalmente revelado o dublador de All Might."}]},{"@type":"WebSite","@id":"https:\/\/dublagembrasileira.com.br\/#website","url":"https:\/\/dublagembrasileira.com.br\/","name":"DB - Dublagem Brasileira","description":"O seu portal de dublagem.","publisher":{"@id":"https:\/\/dublagembrasileira.com.br\/#organization"},"potentialAction":[{"@type":"SearchAction","target":{"@type":"EntryPoint","urlTemplate":"https:\/\/dublagembrasileira.com.br\/?s={search_term_string}"},"query-input":{"@type":"PropertyValueSpecification","valueRequired":true,"valueName":"search_term_string"}}],"inLanguage":"pt-BR"},{"@type":"Organization","@id":"https:\/\/dublagembrasileira.com.br\/#organization","name":"DB - Dublagem Brasileira","url":"https:\/\/dublagembrasileira.com.br\/","logo":{"@type":"ImageObject","inLanguage":"pt-BR","@id":"https:\/\/dublagembrasileira.com.br\/#\/schema\/logo\/image\/","url":"https:\/\/dublagembrasileira.com.br\/wp-content\/uploads\/2019\/07\/cropped-logotipodb.png","contentUrl":"https:\/\/dublagembrasileira.com.br\/wp-content\/uploads\/2019\/07\/cropped-logotipodb.png","width":946,"height":589,"caption":"DB - Dublagem Brasileira"},"image":{"@id":"https:\/\/dublagembrasileira.com.br\/#\/schema\/logo\/image\/"}},{"@type":"Person","@id":"https:\/\/dublagembrasileira.com.br\/#\/schema\/person\/a75bac594c0e9a0b96508b7e124f20d1","name":"Reda\u00e7\u00e3o","image":{"@type":"ImageObject","inLanguage":"pt-BR","@id":"https:\/\/dublagembrasileira.com.br\/#\/schema\/person\/image\/","url":"http:\/\/dublagembrasileira.com.br\/wp-content\/uploads\/2025\/06\/admin-96x96.jpg","contentUrl":"http:\/\/dublagembrasileira.com.br\/wp-content\/uploads\/2025\/06\/admin-96x96.jpg","caption":"Reda\u00e7\u00e3o"},"description":"Equipe do DB.","sameAs":["https:\/\/www.facebook.com\/dublagembrasileira","https:\/\/www.instagram.com\/dbdublagembrasileira","https:\/\/x.com\/dbdublagem"],"url":"https:\/\/dublagembrasileira.com.br\/?author=4"}]}},"rttpg_featured_image_url":{"full":["https:\/\/dublagembrasileira.com.br\/wp-content\/uploads\/2019\/07\/g0oe095405dfgd.jpg",704,496,false],"landscape":["https:\/\/dublagembrasileira.com.br\/wp-content\/uploads\/2019\/07\/g0oe095405dfgd.jpg",704,496,false],"portraits":["https:\/\/dublagembrasileira.com.br\/wp-content\/uploads\/2019\/07\/g0oe095405dfgd.jpg",704,496,false],"thumbnail":["https:\/\/dublagembrasileira.com.br\/wp-content\/uploads\/2019\/07\/g0oe095405dfgd-150x150.jpg",150,150,true],"medium":["https:\/\/dublagembrasileira.com.br\/wp-content\/uploads\/2019\/07\/g0oe095405dfgd-300x211.jpg",300,211,true],"large":["https:\/\/dublagembrasileira.com.br\/wp-content\/uploads\/2019\/07\/g0oe095405dfgd.jpg",640,451,false],"1536x1536":["https:\/\/dublagembrasileira.com.br\/wp-content\/uploads\/2019\/07\/g0oe095405dfgd.jpg",704,496,false],"2048x2048":["https:\/\/dublagembrasileira.com.br\/wp-content\/uploads\/2019\/07\/g0oe095405dfgd.jpg",704,496,false],"eggnews-slider-large":["https:\/\/dublagembrasileira.com.br\/wp-content\/uploads\/2019\/07\/g0oe095405dfgd.jpg",704,496,false],"eggnews-featured-medium":["https:\/\/dublagembrasileira.com.br\/wp-content\/uploads\/2019\/07\/g0oe095405dfgd-420x307.jpg",420,307,true],"eggnews-featured-long":["https:\/\/dublagembrasileira.com.br\/wp-content\/uploads\/2019\/07\/g0oe095405dfgd-300x443.jpg",300,443,true],"eggnews-block-medium":["https:\/\/dublagembrasileira.com.br\/wp-content\/uploads\/2019\/07\/g0oe095405dfgd-464x290.jpg",464,290,true],"eggnews-carousel-image":["https:\/\/dublagembrasileira.com.br\/wp-content\/uploads\/2019\/07\/g0oe095405dfgd-600x496.jpg",600,496,true],"eggnews-block-thumb":["https:\/\/dublagembrasileira.com.br\/wp-content\/uploads\/2019\/07\/g0oe095405dfgd-322x230.jpg",322,230,true],"eggnews-single-large":["https:\/\/dublagembrasileira.com.br\/wp-content\/uploads\/2019\/07\/g0oe095405dfgd.jpg",704,496,false],"crp_thumbnail":["https:\/\/dublagembrasileira.com.br\/wp-content\/uploads\/2019\/07\/g0oe095405dfgd-150x150.jpg",150,150,true]},"rttpg_author":{"display_name":"Reda\u00e7\u00e3o","author_link":"https:\/\/dublagembrasileira.com.br\/?author=4"},"rttpg_comment":0,"rttpg_category":"<a href=\"https:\/\/dublagembrasileira.com.br\/?cat=5\" rel=\"category\">Animes<\/a> <a href=\"https:\/\/dublagembrasileira.com.br\/?cat=7\" rel=\"category\">Cinema<\/a> <a href=\"https:\/\/dublagembrasileira.com.br\/?cat=2\" rel=\"category\">Filmes<\/a> <a href=\"https:\/\/dublagembrasileira.com.br\/?cat=13\" rel=\"category\">Not\u00edcias<\/a>","rttpg_excerpt":"Dublador Guilherme Briggs ser\u00e1 a voz de All Might no filme com lan\u00e7amento em agosto. O momento que todos aguardavam finalmente chegou. A Sato Company atrav\u00e9s do seu canal oficial do Youtube divulgou hoje quem far\u00e1 a voz de um dos maiores her\u00f3is de todos os tempos, o All Might em\u00a0My Hero Academia: 2 Her\u00f3is&hellip;","_links":{"self":[{"href":"https:\/\/dublagembrasileira.com.br\/index.php?rest_route=\/wp\/v2\/posts\/858","targetHints":{"allow":["GET"]}}],"collection":[{"href":"https:\/\/dublagembrasileira.com.br\/index.php?rest_route=\/wp\/v2\/posts"}],"about":[{"href":"https:\/\/dublagembrasileira.com.br\/index.php?rest_route=\/wp\/v2\/types\/post"}],"author":[{"embeddable":true,"href":"https:\/\/dublagembrasileira.com.br\/index.php?rest_route=\/wp\/v2\/users\/4"}],"replies":[{"embeddable":true,"href":"https:\/\/dublagembrasileira.com.br\/index.php?rest_route=%2Fwp%2Fv2%2Fcomments&post=858"}],"version-history":[{"count":1,"href":"https:\/\/dublagembrasileira.com.br\/index.php?rest_route=\/wp\/v2\/posts\/858\/revisions"}],"predecessor-version":[{"id":860,"href":"https:\/\/dublagembrasileira.com.br\/index.php?rest_route=\/wp\/v2\/posts\/858\/revisions\/860"}],"wp:featuredmedia":[{"embeddable":true,"href":"https:\/\/dublagembrasileira.com.br\/index.php?rest_route=\/wp\/v2\/media\/859"}],"wp:attachment":[{"href":"https:\/\/dublagembrasileira.com.br\/index.php?rest_route=%2Fwp%2Fv2%2Fmedia&parent=858"}],"wp:term":[{"taxonomy":"category","embeddable":true,"href":"https:\/\/dublagembrasileira.com.br\/index.php?rest_route=%2Fwp%2Fv2%2Fcategories&post=858"},{"taxonomy":"post_tag","embeddable":true,"href":"https:\/\/dublagembrasileira.com.br\/index.php?rest_route=%2Fwp%2Fv2%2Ftags&post=858"}],"curies":[{"name":"wp","href":"https:\/\/api.w.org\/{rel}","templated":true}]}}