{"id":8390,"date":"2023-07-17T09:09:55","date_gmt":"2023-07-17T09:09:55","guid":{"rendered":"https:\/\/dublagembrasileira.com.br\/?p=8390"},"modified":"2025-06-21T12:20:51","modified_gmt":"2025-06-21T12:20:51","slug":"elementor-8390","status":"publish","type":"post","link":"https:\/\/dublagembrasileira.com.br\/?p=8390","title":{"rendered":"Sincronia Perfeita: Nizo Neto, a voz do Daniel Larusso, fala sobre a dublagem de Cobra Kai."},"content":{"rendered":"<style>.elementor-widget-heading .elementor-heading-title{font-family:var( --e-global-typography-primary-font-family ), Sans-serif;font-weight:var( --e-global-typography-primary-font-weight );color:var( --e-global-color-primary );}.elementor-8390 .elementor-element.elementor-element-2833969d .elementor-heading-title{font-size:15px;font-style:italic;color:#4c4c4c;}.elementor-widget-text-editor{font-family:var( --e-global-typography-text-font-family ), Sans-serif;font-weight:var( --e-global-typography-text-font-weight );color:var( --e-global-color-text );}.elementor-widget-text-editor.elementor-drop-cap-view-stacked .elementor-drop-cap{background-color:var( --e-global-color-primary );}.elementor-widget-text-editor.elementor-drop-cap-view-framed .elementor-drop-cap, .elementor-widget-text-editor.elementor-drop-cap-view-default .elementor-drop-cap{color:var( --e-global-color-primary );border-color:var( --e-global-color-primary );}.elementor-widget-divider{--divider-color:var( --e-global-color-secondary );}.elementor-widget-divider .elementor-divider__text{color:var( --e-global-color-secondary );font-family:var( --e-global-typography-secondary-font-family ), Sans-serif;font-weight:var( --e-global-typography-secondary-font-weight );}.elementor-widget-divider.elementor-view-stacked .elementor-icon{background-color:var( --e-global-color-secondary );}.elementor-widget-divider.elementor-view-framed .elementor-icon, .elementor-widget-divider.elementor-view-default .elementor-icon{color:var( --e-global-color-secondary );border-color:var( --e-global-color-secondary );}.elementor-widget-divider.elementor-view-framed .elementor-icon, .elementor-widget-divider.elementor-view-default .elementor-icon svg{fill:var( --e-global-color-secondary );}.elementor-8390 .elementor-element.elementor-element-6ca9e33b{--divider-border-style:solid;--divider-color:#000;--divider-border-width:1px;}.elementor-8390 .elementor-element.elementor-element-6ca9e33b .elementor-divider-separator{width:100%;}.elementor-8390 .elementor-element.elementor-element-6ca9e33b .elementor-divider{padding-block-start:15px;padding-block-end:15px;}.elementor-8390 .elementor-element.elementor-element-6556f13a:not(.elementor-motion-effects-element-type-background), .elementor-8390 .elementor-element.elementor-element-6556f13a > .elementor-motion-effects-container > .elementor-motion-effects-layer{background-color:#EEEEEE;}.elementor-8390 .elementor-element.elementor-element-6556f13a{transition:background 0.3s, border 0.3s, border-radius 0.3s, box-shadow 0.3s;}.elementor-8390 .elementor-element.elementor-element-6556f13a > .elementor-background-overlay{transition:background 0.3s, border-radius 0.3s, opacity 0.3s;}.elementor-widget-image .widget-image-caption{color:var( --e-global-color-text );font-family:var( --e-global-typography-text-font-family ), Sans-serif;font-weight:var( --e-global-typography-text-font-weight );}.elementor-8390 .elementor-element.elementor-element-7ab7a9c1 > .elementor-widget-container{margin:0px 0px 0px 0px;padding:0px 0px -2px 0px;}.elementor-8390 .elementor-element.elementor-element-77e1d98f{width:100%;max-width:100%;align-self:flex-start;}.elementor-8390 .elementor-element.elementor-element-12c7c95{text-align:center;}.elementor-8390 .elementor-element.elementor-element-12c7c95 .elementor-heading-title{color:#000000;}.elementor-8390 .elementor-element.elementor-element-2a125e79{font-family:\"Baloo Tammudu\", Sans-serif;font-size:79px;font-weight:300;}.elementor-8390 .elementor-element.elementor-element-6728c2c9{text-align:right;}.elementor-8390 .elementor-element.elementor-element-6728c2c9 .elementor-heading-title{font-size:24px;font-style:italic;color:#737171;}.elementor-8390 .elementor-element.elementor-element-7051f438{text-align:center;}.elementor-8390 .elementor-element.elementor-element-7051f438 .elementor-heading-title{font-family:\"Chela One\", Sans-serif;font-size:31px;color:#000000;}.elementor-8390 .elementor-element.elementor-element-55d976f1{text-align:center;}.elementor-8390 .elementor-element.elementor-element-55d976f1 .elementor-heading-title{font-size:16px;color:#000000;}.elementor-8390 .elementor-element.elementor-element-62f67f8e{--divider-border-style:solid;--divider-color:#000;--divider-border-width:1px;}.elementor-8390 .elementor-element.elementor-element-62f67f8e .elementor-divider-separator{width:100%;}.elementor-8390 .elementor-element.elementor-element-62f67f8e .elementor-divider{padding-block-start:15px;padding-block-end:15px;}.elementor-8390 .elementor-element.elementor-element-4964993b > .elementor-widget-container{margin:-27px 0px 50px 0px;}.elementor-8390 .elementor-element.elementor-element-089e460:not(.elementor-motion-effects-element-type-background), .elementor-8390 .elementor-element.elementor-element-089e460 > .elementor-motion-effects-container > .elementor-motion-effects-layer{background-color:#EEEEEE;}.elementor-8390 .elementor-element.elementor-element-089e460{transition:background 0.3s, border 0.3s, border-radius 0.3s, box-shadow 0.3s;}.elementor-8390 .elementor-element.elementor-element-089e460 > .elementor-background-overlay{transition:background 0.3s, border-radius 0.3s, opacity 0.3s;}.elementor-8390 .elementor-element.elementor-element-66950d0 > .elementor-widget-container{margin:0px 0px 0px 0px;padding:0px 0px -2px 0px;}.elementor-8390 .elementor-element.elementor-element-c353449{width:100%;max-width:100%;align-self:flex-start;}.elementor-8390 .elementor-element.elementor-element-5986df0{text-align:center;}.elementor-8390 .elementor-element.elementor-element-5986df0 .elementor-heading-title{color:#000000;}.elementor-8390 .elementor-element.elementor-element-ad8fb7d{font-family:\"Baloo Tammudu\", Sans-serif;font-size:79px;font-weight:300;}.elementor-8390 .elementor-element.elementor-element-a52f26a{text-align:right;}.elementor-8390 .elementor-element.elementor-element-a52f26a .elementor-heading-title{font-size:24px;font-style:italic;color:#737171;}.elementor-8390 .elementor-element.elementor-element-30428f09 > .elementor-widget-container{margin:-27px 0px 50px 0px;}.elementor-8390 .elementor-element.elementor-element-a11621e > .elementor-widget-container{margin:-27px 0px 50px 0px;}.elementor-8390 .elementor-element.elementor-element-c51a536:not(.elementor-motion-effects-element-type-background), .elementor-8390 .elementor-element.elementor-element-c51a536 > .elementor-motion-effects-container > .elementor-motion-effects-layer{background-color:#EEEEEE;}.elementor-8390 .elementor-element.elementor-element-c51a536{transition:background 0.3s, border 0.3s, border-radius 0.3s, box-shadow 0.3s;}.elementor-8390 .elementor-element.elementor-element-c51a536 > .elementor-background-overlay{transition:background 0.3s, border-radius 0.3s, opacity 0.3s;}.elementor-8390 .elementor-element.elementor-element-eb92392 > .elementor-widget-container{margin:0px 0px 0px 0px;padding:0px 0px -2px 0px;}.elementor-8390 .elementor-element.elementor-element-1e711a9{width:100%;max-width:100%;align-self:flex-start;}.elementor-8390 .elementor-element.elementor-element-10f82f7{text-align:center;}.elementor-8390 .elementor-element.elementor-element-10f82f7 .elementor-heading-title{color:#000000;}.elementor-8390 .elementor-element.elementor-element-f2edb8a{font-family:\"Baloo Tammudu\", Sans-serif;font-size:79px;font-weight:300;}.elementor-8390 .elementor-element.elementor-element-5d1e0f7{text-align:right;}.elementor-8390 .elementor-element.elementor-element-5d1e0f7 .elementor-heading-title{font-size:24px;font-style:italic;color:#737171;}.elementor-8390 .elementor-element.elementor-element-73f2842b > .elementor-widget-container{margin:-27px 0px 50px 0px;}.elementor-8390 .elementor-element.elementor-element-86af444 > .elementor-widget-container{margin:-27px 0px 50px 0px;}.elementor-8390 .elementor-element.elementor-element-1e2fc6c2 > .elementor-widget-container{margin:-27px 0px 50px 0px;}.elementor-8390 .elementor-element.elementor-element-1c754d10 > .elementor-widget-container{margin:-27px 0px 50px 0px;}.elementor-8390 .elementor-element.elementor-element-22857c6:not(.elementor-motion-effects-element-type-background), .elementor-8390 .elementor-element.elementor-element-22857c6 > .elementor-motion-effects-container > .elementor-motion-effects-layer{background-color:#EEEEEE;}.elementor-8390 .elementor-element.elementor-element-22857c6{transition:background 0.3s, border 0.3s, border-radius 0.3s, box-shadow 0.3s;}.elementor-8390 .elementor-element.elementor-element-22857c6 > .elementor-background-overlay{transition:background 0.3s, border-radius 0.3s, opacity 0.3s;}.elementor-8390 .elementor-element.elementor-element-a583515 > .elementor-widget-container{margin:0px 0px 0px 0px;padding:0px 0px -2px 0px;}.elementor-8390 .elementor-element.elementor-element-c830c88{width:100%;max-width:100%;align-self:flex-start;}.elementor-8390 .elementor-element.elementor-element-f472786{text-align:center;}.elementor-8390 .elementor-element.elementor-element-f472786 .elementor-heading-title{color:#000000;}.elementor-8390 .elementor-element.elementor-element-30e3739{font-family:\"Baloo Tammudu\", Sans-serif;font-size:79px;font-weight:300;}.elementor-8390 .elementor-element.elementor-element-04c20f8{text-align:right;}.elementor-8390 .elementor-element.elementor-element-04c20f8 .elementor-heading-title{font-size:24px;font-style:italic;color:#737171;}.elementor-8390 .elementor-element.elementor-element-44d6fa1c > .elementor-widget-container{margin:-27px 0px 50px 0px;}<\/style>\t\t<div data-elementor-type=\"wp-post\" data-elementor-id=\"8390\" class=\"elementor elementor-8390\">\n\t\t\t\t\t\t<section class=\"has_eae_slider elementor-section elementor-top-section elementor-element elementor-element-71370d88 elementor-section-boxed elementor-section-height-default elementor-section-height-default wpr-particle-no wpr-jarallax-no wpr-parallax-no wpr-sticky-section-no\" data-eae-slider=\"81249\" data-id=\"71370d88\" data-element_type=\"section\" data-settings=\"{&quot;_ha_eqh_enable&quot;:false}\">\n\t\t\t\t\t\t<div class=\"elementor-container elementor-column-gap-default\">\n\t\t\t\t\t<div class=\"has_eae_slider elementor-column elementor-col-100 elementor-top-column elementor-element elementor-element-5aaaa5c9\" data-eae-slider=\"24657\" data-id=\"5aaaa5c9\" data-element_type=\"column\">\n\t\t\t<div class=\"elementor-widget-wrap elementor-element-populated\">\n\t\t\t\t\t\t<div class=\"elementor-element elementor-element-2833969d elementor-widget elementor-widget-heading\" data-id=\"2833969d\" data-element_type=\"widget\" data-widget_type=\"heading.default\">\n\t\t\t\t<div class=\"elementor-widget-container\">\n\t\t\t\t\t<h2 class=\"elementor-heading-title elementor-size-default\">Entrevista realizada por Iza\u00edas Correia<\/h2>\t\t\t\t<\/div>\n\t\t\t\t<\/div>\n\t\t\t\t<div class=\"elementor-element elementor-element-7fd976d1 elementor-widget elementor-widget-text-editor\" data-id=\"7fd976d1\" data-element_type=\"widget\" data-widget_type=\"text-editor.default\">\n\t\t\t\t<div class=\"elementor-widget-container\">\n\t\t\t\t\t\t\t\t\t<p style=\"text-align: justify;\"><span style=\"color: #000000;\">No \u00faltimo dia 31 de dezembro estreou na Netflix a t\u00e3o aguardada quarta temporada de\u00a0<strong>Cobra Kai<\/strong>, s\u00e9rie americana baseada nos longas-metragens da franquia <strong>Karat\u00ea Kid<\/strong>.<\/span><\/p><p style=\"text-align: justify;\"><span style=\"color: #000000;\">O programa que j\u00e1 tinha feito sucesso no Youtube, foi adquirido pelo servi\u00e7o de <em>streaming<\/em> e trouxe uma novidade: a dublagem em portugu\u00eas.<\/span><\/p><p style=\"text-align: justify;\"><span style=\"color: #000000;\">Para compor o elenco de vozes brasileiras o est\u00fadio Som de Vera Cruz reuniu dubladores que remetem a nostalgia dos anos 80, \u00e9poca em que a franquia <strong>Karat\u00ea Kid<\/strong> atingiu seu \u00e1pice.<\/span><\/p><p style=\"text-align: justify;\"><span style=\"color: #000000;\">Al\u00e9m de M\u00e1rio Jorge voltar ao papel do vil\u00e3o Johnny Lawrence (William Zabka), Nizo Neto (voz constante em protagonistas oitentistas) foi o escalado para fazer o Daniel LaRusso (Ralph Macchio) j\u00e1 que Cleonir dos Santos, dublador original do personagem, \u00e9 falecido. Ainda no elenco Sum\u00e1ra Louise, outra voz conhecida da d\u00e9cada de 80, est\u00e1 de volta como a m\u00e3e de Daniel.<\/span><\/p><p style=\"text-align: justify;\"><span style=\"color: #000000;\">Nizo, a nova voz brasileira de Larusso, combinou perfeitamente com o tipo apresentado por Ralph Macchio, isso porque o ator tem uma imagem de eterno garot\u00e3o, enquanto o dublador tem uma voz que d\u00e1 muito certo com esse tipo de personagem.<\/span><\/p><p style=\"text-align: justify;\"><span style=\"color: #000000;\">O <strong>DB<\/strong> conversou com Nizo Neto, pra falar um pouco sobre a dublagem de <strong>Cobra Kai, <\/strong>que teve toda sua grava\u00e7\u00e3o feita remotamente.<\/span><\/p><p>d\u00e1 muito certo<\/p>\t\t\t\t\t\t\t\t<\/div>\n\t\t\t\t<\/div>\n\t\t\t\t<div class=\"elementor-element elementor-element-6ca9e33b elementor-widget-divider--view-line elementor-widget elementor-widget-divider\" data-id=\"6ca9e33b\" data-element_type=\"widget\" data-widget_type=\"divider.default\">\n\t\t\t\t<div class=\"elementor-widget-container\">\n\t\t\t\t\t\t\t<div class=\"elementor-divider\">\n\t\t\t<span class=\"elementor-divider-separator\">\n\t\t\t\t\t\t<\/span>\n\t\t<\/div>\n\t\t\t\t\t\t<\/div>\n\t\t\t\t<\/div>\n\t\t\t\t\t<\/div>\n\t\t<\/div>\n\t\t\t\t\t<\/div>\n\t\t<\/section>\n\t\t\t\t<section class=\"has_eae_slider elementor-section elementor-inner-section elementor-element elementor-element-6556f13a elementor-section-boxed elementor-section-height-default elementor-section-height-default wpr-particle-no wpr-jarallax-no wpr-parallax-no wpr-sticky-section-no\" data-eae-slider=\"32437\" data-id=\"6556f13a\" data-element_type=\"section\" data-settings=\"{&quot;background_background&quot;:&quot;classic&quot;,&quot;_ha_eqh_enable&quot;:false}\">\n\t\t\t\t\t\t<div class=\"elementor-container elementor-column-gap-default\">\n\t\t\t\t\t<div class=\"has_eae_slider elementor-column elementor-col-50 elementor-inner-column elementor-element elementor-element-73d2f832\" data-eae-slider=\"23699\" data-id=\"73d2f832\" data-element_type=\"column\">\n\t\t\t<div class=\"elementor-widget-wrap elementor-element-populated\">\n\t\t\t\t\t\t<div class=\"elementor-element elementor-element-7ab7a9c1 elementor-widget elementor-widget-image\" data-id=\"7ab7a9c1\" data-element_type=\"widget\" data-widget_type=\"image.default\">\n\t\t\t\t<div class=\"elementor-widget-container\">\n\t\t\t\t\t\t\t\t\t\t\t\t\t\t\t<img fetchpriority=\"high\" decoding=\"async\" width=\"600\" height=\"496\" src=\"https:\/\/dublagembrasileira.com.br\/wp-content\/uploads\/2022\/01\/nizoneto.png\" class=\"attachment-eggnews-single-large size-eggnews-single-large wp-image-8397\" alt=\"\" srcset=\"https:\/\/dublagembrasileira.com.br\/wp-content\/uploads\/2022\/01\/nizoneto.png 600w, https:\/\/dublagembrasileira.com.br\/wp-content\/uploads\/2022\/01\/nizoneto-300x248.png 300w\" sizes=\"(max-width: 600px) 100vw, 600px\" \/>\t\t\t\t\t\t\t\t\t\t\t\t\t\t\t<\/div>\n\t\t\t\t<\/div>\n\t\t\t\t<div class=\"elementor-element elementor-element-77e1d98f elementor-widget__width-inherit elementor-widget elementor-widget-wp-widget-shortcodes-ultimate\" data-id=\"77e1d98f\" data-element_type=\"widget\" data-widget_type=\"wp-widget-shortcodes-ultimate.default\">\n\t\t\t\t<div class=\"elementor-widget-container\">\n\t\t\t\t\t<div class=\"textwidget\"><div class=\"su-audio\" data-id=\"su_audio_player_69f25d9d0f512\" data-audio=\"https:\/\/dublagembrasileira.com.br\/wp-content\/sons\/nizo_daniel.mp3\" data-swf=\"https:\/\/dublagembrasileira.com.br\/wp-content\/plugins\/shortcodes-ultimate\/vendor\/jplayer\/jplayer.swf\" data-autoplay=\"no\" data-loop=\"no\" style=\"max-width:100%\"><div id=\"su_audio_player_69f25d9d0f512\" class=\"jp-jplayer\"><\/div><div id=\"su_audio_player_69f25d9d0f512_container\" class=\"jp-audio\"><div class=\"jp-type-single\"><div class=\"jp-gui jp-interface\"><div class=\"jp-controls\"><span class=\"jp-play\"><\/span><span class=\"jp-pause\"><\/span><span class=\"jp-stop\"><\/span><span class=\"jp-mute\"><\/span><span class=\"jp-unmute\"><\/span><span class=\"jp-volume-max\"><\/span><\/div><div class=\"jp-progress\"><div class=\"jp-seek-bar\"><div class=\"jp-play-bar\"><\/div><\/div><\/div><div class=\"jp-volume-bar\"><div class=\"jp-volume-bar-value\"><\/div><\/div><div class=\"jp-current-time\"><\/div><div class=\"jp-duration\"><\/div><\/div><div class=\"jp-title\"><\/div><\/div><\/div><\/div><\/div>\t\t\t\t<\/div>\n\t\t\t\t<\/div>\n\t\t\t\t\t<\/div>\n\t\t<\/div>\n\t\t\t\t<div class=\"has_eae_slider elementor-column elementor-col-50 elementor-inner-column elementor-element elementor-element-2aa1b64\" data-eae-slider=\"65929\" data-id=\"2aa1b64\" data-element_type=\"column\">\n\t\t\t<div class=\"elementor-widget-wrap elementor-element-populated\">\n\t\t\t\t\t\t<div class=\"elementor-element elementor-element-12c7c95 elementor-widget elementor-widget-heading\" data-id=\"12c7c95\" data-element_type=\"widget\" data-widget_type=\"heading.default\">\n\t\t\t\t<div class=\"elementor-widget-container\">\n\t\t\t\t\t<h2 class=\"elementor-heading-title elementor-size-default\">Mensagem de Daniel Larusso.<\/h2>\t\t\t\t<\/div>\n\t\t\t\t<\/div>\n\t\t\t\t<div class=\"elementor-element elementor-element-6728c2c9 elementor-widget elementor-widget-heading\" data-id=\"6728c2c9\" data-element_type=\"widget\" data-widget_type=\"heading.default\">\n\t\t\t\t<div class=\"elementor-widget-container\">\n\t\t\t\t\t<h2 class=\"elementor-heading-title elementor-size-default\">Nizo Neto<\/h2>\t\t\t\t<\/div>\n\t\t\t\t<\/div>\n\t\t\t\t\t<\/div>\n\t\t<\/div>\n\t\t\t\t\t<\/div>\n\t\t<\/section>\n\t\t\t\t<section class=\"has_eae_slider elementor-section elementor-top-section elementor-element elementor-element-1eb67913 elementor-section-boxed elementor-section-height-default elementor-section-height-default wpr-particle-no wpr-jarallax-no wpr-parallax-no wpr-sticky-section-no\" data-eae-slider=\"85104\" data-id=\"1eb67913\" data-element_type=\"section\" data-settings=\"{&quot;_ha_eqh_enable&quot;:false}\">\n\t\t\t\t\t\t<div class=\"elementor-container elementor-column-gap-default\">\n\t\t\t\t\t<div class=\"has_eae_slider elementor-column elementor-col-100 elementor-top-column elementor-element elementor-element-152e6b94\" data-eae-slider=\"84629\" data-id=\"152e6b94\" data-element_type=\"column\">\n\t\t\t<div class=\"elementor-widget-wrap elementor-element-populated\">\n\t\t\t\t\t\t<div class=\"elementor-element elementor-element-7051f438 elementor-widget elementor-widget-heading\" data-id=\"7051f438\" data-element_type=\"widget\" data-widget_type=\"heading.default\">\n\t\t\t\t<div class=\"elementor-widget-container\">\n\t\t\t\t\t<h2 class=\"elementor-heading-title elementor-size-default\">\u201cAcho que minha voz caiu muito bem no Ralph Macchio, como ele est\u00e1 hoje. Eu poderia ter feito tamb\u00e9m naquela \u00e9poca, mas n\u00e3o se fazia teste para longa. Mas ningu\u00e9m ficou melhor do que o Cleonir.\u201d<\/h2>\t\t\t\t<\/div>\n\t\t\t\t<\/div>\n\t\t\t\t<div class=\"elementor-element elementor-element-55d976f1 elementor-widget elementor-widget-heading\" data-id=\"55d976f1\" data-element_type=\"widget\" data-widget_type=\"heading.default\">\n\t\t\t\t<div class=\"elementor-widget-container\">\n\t\t\t\t\t<h2 class=\"elementor-heading-title elementor-size-default\">Nizo Neto<\/h2>\t\t\t\t<\/div>\n\t\t\t\t<\/div>\n\t\t\t\t<div class=\"elementor-element elementor-element-62f67f8e elementor-widget-divider--view-line elementor-widget elementor-widget-divider\" data-id=\"62f67f8e\" data-element_type=\"widget\" data-widget_type=\"divider.default\">\n\t\t\t\t<div class=\"elementor-widget-container\">\n\t\t\t\t\t\t\t<div class=\"elementor-divider\">\n\t\t\t<span class=\"elementor-divider-separator\">\n\t\t\t\t\t\t<\/span>\n\t\t<\/div>\n\t\t\t\t\t\t<\/div>\n\t\t\t\t<\/div>\n\t\t\t\t\t<\/div>\n\t\t<\/div>\n\t\t\t\t\t<\/div>\n\t\t<\/section>\n\t\t\t\t<section class=\"has_eae_slider elementor-section elementor-top-section elementor-element elementor-element-70b1c311 elementor-section-boxed elementor-section-height-default elementor-section-height-default wpr-particle-no wpr-jarallax-no wpr-parallax-no wpr-sticky-section-no\" data-eae-slider=\"39206\" data-id=\"70b1c311\" data-element_type=\"section\" data-settings=\"{&quot;_ha_eqh_enable&quot;:false}\">\n\t\t\t\t\t\t<div class=\"elementor-container elementor-column-gap-default\">\n\t\t\t\t\t<div class=\"has_eae_slider elementor-column elementor-col-100 elementor-top-column elementor-element elementor-element-73c0fe72\" data-eae-slider=\"43852\" data-id=\"73c0fe72\" data-element_type=\"column\">\n\t\t\t<div class=\"elementor-widget-wrap elementor-element-populated\">\n\t\t\t\t\t\t<div class=\"elementor-element elementor-element-6f1c8536 elementor-widget elementor-widget-text-editor\" data-id=\"6f1c8536\" data-element_type=\"widget\" data-widget_type=\"text-editor.default\">\n\t\t\t\t<div class=\"elementor-widget-container\">\n\t\t\t\t\t\t\t\t\t<p style=\"text-align: justify;\"><span style=\"color: #000000;\"><strong>Dublagem Brasileira &#8211; Karate Kid foi um gigantesco sucesso no Brasil, principalmente nas suas exibi\u00e7\u00f5es na televis\u00e3o, ent\u00e3o <a href=\"http:\/\/dublagembrasileira.com.br\/?p=941\">a dublagem<\/a> com Cleonir dos Santos e Magalh\u00e3es Gra\u00e7a ficou imortalizada na lembran\u00e7a de muitos. O que representou para voc\u00ea continuar a saga de Daniel dando voz ao protagonista?<br \/><\/strong><\/span><\/p>\t\t\t\t\t\t\t\t<\/div>\n\t\t\t\t<\/div>\n\t\t\t\t<div class=\"elementor-element elementor-element-4964993b elementor-widget elementor-widget-text-editor\" data-id=\"4964993b\" data-element_type=\"widget\" data-widget_type=\"text-editor.default\">\n\t\t\t\t<div class=\"elementor-widget-container\">\n\t\t\t\t\t\t\t\t\t<p style=\"text-align: justify;\"><span style=\"color: #000000;\"><strong>Nizo Neto<\/strong> &#8211; Olha, embora eu n\u00e3o seja um grande f\u00e3 de Karate Kid, eu assisti o primeiro, lembro muito do primeiro. Com certeza um filma\u00e7o! Mas n\u00e3o sou fan\u00e1tico pela saga. Mas \u00e9 uma obra importante.<\/span><\/p><p><span style=\"color: #000000;\">Poder dar continuidade, principalmente ao trabalho do Cleonir, que na minha opini\u00e3o \u00e9 um dos maiores atores de voz do nosso pa\u00eds, foi assim uma coisa muito legal, fiquei muito feliz.<\/span><\/p><p><span style=\"color: #000000;\">Acho que minha voz caiu muito bem no Ralph Macchio, como ele est\u00e1 hoje. Eu poderia ter feito tamb\u00e9m naquela \u00e9poca, mas n\u00e3o se fazia teste para longa. Mas ningu\u00e9m ficou melhor do que o Cleonir. O pr\u00f3prio Selton vestiu muito bem depois n\u00e9? Mas o Cleonir \u00e9 uma figura muito ic\u00f4nica.<\/span><\/p>\t\t\t\t\t\t\t\t<\/div>\n\t\t\t\t<\/div>\n\t\t\t\t\t<\/div>\n\t\t<\/div>\n\t\t\t\t\t<\/div>\n\t\t<\/section>\n\t\t\t\t<section class=\"has_eae_slider elementor-section elementor-inner-section elementor-element elementor-element-089e460 elementor-section-boxed elementor-section-height-default elementor-section-height-default wpr-particle-no wpr-jarallax-no wpr-parallax-no wpr-sticky-section-no\" data-eae-slider=\"16943\" data-id=\"089e460\" data-element_type=\"section\" data-settings=\"{&quot;background_background&quot;:&quot;classic&quot;,&quot;_ha_eqh_enable&quot;:false}\">\n\t\t\t\t\t\t<div class=\"elementor-container elementor-column-gap-default\">\n\t\t\t\t\t<div class=\"has_eae_slider elementor-column elementor-col-50 elementor-inner-column elementor-element elementor-element-e96099b\" data-eae-slider=\"66539\" data-id=\"e96099b\" data-element_type=\"column\">\n\t\t\t<div class=\"elementor-widget-wrap elementor-element-populated\">\n\t\t\t\t\t\t<div class=\"elementor-element elementor-element-66950d0 elementor-widget elementor-widget-image\" data-id=\"66950d0\" data-element_type=\"widget\" data-widget_type=\"image.default\">\n\t\t\t\t<div class=\"elementor-widget-container\">\n\t\t\t\t\t\t\t\t\t\t\t\t\t\t\t<img fetchpriority=\"high\" decoding=\"async\" width=\"600\" height=\"496\" src=\"https:\/\/dublagembrasileira.com.br\/wp-content\/uploads\/2022\/01\/nizoneto.png\" class=\"attachment-eggnews-single-large size-eggnews-single-large wp-image-8397\" alt=\"\" srcset=\"https:\/\/dublagembrasileira.com.br\/wp-content\/uploads\/2022\/01\/nizoneto.png 600w, https:\/\/dublagembrasileira.com.br\/wp-content\/uploads\/2022\/01\/nizoneto-300x248.png 300w\" sizes=\"(max-width: 600px) 100vw, 600px\" \/>\t\t\t\t\t\t\t\t\t\t\t\t\t\t\t<\/div>\n\t\t\t\t<\/div>\n\t\t\t\t<div class=\"elementor-element elementor-element-c353449 elementor-widget__width-inherit elementor-widget elementor-widget-wp-widget-shortcodes-ultimate\" data-id=\"c353449\" data-element_type=\"widget\" data-widget_type=\"wp-widget-shortcodes-ultimate.default\">\n\t\t\t\t<div class=\"elementor-widget-container\">\n\t\t\t\t\t<div class=\"textwidget\"><div class=\"su-audio\" data-id=\"su_audio_player_69f25d9d102f3\" data-audio=\"https:\/\/dublagembrasileira.com.br\/wp-content\/sons\/nizoneto_1.mp3\" data-swf=\"https:\/\/dublagembrasileira.com.br\/wp-content\/plugins\/shortcodes-ultimate\/vendor\/jplayer\/jplayer.swf\" data-autoplay=\"no\" data-loop=\"no\" style=\"max-width:100%\"><div id=\"su_audio_player_69f25d9d102f3\" class=\"jp-jplayer\"><\/div><div id=\"su_audio_player_69f25d9d102f3_container\" class=\"jp-audio\"><div class=\"jp-type-single\"><div class=\"jp-gui jp-interface\"><div class=\"jp-controls\"><span class=\"jp-play\"><\/span><span class=\"jp-pause\"><\/span><span class=\"jp-stop\"><\/span><span class=\"jp-mute\"><\/span><span class=\"jp-unmute\"><\/span><span class=\"jp-volume-max\"><\/span><\/div><div class=\"jp-progress\"><div class=\"jp-seek-bar\"><div class=\"jp-play-bar\"><\/div><\/div><\/div><div class=\"jp-volume-bar\"><div class=\"jp-volume-bar-value\"><\/div><\/div><div class=\"jp-current-time\"><\/div><div class=\"jp-duration\"><\/div><\/div><div class=\"jp-title\"><\/div><\/div><\/div><\/div><\/div>\t\t\t\t<\/div>\n\t\t\t\t<\/div>\n\t\t\t\t\t<\/div>\n\t\t<\/div>\n\t\t\t\t<div class=\"has_eae_slider elementor-column elementor-col-50 elementor-inner-column elementor-element elementor-element-1a19577\" data-eae-slider=\"63690\" data-id=\"1a19577\" data-element_type=\"column\">\n\t\t\t<div class=\"elementor-widget-wrap elementor-element-populated\">\n\t\t\t\t\t\t<div class=\"elementor-element elementor-element-5986df0 elementor-widget elementor-widget-heading\" data-id=\"5986df0\" data-element_type=\"widget\" data-widget_type=\"heading.default\">\n\t\t\t\t<div class=\"elementor-widget-container\">\n\t\t\t\t\t<h2 class=\"elementor-heading-title elementor-size-default\">Sobre a dublagem.<\/h2>\t\t\t\t<\/div>\n\t\t\t\t<\/div>\n\t\t\t\t<div class=\"elementor-element elementor-element-ad8fb7d elementor-widget elementor-widget-text-editor\" data-id=\"ad8fb7d\" data-element_type=\"widget\" data-widget_type=\"text-editor.default\">\n\t\t\t\t<div class=\"elementor-widget-container\">\n\t\t\t\t\t\t\t\t\t<h3 style=\"text-align: center;\">&#8220;<span style=\"color: #000000;\">Poder dar continuidade, principalmente ao trabalho do Cleonir, que na minha opini\u00e3o \u00e9 um dos maiores atores de voz do nosso pa\u00eds, foi assim uma coisa muito legal, fiquei muito feliz.<\/span>&#8220;<\/h3>\t\t\t\t\t\t\t\t<\/div>\n\t\t\t\t<\/div>\n\t\t\t\t<div class=\"elementor-element elementor-element-a52f26a elementor-widget elementor-widget-heading\" data-id=\"a52f26a\" data-element_type=\"widget\" data-widget_type=\"heading.default\">\n\t\t\t\t<div class=\"elementor-widget-container\">\n\t\t\t\t\t<h2 class=\"elementor-heading-title elementor-size-default\">Nizo Neto<\/h2>\t\t\t\t<\/div>\n\t\t\t\t<\/div>\n\t\t\t\t\t<\/div>\n\t\t<\/div>\n\t\t\t\t\t<\/div>\n\t\t<\/section>\n\t\t\t\t<section class=\"has_eae_slider elementor-section elementor-top-section elementor-element elementor-element-4b3e9613 elementor-section-boxed elementor-section-height-default elementor-section-height-default wpr-particle-no wpr-jarallax-no wpr-parallax-no wpr-sticky-section-no\" data-eae-slider=\"37390\" data-id=\"4b3e9613\" data-element_type=\"section\" data-settings=\"{&quot;_ha_eqh_enable&quot;:false}\">\n\t\t\t\t\t\t<div class=\"elementor-container elementor-column-gap-default\">\n\t\t\t\t\t<div class=\"has_eae_slider elementor-column elementor-col-100 elementor-top-column elementor-element elementor-element-725da763\" data-eae-slider=\"10946\" data-id=\"725da763\" data-element_type=\"column\">\n\t\t\t<div class=\"elementor-widget-wrap elementor-element-populated\">\n\t\t\t\t\t\t<div class=\"elementor-element elementor-element-25751cf0 elementor-widget elementor-widget-text-editor\" data-id=\"25751cf0\" data-element_type=\"widget\" data-widget_type=\"text-editor.default\">\n\t\t\t\t<div class=\"elementor-widget-container\">\n\t\t\t\t\t\t\t\t\t<p style=\"text-align: justify;\"><span style=\"color: #000000;\"><strong>DB &#8211; O Cleonir realmente era fabuloso!<br \/><\/strong><\/span><\/p>\t\t\t\t\t\t\t\t<\/div>\n\t\t\t\t<\/div>\n\t\t\t\t<div class=\"elementor-element elementor-element-30428f09 elementor-widget elementor-widget-text-editor\" data-id=\"30428f09\" data-element_type=\"widget\" data-widget_type=\"text-editor.default\">\n\t\t\t\t<div class=\"elementor-widget-container\">\n\t\t\t\t\t\t\t\t\t<p style=\"text-align: justify;\"><span style=\"color: #000000;\"><strong>NN<\/strong> &#8211; Sim, eu o conheci muito no iniciozinho da minha entrada na dublagem e que pessoa especial Ele era assim um cara fora do comum!<\/span><span style=\"color: #000000; font-size: 1rem;\">\u00a0<\/span><\/p>\t\t\t\t\t\t\t\t<\/div>\n\t\t\t\t<\/div>\n\t\t\t\t\t<\/div>\n\t\t<\/div>\n\t\t\t\t\t<\/div>\n\t\t<\/section>\n\t\t\t\t<section class=\"has_eae_slider elementor-section elementor-top-section elementor-element elementor-element-1896328f elementor-section-boxed elementor-section-height-default elementor-section-height-default wpr-particle-no wpr-jarallax-no wpr-parallax-no wpr-sticky-section-no\" data-eae-slider=\"71466\" data-id=\"1896328f\" data-element_type=\"section\" data-settings=\"{&quot;_ha_eqh_enable&quot;:false}\">\n\t\t\t\t\t\t<div class=\"elementor-container elementor-column-gap-default\">\n\t\t\t\t\t<div class=\"has_eae_slider elementor-column elementor-col-100 elementor-top-column elementor-element elementor-element-54210f3e\" data-eae-slider=\"29989\" data-id=\"54210f3e\" data-element_type=\"column\">\n\t\t\t<div class=\"elementor-widget-wrap elementor-element-populated\">\n\t\t\t\t\t\t<div class=\"elementor-element elementor-element-7b3767ef elementor-widget elementor-widget-text-editor\" data-id=\"7b3767ef\" data-element_type=\"widget\" data-widget_type=\"text-editor.default\">\n\t\t\t\t<div class=\"elementor-widget-container\">\n\t\t\t\t\t\t\t\t\t<p style=\"text-align: justify;\"><span style=\"color: #000000;\"><strong>DB &#8211; Infelizmente o mundo dublagem perdeu o Cleonir em 2000, mas como voc\u00ea mesmo falou o terceiro filme teve a voz do Selton Mello. O que voc\u00ea acha que pesou na escolha pela sua voz para o Daniel?<br \/><\/strong><\/span><\/p>\t\t\t\t\t\t\t\t<\/div>\n\t\t\t\t<\/div>\n\t\t\t\t<div class=\"elementor-element elementor-element-a11621e elementor-widget elementor-widget-text-editor\" data-id=\"a11621e\" data-element_type=\"widget\" data-widget_type=\"text-editor.default\">\n\t\t\t\t<div class=\"elementor-widget-container\">\n\t\t\t\t\t\t\t\t\t<p style=\"text-align: justify;\"><span style=\"color: #000000;\"><strong>NN<\/strong> &#8211; Olha, eu fiz teste pra dublar o Ralph Macchio. Realmente n\u00e3o sei quem mais fez, fico at\u00e9 curioso pra saber quem fez. O Selton n\u00e3o fez e eu acho que duas quest\u00f5es pesaram: primeiro que ele t\u00e1 contratado da Globo e essa s\u00e9rie \u00e9 da Netflix e acho que n\u00e3o foi muito confort\u00e1vel, acho que a Globo n\u00e3o liberaria e segundo que o Selton se fizesse, seria pelo pre\u00e7o de <em>star talent<\/em> e eu ganho pela tabela de hora normal que qualquer dublador ganharia. Ent\u00e3o com certeza isso a\u00ed pro or\u00e7amento iria pesar um pouco.<\/span><span style=\"color: #000000;\"><br \/><\/span><\/p>\t\t\t\t\t\t\t\t<\/div>\n\t\t\t\t<\/div>\n\t\t\t\t<div class=\"elementor-element elementor-element-20866715 elementor-widget elementor-widget-image\" data-id=\"20866715\" data-element_type=\"widget\" data-widget_type=\"image.default\">\n\t\t\t\t<div class=\"elementor-widget-container\">\n\t\t\t\t\t\t\t\t\t\t\t\t<figure class=\"wp-caption\">\n\t\t\t\t\t\t\t\t\t\t<img decoding=\"async\" width=\"640\" height=\"454\" data-src=\"https:\/\/dublagembrasileira.com.br\/wp-content\/uploads\/2022\/01\/nizo_daniel2.jpg\" class=\"attachment-large size-large wp-image-8487 lazyload\" alt=\"\" data-srcset=\"https:\/\/dublagembrasileira.com.br\/wp-content\/uploads\/2022\/01\/nizo_daniel2.jpg 640w, https:\/\/dublagembrasileira.com.br\/wp-content\/uploads\/2022\/01\/nizo_daniel2-300x213.jpg 300w\" data-sizes=\"(max-width: 640px) 100vw, 640px\" src=\"data:image\/svg+xml;base64,PHN2ZyB3aWR0aD0iMSIgaGVpZ2h0PSIxIiB4bWxucz0iaHR0cDovL3d3dy53My5vcmcvMjAwMC9zdmciPjwvc3ZnPg==\" style=\"--smush-placeholder-width: 640px; --smush-placeholder-aspect-ratio: 640\/454;\" \/>\t\t\t\t\t\t\t\t\t\t\t<figcaption class=\"widget-image-caption wp-caption-text\">Nizo Neto, a voz do Daniel Larusso em Cobra Kai<\/figcaption>\n\t\t\t\t\t\t\t\t\t\t<\/figure>\n\t\t\t\t\t\t\t\t\t<\/div>\n\t\t\t\t<\/div>\n\t\t\t\t\t<\/div>\n\t\t<\/div>\n\t\t\t\t\t<\/div>\n\t\t<\/section>\n\t\t\t\t<section class=\"has_eae_slider elementor-section elementor-inner-section elementor-element elementor-element-c51a536 elementor-section-boxed elementor-section-height-default elementor-section-height-default wpr-particle-no wpr-jarallax-no wpr-parallax-no wpr-sticky-section-no\" data-eae-slider=\"86600\" data-id=\"c51a536\" data-element_type=\"section\" data-settings=\"{&quot;background_background&quot;:&quot;classic&quot;,&quot;_ha_eqh_enable&quot;:false}\">\n\t\t\t\t\t\t<div class=\"elementor-container elementor-column-gap-default\">\n\t\t\t\t\t<div class=\"has_eae_slider elementor-column elementor-col-50 elementor-inner-column elementor-element elementor-element-be0890b\" data-eae-slider=\"47285\" data-id=\"be0890b\" data-element_type=\"column\">\n\t\t\t<div class=\"elementor-widget-wrap elementor-element-populated\">\n\t\t\t\t\t\t<div class=\"elementor-element elementor-element-eb92392 elementor-widget elementor-widget-image\" data-id=\"eb92392\" data-element_type=\"widget\" data-widget_type=\"image.default\">\n\t\t\t\t<div class=\"elementor-widget-container\">\n\t\t\t\t\t\t\t\t\t\t\t\t\t\t\t<img fetchpriority=\"high\" decoding=\"async\" width=\"600\" height=\"496\" src=\"https:\/\/dublagembrasileira.com.br\/wp-content\/uploads\/2022\/01\/nizoneto.png\" class=\"attachment-eggnews-single-large size-eggnews-single-large wp-image-8397\" alt=\"\" srcset=\"https:\/\/dublagembrasileira.com.br\/wp-content\/uploads\/2022\/01\/nizoneto.png 600w, https:\/\/dublagembrasileira.com.br\/wp-content\/uploads\/2022\/01\/nizoneto-300x248.png 300w\" sizes=\"(max-width: 600px) 100vw, 600px\" \/>\t\t\t\t\t\t\t\t\t\t\t\t\t\t\t<\/div>\n\t\t\t\t<\/div>\n\t\t\t\t<div class=\"elementor-element elementor-element-1e711a9 elementor-widget__width-inherit elementor-widget elementor-widget-wp-widget-shortcodes-ultimate\" data-id=\"1e711a9\" data-element_type=\"widget\" data-widget_type=\"wp-widget-shortcodes-ultimate.default\">\n\t\t\t\t<div class=\"elementor-widget-container\">\n\t\t\t\t\t<div class=\"textwidget\"><div class=\"su-audio\" data-id=\"su_audio_player_69f25d9d117f3\" data-audio=\"https:\/\/dublagembrasileira.com.br\/wp-content\/sons\/nizoneto2.mp3\" data-swf=\"https:\/\/dublagembrasileira.com.br\/wp-content\/plugins\/shortcodes-ultimate\/vendor\/jplayer\/jplayer.swf\" data-autoplay=\"no\" data-loop=\"no\" style=\"max-width:100%\"><div id=\"su_audio_player_69f25d9d117f3\" class=\"jp-jplayer\"><\/div><div id=\"su_audio_player_69f25d9d117f3_container\" class=\"jp-audio\"><div class=\"jp-type-single\"><div class=\"jp-gui jp-interface\"><div class=\"jp-controls\"><span class=\"jp-play\"><\/span><span class=\"jp-pause\"><\/span><span class=\"jp-stop\"><\/span><span class=\"jp-mute\"><\/span><span class=\"jp-unmute\"><\/span><span class=\"jp-volume-max\"><\/span><\/div><div class=\"jp-progress\"><div class=\"jp-seek-bar\"><div class=\"jp-play-bar\"><\/div><\/div><\/div><div class=\"jp-volume-bar\"><div class=\"jp-volume-bar-value\"><\/div><\/div><div class=\"jp-current-time\"><\/div><div class=\"jp-duration\"><\/div><\/div><div class=\"jp-title\"><\/div><\/div><\/div><\/div><\/div>\t\t\t\t<\/div>\n\t\t\t\t<\/div>\n\t\t\t\t\t<\/div>\n\t\t<\/div>\n\t\t\t\t<div class=\"has_eae_slider elementor-column elementor-col-50 elementor-inner-column elementor-element elementor-element-b376748\" data-eae-slider=\"94866\" data-id=\"b376748\" data-element_type=\"column\">\n\t\t\t<div class=\"elementor-widget-wrap elementor-element-populated\">\n\t\t\t\t\t\t<div class=\"elementor-element elementor-element-10f82f7 elementor-widget elementor-widget-heading\" data-id=\"10f82f7\" data-element_type=\"widget\" data-widget_type=\"heading.default\">\n\t\t\t\t<div class=\"elementor-widget-container\">\n\t\t\t\t\t<h2 class=\"elementor-heading-title elementor-size-default\">Sobre a escala\u00e7\u00e3o.<\/h2>\t\t\t\t<\/div>\n\t\t\t\t<\/div>\n\t\t\t\t<div class=\"elementor-element elementor-element-f2edb8a elementor-widget elementor-widget-text-editor\" data-id=\"f2edb8a\" data-element_type=\"widget\" data-widget_type=\"text-editor.default\">\n\t\t\t\t<div class=\"elementor-widget-container\">\n\t\t\t\t\t\t\t\t\t<h3 style=\"text-align: center;\">&#8220;O Selton n\u00e3o fez e eu acho que duas quest\u00f5es pesaram: primeiro que ele t\u00e1 contratado da Globo e essa s\u00e9rie \u00e9 da Netflix e acho que n\u00e3o foi muito confort\u00e1vel, acho que a Globo n\u00e3o liberaria e segundo que o Selton se fizesse, seria pelo pre\u00e7o de star talent.&#8221;<\/h3>\t\t\t\t\t\t\t\t<\/div>\n\t\t\t\t<\/div>\n\t\t\t\t<div class=\"elementor-element elementor-element-5d1e0f7 elementor-widget elementor-widget-heading\" data-id=\"5d1e0f7\" data-element_type=\"widget\" data-widget_type=\"heading.default\">\n\t\t\t\t<div class=\"elementor-widget-container\">\n\t\t\t\t\t<h2 class=\"elementor-heading-title elementor-size-default\">Nizo Neto<\/h2>\t\t\t\t<\/div>\n\t\t\t\t<\/div>\n\t\t\t\t\t<\/div>\n\t\t<\/div>\n\t\t\t\t\t<\/div>\n\t\t<\/section>\n\t\t\t\t<section class=\"has_eae_slider elementor-section elementor-top-section elementor-element elementor-element-d018c65 elementor-section-boxed elementor-section-height-default elementor-section-height-default wpr-particle-no wpr-jarallax-no wpr-parallax-no wpr-sticky-section-no\" data-eae-slider=\"26802\" data-id=\"d018c65\" data-element_type=\"section\" data-settings=\"{&quot;_ha_eqh_enable&quot;:false}\">\n\t\t\t\t\t\t<div class=\"elementor-container elementor-column-gap-default\">\n\t\t\t\t\t<div class=\"has_eae_slider elementor-column elementor-col-100 elementor-top-column elementor-element elementor-element-2092b721\" data-eae-slider=\"82122\" data-id=\"2092b721\" data-element_type=\"column\">\n\t\t\t<div class=\"elementor-widget-wrap elementor-element-populated\">\n\t\t\t\t\t\t<div class=\"elementor-element elementor-element-fd54099 elementor-widget elementor-widget-text-editor\" data-id=\"fd54099\" data-element_type=\"widget\" data-widget_type=\"text-editor.default\">\n\t\t\t\t<div class=\"elementor-widget-container\">\n\t\t\t\t\t\t\t\t\t<p style=\"text-align: justify;\"><span style=\"color: #000000;\"><strong>DB &#8211; Ainda bem que foi voc\u00ea, porque o resultado ficou perfeito! Algumas vozes n\u00e3o envelhecem, Cleonir, Rodney Gomes, M\u00e1rio Jorge, Luiz Manoel e voc\u00ea s\u00e3o exemplos disso. Ser\u00e1 que a voz casou t\u00e3o bem porque o Ralph Macchio tamb\u00e9m tem uma imagem ainda muito ligada ao garot\u00e3o dos filmes?<br \/><\/strong><\/span><\/p>\t\t\t\t\t\t\t\t<\/div>\n\t\t\t\t<\/div>\n\t\t\t\t<div class=\"elementor-element elementor-element-73f2842b elementor-widget elementor-widget-text-editor\" data-id=\"73f2842b\" data-element_type=\"widget\" data-widget_type=\"text-editor.default\">\n\t\t\t\t<div class=\"elementor-widget-container\">\n\t\t\t\t\t\t\t\t\t<p style=\"text-align: justify;\"><span style=\"color: #000000;\"><strong>NN<\/strong> &#8211; \u00c9 realmente, a voz n\u00e3o envelhece. Voc\u00ea v\u00ea o pr\u00f3prio Da Matta, Nilton Val\u00e9rio, D\u00e1rio de Castro, o pr\u00f3prio J\u00falio Chaves que s\u00f3 escalaram pra fazer velho por causa da idade porque ele continuava com a voz do Mel Gibson de 30 anos atr\u00e1s.\u00a0<br \/><\/span><\/p><p><span style=\"color: #000000;\">Sim, o Ralph envelheceu muito bem, n\u00e9? Ele aparenta ser muito mais jovem do que \u00e9, ent\u00e3o eu acho que minha voz caiu muito bem nele, assim, do jeito que ele t\u00e1 agora.<\/span><\/p><p><span style=\"color: #000000;\">E&#8230;pode ser! Eu acho que deu muito certo talvez por isso, por eu ter ainda uma voz muito jovem e ele \u00e9 um cara que ainda aparenta ser muito jovem, ele tem um pouco desse clima que ele tinha nos filmes de quando ele era adolescente, e eu acho que est\u00e1 a\u00ed o motivo da voz ter vestido t\u00e3o bem.<\/span><\/p>\t\t\t\t\t\t\t\t<\/div>\n\t\t\t\t<\/div>\n\t\t\t\t\t<\/div>\n\t\t<\/div>\n\t\t\t\t\t<\/div>\n\t\t<\/section>\n\t\t\t\t<section class=\"has_eae_slider elementor-section elementor-top-section elementor-element elementor-element-10f7b601 elementor-section-boxed elementor-section-height-default elementor-section-height-default wpr-particle-no wpr-jarallax-no wpr-parallax-no wpr-sticky-section-no\" data-eae-slider=\"20280\" data-id=\"10f7b601\" data-element_type=\"section\" data-settings=\"{&quot;_ha_eqh_enable&quot;:false}\">\n\t\t\t\t\t\t<div class=\"elementor-container elementor-column-gap-default\">\n\t\t\t\t\t<div class=\"has_eae_slider elementor-column elementor-col-100 elementor-top-column elementor-element elementor-element-269af96b\" data-eae-slider=\"60364\" data-id=\"269af96b\" data-element_type=\"column\">\n\t\t\t<div class=\"elementor-widget-wrap elementor-element-populated\">\n\t\t\t\t\t\t<div class=\"elementor-element elementor-element-4ba684c3 elementor-widget elementor-widget-text-editor\" data-id=\"4ba684c3\" data-element_type=\"widget\" data-widget_type=\"text-editor.default\">\n\t\t\t\t<div class=\"elementor-widget-container\">\n\t\t\t\t\t\t\t\t\t<p style=\"text-align: justify;\"><span style=\"color: #000000;\"><strong>DB &#8211; Outra coisa que contribuiu foi essa coisa que voc\u00ea tem de ser uma voz marcante dos garotos dos anos 80. Esse clima repleto de <em>easter eggs<\/em> da s\u00e9rie, acabou indo pra dublagem com algumas vozes conhecidas dos anos 80, como no caso da Sum\u00e1ra fazendo a m\u00e3e do Daniel. Dentro desse clima, quem voc\u00ea traria que est\u00e1 em condi\u00e7\u00f5es de dublar para essa quinta temporada?<br \/><\/strong><\/span><\/p>\t\t\t\t\t\t\t\t<\/div>\n\t\t\t\t<\/div>\n\t\t\t\t<div class=\"elementor-element elementor-element-86af444 elementor-widget elementor-widget-text-editor\" data-id=\"86af444\" data-element_type=\"widget\" data-widget_type=\"text-editor.default\">\n\t\t\t\t<div class=\"elementor-widget-container\">\n\t\t\t\t\t\t\t\t\t<p style=\"text-align: justify;\"><span style=\"color: #000000;\"><strong>NN<\/strong> &#8211; Bom n\u00e3o sei quem entra nessa quinta temporada que era dos filmes antigos. Aten\u00e7\u00e3o gente um spolerzinho aqui se voc\u00ea ainda n\u00e3o terminou a quarta temporada:\u00a0 o personagem Chozen Toguchi que D\u00e1rio de Castro dublava, que infelizmente n\u00e3o vai poder continuar dublando&#8230; eu botaria ali o Philippe Maia, acho que ele iria vestir bem, agora botando algu\u00e9m daquela \u00e9poca, se quisesse manter o clima de nostalgia, eu acho que Ricardo Schnetzer, poderia vestir bem tamb\u00e9m.\u00a0\u00a0<\/span><\/p>\t\t\t\t\t\t\t\t<\/div>\n\t\t\t\t<\/div>\n\t\t\t\t\t<\/div>\n\t\t<\/div>\n\t\t\t\t\t<\/div>\n\t\t<\/section>\n\t\t\t\t<section class=\"has_eae_slider elementor-section elementor-top-section elementor-element elementor-element-63791aa6 elementor-section-boxed elementor-section-height-default elementor-section-height-default wpr-particle-no wpr-jarallax-no wpr-parallax-no wpr-sticky-section-no\" data-eae-slider=\"90679\" data-id=\"63791aa6\" data-element_type=\"section\" data-settings=\"{&quot;_ha_eqh_enable&quot;:false}\">\n\t\t\t\t\t\t<div class=\"elementor-container elementor-column-gap-default\">\n\t\t\t\t\t<div class=\"has_eae_slider elementor-column elementor-col-100 elementor-top-column elementor-element elementor-element-286a8a85\" data-eae-slider=\"56401\" data-id=\"286a8a85\" data-element_type=\"column\">\n\t\t\t<div class=\"elementor-widget-wrap elementor-element-populated\">\n\t\t\t\t\t\t<div class=\"elementor-element elementor-element-bee7d15 elementor-widget elementor-widget-text-editor\" data-id=\"bee7d15\" data-element_type=\"widget\" data-widget_type=\"text-editor.default\">\n\t\t\t\t<div class=\"elementor-widget-container\">\n\t\t\t\t\t\t\t\t\t<p style=\"text-align: justify;\"><span style=\"color: #000000;\"><strong>DB &#8211; Cobra Kai come\u00e7ou a ser dublado ainda de forma remota. Como \u00e9 que foi esse processo de adapta\u00e7\u00e3o?<br \/><\/strong><\/span><\/p>\t\t\t\t\t\t\t\t<\/div>\n\t\t\t\t<\/div>\n\t\t\t\t<div class=\"elementor-element elementor-element-1e2fc6c2 elementor-widget elementor-widget-text-editor\" data-id=\"1e2fc6c2\" data-element_type=\"widget\" data-widget_type=\"text-editor.default\">\n\t\t\t\t<div class=\"elementor-widget-container\">\n\t\t\t\t\t\t\t\t\t<p style=\"text-align: justify;\"><span style=\"color: #000000;\"><strong>NN<\/strong> &#8211; Olha, Cobra Kai ainda continua sendo dublado remoto, inclusive foi o primeiro trabalho que eu posso dizer, significativo, que eu fiz remotamente. Antes do Cobra Kai eu fiz duas ou tr\u00eas escalas, assim bem pequenas, foi at\u00e9 que meio pra teste.<\/span><\/p><p><span style=\"color: #000000;\">Realmente \u00e9 um desafio muito grande! O remoto tem sido bem complicado porque n\u00e3o s\u00f3 voc\u00ea recebe \u00e1udios gravados em est\u00fadios diferentes, com microfones diferentes. Outro problema s\u00e9rio \u00e9 o software que se usa para o remoto, uma coisa que ainda n\u00e3o foi aperfei\u00e7oada. \u00c9 bem complicado, assim, a p\u00f3s-produ\u00e7\u00e3o, para o pessoal que mixa.<\/span><\/p>\t\t\t\t\t\t\t\t<\/div>\n\t\t\t\t<\/div>\n\t\t\t\t<div class=\"elementor-element elementor-element-2b6a9a82 elementor-widget elementor-widget-image\" data-id=\"2b6a9a82\" data-element_type=\"widget\" data-widget_type=\"image.default\">\n\t\t\t\t<div class=\"elementor-widget-container\">\n\t\t\t\t\t\t\t\t\t\t\t\t<figure class=\"wp-caption\">\n\t\t\t\t\t\t\t\t\t\t<img decoding=\"async\" width=\"640\" height=\"454\" data-src=\"https:\/\/dublagembrasileira.com.br\/wp-content\/uploads\/2022\/01\/nizo_daniel.jpg\" class=\"attachment-large size-large wp-image-8488 lazyload\" alt=\"\" data-srcset=\"https:\/\/dublagembrasileira.com.br\/wp-content\/uploads\/2022\/01\/nizo_daniel.jpg 640w, https:\/\/dublagembrasileira.com.br\/wp-content\/uploads\/2022\/01\/nizo_daniel-300x213.jpg 300w\" data-sizes=\"(max-width: 640px) 100vw, 640px\" src=\"data:image\/svg+xml;base64,PHN2ZyB3aWR0aD0iMSIgaGVpZ2h0PSIxIiB4bWxucz0iaHR0cDovL3d3dy53My5vcmcvMjAwMC9zdmciPjwvc3ZnPg==\" style=\"--smush-placeholder-width: 640px; --smush-placeholder-aspect-ratio: 640\/454;\" \/>\t\t\t\t\t\t\t\t\t\t\t<figcaption class=\"widget-image-caption wp-caption-text\">Uma eterna voz de garot\u00e3o para um ator que envelheceu muito bem.<\/figcaption>\n\t\t\t\t\t\t\t\t\t\t<\/figure>\n\t\t\t\t\t\t\t\t\t<\/div>\n\t\t\t\t<\/div>\n\t\t\t\t\t<\/div>\n\t\t<\/div>\n\t\t\t\t\t<\/div>\n\t\t<\/section>\n\t\t\t\t<section class=\"has_eae_slider elementor-section elementor-top-section elementor-element elementor-element-1b133b19 elementor-section-boxed elementor-section-height-default elementor-section-height-default wpr-particle-no wpr-jarallax-no wpr-parallax-no wpr-sticky-section-no\" data-eae-slider=\"24946\" data-id=\"1b133b19\" data-element_type=\"section\" data-settings=\"{&quot;_ha_eqh_enable&quot;:false}\">\n\t\t\t\t\t\t<div class=\"elementor-container elementor-column-gap-default\">\n\t\t\t\t\t<div class=\"has_eae_slider elementor-column elementor-col-100 elementor-top-column elementor-element elementor-element-2b0a16a1\" data-eae-slider=\"61401\" data-id=\"2b0a16a1\" data-element_type=\"column\">\n\t\t\t<div class=\"elementor-widget-wrap elementor-element-populated\">\n\t\t\t\t\t\t<div class=\"elementor-element elementor-element-16c41083 elementor-widget elementor-widget-text-editor\" data-id=\"16c41083\" data-element_type=\"widget\" data-widget_type=\"text-editor.default\">\n\t\t\t\t<div class=\"elementor-widget-container\">\n\t\t\t\t\t\t\t\t\t<p style=\"text-align: justify;\"><span style=\"color: #000000;\"><strong>DB &#8211; E a qualidade final desse trabalho remoto? Como voc\u00ea avalia?<br \/><\/strong><\/span><\/p>\t\t\t\t\t\t\t\t<\/div>\n\t\t\t\t<\/div>\n\t\t\t\t<div class=\"elementor-element elementor-element-1c754d10 elementor-widget elementor-widget-text-editor\" data-id=\"1c754d10\" data-element_type=\"widget\" data-widget_type=\"text-editor.default\">\n\t\t\t\t<div class=\"elementor-widget-container\">\n\t\t\t\t\t\t\t\t\t<p style=\"text-align: justify;\"><span style=\"color: #000000;\"><strong>NN<\/strong> &#8211; <\/span><span style=\"color: #000000;\">Eu acho que fica muito bom! Realmente me surpreende, eu vejo e ainda me surpreendo de ver que aquilo ali foi gravado do meu estudiozinho. <\/span><\/p><p style=\"text-align: justify;\"><span style=\"color: #000000;\">Acho que fica um padr\u00e3o realmente muito bom. Pro cara notar algum defeito, voc\u00ea tem que ter ouvido de maestro, como a gente fala: \u201couvido absoluto\u201d, que o cara tem que t\u00e1 realmente num ambiente com muitas caixas de som, com aquele som est\u00e9reo. Mas pro cara que v\u00ea em casa na sua televis\u00e3o ou no seu celular, gente t\u00e1 \u00f3timo n\u00e3o tem o que falar.<\/span><\/p>\t\t\t\t\t\t\t\t<\/div>\n\t\t\t\t<\/div>\n\t\t\t\t\t<\/div>\n\t\t<\/div>\n\t\t\t\t\t<\/div>\n\t\t<\/section>\n\t\t\t\t<section class=\"has_eae_slider elementor-section elementor-inner-section elementor-element elementor-element-22857c6 elementor-section-boxed elementor-section-height-default elementor-section-height-default wpr-particle-no wpr-jarallax-no wpr-parallax-no wpr-sticky-section-no\" data-eae-slider=\"17568\" data-id=\"22857c6\" data-element_type=\"section\" data-settings=\"{&quot;background_background&quot;:&quot;classic&quot;,&quot;_ha_eqh_enable&quot;:false}\">\n\t\t\t\t\t\t<div class=\"elementor-container elementor-column-gap-default\">\n\t\t\t\t\t<div class=\"has_eae_slider elementor-column elementor-col-50 elementor-inner-column elementor-element elementor-element-292a5da\" data-eae-slider=\"54584\" data-id=\"292a5da\" data-element_type=\"column\">\n\t\t\t<div class=\"elementor-widget-wrap elementor-element-populated\">\n\t\t\t\t\t\t<div class=\"elementor-element elementor-element-a583515 elementor-widget elementor-widget-image\" data-id=\"a583515\" data-element_type=\"widget\" data-widget_type=\"image.default\">\n\t\t\t\t<div class=\"elementor-widget-container\">\n\t\t\t\t\t\t\t\t\t\t\t\t\t\t\t<img fetchpriority=\"high\" decoding=\"async\" width=\"600\" height=\"496\" src=\"https:\/\/dublagembrasileira.com.br\/wp-content\/uploads\/2022\/01\/nizoneto.png\" class=\"attachment-eggnews-single-large size-eggnews-single-large wp-image-8397\" alt=\"\" srcset=\"https:\/\/dublagembrasileira.com.br\/wp-content\/uploads\/2022\/01\/nizoneto.png 600w, https:\/\/dublagembrasileira.com.br\/wp-content\/uploads\/2022\/01\/nizoneto-300x248.png 300w\" sizes=\"(max-width: 600px) 100vw, 600px\" \/>\t\t\t\t\t\t\t\t\t\t\t\t\t\t\t<\/div>\n\t\t\t\t<\/div>\n\t\t\t\t<div class=\"elementor-element elementor-element-c830c88 elementor-widget__width-inherit elementor-widget elementor-widget-wp-widget-shortcodes-ultimate\" data-id=\"c830c88\" data-element_type=\"widget\" data-widget_type=\"wp-widget-shortcodes-ultimate.default\">\n\t\t\t\t<div class=\"elementor-widget-container\">\n\t\t\t\t\t<div class=\"textwidget\"><div class=\"su-audio\" data-id=\"su_audio_player_69f25d9d13e83\" data-audio=\"https:\/\/dublagembrasileira.com.br\/wp-content\/sons\/nizoneto3.mp3\" data-swf=\"https:\/\/dublagembrasileira.com.br\/wp-content\/plugins\/shortcodes-ultimate\/vendor\/jplayer\/jplayer.swf\" data-autoplay=\"no\" data-loop=\"no\" style=\"max-width:100%\"><div id=\"su_audio_player_69f25d9d13e83\" class=\"jp-jplayer\"><\/div><div id=\"su_audio_player_69f25d9d13e83_container\" class=\"jp-audio\"><div class=\"jp-type-single\"><div class=\"jp-gui jp-interface\"><div class=\"jp-controls\"><span class=\"jp-play\"><\/span><span class=\"jp-pause\"><\/span><span class=\"jp-stop\"><\/span><span class=\"jp-mute\"><\/span><span class=\"jp-unmute\"><\/span><span class=\"jp-volume-max\"><\/span><\/div><div class=\"jp-progress\"><div class=\"jp-seek-bar\"><div class=\"jp-play-bar\"><\/div><\/div><\/div><div class=\"jp-volume-bar\"><div class=\"jp-volume-bar-value\"><\/div><\/div><div class=\"jp-current-time\"><\/div><div class=\"jp-duration\"><\/div><\/div><div class=\"jp-title\"><\/div><\/div><\/div><\/div><\/div>\t\t\t\t<\/div>\n\t\t\t\t<\/div>\n\t\t\t\t\t<\/div>\n\t\t<\/div>\n\t\t\t\t<div class=\"has_eae_slider elementor-column elementor-col-50 elementor-inner-column elementor-element elementor-element-09104ec\" data-eae-slider=\"96363\" data-id=\"09104ec\" data-element_type=\"column\">\n\t\t\t<div class=\"elementor-widget-wrap elementor-element-populated\">\n\t\t\t\t\t\t<div class=\"elementor-element elementor-element-f472786 elementor-widget elementor-widget-heading\" data-id=\"f472786\" data-element_type=\"widget\" data-widget_type=\"heading.default\">\n\t\t\t\t<div class=\"elementor-widget-container\">\n\t\t\t\t\t<h2 class=\"elementor-heading-title elementor-size-default\">Sobre dublagem remota.<\/h2>\t\t\t\t<\/div>\n\t\t\t\t<\/div>\n\t\t\t\t<div class=\"elementor-element elementor-element-30e3739 elementor-widget elementor-widget-text-editor\" data-id=\"30e3739\" data-element_type=\"widget\" data-widget_type=\"text-editor.default\">\n\t\t\t\t<div class=\"elementor-widget-container\">\n\t\t\t\t\t\t\t\t\t<h3 style=\"text-align: center;\">&#8220;Realmente \u00e9 um desafio muito grande! O remoto tem sido bem complicado porque n\u00e3o s\u00f3 voc\u00ea recebe \u00e1udios gravados em est\u00fadios diferentes, com microfones diferentes&#8230;&#8221;<\/h3>\t\t\t\t\t\t\t\t<\/div>\n\t\t\t\t<\/div>\n\t\t\t\t<div class=\"elementor-element elementor-element-04c20f8 elementor-widget elementor-widget-heading\" data-id=\"04c20f8\" data-element_type=\"widget\" data-widget_type=\"heading.default\">\n\t\t\t\t<div class=\"elementor-widget-container\">\n\t\t\t\t\t<h2 class=\"elementor-heading-title elementor-size-default\">Nizo Neto<\/h2>\t\t\t\t<\/div>\n\t\t\t\t<\/div>\n\t\t\t\t\t<\/div>\n\t\t<\/div>\n\t\t\t\t\t<\/div>\n\t\t<\/section>\n\t\t\t\t<section class=\"has_eae_slider elementor-section elementor-top-section elementor-element elementor-element-36058773 elementor-section-boxed elementor-section-height-default elementor-section-height-default wpr-particle-no wpr-jarallax-no wpr-parallax-no wpr-sticky-section-no\" data-eae-slider=\"5568\" data-id=\"36058773\" data-element_type=\"section\" data-settings=\"{&quot;_ha_eqh_enable&quot;:false}\">\n\t\t\t\t\t\t<div class=\"elementor-container elementor-column-gap-default\">\n\t\t\t\t\t<div class=\"has_eae_slider elementor-column elementor-col-100 elementor-top-column elementor-element elementor-element-295ed89b\" data-eae-slider=\"86934\" data-id=\"295ed89b\" data-element_type=\"column\">\n\t\t\t<div class=\"elementor-widget-wrap elementor-element-populated\">\n\t\t\t\t\t\t<div class=\"elementor-element elementor-element-2afad0aa elementor-widget elementor-widget-text-editor\" data-id=\"2afad0aa\" data-element_type=\"widget\" data-widget_type=\"text-editor.default\">\n\t\t\t\t<div class=\"elementor-widget-container\">\n\t\t\t\t\t\t\t\t\t<p style=\"text-align: justify;\"><span style=\"color: #000000;\"><strong>DB &#8211; H\u00e1 alguns flashbacks na s\u00e9rie, com cenas tiradas dos filmes, que n\u00e3o foram redubladas. Voc\u00ea acredita que essa decis\u00e3o da dire\u00e7\u00e3o de dublagem, de n\u00e3o colocar novos \u00e1udios em portugu\u00eas nelas, foi acertada? Acha que o mesmo personagem apresentar duas vozes em favor do valor nost\u00e1lgico, ficou bacana?<br \/><\/strong><\/span><\/p>\t\t\t\t\t\t\t\t<\/div>\n\t\t\t\t<\/div>\n\t\t\t\t<div class=\"elementor-element elementor-element-44d6fa1c elementor-widget elementor-widget-text-editor\" data-id=\"44d6fa1c\" data-element_type=\"widget\" data-widget_type=\"text-editor.default\">\n\t\t\t\t<div class=\"elementor-widget-container\">\n\t\t\t\t\t\t\t\t\t<p style=\"text-align: justify;\"><span style=\"color: #000000;\"><strong>NN<\/strong> &#8211; Ah, eu acho que essa decis\u00e3o de manter os flashbacks originais foi muito acertada! Acho que foi o que deu um charme muito legal!<\/span><\/p><p><span style=\"color: #000000;\">Traz para p\u00fablico essa coisa gostosa da nostalgia, que infelizmente a redublagem, que eu acho um crime, acaba. Eu acho que \u00e9 muito mais legal manter, mesmo com as vozes diferentes, acho que existe uma liberdade art\u00edstica, poetica ali, que o p\u00fablico vai aceitar, como eu acho que t\u00e1 aceitando, n\u00e9? Acho que foi muito acertado!<\/span><\/p>\t\t\t\t\t\t\t\t<\/div>\n\t\t\t\t<\/div>\n\t\t\t\t\t<\/div>\n\t\t<\/div>\n\t\t\t\t\t<\/div>\n\t\t<\/section>\n\t\t\t\t<section class=\"has_eae_slider elementor-section elementor-top-section elementor-element elementor-element-2adac16 elementor-section-boxed elementor-section-height-default elementor-section-height-default wpr-particle-no wpr-jarallax-no wpr-parallax-no wpr-sticky-section-no\" data-eae-slider=\"65685\" data-id=\"2adac16\" data-element_type=\"section\" data-settings=\"{&quot;_ha_eqh_enable&quot;:false}\">\n\t\t\t\t\t\t<div class=\"elementor-container elementor-column-gap-default\">\n\t\t\t\t\t<div class=\"has_eae_slider elementor-column elementor-col-100 elementor-top-column elementor-element elementor-element-8369b52\" data-eae-slider=\"1227\" data-id=\"8369b52\" data-element_type=\"column\">\n\t\t\t<div class=\"elementor-widget-wrap\">\n\t\t\t\t\t\t\t<\/div>\n\t\t<\/div>\n\t\t\t\t\t<\/div>\n\t\t<\/section>\n\t\t\t\t<\/div>\n\t\t","protected":false},"excerpt":{"rendered":"<p>Entrevista realizada por Iza\u00edas Correia No \u00faltimo dia 31 de dezembro estreou na Netflix a t\u00e3o aguardada quarta temporada de\u00a0Cobra Kai, s\u00e9rie americana baseada nos longas-metragens da franquia Karat\u00ea Kid. O programa que j\u00e1 tinha feito sucesso no Youtube, foi adquirido pelo servi\u00e7o de streaming e trouxe uma novidade: a dublagem em portugu\u00eas. Para compor o elenco de vozes brasileiras o est\u00fadio Som de Vera Cruz reuniu dubladores que remetem a nostalgia dos anos 80, \u00e9poca em que a franquia Karat\u00ea Kid atingiu seu \u00e1pice. Al\u00e9m de M\u00e1rio Jorge voltar ao papel do vil\u00e3o Johnny Lawrence (William Zabka), Nizo Neto (voz constante em protagonistas oitentistas) foi o escalado para fazer o Daniel LaRusso (Ralph Macchio) j\u00e1 que Cleonir dos Santos, dublador original do personagem, \u00e9 falecido. Ainda no elenco Sum\u00e1ra Louise, outra voz conhecida da d\u00e9cada de 80, est\u00e1 de volta como a m\u00e3e de Daniel. Nizo, a nova voz brasileira de Larusso, combinou perfeitamente com o tipo apresentado por Ralph Macchio, isso porque o ator tem uma imagem de eterno garot\u00e3o, enquanto o dublador tem uma voz que d\u00e1 muito certo com esse tipo de personagem. O DB conversou com Nizo Neto, pra falar um pouco sobre a dublagem de Cobra Kai, que teve toda sua grava\u00e7\u00e3o feita remotamente. d\u00e1 muito certo Mensagem de Daniel Larusso. Nizo Neto \u201cAcho que minha voz caiu muito bem no Ralph Macchio, como ele est\u00e1 hoje. Eu poderia ter feito tamb\u00e9m naquela \u00e9poca, mas n\u00e3o se fazia teste para longa. Mas ningu\u00e9m ficou melhor do que o Cleonir.\u201d Nizo Neto Dublagem Brasileira &#8211; Karate Kid foi um gigantesco sucesso no Brasil, principalmente nas suas exibi\u00e7\u00f5es na televis\u00e3o, ent\u00e3o a dublagem com Cleonir dos Santos e Magalh\u00e3es Gra\u00e7a ficou imortalizada na lembran\u00e7a de muitos. O que representou para voc\u00ea continuar a saga de Daniel dando voz ao protagonista? Nizo Neto &#8211; Olha, embora eu n\u00e3o seja um grande f\u00e3 de Karate Kid, eu assisti o primeiro, lembro muito do primeiro. Com certeza um filma\u00e7o! Mas n\u00e3o sou fan\u00e1tico pela saga. Mas \u00e9 uma obra importante. Poder dar continuidade, principalmente ao trabalho do Cleonir, que na minha opini\u00e3o \u00e9 um dos maiores atores de voz do nosso pa\u00eds, foi assim uma coisa muito legal, fiquei muito feliz. Acho que minha voz caiu muito bem no Ralph Macchio, como ele est\u00e1 hoje. Eu poderia ter feito tamb\u00e9m naquela \u00e9poca, mas n\u00e3o se fazia teste para longa. Mas ningu\u00e9m ficou melhor do que o Cleonir. O pr\u00f3prio Selton vestiu muito bem depois n\u00e9? Mas o Cleonir \u00e9 uma figura muito ic\u00f4nica. Sobre a dublagem. &#8220;Poder dar continuidade, principalmente ao trabalho do Cleonir, que na minha opini\u00e3o \u00e9 um dos maiores atores de voz do nosso pa\u00eds, foi assim uma coisa muito legal, fiquei muito feliz.&#8221; Nizo Neto DB &#8211; O Cleonir realmente era fabuloso! NN &#8211; Sim, eu o conheci muito no iniciozinho da minha entrada na dublagem e que pessoa especial Ele era assim um cara fora do comum!\u00a0 DB &#8211; Infelizmente o mundo dublagem perdeu o Cleonir em 2000, mas como voc\u00ea mesmo falou o terceiro filme teve a voz do Selton Mello. O que voc\u00ea acha que pesou na escolha pela sua voz para o Daniel? NN &#8211; Olha, eu fiz teste pra dublar o Ralph Macchio. Realmente n\u00e3o sei quem mais fez, fico at\u00e9 curioso pra saber quem fez. O Selton n\u00e3o fez e eu acho que duas quest\u00f5es pesaram: primeiro que ele t\u00e1 contratado da Globo e essa s\u00e9rie \u00e9 da Netflix e acho que n\u00e3o foi muito confort\u00e1vel, acho que a Globo n\u00e3o liberaria e segundo que o Selton se fizesse, seria pelo pre\u00e7o de star talent e eu ganho pela tabela de hora normal que qualquer dublador ganharia. Ent\u00e3o com certeza isso a\u00ed pro or\u00e7amento iria pesar um pouco. Nizo Neto, a voz do Daniel Larusso em Cobra Kai Sobre a escala\u00e7\u00e3o. &#8220;O Selton n\u00e3o fez e eu acho que duas quest\u00f5es pesaram: primeiro que ele t\u00e1 contratado da Globo e essa s\u00e9rie \u00e9 da Netflix e acho que n\u00e3o foi muito confort\u00e1vel, acho que a Globo n\u00e3o liberaria e segundo que o Selton se fizesse, seria pelo pre\u00e7o de star talent.&#8221; Nizo Neto DB &#8211; Ainda bem que foi voc\u00ea, porque o resultado ficou perfeito! Algumas vozes n\u00e3o envelhecem, Cleonir, Rodney Gomes, M\u00e1rio Jorge, Luiz Manoel e voc\u00ea s\u00e3o exemplos disso. Ser\u00e1 que a voz casou t\u00e3o bem porque o Ralph Macchio tamb\u00e9m tem uma imagem ainda muito ligada ao garot\u00e3o dos filmes? NN &#8211; \u00c9 realmente, a voz n\u00e3o envelhece. Voc\u00ea v\u00ea o pr\u00f3prio Da Matta, Nilton Val\u00e9rio, D\u00e1rio de Castro, o pr\u00f3prio J\u00falio Chaves que s\u00f3 escalaram pra fazer velho por causa da idade porque ele continuava com a voz do Mel Gibson de 30 anos atr\u00e1s.\u00a0 Sim, o Ralph envelheceu muito bem, n\u00e9? Ele aparenta ser muito mais jovem do que \u00e9, ent\u00e3o eu acho que minha voz caiu muito bem nele, assim, do jeito que ele t\u00e1 agora. E&#8230;pode ser! Eu acho que deu muito certo talvez por isso, por eu ter ainda uma voz muito jovem e ele \u00e9 um cara que ainda aparenta ser muito jovem, ele tem um pouco desse clima que ele tinha nos filmes de quando ele era adolescente, e eu acho que est\u00e1 a\u00ed o motivo da voz ter vestido t\u00e3o bem. DB &#8211; Outra coisa que contribuiu foi essa coisa que voc\u00ea tem de ser uma voz marcante dos garotos dos anos 80. Esse clima repleto de easter eggs da s\u00e9rie, acabou indo pra dublagem com algumas vozes conhecidas dos anos 80, como no caso da Sum\u00e1ra fazendo a m\u00e3e do Daniel. Dentro desse clima, quem voc\u00ea traria que est\u00e1 em condi\u00e7\u00f5es de dublar para essa quinta temporada? NN &#8211; Bom n\u00e3o sei quem entra nessa quinta temporada que era dos filmes antigos. Aten\u00e7\u00e3o gente um spolerzinho aqui se voc\u00ea ainda n\u00e3o terminou a quarta temporada:\u00a0 o personagem Chozen Toguchi que D\u00e1rio de Castro dublava, que infelizmente n\u00e3o vai poder continuar dublando&#8230; eu botaria ali o Philippe<\/p>\n","protected":false},"author":1,"featured_media":4577,"comment_status":"open","ping_status":"open","sticky":false,"template":"","format":"standard","meta":{"_monsterinsights_skip_tracking":false,"_monsterinsights_sitenote_active":false,"_monsterinsights_sitenote_note":"","_monsterinsights_sitenote_category":0,"footnotes":""},"categories":[15,265],"tags":[],"class_list":["post-8390","post","type-post","status-publish","format-standard","has-post-thumbnail","hentry","category-materias","category-sincronia-perfeita"],"yoast_head":"<!-- This site is optimized with the Yoast SEO plugin v26.1.1 - https:\/\/yoast.com\/wordpress\/plugins\/seo\/ -->\n<title>Sincronia Perfeita: Nizo Neto, a voz do Daniel Larusso, fala sobre a dublagem de Cobra Kai. | DB - Dublagem Brasileira<\/title>\n<meta name=\"description\" content=\"Dublador fala sobre a satisfa\u00e7\u00e3o de emprestar a voz ao ator Ralph Macchio na s\u00e9rie da Netflix.\" \/>\n<meta name=\"robots\" content=\"index, follow, max-snippet:-1, max-image-preview:large, max-video-preview:-1\" \/>\n<link rel=\"canonical\" href=\"https:\/\/dublagembrasileira.com.br\/?p=8390\" \/>\n<meta property=\"og:locale\" content=\"pt_BR\" \/>\n<meta property=\"og:type\" content=\"article\" \/>\n<meta property=\"og:title\" content=\"Sincronia Perfeita: Nizo Neto, a voz do Daniel Larusso, fala sobre a dublagem de Cobra Kai. | DB - Dublagem Brasileira\" \/>\n<meta property=\"og:description\" content=\"Dublador fala sobre a satisfa\u00e7\u00e3o de emprestar a voz ao ator Ralph Macchio na s\u00e9rie da Netflix.\" \/>\n<meta property=\"og:url\" content=\"https:\/\/dublagembrasileira.com.br\/?p=8390\" \/>\n<meta property=\"og:site_name\" content=\"DB - Dublagem Brasileira\" \/>\n<meta property=\"article:published_time\" content=\"2023-07-17T09:09:55+00:00\" \/>\n<meta property=\"article:modified_time\" content=\"2025-06-21T12:20:51+00:00\" \/>\n<meta property=\"og:image\" content=\"http:\/\/dublagembrasileira.com.br\/wp-content\/uploads\/2020\/08\/345397.jpg\" \/>\n\t<meta property=\"og:image:width\" content=\"600\" \/>\n\t<meta property=\"og:image:height\" content=\"338\" \/>\n\t<meta property=\"og:image:type\" content=\"image\/jpeg\" \/>\n<meta name=\"author\" content=\"Iza\u00edas Correia\" \/>\n<meta name=\"twitter:card\" content=\"summary_large_image\" \/>\n<meta name=\"twitter:label1\" content=\"Escrito por\" \/>\n\t<meta name=\"twitter:data1\" content=\"Iza\u00edas Correia\" \/>\n\t<meta name=\"twitter:label2\" content=\"Est. tempo de leitura\" \/>\n\t<meta name=\"twitter:data2\" content=\"8 minutos\" \/>\n<script type=\"application\/ld+json\" class=\"yoast-schema-graph\">{\"@context\":\"https:\/\/schema.org\",\"@graph\":[{\"@type\":\"Article\",\"@id\":\"https:\/\/dublagembrasileira.com.br\/?p=8390#article\",\"isPartOf\":{\"@id\":\"https:\/\/dublagembrasileira.com.br\/?p=8390\"},\"author\":{\"name\":\"Iza\u00edas Correia\",\"@id\":\"https:\/\/dublagembrasileira.com.br\/#\/schema\/person\/6298fd46a47d1ef447a90b2fc9f2b215\"},\"headline\":\"Sincronia Perfeita: Nizo Neto, a voz do Daniel Larusso, fala sobre a dublagem de Cobra Kai.\",\"datePublished\":\"2023-07-17T09:09:55+00:00\",\"dateModified\":\"2025-06-21T12:20:51+00:00\",\"mainEntityOfPage\":{\"@id\":\"https:\/\/dublagembrasileira.com.br\/?p=8390\"},\"wordCount\":1527,\"commentCount\":1,\"publisher\":{\"@id\":\"https:\/\/dublagembrasileira.com.br\/#organization\"},\"image\":{\"@id\":\"https:\/\/dublagembrasileira.com.br\/?p=8390#primaryimage\"},\"thumbnailUrl\":\"https:\/\/dublagembrasileira.com.br\/wp-content\/uploads\/2020\/08\/345397.jpg\",\"articleSection\":[\"Mat\u00e9rias\",\"Sincronia Perfeita\"],\"inLanguage\":\"pt-BR\",\"potentialAction\":[{\"@type\":\"CommentAction\",\"name\":\"Comment\",\"target\":[\"https:\/\/dublagembrasileira.com.br\/?p=8390#respond\"]}]},{\"@type\":\"WebPage\",\"@id\":\"https:\/\/dublagembrasileira.com.br\/?p=8390\",\"url\":\"https:\/\/dublagembrasileira.com.br\/?p=8390\",\"name\":\"Sincronia Perfeita: Nizo Neto, a voz do Daniel Larusso, fala sobre a dublagem de Cobra Kai. | DB - Dublagem Brasileira\",\"isPartOf\":{\"@id\":\"https:\/\/dublagembrasileira.com.br\/#website\"},\"primaryImageOfPage\":{\"@id\":\"https:\/\/dublagembrasileira.com.br\/?p=8390#primaryimage\"},\"image\":{\"@id\":\"https:\/\/dublagembrasileira.com.br\/?p=8390#primaryimage\"},\"thumbnailUrl\":\"https:\/\/dublagembrasileira.com.br\/wp-content\/uploads\/2020\/08\/345397.jpg\",\"datePublished\":\"2023-07-17T09:09:55+00:00\",\"dateModified\":\"2025-06-21T12:20:51+00:00\",\"description\":\"Dublador fala sobre a satisfa\u00e7\u00e3o de emprestar a voz ao ator Ralph Macchio na s\u00e9rie da Netflix.\",\"breadcrumb\":{\"@id\":\"https:\/\/dublagembrasileira.com.br\/?p=8390#breadcrumb\"},\"inLanguage\":\"pt-BR\",\"potentialAction\":[{\"@type\":\"ReadAction\",\"target\":[\"https:\/\/dublagembrasileira.com.br\/?p=8390\"]}]},{\"@type\":\"ImageObject\",\"inLanguage\":\"pt-BR\",\"@id\":\"https:\/\/dublagembrasileira.com.br\/?p=8390#primaryimage\",\"url\":\"https:\/\/dublagembrasileira.com.br\/wp-content\/uploads\/2020\/08\/345397.jpg\",\"contentUrl\":\"https:\/\/dublagembrasileira.com.br\/wp-content\/uploads\/2020\/08\/345397.jpg\",\"width\":600,\"height\":338},{\"@type\":\"BreadcrumbList\",\"@id\":\"https:\/\/dublagembrasileira.com.br\/?p=8390#breadcrumb\",\"itemListElement\":[{\"@type\":\"ListItem\",\"position\":1,\"name\":\"In\u00edcio\",\"item\":\"https:\/\/dublagembrasileira.com.br\/\"},{\"@type\":\"ListItem\",\"position\":2,\"name\":\"Sincronia Perfeita: Nizo Neto, a voz do Daniel Larusso, fala sobre a dublagem de Cobra Kai.\"}]},{\"@type\":\"WebSite\",\"@id\":\"https:\/\/dublagembrasileira.com.br\/#website\",\"url\":\"https:\/\/dublagembrasileira.com.br\/\",\"name\":\"DB - Dublagem Brasileira\",\"description\":\"O seu portal de dublagem.\",\"publisher\":{\"@id\":\"https:\/\/dublagembrasileira.com.br\/#organization\"},\"potentialAction\":[{\"@type\":\"SearchAction\",\"target\":{\"@type\":\"EntryPoint\",\"urlTemplate\":\"https:\/\/dublagembrasileira.com.br\/?s={search_term_string}\"},\"query-input\":{\"@type\":\"PropertyValueSpecification\",\"valueRequired\":true,\"valueName\":\"search_term_string\"}}],\"inLanguage\":\"pt-BR\"},{\"@type\":\"Organization\",\"@id\":\"https:\/\/dublagembrasileira.com.br\/#organization\",\"name\":\"DB - Dublagem Brasileira\",\"url\":\"https:\/\/dublagembrasileira.com.br\/\",\"logo\":{\"@type\":\"ImageObject\",\"inLanguage\":\"pt-BR\",\"@id\":\"https:\/\/dublagembrasileira.com.br\/#\/schema\/logo\/image\/\",\"url\":\"https:\/\/dublagembrasileira.com.br\/wp-content\/uploads\/2019\/07\/cropped-logotipodb.png\",\"contentUrl\":\"https:\/\/dublagembrasileira.com.br\/wp-content\/uploads\/2019\/07\/cropped-logotipodb.png\",\"width\":946,\"height\":589,\"caption\":\"DB - Dublagem Brasileira\"},\"image\":{\"@id\":\"https:\/\/dublagembrasileira.com.br\/#\/schema\/logo\/image\/\"}},{\"@type\":\"Person\",\"@id\":\"https:\/\/dublagembrasileira.com.br\/#\/schema\/person\/6298fd46a47d1ef447a90b2fc9f2b215\",\"name\":\"Iza\u00edas Correia\",\"image\":{\"@type\":\"ImageObject\",\"inLanguage\":\"pt-BR\",\"@id\":\"https:\/\/dublagembrasileira.com.br\/#\/schema\/person\/image\/\",\"url\":\"http:\/\/dublagembrasileira.com.br\/wp-content\/uploads\/2025\/06\/cropped-izaiascorreia-96x96.jpg\",\"contentUrl\":\"http:\/\/dublagembrasileira.com.br\/wp-content\/uploads\/2025\/06\/cropped-izaiascorreia-96x96.jpg\",\"caption\":\"Iza\u00edas Correia\"},\"description\":\"Professor, roteirista e web-designer, respons\u00e1vel pelo site InfanTv. Tamb\u00e9m \u00e9 pesquisador da dublagem brasileira.\",\"url\":\"https:\/\/dublagembrasileira.com.br\/?author=1\"}]}<\/script>\n<!-- \/ Yoast SEO plugin. -->","yoast_head_json":{"title":"Sincronia Perfeita: Nizo Neto, a voz do Daniel Larusso, fala sobre a dublagem de Cobra Kai. | DB - Dublagem Brasileira","description":"Dublador fala sobre a satisfa\u00e7\u00e3o de emprestar a voz ao ator Ralph Macchio na s\u00e9rie da Netflix.","robots":{"index":"index","follow":"follow","max-snippet":"max-snippet:-1","max-image-preview":"max-image-preview:large","max-video-preview":"max-video-preview:-1"},"canonical":"https:\/\/dublagembrasileira.com.br\/?p=8390","og_locale":"pt_BR","og_type":"article","og_title":"Sincronia Perfeita: Nizo Neto, a voz do Daniel Larusso, fala sobre a dublagem de Cobra Kai. | DB - Dublagem Brasileira","og_description":"Dublador fala sobre a satisfa\u00e7\u00e3o de emprestar a voz ao ator Ralph Macchio na s\u00e9rie da Netflix.","og_url":"https:\/\/dublagembrasileira.com.br\/?p=8390","og_site_name":"DB - Dublagem Brasileira","article_published_time":"2023-07-17T09:09:55+00:00","article_modified_time":"2025-06-21T12:20:51+00:00","og_image":[{"width":600,"height":338,"url":"http:\/\/dublagembrasileira.com.br\/wp-content\/uploads\/2020\/08\/345397.jpg","type":"image\/jpeg"}],"author":"Iza\u00edas Correia","twitter_card":"summary_large_image","twitter_misc":{"Escrito por":"Iza\u00edas Correia","Est. tempo de leitura":"8 minutos"},"schema":{"@context":"https:\/\/schema.org","@graph":[{"@type":"Article","@id":"https:\/\/dublagembrasileira.com.br\/?p=8390#article","isPartOf":{"@id":"https:\/\/dublagembrasileira.com.br\/?p=8390"},"author":{"name":"Iza\u00edas Correia","@id":"https:\/\/dublagembrasileira.com.br\/#\/schema\/person\/6298fd46a47d1ef447a90b2fc9f2b215"},"headline":"Sincronia Perfeita: Nizo Neto, a voz do Daniel Larusso, fala sobre a dublagem de Cobra Kai.","datePublished":"2023-07-17T09:09:55+00:00","dateModified":"2025-06-21T12:20:51+00:00","mainEntityOfPage":{"@id":"https:\/\/dublagembrasileira.com.br\/?p=8390"},"wordCount":1527,"commentCount":1,"publisher":{"@id":"https:\/\/dublagembrasileira.com.br\/#organization"},"image":{"@id":"https:\/\/dublagembrasileira.com.br\/?p=8390#primaryimage"},"thumbnailUrl":"https:\/\/dublagembrasileira.com.br\/wp-content\/uploads\/2020\/08\/345397.jpg","articleSection":["Mat\u00e9rias","Sincronia Perfeita"],"inLanguage":"pt-BR","potentialAction":[{"@type":"CommentAction","name":"Comment","target":["https:\/\/dublagembrasileira.com.br\/?p=8390#respond"]}]},{"@type":"WebPage","@id":"https:\/\/dublagembrasileira.com.br\/?p=8390","url":"https:\/\/dublagembrasileira.com.br\/?p=8390","name":"Sincronia Perfeita: Nizo Neto, a voz do Daniel Larusso, fala sobre a dublagem de Cobra Kai. | DB - Dublagem Brasileira","isPartOf":{"@id":"https:\/\/dublagembrasileira.com.br\/#website"},"primaryImageOfPage":{"@id":"https:\/\/dublagembrasileira.com.br\/?p=8390#primaryimage"},"image":{"@id":"https:\/\/dublagembrasileira.com.br\/?p=8390#primaryimage"},"thumbnailUrl":"https:\/\/dublagembrasileira.com.br\/wp-content\/uploads\/2020\/08\/345397.jpg","datePublished":"2023-07-17T09:09:55+00:00","dateModified":"2025-06-21T12:20:51+00:00","description":"Dublador fala sobre a satisfa\u00e7\u00e3o de emprestar a voz ao ator Ralph Macchio na s\u00e9rie da Netflix.","breadcrumb":{"@id":"https:\/\/dublagembrasileira.com.br\/?p=8390#breadcrumb"},"inLanguage":"pt-BR","potentialAction":[{"@type":"ReadAction","target":["https:\/\/dublagembrasileira.com.br\/?p=8390"]}]},{"@type":"ImageObject","inLanguage":"pt-BR","@id":"https:\/\/dublagembrasileira.com.br\/?p=8390#primaryimage","url":"https:\/\/dublagembrasileira.com.br\/wp-content\/uploads\/2020\/08\/345397.jpg","contentUrl":"https:\/\/dublagembrasileira.com.br\/wp-content\/uploads\/2020\/08\/345397.jpg","width":600,"height":338},{"@type":"BreadcrumbList","@id":"https:\/\/dublagembrasileira.com.br\/?p=8390#breadcrumb","itemListElement":[{"@type":"ListItem","position":1,"name":"In\u00edcio","item":"https:\/\/dublagembrasileira.com.br\/"},{"@type":"ListItem","position":2,"name":"Sincronia Perfeita: Nizo Neto, a voz do Daniel Larusso, fala sobre a dublagem de Cobra Kai."}]},{"@type":"WebSite","@id":"https:\/\/dublagembrasileira.com.br\/#website","url":"https:\/\/dublagembrasileira.com.br\/","name":"DB - Dublagem Brasileira","description":"O seu portal de dublagem.","publisher":{"@id":"https:\/\/dublagembrasileira.com.br\/#organization"},"potentialAction":[{"@type":"SearchAction","target":{"@type":"EntryPoint","urlTemplate":"https:\/\/dublagembrasileira.com.br\/?s={search_term_string}"},"query-input":{"@type":"PropertyValueSpecification","valueRequired":true,"valueName":"search_term_string"}}],"inLanguage":"pt-BR"},{"@type":"Organization","@id":"https:\/\/dublagembrasileira.com.br\/#organization","name":"DB - Dublagem Brasileira","url":"https:\/\/dublagembrasileira.com.br\/","logo":{"@type":"ImageObject","inLanguage":"pt-BR","@id":"https:\/\/dublagembrasileira.com.br\/#\/schema\/logo\/image\/","url":"https:\/\/dublagembrasileira.com.br\/wp-content\/uploads\/2019\/07\/cropped-logotipodb.png","contentUrl":"https:\/\/dublagembrasileira.com.br\/wp-content\/uploads\/2019\/07\/cropped-logotipodb.png","width":946,"height":589,"caption":"DB - Dublagem Brasileira"},"image":{"@id":"https:\/\/dublagembrasileira.com.br\/#\/schema\/logo\/image\/"}},{"@type":"Person","@id":"https:\/\/dublagembrasileira.com.br\/#\/schema\/person\/6298fd46a47d1ef447a90b2fc9f2b215","name":"Iza\u00edas Correia","image":{"@type":"ImageObject","inLanguage":"pt-BR","@id":"https:\/\/dublagembrasileira.com.br\/#\/schema\/person\/image\/","url":"http:\/\/dublagembrasileira.com.br\/wp-content\/uploads\/2025\/06\/cropped-izaiascorreia-96x96.jpg","contentUrl":"http:\/\/dublagembrasileira.com.br\/wp-content\/uploads\/2025\/06\/cropped-izaiascorreia-96x96.jpg","caption":"Iza\u00edas Correia"},"description":"Professor, roteirista e web-designer, respons\u00e1vel pelo site InfanTv. Tamb\u00e9m \u00e9 pesquisador da dublagem brasileira.","url":"https:\/\/dublagembrasileira.com.br\/?author=1"}]}},"rttpg_featured_image_url":{"full":["https:\/\/dublagembrasileira.com.br\/wp-content\/uploads\/2020\/08\/345397.jpg",600,338,false],"landscape":["https:\/\/dublagembrasileira.com.br\/wp-content\/uploads\/2020\/08\/345397.jpg",600,338,false],"portraits":["https:\/\/dublagembrasileira.com.br\/wp-content\/uploads\/2020\/08\/345397.jpg",600,338,false],"thumbnail":["https:\/\/dublagembrasileira.com.br\/wp-content\/uploads\/2020\/08\/345397-150x150.jpg",150,150,true],"medium":["https:\/\/dublagembrasileira.com.br\/wp-content\/uploads\/2020\/08\/345397-300x169.jpg",300,169,true],"large":["https:\/\/dublagembrasileira.com.br\/wp-content\/uploads\/2020\/08\/345397.jpg",600,338,false],"1536x1536":["https:\/\/dublagembrasileira.com.br\/wp-content\/uploads\/2020\/08\/345397.jpg",600,338,false],"2048x2048":["https:\/\/dublagembrasileira.com.br\/wp-content\/uploads\/2020\/08\/345397.jpg",600,338,false],"eggnews-slider-large":["https:\/\/dublagembrasileira.com.br\/wp-content\/uploads\/2020\/08\/345397.jpg",600,338,false],"eggnews-featured-medium":["https:\/\/dublagembrasileira.com.br\/wp-content\/uploads\/2020\/08\/345397-420x307.jpg",420,307,true],"eggnews-featured-long":["https:\/\/dublagembrasileira.com.br\/wp-content\/uploads\/2020\/08\/345397-300x338.jpg",300,338,true],"eggnews-block-medium":["https:\/\/dublagembrasileira.com.br\/wp-content\/uploads\/2020\/08\/345397-464x290.jpg",464,290,true],"eggnews-carousel-image":["https:\/\/dublagembrasileira.com.br\/wp-content\/uploads\/2020\/08\/345397.jpg",600,338,false],"eggnews-block-thumb":["https:\/\/dublagembrasileira.com.br\/wp-content\/uploads\/2020\/08\/345397-322x230.jpg",322,230,true],"eggnews-single-large":["https:\/\/dublagembrasileira.com.br\/wp-content\/uploads\/2020\/08\/345397.jpg",600,338,false],"crp_thumbnail":["https:\/\/dublagembrasileira.com.br\/wp-content\/uploads\/2020\/08\/345397-150x150.jpg",150,150,true]},"rttpg_author":{"display_name":"Iza\u00edas Correia","author_link":"https:\/\/dublagembrasileira.com.br\/?author=1"},"rttpg_comment":2,"rttpg_category":"<a href=\"https:\/\/dublagembrasileira.com.br\/?cat=15\" rel=\"category\">Mat\u00e9rias<\/a> <a href=\"https:\/\/dublagembrasileira.com.br\/?cat=265\" rel=\"category\">Sincronia Perfeita<\/a>","rttpg_excerpt":"Entrevista realizada por Iza\u00edas Correia No \u00faltimo dia 31 de dezembro estreou na Netflix a t\u00e3o aguardada quarta temporada de\u00a0Cobra Kai, s\u00e9rie americana baseada nos longas-metragens da franquia Karat\u00ea Kid. O programa que j\u00e1 tinha feito sucesso no Youtube, foi adquirido pelo servi\u00e7o de streaming e trouxe uma novidade: a dublagem em portugu\u00eas. Para compor&hellip;","_links":{"self":[{"href":"https:\/\/dublagembrasileira.com.br\/index.php?rest_route=\/wp\/v2\/posts\/8390","targetHints":{"allow":["GET"]}}],"collection":[{"href":"https:\/\/dublagembrasileira.com.br\/index.php?rest_route=\/wp\/v2\/posts"}],"about":[{"href":"https:\/\/dublagembrasileira.com.br\/index.php?rest_route=\/wp\/v2\/types\/post"}],"author":[{"embeddable":true,"href":"https:\/\/dublagembrasileira.com.br\/index.php?rest_route=\/wp\/v2\/users\/1"}],"replies":[{"embeddable":true,"href":"https:\/\/dublagembrasileira.com.br\/index.php?rest_route=%2Fwp%2Fv2%2Fcomments&post=8390"}],"version-history":[{"count":20,"href":"https:\/\/dublagembrasileira.com.br\/index.php?rest_route=\/wp\/v2\/posts\/8390\/revisions"}],"predecessor-version":[{"id":26779,"href":"https:\/\/dublagembrasileira.com.br\/index.php?rest_route=\/wp\/v2\/posts\/8390\/revisions\/26779"}],"wp:featuredmedia":[{"embeddable":true,"href":"https:\/\/dublagembrasileira.com.br\/index.php?rest_route=\/wp\/v2\/media\/4577"}],"wp:attachment":[{"href":"https:\/\/dublagembrasileira.com.br\/index.php?rest_route=%2Fwp%2Fv2%2Fmedia&parent=8390"}],"wp:term":[{"taxonomy":"category","embeddable":true,"href":"https:\/\/dublagembrasileira.com.br\/index.php?rest_route=%2Fwp%2Fv2%2Fcategories&post=8390"},{"taxonomy":"post_tag","embeddable":true,"href":"https:\/\/dublagembrasileira.com.br\/index.php?rest_route=%2Fwp%2Fv2%2Ftags&post=8390"}],"curies":[{"name":"wp","href":"https:\/\/api.w.org\/{rel}","templated":true}]}}