{"id":8383,"date":"2021-12-29T16:02:40","date_gmt":"2021-12-29T16:02:40","guid":{"rendered":"https:\/\/dublagembrasileira.com.br\/?p=8383"},"modified":"2022-01-17T16:11:35","modified_gmt":"2022-01-17T16:11:35","slug":"erro-de-edicao-em-episodio-de-the-flash-2014-expos-comentario-de-dublador","status":"publish","type":"post","link":"https:\/\/dublagembrasileira.com.br\/?p=8383","title":{"rendered":"Erro de edi\u00e7\u00e3o em epis\u00f3dio de The Flash (2014) exp\u00f4s coment\u00e1rio de dublador."},"content":{"rendered":"<div class=\"elementor-element elementor-element-2f702e88 elementor-widget elementor-widget-text-editor\" data-id=\"2f702e88\" data-element_type=\"widget\" data-widget_type=\"text-editor.default\">\n<div class=\"elementor-widget-container\">\n<div class=\"elementor-text-editor elementor-clearfix\">\n<h4><i>A vers\u00e3o dublada da oitava temporada da s\u00e9rie \u00e9 exibida no Brasil pela Warner Channel.<\/i><\/h4>\n<hr \/>\n<\/div>\n<\/div>\n<\/div>\n<p>Ap\u00f3s 30 minutos do primeiro epis\u00f3dio da oitava temporada de The Flash, o her\u00f3i interpretado por Grant Gustin (Glee) diz ao vil\u00e3o Despero (Tony Curran): \u201cSeja l\u00e1 quem voc\u00ea seja, se procurava por uma luta, voc\u00ea encontrou.\u201d Em seguida, uma voz que aparenta sair da cabine de dublagem comenta sobre a fala de Flash: \u201cOlha que di\u00e1logo merda.<\/p>\n<blockquote class=\"twitter-tweet\">\n<p dir=\"ltr\" lang=\"pt\">T\u00e1, mas e esse erro de dublagem na s\u00e9rie The Flash? &#x1f602;<a href=\"https:\/\/twitter.com\/hashtag\/TheFlash?src=hash&amp;ref_src=twsrc%5Etfw\">#TheFlash<\/a> <a href=\"https:\/\/t.co\/BwkgCapeYe\">pic.twitter.com\/BwkgCapeYe<\/a><\/p>\n<p>\u2014 eplay geek (@eplaygeek) <a href=\"https:\/\/twitter.com\/eplaygeek\/status\/1476013045356838913?ref_src=twsrc%5Etfw\">December 29, 2021<\/a><\/p><\/blockquote>\n<p><script async src=\"https:\/\/platform.twitter.com\/widgets.js\" charset=\"utf-8\"><\/script><\/p>\n<p style=\"text-align: justify;\">O erro repercutiu no Twitter, e o p\u00fablico aproveitou a oportunidade para ressaltar a cr\u00edtica ao roteiro da s\u00e9rie.<\/p>\n<p style=\"text-align: justify;\">Apesar do coment\u00e1rio, a Warner Channel n\u00e3o se pronunciou sobre o ocorrido. Acredita-se que o \u00e1udio ser\u00e1 corrigido antes do canal exibir o epis\u00f3dio novamente.<\/p>\n","protected":false},"excerpt":{"rendered":"<p>A vers\u00e3o dublada da oitava temporada da s\u00e9rie \u00e9 exibida no Brasil pela Warner Channel. Ap\u00f3s 30 minutos do primeiro epis\u00f3dio da oitava temporada de The Flash, o her\u00f3i interpretado por Grant Gustin (Glee) diz ao vil\u00e3o Despero (Tony Curran): \u201cSeja l\u00e1 quem voc\u00ea seja, se procurava por uma luta, voc\u00ea encontrou.\u201d Em seguida, uma voz que aparenta sair da cabine de dublagem comenta sobre a fala de Flash: \u201cOlha que di\u00e1logo merda. T\u00e1, mas e esse erro de dublagem na s\u00e9rie The Flash? &#x1f602;#TheFlash pic.twitter.com\/BwkgCapeYe \u2014 eplay geek (@eplaygeek) December 29, 2021 O erro repercutiu no Twitter, e o p\u00fablico aproveitou a oportunidade para ressaltar a cr\u00edtica ao roteiro da s\u00e9rie. Apesar do coment\u00e1rio, a Warner Channel n\u00e3o se pronunciou sobre o ocorrido. Acredita-se que o \u00e1udio ser\u00e1 corrigido antes do canal exibir o epis\u00f3dio novamente.<\/p>\n","protected":false},"author":1,"featured_media":8384,"comment_status":"open","ping_status":"open","sticky":false,"template":"","format":"standard","meta":{"_monsterinsights_skip_tracking":false,"_monsterinsights_sitenote_active":false,"_monsterinsights_sitenote_note":"","_monsterinsights_sitenote_category":0,"footnotes":""},"categories":[13,158,8],"tags":[],"class_list":["post-8383","post","type-post","status-publish","format-standard","has-post-thumbnail","hentry","category-noticias","category-streaming","category-televisao"],"yoast_head":"<!-- This site is optimized with the Yoast SEO plugin v26.1.1 - https:\/\/yoast.com\/wordpress\/plugins\/seo\/ -->\n<title>Erro de edi\u00e7\u00e3o em epis\u00f3dio de The Flash (2014) exp\u00f4s coment\u00e1rio de dublador. | DB - Dublagem Brasileira<\/title>\n<meta name=\"robots\" content=\"index, follow, max-snippet:-1, max-image-preview:large, max-video-preview:-1\" \/>\n<link rel=\"canonical\" href=\"https:\/\/dublagembrasileira.com.br\/?p=8383\" \/>\n<meta property=\"og:locale\" content=\"pt_BR\" \/>\n<meta property=\"og:type\" content=\"article\" \/>\n<meta property=\"og:title\" content=\"Erro de edi\u00e7\u00e3o em epis\u00f3dio de The Flash (2014) exp\u00f4s coment\u00e1rio de dublador. | DB - Dublagem Brasileira\" \/>\n<meta property=\"og:description\" content=\"A vers\u00e3o dublada da oitava temporada da s\u00e9rie \u00e9 exibida no Brasil pela Warner Channel. Ap\u00f3s 30 minutos do primeiro epis\u00f3dio da oitava temporada de The Flash, o her\u00f3i interpretado por Grant Gustin (Glee) diz ao vil\u00e3o Despero (Tony Curran): \u201cSeja l\u00e1 quem voc\u00ea seja, se procurava por uma luta, voc\u00ea encontrou.\u201d Em seguida, uma voz que aparenta sair da cabine de dublagem comenta sobre a fala de Flash: \u201cOlha que di\u00e1logo merda. T\u00e1, mas e esse erro de dublagem na s\u00e9rie The Flash? &#x1f602;#TheFlash pic.twitter.com\/BwkgCapeYe \u2014 eplay geek (@eplaygeek) December 29, 2021 O erro repercutiu no Twitter, e o p\u00fablico aproveitou a oportunidade para ressaltar a cr\u00edtica ao roteiro da s\u00e9rie. Apesar do coment\u00e1rio, a Warner Channel n\u00e3o se pronunciou sobre o ocorrido. Acredita-se que o \u00e1udio ser\u00e1 corrigido antes do canal exibir o epis\u00f3dio novamente.\" \/>\n<meta property=\"og:url\" content=\"https:\/\/dublagembrasileira.com.br\/?p=8383\" \/>\n<meta property=\"og:site_name\" content=\"DB - Dublagem Brasileira\" \/>\n<meta property=\"article:published_time\" content=\"2021-12-29T16:02:40+00:00\" \/>\n<meta property=\"article:modified_time\" content=\"2022-01-17T16:11:35+00:00\" \/>\n<meta property=\"og:image\" content=\"https:\/\/dublagembrasileira.com.br\/wp-content\/uploads\/2022\/01\/flash.jpg\" \/>\n\t<meta property=\"og:image:width\" content=\"704\" \/>\n\t<meta property=\"og:image:height\" content=\"496\" \/>\n\t<meta property=\"og:image:type\" content=\"image\/jpeg\" \/>\n<meta name=\"author\" content=\"Iza\u00edas Correia\" \/>\n<meta name=\"twitter:card\" content=\"summary_large_image\" \/>\n<meta name=\"twitter:label1\" content=\"Escrito por\" \/>\n\t<meta name=\"twitter:data1\" content=\"Iza\u00edas Correia\" \/>\n\t<meta name=\"twitter:label2\" content=\"Est. tempo de leitura\" \/>\n\t<meta name=\"twitter:data2\" content=\"1 minuto\" \/>\n<script type=\"application\/ld+json\" class=\"yoast-schema-graph\">{\"@context\":\"https:\/\/schema.org\",\"@graph\":[{\"@type\":\"Article\",\"@id\":\"https:\/\/dublagembrasileira.com.br\/?p=8383#article\",\"isPartOf\":{\"@id\":\"https:\/\/dublagembrasileira.com.br\/?p=8383\"},\"author\":{\"name\":\"Iza\u00edas Correia\",\"@id\":\"https:\/\/dublagembrasileira.com.br\/#\/schema\/person\/6298fd46a47d1ef447a90b2fc9f2b215\"},\"headline\":\"Erro de edi\u00e7\u00e3o em epis\u00f3dio de The Flash (2014) exp\u00f4s coment\u00e1rio de dublador.\",\"datePublished\":\"2021-12-29T16:02:40+00:00\",\"dateModified\":\"2022-01-17T16:11:35+00:00\",\"mainEntityOfPage\":{\"@id\":\"https:\/\/dublagembrasileira.com.br\/?p=8383\"},\"wordCount\":167,\"commentCount\":0,\"publisher\":{\"@id\":\"https:\/\/dublagembrasileira.com.br\/#organization\"},\"image\":{\"@id\":\"https:\/\/dublagembrasileira.com.br\/?p=8383#primaryimage\"},\"thumbnailUrl\":\"https:\/\/dublagembrasileira.com.br\/wp-content\/uploads\/2022\/01\/flash.jpg\",\"articleSection\":[\"Not\u00edcias\",\"Streaming\",\"Televis\u00e3o\"],\"inLanguage\":\"pt-BR\",\"potentialAction\":[{\"@type\":\"CommentAction\",\"name\":\"Comment\",\"target\":[\"https:\/\/dublagembrasileira.com.br\/?p=8383#respond\"]}]},{\"@type\":\"WebPage\",\"@id\":\"https:\/\/dublagembrasileira.com.br\/?p=8383\",\"url\":\"https:\/\/dublagembrasileira.com.br\/?p=8383\",\"name\":\"Erro de edi\u00e7\u00e3o em epis\u00f3dio de The Flash (2014) exp\u00f4s coment\u00e1rio de dublador. | DB - Dublagem Brasileira\",\"isPartOf\":{\"@id\":\"https:\/\/dublagembrasileira.com.br\/#website\"},\"primaryImageOfPage\":{\"@id\":\"https:\/\/dublagembrasileira.com.br\/?p=8383#primaryimage\"},\"image\":{\"@id\":\"https:\/\/dublagembrasileira.com.br\/?p=8383#primaryimage\"},\"thumbnailUrl\":\"https:\/\/dublagembrasileira.com.br\/wp-content\/uploads\/2022\/01\/flash.jpg\",\"datePublished\":\"2021-12-29T16:02:40+00:00\",\"dateModified\":\"2022-01-17T16:11:35+00:00\",\"breadcrumb\":{\"@id\":\"https:\/\/dublagembrasileira.com.br\/?p=8383#breadcrumb\"},\"inLanguage\":\"pt-BR\",\"potentialAction\":[{\"@type\":\"ReadAction\",\"target\":[\"https:\/\/dublagembrasileira.com.br\/?p=8383\"]}]},{\"@type\":\"ImageObject\",\"inLanguage\":\"pt-BR\",\"@id\":\"https:\/\/dublagembrasileira.com.br\/?p=8383#primaryimage\",\"url\":\"https:\/\/dublagembrasileira.com.br\/wp-content\/uploads\/2022\/01\/flash.jpg\",\"contentUrl\":\"https:\/\/dublagembrasileira.com.br\/wp-content\/uploads\/2022\/01\/flash.jpg\",\"width\":704,\"height\":496},{\"@type\":\"BreadcrumbList\",\"@id\":\"https:\/\/dublagembrasileira.com.br\/?p=8383#breadcrumb\",\"itemListElement\":[{\"@type\":\"ListItem\",\"position\":1,\"name\":\"In\u00edcio\",\"item\":\"https:\/\/dublagembrasileira.com.br\/\"},{\"@type\":\"ListItem\",\"position\":2,\"name\":\"Erro de edi\u00e7\u00e3o em epis\u00f3dio de The Flash (2014) exp\u00f4s coment\u00e1rio de dublador.\"}]},{\"@type\":\"WebSite\",\"@id\":\"https:\/\/dublagembrasileira.com.br\/#website\",\"url\":\"https:\/\/dublagembrasileira.com.br\/\",\"name\":\"DB - Dublagem Brasileira\",\"description\":\"O seu portal de dublagem.\",\"publisher\":{\"@id\":\"https:\/\/dublagembrasileira.com.br\/#organization\"},\"potentialAction\":[{\"@type\":\"SearchAction\",\"target\":{\"@type\":\"EntryPoint\",\"urlTemplate\":\"https:\/\/dublagembrasileira.com.br\/?s={search_term_string}\"},\"query-input\":{\"@type\":\"PropertyValueSpecification\",\"valueRequired\":true,\"valueName\":\"search_term_string\"}}],\"inLanguage\":\"pt-BR\"},{\"@type\":\"Organization\",\"@id\":\"https:\/\/dublagembrasileira.com.br\/#organization\",\"name\":\"DB - Dublagem Brasileira\",\"url\":\"https:\/\/dublagembrasileira.com.br\/\",\"logo\":{\"@type\":\"ImageObject\",\"inLanguage\":\"pt-BR\",\"@id\":\"https:\/\/dublagembrasileira.com.br\/#\/schema\/logo\/image\/\",\"url\":\"https:\/\/dublagembrasileira.com.br\/wp-content\/uploads\/2019\/07\/cropped-logotipodb.png\",\"contentUrl\":\"https:\/\/dublagembrasileira.com.br\/wp-content\/uploads\/2019\/07\/cropped-logotipodb.png\",\"width\":946,\"height\":589,\"caption\":\"DB - Dublagem Brasileira\"},\"image\":{\"@id\":\"https:\/\/dublagembrasileira.com.br\/#\/schema\/logo\/image\/\"}},{\"@type\":\"Person\",\"@id\":\"https:\/\/dublagembrasileira.com.br\/#\/schema\/person\/6298fd46a47d1ef447a90b2fc9f2b215\",\"name\":\"Iza\u00edas Correia\",\"image\":{\"@type\":\"ImageObject\",\"inLanguage\":\"pt-BR\",\"@id\":\"https:\/\/dublagembrasileira.com.br\/#\/schema\/person\/image\/\",\"url\":\"http:\/\/dublagembrasileira.com.br\/wp-content\/uploads\/2025\/06\/cropped-izaiascorreia-96x96.jpg\",\"contentUrl\":\"http:\/\/dublagembrasileira.com.br\/wp-content\/uploads\/2025\/06\/cropped-izaiascorreia-96x96.jpg\",\"caption\":\"Iza\u00edas Correia\"},\"description\":\"Professor, roteirista e web-designer, respons\u00e1vel pelo site InfanTv. Tamb\u00e9m \u00e9 pesquisador da dublagem brasileira.\",\"url\":\"https:\/\/dublagembrasileira.com.br\/?author=1\"}]}<\/script>\n<!-- \/ Yoast SEO plugin. -->","yoast_head_json":{"title":"Erro de edi\u00e7\u00e3o em epis\u00f3dio de The Flash (2014) exp\u00f4s coment\u00e1rio de dublador. | DB - Dublagem Brasileira","robots":{"index":"index","follow":"follow","max-snippet":"max-snippet:-1","max-image-preview":"max-image-preview:large","max-video-preview":"max-video-preview:-1"},"canonical":"https:\/\/dublagembrasileira.com.br\/?p=8383","og_locale":"pt_BR","og_type":"article","og_title":"Erro de edi\u00e7\u00e3o em epis\u00f3dio de The Flash (2014) exp\u00f4s coment\u00e1rio de dublador. | DB - Dublagem Brasileira","og_description":"A vers\u00e3o dublada da oitava temporada da s\u00e9rie \u00e9 exibida no Brasil pela Warner Channel. Ap\u00f3s 30 minutos do primeiro epis\u00f3dio da oitava temporada de The Flash, o her\u00f3i interpretado por Grant Gustin (Glee) diz ao vil\u00e3o Despero (Tony Curran): \u201cSeja l\u00e1 quem voc\u00ea seja, se procurava por uma luta, voc\u00ea encontrou.\u201d Em seguida, uma voz que aparenta sair da cabine de dublagem comenta sobre a fala de Flash: \u201cOlha que di\u00e1logo merda. T\u00e1, mas e esse erro de dublagem na s\u00e9rie The Flash? &#x1f602;#TheFlash pic.twitter.com\/BwkgCapeYe \u2014 eplay geek (@eplaygeek) December 29, 2021 O erro repercutiu no Twitter, e o p\u00fablico aproveitou a oportunidade para ressaltar a cr\u00edtica ao roteiro da s\u00e9rie. Apesar do coment\u00e1rio, a Warner Channel n\u00e3o se pronunciou sobre o ocorrido. Acredita-se que o \u00e1udio ser\u00e1 corrigido antes do canal exibir o epis\u00f3dio novamente.","og_url":"https:\/\/dublagembrasileira.com.br\/?p=8383","og_site_name":"DB - Dublagem Brasileira","article_published_time":"2021-12-29T16:02:40+00:00","article_modified_time":"2022-01-17T16:11:35+00:00","og_image":[{"width":704,"height":496,"url":"https:\/\/dublagembrasileira.com.br\/wp-content\/uploads\/2022\/01\/flash.jpg","type":"image\/jpeg"}],"author":"Iza\u00edas Correia","twitter_card":"summary_large_image","twitter_misc":{"Escrito por":"Iza\u00edas Correia","Est. tempo de leitura":"1 minuto"},"schema":{"@context":"https:\/\/schema.org","@graph":[{"@type":"Article","@id":"https:\/\/dublagembrasileira.com.br\/?p=8383#article","isPartOf":{"@id":"https:\/\/dublagembrasileira.com.br\/?p=8383"},"author":{"name":"Iza\u00edas Correia","@id":"https:\/\/dublagembrasileira.com.br\/#\/schema\/person\/6298fd46a47d1ef447a90b2fc9f2b215"},"headline":"Erro de edi\u00e7\u00e3o em epis\u00f3dio de The Flash (2014) exp\u00f4s coment\u00e1rio de dublador.","datePublished":"2021-12-29T16:02:40+00:00","dateModified":"2022-01-17T16:11:35+00:00","mainEntityOfPage":{"@id":"https:\/\/dublagembrasileira.com.br\/?p=8383"},"wordCount":167,"commentCount":0,"publisher":{"@id":"https:\/\/dublagembrasileira.com.br\/#organization"},"image":{"@id":"https:\/\/dublagembrasileira.com.br\/?p=8383#primaryimage"},"thumbnailUrl":"https:\/\/dublagembrasileira.com.br\/wp-content\/uploads\/2022\/01\/flash.jpg","articleSection":["Not\u00edcias","Streaming","Televis\u00e3o"],"inLanguage":"pt-BR","potentialAction":[{"@type":"CommentAction","name":"Comment","target":["https:\/\/dublagembrasileira.com.br\/?p=8383#respond"]}]},{"@type":"WebPage","@id":"https:\/\/dublagembrasileira.com.br\/?p=8383","url":"https:\/\/dublagembrasileira.com.br\/?p=8383","name":"Erro de edi\u00e7\u00e3o em epis\u00f3dio de The Flash (2014) exp\u00f4s coment\u00e1rio de dublador. | DB - Dublagem Brasileira","isPartOf":{"@id":"https:\/\/dublagembrasileira.com.br\/#website"},"primaryImageOfPage":{"@id":"https:\/\/dublagembrasileira.com.br\/?p=8383#primaryimage"},"image":{"@id":"https:\/\/dublagembrasileira.com.br\/?p=8383#primaryimage"},"thumbnailUrl":"https:\/\/dublagembrasileira.com.br\/wp-content\/uploads\/2022\/01\/flash.jpg","datePublished":"2021-12-29T16:02:40+00:00","dateModified":"2022-01-17T16:11:35+00:00","breadcrumb":{"@id":"https:\/\/dublagembrasileira.com.br\/?p=8383#breadcrumb"},"inLanguage":"pt-BR","potentialAction":[{"@type":"ReadAction","target":["https:\/\/dublagembrasileira.com.br\/?p=8383"]}]},{"@type":"ImageObject","inLanguage":"pt-BR","@id":"https:\/\/dublagembrasileira.com.br\/?p=8383#primaryimage","url":"https:\/\/dublagembrasileira.com.br\/wp-content\/uploads\/2022\/01\/flash.jpg","contentUrl":"https:\/\/dublagembrasileira.com.br\/wp-content\/uploads\/2022\/01\/flash.jpg","width":704,"height":496},{"@type":"BreadcrumbList","@id":"https:\/\/dublagembrasileira.com.br\/?p=8383#breadcrumb","itemListElement":[{"@type":"ListItem","position":1,"name":"In\u00edcio","item":"https:\/\/dublagembrasileira.com.br\/"},{"@type":"ListItem","position":2,"name":"Erro de edi\u00e7\u00e3o em epis\u00f3dio de The Flash (2014) exp\u00f4s coment\u00e1rio de dublador."}]},{"@type":"WebSite","@id":"https:\/\/dublagembrasileira.com.br\/#website","url":"https:\/\/dublagembrasileira.com.br\/","name":"DB - Dublagem Brasileira","description":"O seu portal de dublagem.","publisher":{"@id":"https:\/\/dublagembrasileira.com.br\/#organization"},"potentialAction":[{"@type":"SearchAction","target":{"@type":"EntryPoint","urlTemplate":"https:\/\/dublagembrasileira.com.br\/?s={search_term_string}"},"query-input":{"@type":"PropertyValueSpecification","valueRequired":true,"valueName":"search_term_string"}}],"inLanguage":"pt-BR"},{"@type":"Organization","@id":"https:\/\/dublagembrasileira.com.br\/#organization","name":"DB - Dublagem Brasileira","url":"https:\/\/dublagembrasileira.com.br\/","logo":{"@type":"ImageObject","inLanguage":"pt-BR","@id":"https:\/\/dublagembrasileira.com.br\/#\/schema\/logo\/image\/","url":"https:\/\/dublagembrasileira.com.br\/wp-content\/uploads\/2019\/07\/cropped-logotipodb.png","contentUrl":"https:\/\/dublagembrasileira.com.br\/wp-content\/uploads\/2019\/07\/cropped-logotipodb.png","width":946,"height":589,"caption":"DB - Dublagem Brasileira"},"image":{"@id":"https:\/\/dublagembrasileira.com.br\/#\/schema\/logo\/image\/"}},{"@type":"Person","@id":"https:\/\/dublagembrasileira.com.br\/#\/schema\/person\/6298fd46a47d1ef447a90b2fc9f2b215","name":"Iza\u00edas Correia","image":{"@type":"ImageObject","inLanguage":"pt-BR","@id":"https:\/\/dublagembrasileira.com.br\/#\/schema\/person\/image\/","url":"http:\/\/dublagembrasileira.com.br\/wp-content\/uploads\/2025\/06\/cropped-izaiascorreia-96x96.jpg","contentUrl":"http:\/\/dublagembrasileira.com.br\/wp-content\/uploads\/2025\/06\/cropped-izaiascorreia-96x96.jpg","caption":"Iza\u00edas Correia"},"description":"Professor, roteirista e web-designer, respons\u00e1vel pelo site InfanTv. Tamb\u00e9m \u00e9 pesquisador da dublagem brasileira.","url":"https:\/\/dublagembrasileira.com.br\/?author=1"}]}},"rttpg_featured_image_url":{"full":["https:\/\/dublagembrasileira.com.br\/wp-content\/uploads\/2022\/01\/flash.jpg",704,496,false],"landscape":["https:\/\/dublagembrasileira.com.br\/wp-content\/uploads\/2022\/01\/flash.jpg",704,496,false],"portraits":["https:\/\/dublagembrasileira.com.br\/wp-content\/uploads\/2022\/01\/flash.jpg",704,496,false],"thumbnail":["https:\/\/dublagembrasileira.com.br\/wp-content\/uploads\/2022\/01\/flash-150x150.jpg",150,150,true],"medium":["https:\/\/dublagembrasileira.com.br\/wp-content\/uploads\/2022\/01\/flash-300x211.jpg",300,211,true],"large":["https:\/\/dublagembrasileira.com.br\/wp-content\/uploads\/2022\/01\/flash.jpg",640,451,false],"1536x1536":["https:\/\/dublagembrasileira.com.br\/wp-content\/uploads\/2022\/01\/flash.jpg",704,496,false],"2048x2048":["https:\/\/dublagembrasileira.com.br\/wp-content\/uploads\/2022\/01\/flash.jpg",704,496,false],"eggnews-slider-large":["https:\/\/dublagembrasileira.com.br\/wp-content\/uploads\/2022\/01\/flash.jpg",704,496,false],"eggnews-featured-medium":["https:\/\/dublagembrasileira.com.br\/wp-content\/uploads\/2022\/01\/flash-420x307.jpg",420,307,true],"eggnews-featured-long":["https:\/\/dublagembrasileira.com.br\/wp-content\/uploads\/2022\/01\/flash-300x443.jpg",300,443,true],"eggnews-block-medium":["https:\/\/dublagembrasileira.com.br\/wp-content\/uploads\/2022\/01\/flash-464x290.jpg",464,290,true],"eggnews-carousel-image":["https:\/\/dublagembrasileira.com.br\/wp-content\/uploads\/2022\/01\/flash-600x496.jpg",600,496,true],"eggnews-block-thumb":["https:\/\/dublagembrasileira.com.br\/wp-content\/uploads\/2022\/01\/flash-322x230.jpg",322,230,true],"eggnews-single-large":["https:\/\/dublagembrasileira.com.br\/wp-content\/uploads\/2022\/01\/flash.jpg",704,496,false],"crp_thumbnail":["https:\/\/dublagembrasileira.com.br\/wp-content\/uploads\/2022\/01\/flash-150x150.jpg",150,150,true]},"rttpg_author":{"display_name":"Iza\u00edas Correia","author_link":"https:\/\/dublagembrasileira.com.br\/?author=1"},"rttpg_comment":0,"rttpg_category":"<a href=\"https:\/\/dublagembrasileira.com.br\/?cat=13\" rel=\"category\">Not\u00edcias<\/a> <a href=\"https:\/\/dublagembrasileira.com.br\/?cat=158\" rel=\"category\">Streaming<\/a> <a href=\"https:\/\/dublagembrasileira.com.br\/?cat=8\" rel=\"category\">Televis\u00e3o<\/a>","rttpg_excerpt":"A vers\u00e3o dublada da oitava temporada da s\u00e9rie \u00e9 exibida no Brasil pela Warner Channel. Ap\u00f3s 30 minutos do primeiro epis\u00f3dio da oitava temporada de The Flash, o her\u00f3i interpretado por Grant Gustin (Glee) diz ao vil\u00e3o Despero (Tony Curran): \u201cSeja l\u00e1 quem voc\u00ea seja, se procurava por uma luta, voc\u00ea encontrou.\u201d Em seguida, uma&hellip;","_links":{"self":[{"href":"https:\/\/dublagembrasileira.com.br\/index.php?rest_route=\/wp\/v2\/posts\/8383","targetHints":{"allow":["GET"]}}],"collection":[{"href":"https:\/\/dublagembrasileira.com.br\/index.php?rest_route=\/wp\/v2\/posts"}],"about":[{"href":"https:\/\/dublagembrasileira.com.br\/index.php?rest_route=\/wp\/v2\/types\/post"}],"author":[{"embeddable":true,"href":"https:\/\/dublagembrasileira.com.br\/index.php?rest_route=\/wp\/v2\/users\/1"}],"replies":[{"embeddable":true,"href":"https:\/\/dublagembrasileira.com.br\/index.php?rest_route=%2Fwp%2Fv2%2Fcomments&post=8383"}],"version-history":[{"count":5,"href":"https:\/\/dublagembrasileira.com.br\/index.php?rest_route=\/wp\/v2\/posts\/8383\/revisions"}],"predecessor-version":[{"id":8389,"href":"https:\/\/dublagembrasileira.com.br\/index.php?rest_route=\/wp\/v2\/posts\/8383\/revisions\/8389"}],"wp:featuredmedia":[{"embeddable":true,"href":"https:\/\/dublagembrasileira.com.br\/index.php?rest_route=\/wp\/v2\/media\/8384"}],"wp:attachment":[{"href":"https:\/\/dublagembrasileira.com.br\/index.php?rest_route=%2Fwp%2Fv2%2Fmedia&parent=8383"}],"wp:term":[{"taxonomy":"category","embeddable":true,"href":"https:\/\/dublagembrasileira.com.br\/index.php?rest_route=%2Fwp%2Fv2%2Fcategories&post=8383"},{"taxonomy":"post_tag","embeddable":true,"href":"https:\/\/dublagembrasileira.com.br\/index.php?rest_route=%2Fwp%2Fv2%2Ftags&post=8383"}],"curies":[{"name":"wp","href":"https:\/\/api.w.org\/{rel}","templated":true}]}}