{"id":8372,"date":"2022-01-15T15:32:29","date_gmt":"2022-01-15T15:32:29","guid":{"rendered":"https:\/\/dublagembrasileira.com.br\/?p=8372"},"modified":"2022-01-17T15:40:33","modified_gmt":"2022-01-17T15:40:33","slug":"marco-ribeiro-estara-no-power-kon-recife-no-proximo-domingo","status":"publish","type":"post","link":"https:\/\/dublagembrasileira.com.br\/?p=8372","title":{"rendered":"Marco Ribeiro estar\u00e1 no Power-Kon Recife no pr\u00f3ximo domingo."},"content":{"rendered":"<div class=\"elementor-element elementor-element-2f702e88 elementor-widget elementor-widget-text-editor\" data-id=\"2f702e88\" data-element_type=\"widget\" data-widget_type=\"text-editor.default\">\n<div class=\"elementor-widget-container\">\n<div class=\"elementor-text-editor elementor-clearfix\">\n<h4><i>Voz do Homem de Ferro ir\u00e1 debater sobre o processo de dublagem no pr\u00f3ximo domingo.<\/i><\/h4>\n<hr \/>\n<\/div>\n<\/div>\n<\/div>\n<p style=\"text-align: justify;\">Marco Ribeiro ser\u00e1 uma das atra\u00e7\u00f5es\u00a0 da <strong>Power-Kon Recife<\/strong>, que acontece no Paulista North Way Shopping no pr\u00f3ximo domingo. O evento geek re\u00fane amantes da cultura pop, apresenta\u00e7\u00e3o de cosplay, estandes com mang\u00e1s, bonecos, produtos desse nicho e mais.<\/p>\n<p style=\"text-align: justify;\">Marco Ribeiro, com 36 anos de carreira, \u00e9 conhecido por emprestar sua voz aos atores Jim Carrey, Robert Downey Jr., Tom Hanks e Charlie Sheen. Ele \u00e9 tamb\u00e9m fez personagens como Flik em <strong>Vida de Inseto,<\/strong>\u00a0Raphael em\u00a0<strong>Tartarugas Ninja<\/strong>\u00a0e o Xerife Woody em sua franquia\u00a0<strong>Toy Story<\/strong>. O dublador ir\u00e1 debater um pouco sobre o processo de dublagem e se apresentar\u00e1 \u00e0s 17h.<\/p>\n<p style=\"text-align: justify;\">A edi\u00e7\u00e3o desse ano tamb\u00e9m tem objetivo de ajudar os estandistas que foram afetados pela pandemia e tamb\u00e9m ter\u00e1 ponto de arrecada\u00e7\u00e3o de alimentos n\u00e3o perec\u00edveis, que ser\u00e3o doados para institui\u00e7\u00f5es carentes.<\/p>\n<p>&nbsp;<\/p>\n","protected":false},"excerpt":{"rendered":"<p>Voz do Homem de Ferro ir\u00e1 debater sobre o processo de dublagem no pr\u00f3ximo domingo. Marco Ribeiro ser\u00e1 uma das atra\u00e7\u00f5es\u00a0 da Power-Kon Recife, que acontece no Paulista North Way Shopping no pr\u00f3ximo domingo. O evento geek re\u00fane amantes da cultura pop, apresenta\u00e7\u00e3o de cosplay, estandes com mang\u00e1s, bonecos, produtos desse nicho e mais. Marco Ribeiro, com 36 anos de carreira, \u00e9 conhecido por emprestar sua voz aos atores Jim Carrey, Robert Downey Jr., Tom Hanks e Charlie Sheen. Ele \u00e9 tamb\u00e9m fez personagens como Flik em Vida de Inseto,\u00a0Raphael em\u00a0Tartarugas Ninja\u00a0e o Xerife Woody em sua franquia\u00a0Toy Story. O dublador ir\u00e1 debater um pouco sobre o processo de dublagem e se apresentar\u00e1 \u00e0s 17h. A edi\u00e7\u00e3o desse ano tamb\u00e9m tem objetivo de ajudar os estandistas que foram afetados pela pandemia e tamb\u00e9m ter\u00e1 ponto de arrecada\u00e7\u00e3o de alimentos n\u00e3o perec\u00edveis, que ser\u00e3o doados para institui\u00e7\u00f5es carentes. &nbsp;<\/p>\n","protected":false},"author":1,"featured_media":2357,"comment_status":"open","ping_status":"open","sticky":false,"template":"","format":"standard","meta":{"_monsterinsights_skip_tracking":false,"_monsterinsights_sitenote_active":false,"_monsterinsights_sitenote_note":"","_monsterinsights_sitenote_category":0,"footnotes":""},"categories":[21,13,22],"tags":[],"class_list":["post-8372","post","type-post","status-publish","format-standard","has-post-thumbnail","hentry","category-acontece","category-noticias","category-vida-real"],"yoast_head":"<!-- This site is optimized with the Yoast SEO plugin v26.1.1 - https:\/\/yoast.com\/wordpress\/plugins\/seo\/ -->\n<title>Marco Ribeiro estar\u00e1 no Power-Kon Recife no pr\u00f3ximo domingo. | DB - Dublagem Brasileira<\/title>\n<meta name=\"description\" content=\"Voz do Homem de Ferro ir\u00e1 debater sobre o processo de dublagem no pr\u00f3ximo domingo.\" \/>\n<meta name=\"robots\" content=\"index, follow, max-snippet:-1, max-image-preview:large, max-video-preview:-1\" \/>\n<link rel=\"canonical\" href=\"https:\/\/dublagembrasileira.com.br\/?p=8372\" \/>\n<meta property=\"og:locale\" content=\"pt_BR\" \/>\n<meta property=\"og:type\" content=\"article\" \/>\n<meta property=\"og:title\" content=\"Marco Ribeiro estar\u00e1 no Power-Kon Recife no pr\u00f3ximo domingo. | DB - Dublagem Brasileira\" \/>\n<meta property=\"og:description\" content=\"Voz do Homem de Ferro ir\u00e1 debater sobre o processo de dublagem no pr\u00f3ximo domingo.\" \/>\n<meta property=\"og:url\" content=\"https:\/\/dublagembrasileira.com.br\/?p=8372\" \/>\n<meta property=\"og:site_name\" content=\"DB - Dublagem Brasileira\" \/>\n<meta property=\"article:published_time\" content=\"2022-01-15T15:32:29+00:00\" \/>\n<meta property=\"article:modified_time\" content=\"2022-01-17T15:40:33+00:00\" \/>\n<meta property=\"og:image\" content=\"https:\/\/dublagembrasileira.com.br\/wp-content\/uploads\/2019\/08\/marco_ribeiro.jpg\" \/>\n\t<meta property=\"og:image:width\" content=\"704\" \/>\n\t<meta property=\"og:image:height\" content=\"496\" \/>\n\t<meta property=\"og:image:type\" content=\"image\/jpeg\" \/>\n<meta name=\"author\" content=\"Iza\u00edas Correia\" \/>\n<meta name=\"twitter:card\" content=\"summary_large_image\" \/>\n<meta name=\"twitter:label1\" content=\"Escrito por\" \/>\n\t<meta name=\"twitter:data1\" content=\"Iza\u00edas Correia\" \/>\n\t<meta name=\"twitter:label2\" content=\"Est. tempo de leitura\" \/>\n\t<meta name=\"twitter:data2\" content=\"1 minuto\" \/>\n<script type=\"application\/ld+json\" class=\"yoast-schema-graph\">{\"@context\":\"https:\/\/schema.org\",\"@graph\":[{\"@type\":\"Article\",\"@id\":\"https:\/\/dublagembrasileira.com.br\/?p=8372#article\",\"isPartOf\":{\"@id\":\"https:\/\/dublagembrasileira.com.br\/?p=8372\"},\"author\":{\"name\":\"Iza\u00edas Correia\",\"@id\":\"https:\/\/dublagembrasileira.com.br\/#\/schema\/person\/6298fd46a47d1ef447a90b2fc9f2b215\"},\"headline\":\"Marco Ribeiro estar\u00e1 no Power-Kon Recife no pr\u00f3ximo domingo.\",\"datePublished\":\"2022-01-15T15:32:29+00:00\",\"dateModified\":\"2022-01-17T15:40:33+00:00\",\"mainEntityOfPage\":{\"@id\":\"https:\/\/dublagembrasileira.com.br\/?p=8372\"},\"wordCount\":174,\"commentCount\":0,\"publisher\":{\"@id\":\"https:\/\/dublagembrasileira.com.br\/#organization\"},\"image\":{\"@id\":\"https:\/\/dublagembrasileira.com.br\/?p=8372#primaryimage\"},\"thumbnailUrl\":\"https:\/\/dublagembrasileira.com.br\/wp-content\/uploads\/2019\/08\/marco_ribeiro.jpg\",\"articleSection\":[\"Acontece\",\"Not\u00edcias\",\"Vida Real\"],\"inLanguage\":\"pt-BR\",\"potentialAction\":[{\"@type\":\"CommentAction\",\"name\":\"Comment\",\"target\":[\"https:\/\/dublagembrasileira.com.br\/?p=8372#respond\"]}]},{\"@type\":\"WebPage\",\"@id\":\"https:\/\/dublagembrasileira.com.br\/?p=8372\",\"url\":\"https:\/\/dublagembrasileira.com.br\/?p=8372\",\"name\":\"Marco Ribeiro estar\u00e1 no Power-Kon Recife no pr\u00f3ximo domingo. | DB - Dublagem Brasileira\",\"isPartOf\":{\"@id\":\"https:\/\/dublagembrasileira.com.br\/#website\"},\"primaryImageOfPage\":{\"@id\":\"https:\/\/dublagembrasileira.com.br\/?p=8372#primaryimage\"},\"image\":{\"@id\":\"https:\/\/dublagembrasileira.com.br\/?p=8372#primaryimage\"},\"thumbnailUrl\":\"https:\/\/dublagembrasileira.com.br\/wp-content\/uploads\/2019\/08\/marco_ribeiro.jpg\",\"datePublished\":\"2022-01-15T15:32:29+00:00\",\"dateModified\":\"2022-01-17T15:40:33+00:00\",\"description\":\"Voz do Homem de Ferro ir\u00e1 debater sobre o processo de dublagem no pr\u00f3ximo domingo.\",\"breadcrumb\":{\"@id\":\"https:\/\/dublagembrasileira.com.br\/?p=8372#breadcrumb\"},\"inLanguage\":\"pt-BR\",\"potentialAction\":[{\"@type\":\"ReadAction\",\"target\":[\"https:\/\/dublagembrasileira.com.br\/?p=8372\"]}]},{\"@type\":\"ImageObject\",\"inLanguage\":\"pt-BR\",\"@id\":\"https:\/\/dublagembrasileira.com.br\/?p=8372#primaryimage\",\"url\":\"https:\/\/dublagembrasileira.com.br\/wp-content\/uploads\/2019\/08\/marco_ribeiro.jpg\",\"contentUrl\":\"https:\/\/dublagembrasileira.com.br\/wp-content\/uploads\/2019\/08\/marco_ribeiro.jpg\",\"width\":704,\"height\":496},{\"@type\":\"BreadcrumbList\",\"@id\":\"https:\/\/dublagembrasileira.com.br\/?p=8372#breadcrumb\",\"itemListElement\":[{\"@type\":\"ListItem\",\"position\":1,\"name\":\"In\u00edcio\",\"item\":\"https:\/\/dublagembrasileira.com.br\/\"},{\"@type\":\"ListItem\",\"position\":2,\"name\":\"Marco Ribeiro estar\u00e1 no Power-Kon Recife no pr\u00f3ximo domingo.\"}]},{\"@type\":\"WebSite\",\"@id\":\"https:\/\/dublagembrasileira.com.br\/#website\",\"url\":\"https:\/\/dublagembrasileira.com.br\/\",\"name\":\"DB - Dublagem Brasileira\",\"description\":\"O seu portal de dublagem.\",\"publisher\":{\"@id\":\"https:\/\/dublagembrasileira.com.br\/#organization\"},\"potentialAction\":[{\"@type\":\"SearchAction\",\"target\":{\"@type\":\"EntryPoint\",\"urlTemplate\":\"https:\/\/dublagembrasileira.com.br\/?s={search_term_string}\"},\"query-input\":{\"@type\":\"PropertyValueSpecification\",\"valueRequired\":true,\"valueName\":\"search_term_string\"}}],\"inLanguage\":\"pt-BR\"},{\"@type\":\"Organization\",\"@id\":\"https:\/\/dublagembrasileira.com.br\/#organization\",\"name\":\"DB - Dublagem Brasileira\",\"url\":\"https:\/\/dublagembrasileira.com.br\/\",\"logo\":{\"@type\":\"ImageObject\",\"inLanguage\":\"pt-BR\",\"@id\":\"https:\/\/dublagembrasileira.com.br\/#\/schema\/logo\/image\/\",\"url\":\"https:\/\/dublagembrasileira.com.br\/wp-content\/uploads\/2019\/07\/cropped-logotipodb.png\",\"contentUrl\":\"https:\/\/dublagembrasileira.com.br\/wp-content\/uploads\/2019\/07\/cropped-logotipodb.png\",\"width\":946,\"height\":589,\"caption\":\"DB - Dublagem Brasileira\"},\"image\":{\"@id\":\"https:\/\/dublagembrasileira.com.br\/#\/schema\/logo\/image\/\"}},{\"@type\":\"Person\",\"@id\":\"https:\/\/dublagembrasileira.com.br\/#\/schema\/person\/6298fd46a47d1ef447a90b2fc9f2b215\",\"name\":\"Iza\u00edas Correia\",\"image\":{\"@type\":\"ImageObject\",\"inLanguage\":\"pt-BR\",\"@id\":\"https:\/\/dublagembrasileira.com.br\/#\/schema\/person\/image\/\",\"url\":\"http:\/\/dublagembrasileira.com.br\/wp-content\/uploads\/2025\/06\/cropped-izaiascorreia-96x96.jpg\",\"contentUrl\":\"http:\/\/dublagembrasileira.com.br\/wp-content\/uploads\/2025\/06\/cropped-izaiascorreia-96x96.jpg\",\"caption\":\"Iza\u00edas Correia\"},\"description\":\"Professor, roteirista e web-designer, respons\u00e1vel pelo site InfanTv. Tamb\u00e9m \u00e9 pesquisador da dublagem brasileira.\",\"url\":\"https:\/\/dublagembrasileira.com.br\/?author=1\"}]}<\/script>\n<!-- \/ Yoast SEO plugin. -->","yoast_head_json":{"title":"Marco Ribeiro estar\u00e1 no Power-Kon Recife no pr\u00f3ximo domingo. | DB - Dublagem Brasileira","description":"Voz do Homem de Ferro ir\u00e1 debater sobre o processo de dublagem no pr\u00f3ximo domingo.","robots":{"index":"index","follow":"follow","max-snippet":"max-snippet:-1","max-image-preview":"max-image-preview:large","max-video-preview":"max-video-preview:-1"},"canonical":"https:\/\/dublagembrasileira.com.br\/?p=8372","og_locale":"pt_BR","og_type":"article","og_title":"Marco Ribeiro estar\u00e1 no Power-Kon Recife no pr\u00f3ximo domingo. | DB - Dublagem Brasileira","og_description":"Voz do Homem de Ferro ir\u00e1 debater sobre o processo de dublagem no pr\u00f3ximo domingo.","og_url":"https:\/\/dublagembrasileira.com.br\/?p=8372","og_site_name":"DB - Dublagem Brasileira","article_published_time":"2022-01-15T15:32:29+00:00","article_modified_time":"2022-01-17T15:40:33+00:00","og_image":[{"width":704,"height":496,"url":"https:\/\/dublagembrasileira.com.br\/wp-content\/uploads\/2019\/08\/marco_ribeiro.jpg","type":"image\/jpeg"}],"author":"Iza\u00edas Correia","twitter_card":"summary_large_image","twitter_misc":{"Escrito por":"Iza\u00edas Correia","Est. tempo de leitura":"1 minuto"},"schema":{"@context":"https:\/\/schema.org","@graph":[{"@type":"Article","@id":"https:\/\/dublagembrasileira.com.br\/?p=8372#article","isPartOf":{"@id":"https:\/\/dublagembrasileira.com.br\/?p=8372"},"author":{"name":"Iza\u00edas Correia","@id":"https:\/\/dublagembrasileira.com.br\/#\/schema\/person\/6298fd46a47d1ef447a90b2fc9f2b215"},"headline":"Marco Ribeiro estar\u00e1 no Power-Kon Recife no pr\u00f3ximo domingo.","datePublished":"2022-01-15T15:32:29+00:00","dateModified":"2022-01-17T15:40:33+00:00","mainEntityOfPage":{"@id":"https:\/\/dublagembrasileira.com.br\/?p=8372"},"wordCount":174,"commentCount":0,"publisher":{"@id":"https:\/\/dublagembrasileira.com.br\/#organization"},"image":{"@id":"https:\/\/dublagembrasileira.com.br\/?p=8372#primaryimage"},"thumbnailUrl":"https:\/\/dublagembrasileira.com.br\/wp-content\/uploads\/2019\/08\/marco_ribeiro.jpg","articleSection":["Acontece","Not\u00edcias","Vida Real"],"inLanguage":"pt-BR","potentialAction":[{"@type":"CommentAction","name":"Comment","target":["https:\/\/dublagembrasileira.com.br\/?p=8372#respond"]}]},{"@type":"WebPage","@id":"https:\/\/dublagembrasileira.com.br\/?p=8372","url":"https:\/\/dublagembrasileira.com.br\/?p=8372","name":"Marco Ribeiro estar\u00e1 no Power-Kon Recife no pr\u00f3ximo domingo. | DB - Dublagem Brasileira","isPartOf":{"@id":"https:\/\/dublagembrasileira.com.br\/#website"},"primaryImageOfPage":{"@id":"https:\/\/dublagembrasileira.com.br\/?p=8372#primaryimage"},"image":{"@id":"https:\/\/dublagembrasileira.com.br\/?p=8372#primaryimage"},"thumbnailUrl":"https:\/\/dublagembrasileira.com.br\/wp-content\/uploads\/2019\/08\/marco_ribeiro.jpg","datePublished":"2022-01-15T15:32:29+00:00","dateModified":"2022-01-17T15:40:33+00:00","description":"Voz do Homem de Ferro ir\u00e1 debater sobre o processo de dublagem no pr\u00f3ximo domingo.","breadcrumb":{"@id":"https:\/\/dublagembrasileira.com.br\/?p=8372#breadcrumb"},"inLanguage":"pt-BR","potentialAction":[{"@type":"ReadAction","target":["https:\/\/dublagembrasileira.com.br\/?p=8372"]}]},{"@type":"ImageObject","inLanguage":"pt-BR","@id":"https:\/\/dublagembrasileira.com.br\/?p=8372#primaryimage","url":"https:\/\/dublagembrasileira.com.br\/wp-content\/uploads\/2019\/08\/marco_ribeiro.jpg","contentUrl":"https:\/\/dublagembrasileira.com.br\/wp-content\/uploads\/2019\/08\/marco_ribeiro.jpg","width":704,"height":496},{"@type":"BreadcrumbList","@id":"https:\/\/dublagembrasileira.com.br\/?p=8372#breadcrumb","itemListElement":[{"@type":"ListItem","position":1,"name":"In\u00edcio","item":"https:\/\/dublagembrasileira.com.br\/"},{"@type":"ListItem","position":2,"name":"Marco Ribeiro estar\u00e1 no Power-Kon Recife no pr\u00f3ximo domingo."}]},{"@type":"WebSite","@id":"https:\/\/dublagembrasileira.com.br\/#website","url":"https:\/\/dublagembrasileira.com.br\/","name":"DB - Dublagem Brasileira","description":"O seu portal de dublagem.","publisher":{"@id":"https:\/\/dublagembrasileira.com.br\/#organization"},"potentialAction":[{"@type":"SearchAction","target":{"@type":"EntryPoint","urlTemplate":"https:\/\/dublagembrasileira.com.br\/?s={search_term_string}"},"query-input":{"@type":"PropertyValueSpecification","valueRequired":true,"valueName":"search_term_string"}}],"inLanguage":"pt-BR"},{"@type":"Organization","@id":"https:\/\/dublagembrasileira.com.br\/#organization","name":"DB - Dublagem Brasileira","url":"https:\/\/dublagembrasileira.com.br\/","logo":{"@type":"ImageObject","inLanguage":"pt-BR","@id":"https:\/\/dublagembrasileira.com.br\/#\/schema\/logo\/image\/","url":"https:\/\/dublagembrasileira.com.br\/wp-content\/uploads\/2019\/07\/cropped-logotipodb.png","contentUrl":"https:\/\/dublagembrasileira.com.br\/wp-content\/uploads\/2019\/07\/cropped-logotipodb.png","width":946,"height":589,"caption":"DB - Dublagem Brasileira"},"image":{"@id":"https:\/\/dublagembrasileira.com.br\/#\/schema\/logo\/image\/"}},{"@type":"Person","@id":"https:\/\/dublagembrasileira.com.br\/#\/schema\/person\/6298fd46a47d1ef447a90b2fc9f2b215","name":"Iza\u00edas Correia","image":{"@type":"ImageObject","inLanguage":"pt-BR","@id":"https:\/\/dublagembrasileira.com.br\/#\/schema\/person\/image\/","url":"http:\/\/dublagembrasileira.com.br\/wp-content\/uploads\/2025\/06\/cropped-izaiascorreia-96x96.jpg","contentUrl":"http:\/\/dublagembrasileira.com.br\/wp-content\/uploads\/2025\/06\/cropped-izaiascorreia-96x96.jpg","caption":"Iza\u00edas Correia"},"description":"Professor, roteirista e web-designer, respons\u00e1vel pelo site InfanTv. Tamb\u00e9m \u00e9 pesquisador da dublagem brasileira.","url":"https:\/\/dublagembrasileira.com.br\/?author=1"}]}},"rttpg_featured_image_url":{"full":["https:\/\/dublagembrasileira.com.br\/wp-content\/uploads\/2019\/08\/marco_ribeiro.jpg",704,496,false],"landscape":["https:\/\/dublagembrasileira.com.br\/wp-content\/uploads\/2019\/08\/marco_ribeiro.jpg",704,496,false],"portraits":["https:\/\/dublagembrasileira.com.br\/wp-content\/uploads\/2019\/08\/marco_ribeiro.jpg",704,496,false],"thumbnail":["https:\/\/dublagembrasileira.com.br\/wp-content\/uploads\/2019\/08\/marco_ribeiro-150x150.jpg",150,150,true],"medium":["https:\/\/dublagembrasileira.com.br\/wp-content\/uploads\/2019\/08\/marco_ribeiro-300x211.jpg",300,211,true],"large":["https:\/\/dublagembrasileira.com.br\/wp-content\/uploads\/2019\/08\/marco_ribeiro.jpg",640,451,false],"1536x1536":["https:\/\/dublagembrasileira.com.br\/wp-content\/uploads\/2019\/08\/marco_ribeiro.jpg",704,496,false],"2048x2048":["https:\/\/dublagembrasileira.com.br\/wp-content\/uploads\/2019\/08\/marco_ribeiro.jpg",704,496,false],"eggnews-slider-large":["https:\/\/dublagembrasileira.com.br\/wp-content\/uploads\/2019\/08\/marco_ribeiro.jpg",704,496,false],"eggnews-featured-medium":["https:\/\/dublagembrasileira.com.br\/wp-content\/uploads\/2019\/08\/marco_ribeiro-420x307.jpg",420,307,true],"eggnews-featured-long":["https:\/\/dublagembrasileira.com.br\/wp-content\/uploads\/2019\/08\/marco_ribeiro-300x443.jpg",300,443,true],"eggnews-block-medium":["https:\/\/dublagembrasileira.com.br\/wp-content\/uploads\/2019\/08\/marco_ribeiro-464x290.jpg",464,290,true],"eggnews-carousel-image":["https:\/\/dublagembrasileira.com.br\/wp-content\/uploads\/2019\/08\/marco_ribeiro-600x496.jpg",600,496,true],"eggnews-block-thumb":["https:\/\/dublagembrasileira.com.br\/wp-content\/uploads\/2019\/08\/marco_ribeiro-322x230.jpg",322,230,true],"eggnews-single-large":["https:\/\/dublagembrasileira.com.br\/wp-content\/uploads\/2019\/08\/marco_ribeiro.jpg",704,496,false],"crp_thumbnail":["https:\/\/dublagembrasileira.com.br\/wp-content\/uploads\/2019\/08\/marco_ribeiro-150x150.jpg",150,150,true]},"rttpg_author":{"display_name":"Iza\u00edas Correia","author_link":"https:\/\/dublagembrasileira.com.br\/?author=1"},"rttpg_comment":35,"rttpg_category":"<a href=\"https:\/\/dublagembrasileira.com.br\/?cat=21\" rel=\"category\">Acontece<\/a> <a href=\"https:\/\/dublagembrasileira.com.br\/?cat=13\" rel=\"category\">Not\u00edcias<\/a> <a href=\"https:\/\/dublagembrasileira.com.br\/?cat=22\" rel=\"category\">Vida Real<\/a>","rttpg_excerpt":"Voz do Homem de Ferro ir\u00e1 debater sobre o processo de dublagem no pr\u00f3ximo domingo. Marco Ribeiro ser\u00e1 uma das atra\u00e7\u00f5es\u00a0 da Power-Kon Recife, que acontece no Paulista North Way Shopping no pr\u00f3ximo domingo. O evento geek re\u00fane amantes da cultura pop, apresenta\u00e7\u00e3o de cosplay, estandes com mang\u00e1s, bonecos, produtos desse nicho e mais. Marco&hellip;","_links":{"self":[{"href":"https:\/\/dublagembrasileira.com.br\/index.php?rest_route=\/wp\/v2\/posts\/8372","targetHints":{"allow":["GET"]}}],"collection":[{"href":"https:\/\/dublagembrasileira.com.br\/index.php?rest_route=\/wp\/v2\/posts"}],"about":[{"href":"https:\/\/dublagembrasileira.com.br\/index.php?rest_route=\/wp\/v2\/types\/post"}],"author":[{"embeddable":true,"href":"https:\/\/dublagembrasileira.com.br\/index.php?rest_route=\/wp\/v2\/users\/1"}],"replies":[{"embeddable":true,"href":"https:\/\/dublagembrasileira.com.br\/index.php?rest_route=%2Fwp%2Fv2%2Fcomments&post=8372"}],"version-history":[{"count":1,"href":"https:\/\/dublagembrasileira.com.br\/index.php?rest_route=\/wp\/v2\/posts\/8372\/revisions"}],"predecessor-version":[{"id":8373,"href":"https:\/\/dublagembrasileira.com.br\/index.php?rest_route=\/wp\/v2\/posts\/8372\/revisions\/8373"}],"wp:featuredmedia":[{"embeddable":true,"href":"https:\/\/dublagembrasileira.com.br\/index.php?rest_route=\/wp\/v2\/media\/2357"}],"wp:attachment":[{"href":"https:\/\/dublagembrasileira.com.br\/index.php?rest_route=%2Fwp%2Fv2%2Fmedia&parent=8372"}],"wp:term":[{"taxonomy":"category","embeddable":true,"href":"https:\/\/dublagembrasileira.com.br\/index.php?rest_route=%2Fwp%2Fv2%2Fcategories&post=8372"},{"taxonomy":"post_tag","embeddable":true,"href":"https:\/\/dublagembrasileira.com.br\/index.php?rest_route=%2Fwp%2Fv2%2Ftags&post=8372"}],"curies":[{"name":"wp","href":"https:\/\/api.w.org\/{rel}","templated":true}]}}