{"id":751,"date":"2019-07-15T17:12:33","date_gmt":"2019-07-15T17:12:33","guid":{"rendered":"http:\/\/dublagembrasileira.com.br\/?p=751"},"modified":"2019-07-16T20:48:31","modified_gmt":"2019-07-16T20:48:31","slug":"elementor-751","status":"publish","type":"post","link":"https:\/\/dublagembrasileira.com.br\/?p=751","title":{"rendered":"Entrevista: Garcia J\u00fanior a voz do He-man no Brasil."},"content":{"rendered":"<style>.elementor-widget-heading .elementor-heading-title{font-family:var( --e-global-typography-primary-font-family ), Sans-serif;font-weight:var( --e-global-typography-primary-font-weight );color:var( --e-global-color-primary );}.elementor-751 .elementor-element.elementor-element-377ffe6 .elementor-heading-title{font-size:15px;font-style:italic;color:#4c4c4c;}.elementor-widget-text-editor{font-family:var( --e-global-typography-text-font-family ), Sans-serif;font-weight:var( --e-global-typography-text-font-weight );color:var( --e-global-color-text );}.elementor-widget-text-editor.elementor-drop-cap-view-stacked .elementor-drop-cap{background-color:var( --e-global-color-primary );}.elementor-widget-text-editor.elementor-drop-cap-view-framed .elementor-drop-cap, .elementor-widget-text-editor.elementor-drop-cap-view-default .elementor-drop-cap{color:var( --e-global-color-primary );border-color:var( --e-global-color-primary );}.elementor-widget-divider{--divider-color:var( --e-global-color-secondary );}.elementor-widget-divider .elementor-divider__text{color:var( --e-global-color-secondary );font-family:var( --e-global-typography-secondary-font-family ), Sans-serif;font-weight:var( --e-global-typography-secondary-font-weight );}.elementor-widget-divider.elementor-view-stacked .elementor-icon{background-color:var( --e-global-color-secondary );}.elementor-widget-divider.elementor-view-framed .elementor-icon, .elementor-widget-divider.elementor-view-default .elementor-icon{color:var( --e-global-color-secondary );border-color:var( --e-global-color-secondary );}.elementor-widget-divider.elementor-view-framed .elementor-icon, .elementor-widget-divider.elementor-view-default .elementor-icon svg{fill:var( --e-global-color-secondary );}.elementor-751 .elementor-element.elementor-element-3b951c5a{--divider-border-style:solid;--divider-color:#000;--divider-border-width:1px;}.elementor-751 .elementor-element.elementor-element-3b951c5a .elementor-divider-separator{width:100%;}.elementor-751 .elementor-element.elementor-element-3b951c5a .elementor-divider{padding-block-start:15px;padding-block-end:15px;}.elementor-751 .elementor-element.elementor-element-5ccc7cc3{text-align:center;}.elementor-751 .elementor-element.elementor-element-5ccc7cc3 .elementor-heading-title{font-family:\"Chela One\", Sans-serif;font-size:31px;color:#000000;}.elementor-751 .elementor-element.elementor-element-7b8daa81{text-align:center;}.elementor-751 .elementor-element.elementor-element-7b8daa81 .elementor-heading-title{font-size:16px;color:#000000;}.elementor-751 .elementor-element.elementor-element-3607f95c{--divider-border-style:solid;--divider-color:#000;--divider-border-width:1px;}.elementor-751 .elementor-element.elementor-element-3607f95c .elementor-divider-separator{width:100%;}.elementor-751 .elementor-element.elementor-element-3607f95c .elementor-divider{padding-block-start:15px;padding-block-end:15px;}.elementor-751 .elementor-element.elementor-element-6bcbf9fd > .elementor-widget-container{margin:-27px 0px 50px 0px;}.elementor-751 .elementor-element.elementor-element-1edd54e6 > .elementor-widget-container{margin:-27px 0px 50px 0px;}.elementor-751 .elementor-element.elementor-element-09d5c9a > .elementor-widget-container{margin:-27px 0px 50px 0px;}.elementor-751 .elementor-element.elementor-element-3eb9774 > .elementor-widget-container{margin:-27px 0px 50px 0px;}.elementor-widget-image .widget-image-caption{color:var( --e-global-color-text );font-family:var( --e-global-typography-text-font-family ), Sans-serif;font-weight:var( --e-global-typography-text-font-weight );}.elementor-751 .elementor-element.elementor-element-9220f2c > .elementor-widget-container{margin:-27px 0px 50px 0px;}.elementor-751 .elementor-element.elementor-element-97d35d3 > .elementor-widget-container{margin:-27px 0px 50px 0px;}.elementor-751 .elementor-element.elementor-element-34e8f3f > .elementor-widget-container{margin:-27px 0px 50px 0px;}.elementor-751 .elementor-element.elementor-element-aa067d4 > .elementor-widget-container{margin:-27px 0px 50px 0px;}.elementor-751 .elementor-element.elementor-element-84c4ae3 > .elementor-widget-container{margin:-27px 0px 50px 0px;}.elementor-751 .elementor-element.elementor-element-99ccec5 > .elementor-widget-container{margin:-27px 0px 50px 0px;}.elementor-751 .elementor-element.elementor-element-caaf6b4 > .elementor-widget-container{margin:-27px 0px 50px 0px;}.elementor-751 .elementor-element.elementor-element-45b99de > .elementor-widget-container{margin:-27px 0px 50px 0px;}.elementor-751 .elementor-element.elementor-element-ad0ceb8 > .elementor-widget-container{margin:-27px 0px 50px 0px;}.elementor-751 .elementor-element.elementor-element-76751dd > .elementor-widget-container{margin:-27px 0px 50px 0px;}.elementor-751 .elementor-element.elementor-element-78d04eb > .elementor-widget-container{margin:-27px 0px 50px 0px;}.elementor-751 .elementor-element.elementor-element-2d4bc9b > .elementor-widget-container{margin:-27px 0px 50px 0px;}.elementor-751 .elementor-element.elementor-element-f52df15 > .elementor-widget-container{margin:-27px 0px 50px 0px;}.elementor-751 .elementor-element.elementor-element-a04aa47 > .elementor-widget-container{margin:-27px 0px 50px 0px;}.elementor-751 .elementor-element.elementor-element-4eee7cf > .elementor-widget-container{margin:-27px 0px 50px 0px;}.elementor-751 .elementor-element.elementor-element-36cb5b4 > .elementor-widget-container{margin:-27px 0px 50px 0px;}.elementor-751 .elementor-element.elementor-element-89eb96e > .elementor-widget-container{margin:-27px 0px 50px 0px;}.elementor-751 .elementor-element.elementor-element-5901da7 > .elementor-widget-container{margin:-27px 0px 50px 0px;}.elementor-751 .elementor-element.elementor-element-063b4a3 > .elementor-widget-container{margin:-27px 0px 50px 0px;}.elementor-751 .elementor-element.elementor-element-83928d7 > .elementor-widget-container{margin:-27px 0px 50px 0px;}.elementor-751 .elementor-element.elementor-element-a993f09 > .elementor-widget-container{margin:-27px 0px 50px 0px;}.elementor-751 .elementor-element.elementor-element-9bf141a > .elementor-widget-container{margin:-27px 0px 50px 0px;}<\/style>\t\t<div data-elementor-type=\"wp-post\" data-elementor-id=\"751\" class=\"elementor elementor-751\">\n\t\t\t\t\t\t<section class=\"has_eae_slider elementor-section elementor-top-section elementor-element elementor-element-2133332d elementor-section-boxed elementor-section-height-default elementor-section-height-default wpr-particle-no wpr-jarallax-no wpr-parallax-no wpr-sticky-section-no\" data-eae-slider=\"95753\" data-id=\"2133332d\" data-element_type=\"section\" data-settings=\"{&quot;_ha_eqh_enable&quot;:false}\">\n\t\t\t\t\t\t<div class=\"elementor-container elementor-column-gap-default\">\n\t\t\t\t\t<div class=\"has_eae_slider elementor-column elementor-col-100 elementor-top-column elementor-element elementor-element-83e1cd6\" data-eae-slider=\"89256\" data-id=\"83e1cd6\" data-element_type=\"column\">\n\t\t\t<div class=\"elementor-widget-wrap elementor-element-populated\">\n\t\t\t\t\t\t<div class=\"elementor-element elementor-element-377ffe6 elementor-widget elementor-widget-heading\" data-id=\"377ffe6\" data-element_type=\"widget\" data-widget_type=\"heading.default\">\n\t\t\t\t<div class=\"elementor-widget-container\">\n\t\t\t\t\t<h2 class=\"elementor-heading-title elementor-size-default\">Entrevista realizada por Iza\u00edas Correia<\/h2>\t\t\t\t<\/div>\n\t\t\t\t<\/div>\n\t\t\t\t<div class=\"elementor-element elementor-element-6aa2299f elementor-widget elementor-widget-text-editor\" data-id=\"6aa2299f\" data-element_type=\"widget\" data-widget_type=\"text-editor.default\">\n\t\t\t\t<div class=\"elementor-widget-container\">\n\t\t\t\t\t\t\t\t\t<p style=\"text-align: justify;\"><span style=\"color: #000000;\">Manoel Garcia J\u00fanior \u00e9 uma das vozes mais conhecidas da nossa dublagem. Quantas vezes n\u00e3o o ouvimos citando f\u00f3rmulas malucas em seus \u201cmacgyverismos\u201d ou ainda gritando \u201cpelos poderes de Greyskull\u201d?<\/span><\/p><p style=\"text-align: justify;\"><span style=\"color: #000000;\">Garcia J\u00fanior nasceu no dia 2 de mar\u00e7o de 1967, em S\u00e3o Paulo. Filho dos dubladores Garcia Neto e Dolores Machado, Garcia J\u00fanior come\u00e7ou a carreira muito cedo na dublagem.<\/span><\/p><p style=\"text-align: justify;\"><span style=\"color: #000000;\">Garcia \u00e9 voz no Brasil de personagens marcantes como He-Man, MacGyver e Capit\u00e3o Kirk. Marcou uma infinidade de atores dos anos 80 como: Harrison Ford, Patrick Swayze, Kevin Costner, Kurt Russell, Denzel Washington, Robin Williams, Jean-Claude Van Damme e Willem Dafoe.<\/span><\/p><p style=\"text-align: justify;\"><span style=\"color: #000000;\">Como ator, Garcia esteve presente na novela de Jos\u00e9 Ant\u00f4nio de Souza na Rede Manchete, <strong>Tudo ou Nada<\/strong>, de 1996, onde ele interpretava o personagem Rubinho.<\/span><\/p><p style=\"text-align: justify;\"><span style=\"color: #000000;\">Ele ocupou o cargo de diretor de cria\u00e7\u00e3o da Disney Character Voices International Inc., durante 17 anos, entre 1994 e 2011, quando foi substitu\u00eddo por Marina Appelt e R\u00e1ul Aldana, respectivamente. <\/span><\/p><p style=\"text-align: justify;\"><span style=\"color: #000000;\">Com voc\u00eas a voz de todos os sujeit\u00f5es truculentos da d\u00e9cada de 1980\u2026.Garcia J\u00fanior.<\/span><\/p>\t\t\t\t\t\t\t\t<\/div>\n\t\t\t\t<\/div>\n\t\t\t\t<div class=\"elementor-element elementor-element-3b951c5a elementor-widget-divider--view-line elementor-widget elementor-widget-divider\" data-id=\"3b951c5a\" data-element_type=\"widget\" data-widget_type=\"divider.default\">\n\t\t\t\t<div class=\"elementor-widget-container\">\n\t\t\t\t\t\t\t<div class=\"elementor-divider\">\n\t\t\t<span class=\"elementor-divider-separator\">\n\t\t\t\t\t\t<\/span>\n\t\t<\/div>\n\t\t\t\t\t\t<\/div>\n\t\t\t\t<\/div>\n\t\t\t\t\t<\/div>\n\t\t<\/div>\n\t\t\t\t\t<\/div>\n\t\t<\/section>\n\t\t\t\t<section class=\"has_eae_slider elementor-section elementor-top-section elementor-element elementor-element-65538680 elementor-section-boxed elementor-section-height-default elementor-section-height-default wpr-particle-no wpr-jarallax-no wpr-parallax-no wpr-sticky-section-no\" data-eae-slider=\"50051\" data-id=\"65538680\" data-element_type=\"section\" data-settings=\"{&quot;_ha_eqh_enable&quot;:false}\">\n\t\t\t\t\t\t<div class=\"elementor-container elementor-column-gap-default\">\n\t\t\t\t\t<div class=\"has_eae_slider elementor-column elementor-col-100 elementor-top-column elementor-element elementor-element-6e4c050e\" data-eae-slider=\"45566\" data-id=\"6e4c050e\" data-element_type=\"column\">\n\t\t\t<div class=\"elementor-widget-wrap elementor-element-populated\">\n\t\t\t\t\t\t<div class=\"elementor-element elementor-element-5ccc7cc3 elementor-widget elementor-widget-heading\" data-id=\"5ccc7cc3\" data-element_type=\"widget\" data-widget_type=\"heading.default\">\n\t\t\t\t<div class=\"elementor-widget-container\">\n\t\t\t\t\t<h2 class=\"elementor-heading-title elementor-size-default\">\u201cEu trabalho com atores\u2026 Atores que s\u00e3o profissionais\u2026,estejam eles na dublagem, no cinema, na televis\u00e3o, no teatro ou no r\u00e1dio.\u201d<\/h2>\t\t\t\t<\/div>\n\t\t\t\t<\/div>\n\t\t\t\t<div class=\"elementor-element elementor-element-7b8daa81 elementor-widget elementor-widget-heading\" data-id=\"7b8daa81\" data-element_type=\"widget\" data-widget_type=\"heading.default\">\n\t\t\t\t<div class=\"elementor-widget-container\">\n\t\t\t\t\t<h2 class=\"elementor-heading-title elementor-size-default\">Garcia J\u00fanior<\/h2>\t\t\t\t<\/div>\n\t\t\t\t<\/div>\n\t\t\t\t<div class=\"elementor-element elementor-element-3607f95c elementor-widget-divider--view-line elementor-widget elementor-widget-divider\" data-id=\"3607f95c\" data-element_type=\"widget\" data-widget_type=\"divider.default\">\n\t\t\t\t<div class=\"elementor-widget-container\">\n\t\t\t\t\t\t\t<div class=\"elementor-divider\">\n\t\t\t<span class=\"elementor-divider-separator\">\n\t\t\t\t\t\t<\/span>\n\t\t<\/div>\n\t\t\t\t\t\t<\/div>\n\t\t\t\t<\/div>\n\t\t\t\t\t<\/div>\n\t\t<\/div>\n\t\t\t\t\t<\/div>\n\t\t<\/section>\n\t\t\t\t<section class=\"has_eae_slider elementor-section elementor-top-section elementor-element elementor-element-4613672d elementor-section-boxed elementor-section-height-default elementor-section-height-default wpr-particle-no wpr-jarallax-no wpr-parallax-no wpr-sticky-section-no\" data-eae-slider=\"84957\" data-id=\"4613672d\" data-element_type=\"section\" data-settings=\"{&quot;_ha_eqh_enable&quot;:false}\">\n\t\t\t\t\t\t<div class=\"elementor-container elementor-column-gap-default\">\n\t\t\t\t\t<div class=\"has_eae_slider elementor-column elementor-col-100 elementor-top-column elementor-element elementor-element-4b747112\" data-eae-slider=\"12074\" data-id=\"4b747112\" data-element_type=\"column\">\n\t\t\t<div class=\"elementor-widget-wrap elementor-element-populated\">\n\t\t\t\t\t\t<div class=\"elementor-element elementor-element-39db3b0c elementor-widget elementor-widget-text-editor\" data-id=\"39db3b0c\" data-element_type=\"widget\" data-widget_type=\"text-editor.default\">\n\t\t\t\t<div class=\"elementor-widget-container\">\n\t\t\t\t\t\t\t\t\t<p style=\"text-align: justify;\"><span style=\"color: #000000;\"><strong>Dublagem Brasileira &#8211; Garcia, voc\u00ea come\u00e7ou sua carreira muito cedo, n\u00e9?<br \/><\/strong><\/span><\/p>\t\t\t\t\t\t\t\t<\/div>\n\t\t\t\t<\/div>\n\t\t\t\t<div class=\"elementor-element elementor-element-6bcbf9fd elementor-widget elementor-widget-text-editor\" data-id=\"6bcbf9fd\" data-element_type=\"widget\" data-widget_type=\"text-editor.default\">\n\t\t\t\t<div class=\"elementor-widget-container\">\n\t\t\t\t\t\t\t\t\t<p style=\"text-align: justify;\"><span style=\"color: #000000;\"><strong>Garcia J\u00fanior<\/strong> &#8211; \u00c9, eu comecei exatamente com dois anos de idade na TV Tupi, em 1969, num programa de televis\u00e3o chamado<strong> \u00c9 F\u00e1cil Ser Feliz<\/strong>.<br \/><\/span><\/p>\t\t\t\t\t\t\t\t<\/div>\n\t\t\t\t<\/div>\n\t\t\t\t\t<\/div>\n\t\t<\/div>\n\t\t\t\t\t<\/div>\n\t\t<\/section>\n\t\t\t\t<section class=\"has_eae_slider elementor-section elementor-top-section elementor-element elementor-element-2963ae65 elementor-section-boxed elementor-section-height-default elementor-section-height-default wpr-particle-no wpr-jarallax-no wpr-parallax-no wpr-sticky-section-no\" data-eae-slider=\"5133\" data-id=\"2963ae65\" data-element_type=\"section\" data-settings=\"{&quot;_ha_eqh_enable&quot;:false}\">\n\t\t\t\t\t\t<div class=\"elementor-container elementor-column-gap-default\">\n\t\t\t\t\t<div class=\"has_eae_slider elementor-column elementor-col-100 elementor-top-column elementor-element elementor-element-458297a6\" data-eae-slider=\"70545\" data-id=\"458297a6\" data-element_type=\"column\">\n\t\t\t<div class=\"elementor-widget-wrap elementor-element-populated\">\n\t\t\t\t\t\t<div class=\"elementor-element elementor-element-33c27d19 elementor-widget elementor-widget-text-editor\" data-id=\"33c27d19\" data-element_type=\"widget\" data-widget_type=\"text-editor.default\">\n\t\t\t\t<div class=\"elementor-widget-container\">\n\t\t\t\t\t\t\t\t\t<p style=\"text-align: justify;\"><span style=\"color: #000000;\"><strong>DB &#8211; Como foi esse in\u00edcio?<br \/><\/strong><\/span><\/p>\t\t\t\t\t\t\t\t<\/div>\n\t\t\t\t<\/div>\n\t\t\t\t<div class=\"elementor-element elementor-element-1edd54e6 elementor-widget elementor-widget-text-editor\" data-id=\"1edd54e6\" data-element_type=\"widget\" data-widget_type=\"text-editor.default\">\n\t\t\t\t<div class=\"elementor-widget-container\">\n\t\t\t\t\t\t\t\t\t<p style=\"text-align: justify;\"><span style=\"color: #000000;\"><strong>GJ<\/strong> &#8211; Olha nessa fase, na verdade, eu n\u00e3o sabia nem o que estava fazendo. Meu pai era produtor desse programa, do Omar Cardoso, que era um astr\u00f3logo que tinha um programa em S\u00e3o Paulo e ele precisava de um c\u00fapido, de uma crian\u00e7a de uma idade bem baixa pra que ficasse ali, basicamente no palco, enquanto os cantores se apresentavam. Fizesse mais ou menos uma figura\u00e7\u00e3o ali e falasse umas coisinhas engra\u00e7adas. Como eu tinha a idade certa pra isso acabei fazendo o papel. Eu tinha o cabelo encaracoladinho, ent\u00e3o cai bem de c\u00fapido naquela \u00e9poca, mas eu n\u00e3o tinha muita no\u00e7\u00e3o do que eu tava fazendo.<br \/><\/span><\/p>\t\t\t\t\t\t\t\t<\/div>\n\t\t\t\t<\/div>\n\t\t\t\t\t<\/div>\n\t\t<\/div>\n\t\t\t\t\t<\/div>\n\t\t<\/section>\n\t\t\t\t<section class=\"has_eae_slider elementor-section elementor-top-section elementor-element elementor-element-6a44eef elementor-section-boxed elementor-section-height-default elementor-section-height-default wpr-particle-no wpr-jarallax-no wpr-parallax-no wpr-sticky-section-no\" data-eae-slider=\"13181\" data-id=\"6a44eef\" data-element_type=\"section\" data-settings=\"{&quot;_ha_eqh_enable&quot;:false}\">\n\t\t\t\t\t\t<div class=\"elementor-container elementor-column-gap-default\">\n\t\t\t\t\t<div class=\"has_eae_slider elementor-column elementor-col-100 elementor-top-column elementor-element elementor-element-db06bbd\" data-eae-slider=\"16610\" data-id=\"db06bbd\" data-element_type=\"column\">\n\t\t\t<div class=\"elementor-widget-wrap elementor-element-populated\">\n\t\t\t\t\t\t<div class=\"elementor-element elementor-element-f041540 elementor-widget elementor-widget-text-editor\" data-id=\"f041540\" data-element_type=\"widget\" data-widget_type=\"text-editor.default\">\n\t\t\t\t<div class=\"elementor-widget-container\">\n\t\t\t\t\t\t\t\t\t<p style=\"text-align: justify;\"><span style=\"color: #000000;\"><strong>DB &#8211; A F\u00e1tima Mour\u00e3o nos disse numa entrevista que lembra de voc\u00ea, ainda muito menino, indo aos est\u00fadios de dublagem. Como \u00e9 que voc\u00ea seguiu o caminho dos seus pais?<br \/><\/strong><\/span><\/p>\t\t\t\t\t\t\t\t<\/div>\n\t\t\t\t<\/div>\n\t\t\t\t<div class=\"elementor-element elementor-element-09d5c9a elementor-widget elementor-widget-text-editor\" data-id=\"09d5c9a\" data-element_type=\"widget\" data-widget_type=\"text-editor.default\">\n\t\t\t\t<div class=\"elementor-widget-container\">\n\t\t\t\t\t\t\t\t\t<p style=\"text-align: justify;\"><span style=\"color: #000000;\"><strong>GJ<\/strong> &#8211; Pois \u00e9, isso aconteceu na verdade\u2026foi uma contram\u00e3o. Eu fiz esse programa na Tupi em 1969 e depois ainda fiz mais dois infantis na TV Record, um do Durval de Souza e outro do Palha\u00e7o Pimentinha, e durante algum tempo com uns 4 ou 5 anos e tal, fazendo parte do elenco infantil do que era a Xuxa na \u00e9poca, digamos assim. Mas s\u00f3 que meus pais n\u00e3o queriam essa carreira pra mim. Meus pais come\u00e7aram em r\u00e1dio, depois foram pra dublagem, meu pai tamb\u00e9m fez assist\u00eancia de dire\u00e7\u00e3o em cinema e televis\u00e3o, e eles sabiam o qu\u00e3o dif\u00edcil essa carreira \u00e9 em v\u00e1rios aspectos.<br \/><\/span><\/p><p style=\"text-align: justify;\"><span style=\"color: #000000;\">Ent\u00e3o, verdadeiramente, eu fui criado dentro da r\u00e1dio S\u00e3o Paulo, depois acompanhei meu pai aos est\u00fadios desde sempre, bem como minha m\u00e3e, mas eles n\u00e3o queriam essa carreira pra mim. Isso aconteceu meio que por acaso, porque o Olney Cazarr\u00e9 que fazia o Pica-pau, mudou-se pro Rio de Janeiro. Eu, embora more hoje no Rio de Janeiro, more a 28 anos no Rio de Janeiro, sou paulistano com muito orgulho, e estava em S\u00e3o Paulo em 1977, evidentemente, quando o Olney mudou-se pro Rio, pra fazer televis\u00e3o, pra fazer novela. Consequentemente, abriu-se uma lacuna ali no personagem principal da s\u00e9rie o Pica-pau. Eu fiz o teste de brincadeira, e mais porque a minha m\u00e3e insistiu, porque eu era muito t\u00edmido ainda, e sempre fui! Hoje em dia eu lido melhor com isso, mas quando crian\u00e7a era dif\u00edcil de lidar. Eu fiz o teste, e na verdade mandaram pro distribuidor e ele acabou me escolhendo.<\/span><\/p>\t\t\t\t\t\t\t\t<\/div>\n\t\t\t\t<\/div>\n\t\t\t\t\t<\/div>\n\t\t<\/div>\n\t\t\t\t\t<\/div>\n\t\t<\/section>\n\t\t\t\t<section class=\"has_eae_slider elementor-section elementor-top-section elementor-element elementor-element-3f23906 elementor-section-boxed elementor-section-height-default elementor-section-height-default wpr-particle-no wpr-jarallax-no wpr-parallax-no wpr-sticky-section-no\" data-eae-slider=\"33112\" data-id=\"3f23906\" data-element_type=\"section\" data-settings=\"{&quot;_ha_eqh_enable&quot;:false}\">\n\t\t\t\t\t\t<div class=\"elementor-container elementor-column-gap-default\">\n\t\t\t\t\t<div class=\"has_eae_slider elementor-column elementor-col-100 elementor-top-column elementor-element elementor-element-6e124b6\" data-eae-slider=\"81172\" data-id=\"6e124b6\" data-element_type=\"column\">\n\t\t\t<div class=\"elementor-widget-wrap elementor-element-populated\">\n\t\t\t\t\t\t<div class=\"elementor-element elementor-element-1ebcc13 elementor-widget elementor-widget-text-editor\" data-id=\"1ebcc13\" data-element_type=\"widget\" data-widget_type=\"text-editor.default\">\n\t\t\t\t<div class=\"elementor-widget-container\">\n\t\t\t\t\t\t\t\t\t<p style=\"text-align: justify;\"><span style=\"color: #000000;\"><strong>DB &#8211; Grande responsabilidade substituir o Cazarr\u00e9 ainda menino, n\u00e9?<br \/><\/strong><\/span><\/p>\t\t\t\t\t\t\t\t<\/div>\n\t\t\t\t<\/div>\n\t\t\t\t<div class=\"elementor-element elementor-element-3eb9774 elementor-widget elementor-widget-text-editor\" data-id=\"3eb9774\" data-element_type=\"widget\" data-widget_type=\"text-editor.default\">\n\t\t\t\t<div class=\"elementor-widget-container\">\n\t\t\t\t\t\t\t\t\t<p style=\"text-align: justify;\"><span style=\"color: #000000;\"><strong>GJ<\/strong> &#8211; Pois \u00e9, verdade! E foram duas coisas muito interessantes. Primeiro porque o Ednir que era o respons\u00e1vel pela MCA \u2013 Universal, na \u00e9poca, ele falou: \u201cgostei dessa menina\u201d, a\u00ed falaram: \u201cmas n\u00e3o \u00e9 menina, e outra, ele nem \u00e9 dublador, ele \u00e9 filho do Garcia Neto\u201c, ele disse: \u201cbom, filho de peixe, peixinho \u00e9, voc\u00eas mandaram eu escolher \u00e9 quem eu quero pra fazer\u201d.<br \/><\/span><\/p><p style=\"text-align: justify;\"><span style=\"color: #000000;\">Um outro diretor na \u00e9poca, na verdade, era quem iria dirigir a s\u00e9rie, uma pessoa muito querida e que teve uma postura de honestidade pra comigo e pra com meu pai muito grande, porque ele quando soube que eu iria fazer o personagem, ele falou: \u201cbom, eu n\u00e3o quero dirigir. Eu n\u00e3o vou pegar uma pessoa que n\u00e3o \u00e9 profissional pra encabe\u00e7ar uma s\u00e9rie dessa responsabilidade, eu n\u00e3o vou fazer isso\u201d. Meu pai ent\u00e3o se apresentou e disse: \u201colha, eu e a Dolores pedimos pra ele fazer o teste, de brincadeira, ele acabou fazendo e acabou ganhando, eu vou assumir essa responsabilidade, porque eu acho que ele tem capacidade de fazer\u201d. Duas semanas depois que eu tinha iniciado o trabalho, eu nunca tinha dublado at\u00e9 ent\u00e3o, esse outro diretor sentou-se conosco, comigo e com meu pai e disse: \u201colha eu vim aqui pra te pedir desculpas, como homem, porque eu tive essa atitude, assim, assim\u2026e foi uma atitude equivocada de minha parte\u201d. E foi muito bacana ele ter feito isso, ter tomado essa atitude, n\u00e9? E a partir dali eu comecei a minha carreira na dublagem e segui durante um bom tempo nela.<\/span><\/p>\t\t\t\t\t\t\t\t<\/div>\n\t\t\t\t<\/div>\n\t\t\t\t<div class=\"elementor-element elementor-element-9bf742d elementor-widget elementor-widget-image\" data-id=\"9bf742d\" data-element_type=\"widget\" data-widget_type=\"image.default\">\n\t\t\t\t<div class=\"elementor-widget-container\">\n\t\t\t\t\t\t\t\t\t\t\t\t<figure class=\"wp-caption\">\n\t\t\t\t\t\t\t\t\t\t<img fetchpriority=\"high\" decoding=\"async\" width=\"640\" height=\"451\" src=\"https:\/\/dublagembrasileira.com.br\/wp-content\/uploads\/2019\/07\/garciajr3.jpg\" class=\"attachment-large size-large wp-image-754\" alt=\"\" srcset=\"https:\/\/dublagembrasileira.com.br\/wp-content\/uploads\/2019\/07\/garciajr3.jpg 704w, https:\/\/dublagembrasileira.com.br\/wp-content\/uploads\/2019\/07\/garciajr3-300x211.jpg 300w\" sizes=\"(max-width: 640px) 100vw, 640px\" \/>\t\t\t\t\t\t\t\t\t\t\t<figcaption class=\"widget-image-caption wp-caption-text\">No Programa Encontro com F\u00e1tima Bernardes<\/figcaption>\n\t\t\t\t\t\t\t\t\t\t<\/figure>\n\t\t\t\t\t\t\t\t\t<\/div>\n\t\t\t\t<\/div>\n\t\t\t\t\t<\/div>\n\t\t<\/div>\n\t\t\t\t\t<\/div>\n\t\t<\/section>\n\t\t\t\t<section class=\"has_eae_slider elementor-section elementor-top-section elementor-element elementor-element-2c17ecc elementor-section-boxed elementor-section-height-default elementor-section-height-default wpr-particle-no wpr-jarallax-no wpr-parallax-no wpr-sticky-section-no\" data-eae-slider=\"17443\" data-id=\"2c17ecc\" data-element_type=\"section\" data-settings=\"{&quot;_ha_eqh_enable&quot;:false}\">\n\t\t\t\t\t\t<div class=\"elementor-container elementor-column-gap-default\">\n\t\t\t\t\t<div class=\"has_eae_slider elementor-column elementor-col-100 elementor-top-column elementor-element elementor-element-9604963\" data-eae-slider=\"27025\" data-id=\"9604963\" data-element_type=\"column\">\n\t\t\t<div class=\"elementor-widget-wrap elementor-element-populated\">\n\t\t\t\t\t\t<div class=\"elementor-element elementor-element-0b7e160 elementor-widget elementor-widget-text-editor\" data-id=\"0b7e160\" data-element_type=\"widget\" data-widget_type=\"text-editor.default\">\n\t\t\t\t<div class=\"elementor-widget-container\">\n\t\t\t\t\t\t\t\t\t<p style=\"text-align: justify;\"><span style=\"color: #000000;\"><strong>DB &#8211; O trabalho de dublador geralmente \u00e9 realizado em cima de uma voz original que j\u00e1 existe. Em TV Colosso, foi o inverso, voc\u00eas tiveram que ajudar a criar as personagens. Explique um pouco desse processo?<br \/><\/strong><\/span><\/p>\t\t\t\t\t\t\t\t<\/div>\n\t\t\t\t<\/div>\n\t\t\t\t<div class=\"elementor-element elementor-element-9220f2c elementor-widget elementor-widget-text-editor\" data-id=\"9220f2c\" data-element_type=\"widget\" data-widget_type=\"text-editor.default\">\n\t\t\t\t<div class=\"elementor-widget-container\">\n\t\t\t\t\t\t\t\t\t<p style=\"text-align: justify;\"><span style=\"color: #000000;\"><strong>GJ<\/strong> &#8211; Ah, foi um trabalho muito legal! Primeiro porque eu trabalhava com amigos queridos. Eu devo muito essa parte da cria\u00e7\u00e3o tamb\u00e9m \u00e0 dire\u00e7\u00e3o do M\u00e1rio Jorge que \u00e9 uma pessoa generos\u00edssima como diretor, ent\u00e3o me deu bastante liberdade pra trabalhar, foi uma pessoa que me deu tamb\u00e9m pap\u00e9is incr\u00edveis, coisas at\u00e9 que n\u00e3o fizeram sucesso, mas foram coisas que ningu\u00e9m esperava que eu pudesse fazer, de repente um velho palha\u00e7o numa novela mexicana, entendeu? E ele me deu essa oportunidade. Na mesma linha, ele me deu o presente de poder criar esses personagens a partir apenas das caracter\u00edsticas f\u00edsicas e tamb\u00e9m emocionais, digamos assim, dos personagens. <\/span><\/p><p style=\"text-align: justify;\"><span style=\"color: #000000;\">No caso o JF que era o diretor, o dono da <strong>TV Colosso<\/strong>, ent\u00e3o uma coisa muito assim (imitando o JF), aquela coisa que manda muito, e o Thunderdog, aquela coisa muito do Thunderbird (imitando o Thunderdog) que fazia a MTV na \u00e9poca, ent\u00e3o n\u00e3o era uma coisa muito dif\u00edcil e tal.<br \/><\/span><\/p>\t\t\t\t\t\t\t\t<\/div>\n\t\t\t\t<\/div>\n\t\t\t\t\t<\/div>\n\t\t<\/div>\n\t\t\t\t\t<\/div>\n\t\t<\/section>\n\t\t\t\t<section class=\"has_eae_slider elementor-section elementor-top-section elementor-element elementor-element-e9012d9 elementor-section-boxed elementor-section-height-default elementor-section-height-default wpr-particle-no wpr-jarallax-no wpr-parallax-no wpr-sticky-section-no\" data-eae-slider=\"80291\" data-id=\"e9012d9\" data-element_type=\"section\" data-settings=\"{&quot;_ha_eqh_enable&quot;:false}\">\n\t\t\t\t\t\t<div class=\"elementor-container elementor-column-gap-default\">\n\t\t\t\t\t<div class=\"has_eae_slider elementor-column elementor-col-100 elementor-top-column elementor-element elementor-element-1a729cd\" data-eae-slider=\"81616\" data-id=\"1a729cd\" data-element_type=\"column\">\n\t\t\t<div class=\"elementor-widget-wrap elementor-element-populated\">\n\t\t\t\t\t\t<div class=\"elementor-element elementor-element-2035ec6 elementor-widget elementor-widget-text-editor\" data-id=\"2035ec6\" data-element_type=\"widget\" data-widget_type=\"text-editor.default\">\n\t\t\t\t<div class=\"elementor-widget-container\">\n\t\t\t\t\t\t\t\t\t<p style=\"text-align: justify;\"><span style=\"color: #000000;\"><strong>DB &#8211; E o Daniel tamb\u00e9m\u2026<br \/><\/strong><\/span><\/p>\t\t\t\t\t\t\t\t<\/div>\n\t\t\t\t<\/div>\n\t\t\t\t<div class=\"elementor-element elementor-element-97d35d3 elementor-widget elementor-widget-text-editor\" data-id=\"97d35d3\" data-element_type=\"widget\" data-widget_type=\"text-editor.default\">\n\t\t\t\t<div class=\"elementor-widget-container\">\n\t\t\t\t\t\t\t\t\t<p style=\"text-align: justify;\"><span style=\"color: #000000;\"><strong>GJ<\/strong> &#8211; O Daniel, exatamente! Baseado num colega nosso, um profissional, numa caricatura de um colega nosso, o Ricardo Schnetzer, (imitando o Daniel) uma coisa meio assim e tal, mas de novo uma homenagem que nem tem haver com o tipo f\u00edsico do Ricardo nem nada, mas uma coisa gostosa porque ele era um cara bonach\u00e3o, gente boa, bom car\u00e1ter e bacana como o Ricardo \u00e9. Me lembrou ele, eu fiz e o M\u00e1rio tamb\u00e9m comprou a ideia e me deixou ir por esse caminho.<br \/><\/span><\/p>\t\t\t\t\t\t\t\t<\/div>\n\t\t\t\t<\/div>\n\t\t\t\t\t<\/div>\n\t\t<\/div>\n\t\t\t\t\t<\/div>\n\t\t<\/section>\n\t\t\t\t<section class=\"has_eae_slider elementor-section elementor-top-section elementor-element elementor-element-38a601e elementor-section-boxed elementor-section-height-default elementor-section-height-default wpr-particle-no wpr-jarallax-no wpr-parallax-no wpr-sticky-section-no\" data-eae-slider=\"59631\" data-id=\"38a601e\" data-element_type=\"section\" data-settings=\"{&quot;_ha_eqh_enable&quot;:false}\">\n\t\t\t\t\t\t<div class=\"elementor-container elementor-column-gap-default\">\n\t\t\t\t\t<div class=\"has_eae_slider elementor-column elementor-col-100 elementor-top-column elementor-element elementor-element-7306390\" data-eae-slider=\"33028\" data-id=\"7306390\" data-element_type=\"column\">\n\t\t\t<div class=\"elementor-widget-wrap elementor-element-populated\">\n\t\t\t\t\t\t<div class=\"elementor-element elementor-element-24a1163 elementor-widget elementor-widget-text-editor\" data-id=\"24a1163\" data-element_type=\"widget\" data-widget_type=\"text-editor.default\">\n\t\t\t\t<div class=\"elementor-widget-container\">\n\t\t\t\t\t\t\t\t\t<p style=\"text-align: justify;\"><span style=\"color: #000000;\"><strong>DB &#8211; Foram horas cansativas de trabalho.<br \/><\/strong><\/span><\/p>\t\t\t\t\t\t\t\t<\/div>\n\t\t\t\t<\/div>\n\t\t\t\t<div class=\"elementor-element elementor-element-34e8f3f elementor-widget elementor-widget-text-editor\" data-id=\"34e8f3f\" data-element_type=\"widget\" data-widget_type=\"text-editor.default\">\n\t\t\t\t<div class=\"elementor-widget-container\">\n\t\t\t\t\t\t\t\t\t<p style=\"text-align: justify;\"><span style=\"color: #000000;\"><strong>GJ<\/strong> &#8211; A gente fazia o que \u00e9 mais ou menos os Simpsons no original. \u00c9ramos 10 atores fazendo todos os personagens da <strong>TV Coloss<\/strong>o, ent\u00e3o faz\u00edamos todos os outros cachorrinhos que pintavam esporadicamente e var\u00e1vamos a madrugada gravando aquele programa l\u00e1.<\/span><\/p><p style=\"text-align: justify;\"><span style=\"color: #000000;\">Rapaz, era muito dif\u00edcil, principalmente no come\u00e7o porque a gente teve que\u2026na verdade todos n\u00f3s est\u00e1vamos ali fazendo aquele tipo de trabalho pela primeira vez, ent\u00e3o no in\u00edcio mesmo, era bastante dif\u00edcil porque al\u00e9m das vozes dos personagens em si, n\u00f3s faz\u00edamos o som guia pros atores que ficavam dentro dos bonecos, ent\u00e3o se a gente n\u00e3o estava dublando efetivamente nas casas de dublagem, normalmente que a gente frequentava, ou a gente tava fazendo som guia ou a gente tava gravando Tv Colosso de madrugada. Ent\u00e3o, n\u00f3s passamos uns tr\u00eas meses assim, aquela equipe de onze pessoas com o M\u00e1rio, como verdadeiros zumbis, a gente dormia no ch\u00e3o do est\u00fadio e eu passava em casa s\u00f3 pra tomar banho. Mas \u00e9 t\u00e3o saboroso lembrar disso, \u00e9 legal, os discos que a gente gravou. Eu tenho at\u00e9 hoje os dois LPs todos autografados por todo mundo da<strong> TV Colosso<\/strong>, por todos os nossos colegas, enfim, foi uma \u00e9poca muito bacana, recompensadora no sentido profissional mesmo.<\/span><\/p>\t\t\t\t\t\t\t\t<\/div>\n\t\t\t\t<\/div>\n\t\t\t\t\t<\/div>\n\t\t<\/div>\n\t\t\t\t\t<\/div>\n\t\t<\/section>\n\t\t\t\t<section class=\"has_eae_slider elementor-section elementor-top-section elementor-element elementor-element-2f71369 elementor-section-boxed elementor-section-height-default elementor-section-height-default wpr-particle-no wpr-jarallax-no wpr-parallax-no wpr-sticky-section-no\" data-eae-slider=\"38252\" data-id=\"2f71369\" data-element_type=\"section\" data-settings=\"{&quot;_ha_eqh_enable&quot;:false}\">\n\t\t\t\t\t\t<div class=\"elementor-container elementor-column-gap-default\">\n\t\t\t\t\t<div class=\"has_eae_slider elementor-column elementor-col-100 elementor-top-column elementor-element elementor-element-199a35d\" data-eae-slider=\"42314\" data-id=\"199a35d\" data-element_type=\"column\">\n\t\t\t<div class=\"elementor-widget-wrap elementor-element-populated\">\n\t\t\t\t\t\t<div class=\"elementor-element elementor-element-2c8405a elementor-widget elementor-widget-text-editor\" data-id=\"2c8405a\" data-element_type=\"widget\" data-widget_type=\"text-editor.default\">\n\t\t\t\t<div class=\"elementor-widget-container\">\n\t\t\t\t\t\t\t\t\t<p style=\"text-align: justify;\"><span style=\"color: #000000;\"><strong>DB &#8211; He-Man, foi sem d\u00favida um dos maiores destaques da sua carreira. Como esse personagem entrou em sua vida? Foi teste?<br \/><\/strong><\/span><\/p>\t\t\t\t\t\t\t\t<\/div>\n\t\t\t\t<\/div>\n\t\t\t\t<div class=\"elementor-element elementor-element-aa067d4 elementor-widget elementor-widget-text-editor\" data-id=\"aa067d4\" data-element_type=\"widget\" data-widget_type=\"text-editor.default\">\n\t\t\t\t<div class=\"elementor-widget-container\">\n\t\t\t\t\t\t\t\t\t<p style=\"text-align: justify;\"><span style=\"color: #000000;\"><strong>GJ<\/strong> &#8211; N\u00e3o foi teste porque quem distribu\u00eda a s\u00e9rie na \u00e9poca era o pr\u00f3prio Herbert Richers e ele fez uma escolha de elenco, baseado naquilo que ele acreditava que era o melhor, inclusive em termos de resposta de trabalho, assim como aconteceu com <strong>Os Gat\u00f5es<\/strong>, que eu e o M\u00e1rio faz\u00edamos os dois principais, o Bo e o Luke. <\/span><\/p><p style=\"text-align: justify;\"><span style=\"color: #000000;\">Na verdade eu n\u00e3o iria fazer o He-Man, eu iria fazer apenas o pr\u00edncipe Adam, o He-Man era pra ter sido outro dublador. Ele fez o primeiro dia de dublagem, enfim eu n\u00e3o quero citar porque n\u00e3o sei se ele quer ser citado ou n\u00e3o, mas eu sei como ele j\u00e1 tinha feito outro super-her\u00f3i desse n\u00edvel, e que tinha um bord\u00e3o muito forte tamb\u00e9m, ou talvez ele n\u00e3o quisesse ficar muito marcado por conta disso, eu sei que na metade do dia de grava\u00e7\u00e3o, ele virou pra diretora, pra \u00c2ngela, e falou assim: \u201c\u00c2ngela voc\u00ea me perdoa mas eu n\u00e3o quero mais fazer. Fica tranquila que eu vou resolver isso, eu vou entrar l\u00e1 e vou conversar com o Herbert, n\u00e3o \u00e9 nada!\u201d E realmente n\u00e3o tinha havido nenhum tipo de problema, n\u00e3o houve nada, n\u00e3o houve nenhum problema entre equipe ali, foi uma coisa dele mesmo. Ele saiu do est\u00fadio e foi falar com o Herbert e de l\u00e1 de dentro veio ordem pra que eu fizesse os dois.<br \/><\/span><\/p>\t\t\t\t\t\t\t\t<\/div>\n\t\t\t\t<\/div>\n\t\t\t\t\t<\/div>\n\t\t<\/div>\n\t\t\t\t\t<\/div>\n\t\t<\/section>\n\t\t\t\t<section class=\"has_eae_slider elementor-section elementor-top-section elementor-element elementor-element-4d70e53 elementor-section-boxed elementor-section-height-default elementor-section-height-default wpr-particle-no wpr-jarallax-no wpr-parallax-no wpr-sticky-section-no\" data-eae-slider=\"38587\" data-id=\"4d70e53\" data-element_type=\"section\" data-settings=\"{&quot;_ha_eqh_enable&quot;:false}\">\n\t\t\t\t\t\t<div class=\"elementor-container elementor-column-gap-default\">\n\t\t\t\t\t<div class=\"has_eae_slider elementor-column elementor-col-100 elementor-top-column elementor-element elementor-element-96a42b8\" data-eae-slider=\"86744\" data-id=\"96a42b8\" data-element_type=\"column\">\n\t\t\t<div class=\"elementor-widget-wrap elementor-element-populated\">\n\t\t\t\t\t\t<div class=\"elementor-element elementor-element-dd979e3 elementor-widget elementor-widget-text-editor\" data-id=\"dd979e3\" data-element_type=\"widget\" data-widget_type=\"text-editor.default\">\n\t\t\t\t<div class=\"elementor-widget-container\">\n\t\t\t\t\t\t\t\t\t<p style=\"text-align: justify;\"><span style=\"color: #000000;\"><strong>DB &#8211; A partir dali voc\u00ea teve que compor a dupla personalidade do personagem\u2026<br \/><\/strong><\/span><\/p>\t\t\t\t\t\t\t\t<\/div>\n\t\t\t\t<\/div>\n\t\t\t\t<div class=\"elementor-element elementor-element-84c4ae3 elementor-widget elementor-widget-text-editor\" data-id=\"84c4ae3\" data-element_type=\"widget\" data-widget_type=\"text-editor.default\">\n\t\t\t\t<div class=\"elementor-widget-container\">\n\t\t\t\t\t\t\t\t\t<p style=\"text-align: justify;\"><span style=\"color: #000000;\"><strong>GJ<\/strong> &#8211; Exatamente, a partir dali eu passei a fazer o Adam de uma forma um pouco mais leve e engrossar um pouco mais a voz quando fazia o He-Man.<br \/><\/span><\/p>\t\t\t\t\t\t\t\t<\/div>\n\t\t\t\t<\/div>\n\t\t\t\t\t<\/div>\n\t\t<\/div>\n\t\t\t\t\t<\/div>\n\t\t<\/section>\n\t\t\t\t<section class=\"has_eae_slider elementor-section elementor-top-section elementor-element elementor-element-dd512bf elementor-section-boxed elementor-section-height-default elementor-section-height-default wpr-particle-no wpr-jarallax-no wpr-parallax-no wpr-sticky-section-no\" data-eae-slider=\"76070\" data-id=\"dd512bf\" data-element_type=\"section\" data-settings=\"{&quot;_ha_eqh_enable&quot;:false}\">\n\t\t\t\t\t\t<div class=\"elementor-container elementor-column-gap-default\">\n\t\t\t\t\t<div class=\"has_eae_slider elementor-column elementor-col-100 elementor-top-column elementor-element elementor-element-ac9f8ad\" data-eae-slider=\"79312\" data-id=\"ac9f8ad\" data-element_type=\"column\">\n\t\t\t<div class=\"elementor-widget-wrap elementor-element-populated\">\n\t\t\t\t\t\t<div class=\"elementor-element elementor-element-d93d084 elementor-widget elementor-widget-text-editor\" data-id=\"d93d084\" data-element_type=\"widget\" data-widget_type=\"text-editor.default\">\n\t\t\t\t<div class=\"elementor-widget-container\">\n\t\t\t\t\t\t\t\t\t<p style=\"text-align: justify;\"><span style=\"color: #000000;\"><strong>DB &#8211; Quantos anos voc\u00ea tinha na \u00e9poca, Garcia?<br \/><\/strong><\/span><\/p>\t\t\t\t\t\t\t\t<\/div>\n\t\t\t\t<\/div>\n\t\t\t\t<div class=\"elementor-element elementor-element-99ccec5 elementor-widget elementor-widget-text-editor\" data-id=\"99ccec5\" data-element_type=\"widget\" data-widget_type=\"text-editor.default\">\n\t\t\t\t<div class=\"elementor-widget-container\">\n\t\t\t\t\t\t\t\t\t<p style=\"text-align: justify;\"><span style=\"color: #000000;\"><strong>GJ<\/strong> &#8211; 17 anos.<br \/><\/span><\/p>\t\t\t\t\t\t\t\t<\/div>\n\t\t\t\t<\/div>\n\t\t\t\t<div class=\"elementor-element elementor-element-38cf345 elementor-widget elementor-widget-image\" data-id=\"38cf345\" data-element_type=\"widget\" data-widget_type=\"image.default\">\n\t\t\t\t<div class=\"elementor-widget-container\">\n\t\t\t\t\t\t\t\t\t\t\t\t<figure class=\"wp-caption\">\n\t\t\t\t\t\t\t\t\t\t<img decoding=\"async\" width=\"640\" height=\"451\" data-src=\"https:\/\/dublagembrasileira.com.br\/wp-content\/uploads\/2019\/07\/arnoldschwarzenegger.jpg\" class=\"attachment-large size-large wp-image-756 lazyload\" alt=\"\" data-srcset=\"https:\/\/dublagembrasileira.com.br\/wp-content\/uploads\/2019\/07\/arnoldschwarzenegger.jpg 704w, https:\/\/dublagembrasileira.com.br\/wp-content\/uploads\/2019\/07\/arnoldschwarzenegger-300x211.jpg 300w\" data-sizes=\"(max-width: 640px) 100vw, 640px\" src=\"data:image\/svg+xml;base64,PHN2ZyB3aWR0aD0iMSIgaGVpZ2h0PSIxIiB4bWxucz0iaHR0cDovL3d3dy53My5vcmcvMjAwMC9zdmciPjwvc3ZnPg==\" style=\"--smush-placeholder-width: 640px; --smush-placeholder-aspect-ratio: 640\/451;\" \/>\t\t\t\t\t\t\t\t\t\t\t<figcaption class=\"widget-image-caption wp-caption-text\">Arnold Schwarzenegger, voz constante de Garcia J\u00fanior no Brasil. <\/figcaption>\n\t\t\t\t\t\t\t\t\t\t<\/figure>\n\t\t\t\t\t\t\t\t\t<\/div>\n\t\t\t\t<\/div>\n\t\t\t\t\t<\/div>\n\t\t<\/div>\n\t\t\t\t\t<\/div>\n\t\t<\/section>\n\t\t\t\t<section class=\"has_eae_slider elementor-section elementor-top-section elementor-element elementor-element-75db4f4 elementor-section-boxed elementor-section-height-default elementor-section-height-default wpr-particle-no wpr-jarallax-no wpr-parallax-no wpr-sticky-section-no\" data-eae-slider=\"32461\" data-id=\"75db4f4\" data-element_type=\"section\" data-settings=\"{&quot;_ha_eqh_enable&quot;:false}\">\n\t\t\t\t\t\t<div class=\"elementor-container elementor-column-gap-default\">\n\t\t\t\t\t<div class=\"has_eae_slider elementor-column elementor-col-100 elementor-top-column elementor-element elementor-element-384536b\" data-eae-slider=\"25231\" data-id=\"384536b\" data-element_type=\"column\">\n\t\t\t<div class=\"elementor-widget-wrap elementor-element-populated\">\n\t\t\t\t\t\t<div class=\"elementor-element elementor-element-a5c0a30 elementor-widget elementor-widget-text-editor\" data-id=\"a5c0a30\" data-element_type=\"widget\" data-widget_type=\"text-editor.default\">\n\t\t\t\t<div class=\"elementor-widget-container\">\n\t\t\t\t\t\t\t\t\t<p style=\"text-align: justify;\"><span style=\"color: #000000;\"><strong>DB &#8211; Com 17 anos j\u00e1 estava preparado pra essa tremenda repercuss\u00e3o?<br \/><\/strong><\/span><\/p>\t\t\t\t\t\t\t\t<\/div>\n\t\t\t\t<\/div>\n\t\t\t\t<div class=\"elementor-element elementor-element-caaf6b4 elementor-widget elementor-widget-text-editor\" data-id=\"caaf6b4\" data-element_type=\"widget\" data-widget_type=\"text-editor.default\">\n\t\t\t\t<div class=\"elementor-widget-container\">\n\t\t\t\t\t\t\t\t\t<p style=\"text-align: justify;\"><span style=\"color: #000000;\"><strong>GJ<\/strong> &#8211; \u00c9, foi engra\u00e7ado porque a primeira vez que eu me toquei que essa s\u00e9rie tinha um impacto t\u00e3o grande foi quando um amigo meu que estudava economia na PUC, falou assim pra mim: \u201ccara eu vou te levar no bandej\u00e3o da PUC, porque voc\u00ea n\u00e3o vai acreditar o que \u00e9 que \u00e9 essa s\u00e9rie, fica todo mundo ali no bandej\u00e3o de pesco\u00e7o duro pra cima \u2013 porque era uma televis\u00e3o colocada assim no alto \u2013 vendo o He-Man ali na hora do almo\u00e7o. E eu fui almo\u00e7ar com ele no bandej\u00e3o e eu n\u00e3o acreditei, porque era exatamente assim, aquela marmanjada toda almo\u00e7ando no bandej\u00e3o e assistindo He-Man.<br \/><\/span><\/p>\t\t\t\t\t\t\t\t<\/div>\n\t\t\t\t<\/div>\n\t\t\t\t\t<\/div>\n\t\t<\/div>\n\t\t\t\t\t<\/div>\n\t\t<\/section>\n\t\t\t\t<section class=\"has_eae_slider elementor-section elementor-top-section elementor-element elementor-element-3c46341 elementor-section-boxed elementor-section-height-default elementor-section-height-default wpr-particle-no wpr-jarallax-no wpr-parallax-no wpr-sticky-section-no\" data-eae-slider=\"48614\" data-id=\"3c46341\" data-element_type=\"section\" data-settings=\"{&quot;_ha_eqh_enable&quot;:false}\">\n\t\t\t\t\t\t<div class=\"elementor-container elementor-column-gap-default\">\n\t\t\t\t\t<div class=\"has_eae_slider elementor-column elementor-col-100 elementor-top-column elementor-element elementor-element-2bf468f\" data-eae-slider=\"26184\" data-id=\"2bf468f\" data-element_type=\"column\">\n\t\t\t<div class=\"elementor-widget-wrap elementor-element-populated\">\n\t\t\t\t\t\t<div class=\"elementor-element elementor-element-f75c754 elementor-widget elementor-widget-text-editor\" data-id=\"f75c754\" data-element_type=\"widget\" data-widget_type=\"text-editor.default\">\n\t\t\t\t<div class=\"elementor-widget-container\">\n\t\t\t\t\t\t\t\t\t<p style=\"text-align: justify;\"><span style=\"color: #000000;\"><strong>DB &#8211; O filme foi dublado em S\u00e3o Paulo, n\u00e9? Voc\u00ea e o Isaac foram chamados pra dublar o filme assim mesmo. Isso prova que a voz do He-Man n\u00e3o tem substituto.<br \/><\/strong><\/span><\/p>\t\t\t\t\t\t\t\t<\/div>\n\t\t\t\t<\/div>\n\t\t\t\t<div class=\"elementor-element elementor-element-45b99de elementor-widget elementor-widget-text-editor\" data-id=\"45b99de\" data-element_type=\"widget\" data-widget_type=\"text-editor.default\">\n\t\t\t\t<div class=\"elementor-widget-container\">\n\t\t\t\t\t\t\t\t\t<p style=\"text-align: justify;\"><span style=\"color: #000000;\"><strong>GJ<\/strong> &#8211; \u00c9, foi engra\u00e7ado porque na \u00e9poca que o filme estava pra ser lan\u00e7ado eu morava em Portugal, ent\u00e3o meu pai conversou com a distribuidora e falou: \u201cOlha, ele t\u00e1 morando l\u00e1, ele teria que vir\u201d. Eu morei nove meses l\u00e1, ou seja, deu tempo de eu voltar e fazer o filme ainda. Enfim, foi muito gratificante tamb\u00e9m, foi interessante ter passado por essa experi\u00eancia.<br \/><\/span><\/p>\t\t\t\t\t\t\t\t<\/div>\n\t\t\t\t<\/div>\n\t\t\t\t\t<\/div>\n\t\t<\/div>\n\t\t\t\t\t<\/div>\n\t\t<\/section>\n\t\t\t\t<section class=\"has_eae_slider elementor-section elementor-top-section elementor-element elementor-element-0c84f53 elementor-section-boxed elementor-section-height-default elementor-section-height-default wpr-particle-no wpr-jarallax-no wpr-parallax-no wpr-sticky-section-no\" data-eae-slider=\"43919\" data-id=\"0c84f53\" data-element_type=\"section\" data-settings=\"{&quot;_ha_eqh_enable&quot;:false}\">\n\t\t\t\t\t\t<div class=\"elementor-container elementor-column-gap-default\">\n\t\t\t\t\t<div class=\"has_eae_slider elementor-column elementor-col-100 elementor-top-column elementor-element elementor-element-7b9141b\" data-eae-slider=\"17551\" data-id=\"7b9141b\" data-element_type=\"column\">\n\t\t\t<div class=\"elementor-widget-wrap elementor-element-populated\">\n\t\t\t\t\t\t<div class=\"elementor-element elementor-element-06efe91 elementor-widget elementor-widget-text-editor\" data-id=\"06efe91\" data-element_type=\"widget\" data-widget_type=\"text-editor.default\">\n\t\t\t\t<div class=\"elementor-widget-container\">\n\t\t\t\t\t\t\t\t\t<p style=\"text-align: justify;\"><span style=\"color: #000000;\"><strong>DB &#8211; Agora&#8230; Arnold Schwarzenegger! Como foi que ator acabou tendo a voz do Garcia J\u00fanior no Brasil?<br \/><\/strong><\/span><\/p>\t\t\t\t\t\t\t\t<\/div>\n\t\t\t\t<\/div>\n\t\t\t\t<div class=\"elementor-element elementor-element-ad0ceb8 elementor-widget elementor-widget-text-editor\" data-id=\"ad0ceb8\" data-element_type=\"widget\" data-widget_type=\"text-editor.default\">\n\t\t\t\t<div class=\"elementor-widget-container\">\n\t\t\t\t\t\t\t\t\t<p style=\"text-align: justify;\"><span style=\"color: #000000;\"><strong>GJ<\/strong> &#8211; Isso foi outra coisa que eu devo ao diretor Garcia Neto, meu pai, ele me escalou, ele conversou com a pessoa que era administradora na \u00e9poca, na Herbert, a Helena. A gente tinha assistido, na verdade, Conan \u2013 O B\u00e1rbaro no cinema, eu e ele, a gente tinha ido assistir juntos e gostamos muito. Eu falei: \u201cP\u00f4, o cara \u00e9 forte, tem uma voz assim e tal\u201d. E a\u00ed ele falou: \u201cBom, eu acho que d\u00e1 pra voc\u00ea fazer. A partir dali, foi a primeira vez que dublei o Schwarzenegger, e foi mais ou menos na \u00e9poca que o He-Man, na verdade, era um cara forte tamb\u00e9m, de espada e tal, acho que houve essa associa\u00e7\u00e3o.<br \/><\/span><\/p>\t\t\t\t\t\t\t\t<\/div>\n\t\t\t\t<\/div>\n\t\t\t\t\t<\/div>\n\t\t<\/div>\n\t\t\t\t\t<\/div>\n\t\t<\/section>\n\t\t\t\t<section class=\"has_eae_slider elementor-section elementor-top-section elementor-element elementor-element-7fb5a93 elementor-section-boxed elementor-section-height-default elementor-section-height-default wpr-particle-no wpr-jarallax-no wpr-parallax-no wpr-sticky-section-no\" data-eae-slider=\"94016\" data-id=\"7fb5a93\" data-element_type=\"section\" data-settings=\"{&quot;_ha_eqh_enable&quot;:false}\">\n\t\t\t\t\t\t<div class=\"elementor-container elementor-column-gap-default\">\n\t\t\t\t\t<div class=\"has_eae_slider elementor-column elementor-col-100 elementor-top-column elementor-element elementor-element-aa7d314\" data-eae-slider=\"28575\" data-id=\"aa7d314\" data-element_type=\"column\">\n\t\t\t<div class=\"elementor-widget-wrap elementor-element-populated\">\n\t\t\t\t\t\t<div class=\"elementor-element elementor-element-43081a8 elementor-widget elementor-widget-text-editor\" data-id=\"43081a8\" data-element_type=\"widget\" data-widget_type=\"text-editor.default\">\n\t\t\t\t<div class=\"elementor-widget-container\">\n\t\t\t\t\t\t\t\t\t<p style=\"text-align: justify;\"><span style=\"color: #000000;\"><strong>DB &#8211; Falando nisso, n\u00e3o \u00e9 comum as pessoas conhec\u00ea-lo pessoalmente, e dizer que achavam que voc\u00ea tinha corpo de halterofilista? (risos)<br \/><\/strong><\/span><\/p>\t\t\t\t\t\t\t\t<\/div>\n\t\t\t\t<\/div>\n\t\t\t\t<div class=\"elementor-element elementor-element-76751dd elementor-widget elementor-widget-text-editor\" data-id=\"76751dd\" data-element_type=\"widget\" data-widget_type=\"text-editor.default\">\n\t\t\t\t<div class=\"elementor-widget-container\">\n\t\t\t\t\t\t\t\t\t<p style=\"text-align: justify;\"><span style=\"color: #000000;\"><strong>GJ<\/strong> &#8211; (risos) \u00c0s vezes acontece! Hoje em dia nem tanto, engra\u00e7ado isso, mesmo porque as pessoas n\u00e3o reconhecem t\u00e3o facilmente, elas n\u00e3o associam exatamente. Eu tava com um amigo outro dia no elevador, engra\u00e7ado isso, a pessoa fica olhando pra tr\u00e1s e v\u00ea que n\u00e3o \u00e9 exatamente quem ele esperava que fosse, mas tamb\u00e9m n\u00e3o sabe quem \u00e9, e a\u00ed fica uma coisa meio confusa na cabe\u00e7a dela.<\/span><\/p><p style=\"text-align: justify;\"><span style=\"color: #000000;\">Com 17 anos aconteceu isso, porque eu era muito magrinho, e houve duas coisas muito engra\u00e7adas, primeiro porque eu n\u00e3o gostava de falar que eu fazia o He-Man, eu tinha muita timidez nesse sentido, eu n\u00e3o conseguia, n\u00e3o gostava que a pessoa viesse pra mim e dissesse: \u201cDa pra voc\u00ea fazer a voz\u201d, morria de vergonha disso, ent\u00e3o eu evitava. E uma vez eu fui a uma festa com um amigo e ele fez o favor de dizer: \u201c\u00c9\u2026ele \u00e9 quem faz a voz do He-Man\u201d, a\u00ed o cara pra quem ele tava falando isso, olhou pra mim e disse: \u201cSai pra l\u00e1! Quem faz o He-Man \u00e9 um amigo meu\u201d. A\u00ed eu virei assim pro meu amigo e disse: \u201cT\u00e1 vendo? Isso \u00e9 pra voc\u00ea deixar de ser mentiroso na frente dos outros, eu disse que um dia voc\u00ea ia encontrar algu\u00e9m que conhecesse quem faz o He-Man!\u201d. A\u00ed ele ficou com a cara dura, e pronto, acabou com a brincadeira dele nesse sentido.<\/span><\/p>\t\t\t\t\t\t\t\t<\/div>\n\t\t\t\t<\/div>\n\t\t\t\t\t<\/div>\n\t\t<\/div>\n\t\t\t\t\t<\/div>\n\t\t<\/section>\n\t\t\t\t<section class=\"has_eae_slider elementor-section elementor-top-section elementor-element elementor-element-563ee98 elementor-section-boxed elementor-section-height-default elementor-section-height-default wpr-particle-no wpr-jarallax-no wpr-parallax-no wpr-sticky-section-no\" data-eae-slider=\"60979\" data-id=\"563ee98\" data-element_type=\"section\" data-settings=\"{&quot;_ha_eqh_enable&quot;:false}\">\n\t\t\t\t\t\t<div class=\"elementor-container elementor-column-gap-default\">\n\t\t\t\t\t<div class=\"has_eae_slider elementor-column elementor-col-100 elementor-top-column elementor-element elementor-element-30de00f\" data-eae-slider=\"25973\" data-id=\"30de00f\" data-element_type=\"column\">\n\t\t\t<div class=\"elementor-widget-wrap elementor-element-populated\">\n\t\t\t\t\t\t<div class=\"elementor-element elementor-element-1c1b89d elementor-widget elementor-widget-text-editor\" data-id=\"1c1b89d\" data-element_type=\"widget\" data-widget_type=\"text-editor.default\">\n\t\t\t\t<div class=\"elementor-widget-container\">\n\t\t\t\t\t\t\t\t\t<p style=\"text-align: justify;\"><span style=\"color: #000000;\"><strong>DB &#8211; Garcia, o Jorgeh Ramos dublou o primeiro Exterminador. Por que que isso aconteceu? Voc\u00ea j\u00e1 tinha dublado o Conan, n\u00e9?<br \/><\/strong><\/span><\/p>\t\t\t\t\t\t\t\t<\/div>\n\t\t\t\t<\/div>\n\t\t\t\t<div class=\"elementor-element elementor-element-78d04eb elementor-widget elementor-widget-text-editor\" data-id=\"78d04eb\" data-element_type=\"widget\" data-widget_type=\"text-editor.default\">\n\t\t\t\t<div class=\"elementor-widget-container\">\n\t\t\t\t\t\t\t\t\t<p style=\"text-align: justify;\"><span style=\"color: #000000;\"><strong>GJ<\/strong> &#8211; \u00c9\u2026 porque na \u00e9poca esse filme tinha sido dublado na Delart, e voc\u00ea sabe como \u00e9 que \u00e9, dublagem tem uma coisa muito imediata, \u00e0s vezes voc\u00ea tem que cumprir um prazo de entrega e uma s\u00e9rie de coisas que saem muito da m\u00e3o do cliente e do diretor. Talvez tenha havido ambos os aspectos ali. Primeiro, do cliente n\u00e3o ter nenhuma import\u00e2ncia pra ele que se mudasse a voz e que n\u00e3o necessariamente fosse a mesma pessoa que tinha feito o Conan, e segundo porque talvez tivesse uma pressa de prazo que eu n\u00e3o pudesse atend\u00ea-los naquele momento, eu n\u00e3o sei muito bem qual teria sido o caso. De qualquer maneira tamb\u00e9m o Jorgeh foi muit\u00edssimo bem.<\/span><\/p>\t\t\t\t\t\t\t\t<\/div>\n\t\t\t\t<\/div>\n\t\t\t\t\t<\/div>\n\t\t<\/div>\n\t\t\t\t\t<\/div>\n\t\t<\/section>\n\t\t\t\t<section class=\"has_eae_slider elementor-section elementor-top-section elementor-element elementor-element-66a8f98 elementor-section-boxed elementor-section-height-default elementor-section-height-default wpr-particle-no wpr-jarallax-no wpr-parallax-no wpr-sticky-section-no\" data-eae-slider=\"88000\" data-id=\"66a8f98\" data-element_type=\"section\" data-settings=\"{&quot;_ha_eqh_enable&quot;:false}\">\n\t\t\t\t\t\t<div class=\"elementor-container elementor-column-gap-default\">\n\t\t\t\t\t<div class=\"has_eae_slider elementor-column elementor-col-100 elementor-top-column elementor-element elementor-element-beb2bc0\" data-eae-slider=\"84369\" data-id=\"beb2bc0\" data-element_type=\"column\">\n\t\t\t<div class=\"elementor-widget-wrap elementor-element-populated\">\n\t\t\t\t\t\t<div class=\"elementor-element elementor-element-0faf071 elementor-widget elementor-widget-text-editor\" data-id=\"0faf071\" data-element_type=\"widget\" data-widget_type=\"text-editor.default\">\n\t\t\t\t<div class=\"elementor-widget-container\">\n\t\t\t\t\t\t\t\t\t<p style=\"text-align: justify;\"><span style=\"color: #000000;\"><strong>DB &#8211; Um dos trabalhos mais primorosos de sua carreira \u00e9 o Roger Rabbit. Ali voc\u00ea mostra o talento necess\u00e1rio de um dublador que \u00e9 mudar a voz. Comente um pouco sobre isso.<br \/><\/strong><\/span><\/p>\t\t\t\t\t\t\t\t<\/div>\n\t\t\t\t<\/div>\n\t\t\t\t<div class=\"elementor-element elementor-element-2d4bc9b elementor-widget elementor-widget-text-editor\" data-id=\"2d4bc9b\" data-element_type=\"widget\" data-widget_type=\"text-editor.default\">\n\t\t\t\t<div class=\"elementor-widget-container\">\n\t\t\t\t\t\t\t\t\t<p style=\"text-align: justify;\"><span style=\"color: #000000;\"><strong>GJ<\/strong> &#8211; Olha, como voc\u00ea falou bem no in\u00edcio da nossa conversa, a gente tem como premissa a quest\u00e3o daquilo que o original prop\u00f5e, porque muitas vezes voc\u00ea recebe um trabalho pra dublar muito em cima da hora e na quest\u00e3o original as pessoas pesquisaram meses uma s\u00e9rie de outros aspectos daquelas personagens pra compor um filme animado ou uma s\u00e9rie. Ent\u00e3o, consequentemente, se voc\u00ea for atr\u00e1s daquilo que est\u00e1 no original voc\u00ea n\u00e3o vai errar, porque tudo aquilo foi pensado durante mais tempo do que voc\u00ea teve pra pensar durante a dublagem. Ent\u00e3o \u00e9 sempre o que eu procuro analisar, procuro ver o que est\u00e1 sendo feito no original e procuro chegar mais ou menos perto, na medida do poss\u00edvel, da minha dic\u00e7\u00e3o vocal.<br \/><\/span><\/p>\t\t\t\t\t\t\t\t<\/div>\n\t\t\t\t<\/div>\n\t\t\t\t\t<\/div>\n\t\t<\/div>\n\t\t\t\t\t<\/div>\n\t\t<\/section>\n\t\t\t\t<section class=\"has_eae_slider elementor-section elementor-top-section elementor-element elementor-element-07d8993 elementor-section-boxed elementor-section-height-default elementor-section-height-default wpr-particle-no wpr-jarallax-no wpr-parallax-no wpr-sticky-section-no\" data-eae-slider=\"92969\" data-id=\"07d8993\" data-element_type=\"section\" data-settings=\"{&quot;_ha_eqh_enable&quot;:false}\">\n\t\t\t\t\t\t<div class=\"elementor-container elementor-column-gap-default\">\n\t\t\t\t\t<div class=\"has_eae_slider elementor-column elementor-col-100 elementor-top-column elementor-element elementor-element-7f92bcd\" data-eae-slider=\"69686\" data-id=\"7f92bcd\" data-element_type=\"column\">\n\t\t\t<div class=\"elementor-widget-wrap elementor-element-populated\">\n\t\t\t\t\t\t<div class=\"elementor-element elementor-element-de5f9bb elementor-widget elementor-widget-text-editor\" data-id=\"de5f9bb\" data-element_type=\"widget\" data-widget_type=\"text-editor.default\">\n\t\t\t\t<div class=\"elementor-widget-container\">\n\t\t\t\t\t\t\t\t\t<p style=\"text-align: justify;\"><span style=\"color: #000000;\"><strong>DB &#8211; A\u00ed o talento tamb\u00e9m conta, n\u00e9?<br \/><\/strong><\/span><\/p>\t\t\t\t\t\t\t\t<\/div>\n\t\t\t\t<\/div>\n\t\t\t\t<div class=\"elementor-element elementor-element-f52df15 elementor-widget elementor-widget-text-editor\" data-id=\"f52df15\" data-element_type=\"widget\" data-widget_type=\"text-editor.default\">\n\t\t\t\t<div class=\"elementor-widget-container\">\n\t\t\t\t\t\t\t\t\t<p style=\"text-align: justify;\"><span style=\"color: #000000;\"><strong>GJ<\/strong> &#8211; <\/span><span style=\"color: #000000;\">A\u00ed tem uma estradinha. Quando voc\u00ea j\u00e1 tem alguns anos de ch\u00e3o voc\u00ea vai aprendendo a ficar melhor nesse aspecto. Experi\u00eancia \u00e9 muito importante, n\u00e3o \u00e9 tudo evidentemente, come\u00e7a-se pelo princ\u00edpio do talento, mas a experi\u00eancia \u00e9 fundamental. Eu sempre digo: \u201cComo \u00e9 que eu dublei sem nunca ter dublado\u201d, eu nunca tinha dublado, mas eu assistia dublagem durante dez anos da minha vida. Ent\u00e3o assistir um determinado trabalho e ver como ele funciona \u00e9 muito importante pra voc\u00ea aprender alguma coisa daquilo, mesmo sem querer. Eu me peguei depois pensando sobre esse processo.<\/span><\/p><p style=\"text-align: justify;\"><span style=\"color: #000000;\">Quando crian\u00e7a, quando eu ia pro est\u00fadio depois da aula encontrar com meu pai e minha m\u00e3e, eu sentava l\u00e1 quietinho e muitas vezes como eu n\u00e3o tinha nada o que fazer, quando o ator tava ali memorizando a fala ou ensaiando, eu decorava junto e dublava mentalmente. Era meio que uma brincadeira de dublar pra passar o tempo. Ent\u00e3o quando eu comecei a fazer a coisa j\u00e1 tava meio que org\u00e2nica em mim e isso \u00e9 fundamental, que a gente tenha alguma experi\u00eancia, que a gente estude aquilo que a gente vai fazer, seja em dublagem, teatro, cinema, televis\u00e3o e r\u00e1dio.<\/span><\/p>\t\t\t\t\t\t\t\t<\/div>\n\t\t\t\t<\/div>\n\t\t\t\t<div class=\"elementor-element elementor-element-496724a elementor-widget elementor-widget-image\" data-id=\"496724a\" data-element_type=\"widget\" data-widget_type=\"image.default\">\n\t\t\t\t<div class=\"elementor-widget-container\">\n\t\t\t\t\t\t\t\t\t\t\t\t<figure class=\"wp-caption\">\n\t\t\t\t\t\t\t\t\t\t<img decoding=\"async\" width=\"640\" height=\"451\" data-src=\"https:\/\/dublagembrasileira.com.br\/wp-content\/uploads\/2019\/07\/garciajunior2.jpg\" class=\"attachment-large size-large wp-image-755 lazyload\" alt=\"\" data-srcset=\"https:\/\/dublagembrasileira.com.br\/wp-content\/uploads\/2019\/07\/garciajunior2.jpg 704w, https:\/\/dublagembrasileira.com.br\/wp-content\/uploads\/2019\/07\/garciajunior2-300x211.jpg 300w\" data-sizes=\"(max-width: 640px) 100vw, 640px\" src=\"data:image\/svg+xml;base64,PHN2ZyB3aWR0aD0iMSIgaGVpZ2h0PSIxIiB4bWxucz0iaHR0cDovL3d3dy53My5vcmcvMjAwMC9zdmciPjwvc3ZnPg==\" style=\"--smush-placeholder-width: 640px; --smush-placeholder-aspect-ratio: 640\/451;\" \/>\t\t\t\t\t\t\t\t\t\t\t<figcaption class=\"widget-image-caption wp-caption-text\">Participa\u00e7\u00e3o na novela Liberdade Liberdade na Rede Globo.<\/figcaption>\n\t\t\t\t\t\t\t\t\t\t<\/figure>\n\t\t\t\t\t\t\t\t\t<\/div>\n\t\t\t\t<\/div>\n\t\t\t\t\t<\/div>\n\t\t<\/div>\n\t\t\t\t\t<\/div>\n\t\t<\/section>\n\t\t\t\t<section class=\"has_eae_slider elementor-section elementor-top-section elementor-element elementor-element-a308598 elementor-section-boxed elementor-section-height-default elementor-section-height-default wpr-particle-no wpr-jarallax-no wpr-parallax-no wpr-sticky-section-no\" data-eae-slider=\"45237\" data-id=\"a308598\" data-element_type=\"section\" data-settings=\"{&quot;_ha_eqh_enable&quot;:false}\">\n\t\t\t\t\t\t<div class=\"elementor-container elementor-column-gap-default\">\n\t\t\t\t\t<div class=\"has_eae_slider elementor-column elementor-col-100 elementor-top-column elementor-element elementor-element-9d41532\" data-eae-slider=\"57073\" data-id=\"9d41532\" data-element_type=\"column\">\n\t\t\t<div class=\"elementor-widget-wrap elementor-element-populated\">\n\t\t\t\t\t\t<div class=\"elementor-element elementor-element-b39c7c5 elementor-widget elementor-widget-text-editor\" data-id=\"b39c7c5\" data-element_type=\"widget\" data-widget_type=\"text-editor.default\">\n\t\t\t\t<div class=\"elementor-widget-container\">\n\t\t\t\t\t\t\t\t\t<p style=\"text-align: justify;\"><span style=\"color: #000000;\"><strong>DB &#8211; Voc\u00ea dublou em S\u00e3o Paulo e no Rio. Qual a grande diferen\u00e7a entre as duas dublagens?<br \/><\/strong><\/span><\/p>\t\t\t\t\t\t\t\t<\/div>\n\t\t\t\t<\/div>\n\t\t\t\t<div class=\"elementor-element elementor-element-a04aa47 elementor-widget elementor-widget-text-editor\" data-id=\"a04aa47\" data-element_type=\"widget\" data-widget_type=\"text-editor.default\">\n\t\t\t\t<div class=\"elementor-widget-container\">\n\t\t\t\t\t\t\t\t\t<p style=\"text-align: justify;\"><span style=\"color: #000000;\"><strong>GJ<\/strong> &#8211;\u00a0As pessoas falam muito de regionalismo, o que eu acho que n\u00e3o pesa tanto. Eu acho que a boa dublagem \u00e9 aquela que consegue impersoalisar isso, ou seja, voc\u00ea nem ficar dublando carioqu\u00eas nem paulist\u00eas nem nada que seja muito calcado em sotaques regionais. Eu acho que antigamente, a quest\u00e3o de uns 20 ou 30 anos essa preocupa\u00e7\u00e3o era um pouco maior, hoje em dia, claro, como voc\u00ea tem muitas coisas, s\u00e9ries aproximadas do cotidiano, essas s\u00e9ries fant\u00e1sticas que a gente tinha como T\u00fanel do Tempo, Terra de Gigantes, Perdidos no Espa\u00e7o, n\u00e3o \u00e9 mais uma t\u00f4nica das series televisivas, elas est\u00e3o mais se aproximando a um Seinfield, Friends, \u00e0s coisas que v\u00eam mais pr\u00f3ximas da nossa realidade ou da realidade cotidiana americana. H\u00e1 uma maior necessidade de se traduzir isso para uma realidade local e evidentemente se voc\u00ea est\u00e1 em S\u00e3o Paulo voc\u00ea vai traduzir para sua realidade local em S\u00e3o Paulo se voc\u00ea est\u00e1 no Rio vai traduzir essa realidade local para o Rio de Janeiro. Fundamentalmente \u00e9 isso.<\/span><\/p><p style=\"text-align: justify;\"><span style=\"color: #000000;\">Eu conhe\u00e7o os profissionais dos dois mercados e tenho um profundo respeito pelos bons profissionais dos dois mercados.<\/span><\/p>\t\t\t\t\t\t\t\t<\/div>\n\t\t\t\t<\/div>\n\t\t\t\t\t<\/div>\n\t\t<\/div>\n\t\t\t\t\t<\/div>\n\t\t<\/section>\n\t\t\t\t<section class=\"has_eae_slider elementor-section elementor-top-section elementor-element elementor-element-f9f95c1 elementor-section-boxed elementor-section-height-default elementor-section-height-default wpr-particle-no wpr-jarallax-no wpr-parallax-no wpr-sticky-section-no\" data-eae-slider=\"3971\" data-id=\"f9f95c1\" data-element_type=\"section\" data-settings=\"{&quot;_ha_eqh_enable&quot;:false}\">\n\t\t\t\t\t\t<div class=\"elementor-container elementor-column-gap-default\">\n\t\t\t\t\t<div class=\"has_eae_slider elementor-column elementor-col-100 elementor-top-column elementor-element elementor-element-430b985\" data-eae-slider=\"73278\" data-id=\"430b985\" data-element_type=\"column\">\n\t\t\t<div class=\"elementor-widget-wrap elementor-element-populated\">\n\t\t\t\t\t\t<div class=\"elementor-element elementor-element-42bb407 elementor-widget elementor-widget-text-editor\" data-id=\"42bb407\" data-element_type=\"widget\" data-widget_type=\"text-editor.default\">\n\t\t\t\t<div class=\"elementor-widget-container\">\n\t\t\t\t\t\t\t\t\t<p style=\"text-align: justify;\"><span style=\"color: #000000;\"><strong>DB &#8211; No que a experi\u00eancia trabalhando em frente \u00e0s c\u00e2meras, como na novela Tudo ou Nada ou em epis\u00f3dios do Voc\u00ea Decide, contribuiu para sua forma\u00e7\u00e3o como ator?<br \/><\/strong><\/span><\/p>\t\t\t\t\t\t\t\t<\/div>\n\t\t\t\t<\/div>\n\t\t\t\t<div class=\"elementor-element elementor-element-4eee7cf elementor-widget elementor-widget-text-editor\" data-id=\"4eee7cf\" data-element_type=\"widget\" data-widget_type=\"text-editor.default\">\n\t\t\t\t<div class=\"elementor-widget-container\">\n\t\t\t\t\t\t\t\t\t<p style=\"text-align: justify;\"><span style=\"color: #000000;\"><strong>GJ<\/strong> &#8211; <\/span><span style=\"color: #000000;\">Eu fiz muito teatro tamb\u00e9m aqui no Rio de Janeiro. Durante cinco anos eu trabalhei com grandes diretores, com uma grande diretora excelente de musical e de um feeling maravilhoso que \u00e9 a Cininha de Paula; eu trabalhei com Sergio Tierre que al\u00e9m de ser um grande diretor \u00e9 um tremendo de um mestre, uma pessoa generos\u00edssima no seu processo de trabalho, no sentido de ensinar mesmo, de trocar com os atores com quem ele trabalha, ent\u00e3o eu fui muito feliz de trabalhar com duas pessoas assim de um calibre enorme, de uma experi\u00eancia e de uma generosidade muito grande em teatro.<\/span><\/p><p style=\"text-align: justify;\"><span style=\"color: #000000;\">Eu acho que \u00e9 fundamental pro ator, mesmo que ele se fundamente na dublagem ou qualquer outro seguimento da carreira, que ele diversifique, porque primeiro ele vai ver as diferentes dificuldades que cada ve\u00edculo coloca pra ele e ele vai ter que passar essas barreiras, passar essas dificuldades, aprender a lidar com elas e aprender a lidar com outras tecnalidades de diferentes vertentes da profiss\u00e3o do ator. E acho que isso s\u00f3 vem a enriquecer o seu trabalho. E na verdade tamb\u00e9m a dublagem foi muito importante quando eu cheguei nessas outras vertentes porque voc\u00ea tem um poder de compreens\u00e3o de texto e de s\u00edntese desse texto atrav\u00e9s do fato de voc\u00ea ter visto e lido muita coisa de forma muito r\u00e1pida e muito imediata. Ent\u00e3o eu acho que a dublagem ajuda muito o ator nessas outras \u00e1reas e essas outras \u00e1reas ajudam muito o ator dentro da dublagem.<\/span><\/p>\t\t\t\t\t\t\t\t<\/div>\n\t\t\t\t<\/div>\n\t\t\t\t\t<\/div>\n\t\t<\/div>\n\t\t\t\t\t<\/div>\n\t\t<\/section>\n\t\t\t\t<section class=\"has_eae_slider elementor-section elementor-top-section elementor-element elementor-element-818fce7 elementor-section-boxed elementor-section-height-default elementor-section-height-default wpr-particle-no wpr-jarallax-no wpr-parallax-no wpr-sticky-section-no\" data-eae-slider=\"14355\" data-id=\"818fce7\" data-element_type=\"section\" data-settings=\"{&quot;_ha_eqh_enable&quot;:false}\">\n\t\t\t\t\t\t<div class=\"elementor-container elementor-column-gap-default\">\n\t\t\t\t\t<div class=\"has_eae_slider elementor-column elementor-col-100 elementor-top-column elementor-element elementor-element-4fcfe7c\" data-eae-slider=\"90266\" data-id=\"4fcfe7c\" data-element_type=\"column\">\n\t\t\t<div class=\"elementor-widget-wrap elementor-element-populated\">\n\t\t\t\t\t\t<div class=\"elementor-element elementor-element-928ecd6 elementor-widget elementor-widget-text-editor\" data-id=\"928ecd6\" data-element_type=\"widget\" data-widget_type=\"text-editor.default\">\n\t\t\t\t<div class=\"elementor-widget-container\">\n\t\t\t\t\t\t\t\t\t<p style=\"text-align: justify;\"><span style=\"color: #000000;\"><strong>DB &#8211; Dentro da imensa filmografia que voc\u00ea tem, algum personagem te marcou e pouca gente o menciona?<br \/><\/strong><\/span><\/p>\t\t\t\t\t\t\t\t<\/div>\n\t\t\t\t<\/div>\n\t\t\t\t<div class=\"elementor-element elementor-element-36cb5b4 elementor-widget elementor-widget-text-editor\" data-id=\"36cb5b4\" data-element_type=\"widget\" data-widget_type=\"text-editor.default\">\n\t\t\t\t<div class=\"elementor-widget-container\">\n\t\t\t\t\t\t\t\t\t<p style=\"text-align: justify;\"><span style=\"color: #000000;\"><strong>GJ<\/strong> &#8211;\u00a0<\/span><span style=\"color: #000000;\">Eu gosto muito de um trabalho. Engra\u00e7ado que houve uma cr\u00edtica antes dele estrear. Eu fiz r\u00e1dio tamb\u00e9m, eu fui locutor de r\u00e1dio em Portugal, comecei minha carreira como locutor l\u00e1 em Portugal e depois trabalhei aqui no Rio de Janeiro em algumas r\u00e1dios. E quando eu voltei de Portugal, eu tinha assistido l\u00e1 um filme com Robin Williams chamado \u201cBom Dia Vietn\u00e3\u201d, que ele fazia um locutor em Saigon. Eu achei o filme fant\u00e1stico e como eu tinha ambas experi\u00eancias, esse filme eu pedi muito pra fazer. Pedi o texto antes, o script, levei as coisas pra casa e estudei aquilo, coisa que hoje em dia eu fico muito feliz que muita gente faz, mas n\u00e3o era uma coisa muito habitual na \u00e9poca em que aconteceu, 1989 mais ou menos. E eu procurei fazer realmente o melhor deste trabalho, acredito que tenha conseguido fazer um trabalho satisfat\u00f3rio com a dire\u00e7\u00e3o maravilhosa do Jos\u00e9 Santanna que foi primordial tamb\u00e9m e generos\u00edssimo pra que eu pudesse alcan\u00e7ar um trabalho satisfat\u00f3rio.<\/span><\/p><p style=\"text-align: justify;\"><span style=\"color: #000000;\">Mas o engra\u00e7ado \u00e9 que um jornal do Rio de Janeiro antes do filme ser exibido na Rede Globo, e como era um filme realmente muito dif\u00edcil que ele falava muito r\u00e1pido, o jornal colocou assim: \u201cE a dublagem deve estar estragando\u2026.deve\u2026. estar estragando o filme.\u201d<\/span><\/p>\t\t\t\t\t\t\t\t<\/div>\n\t\t\t\t<\/div>\n\t\t\t\t\t<\/div>\n\t\t<\/div>\n\t\t\t\t\t<\/div>\n\t\t<\/section>\n\t\t\t\t<section class=\"has_eae_slider elementor-section elementor-top-section elementor-element elementor-element-60ec4ec elementor-section-boxed elementor-section-height-default elementor-section-height-default wpr-particle-no wpr-jarallax-no wpr-parallax-no wpr-sticky-section-no\" data-eae-slider=\"6815\" data-id=\"60ec4ec\" data-element_type=\"section\" data-settings=\"{&quot;_ha_eqh_enable&quot;:false}\">\n\t\t\t\t\t\t<div class=\"elementor-container elementor-column-gap-default\">\n\t\t\t\t\t<div class=\"has_eae_slider elementor-column elementor-col-100 elementor-top-column elementor-element elementor-element-94235d0\" data-eae-slider=\"30566\" data-id=\"94235d0\" data-element_type=\"column\">\n\t\t\t<div class=\"elementor-widget-wrap elementor-element-populated\">\n\t\t\t\t\t\t<div class=\"elementor-element elementor-element-9b4edc9 elementor-widget elementor-widget-text-editor\" data-id=\"9b4edc9\" data-element_type=\"widget\" data-widget_type=\"text-editor.default\">\n\t\t\t\t<div class=\"elementor-widget-container\">\n\t\t\t\t\t\t\t\t\t<p style=\"text-align: justify;\"><span style=\"color: #000000;\"><strong>DB &#8211; (risos) O eterno preconceito com a dublagem, n\u00e9?<br \/><\/strong><\/span><\/p>\t\t\t\t\t\t\t\t<\/div>\n\t\t\t\t<\/div>\n\t\t\t\t<div class=\"elementor-element elementor-element-89eb96e elementor-widget elementor-widget-text-editor\" data-id=\"89eb96e\" data-element_type=\"widget\" data-widget_type=\"text-editor.default\">\n\t\t\t\t<div class=\"elementor-widget-container\">\n\t\t\t\t\t\t\t\t\t<p style=\"text-align: justify;\"><span style=\"color: #000000;\"><strong>GJ<\/strong> &#8211;\u00a0(risos) Exatamente! Isso sempre me marcou. Essa hist\u00f3ria! Esse filme ficou com essa coloca\u00e7\u00e3o, antes de ele ser exibido na televis\u00e3o tinha uma cr\u00edtica negativa \u00e0 dublagem. Mas a maior cr\u00edtica positiva veio de um grande colega, um grande profissional que foi o Newton da Matta, que ap\u00f3s a exibi\u00e7\u00e3o do filme, no dia seguinte ele escreveu uma resenha e colocou l\u00e1 no quadro da Herbert Richers elogiando o trabalho e tal, de forma muito generosa. Newton falecido e que fazia brilhantemente o Bruce Willis.<\/span><\/p>\t\t\t\t\t\t\t\t<\/div>\n\t\t\t\t<\/div>\n\t\t\t\t\t<\/div>\n\t\t<\/div>\n\t\t\t\t\t<\/div>\n\t\t<\/section>\n\t\t\t\t<section class=\"has_eae_slider elementor-section elementor-top-section elementor-element elementor-element-5aff745 elementor-section-boxed elementor-section-height-default elementor-section-height-default wpr-particle-no wpr-jarallax-no wpr-parallax-no wpr-sticky-section-no\" data-eae-slider=\"2260\" data-id=\"5aff745\" data-element_type=\"section\" data-settings=\"{&quot;_ha_eqh_enable&quot;:false}\">\n\t\t\t\t\t\t<div class=\"elementor-container elementor-column-gap-default\">\n\t\t\t\t\t<div class=\"has_eae_slider elementor-column elementor-col-100 elementor-top-column elementor-element elementor-element-7fdf6a4\" data-eae-slider=\"74369\" data-id=\"7fdf6a4\" data-element_type=\"column\">\n\t\t\t<div class=\"elementor-widget-wrap elementor-element-populated\">\n\t\t\t\t\t\t<div class=\"elementor-element elementor-element-fcae430 elementor-widget elementor-widget-text-editor\" data-id=\"fcae430\" data-element_type=\"widget\" data-widget_type=\"text-editor.default\">\n\t\t\t\t<div class=\"elementor-widget-container\">\n\t\t\t\t\t\t\t\t\t<p style=\"text-align: justify;\"><span style=\"color: #000000;\"><strong>DB &#8211; Que companheiro de dublagem te deu mais prazer em trabalhar? Com qual aprendeu mais?<br \/><\/strong><\/span><\/p>\t\t\t\t\t\t\t\t<\/div>\n\t\t\t\t<\/div>\n\t\t\t\t<div class=\"elementor-element elementor-element-5901da7 elementor-widget elementor-widget-text-editor\" data-id=\"5901da7\" data-element_type=\"widget\" data-widget_type=\"text-editor.default\">\n\t\t\t\t<div class=\"elementor-widget-container\">\n\t\t\t\t\t\t\t\t\t<p style=\"text-align: justify;\"><span style=\"color: #000000;\"><strong>GJ<\/strong> &#8211; Ah, Iza\u00edas essa pergunta \u00e9 imposs\u00edvel de ser respondida, porque a lista n\u00e3o iria acabar hoje! Eu digo a voc\u00ea o seguinte: eu aprendi com todas as pessoas com quem eu trabalhei na minha vida em dublagem. Verdadeiramente, pode parecer clich\u00ea e confete, mas n\u00e3o \u00e9 n\u00e3o! Mesmo com as pessoas com quem eu n\u00e3o me identifiquei, tive dificuldades, essas me ensinaram outras coisas muito importantes como quando voc\u00ea aprende com grandes profissionais. Agora o fato de eu ter assistido, por exemplo em S\u00e3o Paulo, na minha \u00e9poca de crian\u00e7a, profissionais da maior grandeza trabalharem durante tantos anos, eu n\u00e3o quero dizer nomes aqui porque eu vou esquecer tanta gente boa, mas, Nelson Batista, Marcos Miranda, Jos\u00e9 Soares, meu Deus do c\u00e9u! \u00c9 uma infinidade de nomes que n\u00e3o vai caber nessa lista, mas aprendi com cada e todos eles.<br \/><\/span><\/p>\t\t\t\t\t\t\t\t<\/div>\n\t\t\t\t<\/div>\n\t\t\t\t\t<\/div>\n\t\t<\/div>\n\t\t\t\t\t<\/div>\n\t\t<\/section>\n\t\t\t\t<section class=\"has_eae_slider elementor-section elementor-top-section elementor-element elementor-element-ee5ecbb elementor-section-boxed elementor-section-height-default elementor-section-height-default wpr-particle-no wpr-jarallax-no wpr-parallax-no wpr-sticky-section-no\" data-eae-slider=\"2524\" data-id=\"ee5ecbb\" data-element_type=\"section\" data-settings=\"{&quot;_ha_eqh_enable&quot;:false}\">\n\t\t\t\t\t\t<div class=\"elementor-container elementor-column-gap-default\">\n\t\t\t\t\t<div class=\"has_eae_slider elementor-column elementor-col-100 elementor-top-column elementor-element elementor-element-f09775c\" data-eae-slider=\"93446\" data-id=\"f09775c\" data-element_type=\"column\">\n\t\t\t<div class=\"elementor-widget-wrap elementor-element-populated\">\n\t\t\t\t\t\t<div class=\"elementor-element elementor-element-2224862 elementor-widget elementor-widget-text-editor\" data-id=\"2224862\" data-element_type=\"widget\" data-widget_type=\"text-editor.default\">\n\t\t\t\t<div class=\"elementor-widget-container\">\n\t\t\t\t\t\t\t\t\t<p style=\"text-align: justify;\"><span style=\"color: #000000;\"><strong>DB &#8211; Voc\u00ea foi diretor de cria\u00e7\u00e3o da Disney Character Voices International, fale um pouquinho pra gente dessa atividade.<br \/><\/strong><\/span><\/p>\t\t\t\t\t\t\t\t<\/div>\n\t\t\t\t<\/div>\n\t\t\t\t<div class=\"elementor-element elementor-element-063b4a3 elementor-widget elementor-widget-text-editor\" data-id=\"063b4a3\" data-element_type=\"widget\" data-widget_type=\"text-editor.default\">\n\t\t\t\t<div class=\"elementor-widget-container\">\n\t\t\t\t\t\t\t\t\t<p style=\"text-align: justify;\"><span style=\"color: #000000;\"><strong>GJ<\/strong> &#8211; Eu era respons\u00e1vel por todos os trabalhos em portugu\u00eas da Disney uma coisa abrangente e delicada, evidentemente. Me deu muito prazer de poder trabalhar com gente t\u00e3o talentosa e descobrir gente nova. <\/span><\/p><p style=\"text-align: justify;\"><span style=\"color: #000000;\">Trabalhar com gente que est\u00e1 em outras vertentes, em outros mercados, eu trouxe muita gente do teatro pra fazer os nossos musicais principalmente, gente de qualidade vocal e t\u00e9cnica como cantores estupendos e atores maravilhosos, enfim \u00e9 um trabalho dif\u00edcil porque lida com uma s\u00e9rie de produtos e t\u00edtulos muito grande, mas \u00e9 um trabalho que me deu muito prazer.<br \/><\/span><\/p>\t\t\t\t\t\t\t\t<\/div>\n\t\t\t\t<\/div>\n\t\t\t\t\t<\/div>\n\t\t<\/div>\n\t\t\t\t\t<\/div>\n\t\t<\/section>\n\t\t\t\t<section class=\"has_eae_slider elementor-section elementor-top-section elementor-element elementor-element-a5df8a5 elementor-section-boxed elementor-section-height-default elementor-section-height-default wpr-particle-no wpr-jarallax-no wpr-parallax-no wpr-sticky-section-no\" data-eae-slider=\"25392\" data-id=\"a5df8a5\" data-element_type=\"section\" data-settings=\"{&quot;_ha_eqh_enable&quot;:false}\">\n\t\t\t\t\t\t<div class=\"elementor-container elementor-column-gap-default\">\n\t\t\t\t\t<div class=\"has_eae_slider elementor-column elementor-col-100 elementor-top-column elementor-element elementor-element-23d0a9f\" data-eae-slider=\"26155\" data-id=\"23d0a9f\" data-element_type=\"column\">\n\t\t\t<div class=\"elementor-widget-wrap elementor-element-populated\">\n\t\t\t\t\t\t<div class=\"elementor-element elementor-element-a70bea3 elementor-widget elementor-widget-text-editor\" data-id=\"a70bea3\" data-element_type=\"widget\" data-widget_type=\"text-editor.default\">\n\t\t\t\t<div class=\"elementor-widget-container\">\n\t\t\t\t\t\t\t\t\t<p style=\"text-align: justify;\"><span style=\"color: #000000;\"><strong>DB &#8211; Ent\u00e3o Garcia, escalar atores da TV para anima\u00e7\u00f5es da Disney, \u00e9 uma pr\u00e1tica que vem levantando cr\u00edticas de f\u00e3s da dublagem e at\u00e9 de alguns profissionais da \u00e1rea. Como voc\u00ea v\u00ea essas cr\u00edticas?<br \/><\/strong><\/span><\/p>\t\t\t\t\t\t\t\t<\/div>\n\t\t\t\t<\/div>\n\t\t\t\t<div class=\"elementor-element elementor-element-83928d7 elementor-widget elementor-widget-text-editor\" data-id=\"83928d7\" data-element_type=\"widget\" data-widget_type=\"text-editor.default\">\n\t\t\t\t<div class=\"elementor-widget-container\">\n\t\t\t\t\t\t\t\t\t<p style=\"text-align: justify;\"><span style=\"color: #000000;\"><strong>GJ<\/strong> &#8211; Primeiro que eu n\u00e3o vejo isso como cr\u00edtica, eu acho que cada um diz o quer, porque \u00e9 direito de cada um manifestar o seu pensamento de forma livre e completa. <\/span><\/p><p style=\"text-align: justify;\"><span style=\"color: #000000;\">O que eu tenho a dizer \u00e9 o seguinte: eu trabalho com atores\u2026ponto. Atores que s\u00e3o profissionais\u2026ponto de novo, estejam eles na dublagem, no cinema, na televis\u00e3o, no teatro ou no r\u00e1dio. Eu conhe\u00e7o muita gente de tantas outras \u00e1reas que s\u00e3o bons atores e n\u00e3o s\u00e3o bons profissionais e vice e versa. Eu trabalho com atores e bons profissionais.<br \/><\/span><\/p>\t\t\t\t\t\t\t\t<\/div>\n\t\t\t\t<\/div>\n\t\t\t\t\t<\/div>\n\t\t<\/div>\n\t\t\t\t\t<\/div>\n\t\t<\/section>\n\t\t\t\t<section class=\"has_eae_slider elementor-section elementor-top-section elementor-element elementor-element-0ea8123 elementor-section-boxed elementor-section-height-default elementor-section-height-default wpr-particle-no wpr-jarallax-no wpr-parallax-no wpr-sticky-section-no\" data-eae-slider=\"62166\" data-id=\"0ea8123\" data-element_type=\"section\" data-settings=\"{&quot;_ha_eqh_enable&quot;:false}\">\n\t\t\t\t\t\t<div class=\"elementor-container elementor-column-gap-default\">\n\t\t\t\t\t<div class=\"has_eae_slider elementor-column elementor-col-100 elementor-top-column elementor-element elementor-element-8b9f312\" data-eae-slider=\"67973\" data-id=\"8b9f312\" data-element_type=\"column\">\n\t\t\t<div class=\"elementor-widget-wrap elementor-element-populated\">\n\t\t\t\t\t\t<div class=\"elementor-element elementor-element-5a94b75 elementor-widget elementor-widget-text-editor\" data-id=\"5a94b75\" data-element_type=\"widget\" data-widget_type=\"text-editor.default\">\n\t\t\t\t<div class=\"elementor-widget-container\">\n\t\t\t\t\t\t\t\t\t<p style=\"text-align: justify;\"><span style=\"color: #000000;\"><strong>DB &#8211; Seria a mesma coisa de vetar um dublador na televis\u00e3o.<br \/><\/strong><\/span><\/p>\t\t\t\t\t\t\t\t<\/div>\n\t\t\t\t<\/div>\n\t\t\t\t<div class=\"elementor-element elementor-element-a993f09 elementor-widget elementor-widget-text-editor\" data-id=\"a993f09\" data-element_type=\"widget\" data-widget_type=\"text-editor.default\">\n\t\t\t\t<div class=\"elementor-widget-container\">\n\t\t\t\t\t\t\t\t\t<p style=\"text-align: justify;\"><span style=\"color: #000000;\"><strong>GJ<\/strong> &#8211; \u00c9\u2026Ali\u00e1s, um dia, a Marieta Severo disse isso muito bem, Marieta falou: \u201cEngra\u00e7ado, eu n\u00e3o pergunto o que o cara faz todo dia quando ele vai fazer uma pe\u00e7a de teatro, o que me interessa \u00e9 saber se ele \u00e9 bom e se ele \u00e9 profissional\u201d.<br \/><\/span><\/p>\t\t\t\t\t\t\t\t<\/div>\n\t\t\t\t<\/div>\n\t\t\t\t\t<\/div>\n\t\t<\/div>\n\t\t\t\t\t<\/div>\n\t\t<\/section>\n\t\t\t\t<section class=\"has_eae_slider elementor-section elementor-top-section elementor-element elementor-element-da68b71 elementor-section-boxed elementor-section-height-default elementor-section-height-default wpr-particle-no wpr-jarallax-no wpr-parallax-no wpr-sticky-section-no\" data-eae-slider=\"18296\" data-id=\"da68b71\" data-element_type=\"section\" data-settings=\"{&quot;_ha_eqh_enable&quot;:false}\">\n\t\t\t\t\t\t<div class=\"elementor-container elementor-column-gap-default\">\n\t\t\t\t\t<div class=\"has_eae_slider elementor-column elementor-col-100 elementor-top-column elementor-element elementor-element-c200680\" data-eae-slider=\"23525\" data-id=\"c200680\" data-element_type=\"column\">\n\t\t\t<div class=\"elementor-widget-wrap elementor-element-populated\">\n\t\t\t\t\t\t<div class=\"elementor-element elementor-element-574198d elementor-widget elementor-widget-text-editor\" data-id=\"574198d\" data-element_type=\"widget\" data-widget_type=\"text-editor.default\">\n\t\t\t\t<div class=\"elementor-widget-container\">\n\t\t\t\t\t\t\t\t\t<p style=\"text-align: justify;\"><span style=\"color: #000000;\"><strong>DB &#8211; Garcia, muito obrigado pelo papo, sucesso! Eu queria que voc\u00ea deixasse uma mensagem para os Infanautas.<br \/><\/strong><\/span><\/p>\t\t\t\t\t\t\t\t<\/div>\n\t\t\t\t<\/div>\n\t\t\t\t<div class=\"elementor-element elementor-element-9bf141a elementor-widget elementor-widget-text-editor\" data-id=\"9bf141a\" data-element_type=\"widget\" data-widget_type=\"text-editor.default\">\n\t\t\t\t<div class=\"elementor-widget-container\">\n\t\t\t\t\t\t\t\t\t<p style=\"text-align: justify;\"><span style=\"color: #000000;\"><strong>GJ<\/strong> &#8211; A \u00fanica mensagem que eu queria deixar \u00e9 a de carinho e de agradecimento por todas as mensagens que eu tenho lido e de parab\u00e9ns tamb\u00e9m ao site que eu tenho lido as entrevistas de outros colegas e tenho visto a seriedade e o carinho que voc\u00eas t\u00eam tido com a profiss\u00e3o da dublagem especificamente, que \u00e9 uma coisa t\u00e3o dif\u00edcil e muitas vezes n\u00e3o reconhecida da maneira como ela deveria ser.<br \/><\/span><\/p>\t\t\t\t\t\t\t\t<\/div>\n\t\t\t\t<\/div>\n\t\t\t\t<div class=\"elementor-element elementor-element-8422dd6 elementor-widget elementor-widget-text-editor\" data-id=\"8422dd6\" data-element_type=\"widget\" data-widget_type=\"text-editor.default\">\n\t\t\t\t<div class=\"elementor-widget-container\">\n\t\t\t\t\t\t\t\t\t<p style=\"text-align: center;\">Entrevista originalmente publicada no site <a href=\"http:\/\/www.infantv.com.br\">InfanTV<\/a>.<\/p>\t\t\t\t\t\t\t\t<\/div>\n\t\t\t\t<\/div>\n\t\t\t\t\t<\/div>\n\t\t<\/div>\n\t\t\t\t\t<\/div>\n\t\t<\/section>\n\t\t\t\t<\/div>\n\t\t","protected":false},"excerpt":{"rendered":"<p>Entrevista realizada por Iza\u00edas Correia Manoel Garcia J\u00fanior \u00e9 uma das vozes mais conhecidas da nossa dublagem. Quantas vezes n\u00e3o o ouvimos citando f\u00f3rmulas malucas em seus \u201cmacgyverismos\u201d ou ainda gritando \u201cpelos poderes de Greyskull\u201d? Garcia J\u00fanior nasceu no dia 2 de mar\u00e7o de 1967, em S\u00e3o Paulo. Filho dos dubladores Garcia Neto e Dolores Machado, Garcia J\u00fanior come\u00e7ou a carreira muito cedo na dublagem. Garcia \u00e9 voz no Brasil de personagens marcantes como He-Man, MacGyver e Capit\u00e3o Kirk. Marcou uma infinidade de atores dos anos 80 como: Harrison Ford, Patrick Swayze, Kevin Costner, Kurt Russell, Denzel Washington, Robin Williams, Jean-Claude Van Damme e Willem Dafoe. Como ator, Garcia esteve presente na novela de Jos\u00e9 Ant\u00f4nio de Souza na Rede Manchete, Tudo ou Nada, de 1996, onde ele interpretava o personagem Rubinho. Ele ocupou o cargo de diretor de cria\u00e7\u00e3o da Disney Character Voices International Inc., durante 17 anos, entre 1994 e 2011, quando foi substitu\u00eddo por Marina Appelt e R\u00e1ul Aldana, respectivamente. Com voc\u00eas a voz de todos os sujeit\u00f5es truculentos da d\u00e9cada de 1980\u2026.Garcia J\u00fanior. \u201cEu trabalho com atores\u2026 Atores que s\u00e3o profissionais\u2026,estejam eles na dublagem, no cinema, na televis\u00e3o, no teatro ou no r\u00e1dio.\u201d Garcia J\u00fanior Dublagem Brasileira &#8211; Garcia, voc\u00ea come\u00e7ou sua carreira muito cedo, n\u00e9? Garcia J\u00fanior &#8211; \u00c9, eu comecei exatamente com dois anos de idade na TV Tupi, em 1969, num programa de televis\u00e3o chamado \u00c9 F\u00e1cil Ser Feliz. DB &#8211; Como foi esse in\u00edcio? GJ &#8211; Olha nessa fase, na verdade, eu n\u00e3o sabia nem o que estava fazendo. Meu pai era produtor desse programa, do Omar Cardoso, que era um astr\u00f3logo que tinha um programa em S\u00e3o Paulo e ele precisava de um c\u00fapido, de uma crian\u00e7a de uma idade bem baixa pra que ficasse ali, basicamente no palco, enquanto os cantores se apresentavam. Fizesse mais ou menos uma figura\u00e7\u00e3o ali e falasse umas coisinhas engra\u00e7adas. Como eu tinha a idade certa pra isso acabei fazendo o papel. Eu tinha o cabelo encaracoladinho, ent\u00e3o cai bem de c\u00fapido naquela \u00e9poca, mas eu n\u00e3o tinha muita no\u00e7\u00e3o do que eu tava fazendo. DB &#8211; A F\u00e1tima Mour\u00e3o nos disse numa entrevista que lembra de voc\u00ea, ainda muito menino, indo aos est\u00fadios de dublagem. Como \u00e9 que voc\u00ea seguiu o caminho dos seus pais? GJ &#8211; Pois \u00e9, isso aconteceu na verdade\u2026foi uma contram\u00e3o. Eu fiz esse programa na Tupi em 1969 e depois ainda fiz mais dois infantis na TV Record, um do Durval de Souza e outro do Palha\u00e7o Pimentinha, e durante algum tempo com uns 4 ou 5 anos e tal, fazendo parte do elenco infantil do que era a Xuxa na \u00e9poca, digamos assim. Mas s\u00f3 que meus pais n\u00e3o queriam essa carreira pra mim. Meus pais come\u00e7aram em r\u00e1dio, depois foram pra dublagem, meu pai tamb\u00e9m fez assist\u00eancia de dire\u00e7\u00e3o em cinema e televis\u00e3o, e eles sabiam o qu\u00e3o dif\u00edcil essa carreira \u00e9 em v\u00e1rios aspectos. Ent\u00e3o, verdadeiramente, eu fui criado dentro da r\u00e1dio S\u00e3o Paulo, depois acompanhei meu pai aos est\u00fadios desde sempre, bem como minha m\u00e3e, mas eles n\u00e3o queriam essa carreira pra mim. Isso aconteceu meio que por acaso, porque o Olney Cazarr\u00e9 que fazia o Pica-pau, mudou-se pro Rio de Janeiro. Eu, embora more hoje no Rio de Janeiro, more a 28 anos no Rio de Janeiro, sou paulistano com muito orgulho, e estava em S\u00e3o Paulo em 1977, evidentemente, quando o Olney mudou-se pro Rio, pra fazer televis\u00e3o, pra fazer novela. Consequentemente, abriu-se uma lacuna ali no personagem principal da s\u00e9rie o Pica-pau. Eu fiz o teste de brincadeira, e mais porque a minha m\u00e3e insistiu, porque eu era muito t\u00edmido ainda, e sempre fui! Hoje em dia eu lido melhor com isso, mas quando crian\u00e7a era dif\u00edcil de lidar. Eu fiz o teste, e na verdade mandaram pro distribuidor e ele acabou me escolhendo. DB &#8211; Grande responsabilidade substituir o Cazarr\u00e9 ainda menino, n\u00e9? GJ &#8211; Pois \u00e9, verdade! E foram duas coisas muito interessantes. Primeiro porque o Ednir que era o respons\u00e1vel pela MCA \u2013 Universal, na \u00e9poca, ele falou: \u201cgostei dessa menina\u201d, a\u00ed falaram: \u201cmas n\u00e3o \u00e9 menina, e outra, ele nem \u00e9 dublador, ele \u00e9 filho do Garcia Neto\u201c, ele disse: \u201cbom, filho de peixe, peixinho \u00e9, voc\u00eas mandaram eu escolher \u00e9 quem eu quero pra fazer\u201d. Um outro diretor na \u00e9poca, na verdade, era quem iria dirigir a s\u00e9rie, uma pessoa muito querida e que teve uma postura de honestidade pra comigo e pra com meu pai muito grande, porque ele quando soube que eu iria fazer o personagem, ele falou: \u201cbom, eu n\u00e3o quero dirigir. Eu n\u00e3o vou pegar uma pessoa que n\u00e3o \u00e9 profissional pra encabe\u00e7ar uma s\u00e9rie dessa responsabilidade, eu n\u00e3o vou fazer isso\u201d. Meu pai ent\u00e3o se apresentou e disse: \u201colha, eu e a Dolores pedimos pra ele fazer o teste, de brincadeira, ele acabou fazendo e acabou ganhando, eu vou assumir essa responsabilidade, porque eu acho que ele tem capacidade de fazer\u201d. Duas semanas depois que eu tinha iniciado o trabalho, eu nunca tinha dublado at\u00e9 ent\u00e3o, esse outro diretor sentou-se conosco, comigo e com meu pai e disse: \u201colha eu vim aqui pra te pedir desculpas, como homem, porque eu tive essa atitude, assim, assim\u2026e foi uma atitude equivocada de minha parte\u201d. E foi muito bacana ele ter feito isso, ter tomado essa atitude, n\u00e9? E a partir dali eu comecei a minha carreira na dublagem e segui durante um bom tempo nela. No Programa Encontro com F\u00e1tima Bernardes DB &#8211; O trabalho de dublador geralmente \u00e9 realizado em cima de uma voz original que j\u00e1 existe. Em TV Colosso, foi o inverso, voc\u00eas tiveram que ajudar a criar as personagens. Explique um pouco desse processo? GJ &#8211; Ah, foi um trabalho muito legal! Primeiro porque eu trabalhava com amigos queridos. Eu devo muito essa parte da cria\u00e7\u00e3o tamb\u00e9m \u00e0 dire\u00e7\u00e3o do M\u00e1rio Jorge que \u00e9 uma pessoa generos\u00edssima como diretor, ent\u00e3o me deu bastante liberdade pra trabalhar, foi uma pessoa<\/p>\n","protected":false},"author":1,"featured_media":753,"comment_status":"open","ping_status":"open","sticky":false,"template":"","format":"standard","meta":{"_monsterinsights_skip_tracking":false,"_monsterinsights_sitenote_active":false,"_monsterinsights_sitenote_note":"","_monsterinsights_sitenote_category":0,"footnotes":""},"categories":[12],"tags":[33,34,27,78,81,79,80],"class_list":["post-751","post","type-post","status-publish","format-standard","has-post-thumbnail","hentry","category-entrevistas","tag-dublador","tag-dubladora","tag-dublagem","tag-entrevista","tag-garcia-junior","tag-perguntas","tag-respostas"],"yoast_head":"<!-- This site is optimized with the Yoast SEO plugin v26.1.1 - https:\/\/yoast.com\/wordpress\/plugins\/seo\/ -->\n<title>Entrevista: Garcia J\u00fanior a voz do He-man no Brasil. | DB - Dublagem Brasileira<\/title>\n<meta name=\"description\" content=\"Um bate-papo com o dublador Garcia J\u00fanior, respons\u00e1vel por dublar personagens como He-Man e MacGyver, al\u00e9m de filmes do Arnold Schwarzenegger.\" \/>\n<meta name=\"robots\" content=\"index, follow, max-snippet:-1, max-image-preview:large, max-video-preview:-1\" \/>\n<link rel=\"canonical\" href=\"https:\/\/dublagembrasileira.com.br\/?p=751\" \/>\n<meta property=\"og:locale\" content=\"pt_BR\" \/>\n<meta property=\"og:type\" content=\"article\" \/>\n<meta property=\"og:title\" content=\"Entrevista: Garcia J\u00fanior a voz do He-man no Brasil. | DB - Dublagem Brasileira\" \/>\n<meta property=\"og:description\" content=\"Um bate-papo com o dublador Garcia J\u00fanior, respons\u00e1vel por dublar personagens como He-Man e MacGyver, al\u00e9m de filmes do Arnold Schwarzenegger.\" \/>\n<meta property=\"og:url\" content=\"https:\/\/dublagembrasileira.com.br\/?p=751\" \/>\n<meta property=\"og:site_name\" content=\"DB - Dublagem Brasileira\" \/>\n<meta property=\"article:published_time\" content=\"2019-07-15T17:12:33+00:00\" \/>\n<meta property=\"article:modified_time\" content=\"2019-07-16T20:48:31+00:00\" \/>\n<meta property=\"og:image\" content=\"https:\/\/dublagembrasileira.com.br\/wp-content\/uploads\/2019\/07\/garciajr.jpg\" \/>\n\t<meta property=\"og:image:width\" content=\"704\" \/>\n\t<meta property=\"og:image:height\" content=\"496\" \/>\n\t<meta property=\"og:image:type\" content=\"image\/jpeg\" \/>\n<meta name=\"author\" content=\"Iza\u00edas Correia\" \/>\n<meta name=\"twitter:card\" content=\"summary_large_image\" \/>\n<meta name=\"twitter:label1\" content=\"Escrito por\" \/>\n\t<meta name=\"twitter:data1\" content=\"Iza\u00edas Correia\" \/>\n\t<meta name=\"twitter:label2\" content=\"Est. tempo de leitura\" \/>\n\t<meta name=\"twitter:data2\" content=\"23 minutos\" \/>\n<script type=\"application\/ld+json\" class=\"yoast-schema-graph\">{\"@context\":\"https:\/\/schema.org\",\"@graph\":[{\"@type\":\"Article\",\"@id\":\"https:\/\/dublagembrasileira.com.br\/?p=751#article\",\"isPartOf\":{\"@id\":\"https:\/\/dublagembrasileira.com.br\/?p=751\"},\"author\":{\"name\":\"Iza\u00edas Correia\",\"@id\":\"https:\/\/dublagembrasileira.com.br\/#\/schema\/person\/6298fd46a47d1ef447a90b2fc9f2b215\"},\"headline\":\"Entrevista: Garcia J\u00fanior a voz do He-man no Brasil.\",\"datePublished\":\"2019-07-15T17:12:33+00:00\",\"dateModified\":\"2019-07-16T20:48:31+00:00\",\"mainEntityOfPage\":{\"@id\":\"https:\/\/dublagembrasileira.com.br\/?p=751\"},\"wordCount\":4518,\"commentCount\":1,\"publisher\":{\"@id\":\"https:\/\/dublagembrasileira.com.br\/#organization\"},\"image\":{\"@id\":\"https:\/\/dublagembrasileira.com.br\/?p=751#primaryimage\"},\"thumbnailUrl\":\"https:\/\/dublagembrasileira.com.br\/wp-content\/uploads\/2019\/07\/garciajr.jpg\",\"keywords\":[\"dublador\",\"dubladora\",\"dublagem\",\"entrevista\",\"garcia j\u00fanior\",\"perguntas\",\"respostas\"],\"articleSection\":[\"Entrevistas\"],\"inLanguage\":\"pt-BR\",\"potentialAction\":[{\"@type\":\"CommentAction\",\"name\":\"Comment\",\"target\":[\"https:\/\/dublagembrasileira.com.br\/?p=751#respond\"]}]},{\"@type\":\"WebPage\",\"@id\":\"https:\/\/dublagembrasileira.com.br\/?p=751\",\"url\":\"https:\/\/dublagembrasileira.com.br\/?p=751\",\"name\":\"Entrevista: Garcia J\u00fanior a voz do He-man no Brasil. | DB - Dublagem Brasileira\",\"isPartOf\":{\"@id\":\"https:\/\/dublagembrasileira.com.br\/#website\"},\"primaryImageOfPage\":{\"@id\":\"https:\/\/dublagembrasileira.com.br\/?p=751#primaryimage\"},\"image\":{\"@id\":\"https:\/\/dublagembrasileira.com.br\/?p=751#primaryimage\"},\"thumbnailUrl\":\"https:\/\/dublagembrasileira.com.br\/wp-content\/uploads\/2019\/07\/garciajr.jpg\",\"datePublished\":\"2019-07-15T17:12:33+00:00\",\"dateModified\":\"2019-07-16T20:48:31+00:00\",\"description\":\"Um bate-papo com o dublador Garcia J\u00fanior, respons\u00e1vel por dublar personagens como He-Man e MacGyver, al\u00e9m de filmes do Arnold Schwarzenegger.\",\"breadcrumb\":{\"@id\":\"https:\/\/dublagembrasileira.com.br\/?p=751#breadcrumb\"},\"inLanguage\":\"pt-BR\",\"potentialAction\":[{\"@type\":\"ReadAction\",\"target\":[\"https:\/\/dublagembrasileira.com.br\/?p=751\"]}]},{\"@type\":\"ImageObject\",\"inLanguage\":\"pt-BR\",\"@id\":\"https:\/\/dublagembrasileira.com.br\/?p=751#primaryimage\",\"url\":\"https:\/\/dublagembrasileira.com.br\/wp-content\/uploads\/2019\/07\/garciajr.jpg\",\"contentUrl\":\"https:\/\/dublagembrasileira.com.br\/wp-content\/uploads\/2019\/07\/garciajr.jpg\",\"width\":704,\"height\":496},{\"@type\":\"BreadcrumbList\",\"@id\":\"https:\/\/dublagembrasileira.com.br\/?p=751#breadcrumb\",\"itemListElement\":[{\"@type\":\"ListItem\",\"position\":1,\"name\":\"In\u00edcio\",\"item\":\"https:\/\/dublagembrasileira.com.br\/\"},{\"@type\":\"ListItem\",\"position\":2,\"name\":\"Entrevista: Garcia J\u00fanior a voz do He-man no Brasil.\"}]},{\"@type\":\"WebSite\",\"@id\":\"https:\/\/dublagembrasileira.com.br\/#website\",\"url\":\"https:\/\/dublagembrasileira.com.br\/\",\"name\":\"DB - Dublagem Brasileira\",\"description\":\"O seu portal de dublagem.\",\"publisher\":{\"@id\":\"https:\/\/dublagembrasileira.com.br\/#organization\"},\"potentialAction\":[{\"@type\":\"SearchAction\",\"target\":{\"@type\":\"EntryPoint\",\"urlTemplate\":\"https:\/\/dublagembrasileira.com.br\/?s={search_term_string}\"},\"query-input\":{\"@type\":\"PropertyValueSpecification\",\"valueRequired\":true,\"valueName\":\"search_term_string\"}}],\"inLanguage\":\"pt-BR\"},{\"@type\":\"Organization\",\"@id\":\"https:\/\/dublagembrasileira.com.br\/#organization\",\"name\":\"DB - Dublagem Brasileira\",\"url\":\"https:\/\/dublagembrasileira.com.br\/\",\"logo\":{\"@type\":\"ImageObject\",\"inLanguage\":\"pt-BR\",\"@id\":\"https:\/\/dublagembrasileira.com.br\/#\/schema\/logo\/image\/\",\"url\":\"https:\/\/dublagembrasileira.com.br\/wp-content\/uploads\/2019\/07\/cropped-logotipodb.png\",\"contentUrl\":\"https:\/\/dublagembrasileira.com.br\/wp-content\/uploads\/2019\/07\/cropped-logotipodb.png\",\"width\":946,\"height\":589,\"caption\":\"DB - Dublagem Brasileira\"},\"image\":{\"@id\":\"https:\/\/dublagembrasileira.com.br\/#\/schema\/logo\/image\/\"}},{\"@type\":\"Person\",\"@id\":\"https:\/\/dublagembrasileira.com.br\/#\/schema\/person\/6298fd46a47d1ef447a90b2fc9f2b215\",\"name\":\"Iza\u00edas Correia\",\"image\":{\"@type\":\"ImageObject\",\"inLanguage\":\"pt-BR\",\"@id\":\"https:\/\/dublagembrasileira.com.br\/#\/schema\/person\/image\/\",\"url\":\"http:\/\/dublagembrasileira.com.br\/wp-content\/uploads\/2025\/06\/cropped-izaiascorreia-96x96.jpg\",\"contentUrl\":\"http:\/\/dublagembrasileira.com.br\/wp-content\/uploads\/2025\/06\/cropped-izaiascorreia-96x96.jpg\",\"caption\":\"Iza\u00edas Correia\"},\"description\":\"Professor, roteirista e web-designer, respons\u00e1vel pelo site InfanTv. Tamb\u00e9m \u00e9 pesquisador da dublagem brasileira.\",\"url\":\"https:\/\/dublagembrasileira.com.br\/?author=1\"}]}<\/script>\n<!-- \/ Yoast SEO plugin. -->","yoast_head_json":{"title":"Entrevista: Garcia J\u00fanior a voz do He-man no Brasil. | DB - Dublagem Brasileira","description":"Um bate-papo com o dublador Garcia J\u00fanior, respons\u00e1vel por dublar personagens como He-Man e MacGyver, al\u00e9m de filmes do Arnold Schwarzenegger.","robots":{"index":"index","follow":"follow","max-snippet":"max-snippet:-1","max-image-preview":"max-image-preview:large","max-video-preview":"max-video-preview:-1"},"canonical":"https:\/\/dublagembrasileira.com.br\/?p=751","og_locale":"pt_BR","og_type":"article","og_title":"Entrevista: Garcia J\u00fanior a voz do He-man no Brasil. | DB - Dublagem Brasileira","og_description":"Um bate-papo com o dublador Garcia J\u00fanior, respons\u00e1vel por dublar personagens como He-Man e MacGyver, al\u00e9m de filmes do Arnold Schwarzenegger.","og_url":"https:\/\/dublagembrasileira.com.br\/?p=751","og_site_name":"DB - Dublagem Brasileira","article_published_time":"2019-07-15T17:12:33+00:00","article_modified_time":"2019-07-16T20:48:31+00:00","og_image":[{"width":704,"height":496,"url":"https:\/\/dublagembrasileira.com.br\/wp-content\/uploads\/2019\/07\/garciajr.jpg","type":"image\/jpeg"}],"author":"Iza\u00edas Correia","twitter_card":"summary_large_image","twitter_misc":{"Escrito por":"Iza\u00edas Correia","Est. tempo de leitura":"23 minutos"},"schema":{"@context":"https:\/\/schema.org","@graph":[{"@type":"Article","@id":"https:\/\/dublagembrasileira.com.br\/?p=751#article","isPartOf":{"@id":"https:\/\/dublagembrasileira.com.br\/?p=751"},"author":{"name":"Iza\u00edas Correia","@id":"https:\/\/dublagembrasileira.com.br\/#\/schema\/person\/6298fd46a47d1ef447a90b2fc9f2b215"},"headline":"Entrevista: Garcia J\u00fanior a voz do He-man no Brasil.","datePublished":"2019-07-15T17:12:33+00:00","dateModified":"2019-07-16T20:48:31+00:00","mainEntityOfPage":{"@id":"https:\/\/dublagembrasileira.com.br\/?p=751"},"wordCount":4518,"commentCount":1,"publisher":{"@id":"https:\/\/dublagembrasileira.com.br\/#organization"},"image":{"@id":"https:\/\/dublagembrasileira.com.br\/?p=751#primaryimage"},"thumbnailUrl":"https:\/\/dublagembrasileira.com.br\/wp-content\/uploads\/2019\/07\/garciajr.jpg","keywords":["dublador","dubladora","dublagem","entrevista","garcia j\u00fanior","perguntas","respostas"],"articleSection":["Entrevistas"],"inLanguage":"pt-BR","potentialAction":[{"@type":"CommentAction","name":"Comment","target":["https:\/\/dublagembrasileira.com.br\/?p=751#respond"]}]},{"@type":"WebPage","@id":"https:\/\/dublagembrasileira.com.br\/?p=751","url":"https:\/\/dublagembrasileira.com.br\/?p=751","name":"Entrevista: Garcia J\u00fanior a voz do He-man no Brasil. | DB - Dublagem Brasileira","isPartOf":{"@id":"https:\/\/dublagembrasileira.com.br\/#website"},"primaryImageOfPage":{"@id":"https:\/\/dublagembrasileira.com.br\/?p=751#primaryimage"},"image":{"@id":"https:\/\/dublagembrasileira.com.br\/?p=751#primaryimage"},"thumbnailUrl":"https:\/\/dublagembrasileira.com.br\/wp-content\/uploads\/2019\/07\/garciajr.jpg","datePublished":"2019-07-15T17:12:33+00:00","dateModified":"2019-07-16T20:48:31+00:00","description":"Um bate-papo com o dublador Garcia J\u00fanior, respons\u00e1vel por dublar personagens como He-Man e MacGyver, al\u00e9m de filmes do Arnold Schwarzenegger.","breadcrumb":{"@id":"https:\/\/dublagembrasileira.com.br\/?p=751#breadcrumb"},"inLanguage":"pt-BR","potentialAction":[{"@type":"ReadAction","target":["https:\/\/dublagembrasileira.com.br\/?p=751"]}]},{"@type":"ImageObject","inLanguage":"pt-BR","@id":"https:\/\/dublagembrasileira.com.br\/?p=751#primaryimage","url":"https:\/\/dublagembrasileira.com.br\/wp-content\/uploads\/2019\/07\/garciajr.jpg","contentUrl":"https:\/\/dublagembrasileira.com.br\/wp-content\/uploads\/2019\/07\/garciajr.jpg","width":704,"height":496},{"@type":"BreadcrumbList","@id":"https:\/\/dublagembrasileira.com.br\/?p=751#breadcrumb","itemListElement":[{"@type":"ListItem","position":1,"name":"In\u00edcio","item":"https:\/\/dublagembrasileira.com.br\/"},{"@type":"ListItem","position":2,"name":"Entrevista: Garcia J\u00fanior a voz do He-man no Brasil."}]},{"@type":"WebSite","@id":"https:\/\/dublagembrasileira.com.br\/#website","url":"https:\/\/dublagembrasileira.com.br\/","name":"DB - Dublagem Brasileira","description":"O seu portal de dublagem.","publisher":{"@id":"https:\/\/dublagembrasileira.com.br\/#organization"},"potentialAction":[{"@type":"SearchAction","target":{"@type":"EntryPoint","urlTemplate":"https:\/\/dublagembrasileira.com.br\/?s={search_term_string}"},"query-input":{"@type":"PropertyValueSpecification","valueRequired":true,"valueName":"search_term_string"}}],"inLanguage":"pt-BR"},{"@type":"Organization","@id":"https:\/\/dublagembrasileira.com.br\/#organization","name":"DB - Dublagem Brasileira","url":"https:\/\/dublagembrasileira.com.br\/","logo":{"@type":"ImageObject","inLanguage":"pt-BR","@id":"https:\/\/dublagembrasileira.com.br\/#\/schema\/logo\/image\/","url":"https:\/\/dublagembrasileira.com.br\/wp-content\/uploads\/2019\/07\/cropped-logotipodb.png","contentUrl":"https:\/\/dublagembrasileira.com.br\/wp-content\/uploads\/2019\/07\/cropped-logotipodb.png","width":946,"height":589,"caption":"DB - Dublagem Brasileira"},"image":{"@id":"https:\/\/dublagembrasileira.com.br\/#\/schema\/logo\/image\/"}},{"@type":"Person","@id":"https:\/\/dublagembrasileira.com.br\/#\/schema\/person\/6298fd46a47d1ef447a90b2fc9f2b215","name":"Iza\u00edas Correia","image":{"@type":"ImageObject","inLanguage":"pt-BR","@id":"https:\/\/dublagembrasileira.com.br\/#\/schema\/person\/image\/","url":"http:\/\/dublagembrasileira.com.br\/wp-content\/uploads\/2025\/06\/cropped-izaiascorreia-96x96.jpg","contentUrl":"http:\/\/dublagembrasileira.com.br\/wp-content\/uploads\/2025\/06\/cropped-izaiascorreia-96x96.jpg","caption":"Iza\u00edas Correia"},"description":"Professor, roteirista e web-designer, respons\u00e1vel pelo site InfanTv. Tamb\u00e9m \u00e9 pesquisador da dublagem brasileira.","url":"https:\/\/dublagembrasileira.com.br\/?author=1"}]}},"rttpg_featured_image_url":{"full":["https:\/\/dublagembrasileira.com.br\/wp-content\/uploads\/2019\/07\/garciajr.jpg",704,496,false],"landscape":["https:\/\/dublagembrasileira.com.br\/wp-content\/uploads\/2019\/07\/garciajr.jpg",704,496,false],"portraits":["https:\/\/dublagembrasileira.com.br\/wp-content\/uploads\/2019\/07\/garciajr.jpg",704,496,false],"thumbnail":["https:\/\/dublagembrasileira.com.br\/wp-content\/uploads\/2019\/07\/garciajr-150x150.jpg",150,150,true],"medium":["https:\/\/dublagembrasileira.com.br\/wp-content\/uploads\/2019\/07\/garciajr-300x211.jpg",300,211,true],"large":["https:\/\/dublagembrasileira.com.br\/wp-content\/uploads\/2019\/07\/garciajr.jpg",640,451,false],"1536x1536":["https:\/\/dublagembrasileira.com.br\/wp-content\/uploads\/2019\/07\/garciajr.jpg",704,496,false],"2048x2048":["https:\/\/dublagembrasileira.com.br\/wp-content\/uploads\/2019\/07\/garciajr.jpg",704,496,false],"eggnews-slider-large":["https:\/\/dublagembrasileira.com.br\/wp-content\/uploads\/2019\/07\/garciajr.jpg",704,496,false],"eggnews-featured-medium":["https:\/\/dublagembrasileira.com.br\/wp-content\/uploads\/2019\/07\/garciajr-420x307.jpg",420,307,true],"eggnews-featured-long":["https:\/\/dublagembrasileira.com.br\/wp-content\/uploads\/2019\/07\/garciajr-300x443.jpg",300,443,true],"eggnews-block-medium":["https:\/\/dublagembrasileira.com.br\/wp-content\/uploads\/2019\/07\/garciajr-464x290.jpg",464,290,true],"eggnews-carousel-image":["https:\/\/dublagembrasileira.com.br\/wp-content\/uploads\/2019\/07\/garciajr-600x496.jpg",600,496,true],"eggnews-block-thumb":["https:\/\/dublagembrasileira.com.br\/wp-content\/uploads\/2019\/07\/garciajr-322x230.jpg",322,230,true],"eggnews-single-large":["https:\/\/dublagembrasileira.com.br\/wp-content\/uploads\/2019\/07\/garciajr.jpg",704,496,false],"crp_thumbnail":["https:\/\/dublagembrasileira.com.br\/wp-content\/uploads\/2019\/07\/garciajr-150x150.jpg",150,150,true]},"rttpg_author":{"display_name":"Iza\u00edas Correia","author_link":"https:\/\/dublagembrasileira.com.br\/?author=1"},"rttpg_comment":5,"rttpg_category":"<a href=\"https:\/\/dublagembrasileira.com.br\/?cat=12\" rel=\"category\">Entrevistas<\/a>","rttpg_excerpt":"Entrevista realizada por Iza\u00edas Correia Manoel Garcia J\u00fanior \u00e9 uma das vozes mais conhecidas da nossa dublagem. Quantas vezes n\u00e3o o ouvimos citando f\u00f3rmulas malucas em seus \u201cmacgyverismos\u201d ou ainda gritando \u201cpelos poderes de Greyskull\u201d? Garcia J\u00fanior nasceu no dia 2 de mar\u00e7o de 1967, em S\u00e3o Paulo. Filho dos dubladores Garcia Neto e Dolores&hellip;","_links":{"self":[{"href":"https:\/\/dublagembrasileira.com.br\/index.php?rest_route=\/wp\/v2\/posts\/751","targetHints":{"allow":["GET"]}}],"collection":[{"href":"https:\/\/dublagembrasileira.com.br\/index.php?rest_route=\/wp\/v2\/posts"}],"about":[{"href":"https:\/\/dublagembrasileira.com.br\/index.php?rest_route=\/wp\/v2\/types\/post"}],"author":[{"embeddable":true,"href":"https:\/\/dublagembrasileira.com.br\/index.php?rest_route=\/wp\/v2\/users\/1"}],"replies":[{"embeddable":true,"href":"https:\/\/dublagembrasileira.com.br\/index.php?rest_route=%2Fwp%2Fv2%2Fcomments&post=751"}],"version-history":[{"count":3,"href":"https:\/\/dublagembrasileira.com.br\/index.php?rest_route=\/wp\/v2\/posts\/751\/revisions"}],"predecessor-version":[{"id":759,"href":"https:\/\/dublagembrasileira.com.br\/index.php?rest_route=\/wp\/v2\/posts\/751\/revisions\/759"}],"wp:featuredmedia":[{"embeddable":true,"href":"https:\/\/dublagembrasileira.com.br\/index.php?rest_route=\/wp\/v2\/media\/753"}],"wp:attachment":[{"href":"https:\/\/dublagembrasileira.com.br\/index.php?rest_route=%2Fwp%2Fv2%2Fmedia&parent=751"}],"wp:term":[{"taxonomy":"category","embeddable":true,"href":"https:\/\/dublagembrasileira.com.br\/index.php?rest_route=%2Fwp%2Fv2%2Fcategories&post=751"},{"taxonomy":"post_tag","embeddable":true,"href":"https:\/\/dublagembrasileira.com.br\/index.php?rest_route=%2Fwp%2Fv2%2Ftags&post=751"}],"curies":[{"name":"wp","href":"https:\/\/api.w.org\/{rel}","templated":true}]}}