{"id":7303,"date":"2021-08-04T15:45:21","date_gmt":"2021-08-04T15:45:21","guid":{"rendered":"https:\/\/dublagembrasileira.com.br\/?p=7303"},"modified":"2021-08-10T20:29:37","modified_gmt":"2021-08-10T20:29:37","slug":"gabriella-bicalho-protagoniza-elenco-de-vozes-em-terror-frances-na-netflix","status":"publish","type":"post","link":"https:\/\/dublagembrasileira.com.br\/?p=7303","title":{"rendered":"Gabriella Bicalho protagoniza elenco de vozes em terror franc\u00eas na Netflix."},"content":{"rendered":"<h4><em>Filme chega no pr\u00f3ximo dia 6 na plataforma, com dublagem realizada pela Delart.<\/em><\/h4>\n<hr \/>\n<p style=\"text-align: justify;\">Uma nuvem de gafanhotos j\u00e1 causa um certo p\u00e2nico, agora, imagina uma grande quantidade dos insetos em busca de sangue, \u00e9 ainda mais assustador. Essa \u00e9 a premissa de <a href=\"https:\/\/www.netflix.com\/br\/title\/81222576\"><b>A Nuvem<\/b><\/a>\u00a0(La Nu\u00e9e) a pr\u00f3xima aposta de terror da <a href=\"https:\/\/www.netflix.com\/br\/\">Netflix<\/a>.<\/p>\n<p style=\"text-align: justify;\">Just Philippot dirige esse terror franc\u00eas onde uma criadora de gafanhotos descobre algo que muda sua forma de lidar com os insetos.<\/p>\n<p style=\"text-align: justify;\">A dire\u00e7\u00e3o de dublagem \u00e9 de Andrea Murucci e teve um trabalho de adapta\u00e7\u00e3o realizado na Delart. A protagonista recebeu a voz de Gabriella Bicalho, cuja voz \u00e9 conhecida por trabalhos como: Alma Rey<span style=\"font-size: 1rem;\"> (<\/span><strong>Rebelde<\/strong>), Dee Dee<span style=\"font-size: 1rem;\"> (<strong>Liga da Justi\u00e7a Sem Limites<\/strong>), <\/span>Ashley Banks<span style=\"font-size: 1rem;\"> (<strong>Um Maluco no Peda\u00e7o<\/strong>) e <\/span>Natalie Tennyson<span style=\"font-size: 1rem;\"> (<strong>Ben 10: Supremacia Alien\u00edgena<\/strong>).<\/span><\/p>\n<p style=\"text-align: justify;\">Ainda no elenco de vozes est\u00e1 Raphaela Santoro (Laura), Gil Mesquita (Karim), Jo\u00e3o Pedro Texeira (Gaston), Filipe Albuquerque (Pascal) e Duda Ribeiro (Briand).<\/p>\n<p style=\"text-align: justify;\">O filme estreia no pr\u00f3ximo dia 6.<\/p>\n<p><strong>Veja o trailer abaixo:\u00a0<\/strong><\/p>\n<p><div class=\"ose-youtube ose-uid-526a928e625146a67ad3a709fd556f68 ose-embedpress-responsive\" style=\"width:600px; height:550px; max-height:550px; max-width:100%; display:inline-block;\" data-embed-type=\"Youtube\"><iframe allowFullScreen=\"true\" title=\"The Swarm | Official Trailer | Netflix\" width=\"600\" height=\"550\" data-src=\"https:\/\/www.youtube.com\/embed\/si5irFBLe5s?feature=oembed&color=red&rel=0&controls=1&start=&end=&fs=0&iv_load_policy=0&autoplay=0&mute=0&modestbranding=0&cc_load_policy=1&playsinline=1\" frameborder=\"0\" allow=\"accelerometer; encrypted-media;accelerometer;autoplay;clipboard-write;gyroscope;picture-in-picture clipboard-write; encrypted-media; gyroscope; picture-in-picture; web-share\" referrerpolicy=\"strict-origin-when-cross-origin\" allowfullscreen src=\"data:image\/svg+xml;base64,PHN2ZyB3aWR0aD0iMSIgaGVpZ2h0PSIxIiB4bWxucz0iaHR0cDovL3d3dy53My5vcmcvMjAwMC9zdmciPjwvc3ZnPg==\" class=\"lazyload\" data-load-mode=\"1\"><\/iframe><\/div><\/p>\n<p>&nbsp;<\/p>\n","protected":false},"excerpt":{"rendered":"<p>Filme chega no pr\u00f3ximo dia 6 na plataforma, com dublagem realizada pela Delart. Uma nuvem de gafanhotos j\u00e1 causa um certo p\u00e2nico, agora, imagina uma grande quantidade dos insetos em busca de sangue, \u00e9 ainda mais assustador. Essa \u00e9 a premissa de A Nuvem\u00a0(La Nu\u00e9e) a pr\u00f3xima aposta de terror da Netflix. Just Philippot dirige esse terror franc\u00eas onde uma criadora de gafanhotos descobre algo que muda sua forma de lidar com os insetos. A dire\u00e7\u00e3o de dublagem \u00e9 de Andrea Murucci e teve um trabalho de adapta\u00e7\u00e3o realizado na Delart. A protagonista recebeu a voz de Gabriella Bicalho, cuja voz \u00e9 conhecida por trabalhos como: Alma Rey (Rebelde), Dee Dee (Liga da Justi\u00e7a Sem Limites), Ashley Banks (Um Maluco no Peda\u00e7o) e Natalie Tennyson (Ben 10: Supremacia Alien\u00edgena). Ainda no elenco de vozes est\u00e1 Raphaela Santoro (Laura), Gil Mesquita (Karim), Jo\u00e3o Pedro Texeira (Gaston), Filipe Albuquerque (Pascal) e Duda Ribeiro (Briand). O filme estreia no pr\u00f3ximo dia 6. Veja o trailer abaixo:\u00a0 &nbsp;<\/p>\n","protected":false},"author":4,"featured_media":7311,"comment_status":"open","ping_status":"open","sticky":false,"template":"","format":"standard","meta":{"_monsterinsights_skip_tracking":false,"_monsterinsights_sitenote_active":false,"_monsterinsights_sitenote_note":"","_monsterinsights_sitenote_category":0,"footnotes":""},"categories":[2,13,158,8],"tags":[],"class_list":["post-7303","post","type-post","status-publish","format-standard","has-post-thumbnail","hentry","category-filmes","category-noticias","category-streaming","category-televisao"],"yoast_head":"<!-- This site is optimized with the Yoast SEO plugin v26.1.1 - https:\/\/yoast.com\/wordpress\/plugins\/seo\/ -->\n<title>Gabriella Bicalho protagoniza elenco de vozes em terror franc\u00eas na Netflix. | DB - Dublagem Brasileira<\/title>\n<meta name=\"description\" content=\"Filme chega no pr\u00f3ximo dia 6 na plataforma, com dublagem realizada pela Delart.\" \/>\n<meta name=\"robots\" content=\"index, follow, max-snippet:-1, max-image-preview:large, max-video-preview:-1\" \/>\n<link rel=\"canonical\" href=\"https:\/\/dublagembrasileira.com.br\/?p=7303\" \/>\n<meta property=\"og:locale\" content=\"pt_BR\" \/>\n<meta property=\"og:type\" content=\"article\" \/>\n<meta property=\"og:title\" content=\"Gabriella Bicalho protagoniza elenco de vozes em terror franc\u00eas na Netflix. | DB - Dublagem Brasileira\" \/>\n<meta property=\"og:description\" content=\"Filme chega no pr\u00f3ximo dia 6 na plataforma, com dublagem realizada pela Delart.\" \/>\n<meta property=\"og:url\" content=\"https:\/\/dublagembrasileira.com.br\/?p=7303\" \/>\n<meta property=\"og:site_name\" content=\"DB - Dublagem Brasileira\" \/>\n<meta property=\"article:author\" content=\"https:\/\/www.facebook.com\/dublagembrasileira\" \/>\n<meta property=\"article:published_time\" content=\"2021-08-04T15:45:21+00:00\" \/>\n<meta property=\"article:modified_time\" content=\"2021-08-10T20:29:37+00:00\" \/>\n<meta property=\"og:image\" content=\"https:\/\/dublagembrasileira.com.br\/wp-content\/uploads\/2021\/08\/nuvem.jpg\" \/>\n\t<meta property=\"og:image:width\" content=\"585\" \/>\n\t<meta property=\"og:image:height\" content=\"420\" \/>\n\t<meta property=\"og:image:type\" content=\"image\/jpeg\" \/>\n<meta name=\"author\" content=\"Reda\u00e7\u00e3o\" \/>\n<meta name=\"twitter:card\" content=\"summary_large_image\" \/>\n<meta name=\"twitter:creator\" content=\"@dbdublagem\" \/>\n<meta name=\"twitter:label1\" content=\"Escrito por\" \/>\n\t<meta name=\"twitter:data1\" content=\"Reda\u00e7\u00e3o\" \/>\n\t<meta name=\"twitter:label2\" content=\"Est. tempo de leitura\" \/>\n\t<meta name=\"twitter:data2\" content=\"1 minuto\" \/>\n<script type=\"application\/ld+json\" class=\"yoast-schema-graph\">{\"@context\":\"https:\/\/schema.org\",\"@graph\":[{\"@type\":\"Article\",\"@id\":\"https:\/\/dublagembrasileira.com.br\/?p=7303#article\",\"isPartOf\":{\"@id\":\"https:\/\/dublagembrasileira.com.br\/?p=7303\"},\"author\":{\"name\":\"Reda\u00e7\u00e3o\",\"@id\":\"https:\/\/dublagembrasileira.com.br\/#\/schema\/person\/a75bac594c0e9a0b96508b7e124f20d1\"},\"headline\":\"Gabriella Bicalho protagoniza elenco de vozes em terror franc\u00eas na Netflix.\",\"datePublished\":\"2021-08-04T15:45:21+00:00\",\"dateModified\":\"2021-08-10T20:29:37+00:00\",\"mainEntityOfPage\":{\"@id\":\"https:\/\/dublagembrasileira.com.br\/?p=7303\"},\"wordCount\":188,\"commentCount\":0,\"publisher\":{\"@id\":\"https:\/\/dublagembrasileira.com.br\/#organization\"},\"image\":{\"@id\":\"https:\/\/dublagembrasileira.com.br\/?p=7303#primaryimage\"},\"thumbnailUrl\":\"https:\/\/dublagembrasileira.com.br\/wp-content\/uploads\/2021\/08\/nuvem.jpg\",\"articleSection\":[\"Filmes\",\"Not\u00edcias\",\"Streaming\",\"Televis\u00e3o\"],\"inLanguage\":\"pt-BR\",\"potentialAction\":[{\"@type\":\"CommentAction\",\"name\":\"Comment\",\"target\":[\"https:\/\/dublagembrasileira.com.br\/?p=7303#respond\"]}]},{\"@type\":\"WebPage\",\"@id\":\"https:\/\/dublagembrasileira.com.br\/?p=7303\",\"url\":\"https:\/\/dublagembrasileira.com.br\/?p=7303\",\"name\":\"Gabriella Bicalho protagoniza elenco de vozes em terror franc\u00eas na Netflix. | DB - Dublagem Brasileira\",\"isPartOf\":{\"@id\":\"https:\/\/dublagembrasileira.com.br\/#website\"},\"primaryImageOfPage\":{\"@id\":\"https:\/\/dublagembrasileira.com.br\/?p=7303#primaryimage\"},\"image\":{\"@id\":\"https:\/\/dublagembrasileira.com.br\/?p=7303#primaryimage\"},\"thumbnailUrl\":\"https:\/\/dublagembrasileira.com.br\/wp-content\/uploads\/2021\/08\/nuvem.jpg\",\"datePublished\":\"2021-08-04T15:45:21+00:00\",\"dateModified\":\"2021-08-10T20:29:37+00:00\",\"description\":\"Filme chega no pr\u00f3ximo dia 6 na plataforma, com dublagem realizada pela Delart.\",\"breadcrumb\":{\"@id\":\"https:\/\/dublagembrasileira.com.br\/?p=7303#breadcrumb\"},\"inLanguage\":\"pt-BR\",\"potentialAction\":[{\"@type\":\"ReadAction\",\"target\":[\"https:\/\/dublagembrasileira.com.br\/?p=7303\"]}]},{\"@type\":\"ImageObject\",\"inLanguage\":\"pt-BR\",\"@id\":\"https:\/\/dublagembrasileira.com.br\/?p=7303#primaryimage\",\"url\":\"https:\/\/dublagembrasileira.com.br\/wp-content\/uploads\/2021\/08\/nuvem.jpg\",\"contentUrl\":\"https:\/\/dublagembrasileira.com.br\/wp-content\/uploads\/2021\/08\/nuvem.jpg\",\"width\":585,\"height\":420},{\"@type\":\"BreadcrumbList\",\"@id\":\"https:\/\/dublagembrasileira.com.br\/?p=7303#breadcrumb\",\"itemListElement\":[{\"@type\":\"ListItem\",\"position\":1,\"name\":\"In\u00edcio\",\"item\":\"https:\/\/dublagembrasileira.com.br\/\"},{\"@type\":\"ListItem\",\"position\":2,\"name\":\"Gabriella Bicalho protagoniza elenco de vozes em terror franc\u00eas na Netflix.\"}]},{\"@type\":\"WebSite\",\"@id\":\"https:\/\/dublagembrasileira.com.br\/#website\",\"url\":\"https:\/\/dublagembrasileira.com.br\/\",\"name\":\"DB - Dublagem Brasileira\",\"description\":\"O seu portal de dublagem.\",\"publisher\":{\"@id\":\"https:\/\/dublagembrasileira.com.br\/#organization\"},\"potentialAction\":[{\"@type\":\"SearchAction\",\"target\":{\"@type\":\"EntryPoint\",\"urlTemplate\":\"https:\/\/dublagembrasileira.com.br\/?s={search_term_string}\"},\"query-input\":{\"@type\":\"PropertyValueSpecification\",\"valueRequired\":true,\"valueName\":\"search_term_string\"}}],\"inLanguage\":\"pt-BR\"},{\"@type\":\"Organization\",\"@id\":\"https:\/\/dublagembrasileira.com.br\/#organization\",\"name\":\"DB - Dublagem Brasileira\",\"url\":\"https:\/\/dublagembrasileira.com.br\/\",\"logo\":{\"@type\":\"ImageObject\",\"inLanguage\":\"pt-BR\",\"@id\":\"https:\/\/dublagembrasileira.com.br\/#\/schema\/logo\/image\/\",\"url\":\"https:\/\/dublagembrasileira.com.br\/wp-content\/uploads\/2019\/07\/cropped-logotipodb.png\",\"contentUrl\":\"https:\/\/dublagembrasileira.com.br\/wp-content\/uploads\/2019\/07\/cropped-logotipodb.png\",\"width\":946,\"height\":589,\"caption\":\"DB - Dublagem Brasileira\"},\"image\":{\"@id\":\"https:\/\/dublagembrasileira.com.br\/#\/schema\/logo\/image\/\"}},{\"@type\":\"Person\",\"@id\":\"https:\/\/dublagembrasileira.com.br\/#\/schema\/person\/a75bac594c0e9a0b96508b7e124f20d1\",\"name\":\"Reda\u00e7\u00e3o\",\"image\":{\"@type\":\"ImageObject\",\"inLanguage\":\"pt-BR\",\"@id\":\"https:\/\/dublagembrasileira.com.br\/#\/schema\/person\/image\/\",\"url\":\"http:\/\/dublagembrasileira.com.br\/wp-content\/uploads\/2025\/06\/admin-96x96.jpg\",\"contentUrl\":\"http:\/\/dublagembrasileira.com.br\/wp-content\/uploads\/2025\/06\/admin-96x96.jpg\",\"caption\":\"Reda\u00e7\u00e3o\"},\"description\":\"Equipe do DB.\",\"sameAs\":[\"https:\/\/www.facebook.com\/dublagembrasileira\",\"https:\/\/www.instagram.com\/dbdublagembrasileira\",\"https:\/\/x.com\/dbdublagem\"],\"url\":\"https:\/\/dublagembrasileira.com.br\/?author=4\"}]}<\/script>\n<!-- \/ Yoast SEO plugin. -->","yoast_head_json":{"title":"Gabriella Bicalho protagoniza elenco de vozes em terror franc\u00eas na Netflix. | DB - Dublagem Brasileira","description":"Filme chega no pr\u00f3ximo dia 6 na plataforma, com dublagem realizada pela Delart.","robots":{"index":"index","follow":"follow","max-snippet":"max-snippet:-1","max-image-preview":"max-image-preview:large","max-video-preview":"max-video-preview:-1"},"canonical":"https:\/\/dublagembrasileira.com.br\/?p=7303","og_locale":"pt_BR","og_type":"article","og_title":"Gabriella Bicalho protagoniza elenco de vozes em terror franc\u00eas na Netflix. | DB - Dublagem Brasileira","og_description":"Filme chega no pr\u00f3ximo dia 6 na plataforma, com dublagem realizada pela Delart.","og_url":"https:\/\/dublagembrasileira.com.br\/?p=7303","og_site_name":"DB - Dublagem Brasileira","article_author":"https:\/\/www.facebook.com\/dublagembrasileira","article_published_time":"2021-08-04T15:45:21+00:00","article_modified_time":"2021-08-10T20:29:37+00:00","og_image":[{"width":585,"height":420,"url":"https:\/\/dublagembrasileira.com.br\/wp-content\/uploads\/2021\/08\/nuvem.jpg","type":"image\/jpeg"}],"author":"Reda\u00e7\u00e3o","twitter_card":"summary_large_image","twitter_creator":"@dbdublagem","twitter_misc":{"Escrito por":"Reda\u00e7\u00e3o","Est. tempo de leitura":"1 minuto"},"schema":{"@context":"https:\/\/schema.org","@graph":[{"@type":"Article","@id":"https:\/\/dublagembrasileira.com.br\/?p=7303#article","isPartOf":{"@id":"https:\/\/dublagembrasileira.com.br\/?p=7303"},"author":{"name":"Reda\u00e7\u00e3o","@id":"https:\/\/dublagembrasileira.com.br\/#\/schema\/person\/a75bac594c0e9a0b96508b7e124f20d1"},"headline":"Gabriella Bicalho protagoniza elenco de vozes em terror franc\u00eas na Netflix.","datePublished":"2021-08-04T15:45:21+00:00","dateModified":"2021-08-10T20:29:37+00:00","mainEntityOfPage":{"@id":"https:\/\/dublagembrasileira.com.br\/?p=7303"},"wordCount":188,"commentCount":0,"publisher":{"@id":"https:\/\/dublagembrasileira.com.br\/#organization"},"image":{"@id":"https:\/\/dublagembrasileira.com.br\/?p=7303#primaryimage"},"thumbnailUrl":"https:\/\/dublagembrasileira.com.br\/wp-content\/uploads\/2021\/08\/nuvem.jpg","articleSection":["Filmes","Not\u00edcias","Streaming","Televis\u00e3o"],"inLanguage":"pt-BR","potentialAction":[{"@type":"CommentAction","name":"Comment","target":["https:\/\/dublagembrasileira.com.br\/?p=7303#respond"]}]},{"@type":"WebPage","@id":"https:\/\/dublagembrasileira.com.br\/?p=7303","url":"https:\/\/dublagembrasileira.com.br\/?p=7303","name":"Gabriella Bicalho protagoniza elenco de vozes em terror franc\u00eas na Netflix. | DB - Dublagem Brasileira","isPartOf":{"@id":"https:\/\/dublagembrasileira.com.br\/#website"},"primaryImageOfPage":{"@id":"https:\/\/dublagembrasileira.com.br\/?p=7303#primaryimage"},"image":{"@id":"https:\/\/dublagembrasileira.com.br\/?p=7303#primaryimage"},"thumbnailUrl":"https:\/\/dublagembrasileira.com.br\/wp-content\/uploads\/2021\/08\/nuvem.jpg","datePublished":"2021-08-04T15:45:21+00:00","dateModified":"2021-08-10T20:29:37+00:00","description":"Filme chega no pr\u00f3ximo dia 6 na plataforma, com dublagem realizada pela Delart.","breadcrumb":{"@id":"https:\/\/dublagembrasileira.com.br\/?p=7303#breadcrumb"},"inLanguage":"pt-BR","potentialAction":[{"@type":"ReadAction","target":["https:\/\/dublagembrasileira.com.br\/?p=7303"]}]},{"@type":"ImageObject","inLanguage":"pt-BR","@id":"https:\/\/dublagembrasileira.com.br\/?p=7303#primaryimage","url":"https:\/\/dublagembrasileira.com.br\/wp-content\/uploads\/2021\/08\/nuvem.jpg","contentUrl":"https:\/\/dublagembrasileira.com.br\/wp-content\/uploads\/2021\/08\/nuvem.jpg","width":585,"height":420},{"@type":"BreadcrumbList","@id":"https:\/\/dublagembrasileira.com.br\/?p=7303#breadcrumb","itemListElement":[{"@type":"ListItem","position":1,"name":"In\u00edcio","item":"https:\/\/dublagembrasileira.com.br\/"},{"@type":"ListItem","position":2,"name":"Gabriella Bicalho protagoniza elenco de vozes em terror franc\u00eas na Netflix."}]},{"@type":"WebSite","@id":"https:\/\/dublagembrasileira.com.br\/#website","url":"https:\/\/dublagembrasileira.com.br\/","name":"DB - Dublagem Brasileira","description":"O seu portal de dublagem.","publisher":{"@id":"https:\/\/dublagembrasileira.com.br\/#organization"},"potentialAction":[{"@type":"SearchAction","target":{"@type":"EntryPoint","urlTemplate":"https:\/\/dublagembrasileira.com.br\/?s={search_term_string}"},"query-input":{"@type":"PropertyValueSpecification","valueRequired":true,"valueName":"search_term_string"}}],"inLanguage":"pt-BR"},{"@type":"Organization","@id":"https:\/\/dublagembrasileira.com.br\/#organization","name":"DB - Dublagem Brasileira","url":"https:\/\/dublagembrasileira.com.br\/","logo":{"@type":"ImageObject","inLanguage":"pt-BR","@id":"https:\/\/dublagembrasileira.com.br\/#\/schema\/logo\/image\/","url":"https:\/\/dublagembrasileira.com.br\/wp-content\/uploads\/2019\/07\/cropped-logotipodb.png","contentUrl":"https:\/\/dublagembrasileira.com.br\/wp-content\/uploads\/2019\/07\/cropped-logotipodb.png","width":946,"height":589,"caption":"DB - Dublagem Brasileira"},"image":{"@id":"https:\/\/dublagembrasileira.com.br\/#\/schema\/logo\/image\/"}},{"@type":"Person","@id":"https:\/\/dublagembrasileira.com.br\/#\/schema\/person\/a75bac594c0e9a0b96508b7e124f20d1","name":"Reda\u00e7\u00e3o","image":{"@type":"ImageObject","inLanguage":"pt-BR","@id":"https:\/\/dublagembrasileira.com.br\/#\/schema\/person\/image\/","url":"http:\/\/dublagembrasileira.com.br\/wp-content\/uploads\/2025\/06\/admin-96x96.jpg","contentUrl":"http:\/\/dublagembrasileira.com.br\/wp-content\/uploads\/2025\/06\/admin-96x96.jpg","caption":"Reda\u00e7\u00e3o"},"description":"Equipe do DB.","sameAs":["https:\/\/www.facebook.com\/dublagembrasileira","https:\/\/www.instagram.com\/dbdublagembrasileira","https:\/\/x.com\/dbdublagem"],"url":"https:\/\/dublagembrasileira.com.br\/?author=4"}]}},"rttpg_featured_image_url":{"full":["https:\/\/dublagembrasileira.com.br\/wp-content\/uploads\/2021\/08\/nuvem.jpg",585,420,false],"landscape":["https:\/\/dublagembrasileira.com.br\/wp-content\/uploads\/2021\/08\/nuvem.jpg",585,420,false],"portraits":["https:\/\/dublagembrasileira.com.br\/wp-content\/uploads\/2021\/08\/nuvem.jpg",585,420,false],"thumbnail":["https:\/\/dublagembrasileira.com.br\/wp-content\/uploads\/2021\/08\/nuvem-150x150.jpg",150,150,true],"medium":["https:\/\/dublagembrasileira.com.br\/wp-content\/uploads\/2021\/08\/nuvem-300x215.jpg",300,215,true],"large":["https:\/\/dublagembrasileira.com.br\/wp-content\/uploads\/2021\/08\/nuvem.jpg",585,420,false],"1536x1536":["https:\/\/dublagembrasileira.com.br\/wp-content\/uploads\/2021\/08\/nuvem.jpg",585,420,false],"2048x2048":["https:\/\/dublagembrasileira.com.br\/wp-content\/uploads\/2021\/08\/nuvem.jpg",585,420,false],"eggnews-slider-large":["https:\/\/dublagembrasileira.com.br\/wp-content\/uploads\/2021\/08\/nuvem.jpg",585,420,false],"eggnews-featured-medium":["https:\/\/dublagembrasileira.com.br\/wp-content\/uploads\/2021\/08\/nuvem-420x307.jpg",420,307,true],"eggnews-featured-long":["https:\/\/dublagembrasileira.com.br\/wp-content\/uploads\/2021\/08\/nuvem-300x420.jpg",300,420,true],"eggnews-block-medium":["https:\/\/dublagembrasileira.com.br\/wp-content\/uploads\/2021\/08\/nuvem-464x290.jpg",464,290,true],"eggnews-carousel-image":["https:\/\/dublagembrasileira.com.br\/wp-content\/uploads\/2021\/08\/nuvem.jpg",585,420,false],"eggnews-block-thumb":["https:\/\/dublagembrasileira.com.br\/wp-content\/uploads\/2021\/08\/nuvem-322x230.jpg",322,230,true],"eggnews-single-large":["https:\/\/dublagembrasileira.com.br\/wp-content\/uploads\/2021\/08\/nuvem.jpg",585,420,false],"crp_thumbnail":["https:\/\/dublagembrasileira.com.br\/wp-content\/uploads\/2021\/08\/nuvem-150x150.jpg",150,150,true]},"rttpg_author":{"display_name":"Reda\u00e7\u00e3o","author_link":"https:\/\/dublagembrasileira.com.br\/?author=4"},"rttpg_comment":2,"rttpg_category":"<a href=\"https:\/\/dublagembrasileira.com.br\/?cat=2\" rel=\"category\">Filmes<\/a> <a href=\"https:\/\/dublagembrasileira.com.br\/?cat=13\" rel=\"category\">Not\u00edcias<\/a> <a href=\"https:\/\/dublagembrasileira.com.br\/?cat=158\" rel=\"category\">Streaming<\/a> <a href=\"https:\/\/dublagembrasileira.com.br\/?cat=8\" rel=\"category\">Televis\u00e3o<\/a>","rttpg_excerpt":"Filme chega no pr\u00f3ximo dia 6 na plataforma, com dublagem realizada pela Delart. Uma nuvem de gafanhotos j\u00e1 causa um certo p\u00e2nico, agora, imagina uma grande quantidade dos insetos em busca de sangue, \u00e9 ainda mais assustador. Essa \u00e9 a premissa de A Nuvem\u00a0(La Nu\u00e9e) a pr\u00f3xima aposta de terror da Netflix. Just Philippot dirige&hellip;","_links":{"self":[{"href":"https:\/\/dublagembrasileira.com.br\/index.php?rest_route=\/wp\/v2\/posts\/7303","targetHints":{"allow":["GET"]}}],"collection":[{"href":"https:\/\/dublagembrasileira.com.br\/index.php?rest_route=\/wp\/v2\/posts"}],"about":[{"href":"https:\/\/dublagembrasileira.com.br\/index.php?rest_route=\/wp\/v2\/types\/post"}],"author":[{"embeddable":true,"href":"https:\/\/dublagembrasileira.com.br\/index.php?rest_route=\/wp\/v2\/users\/4"}],"replies":[{"embeddable":true,"href":"https:\/\/dublagembrasileira.com.br\/index.php?rest_route=%2Fwp%2Fv2%2Fcomments&post=7303"}],"version-history":[{"count":1,"href":"https:\/\/dublagembrasileira.com.br\/index.php?rest_route=\/wp\/v2\/posts\/7303\/revisions"}],"predecessor-version":[{"id":7306,"href":"https:\/\/dublagembrasileira.com.br\/index.php?rest_route=\/wp\/v2\/posts\/7303\/revisions\/7306"}],"wp:featuredmedia":[{"embeddable":true,"href":"https:\/\/dublagembrasileira.com.br\/index.php?rest_route=\/wp\/v2\/media\/7311"}],"wp:attachment":[{"href":"https:\/\/dublagembrasileira.com.br\/index.php?rest_route=%2Fwp%2Fv2%2Fmedia&parent=7303"}],"wp:term":[{"taxonomy":"category","embeddable":true,"href":"https:\/\/dublagembrasileira.com.br\/index.php?rest_route=%2Fwp%2Fv2%2Fcategories&post=7303"},{"taxonomy":"post_tag","embeddable":true,"href":"https:\/\/dublagembrasileira.com.br\/index.php?rest_route=%2Fwp%2Fv2%2Ftags&post=7303"}],"curies":[{"name":"wp","href":"https:\/\/api.w.org\/{rel}","templated":true}]}}