{"id":7298,"date":"2021-06-01T15:25:20","date_gmt":"2021-06-01T15:25:20","guid":{"rendered":"https:\/\/dublagembrasileira.com.br\/?p=7298"},"modified":"2021-08-10T15:43:38","modified_gmt":"2021-08-10T15:43:38","slug":"mariana-torres-fara-a-voz-da-cruella-em-producao-live-action","status":"publish","type":"post","link":"https:\/\/dublagembrasileira.com.br\/?p=7298","title":{"rendered":"Mariana Torres far\u00e1 a voz da Cruella em produ\u00e7\u00e3o live-action."},"content":{"rendered":"<h4><em>Dubladora j\u00e1 emprestou sua voz \u00e0 atriz Emma Stone em outras produ\u00e7\u00f5es.<\/em><\/h4>\n<hr \/>\n<p style=\"text-align: justify;\"><strong>Cruella<\/strong> estreia no pr\u00f3ximo dia 3 de junho trazendo a origem de uma das vil\u00e3s mais populares da Disney. O live-action vem gerando grande expectativa.<\/p>\n<p style=\"text-align: justify;\">A produ\u00e7\u00e3o ser\u00e1 lan\u00e7ada nos cinemas e no\u00a0<a title=\"Disney+ vai chegar ao Brasil com mensalidade de R$29, diz site\" href=\"https:\/\/www.adorocinema.com\/noticias\/filmes\/noticia-156130\/\">Disney+<\/a> simultaneamente, por\u00e9m precisar\u00e1 de um acesso especial para assisti-la na plataforma. A nova aposta da Disney, acompanha a origem da vil\u00e3 de <strong>Os 101 D\u00e1lmatas<\/strong> vivida pela vencedora do Oscar Emma Stone (La La Land).<\/p>\n<p style=\"text-align: justify;\">A dublagem da protagonista ser\u00e1 sem novidades, pois o est\u00fadio TV Group Digital escolheu <b>Mariana Torres <\/b>que j\u00e1 interpretou a atriz Emma Stone em produ\u00e7\u00f5es como <strong>Amizade Colorida<\/strong>, <strong>Ca\u00e7a aos G\u00e2ngsteres<\/strong>, <strong>La La Land &#8211; Cantando Esta\u00e7\u00f5es<\/strong>, <strong>Zumbil\u00e2ndia: Atire Duas Vezes <\/strong>e <strong>O Espetacular Homem-Aranha<\/strong>, entre outras.<\/p>\n<p style=\"text-align: justify;\">A dire\u00e7\u00e3o de dublagem ser\u00e1 de F\u00e1bio Azevedo. Ainda no elenco de vozes o filme contar\u00e1 com <b>Cid\u00e1lia Castro, <\/b><b>Thiago Zambrano<\/b> e <b>Junior Nannetti.<\/b><\/p>\n","protected":false},"excerpt":{"rendered":"<p>Dubladora j\u00e1 emprestou sua voz \u00e0 atriz Emma Stone em outras produ\u00e7\u00f5es. Cruella estreia no pr\u00f3ximo dia 3 de junho trazendo a origem de uma das vil\u00e3s mais populares da Disney. O live-action vem gerando grande expectativa. A produ\u00e7\u00e3o ser\u00e1 lan\u00e7ada nos cinemas e no\u00a0Disney+ simultaneamente, por\u00e9m precisar\u00e1 de um acesso especial para assisti-la na plataforma. A nova aposta da Disney, acompanha a origem da vil\u00e3 de Os 101 D\u00e1lmatas vivida pela vencedora do Oscar Emma Stone (La La Land). A dublagem da protagonista ser\u00e1 sem novidades, pois o est\u00fadio TV Group Digital escolheu Mariana Torres que j\u00e1 interpretou a atriz Emma Stone em produ\u00e7\u00f5es como Amizade Colorida, Ca\u00e7a aos G\u00e2ngsteres, La La Land &#8211; Cantando Esta\u00e7\u00f5es, Zumbil\u00e2ndia: Atire Duas Vezes e O Espetacular Homem-Aranha, entre outras. A dire\u00e7\u00e3o de dublagem ser\u00e1 de F\u00e1bio Azevedo. Ainda no elenco de vozes o filme contar\u00e1 com Cid\u00e1lia Castro, Thiago Zambrano e Junior Nannetti.<\/p>\n","protected":false},"author":1,"featured_media":7299,"comment_status":"open","ping_status":"open","sticky":false,"template":"","format":"standard","meta":{"_monsterinsights_skip_tracking":false,"_monsterinsights_sitenote_active":false,"_monsterinsights_sitenote_note":"","_monsterinsights_sitenote_category":0,"footnotes":""},"categories":[7,2,13,158,8],"tags":[200,34,27,159],"class_list":["post-7298","post","type-post","status-publish","format-standard","has-post-thumbnail","hentry","category-cinema","category-filmes","category-noticias","category-streaming","category-televisao","tag-disney","tag-dubladora","tag-dublagem","tag-streaming"],"yoast_head":"<!-- This site is optimized with the Yoast SEO plugin v26.1.1 - https:\/\/yoast.com\/wordpress\/plugins\/seo\/ -->\n<title>Mariana Torres far\u00e1 a voz da Cruella em produ\u00e7\u00e3o live-action. | DB - Dublagem Brasileira<\/title>\n<meta name=\"description\" content=\"Dubladora j\u00e1 emprestou sua voz \u00e0 atriz Emma Stone em outras produ\u00e7\u00f5es.\" \/>\n<meta name=\"robots\" content=\"index, follow, max-snippet:-1, max-image-preview:large, max-video-preview:-1\" \/>\n<link rel=\"canonical\" href=\"https:\/\/dublagembrasileira.com.br\/?p=7298\" \/>\n<meta property=\"og:locale\" content=\"pt_BR\" \/>\n<meta property=\"og:type\" content=\"article\" \/>\n<meta property=\"og:title\" content=\"Mariana Torres far\u00e1 a voz da Cruella em produ\u00e7\u00e3o live-action. | DB - Dublagem Brasileira\" \/>\n<meta property=\"og:description\" content=\"Dubladora j\u00e1 emprestou sua voz \u00e0 atriz Emma Stone em outras produ\u00e7\u00f5es.\" \/>\n<meta property=\"og:url\" content=\"https:\/\/dublagembrasileira.com.br\/?p=7298\" \/>\n<meta property=\"og:site_name\" content=\"DB - Dublagem Brasileira\" \/>\n<meta property=\"article:published_time\" content=\"2021-06-01T15:25:20+00:00\" \/>\n<meta property=\"article:modified_time\" content=\"2021-08-10T15:43:38+00:00\" \/>\n<meta property=\"og:image\" content=\"https:\/\/dublagembrasileira.com.br\/wp-content\/uploads\/2021\/08\/cruella-emma-stone-1.jpg\" \/>\n\t<meta property=\"og:image:width\" content=\"924\" \/>\n\t<meta property=\"og:image:height\" content=\"616\" \/>\n\t<meta property=\"og:image:type\" content=\"image\/jpeg\" \/>\n<meta name=\"author\" content=\"Iza\u00edas Correia\" \/>\n<meta name=\"twitter:card\" content=\"summary_large_image\" \/>\n<meta name=\"twitter:label1\" content=\"Escrito por\" \/>\n\t<meta name=\"twitter:data1\" content=\"Iza\u00edas Correia\" \/>\n\t<meta name=\"twitter:label2\" content=\"Est. tempo de leitura\" \/>\n\t<meta name=\"twitter:data2\" content=\"1 minuto\" \/>\n<script type=\"application\/ld+json\" class=\"yoast-schema-graph\">{\"@context\":\"https:\/\/schema.org\",\"@graph\":[{\"@type\":\"Article\",\"@id\":\"https:\/\/dublagembrasileira.com.br\/?p=7298#article\",\"isPartOf\":{\"@id\":\"https:\/\/dublagembrasileira.com.br\/?p=7298\"},\"author\":{\"name\":\"Iza\u00edas Correia\",\"@id\":\"https:\/\/dublagembrasileira.com.br\/#\/schema\/person\/6298fd46a47d1ef447a90b2fc9f2b215\"},\"headline\":\"Mariana Torres far\u00e1 a voz da Cruella em produ\u00e7\u00e3o live-action.\",\"datePublished\":\"2021-06-01T15:25:20+00:00\",\"dateModified\":\"2021-08-10T15:43:38+00:00\",\"mainEntityOfPage\":{\"@id\":\"https:\/\/dublagembrasileira.com.br\/?p=7298\"},\"wordCount\":176,\"commentCount\":0,\"publisher\":{\"@id\":\"https:\/\/dublagembrasileira.com.br\/#organization\"},\"image\":{\"@id\":\"https:\/\/dublagembrasileira.com.br\/?p=7298#primaryimage\"},\"thumbnailUrl\":\"https:\/\/dublagembrasileira.com.br\/wp-content\/uploads\/2021\/08\/cruella-emma-stone-1.jpg\",\"keywords\":[\"disney\",\"dubladora\",\"dublagem\",\"streaming\"],\"articleSection\":[\"Cinema\",\"Filmes\",\"Not\u00edcias\",\"Streaming\",\"Televis\u00e3o\"],\"inLanguage\":\"pt-BR\",\"potentialAction\":[{\"@type\":\"CommentAction\",\"name\":\"Comment\",\"target\":[\"https:\/\/dublagembrasileira.com.br\/?p=7298#respond\"]}]},{\"@type\":\"WebPage\",\"@id\":\"https:\/\/dublagembrasileira.com.br\/?p=7298\",\"url\":\"https:\/\/dublagembrasileira.com.br\/?p=7298\",\"name\":\"Mariana Torres far\u00e1 a voz da Cruella em produ\u00e7\u00e3o live-action. | DB - Dublagem Brasileira\",\"isPartOf\":{\"@id\":\"https:\/\/dublagembrasileira.com.br\/#website\"},\"primaryImageOfPage\":{\"@id\":\"https:\/\/dublagembrasileira.com.br\/?p=7298#primaryimage\"},\"image\":{\"@id\":\"https:\/\/dublagembrasileira.com.br\/?p=7298#primaryimage\"},\"thumbnailUrl\":\"https:\/\/dublagembrasileira.com.br\/wp-content\/uploads\/2021\/08\/cruella-emma-stone-1.jpg\",\"datePublished\":\"2021-06-01T15:25:20+00:00\",\"dateModified\":\"2021-08-10T15:43:38+00:00\",\"description\":\"Dubladora j\u00e1 emprestou sua voz \u00e0 atriz Emma Stone em outras produ\u00e7\u00f5es.\",\"breadcrumb\":{\"@id\":\"https:\/\/dublagembrasileira.com.br\/?p=7298#breadcrumb\"},\"inLanguage\":\"pt-BR\",\"potentialAction\":[{\"@type\":\"ReadAction\",\"target\":[\"https:\/\/dublagembrasileira.com.br\/?p=7298\"]}]},{\"@type\":\"ImageObject\",\"inLanguage\":\"pt-BR\",\"@id\":\"https:\/\/dublagembrasileira.com.br\/?p=7298#primaryimage\",\"url\":\"https:\/\/dublagembrasileira.com.br\/wp-content\/uploads\/2021\/08\/cruella-emma-stone-1.jpg\",\"contentUrl\":\"https:\/\/dublagembrasileira.com.br\/wp-content\/uploads\/2021\/08\/cruella-emma-stone-1.jpg\",\"width\":924,\"height\":616},{\"@type\":\"BreadcrumbList\",\"@id\":\"https:\/\/dublagembrasileira.com.br\/?p=7298#breadcrumb\",\"itemListElement\":[{\"@type\":\"ListItem\",\"position\":1,\"name\":\"In\u00edcio\",\"item\":\"https:\/\/dublagembrasileira.com.br\/\"},{\"@type\":\"ListItem\",\"position\":2,\"name\":\"Mariana Torres far\u00e1 a voz da Cruella em produ\u00e7\u00e3o live-action.\"}]},{\"@type\":\"WebSite\",\"@id\":\"https:\/\/dublagembrasileira.com.br\/#website\",\"url\":\"https:\/\/dublagembrasileira.com.br\/\",\"name\":\"DB - Dublagem Brasileira\",\"description\":\"O seu portal de dublagem.\",\"publisher\":{\"@id\":\"https:\/\/dublagembrasileira.com.br\/#organization\"},\"potentialAction\":[{\"@type\":\"SearchAction\",\"target\":{\"@type\":\"EntryPoint\",\"urlTemplate\":\"https:\/\/dublagembrasileira.com.br\/?s={search_term_string}\"},\"query-input\":{\"@type\":\"PropertyValueSpecification\",\"valueRequired\":true,\"valueName\":\"search_term_string\"}}],\"inLanguage\":\"pt-BR\"},{\"@type\":\"Organization\",\"@id\":\"https:\/\/dublagembrasileira.com.br\/#organization\",\"name\":\"DB - Dublagem Brasileira\",\"url\":\"https:\/\/dublagembrasileira.com.br\/\",\"logo\":{\"@type\":\"ImageObject\",\"inLanguage\":\"pt-BR\",\"@id\":\"https:\/\/dublagembrasileira.com.br\/#\/schema\/logo\/image\/\",\"url\":\"https:\/\/dublagembrasileira.com.br\/wp-content\/uploads\/2019\/07\/cropped-logotipodb.png\",\"contentUrl\":\"https:\/\/dublagembrasileira.com.br\/wp-content\/uploads\/2019\/07\/cropped-logotipodb.png\",\"width\":946,\"height\":589,\"caption\":\"DB - Dublagem Brasileira\"},\"image\":{\"@id\":\"https:\/\/dublagembrasileira.com.br\/#\/schema\/logo\/image\/\"}},{\"@type\":\"Person\",\"@id\":\"https:\/\/dublagembrasileira.com.br\/#\/schema\/person\/6298fd46a47d1ef447a90b2fc9f2b215\",\"name\":\"Iza\u00edas Correia\",\"image\":{\"@type\":\"ImageObject\",\"inLanguage\":\"pt-BR\",\"@id\":\"https:\/\/dublagembrasileira.com.br\/#\/schema\/person\/image\/\",\"url\":\"http:\/\/dublagembrasileira.com.br\/wp-content\/uploads\/2025\/06\/cropped-izaiascorreia-96x96.jpg\",\"contentUrl\":\"http:\/\/dublagembrasileira.com.br\/wp-content\/uploads\/2025\/06\/cropped-izaiascorreia-96x96.jpg\",\"caption\":\"Iza\u00edas Correia\"},\"description\":\"Professor, roteirista e web-designer, respons\u00e1vel pelo site InfanTv. Tamb\u00e9m \u00e9 pesquisador da dublagem brasileira.\",\"url\":\"https:\/\/dublagembrasileira.com.br\/?author=1\"}]}<\/script>\n<!-- \/ Yoast SEO plugin. -->","yoast_head_json":{"title":"Mariana Torres far\u00e1 a voz da Cruella em produ\u00e7\u00e3o live-action. | DB - Dublagem Brasileira","description":"Dubladora j\u00e1 emprestou sua voz \u00e0 atriz Emma Stone em outras produ\u00e7\u00f5es.","robots":{"index":"index","follow":"follow","max-snippet":"max-snippet:-1","max-image-preview":"max-image-preview:large","max-video-preview":"max-video-preview:-1"},"canonical":"https:\/\/dublagembrasileira.com.br\/?p=7298","og_locale":"pt_BR","og_type":"article","og_title":"Mariana Torres far\u00e1 a voz da Cruella em produ\u00e7\u00e3o live-action. | DB - Dublagem Brasileira","og_description":"Dubladora j\u00e1 emprestou sua voz \u00e0 atriz Emma Stone em outras produ\u00e7\u00f5es.","og_url":"https:\/\/dublagembrasileira.com.br\/?p=7298","og_site_name":"DB - Dublagem Brasileira","article_published_time":"2021-06-01T15:25:20+00:00","article_modified_time":"2021-08-10T15:43:38+00:00","og_image":[{"width":924,"height":616,"url":"https:\/\/dublagembrasileira.com.br\/wp-content\/uploads\/2021\/08\/cruella-emma-stone-1.jpg","type":"image\/jpeg"}],"author":"Iza\u00edas Correia","twitter_card":"summary_large_image","twitter_misc":{"Escrito por":"Iza\u00edas Correia","Est. tempo de leitura":"1 minuto"},"schema":{"@context":"https:\/\/schema.org","@graph":[{"@type":"Article","@id":"https:\/\/dublagembrasileira.com.br\/?p=7298#article","isPartOf":{"@id":"https:\/\/dublagembrasileira.com.br\/?p=7298"},"author":{"name":"Iza\u00edas Correia","@id":"https:\/\/dublagembrasileira.com.br\/#\/schema\/person\/6298fd46a47d1ef447a90b2fc9f2b215"},"headline":"Mariana Torres far\u00e1 a voz da Cruella em produ\u00e7\u00e3o live-action.","datePublished":"2021-06-01T15:25:20+00:00","dateModified":"2021-08-10T15:43:38+00:00","mainEntityOfPage":{"@id":"https:\/\/dublagembrasileira.com.br\/?p=7298"},"wordCount":176,"commentCount":0,"publisher":{"@id":"https:\/\/dublagembrasileira.com.br\/#organization"},"image":{"@id":"https:\/\/dublagembrasileira.com.br\/?p=7298#primaryimage"},"thumbnailUrl":"https:\/\/dublagembrasileira.com.br\/wp-content\/uploads\/2021\/08\/cruella-emma-stone-1.jpg","keywords":["disney","dubladora","dublagem","streaming"],"articleSection":["Cinema","Filmes","Not\u00edcias","Streaming","Televis\u00e3o"],"inLanguage":"pt-BR","potentialAction":[{"@type":"CommentAction","name":"Comment","target":["https:\/\/dublagembrasileira.com.br\/?p=7298#respond"]}]},{"@type":"WebPage","@id":"https:\/\/dublagembrasileira.com.br\/?p=7298","url":"https:\/\/dublagembrasileira.com.br\/?p=7298","name":"Mariana Torres far\u00e1 a voz da Cruella em produ\u00e7\u00e3o live-action. | DB - Dublagem Brasileira","isPartOf":{"@id":"https:\/\/dublagembrasileira.com.br\/#website"},"primaryImageOfPage":{"@id":"https:\/\/dublagembrasileira.com.br\/?p=7298#primaryimage"},"image":{"@id":"https:\/\/dublagembrasileira.com.br\/?p=7298#primaryimage"},"thumbnailUrl":"https:\/\/dublagembrasileira.com.br\/wp-content\/uploads\/2021\/08\/cruella-emma-stone-1.jpg","datePublished":"2021-06-01T15:25:20+00:00","dateModified":"2021-08-10T15:43:38+00:00","description":"Dubladora j\u00e1 emprestou sua voz \u00e0 atriz Emma Stone em outras produ\u00e7\u00f5es.","breadcrumb":{"@id":"https:\/\/dublagembrasileira.com.br\/?p=7298#breadcrumb"},"inLanguage":"pt-BR","potentialAction":[{"@type":"ReadAction","target":["https:\/\/dublagembrasileira.com.br\/?p=7298"]}]},{"@type":"ImageObject","inLanguage":"pt-BR","@id":"https:\/\/dublagembrasileira.com.br\/?p=7298#primaryimage","url":"https:\/\/dublagembrasileira.com.br\/wp-content\/uploads\/2021\/08\/cruella-emma-stone-1.jpg","contentUrl":"https:\/\/dublagembrasileira.com.br\/wp-content\/uploads\/2021\/08\/cruella-emma-stone-1.jpg","width":924,"height":616},{"@type":"BreadcrumbList","@id":"https:\/\/dublagembrasileira.com.br\/?p=7298#breadcrumb","itemListElement":[{"@type":"ListItem","position":1,"name":"In\u00edcio","item":"https:\/\/dublagembrasileira.com.br\/"},{"@type":"ListItem","position":2,"name":"Mariana Torres far\u00e1 a voz da Cruella em produ\u00e7\u00e3o live-action."}]},{"@type":"WebSite","@id":"https:\/\/dublagembrasileira.com.br\/#website","url":"https:\/\/dublagembrasileira.com.br\/","name":"DB - Dublagem Brasileira","description":"O seu portal de dublagem.","publisher":{"@id":"https:\/\/dublagembrasileira.com.br\/#organization"},"potentialAction":[{"@type":"SearchAction","target":{"@type":"EntryPoint","urlTemplate":"https:\/\/dublagembrasileira.com.br\/?s={search_term_string}"},"query-input":{"@type":"PropertyValueSpecification","valueRequired":true,"valueName":"search_term_string"}}],"inLanguage":"pt-BR"},{"@type":"Organization","@id":"https:\/\/dublagembrasileira.com.br\/#organization","name":"DB - Dublagem Brasileira","url":"https:\/\/dublagembrasileira.com.br\/","logo":{"@type":"ImageObject","inLanguage":"pt-BR","@id":"https:\/\/dublagembrasileira.com.br\/#\/schema\/logo\/image\/","url":"https:\/\/dublagembrasileira.com.br\/wp-content\/uploads\/2019\/07\/cropped-logotipodb.png","contentUrl":"https:\/\/dublagembrasileira.com.br\/wp-content\/uploads\/2019\/07\/cropped-logotipodb.png","width":946,"height":589,"caption":"DB - Dublagem Brasileira"},"image":{"@id":"https:\/\/dublagembrasileira.com.br\/#\/schema\/logo\/image\/"}},{"@type":"Person","@id":"https:\/\/dublagembrasileira.com.br\/#\/schema\/person\/6298fd46a47d1ef447a90b2fc9f2b215","name":"Iza\u00edas Correia","image":{"@type":"ImageObject","inLanguage":"pt-BR","@id":"https:\/\/dublagembrasileira.com.br\/#\/schema\/person\/image\/","url":"http:\/\/dublagembrasileira.com.br\/wp-content\/uploads\/2025\/06\/cropped-izaiascorreia-96x96.jpg","contentUrl":"http:\/\/dublagembrasileira.com.br\/wp-content\/uploads\/2025\/06\/cropped-izaiascorreia-96x96.jpg","caption":"Iza\u00edas Correia"},"description":"Professor, roteirista e web-designer, respons\u00e1vel pelo site InfanTv. Tamb\u00e9m \u00e9 pesquisador da dublagem brasileira.","url":"https:\/\/dublagembrasileira.com.br\/?author=1"}]}},"rttpg_featured_image_url":{"full":["https:\/\/dublagembrasileira.com.br\/wp-content\/uploads\/2021\/08\/cruella-emma-stone-1.jpg",924,616,false],"landscape":["https:\/\/dublagembrasileira.com.br\/wp-content\/uploads\/2021\/08\/cruella-emma-stone-1.jpg",924,616,false],"portraits":["https:\/\/dublagembrasileira.com.br\/wp-content\/uploads\/2021\/08\/cruella-emma-stone-1.jpg",924,616,false],"thumbnail":["https:\/\/dublagembrasileira.com.br\/wp-content\/uploads\/2021\/08\/cruella-emma-stone-1-150x150.jpg",150,150,true],"medium":["https:\/\/dublagembrasileira.com.br\/wp-content\/uploads\/2021\/08\/cruella-emma-stone-1-300x200.jpg",300,200,true],"large":["https:\/\/dublagembrasileira.com.br\/wp-content\/uploads\/2021\/08\/cruella-emma-stone-1.jpg",640,427,false],"1536x1536":["https:\/\/dublagembrasileira.com.br\/wp-content\/uploads\/2021\/08\/cruella-emma-stone-1.jpg",924,616,false],"2048x2048":["https:\/\/dublagembrasileira.com.br\/wp-content\/uploads\/2021\/08\/cruella-emma-stone-1.jpg",924,616,false],"eggnews-slider-large":["https:\/\/dublagembrasileira.com.br\/wp-content\/uploads\/2021\/08\/cruella-emma-stone-1.jpg",924,616,false],"eggnews-featured-medium":["https:\/\/dublagembrasileira.com.br\/wp-content\/uploads\/2021\/08\/cruella-emma-stone-1-420x307.jpg",420,307,true],"eggnews-featured-long":["https:\/\/dublagembrasileira.com.br\/wp-content\/uploads\/2021\/08\/cruella-emma-stone-1-300x443.jpg",300,443,true],"eggnews-block-medium":["https:\/\/dublagembrasileira.com.br\/wp-content\/uploads\/2021\/08\/cruella-emma-stone-1-464x290.jpg",464,290,true],"eggnews-carousel-image":["https:\/\/dublagembrasileira.com.br\/wp-content\/uploads\/2021\/08\/cruella-emma-stone-1-600x500.jpg",600,500,true],"eggnews-block-thumb":["https:\/\/dublagembrasileira.com.br\/wp-content\/uploads\/2021\/08\/cruella-emma-stone-1-322x230.jpg",322,230,true],"eggnews-single-large":["https:\/\/dublagembrasileira.com.br\/wp-content\/uploads\/2021\/08\/cruella-emma-stone-1.jpg",924,616,false],"crp_thumbnail":["https:\/\/dublagembrasileira.com.br\/wp-content\/uploads\/2021\/08\/cruella-emma-stone-1-150x150.jpg",150,150,true]},"rttpg_author":{"display_name":"Iza\u00edas Correia","author_link":"https:\/\/dublagembrasileira.com.br\/?author=1"},"rttpg_comment":0,"rttpg_category":"<a href=\"https:\/\/dublagembrasileira.com.br\/?cat=7\" rel=\"category\">Cinema<\/a> <a href=\"https:\/\/dublagembrasileira.com.br\/?cat=2\" rel=\"category\">Filmes<\/a> <a href=\"https:\/\/dublagembrasileira.com.br\/?cat=13\" rel=\"category\">Not\u00edcias<\/a> <a href=\"https:\/\/dublagembrasileira.com.br\/?cat=158\" rel=\"category\">Streaming<\/a> <a href=\"https:\/\/dublagembrasileira.com.br\/?cat=8\" rel=\"category\">Televis\u00e3o<\/a>","rttpg_excerpt":"Dubladora j\u00e1 emprestou sua voz \u00e0 atriz Emma Stone em outras produ\u00e7\u00f5es. Cruella estreia no pr\u00f3ximo dia 3 de junho trazendo a origem de uma das vil\u00e3s mais populares da Disney. O live-action vem gerando grande expectativa. A produ\u00e7\u00e3o ser\u00e1 lan\u00e7ada nos cinemas e no\u00a0Disney+ simultaneamente, por\u00e9m precisar\u00e1 de um acesso especial para assisti-la na&hellip;","_links":{"self":[{"href":"https:\/\/dublagembrasileira.com.br\/index.php?rest_route=\/wp\/v2\/posts\/7298","targetHints":{"allow":["GET"]}}],"collection":[{"href":"https:\/\/dublagembrasileira.com.br\/index.php?rest_route=\/wp\/v2\/posts"}],"about":[{"href":"https:\/\/dublagembrasileira.com.br\/index.php?rest_route=\/wp\/v2\/types\/post"}],"author":[{"embeddable":true,"href":"https:\/\/dublagembrasileira.com.br\/index.php?rest_route=\/wp\/v2\/users\/1"}],"replies":[{"embeddable":true,"href":"https:\/\/dublagembrasileira.com.br\/index.php?rest_route=%2Fwp%2Fv2%2Fcomments&post=7298"}],"version-history":[{"count":3,"href":"https:\/\/dublagembrasileira.com.br\/index.php?rest_route=\/wp\/v2\/posts\/7298\/revisions"}],"predecessor-version":[{"id":7302,"href":"https:\/\/dublagembrasileira.com.br\/index.php?rest_route=\/wp\/v2\/posts\/7298\/revisions\/7302"}],"wp:featuredmedia":[{"embeddable":true,"href":"https:\/\/dublagembrasileira.com.br\/index.php?rest_route=\/wp\/v2\/media\/7299"}],"wp:attachment":[{"href":"https:\/\/dublagembrasileira.com.br\/index.php?rest_route=%2Fwp%2Fv2%2Fmedia&parent=7298"}],"wp:term":[{"taxonomy":"category","embeddable":true,"href":"https:\/\/dublagembrasileira.com.br\/index.php?rest_route=%2Fwp%2Fv2%2Fcategories&post=7298"},{"taxonomy":"post_tag","embeddable":true,"href":"https:\/\/dublagembrasileira.com.br\/index.php?rest_route=%2Fwp%2Fv2%2Ftags&post=7298"}],"curies":[{"name":"wp","href":"https:\/\/api.w.org\/{rel}","templated":true}]}}