{"id":688,"date":"2019-06-28T15:30:37","date_gmt":"2019-06-28T15:30:37","guid":{"rendered":"http:\/\/dublagembrasileira.com.br\/?p=688"},"modified":"2019-07-16T21:37:32","modified_gmt":"2019-07-16T21:37:32","slug":"garcia-jr-e-carla-pompilho-mandam-recado-aos-novos-dubladores-de-rei-leao","status":"publish","type":"post","link":"https:\/\/dublagembrasileira.com.br\/?p=688","title":{"rendered":"Garcia Jr. e Carla Pompilho mandam recado aos novos dubladores de Rei Le\u00e3o."},"content":{"rendered":"<h4><em>Dubladores de Simba e Nala no primeiro Rei Le\u00e3o desejam sorte a Iza e \u00cdcaro Silva.<\/em><\/h4>\n<hr \/>\n<p style=\"text-align: justify;\">O elenco de dublagem do live-action de <strong>O Rei Le\u00e3o<\/strong>, <a href=\"http:\/\/dublagembrasileira.com.br\/?p=644\">divulgado<\/a> ontem no <strong>Dublagem Brasileira<\/strong>, desagradou alguns f\u00e3s acostumados \u00e0s vozes do desenho cl\u00e1ssico lan\u00e7ado pela Disney em 1994.<\/p>\n<p style=\"text-align: justify;\">Os primeiros dubladores, por\u00e9m, desejaram boa sorte a Iza e \u00cdcaro Silva, que emprestar\u00e3o suas vozes a Nala e Simba, e pediram para o p\u00fablico prestigiar a nova vers\u00e3o.<\/p>\n<p style=\"text-align: justify;\"><a href=\"http:\/\/dublagembrasileira.com.br\/?p=751\">Garcia J\u00fanior<\/a>, voz adulta do Simba, agradeceu \u00e0s manifesta\u00e7\u00f5es dos f\u00e3s e comemorou a escolha de \u00cdcaro Silva para dublar um dos personagens que o consagrou na dublagem. &#8220;Estou muito feliz e muito orgulhoso de saber que o \u00cdcaro Silva e que a Iza v\u00e3o fazer o Simba e a Nala nessa vers\u00e3o live-action. Estou muito feliz porque s\u00e3o dois talentos extraordin\u00e1rios de uma nova gera\u00e7\u00e3o, de um novo momento, de um novo tempo que vai trazer muita coisa boa para esse filme da Disney, eu tenho certeza&#8221;, elogiou o dublador.<\/p>\n<p style=\"text-align: justify;\">Carla Pompilio, voz adulta da Nala, passou para os f\u00e3s a seguran\u00e7a de que Iza realizou um trabalho muito bom no papel da dubladora na anima\u00e7\u00e3o da Disney. &#8220;A Iza \u00e9 maravilhosa, e com certeza ela est\u00e1 arrasando na dublagem da Nala! Esse \u00e9 o ciclo da vida, esse ciclo sem fim&#8230; E olha que legal: agora viramos um cl\u00e1ssico! Somos vintage! Meu amor a todos voc\u00eas&#8221;, escreveu a dubladora.<\/p>\n<blockquote class=\"instagram-media\" style=\"background: #FFF; border: 0; border-radius: 3px; box-shadow: 0 0 1px 0 rgba(0,0,0,0.5),0 1px 10px 0 rgba(0,0,0,0.15); margin: 1px; max-width: 540px; min-width: 326px; padding: 0; width: calc(100% - 2px);\" data-instgrm-permalink=\"https:\/\/www.instagram.com\/p\/BzPNLblHVTr\/\" data-instgrm-version=\"12\">\n<div style=\"padding: 16px;\">\n<p>&nbsp;<\/p>\n<div style=\"display: flex; flex-direction: row; align-items: center;\">\n<div style=\"background-color: #f4f4f4; border-radius: 50%; flex-grow: 0; height: 40px; margin-right: 14px; width: 40px;\"><\/div>\n<div style=\"display: flex; flex-direction: column; flex-grow: 1; justify-content: center;\">\n<div style=\"background-color: #f4f4f4; border-radius: 4px; flex-grow: 0; height: 14px; margin-bottom: 6px; width: 100px;\"><\/div>\n<div style=\"background-color: #f4f4f4; border-radius: 4px; flex-grow: 0; height: 14px; width: 60px;\"><\/div>\n<\/div>\n<\/div>\n<div style=\"padding: 19% 0;\"><\/div>\n<div style=\"display: block; height: 50px; margin: 0 auto 12px; width: 50px;\"><\/div>\n<div style=\"padding-top: 8px;\">\n<div style=\"color: #3897f0; font-family: Arial,sans-serif; font-size: 14px; font-style: normal; font-weight: 550; line-height: 18px;\">Ver essa foto no Instagram<\/div>\n<\/div>\n<div style=\"padding: 12.5% 0;\"><\/div>\n<div style=\"display: flex; flex-direction: row; margin-bottom: 14px; align-items: center;\">\n<div>\n<div style=\"background-color: #f4f4f4; border-radius: 50%; height: 12.5px; width: 12.5px; transform: translateX(0px) translateY(7px);\"><\/div>\n<div style=\"background-color: #f4f4f4; height: 12.5px; transform: rotate(-45deg) translateX(3px) translateY(1px); width: 12.5px; flex-grow: 0; margin-right: 14px; margin-left: 2px;\"><\/div>\n<div style=\"background-color: #f4f4f4; border-radius: 50%; height: 12.5px; width: 12.5px; transform: translateX(9px) translateY(-18px);\"><\/div>\n<\/div>\n<div style=\"margin-left: 8px;\">\n<div style=\"background-color: #f4f4f4; border-radius: 50%; flex-grow: 0; height: 20px; width: 20px;\"><\/div>\n<div style=\"width: 0; height: 0; border-top: 2px solid transparent; border-left: 6px solid #f4f4f4; border-bottom: 2px solid transparent; transform: translateX(16px) translateY(-4px) rotate(30deg);\"><\/div>\n<\/div>\n<div style=\"margin-left: auto;\">\n<div style=\"width: 0px; border-top: 8px solid #F4F4F4; border-right: 8px solid transparent; transform: translateY(16px);\"><\/div>\n<div style=\"background-color: #f4f4f4; flex-grow: 0; height: 12px; width: 16px; transform: translateY(-4px);\"><\/div>\n<div style=\"width: 0; height: 0; border-top: 8px solid #F4F4F4; border-left: 8px solid transparent; transform: translateY(-4px) translateX(8px);\"><\/div>\n<\/div>\n<\/div>\n<div style=\"display: flex; flex-direction: column; flex-grow: 1; justify-content: center; margin-bottom: 24px;\">\n<div style=\"background-color: #f4f4f4; border-radius: 4px; flex-grow: 0; height: 14px; margin-bottom: 6px; width: 224px;\"><\/div>\n<div style=\"background-color: #f4f4f4; border-radius: 4px; flex-grow: 0; height: 14px; width: 144px;\"><\/div>\n<\/div>\n<p>&nbsp;<\/p>\n<p style=\"color: #c9c8cd; font-family: Arial,sans-serif; font-size: 14px; line-height: 17px; margin-bottom: 0; margin-top: 8px; overflow: hidden; padding: 8px 0 7px; text-align: center; text-overflow: ellipsis; white-space: nowrap;\"><a style=\"color: #c9c8cd; font-family: Arial,sans-serif; font-size: 14px; font-style: normal; font-weight: normal; line-height: 17px; text-decoration: none;\" href=\"https:\/\/www.instagram.com\/p\/BzPNLblHVTr\/\" target=\"_blank\" rel=\"noopener\">Uma publica\u00e7\u00e3o compartilhada por Garcia Jr. (@garciajr_soldado_raso)<\/a> em <time style=\"font-family: Arial,sans-serif; font-size: 14px; line-height: 17px;\" datetime=\"2019-06-28T03:01:41+00:00\">27 de Jun, 2019 \u00e0s 8:01 PDT<\/time><\/p>\n<\/div>\n<\/blockquote>\n<p><script async src=\"\/\/www.instagram.com\/embed.js\"><\/script><\/p>\n<blockquote class=\"instagram-media\" style=\"background: #FFF; border: 0; border-radius: 3px; box-shadow: 0 0 1px 0 rgba(0,0,0,0.5),0 1px 10px 0 rgba(0,0,0,0.15); margin: 1px; max-width: 540px; min-width: 326px; padding: 0; width: calc(100% - 2px);\" data-instgrm-captioned=\"\" data-instgrm-permalink=\"https:\/\/www.instagram.com\/p\/BzQF6OVJDfK\/\" data-instgrm-version=\"12\">\n<div style=\"padding: 16px;\">\n<p>&nbsp;<\/p>\n<div style=\"display: flex; flex-direction: row; align-items: center;\">\n<div style=\"background-color: #f4f4f4; border-radius: 50%; flex-grow: 0; height: 40px; margin-right: 14px; width: 40px;\"><\/div>\n<div style=\"display: flex; flex-direction: column; flex-grow: 1; justify-content: center;\">\n<div style=\"background-color: #f4f4f4; border-radius: 4px; flex-grow: 0; height: 14px; margin-bottom: 6px; width: 100px;\"><\/div>\n<div style=\"background-color: #f4f4f4; border-radius: 4px; flex-grow: 0; height: 14px; width: 60px;\"><\/div>\n<\/div>\n<\/div>\n<div style=\"padding: 19% 0;\"><\/div>\n<div style=\"display: block; height: 50px; margin: 0 auto 12px; width: 50px;\"><\/div>\n<div style=\"padding-top: 8px;\">\n<div style=\"color: #3897f0; font-family: Arial,sans-serif; font-size: 14px; font-style: normal; font-weight: 550; line-height: 18px;\">Ver essa foto no Instagram<\/div>\n<\/div>\n<div style=\"padding: 12.5% 0;\"><\/div>\n<div style=\"display: flex; flex-direction: row; margin-bottom: 14px; align-items: center;\">\n<div>\n<div style=\"background-color: #f4f4f4; border-radius: 50%; height: 12.5px; width: 12.5px; transform: translateX(0px) translateY(7px);\"><\/div>\n<div style=\"background-color: #f4f4f4; height: 12.5px; transform: rotate(-45deg) translateX(3px) translateY(1px); width: 12.5px; flex-grow: 0; margin-right: 14px; margin-left: 2px;\"><\/div>\n<div style=\"background-color: #f4f4f4; border-radius: 50%; height: 12.5px; width: 12.5px; transform: translateX(9px) translateY(-18px);\"><\/div>\n<\/div>\n<div style=\"margin-left: 8px;\">\n<div style=\"background-color: #f4f4f4; border-radius: 50%; flex-grow: 0; height: 20px; width: 20px;\"><\/div>\n<div style=\"width: 0; height: 0; border-top: 2px solid transparent; border-left: 6px solid #f4f4f4; border-bottom: 2px solid transparent; transform: translateX(16px) translateY(-4px) rotate(30deg);\"><\/div>\n<\/div>\n<div style=\"margin-left: auto;\">\n<div style=\"width: 0px; border-top: 8px solid #F4F4F4; border-right: 8px solid transparent; transform: translateY(16px);\"><\/div>\n<div style=\"background-color: #f4f4f4; flex-grow: 0; height: 12px; width: 16px; transform: translateY(-4px);\"><\/div>\n<div style=\"width: 0; height: 0; border-top: 8px solid #F4F4F4; border-left: 8px solid transparent; transform: translateY(-4px) translateX(8px);\"><\/div>\n<\/div>\n<\/div>\n<p>&nbsp;<\/p>\n<p style=\"margin: 8px 0 0 0; padding: 0 4px;\"><a style=\"color: #000; font-family: Arial,sans-serif; font-size: 14px; font-style: normal; font-weight: normal; line-height: 17px; text-decoration: none; word-wrap: break-word;\" href=\"https:\/\/www.instagram.com\/p\/BzQF6OVJDfK\/\" target=\"_blank\" rel=\"noopener\">Eu e a Nala do desenho queremos agradecer \u00e0s in\u00fameras mensagens de carinho, \u00e0 imensa onda de amor que voc\u00eas mandaram nesses \u00faltimos meses! A @iza \u00e9 maravilhosa, e com certeza ela t\u00e1 arrasando na dublagem da Nala! Esse \u00e9 o Ciclo da Vida, esse Ciclo sem Fim&#8230; E olha que legal: agora viramos um Cl\u00e1ssico! Somos Vintage!&#x1f60e; Meu amor a todos voc\u00eas!&#x1f496;&#x1f4a5; Arte de @mahanski e @fernandomendub #oreileao #oreile\u00e3o1994 #oreileaodesenho<\/a><\/p>\n<p style=\"color: #c9c8cd; font-family: Arial,sans-serif; font-size: 14px; line-height: 17px; margin-bottom: 0; margin-top: 8px; overflow: hidden; padding: 8px 0 7px; text-align: center; text-overflow: ellipsis; white-space: nowrap;\">Uma publica\u00e7\u00e3o compartilhada por <a style=\"color: #c9c8cd; font-family: Arial,sans-serif; font-size: 14px; font-style: normal; font-weight: normal; line-height: 17px;\" href=\"https:\/\/www.instagram.com\/carlapompilio25\/\" target=\"_blank\" rel=\"noopener\"> Carla Pompilio<\/a> (@carlapompilio25) em <time style=\"font-family: Arial,sans-serif; font-size: 14px; line-height: 17px;\" datetime=\"2019-06-28T11:16:50+00:00\">28 de Jun, 2019 \u00e0s 4:16 PDT<\/time><\/p>\n<\/div>\n<\/blockquote>\n<p><script async src=\"\/\/www.instagram.com\/embed.js\"><\/script><\/p>\n","protected":false},"excerpt":{"rendered":"<p>Dubladores de Simba e Nala no primeiro Rei Le\u00e3o desejam sorte a Iza e \u00cdcaro Silva. O elenco de dublagem do live-action de O Rei Le\u00e3o, divulgado ontem no Dublagem Brasileira, desagradou alguns f\u00e3s acostumados \u00e0s vozes do desenho cl\u00e1ssico lan\u00e7ado pela Disney em 1994. Os primeiros dubladores, por\u00e9m, desejaram boa sorte a Iza e \u00cdcaro Silva, que emprestar\u00e3o suas vozes a Nala e Simba, e pediram para o p\u00fablico prestigiar a nova vers\u00e3o. Garcia J\u00fanior, voz adulta do Simba, agradeceu \u00e0s manifesta\u00e7\u00f5es dos f\u00e3s e comemorou a escolha de \u00cdcaro Silva para dublar um dos personagens que o consagrou na dublagem. &#8220;Estou muito feliz e muito orgulhoso de saber que o \u00cdcaro Silva e que a Iza v\u00e3o fazer o Simba e a Nala nessa vers\u00e3o live-action. Estou muito feliz porque s\u00e3o dois talentos extraordin\u00e1rios de uma nova gera\u00e7\u00e3o, de um novo momento, de um novo tempo que vai trazer muita coisa boa para esse filme da Disney, eu tenho certeza&#8221;, elogiou o dublador. Carla Pompilio, voz adulta da Nala, passou para os f\u00e3s a seguran\u00e7a de que Iza realizou um trabalho muito bom no papel da dubladora na anima\u00e7\u00e3o da Disney. &#8220;A Iza \u00e9 maravilhosa, e com certeza ela est\u00e1 arrasando na dublagem da Nala! Esse \u00e9 o ciclo da vida, esse ciclo sem fim&#8230; E olha que legal: agora viramos um cl\u00e1ssico! Somos vintage! Meu amor a todos voc\u00eas&#8221;, escreveu a dubladora. &nbsp; Ver essa foto no Instagram &nbsp; Uma publica\u00e7\u00e3o compartilhada por Garcia Jr. (@garciajr_soldado_raso) em 27 de Jun, 2019 \u00e0s 8:01 PDT &nbsp; Ver essa foto no Instagram &nbsp; Eu e a Nala do desenho queremos agradecer \u00e0s in\u00fameras mensagens de carinho, \u00e0 imensa onda de amor que voc\u00eas mandaram nesses \u00faltimos meses! A @iza \u00e9 maravilhosa, e com certeza ela t\u00e1 arrasando na dublagem da Nala! Esse \u00e9 o Ciclo da Vida, esse Ciclo sem Fim&#8230; E olha que legal: agora viramos um Cl\u00e1ssico! Somos Vintage!&#x1f60e; Meu amor a todos voc\u00eas!&#x1f496;&#x1f4a5; Arte de @mahanski e @fernandomendub #oreileao #oreile\u00e3o1994 #oreileaodesenho Uma publica\u00e7\u00e3o compartilhada por Carla Pompilio (@carlapompilio25) em 28 de Jun, 2019 \u00e0s 4:16 PDT<\/p>\n","protected":false},"author":1,"featured_media":838,"comment_status":"open","ping_status":"open","sticky":false,"template":"","format":"standard","meta":{"_monsterinsights_skip_tracking":false,"_monsterinsights_sitenote_active":false,"_monsterinsights_sitenote_note":"","_monsterinsights_sitenote_category":0,"footnotes":""},"categories":[21,7,13],"tags":[38,67,33,34,27,39,107,62],"class_list":["post-688","post","type-post","status-publish","format-standard","has-post-thumbnail","hentry","category-acontece","category-cinema","category-noticias","tag-cinema","tag-critica","tag-dublador","tag-dubladora","tag-dublagem","tag-filme","tag-instagram","tag-rei-leao"],"yoast_head":"<!-- This site is optimized with the Yoast SEO plugin v26.1.1 - https:\/\/yoast.com\/wordpress\/plugins\/seo\/ -->\n<title>Garcia Jr. e Carla Pompilho mandam recado aos novos dubladores de Rei Le\u00e3o. | DB - Dublagem Brasileira<\/title>\n<meta name=\"description\" content=\"Dubladores brasileiros do desenho cl\u00e1ssico desejam boa sorte no Instagram para as novas vozes em Rei Le\u00e3o.\" \/>\n<meta name=\"robots\" content=\"index, follow, max-snippet:-1, max-image-preview:large, max-video-preview:-1\" \/>\n<link rel=\"canonical\" href=\"https:\/\/dublagembrasileira.com.br\/?p=688\" \/>\n<meta property=\"og:locale\" content=\"pt_BR\" \/>\n<meta property=\"og:type\" content=\"article\" \/>\n<meta property=\"og:title\" content=\"Garcia Jr. e Carla Pompilho mandam recado aos novos dubladores de Rei Le\u00e3o. | DB - Dublagem Brasileira\" \/>\n<meta property=\"og:description\" content=\"Dubladores brasileiros do desenho cl\u00e1ssico desejam boa sorte no Instagram para as novas vozes em Rei Le\u00e3o.\" \/>\n<meta property=\"og:url\" content=\"https:\/\/dublagembrasileira.com.br\/?p=688\" \/>\n<meta property=\"og:site_name\" content=\"DB - Dublagem Brasileira\" \/>\n<meta property=\"article:published_time\" content=\"2019-06-28T15:30:37+00:00\" \/>\n<meta property=\"article:modified_time\" content=\"2019-07-16T21:37:32+00:00\" \/>\n<meta property=\"og:image\" content=\"https:\/\/dublagembrasileira.com.br\/wp-content\/uploads\/2019\/06\/member.jpg\" \/>\n\t<meta property=\"og:image:width\" content=\"1280\" \/>\n\t<meta property=\"og:image:height\" content=\"720\" \/>\n\t<meta property=\"og:image:type\" content=\"image\/jpeg\" \/>\n<meta name=\"author\" content=\"Iza\u00edas Correia\" \/>\n<meta name=\"twitter:card\" content=\"summary_large_image\" \/>\n<meta name=\"twitter:label1\" content=\"Escrito por\" \/>\n\t<meta name=\"twitter:data1\" content=\"Iza\u00edas Correia\" \/>\n\t<meta name=\"twitter:label2\" content=\"Est. tempo de leitura\" \/>\n\t<meta name=\"twitter:data2\" content=\"2 minutos\" \/>\n<script type=\"application\/ld+json\" class=\"yoast-schema-graph\">{\"@context\":\"https:\/\/schema.org\",\"@graph\":[{\"@type\":\"Article\",\"@id\":\"https:\/\/dublagembrasileira.com.br\/?p=688#article\",\"isPartOf\":{\"@id\":\"https:\/\/dublagembrasileira.com.br\/?p=688\"},\"author\":{\"name\":\"Iza\u00edas Correia\",\"@id\":\"https:\/\/dublagembrasileira.com.br\/#\/schema\/person\/6298fd46a47d1ef447a90b2fc9f2b215\"},\"headline\":\"Garcia Jr. e Carla Pompilho mandam recado aos novos dubladores de Rei Le\u00e3o.\",\"datePublished\":\"2019-06-28T15:30:37+00:00\",\"dateModified\":\"2019-07-16T21:37:32+00:00\",\"mainEntityOfPage\":{\"@id\":\"https:\/\/dublagembrasileira.com.br\/?p=688\"},\"wordCount\":391,\"commentCount\":0,\"publisher\":{\"@id\":\"https:\/\/dublagembrasileira.com.br\/#organization\"},\"image\":{\"@id\":\"https:\/\/dublagembrasileira.com.br\/?p=688#primaryimage\"},\"thumbnailUrl\":\"https:\/\/dublagembrasileira.com.br\/wp-content\/uploads\/2019\/06\/member.jpg\",\"keywords\":[\"cinema\",\"critica\",\"dublador\",\"dubladora\",\"dublagem\",\"filme.\",\"instagram\",\"rei le\u00e3o.\"],\"articleSection\":[\"Acontece\",\"Cinema\",\"Not\u00edcias\"],\"inLanguage\":\"pt-BR\",\"potentialAction\":[{\"@type\":\"CommentAction\",\"name\":\"Comment\",\"target\":[\"https:\/\/dublagembrasileira.com.br\/?p=688#respond\"]}]},{\"@type\":\"WebPage\",\"@id\":\"https:\/\/dublagembrasileira.com.br\/?p=688\",\"url\":\"https:\/\/dublagembrasileira.com.br\/?p=688\",\"name\":\"Garcia Jr. e Carla Pompilho mandam recado aos novos dubladores de Rei Le\u00e3o. | DB - Dublagem Brasileira\",\"isPartOf\":{\"@id\":\"https:\/\/dublagembrasileira.com.br\/#website\"},\"primaryImageOfPage\":{\"@id\":\"https:\/\/dublagembrasileira.com.br\/?p=688#primaryimage\"},\"image\":{\"@id\":\"https:\/\/dublagembrasileira.com.br\/?p=688#primaryimage\"},\"thumbnailUrl\":\"https:\/\/dublagembrasileira.com.br\/wp-content\/uploads\/2019\/06\/member.jpg\",\"datePublished\":\"2019-06-28T15:30:37+00:00\",\"dateModified\":\"2019-07-16T21:37:32+00:00\",\"description\":\"Dubladores brasileiros do desenho cl\u00e1ssico desejam boa sorte no Instagram para as novas vozes em Rei Le\u00e3o.\",\"breadcrumb\":{\"@id\":\"https:\/\/dublagembrasileira.com.br\/?p=688#breadcrumb\"},\"inLanguage\":\"pt-BR\",\"potentialAction\":[{\"@type\":\"ReadAction\",\"target\":[\"https:\/\/dublagembrasileira.com.br\/?p=688\"]}]},{\"@type\":\"ImageObject\",\"inLanguage\":\"pt-BR\",\"@id\":\"https:\/\/dublagembrasileira.com.br\/?p=688#primaryimage\",\"url\":\"https:\/\/dublagembrasileira.com.br\/wp-content\/uploads\/2019\/06\/member.jpg\",\"contentUrl\":\"https:\/\/dublagembrasileira.com.br\/wp-content\/uploads\/2019\/06\/member.jpg\",\"width\":1280,\"height\":720},{\"@type\":\"BreadcrumbList\",\"@id\":\"https:\/\/dublagembrasileira.com.br\/?p=688#breadcrumb\",\"itemListElement\":[{\"@type\":\"ListItem\",\"position\":1,\"name\":\"In\u00edcio\",\"item\":\"https:\/\/dublagembrasileira.com.br\/\"},{\"@type\":\"ListItem\",\"position\":2,\"name\":\"Garcia Jr. e Carla Pompilho mandam recado aos novos dubladores de Rei Le\u00e3o.\"}]},{\"@type\":\"WebSite\",\"@id\":\"https:\/\/dublagembrasileira.com.br\/#website\",\"url\":\"https:\/\/dublagembrasileira.com.br\/\",\"name\":\"DB - Dublagem Brasileira\",\"description\":\"O seu portal de dublagem.\",\"publisher\":{\"@id\":\"https:\/\/dublagembrasileira.com.br\/#organization\"},\"potentialAction\":[{\"@type\":\"SearchAction\",\"target\":{\"@type\":\"EntryPoint\",\"urlTemplate\":\"https:\/\/dublagembrasileira.com.br\/?s={search_term_string}\"},\"query-input\":{\"@type\":\"PropertyValueSpecification\",\"valueRequired\":true,\"valueName\":\"search_term_string\"}}],\"inLanguage\":\"pt-BR\"},{\"@type\":\"Organization\",\"@id\":\"https:\/\/dublagembrasileira.com.br\/#organization\",\"name\":\"DB - Dublagem Brasileira\",\"url\":\"https:\/\/dublagembrasileira.com.br\/\",\"logo\":{\"@type\":\"ImageObject\",\"inLanguage\":\"pt-BR\",\"@id\":\"https:\/\/dublagembrasileira.com.br\/#\/schema\/logo\/image\/\",\"url\":\"https:\/\/dublagembrasileira.com.br\/wp-content\/uploads\/2019\/07\/cropped-logotipodb.png\",\"contentUrl\":\"https:\/\/dublagembrasileira.com.br\/wp-content\/uploads\/2019\/07\/cropped-logotipodb.png\",\"width\":946,\"height\":589,\"caption\":\"DB - Dublagem Brasileira\"},\"image\":{\"@id\":\"https:\/\/dublagembrasileira.com.br\/#\/schema\/logo\/image\/\"}},{\"@type\":\"Person\",\"@id\":\"https:\/\/dublagembrasileira.com.br\/#\/schema\/person\/6298fd46a47d1ef447a90b2fc9f2b215\",\"name\":\"Iza\u00edas Correia\",\"image\":{\"@type\":\"ImageObject\",\"inLanguage\":\"pt-BR\",\"@id\":\"https:\/\/dublagembrasileira.com.br\/#\/schema\/person\/image\/\",\"url\":\"http:\/\/dublagembrasileira.com.br\/wp-content\/uploads\/2025\/06\/cropped-izaiascorreia-96x96.jpg\",\"contentUrl\":\"http:\/\/dublagembrasileira.com.br\/wp-content\/uploads\/2025\/06\/cropped-izaiascorreia-96x96.jpg\",\"caption\":\"Iza\u00edas Correia\"},\"description\":\"Professor, roteirista e web-designer, respons\u00e1vel pelo site InfanTv. Tamb\u00e9m \u00e9 pesquisador da dublagem brasileira.\",\"url\":\"https:\/\/dublagembrasileira.com.br\/?author=1\"}]}<\/script>\n<!-- \/ Yoast SEO plugin. -->","yoast_head_json":{"title":"Garcia Jr. e Carla Pompilho mandam recado aos novos dubladores de Rei Le\u00e3o. | DB - Dublagem Brasileira","description":"Dubladores brasileiros do desenho cl\u00e1ssico desejam boa sorte no Instagram para as novas vozes em Rei Le\u00e3o.","robots":{"index":"index","follow":"follow","max-snippet":"max-snippet:-1","max-image-preview":"max-image-preview:large","max-video-preview":"max-video-preview:-1"},"canonical":"https:\/\/dublagembrasileira.com.br\/?p=688","og_locale":"pt_BR","og_type":"article","og_title":"Garcia Jr. e Carla Pompilho mandam recado aos novos dubladores de Rei Le\u00e3o. | DB - Dublagem Brasileira","og_description":"Dubladores brasileiros do desenho cl\u00e1ssico desejam boa sorte no Instagram para as novas vozes em Rei Le\u00e3o.","og_url":"https:\/\/dublagembrasileira.com.br\/?p=688","og_site_name":"DB - Dublagem Brasileira","article_published_time":"2019-06-28T15:30:37+00:00","article_modified_time":"2019-07-16T21:37:32+00:00","og_image":[{"width":1280,"height":720,"url":"https:\/\/dublagembrasileira.com.br\/wp-content\/uploads\/2019\/06\/member.jpg","type":"image\/jpeg"}],"author":"Iza\u00edas Correia","twitter_card":"summary_large_image","twitter_misc":{"Escrito por":"Iza\u00edas Correia","Est. tempo de leitura":"2 minutos"},"schema":{"@context":"https:\/\/schema.org","@graph":[{"@type":"Article","@id":"https:\/\/dublagembrasileira.com.br\/?p=688#article","isPartOf":{"@id":"https:\/\/dublagembrasileira.com.br\/?p=688"},"author":{"name":"Iza\u00edas Correia","@id":"https:\/\/dublagembrasileira.com.br\/#\/schema\/person\/6298fd46a47d1ef447a90b2fc9f2b215"},"headline":"Garcia Jr. e Carla Pompilho mandam recado aos novos dubladores de Rei Le\u00e3o.","datePublished":"2019-06-28T15:30:37+00:00","dateModified":"2019-07-16T21:37:32+00:00","mainEntityOfPage":{"@id":"https:\/\/dublagembrasileira.com.br\/?p=688"},"wordCount":391,"commentCount":0,"publisher":{"@id":"https:\/\/dublagembrasileira.com.br\/#organization"},"image":{"@id":"https:\/\/dublagembrasileira.com.br\/?p=688#primaryimage"},"thumbnailUrl":"https:\/\/dublagembrasileira.com.br\/wp-content\/uploads\/2019\/06\/member.jpg","keywords":["cinema","critica","dublador","dubladora","dublagem","filme.","instagram","rei le\u00e3o."],"articleSection":["Acontece","Cinema","Not\u00edcias"],"inLanguage":"pt-BR","potentialAction":[{"@type":"CommentAction","name":"Comment","target":["https:\/\/dublagembrasileira.com.br\/?p=688#respond"]}]},{"@type":"WebPage","@id":"https:\/\/dublagembrasileira.com.br\/?p=688","url":"https:\/\/dublagembrasileira.com.br\/?p=688","name":"Garcia Jr. e Carla Pompilho mandam recado aos novos dubladores de Rei Le\u00e3o. | DB - Dublagem Brasileira","isPartOf":{"@id":"https:\/\/dublagembrasileira.com.br\/#website"},"primaryImageOfPage":{"@id":"https:\/\/dublagembrasileira.com.br\/?p=688#primaryimage"},"image":{"@id":"https:\/\/dublagembrasileira.com.br\/?p=688#primaryimage"},"thumbnailUrl":"https:\/\/dublagembrasileira.com.br\/wp-content\/uploads\/2019\/06\/member.jpg","datePublished":"2019-06-28T15:30:37+00:00","dateModified":"2019-07-16T21:37:32+00:00","description":"Dubladores brasileiros do desenho cl\u00e1ssico desejam boa sorte no Instagram para as novas vozes em Rei Le\u00e3o.","breadcrumb":{"@id":"https:\/\/dublagembrasileira.com.br\/?p=688#breadcrumb"},"inLanguage":"pt-BR","potentialAction":[{"@type":"ReadAction","target":["https:\/\/dublagembrasileira.com.br\/?p=688"]}]},{"@type":"ImageObject","inLanguage":"pt-BR","@id":"https:\/\/dublagembrasileira.com.br\/?p=688#primaryimage","url":"https:\/\/dublagembrasileira.com.br\/wp-content\/uploads\/2019\/06\/member.jpg","contentUrl":"https:\/\/dublagembrasileira.com.br\/wp-content\/uploads\/2019\/06\/member.jpg","width":1280,"height":720},{"@type":"BreadcrumbList","@id":"https:\/\/dublagembrasileira.com.br\/?p=688#breadcrumb","itemListElement":[{"@type":"ListItem","position":1,"name":"In\u00edcio","item":"https:\/\/dublagembrasileira.com.br\/"},{"@type":"ListItem","position":2,"name":"Garcia Jr. e Carla Pompilho mandam recado aos novos dubladores de Rei Le\u00e3o."}]},{"@type":"WebSite","@id":"https:\/\/dublagembrasileira.com.br\/#website","url":"https:\/\/dublagembrasileira.com.br\/","name":"DB - Dublagem Brasileira","description":"O seu portal de dublagem.","publisher":{"@id":"https:\/\/dublagembrasileira.com.br\/#organization"},"potentialAction":[{"@type":"SearchAction","target":{"@type":"EntryPoint","urlTemplate":"https:\/\/dublagembrasileira.com.br\/?s={search_term_string}"},"query-input":{"@type":"PropertyValueSpecification","valueRequired":true,"valueName":"search_term_string"}}],"inLanguage":"pt-BR"},{"@type":"Organization","@id":"https:\/\/dublagembrasileira.com.br\/#organization","name":"DB - Dublagem Brasileira","url":"https:\/\/dublagembrasileira.com.br\/","logo":{"@type":"ImageObject","inLanguage":"pt-BR","@id":"https:\/\/dublagembrasileira.com.br\/#\/schema\/logo\/image\/","url":"https:\/\/dublagembrasileira.com.br\/wp-content\/uploads\/2019\/07\/cropped-logotipodb.png","contentUrl":"https:\/\/dublagembrasileira.com.br\/wp-content\/uploads\/2019\/07\/cropped-logotipodb.png","width":946,"height":589,"caption":"DB - Dublagem Brasileira"},"image":{"@id":"https:\/\/dublagembrasileira.com.br\/#\/schema\/logo\/image\/"}},{"@type":"Person","@id":"https:\/\/dublagembrasileira.com.br\/#\/schema\/person\/6298fd46a47d1ef447a90b2fc9f2b215","name":"Iza\u00edas Correia","image":{"@type":"ImageObject","inLanguage":"pt-BR","@id":"https:\/\/dublagembrasileira.com.br\/#\/schema\/person\/image\/","url":"http:\/\/dublagembrasileira.com.br\/wp-content\/uploads\/2025\/06\/cropped-izaiascorreia-96x96.jpg","contentUrl":"http:\/\/dublagembrasileira.com.br\/wp-content\/uploads\/2025\/06\/cropped-izaiascorreia-96x96.jpg","caption":"Iza\u00edas Correia"},"description":"Professor, roteirista e web-designer, respons\u00e1vel pelo site InfanTv. Tamb\u00e9m \u00e9 pesquisador da dublagem brasileira.","url":"https:\/\/dublagembrasileira.com.br\/?author=1"}]}},"rttpg_featured_image_url":{"full":["https:\/\/dublagembrasileira.com.br\/wp-content\/uploads\/2019\/06\/member.jpg",1280,720,false],"landscape":["https:\/\/dublagembrasileira.com.br\/wp-content\/uploads\/2019\/06\/member.jpg",1280,720,false],"portraits":["https:\/\/dublagembrasileira.com.br\/wp-content\/uploads\/2019\/06\/member.jpg",1280,720,false],"thumbnail":["https:\/\/dublagembrasileira.com.br\/wp-content\/uploads\/2019\/06\/member-150x150.jpg",150,150,true],"medium":["https:\/\/dublagembrasileira.com.br\/wp-content\/uploads\/2019\/06\/member-300x169.jpg",300,169,true],"large":["https:\/\/dublagembrasileira.com.br\/wp-content\/uploads\/2019\/06\/member-1024x576.jpg",640,360,true],"1536x1536":["https:\/\/dublagembrasileira.com.br\/wp-content\/uploads\/2019\/06\/member.jpg",1280,720,false],"2048x2048":["https:\/\/dublagembrasileira.com.br\/wp-content\/uploads\/2019\/06\/member.jpg",1280,720,false],"eggnews-slider-large":["https:\/\/dublagembrasileira.com.br\/wp-content\/uploads\/2019\/06\/member-1020x720.jpg",1020,720,true],"eggnews-featured-medium":["https:\/\/dublagembrasileira.com.br\/wp-content\/uploads\/2019\/06\/member-420x307.jpg",420,307,true],"eggnews-featured-long":["https:\/\/dublagembrasileira.com.br\/wp-content\/uploads\/2019\/06\/member-300x443.jpg",300,443,true],"eggnews-block-medium":["https:\/\/dublagembrasileira.com.br\/wp-content\/uploads\/2019\/06\/member-464x290.jpg",464,290,true],"eggnews-carousel-image":["https:\/\/dublagembrasileira.com.br\/wp-content\/uploads\/2019\/06\/member-600x500.jpg",600,500,true],"eggnews-block-thumb":["https:\/\/dublagembrasileira.com.br\/wp-content\/uploads\/2019\/06\/member-322x230.jpg",322,230,true],"eggnews-single-large":["https:\/\/dublagembrasileira.com.br\/wp-content\/uploads\/2019\/06\/member-1210x642.jpg",1210,642,true],"crp_thumbnail":["https:\/\/dublagembrasileira.com.br\/wp-content\/uploads\/2019\/06\/member-150x150.jpg",150,150,true]},"rttpg_author":{"display_name":"Iza\u00edas Correia","author_link":"https:\/\/dublagembrasileira.com.br\/?author=1"},"rttpg_comment":1,"rttpg_category":"<a href=\"https:\/\/dublagembrasileira.com.br\/?cat=21\" rel=\"category\">Acontece<\/a> <a href=\"https:\/\/dublagembrasileira.com.br\/?cat=7\" rel=\"category\">Cinema<\/a> <a href=\"https:\/\/dublagembrasileira.com.br\/?cat=13\" rel=\"category\">Not\u00edcias<\/a>","rttpg_excerpt":"Dubladores de Simba e Nala no primeiro Rei Le\u00e3o desejam sorte a Iza e \u00cdcaro Silva. O elenco de dublagem do live-action de O Rei Le\u00e3o, divulgado ontem no Dublagem Brasileira, desagradou alguns f\u00e3s acostumados \u00e0s vozes do desenho cl\u00e1ssico lan\u00e7ado pela Disney em 1994. Os primeiros dubladores, por\u00e9m, desejaram boa sorte a Iza e&hellip;","_links":{"self":[{"href":"https:\/\/dublagembrasileira.com.br\/index.php?rest_route=\/wp\/v2\/posts\/688","targetHints":{"allow":["GET"]}}],"collection":[{"href":"https:\/\/dublagembrasileira.com.br\/index.php?rest_route=\/wp\/v2\/posts"}],"about":[{"href":"https:\/\/dublagembrasileira.com.br\/index.php?rest_route=\/wp\/v2\/types\/post"}],"author":[{"embeddable":true,"href":"https:\/\/dublagembrasileira.com.br\/index.php?rest_route=\/wp\/v2\/users\/1"}],"replies":[{"embeddable":true,"href":"https:\/\/dublagembrasileira.com.br\/index.php?rest_route=%2Fwp%2Fv2%2Fcomments&post=688"}],"version-history":[{"count":3,"href":"https:\/\/dublagembrasileira.com.br\/index.php?rest_route=\/wp\/v2\/posts\/688\/revisions"}],"predecessor-version":[{"id":837,"href":"https:\/\/dublagembrasileira.com.br\/index.php?rest_route=\/wp\/v2\/posts\/688\/revisions\/837"}],"wp:featuredmedia":[{"embeddable":true,"href":"https:\/\/dublagembrasileira.com.br\/index.php?rest_route=\/wp\/v2\/media\/838"}],"wp:attachment":[{"href":"https:\/\/dublagembrasileira.com.br\/index.php?rest_route=%2Fwp%2Fv2%2Fmedia&parent=688"}],"wp:term":[{"taxonomy":"category","embeddable":true,"href":"https:\/\/dublagembrasileira.com.br\/index.php?rest_route=%2Fwp%2Fv2%2Fcategories&post=688"},{"taxonomy":"post_tag","embeddable":true,"href":"https:\/\/dublagembrasileira.com.br\/index.php?rest_route=%2Fwp%2Fv2%2Ftags&post=688"}],"curies":[{"name":"wp","href":"https:\/\/api.w.org\/{rel}","templated":true}]}}