{"id":641,"date":"2019-07-08T15:16:08","date_gmt":"2019-07-08T15:16:08","guid":{"rendered":"http:\/\/dublagembrasileira.com.br\/?p=641"},"modified":"2019-07-17T00:23:38","modified_gmt":"2019-07-17T00:23:38","slug":"elementor-641","status":"publish","type":"post","link":"https:\/\/dublagembrasileira.com.br\/?p=641","title":{"rendered":"Entrevista: Nizo Neto a voz do Presto e Matthew Broderick no Brasil."},"content":{"rendered":"<style>.elementor-widget-heading .elementor-heading-title{font-family:var( --e-global-typography-primary-font-family ), Sans-serif;font-weight:var( --e-global-typography-primary-font-weight );color:var( --e-global-color-primary );}.elementor-641 .elementor-element.elementor-element-cd2ecdb .elementor-heading-title{font-size:15px;font-style:italic;color:#4c4c4c;}.elementor-widget-text-editor{font-family:var( --e-global-typography-text-font-family ), Sans-serif;font-weight:var( --e-global-typography-text-font-weight );color:var( --e-global-color-text );}.elementor-widget-text-editor.elementor-drop-cap-view-stacked .elementor-drop-cap{background-color:var( --e-global-color-primary );}.elementor-widget-text-editor.elementor-drop-cap-view-framed .elementor-drop-cap, .elementor-widget-text-editor.elementor-drop-cap-view-default .elementor-drop-cap{color:var( --e-global-color-primary );border-color:var( --e-global-color-primary );}.elementor-widget-divider{--divider-color:var( --e-global-color-secondary );}.elementor-widget-divider .elementor-divider__text{color:var( --e-global-color-secondary );font-family:var( --e-global-typography-secondary-font-family ), Sans-serif;font-weight:var( --e-global-typography-secondary-font-weight );}.elementor-widget-divider.elementor-view-stacked .elementor-icon{background-color:var( --e-global-color-secondary );}.elementor-widget-divider.elementor-view-framed .elementor-icon, .elementor-widget-divider.elementor-view-default .elementor-icon{color:var( --e-global-color-secondary );border-color:var( --e-global-color-secondary );}.elementor-widget-divider.elementor-view-framed .elementor-icon, .elementor-widget-divider.elementor-view-default .elementor-icon svg{fill:var( --e-global-color-secondary );}.elementor-641 .elementor-element.elementor-element-0e52d04{--divider-border-style:solid;--divider-color:#000;--divider-border-width:1px;}.elementor-641 .elementor-element.elementor-element-0e52d04 .elementor-divider-separator{width:100%;}.elementor-641 .elementor-element.elementor-element-0e52d04 .elementor-divider{padding-block-start:15px;padding-block-end:15px;}.elementor-641 .elementor-element.elementor-element-60db808{text-align:center;}.elementor-641 .elementor-element.elementor-element-60db808 .elementor-heading-title{font-family:\"Chela One\", Sans-serif;font-size:31px;color:#000000;}.elementor-641 .elementor-element.elementor-element-5d5f874{text-align:center;}.elementor-641 .elementor-element.elementor-element-5d5f874 .elementor-heading-title{font-size:16px;color:#000000;}.elementor-641 .elementor-element.elementor-element-3490276{--divider-border-style:solid;--divider-color:#000;--divider-border-width:1px;}.elementor-641 .elementor-element.elementor-element-3490276 .elementor-divider-separator{width:100%;}.elementor-641 .elementor-element.elementor-element-3490276 .elementor-divider{padding-block-start:15px;padding-block-end:15px;}.elementor-641 .elementor-element.elementor-element-512e63a > .elementor-widget-container{margin:-27px 0px 50px 0px;}.elementor-641 .elementor-element.elementor-element-0b50c4b > .elementor-widget-container{margin:-27px 0px 50px 0px;}.elementor-641 .elementor-element.elementor-element-8d1c661 > .elementor-widget-container{margin:-27px 0px 50px 0px;}.elementor-widget-image .widget-image-caption{color:var( --e-global-color-text );font-family:var( --e-global-typography-text-font-family ), Sans-serif;font-weight:var( --e-global-typography-text-font-weight );}.elementor-641 .elementor-element.elementor-element-443a5de > .elementor-widget-container{margin:-27px 0px 50px 0px;}.elementor-641 .elementor-element.elementor-element-b679355 > .elementor-widget-container{margin:-27px 0px 50px 0px;}.elementor-641 .elementor-element.elementor-element-db0d7c1 > .elementor-widget-container{margin:-27px 0px 50px 0px;}.elementor-641 .elementor-element.elementor-element-a02008c > .elementor-widget-container{margin:-27px 0px 50px 0px;}.elementor-641 .elementor-element.elementor-element-92ec09a > .elementor-widget-container{margin:-27px 0px 50px 0px;}.elementor-641 .elementor-element.elementor-element-1724d3a > .elementor-widget-container{margin:-27px 0px 50px 0px;}.elementor-641 .elementor-element.elementor-element-5838eb8 > .elementor-widget-container{margin:-27px 0px 50px 0px;}.elementor-641 .elementor-element.elementor-element-34d30cd > .elementor-widget-container{margin:-27px 0px 50px 0px;}.elementor-641 .elementor-element.elementor-element-fc80770 > .elementor-widget-container{margin:-27px 0px 50px 0px;}.elementor-641 .elementor-element.elementor-element-80b5bc9 > .elementor-widget-container{margin:-27px 0px 50px 0px;}.elementor-641 .elementor-element.elementor-element-da6e4e9 > .elementor-widget-container{margin:-27px 0px 50px 0px;}.elementor-641 .elementor-element.elementor-element-f1e49fb > .elementor-widget-container{margin:-27px 0px 50px 0px;}<\/style>\t\t<div data-elementor-type=\"wp-post\" data-elementor-id=\"641\" class=\"elementor elementor-641\">\n\t\t\t\t\t\t<section class=\"has_eae_slider elementor-section elementor-top-section elementor-element elementor-element-9a3f291 elementor-section-boxed elementor-section-height-default elementor-section-height-default wpr-particle-no wpr-jarallax-no wpr-parallax-no wpr-sticky-section-no\" data-eae-slider=\"68122\" data-id=\"9a3f291\" data-element_type=\"section\" data-settings=\"{&quot;_ha_eqh_enable&quot;:false}\">\n\t\t\t\t\t\t<div class=\"elementor-container elementor-column-gap-default\">\n\t\t\t\t\t<div class=\"has_eae_slider elementor-column elementor-col-100 elementor-top-column elementor-element elementor-element-11439c7\" data-eae-slider=\"6926\" data-id=\"11439c7\" data-element_type=\"column\">\n\t\t\t<div class=\"elementor-widget-wrap elementor-element-populated\">\n\t\t\t\t\t\t<div class=\"elementor-element elementor-element-cd2ecdb elementor-widget elementor-widget-heading\" data-id=\"cd2ecdb\" data-element_type=\"widget\" data-widget_type=\"heading.default\">\n\t\t\t\t<div class=\"elementor-widget-container\">\n\t\t\t\t\t<h2 class=\"elementor-heading-title elementor-size-default\">Entrevista realizada por Iza\u00edas Correia<\/h2>\t\t\t\t<\/div>\n\t\t\t\t<\/div>\n\t\t\t\t<div class=\"elementor-element elementor-element-482e999 elementor-widget elementor-widget-text-editor\" data-id=\"482e999\" data-element_type=\"widget\" data-widget_type=\"text-editor.default\">\n\t\t\t\t<div class=\"elementor-widget-container\">\n\t\t\t\t\t\t\t\t\t<p style=\"text-align: justify;\"><span style=\"color: #000000;\">Francisco An\u00edzio de Oliveira Paula Neto, mais conhecido como Nizo Neto, nasceu no dia 27 de abril de 1964 no Rio de Janeiro. Filho do humorista Chico Anysio e da atriz vedete Rose Rondelli, Nizo al\u00e9m de ator \u00e9 ilusionista, integrante de v\u00e1rias entidades ligadas \u00e0 essa sua curiosa e incomum arte, como: Society of American Magicians, Academy of Magical Arts &amp; Sciences, Clube M\u00e1gico Portugu\u00eas, C\u00edrculo Brasileiro de Ilusionismo (do qual foi diretor social por dois anos), entre outras. Tamb\u00e9m assinou por tr\u00eas anos uma coluna na revista portuguesa \u201cO M\u00e1gico\u201d.<\/span><\/p><p style=\"text-align: justify;\"><span style=\"color: #000000;\">Durante outros tr\u00eas anos, Nizo morou nos EUA, onde, al\u00e9m de participar de diversos workshops, se formou como barman profissional, tendo exercido a profiss\u00e3o em Nova York durante um ano e meio.<\/span><\/p><p style=\"text-align: justify;\"><span style=\"color: #000000;\">Na televis\u00e3o, come\u00e7ou em 1972 com o pai e, mais tarde, se destacou como o \u201cseu\u201d Ptolomeu da <strong>Escolinha do Professor Raymundo<\/strong>. Suas principais novelas foram <strong>Sinh\u00e1-Mo\u00e7a<\/strong>, <strong>A Pr\u00f3xima V\u00edtima<\/strong>, <strong>O Cravo e A Rosa<\/strong>, <strong>Estrela Guia<\/strong> e a miniss\u00e9rie <strong>Um S\u00f3 Cora\u00e7\u00e3o<\/strong>.<\/span><\/p><p style=\"text-align: justify;\"><span style=\"color: #000000;\">De um relacionamento com\u00a0Brita Brazil nasceu Rian, falecido em 2016 num caso que moveu o pa\u00eds ap\u00f3s seu desaparecimento. Atualmente \u00e9 casado com a sexpert e psic\u00f3loga Tatiana Presser &#8211; com quem tem duas filhas (Isabela e Sofia) &#8211; e, juntos, fazem o espet\u00e1culo did\u00e1dico-humor\u00edstico <strong>Vem Transar Com a Gente<\/strong>. Em dezembro de 2017, deixou a Globo para seguir projetos pessoais. Em 2018, Nizo e a esposa participaram da terceira temporada do reality show <strong>Power Couple Brasil<\/strong>, na RecordTV.<\/span><\/p><p style=\"text-align: justify;\"><span style=\"color: #000000;\">Desde 1983 ainda trabalha como dublador de filmes, desenhos e seriados para TV e cinema.<\/span><\/p>\t\t\t\t\t\t\t\t<\/div>\n\t\t\t\t<\/div>\n\t\t\t\t<div class=\"elementor-element elementor-element-0e52d04 elementor-widget-divider--view-line elementor-widget elementor-widget-divider\" data-id=\"0e52d04\" data-element_type=\"widget\" data-widget_type=\"divider.default\">\n\t\t\t\t<div class=\"elementor-widget-container\">\n\t\t\t\t\t\t\t<div class=\"elementor-divider\">\n\t\t\t<span class=\"elementor-divider-separator\">\n\t\t\t\t\t\t<\/span>\n\t\t<\/div>\n\t\t\t\t\t\t<\/div>\n\t\t\t\t<\/div>\n\t\t\t\t\t<\/div>\n\t\t<\/div>\n\t\t\t\t\t<\/div>\n\t\t<\/section>\n\t\t\t\t<section class=\"has_eae_slider elementor-section elementor-top-section elementor-element elementor-element-494ac4d elementor-section-boxed elementor-section-height-default elementor-section-height-default wpr-particle-no wpr-jarallax-no wpr-parallax-no wpr-sticky-section-no\" data-eae-slider=\"46969\" data-id=\"494ac4d\" data-element_type=\"section\" data-settings=\"{&quot;_ha_eqh_enable&quot;:false}\">\n\t\t\t\t\t\t<div class=\"elementor-container elementor-column-gap-default\">\n\t\t\t\t\t<div class=\"has_eae_slider elementor-column elementor-col-100 elementor-top-column elementor-element elementor-element-7c212bf\" data-eae-slider=\"96407\" data-id=\"7c212bf\" data-element_type=\"column\">\n\t\t\t<div class=\"elementor-widget-wrap elementor-element-populated\">\n\t\t\t\t\t\t<div class=\"elementor-element elementor-element-60db808 elementor-widget elementor-widget-heading\" data-id=\"60db808\" data-element_type=\"widget\" data-widget_type=\"heading.default\">\n\t\t\t\t<div class=\"elementor-widget-container\">\n\t\t\t\t\t<h2 class=\"elementor-heading-title elementor-size-default\">\u201cN\u00e3o sei o que seria da minha vida se n\u00e3o tivesse nascido praticamente num camarim.\u201d<\/h2>\t\t\t\t<\/div>\n\t\t\t\t<\/div>\n\t\t\t\t<div class=\"elementor-element elementor-element-5d5f874 elementor-widget elementor-widget-heading\" data-id=\"5d5f874\" data-element_type=\"widget\" data-widget_type=\"heading.default\">\n\t\t\t\t<div class=\"elementor-widget-container\">\n\t\t\t\t\t<h2 class=\"elementor-heading-title elementor-size-default\">Nizo Neto<\/h2>\t\t\t\t<\/div>\n\t\t\t\t<\/div>\n\t\t\t\t<div class=\"elementor-element elementor-element-3490276 elementor-widget-divider--view-line elementor-widget elementor-widget-divider\" data-id=\"3490276\" data-element_type=\"widget\" data-widget_type=\"divider.default\">\n\t\t\t\t<div class=\"elementor-widget-container\">\n\t\t\t\t\t\t\t<div class=\"elementor-divider\">\n\t\t\t<span class=\"elementor-divider-separator\">\n\t\t\t\t\t\t<\/span>\n\t\t<\/div>\n\t\t\t\t\t\t<\/div>\n\t\t\t\t<\/div>\n\t\t\t\t\t<\/div>\n\t\t<\/div>\n\t\t\t\t\t<\/div>\n\t\t<\/section>\n\t\t\t\t<section class=\"has_eae_slider elementor-section elementor-top-section elementor-element elementor-element-0f05e56 elementor-section-boxed elementor-section-height-default elementor-section-height-default wpr-particle-no wpr-jarallax-no wpr-parallax-no wpr-sticky-section-no\" data-eae-slider=\"11644\" data-id=\"0f05e56\" data-element_type=\"section\" data-settings=\"{&quot;_ha_eqh_enable&quot;:false}\">\n\t\t\t\t\t\t<div class=\"elementor-container elementor-column-gap-default\">\n\t\t\t\t\t<div class=\"has_eae_slider elementor-column elementor-col-100 elementor-top-column elementor-element elementor-element-a4809a6\" data-eae-slider=\"92248\" data-id=\"a4809a6\" data-element_type=\"column\">\n\t\t\t<div class=\"elementor-widget-wrap elementor-element-populated\">\n\t\t\t\t\t\t<div class=\"elementor-element elementor-element-dd5ee84 elementor-widget elementor-widget-text-editor\" data-id=\"dd5ee84\" data-element_type=\"widget\" data-widget_type=\"text-editor.default\">\n\t\t\t\t<div class=\"elementor-widget-container\">\n\t\t\t\t\t\t\t\t\t<p style=\"text-align: justify;\"><span style=\"color: #000000;\"><strong>Dublagem Brasileira &#8211; Voc\u00ea come\u00e7ou a carreira art\u00edstica trabalhando com o seu pai, no humor\u00edstico Chico em Quadrinhos, em 1972. Foi mais f\u00e1cil iniciar trabalhando em fam\u00edlia ou a cobran\u00e7a era maior?<br \/><\/strong><\/span><\/p>\t\t\t\t\t\t\t\t<\/div>\n\t\t\t\t<\/div>\n\t\t\t\t<div class=\"elementor-element elementor-element-512e63a elementor-widget elementor-widget-text-editor\" data-id=\"512e63a\" data-element_type=\"widget\" data-widget_type=\"text-editor.default\">\n\t\t\t\t<div class=\"elementor-widget-container\">\n\t\t\t\t\t\t\t\t\t<p style=\"text-align: justify;\"><span style=\"color: #000000;\"><strong>Nizo Neto<\/strong> &#8211; No in\u00edcio, claro, foi mais f\u00e1cil. N\u00e3o sei o que seria da minha vida se n\u00e3o tivesse nascido praticamente num camarim. Por isso, tudo foi muito autom\u00e1tico. A ajuda do meu pai no in\u00edcio foi crucial. Claro que facilitou. E fora que ter um professor como Chico Anysio dentro de casa n\u00e3o \u00e9 pra qualquer um! Al\u00e9m do mais, meu pai era dono de alguns programas e ele sempre me deu boas oportunidades. Mas depois vem o lado complicado que s\u00e3o as cobran\u00e7as, compara\u00e7\u00f5es, essas coisas. N\u00e3o \u00e9 nada f\u00e1cil. Mas tudo na vida tem um pre\u00e7o.<br \/><\/span><\/p>\t\t\t\t\t\t\t\t<\/div>\n\t\t\t\t<\/div>\n\t\t\t\t\t<\/div>\n\t\t<\/div>\n\t\t\t\t\t<\/div>\n\t\t<\/section>\n\t\t\t\t<section class=\"has_eae_slider elementor-section elementor-top-section elementor-element elementor-element-ab4c77b elementor-section-boxed elementor-section-height-default elementor-section-height-default wpr-particle-no wpr-jarallax-no wpr-parallax-no wpr-sticky-section-no\" data-eae-slider=\"97887\" data-id=\"ab4c77b\" data-element_type=\"section\" data-settings=\"{&quot;_ha_eqh_enable&quot;:false}\">\n\t\t\t\t\t\t<div class=\"elementor-container elementor-column-gap-default\">\n\t\t\t\t\t<div class=\"has_eae_slider elementor-column elementor-col-100 elementor-top-column elementor-element elementor-element-85584d2\" data-eae-slider=\"81783\" data-id=\"85584d2\" data-element_type=\"column\">\n\t\t\t<div class=\"elementor-widget-wrap elementor-element-populated\">\n\t\t\t\t\t\t<div class=\"elementor-element elementor-element-f6f3d13 elementor-widget elementor-widget-text-editor\" data-id=\"f6f3d13\" data-element_type=\"widget\" data-widget_type=\"text-editor.default\">\n\t\t\t\t<div class=\"elementor-widget-container\">\n\t\t\t\t\t\t\t\t\t<p style=\"text-align: justify;\"><span style=\"color: #000000;\"><strong>DB &#8211; Ao longo de sua carreira voc\u00ea tem trabalhado mais diretamente com o p\u00fablico infanto-juvenil, como ator nos humor\u00edsticos e programas infantis e como dublador de desenhos animados. Quando est\u00e1 fazendo algum trabalho para esse p\u00fablico voc\u00ea se d\u00e1 conta da responsabilidade do que est\u00e1 passando?<br \/><\/strong><\/span><\/p>\t\t\t\t\t\t\t\t<\/div>\n\t\t\t\t<\/div>\n\t\t\t\t<div class=\"elementor-element elementor-element-0b50c4b elementor-widget elementor-widget-text-editor\" data-id=\"0b50c4b\" data-element_type=\"widget\" data-widget_type=\"text-editor.default\">\n\t\t\t\t<div class=\"elementor-widget-container\">\n\t\t\t\t\t\t\t\t\t<p style=\"text-align: justify;\"><span style=\"color: #000000;\"><strong>NN<\/strong> &#8211; Tenho muito respeito pelo p\u00fablico infanto-juvenil. Ele \u00e9 extremamente exigente, cr\u00edtico e pega uma grande fatia do nosso mercado. Por isso todo respeito \u00e9 pouco. Com certeza eu me dou conta da responsabilidade mas, como uma pessoa 100% artista, nem sempre posso me dar ao luxo de escolher. Por isso, quando estou, por exemplo, dublando um desenho japon\u00eas de p\u00e9ssima qualidade art\u00edstica e com uma mensagem duvidosa, eu procuro, com alguma habilidade art\u00edstica, fazer o melhor poss\u00edvel e sem alterar tanto a obra, amenizar um pouco da viol\u00eancia ou da m\u00e1 qualidade art\u00edstica.<br \/><\/span><\/p>\t\t\t\t\t\t\t\t<\/div>\n\t\t\t\t<\/div>\n\t\t\t\t\t<\/div>\n\t\t<\/div>\n\t\t\t\t\t<\/div>\n\t\t<\/section>\n\t\t\t\t<section class=\"has_eae_slider elementor-section elementor-top-section elementor-element elementor-element-1e057ad elementor-section-boxed elementor-section-height-default elementor-section-height-default wpr-particle-no wpr-jarallax-no wpr-parallax-no wpr-sticky-section-no\" data-eae-slider=\"12190\" data-id=\"1e057ad\" data-element_type=\"section\" data-settings=\"{&quot;_ha_eqh_enable&quot;:false}\">\n\t\t\t\t\t\t<div class=\"elementor-container elementor-column-gap-default\">\n\t\t\t\t\t<div class=\"has_eae_slider elementor-column elementor-col-100 elementor-top-column elementor-element elementor-element-e9920db\" data-eae-slider=\"67094\" data-id=\"e9920db\" data-element_type=\"column\">\n\t\t\t<div class=\"elementor-widget-wrap elementor-element-populated\">\n\t\t\t\t\t\t<div class=\"elementor-element elementor-element-53135dd elementor-widget elementor-widget-text-editor\" data-id=\"53135dd\" data-element_type=\"widget\" data-widget_type=\"text-editor.default\">\n\t\t\t\t<div class=\"elementor-widget-container\">\n\t\t\t\t\t\t\t\t\t<p style=\"text-align: justify;\"><span style=\"color: #000000;\"><strong>DB &#8211; Nizo Neto, voc\u00ea tamb\u00e9m tem trabalhos marcantes em telenovelas, como em A Pr\u00f3xima V\u00edtima, O Cravo e a Rosa e Cabocla, entre outras. Qual dos dois \u00e9 mais gostoso de fazer, dublagem ou novela?<br \/><\/strong><\/span><\/p>\t\t\t\t\t\t\t\t<\/div>\n\t\t\t\t<\/div>\n\t\t\t\t<div class=\"elementor-element elementor-element-8d1c661 elementor-widget elementor-widget-text-editor\" data-id=\"8d1c661\" data-element_type=\"widget\" data-widget_type=\"text-editor.default\">\n\t\t\t\t<div class=\"elementor-widget-container\">\n\t\t\t\t\t\t\t\t\t<p style=\"text-align: justify;\"><span style=\"color: #000000;\"><strong>NN<\/strong> &#8211; N\u00e3o d\u00e1 pra comparar. Os dois s\u00e3o \u00f3timos trabalhos, cada um com suas caracter\u00edsticas. Em TV, ou teatro, tudo \u00e9 mais completo. Voc\u00ea entra mais por inteiro como ator. \u00c9 muito mais trabalhoso, com grava\u00e7\u00f5es noturnas e em loca\u00e7\u00f5es estranhas e te toma mais tempo tamb\u00e9m. Em dublagem voc\u00ea concentra s\u00f3 na voz. E voc\u00ea vai no est\u00fadio e n\u00e3o fica horas e horas esperando para gravar. Mas, por outro lado, a dublagem te leva para um mundo diferente, dos desenhos, tiras e her\u00f3is. Tem frases que s\u00f3 em um filme dublado voc\u00ea vai dizer.<br \/><\/span><\/p>\t\t\t\t\t\t\t\t<\/div>\n\t\t\t\t<\/div>\n\t\t\t\t<div class=\"elementor-element elementor-element-4f2cb28 elementor-widget elementor-widget-image\" data-id=\"4f2cb28\" data-element_type=\"widget\" data-widget_type=\"image.default\">\n\t\t\t\t<div class=\"elementor-widget-container\">\n\t\t\t\t\t\t\t\t\t\t\t\t<figure class=\"wp-caption\">\n\t\t\t\t\t\t\t\t\t\t<img fetchpriority=\"high\" decoding=\"async\" width=\"640\" height=\"451\" src=\"https:\/\/dublagembrasileira.com.br\/wp-content\/uploads\/2019\/07\/nizoneto3.jpg\" class=\"attachment-large size-large wp-image-743\" alt=\"\" srcset=\"https:\/\/dublagembrasileira.com.br\/wp-content\/uploads\/2019\/07\/nizoneto3.jpg 704w, https:\/\/dublagembrasileira.com.br\/wp-content\/uploads\/2019\/07\/nizoneto3-300x211.jpg 300w\" sizes=\"(max-width: 640px) 100vw, 640px\" \/>\t\t\t\t\t\t\t\t\t\t\t<figcaption class=\"widget-image-caption wp-caption-text\">Nizo Neto, versatilidade \u00e9 a sua marca.<\/figcaption>\n\t\t\t\t\t\t\t\t\t\t<\/figure>\n\t\t\t\t\t\t\t\t\t<\/div>\n\t\t\t\t<\/div>\n\t\t\t\t\t<\/div>\n\t\t<\/div>\n\t\t\t\t\t<\/div>\n\t\t<\/section>\n\t\t\t\t<section class=\"has_eae_slider elementor-section elementor-top-section elementor-element elementor-element-87d990b elementor-section-boxed elementor-section-height-default elementor-section-height-default wpr-particle-no wpr-jarallax-no wpr-parallax-no wpr-sticky-section-no\" data-eae-slider=\"59255\" data-id=\"87d990b\" data-element_type=\"section\" data-settings=\"{&quot;_ha_eqh_enable&quot;:false}\">\n\t\t\t\t\t\t<div class=\"elementor-container elementor-column-gap-default\">\n\t\t\t\t\t<div class=\"has_eae_slider elementor-column elementor-col-100 elementor-top-column elementor-element elementor-element-7e5a7a3\" data-eae-slider=\"60155\" data-id=\"7e5a7a3\" data-element_type=\"column\">\n\t\t\t<div class=\"elementor-widget-wrap elementor-element-populated\">\n\t\t\t\t\t\t<div class=\"elementor-element elementor-element-a107f90 elementor-widget elementor-widget-text-editor\" data-id=\"a107f90\" data-element_type=\"widget\" data-widget_type=\"text-editor.default\">\n\t\t\t\t<div class=\"elementor-widget-container\">\n\t\t\t\t\t\t\t\t\t<p style=\"text-align: justify;\"><span style=\"color: #000000;\"><strong>DB &#8211; A Escolinha do Professor Raimundo foi um desfile de astros consagrados do nosso humor (e tamb\u00e9m da dublagem), quando interpretou o Seu Ptolomeu voc\u00ea sentiu que realmente estava numa escola, mas de interpreta\u00e7\u00e3o?<\/strong><\/span><\/p>\t\t\t\t\t\t\t\t<\/div>\n\t\t\t\t<\/div>\n\t\t\t\t<div class=\"elementor-element elementor-element-443a5de elementor-widget elementor-widget-text-editor\" data-id=\"443a5de\" data-element_type=\"widget\" data-widget_type=\"text-editor.default\">\n\t\t\t\t<div class=\"elementor-widget-container\">\n\t\t\t\t\t\t\t\t\t<p style=\"text-align: justify;\"><span style=\"color: #000000;\"><strong>NN<\/strong> &#8211; Com certeza. O conv\u00edvio ali foi maravilhoso. Onde mais voc\u00ea tem um artista do n\u00edvel de Chico Anysio fazendo \u201cescada\u201d ? E contracenar com Walter D\u2019Avila, Brand\u00e3o Filho, Grande Otelo, Rog\u00e9rio Cardoso, N\u00e1dia Maria e tantos outros foi um privil\u00e9gio que poucos da minha gera\u00e7\u00e3o tiveram.<br \/><\/span><\/p>\t\t\t\t\t\t\t\t<\/div>\n\t\t\t\t<\/div>\n\t\t\t\t\t<\/div>\n\t\t<\/div>\n\t\t\t\t\t<\/div>\n\t\t<\/section>\n\t\t\t\t<section class=\"has_eae_slider elementor-section elementor-top-section elementor-element elementor-element-e94049d elementor-section-boxed elementor-section-height-default elementor-section-height-default wpr-particle-no wpr-jarallax-no wpr-parallax-no wpr-sticky-section-no\" data-eae-slider=\"36826\" data-id=\"e94049d\" data-element_type=\"section\" data-settings=\"{&quot;_ha_eqh_enable&quot;:false}\">\n\t\t\t\t\t\t<div class=\"elementor-container elementor-column-gap-default\">\n\t\t\t\t\t<div class=\"has_eae_slider elementor-column elementor-col-100 elementor-top-column elementor-element elementor-element-8299a37\" data-eae-slider=\"51741\" data-id=\"8299a37\" data-element_type=\"column\">\n\t\t\t<div class=\"elementor-widget-wrap elementor-element-populated\">\n\t\t\t\t\t\t<div class=\"elementor-element elementor-element-865ad30 elementor-widget elementor-widget-text-editor\" data-id=\"865ad30\" data-element_type=\"widget\" data-widget_type=\"text-editor.default\">\n\t\t\t\t<div class=\"elementor-widget-container\">\n\t\t\t\t\t\t\t\t\t<p style=\"text-align: justify;\"><span style=\"color: #000000;\"><strong>DB &#8211; Nizo Neto, voc\u00ea \u00e9 ilusionista, at\u00e9 recentemente esteve interpretando um m\u00e1gico em \u201cA Diarista\u201d. De onde surgiu o gosto pelo ilusionismo? Fale-nos um pouco sobre essa atividade.<\/strong><\/span><\/p>\t\t\t\t\t\t\t\t<\/div>\n\t\t\t\t<\/div>\n\t\t\t\t<div class=\"elementor-element elementor-element-b679355 elementor-widget elementor-widget-text-editor\" data-id=\"b679355\" data-element_type=\"widget\" data-widget_type=\"text-editor.default\">\n\t\t\t\t<div class=\"elementor-widget-container\">\n\t\t\t\t\t\t\t\t\t<p style=\"text-align: justify;\"><span style=\"color: #000000;\"><strong>NN<\/strong> &#8211; Em 1988 eu fui chamado para apresentar uns n\u00fameros de m\u00e1gica no quadro \u201cCirco dos Astros\u201d, no \u201cCrian\u00e7a Esperan\u00e7a\u201d. Nunca tinha nem pensado em m\u00e1gica, n\u00e3o tinha o menor interesse. Mas com a experi\u00eancia do \u201cCrian\u00e7a \u2026\u201d eu conheci v\u00e1rios m\u00e1gicos, me tornei amigo de alguns e, o que era um hobby, acabou virando profiss\u00e3o, embora eu seja considerado semi-profissional, por n\u00e3o exercer s\u00f3 essa profiss\u00e3o.<br \/><\/span><\/p>\t\t\t\t\t\t\t\t<\/div>\n\t\t\t\t<\/div>\n\t\t\t\t\t<\/div>\n\t\t<\/div>\n\t\t\t\t\t<\/div>\n\t\t<\/section>\n\t\t\t\t<section class=\"has_eae_slider elementor-section elementor-top-section elementor-element elementor-element-1fa6e04 elementor-section-boxed elementor-section-height-default elementor-section-height-default wpr-particle-no wpr-jarallax-no wpr-parallax-no wpr-sticky-section-no\" data-eae-slider=\"54187\" data-id=\"1fa6e04\" data-element_type=\"section\" data-settings=\"{&quot;_ha_eqh_enable&quot;:false}\">\n\t\t\t\t\t\t<div class=\"elementor-container elementor-column-gap-default\">\n\t\t\t\t\t<div class=\"has_eae_slider elementor-column elementor-col-100 elementor-top-column elementor-element elementor-element-84cc3be\" data-eae-slider=\"25434\" data-id=\"84cc3be\" data-element_type=\"column\">\n\t\t\t<div class=\"elementor-widget-wrap elementor-element-populated\">\n\t\t\t\t\t\t<div class=\"elementor-element elementor-element-46873de elementor-widget elementor-widget-text-editor\" data-id=\"46873de\" data-element_type=\"widget\" data-widget_type=\"text-editor.default\">\n\t\t\t\t<div class=\"elementor-widget-container\">\n\t\t\t\t\t\t\t\t\t<p style=\"text-align: justify;\"><span style=\"color: #000000;\"><strong>DB &#8211; Como a dublagem tem sido sua maior \u00e1rea de atua\u00e7\u00e3o, acontece de voc\u00ea ser reconhecido pela voz nos trabalhos para teatro, cinema ou tev\u00ea, de algu\u00e9m de repente falar: \u201colha l\u00e1\u2026\u00e9 o Willycat dos ThunderCats\u201d?<\/strong><\/span><\/p>\t\t\t\t\t\t\t\t<\/div>\n\t\t\t\t<\/div>\n\t\t\t\t<div class=\"elementor-element elementor-element-db0d7c1 elementor-widget elementor-widget-text-editor\" data-id=\"db0d7c1\" data-element_type=\"widget\" data-widget_type=\"text-editor.default\">\n\t\t\t\t<div class=\"elementor-widget-container\">\n\t\t\t\t\t\t\t\t\t<p style=\"text-align: justify;\"><span style=\"color: #000000;\"><strong>NN<\/strong> &#8211; Na verdade a dublagem foi a minha maior \u00e1rea de atua\u00e7\u00e3o do in\u00edcio dos anos 80 ao in\u00edcio dos 90. De l\u00e1 pra c\u00e1 a coisa nessa \u00e1rea est\u00e1 mais devagar pra mim. Tenho dividido mais minhas atividades entre palco, telinha, telona e voz. Dublagem \u00e9 um trabalho muito bacana mas, em demasia, \u00e9 muito estressante. Conciliar todos aqueles hor\u00e1rios, horas e horas de \u201cclausura\u201d em est\u00fadios gelados\u2026\u00e9 realmente cansativo. Mas eu sou contratado da VTI, onde trabalho umas duas vezes por semana, dependendo da \u201csafra\u201d da produ\u00e7\u00e3o no momento. Hoje s\u00e3o muitos est\u00fadios. Tudo dividiu muito. Mas sobre reconhecerem minha voz\u2026.as pessoas reconhecem sim. Mas eu j\u00e1 sou bem conhecido da TV, por isso as pessoas n\u00e3o me associam tanto s\u00f3 a voz. Mas, sempre que algu\u00e9m na rua est\u00e1 em d\u00favida se \u201ceu sou eu\u201d, \u00e9 s\u00f3 eu abrir a boca e\u2026pronto\u2026a voz denuncia.<br \/><\/span><\/p>\t\t\t\t\t\t\t\t<\/div>\n\t\t\t\t<\/div>\n\t\t\t\t\t<\/div>\n\t\t<\/div>\n\t\t\t\t\t<\/div>\n\t\t<\/section>\n\t\t\t\t<section class=\"has_eae_slider elementor-section elementor-top-section elementor-element elementor-element-d6c0357 elementor-section-boxed elementor-section-height-default elementor-section-height-default wpr-particle-no wpr-jarallax-no wpr-parallax-no wpr-sticky-section-no\" data-eae-slider=\"96450\" data-id=\"d6c0357\" data-element_type=\"section\" data-settings=\"{&quot;_ha_eqh_enable&quot;:false}\">\n\t\t\t\t\t\t<div class=\"elementor-container elementor-column-gap-default\">\n\t\t\t\t\t<div class=\"has_eae_slider elementor-column elementor-col-100 elementor-top-column elementor-element elementor-element-8602f1c\" data-eae-slider=\"57695\" data-id=\"8602f1c\" data-element_type=\"column\">\n\t\t\t<div class=\"elementor-widget-wrap elementor-element-populated\">\n\t\t\t\t\t\t<div class=\"elementor-element elementor-element-06bbebf elementor-widget elementor-widget-text-editor\" data-id=\"06bbebf\" data-element_type=\"widget\" data-widget_type=\"text-editor.default\">\n\t\t\t\t<div class=\"elementor-widget-container\">\n\t\t\t\t\t\t\t\t\t<p style=\"text-align: justify;\"><span style=\"color: #000000;\"><strong>DB &#8211; Um dos personagens mais marcantes que interpretou na dublagem foi o Presto de Caverna do Drag\u00e3o, como foi fazer aquele m\u00e1gico meio atrapalhado?<\/strong><\/span><\/p>\t\t\t\t\t\t\t\t<\/div>\n\t\t\t\t<\/div>\n\t\t\t\t<div class=\"elementor-element elementor-element-a02008c elementor-widget elementor-widget-text-editor\" data-id=\"a02008c\" data-element_type=\"widget\" data-widget_type=\"text-editor.default\">\n\t\t\t\t<div class=\"elementor-widget-container\">\n\t\t\t\t\t\t\t\t\t<p style=\"text-align: justify;\"><span style=\"color: #000000;\"><strong>NN<\/strong> &#8211; O Presto foi o primeiro personagem grande fixo de s\u00e9rie que eu peguei. Na verdade foi o primeiro teste em dublagem que eu ganhei. E era pra Globo, numa \u00e9poca em que a Xuxa estava \u201cbombando\u201d. Foi uma bela experi\u00eancia. Mas, nessa \u00e9poca, dublava-se todo mundo junto no est\u00fadio. Hoje s\u00e3o v\u00e1rios canais e cada um vai l\u00e1 e grava sua parte. Ent\u00e3o, apesar da conviv\u00eancia ser legal, a press\u00e3o era maior. Como eu falei eu estava meio que come\u00e7ando e dublagem foi uma coisa que eu demorei um pouco pra \u201cpegar\u201d. Mas foi bem marcante , me lembro como se fosse ontem.<br \/><\/span><\/p>\t\t\t\t\t\t\t\t<\/div>\n\t\t\t\t<\/div>\n\t\t\t\t<div class=\"elementor-element elementor-element-ba9cb53 elementor-widget elementor-widget-image\" data-id=\"ba9cb53\" data-element_type=\"widget\" data-widget_type=\"image.default\">\n\t\t\t\t<div class=\"elementor-widget-container\">\n\t\t\t\t\t\t\t\t\t\t\t\t<figure class=\"wp-caption\">\n\t\t\t\t\t\t\t\t\t\t<img decoding=\"async\" width=\"640\" height=\"451\" data-src=\"https:\/\/dublagembrasileira.com.br\/wp-content\/uploads\/2019\/07\/ferrisbueller.jpg\" class=\"attachment-large size-large wp-image-744 lazyload\" alt=\"\" data-srcset=\"https:\/\/dublagembrasileira.com.br\/wp-content\/uploads\/2019\/07\/ferrisbueller.jpg 704w, https:\/\/dublagembrasileira.com.br\/wp-content\/uploads\/2019\/07\/ferrisbueller-300x211.jpg 300w\" data-sizes=\"(max-width: 640px) 100vw, 640px\" src=\"data:image\/svg+xml;base64,PHN2ZyB3aWR0aD0iMSIgaGVpZ2h0PSIxIiB4bWxucz0iaHR0cDovL3d3dy53My5vcmcvMjAwMC9zdmciPjwvc3ZnPg==\" style=\"--smush-placeholder-width: 640px; --smush-placeholder-aspect-ratio: 640\/451;\" \/>\t\t\t\t\t\t\t\t\t\t\t<figcaption class=\"widget-image-caption wp-caption-text\">Ferris Bueller, um trabalho excepcional de dublagem.<\/figcaption>\n\t\t\t\t\t\t\t\t\t\t<\/figure>\n\t\t\t\t\t\t\t\t\t<\/div>\n\t\t\t\t<\/div>\n\t\t\t\t\t<\/div>\n\t\t<\/div>\n\t\t\t\t\t<\/div>\n\t\t<\/section>\n\t\t\t\t<section class=\"has_eae_slider elementor-section elementor-top-section elementor-element elementor-element-090d93d elementor-section-boxed elementor-section-height-default elementor-section-height-default wpr-particle-no wpr-jarallax-no wpr-parallax-no wpr-sticky-section-no\" data-eae-slider=\"58797\" data-id=\"090d93d\" data-element_type=\"section\" data-settings=\"{&quot;_ha_eqh_enable&quot;:false}\">\n\t\t\t\t\t\t<div class=\"elementor-container elementor-column-gap-default\">\n\t\t\t\t\t<div class=\"has_eae_slider elementor-column elementor-col-100 elementor-top-column elementor-element elementor-element-5fa5650\" data-eae-slider=\"6697\" data-id=\"5fa5650\" data-element_type=\"column\">\n\t\t\t<div class=\"elementor-widget-wrap elementor-element-populated\">\n\t\t\t\t\t\t<div class=\"elementor-element elementor-element-6cdc28c elementor-widget elementor-widget-text-editor\" data-id=\"6cdc28c\" data-element_type=\"widget\" data-widget_type=\"text-editor.default\">\n\t\t\t\t<div class=\"elementor-widget-container\">\n\t\t\t\t\t\t\t\t\t<p style=\"text-align: justify;\"><span style=\"color: #000000;\"><strong>DB &#8211; O elenco da dublagem de Caverna do Drag\u00e3o n\u00e3o ficava apreensivo, assim como os telespectadores, de quando eles voltariam para casa?<\/strong><\/span><\/p>\t\t\t\t\t\t\t\t<\/div>\n\t\t\t\t<\/div>\n\t\t\t\t<div class=\"elementor-element elementor-element-92ec09a elementor-widget elementor-widget-text-editor\" data-id=\"92ec09a\" data-element_type=\"widget\" data-widget_type=\"text-editor.default\">\n\t\t\t\t<div class=\"elementor-widget-container\">\n\t\t\t\t\t\t\t\t\t<p style=\"text-align: justify;\"><span style=\"color: #000000;\"><strong>NN<\/strong> &#8211; Mais ou menos. A gente n\u00e3o se envolvia muito. Mesmo porque foi tudo meio r\u00e1pido. Se voc\u00ea reparar a primeira temporada de Caverna do Drag\u00e3o tem s\u00f3 10 ou 12 epis\u00f3dios. Isso se dubla em poucas semanas. E ficaram repetindo esses por anos e anos. Depois veio, anos depois, uma segunda temporada que eu nem fiz. Acho que estava morando fora na \u00e9poca.<br \/><\/span><\/p>\t\t\t\t\t\t\t\t<\/div>\n\t\t\t\t<\/div>\n\t\t\t\t\t<\/div>\n\t\t<\/div>\n\t\t\t\t\t<\/div>\n\t\t<\/section>\n\t\t\t\t<section class=\"has_eae_slider elementor-section elementor-top-section elementor-element elementor-element-e0fcdb8 elementor-section-boxed elementor-section-height-default elementor-section-height-default wpr-particle-no wpr-jarallax-no wpr-parallax-no wpr-sticky-section-no\" data-eae-slider=\"28220\" data-id=\"e0fcdb8\" data-element_type=\"section\" data-settings=\"{&quot;_ha_eqh_enable&quot;:false}\">\n\t\t\t\t\t\t<div class=\"elementor-container elementor-column-gap-default\">\n\t\t\t\t\t<div class=\"has_eae_slider elementor-column elementor-col-100 elementor-top-column elementor-element elementor-element-3e10ce9\" data-eae-slider=\"535\" data-id=\"3e10ce9\" data-element_type=\"column\">\n\t\t\t<div class=\"elementor-widget-wrap elementor-element-populated\">\n\t\t\t\t\t\t<div class=\"elementor-element elementor-element-20d98e1 elementor-widget elementor-widget-text-editor\" data-id=\"20d98e1\" data-element_type=\"widget\" data-widget_type=\"text-editor.default\">\n\t\t\t\t<div class=\"elementor-widget-container\">\n\t\t\t\t\t\t\t\t\t<p style=\"text-align: justify;\"><span style=\"color: #000000;\"><strong>DB &#8211; A\u00ed surgiu o Mickey no seu caminho, muita responsabilidade\u2026<br \/><\/strong><\/span><\/p>\t\t\t\t\t\t\t\t<\/div>\n\t\t\t\t<\/div>\n\t\t\t\t<div class=\"elementor-element elementor-element-1724d3a elementor-widget elementor-widget-text-editor\" data-id=\"1724d3a\" data-element_type=\"widget\" data-widget_type=\"text-editor.default\">\n\t\t\t\t<div class=\"elementor-widget-container\">\n\t\t\t\t\t\t\t\t\t<p style=\"text-align: justify;\"><span style=\"color: #000000;\"><strong>NN<\/strong> &#8211; Uma certa. Foram poucas coisas do Mickey que eu fiz. Se voc\u00ea reparar o Mickey fala pouco. Depois eu parei de dublar ele, acho, quando eu sa\u00ed da Herbert Richers. O que foi, de uma certa forma, um certo al\u00edvio porque a voz dele \u00e9 MUITO fina. Um pouco desconfort\u00e1vel pra mim. E, como voc\u00ea disse, \u00e9 uma responsabilidade. Pra ficar mais ou menos eu t\u00f4 fora. Mas foi bem legal dublar o Mickey. Afinal, agora eu posso dizer: \u201cEu dublei o Mickey Mouse!\u201d<br \/><\/span><\/p>\t\t\t\t\t\t\t\t<\/div>\n\t\t\t\t<\/div>\n\t\t\t\t\t<\/div>\n\t\t<\/div>\n\t\t\t\t\t<\/div>\n\t\t<\/section>\n\t\t\t\t<section class=\"has_eae_slider elementor-section elementor-top-section elementor-element elementor-element-66f6b22 elementor-section-boxed elementor-section-height-default elementor-section-height-default wpr-particle-no wpr-jarallax-no wpr-parallax-no wpr-sticky-section-no\" data-eae-slider=\"34189\" data-id=\"66f6b22\" data-element_type=\"section\" data-settings=\"{&quot;_ha_eqh_enable&quot;:false}\">\n\t\t\t\t\t\t<div class=\"elementor-container elementor-column-gap-default\">\n\t\t\t\t\t<div class=\"has_eae_slider elementor-column elementor-col-100 elementor-top-column elementor-element elementor-element-8ef3e83\" data-eae-slider=\"35035\" data-id=\"8ef3e83\" data-element_type=\"column\">\n\t\t\t<div class=\"elementor-widget-wrap elementor-element-populated\">\n\t\t\t\t\t\t<div class=\"elementor-element elementor-element-00d138c elementor-widget elementor-widget-text-editor\" data-id=\"00d138c\" data-element_type=\"widget\" data-widget_type=\"text-editor.default\">\n\t\t\t\t<div class=\"elementor-widget-container\">\n\t\t\t\t\t\t\t\t\t<p style=\"text-align: justify;\"><span style=\"color: #000000;\"><strong>DB &#8211; Voc\u00ea disse que hoje a t\u00e9cnica permite que voc\u00ea grave sua voz separada do resto do elenco e depois eles mixam todas. Isso atrapalha o produto final, na sua opini\u00e3o?<br \/><\/strong><\/span><\/p>\t\t\t\t\t\t\t\t<\/div>\n\t\t\t\t<\/div>\n\t\t\t\t<div class=\"elementor-element elementor-element-5838eb8 elementor-widget elementor-widget-text-editor\" data-id=\"5838eb8\" data-element_type=\"widget\" data-widget_type=\"text-editor.default\">\n\t\t\t\t<div class=\"elementor-widget-container\">\n\t\t\t\t\t\t\t\t\t<p style=\"text-align: justify;\"><span style=\"color: #000000;\"><strong>NN<\/strong> &#8211; De forma alguma. Se voc\u00ea me mostrar um filme gravado com todos e juntos e o mesmo filme gravado separado eu n\u00e3o vou notar qual \u00e9 qual. Perdeu-se muito pela conviv\u00eancia. E tamb\u00e9m, em alguns casos, \u00e9 mais legal \u201ccontracenar\u201d, por isso, ainda se grava muitas vezes em dupla. Mas com quatro juntos, por exemplo, s\u00e3o quatro pra errar e quatro pra ver mais uma vez e quando voc\u00ea acerta o outro erra e vice-versa. Cada um gravando sozinho \u00e9 mais r\u00e1pido e o diretor pode focar mais em cada um e acho que d\u00e1 pra fazer um trabalho mais caprichado.<br \/><\/span><\/p>\t\t\t\t\t\t\t\t<\/div>\n\t\t\t\t<\/div>\n\t\t\t\t\t<\/div>\n\t\t<\/div>\n\t\t\t\t\t<\/div>\n\t\t<\/section>\n\t\t\t\t<section class=\"has_eae_slider elementor-section elementor-top-section elementor-element elementor-element-6435d89 elementor-section-boxed elementor-section-height-default elementor-section-height-default wpr-particle-no wpr-jarallax-no wpr-parallax-no wpr-sticky-section-no\" data-eae-slider=\"15618\" data-id=\"6435d89\" data-element_type=\"section\" data-settings=\"{&quot;_ha_eqh_enable&quot;:false}\">\n\t\t\t\t\t\t<div class=\"elementor-container elementor-column-gap-default\">\n\t\t\t\t\t<div class=\"has_eae_slider elementor-column elementor-col-100 elementor-top-column elementor-element elementor-element-494fdc4\" data-eae-slider=\"18481\" data-id=\"494fdc4\" data-element_type=\"column\">\n\t\t\t<div class=\"elementor-widget-wrap elementor-element-populated\">\n\t\t\t\t\t\t<div class=\"elementor-element elementor-element-b50977f elementor-widget elementor-widget-text-editor\" data-id=\"b50977f\" data-element_type=\"widget\" data-widget_type=\"text-editor.default\">\n\t\t\t\t<div class=\"elementor-widget-container\">\n\t\t\t\t\t\t\t\t\t<p style=\"text-align: justify;\"><span style=\"color: #000000;\"><strong>DB &#8211; Voc\u00ea j\u00e1 emprestou sua voz a grandes astros do cinema como Michael J. Fox, Tom Hanks, Kevin Bacon e Matthew Broderick, h\u00e1 algum ator que voc\u00ea gostou mais de fazer e algum foi mais dif\u00edcil?<br \/><\/strong><\/span><\/p>\t\t\t\t\t\t\t\t<\/div>\n\t\t\t\t<\/div>\n\t\t\t\t<div class=\"elementor-element elementor-element-34d30cd elementor-widget elementor-widget-text-editor\" data-id=\"34d30cd\" data-element_type=\"widget\" data-widget_type=\"text-editor.default\">\n\t\t\t\t<div class=\"elementor-widget-container\">\n\t\t\t\t\t\t\t\t\t<p style=\"text-align: justify;\"><span style=\"color: #000000;\"><strong>NN<\/strong> &#8211; Por acaso esses que voc\u00ea citou s\u00e3o bem tranquilos de dublar. O que eu mais gosto, por uma quest\u00e3o de eu achar que a minha voz \u201cencaixa\u201d melhor, \u00e9 o Matthew Broderick. Talvez tamb\u00e9m por eu ter feito uma quantidade razo\u00e1vel de filmes dele. O \u00faltimo (\u201cMulheres Perfeitas\u201d) foi um pouco mais trabalhoso porque era pra DVD e h\u00e1 um controle maior do distribuidor. N\u00e3o diria nem trabalhoso, porque o filme era calmo, mas caprichado. Michael J. Fox tamb\u00e9m foi um que eu peguei uma certa \u201cintimidade\u201d. Apesar de ter dublado poucos longas dele, fizemos algumas temporadas de \u201cCaras e Caretas\u201d. E, na minha opini\u00e3o, sitcom \u00e9 uma coisa meio complicada de dublar. Naquela \u00e9poca as sitcoms eram feitas em v\u00eddeo e o som ficava muito chapado, n\u00e3o parecia direito que as vozes estavam saindo das bocas dos personagens. E sempre, em sitcoms, tem o problema de algumas piadas que a gente tem que adaptar por quest\u00f5es culturais e isso sempre acaba ficando por conta do dublador, o que d\u00e1 mais um trabalhinho.<br \/><\/span><\/p>\t\t\t\t\t\t\t\t<\/div>\n\t\t\t\t<\/div>\n\t\t\t\t<div class=\"elementor-element elementor-element-51c7a60 elementor-widget elementor-widget-image\" data-id=\"51c7a60\" data-element_type=\"widget\" data-widget_type=\"image.default\">\n\t\t\t\t<div class=\"elementor-widget-container\">\n\t\t\t\t\t\t\t\t\t\t\t\t<figure class=\"wp-caption\">\n\t\t\t\t\t\t\t\t\t\t<img decoding=\"async\" width=\"640\" height=\"451\" data-src=\"https:\/\/dublagembrasileira.com.br\/wp-content\/uploads\/2019\/07\/nizoneto2-1.jpg\" class=\"attachment-large size-large wp-image-745 lazyload\" alt=\"\" data-srcset=\"https:\/\/dublagembrasileira.com.br\/wp-content\/uploads\/2019\/07\/nizoneto2-1.jpg 704w, https:\/\/dublagembrasileira.com.br\/wp-content\/uploads\/2019\/07\/nizoneto2-1-300x211.jpg 300w\" data-sizes=\"(max-width: 640px) 100vw, 640px\" src=\"data:image\/svg+xml;base64,PHN2ZyB3aWR0aD0iMSIgaGVpZ2h0PSIxIiB4bWxucz0iaHR0cDovL3d3dy53My5vcmcvMjAwMC9zdmciPjwvc3ZnPg==\" style=\"--smush-placeholder-width: 640px; --smush-placeholder-aspect-ratio: 640\/451;\" \/>\t\t\t\t\t\t\t\t\t\t\t<figcaption class=\"widget-image-caption wp-caption-text\">Com a esposa Tatiana Presser e as filhas Isabela e Sofia em foto para a Caras. <\/figcaption>\n\t\t\t\t\t\t\t\t\t\t<\/figure>\n\t\t\t\t\t\t\t\t\t<\/div>\n\t\t\t\t<\/div>\n\t\t\t\t\t<\/div>\n\t\t<\/div>\n\t\t\t\t\t<\/div>\n\t\t<\/section>\n\t\t\t\t<section class=\"has_eae_slider elementor-section elementor-top-section elementor-element elementor-element-eef0b4b elementor-section-boxed elementor-section-height-default elementor-section-height-default wpr-particle-no wpr-jarallax-no wpr-parallax-no wpr-sticky-section-no\" data-eae-slider=\"18415\" data-id=\"eef0b4b\" data-element_type=\"section\" data-settings=\"{&quot;_ha_eqh_enable&quot;:false}\">\n\t\t\t\t\t\t<div class=\"elementor-container elementor-column-gap-default\">\n\t\t\t\t\t<div class=\"has_eae_slider elementor-column elementor-col-100 elementor-top-column elementor-element elementor-element-7e4a44a\" data-eae-slider=\"32971\" data-id=\"7e4a44a\" data-element_type=\"column\">\n\t\t\t<div class=\"elementor-widget-wrap elementor-element-populated\">\n\t\t\t\t\t\t<div class=\"elementor-element elementor-element-2b34e70 elementor-widget elementor-widget-text-editor\" data-id=\"2b34e70\" data-element_type=\"widget\" data-widget_type=\"text-editor.default\">\n\t\t\t\t<div class=\"elementor-widget-container\">\n\t\t\t\t\t\t\t\t\t<p style=\"text-align: justify;\"><span style=\"color: #000000;\"><strong>DB &#8211; Voc\u00ea diz que \u201cCurtindo a Vida Adoidado\u201d, um cl\u00e1ssico da d\u00e9cada de 1980, foi um dos trabalhos que voc\u00ea mais gostou de fazer? Por qu\u00ea?<br \/><\/strong><\/span><\/p>\t\t\t\t\t\t\t\t<\/div>\n\t\t\t\t<\/div>\n\t\t\t\t<div class=\"elementor-element elementor-element-fc80770 elementor-widget elementor-widget-text-editor\" data-id=\"fc80770\" data-element_type=\"widget\" data-widget_type=\"text-editor.default\">\n\t\t\t\t<div class=\"elementor-widget-container\">\n\t\t\t\t\t\t\t\t\t<p style=\"text-align: justify;\"><span style=\"color: #000000;\"><strong>NN<\/strong> &#8211; \u00c9 um filme legal. Gosto desse filmes despretensiosos que cumprem bem a fun\u00e7\u00e3o de divertir. Esse filme eu nem tinha visto, eu vi dublando. Achei engra\u00e7ado e o Matthew bem \u201cblas\u00e9\u201d, cheio de carisma e com umas tiradas legais. Se voc\u00ea observar, o meu sincronismo nesse filme t\u00e1 mais ou menos. Mas valeu pela interpreta\u00e7\u00e3o. O sincro n\u00e3o detona o filme, a m\u00e1 interpreta\u00e7\u00e3o sim. Esse filme eu fiquei bem satisfeito.<br \/><\/span><\/p>\t\t\t\t\t\t\t\t<\/div>\n\t\t\t\t<\/div>\n\t\t\t\t\t<\/div>\n\t\t<\/div>\n\t\t\t\t\t<\/div>\n\t\t<\/section>\n\t\t\t\t<section class=\"has_eae_slider elementor-section elementor-top-section elementor-element elementor-element-7b416ae elementor-section-boxed elementor-section-height-default elementor-section-height-default wpr-particle-no wpr-jarallax-no wpr-parallax-no wpr-sticky-section-no\" data-eae-slider=\"72919\" data-id=\"7b416ae\" data-element_type=\"section\" data-settings=\"{&quot;_ha_eqh_enable&quot;:false}\">\n\t\t\t\t\t\t<div class=\"elementor-container elementor-column-gap-default\">\n\t\t\t\t\t<div class=\"has_eae_slider elementor-column elementor-col-100 elementor-top-column elementor-element elementor-element-bbb3d8e\" data-eae-slider=\"57619\" data-id=\"bbb3d8e\" data-element_type=\"column\">\n\t\t\t<div class=\"elementor-widget-wrap elementor-element-populated\">\n\t\t\t\t\t\t<div class=\"elementor-element elementor-element-cf799bc elementor-widget elementor-widget-text-editor\" data-id=\"cf799bc\" data-element_type=\"widget\" data-widget_type=\"text-editor.default\">\n\t\t\t\t<div class=\"elementor-widget-container\">\n\t\t\t\t\t\t\t\t\t<p style=\"text-align: justify;\"><span style=\"color: #000000;\"><strong>DB &#8211; Pra voc\u00ea o que \u00e9 mais complicado dublar, desenhos animados ou atores de verdade?<br \/><\/strong><\/span><\/p>\t\t\t\t\t\t\t\t<\/div>\n\t\t\t\t<\/div>\n\t\t\t\t<div class=\"elementor-element elementor-element-80b5bc9 elementor-widget elementor-widget-text-editor\" data-id=\"80b5bc9\" data-element_type=\"widget\" data-widget_type=\"text-editor.default\">\n\t\t\t\t<div class=\"elementor-widget-container\">\n\t\t\t\t\t\t\t\t\t<p style=\"text-align: justify;\"><span style=\"color: #000000;\"><strong>NN<\/strong> &#8211; O dif\u00edcil do desenho \u00e9 que ele \u00e9 um \u201cboneco\u201d e a voz d\u00e1 muita vida. Desenho japon\u00eas \u00e9 a \u201ccruz\u201d de todo dublador ou diretor. Japon\u00eas abre a boca quatro vezes pra dizer \u201cn\u00e3o\u201d e duas pra uma frase duas linhas e o tradutor, claro, deixa a parte de adapta\u00e7\u00e3o por conta do ator, mas essa \u00e9 outra hist\u00f3ria. J\u00e1 dublar atores de verdade \u00e9 dif\u00edcil tamb\u00e9m porque, por mais respeito que se tenha com o original, uma vez que voc\u00ea dublou, j\u00e1 est\u00e1 alterando a obra. Em alguns casos pra melhor. Eu, particularmente, prefiro o Magnum com o Francisco Milani do que no original. O Orlando Drummond no Scooby-Doo e o Mario Monjardim no Salsicha tamb\u00e9m s\u00e3o, na minha opini\u00e3o, melhor que os originais. E o desenho \u00e9 feito pra voc\u00ea colocar a voz, entende a diferen\u00e7a? Por isso um filme dublado fica, em alguns casos, mais \u201cfor\u00e7ado\u201d que um desenho dublado. Mas as pessoas tem a tend\u00eancia de implicar um pouco com dublagem. Eu mesmo , sinceramente, quando alugo um DVD sempre vejo no original com legendas. Mas pouca gente sabe que a dublagem brasileira est\u00e1, junto com a alem\u00e3 e a italiana, entre as tr\u00eas melhores do mundo. Opini\u00f5es da Dreamworks e da Disney. E eu tenho muito orgulho de fazer parte desse time.<br \/><\/span><\/p>\t\t\t\t\t\t\t\t<\/div>\n\t\t\t\t<\/div>\n\t\t\t\t\t<\/div>\n\t\t<\/div>\n\t\t\t\t\t<\/div>\n\t\t<\/section>\n\t\t\t\t<section class=\"has_eae_slider elementor-section elementor-top-section elementor-element elementor-element-110072d elementor-section-boxed elementor-section-height-default elementor-section-height-default wpr-particle-no wpr-jarallax-no wpr-parallax-no wpr-sticky-section-no\" data-eae-slider=\"79118\" data-id=\"110072d\" data-element_type=\"section\" data-settings=\"{&quot;_ha_eqh_enable&quot;:false}\">\n\t\t\t\t\t\t<div class=\"elementor-container elementor-column-gap-default\">\n\t\t\t\t\t<div class=\"has_eae_slider elementor-column elementor-col-100 elementor-top-column elementor-element elementor-element-6e4be74\" data-eae-slider=\"44907\" data-id=\"6e4be74\" data-element_type=\"column\">\n\t\t\t<div class=\"elementor-widget-wrap elementor-element-populated\">\n\t\t\t\t\t\t<div class=\"elementor-element elementor-element-b416dc5 elementor-widget elementor-widget-text-editor\" data-id=\"b416dc5\" data-element_type=\"widget\" data-widget_type=\"text-editor.default\">\n\t\t\t\t<div class=\"elementor-widget-container\">\n\t\t\t\t\t\t\t\t\t<p style=\"text-align: justify;\"><span style=\"color: #000000;\"><strong>DB &#8211; Nizo Neto, muito obrigado pelo bate papo, eu gostaria que voc\u00ea deixasse uma mensagem para os visitantes do InfanTv.<br \/><\/strong><\/span><\/p>\t\t\t\t\t\t\t\t<\/div>\n\t\t\t\t<\/div>\n\t\t\t\t<div class=\"elementor-element elementor-element-da6e4e9 elementor-widget elementor-widget-text-editor\" data-id=\"da6e4e9\" data-element_type=\"widget\" data-widget_type=\"text-editor.default\">\n\t\t\t\t<div class=\"elementor-widget-container\">\n\t\t\t\t\t\t\t\t\t<p style=\"text-align: justify;\"><span style=\"color: #000000;\"><strong>NN<\/strong> &#8211; No inicio, claro, deixava gravando at\u00e9 o Clube da Crian\u00e7a, com a Ang\u00e9lica na Manchete (risos). Hoje, quando sai um DVD de um filme importante, eu alugo e vejo no canal dublado. Mas \u00e9 maneiro quando estou quase dormindo, de TV ligada e entra minha voz num filme que eu n\u00e3o fazia ideia que tinha feito. \u00c9 divertido!<br \/><\/span><\/p>\t\t\t\t\t\t\t\t<\/div>\n\t\t\t\t<\/div>\n\t\t\t\t\t<\/div>\n\t\t<\/div>\n\t\t\t\t\t<\/div>\n\t\t<\/section>\n\t\t\t\t<section class=\"has_eae_slider elementor-section elementor-top-section elementor-element elementor-element-42337de elementor-section-boxed elementor-section-height-default elementor-section-height-default wpr-particle-no wpr-jarallax-no wpr-parallax-no wpr-sticky-section-no\" data-eae-slider=\"44961\" data-id=\"42337de\" data-element_type=\"section\" data-settings=\"{&quot;_ha_eqh_enable&quot;:false}\">\n\t\t\t\t\t\t<div class=\"elementor-container elementor-column-gap-default\">\n\t\t\t\t\t<div class=\"has_eae_slider elementor-column elementor-col-100 elementor-top-column elementor-element elementor-element-474d694\" data-eae-slider=\"12349\" data-id=\"474d694\" data-element_type=\"column\">\n\t\t\t<div class=\"elementor-widget-wrap elementor-element-populated\">\n\t\t\t\t\t\t<div class=\"elementor-element elementor-element-8a31cf7 elementor-widget elementor-widget-text-editor\" data-id=\"8a31cf7\" data-element_type=\"widget\" data-widget_type=\"text-editor.default\">\n\t\t\t\t<div class=\"elementor-widget-container\">\n\t\t\t\t\t\t\t\t\t<p style=\"text-align: justify;\"><span style=\"color: #000000;\"><strong>DB &#8211; Nizo Neto, muito obrigado pelo bate papo, eu gostaria que voc\u00ea deixasse uma mensagem para os visitantes do site.<br \/><\/strong><\/span><\/p>\t\t\t\t\t\t\t\t<\/div>\n\t\t\t\t<\/div>\n\t\t\t\t<div class=\"elementor-element elementor-element-f1e49fb elementor-widget elementor-widget-text-editor\" data-id=\"f1e49fb\" data-element_type=\"widget\" data-widget_type=\"text-editor.default\">\n\t\t\t\t<div class=\"elementor-widget-container\">\n\t\t\t\t\t\t\t\t\t<p style=\"text-align: justify;\"><span style=\"color: #000000;\"><strong>NN<\/strong> &#8211; Eu que agrade\u00e7o. Foi um prazer e continuem acessando o Dublagem Brasileira. Um abra\u00e7o!<br \/><\/span><\/p>\t\t\t\t\t\t\t\t<\/div>\n\t\t\t\t<\/div>\n\t\t\t\t\t<\/div>\n\t\t<\/div>\n\t\t\t\t\t<\/div>\n\t\t<\/section>\n\t\t\t\t<\/div>\n\t\t","protected":false},"excerpt":{"rendered":"<p>Entrevista realizada por Iza\u00edas Correia Francisco An\u00edzio de Oliveira Paula Neto, mais conhecido como Nizo Neto, nasceu no dia 27 de abril de 1964 no Rio de Janeiro. Filho do humorista Chico Anysio e da atriz vedete Rose Rondelli, Nizo al\u00e9m de ator \u00e9 ilusionista, integrante de v\u00e1rias entidades ligadas \u00e0 essa sua curiosa e incomum arte, como: Society of American Magicians, Academy of Magical Arts &amp; Sciences, Clube M\u00e1gico Portugu\u00eas, C\u00edrculo Brasileiro de Ilusionismo (do qual foi diretor social por dois anos), entre outras. Tamb\u00e9m assinou por tr\u00eas anos uma coluna na revista portuguesa \u201cO M\u00e1gico\u201d. Durante outros tr\u00eas anos, Nizo morou nos EUA, onde, al\u00e9m de participar de diversos workshops, se formou como barman profissional, tendo exercido a profiss\u00e3o em Nova York durante um ano e meio. Na televis\u00e3o, come\u00e7ou em 1972 com o pai e, mais tarde, se destacou como o \u201cseu\u201d Ptolomeu da Escolinha do Professor Raymundo. Suas principais novelas foram Sinh\u00e1-Mo\u00e7a, A Pr\u00f3xima V\u00edtima, O Cravo e A Rosa, Estrela Guia e a miniss\u00e9rie Um S\u00f3 Cora\u00e7\u00e3o. De um relacionamento com\u00a0Brita Brazil nasceu Rian, falecido em 2016 num caso que moveu o pa\u00eds ap\u00f3s seu desaparecimento. Atualmente \u00e9 casado com a sexpert e psic\u00f3loga Tatiana Presser &#8211; com quem tem duas filhas (Isabela e Sofia) &#8211; e, juntos, fazem o espet\u00e1culo did\u00e1dico-humor\u00edstico Vem Transar Com a Gente. Em dezembro de 2017, deixou a Globo para seguir projetos pessoais. Em 2018, Nizo e a esposa participaram da terceira temporada do reality show Power Couple Brasil, na RecordTV. Desde 1983 ainda trabalha como dublador de filmes, desenhos e seriados para TV e cinema. \u201cN\u00e3o sei o que seria da minha vida se n\u00e3o tivesse nascido praticamente num camarim.\u201d Nizo Neto Dublagem Brasileira &#8211; Voc\u00ea come\u00e7ou a carreira art\u00edstica trabalhando com o seu pai, no humor\u00edstico Chico em Quadrinhos, em 1972. Foi mais f\u00e1cil iniciar trabalhando em fam\u00edlia ou a cobran\u00e7a era maior? Nizo Neto &#8211; No in\u00edcio, claro, foi mais f\u00e1cil. N\u00e3o sei o que seria da minha vida se n\u00e3o tivesse nascido praticamente num camarim. Por isso, tudo foi muito autom\u00e1tico. A ajuda do meu pai no in\u00edcio foi crucial. Claro que facilitou. E fora que ter um professor como Chico Anysio dentro de casa n\u00e3o \u00e9 pra qualquer um! Al\u00e9m do mais, meu pai era dono de alguns programas e ele sempre me deu boas oportunidades. Mas depois vem o lado complicado que s\u00e3o as cobran\u00e7as, compara\u00e7\u00f5es, essas coisas. N\u00e3o \u00e9 nada f\u00e1cil. Mas tudo na vida tem um pre\u00e7o. DB &#8211; Ao longo de sua carreira voc\u00ea tem trabalhado mais diretamente com o p\u00fablico infanto-juvenil, como ator nos humor\u00edsticos e programas infantis e como dublador de desenhos animados. Quando est\u00e1 fazendo algum trabalho para esse p\u00fablico voc\u00ea se d\u00e1 conta da responsabilidade do que est\u00e1 passando? NN &#8211; Tenho muito respeito pelo p\u00fablico infanto-juvenil. Ele \u00e9 extremamente exigente, cr\u00edtico e pega uma grande fatia do nosso mercado. Por isso todo respeito \u00e9 pouco. Com certeza eu me dou conta da responsabilidade mas, como uma pessoa 100% artista, nem sempre posso me dar ao luxo de escolher. Por isso, quando estou, por exemplo, dublando um desenho japon\u00eas de p\u00e9ssima qualidade art\u00edstica e com uma mensagem duvidosa, eu procuro, com alguma habilidade art\u00edstica, fazer o melhor poss\u00edvel e sem alterar tanto a obra, amenizar um pouco da viol\u00eancia ou da m\u00e1 qualidade art\u00edstica. DB &#8211; Nizo Neto, voc\u00ea tamb\u00e9m tem trabalhos marcantes em telenovelas, como em A Pr\u00f3xima V\u00edtima, O Cravo e a Rosa e Cabocla, entre outras. Qual dos dois \u00e9 mais gostoso de fazer, dublagem ou novela? NN &#8211; N\u00e3o d\u00e1 pra comparar. Os dois s\u00e3o \u00f3timos trabalhos, cada um com suas caracter\u00edsticas. Em TV, ou teatro, tudo \u00e9 mais completo. Voc\u00ea entra mais por inteiro como ator. \u00c9 muito mais trabalhoso, com grava\u00e7\u00f5es noturnas e em loca\u00e7\u00f5es estranhas e te toma mais tempo tamb\u00e9m. Em dublagem voc\u00ea concentra s\u00f3 na voz. E voc\u00ea vai no est\u00fadio e n\u00e3o fica horas e horas esperando para gravar. Mas, por outro lado, a dublagem te leva para um mundo diferente, dos desenhos, tiras e her\u00f3is. Tem frases que s\u00f3 em um filme dublado voc\u00ea vai dizer. Nizo Neto, versatilidade \u00e9 a sua marca. DB &#8211; A Escolinha do Professor Raimundo foi um desfile de astros consagrados do nosso humor (e tamb\u00e9m da dublagem), quando interpretou o Seu Ptolomeu voc\u00ea sentiu que realmente estava numa escola, mas de interpreta\u00e7\u00e3o? NN &#8211; Com certeza. O conv\u00edvio ali foi maravilhoso. Onde mais voc\u00ea tem um artista do n\u00edvel de Chico Anysio fazendo \u201cescada\u201d ? E contracenar com Walter D\u2019Avila, Brand\u00e3o Filho, Grande Otelo, Rog\u00e9rio Cardoso, N\u00e1dia Maria e tantos outros foi um privil\u00e9gio que poucos da minha gera\u00e7\u00e3o tiveram. DB &#8211; Nizo Neto, voc\u00ea \u00e9 ilusionista, at\u00e9 recentemente esteve interpretando um m\u00e1gico em \u201cA Diarista\u201d. De onde surgiu o gosto pelo ilusionismo? Fale-nos um pouco sobre essa atividade. NN &#8211; Em 1988 eu fui chamado para apresentar uns n\u00fameros de m\u00e1gica no quadro \u201cCirco dos Astros\u201d, no \u201cCrian\u00e7a Esperan\u00e7a\u201d. Nunca tinha nem pensado em m\u00e1gica, n\u00e3o tinha o menor interesse. Mas com a experi\u00eancia do \u201cCrian\u00e7a \u2026\u201d eu conheci v\u00e1rios m\u00e1gicos, me tornei amigo de alguns e, o que era um hobby, acabou virando profiss\u00e3o, embora eu seja considerado semi-profissional, por n\u00e3o exercer s\u00f3 essa profiss\u00e3o. DB &#8211; Como a dublagem tem sido sua maior \u00e1rea de atua\u00e7\u00e3o, acontece de voc\u00ea ser reconhecido pela voz nos trabalhos para teatro, cinema ou tev\u00ea, de algu\u00e9m de repente falar: \u201colha l\u00e1\u2026\u00e9 o Willycat dos ThunderCats\u201d? NN &#8211; Na verdade a dublagem foi a minha maior \u00e1rea de atua\u00e7\u00e3o do in\u00edcio dos anos 80 ao in\u00edcio dos 90. De l\u00e1 pra c\u00e1 a coisa nessa \u00e1rea est\u00e1 mais devagar pra mim. Tenho dividido mais minhas atividades entre palco, telinha, telona e voz. Dublagem \u00e9 um trabalho muito bacana mas, em demasia, \u00e9 muito estressante. Conciliar todos aqueles hor\u00e1rios, horas e horas de \u201cclausura\u201d em est\u00fadios gelados\u2026\u00e9 realmente cansativo. Mas eu sou contratado da VTI, onde trabalho umas duas vezes por semana,<\/p>\n","protected":false},"author":1,"featured_media":740,"comment_status":"open","ping_status":"open","sticky":false,"template":"","format":"standard","meta":{"_monsterinsights_skip_tracking":false,"_monsterinsights_sitenote_active":false,"_monsterinsights_sitenote_note":"","_monsterinsights_sitenote_category":0,"footnotes":""},"categories":[12],"tags":[33,34,27,78,73,79,80],"class_list":["post-641","post","type-post","status-publish","format-standard","has-post-thumbnail","hentry","category-entrevistas","tag-dublador","tag-dubladora","tag-dublagem","tag-entrevista","tag-nizo-neto","tag-perguntas","tag-respostas"],"yoast_head":"<!-- This site is optimized with the Yoast SEO plugin v26.1.1 - https:\/\/yoast.com\/wordpress\/plugins\/seo\/ -->\n<title>Entrevista: Nizo Neto a voz do Presto e Matthew Broderick no Brasil. | DB - Dublagem Brasileira<\/title>\n<meta name=\"description\" content=\"O dublador Nizo Neto fala sobre sua trajet\u00f3ria profissional e a versatilidade art\u00edstica que o acompanha ao longo dos trabalhos.\" \/>\n<meta name=\"robots\" content=\"index, follow, max-snippet:-1, max-image-preview:large, max-video-preview:-1\" \/>\n<link rel=\"canonical\" href=\"https:\/\/dublagembrasileira.com.br\/?p=641\" \/>\n<meta property=\"og:locale\" content=\"pt_BR\" \/>\n<meta property=\"og:type\" content=\"article\" \/>\n<meta property=\"og:title\" content=\"Entrevista: Nizo Neto a voz do Presto e Matthew Broderick no Brasil. | DB - Dublagem Brasileira\" \/>\n<meta property=\"og:description\" content=\"O dublador Nizo Neto fala sobre sua trajet\u00f3ria profissional e a versatilidade art\u00edstica que o acompanha ao longo dos trabalhos.\" \/>\n<meta property=\"og:url\" content=\"https:\/\/dublagembrasileira.com.br\/?p=641\" \/>\n<meta property=\"og:site_name\" content=\"DB - Dublagem Brasileira\" \/>\n<meta property=\"article:published_time\" content=\"2019-07-08T15:16:08+00:00\" \/>\n<meta property=\"article:modified_time\" content=\"2019-07-17T00:23:38+00:00\" \/>\n<meta property=\"og:image\" content=\"https:\/\/dublagembrasileira.com.br\/wp-content\/uploads\/2019\/07\/nizoneto.jpg\" \/>\n\t<meta property=\"og:image:width\" content=\"704\" \/>\n\t<meta property=\"og:image:height\" content=\"496\" \/>\n\t<meta property=\"og:image:type\" content=\"image\/jpeg\" \/>\n<meta name=\"author\" content=\"Iza\u00edas Correia\" \/>\n<meta name=\"twitter:card\" content=\"summary_large_image\" \/>\n<meta name=\"twitter:label1\" content=\"Escrito por\" \/>\n\t<meta name=\"twitter:data1\" content=\"Iza\u00edas Correia\" \/>\n\t<meta name=\"twitter:label2\" content=\"Est. tempo de leitura\" \/>\n\t<meta name=\"twitter:data2\" content=\"12 minutos\" \/>\n<script type=\"application\/ld+json\" class=\"yoast-schema-graph\">{\"@context\":\"https:\/\/schema.org\",\"@graph\":[{\"@type\":\"Article\",\"@id\":\"https:\/\/dublagembrasileira.com.br\/?p=641#article\",\"isPartOf\":{\"@id\":\"https:\/\/dublagembrasileira.com.br\/?p=641\"},\"author\":{\"name\":\"Iza\u00edas Correia\",\"@id\":\"https:\/\/dublagembrasileira.com.br\/#\/schema\/person\/6298fd46a47d1ef447a90b2fc9f2b215\"},\"headline\":\"Entrevista: Nizo Neto a voz do Presto e Matthew Broderick no Brasil.\",\"datePublished\":\"2019-07-08T15:16:08+00:00\",\"dateModified\":\"2019-07-17T00:23:38+00:00\",\"mainEntityOfPage\":{\"@id\":\"https:\/\/dublagembrasileira.com.br\/?p=641\"},\"wordCount\":2341,\"commentCount\":1,\"publisher\":{\"@id\":\"https:\/\/dublagembrasileira.com.br\/#organization\"},\"image\":{\"@id\":\"https:\/\/dublagembrasileira.com.br\/?p=641#primaryimage\"},\"thumbnailUrl\":\"https:\/\/dublagembrasileira.com.br\/wp-content\/uploads\/2019\/07\/nizoneto.jpg\",\"keywords\":[\"dublador\",\"dubladora\",\"dublagem\",\"entrevista\",\"nizo neto\",\"perguntas\",\"respostas\"],\"articleSection\":[\"Entrevistas\"],\"inLanguage\":\"pt-BR\",\"potentialAction\":[{\"@type\":\"CommentAction\",\"name\":\"Comment\",\"target\":[\"https:\/\/dublagembrasileira.com.br\/?p=641#respond\"]}]},{\"@type\":\"WebPage\",\"@id\":\"https:\/\/dublagembrasileira.com.br\/?p=641\",\"url\":\"https:\/\/dublagembrasileira.com.br\/?p=641\",\"name\":\"Entrevista: Nizo Neto a voz do Presto e Matthew Broderick no Brasil. | DB - Dublagem Brasileira\",\"isPartOf\":{\"@id\":\"https:\/\/dublagembrasileira.com.br\/#website\"},\"primaryImageOfPage\":{\"@id\":\"https:\/\/dublagembrasileira.com.br\/?p=641#primaryimage\"},\"image\":{\"@id\":\"https:\/\/dublagembrasileira.com.br\/?p=641#primaryimage\"},\"thumbnailUrl\":\"https:\/\/dublagembrasileira.com.br\/wp-content\/uploads\/2019\/07\/nizoneto.jpg\",\"datePublished\":\"2019-07-08T15:16:08+00:00\",\"dateModified\":\"2019-07-17T00:23:38+00:00\",\"description\":\"O dublador Nizo Neto fala sobre sua trajet\u00f3ria profissional e a versatilidade art\u00edstica que o acompanha ao longo dos trabalhos.\",\"breadcrumb\":{\"@id\":\"https:\/\/dublagembrasileira.com.br\/?p=641#breadcrumb\"},\"inLanguage\":\"pt-BR\",\"potentialAction\":[{\"@type\":\"ReadAction\",\"target\":[\"https:\/\/dublagembrasileira.com.br\/?p=641\"]}]},{\"@type\":\"ImageObject\",\"inLanguage\":\"pt-BR\",\"@id\":\"https:\/\/dublagembrasileira.com.br\/?p=641#primaryimage\",\"url\":\"https:\/\/dublagembrasileira.com.br\/wp-content\/uploads\/2019\/07\/nizoneto.jpg\",\"contentUrl\":\"https:\/\/dublagembrasileira.com.br\/wp-content\/uploads\/2019\/07\/nizoneto.jpg\",\"width\":704,\"height\":496},{\"@type\":\"BreadcrumbList\",\"@id\":\"https:\/\/dublagembrasileira.com.br\/?p=641#breadcrumb\",\"itemListElement\":[{\"@type\":\"ListItem\",\"position\":1,\"name\":\"In\u00edcio\",\"item\":\"https:\/\/dublagembrasileira.com.br\/\"},{\"@type\":\"ListItem\",\"position\":2,\"name\":\"Entrevista: Nizo Neto a voz do Presto e Matthew Broderick no Brasil.\"}]},{\"@type\":\"WebSite\",\"@id\":\"https:\/\/dublagembrasileira.com.br\/#website\",\"url\":\"https:\/\/dublagembrasileira.com.br\/\",\"name\":\"DB - Dublagem Brasileira\",\"description\":\"O seu portal de dublagem.\",\"publisher\":{\"@id\":\"https:\/\/dublagembrasileira.com.br\/#organization\"},\"potentialAction\":[{\"@type\":\"SearchAction\",\"target\":{\"@type\":\"EntryPoint\",\"urlTemplate\":\"https:\/\/dublagembrasileira.com.br\/?s={search_term_string}\"},\"query-input\":{\"@type\":\"PropertyValueSpecification\",\"valueRequired\":true,\"valueName\":\"search_term_string\"}}],\"inLanguage\":\"pt-BR\"},{\"@type\":\"Organization\",\"@id\":\"https:\/\/dublagembrasileira.com.br\/#organization\",\"name\":\"DB - Dublagem Brasileira\",\"url\":\"https:\/\/dublagembrasileira.com.br\/\",\"logo\":{\"@type\":\"ImageObject\",\"inLanguage\":\"pt-BR\",\"@id\":\"https:\/\/dublagembrasileira.com.br\/#\/schema\/logo\/image\/\",\"url\":\"https:\/\/dublagembrasileira.com.br\/wp-content\/uploads\/2019\/07\/cropped-logotipodb.png\",\"contentUrl\":\"https:\/\/dublagembrasileira.com.br\/wp-content\/uploads\/2019\/07\/cropped-logotipodb.png\",\"width\":946,\"height\":589,\"caption\":\"DB - Dublagem Brasileira\"},\"image\":{\"@id\":\"https:\/\/dublagembrasileira.com.br\/#\/schema\/logo\/image\/\"}},{\"@type\":\"Person\",\"@id\":\"https:\/\/dublagembrasileira.com.br\/#\/schema\/person\/6298fd46a47d1ef447a90b2fc9f2b215\",\"name\":\"Iza\u00edas Correia\",\"image\":{\"@type\":\"ImageObject\",\"inLanguage\":\"pt-BR\",\"@id\":\"https:\/\/dublagembrasileira.com.br\/#\/schema\/person\/image\/\",\"url\":\"http:\/\/dublagembrasileira.com.br\/wp-content\/uploads\/2025\/06\/cropped-izaiascorreia-96x96.jpg\",\"contentUrl\":\"http:\/\/dublagembrasileira.com.br\/wp-content\/uploads\/2025\/06\/cropped-izaiascorreia-96x96.jpg\",\"caption\":\"Iza\u00edas Correia\"},\"description\":\"Professor, roteirista e web-designer, respons\u00e1vel pelo site InfanTv. Tamb\u00e9m \u00e9 pesquisador da dublagem brasileira.\",\"url\":\"https:\/\/dublagembrasileira.com.br\/?author=1\"}]}<\/script>\n<!-- \/ Yoast SEO plugin. -->","yoast_head_json":{"title":"Entrevista: Nizo Neto a voz do Presto e Matthew Broderick no Brasil. | DB - Dublagem Brasileira","description":"O dublador Nizo Neto fala sobre sua trajet\u00f3ria profissional e a versatilidade art\u00edstica que o acompanha ao longo dos trabalhos.","robots":{"index":"index","follow":"follow","max-snippet":"max-snippet:-1","max-image-preview":"max-image-preview:large","max-video-preview":"max-video-preview:-1"},"canonical":"https:\/\/dublagembrasileira.com.br\/?p=641","og_locale":"pt_BR","og_type":"article","og_title":"Entrevista: Nizo Neto a voz do Presto e Matthew Broderick no Brasil. | DB - Dublagem Brasileira","og_description":"O dublador Nizo Neto fala sobre sua trajet\u00f3ria profissional e a versatilidade art\u00edstica que o acompanha ao longo dos trabalhos.","og_url":"https:\/\/dublagembrasileira.com.br\/?p=641","og_site_name":"DB - Dublagem Brasileira","article_published_time":"2019-07-08T15:16:08+00:00","article_modified_time":"2019-07-17T00:23:38+00:00","og_image":[{"width":704,"height":496,"url":"https:\/\/dublagembrasileira.com.br\/wp-content\/uploads\/2019\/07\/nizoneto.jpg","type":"image\/jpeg"}],"author":"Iza\u00edas Correia","twitter_card":"summary_large_image","twitter_misc":{"Escrito por":"Iza\u00edas Correia","Est. tempo de leitura":"12 minutos"},"schema":{"@context":"https:\/\/schema.org","@graph":[{"@type":"Article","@id":"https:\/\/dublagembrasileira.com.br\/?p=641#article","isPartOf":{"@id":"https:\/\/dublagembrasileira.com.br\/?p=641"},"author":{"name":"Iza\u00edas Correia","@id":"https:\/\/dublagembrasileira.com.br\/#\/schema\/person\/6298fd46a47d1ef447a90b2fc9f2b215"},"headline":"Entrevista: Nizo Neto a voz do Presto e Matthew Broderick no Brasil.","datePublished":"2019-07-08T15:16:08+00:00","dateModified":"2019-07-17T00:23:38+00:00","mainEntityOfPage":{"@id":"https:\/\/dublagembrasileira.com.br\/?p=641"},"wordCount":2341,"commentCount":1,"publisher":{"@id":"https:\/\/dublagembrasileira.com.br\/#organization"},"image":{"@id":"https:\/\/dublagembrasileira.com.br\/?p=641#primaryimage"},"thumbnailUrl":"https:\/\/dublagembrasileira.com.br\/wp-content\/uploads\/2019\/07\/nizoneto.jpg","keywords":["dublador","dubladora","dublagem","entrevista","nizo neto","perguntas","respostas"],"articleSection":["Entrevistas"],"inLanguage":"pt-BR","potentialAction":[{"@type":"CommentAction","name":"Comment","target":["https:\/\/dublagembrasileira.com.br\/?p=641#respond"]}]},{"@type":"WebPage","@id":"https:\/\/dublagembrasileira.com.br\/?p=641","url":"https:\/\/dublagembrasileira.com.br\/?p=641","name":"Entrevista: Nizo Neto a voz do Presto e Matthew Broderick no Brasil. | DB - Dublagem Brasileira","isPartOf":{"@id":"https:\/\/dublagembrasileira.com.br\/#website"},"primaryImageOfPage":{"@id":"https:\/\/dublagembrasileira.com.br\/?p=641#primaryimage"},"image":{"@id":"https:\/\/dublagembrasileira.com.br\/?p=641#primaryimage"},"thumbnailUrl":"https:\/\/dublagembrasileira.com.br\/wp-content\/uploads\/2019\/07\/nizoneto.jpg","datePublished":"2019-07-08T15:16:08+00:00","dateModified":"2019-07-17T00:23:38+00:00","description":"O dublador Nizo Neto fala sobre sua trajet\u00f3ria profissional e a versatilidade art\u00edstica que o acompanha ao longo dos trabalhos.","breadcrumb":{"@id":"https:\/\/dublagembrasileira.com.br\/?p=641#breadcrumb"},"inLanguage":"pt-BR","potentialAction":[{"@type":"ReadAction","target":["https:\/\/dublagembrasileira.com.br\/?p=641"]}]},{"@type":"ImageObject","inLanguage":"pt-BR","@id":"https:\/\/dublagembrasileira.com.br\/?p=641#primaryimage","url":"https:\/\/dublagembrasileira.com.br\/wp-content\/uploads\/2019\/07\/nizoneto.jpg","contentUrl":"https:\/\/dublagembrasileira.com.br\/wp-content\/uploads\/2019\/07\/nizoneto.jpg","width":704,"height":496},{"@type":"BreadcrumbList","@id":"https:\/\/dublagembrasileira.com.br\/?p=641#breadcrumb","itemListElement":[{"@type":"ListItem","position":1,"name":"In\u00edcio","item":"https:\/\/dublagembrasileira.com.br\/"},{"@type":"ListItem","position":2,"name":"Entrevista: Nizo Neto a voz do Presto e Matthew Broderick no Brasil."}]},{"@type":"WebSite","@id":"https:\/\/dublagembrasileira.com.br\/#website","url":"https:\/\/dublagembrasileira.com.br\/","name":"DB - Dublagem Brasileira","description":"O seu portal de dublagem.","publisher":{"@id":"https:\/\/dublagembrasileira.com.br\/#organization"},"potentialAction":[{"@type":"SearchAction","target":{"@type":"EntryPoint","urlTemplate":"https:\/\/dublagembrasileira.com.br\/?s={search_term_string}"},"query-input":{"@type":"PropertyValueSpecification","valueRequired":true,"valueName":"search_term_string"}}],"inLanguage":"pt-BR"},{"@type":"Organization","@id":"https:\/\/dublagembrasileira.com.br\/#organization","name":"DB - Dublagem Brasileira","url":"https:\/\/dublagembrasileira.com.br\/","logo":{"@type":"ImageObject","inLanguage":"pt-BR","@id":"https:\/\/dublagembrasileira.com.br\/#\/schema\/logo\/image\/","url":"https:\/\/dublagembrasileira.com.br\/wp-content\/uploads\/2019\/07\/cropped-logotipodb.png","contentUrl":"https:\/\/dublagembrasileira.com.br\/wp-content\/uploads\/2019\/07\/cropped-logotipodb.png","width":946,"height":589,"caption":"DB - Dublagem Brasileira"},"image":{"@id":"https:\/\/dublagembrasileira.com.br\/#\/schema\/logo\/image\/"}},{"@type":"Person","@id":"https:\/\/dublagembrasileira.com.br\/#\/schema\/person\/6298fd46a47d1ef447a90b2fc9f2b215","name":"Iza\u00edas Correia","image":{"@type":"ImageObject","inLanguage":"pt-BR","@id":"https:\/\/dublagembrasileira.com.br\/#\/schema\/person\/image\/","url":"http:\/\/dublagembrasileira.com.br\/wp-content\/uploads\/2025\/06\/cropped-izaiascorreia-96x96.jpg","contentUrl":"http:\/\/dublagembrasileira.com.br\/wp-content\/uploads\/2025\/06\/cropped-izaiascorreia-96x96.jpg","caption":"Iza\u00edas Correia"},"description":"Professor, roteirista e web-designer, respons\u00e1vel pelo site InfanTv. Tamb\u00e9m \u00e9 pesquisador da dublagem brasileira.","url":"https:\/\/dublagembrasileira.com.br\/?author=1"}]}},"rttpg_featured_image_url":{"full":["https:\/\/dublagembrasileira.com.br\/wp-content\/uploads\/2019\/07\/nizoneto.jpg",704,496,false],"landscape":["https:\/\/dublagembrasileira.com.br\/wp-content\/uploads\/2019\/07\/nizoneto.jpg",704,496,false],"portraits":["https:\/\/dublagembrasileira.com.br\/wp-content\/uploads\/2019\/07\/nizoneto.jpg",704,496,false],"thumbnail":["https:\/\/dublagembrasileira.com.br\/wp-content\/uploads\/2019\/07\/nizoneto-150x150.jpg",150,150,true],"medium":["https:\/\/dublagembrasileira.com.br\/wp-content\/uploads\/2019\/07\/nizoneto-300x211.jpg",300,211,true],"large":["https:\/\/dublagembrasileira.com.br\/wp-content\/uploads\/2019\/07\/nizoneto.jpg",640,451,false],"1536x1536":["https:\/\/dublagembrasileira.com.br\/wp-content\/uploads\/2019\/07\/nizoneto.jpg",704,496,false],"2048x2048":["https:\/\/dublagembrasileira.com.br\/wp-content\/uploads\/2019\/07\/nizoneto.jpg",704,496,false],"eggnews-slider-large":["https:\/\/dublagembrasileira.com.br\/wp-content\/uploads\/2019\/07\/nizoneto.jpg",704,496,false],"eggnews-featured-medium":["https:\/\/dublagembrasileira.com.br\/wp-content\/uploads\/2019\/07\/nizoneto-420x307.jpg",420,307,true],"eggnews-featured-long":["https:\/\/dublagembrasileira.com.br\/wp-content\/uploads\/2019\/07\/nizoneto-300x443.jpg",300,443,true],"eggnews-block-medium":["https:\/\/dublagembrasileira.com.br\/wp-content\/uploads\/2019\/07\/nizoneto-464x290.jpg",464,290,true],"eggnews-carousel-image":["https:\/\/dublagembrasileira.com.br\/wp-content\/uploads\/2019\/07\/nizoneto-600x496.jpg",600,496,true],"eggnews-block-thumb":["https:\/\/dublagembrasileira.com.br\/wp-content\/uploads\/2019\/07\/nizoneto-322x230.jpg",322,230,true],"eggnews-single-large":["https:\/\/dublagembrasileira.com.br\/wp-content\/uploads\/2019\/07\/nizoneto.jpg",704,496,false],"crp_thumbnail":["https:\/\/dublagembrasileira.com.br\/wp-content\/uploads\/2019\/07\/nizoneto-150x150.jpg",150,150,true]},"rttpg_author":{"display_name":"Iza\u00edas Correia","author_link":"https:\/\/dublagembrasileira.com.br\/?author=1"},"rttpg_comment":1,"rttpg_category":"<a href=\"https:\/\/dublagembrasileira.com.br\/?cat=12\" rel=\"category\">Entrevistas<\/a>","rttpg_excerpt":"Entrevista realizada por Iza\u00edas Correia Francisco An\u00edzio de Oliveira Paula Neto, mais conhecido como Nizo Neto, nasceu no dia 27 de abril de 1964 no Rio de Janeiro. Filho do humorista Chico Anysio e da atriz vedete Rose Rondelli, Nizo al\u00e9m de ator \u00e9 ilusionista, integrante de v\u00e1rias entidades ligadas \u00e0 essa sua curiosa e&hellip;","_links":{"self":[{"href":"https:\/\/dublagembrasileira.com.br\/index.php?rest_route=\/wp\/v2\/posts\/641","targetHints":{"allow":["GET"]}}],"collection":[{"href":"https:\/\/dublagembrasileira.com.br\/index.php?rest_route=\/wp\/v2\/posts"}],"about":[{"href":"https:\/\/dublagembrasileira.com.br\/index.php?rest_route=\/wp\/v2\/types\/post"}],"author":[{"embeddable":true,"href":"https:\/\/dublagembrasileira.com.br\/index.php?rest_route=\/wp\/v2\/users\/1"}],"replies":[{"embeddable":true,"href":"https:\/\/dublagembrasileira.com.br\/index.php?rest_route=%2Fwp%2Fv2%2Fcomments&post=641"}],"version-history":[{"count":11,"href":"https:\/\/dublagembrasileira.com.br\/index.php?rest_route=\/wp\/v2\/posts\/641\/revisions"}],"predecessor-version":[{"id":749,"href":"https:\/\/dublagembrasileira.com.br\/index.php?rest_route=\/wp\/v2\/posts\/641\/revisions\/749"}],"wp:featuredmedia":[{"embeddable":true,"href":"https:\/\/dublagembrasileira.com.br\/index.php?rest_route=\/wp\/v2\/media\/740"}],"wp:attachment":[{"href":"https:\/\/dublagembrasileira.com.br\/index.php?rest_route=%2Fwp%2Fv2%2Fmedia&parent=641"}],"wp:term":[{"taxonomy":"category","embeddable":true,"href":"https:\/\/dublagembrasileira.com.br\/index.php?rest_route=%2Fwp%2Fv2%2Fcategories&post=641"},{"taxonomy":"post_tag","embeddable":true,"href":"https:\/\/dublagembrasileira.com.br\/index.php?rest_route=%2Fwp%2Fv2%2Ftags&post=641"}],"curies":[{"name":"wp","href":"https:\/\/api.w.org\/{rel}","templated":true}]}}