{"id":599,"date":"2019-07-10T14:59:57","date_gmt":"2019-07-10T14:59:57","guid":{"rendered":"http:\/\/dublagembrasileira.com.br\/?p=599"},"modified":"2019-07-14T15:01:07","modified_gmt":"2019-07-14T15:01:07","slug":"dublador-do-simba-fala-sobre-seu-trabalho-em-rei-leao","status":"publish","type":"post","link":"https:\/\/dublagembrasileira.com.br\/?p=599","title":{"rendered":"Dublador do Simba fala sobre seu trabalho em Rei Le\u00e3o."},"content":{"rendered":"<h4><em>Cantor que participou da 2\u00aa temporada do The Voice Kids foi uma das atra\u00e7\u00f5es de evento em S\u00e3o Paulo.<\/em><\/h4>\n<hr \/>\n<p>O cantor Jo\u00e3o Vitor Mafra agitou o p\u00fablico que compareceu ao <a href=\"https:\/\/www.google.com\/url?sa=t&amp;rct=j&amp;q=&amp;esrc=s&amp;source=web&amp;cd=1&amp;cad=rja&amp;uact=8&amp;ved=2ahUKEwj54-m80qrjAhW_LLkGHa77AkYQFjAAegQIAhAB&amp;url=http%3A%2F%2Fwww.catwalkbrasil.com.br%2F&amp;usg=AOvVaw2Y2QOpxg6th8bil1SrVBZ0\">Catwalk Brasil<\/a>, no fim de semana, no Boavista Shopping, zona sul de S\u00e3o Paulo. Jo\u00e3o, que participou da 2\u00aa temporada do <strong>The Voice Kids<\/strong>, cantou as m\u00fasicas You Belong with me, interpretada pela Taylor Swift, e Brisa, da cantora Iza.<\/p>\n<p>Durante sua apresenta\u00e7\u00e3o no evento, o cantor falou sobre a experi\u00eancia em ter <a href=\"http:\/\/dublagembrasileira.com.br\/?p=644\">dublado<\/a> o personagem Simba em sua fase jovem, para o novo filme do <strong>Rei Le\u00e3o<\/strong>, que estreia no pr\u00f3ximo dia 18 de julho. \u201cFiquei muito feliz em poder ter participado desse projeto, sou muito f\u00e3 do <strong>Rei Le\u00e3o<\/strong>\u201d, afirmou. \u201cTrabalhei com muita gente que admiro muito. Foi demais!\u201d, finalizou.<\/p>\n","protected":false},"excerpt":{"rendered":"<p>Cantor que participou da 2\u00aa temporada do The Voice Kids foi uma das atra\u00e7\u00f5es de evento em S\u00e3o Paulo. O cantor Jo\u00e3o Vitor Mafra agitou o p\u00fablico que compareceu ao Catwalk Brasil, no fim de semana, no Boavista Shopping, zona sul de S\u00e3o Paulo. Jo\u00e3o, que participou da 2\u00aa temporada do The Voice Kids, cantou as m\u00fasicas You Belong with me, interpretada pela Taylor Swift, e Brisa, da cantora Iza. Durante sua apresenta\u00e7\u00e3o no evento, o cantor falou sobre a experi\u00eancia em ter dublado o personagem Simba em sua fase jovem, para o novo filme do Rei Le\u00e3o, que estreia no pr\u00f3ximo dia 18 de julho. \u201cFiquei muito feliz em poder ter participado desse projeto, sou muito f\u00e3 do Rei Le\u00e3o\u201d, afirmou. \u201cTrabalhei com muita gente que admiro muito. Foi demais!\u201d, finalizou.<\/p>\n","protected":false},"author":1,"featured_media":596,"comment_status":"open","ping_status":"open","sticky":false,"template":"","format":"standard","meta":{"_monsterinsights_skip_tracking":false,"_monsterinsights_sitenote_active":false,"_monsterinsights_sitenote_note":"","_monsterinsights_sitenote_category":0,"footnotes":""},"categories":[21,13,22],"tags":[43,33,34,29,27,62,61],"class_list":["post-599","post","type-post","status-publish","format-standard","has-post-thumbnail","hentry","category-acontece","category-noticias","category-vida-real","tag-ator","tag-dublador","tag-dubladora","tag-dubladores","tag-dublagem","tag-rei-leao","tag-simba"],"yoast_head":"<!-- This site is optimized with the Yoast SEO plugin v26.1.1 - https:\/\/yoast.com\/wordpress\/plugins\/seo\/ -->\n<title>Dublador do Simba fala sobre seu trabalho em Rei Le\u00e3o. | DB - Dublagem Brasileira<\/title>\n<meta name=\"description\" content=\"Cantor que participou da 2\u00aa temporada do The Voice Kids foi uma das atra\u00e7\u00f5es do Catwalk Brasil em S\u00e3o Paulo.\" \/>\n<meta name=\"robots\" content=\"index, follow, max-snippet:-1, max-image-preview:large, max-video-preview:-1\" \/>\n<link rel=\"canonical\" href=\"https:\/\/dublagembrasileira.com.br\/?p=599\" \/>\n<meta property=\"og:locale\" content=\"pt_BR\" \/>\n<meta property=\"og:type\" content=\"article\" \/>\n<meta property=\"og:title\" content=\"Dublador do Simba fala sobre seu trabalho em Rei Le\u00e3o. | DB - Dublagem Brasileira\" \/>\n<meta property=\"og:description\" content=\"Cantor que participou da 2\u00aa temporada do The Voice Kids foi uma das atra\u00e7\u00f5es do Catwalk Brasil em S\u00e3o Paulo.\" \/>\n<meta property=\"og:url\" content=\"https:\/\/dublagembrasileira.com.br\/?p=599\" \/>\n<meta property=\"og:site_name\" content=\"DB - Dublagem Brasileira\" \/>\n<meta property=\"article:published_time\" content=\"2019-07-10T14:59:57+00:00\" \/>\n<meta property=\"article:modified_time\" content=\"2019-07-14T15:01:07+00:00\" \/>\n<meta property=\"og:image\" content=\"https:\/\/dublagembrasileira.com.br\/wp-content\/uploads\/2019\/07\/cropped-Joao-Vitor-Mafra-dublador-simba-o-rei-leao.jpg\" \/>\n\t<meta property=\"og:image:width\" content=\"1400\" \/>\n\t<meta property=\"og:image:height\" content=\"787\" \/>\n\t<meta property=\"og:image:type\" content=\"image\/jpeg\" \/>\n<meta name=\"author\" content=\"Iza\u00edas Correia\" \/>\n<meta name=\"twitter:card\" content=\"summary_large_image\" \/>\n<meta name=\"twitter:label1\" content=\"Escrito por\" \/>\n\t<meta name=\"twitter:data1\" content=\"Iza\u00edas Correia\" \/>\n\t<meta name=\"twitter:label2\" content=\"Est. tempo de leitura\" \/>\n\t<meta name=\"twitter:data2\" content=\"1 minuto\" \/>\n<script type=\"application\/ld+json\" class=\"yoast-schema-graph\">{\"@context\":\"https:\/\/schema.org\",\"@graph\":[{\"@type\":\"Article\",\"@id\":\"https:\/\/dublagembrasileira.com.br\/?p=599#article\",\"isPartOf\":{\"@id\":\"https:\/\/dublagembrasileira.com.br\/?p=599\"},\"author\":{\"name\":\"Iza\u00edas Correia\",\"@id\":\"https:\/\/dublagembrasileira.com.br\/#\/schema\/person\/6298fd46a47d1ef447a90b2fc9f2b215\"},\"headline\":\"Dublador do Simba fala sobre seu trabalho em Rei Le\u00e3o.\",\"datePublished\":\"2019-07-10T14:59:57+00:00\",\"dateModified\":\"2019-07-14T15:01:07+00:00\",\"mainEntityOfPage\":{\"@id\":\"https:\/\/dublagembrasileira.com.br\/?p=599\"},\"wordCount\":152,\"commentCount\":0,\"publisher\":{\"@id\":\"https:\/\/dublagembrasileira.com.br\/#organization\"},\"image\":{\"@id\":\"https:\/\/dublagembrasileira.com.br\/?p=599#primaryimage\"},\"thumbnailUrl\":\"https:\/\/dublagembrasileira.com.br\/wp-content\/uploads\/2019\/07\/cropped-Joao-Vitor-Mafra-dublador-simba-o-rei-leao.jpg\",\"keywords\":[\"ator\",\"dublador\",\"dubladora\",\"dubladores\",\"dublagem\",\"rei le\u00e3o.\",\"simba\"],\"articleSection\":[\"Acontece\",\"Not\u00edcias\",\"Vida Real\"],\"inLanguage\":\"pt-BR\",\"potentialAction\":[{\"@type\":\"CommentAction\",\"name\":\"Comment\",\"target\":[\"https:\/\/dublagembrasileira.com.br\/?p=599#respond\"]}]},{\"@type\":\"WebPage\",\"@id\":\"https:\/\/dublagembrasileira.com.br\/?p=599\",\"url\":\"https:\/\/dublagembrasileira.com.br\/?p=599\",\"name\":\"Dublador do Simba fala sobre seu trabalho em Rei Le\u00e3o. | DB - Dublagem Brasileira\",\"isPartOf\":{\"@id\":\"https:\/\/dublagembrasileira.com.br\/#website\"},\"primaryImageOfPage\":{\"@id\":\"https:\/\/dublagembrasileira.com.br\/?p=599#primaryimage\"},\"image\":{\"@id\":\"https:\/\/dublagembrasileira.com.br\/?p=599#primaryimage\"},\"thumbnailUrl\":\"https:\/\/dublagembrasileira.com.br\/wp-content\/uploads\/2019\/07\/cropped-Joao-Vitor-Mafra-dublador-simba-o-rei-leao.jpg\",\"datePublished\":\"2019-07-10T14:59:57+00:00\",\"dateModified\":\"2019-07-14T15:01:07+00:00\",\"description\":\"Cantor que participou da 2\u00aa temporada do The Voice Kids foi uma das atra\u00e7\u00f5es do Catwalk Brasil em S\u00e3o Paulo.\",\"breadcrumb\":{\"@id\":\"https:\/\/dublagembrasileira.com.br\/?p=599#breadcrumb\"},\"inLanguage\":\"pt-BR\",\"potentialAction\":[{\"@type\":\"ReadAction\",\"target\":[\"https:\/\/dublagembrasileira.com.br\/?p=599\"]}]},{\"@type\":\"ImageObject\",\"inLanguage\":\"pt-BR\",\"@id\":\"https:\/\/dublagembrasileira.com.br\/?p=599#primaryimage\",\"url\":\"https:\/\/dublagembrasileira.com.br\/wp-content\/uploads\/2019\/07\/cropped-Joao-Vitor-Mafra-dublador-simba-o-rei-leao.jpg\",\"contentUrl\":\"https:\/\/dublagembrasileira.com.br\/wp-content\/uploads\/2019\/07\/cropped-Joao-Vitor-Mafra-dublador-simba-o-rei-leao.jpg\",\"width\":1400,\"height\":787},{\"@type\":\"BreadcrumbList\",\"@id\":\"https:\/\/dublagembrasileira.com.br\/?p=599#breadcrumb\",\"itemListElement\":[{\"@type\":\"ListItem\",\"position\":1,\"name\":\"In\u00edcio\",\"item\":\"https:\/\/dublagembrasileira.com.br\/\"},{\"@type\":\"ListItem\",\"position\":2,\"name\":\"Dublador do Simba fala sobre seu trabalho em Rei Le\u00e3o.\"}]},{\"@type\":\"WebSite\",\"@id\":\"https:\/\/dublagembrasileira.com.br\/#website\",\"url\":\"https:\/\/dublagembrasileira.com.br\/\",\"name\":\"DB - Dublagem Brasileira\",\"description\":\"O seu portal de dublagem.\",\"publisher\":{\"@id\":\"https:\/\/dublagembrasileira.com.br\/#organization\"},\"potentialAction\":[{\"@type\":\"SearchAction\",\"target\":{\"@type\":\"EntryPoint\",\"urlTemplate\":\"https:\/\/dublagembrasileira.com.br\/?s={search_term_string}\"},\"query-input\":{\"@type\":\"PropertyValueSpecification\",\"valueRequired\":true,\"valueName\":\"search_term_string\"}}],\"inLanguage\":\"pt-BR\"},{\"@type\":\"Organization\",\"@id\":\"https:\/\/dublagembrasileira.com.br\/#organization\",\"name\":\"DB - Dublagem Brasileira\",\"url\":\"https:\/\/dublagembrasileira.com.br\/\",\"logo\":{\"@type\":\"ImageObject\",\"inLanguage\":\"pt-BR\",\"@id\":\"https:\/\/dublagembrasileira.com.br\/#\/schema\/logo\/image\/\",\"url\":\"https:\/\/dublagembrasileira.com.br\/wp-content\/uploads\/2019\/07\/cropped-logotipodb.png\",\"contentUrl\":\"https:\/\/dublagembrasileira.com.br\/wp-content\/uploads\/2019\/07\/cropped-logotipodb.png\",\"width\":946,\"height\":589,\"caption\":\"DB - Dublagem Brasileira\"},\"image\":{\"@id\":\"https:\/\/dublagembrasileira.com.br\/#\/schema\/logo\/image\/\"}},{\"@type\":\"Person\",\"@id\":\"https:\/\/dublagembrasileira.com.br\/#\/schema\/person\/6298fd46a47d1ef447a90b2fc9f2b215\",\"name\":\"Iza\u00edas Correia\",\"image\":{\"@type\":\"ImageObject\",\"inLanguage\":\"pt-BR\",\"@id\":\"https:\/\/dublagembrasileira.com.br\/#\/schema\/person\/image\/\",\"url\":\"http:\/\/dublagembrasileira.com.br\/wp-content\/uploads\/2025\/06\/cropped-izaiascorreia-96x96.jpg\",\"contentUrl\":\"http:\/\/dublagembrasileira.com.br\/wp-content\/uploads\/2025\/06\/cropped-izaiascorreia-96x96.jpg\",\"caption\":\"Iza\u00edas Correia\"},\"description\":\"Professor, roteirista e web-designer, respons\u00e1vel pelo site InfanTv. Tamb\u00e9m \u00e9 pesquisador da dublagem brasileira.\",\"url\":\"https:\/\/dublagembrasileira.com.br\/?author=1\"}]}<\/script>\n<!-- \/ Yoast SEO plugin. -->","yoast_head_json":{"title":"Dublador do Simba fala sobre seu trabalho em Rei Le\u00e3o. | DB - Dublagem Brasileira","description":"Cantor que participou da 2\u00aa temporada do The Voice Kids foi uma das atra\u00e7\u00f5es do Catwalk Brasil em S\u00e3o Paulo.","robots":{"index":"index","follow":"follow","max-snippet":"max-snippet:-1","max-image-preview":"max-image-preview:large","max-video-preview":"max-video-preview:-1"},"canonical":"https:\/\/dublagembrasileira.com.br\/?p=599","og_locale":"pt_BR","og_type":"article","og_title":"Dublador do Simba fala sobre seu trabalho em Rei Le\u00e3o. | DB - Dublagem Brasileira","og_description":"Cantor que participou da 2\u00aa temporada do The Voice Kids foi uma das atra\u00e7\u00f5es do Catwalk Brasil em S\u00e3o Paulo.","og_url":"https:\/\/dublagembrasileira.com.br\/?p=599","og_site_name":"DB - Dublagem Brasileira","article_published_time":"2019-07-10T14:59:57+00:00","article_modified_time":"2019-07-14T15:01:07+00:00","og_image":[{"width":1400,"height":787,"url":"https:\/\/dublagembrasileira.com.br\/wp-content\/uploads\/2019\/07\/cropped-Joao-Vitor-Mafra-dublador-simba-o-rei-leao.jpg","type":"image\/jpeg"}],"author":"Iza\u00edas Correia","twitter_card":"summary_large_image","twitter_misc":{"Escrito por":"Iza\u00edas Correia","Est. tempo de leitura":"1 minuto"},"schema":{"@context":"https:\/\/schema.org","@graph":[{"@type":"Article","@id":"https:\/\/dublagembrasileira.com.br\/?p=599#article","isPartOf":{"@id":"https:\/\/dublagembrasileira.com.br\/?p=599"},"author":{"name":"Iza\u00edas Correia","@id":"https:\/\/dublagembrasileira.com.br\/#\/schema\/person\/6298fd46a47d1ef447a90b2fc9f2b215"},"headline":"Dublador do Simba fala sobre seu trabalho em Rei Le\u00e3o.","datePublished":"2019-07-10T14:59:57+00:00","dateModified":"2019-07-14T15:01:07+00:00","mainEntityOfPage":{"@id":"https:\/\/dublagembrasileira.com.br\/?p=599"},"wordCount":152,"commentCount":0,"publisher":{"@id":"https:\/\/dublagembrasileira.com.br\/#organization"},"image":{"@id":"https:\/\/dublagembrasileira.com.br\/?p=599#primaryimage"},"thumbnailUrl":"https:\/\/dublagembrasileira.com.br\/wp-content\/uploads\/2019\/07\/cropped-Joao-Vitor-Mafra-dublador-simba-o-rei-leao.jpg","keywords":["ator","dublador","dubladora","dubladores","dublagem","rei le\u00e3o.","simba"],"articleSection":["Acontece","Not\u00edcias","Vida Real"],"inLanguage":"pt-BR","potentialAction":[{"@type":"CommentAction","name":"Comment","target":["https:\/\/dublagembrasileira.com.br\/?p=599#respond"]}]},{"@type":"WebPage","@id":"https:\/\/dublagembrasileira.com.br\/?p=599","url":"https:\/\/dublagembrasileira.com.br\/?p=599","name":"Dublador do Simba fala sobre seu trabalho em Rei Le\u00e3o. | DB - Dublagem Brasileira","isPartOf":{"@id":"https:\/\/dublagembrasileira.com.br\/#website"},"primaryImageOfPage":{"@id":"https:\/\/dublagembrasileira.com.br\/?p=599#primaryimage"},"image":{"@id":"https:\/\/dublagembrasileira.com.br\/?p=599#primaryimage"},"thumbnailUrl":"https:\/\/dublagembrasileira.com.br\/wp-content\/uploads\/2019\/07\/cropped-Joao-Vitor-Mafra-dublador-simba-o-rei-leao.jpg","datePublished":"2019-07-10T14:59:57+00:00","dateModified":"2019-07-14T15:01:07+00:00","description":"Cantor que participou da 2\u00aa temporada do The Voice Kids foi uma das atra\u00e7\u00f5es do Catwalk Brasil em S\u00e3o Paulo.","breadcrumb":{"@id":"https:\/\/dublagembrasileira.com.br\/?p=599#breadcrumb"},"inLanguage":"pt-BR","potentialAction":[{"@type":"ReadAction","target":["https:\/\/dublagembrasileira.com.br\/?p=599"]}]},{"@type":"ImageObject","inLanguage":"pt-BR","@id":"https:\/\/dublagembrasileira.com.br\/?p=599#primaryimage","url":"https:\/\/dublagembrasileira.com.br\/wp-content\/uploads\/2019\/07\/cropped-Joao-Vitor-Mafra-dublador-simba-o-rei-leao.jpg","contentUrl":"https:\/\/dublagembrasileira.com.br\/wp-content\/uploads\/2019\/07\/cropped-Joao-Vitor-Mafra-dublador-simba-o-rei-leao.jpg","width":1400,"height":787},{"@type":"BreadcrumbList","@id":"https:\/\/dublagembrasileira.com.br\/?p=599#breadcrumb","itemListElement":[{"@type":"ListItem","position":1,"name":"In\u00edcio","item":"https:\/\/dublagembrasileira.com.br\/"},{"@type":"ListItem","position":2,"name":"Dublador do Simba fala sobre seu trabalho em Rei Le\u00e3o."}]},{"@type":"WebSite","@id":"https:\/\/dublagembrasileira.com.br\/#website","url":"https:\/\/dublagembrasileira.com.br\/","name":"DB - Dublagem Brasileira","description":"O seu portal de dublagem.","publisher":{"@id":"https:\/\/dublagembrasileira.com.br\/#organization"},"potentialAction":[{"@type":"SearchAction","target":{"@type":"EntryPoint","urlTemplate":"https:\/\/dublagembrasileira.com.br\/?s={search_term_string}"},"query-input":{"@type":"PropertyValueSpecification","valueRequired":true,"valueName":"search_term_string"}}],"inLanguage":"pt-BR"},{"@type":"Organization","@id":"https:\/\/dublagembrasileira.com.br\/#organization","name":"DB - Dublagem Brasileira","url":"https:\/\/dublagembrasileira.com.br\/","logo":{"@type":"ImageObject","inLanguage":"pt-BR","@id":"https:\/\/dublagembrasileira.com.br\/#\/schema\/logo\/image\/","url":"https:\/\/dublagembrasileira.com.br\/wp-content\/uploads\/2019\/07\/cropped-logotipodb.png","contentUrl":"https:\/\/dublagembrasileira.com.br\/wp-content\/uploads\/2019\/07\/cropped-logotipodb.png","width":946,"height":589,"caption":"DB - Dublagem Brasileira"},"image":{"@id":"https:\/\/dublagembrasileira.com.br\/#\/schema\/logo\/image\/"}},{"@type":"Person","@id":"https:\/\/dublagembrasileira.com.br\/#\/schema\/person\/6298fd46a47d1ef447a90b2fc9f2b215","name":"Iza\u00edas Correia","image":{"@type":"ImageObject","inLanguage":"pt-BR","@id":"https:\/\/dublagembrasileira.com.br\/#\/schema\/person\/image\/","url":"http:\/\/dublagembrasileira.com.br\/wp-content\/uploads\/2025\/06\/cropped-izaiascorreia-96x96.jpg","contentUrl":"http:\/\/dublagembrasileira.com.br\/wp-content\/uploads\/2025\/06\/cropped-izaiascorreia-96x96.jpg","caption":"Iza\u00edas Correia"},"description":"Professor, roteirista e web-designer, respons\u00e1vel pelo site InfanTv. Tamb\u00e9m \u00e9 pesquisador da dublagem brasileira.","url":"https:\/\/dublagembrasileira.com.br\/?author=1"}]}},"rttpg_featured_image_url":{"full":["https:\/\/dublagembrasileira.com.br\/wp-content\/uploads\/2019\/07\/cropped-Joao-Vitor-Mafra-dublador-simba-o-rei-leao.jpg",1400,787,false],"landscape":["https:\/\/dublagembrasileira.com.br\/wp-content\/uploads\/2019\/07\/cropped-Joao-Vitor-Mafra-dublador-simba-o-rei-leao.jpg",1400,787,false],"portraits":["https:\/\/dublagembrasileira.com.br\/wp-content\/uploads\/2019\/07\/cropped-Joao-Vitor-Mafra-dublador-simba-o-rei-leao.jpg",1400,787,false],"thumbnail":["https:\/\/dublagembrasileira.com.br\/wp-content\/uploads\/2019\/07\/cropped-Joao-Vitor-Mafra-dublador-simba-o-rei-leao-150x150.jpg",150,150,true],"medium":["https:\/\/dublagembrasileira.com.br\/wp-content\/uploads\/2019\/07\/cropped-Joao-Vitor-Mafra-dublador-simba-o-rei-leao-300x169.jpg",300,169,true],"large":["https:\/\/dublagembrasileira.com.br\/wp-content\/uploads\/2019\/07\/cropped-Joao-Vitor-Mafra-dublador-simba-o-rei-leao-1024x576.jpg",640,360,true],"1536x1536":["https:\/\/dublagembrasileira.com.br\/wp-content\/uploads\/2019\/07\/cropped-Joao-Vitor-Mafra-dublador-simba-o-rei-leao.jpg",1400,787,false],"2048x2048":["https:\/\/dublagembrasileira.com.br\/wp-content\/uploads\/2019\/07\/cropped-Joao-Vitor-Mafra-dublador-simba-o-rei-leao.jpg",1400,787,false],"eggnews-slider-large":["https:\/\/dublagembrasileira.com.br\/wp-content\/uploads\/2019\/07\/cropped-Joao-Vitor-Mafra-dublador-simba-o-rei-leao-1020x731.jpg",1020,731,true],"eggnews-featured-medium":["https:\/\/dublagembrasileira.com.br\/wp-content\/uploads\/2019\/07\/cropped-Joao-Vitor-Mafra-dublador-simba-o-rei-leao-420x307.jpg",420,307,true],"eggnews-featured-long":["https:\/\/dublagembrasileira.com.br\/wp-content\/uploads\/2019\/07\/cropped-Joao-Vitor-Mafra-dublador-simba-o-rei-leao-300x443.jpg",300,443,true],"eggnews-block-medium":["https:\/\/dublagembrasileira.com.br\/wp-content\/uploads\/2019\/07\/cropped-Joao-Vitor-Mafra-dublador-simba-o-rei-leao-464x290.jpg",464,290,true],"eggnews-carousel-image":["https:\/\/dublagembrasileira.com.br\/wp-content\/uploads\/2019\/07\/cropped-Joao-Vitor-Mafra-dublador-simba-o-rei-leao-600x500.jpg",600,500,true],"eggnews-block-thumb":["https:\/\/dublagembrasileira.com.br\/wp-content\/uploads\/2019\/07\/cropped-Joao-Vitor-Mafra-dublador-simba-o-rei-leao-322x230.jpg",322,230,true],"eggnews-single-large":["https:\/\/dublagembrasileira.com.br\/wp-content\/uploads\/2019\/07\/cropped-Joao-Vitor-Mafra-dublador-simba-o-rei-leao-1210x642.jpg",1210,642,true],"crp_thumbnail":["https:\/\/dublagembrasileira.com.br\/wp-content\/uploads\/2019\/07\/cropped-Joao-Vitor-Mafra-dublador-simba-o-rei-leao.jpg",150,84,false]},"rttpg_author":{"display_name":"Iza\u00edas Correia","author_link":"https:\/\/dublagembrasileira.com.br\/?author=1"},"rttpg_comment":0,"rttpg_category":"<a href=\"https:\/\/dublagembrasileira.com.br\/?cat=21\" rel=\"category\">Acontece<\/a> <a href=\"https:\/\/dublagembrasileira.com.br\/?cat=13\" rel=\"category\">Not\u00edcias<\/a> <a href=\"https:\/\/dublagembrasileira.com.br\/?cat=22\" rel=\"category\">Vida Real<\/a>","rttpg_excerpt":"Cantor que participou da 2\u00aa temporada do The Voice Kids foi uma das atra\u00e7\u00f5es de evento em S\u00e3o Paulo. O cantor Jo\u00e3o Vitor Mafra agitou o p\u00fablico que compareceu ao Catwalk Brasil, no fim de semana, no Boavista Shopping, zona sul de S\u00e3o Paulo. Jo\u00e3o, que participou da 2\u00aa temporada do The Voice Kids, cantou&hellip;","_links":{"self":[{"href":"https:\/\/dublagembrasileira.com.br\/index.php?rest_route=\/wp\/v2\/posts\/599","targetHints":{"allow":["GET"]}}],"collection":[{"href":"https:\/\/dublagembrasileira.com.br\/index.php?rest_route=\/wp\/v2\/posts"}],"about":[{"href":"https:\/\/dublagembrasileira.com.br\/index.php?rest_route=\/wp\/v2\/types\/post"}],"author":[{"embeddable":true,"href":"https:\/\/dublagembrasileira.com.br\/index.php?rest_route=\/wp\/v2\/users\/1"}],"replies":[{"embeddable":true,"href":"https:\/\/dublagembrasileira.com.br\/index.php?rest_route=%2Fwp%2Fv2%2Fcomments&post=599"}],"version-history":[{"count":6,"href":"https:\/\/dublagembrasileira.com.br\/index.php?rest_route=\/wp\/v2\/posts\/599\/revisions"}],"predecessor-version":[{"id":660,"href":"https:\/\/dublagembrasileira.com.br\/index.php?rest_route=\/wp\/v2\/posts\/599\/revisions\/660"}],"wp:featuredmedia":[{"embeddable":true,"href":"https:\/\/dublagembrasileira.com.br\/index.php?rest_route=\/wp\/v2\/media\/596"}],"wp:attachment":[{"href":"https:\/\/dublagembrasileira.com.br\/index.php?rest_route=%2Fwp%2Fv2%2Fmedia&parent=599"}],"wp:term":[{"taxonomy":"category","embeddable":true,"href":"https:\/\/dublagembrasileira.com.br\/index.php?rest_route=%2Fwp%2Fv2%2Fcategories&post=599"},{"taxonomy":"post_tag","embeddable":true,"href":"https:\/\/dublagembrasileira.com.br\/index.php?rest_route=%2Fwp%2Fv2%2Ftags&post=599"}],"curies":[{"name":"wp","href":"https:\/\/api.w.org\/{rel}","templated":true}]}}