{"id":559,"date":"2021-07-30T15:27:33","date_gmt":"2021-07-30T15:27:33","guid":{"rendered":"http:\/\/dublagembrasileira.com.br\/?p=559"},"modified":"2021-07-31T20:11:59","modified_gmt":"2021-07-31T20:11:59","slug":"perfil-elcio-romar-a-voz-brasileira-do-michael-douglas","status":"publish","type":"post","link":"https:\/\/dublagembrasileira.com.br\/?p=559","title":{"rendered":"Cara de Um, Voz do Outro: \u00c9lcio Romar, a voz brasileira do Michael Douglas."},"content":{"rendered":"<h4><em>Romar, &#8220;boneco&#8221; de grandes atores como Dan Aykroyd, Willem Dafoe, Woody Allen e Michael Douglas.<\/em><\/h4>\n<hr \/>\n<p style=\"text-align: justify;\">\u00c9lcio Romar poderia ter seguido outra carreira facilmente. Cursou Direito e chegou a exercer advocacia. Trabalhou numa companhia de seguros, foi gr\u00e1fico, auxiliar numa firma de auditoria e fez curso de forma\u00e7\u00e3o de piloto militar, mas acabou n\u00e3o recebendo o espadim porque seu cora\u00e7\u00e3o estava nas artes c\u00eanicas, que o fez largar todas as outras possibilidades pela oportunidade de atuar.<\/p>\n<p style=\"text-align: justify;\">Apesar de ter sido uma figura muito presente nas d\u00e9cadas de 1970 e 1980 em frente \u00e0s c\u00e2meras, Romar come\u00e7ou como ator trabalhando em dublagem, \u00e1rea onde consolidou sua carreira. Numa \u00e9poca onde a dublagem ainda era um setor pouco conhecido, telefonou para um est\u00fadio e marcou um teste, sendo aprovado e dando in\u00edcio a um trabalho que j\u00e1 dura mais de quarenta anos.<\/p>\n<p style=\"text-align: justify;\">Como ator de televis\u00e3o come\u00e7ou em 1974 na novela <strong>O Rebu<\/strong> ao receber o papel de Alexandre. Em seguida tornou-se figura constante nas telenovelas da Rede Globo, com destaque para o personagem Ivan em <strong>O Feij\u00e3o e o Sonho<\/strong>, Juan Carlos em <strong>\u00c0 Sombra dos Laranjais<\/strong>, John Wayne em <strong>Marina<\/strong> e finalmente o preferido do seu p\u00fablico, o Braguinha de <a href=\"http:\/\/infantv.com.br\/infantv\/?p=18558\"><strong>A Gata Comeu<\/strong><\/a>, onde ele interpreta um sujeito de boa \u00edndole, mas que finge ser cego para conquistar o amor da sua vida.<\/p>\n<figure id=\"attachment_561\" aria-describedby=\"caption-attachment-561\" style=\"width: 704px\" class=\"wp-caption aligncenter\"><img fetchpriority=\"high\" decoding=\"async\" class=\"wp-image-561 size-full\" src=\"http:\/\/dublagembrasileira.com.br\/wp-content\/uploads\/2019\/07\/zemario.jpg\" alt=\"\" width=\"704\" height=\"496\" srcset=\"https:\/\/dublagembrasileira.com.br\/wp-content\/uploads\/2019\/07\/zemario.jpg 704w, https:\/\/dublagembrasileira.com.br\/wp-content\/uploads\/2019\/07\/zemario-300x211.jpg 300w\" sizes=\"(max-width: 704px) 100vw, 704px\" \/><figcaption id=\"caption-attachment-561\" class=\"wp-caption-text\">Atuando em A Gata Comeu, como Braguinha. Trabalho memor\u00e1vel ao lado de Mayara Magri.<\/figcaption><\/figure>\n<p style=\"text-align: justify;\">Fazendo em sua maioria delegados, investigadores e diretores de pris\u00e3o, Romar passou os anos seguintes aparecendo em outras produ\u00e7\u00f5es televisivas, entre as quais: <strong>Mania de Querer<\/strong>, <strong>Barriga de Aluguel<\/strong>, <strong>Quem \u00e9 Voc\u00ea<\/strong>, <strong>Zaz\u00e1<\/strong>, <strong>Suave Veneno<\/strong>, <strong>Caras &amp; Boca<\/strong>s, <strong>For\u00e7a-Tarefa<\/strong>,<strong> J\u00f3ia Rara<\/strong> e<strong> Boogie Oogie<\/strong>, mas sempre conciliando seu trabalho com a dublagem onde era mais atuante \u00e0 frente dos microfones ou dirigindo.<\/p>\n<p style=\"text-align: justify;\">Ficou quase 10 anos longe das telinhas e afirma que a culpa foi tanto dele, que n\u00e3o procurava o pessoal de televis\u00e3o, quanto dos diretores que n\u00e3o o chamavam. Por outro lado sentia que a televis\u00e3o nunca foi a sua praia e que no teatro podia fazer personagens que dificilmente lhe seriam dados em televis\u00e3o.<\/p>\n<p>&nbsp;<\/p>\n<h4 style=\"text-align: justify;\">Trabalho com a voz.<\/h4>\n<hr \/>\n<p style=\"text-align: justify;\">\u00c9lcio Romar iniciou em dublagem em 1974 fazendo um coadjuvante no filme <strong>Saudades de Um Pracinha<\/strong>, estrelado por Elvis Presley que na ocasi\u00e3o teve a voz de Carlos Marques, mas que em seguida seria dublado por Romar em diversos longas. O filme estreou na TV em junho de 1974, na Rede Globo, e a partir dali a voz dele seria ouvida com frequ\u00eancia em filmes da emissora.<\/p>\n<p style=\"text-align: justify;\">Emprestando sua voz a grandes nomes, \u00c9lcio Romar j\u00e1 foi em desenhos animados o Pink na dublagem original do desenho <strong>Pac-Man<\/strong>, Vandal Savage em <strong>Liga da Justi\u00e7a<\/strong>, o Charada em <strong>O Batman e Batman: The Animated Series<\/strong>, al\u00e9m de Snarf em <strong>Thundercats<\/strong>, onde destacou-se por fazer um falsete impressionante e que at\u00e9 hoje est\u00e1 guardado na mem\u00f3ria afetiva de muitos. Entre as s\u00e9ries que trabalhou vale a pena real\u00e7ar suas atua\u00e7\u00f5es como Jonathan Smith (<strong>O Homem Que Veio do C\u00e9u<\/strong>), Victor Baxter (<strong>As Vis\u00f5es da Raven<\/strong>), Paul Young (<strong>Desperate Housewives<\/strong>), Charles P. Charlie Moore (<strong>Uma Turma Genial<\/strong>), Rayden (<strong>Mortal Kombat &#8211; A Conquista<\/strong>), Leo Hanadarko (<strong>Saving Grace<\/strong>) e Joseph Garrett (<strong>Jonny Zero<\/strong>).<\/p>\n<figure id=\"attachment_563\" aria-describedby=\"caption-attachment-563\" style=\"width: 704px\" class=\"wp-caption aligncenter\"><img decoding=\"async\" class=\"wp-image-563 size-full lazyload\" data-src=\"http:\/\/dublagembrasileira.com.br\/wp-content\/uploads\/2019\/07\/snarf.jpg\" alt=\"\" width=\"704\" height=\"496\" data-srcset=\"https:\/\/dublagembrasileira.com.br\/wp-content\/uploads\/2019\/07\/snarf.jpg 704w, https:\/\/dublagembrasileira.com.br\/wp-content\/uploads\/2019\/07\/snarf-300x211.jpg 300w\" data-sizes=\"(max-width: 704px) 100vw, 704px\" src=\"data:image\/svg+xml;base64,PHN2ZyB3aWR0aD0iMSIgaGVpZ2h0PSIxIiB4bWxucz0iaHR0cDovL3d3dy53My5vcmcvMjAwMC9zdmciPjwvc3ZnPg==\" style=\"--smush-placeholder-width: 704px; --smush-placeholder-aspect-ratio: 704\/496;\" \/><figcaption id=\"caption-attachment-563\" class=\"wp-caption-text\">Excepcional falsete em ThunderCats fazendo Snarf.<\/figcaption><\/figure>\n<h4 style=\"text-align: justify;\">A voz do Michael Douglas.<\/h4>\n<hr \/>\n<p style=\"text-align: justify;\">Quando a Globo adquiriu o sucesso <strong>Tudo Por Uma Esmeralda<\/strong> no pacote de filmes para o ano de 1988, o astro Michael Douglas ainda n\u00e3o tinha uma voz considerada oficial para dubl\u00e1-lo no Brasil. Seu personagem Inspetor Steve Keller do seriado <strong>S\u00e3o Francisco Urgente<\/strong>, tinha sido adaptado para o nosso idioma pelo dublador M\u00e1rio Monjardim mas nada que transforma-se o Monja numa refer\u00eancia para continuar fazendo o ator. O filme foi parar na Herbert Richers, est\u00fadio de confian\u00e7a da Globo na ocasi\u00e3o, para ganhar as vozes brasileiras, e o personagem Jack T. Colton acabou sendo oferecido a \u00c9lcio Romar. &#8220;Na \u00e9poca n\u00e3o se usava essa coisa de fazer teste, o diretor dava os pap\u00e9is a quem confiava&#8221;, afirma o dublador.<\/p>\n<p style=\"text-align: justify;\">Ao dividir a bancada com Maralise Tartarine (Kathleen Turner) o que ele n\u00e3o imaginava \u00e9 que acompanharia a partir dali a carreira de Michael Douglas ao longo dos pr\u00f3ximos trabalhos, carreira essa que se encontrava em ascens\u00e3o. Logo veio a dublagem da sequ\u00eancia <strong>A J\u00f3ia do Nilo<\/strong> e naturalmente ele tornou-se a voz preferida pelos clientes para interpretar o ator no Brasil, &#8220;principalmente quando a dublagem era encomendada pela Rede Globo&#8221;, real\u00e7a Romar.<\/p>\n<p style=\"text-align: justify;\">Em<strong> Atra\u00e7\u00e3o Fatal<\/strong> dividiu a bancada com Sum\u00e1ra Louise (Glenn Glose), dublando pra VTI numa atua\u00e7\u00e3o memor\u00e1vel. Ainda no mesmo est\u00fadio fez <strong>Chuva Negra<\/strong> ao lado de nomes como os de J\u00falio Chaves (Andy Garcia), Joaquim Luis Motta (Ken Takakura) e Vera Miranda (Kate Capshaw).<\/p>\n<figure id=\"attachment_562\" aria-describedby=\"caption-attachment-562\" style=\"width: 704px\" class=\"wp-caption aligncenter\"><img decoding=\"async\" class=\"wp-image-562 size-full lazyload\" data-src=\"http:\/\/dublagembrasileira.com.br\/wp-content\/uploads\/2019\/07\/diafuria.jpg\" alt=\"\" width=\"704\" height=\"496\" data-srcset=\"https:\/\/dublagembrasileira.com.br\/wp-content\/uploads\/2019\/07\/diafuria.jpg 704w, https:\/\/dublagembrasileira.com.br\/wp-content\/uploads\/2019\/07\/diafuria-300x211.jpg 300w\" data-sizes=\"(max-width: 704px) 100vw, 704px\" src=\"data:image\/svg+xml;base64,PHN2ZyB3aWR0aD0iMSIgaGVpZ2h0PSIxIiB4bWxucz0iaHR0cDovL3d3dy53My5vcmcvMjAwMC9zdmciPjwvc3ZnPg==\" style=\"--smush-placeholder-width: 704px; --smush-placeholder-aspect-ratio: 704\/496;\" \/><figcaption id=\"caption-attachment-562\" class=\"wp-caption-text\">Um Dia de F\u00faria, uma de suas melhores dublagens.<\/figcaption><\/figure>\n<p style=\"text-align: justify;\">Nos anos 90 foi chamado para dublar tr\u00eas sucessos emplacados por Michael Douglas. Em <strong>Instinto Selvagem<\/strong> d\u00e1 voz ao detetive Nick Curran, fazendo um excelente trabalho ao lado de Vera Miranda (Sharon Stone) e M\u00f4nica Rossi (Jeanne Tripplehorn), com essa \u00faltima tamb\u00e9m contracenou em <strong>Ass\u00e9dio Sexual<\/strong> onde ela dublou Demi Moore; mas em <strong>Um Dia de F\u00faria<\/strong> \u00c9lcio Romar certamente fez o seu melhor trabalho ao dar voz a Douglas, incorporando o divorciado e desempregado Tom Sanders que ao perder o controle provoca uma agita\u00e7\u00e3o violenta em toda cidade de Los Angeles. Na mesma d\u00e9cada trabalhou ainda em <strong>Meu Querido Presidente<\/strong>, <strong>A Sombra e a Escurid\u00e3o<\/strong> e <strong>Um Crime Perfeito<\/strong>.<\/p>\n<p style=\"text-align: justify;\">Nos anos 2000 gravou <strong>Garotos Incr\u00edveis<\/strong>, <strong>Ref\u00e9m do Sil\u00eancio<\/strong>, e as com\u00e9dias <strong>Acontece nas Melhores Fam\u00edlias<\/strong> e <strong>Dois \u00e9 Bom, Tr\u00eas \u00e9 Demais<\/strong>. Seu \u00faltimo trabalho fazendo o ator foi em <strong>A \u00daltima Viagem a Vegas<\/strong>, ent\u00e3o o dublador passou a se dedicar mais \u00e0 dire\u00e7\u00e3o.<\/p>\n<p style=\"text-align: justify;\">Michael Douglas teve ainda filmes dublados por outros profissionais para DVD, canal fechado e VHS, al\u00e9m de redublagens, trabalhos que foram para S\u00e3o Paulo ou que por algum motivo o cliente n\u00e3o escalou Romar. Outros nomes que fizeram o ator foram Mauro de Almeida, Nelson Machado, Armando Tiraboschi, Carlos Campanile, Alfredo Martins, Armando Braga, Carlos Silveira, Garcia J\u00fanior, H\u00e9lio Vaccari, J\u00falio C\u00e9zar, Marcelo Pissardini, M\u00e1rcio Sim\u00f5es, Mauro Castro, Renato M\u00e1rcio e S\u00e9rgio Moreno, mas ningu\u00e9m se compara a Romar dando voz ao artista americano.<\/p>\n<p style=\"text-align: justify;\">S\u00e3o quase vinte filmes com a voz de \u00c9lcio, incluindo os principais sucessos da carreira excepcional de Michael Douglas, por isso fica dif\u00edcil separar a voz dele do rosto do ator.<\/p>\n","protected":false},"excerpt":{"rendered":"<p>Romar, &#8220;boneco&#8221; de grandes atores como Dan Aykroyd, Willem Dafoe, Woody Allen e Michael Douglas. \u00c9lcio Romar poderia ter seguido outra carreira facilmente. Cursou Direito e chegou a exercer advocacia. Trabalhou numa companhia de seguros, foi gr\u00e1fico, auxiliar numa firma de auditoria e fez curso de forma\u00e7\u00e3o de piloto militar, mas acabou n\u00e3o recebendo o espadim porque seu cora\u00e7\u00e3o estava nas artes c\u00eanicas, que o fez largar todas as outras possibilidades pela oportunidade de atuar. Apesar de ter sido uma figura muito presente nas d\u00e9cadas de 1970 e 1980 em frente \u00e0s c\u00e2meras, Romar come\u00e7ou como ator trabalhando em dublagem, \u00e1rea onde consolidou sua carreira. Numa \u00e9poca onde a dublagem ainda era um setor pouco conhecido, telefonou para um est\u00fadio e marcou um teste, sendo aprovado e dando in\u00edcio a um trabalho que j\u00e1 dura mais de quarenta anos. Como ator de televis\u00e3o come\u00e7ou em 1974 na novela O Rebu ao receber o papel de Alexandre. Em seguida tornou-se figura constante nas telenovelas da Rede Globo, com destaque para o personagem Ivan em O Feij\u00e3o e o Sonho, Juan Carlos em \u00c0 Sombra dos Laranjais, John Wayne em Marina e finalmente o preferido do seu p\u00fablico, o Braguinha de A Gata Comeu, onde ele interpreta um sujeito de boa \u00edndole, mas que finge ser cego para conquistar o amor da sua vida. Fazendo em sua maioria delegados, investigadores e diretores de pris\u00e3o, Romar passou os anos seguintes aparecendo em outras produ\u00e7\u00f5es televisivas, entre as quais: Mania de Querer, Barriga de Aluguel, Quem \u00e9 Voc\u00ea, Zaz\u00e1, Suave Veneno, Caras &amp; Bocas, For\u00e7a-Tarefa, J\u00f3ia Rara e Boogie Oogie, mas sempre conciliando seu trabalho com a dublagem onde era mais atuante \u00e0 frente dos microfones ou dirigindo. Ficou quase 10 anos longe das telinhas e afirma que a culpa foi tanto dele, que n\u00e3o procurava o pessoal de televis\u00e3o, quanto dos diretores que n\u00e3o o chamavam. Por outro lado sentia que a televis\u00e3o nunca foi a sua praia e que no teatro podia fazer personagens que dificilmente lhe seriam dados em televis\u00e3o. &nbsp; Trabalho com a voz. \u00c9lcio Romar iniciou em dublagem em 1974 fazendo um coadjuvante no filme Saudades de Um Pracinha, estrelado por Elvis Presley que na ocasi\u00e3o teve a voz de Carlos Marques, mas que em seguida seria dublado por Romar em diversos longas. O filme estreou na TV em junho de 1974, na Rede Globo, e a partir dali a voz dele seria ouvida com frequ\u00eancia em filmes da emissora. Emprestando sua voz a grandes nomes, \u00c9lcio Romar j\u00e1 foi em desenhos animados o Pink na dublagem original do desenho Pac-Man, Vandal Savage em Liga da Justi\u00e7a, o Charada em O Batman e Batman: The Animated Series, al\u00e9m de Snarf em Thundercats, onde destacou-se por fazer um falsete impressionante e que at\u00e9 hoje est\u00e1 guardado na mem\u00f3ria afetiva de muitos. Entre as s\u00e9ries que trabalhou vale a pena real\u00e7ar suas atua\u00e7\u00f5es como Jonathan Smith (O Homem Que Veio do C\u00e9u), Victor Baxter (As Vis\u00f5es da Raven), Paul Young (Desperate Housewives), Charles P. Charlie Moore (Uma Turma Genial), Rayden (Mortal Kombat &#8211; A Conquista), Leo Hanadarko (Saving Grace) e Joseph Garrett (Jonny Zero). A voz do Michael Douglas. Quando a Globo adquiriu o sucesso Tudo Por Uma Esmeralda no pacote de filmes para o ano de 1988, o astro Michael Douglas ainda n\u00e3o tinha uma voz considerada oficial para dubl\u00e1-lo no Brasil. Seu personagem Inspetor Steve Keller do seriado S\u00e3o Francisco Urgente, tinha sido adaptado para o nosso idioma pelo dublador M\u00e1rio Monjardim mas nada que transforma-se o Monja numa refer\u00eancia para continuar fazendo o ator. O filme foi parar na Herbert Richers, est\u00fadio de confian\u00e7a da Globo na ocasi\u00e3o, para ganhar as vozes brasileiras, e o personagem Jack T. Colton acabou sendo oferecido a \u00c9lcio Romar. &#8220;Na \u00e9poca n\u00e3o se usava essa coisa de fazer teste, o diretor dava os pap\u00e9is a quem confiava&#8221;, afirma o dublador. Ao dividir a bancada com Maralise Tartarine (Kathleen Turner) o que ele n\u00e3o imaginava \u00e9 que acompanharia a partir dali a carreira de Michael Douglas ao longo dos pr\u00f3ximos trabalhos, carreira essa que se encontrava em ascens\u00e3o. Logo veio a dublagem da sequ\u00eancia A J\u00f3ia do Nilo e naturalmente ele tornou-se a voz preferida pelos clientes para interpretar o ator no Brasil, &#8220;principalmente quando a dublagem era encomendada pela Rede Globo&#8221;, real\u00e7a Romar. Em Atra\u00e7\u00e3o Fatal dividiu a bancada com Sum\u00e1ra Louise (Glenn Glose), dublando pra VTI numa atua\u00e7\u00e3o memor\u00e1vel. Ainda no mesmo est\u00fadio fez Chuva Negra ao lado de nomes como os de J\u00falio Chaves (Andy Garcia), Joaquim Luis Motta (Ken Takakura) e Vera Miranda (Kate Capshaw). Nos anos 90 foi chamado para dublar tr\u00eas sucessos emplacados por Michael Douglas. Em Instinto Selvagem d\u00e1 voz ao detetive Nick Curran, fazendo um excelente trabalho ao lado de Vera Miranda (Sharon Stone) e M\u00f4nica Rossi (Jeanne Tripplehorn), com essa \u00faltima tamb\u00e9m contracenou em Ass\u00e9dio Sexual onde ela dublou Demi Moore; mas em Um Dia de F\u00faria \u00c9lcio Romar certamente fez o seu melhor trabalho ao dar voz a Douglas, incorporando o divorciado e desempregado Tom Sanders que ao perder o controle provoca uma agita\u00e7\u00e3o violenta em toda cidade de Los Angeles. Na mesma d\u00e9cada trabalhou ainda em Meu Querido Presidente, A Sombra e a Escurid\u00e3o e Um Crime Perfeito. Nos anos 2000 gravou Garotos Incr\u00edveis, Ref\u00e9m do Sil\u00eancio, e as com\u00e9dias Acontece nas Melhores Fam\u00edlias e Dois \u00e9 Bom, Tr\u00eas \u00e9 Demais. Seu \u00faltimo trabalho fazendo o ator foi em A \u00daltima Viagem a Vegas, ent\u00e3o o dublador passou a se dedicar mais \u00e0 dire\u00e7\u00e3o. Michael Douglas teve ainda filmes dublados por outros profissionais para DVD, canal fechado e VHS, al\u00e9m de redublagens, trabalhos que foram para S\u00e3o Paulo ou que por algum motivo o cliente n\u00e3o escalou Romar. Outros nomes que fizeram o ator foram Mauro de Almeida, Nelson Machado, Armando Tiraboschi, Carlos Campanile, Alfredo Martins, Armando Braga, Carlos Silveira, Garcia J\u00fanior, H\u00e9lio Vaccari, J\u00falio C\u00e9zar, Marcelo Pissardini, M\u00e1rcio Sim\u00f5es, Mauro Castro, Renato M\u00e1rcio e S\u00e9rgio Moreno, mas ningu\u00e9m se compara<\/p>\n","protected":false},"author":1,"featured_media":560,"comment_status":"open","ping_status":"open","sticky":false,"template":"","format":"standard","meta":{"_monsterinsights_skip_tracking":false,"_monsterinsights_sitenote_active":false,"_monsterinsights_sitenote_note":"","_monsterinsights_sitenote_category":0,"footnotes":""},"categories":[18,15],"tags":[43,33,34,29,27,40,60],"class_list":["post-559","post","type-post","status-publish","format-standard","has-post-thumbnail","hentry","category-cara-de-um-voz-do-outro","category-materias","tag-ator","tag-dublador","tag-dubladora","tag-dubladores","tag-dublagem","tag-materia","tag-michael-douglas"],"yoast_head":"<!-- This site is optimized with the Yoast SEO plugin v26.1.1 - https:\/\/yoast.com\/wordpress\/plugins\/seo\/ -->\n<title>Cara de Um, Voz do Outro: \u00c9lcio Romar, a voz brasileira do Michael Douglas. | DB - Dublagem Brasileira<\/title>\n<meta name=\"description\" content=\"\u00c9lcio Romar, &quot;boneco&quot; de grandes atores como Dan Aykroyd, Willem Dafoe, Woody Allen e dublador do Michael Douglas no Brasil.\" \/>\n<meta name=\"robots\" content=\"index, follow, max-snippet:-1, max-image-preview:large, max-video-preview:-1\" \/>\n<link rel=\"canonical\" href=\"https:\/\/dublagembrasileira.com.br\/?p=559\" \/>\n<meta property=\"og:locale\" content=\"pt_BR\" \/>\n<meta property=\"og:type\" content=\"article\" \/>\n<meta property=\"og:title\" content=\"Cara de Um, Voz do Outro: \u00c9lcio Romar, a voz brasileira do Michael Douglas. | DB - Dublagem Brasileira\" \/>\n<meta property=\"og:description\" content=\"\u00c9lcio Romar, &quot;boneco&quot; de grandes atores como Dan Aykroyd, Willem Dafoe, Woody Allen e dublador do Michael Douglas no Brasil.\" \/>\n<meta property=\"og:url\" content=\"https:\/\/dublagembrasileira.com.br\/?p=559\" \/>\n<meta property=\"og:site_name\" content=\"DB - Dublagem Brasileira\" \/>\n<meta property=\"article:published_time\" content=\"2021-07-30T15:27:33+00:00\" \/>\n<meta property=\"article:modified_time\" content=\"2021-07-31T20:11:59+00:00\" \/>\n<meta property=\"og:image\" content=\"https:\/\/dublagembrasileira.com.br\/wp-content\/uploads\/2019\/07\/elciodouglas.jpg\" \/>\n\t<meta property=\"og:image:width\" content=\"620\" \/>\n\t<meta property=\"og:image:height\" content=\"437\" \/>\n\t<meta property=\"og:image:type\" content=\"image\/jpeg\" \/>\n<meta name=\"author\" content=\"Iza\u00edas Correia\" \/>\n<meta name=\"twitter:card\" content=\"summary_large_image\" \/>\n<meta name=\"twitter:label1\" content=\"Escrito por\" \/>\n\t<meta name=\"twitter:data1\" content=\"Iza\u00edas Correia\" \/>\n\t<meta name=\"twitter:label2\" content=\"Est. tempo de leitura\" \/>\n\t<meta name=\"twitter:data2\" content=\"6 minutos\" \/>\n<script type=\"application\/ld+json\" class=\"yoast-schema-graph\">{\"@context\":\"https:\/\/schema.org\",\"@graph\":[{\"@type\":\"Article\",\"@id\":\"https:\/\/dublagembrasileira.com.br\/?p=559#article\",\"isPartOf\":{\"@id\":\"https:\/\/dublagembrasileira.com.br\/?p=559\"},\"author\":{\"name\":\"Iza\u00edas Correia\",\"@id\":\"https:\/\/dublagembrasileira.com.br\/#\/schema\/person\/6298fd46a47d1ef447a90b2fc9f2b215\"},\"headline\":\"Cara de Um, Voz do Outro: \u00c9lcio Romar, a voz brasileira do Michael Douglas.\",\"datePublished\":\"2021-07-30T15:27:33+00:00\",\"dateModified\":\"2021-07-31T20:11:59+00:00\",\"mainEntityOfPage\":{\"@id\":\"https:\/\/dublagembrasileira.com.br\/?p=559\"},\"wordCount\":1172,\"commentCount\":1,\"publisher\":{\"@id\":\"https:\/\/dublagembrasileira.com.br\/#organization\"},\"image\":{\"@id\":\"https:\/\/dublagembrasileira.com.br\/?p=559#primaryimage\"},\"thumbnailUrl\":\"https:\/\/dublagembrasileira.com.br\/wp-content\/uploads\/2019\/07\/elciodouglas.jpg\",\"keywords\":[\"ator\",\"dublador\",\"dubladora\",\"dubladores\",\"dublagem\",\"mat\u00e9ria\",\"michael douglas.\"],\"articleSection\":[\"Cara de Um, Voz do Outro\",\"Mat\u00e9rias\"],\"inLanguage\":\"pt-BR\",\"potentialAction\":[{\"@type\":\"CommentAction\",\"name\":\"Comment\",\"target\":[\"https:\/\/dublagembrasileira.com.br\/?p=559#respond\"]}]},{\"@type\":\"WebPage\",\"@id\":\"https:\/\/dublagembrasileira.com.br\/?p=559\",\"url\":\"https:\/\/dublagembrasileira.com.br\/?p=559\",\"name\":\"Cara de Um, Voz do Outro: \u00c9lcio Romar, a voz brasileira do Michael Douglas. | DB - Dublagem Brasileira\",\"isPartOf\":{\"@id\":\"https:\/\/dublagembrasileira.com.br\/#website\"},\"primaryImageOfPage\":{\"@id\":\"https:\/\/dublagembrasileira.com.br\/?p=559#primaryimage\"},\"image\":{\"@id\":\"https:\/\/dublagembrasileira.com.br\/?p=559#primaryimage\"},\"thumbnailUrl\":\"https:\/\/dublagembrasileira.com.br\/wp-content\/uploads\/2019\/07\/elciodouglas.jpg\",\"datePublished\":\"2021-07-30T15:27:33+00:00\",\"dateModified\":\"2021-07-31T20:11:59+00:00\",\"description\":\"\u00c9lcio Romar, \\\"boneco\\\" de grandes atores como Dan Aykroyd, Willem Dafoe, Woody Allen e dublador do Michael Douglas no Brasil.\",\"breadcrumb\":{\"@id\":\"https:\/\/dublagembrasileira.com.br\/?p=559#breadcrumb\"},\"inLanguage\":\"pt-BR\",\"potentialAction\":[{\"@type\":\"ReadAction\",\"target\":[\"https:\/\/dublagembrasileira.com.br\/?p=559\"]}]},{\"@type\":\"ImageObject\",\"inLanguage\":\"pt-BR\",\"@id\":\"https:\/\/dublagembrasileira.com.br\/?p=559#primaryimage\",\"url\":\"https:\/\/dublagembrasileira.com.br\/wp-content\/uploads\/2019\/07\/elciodouglas.jpg\",\"contentUrl\":\"https:\/\/dublagembrasileira.com.br\/wp-content\/uploads\/2019\/07\/elciodouglas.jpg\",\"width\":620,\"height\":437},{\"@type\":\"BreadcrumbList\",\"@id\":\"https:\/\/dublagembrasileira.com.br\/?p=559#breadcrumb\",\"itemListElement\":[{\"@type\":\"ListItem\",\"position\":1,\"name\":\"In\u00edcio\",\"item\":\"https:\/\/dublagembrasileira.com.br\/\"},{\"@type\":\"ListItem\",\"position\":2,\"name\":\"Cara de Um, Voz do Outro: \u00c9lcio Romar, a voz brasileira do Michael Douglas.\"}]},{\"@type\":\"WebSite\",\"@id\":\"https:\/\/dublagembrasileira.com.br\/#website\",\"url\":\"https:\/\/dublagembrasileira.com.br\/\",\"name\":\"DB - Dublagem Brasileira\",\"description\":\"O seu portal de dublagem.\",\"publisher\":{\"@id\":\"https:\/\/dublagembrasileira.com.br\/#organization\"},\"potentialAction\":[{\"@type\":\"SearchAction\",\"target\":{\"@type\":\"EntryPoint\",\"urlTemplate\":\"https:\/\/dublagembrasileira.com.br\/?s={search_term_string}\"},\"query-input\":{\"@type\":\"PropertyValueSpecification\",\"valueRequired\":true,\"valueName\":\"search_term_string\"}}],\"inLanguage\":\"pt-BR\"},{\"@type\":\"Organization\",\"@id\":\"https:\/\/dublagembrasileira.com.br\/#organization\",\"name\":\"DB - Dublagem Brasileira\",\"url\":\"https:\/\/dublagembrasileira.com.br\/\",\"logo\":{\"@type\":\"ImageObject\",\"inLanguage\":\"pt-BR\",\"@id\":\"https:\/\/dublagembrasileira.com.br\/#\/schema\/logo\/image\/\",\"url\":\"https:\/\/dublagembrasileira.com.br\/wp-content\/uploads\/2019\/07\/cropped-logotipodb.png\",\"contentUrl\":\"https:\/\/dublagembrasileira.com.br\/wp-content\/uploads\/2019\/07\/cropped-logotipodb.png\",\"width\":946,\"height\":589,\"caption\":\"DB - Dublagem Brasileira\"},\"image\":{\"@id\":\"https:\/\/dublagembrasileira.com.br\/#\/schema\/logo\/image\/\"}},{\"@type\":\"Person\",\"@id\":\"https:\/\/dublagembrasileira.com.br\/#\/schema\/person\/6298fd46a47d1ef447a90b2fc9f2b215\",\"name\":\"Iza\u00edas Correia\",\"image\":{\"@type\":\"ImageObject\",\"inLanguage\":\"pt-BR\",\"@id\":\"https:\/\/dublagembrasileira.com.br\/#\/schema\/person\/image\/\",\"url\":\"http:\/\/dublagembrasileira.com.br\/wp-content\/uploads\/2025\/06\/cropped-izaiascorreia-96x96.jpg\",\"contentUrl\":\"http:\/\/dublagembrasileira.com.br\/wp-content\/uploads\/2025\/06\/cropped-izaiascorreia-96x96.jpg\",\"caption\":\"Iza\u00edas Correia\"},\"description\":\"Professor, roteirista e web-designer, respons\u00e1vel pelo site InfanTv. Tamb\u00e9m \u00e9 pesquisador da dublagem brasileira.\",\"url\":\"https:\/\/dublagembrasileira.com.br\/?author=1\"}]}<\/script>\n<!-- \/ Yoast SEO plugin. -->","yoast_head_json":{"title":"Cara de Um, Voz do Outro: \u00c9lcio Romar, a voz brasileira do Michael Douglas. | DB - Dublagem Brasileira","description":"\u00c9lcio Romar, \"boneco\" de grandes atores como Dan Aykroyd, Willem Dafoe, Woody Allen e dublador do Michael Douglas no Brasil.","robots":{"index":"index","follow":"follow","max-snippet":"max-snippet:-1","max-image-preview":"max-image-preview:large","max-video-preview":"max-video-preview:-1"},"canonical":"https:\/\/dublagembrasileira.com.br\/?p=559","og_locale":"pt_BR","og_type":"article","og_title":"Cara de Um, Voz do Outro: \u00c9lcio Romar, a voz brasileira do Michael Douglas. | DB - Dublagem Brasileira","og_description":"\u00c9lcio Romar, \"boneco\" de grandes atores como Dan Aykroyd, Willem Dafoe, Woody Allen e dublador do Michael Douglas no Brasil.","og_url":"https:\/\/dublagembrasileira.com.br\/?p=559","og_site_name":"DB - Dublagem Brasileira","article_published_time":"2021-07-30T15:27:33+00:00","article_modified_time":"2021-07-31T20:11:59+00:00","og_image":[{"width":620,"height":437,"url":"https:\/\/dublagembrasileira.com.br\/wp-content\/uploads\/2019\/07\/elciodouglas.jpg","type":"image\/jpeg"}],"author":"Iza\u00edas Correia","twitter_card":"summary_large_image","twitter_misc":{"Escrito por":"Iza\u00edas Correia","Est. tempo de leitura":"6 minutos"},"schema":{"@context":"https:\/\/schema.org","@graph":[{"@type":"Article","@id":"https:\/\/dublagembrasileira.com.br\/?p=559#article","isPartOf":{"@id":"https:\/\/dublagembrasileira.com.br\/?p=559"},"author":{"name":"Iza\u00edas Correia","@id":"https:\/\/dublagembrasileira.com.br\/#\/schema\/person\/6298fd46a47d1ef447a90b2fc9f2b215"},"headline":"Cara de Um, Voz do Outro: \u00c9lcio Romar, a voz brasileira do Michael Douglas.","datePublished":"2021-07-30T15:27:33+00:00","dateModified":"2021-07-31T20:11:59+00:00","mainEntityOfPage":{"@id":"https:\/\/dublagembrasileira.com.br\/?p=559"},"wordCount":1172,"commentCount":1,"publisher":{"@id":"https:\/\/dublagembrasileira.com.br\/#organization"},"image":{"@id":"https:\/\/dublagembrasileira.com.br\/?p=559#primaryimage"},"thumbnailUrl":"https:\/\/dublagembrasileira.com.br\/wp-content\/uploads\/2019\/07\/elciodouglas.jpg","keywords":["ator","dublador","dubladora","dubladores","dublagem","mat\u00e9ria","michael douglas."],"articleSection":["Cara de Um, Voz do Outro","Mat\u00e9rias"],"inLanguage":"pt-BR","potentialAction":[{"@type":"CommentAction","name":"Comment","target":["https:\/\/dublagembrasileira.com.br\/?p=559#respond"]}]},{"@type":"WebPage","@id":"https:\/\/dublagembrasileira.com.br\/?p=559","url":"https:\/\/dublagembrasileira.com.br\/?p=559","name":"Cara de Um, Voz do Outro: \u00c9lcio Romar, a voz brasileira do Michael Douglas. | DB - Dublagem Brasileira","isPartOf":{"@id":"https:\/\/dublagembrasileira.com.br\/#website"},"primaryImageOfPage":{"@id":"https:\/\/dublagembrasileira.com.br\/?p=559#primaryimage"},"image":{"@id":"https:\/\/dublagembrasileira.com.br\/?p=559#primaryimage"},"thumbnailUrl":"https:\/\/dublagembrasileira.com.br\/wp-content\/uploads\/2019\/07\/elciodouglas.jpg","datePublished":"2021-07-30T15:27:33+00:00","dateModified":"2021-07-31T20:11:59+00:00","description":"\u00c9lcio Romar, \"boneco\" de grandes atores como Dan Aykroyd, Willem Dafoe, Woody Allen e dublador do Michael Douglas no Brasil.","breadcrumb":{"@id":"https:\/\/dublagembrasileira.com.br\/?p=559#breadcrumb"},"inLanguage":"pt-BR","potentialAction":[{"@type":"ReadAction","target":["https:\/\/dublagembrasileira.com.br\/?p=559"]}]},{"@type":"ImageObject","inLanguage":"pt-BR","@id":"https:\/\/dublagembrasileira.com.br\/?p=559#primaryimage","url":"https:\/\/dublagembrasileira.com.br\/wp-content\/uploads\/2019\/07\/elciodouglas.jpg","contentUrl":"https:\/\/dublagembrasileira.com.br\/wp-content\/uploads\/2019\/07\/elciodouglas.jpg","width":620,"height":437},{"@type":"BreadcrumbList","@id":"https:\/\/dublagembrasileira.com.br\/?p=559#breadcrumb","itemListElement":[{"@type":"ListItem","position":1,"name":"In\u00edcio","item":"https:\/\/dublagembrasileira.com.br\/"},{"@type":"ListItem","position":2,"name":"Cara de Um, Voz do Outro: \u00c9lcio Romar, a voz brasileira do Michael Douglas."}]},{"@type":"WebSite","@id":"https:\/\/dublagembrasileira.com.br\/#website","url":"https:\/\/dublagembrasileira.com.br\/","name":"DB - Dublagem Brasileira","description":"O seu portal de dublagem.","publisher":{"@id":"https:\/\/dublagembrasileira.com.br\/#organization"},"potentialAction":[{"@type":"SearchAction","target":{"@type":"EntryPoint","urlTemplate":"https:\/\/dublagembrasileira.com.br\/?s={search_term_string}"},"query-input":{"@type":"PropertyValueSpecification","valueRequired":true,"valueName":"search_term_string"}}],"inLanguage":"pt-BR"},{"@type":"Organization","@id":"https:\/\/dublagembrasileira.com.br\/#organization","name":"DB - Dublagem Brasileira","url":"https:\/\/dublagembrasileira.com.br\/","logo":{"@type":"ImageObject","inLanguage":"pt-BR","@id":"https:\/\/dublagembrasileira.com.br\/#\/schema\/logo\/image\/","url":"https:\/\/dublagembrasileira.com.br\/wp-content\/uploads\/2019\/07\/cropped-logotipodb.png","contentUrl":"https:\/\/dublagembrasileira.com.br\/wp-content\/uploads\/2019\/07\/cropped-logotipodb.png","width":946,"height":589,"caption":"DB - Dublagem Brasileira"},"image":{"@id":"https:\/\/dublagembrasileira.com.br\/#\/schema\/logo\/image\/"}},{"@type":"Person","@id":"https:\/\/dublagembrasileira.com.br\/#\/schema\/person\/6298fd46a47d1ef447a90b2fc9f2b215","name":"Iza\u00edas Correia","image":{"@type":"ImageObject","inLanguage":"pt-BR","@id":"https:\/\/dublagembrasileira.com.br\/#\/schema\/person\/image\/","url":"http:\/\/dublagembrasileira.com.br\/wp-content\/uploads\/2025\/06\/cropped-izaiascorreia-96x96.jpg","contentUrl":"http:\/\/dublagembrasileira.com.br\/wp-content\/uploads\/2025\/06\/cropped-izaiascorreia-96x96.jpg","caption":"Iza\u00edas Correia"},"description":"Professor, roteirista e web-designer, respons\u00e1vel pelo site InfanTv. Tamb\u00e9m \u00e9 pesquisador da dublagem brasileira.","url":"https:\/\/dublagembrasileira.com.br\/?author=1"}]}},"rttpg_featured_image_url":{"full":["https:\/\/dublagembrasileira.com.br\/wp-content\/uploads\/2019\/07\/elciodouglas.jpg",620,437,false],"landscape":["https:\/\/dublagembrasileira.com.br\/wp-content\/uploads\/2019\/07\/elciodouglas.jpg",620,437,false],"portraits":["https:\/\/dublagembrasileira.com.br\/wp-content\/uploads\/2019\/07\/elciodouglas.jpg",620,437,false],"thumbnail":["https:\/\/dublagembrasileira.com.br\/wp-content\/uploads\/2019\/07\/elciodouglas-150x150.jpg",150,150,true],"medium":["https:\/\/dublagembrasileira.com.br\/wp-content\/uploads\/2019\/07\/elciodouglas-300x211.jpg",300,211,true],"large":["https:\/\/dublagembrasileira.com.br\/wp-content\/uploads\/2019\/07\/elciodouglas.jpg",620,437,false],"1536x1536":["https:\/\/dublagembrasileira.com.br\/wp-content\/uploads\/2019\/07\/elciodouglas.jpg",620,437,false],"2048x2048":["https:\/\/dublagembrasileira.com.br\/wp-content\/uploads\/2019\/07\/elciodouglas.jpg",620,437,false],"eggnews-slider-large":["https:\/\/dublagembrasileira.com.br\/wp-content\/uploads\/2019\/07\/elciodouglas.jpg",620,437,false],"eggnews-featured-medium":["https:\/\/dublagembrasileira.com.br\/wp-content\/uploads\/2019\/07\/elciodouglas-420x307.jpg",420,307,true],"eggnews-featured-long":["https:\/\/dublagembrasileira.com.br\/wp-content\/uploads\/2019\/07\/elciodouglas-300x437.jpg",300,437,true],"eggnews-block-medium":["https:\/\/dublagembrasileira.com.br\/wp-content\/uploads\/2019\/07\/elciodouglas-464x290.jpg",464,290,true],"eggnews-carousel-image":["https:\/\/dublagembrasileira.com.br\/wp-content\/uploads\/2019\/07\/elciodouglas-600x437.jpg",600,437,true],"eggnews-block-thumb":["https:\/\/dublagembrasileira.com.br\/wp-content\/uploads\/2019\/07\/elciodouglas-322x230.jpg",322,230,true],"eggnews-single-large":["https:\/\/dublagembrasileira.com.br\/wp-content\/uploads\/2019\/07\/elciodouglas.jpg",620,437,false],"crp_thumbnail":["https:\/\/dublagembrasileira.com.br\/wp-content\/uploads\/2019\/07\/elciodouglas.jpg",150,106,false]},"rttpg_author":{"display_name":"Iza\u00edas Correia","author_link":"https:\/\/dublagembrasileira.com.br\/?author=1"},"rttpg_comment":1,"rttpg_category":"<a href=\"https:\/\/dublagembrasileira.com.br\/?cat=18\" rel=\"category\">Cara de Um, Voz do Outro<\/a> <a href=\"https:\/\/dublagembrasileira.com.br\/?cat=15\" rel=\"category\">Mat\u00e9rias<\/a>","rttpg_excerpt":"Romar, &#8220;boneco&#8221; de grandes atores como Dan Aykroyd, Willem Dafoe, Woody Allen e Michael Douglas. \u00c9lcio Romar poderia ter seguido outra carreira facilmente. Cursou Direito e chegou a exercer advocacia. Trabalhou numa companhia de seguros, foi gr\u00e1fico, auxiliar numa firma de auditoria e fez curso de forma\u00e7\u00e3o de piloto militar, mas acabou n\u00e3o recebendo o&hellip;","_links":{"self":[{"href":"https:\/\/dublagembrasileira.com.br\/index.php?rest_route=\/wp\/v2\/posts\/559","targetHints":{"allow":["GET"]}}],"collection":[{"href":"https:\/\/dublagembrasileira.com.br\/index.php?rest_route=\/wp\/v2\/posts"}],"about":[{"href":"https:\/\/dublagembrasileira.com.br\/index.php?rest_route=\/wp\/v2\/types\/post"}],"author":[{"embeddable":true,"href":"https:\/\/dublagembrasileira.com.br\/index.php?rest_route=\/wp\/v2\/users\/1"}],"replies":[{"embeddable":true,"href":"https:\/\/dublagembrasileira.com.br\/index.php?rest_route=%2Fwp%2Fv2%2Fcomments&post=559"}],"version-history":[{"count":5,"href":"https:\/\/dublagembrasileira.com.br\/index.php?rest_route=\/wp\/v2\/posts\/559\/revisions"}],"predecessor-version":[{"id":7184,"href":"https:\/\/dublagembrasileira.com.br\/index.php?rest_route=\/wp\/v2\/posts\/559\/revisions\/7184"}],"wp:featuredmedia":[{"embeddable":true,"href":"https:\/\/dublagembrasileira.com.br\/index.php?rest_route=\/wp\/v2\/media\/560"}],"wp:attachment":[{"href":"https:\/\/dublagembrasileira.com.br\/index.php?rest_route=%2Fwp%2Fv2%2Fmedia&parent=559"}],"wp:term":[{"taxonomy":"category","embeddable":true,"href":"https:\/\/dublagembrasileira.com.br\/index.php?rest_route=%2Fwp%2Fv2%2Fcategories&post=559"},{"taxonomy":"post_tag","embeddable":true,"href":"https:\/\/dublagembrasileira.com.br\/index.php?rest_route=%2Fwp%2Fv2%2Ftags&post=559"}],"curies":[{"name":"wp","href":"https:\/\/api.w.org\/{rel}","templated":true}]}}