{"id":5196,"date":"2021-04-17T11:31:35","date_gmt":"2021-04-17T11:31:35","guid":{"rendered":"http:\/\/dublagembrasileira.com.br\/?p=5196"},"modified":"2021-04-20T12:04:14","modified_gmt":"2021-04-20T12:04:14","slug":"labirinto-do-medo-estreia-na-netflix-com-dublagem-da-som-de-vera-cruz","status":"publish","type":"post","link":"https:\/\/dublagembrasileira.com.br\/?p=5196","title":{"rendered":"Labirinto do Medo estreia na Netflix com dublagem da Som de Vera Cruz."},"content":{"rendered":"<h4><em>Daniel M\u00fcller, Isabelle Riccart e Renan Freitas s\u00e3o os destaques da dublagem.<br \/>\n<\/em><\/h4>\n<hr \/>\n<p style=\"text-align: justify;\">Amanh\u00e3 estreia na Netflix <a href=\"https:\/\/www.netflix.com\/br\/title\/81393931\"><strong>Labirinto do Medo <\/strong><\/a>(Dead Places), s\u00e9rie sul-africana com formato que faz lembrar obras da TV brit\u00e2nica como <strong>Doctor Who<\/strong>, <strong>Torchwood<\/strong> e <strong>Shadow<\/strong>. A cria\u00e7\u00e3o \u00e9 de Gareth Crocker.<\/p>\n<p style=\"text-align: justify;\">A dublagem foi realizada pela Som de Vera Cruz com a dire\u00e7\u00e3o de Jorge Vasconcellos. O protagonista Will Stone ter\u00e1 duas vozes, Daniel M\u00fcller far\u00e1 o personagem em sua vers\u00e3o adulta, enquanto Victor Hugo Fernandes dublar\u00e1 \u00e0 sua vers\u00e3o jovem.<\/p>\n<p style=\"text-align: justify;\">Ainda no elenco de dublagem Isabelle Riccart empresta sua voz a influenciadora digital Kelly e Renan Freitas ser\u00e1 Joe. Fernanda Ribeiro dublar\u00e1 a vers\u00e3o jovem de Rose.<\/p>\n<p style=\"text-align: justify;\"><strong>Labirinto do Medo<\/strong> conta a hist\u00f3ria do escritor Will Stone (Anthony Oseyemi), um autor best-seller que fez carreira com livros sobre os casos sobrenaturais solucionados por ele. Depois de anos na Inglaterra, Will volta \u00e0 sua p\u00e1tria natal para alguns eventos e para buscar novos casos, mas tamb\u00e9m para se resolver com seu passado. Logo, Kelly (Shamilla Miller), uma popular influenciadora digital que se deparou com um \u201cfantasma\u201d durante a grava\u00e7\u00e3o de um v\u00eddeo, solicita sua ajuda.<\/p>\n<p><strong>Elenco de dublagem da s\u00e9rie:<\/strong><\/p>\n<p>Daniel M\u00fcller &#8211; Anthony Oseyemi (Will)<br \/>\nIsabelle Riccart &#8211; Shamilla Miller (Kelly)<br \/>\nRenan Freitas &#8211; Rea Rangaka (Joe)<br \/>\nFernanda Ribeiro &#8211; Shalom Nyandiko (Young Rose)<br \/>\nRicardo Telles &#8211; David Butler (Dr. Damons)<br \/>\nVictor Hugo Fernandes &#8211; Zondwa Mditshwa (Will, jovem)<br \/>\nNando Sierpe &#8211; Greg Viljoen (Benjamin)<br \/>\nMalta Junior &#8211; Luthuli Dlamini (Jacob)<br \/>\nRita Lopes &#8211; Altovise Lawrence (Max)<br \/>\nRita Lopes &#8211; Themsie Times (Eunice)<\/p>\n","protected":false},"excerpt":{"rendered":"<p>Daniel M\u00fcller, Isabelle Riccart e Renan Freitas s\u00e3o os destaques da dublagem. Amanh\u00e3 estreia na Netflix Labirinto do Medo (Dead Places), s\u00e9rie sul-africana com formato que faz lembrar obras da TV brit\u00e2nica como Doctor Who, Torchwood e Shadow. A cria\u00e7\u00e3o \u00e9 de Gareth Crocker. A dublagem foi realizada pela Som de Vera Cruz com a dire\u00e7\u00e3o de Jorge Vasconcellos. O protagonista Will Stone ter\u00e1 duas vozes, Daniel M\u00fcller far\u00e1 o personagem em sua vers\u00e3o adulta, enquanto Victor Hugo Fernandes dublar\u00e1 \u00e0 sua vers\u00e3o jovem. Ainda no elenco de dublagem Isabelle Riccart empresta sua voz a influenciadora digital Kelly e Renan Freitas ser\u00e1 Joe. Fernanda Ribeiro dublar\u00e1 a vers\u00e3o jovem de Rose. Labirinto do Medo conta a hist\u00f3ria do escritor Will Stone (Anthony Oseyemi), um autor best-seller que fez carreira com livros sobre os casos sobrenaturais solucionados por ele. Depois de anos na Inglaterra, Will volta \u00e0 sua p\u00e1tria natal para alguns eventos e para buscar novos casos, mas tamb\u00e9m para se resolver com seu passado. Logo, Kelly (Shamilla Miller), uma popular influenciadora digital que se deparou com um \u201cfantasma\u201d durante a grava\u00e7\u00e3o de um v\u00eddeo, solicita sua ajuda. Elenco de dublagem da s\u00e9rie: Daniel M\u00fcller &#8211; Anthony Oseyemi (Will) Isabelle Riccart &#8211; Shamilla Miller (Kelly) Renan Freitas &#8211; Rea Rangaka (Joe) Fernanda Ribeiro &#8211; Shalom Nyandiko (Young Rose) Ricardo Telles &#8211; David Butler (Dr. Damons) Victor Hugo Fernandes &#8211; Zondwa Mditshwa (Will, jovem) Nando Sierpe &#8211; Greg Viljoen (Benjamin) Malta Junior &#8211; Luthuli Dlamini (Jacob) Rita Lopes &#8211; Altovise Lawrence (Max) Rita Lopes &#8211; Themsie Times (Eunice)<\/p>\n","protected":false},"author":4,"featured_media":5197,"comment_status":"open","ping_status":"open","sticky":false,"template":"","format":"standard","meta":{"_monsterinsights_skip_tracking":false,"_monsterinsights_sitenote_active":false,"_monsterinsights_sitenote_note":"","_monsterinsights_sitenote_category":0,"footnotes":""},"categories":[13,3,158,8],"tags":[],"class_list":["post-5196","post","type-post","status-publish","format-standard","has-post-thumbnail","hentry","category-noticias","category-series","category-streaming","category-televisao"],"yoast_head":"<!-- This site is optimized with the Yoast SEO plugin v26.1.1 - https:\/\/yoast.com\/wordpress\/plugins\/seo\/ -->\n<title>Labirinto do Medo estreia na Netflix com dublagem da Som de Vera Cruz. | DB - Dublagem Brasileira<\/title>\n<meta name=\"description\" content=\"Daniel M\u00fcller, Isabelle Riccart e Renan Freitas s\u00e3o os destaques da dublagem.\" \/>\n<meta name=\"robots\" content=\"index, follow, max-snippet:-1, max-image-preview:large, max-video-preview:-1\" \/>\n<link rel=\"canonical\" href=\"https:\/\/dublagembrasileira.com.br\/?p=5196\" \/>\n<meta property=\"og:locale\" content=\"pt_BR\" \/>\n<meta property=\"og:type\" content=\"article\" \/>\n<meta property=\"og:title\" content=\"Labirinto do Medo estreia na Netflix com dublagem da Som de Vera Cruz. | DB - Dublagem Brasileira\" \/>\n<meta property=\"og:description\" content=\"Daniel M\u00fcller, Isabelle Riccart e Renan Freitas s\u00e3o os destaques da dublagem.\" \/>\n<meta property=\"og:url\" content=\"https:\/\/dublagembrasileira.com.br\/?p=5196\" \/>\n<meta property=\"og:site_name\" content=\"DB - Dublagem Brasileira\" \/>\n<meta property=\"article:author\" content=\"https:\/\/www.facebook.com\/dublagembrasileira\" \/>\n<meta property=\"article:published_time\" content=\"2021-04-17T11:31:35+00:00\" \/>\n<meta property=\"article:modified_time\" content=\"2021-04-20T12:04:14+00:00\" \/>\n<meta property=\"og:image\" content=\"https:\/\/dublagembrasileira.com.br\/wp-content\/uploads\/2021\/04\/881987272a5c4cf180c5556619a5ccab.png\" \/>\n\t<meta property=\"og:image:width\" content=\"650\" \/>\n\t<meta property=\"og:image:height\" content=\"430\" \/>\n\t<meta property=\"og:image:type\" content=\"image\/png\" \/>\n<meta name=\"author\" content=\"Reda\u00e7\u00e3o\" \/>\n<meta name=\"twitter:card\" content=\"summary_large_image\" \/>\n<meta name=\"twitter:creator\" content=\"@dbdublagem\" \/>\n<meta name=\"twitter:label1\" content=\"Escrito por\" \/>\n\t<meta name=\"twitter:data1\" content=\"Reda\u00e7\u00e3o\" \/>\n\t<meta name=\"twitter:label2\" content=\"Est. tempo de leitura\" \/>\n\t<meta name=\"twitter:data2\" content=\"1 minuto\" \/>\n<script type=\"application\/ld+json\" class=\"yoast-schema-graph\">{\"@context\":\"https:\/\/schema.org\",\"@graph\":[{\"@type\":\"Article\",\"@id\":\"https:\/\/dublagembrasileira.com.br\/?p=5196#article\",\"isPartOf\":{\"@id\":\"https:\/\/dublagembrasileira.com.br\/?p=5196\"},\"author\":{\"name\":\"Reda\u00e7\u00e3o\",\"@id\":\"https:\/\/dublagembrasileira.com.br\/#\/schema\/person\/a75bac594c0e9a0b96508b7e124f20d1\"},\"headline\":\"Labirinto do Medo estreia na Netflix com dublagem da Som de Vera Cruz.\",\"datePublished\":\"2021-04-17T11:31:35+00:00\",\"dateModified\":\"2021-04-20T12:04:14+00:00\",\"mainEntityOfPage\":{\"@id\":\"https:\/\/dublagembrasileira.com.br\/?p=5196\"},\"wordCount\":284,\"commentCount\":0,\"publisher\":{\"@id\":\"https:\/\/dublagembrasileira.com.br\/#organization\"},\"image\":{\"@id\":\"https:\/\/dublagembrasileira.com.br\/?p=5196#primaryimage\"},\"thumbnailUrl\":\"https:\/\/dublagembrasileira.com.br\/wp-content\/uploads\/2021\/04\/881987272a5c4cf180c5556619a5ccab.png\",\"articleSection\":[\"Not\u00edcias\",\"S\u00e9ries\",\"Streaming\",\"Televis\u00e3o\"],\"inLanguage\":\"pt-BR\",\"potentialAction\":[{\"@type\":\"CommentAction\",\"name\":\"Comment\",\"target\":[\"https:\/\/dublagembrasileira.com.br\/?p=5196#respond\"]}]},{\"@type\":\"WebPage\",\"@id\":\"https:\/\/dublagembrasileira.com.br\/?p=5196\",\"url\":\"https:\/\/dublagembrasileira.com.br\/?p=5196\",\"name\":\"Labirinto do Medo estreia na Netflix com dublagem da Som de Vera Cruz. | DB - Dublagem Brasileira\",\"isPartOf\":{\"@id\":\"https:\/\/dublagembrasileira.com.br\/#website\"},\"primaryImageOfPage\":{\"@id\":\"https:\/\/dublagembrasileira.com.br\/?p=5196#primaryimage\"},\"image\":{\"@id\":\"https:\/\/dublagembrasileira.com.br\/?p=5196#primaryimage\"},\"thumbnailUrl\":\"https:\/\/dublagembrasileira.com.br\/wp-content\/uploads\/2021\/04\/881987272a5c4cf180c5556619a5ccab.png\",\"datePublished\":\"2021-04-17T11:31:35+00:00\",\"dateModified\":\"2021-04-20T12:04:14+00:00\",\"description\":\"Daniel M\u00fcller, Isabelle Riccart e Renan Freitas s\u00e3o os destaques da dublagem.\",\"breadcrumb\":{\"@id\":\"https:\/\/dublagembrasileira.com.br\/?p=5196#breadcrumb\"},\"inLanguage\":\"pt-BR\",\"potentialAction\":[{\"@type\":\"ReadAction\",\"target\":[\"https:\/\/dublagembrasileira.com.br\/?p=5196\"]}]},{\"@type\":\"ImageObject\",\"inLanguage\":\"pt-BR\",\"@id\":\"https:\/\/dublagembrasileira.com.br\/?p=5196#primaryimage\",\"url\":\"https:\/\/dublagembrasileira.com.br\/wp-content\/uploads\/2021\/04\/881987272a5c4cf180c5556619a5ccab.png\",\"contentUrl\":\"https:\/\/dublagembrasileira.com.br\/wp-content\/uploads\/2021\/04\/881987272a5c4cf180c5556619a5ccab.png\",\"width\":650,\"height\":430},{\"@type\":\"BreadcrumbList\",\"@id\":\"https:\/\/dublagembrasileira.com.br\/?p=5196#breadcrumb\",\"itemListElement\":[{\"@type\":\"ListItem\",\"position\":1,\"name\":\"In\u00edcio\",\"item\":\"https:\/\/dublagembrasileira.com.br\/\"},{\"@type\":\"ListItem\",\"position\":2,\"name\":\"Labirinto do Medo estreia na Netflix com dublagem da Som de Vera Cruz.\"}]},{\"@type\":\"WebSite\",\"@id\":\"https:\/\/dublagembrasileira.com.br\/#website\",\"url\":\"https:\/\/dublagembrasileira.com.br\/\",\"name\":\"DB - Dublagem Brasileira\",\"description\":\"O seu portal de dublagem.\",\"publisher\":{\"@id\":\"https:\/\/dublagembrasileira.com.br\/#organization\"},\"potentialAction\":[{\"@type\":\"SearchAction\",\"target\":{\"@type\":\"EntryPoint\",\"urlTemplate\":\"https:\/\/dublagembrasileira.com.br\/?s={search_term_string}\"},\"query-input\":{\"@type\":\"PropertyValueSpecification\",\"valueRequired\":true,\"valueName\":\"search_term_string\"}}],\"inLanguage\":\"pt-BR\"},{\"@type\":\"Organization\",\"@id\":\"https:\/\/dublagembrasileira.com.br\/#organization\",\"name\":\"DB - Dublagem Brasileira\",\"url\":\"https:\/\/dublagembrasileira.com.br\/\",\"logo\":{\"@type\":\"ImageObject\",\"inLanguage\":\"pt-BR\",\"@id\":\"https:\/\/dublagembrasileira.com.br\/#\/schema\/logo\/image\/\",\"url\":\"https:\/\/dublagembrasileira.com.br\/wp-content\/uploads\/2019\/07\/cropped-logotipodb.png\",\"contentUrl\":\"https:\/\/dublagembrasileira.com.br\/wp-content\/uploads\/2019\/07\/cropped-logotipodb.png\",\"width\":946,\"height\":589,\"caption\":\"DB - Dublagem Brasileira\"},\"image\":{\"@id\":\"https:\/\/dublagembrasileira.com.br\/#\/schema\/logo\/image\/\"}},{\"@type\":\"Person\",\"@id\":\"https:\/\/dublagembrasileira.com.br\/#\/schema\/person\/a75bac594c0e9a0b96508b7e124f20d1\",\"name\":\"Reda\u00e7\u00e3o\",\"image\":{\"@type\":\"ImageObject\",\"inLanguage\":\"pt-BR\",\"@id\":\"https:\/\/dublagembrasileira.com.br\/#\/schema\/person\/image\/\",\"url\":\"http:\/\/dublagembrasileira.com.br\/wp-content\/uploads\/2025\/06\/admin-96x96.jpg\",\"contentUrl\":\"http:\/\/dublagembrasileira.com.br\/wp-content\/uploads\/2025\/06\/admin-96x96.jpg\",\"caption\":\"Reda\u00e7\u00e3o\"},\"description\":\"Equipe do DB.\",\"sameAs\":[\"https:\/\/www.facebook.com\/dublagembrasileira\",\"https:\/\/www.instagram.com\/dbdublagembrasileira\",\"https:\/\/x.com\/dbdublagem\"],\"url\":\"https:\/\/dublagembrasileira.com.br\/?author=4\"}]}<\/script>\n<!-- \/ Yoast SEO plugin. -->","yoast_head_json":{"title":"Labirinto do Medo estreia na Netflix com dublagem da Som de Vera Cruz. | DB - Dublagem Brasileira","description":"Daniel M\u00fcller, Isabelle Riccart e Renan Freitas s\u00e3o os destaques da dublagem.","robots":{"index":"index","follow":"follow","max-snippet":"max-snippet:-1","max-image-preview":"max-image-preview:large","max-video-preview":"max-video-preview:-1"},"canonical":"https:\/\/dublagembrasileira.com.br\/?p=5196","og_locale":"pt_BR","og_type":"article","og_title":"Labirinto do Medo estreia na Netflix com dublagem da Som de Vera Cruz. | DB - Dublagem Brasileira","og_description":"Daniel M\u00fcller, Isabelle Riccart e Renan Freitas s\u00e3o os destaques da dublagem.","og_url":"https:\/\/dublagembrasileira.com.br\/?p=5196","og_site_name":"DB - Dublagem Brasileira","article_author":"https:\/\/www.facebook.com\/dublagembrasileira","article_published_time":"2021-04-17T11:31:35+00:00","article_modified_time":"2021-04-20T12:04:14+00:00","og_image":[{"width":650,"height":430,"url":"https:\/\/dublagembrasileira.com.br\/wp-content\/uploads\/2021\/04\/881987272a5c4cf180c5556619a5ccab.png","type":"image\/png"}],"author":"Reda\u00e7\u00e3o","twitter_card":"summary_large_image","twitter_creator":"@dbdublagem","twitter_misc":{"Escrito por":"Reda\u00e7\u00e3o","Est. tempo de leitura":"1 minuto"},"schema":{"@context":"https:\/\/schema.org","@graph":[{"@type":"Article","@id":"https:\/\/dublagembrasileira.com.br\/?p=5196#article","isPartOf":{"@id":"https:\/\/dublagembrasileira.com.br\/?p=5196"},"author":{"name":"Reda\u00e7\u00e3o","@id":"https:\/\/dublagembrasileira.com.br\/#\/schema\/person\/a75bac594c0e9a0b96508b7e124f20d1"},"headline":"Labirinto do Medo estreia na Netflix com dublagem da Som de Vera Cruz.","datePublished":"2021-04-17T11:31:35+00:00","dateModified":"2021-04-20T12:04:14+00:00","mainEntityOfPage":{"@id":"https:\/\/dublagembrasileira.com.br\/?p=5196"},"wordCount":284,"commentCount":0,"publisher":{"@id":"https:\/\/dublagembrasileira.com.br\/#organization"},"image":{"@id":"https:\/\/dublagembrasileira.com.br\/?p=5196#primaryimage"},"thumbnailUrl":"https:\/\/dublagembrasileira.com.br\/wp-content\/uploads\/2021\/04\/881987272a5c4cf180c5556619a5ccab.png","articleSection":["Not\u00edcias","S\u00e9ries","Streaming","Televis\u00e3o"],"inLanguage":"pt-BR","potentialAction":[{"@type":"CommentAction","name":"Comment","target":["https:\/\/dublagembrasileira.com.br\/?p=5196#respond"]}]},{"@type":"WebPage","@id":"https:\/\/dublagembrasileira.com.br\/?p=5196","url":"https:\/\/dublagembrasileira.com.br\/?p=5196","name":"Labirinto do Medo estreia na Netflix com dublagem da Som de Vera Cruz. | DB - Dublagem Brasileira","isPartOf":{"@id":"https:\/\/dublagembrasileira.com.br\/#website"},"primaryImageOfPage":{"@id":"https:\/\/dublagembrasileira.com.br\/?p=5196#primaryimage"},"image":{"@id":"https:\/\/dublagembrasileira.com.br\/?p=5196#primaryimage"},"thumbnailUrl":"https:\/\/dublagembrasileira.com.br\/wp-content\/uploads\/2021\/04\/881987272a5c4cf180c5556619a5ccab.png","datePublished":"2021-04-17T11:31:35+00:00","dateModified":"2021-04-20T12:04:14+00:00","description":"Daniel M\u00fcller, Isabelle Riccart e Renan Freitas s\u00e3o os destaques da dublagem.","breadcrumb":{"@id":"https:\/\/dublagembrasileira.com.br\/?p=5196#breadcrumb"},"inLanguage":"pt-BR","potentialAction":[{"@type":"ReadAction","target":["https:\/\/dublagembrasileira.com.br\/?p=5196"]}]},{"@type":"ImageObject","inLanguage":"pt-BR","@id":"https:\/\/dublagembrasileira.com.br\/?p=5196#primaryimage","url":"https:\/\/dublagembrasileira.com.br\/wp-content\/uploads\/2021\/04\/881987272a5c4cf180c5556619a5ccab.png","contentUrl":"https:\/\/dublagembrasileira.com.br\/wp-content\/uploads\/2021\/04\/881987272a5c4cf180c5556619a5ccab.png","width":650,"height":430},{"@type":"BreadcrumbList","@id":"https:\/\/dublagembrasileira.com.br\/?p=5196#breadcrumb","itemListElement":[{"@type":"ListItem","position":1,"name":"In\u00edcio","item":"https:\/\/dublagembrasileira.com.br\/"},{"@type":"ListItem","position":2,"name":"Labirinto do Medo estreia na Netflix com dublagem da Som de Vera Cruz."}]},{"@type":"WebSite","@id":"https:\/\/dublagembrasileira.com.br\/#website","url":"https:\/\/dublagembrasileira.com.br\/","name":"DB - Dublagem Brasileira","description":"O seu portal de dublagem.","publisher":{"@id":"https:\/\/dublagembrasileira.com.br\/#organization"},"potentialAction":[{"@type":"SearchAction","target":{"@type":"EntryPoint","urlTemplate":"https:\/\/dublagembrasileira.com.br\/?s={search_term_string}"},"query-input":{"@type":"PropertyValueSpecification","valueRequired":true,"valueName":"search_term_string"}}],"inLanguage":"pt-BR"},{"@type":"Organization","@id":"https:\/\/dublagembrasileira.com.br\/#organization","name":"DB - Dublagem Brasileira","url":"https:\/\/dublagembrasileira.com.br\/","logo":{"@type":"ImageObject","inLanguage":"pt-BR","@id":"https:\/\/dublagembrasileira.com.br\/#\/schema\/logo\/image\/","url":"https:\/\/dublagembrasileira.com.br\/wp-content\/uploads\/2019\/07\/cropped-logotipodb.png","contentUrl":"https:\/\/dublagembrasileira.com.br\/wp-content\/uploads\/2019\/07\/cropped-logotipodb.png","width":946,"height":589,"caption":"DB - Dublagem Brasileira"},"image":{"@id":"https:\/\/dublagembrasileira.com.br\/#\/schema\/logo\/image\/"}},{"@type":"Person","@id":"https:\/\/dublagembrasileira.com.br\/#\/schema\/person\/a75bac594c0e9a0b96508b7e124f20d1","name":"Reda\u00e7\u00e3o","image":{"@type":"ImageObject","inLanguage":"pt-BR","@id":"https:\/\/dublagembrasileira.com.br\/#\/schema\/person\/image\/","url":"http:\/\/dublagembrasileira.com.br\/wp-content\/uploads\/2025\/06\/admin-96x96.jpg","contentUrl":"http:\/\/dublagembrasileira.com.br\/wp-content\/uploads\/2025\/06\/admin-96x96.jpg","caption":"Reda\u00e7\u00e3o"},"description":"Equipe do DB.","sameAs":["https:\/\/www.facebook.com\/dublagembrasileira","https:\/\/www.instagram.com\/dbdublagembrasileira","https:\/\/x.com\/dbdublagem"],"url":"https:\/\/dublagembrasileira.com.br\/?author=4"}]}},"rttpg_featured_image_url":{"full":["https:\/\/dublagembrasileira.com.br\/wp-content\/uploads\/2021\/04\/881987272a5c4cf180c5556619a5ccab.png",650,430,false],"landscape":["https:\/\/dublagembrasileira.com.br\/wp-content\/uploads\/2021\/04\/881987272a5c4cf180c5556619a5ccab.png",650,430,false],"portraits":["https:\/\/dublagembrasileira.com.br\/wp-content\/uploads\/2021\/04\/881987272a5c4cf180c5556619a5ccab.png",650,430,false],"thumbnail":["https:\/\/dublagembrasileira.com.br\/wp-content\/uploads\/2021\/04\/881987272a5c4cf180c5556619a5ccab-150x150.png",150,150,true],"medium":["https:\/\/dublagembrasileira.com.br\/wp-content\/uploads\/2021\/04\/881987272a5c4cf180c5556619a5ccab-300x198.png",300,198,true],"large":["https:\/\/dublagembrasileira.com.br\/wp-content\/uploads\/2021\/04\/881987272a5c4cf180c5556619a5ccab.png",640,423,false],"1536x1536":["https:\/\/dublagembrasileira.com.br\/wp-content\/uploads\/2021\/04\/881987272a5c4cf180c5556619a5ccab.png",650,430,false],"2048x2048":["https:\/\/dublagembrasileira.com.br\/wp-content\/uploads\/2021\/04\/881987272a5c4cf180c5556619a5ccab.png",650,430,false],"eggnews-slider-large":["https:\/\/dublagembrasileira.com.br\/wp-content\/uploads\/2021\/04\/881987272a5c4cf180c5556619a5ccab.png",650,430,false],"eggnews-featured-medium":["https:\/\/dublagembrasileira.com.br\/wp-content\/uploads\/2021\/04\/881987272a5c4cf180c5556619a5ccab-420x307.png",420,307,true],"eggnews-featured-long":["https:\/\/dublagembrasileira.com.br\/wp-content\/uploads\/2021\/04\/881987272a5c4cf180c5556619a5ccab-300x430.png",300,430,true],"eggnews-block-medium":["https:\/\/dublagembrasileira.com.br\/wp-content\/uploads\/2021\/04\/881987272a5c4cf180c5556619a5ccab-464x290.png",464,290,true],"eggnews-carousel-image":["https:\/\/dublagembrasileira.com.br\/wp-content\/uploads\/2021\/04\/881987272a5c4cf180c5556619a5ccab-600x430.png",600,430,true],"eggnews-block-thumb":["https:\/\/dublagembrasileira.com.br\/wp-content\/uploads\/2021\/04\/881987272a5c4cf180c5556619a5ccab-322x230.png",322,230,true],"eggnews-single-large":["https:\/\/dublagembrasileira.com.br\/wp-content\/uploads\/2021\/04\/881987272a5c4cf180c5556619a5ccab.png",650,430,false],"crp_thumbnail":["https:\/\/dublagembrasileira.com.br\/wp-content\/uploads\/2021\/04\/881987272a5c4cf180c5556619a5ccab-150x150.png",150,150,true]},"rttpg_author":{"display_name":"Reda\u00e7\u00e3o","author_link":"https:\/\/dublagembrasileira.com.br\/?author=4"},"rttpg_comment":0,"rttpg_category":"<a href=\"https:\/\/dublagembrasileira.com.br\/?cat=13\" rel=\"category\">Not\u00edcias<\/a> <a href=\"https:\/\/dublagembrasileira.com.br\/?cat=3\" rel=\"category\">S\u00e9ries<\/a> <a href=\"https:\/\/dublagembrasileira.com.br\/?cat=158\" rel=\"category\">Streaming<\/a> <a href=\"https:\/\/dublagembrasileira.com.br\/?cat=8\" rel=\"category\">Televis\u00e3o<\/a>","rttpg_excerpt":"Daniel M\u00fcller, Isabelle Riccart e Renan Freitas s\u00e3o os destaques da dublagem. Amanh\u00e3 estreia na Netflix Labirinto do Medo (Dead Places), s\u00e9rie sul-africana com formato que faz lembrar obras da TV brit\u00e2nica como Doctor Who, Torchwood e Shadow. A cria\u00e7\u00e3o \u00e9 de Gareth Crocker. A dublagem foi realizada pela Som de Vera Cruz com a&hellip;","_links":{"self":[{"href":"https:\/\/dublagembrasileira.com.br\/index.php?rest_route=\/wp\/v2\/posts\/5196","targetHints":{"allow":["GET"]}}],"collection":[{"href":"https:\/\/dublagembrasileira.com.br\/index.php?rest_route=\/wp\/v2\/posts"}],"about":[{"href":"https:\/\/dublagembrasileira.com.br\/index.php?rest_route=\/wp\/v2\/types\/post"}],"author":[{"embeddable":true,"href":"https:\/\/dublagembrasileira.com.br\/index.php?rest_route=\/wp\/v2\/users\/4"}],"replies":[{"embeddable":true,"href":"https:\/\/dublagembrasileira.com.br\/index.php?rest_route=%2Fwp%2Fv2%2Fcomments&post=5196"}],"version-history":[{"count":3,"href":"https:\/\/dublagembrasileira.com.br\/index.php?rest_route=\/wp\/v2\/posts\/5196\/revisions"}],"predecessor-version":[{"id":5200,"href":"https:\/\/dublagembrasileira.com.br\/index.php?rest_route=\/wp\/v2\/posts\/5196\/revisions\/5200"}],"wp:featuredmedia":[{"embeddable":true,"href":"https:\/\/dublagembrasileira.com.br\/index.php?rest_route=\/wp\/v2\/media\/5197"}],"wp:attachment":[{"href":"https:\/\/dublagembrasileira.com.br\/index.php?rest_route=%2Fwp%2Fv2%2Fmedia&parent=5196"}],"wp:term":[{"taxonomy":"category","embeddable":true,"href":"https:\/\/dublagembrasileira.com.br\/index.php?rest_route=%2Fwp%2Fv2%2Fcategories&post=5196"},{"taxonomy":"post_tag","embeddable":true,"href":"https:\/\/dublagembrasileira.com.br\/index.php?rest_route=%2Fwp%2Fv2%2Ftags&post=5196"}],"curies":[{"name":"wp","href":"https:\/\/api.w.org\/{rel}","templated":true}]}}