{"id":5149,"date":"2021-04-14T18:44:27","date_gmt":"2021-04-14T18:44:27","guid":{"rendered":"http:\/\/dublagembrasileira.com.br\/?p=5149"},"modified":"2021-04-20T17:36:08","modified_gmt":"2021-04-20T17:36:08","slug":"ana-lucia-menezes-voz-da-atriz-maite-perroni-no-brasil-e-internada-as-pressas","status":"publish","type":"post","link":"https:\/\/dublagembrasileira.com.br\/?p=5149","title":{"rendered":"Ana L\u00facia Menezes, voz da atriz Maite Perroni no Brasil, \u00e9 internada \u00e0s pressas."},"content":{"rendered":"<div class=\"elementor-element elementor-element-50a6c57 elementor-widget elementor-widget-text-editor\" data-id=\"50a6c57\" data-element_type=\"widget\" data-widget_type=\"text-editor.default\">\n<div class=\"elementor-widget-container\">\n<div class=\"elementor-text-editor elementor-clearfix\">\n<h4 style=\"text-align: justify;\"><em>A dubladora de 46 anos, foi internada ontem no Rio ap\u00f3s desmaio.<br \/>\n<\/em><\/h4>\n<\/div>\n<\/div>\n<\/div>\n<div class=\"elementor-element elementor-element-2cb4c96 elementor-widget elementor-widget-divider\" style=\"text-align: justify;\" data-id=\"2cb4c96\" data-element_type=\"widget\" data-widget_type=\"divider.default\">\n<div class=\"elementor-widget-container\"><\/div>\n<\/div>\n<hr \/>\n<p style=\"text-align: justify;\">Depois de sentir uma dor muito forte na cabe\u00e7a, Ana acabou desmaiando e tendo uma <span class=\"aCOpRe\"> crise convulsiva<\/span><strong>. <\/strong>Levada ao hospital com suspeita de<span class=\"u9DLmf\" role=\"heading\" aria-level=\"1\"> derrame cerebral<\/span> ou infarto, foram detectados co\u00e1gulos na cabe\u00e7a, provenientes de algumas art\u00e9rias rompidas.<\/p>\n<p style=\"text-align: justify;\">Menezes passar\u00e1 por um procedimento cir\u00fargico no pr\u00f3ximo domingo \u00e0s 19h com a finalidade de retirar o sangue acumulado no local.<\/p>\n<p style=\"text-align: justify;\"><b>Ana L\u00facia <\/b>al\u00e9m de acumular as fun\u00e7\u00f5es de atriz, dubladora e diretora de dublagem, \u00e9 conhecida por ter feito a voz da Lupita (<strong>Rebeldes<\/strong>), Po (<strong>Teletubbies<\/strong>), Dino Trov\u00e3o Amarela\u00a0 (<strong>Power Rangers Dino Trov\u00e3o<\/strong>), Chihiro (<strong>A Viagem de Chihiro<\/strong>), Dulce Maria (<strong>Carinha de Anjo<\/strong>, vers\u00e3o mexicana), entre outros trabalhos igualmente importantes.<\/p>\n<p style=\"text-align: justify;\">Foi indicada duas vezes ao Pr\u00eamio Yamato, considerado o Oscar da dublagem brasileira. Em 2004, como Melhor Dubladora (<strong>Chihiro \u2013 A Viagem de Chihiro<\/strong>) e Melhor Dubladora Coadjuvante em 2005 (<strong>Koto \u2013 Yu Yu Hakusho<\/strong>).<sup id=\"cite_ref-yamato.2005_2-0\" class=\"reference\"><\/sup> Em 2010, recebeu o Pr\u00eamio Yamato de Melhor Dubladora de Anime, como a Misa Amane, de <strong>Death Note<\/strong>.<\/p>\n<p>&nbsp;<\/p>\n","protected":false},"excerpt":{"rendered":"<p>A dubladora de 46 anos, foi internada ontem no Rio ap\u00f3s desmaio. Depois de sentir uma dor muito forte na cabe\u00e7a, Ana acabou desmaiando e tendo uma crise convulsiva. Levada ao hospital com suspeita de derrame cerebral ou infarto, foram detectados co\u00e1gulos na cabe\u00e7a, provenientes de algumas art\u00e9rias rompidas. Menezes passar\u00e1 por um procedimento cir\u00fargico no pr\u00f3ximo domingo \u00e0s 19h com a finalidade de retirar o sangue acumulado no local. Ana L\u00facia al\u00e9m de acumular as fun\u00e7\u00f5es de atriz, dubladora e diretora de dublagem, \u00e9 conhecida por ter feito a voz da Lupita (Rebeldes), Po (Teletubbies), Dino Trov\u00e3o Amarela\u00a0 (Power Rangers Dino Trov\u00e3o), Chihiro (A Viagem de Chihiro), Dulce Maria (Carinha de Anjo, vers\u00e3o mexicana), entre outros trabalhos igualmente importantes. Foi indicada duas vezes ao Pr\u00eamio Yamato, considerado o Oscar da dublagem brasileira. Em 2004, como Melhor Dubladora (Chihiro \u2013 A Viagem de Chihiro) e Melhor Dubladora Coadjuvante em 2005 (Koto \u2013 Yu Yu Hakusho). Em 2010, recebeu o Pr\u00eamio Yamato de Melhor Dubladora de Anime, como a Misa Amane, de Death Note. &nbsp;<\/p>\n","protected":false},"author":4,"featured_media":5150,"comment_status":"open","ping_status":"open","sticky":false,"template":"","format":"standard","meta":{"_monsterinsights_skip_tracking":false,"_monsterinsights_sitenote_active":false,"_monsterinsights_sitenote_note":"","_monsterinsights_sitenote_category":0,"footnotes":""},"categories":[13,22],"tags":[34,71],"class_list":["post-5149","post","type-post","status-publish","format-standard","has-post-thumbnail","hentry","category-noticias","category-vida-real","tag-dubladora","tag-vida-real"],"yoast_head":"<!-- This site is optimized with the Yoast SEO plugin v26.1.1 - https:\/\/yoast.com\/wordpress\/plugins\/seo\/ -->\n<title>Ana L\u00facia Menezes, voz da atriz Maite Perroni no Brasil, \u00e9 internada \u00e0s pressas. | DB - Dublagem Brasileira<\/title>\n<meta name=\"description\" content=\"A dubladora de 34 anos, foi internada ontem no Rio ap\u00f3s desmaio.\" \/>\n<meta name=\"robots\" content=\"index, follow, max-snippet:-1, max-image-preview:large, max-video-preview:-1\" \/>\n<link rel=\"canonical\" href=\"https:\/\/dublagembrasileira.com.br\/?p=5149\" \/>\n<meta property=\"og:locale\" content=\"pt_BR\" \/>\n<meta property=\"og:type\" content=\"article\" \/>\n<meta property=\"og:title\" content=\"Ana L\u00facia Menezes, voz da atriz Maite Perroni no Brasil, \u00e9 internada \u00e0s pressas. | DB - Dublagem Brasileira\" \/>\n<meta property=\"og:description\" content=\"A dubladora de 34 anos, foi internada ontem no Rio ap\u00f3s desmaio.\" \/>\n<meta property=\"og:url\" content=\"https:\/\/dublagembrasileira.com.br\/?p=5149\" \/>\n<meta property=\"og:site_name\" content=\"DB - Dublagem Brasileira\" \/>\n<meta property=\"article:author\" content=\"https:\/\/www.facebook.com\/dublagembrasileira\" \/>\n<meta property=\"article:published_time\" content=\"2021-04-14T18:44:27+00:00\" \/>\n<meta property=\"article:modified_time\" content=\"2021-04-20T17:36:08+00:00\" \/>\n<meta property=\"og:image\" content=\"https:\/\/dublagembrasileira.com.br\/wp-content\/uploads\/2021\/04\/analuciamenezes.jpg\" \/>\n\t<meta property=\"og:image:width\" content=\"600\" \/>\n\t<meta property=\"og:image:height\" content=\"422\" \/>\n\t<meta property=\"og:image:type\" content=\"image\/jpeg\" \/>\n<meta name=\"author\" content=\"Reda\u00e7\u00e3o\" \/>\n<meta name=\"twitter:card\" content=\"summary_large_image\" \/>\n<meta name=\"twitter:creator\" content=\"@dbdublagem\" \/>\n<meta name=\"twitter:label1\" content=\"Escrito por\" \/>\n\t<meta name=\"twitter:data1\" content=\"Reda\u00e7\u00e3o\" \/>\n\t<meta name=\"twitter:label2\" content=\"Est. tempo de leitura\" \/>\n\t<meta name=\"twitter:data2\" content=\"1 minuto\" \/>\n<script type=\"application\/ld+json\" class=\"yoast-schema-graph\">{\"@context\":\"https:\/\/schema.org\",\"@graph\":[{\"@type\":\"Article\",\"@id\":\"https:\/\/dublagembrasileira.com.br\/?p=5149#article\",\"isPartOf\":{\"@id\":\"https:\/\/dublagembrasileira.com.br\/?p=5149\"},\"author\":{\"name\":\"Reda\u00e7\u00e3o\",\"@id\":\"https:\/\/dublagembrasileira.com.br\/#\/schema\/person\/a75bac594c0e9a0b96508b7e124f20d1\"},\"headline\":\"Ana L\u00facia Menezes, voz da atriz Maite Perroni no Brasil, \u00e9 internada \u00e0s pressas.\",\"datePublished\":\"2021-04-14T18:44:27+00:00\",\"dateModified\":\"2021-04-20T17:36:08+00:00\",\"mainEntityOfPage\":{\"@id\":\"https:\/\/dublagembrasileira.com.br\/?p=5149\"},\"wordCount\":196,\"commentCount\":0,\"publisher\":{\"@id\":\"https:\/\/dublagembrasileira.com.br\/#organization\"},\"image\":{\"@id\":\"https:\/\/dublagembrasileira.com.br\/?p=5149#primaryimage\"},\"thumbnailUrl\":\"https:\/\/dublagembrasileira.com.br\/wp-content\/uploads\/2021\/04\/analuciamenezes.jpg\",\"keywords\":[\"dubladora\",\"vida real\"],\"articleSection\":[\"Not\u00edcias\",\"Vida Real\"],\"inLanguage\":\"pt-BR\",\"potentialAction\":[{\"@type\":\"CommentAction\",\"name\":\"Comment\",\"target\":[\"https:\/\/dublagembrasileira.com.br\/?p=5149#respond\"]}]},{\"@type\":\"WebPage\",\"@id\":\"https:\/\/dublagembrasileira.com.br\/?p=5149\",\"url\":\"https:\/\/dublagembrasileira.com.br\/?p=5149\",\"name\":\"Ana L\u00facia Menezes, voz da atriz Maite Perroni no Brasil, \u00e9 internada \u00e0s pressas. | DB - Dublagem Brasileira\",\"isPartOf\":{\"@id\":\"https:\/\/dublagembrasileira.com.br\/#website\"},\"primaryImageOfPage\":{\"@id\":\"https:\/\/dublagembrasileira.com.br\/?p=5149#primaryimage\"},\"image\":{\"@id\":\"https:\/\/dublagembrasileira.com.br\/?p=5149#primaryimage\"},\"thumbnailUrl\":\"https:\/\/dublagembrasileira.com.br\/wp-content\/uploads\/2021\/04\/analuciamenezes.jpg\",\"datePublished\":\"2021-04-14T18:44:27+00:00\",\"dateModified\":\"2021-04-20T17:36:08+00:00\",\"description\":\"A dubladora de 34 anos, foi internada ontem no Rio ap\u00f3s desmaio.\",\"breadcrumb\":{\"@id\":\"https:\/\/dublagembrasileira.com.br\/?p=5149#breadcrumb\"},\"inLanguage\":\"pt-BR\",\"potentialAction\":[{\"@type\":\"ReadAction\",\"target\":[\"https:\/\/dublagembrasileira.com.br\/?p=5149\"]}]},{\"@type\":\"ImageObject\",\"inLanguage\":\"pt-BR\",\"@id\":\"https:\/\/dublagembrasileira.com.br\/?p=5149#primaryimage\",\"url\":\"https:\/\/dublagembrasileira.com.br\/wp-content\/uploads\/2021\/04\/analuciamenezes.jpg\",\"contentUrl\":\"https:\/\/dublagembrasileira.com.br\/wp-content\/uploads\/2021\/04\/analuciamenezes.jpg\",\"width\":600,\"height\":422},{\"@type\":\"BreadcrumbList\",\"@id\":\"https:\/\/dublagembrasileira.com.br\/?p=5149#breadcrumb\",\"itemListElement\":[{\"@type\":\"ListItem\",\"position\":1,\"name\":\"In\u00edcio\",\"item\":\"https:\/\/dublagembrasileira.com.br\/\"},{\"@type\":\"ListItem\",\"position\":2,\"name\":\"Ana L\u00facia Menezes, voz da atriz Maite Perroni no Brasil, \u00e9 internada \u00e0s pressas.\"}]},{\"@type\":\"WebSite\",\"@id\":\"https:\/\/dublagembrasileira.com.br\/#website\",\"url\":\"https:\/\/dublagembrasileira.com.br\/\",\"name\":\"DB - Dublagem Brasileira\",\"description\":\"O seu portal de dublagem.\",\"publisher\":{\"@id\":\"https:\/\/dublagembrasileira.com.br\/#organization\"},\"potentialAction\":[{\"@type\":\"SearchAction\",\"target\":{\"@type\":\"EntryPoint\",\"urlTemplate\":\"https:\/\/dublagembrasileira.com.br\/?s={search_term_string}\"},\"query-input\":{\"@type\":\"PropertyValueSpecification\",\"valueRequired\":true,\"valueName\":\"search_term_string\"}}],\"inLanguage\":\"pt-BR\"},{\"@type\":\"Organization\",\"@id\":\"https:\/\/dublagembrasileira.com.br\/#organization\",\"name\":\"DB - Dublagem Brasileira\",\"url\":\"https:\/\/dublagembrasileira.com.br\/\",\"logo\":{\"@type\":\"ImageObject\",\"inLanguage\":\"pt-BR\",\"@id\":\"https:\/\/dublagembrasileira.com.br\/#\/schema\/logo\/image\/\",\"url\":\"https:\/\/dublagembrasileira.com.br\/wp-content\/uploads\/2019\/07\/cropped-logotipodb.png\",\"contentUrl\":\"https:\/\/dublagembrasileira.com.br\/wp-content\/uploads\/2019\/07\/cropped-logotipodb.png\",\"width\":946,\"height\":589,\"caption\":\"DB - Dublagem Brasileira\"},\"image\":{\"@id\":\"https:\/\/dublagembrasileira.com.br\/#\/schema\/logo\/image\/\"}},{\"@type\":\"Person\",\"@id\":\"https:\/\/dublagembrasileira.com.br\/#\/schema\/person\/a75bac594c0e9a0b96508b7e124f20d1\",\"name\":\"Reda\u00e7\u00e3o\",\"image\":{\"@type\":\"ImageObject\",\"inLanguage\":\"pt-BR\",\"@id\":\"https:\/\/dublagembrasileira.com.br\/#\/schema\/person\/image\/\",\"url\":\"http:\/\/dublagembrasileira.com.br\/wp-content\/uploads\/2025\/06\/admin-96x96.jpg\",\"contentUrl\":\"http:\/\/dublagembrasileira.com.br\/wp-content\/uploads\/2025\/06\/admin-96x96.jpg\",\"caption\":\"Reda\u00e7\u00e3o\"},\"description\":\"Equipe do DB.\",\"sameAs\":[\"https:\/\/www.facebook.com\/dublagembrasileira\",\"https:\/\/www.instagram.com\/dbdublagembrasileira\",\"https:\/\/x.com\/dbdublagem\"],\"url\":\"https:\/\/dublagembrasileira.com.br\/?author=4\"}]}<\/script>\n<!-- \/ Yoast SEO plugin. -->","yoast_head_json":{"title":"Ana L\u00facia Menezes, voz da atriz Maite Perroni no Brasil, \u00e9 internada \u00e0s pressas. | DB - Dublagem Brasileira","description":"A dubladora de 34 anos, foi internada ontem no Rio ap\u00f3s desmaio.","robots":{"index":"index","follow":"follow","max-snippet":"max-snippet:-1","max-image-preview":"max-image-preview:large","max-video-preview":"max-video-preview:-1"},"canonical":"https:\/\/dublagembrasileira.com.br\/?p=5149","og_locale":"pt_BR","og_type":"article","og_title":"Ana L\u00facia Menezes, voz da atriz Maite Perroni no Brasil, \u00e9 internada \u00e0s pressas. | DB - Dublagem Brasileira","og_description":"A dubladora de 34 anos, foi internada ontem no Rio ap\u00f3s desmaio.","og_url":"https:\/\/dublagembrasileira.com.br\/?p=5149","og_site_name":"DB - Dublagem Brasileira","article_author":"https:\/\/www.facebook.com\/dublagembrasileira","article_published_time":"2021-04-14T18:44:27+00:00","article_modified_time":"2021-04-20T17:36:08+00:00","og_image":[{"width":600,"height":422,"url":"https:\/\/dublagembrasileira.com.br\/wp-content\/uploads\/2021\/04\/analuciamenezes.jpg","type":"image\/jpeg"}],"author":"Reda\u00e7\u00e3o","twitter_card":"summary_large_image","twitter_creator":"@dbdublagem","twitter_misc":{"Escrito por":"Reda\u00e7\u00e3o","Est. tempo de leitura":"1 minuto"},"schema":{"@context":"https:\/\/schema.org","@graph":[{"@type":"Article","@id":"https:\/\/dublagembrasileira.com.br\/?p=5149#article","isPartOf":{"@id":"https:\/\/dublagembrasileira.com.br\/?p=5149"},"author":{"name":"Reda\u00e7\u00e3o","@id":"https:\/\/dublagembrasileira.com.br\/#\/schema\/person\/a75bac594c0e9a0b96508b7e124f20d1"},"headline":"Ana L\u00facia Menezes, voz da atriz Maite Perroni no Brasil, \u00e9 internada \u00e0s pressas.","datePublished":"2021-04-14T18:44:27+00:00","dateModified":"2021-04-20T17:36:08+00:00","mainEntityOfPage":{"@id":"https:\/\/dublagembrasileira.com.br\/?p=5149"},"wordCount":196,"commentCount":0,"publisher":{"@id":"https:\/\/dublagembrasileira.com.br\/#organization"},"image":{"@id":"https:\/\/dublagembrasileira.com.br\/?p=5149#primaryimage"},"thumbnailUrl":"https:\/\/dublagembrasileira.com.br\/wp-content\/uploads\/2021\/04\/analuciamenezes.jpg","keywords":["dubladora","vida real"],"articleSection":["Not\u00edcias","Vida Real"],"inLanguage":"pt-BR","potentialAction":[{"@type":"CommentAction","name":"Comment","target":["https:\/\/dublagembrasileira.com.br\/?p=5149#respond"]}]},{"@type":"WebPage","@id":"https:\/\/dublagembrasileira.com.br\/?p=5149","url":"https:\/\/dublagembrasileira.com.br\/?p=5149","name":"Ana L\u00facia Menezes, voz da atriz Maite Perroni no Brasil, \u00e9 internada \u00e0s pressas. | DB - Dublagem Brasileira","isPartOf":{"@id":"https:\/\/dublagembrasileira.com.br\/#website"},"primaryImageOfPage":{"@id":"https:\/\/dublagembrasileira.com.br\/?p=5149#primaryimage"},"image":{"@id":"https:\/\/dublagembrasileira.com.br\/?p=5149#primaryimage"},"thumbnailUrl":"https:\/\/dublagembrasileira.com.br\/wp-content\/uploads\/2021\/04\/analuciamenezes.jpg","datePublished":"2021-04-14T18:44:27+00:00","dateModified":"2021-04-20T17:36:08+00:00","description":"A dubladora de 34 anos, foi internada ontem no Rio ap\u00f3s desmaio.","breadcrumb":{"@id":"https:\/\/dublagembrasileira.com.br\/?p=5149#breadcrumb"},"inLanguage":"pt-BR","potentialAction":[{"@type":"ReadAction","target":["https:\/\/dublagembrasileira.com.br\/?p=5149"]}]},{"@type":"ImageObject","inLanguage":"pt-BR","@id":"https:\/\/dublagembrasileira.com.br\/?p=5149#primaryimage","url":"https:\/\/dublagembrasileira.com.br\/wp-content\/uploads\/2021\/04\/analuciamenezes.jpg","contentUrl":"https:\/\/dublagembrasileira.com.br\/wp-content\/uploads\/2021\/04\/analuciamenezes.jpg","width":600,"height":422},{"@type":"BreadcrumbList","@id":"https:\/\/dublagembrasileira.com.br\/?p=5149#breadcrumb","itemListElement":[{"@type":"ListItem","position":1,"name":"In\u00edcio","item":"https:\/\/dublagembrasileira.com.br\/"},{"@type":"ListItem","position":2,"name":"Ana L\u00facia Menezes, voz da atriz Maite Perroni no Brasil, \u00e9 internada \u00e0s pressas."}]},{"@type":"WebSite","@id":"https:\/\/dublagembrasileira.com.br\/#website","url":"https:\/\/dublagembrasileira.com.br\/","name":"DB - Dublagem Brasileira","description":"O seu portal de dublagem.","publisher":{"@id":"https:\/\/dublagembrasileira.com.br\/#organization"},"potentialAction":[{"@type":"SearchAction","target":{"@type":"EntryPoint","urlTemplate":"https:\/\/dublagembrasileira.com.br\/?s={search_term_string}"},"query-input":{"@type":"PropertyValueSpecification","valueRequired":true,"valueName":"search_term_string"}}],"inLanguage":"pt-BR"},{"@type":"Organization","@id":"https:\/\/dublagembrasileira.com.br\/#organization","name":"DB - Dublagem Brasileira","url":"https:\/\/dublagembrasileira.com.br\/","logo":{"@type":"ImageObject","inLanguage":"pt-BR","@id":"https:\/\/dublagembrasileira.com.br\/#\/schema\/logo\/image\/","url":"https:\/\/dublagembrasileira.com.br\/wp-content\/uploads\/2019\/07\/cropped-logotipodb.png","contentUrl":"https:\/\/dublagembrasileira.com.br\/wp-content\/uploads\/2019\/07\/cropped-logotipodb.png","width":946,"height":589,"caption":"DB - Dublagem Brasileira"},"image":{"@id":"https:\/\/dublagembrasileira.com.br\/#\/schema\/logo\/image\/"}},{"@type":"Person","@id":"https:\/\/dublagembrasileira.com.br\/#\/schema\/person\/a75bac594c0e9a0b96508b7e124f20d1","name":"Reda\u00e7\u00e3o","image":{"@type":"ImageObject","inLanguage":"pt-BR","@id":"https:\/\/dublagembrasileira.com.br\/#\/schema\/person\/image\/","url":"http:\/\/dublagembrasileira.com.br\/wp-content\/uploads\/2025\/06\/admin-96x96.jpg","contentUrl":"http:\/\/dublagembrasileira.com.br\/wp-content\/uploads\/2025\/06\/admin-96x96.jpg","caption":"Reda\u00e7\u00e3o"},"description":"Equipe do DB.","sameAs":["https:\/\/www.facebook.com\/dublagembrasileira","https:\/\/www.instagram.com\/dbdublagembrasileira","https:\/\/x.com\/dbdublagem"],"url":"https:\/\/dublagembrasileira.com.br\/?author=4"}]}},"rttpg_featured_image_url":{"full":["https:\/\/dublagembrasileira.com.br\/wp-content\/uploads\/2021\/04\/analuciamenezes.jpg",600,422,false],"landscape":["https:\/\/dublagembrasileira.com.br\/wp-content\/uploads\/2021\/04\/analuciamenezes.jpg",600,422,false],"portraits":["https:\/\/dublagembrasileira.com.br\/wp-content\/uploads\/2021\/04\/analuciamenezes.jpg",600,422,false],"thumbnail":["https:\/\/dublagembrasileira.com.br\/wp-content\/uploads\/2021\/04\/analuciamenezes-150x150.jpg",150,150,true],"medium":["https:\/\/dublagembrasileira.com.br\/wp-content\/uploads\/2021\/04\/analuciamenezes-300x211.jpg",300,211,true],"large":["https:\/\/dublagembrasileira.com.br\/wp-content\/uploads\/2021\/04\/analuciamenezes.jpg",600,422,false],"1536x1536":["https:\/\/dublagembrasileira.com.br\/wp-content\/uploads\/2021\/04\/analuciamenezes.jpg",600,422,false],"2048x2048":["https:\/\/dublagembrasileira.com.br\/wp-content\/uploads\/2021\/04\/analuciamenezes.jpg",600,422,false],"eggnews-slider-large":["https:\/\/dublagembrasileira.com.br\/wp-content\/uploads\/2021\/04\/analuciamenezes.jpg",600,422,false],"eggnews-featured-medium":["https:\/\/dublagembrasileira.com.br\/wp-content\/uploads\/2021\/04\/analuciamenezes-420x307.jpg",420,307,true],"eggnews-featured-long":["https:\/\/dublagembrasileira.com.br\/wp-content\/uploads\/2021\/04\/analuciamenezes-300x422.jpg",300,422,true],"eggnews-block-medium":["https:\/\/dublagembrasileira.com.br\/wp-content\/uploads\/2021\/04\/analuciamenezes-464x290.jpg",464,290,true],"eggnews-carousel-image":["https:\/\/dublagembrasileira.com.br\/wp-content\/uploads\/2021\/04\/analuciamenezes.jpg",600,422,false],"eggnews-block-thumb":["https:\/\/dublagembrasileira.com.br\/wp-content\/uploads\/2021\/04\/analuciamenezes-322x230.jpg",322,230,true],"eggnews-single-large":["https:\/\/dublagembrasileira.com.br\/wp-content\/uploads\/2021\/04\/analuciamenezes.jpg",600,422,false],"crp_thumbnail":["https:\/\/dublagembrasileira.com.br\/wp-content\/uploads\/2021\/04\/analuciamenezes-150x150.jpg",150,150,true]},"rttpg_author":{"display_name":"Reda\u00e7\u00e3o","author_link":"https:\/\/dublagembrasileira.com.br\/?author=4"},"rttpg_comment":0,"rttpg_category":"<a href=\"https:\/\/dublagembrasileira.com.br\/?cat=13\" rel=\"category\">Not\u00edcias<\/a> <a href=\"https:\/\/dublagembrasileira.com.br\/?cat=22\" rel=\"category\">Vida Real<\/a>","rttpg_excerpt":"A dubladora de 46 anos, foi internada ontem no Rio ap\u00f3s desmaio. Depois de sentir uma dor muito forte na cabe\u00e7a, Ana acabou desmaiando e tendo uma crise convulsiva. Levada ao hospital com suspeita de derrame cerebral ou infarto, foram detectados co\u00e1gulos na cabe\u00e7a, provenientes de algumas art\u00e9rias rompidas. Menezes passar\u00e1 por um procedimento cir\u00fargico&hellip;","_links":{"self":[{"href":"https:\/\/dublagembrasileira.com.br\/index.php?rest_route=\/wp\/v2\/posts\/5149","targetHints":{"allow":["GET"]}}],"collection":[{"href":"https:\/\/dublagembrasileira.com.br\/index.php?rest_route=\/wp\/v2\/posts"}],"about":[{"href":"https:\/\/dublagembrasileira.com.br\/index.php?rest_route=\/wp\/v2\/types\/post"}],"author":[{"embeddable":true,"href":"https:\/\/dublagembrasileira.com.br\/index.php?rest_route=\/wp\/v2\/users\/4"}],"replies":[{"embeddable":true,"href":"https:\/\/dublagembrasileira.com.br\/index.php?rest_route=%2Fwp%2Fv2%2Fcomments&post=5149"}],"version-history":[{"count":5,"href":"https:\/\/dublagembrasileira.com.br\/index.php?rest_route=\/wp\/v2\/posts\/5149\/revisions"}],"predecessor-version":[{"id":5226,"href":"https:\/\/dublagembrasileira.com.br\/index.php?rest_route=\/wp\/v2\/posts\/5149\/revisions\/5226"}],"wp:featuredmedia":[{"embeddable":true,"href":"https:\/\/dublagembrasileira.com.br\/index.php?rest_route=\/wp\/v2\/media\/5150"}],"wp:attachment":[{"href":"https:\/\/dublagembrasileira.com.br\/index.php?rest_route=%2Fwp%2Fv2%2Fmedia&parent=5149"}],"wp:term":[{"taxonomy":"category","embeddable":true,"href":"https:\/\/dublagembrasileira.com.br\/index.php?rest_route=%2Fwp%2Fv2%2Fcategories&post=5149"},{"taxonomy":"post_tag","embeddable":true,"href":"https:\/\/dublagembrasileira.com.br\/index.php?rest_route=%2Fwp%2Fv2%2Ftags&post=5149"}],"curies":[{"name":"wp","href":"https:\/\/api.w.org\/{rel}","templated":true}]}}