{"id":4916,"date":"2020-08-01T18:44:06","date_gmt":"2020-08-01T18:44:06","guid":{"rendered":"http:\/\/dublagembrasileira.com.br\/?p=4916"},"modified":"2021-04-06T19:11:19","modified_gmt":"2021-04-06T19:11:19","slug":"projeto-alo-quem-fala-pretende-arrecadar-dinheiro-para-o-setor-de-dublagem","status":"publish","type":"post","link":"https:\/\/dublagembrasileira.com.br\/?p=4916","title":{"rendered":"Projeto \u201cAl\u00f4, Quem Fala?\u201d pretende arrecadar dinheiro para o setor de dublagem."},"content":{"rendered":"<div>\n<h4><em>F\u00e3s podem entrar em contato com seus dubladores favoritos por meio de doa\u00e7\u00f5es.<\/em><\/h4>\n<hr \/>\n<p style=\"text-align: justify;\">Durante o isolamento social o mercado da dublagem vem sendo fortemente afetado, pois in\u00fameros trabalhos foram paralisados. Em um levantamento feito, 72,3% dos dubladores se consideram do grupo de risco ou vivem com algu\u00e9m que seja.<\/p>\n<p style=\"text-align: justify;\">A maioria dos artistas e te\u0301cnicos na\u0303o conseguiram a ajuda do aux\u00edlio emergencial e mesmo com a nova perspectiva do home studio, muitos na\u0303o t\u00eam condic\u0327o\u0303es financeiras para adquirir o equipamento mi\u0301nimo necess\u00e1rio para atender essa demanda.<\/p>\n<p style=\"text-align: justify;\">Dessa forma, ap\u00f3s a assembleia virtual para adotar o <em>home studio, <\/em>uma Comiss\u00e3o de Gerenciamento de Solu\u00e7\u00f5es foi criada para dar todo tipo de suporte aos profissionais t\u00e9cnicos e artistas. Essa comiss\u00e3o criou o projeto <a href=\"https:\/\/www.instagram.com\/projetoalo\/\"><strong><em>Al\u00f4, Quem Fala?<\/em><\/strong><\/a>, por meio do qual f\u00e3s podem entrar em contato com seus dubladores favoritos por meio de doa\u00e7\u00f5es. O intuito do projeto \u00e9 arrecadar doac\u0327o\u0303es para a criac\u0327a\u0303o de um fundo de auxilio emergencial para dubladores, te\u0301cnicos e poss\u00edveis colaboradores que atuam no mercado.<\/p>\n<p style=\"text-align: justify;\">O projeto estima que se chegar a R$15.000,00, conseguir\u00e1 pagar contas de necessidades b\u00e1sicas, alugueis e comprar cestas b\u00e1sicas, al\u00e9m de montar 4 Home Studios para pessoas do grupo de risco.<\/p>\n<p style=\"text-align: justify;\">O <a href=\"https:\/\/www.instagram.com\/projetoalo\/\"><strong><em>Al\u00f4, Quem Fala?<\/em><\/strong><\/a> est\u00e1 no ar pelo <a href=\"https:\/\/www.catarse.me\/alo_quem_fala_f374\"><strong>Catarse<\/strong><\/a> e j\u00e1 \u00e9 poss\u00edvel doar 20 reais. A companha fica aberta at\u00e9 o dia 18 de agosto e as recompensas v\u00e3o desde \u00e1udio personalizado at\u00e9 uma liga\u00e7\u00e3o do dublador escolhido no seu telefone.<\/p>\n<p><div class=\"ose-youtube ose-uid-f03d09103d3412a16fa45a6119f36706 ose-embedpress-responsive\" style=\"width:600px; height:550px; max-height:550px; max-width:100%; display:inline-block;\" data-embed-type=\"Youtube\"><iframe allowFullScreen=\"true\" title=\"Al\u00f4, quem fala?\" width=\"600\" height=\"550\" data-src=\"https:\/\/www.youtube.com\/embed\/PRVePNmTe9I?feature=oembed&color=red&rel=0&controls=1&start=&end=&fs=0&iv_load_policy=0&autoplay=0&mute=0&modestbranding=0&cc_load_policy=1&playsinline=1\" frameborder=\"0\" allow=\"accelerometer; encrypted-media;accelerometer;autoplay;clipboard-write;gyroscope;picture-in-picture clipboard-write; encrypted-media; gyroscope; picture-in-picture; web-share\" referrerpolicy=\"strict-origin-when-cross-origin\" allowfullscreen src=\"data:image\/svg+xml;base64,PHN2ZyB3aWR0aD0iMSIgaGVpZ2h0PSIxIiB4bWxucz0iaHR0cDovL3d3dy53My5vcmcvMjAwMC9zdmciPjwvc3ZnPg==\" class=\"lazyload\" data-load-mode=\"1\"><\/iframe><\/div><\/p>\n<\/div>\n","protected":false},"excerpt":{"rendered":"<p>F\u00e3s podem entrar em contato com seus dubladores favoritos por meio de doa\u00e7\u00f5es. Durante o isolamento social o mercado da dublagem vem sendo fortemente afetado, pois in\u00fameros trabalhos foram paralisados. Em um levantamento feito, 72,3% dos dubladores se consideram do grupo de risco ou vivem com algu\u00e9m que seja. A maioria dos artistas e te\u0301cnicos na\u0303o conseguiram a ajuda do aux\u00edlio emergencial e mesmo com a nova perspectiva do home studio, muitos na\u0303o t\u00eam condic\u0327o\u0303es financeiras para adquirir o equipamento mi\u0301nimo necess\u00e1rio para atender essa demanda. Dessa forma, ap\u00f3s a assembleia virtual para adotar o home studio, uma Comiss\u00e3o de Gerenciamento de Solu\u00e7\u00f5es foi criada para dar todo tipo de suporte aos profissionais t\u00e9cnicos e artistas. Essa comiss\u00e3o criou o projeto Al\u00f4, Quem Fala?, por meio do qual f\u00e3s podem entrar em contato com seus dubladores favoritos por meio de doa\u00e7\u00f5es. O intuito do projeto \u00e9 arrecadar doac\u0327o\u0303es para a criac\u0327a\u0303o de um fundo de auxilio emergencial para dubladores, te\u0301cnicos e poss\u00edveis colaboradores que atuam no mercado. O projeto estima que se chegar a R$15.000,00, conseguir\u00e1 pagar contas de necessidades b\u00e1sicas, alugueis e comprar cestas b\u00e1sicas, al\u00e9m de montar 4 Home Studios para pessoas do grupo de risco. O Al\u00f4, Quem Fala? est\u00e1 no ar pelo Catarse e j\u00e1 \u00e9 poss\u00edvel doar 20 reais. A companha fica aberta at\u00e9 o dia 18 de agosto e as recompensas v\u00e3o desde \u00e1udio personalizado at\u00e9 uma liga\u00e7\u00e3o do dublador escolhido no seu telefone.<\/p>\n","protected":false},"author":1,"featured_media":4918,"comment_status":"open","ping_status":"open","sticky":false,"template":"","format":"standard","meta":{"_monsterinsights_skip_tracking":false,"_monsterinsights_sitenote_active":false,"_monsterinsights_sitenote_note":"","_monsterinsights_sitenote_category":0,"footnotes":""},"categories":[13,22],"tags":[],"class_list":["post-4916","post","type-post","status-publish","format-standard","has-post-thumbnail","hentry","category-noticias","category-vida-real"],"yoast_head":"<!-- This site is optimized with the Yoast SEO plugin v26.1.1 - https:\/\/yoast.com\/wordpress\/plugins\/seo\/ -->\n<title>Projeto \u201cAl\u00f4, Quem Fala?\u201d pretende arrecadar dinheiro para o setor de dublagem. | DB - Dublagem Brasileira<\/title>\n<meta name=\"description\" content=\"F\u00e3s podem entrar em contato com seus dubladores favoritos por meio de doa\u00e7\u00f5es.\" \/>\n<meta name=\"robots\" content=\"index, follow, max-snippet:-1, max-image-preview:large, max-video-preview:-1\" \/>\n<link rel=\"canonical\" href=\"https:\/\/dublagembrasileira.com.br\/?p=4916\" \/>\n<meta property=\"og:locale\" content=\"pt_BR\" \/>\n<meta property=\"og:type\" content=\"article\" \/>\n<meta property=\"og:title\" content=\"Projeto \u201cAl\u00f4, Quem Fala?\u201d pretende arrecadar dinheiro para o setor de dublagem. | DB - Dublagem Brasileira\" \/>\n<meta property=\"og:description\" content=\"F\u00e3s podem entrar em contato com seus dubladores favoritos por meio de doa\u00e7\u00f5es.\" \/>\n<meta property=\"og:url\" content=\"https:\/\/dublagembrasileira.com.br\/?p=4916\" \/>\n<meta property=\"og:site_name\" content=\"DB - Dublagem Brasileira\" \/>\n<meta property=\"article:published_time\" content=\"2020-08-01T18:44:06+00:00\" \/>\n<meta property=\"article:modified_time\" content=\"2021-04-06T19:11:19+00:00\" \/>\n<meta property=\"og:image\" content=\"https:\/\/dublagembrasileira.com.br\/wp-content\/uploads\/2021\/04\/aloquemfala.jpg\" \/>\n\t<meta property=\"og:image:width\" content=\"704\" \/>\n\t<meta property=\"og:image:height\" content=\"496\" \/>\n\t<meta property=\"og:image:type\" content=\"image\/jpeg\" \/>\n<meta name=\"author\" content=\"Iza\u00edas Correia\" \/>\n<meta name=\"twitter:card\" content=\"summary_large_image\" \/>\n<meta name=\"twitter:label1\" content=\"Escrito por\" \/>\n\t<meta name=\"twitter:data1\" content=\"Iza\u00edas Correia\" \/>\n\t<meta name=\"twitter:label2\" content=\"Est. tempo de leitura\" \/>\n\t<meta name=\"twitter:data2\" content=\"1 minuto\" \/>\n<script type=\"application\/ld+json\" class=\"yoast-schema-graph\">{\"@context\":\"https:\/\/schema.org\",\"@graph\":[{\"@type\":\"Article\",\"@id\":\"https:\/\/dublagembrasileira.com.br\/?p=4916#article\",\"isPartOf\":{\"@id\":\"https:\/\/dublagembrasileira.com.br\/?p=4916\"},\"author\":{\"name\":\"Iza\u00edas Correia\",\"@id\":\"https:\/\/dublagembrasileira.com.br\/#\/schema\/person\/6298fd46a47d1ef447a90b2fc9f2b215\"},\"headline\":\"Projeto \u201cAl\u00f4, Quem Fala?\u201d pretende arrecadar dinheiro para o setor de dublagem.\",\"datePublished\":\"2020-08-01T18:44:06+00:00\",\"dateModified\":\"2021-04-06T19:11:19+00:00\",\"mainEntityOfPage\":{\"@id\":\"https:\/\/dublagembrasileira.com.br\/?p=4916\"},\"wordCount\":283,\"commentCount\":0,\"publisher\":{\"@id\":\"https:\/\/dublagembrasileira.com.br\/#organization\"},\"image\":{\"@id\":\"https:\/\/dublagembrasileira.com.br\/?p=4916#primaryimage\"},\"thumbnailUrl\":\"https:\/\/dublagembrasileira.com.br\/wp-content\/uploads\/2021\/04\/aloquemfala.jpg\",\"articleSection\":[\"Not\u00edcias\",\"Vida Real\"],\"inLanguage\":\"pt-BR\",\"potentialAction\":[{\"@type\":\"CommentAction\",\"name\":\"Comment\",\"target\":[\"https:\/\/dublagembrasileira.com.br\/?p=4916#respond\"]}]},{\"@type\":\"WebPage\",\"@id\":\"https:\/\/dublagembrasileira.com.br\/?p=4916\",\"url\":\"https:\/\/dublagembrasileira.com.br\/?p=4916\",\"name\":\"Projeto \u201cAl\u00f4, Quem Fala?\u201d pretende arrecadar dinheiro para o setor de dublagem. | DB - Dublagem Brasileira\",\"isPartOf\":{\"@id\":\"https:\/\/dublagembrasileira.com.br\/#website\"},\"primaryImageOfPage\":{\"@id\":\"https:\/\/dublagembrasileira.com.br\/?p=4916#primaryimage\"},\"image\":{\"@id\":\"https:\/\/dublagembrasileira.com.br\/?p=4916#primaryimage\"},\"thumbnailUrl\":\"https:\/\/dublagembrasileira.com.br\/wp-content\/uploads\/2021\/04\/aloquemfala.jpg\",\"datePublished\":\"2020-08-01T18:44:06+00:00\",\"dateModified\":\"2021-04-06T19:11:19+00:00\",\"description\":\"F\u00e3s podem entrar em contato com seus dubladores favoritos por meio de doa\u00e7\u00f5es.\",\"breadcrumb\":{\"@id\":\"https:\/\/dublagembrasileira.com.br\/?p=4916#breadcrumb\"},\"inLanguage\":\"pt-BR\",\"potentialAction\":[{\"@type\":\"ReadAction\",\"target\":[\"https:\/\/dublagembrasileira.com.br\/?p=4916\"]}]},{\"@type\":\"ImageObject\",\"inLanguage\":\"pt-BR\",\"@id\":\"https:\/\/dublagembrasileira.com.br\/?p=4916#primaryimage\",\"url\":\"https:\/\/dublagembrasileira.com.br\/wp-content\/uploads\/2021\/04\/aloquemfala.jpg\",\"contentUrl\":\"https:\/\/dublagembrasileira.com.br\/wp-content\/uploads\/2021\/04\/aloquemfala.jpg\",\"width\":704,\"height\":496},{\"@type\":\"BreadcrumbList\",\"@id\":\"https:\/\/dublagembrasileira.com.br\/?p=4916#breadcrumb\",\"itemListElement\":[{\"@type\":\"ListItem\",\"position\":1,\"name\":\"In\u00edcio\",\"item\":\"https:\/\/dublagembrasileira.com.br\/\"},{\"@type\":\"ListItem\",\"position\":2,\"name\":\"Projeto \u201cAl\u00f4, Quem Fala?\u201d pretende arrecadar dinheiro para o setor de dublagem.\"}]},{\"@type\":\"WebSite\",\"@id\":\"https:\/\/dublagembrasileira.com.br\/#website\",\"url\":\"https:\/\/dublagembrasileira.com.br\/\",\"name\":\"DB - Dublagem Brasileira\",\"description\":\"O seu portal de dublagem.\",\"publisher\":{\"@id\":\"https:\/\/dublagembrasileira.com.br\/#organization\"},\"potentialAction\":[{\"@type\":\"SearchAction\",\"target\":{\"@type\":\"EntryPoint\",\"urlTemplate\":\"https:\/\/dublagembrasileira.com.br\/?s={search_term_string}\"},\"query-input\":{\"@type\":\"PropertyValueSpecification\",\"valueRequired\":true,\"valueName\":\"search_term_string\"}}],\"inLanguage\":\"pt-BR\"},{\"@type\":\"Organization\",\"@id\":\"https:\/\/dublagembrasileira.com.br\/#organization\",\"name\":\"DB - Dublagem Brasileira\",\"url\":\"https:\/\/dublagembrasileira.com.br\/\",\"logo\":{\"@type\":\"ImageObject\",\"inLanguage\":\"pt-BR\",\"@id\":\"https:\/\/dublagembrasileira.com.br\/#\/schema\/logo\/image\/\",\"url\":\"https:\/\/dublagembrasileira.com.br\/wp-content\/uploads\/2019\/07\/cropped-logotipodb.png\",\"contentUrl\":\"https:\/\/dublagembrasileira.com.br\/wp-content\/uploads\/2019\/07\/cropped-logotipodb.png\",\"width\":946,\"height\":589,\"caption\":\"DB - Dublagem Brasileira\"},\"image\":{\"@id\":\"https:\/\/dublagembrasileira.com.br\/#\/schema\/logo\/image\/\"}},{\"@type\":\"Person\",\"@id\":\"https:\/\/dublagembrasileira.com.br\/#\/schema\/person\/6298fd46a47d1ef447a90b2fc9f2b215\",\"name\":\"Iza\u00edas Correia\",\"image\":{\"@type\":\"ImageObject\",\"inLanguage\":\"pt-BR\",\"@id\":\"https:\/\/dublagembrasileira.com.br\/#\/schema\/person\/image\/\",\"url\":\"http:\/\/dublagembrasileira.com.br\/wp-content\/uploads\/2025\/06\/cropped-izaiascorreia-96x96.jpg\",\"contentUrl\":\"http:\/\/dublagembrasileira.com.br\/wp-content\/uploads\/2025\/06\/cropped-izaiascorreia-96x96.jpg\",\"caption\":\"Iza\u00edas Correia\"},\"description\":\"Professor, roteirista e web-designer, respons\u00e1vel pelo site InfanTv. Tamb\u00e9m \u00e9 pesquisador da dublagem brasileira.\",\"url\":\"https:\/\/dublagembrasileira.com.br\/?author=1\"}]}<\/script>\n<!-- \/ Yoast SEO plugin. -->","yoast_head_json":{"title":"Projeto \u201cAl\u00f4, Quem Fala?\u201d pretende arrecadar dinheiro para o setor de dublagem. | DB - Dublagem Brasileira","description":"F\u00e3s podem entrar em contato com seus dubladores favoritos por meio de doa\u00e7\u00f5es.","robots":{"index":"index","follow":"follow","max-snippet":"max-snippet:-1","max-image-preview":"max-image-preview:large","max-video-preview":"max-video-preview:-1"},"canonical":"https:\/\/dublagembrasileira.com.br\/?p=4916","og_locale":"pt_BR","og_type":"article","og_title":"Projeto \u201cAl\u00f4, Quem Fala?\u201d pretende arrecadar dinheiro para o setor de dublagem. | DB - Dublagem Brasileira","og_description":"F\u00e3s podem entrar em contato com seus dubladores favoritos por meio de doa\u00e7\u00f5es.","og_url":"https:\/\/dublagembrasileira.com.br\/?p=4916","og_site_name":"DB - Dublagem Brasileira","article_published_time":"2020-08-01T18:44:06+00:00","article_modified_time":"2021-04-06T19:11:19+00:00","og_image":[{"width":704,"height":496,"url":"https:\/\/dublagembrasileira.com.br\/wp-content\/uploads\/2021\/04\/aloquemfala.jpg","type":"image\/jpeg"}],"author":"Iza\u00edas Correia","twitter_card":"summary_large_image","twitter_misc":{"Escrito por":"Iza\u00edas Correia","Est. tempo de leitura":"1 minuto"},"schema":{"@context":"https:\/\/schema.org","@graph":[{"@type":"Article","@id":"https:\/\/dublagembrasileira.com.br\/?p=4916#article","isPartOf":{"@id":"https:\/\/dublagembrasileira.com.br\/?p=4916"},"author":{"name":"Iza\u00edas Correia","@id":"https:\/\/dublagembrasileira.com.br\/#\/schema\/person\/6298fd46a47d1ef447a90b2fc9f2b215"},"headline":"Projeto \u201cAl\u00f4, Quem Fala?\u201d pretende arrecadar dinheiro para o setor de dublagem.","datePublished":"2020-08-01T18:44:06+00:00","dateModified":"2021-04-06T19:11:19+00:00","mainEntityOfPage":{"@id":"https:\/\/dublagembrasileira.com.br\/?p=4916"},"wordCount":283,"commentCount":0,"publisher":{"@id":"https:\/\/dublagembrasileira.com.br\/#organization"},"image":{"@id":"https:\/\/dublagembrasileira.com.br\/?p=4916#primaryimage"},"thumbnailUrl":"https:\/\/dublagembrasileira.com.br\/wp-content\/uploads\/2021\/04\/aloquemfala.jpg","articleSection":["Not\u00edcias","Vida Real"],"inLanguage":"pt-BR","potentialAction":[{"@type":"CommentAction","name":"Comment","target":["https:\/\/dublagembrasileira.com.br\/?p=4916#respond"]}]},{"@type":"WebPage","@id":"https:\/\/dublagembrasileira.com.br\/?p=4916","url":"https:\/\/dublagembrasileira.com.br\/?p=4916","name":"Projeto \u201cAl\u00f4, Quem Fala?\u201d pretende arrecadar dinheiro para o setor de dublagem. | DB - Dublagem Brasileira","isPartOf":{"@id":"https:\/\/dublagembrasileira.com.br\/#website"},"primaryImageOfPage":{"@id":"https:\/\/dublagembrasileira.com.br\/?p=4916#primaryimage"},"image":{"@id":"https:\/\/dublagembrasileira.com.br\/?p=4916#primaryimage"},"thumbnailUrl":"https:\/\/dublagembrasileira.com.br\/wp-content\/uploads\/2021\/04\/aloquemfala.jpg","datePublished":"2020-08-01T18:44:06+00:00","dateModified":"2021-04-06T19:11:19+00:00","description":"F\u00e3s podem entrar em contato com seus dubladores favoritos por meio de doa\u00e7\u00f5es.","breadcrumb":{"@id":"https:\/\/dublagembrasileira.com.br\/?p=4916#breadcrumb"},"inLanguage":"pt-BR","potentialAction":[{"@type":"ReadAction","target":["https:\/\/dublagembrasileira.com.br\/?p=4916"]}]},{"@type":"ImageObject","inLanguage":"pt-BR","@id":"https:\/\/dublagembrasileira.com.br\/?p=4916#primaryimage","url":"https:\/\/dublagembrasileira.com.br\/wp-content\/uploads\/2021\/04\/aloquemfala.jpg","contentUrl":"https:\/\/dublagembrasileira.com.br\/wp-content\/uploads\/2021\/04\/aloquemfala.jpg","width":704,"height":496},{"@type":"BreadcrumbList","@id":"https:\/\/dublagembrasileira.com.br\/?p=4916#breadcrumb","itemListElement":[{"@type":"ListItem","position":1,"name":"In\u00edcio","item":"https:\/\/dublagembrasileira.com.br\/"},{"@type":"ListItem","position":2,"name":"Projeto \u201cAl\u00f4, Quem Fala?\u201d pretende arrecadar dinheiro para o setor de dublagem."}]},{"@type":"WebSite","@id":"https:\/\/dublagembrasileira.com.br\/#website","url":"https:\/\/dublagembrasileira.com.br\/","name":"DB - Dublagem Brasileira","description":"O seu portal de dublagem.","publisher":{"@id":"https:\/\/dublagembrasileira.com.br\/#organization"},"potentialAction":[{"@type":"SearchAction","target":{"@type":"EntryPoint","urlTemplate":"https:\/\/dublagembrasileira.com.br\/?s={search_term_string}"},"query-input":{"@type":"PropertyValueSpecification","valueRequired":true,"valueName":"search_term_string"}}],"inLanguage":"pt-BR"},{"@type":"Organization","@id":"https:\/\/dublagembrasileira.com.br\/#organization","name":"DB - Dublagem Brasileira","url":"https:\/\/dublagembrasileira.com.br\/","logo":{"@type":"ImageObject","inLanguage":"pt-BR","@id":"https:\/\/dublagembrasileira.com.br\/#\/schema\/logo\/image\/","url":"https:\/\/dublagembrasileira.com.br\/wp-content\/uploads\/2019\/07\/cropped-logotipodb.png","contentUrl":"https:\/\/dublagembrasileira.com.br\/wp-content\/uploads\/2019\/07\/cropped-logotipodb.png","width":946,"height":589,"caption":"DB - Dublagem Brasileira"},"image":{"@id":"https:\/\/dublagembrasileira.com.br\/#\/schema\/logo\/image\/"}},{"@type":"Person","@id":"https:\/\/dublagembrasileira.com.br\/#\/schema\/person\/6298fd46a47d1ef447a90b2fc9f2b215","name":"Iza\u00edas Correia","image":{"@type":"ImageObject","inLanguage":"pt-BR","@id":"https:\/\/dublagembrasileira.com.br\/#\/schema\/person\/image\/","url":"http:\/\/dublagembrasileira.com.br\/wp-content\/uploads\/2025\/06\/cropped-izaiascorreia-96x96.jpg","contentUrl":"http:\/\/dublagembrasileira.com.br\/wp-content\/uploads\/2025\/06\/cropped-izaiascorreia-96x96.jpg","caption":"Iza\u00edas Correia"},"description":"Professor, roteirista e web-designer, respons\u00e1vel pelo site InfanTv. Tamb\u00e9m \u00e9 pesquisador da dublagem brasileira.","url":"https:\/\/dublagembrasileira.com.br\/?author=1"}]}},"rttpg_featured_image_url":{"full":["https:\/\/dublagembrasileira.com.br\/wp-content\/uploads\/2021\/04\/aloquemfala.jpg",704,496,false],"landscape":["https:\/\/dublagembrasileira.com.br\/wp-content\/uploads\/2021\/04\/aloquemfala.jpg",704,496,false],"portraits":["https:\/\/dublagembrasileira.com.br\/wp-content\/uploads\/2021\/04\/aloquemfala.jpg",704,496,false],"thumbnail":["https:\/\/dublagembrasileira.com.br\/wp-content\/uploads\/2021\/04\/aloquemfala-150x150.jpg",150,150,true],"medium":["https:\/\/dublagembrasileira.com.br\/wp-content\/uploads\/2021\/04\/aloquemfala-300x211.jpg",300,211,true],"large":["https:\/\/dublagembrasileira.com.br\/wp-content\/uploads\/2021\/04\/aloquemfala.jpg",640,451,false],"1536x1536":["https:\/\/dublagembrasileira.com.br\/wp-content\/uploads\/2021\/04\/aloquemfala.jpg",704,496,false],"2048x2048":["https:\/\/dublagembrasileira.com.br\/wp-content\/uploads\/2021\/04\/aloquemfala.jpg",704,496,false],"eggnews-slider-large":["https:\/\/dublagembrasileira.com.br\/wp-content\/uploads\/2021\/04\/aloquemfala.jpg",704,496,false],"eggnews-featured-medium":["https:\/\/dublagembrasileira.com.br\/wp-content\/uploads\/2021\/04\/aloquemfala-420x307.jpg",420,307,true],"eggnews-featured-long":["https:\/\/dublagembrasileira.com.br\/wp-content\/uploads\/2021\/04\/aloquemfala-300x443.jpg",300,443,true],"eggnews-block-medium":["https:\/\/dublagembrasileira.com.br\/wp-content\/uploads\/2021\/04\/aloquemfala-464x290.jpg",464,290,true],"eggnews-carousel-image":["https:\/\/dublagembrasileira.com.br\/wp-content\/uploads\/2021\/04\/aloquemfala-600x496.jpg",600,496,true],"eggnews-block-thumb":["https:\/\/dublagembrasileira.com.br\/wp-content\/uploads\/2021\/04\/aloquemfala-322x230.jpg",322,230,true],"eggnews-single-large":["https:\/\/dublagembrasileira.com.br\/wp-content\/uploads\/2021\/04\/aloquemfala.jpg",704,496,false],"crp_thumbnail":["https:\/\/dublagembrasileira.com.br\/wp-content\/uploads\/2021\/04\/aloquemfala-150x150.jpg",150,150,true]},"rttpg_author":{"display_name":"Iza\u00edas Correia","author_link":"https:\/\/dublagembrasileira.com.br\/?author=1"},"rttpg_comment":1,"rttpg_category":"<a href=\"https:\/\/dublagembrasileira.com.br\/?cat=13\" rel=\"category\">Not\u00edcias<\/a> <a href=\"https:\/\/dublagembrasileira.com.br\/?cat=22\" rel=\"category\">Vida Real<\/a>","rttpg_excerpt":"F\u00e3s podem entrar em contato com seus dubladores favoritos por meio de doa\u00e7\u00f5es. Durante o isolamento social o mercado da dublagem vem sendo fortemente afetado, pois in\u00fameros trabalhos foram paralisados. Em um levantamento feito, 72,3% dos dubladores se consideram do grupo de risco ou vivem com algu\u00e9m que seja. A maioria dos artistas e te\u0301cnicos&hellip;","_links":{"self":[{"href":"https:\/\/dublagembrasileira.com.br\/index.php?rest_route=\/wp\/v2\/posts\/4916","targetHints":{"allow":["GET"]}}],"collection":[{"href":"https:\/\/dublagembrasileira.com.br\/index.php?rest_route=\/wp\/v2\/posts"}],"about":[{"href":"https:\/\/dublagembrasileira.com.br\/index.php?rest_route=\/wp\/v2\/types\/post"}],"author":[{"embeddable":true,"href":"https:\/\/dublagembrasileira.com.br\/index.php?rest_route=\/wp\/v2\/users\/1"}],"replies":[{"embeddable":true,"href":"https:\/\/dublagembrasileira.com.br\/index.php?rest_route=%2Fwp%2Fv2%2Fcomments&post=4916"}],"version-history":[{"count":2,"href":"https:\/\/dublagembrasileira.com.br\/index.php?rest_route=\/wp\/v2\/posts\/4916\/revisions"}],"predecessor-version":[{"id":4920,"href":"https:\/\/dublagembrasileira.com.br\/index.php?rest_route=\/wp\/v2\/posts\/4916\/revisions\/4920"}],"wp:featuredmedia":[{"embeddable":true,"href":"https:\/\/dublagembrasileira.com.br\/index.php?rest_route=\/wp\/v2\/media\/4918"}],"wp:attachment":[{"href":"https:\/\/dublagembrasileira.com.br\/index.php?rest_route=%2Fwp%2Fv2%2Fmedia&parent=4916"}],"wp:term":[{"taxonomy":"category","embeddable":true,"href":"https:\/\/dublagembrasileira.com.br\/index.php?rest_route=%2Fwp%2Fv2%2Fcategories&post=4916"},{"taxonomy":"post_tag","embeddable":true,"href":"https:\/\/dublagembrasileira.com.br\/index.php?rest_route=%2Fwp%2Fv2%2Ftags&post=4916"}],"curies":[{"name":"wp","href":"https:\/\/api.w.org\/{rel}","templated":true}]}}