{"id":4708,"date":"2020-09-04T17:56:06","date_gmt":"2020-09-04T17:56:06","guid":{"rendered":"http:\/\/dublagembrasileira.com.br\/?p=4708"},"modified":"2021-04-01T18:02:33","modified_gmt":"2021-04-01T18:02:33","slug":"4708","status":"publish","type":"post","link":"https:\/\/dublagembrasileira.com.br\/?p=4708","title":{"rendered":"Band rertira Kamen Rider Black do ar por problemas com a dublagem."},"content":{"rendered":"<h4 style=\"text-align: justify;\"><em>Sato Company e o dublador \u00c9lcio Sodr\u00e9 negociam a volta da s\u00e9rie.<\/em><\/h4>\n<hr \/>\n<p style=\"text-align: justify;\">Foi anunciada ontem (3) atrav\u00e9s das redes sociais a\u00a0suspens\u00e3o da exibi\u00e7\u00e3o de\u00a0<em><strong>Kamen Rider Black<\/strong><\/em>\u00a0na\u00a0<strong>Band.<\/strong> O tokusatsu era uma das atra\u00e7\u00f5es bloco dominical da emissora, que se viu obrigada a procurar uma nova reprise para tampar o buraco.<\/p>\n<p style=\"text-align: justify;\">O primeiro comunicado foi feito pela\u00a0<strong>Sato Company<\/strong>, detentora dos direitos da s\u00e9rie no Brasil, em suas redes sociais. &#8220;<em>Infelizmente nem todos s\u00e3o a favor do enorme trabalho que estamos tendo em resgatar obras cl\u00e1ssicas que acalenta os nost\u00e1lgicos nesse momento de pandemia<\/em>&#8220;, informa a nota, acrescentando que &#8220;<em>o interesse de poucos atrapalhando o sonho de muitos<\/em>&#8220;. Confira a nota abaixo:<\/p>\n<div class=\"\" data-list-index=\"3\">\n<div class=\"media__wrapper\"><iframe id=\"instagram-embed-0\" class=\"instagram-media instagram-media-rendered lazyload\" data-src=\"https:\/\/www.instagram.com\/p\/CEsLIg_AaBl\/embed\/captioned\/?cr=1&amp;v=12&amp;wp=540&amp;rd=https%3A%2F%2Fwww.omelete.com.br&amp;rp=%2Fanime-manga%2Fkamen-rider-black-problemas-dublagem#%7B%22ci%22%3A0%2C%22os%22%3A4141.585000001214%2C%22ls%22%3A3944.4299999995565%2C%22le%22%3A3946.6299999985495%7D\" height=\"1157\" frameborder=\"0\" scrolling=\"no\" allowfullscreen=\"allowfullscreen\" data-instgrm-payload-id=\"instagram-media-payload-0\" data-mce-fragment=\"1\" src=\"data:image\/svg+xml;base64,PHN2ZyB3aWR0aD0iMSIgaGVpZ2h0PSIxIiB4bWxucz0iaHR0cDovL3d3dy53My5vcmcvMjAwMC9zdmciPjwvc3ZnPg==\" data-load-mode=\"1\"><\/iframe><\/div>\n<\/div>\n<p style=\"text-align: justify;\">No come\u00e7o da tarde desta sexta-feira (4), foi a vez do dublador\u00a0<strong>\u00c9lcio Sodr\u00e9<\/strong>\u00a0se manifestar em suas redes sociais. O respons\u00e1vel pela voz do protagonista Isamu Minami explicou que a veicula\u00e7\u00e3o de qualquer m\u00eddia exige a autoriza\u00e7\u00e3o preliminar do titular da voz, mas que em momento algum teriam ido conversar com ele para negociar o contrato de cess\u00e3o de direitos de autor, conforme exige a lei. &#8220;<em>Continuo aguardando e torcendo para tudo acabar bem e como deve acabar numa negocia\u00e7\u00e3o entre pessoas corretas: dentro da lei<\/em>&#8220;, encerrou. Confira a publica\u00e7\u00e3o:<\/p>\n<div class=\"\" data-list-index=\"6\">\n<div class=\"media__wrapper\"><iframe id=\"instagram-embed-1\" class=\"instagram-media instagram-media-rendered lazyload\" data-src=\"https:\/\/www.instagram.com\/p\/CEuEK3-jp1Q\/embed\/captioned\/?cr=1&amp;v=12&amp;wp=540&amp;rd=https%3A%2F%2Fwww.omelete.com.br&amp;rp=%2Fanime-manga%2Fkamen-rider-black-problemas-dublagem#%7B%22ci%22%3A1%2C%22os%22%3A4146.00000000064%2C%22ls%22%3A3944.4299999995565%2C%22le%22%3A3946.6299999985495%7D\" height=\"941\" frameborder=\"0\" scrolling=\"no\" allowfullscreen=\"allowfullscreen\" data-instgrm-payload-id=\"instagram-media-payload-1\" data-mce-fragment=\"1\" src=\"data:image\/svg+xml;base64,PHN2ZyB3aWR0aD0iMSIgaGVpZ2h0PSIxIiB4bWxucz0iaHR0cDovL3d3dy53My5vcmcvMjAwMC9zdmciPjwvc3ZnPg==\" data-load-mode=\"1\"><\/iframe><\/div>\n<\/div>\n<p style=\"text-align: justify;\">No final da tarde, a Sato Company divulgou uma nova nota explicando o caso.\u00a0Dividida em v\u00e1rios pontos, a nota de esclarecimento explica que a retirada de\u00a0<em>Kamen Rider Black<\/em> foi ato de um dublador que teria se negado a assinar o contrato de cess\u00e3o de voz, e que a equipe est\u00e1 realizando estudos para levantar a quantidade de horas do dublador na produ\u00e7\u00e3o.<\/p>\n","protected":false},"excerpt":{"rendered":"<p>Sato Company e o dublador \u00c9lcio Sodr\u00e9 negociam a volta da s\u00e9rie. Foi anunciada ontem (3) atrav\u00e9s das redes sociais a\u00a0suspens\u00e3o da exibi\u00e7\u00e3o de\u00a0Kamen Rider Black\u00a0na\u00a0Band. O tokusatsu era uma das atra\u00e7\u00f5es bloco dominical da emissora, que se viu obrigada a procurar uma nova reprise para tampar o buraco. O primeiro comunicado foi feito pela\u00a0Sato Company, detentora dos direitos da s\u00e9rie no Brasil, em suas redes sociais. &#8220;Infelizmente nem todos s\u00e3o a favor do enorme trabalho que estamos tendo em resgatar obras cl\u00e1ssicas que acalenta os nost\u00e1lgicos nesse momento de pandemia&#8220;, informa a nota, acrescentando que &#8220;o interesse de poucos atrapalhando o sonho de muitos&#8220;. Confira a nota abaixo: No come\u00e7o da tarde desta sexta-feira (4), foi a vez do dublador\u00a0\u00c9lcio Sodr\u00e9\u00a0se manifestar em suas redes sociais. O respons\u00e1vel pela voz do protagonista Isamu Minami explicou que a veicula\u00e7\u00e3o de qualquer m\u00eddia exige a autoriza\u00e7\u00e3o preliminar do titular da voz, mas que em momento algum teriam ido conversar com ele para negociar o contrato de cess\u00e3o de direitos de autor, conforme exige a lei. &#8220;Continuo aguardando e torcendo para tudo acabar bem e como deve acabar numa negocia\u00e7\u00e3o entre pessoas corretas: dentro da lei&#8220;, encerrou. Confira a publica\u00e7\u00e3o: No final da tarde, a Sato Company divulgou uma nova nota explicando o caso.\u00a0Dividida em v\u00e1rios pontos, a nota de esclarecimento explica que a retirada de\u00a0Kamen Rider Black foi ato de um dublador que teria se negado a assinar o contrato de cess\u00e3o de voz, e que a equipe est\u00e1 realizando estudos para levantar a quantidade de horas do dublador na produ\u00e7\u00e3o.<\/p>\n","protected":false},"author":4,"featured_media":4709,"comment_status":"open","ping_status":"open","sticky":false,"template":"","format":"standard","meta":{"_monsterinsights_skip_tracking":false,"_monsterinsights_sitenote_active":false,"_monsterinsights_sitenote_note":"","_monsterinsights_sitenote_category":0,"footnotes":""},"categories":[21,13,3,8],"tags":[],"class_list":["post-4708","post","type-post","status-publish","format-standard","has-post-thumbnail","hentry","category-acontece","category-noticias","category-series","category-televisao"],"yoast_head":"<!-- This site is optimized with the Yoast SEO plugin v26.1.1 - https:\/\/yoast.com\/wordpress\/plugins\/seo\/ -->\n<title>Band rertira Kamen Rider Black do ar por problemas com a dublagem. | DB - Dublagem Brasileira<\/title>\n<meta name=\"robots\" content=\"index, follow, max-snippet:-1, max-image-preview:large, max-video-preview:-1\" \/>\n<link rel=\"canonical\" href=\"https:\/\/dublagembrasileira.com.br\/?p=4708\" \/>\n<meta property=\"og:locale\" content=\"pt_BR\" \/>\n<meta property=\"og:type\" content=\"article\" \/>\n<meta property=\"og:title\" content=\"Band rertira Kamen Rider Black do ar por problemas com a dublagem. | DB - Dublagem Brasileira\" \/>\n<meta property=\"og:description\" content=\"Sato Company e o dublador \u00c9lcio Sodr\u00e9 negociam a volta da s\u00e9rie. Foi anunciada ontem (3) atrav\u00e9s das redes sociais a\u00a0suspens\u00e3o da exibi\u00e7\u00e3o de\u00a0Kamen Rider Black\u00a0na\u00a0Band. O tokusatsu era uma das atra\u00e7\u00f5es bloco dominical da emissora, que se viu obrigada a procurar uma nova reprise para tampar o buraco. O primeiro comunicado foi feito pela\u00a0Sato Company, detentora dos direitos da s\u00e9rie no Brasil, em suas redes sociais. &#8220;Infelizmente nem todos s\u00e3o a favor do enorme trabalho que estamos tendo em resgatar obras cl\u00e1ssicas que acalenta os nost\u00e1lgicos nesse momento de pandemia&#8220;, informa a nota, acrescentando que &#8220;o interesse de poucos atrapalhando o sonho de muitos&#8220;. Confira a nota abaixo: No come\u00e7o da tarde desta sexta-feira (4), foi a vez do dublador\u00a0\u00c9lcio Sodr\u00e9\u00a0se manifestar em suas redes sociais. O respons\u00e1vel pela voz do protagonista Isamu Minami explicou que a veicula\u00e7\u00e3o de qualquer m\u00eddia exige a autoriza\u00e7\u00e3o preliminar do titular da voz, mas que em momento algum teriam ido conversar com ele para negociar o contrato de cess\u00e3o de direitos de autor, conforme exige a lei. &#8220;Continuo aguardando e torcendo para tudo acabar bem e como deve acabar numa negocia\u00e7\u00e3o entre pessoas corretas: dentro da lei&#8220;, encerrou. Confira a publica\u00e7\u00e3o: No final da tarde, a Sato Company divulgou uma nova nota explicando o caso.\u00a0Dividida em v\u00e1rios pontos, a nota de esclarecimento explica que a retirada de\u00a0Kamen Rider Black foi ato de um dublador que teria se negado a assinar o contrato de cess\u00e3o de voz, e que a equipe est\u00e1 realizando estudos para levantar a quantidade de horas do dublador na produ\u00e7\u00e3o.\" \/>\n<meta property=\"og:url\" content=\"https:\/\/dublagembrasileira.com.br\/?p=4708\" \/>\n<meta property=\"og:site_name\" content=\"DB - Dublagem Brasileira\" \/>\n<meta property=\"article:author\" content=\"https:\/\/www.facebook.com\/dublagembrasileira\" \/>\n<meta property=\"article:published_time\" content=\"2020-09-04T17:56:06+00:00\" \/>\n<meta property=\"article:modified_time\" content=\"2021-04-01T18:02:33+00:00\" \/>\n<meta property=\"og:image\" content=\"https:\/\/dublagembrasileira.com.br\/wp-content\/uploads\/2021\/04\/blackkamen-1.jpg\" \/>\n\t<meta property=\"og:image:width\" content=\"704\" \/>\n\t<meta property=\"og:image:height\" content=\"496\" \/>\n\t<meta property=\"og:image:type\" content=\"image\/jpeg\" \/>\n<meta name=\"author\" content=\"Reda\u00e7\u00e3o\" \/>\n<meta name=\"twitter:card\" content=\"summary_large_image\" \/>\n<meta name=\"twitter:creator\" content=\"@dbdublagem\" \/>\n<meta name=\"twitter:label1\" content=\"Escrito por\" \/>\n\t<meta name=\"twitter:data1\" content=\"Reda\u00e7\u00e3o\" \/>\n\t<meta name=\"twitter:label2\" content=\"Est. tempo de leitura\" \/>\n\t<meta name=\"twitter:data2\" content=\"1 minuto\" \/>\n<script type=\"application\/ld+json\" class=\"yoast-schema-graph\">{\"@context\":\"https:\/\/schema.org\",\"@graph\":[{\"@type\":\"Article\",\"@id\":\"https:\/\/dublagembrasileira.com.br\/?p=4708#article\",\"isPartOf\":{\"@id\":\"https:\/\/dublagembrasileira.com.br\/?p=4708\"},\"author\":{\"name\":\"Reda\u00e7\u00e3o\",\"@id\":\"https:\/\/dublagembrasileira.com.br\/#\/schema\/person\/a75bac594c0e9a0b96508b7e124f20d1\"},\"headline\":\"Band rertira Kamen Rider Black do ar por problemas com a dublagem.\",\"datePublished\":\"2020-09-04T17:56:06+00:00\",\"dateModified\":\"2021-04-01T18:02:33+00:00\",\"mainEntityOfPage\":{\"@id\":\"https:\/\/dublagembrasileira.com.br\/?p=4708\"},\"wordCount\":299,\"commentCount\":0,\"publisher\":{\"@id\":\"https:\/\/dublagembrasileira.com.br\/#organization\"},\"image\":{\"@id\":\"https:\/\/dublagembrasileira.com.br\/?p=4708#primaryimage\"},\"thumbnailUrl\":\"https:\/\/dublagembrasileira.com.br\/wp-content\/uploads\/2021\/04\/blackkamen-1.jpg\",\"articleSection\":[\"Acontece\",\"Not\u00edcias\",\"S\u00e9ries\",\"Televis\u00e3o\"],\"inLanguage\":\"pt-BR\",\"potentialAction\":[{\"@type\":\"CommentAction\",\"name\":\"Comment\",\"target\":[\"https:\/\/dublagembrasileira.com.br\/?p=4708#respond\"]}]},{\"@type\":\"WebPage\",\"@id\":\"https:\/\/dublagembrasileira.com.br\/?p=4708\",\"url\":\"https:\/\/dublagembrasileira.com.br\/?p=4708\",\"name\":\"Band rertira Kamen Rider Black do ar por problemas com a dublagem. | DB - Dublagem Brasileira\",\"isPartOf\":{\"@id\":\"https:\/\/dublagembrasileira.com.br\/#website\"},\"primaryImageOfPage\":{\"@id\":\"https:\/\/dublagembrasileira.com.br\/?p=4708#primaryimage\"},\"image\":{\"@id\":\"https:\/\/dublagembrasileira.com.br\/?p=4708#primaryimage\"},\"thumbnailUrl\":\"https:\/\/dublagembrasileira.com.br\/wp-content\/uploads\/2021\/04\/blackkamen-1.jpg\",\"datePublished\":\"2020-09-04T17:56:06+00:00\",\"dateModified\":\"2021-04-01T18:02:33+00:00\",\"breadcrumb\":{\"@id\":\"https:\/\/dublagembrasileira.com.br\/?p=4708#breadcrumb\"},\"inLanguage\":\"pt-BR\",\"potentialAction\":[{\"@type\":\"ReadAction\",\"target\":[\"https:\/\/dublagembrasileira.com.br\/?p=4708\"]}]},{\"@type\":\"ImageObject\",\"inLanguage\":\"pt-BR\",\"@id\":\"https:\/\/dublagembrasileira.com.br\/?p=4708#primaryimage\",\"url\":\"https:\/\/dublagembrasileira.com.br\/wp-content\/uploads\/2021\/04\/blackkamen-1.jpg\",\"contentUrl\":\"https:\/\/dublagembrasileira.com.br\/wp-content\/uploads\/2021\/04\/blackkamen-1.jpg\",\"width\":704,\"height\":496},{\"@type\":\"BreadcrumbList\",\"@id\":\"https:\/\/dublagembrasileira.com.br\/?p=4708#breadcrumb\",\"itemListElement\":[{\"@type\":\"ListItem\",\"position\":1,\"name\":\"In\u00edcio\",\"item\":\"https:\/\/dublagembrasileira.com.br\/\"},{\"@type\":\"ListItem\",\"position\":2,\"name\":\"Band rertira Kamen Rider Black do ar por problemas com a dublagem.\"}]},{\"@type\":\"WebSite\",\"@id\":\"https:\/\/dublagembrasileira.com.br\/#website\",\"url\":\"https:\/\/dublagembrasileira.com.br\/\",\"name\":\"DB - Dublagem Brasileira\",\"description\":\"O seu portal de dublagem.\",\"publisher\":{\"@id\":\"https:\/\/dublagembrasileira.com.br\/#organization\"},\"potentialAction\":[{\"@type\":\"SearchAction\",\"target\":{\"@type\":\"EntryPoint\",\"urlTemplate\":\"https:\/\/dublagembrasileira.com.br\/?s={search_term_string}\"},\"query-input\":{\"@type\":\"PropertyValueSpecification\",\"valueRequired\":true,\"valueName\":\"search_term_string\"}}],\"inLanguage\":\"pt-BR\"},{\"@type\":\"Organization\",\"@id\":\"https:\/\/dublagembrasileira.com.br\/#organization\",\"name\":\"DB - Dublagem Brasileira\",\"url\":\"https:\/\/dublagembrasileira.com.br\/\",\"logo\":{\"@type\":\"ImageObject\",\"inLanguage\":\"pt-BR\",\"@id\":\"https:\/\/dublagembrasileira.com.br\/#\/schema\/logo\/image\/\",\"url\":\"https:\/\/dublagembrasileira.com.br\/wp-content\/uploads\/2019\/07\/cropped-logotipodb.png\",\"contentUrl\":\"https:\/\/dublagembrasileira.com.br\/wp-content\/uploads\/2019\/07\/cropped-logotipodb.png\",\"width\":946,\"height\":589,\"caption\":\"DB - Dublagem Brasileira\"},\"image\":{\"@id\":\"https:\/\/dublagembrasileira.com.br\/#\/schema\/logo\/image\/\"}},{\"@type\":\"Person\",\"@id\":\"https:\/\/dublagembrasileira.com.br\/#\/schema\/person\/a75bac594c0e9a0b96508b7e124f20d1\",\"name\":\"Reda\u00e7\u00e3o\",\"image\":{\"@type\":\"ImageObject\",\"inLanguage\":\"pt-BR\",\"@id\":\"https:\/\/dublagembrasileira.com.br\/#\/schema\/person\/image\/\",\"url\":\"http:\/\/dublagembrasileira.com.br\/wp-content\/uploads\/2025\/06\/admin-96x96.jpg\",\"contentUrl\":\"http:\/\/dublagembrasileira.com.br\/wp-content\/uploads\/2025\/06\/admin-96x96.jpg\",\"caption\":\"Reda\u00e7\u00e3o\"},\"description\":\"Equipe do DB.\",\"sameAs\":[\"https:\/\/www.facebook.com\/dublagembrasileira\",\"https:\/\/www.instagram.com\/dbdublagembrasileira\",\"https:\/\/x.com\/dbdublagem\"],\"url\":\"https:\/\/dublagembrasileira.com.br\/?author=4\"}]}<\/script>\n<!-- \/ Yoast SEO plugin. -->","yoast_head_json":{"title":"Band rertira Kamen Rider Black do ar por problemas com a dublagem. | DB - Dublagem Brasileira","robots":{"index":"index","follow":"follow","max-snippet":"max-snippet:-1","max-image-preview":"max-image-preview:large","max-video-preview":"max-video-preview:-1"},"canonical":"https:\/\/dublagembrasileira.com.br\/?p=4708","og_locale":"pt_BR","og_type":"article","og_title":"Band rertira Kamen Rider Black do ar por problemas com a dublagem. | DB - Dublagem Brasileira","og_description":"Sato Company e o dublador \u00c9lcio Sodr\u00e9 negociam a volta da s\u00e9rie. Foi anunciada ontem (3) atrav\u00e9s das redes sociais a\u00a0suspens\u00e3o da exibi\u00e7\u00e3o de\u00a0Kamen Rider Black\u00a0na\u00a0Band. O tokusatsu era uma das atra\u00e7\u00f5es bloco dominical da emissora, que se viu obrigada a procurar uma nova reprise para tampar o buraco. O primeiro comunicado foi feito pela\u00a0Sato Company, detentora dos direitos da s\u00e9rie no Brasil, em suas redes sociais. &#8220;Infelizmente nem todos s\u00e3o a favor do enorme trabalho que estamos tendo em resgatar obras cl\u00e1ssicas que acalenta os nost\u00e1lgicos nesse momento de pandemia&#8220;, informa a nota, acrescentando que &#8220;o interesse de poucos atrapalhando o sonho de muitos&#8220;. Confira a nota abaixo: No come\u00e7o da tarde desta sexta-feira (4), foi a vez do dublador\u00a0\u00c9lcio Sodr\u00e9\u00a0se manifestar em suas redes sociais. O respons\u00e1vel pela voz do protagonista Isamu Minami explicou que a veicula\u00e7\u00e3o de qualquer m\u00eddia exige a autoriza\u00e7\u00e3o preliminar do titular da voz, mas que em momento algum teriam ido conversar com ele para negociar o contrato de cess\u00e3o de direitos de autor, conforme exige a lei. &#8220;Continuo aguardando e torcendo para tudo acabar bem e como deve acabar numa negocia\u00e7\u00e3o entre pessoas corretas: dentro da lei&#8220;, encerrou. Confira a publica\u00e7\u00e3o: No final da tarde, a Sato Company divulgou uma nova nota explicando o caso.\u00a0Dividida em v\u00e1rios pontos, a nota de esclarecimento explica que a retirada de\u00a0Kamen Rider Black foi ato de um dublador que teria se negado a assinar o contrato de cess\u00e3o de voz, e que a equipe est\u00e1 realizando estudos para levantar a quantidade de horas do dublador na produ\u00e7\u00e3o.","og_url":"https:\/\/dublagembrasileira.com.br\/?p=4708","og_site_name":"DB - Dublagem Brasileira","article_author":"https:\/\/www.facebook.com\/dublagembrasileira","article_published_time":"2020-09-04T17:56:06+00:00","article_modified_time":"2021-04-01T18:02:33+00:00","og_image":[{"width":704,"height":496,"url":"https:\/\/dublagembrasileira.com.br\/wp-content\/uploads\/2021\/04\/blackkamen-1.jpg","type":"image\/jpeg"}],"author":"Reda\u00e7\u00e3o","twitter_card":"summary_large_image","twitter_creator":"@dbdublagem","twitter_misc":{"Escrito por":"Reda\u00e7\u00e3o","Est. tempo de leitura":"1 minuto"},"schema":{"@context":"https:\/\/schema.org","@graph":[{"@type":"Article","@id":"https:\/\/dublagembrasileira.com.br\/?p=4708#article","isPartOf":{"@id":"https:\/\/dublagembrasileira.com.br\/?p=4708"},"author":{"name":"Reda\u00e7\u00e3o","@id":"https:\/\/dublagembrasileira.com.br\/#\/schema\/person\/a75bac594c0e9a0b96508b7e124f20d1"},"headline":"Band rertira Kamen Rider Black do ar por problemas com a dublagem.","datePublished":"2020-09-04T17:56:06+00:00","dateModified":"2021-04-01T18:02:33+00:00","mainEntityOfPage":{"@id":"https:\/\/dublagembrasileira.com.br\/?p=4708"},"wordCount":299,"commentCount":0,"publisher":{"@id":"https:\/\/dublagembrasileira.com.br\/#organization"},"image":{"@id":"https:\/\/dublagembrasileira.com.br\/?p=4708#primaryimage"},"thumbnailUrl":"https:\/\/dublagembrasileira.com.br\/wp-content\/uploads\/2021\/04\/blackkamen-1.jpg","articleSection":["Acontece","Not\u00edcias","S\u00e9ries","Televis\u00e3o"],"inLanguage":"pt-BR","potentialAction":[{"@type":"CommentAction","name":"Comment","target":["https:\/\/dublagembrasileira.com.br\/?p=4708#respond"]}]},{"@type":"WebPage","@id":"https:\/\/dublagembrasileira.com.br\/?p=4708","url":"https:\/\/dublagembrasileira.com.br\/?p=4708","name":"Band rertira Kamen Rider Black do ar por problemas com a dublagem. | DB - Dublagem Brasileira","isPartOf":{"@id":"https:\/\/dublagembrasileira.com.br\/#website"},"primaryImageOfPage":{"@id":"https:\/\/dublagembrasileira.com.br\/?p=4708#primaryimage"},"image":{"@id":"https:\/\/dublagembrasileira.com.br\/?p=4708#primaryimage"},"thumbnailUrl":"https:\/\/dublagembrasileira.com.br\/wp-content\/uploads\/2021\/04\/blackkamen-1.jpg","datePublished":"2020-09-04T17:56:06+00:00","dateModified":"2021-04-01T18:02:33+00:00","breadcrumb":{"@id":"https:\/\/dublagembrasileira.com.br\/?p=4708#breadcrumb"},"inLanguage":"pt-BR","potentialAction":[{"@type":"ReadAction","target":["https:\/\/dublagembrasileira.com.br\/?p=4708"]}]},{"@type":"ImageObject","inLanguage":"pt-BR","@id":"https:\/\/dublagembrasileira.com.br\/?p=4708#primaryimage","url":"https:\/\/dublagembrasileira.com.br\/wp-content\/uploads\/2021\/04\/blackkamen-1.jpg","contentUrl":"https:\/\/dublagembrasileira.com.br\/wp-content\/uploads\/2021\/04\/blackkamen-1.jpg","width":704,"height":496},{"@type":"BreadcrumbList","@id":"https:\/\/dublagembrasileira.com.br\/?p=4708#breadcrumb","itemListElement":[{"@type":"ListItem","position":1,"name":"In\u00edcio","item":"https:\/\/dublagembrasileira.com.br\/"},{"@type":"ListItem","position":2,"name":"Band rertira Kamen Rider Black do ar por problemas com a dublagem."}]},{"@type":"WebSite","@id":"https:\/\/dublagembrasileira.com.br\/#website","url":"https:\/\/dublagembrasileira.com.br\/","name":"DB - Dublagem Brasileira","description":"O seu portal de dublagem.","publisher":{"@id":"https:\/\/dublagembrasileira.com.br\/#organization"},"potentialAction":[{"@type":"SearchAction","target":{"@type":"EntryPoint","urlTemplate":"https:\/\/dublagembrasileira.com.br\/?s={search_term_string}"},"query-input":{"@type":"PropertyValueSpecification","valueRequired":true,"valueName":"search_term_string"}}],"inLanguage":"pt-BR"},{"@type":"Organization","@id":"https:\/\/dublagembrasileira.com.br\/#organization","name":"DB - Dublagem Brasileira","url":"https:\/\/dublagembrasileira.com.br\/","logo":{"@type":"ImageObject","inLanguage":"pt-BR","@id":"https:\/\/dublagembrasileira.com.br\/#\/schema\/logo\/image\/","url":"https:\/\/dublagembrasileira.com.br\/wp-content\/uploads\/2019\/07\/cropped-logotipodb.png","contentUrl":"https:\/\/dublagembrasileira.com.br\/wp-content\/uploads\/2019\/07\/cropped-logotipodb.png","width":946,"height":589,"caption":"DB - Dublagem Brasileira"},"image":{"@id":"https:\/\/dublagembrasileira.com.br\/#\/schema\/logo\/image\/"}},{"@type":"Person","@id":"https:\/\/dublagembrasileira.com.br\/#\/schema\/person\/a75bac594c0e9a0b96508b7e124f20d1","name":"Reda\u00e7\u00e3o","image":{"@type":"ImageObject","inLanguage":"pt-BR","@id":"https:\/\/dublagembrasileira.com.br\/#\/schema\/person\/image\/","url":"http:\/\/dublagembrasileira.com.br\/wp-content\/uploads\/2025\/06\/admin-96x96.jpg","contentUrl":"http:\/\/dublagembrasileira.com.br\/wp-content\/uploads\/2025\/06\/admin-96x96.jpg","caption":"Reda\u00e7\u00e3o"},"description":"Equipe do DB.","sameAs":["https:\/\/www.facebook.com\/dublagembrasileira","https:\/\/www.instagram.com\/dbdublagembrasileira","https:\/\/x.com\/dbdublagem"],"url":"https:\/\/dublagembrasileira.com.br\/?author=4"}]}},"rttpg_featured_image_url":{"full":["https:\/\/dublagembrasileira.com.br\/wp-content\/uploads\/2021\/04\/blackkamen-1.jpg",704,496,false],"landscape":["https:\/\/dublagembrasileira.com.br\/wp-content\/uploads\/2021\/04\/blackkamen-1.jpg",704,496,false],"portraits":["https:\/\/dublagembrasileira.com.br\/wp-content\/uploads\/2021\/04\/blackkamen-1.jpg",704,496,false],"thumbnail":["https:\/\/dublagembrasileira.com.br\/wp-content\/uploads\/2021\/04\/blackkamen-1-150x150.jpg",150,150,true],"medium":["https:\/\/dublagembrasileira.com.br\/wp-content\/uploads\/2021\/04\/blackkamen-1-300x211.jpg",300,211,true],"large":["https:\/\/dublagembrasileira.com.br\/wp-content\/uploads\/2021\/04\/blackkamen-1.jpg",640,451,false],"1536x1536":["https:\/\/dublagembrasileira.com.br\/wp-content\/uploads\/2021\/04\/blackkamen-1.jpg",704,496,false],"2048x2048":["https:\/\/dublagembrasileira.com.br\/wp-content\/uploads\/2021\/04\/blackkamen-1.jpg",704,496,false],"eggnews-slider-large":["https:\/\/dublagembrasileira.com.br\/wp-content\/uploads\/2021\/04\/blackkamen-1.jpg",704,496,false],"eggnews-featured-medium":["https:\/\/dublagembrasileira.com.br\/wp-content\/uploads\/2021\/04\/blackkamen-1-420x307.jpg",420,307,true],"eggnews-featured-long":["https:\/\/dublagembrasileira.com.br\/wp-content\/uploads\/2021\/04\/blackkamen-1-300x443.jpg",300,443,true],"eggnews-block-medium":["https:\/\/dublagembrasileira.com.br\/wp-content\/uploads\/2021\/04\/blackkamen-1-464x290.jpg",464,290,true],"eggnews-carousel-image":["https:\/\/dublagembrasileira.com.br\/wp-content\/uploads\/2021\/04\/blackkamen-1-600x496.jpg",600,496,true],"eggnews-block-thumb":["https:\/\/dublagembrasileira.com.br\/wp-content\/uploads\/2021\/04\/blackkamen-1-322x230.jpg",322,230,true],"eggnews-single-large":["https:\/\/dublagembrasileira.com.br\/wp-content\/uploads\/2021\/04\/blackkamen-1.jpg",704,496,false],"crp_thumbnail":["https:\/\/dublagembrasileira.com.br\/wp-content\/uploads\/2021\/04\/blackkamen-1-150x150.jpg",150,150,true]},"rttpg_author":{"display_name":"Reda\u00e7\u00e3o","author_link":"https:\/\/dublagembrasileira.com.br\/?author=4"},"rttpg_comment":0,"rttpg_category":"<a href=\"https:\/\/dublagembrasileira.com.br\/?cat=21\" rel=\"category\">Acontece<\/a> <a href=\"https:\/\/dublagembrasileira.com.br\/?cat=13\" rel=\"category\">Not\u00edcias<\/a> <a href=\"https:\/\/dublagembrasileira.com.br\/?cat=3\" rel=\"category\">S\u00e9ries<\/a> <a href=\"https:\/\/dublagembrasileira.com.br\/?cat=8\" rel=\"category\">Televis\u00e3o<\/a>","rttpg_excerpt":"Sato Company e o dublador \u00c9lcio Sodr\u00e9 negociam a volta da s\u00e9rie. Foi anunciada ontem (3) atrav\u00e9s das redes sociais a\u00a0suspens\u00e3o da exibi\u00e7\u00e3o de\u00a0Kamen Rider Black\u00a0na\u00a0Band. O tokusatsu era uma das atra\u00e7\u00f5es bloco dominical da emissora, que se viu obrigada a procurar uma nova reprise para tampar o buraco. O primeiro comunicado foi feito pela\u00a0Sato&hellip;","_links":{"self":[{"href":"https:\/\/dublagembrasileira.com.br\/index.php?rest_route=\/wp\/v2\/posts\/4708","targetHints":{"allow":["GET"]}}],"collection":[{"href":"https:\/\/dublagembrasileira.com.br\/index.php?rest_route=\/wp\/v2\/posts"}],"about":[{"href":"https:\/\/dublagembrasileira.com.br\/index.php?rest_route=\/wp\/v2\/types\/post"}],"author":[{"embeddable":true,"href":"https:\/\/dublagembrasileira.com.br\/index.php?rest_route=\/wp\/v2\/users\/4"}],"replies":[{"embeddable":true,"href":"https:\/\/dublagembrasileira.com.br\/index.php?rest_route=%2Fwp%2Fv2%2Fcomments&post=4708"}],"version-history":[{"count":3,"href":"https:\/\/dublagembrasileira.com.br\/index.php?rest_route=\/wp\/v2\/posts\/4708\/revisions"}],"predecessor-version":[{"id":4712,"href":"https:\/\/dublagembrasileira.com.br\/index.php?rest_route=\/wp\/v2\/posts\/4708\/revisions\/4712"}],"wp:featuredmedia":[{"embeddable":true,"href":"https:\/\/dublagembrasileira.com.br\/index.php?rest_route=\/wp\/v2\/media\/4709"}],"wp:attachment":[{"href":"https:\/\/dublagembrasileira.com.br\/index.php?rest_route=%2Fwp%2Fv2%2Fmedia&parent=4708"}],"wp:term":[{"taxonomy":"category","embeddable":true,"href":"https:\/\/dublagembrasileira.com.br\/index.php?rest_route=%2Fwp%2Fv2%2Fcategories&post=4708"},{"taxonomy":"post_tag","embeddable":true,"href":"https:\/\/dublagembrasileira.com.br\/index.php?rest_route=%2Fwp%2Fv2%2Ftags&post=4708"}],"curies":[{"name":"wp","href":"https:\/\/api.w.org\/{rel}","templated":true}]}}