{"id":4674,"date":"2021-03-31T13:31:52","date_gmt":"2021-03-31T13:31:52","guid":{"rendered":"http:\/\/dublagembrasileira.com.br\/?p=4674"},"modified":"2021-04-01T16:23:59","modified_gmt":"2021-04-01T16:23:59","slug":"band-corre-com-a-dublagem-da-novela-portuguesa-nazare","status":"publish","type":"post","link":"https:\/\/dublagembrasileira.com.br\/?p=4674","title":{"rendered":"Band corre com a dublagem da novela portuguesa Nazar\u00e9."},"content":{"rendered":"<h4><em>31<\/em><\/h4>\n<hr \/>\n<p style=\"text-align: justify;\">A Band j\u00e1 escolheu a novela substituta da reprise de <strong>Floribella,<\/strong> que atualmente ocupa o hor\u00e1rio nobre da emissora, trata-se de <strong>Nazar\u00e9<\/strong>, uma produ\u00e7\u00e3o do canal portugu\u00eas SIC.<\/p>\n<p style=\"text-align: justify;\"><span style=\"font-size: 1rem;\">Exibido entre 2019 e 2021 em seu pa\u00eds de origem, a novela tem estreia programada no Brasil para maio, e encontra-se na fase final do seu processo de dublagem, o que significa que ocorrer\u00e1 o mesmo que aconteceu com <a href=\"http:\/\/dublagembrasileira.com.br\/?p=414\"><strong>Ouro Verde<\/strong><\/a>, que foi completamente \u2018abrasileirada\u2019.<\/span><\/p>\n<p style=\"text-align: justify;\">A Band est\u00e1 tendo o cuidado de colocar <strong>Nazar\u00e9<\/strong> no ar j\u00e1 com sua dublagem totalmente finalizada, evitando assim eventuais atrasos nos trabalhos por pausas ligadas \u00e0 pandemia, problema enfrentado pela dublagem de <strong>Ouro Verde<\/strong> .<\/p>\n<p style=\"text-align: justify;\">A hist\u00f3ria apresenta Nazar\u00e9 (Carolina Loureiro), uma jovem batalhadora que se v\u00ea obrigada a trair o amor de sua vida, Duarte (Jos\u00e9 Mata), para salvar a vida da pr\u00f3pria m\u00e3e, Matilde (Cust\u00f3dia Gallego), v\u00edtima de um grave tumor cerebral.<\/p>\n","protected":false},"excerpt":{"rendered":"<p>31 A Band j\u00e1 escolheu a novela substituta da reprise de Floribella, que atualmente ocupa o hor\u00e1rio nobre da emissora, trata-se de Nazar\u00e9, uma produ\u00e7\u00e3o do canal portugu\u00eas SIC. Exibido entre 2019 e 2021 em seu pa\u00eds de origem, a novela tem estreia programada no Brasil para maio, e encontra-se na fase final do seu processo de dublagem, o que significa que ocorrer\u00e1 o mesmo que aconteceu com Ouro Verde, que foi completamente \u2018abrasileirada\u2019. A Band est\u00e1 tendo o cuidado de colocar Nazar\u00e9 no ar j\u00e1 com sua dublagem totalmente finalizada, evitando assim eventuais atrasos nos trabalhos por pausas ligadas \u00e0 pandemia, problema enfrentado pela dublagem de Ouro Verde . A hist\u00f3ria apresenta Nazar\u00e9 (Carolina Loureiro), uma jovem batalhadora que se v\u00ea obrigada a trair o amor de sua vida, Duarte (Jos\u00e9 Mata), para salvar a vida da pr\u00f3pria m\u00e3e, Matilde (Cust\u00f3dia Gallego), v\u00edtima de um grave tumor cerebral.<\/p>\n","protected":false},"author":4,"featured_media":4676,"comment_status":"open","ping_status":"open","sticky":false,"template":"","format":"standard","meta":{"_monsterinsights_skip_tracking":false,"_monsterinsights_sitenote_active":false,"_monsterinsights_sitenote_note":"","_monsterinsights_sitenote_category":0,"footnotes":""},"categories":[13,8],"tags":[],"class_list":["post-4674","post","type-post","status-publish","format-standard","has-post-thumbnail","hentry","category-noticias","category-televisao"],"yoast_head":"<!-- This site is optimized with the Yoast SEO plugin v26.1.1 - https:\/\/yoast.com\/wordpress\/plugins\/seo\/ -->\n<title>Band corre com a dublagem da novela portuguesa Nazar\u00e9. | DB - Dublagem Brasileira<\/title>\n<meta name=\"description\" content=\"Para evitar que as paralisa\u00e7\u00f5es da pandemia possam atrapalhar a dublagem da novela, emissora quer finalizar o processo antes de maio.\" \/>\n<meta name=\"robots\" content=\"index, follow, max-snippet:-1, max-image-preview:large, max-video-preview:-1\" \/>\n<link rel=\"canonical\" href=\"https:\/\/dublagembrasileira.com.br\/?p=4674\" \/>\n<meta property=\"og:locale\" content=\"pt_BR\" \/>\n<meta property=\"og:type\" content=\"article\" \/>\n<meta property=\"og:title\" content=\"Band corre com a dublagem da novela portuguesa Nazar\u00e9. | DB - Dublagem Brasileira\" \/>\n<meta property=\"og:description\" content=\"Para evitar que as paralisa\u00e7\u00f5es da pandemia possam atrapalhar a dublagem da novela, emissora quer finalizar o processo antes de maio.\" \/>\n<meta property=\"og:url\" content=\"https:\/\/dublagembrasileira.com.br\/?p=4674\" \/>\n<meta property=\"og:site_name\" content=\"DB - Dublagem Brasileira\" \/>\n<meta property=\"article:author\" content=\"https:\/\/www.facebook.com\/dublagembrasileira\" \/>\n<meta property=\"article:published_time\" content=\"2021-03-31T13:31:52+00:00\" \/>\n<meta property=\"article:modified_time\" content=\"2021-04-01T16:23:59+00:00\" \/>\n<meta property=\"og:image\" content=\"https:\/\/dublagembrasileira.com.br\/wp-content\/uploads\/2021\/04\/2.jpg\" \/>\n\t<meta property=\"og:image:width\" content=\"704\" \/>\n\t<meta property=\"og:image:height\" content=\"496\" \/>\n\t<meta property=\"og:image:type\" content=\"image\/jpeg\" \/>\n<meta name=\"author\" content=\"Reda\u00e7\u00e3o\" \/>\n<meta name=\"twitter:card\" content=\"summary_large_image\" \/>\n<meta name=\"twitter:creator\" content=\"@dbdublagem\" \/>\n<meta name=\"twitter:label1\" content=\"Escrito por\" \/>\n\t<meta name=\"twitter:data1\" content=\"Reda\u00e7\u00e3o\" \/>\n\t<meta name=\"twitter:label2\" content=\"Est. tempo de leitura\" \/>\n\t<meta name=\"twitter:data2\" content=\"1 minuto\" \/>\n<script type=\"application\/ld+json\" class=\"yoast-schema-graph\">{\"@context\":\"https:\/\/schema.org\",\"@graph\":[{\"@type\":\"Article\",\"@id\":\"https:\/\/dublagembrasileira.com.br\/?p=4674#article\",\"isPartOf\":{\"@id\":\"https:\/\/dublagembrasileira.com.br\/?p=4674\"},\"author\":{\"name\":\"Reda\u00e7\u00e3o\",\"@id\":\"https:\/\/dublagembrasileira.com.br\/#\/schema\/person\/a75bac594c0e9a0b96508b7e124f20d1\"},\"headline\":\"Band corre com a dublagem da novela portuguesa Nazar\u00e9.\",\"datePublished\":\"2021-03-31T13:31:52+00:00\",\"dateModified\":\"2021-04-01T16:23:59+00:00\",\"mainEntityOfPage\":{\"@id\":\"https:\/\/dublagembrasileira.com.br\/?p=4674\"},\"wordCount\":162,\"commentCount\":0,\"publisher\":{\"@id\":\"https:\/\/dublagembrasileira.com.br\/#organization\"},\"image\":{\"@id\":\"https:\/\/dublagembrasileira.com.br\/?p=4674#primaryimage\"},\"thumbnailUrl\":\"https:\/\/dublagembrasileira.com.br\/wp-content\/uploads\/2021\/04\/2.jpg\",\"articleSection\":[\"Not\u00edcias\",\"Televis\u00e3o\"],\"inLanguage\":\"pt-BR\",\"potentialAction\":[{\"@type\":\"CommentAction\",\"name\":\"Comment\",\"target\":[\"https:\/\/dublagembrasileira.com.br\/?p=4674#respond\"]}]},{\"@type\":\"WebPage\",\"@id\":\"https:\/\/dublagembrasileira.com.br\/?p=4674\",\"url\":\"https:\/\/dublagembrasileira.com.br\/?p=4674\",\"name\":\"Band corre com a dublagem da novela portuguesa Nazar\u00e9. | DB - Dublagem Brasileira\",\"isPartOf\":{\"@id\":\"https:\/\/dublagembrasileira.com.br\/#website\"},\"primaryImageOfPage\":{\"@id\":\"https:\/\/dublagembrasileira.com.br\/?p=4674#primaryimage\"},\"image\":{\"@id\":\"https:\/\/dublagembrasileira.com.br\/?p=4674#primaryimage\"},\"thumbnailUrl\":\"https:\/\/dublagembrasileira.com.br\/wp-content\/uploads\/2021\/04\/2.jpg\",\"datePublished\":\"2021-03-31T13:31:52+00:00\",\"dateModified\":\"2021-04-01T16:23:59+00:00\",\"description\":\"Para evitar que as paralisa\u00e7\u00f5es da pandemia possam atrapalhar a dublagem da novela, emissora quer finalizar o processo antes de maio.\",\"breadcrumb\":{\"@id\":\"https:\/\/dublagembrasileira.com.br\/?p=4674#breadcrumb\"},\"inLanguage\":\"pt-BR\",\"potentialAction\":[{\"@type\":\"ReadAction\",\"target\":[\"https:\/\/dublagembrasileira.com.br\/?p=4674\"]}]},{\"@type\":\"ImageObject\",\"inLanguage\":\"pt-BR\",\"@id\":\"https:\/\/dublagembrasileira.com.br\/?p=4674#primaryimage\",\"url\":\"https:\/\/dublagembrasileira.com.br\/wp-content\/uploads\/2021\/04\/2.jpg\",\"contentUrl\":\"https:\/\/dublagembrasileira.com.br\/wp-content\/uploads\/2021\/04\/2.jpg\",\"width\":704,\"height\":496},{\"@type\":\"BreadcrumbList\",\"@id\":\"https:\/\/dublagembrasileira.com.br\/?p=4674#breadcrumb\",\"itemListElement\":[{\"@type\":\"ListItem\",\"position\":1,\"name\":\"In\u00edcio\",\"item\":\"https:\/\/dublagembrasileira.com.br\/\"},{\"@type\":\"ListItem\",\"position\":2,\"name\":\"Band corre com a dublagem da novela portuguesa Nazar\u00e9.\"}]},{\"@type\":\"WebSite\",\"@id\":\"https:\/\/dublagembrasileira.com.br\/#website\",\"url\":\"https:\/\/dublagembrasileira.com.br\/\",\"name\":\"DB - Dublagem Brasileira\",\"description\":\"O seu portal de dublagem.\",\"publisher\":{\"@id\":\"https:\/\/dublagembrasileira.com.br\/#organization\"},\"potentialAction\":[{\"@type\":\"SearchAction\",\"target\":{\"@type\":\"EntryPoint\",\"urlTemplate\":\"https:\/\/dublagembrasileira.com.br\/?s={search_term_string}\"},\"query-input\":{\"@type\":\"PropertyValueSpecification\",\"valueRequired\":true,\"valueName\":\"search_term_string\"}}],\"inLanguage\":\"pt-BR\"},{\"@type\":\"Organization\",\"@id\":\"https:\/\/dublagembrasileira.com.br\/#organization\",\"name\":\"DB - Dublagem Brasileira\",\"url\":\"https:\/\/dublagembrasileira.com.br\/\",\"logo\":{\"@type\":\"ImageObject\",\"inLanguage\":\"pt-BR\",\"@id\":\"https:\/\/dublagembrasileira.com.br\/#\/schema\/logo\/image\/\",\"url\":\"https:\/\/dublagembrasileira.com.br\/wp-content\/uploads\/2019\/07\/cropped-logotipodb.png\",\"contentUrl\":\"https:\/\/dublagembrasileira.com.br\/wp-content\/uploads\/2019\/07\/cropped-logotipodb.png\",\"width\":946,\"height\":589,\"caption\":\"DB - Dublagem Brasileira\"},\"image\":{\"@id\":\"https:\/\/dublagembrasileira.com.br\/#\/schema\/logo\/image\/\"}},{\"@type\":\"Person\",\"@id\":\"https:\/\/dublagembrasileira.com.br\/#\/schema\/person\/a75bac594c0e9a0b96508b7e124f20d1\",\"name\":\"Reda\u00e7\u00e3o\",\"image\":{\"@type\":\"ImageObject\",\"inLanguage\":\"pt-BR\",\"@id\":\"https:\/\/dublagembrasileira.com.br\/#\/schema\/person\/image\/\",\"url\":\"http:\/\/dublagembrasileira.com.br\/wp-content\/uploads\/2025\/06\/admin-96x96.jpg\",\"contentUrl\":\"http:\/\/dublagembrasileira.com.br\/wp-content\/uploads\/2025\/06\/admin-96x96.jpg\",\"caption\":\"Reda\u00e7\u00e3o\"},\"description\":\"Equipe do DB.\",\"sameAs\":[\"https:\/\/www.facebook.com\/dublagembrasileira\",\"https:\/\/www.instagram.com\/dbdublagembrasileira\",\"https:\/\/x.com\/dbdublagem\"],\"url\":\"https:\/\/dublagembrasileira.com.br\/?author=4\"}]}<\/script>\n<!-- \/ Yoast SEO plugin. -->","yoast_head_json":{"title":"Band corre com a dublagem da novela portuguesa Nazar\u00e9. | DB - Dublagem Brasileira","description":"Para evitar que as paralisa\u00e7\u00f5es da pandemia possam atrapalhar a dublagem da novela, emissora quer finalizar o processo antes de maio.","robots":{"index":"index","follow":"follow","max-snippet":"max-snippet:-1","max-image-preview":"max-image-preview:large","max-video-preview":"max-video-preview:-1"},"canonical":"https:\/\/dublagembrasileira.com.br\/?p=4674","og_locale":"pt_BR","og_type":"article","og_title":"Band corre com a dublagem da novela portuguesa Nazar\u00e9. | DB - Dublagem Brasileira","og_description":"Para evitar que as paralisa\u00e7\u00f5es da pandemia possam atrapalhar a dublagem da novela, emissora quer finalizar o processo antes de maio.","og_url":"https:\/\/dublagembrasileira.com.br\/?p=4674","og_site_name":"DB - Dublagem Brasileira","article_author":"https:\/\/www.facebook.com\/dublagembrasileira","article_published_time":"2021-03-31T13:31:52+00:00","article_modified_time":"2021-04-01T16:23:59+00:00","og_image":[{"width":704,"height":496,"url":"https:\/\/dublagembrasileira.com.br\/wp-content\/uploads\/2021\/04\/2.jpg","type":"image\/jpeg"}],"author":"Reda\u00e7\u00e3o","twitter_card":"summary_large_image","twitter_creator":"@dbdublagem","twitter_misc":{"Escrito por":"Reda\u00e7\u00e3o","Est. tempo de leitura":"1 minuto"},"schema":{"@context":"https:\/\/schema.org","@graph":[{"@type":"Article","@id":"https:\/\/dublagembrasileira.com.br\/?p=4674#article","isPartOf":{"@id":"https:\/\/dublagembrasileira.com.br\/?p=4674"},"author":{"name":"Reda\u00e7\u00e3o","@id":"https:\/\/dublagembrasileira.com.br\/#\/schema\/person\/a75bac594c0e9a0b96508b7e124f20d1"},"headline":"Band corre com a dublagem da novela portuguesa Nazar\u00e9.","datePublished":"2021-03-31T13:31:52+00:00","dateModified":"2021-04-01T16:23:59+00:00","mainEntityOfPage":{"@id":"https:\/\/dublagembrasileira.com.br\/?p=4674"},"wordCount":162,"commentCount":0,"publisher":{"@id":"https:\/\/dublagembrasileira.com.br\/#organization"},"image":{"@id":"https:\/\/dublagembrasileira.com.br\/?p=4674#primaryimage"},"thumbnailUrl":"https:\/\/dublagembrasileira.com.br\/wp-content\/uploads\/2021\/04\/2.jpg","articleSection":["Not\u00edcias","Televis\u00e3o"],"inLanguage":"pt-BR","potentialAction":[{"@type":"CommentAction","name":"Comment","target":["https:\/\/dublagembrasileira.com.br\/?p=4674#respond"]}]},{"@type":"WebPage","@id":"https:\/\/dublagembrasileira.com.br\/?p=4674","url":"https:\/\/dublagembrasileira.com.br\/?p=4674","name":"Band corre com a dublagem da novela portuguesa Nazar\u00e9. | DB - Dublagem Brasileira","isPartOf":{"@id":"https:\/\/dublagembrasileira.com.br\/#website"},"primaryImageOfPage":{"@id":"https:\/\/dublagembrasileira.com.br\/?p=4674#primaryimage"},"image":{"@id":"https:\/\/dublagembrasileira.com.br\/?p=4674#primaryimage"},"thumbnailUrl":"https:\/\/dublagembrasileira.com.br\/wp-content\/uploads\/2021\/04\/2.jpg","datePublished":"2021-03-31T13:31:52+00:00","dateModified":"2021-04-01T16:23:59+00:00","description":"Para evitar que as paralisa\u00e7\u00f5es da pandemia possam atrapalhar a dublagem da novela, emissora quer finalizar o processo antes de maio.","breadcrumb":{"@id":"https:\/\/dublagembrasileira.com.br\/?p=4674#breadcrumb"},"inLanguage":"pt-BR","potentialAction":[{"@type":"ReadAction","target":["https:\/\/dublagembrasileira.com.br\/?p=4674"]}]},{"@type":"ImageObject","inLanguage":"pt-BR","@id":"https:\/\/dublagembrasileira.com.br\/?p=4674#primaryimage","url":"https:\/\/dublagembrasileira.com.br\/wp-content\/uploads\/2021\/04\/2.jpg","contentUrl":"https:\/\/dublagembrasileira.com.br\/wp-content\/uploads\/2021\/04\/2.jpg","width":704,"height":496},{"@type":"BreadcrumbList","@id":"https:\/\/dublagembrasileira.com.br\/?p=4674#breadcrumb","itemListElement":[{"@type":"ListItem","position":1,"name":"In\u00edcio","item":"https:\/\/dublagembrasileira.com.br\/"},{"@type":"ListItem","position":2,"name":"Band corre com a dublagem da novela portuguesa Nazar\u00e9."}]},{"@type":"WebSite","@id":"https:\/\/dublagembrasileira.com.br\/#website","url":"https:\/\/dublagembrasileira.com.br\/","name":"DB - Dublagem Brasileira","description":"O seu portal de dublagem.","publisher":{"@id":"https:\/\/dublagembrasileira.com.br\/#organization"},"potentialAction":[{"@type":"SearchAction","target":{"@type":"EntryPoint","urlTemplate":"https:\/\/dublagembrasileira.com.br\/?s={search_term_string}"},"query-input":{"@type":"PropertyValueSpecification","valueRequired":true,"valueName":"search_term_string"}}],"inLanguage":"pt-BR"},{"@type":"Organization","@id":"https:\/\/dublagembrasileira.com.br\/#organization","name":"DB - Dublagem Brasileira","url":"https:\/\/dublagembrasileira.com.br\/","logo":{"@type":"ImageObject","inLanguage":"pt-BR","@id":"https:\/\/dublagembrasileira.com.br\/#\/schema\/logo\/image\/","url":"https:\/\/dublagembrasileira.com.br\/wp-content\/uploads\/2019\/07\/cropped-logotipodb.png","contentUrl":"https:\/\/dublagembrasileira.com.br\/wp-content\/uploads\/2019\/07\/cropped-logotipodb.png","width":946,"height":589,"caption":"DB - Dublagem Brasileira"},"image":{"@id":"https:\/\/dublagembrasileira.com.br\/#\/schema\/logo\/image\/"}},{"@type":"Person","@id":"https:\/\/dublagembrasileira.com.br\/#\/schema\/person\/a75bac594c0e9a0b96508b7e124f20d1","name":"Reda\u00e7\u00e3o","image":{"@type":"ImageObject","inLanguage":"pt-BR","@id":"https:\/\/dublagembrasileira.com.br\/#\/schema\/person\/image\/","url":"http:\/\/dublagembrasileira.com.br\/wp-content\/uploads\/2025\/06\/admin-96x96.jpg","contentUrl":"http:\/\/dublagembrasileira.com.br\/wp-content\/uploads\/2025\/06\/admin-96x96.jpg","caption":"Reda\u00e7\u00e3o"},"description":"Equipe do DB.","sameAs":["https:\/\/www.facebook.com\/dublagembrasileira","https:\/\/www.instagram.com\/dbdublagembrasileira","https:\/\/x.com\/dbdublagem"],"url":"https:\/\/dublagembrasileira.com.br\/?author=4"}]}},"rttpg_featured_image_url":{"full":["https:\/\/dublagembrasileira.com.br\/wp-content\/uploads\/2021\/04\/2.jpg",704,496,false],"landscape":["https:\/\/dublagembrasileira.com.br\/wp-content\/uploads\/2021\/04\/2.jpg",704,496,false],"portraits":["https:\/\/dublagembrasileira.com.br\/wp-content\/uploads\/2021\/04\/2.jpg",704,496,false],"thumbnail":["https:\/\/dublagembrasileira.com.br\/wp-content\/uploads\/2021\/04\/2-150x150.jpg",150,150,true],"medium":["https:\/\/dublagembrasileira.com.br\/wp-content\/uploads\/2021\/04\/2-300x211.jpg",300,211,true],"large":["https:\/\/dublagembrasileira.com.br\/wp-content\/uploads\/2021\/04\/2.jpg",640,451,false],"1536x1536":["https:\/\/dublagembrasileira.com.br\/wp-content\/uploads\/2021\/04\/2.jpg",704,496,false],"2048x2048":["https:\/\/dublagembrasileira.com.br\/wp-content\/uploads\/2021\/04\/2.jpg",704,496,false],"eggnews-slider-large":["https:\/\/dublagembrasileira.com.br\/wp-content\/uploads\/2021\/04\/2.jpg",704,496,false],"eggnews-featured-medium":["https:\/\/dublagembrasileira.com.br\/wp-content\/uploads\/2021\/04\/2-420x307.jpg",420,307,true],"eggnews-featured-long":["https:\/\/dublagembrasileira.com.br\/wp-content\/uploads\/2021\/04\/2-300x443.jpg",300,443,true],"eggnews-block-medium":["https:\/\/dublagembrasileira.com.br\/wp-content\/uploads\/2021\/04\/2-464x290.jpg",464,290,true],"eggnews-carousel-image":["https:\/\/dublagembrasileira.com.br\/wp-content\/uploads\/2021\/04\/2-600x496.jpg",600,496,true],"eggnews-block-thumb":["https:\/\/dublagembrasileira.com.br\/wp-content\/uploads\/2021\/04\/2-322x230.jpg",322,230,true],"eggnews-single-large":["https:\/\/dublagembrasileira.com.br\/wp-content\/uploads\/2021\/04\/2.jpg",704,496,false],"crp_thumbnail":["https:\/\/dublagembrasileira.com.br\/wp-content\/uploads\/2021\/04\/2-150x150.jpg",150,150,true]},"rttpg_author":{"display_name":"Reda\u00e7\u00e3o","author_link":"https:\/\/dublagembrasileira.com.br\/?author=4"},"rttpg_comment":2,"rttpg_category":"<a href=\"https:\/\/dublagembrasileira.com.br\/?cat=13\" rel=\"category\">Not\u00edcias<\/a> <a href=\"https:\/\/dublagembrasileira.com.br\/?cat=8\" rel=\"category\">Televis\u00e3o<\/a>","rttpg_excerpt":"31 A Band j\u00e1 escolheu a novela substituta da reprise de Floribella, que atualmente ocupa o hor\u00e1rio nobre da emissora, trata-se de Nazar\u00e9, uma produ\u00e7\u00e3o do canal portugu\u00eas SIC. Exibido entre 2019 e 2021 em seu pa\u00eds de origem, a novela tem estreia programada no Brasil para maio, e encontra-se na fase final do seu&hellip;","_links":{"self":[{"href":"https:\/\/dublagembrasileira.com.br\/index.php?rest_route=\/wp\/v2\/posts\/4674","targetHints":{"allow":["GET"]}}],"collection":[{"href":"https:\/\/dublagembrasileira.com.br\/index.php?rest_route=\/wp\/v2\/posts"}],"about":[{"href":"https:\/\/dublagembrasileira.com.br\/index.php?rest_route=\/wp\/v2\/types\/post"}],"author":[{"embeddable":true,"href":"https:\/\/dublagembrasileira.com.br\/index.php?rest_route=\/wp\/v2\/users\/4"}],"replies":[{"embeddable":true,"href":"https:\/\/dublagembrasileira.com.br\/index.php?rest_route=%2Fwp%2Fv2%2Fcomments&post=4674"}],"version-history":[{"count":2,"href":"https:\/\/dublagembrasileira.com.br\/index.php?rest_route=\/wp\/v2\/posts\/4674\/revisions"}],"predecessor-version":[{"id":4686,"href":"https:\/\/dublagembrasileira.com.br\/index.php?rest_route=\/wp\/v2\/posts\/4674\/revisions\/4686"}],"wp:featuredmedia":[{"embeddable":true,"href":"https:\/\/dublagembrasileira.com.br\/index.php?rest_route=\/wp\/v2\/media\/4676"}],"wp:attachment":[{"href":"https:\/\/dublagembrasileira.com.br\/index.php?rest_route=%2Fwp%2Fv2%2Fmedia&parent=4674"}],"wp:term":[{"taxonomy":"category","embeddable":true,"href":"https:\/\/dublagembrasileira.com.br\/index.php?rest_route=%2Fwp%2Fv2%2Fcategories&post=4674"},{"taxonomy":"post_tag","embeddable":true,"href":"https:\/\/dublagembrasileira.com.br\/index.php?rest_route=%2Fwp%2Fv2%2Ftags&post=4674"}],"curies":[{"name":"wp","href":"https:\/\/api.w.org\/{rel}","templated":true}]}}