{"id":464,"date":"2019-04-24T13:49:21","date_gmt":"2019-04-24T13:49:21","guid":{"rendered":"http:\/\/dublagembrasileira.com.br\/?p=464"},"modified":"2019-07-17T17:24:17","modified_gmt":"2019-07-17T17:24:17","slug":"morre-a-voz-do-timao-em-rei-leao-no-brasil","status":"publish","type":"post","link":"https:\/\/dublagembrasileira.com.br\/?p=464","title":{"rendered":"Morre a voz do Tim\u00e3o em Rei Le\u00e3o no Brasil."},"content":{"rendered":"<div class=\"article__body article--content\" style=\"text-align: justify;\">\n<h4><span class=\"st\"><em>O dublador Pedro de Saint Germain morre em S\u00e3o Paulo.<\/em><br \/>\n<\/span><\/h4>\n<hr \/>\n<p style=\"text-align: justify;\">Morreu hoje em Votuporanga, munic\u00edpio de S\u00e3o Paulo, o <span class=\"st\">cantor brasileiro Pedro Lopes Filho, conhecido como Pedro de Saint Germain. Pedro tinha\u00a0 69 anos de idade e a causa n\u00e3o foi divulgada.<\/span><\/p>\n<p style=\"text-align: justify;\"><span style=\"font-family: Arial, Verdana;\">Natural de S\u00e3o Paulo, <\/span> Pedro ficou conhecido do grande p\u00fablico por seu trabalho na dublagem\u00a0 de personagens como Tim\u00e3o em <strong>O Rei Le\u00e3o <\/strong>e LeFou em <strong>A Bela e a<\/strong> <strong>Fera<\/strong>,<span style=\"font-family: Arial, Verdana;\"> al\u00e9m de atuar em algumas produ\u00e7\u00f5es da Rede Globo.<\/span><strong><br \/>\n<\/strong><\/p>\n<figure id=\"attachment_466\" aria-describedby=\"caption-attachment-466\" style=\"width: 704px\" class=\"wp-caption aligncenter\"><img fetchpriority=\"high\" decoding=\"async\" class=\"size-full wp-image-466\" src=\"http:\/\/dublagembrasileira.com.br\/wp-content\/uploads\/2019\/07\/timao.jpg\" alt=\"\" width=\"704\" height=\"496\" srcset=\"https:\/\/dublagembrasileira.com.br\/wp-content\/uploads\/2019\/07\/timao.jpg 704w, https:\/\/dublagembrasileira.com.br\/wp-content\/uploads\/2019\/07\/timao-300x211.jpg 300w\" sizes=\"(max-width: 704px) 100vw, 704px\" \/><figcaption id=\"caption-attachment-466\" class=\"wp-caption-text\">Tim\u00e3o em Rei Le\u00e3o, excepcional trabalho de Saint Germain<\/figcaption><\/figure>\n<p>Ele estava estava aposentado desde 2013 da dublagem e <span style=\"font-family: Arial, Verdana;\">trabalhava como terapeuta hol\u00edstico<\/span>. Germain come\u00e7ou sua carreira no in\u00edcio dos anos 70 e seus trabalhos incluem cl\u00e1ssicos da Disney como <strong>Lola &amp; Stitch<\/strong>, <strong>A Dama e o Vagabundo<\/strong>, <strong>Aladdin <\/strong>e <strong>Pocahontas<\/strong>.<\/p>\n<\/div>\n<div><\/div>\n<div class=\"article__body article--content\" style=\"text-align: justify;\">\n<p><span style=\"font-family: Arial, Verdana;\">Pedro deixa os familiares. Seu sepultamento ocorre nesta quarta-feira (24), \u00e0s 17h, no Cemit\u00e9rio Jardim das Flores.\u00a0<\/span><\/p>\n<\/div>\n","protected":false},"excerpt":{"rendered":"<p>O dublador Pedro de Saint Germain morre em S\u00e3o Paulo. Morreu hoje em Votuporanga, munic\u00edpio de S\u00e3o Paulo, o cantor brasileiro Pedro Lopes Filho, conhecido como Pedro de Saint Germain. Pedro tinha\u00a0 69 anos de idade e a causa n\u00e3o foi divulgada. Natural de S\u00e3o Paulo, Pedro ficou conhecido do grande p\u00fablico por seu trabalho na dublagem\u00a0 de personagens como Tim\u00e3o em O Rei Le\u00e3o e LeFou em A Bela e a Fera, al\u00e9m de atuar em algumas produ\u00e7\u00f5es da Rede Globo. Ele estava estava aposentado desde 2013 da dublagem e trabalhava como terapeuta hol\u00edstico. Germain come\u00e7ou sua carreira no in\u00edcio dos anos 70 e seus trabalhos incluem cl\u00e1ssicos da Disney como Lola &amp; Stitch, A Dama e o Vagabundo, Aladdin e Pocahontas. Pedro deixa os familiares. Seu sepultamento ocorre nesta quarta-feira (24), \u00e0s 17h, no Cemit\u00e9rio Jardim das Flores.\u00a0<\/p>\n","protected":false},"author":1,"featured_media":465,"comment_status":"open","ping_status":"open","sticky":false,"template":"","format":"standard","meta":{"_monsterinsights_skip_tracking":false,"_monsterinsights_sitenote_active":false,"_monsterinsights_sitenote_note":"","_monsterinsights_sitenote_category":0,"footnotes":""},"categories":[13,22],"tags":[33,34,29,27,72,71],"class_list":["post-464","post","type-post","status-publish","format-standard","has-post-thumbnail","hentry","category-noticias","category-vida-real","tag-dublador","tag-dubladora","tag-dubladores","tag-dublagem","tag-morte","tag-vida-real"],"yoast_head":"<!-- This site is optimized with the Yoast SEO plugin v26.1.1 - https:\/\/yoast.com\/wordpress\/plugins\/seo\/ -->\n<title>Morre a voz do Tim\u00e3o em Rei Le\u00e3o no Brasil. | DB - Dublagem Brasileira<\/title>\n<meta name=\"robots\" content=\"index, follow, max-snippet:-1, max-image-preview:large, max-video-preview:-1\" \/>\n<link rel=\"canonical\" href=\"https:\/\/dublagembrasileira.com.br\/?p=464\" \/>\n<meta property=\"og:locale\" content=\"pt_BR\" \/>\n<meta property=\"og:type\" content=\"article\" \/>\n<meta property=\"og:title\" content=\"Morre a voz do Tim\u00e3o em Rei Le\u00e3o no Brasil. | DB - Dublagem Brasileira\" \/>\n<meta property=\"og:description\" content=\"O dublador Pedro de Saint Germain morre em S\u00e3o Paulo. Morreu hoje em Votuporanga, munic\u00edpio de S\u00e3o Paulo, o cantor brasileiro Pedro Lopes Filho, conhecido como Pedro de Saint Germain. Pedro tinha\u00a0 69 anos de idade e a causa n\u00e3o foi divulgada. Natural de S\u00e3o Paulo, Pedro ficou conhecido do grande p\u00fablico por seu trabalho na dublagem\u00a0 de personagens como Tim\u00e3o em O Rei Le\u00e3o e LeFou em A Bela e a Fera, al\u00e9m de atuar em algumas produ\u00e7\u00f5es da Rede Globo. Ele estava estava aposentado desde 2013 da dublagem e trabalhava como terapeuta hol\u00edstico. Germain come\u00e7ou sua carreira no in\u00edcio dos anos 70 e seus trabalhos incluem cl\u00e1ssicos da Disney como Lola &amp; Stitch, A Dama e o Vagabundo, Aladdin e Pocahontas. Pedro deixa os familiares. Seu sepultamento ocorre nesta quarta-feira (24), \u00e0s 17h, no Cemit\u00e9rio Jardim das Flores.\u00a0\" \/>\n<meta property=\"og:url\" content=\"https:\/\/dublagembrasileira.com.br\/?p=464\" \/>\n<meta property=\"og:site_name\" content=\"DB - Dublagem Brasileira\" \/>\n<meta property=\"article:published_time\" content=\"2019-04-24T13:49:21+00:00\" \/>\n<meta property=\"article:modified_time\" content=\"2019-07-17T17:24:17+00:00\" \/>\n<meta property=\"og:image\" content=\"https:\/\/dublagembrasileira.com.br\/wp-content\/uploads\/2019\/07\/sanit.jpg\" \/>\n\t<meta property=\"og:image:width\" content=\"704\" \/>\n\t<meta property=\"og:image:height\" content=\"496\" \/>\n\t<meta property=\"og:image:type\" content=\"image\/jpeg\" \/>\n<meta name=\"author\" content=\"Iza\u00edas Correia\" \/>\n<meta name=\"twitter:card\" content=\"summary_large_image\" \/>\n<meta name=\"twitter:label1\" content=\"Escrito por\" \/>\n\t<meta name=\"twitter:data1\" content=\"Iza\u00edas Correia\" \/>\n\t<meta name=\"twitter:label2\" content=\"Est. tempo de leitura\" \/>\n\t<meta name=\"twitter:data2\" content=\"1 minuto\" \/>\n<script type=\"application\/ld+json\" class=\"yoast-schema-graph\">{\"@context\":\"https:\/\/schema.org\",\"@graph\":[{\"@type\":\"Article\",\"@id\":\"https:\/\/dublagembrasileira.com.br\/?p=464#article\",\"isPartOf\":{\"@id\":\"https:\/\/dublagembrasileira.com.br\/?p=464\"},\"author\":{\"name\":\"Iza\u00edas Correia\",\"@id\":\"https:\/\/dublagembrasileira.com.br\/#\/schema\/person\/6298fd46a47d1ef447a90b2fc9f2b215\"},\"headline\":\"Morre a voz do Tim\u00e3o em Rei Le\u00e3o no Brasil.\",\"datePublished\":\"2019-04-24T13:49:21+00:00\",\"dateModified\":\"2019-07-17T17:24:17+00:00\",\"mainEntityOfPage\":{\"@id\":\"https:\/\/dublagembrasileira.com.br\/?p=464\"},\"wordCount\":181,\"commentCount\":0,\"publisher\":{\"@id\":\"https:\/\/dublagembrasileira.com.br\/#organization\"},\"image\":{\"@id\":\"https:\/\/dublagembrasileira.com.br\/?p=464#primaryimage\"},\"thumbnailUrl\":\"https:\/\/dublagembrasileira.com.br\/wp-content\/uploads\/2019\/07\/sanit.jpg\",\"keywords\":[\"dublador\",\"dubladora\",\"dubladores\",\"dublagem\",\"morte\",\"vida real\"],\"articleSection\":[\"Not\u00edcias\",\"Vida Real\"],\"inLanguage\":\"pt-BR\",\"potentialAction\":[{\"@type\":\"CommentAction\",\"name\":\"Comment\",\"target\":[\"https:\/\/dublagembrasileira.com.br\/?p=464#respond\"]}]},{\"@type\":\"WebPage\",\"@id\":\"https:\/\/dublagembrasileira.com.br\/?p=464\",\"url\":\"https:\/\/dublagembrasileira.com.br\/?p=464\",\"name\":\"Morre a voz do Tim\u00e3o em Rei Le\u00e3o no Brasil. | DB - Dublagem Brasileira\",\"isPartOf\":{\"@id\":\"https:\/\/dublagembrasileira.com.br\/#website\"},\"primaryImageOfPage\":{\"@id\":\"https:\/\/dublagembrasileira.com.br\/?p=464#primaryimage\"},\"image\":{\"@id\":\"https:\/\/dublagembrasileira.com.br\/?p=464#primaryimage\"},\"thumbnailUrl\":\"https:\/\/dublagembrasileira.com.br\/wp-content\/uploads\/2019\/07\/sanit.jpg\",\"datePublished\":\"2019-04-24T13:49:21+00:00\",\"dateModified\":\"2019-07-17T17:24:17+00:00\",\"breadcrumb\":{\"@id\":\"https:\/\/dublagembrasileira.com.br\/?p=464#breadcrumb\"},\"inLanguage\":\"pt-BR\",\"potentialAction\":[{\"@type\":\"ReadAction\",\"target\":[\"https:\/\/dublagembrasileira.com.br\/?p=464\"]}]},{\"@type\":\"ImageObject\",\"inLanguage\":\"pt-BR\",\"@id\":\"https:\/\/dublagembrasileira.com.br\/?p=464#primaryimage\",\"url\":\"https:\/\/dublagembrasileira.com.br\/wp-content\/uploads\/2019\/07\/sanit.jpg\",\"contentUrl\":\"https:\/\/dublagembrasileira.com.br\/wp-content\/uploads\/2019\/07\/sanit.jpg\",\"width\":704,\"height\":496},{\"@type\":\"BreadcrumbList\",\"@id\":\"https:\/\/dublagembrasileira.com.br\/?p=464#breadcrumb\",\"itemListElement\":[{\"@type\":\"ListItem\",\"position\":1,\"name\":\"In\u00edcio\",\"item\":\"https:\/\/dublagembrasileira.com.br\/\"},{\"@type\":\"ListItem\",\"position\":2,\"name\":\"Morre a voz do Tim\u00e3o em Rei Le\u00e3o no Brasil.\"}]},{\"@type\":\"WebSite\",\"@id\":\"https:\/\/dublagembrasileira.com.br\/#website\",\"url\":\"https:\/\/dublagembrasileira.com.br\/\",\"name\":\"DB - Dublagem Brasileira\",\"description\":\"O seu portal de dublagem.\",\"publisher\":{\"@id\":\"https:\/\/dublagembrasileira.com.br\/#organization\"},\"potentialAction\":[{\"@type\":\"SearchAction\",\"target\":{\"@type\":\"EntryPoint\",\"urlTemplate\":\"https:\/\/dublagembrasileira.com.br\/?s={search_term_string}\"},\"query-input\":{\"@type\":\"PropertyValueSpecification\",\"valueRequired\":true,\"valueName\":\"search_term_string\"}}],\"inLanguage\":\"pt-BR\"},{\"@type\":\"Organization\",\"@id\":\"https:\/\/dublagembrasileira.com.br\/#organization\",\"name\":\"DB - Dublagem Brasileira\",\"url\":\"https:\/\/dublagembrasileira.com.br\/\",\"logo\":{\"@type\":\"ImageObject\",\"inLanguage\":\"pt-BR\",\"@id\":\"https:\/\/dublagembrasileira.com.br\/#\/schema\/logo\/image\/\",\"url\":\"https:\/\/dublagembrasileira.com.br\/wp-content\/uploads\/2019\/07\/cropped-logotipodb.png\",\"contentUrl\":\"https:\/\/dublagembrasileira.com.br\/wp-content\/uploads\/2019\/07\/cropped-logotipodb.png\",\"width\":946,\"height\":589,\"caption\":\"DB - Dublagem Brasileira\"},\"image\":{\"@id\":\"https:\/\/dublagembrasileira.com.br\/#\/schema\/logo\/image\/\"}},{\"@type\":\"Person\",\"@id\":\"https:\/\/dublagembrasileira.com.br\/#\/schema\/person\/6298fd46a47d1ef447a90b2fc9f2b215\",\"name\":\"Iza\u00edas Correia\",\"image\":{\"@type\":\"ImageObject\",\"inLanguage\":\"pt-BR\",\"@id\":\"https:\/\/dublagembrasileira.com.br\/#\/schema\/person\/image\/\",\"url\":\"http:\/\/dublagembrasileira.com.br\/wp-content\/uploads\/2025\/06\/cropped-izaiascorreia-96x96.jpg\",\"contentUrl\":\"http:\/\/dublagembrasileira.com.br\/wp-content\/uploads\/2025\/06\/cropped-izaiascorreia-96x96.jpg\",\"caption\":\"Iza\u00edas Correia\"},\"description\":\"Professor, roteirista e web-designer, respons\u00e1vel pelo site InfanTv. Tamb\u00e9m \u00e9 pesquisador da dublagem brasileira.\",\"url\":\"https:\/\/dublagembrasileira.com.br\/?author=1\"}]}<\/script>\n<!-- \/ Yoast SEO plugin. -->","yoast_head_json":{"title":"Morre a voz do Tim\u00e3o em Rei Le\u00e3o no Brasil. | DB - Dublagem Brasileira","robots":{"index":"index","follow":"follow","max-snippet":"max-snippet:-1","max-image-preview":"max-image-preview:large","max-video-preview":"max-video-preview:-1"},"canonical":"https:\/\/dublagembrasileira.com.br\/?p=464","og_locale":"pt_BR","og_type":"article","og_title":"Morre a voz do Tim\u00e3o em Rei Le\u00e3o no Brasil. | DB - Dublagem Brasileira","og_description":"O dublador Pedro de Saint Germain morre em S\u00e3o Paulo. Morreu hoje em Votuporanga, munic\u00edpio de S\u00e3o Paulo, o cantor brasileiro Pedro Lopes Filho, conhecido como Pedro de Saint Germain. Pedro tinha\u00a0 69 anos de idade e a causa n\u00e3o foi divulgada. Natural de S\u00e3o Paulo, Pedro ficou conhecido do grande p\u00fablico por seu trabalho na dublagem\u00a0 de personagens como Tim\u00e3o em O Rei Le\u00e3o e LeFou em A Bela e a Fera, al\u00e9m de atuar em algumas produ\u00e7\u00f5es da Rede Globo. Ele estava estava aposentado desde 2013 da dublagem e trabalhava como terapeuta hol\u00edstico. Germain come\u00e7ou sua carreira no in\u00edcio dos anos 70 e seus trabalhos incluem cl\u00e1ssicos da Disney como Lola &amp; Stitch, A Dama e o Vagabundo, Aladdin e Pocahontas. Pedro deixa os familiares. Seu sepultamento ocorre nesta quarta-feira (24), \u00e0s 17h, no Cemit\u00e9rio Jardim das Flores.\u00a0","og_url":"https:\/\/dublagembrasileira.com.br\/?p=464","og_site_name":"DB - Dublagem Brasileira","article_published_time":"2019-04-24T13:49:21+00:00","article_modified_time":"2019-07-17T17:24:17+00:00","og_image":[{"width":704,"height":496,"url":"https:\/\/dublagembrasileira.com.br\/wp-content\/uploads\/2019\/07\/sanit.jpg","type":"image\/jpeg"}],"author":"Iza\u00edas Correia","twitter_card":"summary_large_image","twitter_misc":{"Escrito por":"Iza\u00edas Correia","Est. tempo de leitura":"1 minuto"},"schema":{"@context":"https:\/\/schema.org","@graph":[{"@type":"Article","@id":"https:\/\/dublagembrasileira.com.br\/?p=464#article","isPartOf":{"@id":"https:\/\/dublagembrasileira.com.br\/?p=464"},"author":{"name":"Iza\u00edas Correia","@id":"https:\/\/dublagembrasileira.com.br\/#\/schema\/person\/6298fd46a47d1ef447a90b2fc9f2b215"},"headline":"Morre a voz do Tim\u00e3o em Rei Le\u00e3o no Brasil.","datePublished":"2019-04-24T13:49:21+00:00","dateModified":"2019-07-17T17:24:17+00:00","mainEntityOfPage":{"@id":"https:\/\/dublagembrasileira.com.br\/?p=464"},"wordCount":181,"commentCount":0,"publisher":{"@id":"https:\/\/dublagembrasileira.com.br\/#organization"},"image":{"@id":"https:\/\/dublagembrasileira.com.br\/?p=464#primaryimage"},"thumbnailUrl":"https:\/\/dublagembrasileira.com.br\/wp-content\/uploads\/2019\/07\/sanit.jpg","keywords":["dublador","dubladora","dubladores","dublagem","morte","vida real"],"articleSection":["Not\u00edcias","Vida Real"],"inLanguage":"pt-BR","potentialAction":[{"@type":"CommentAction","name":"Comment","target":["https:\/\/dublagembrasileira.com.br\/?p=464#respond"]}]},{"@type":"WebPage","@id":"https:\/\/dublagembrasileira.com.br\/?p=464","url":"https:\/\/dublagembrasileira.com.br\/?p=464","name":"Morre a voz do Tim\u00e3o em Rei Le\u00e3o no Brasil. | DB - Dublagem Brasileira","isPartOf":{"@id":"https:\/\/dublagembrasileira.com.br\/#website"},"primaryImageOfPage":{"@id":"https:\/\/dublagembrasileira.com.br\/?p=464#primaryimage"},"image":{"@id":"https:\/\/dublagembrasileira.com.br\/?p=464#primaryimage"},"thumbnailUrl":"https:\/\/dublagembrasileira.com.br\/wp-content\/uploads\/2019\/07\/sanit.jpg","datePublished":"2019-04-24T13:49:21+00:00","dateModified":"2019-07-17T17:24:17+00:00","breadcrumb":{"@id":"https:\/\/dublagembrasileira.com.br\/?p=464#breadcrumb"},"inLanguage":"pt-BR","potentialAction":[{"@type":"ReadAction","target":["https:\/\/dublagembrasileira.com.br\/?p=464"]}]},{"@type":"ImageObject","inLanguage":"pt-BR","@id":"https:\/\/dublagembrasileira.com.br\/?p=464#primaryimage","url":"https:\/\/dublagembrasileira.com.br\/wp-content\/uploads\/2019\/07\/sanit.jpg","contentUrl":"https:\/\/dublagembrasileira.com.br\/wp-content\/uploads\/2019\/07\/sanit.jpg","width":704,"height":496},{"@type":"BreadcrumbList","@id":"https:\/\/dublagembrasileira.com.br\/?p=464#breadcrumb","itemListElement":[{"@type":"ListItem","position":1,"name":"In\u00edcio","item":"https:\/\/dublagembrasileira.com.br\/"},{"@type":"ListItem","position":2,"name":"Morre a voz do Tim\u00e3o em Rei Le\u00e3o no Brasil."}]},{"@type":"WebSite","@id":"https:\/\/dublagembrasileira.com.br\/#website","url":"https:\/\/dublagembrasileira.com.br\/","name":"DB - Dublagem Brasileira","description":"O seu portal de dublagem.","publisher":{"@id":"https:\/\/dublagembrasileira.com.br\/#organization"},"potentialAction":[{"@type":"SearchAction","target":{"@type":"EntryPoint","urlTemplate":"https:\/\/dublagembrasileira.com.br\/?s={search_term_string}"},"query-input":{"@type":"PropertyValueSpecification","valueRequired":true,"valueName":"search_term_string"}}],"inLanguage":"pt-BR"},{"@type":"Organization","@id":"https:\/\/dublagembrasileira.com.br\/#organization","name":"DB - Dublagem Brasileira","url":"https:\/\/dublagembrasileira.com.br\/","logo":{"@type":"ImageObject","inLanguage":"pt-BR","@id":"https:\/\/dublagembrasileira.com.br\/#\/schema\/logo\/image\/","url":"https:\/\/dublagembrasileira.com.br\/wp-content\/uploads\/2019\/07\/cropped-logotipodb.png","contentUrl":"https:\/\/dublagembrasileira.com.br\/wp-content\/uploads\/2019\/07\/cropped-logotipodb.png","width":946,"height":589,"caption":"DB - Dublagem Brasileira"},"image":{"@id":"https:\/\/dublagembrasileira.com.br\/#\/schema\/logo\/image\/"}},{"@type":"Person","@id":"https:\/\/dublagembrasileira.com.br\/#\/schema\/person\/6298fd46a47d1ef447a90b2fc9f2b215","name":"Iza\u00edas Correia","image":{"@type":"ImageObject","inLanguage":"pt-BR","@id":"https:\/\/dublagembrasileira.com.br\/#\/schema\/person\/image\/","url":"http:\/\/dublagembrasileira.com.br\/wp-content\/uploads\/2025\/06\/cropped-izaiascorreia-96x96.jpg","contentUrl":"http:\/\/dublagembrasileira.com.br\/wp-content\/uploads\/2025\/06\/cropped-izaiascorreia-96x96.jpg","caption":"Iza\u00edas Correia"},"description":"Professor, roteirista e web-designer, respons\u00e1vel pelo site InfanTv. Tamb\u00e9m \u00e9 pesquisador da dublagem brasileira.","url":"https:\/\/dublagembrasileira.com.br\/?author=1"}]}},"rttpg_featured_image_url":{"full":["https:\/\/dublagembrasileira.com.br\/wp-content\/uploads\/2019\/07\/sanit.jpg",704,496,false],"landscape":["https:\/\/dublagembrasileira.com.br\/wp-content\/uploads\/2019\/07\/sanit.jpg",704,496,false],"portraits":["https:\/\/dublagembrasileira.com.br\/wp-content\/uploads\/2019\/07\/sanit.jpg",704,496,false],"thumbnail":["https:\/\/dublagembrasileira.com.br\/wp-content\/uploads\/2019\/07\/sanit-150x150.jpg",150,150,true],"medium":["https:\/\/dublagembrasileira.com.br\/wp-content\/uploads\/2019\/07\/sanit-300x211.jpg",300,211,true],"large":["https:\/\/dublagembrasileira.com.br\/wp-content\/uploads\/2019\/07\/sanit.jpg",640,451,false],"1536x1536":["https:\/\/dublagembrasileira.com.br\/wp-content\/uploads\/2019\/07\/sanit.jpg",704,496,false],"2048x2048":["https:\/\/dublagembrasileira.com.br\/wp-content\/uploads\/2019\/07\/sanit.jpg",704,496,false],"eggnews-slider-large":["https:\/\/dublagembrasileira.com.br\/wp-content\/uploads\/2019\/07\/sanit.jpg",704,496,false],"eggnews-featured-medium":["https:\/\/dublagembrasileira.com.br\/wp-content\/uploads\/2019\/07\/sanit-420x307.jpg",420,307,true],"eggnews-featured-long":["https:\/\/dublagembrasileira.com.br\/wp-content\/uploads\/2019\/07\/sanit-300x443.jpg",300,443,true],"eggnews-block-medium":["https:\/\/dublagembrasileira.com.br\/wp-content\/uploads\/2019\/07\/sanit-464x290.jpg",464,290,true],"eggnews-carousel-image":["https:\/\/dublagembrasileira.com.br\/wp-content\/uploads\/2019\/07\/sanit-600x496.jpg",600,496,true],"eggnews-block-thumb":["https:\/\/dublagembrasileira.com.br\/wp-content\/uploads\/2019\/07\/sanit-322x230.jpg",322,230,true],"eggnews-single-large":["https:\/\/dublagembrasileira.com.br\/wp-content\/uploads\/2019\/07\/sanit.jpg",704,496,false],"crp_thumbnail":["https:\/\/dublagembrasileira.com.br\/wp-content\/uploads\/2019\/07\/sanit.jpg",150,106,false]},"rttpg_author":{"display_name":"Iza\u00edas Correia","author_link":"https:\/\/dublagembrasileira.com.br\/?author=1"},"rttpg_comment":0,"rttpg_category":"<a href=\"https:\/\/dublagembrasileira.com.br\/?cat=13\" rel=\"category\">Not\u00edcias<\/a> <a href=\"https:\/\/dublagembrasileira.com.br\/?cat=22\" rel=\"category\">Vida Real<\/a>","rttpg_excerpt":"O dublador Pedro de Saint Germain morre em S\u00e3o Paulo. Morreu hoje em Votuporanga, munic\u00edpio de S\u00e3o Paulo, o cantor brasileiro Pedro Lopes Filho, conhecido como Pedro de Saint Germain. Pedro tinha\u00a0 69 anos de idade e a causa n\u00e3o foi divulgada. Natural de S\u00e3o Paulo, Pedro ficou conhecido do grande p\u00fablico por seu trabalho&hellip;","_links":{"self":[{"href":"https:\/\/dublagembrasileira.com.br\/index.php?rest_route=\/wp\/v2\/posts\/464","targetHints":{"allow":["GET"]}}],"collection":[{"href":"https:\/\/dublagembrasileira.com.br\/index.php?rest_route=\/wp\/v2\/posts"}],"about":[{"href":"https:\/\/dublagembrasileira.com.br\/index.php?rest_route=\/wp\/v2\/types\/post"}],"author":[{"embeddable":true,"href":"https:\/\/dublagembrasileira.com.br\/index.php?rest_route=\/wp\/v2\/users\/1"}],"replies":[{"embeddable":true,"href":"https:\/\/dublagembrasileira.com.br\/index.php?rest_route=%2Fwp%2Fv2%2Fcomments&post=464"}],"version-history":[{"count":3,"href":"https:\/\/dublagembrasileira.com.br\/index.php?rest_route=\/wp\/v2\/posts\/464\/revisions"}],"predecessor-version":[{"id":469,"href":"https:\/\/dublagembrasileira.com.br\/index.php?rest_route=\/wp\/v2\/posts\/464\/revisions\/469"}],"wp:featuredmedia":[{"embeddable":true,"href":"https:\/\/dublagembrasileira.com.br\/index.php?rest_route=\/wp\/v2\/media\/465"}],"wp:attachment":[{"href":"https:\/\/dublagembrasileira.com.br\/index.php?rest_route=%2Fwp%2Fv2%2Fmedia&parent=464"}],"wp:term":[{"taxonomy":"category","embeddable":true,"href":"https:\/\/dublagembrasileira.com.br\/index.php?rest_route=%2Fwp%2Fv2%2Fcategories&post=464"},{"taxonomy":"post_tag","embeddable":true,"href":"https:\/\/dublagembrasileira.com.br\/index.php?rest_route=%2Fwp%2Fv2%2Ftags&post=464"}],"curies":[{"name":"wp","href":"https:\/\/api.w.org\/{rel}","templated":true}]}}