{"id":4581,"date":"2020-01-19T16:27:36","date_gmt":"2020-01-19T16:27:36","guid":{"rendered":"http:\/\/dublagembrasileira.com.br\/?p=4581"},"modified":"2020-08-07T17:28:35","modified_gmt":"2020-08-07T17:28:35","slug":"morre-roberto-barreiros-voz-de-inumeros-personagens-da-hanna-barbera","status":"publish","type":"post","link":"https:\/\/dublagembrasileira.com.br\/?p=4581","title":{"rendered":"Morre Roberto Barreiros, voz de in\u00fameros personagens da Hanna-Barbera."},"content":{"rendered":"<div>\n<h4><em>Dublador j\u00e1 emprestou a voz a personagens como: Babal\u00fa, Jambo, Ruiv\u00e3o, Tartaruga Tuche, entre outros.<\/em><\/h4>\n<hr \/>\n<p>Morreu ontem (20), aos 83 anos de idade, o cantor, humorista e dublador Roberto Barreiros.<\/p>\n<\/div>\n<div style=\"text-align: justify;\">Nascido em Jundia\u00ed, ele come\u00e7ou a sua carreira cedo no r\u00e1dio. E muito jovem tornou-se o diretor de uma emissora local, o que chegou a causar estranhamento em Vicente Celestino, que ao pedir para falar com o diretor achou que o rapaz estava brincando com sua cara.<\/div>\n<div style=\"text-align: justify;\"><\/div>\n<div style=\"text-align: justify;\">Em 1950, j\u00e1 em S\u00e3o Paulo, tornou-se radioator, na R\u00e1dio Record. Muito extrovertido, logo migrou para a televis\u00e3o, onde participou de diversos programas humor\u00edsticos.<\/div>\n<div style=\"text-align: justify;\"><\/div>\n<div style=\"text-align: justify;\">Na dublagem, ingressou em 1961 na GravaSon, que tornou-se AIC em seguida. \u00c9 dele a voz de Jambo e Ruiv\u00e3o, de <strong>Babal\u00fa (Pepe Legal),<\/strong> Senhor Twiddle (<strong>Wally Gator<\/strong>), Tartaruga Tuche, Major Menor (<strong>Le\u00e3o da Montanha<\/strong>) e in[umeros outros personagens de desenhos animados.<\/div>\n<div>\n<div><\/div>\n<\/div>\n","protected":false},"excerpt":{"rendered":"<p>Dublador j\u00e1 emprestou a voz a personagens como: Babal\u00fa, Jambo, Ruiv\u00e3o, Tartaruga Tuche, entre outros. Morreu ontem (20), aos 83 anos de idade, o cantor, humorista e dublador Roberto Barreiros. Nascido em Jundia\u00ed, ele come\u00e7ou a sua carreira cedo no r\u00e1dio. E muito jovem tornou-se o diretor de uma emissora local, o que chegou a causar estranhamento em Vicente Celestino, que ao pedir para falar com o diretor achou que o rapaz estava brincando com sua cara. Em 1950, j\u00e1 em S\u00e3o Paulo, tornou-se radioator, na R\u00e1dio Record. Muito extrovertido, logo migrou para a televis\u00e3o, onde participou de diversos programas humor\u00edsticos. Na dublagem, ingressou em 1961 na GravaSon, que tornou-se AIC em seguida. \u00c9 dele a voz de Jambo e Ruiv\u00e3o, de Babal\u00fa (Pepe Legal), Senhor Twiddle (Wally Gator), Tartaruga Tuche, Major Menor (Le\u00e3o da Montanha) e in[umeros outros personagens de desenhos animados.<\/p>\n","protected":false},"author":1,"featured_media":4582,"comment_status":"open","ping_status":"open","sticky":false,"template":"","format":"standard","meta":{"_monsterinsights_skip_tracking":false,"_monsterinsights_sitenote_active":false,"_monsterinsights_sitenote_note":"","_monsterinsights_sitenote_category":0,"footnotes":""},"categories":[13,22],"tags":[33,27,152,72],"class_list":["post-4581","post","type-post","status-publish","format-standard","has-post-thumbnail","hentry","category-noticias","category-vida-real","tag-dublador","tag-dublagem","tag-falecimento","tag-morte"],"yoast_head":"<!-- This site is optimized with the Yoast SEO plugin v26.1.1 - https:\/\/yoast.com\/wordpress\/plugins\/seo\/ -->\n<title>Morre Roberto Barreiros, voz de in\u00fameros personagens da Hanna-Barbera. | DB - Dublagem Brasileira<\/title>\n<meta name=\"description\" content=\"Dublador j\u00e1 emprestou a voz a personagens como: Babal\u00fa, Jambo, Ruiv\u00e3o, Tartaruga Tuche, entre outros.\" \/>\n<meta name=\"robots\" content=\"index, follow, max-snippet:-1, max-image-preview:large, max-video-preview:-1\" \/>\n<link rel=\"canonical\" href=\"https:\/\/dublagembrasileira.com.br\/?p=4581\" \/>\n<meta property=\"og:locale\" content=\"pt_BR\" \/>\n<meta property=\"og:type\" content=\"article\" \/>\n<meta property=\"og:title\" content=\"Morre Roberto Barreiros, voz de in\u00fameros personagens da Hanna-Barbera. | DB - Dublagem Brasileira\" \/>\n<meta property=\"og:description\" content=\"Dublador j\u00e1 emprestou a voz a personagens como: Babal\u00fa, Jambo, Ruiv\u00e3o, Tartaruga Tuche, entre outros.\" \/>\n<meta property=\"og:url\" content=\"https:\/\/dublagembrasileira.com.br\/?p=4581\" \/>\n<meta property=\"og:site_name\" content=\"DB - Dublagem Brasileira\" \/>\n<meta property=\"article:published_time\" content=\"2020-01-19T16:27:36+00:00\" \/>\n<meta property=\"article:modified_time\" content=\"2020-08-07T17:28:35+00:00\" \/>\n<meta property=\"og:image\" content=\"https:\/\/dublagembrasileira.com.br\/wp-content\/uploads\/2020\/08\/\u00edndicgggge.jpg\" \/>\n\t<meta property=\"og:image:width\" content=\"650\" \/>\n\t<meta property=\"og:image:height\" content=\"366\" \/>\n\t<meta property=\"og:image:type\" content=\"image\/jpeg\" \/>\n<meta name=\"author\" content=\"Iza\u00edas Correia\" \/>\n<meta name=\"twitter:card\" content=\"summary_large_image\" \/>\n<meta name=\"twitter:label1\" content=\"Escrito por\" \/>\n\t<meta name=\"twitter:data1\" content=\"Iza\u00edas Correia\" \/>\n\t<meta name=\"twitter:label2\" content=\"Est. tempo de leitura\" \/>\n\t<meta name=\"twitter:data2\" content=\"1 minuto\" \/>\n<script type=\"application\/ld+json\" class=\"yoast-schema-graph\">{\"@context\":\"https:\/\/schema.org\",\"@graph\":[{\"@type\":\"Article\",\"@id\":\"https:\/\/dublagembrasileira.com.br\/?p=4581#article\",\"isPartOf\":{\"@id\":\"https:\/\/dublagembrasileira.com.br\/?p=4581\"},\"author\":{\"name\":\"Iza\u00edas Correia\",\"@id\":\"https:\/\/dublagembrasileira.com.br\/#\/schema\/person\/6298fd46a47d1ef447a90b2fc9f2b215\"},\"headline\":\"Morre Roberto Barreiros, voz de in\u00fameros personagens da Hanna-Barbera.\",\"datePublished\":\"2020-01-19T16:27:36+00:00\",\"dateModified\":\"2020-08-07T17:28:35+00:00\",\"mainEntityOfPage\":{\"@id\":\"https:\/\/dublagembrasileira.com.br\/?p=4581\"},\"wordCount\":158,\"commentCount\":0,\"publisher\":{\"@id\":\"https:\/\/dublagembrasileira.com.br\/#organization\"},\"image\":{\"@id\":\"https:\/\/dublagembrasileira.com.br\/?p=4581#primaryimage\"},\"thumbnailUrl\":\"https:\/\/dublagembrasileira.com.br\/wp-content\/uploads\/2020\/08\/\u00edndicgggge.jpg\",\"keywords\":[\"dublador\",\"dublagem\",\"falecimento\",\"morte\"],\"articleSection\":[\"Not\u00edcias\",\"Vida Real\"],\"inLanguage\":\"pt-BR\",\"potentialAction\":[{\"@type\":\"CommentAction\",\"name\":\"Comment\",\"target\":[\"https:\/\/dublagembrasileira.com.br\/?p=4581#respond\"]}]},{\"@type\":\"WebPage\",\"@id\":\"https:\/\/dublagembrasileira.com.br\/?p=4581\",\"url\":\"https:\/\/dublagembrasileira.com.br\/?p=4581\",\"name\":\"Morre Roberto Barreiros, voz de in\u00fameros personagens da Hanna-Barbera. | DB - Dublagem Brasileira\",\"isPartOf\":{\"@id\":\"https:\/\/dublagembrasileira.com.br\/#website\"},\"primaryImageOfPage\":{\"@id\":\"https:\/\/dublagembrasileira.com.br\/?p=4581#primaryimage\"},\"image\":{\"@id\":\"https:\/\/dublagembrasileira.com.br\/?p=4581#primaryimage\"},\"thumbnailUrl\":\"https:\/\/dublagembrasileira.com.br\/wp-content\/uploads\/2020\/08\/\u00edndicgggge.jpg\",\"datePublished\":\"2020-01-19T16:27:36+00:00\",\"dateModified\":\"2020-08-07T17:28:35+00:00\",\"description\":\"Dublador j\u00e1 emprestou a voz a personagens como: Babal\u00fa, Jambo, Ruiv\u00e3o, Tartaruga Tuche, entre outros.\",\"breadcrumb\":{\"@id\":\"https:\/\/dublagembrasileira.com.br\/?p=4581#breadcrumb\"},\"inLanguage\":\"pt-BR\",\"potentialAction\":[{\"@type\":\"ReadAction\",\"target\":[\"https:\/\/dublagembrasileira.com.br\/?p=4581\"]}]},{\"@type\":\"ImageObject\",\"inLanguage\":\"pt-BR\",\"@id\":\"https:\/\/dublagembrasileira.com.br\/?p=4581#primaryimage\",\"url\":\"https:\/\/dublagembrasileira.com.br\/wp-content\/uploads\/2020\/08\/\u00edndicgggge.jpg\",\"contentUrl\":\"https:\/\/dublagembrasileira.com.br\/wp-content\/uploads\/2020\/08\/\u00edndicgggge.jpg\",\"width\":650,\"height\":366},{\"@type\":\"BreadcrumbList\",\"@id\":\"https:\/\/dublagembrasileira.com.br\/?p=4581#breadcrumb\",\"itemListElement\":[{\"@type\":\"ListItem\",\"position\":1,\"name\":\"In\u00edcio\",\"item\":\"https:\/\/dublagembrasileira.com.br\/\"},{\"@type\":\"ListItem\",\"position\":2,\"name\":\"Morre Roberto Barreiros, voz de in\u00fameros personagens da Hanna-Barbera.\"}]},{\"@type\":\"WebSite\",\"@id\":\"https:\/\/dublagembrasileira.com.br\/#website\",\"url\":\"https:\/\/dublagembrasileira.com.br\/\",\"name\":\"DB - Dublagem Brasileira\",\"description\":\"O seu portal de dublagem.\",\"publisher\":{\"@id\":\"https:\/\/dublagembrasileira.com.br\/#organization\"},\"potentialAction\":[{\"@type\":\"SearchAction\",\"target\":{\"@type\":\"EntryPoint\",\"urlTemplate\":\"https:\/\/dublagembrasileira.com.br\/?s={search_term_string}\"},\"query-input\":{\"@type\":\"PropertyValueSpecification\",\"valueRequired\":true,\"valueName\":\"search_term_string\"}}],\"inLanguage\":\"pt-BR\"},{\"@type\":\"Organization\",\"@id\":\"https:\/\/dublagembrasileira.com.br\/#organization\",\"name\":\"DB - Dublagem Brasileira\",\"url\":\"https:\/\/dublagembrasileira.com.br\/\",\"logo\":{\"@type\":\"ImageObject\",\"inLanguage\":\"pt-BR\",\"@id\":\"https:\/\/dublagembrasileira.com.br\/#\/schema\/logo\/image\/\",\"url\":\"https:\/\/dublagembrasileira.com.br\/wp-content\/uploads\/2019\/07\/cropped-logotipodb.png\",\"contentUrl\":\"https:\/\/dublagembrasileira.com.br\/wp-content\/uploads\/2019\/07\/cropped-logotipodb.png\",\"width\":946,\"height\":589,\"caption\":\"DB - Dublagem Brasileira\"},\"image\":{\"@id\":\"https:\/\/dublagembrasileira.com.br\/#\/schema\/logo\/image\/\"}},{\"@type\":\"Person\",\"@id\":\"https:\/\/dublagembrasileira.com.br\/#\/schema\/person\/6298fd46a47d1ef447a90b2fc9f2b215\",\"name\":\"Iza\u00edas Correia\",\"image\":{\"@type\":\"ImageObject\",\"inLanguage\":\"pt-BR\",\"@id\":\"https:\/\/dublagembrasileira.com.br\/#\/schema\/person\/image\/\",\"url\":\"http:\/\/dublagembrasileira.com.br\/wp-content\/uploads\/2025\/06\/cropped-izaiascorreia-96x96.jpg\",\"contentUrl\":\"http:\/\/dublagembrasileira.com.br\/wp-content\/uploads\/2025\/06\/cropped-izaiascorreia-96x96.jpg\",\"caption\":\"Iza\u00edas Correia\"},\"description\":\"Professor, roteirista e web-designer, respons\u00e1vel pelo site InfanTv. Tamb\u00e9m \u00e9 pesquisador da dublagem brasileira.\",\"url\":\"https:\/\/dublagembrasileira.com.br\/?author=1\"}]}<\/script>\n<!-- \/ Yoast SEO plugin. -->","yoast_head_json":{"title":"Morre Roberto Barreiros, voz de in\u00fameros personagens da Hanna-Barbera. | DB - Dublagem Brasileira","description":"Dublador j\u00e1 emprestou a voz a personagens como: Babal\u00fa, Jambo, Ruiv\u00e3o, Tartaruga Tuche, entre outros.","robots":{"index":"index","follow":"follow","max-snippet":"max-snippet:-1","max-image-preview":"max-image-preview:large","max-video-preview":"max-video-preview:-1"},"canonical":"https:\/\/dublagembrasileira.com.br\/?p=4581","og_locale":"pt_BR","og_type":"article","og_title":"Morre Roberto Barreiros, voz de in\u00fameros personagens da Hanna-Barbera. | DB - Dublagem Brasileira","og_description":"Dublador j\u00e1 emprestou a voz a personagens como: Babal\u00fa, Jambo, Ruiv\u00e3o, Tartaruga Tuche, entre outros.","og_url":"https:\/\/dublagembrasileira.com.br\/?p=4581","og_site_name":"DB - Dublagem Brasileira","article_published_time":"2020-01-19T16:27:36+00:00","article_modified_time":"2020-08-07T17:28:35+00:00","og_image":[{"width":650,"height":366,"url":"https:\/\/dublagembrasileira.com.br\/wp-content\/uploads\/2020\/08\/\u00edndicgggge.jpg","type":"image\/jpeg"}],"author":"Iza\u00edas Correia","twitter_card":"summary_large_image","twitter_misc":{"Escrito por":"Iza\u00edas Correia","Est. tempo de leitura":"1 minuto"},"schema":{"@context":"https:\/\/schema.org","@graph":[{"@type":"Article","@id":"https:\/\/dublagembrasileira.com.br\/?p=4581#article","isPartOf":{"@id":"https:\/\/dublagembrasileira.com.br\/?p=4581"},"author":{"name":"Iza\u00edas Correia","@id":"https:\/\/dublagembrasileira.com.br\/#\/schema\/person\/6298fd46a47d1ef447a90b2fc9f2b215"},"headline":"Morre Roberto Barreiros, voz de in\u00fameros personagens da Hanna-Barbera.","datePublished":"2020-01-19T16:27:36+00:00","dateModified":"2020-08-07T17:28:35+00:00","mainEntityOfPage":{"@id":"https:\/\/dublagembrasileira.com.br\/?p=4581"},"wordCount":158,"commentCount":0,"publisher":{"@id":"https:\/\/dublagembrasileira.com.br\/#organization"},"image":{"@id":"https:\/\/dublagembrasileira.com.br\/?p=4581#primaryimage"},"thumbnailUrl":"https:\/\/dublagembrasileira.com.br\/wp-content\/uploads\/2020\/08\/\u00edndicgggge.jpg","keywords":["dublador","dublagem","falecimento","morte"],"articleSection":["Not\u00edcias","Vida Real"],"inLanguage":"pt-BR","potentialAction":[{"@type":"CommentAction","name":"Comment","target":["https:\/\/dublagembrasileira.com.br\/?p=4581#respond"]}]},{"@type":"WebPage","@id":"https:\/\/dublagembrasileira.com.br\/?p=4581","url":"https:\/\/dublagembrasileira.com.br\/?p=4581","name":"Morre Roberto Barreiros, voz de in\u00fameros personagens da Hanna-Barbera. | DB - Dublagem Brasileira","isPartOf":{"@id":"https:\/\/dublagembrasileira.com.br\/#website"},"primaryImageOfPage":{"@id":"https:\/\/dublagembrasileira.com.br\/?p=4581#primaryimage"},"image":{"@id":"https:\/\/dublagembrasileira.com.br\/?p=4581#primaryimage"},"thumbnailUrl":"https:\/\/dublagembrasileira.com.br\/wp-content\/uploads\/2020\/08\/\u00edndicgggge.jpg","datePublished":"2020-01-19T16:27:36+00:00","dateModified":"2020-08-07T17:28:35+00:00","description":"Dublador j\u00e1 emprestou a voz a personagens como: Babal\u00fa, Jambo, Ruiv\u00e3o, Tartaruga Tuche, entre outros.","breadcrumb":{"@id":"https:\/\/dublagembrasileira.com.br\/?p=4581#breadcrumb"},"inLanguage":"pt-BR","potentialAction":[{"@type":"ReadAction","target":["https:\/\/dublagembrasileira.com.br\/?p=4581"]}]},{"@type":"ImageObject","inLanguage":"pt-BR","@id":"https:\/\/dublagembrasileira.com.br\/?p=4581#primaryimage","url":"https:\/\/dublagembrasileira.com.br\/wp-content\/uploads\/2020\/08\/\u00edndicgggge.jpg","contentUrl":"https:\/\/dublagembrasileira.com.br\/wp-content\/uploads\/2020\/08\/\u00edndicgggge.jpg","width":650,"height":366},{"@type":"BreadcrumbList","@id":"https:\/\/dublagembrasileira.com.br\/?p=4581#breadcrumb","itemListElement":[{"@type":"ListItem","position":1,"name":"In\u00edcio","item":"https:\/\/dublagembrasileira.com.br\/"},{"@type":"ListItem","position":2,"name":"Morre Roberto Barreiros, voz de in\u00fameros personagens da Hanna-Barbera."}]},{"@type":"WebSite","@id":"https:\/\/dublagembrasileira.com.br\/#website","url":"https:\/\/dublagembrasileira.com.br\/","name":"DB - Dublagem Brasileira","description":"O seu portal de dublagem.","publisher":{"@id":"https:\/\/dublagembrasileira.com.br\/#organization"},"potentialAction":[{"@type":"SearchAction","target":{"@type":"EntryPoint","urlTemplate":"https:\/\/dublagembrasileira.com.br\/?s={search_term_string}"},"query-input":{"@type":"PropertyValueSpecification","valueRequired":true,"valueName":"search_term_string"}}],"inLanguage":"pt-BR"},{"@type":"Organization","@id":"https:\/\/dublagembrasileira.com.br\/#organization","name":"DB - Dublagem Brasileira","url":"https:\/\/dublagembrasileira.com.br\/","logo":{"@type":"ImageObject","inLanguage":"pt-BR","@id":"https:\/\/dublagembrasileira.com.br\/#\/schema\/logo\/image\/","url":"https:\/\/dublagembrasileira.com.br\/wp-content\/uploads\/2019\/07\/cropped-logotipodb.png","contentUrl":"https:\/\/dublagembrasileira.com.br\/wp-content\/uploads\/2019\/07\/cropped-logotipodb.png","width":946,"height":589,"caption":"DB - Dublagem Brasileira"},"image":{"@id":"https:\/\/dublagembrasileira.com.br\/#\/schema\/logo\/image\/"}},{"@type":"Person","@id":"https:\/\/dublagembrasileira.com.br\/#\/schema\/person\/6298fd46a47d1ef447a90b2fc9f2b215","name":"Iza\u00edas Correia","image":{"@type":"ImageObject","inLanguage":"pt-BR","@id":"https:\/\/dublagembrasileira.com.br\/#\/schema\/person\/image\/","url":"http:\/\/dublagembrasileira.com.br\/wp-content\/uploads\/2025\/06\/cropped-izaiascorreia-96x96.jpg","contentUrl":"http:\/\/dublagembrasileira.com.br\/wp-content\/uploads\/2025\/06\/cropped-izaiascorreia-96x96.jpg","caption":"Iza\u00edas Correia"},"description":"Professor, roteirista e web-designer, respons\u00e1vel pelo site InfanTv. Tamb\u00e9m \u00e9 pesquisador da dublagem brasileira.","url":"https:\/\/dublagembrasileira.com.br\/?author=1"}]}},"rttpg_featured_image_url":{"full":["https:\/\/dublagembrasileira.com.br\/wp-content\/uploads\/2020\/08\/\u00edndicgggge.jpg",650,366,false],"landscape":["https:\/\/dublagembrasileira.com.br\/wp-content\/uploads\/2020\/08\/\u00edndicgggge.jpg",650,366,false],"portraits":["https:\/\/dublagembrasileira.com.br\/wp-content\/uploads\/2020\/08\/\u00edndicgggge.jpg",650,366,false],"thumbnail":["https:\/\/dublagembrasileira.com.br\/wp-content\/uploads\/2020\/08\/\u00edndicgggge-150x150.jpg",150,150,true],"medium":["https:\/\/dublagembrasileira.com.br\/wp-content\/uploads\/2020\/08\/\u00edndicgggge-300x169.jpg",300,169,true],"large":["https:\/\/dublagembrasileira.com.br\/wp-content\/uploads\/2020\/08\/\u00edndicgggge.jpg",640,360,false],"1536x1536":["https:\/\/dublagembrasileira.com.br\/wp-content\/uploads\/2020\/08\/\u00edndicgggge.jpg",650,366,false],"2048x2048":["https:\/\/dublagembrasileira.com.br\/wp-content\/uploads\/2020\/08\/\u00edndicgggge.jpg",650,366,false],"eggnews-slider-large":["https:\/\/dublagembrasileira.com.br\/wp-content\/uploads\/2020\/08\/\u00edndicgggge.jpg",650,366,false],"eggnews-featured-medium":["https:\/\/dublagembrasileira.com.br\/wp-content\/uploads\/2020\/08\/\u00edndicgggge-420x307.jpg",420,307,true],"eggnews-featured-long":["https:\/\/dublagembrasileira.com.br\/wp-content\/uploads\/2020\/08\/\u00edndicgggge-300x366.jpg",300,366,true],"eggnews-block-medium":["https:\/\/dublagembrasileira.com.br\/wp-content\/uploads\/2020\/08\/\u00edndicgggge-464x290.jpg",464,290,true],"eggnews-carousel-image":["https:\/\/dublagembrasileira.com.br\/wp-content\/uploads\/2020\/08\/\u00edndicgggge-600x366.jpg",600,366,true],"eggnews-block-thumb":["https:\/\/dublagembrasileira.com.br\/wp-content\/uploads\/2020\/08\/\u00edndicgggge-322x230.jpg",322,230,true],"eggnews-single-large":["https:\/\/dublagembrasileira.com.br\/wp-content\/uploads\/2020\/08\/\u00edndicgggge.jpg",650,366,false],"crp_thumbnail":["https:\/\/dublagembrasileira.com.br\/wp-content\/uploads\/2020\/08\/\u00edndicgggge-150x150.jpg",150,150,true]},"rttpg_author":{"display_name":"Iza\u00edas Correia","author_link":"https:\/\/dublagembrasileira.com.br\/?author=1"},"rttpg_comment":0,"rttpg_category":"<a href=\"https:\/\/dublagembrasileira.com.br\/?cat=13\" rel=\"category\">Not\u00edcias<\/a> <a href=\"https:\/\/dublagembrasileira.com.br\/?cat=22\" rel=\"category\">Vida Real<\/a>","rttpg_excerpt":"Dublador j\u00e1 emprestou a voz a personagens como: Babal\u00fa, Jambo, Ruiv\u00e3o, Tartaruga Tuche, entre outros. Morreu ontem (20), aos 83 anos de idade, o cantor, humorista e dublador Roberto Barreiros. Nascido em Jundia\u00ed, ele come\u00e7ou a sua carreira cedo no r\u00e1dio. E muito jovem tornou-se o diretor de uma emissora local, o que chegou a&hellip;","_links":{"self":[{"href":"https:\/\/dublagembrasileira.com.br\/index.php?rest_route=\/wp\/v2\/posts\/4581","targetHints":{"allow":["GET"]}}],"collection":[{"href":"https:\/\/dublagembrasileira.com.br\/index.php?rest_route=\/wp\/v2\/posts"}],"about":[{"href":"https:\/\/dublagembrasileira.com.br\/index.php?rest_route=\/wp\/v2\/types\/post"}],"author":[{"embeddable":true,"href":"https:\/\/dublagembrasileira.com.br\/index.php?rest_route=\/wp\/v2\/users\/1"}],"replies":[{"embeddable":true,"href":"https:\/\/dublagembrasileira.com.br\/index.php?rest_route=%2Fwp%2Fv2%2Fcomments&post=4581"}],"version-history":[{"count":1,"href":"https:\/\/dublagembrasileira.com.br\/index.php?rest_route=\/wp\/v2\/posts\/4581\/revisions"}],"predecessor-version":[{"id":4583,"href":"https:\/\/dublagembrasileira.com.br\/index.php?rest_route=\/wp\/v2\/posts\/4581\/revisions\/4583"}],"wp:featuredmedia":[{"embeddable":true,"href":"https:\/\/dublagembrasileira.com.br\/index.php?rest_route=\/wp\/v2\/media\/4582"}],"wp:attachment":[{"href":"https:\/\/dublagembrasileira.com.br\/index.php?rest_route=%2Fwp%2Fv2%2Fmedia&parent=4581"}],"wp:term":[{"taxonomy":"category","embeddable":true,"href":"https:\/\/dublagembrasileira.com.br\/index.php?rest_route=%2Fwp%2Fv2%2Fcategories&post=4581"},{"taxonomy":"post_tag","embeddable":true,"href":"https:\/\/dublagembrasileira.com.br\/index.php?rest_route=%2Fwp%2Fv2%2Ftags&post=4581"}],"curies":[{"name":"wp","href":"https:\/\/api.w.org\/{rel}","templated":true}]}}