{"id":4262,"date":"2020-01-17T16:42:26","date_gmt":"2020-01-17T16:42:26","guid":{"rendered":"http:\/\/dublagembrasileira.com.br\/?p=4262"},"modified":"2020-05-18T22:00:26","modified_gmt":"2020-05-18T22:00:26","slug":"elementor-4262","status":"publish","type":"post","link":"https:\/\/dublagembrasileira.com.br\/?p=4262","title":{"rendered":"Entrevista: Conversamos com Guilherme Briggs, a voz brasileira do All Might."},"content":{"rendered":"<style>.elementor-widget-heading .elementor-heading-title{font-family:var( --e-global-typography-primary-font-family ), Sans-serif;font-weight:var( --e-global-typography-primary-font-weight );color:var( --e-global-color-primary );}.elementor-4262 .elementor-element.elementor-element-7c3daa23 .elementor-heading-title{font-size:15px;font-style:italic;color:#4c4c4c;}.elementor-widget-text-editor{font-family:var( --e-global-typography-text-font-family ), Sans-serif;font-weight:var( --e-global-typography-text-font-weight );color:var( --e-global-color-text );}.elementor-widget-text-editor.elementor-drop-cap-view-stacked .elementor-drop-cap{background-color:var( --e-global-color-primary );}.elementor-widget-text-editor.elementor-drop-cap-view-framed .elementor-drop-cap, .elementor-widget-text-editor.elementor-drop-cap-view-default .elementor-drop-cap{color:var( --e-global-color-primary );border-color:var( --e-global-color-primary );}.elementor-widget-divider{--divider-color:var( --e-global-color-secondary );}.elementor-widget-divider .elementor-divider__text{color:var( --e-global-color-secondary );font-family:var( --e-global-typography-secondary-font-family ), Sans-serif;font-weight:var( --e-global-typography-secondary-font-weight );}.elementor-widget-divider.elementor-view-stacked .elementor-icon{background-color:var( --e-global-color-secondary );}.elementor-widget-divider.elementor-view-framed .elementor-icon, .elementor-widget-divider.elementor-view-default .elementor-icon{color:var( --e-global-color-secondary );border-color:var( --e-global-color-secondary );}.elementor-widget-divider.elementor-view-framed .elementor-icon, .elementor-widget-divider.elementor-view-default .elementor-icon svg{fill:var( --e-global-color-secondary );}.elementor-4262 .elementor-element.elementor-element-2ca94322{--divider-border-style:solid;--divider-color:#000;--divider-border-width:1px;}.elementor-4262 .elementor-element.elementor-element-2ca94322 .elementor-divider-separator{width:100%;}.elementor-4262 .elementor-element.elementor-element-2ca94322 .elementor-divider{padding-block-start:15px;padding-block-end:15px;}.elementor-4262 .elementor-element.elementor-element-71eb80fb{text-align:center;}.elementor-4262 .elementor-element.elementor-element-71eb80fb .elementor-heading-title{font-family:\"Chela One\", Sans-serif;font-size:31px;color:#000000;}.elementor-4262 .elementor-element.elementor-element-773c5127{text-align:center;}.elementor-4262 .elementor-element.elementor-element-773c5127 .elementor-heading-title{font-size:16px;color:#000000;}.elementor-4262 .elementor-element.elementor-element-fb92064{--divider-border-style:solid;--divider-color:#000;--divider-border-width:1px;}.elementor-4262 .elementor-element.elementor-element-fb92064 .elementor-divider-separator{width:100%;}.elementor-4262 .elementor-element.elementor-element-fb92064 .elementor-divider{padding-block-start:15px;padding-block-end:15px;}.elementor-4262 .elementor-element.elementor-element-4ea0bc9a > .elementor-widget-container{margin:-27px 0px 50px 0px;}.elementor-4262 .elementor-element.elementor-element-7ec827be > .elementor-widget-container{margin:-27px 0px 50px 0px;}.elementor-4262 .elementor-element.elementor-element-ecd60a0 > .elementor-widget-container{margin:-27px 0px 50px 0px;}.elementor-widget-image .widget-image-caption{color:var( --e-global-color-text );font-family:var( --e-global-typography-text-font-family ), Sans-serif;font-weight:var( --e-global-typography-text-font-weight );}.elementor-4262 .elementor-element.elementor-element-5b30d962 > .elementor-widget-container{margin:-27px 0px 50px 0px;}.elementor-4262 .elementor-element.elementor-element-47562b3c > .elementor-widget-container{margin:-27px 0px 50px 0px;}.elementor-4262 .elementor-element.elementor-element-7f1e015a > .elementor-widget-container{margin:-27px 0px 50px 0px;}.elementor-4262 .elementor-element.elementor-element-f3a420c > .elementor-widget-container{margin:-27px 0px 50px 0px;}.elementor-4262 .elementor-element.elementor-element-17a4907c > .elementor-widget-container{margin:-27px 0px 50px 0px;}.elementor-4262 .elementor-element.elementor-element-4e975468 > .elementor-widget-container{margin:-27px 0px 50px 0px;}.elementor-4262 .elementor-element.elementor-element-3c4a7506 > .elementor-widget-container{margin:-27px 0px 50px 0px;}.elementor-4262 .elementor-element.elementor-element-cc4b737 > .elementor-widget-container{margin:-27px 0px 50px 0px;}.elementor-4262 .elementor-element.elementor-element-30f4b178 > .elementor-widget-container{margin:-27px 0px 50px 0px;}<\/style>\t\t<div data-elementor-type=\"wp-post\" data-elementor-id=\"4262\" class=\"elementor elementor-4262\">\n\t\t\t\t\t\t<section class=\"has_eae_slider elementor-section elementor-top-section elementor-element elementor-element-338b996b elementor-section-boxed elementor-section-height-default elementor-section-height-default wpr-particle-no wpr-jarallax-no wpr-parallax-no wpr-sticky-section-no\" data-eae-slider=\"3874\" data-id=\"338b996b\" data-element_type=\"section\" data-settings=\"{&quot;_ha_eqh_enable&quot;:false}\">\n\t\t\t\t\t\t<div class=\"elementor-container elementor-column-gap-default\">\n\t\t\t\t\t<div class=\"has_eae_slider elementor-column elementor-col-100 elementor-top-column elementor-element elementor-element-546a1b86\" data-eae-slider=\"68341\" data-id=\"546a1b86\" data-element_type=\"column\">\n\t\t\t<div class=\"elementor-widget-wrap elementor-element-populated\">\n\t\t\t\t\t\t<div class=\"elementor-element elementor-element-7c3daa23 elementor-widget elementor-widget-heading\" data-id=\"7c3daa23\" data-element_type=\"widget\" data-widget_type=\"heading.default\">\n\t\t\t\t<div class=\"elementor-widget-container\">\n\t\t\t\t\t<h2 class=\"elementor-heading-title elementor-size-default\">Entrevista realizada por Iza\u00edas Correia<\/h2>\t\t\t\t<\/div>\n\t\t\t\t<\/div>\n\t\t\t\t<div class=\"elementor-element elementor-element-67ccb0de elementor-widget elementor-widget-text-editor\" data-id=\"67ccb0de\" data-element_type=\"widget\" data-widget_type=\"text-editor.default\">\n\t\t\t\t<div class=\"elementor-widget-container\">\n\t\t\t\t\t\t\t\t\t<p style=\"text-align: justify;\"><span style=\"color: #000000;\">Guilherme Neves Briggs nasceu no Rio de Janeiro no dia 25 de julho de 1970. \u00c9 ator, dublador, diretor de dublagem, locutor, tradutor, desenhista, youtuber e blogueiro. <\/span><\/p><p style=\"text-align: justify;\"><span style=\"color: #000000;\">De imenso talento e voz marcante, Briggs \u00e9 conhecido pela entrega nos papeis que dubla, exigindo sempre o melhor de sua performance.<\/span><\/p><p style=\"text-align: justify;\"><span style=\"color: #000000;\">Na sua galeria de importantes trabalhos podemos destacar o Freakazoid, Buzz Lightyear (<strong>Toy Story<\/strong>), Cosmo (<strong>Os Padrinhos M\u00e1gicos<\/strong>), Optimus Prime (<strong>Transformers<\/strong>), Hawk Moth (<strong>Miraculous: As Aventuras de Ladybug<\/strong>), Superman (<strong>Liga da Justi\u00e7a<\/strong>), Samurai Jack e Mickey Mouse (2009 a diante). Tamb\u00e9m espresta sua voz a atores como Denzel Washington, Brendan Fraser, Owen Wilson, Zachary Quinto, David Schwimmer, Dwayne Johnson, Seth Rogen e Julian McMahon.<\/span><\/p><p style=\"text-align: justify;\"><span style=\"color: #000000;\">Recentemente chamou a aten\u00e7\u00e3o por seu brilhante trabalho fazendo o personagem All Might para o longa <strong>My Hero Academia: 2 Her\u00f3is<\/strong>, comemorado por f\u00e3s do dublador e do anime.<\/span><\/p><p style=\"text-align: justify;\"><span style=\"color: #000000;\">Aqui conversamos com Briggs sobre sua atua\u00e7\u00e3o dando voz a Toshinori Yagi.<\/span><\/p>\t\t\t\t\t\t\t\t<\/div>\n\t\t\t\t<\/div>\n\t\t\t\t<div class=\"elementor-element elementor-element-2ca94322 elementor-widget-divider--view-line elementor-widget elementor-widget-divider\" data-id=\"2ca94322\" data-element_type=\"widget\" data-widget_type=\"divider.default\">\n\t\t\t\t<div class=\"elementor-widget-container\">\n\t\t\t\t\t\t\t<div class=\"elementor-divider\">\n\t\t\t<span class=\"elementor-divider-separator\">\n\t\t\t\t\t\t<\/span>\n\t\t<\/div>\n\t\t\t\t\t\t<\/div>\n\t\t\t\t<\/div>\n\t\t\t\t\t<\/div>\n\t\t<\/div>\n\t\t\t\t\t<\/div>\n\t\t<\/section>\n\t\t\t\t<section class=\"has_eae_slider elementor-section elementor-top-section elementor-element elementor-element-a56e961 elementor-section-boxed elementor-section-height-default elementor-section-height-default wpr-particle-no wpr-jarallax-no wpr-parallax-no wpr-sticky-section-no\" data-eae-slider=\"64355\" data-id=\"a56e961\" data-element_type=\"section\" data-settings=\"{&quot;_ha_eqh_enable&quot;:false}\">\n\t\t\t\t\t\t<div class=\"elementor-container elementor-column-gap-default\">\n\t\t\t\t\t<div class=\"has_eae_slider elementor-column elementor-col-100 elementor-top-column elementor-element elementor-element-2cb58b00\" data-eae-slider=\"23743\" data-id=\"2cb58b00\" data-element_type=\"column\">\n\t\t\t<div class=\"elementor-widget-wrap elementor-element-populated\">\n\t\t\t\t\t\t<div class=\"elementor-element elementor-element-71eb80fb elementor-widget elementor-widget-heading\" data-id=\"71eb80fb\" data-element_type=\"widget\" data-widget_type=\"heading.default\">\n\t\t\t\t<div class=\"elementor-widget-container\">\n\t\t\t\t\t<h2 class=\"elementor-heading-title elementor-size-default\">\u201cO All Might foi uma grande alegria pra mim e pros meus f\u00e3s, sem d\u00favida.<\/span><\/h2>\t\t\t\t<\/div>\n\t\t\t\t<\/div>\n\t\t\t\t<div class=\"elementor-element elementor-element-773c5127 elementor-widget elementor-widget-heading\" data-id=\"773c5127\" data-element_type=\"widget\" data-widget_type=\"heading.default\">\n\t\t\t\t<div class=\"elementor-widget-container\">\n\t\t\t\t\t<h2 class=\"elementor-heading-title elementor-size-default\">Guilherme Briggs<\/h2>\t\t\t\t<\/div>\n\t\t\t\t<\/div>\n\t\t\t\t<div class=\"elementor-element elementor-element-fb92064 elementor-widget-divider--view-line elementor-widget elementor-widget-divider\" data-id=\"fb92064\" data-element_type=\"widget\" data-widget_type=\"divider.default\">\n\t\t\t\t<div class=\"elementor-widget-container\">\n\t\t\t\t\t\t\t<div class=\"elementor-divider\">\n\t\t\t<span class=\"elementor-divider-separator\">\n\t\t\t\t\t\t<\/span>\n\t\t<\/div>\n\t\t\t\t\t\t<\/div>\n\t\t\t\t<\/div>\n\t\t\t\t\t<\/div>\n\t\t<\/div>\n\t\t\t\t\t<\/div>\n\t\t<\/section>\n\t\t\t\t<section class=\"has_eae_slider elementor-section elementor-top-section elementor-element elementor-element-203b5633 elementor-section-boxed elementor-section-height-default elementor-section-height-default wpr-particle-no wpr-jarallax-no wpr-parallax-no wpr-sticky-section-no\" data-eae-slider=\"54056\" data-id=\"203b5633\" data-element_type=\"section\" data-settings=\"{&quot;_ha_eqh_enable&quot;:false}\">\n\t\t\t\t\t\t<div class=\"elementor-container elementor-column-gap-default\">\n\t\t\t\t\t<div class=\"has_eae_slider elementor-column elementor-col-100 elementor-top-column elementor-element elementor-element-5dbbaf5b\" data-eae-slider=\"76491\" data-id=\"5dbbaf5b\" data-element_type=\"column\">\n\t\t\t<div class=\"elementor-widget-wrap elementor-element-populated\">\n\t\t\t\t\t\t<div class=\"elementor-element elementor-element-5541d551 elementor-widget elementor-widget-text-editor\" data-id=\"5541d551\" data-element_type=\"widget\" data-widget_type=\"text-editor.default\">\n\t\t\t\t<div class=\"elementor-widget-container\">\n\t\t\t\t\t\t\t\t\t<p style=\"text-align: justify;\"><span style=\"color: #000000;\"><strong>Dublagem Brasileira &#8211; Guilherme, voc\u00ea j\u00e1 tem uma longa caminhada na dublagem, certo?<br \/><\/strong><\/span><\/p>\t\t\t\t\t\t\t\t<\/div>\n\t\t\t\t<\/div>\n\t\t\t\t<div class=\"elementor-element elementor-element-4ea0bc9a elementor-widget elementor-widget-text-editor\" data-id=\"4ea0bc9a\" data-element_type=\"widget\" data-widget_type=\"text-editor.default\">\n\t\t\t\t<div class=\"elementor-widget-container\">\n\t\t\t\t\t\t\t\t\t<p style=\"text-align: justify;\"><span style=\"color: #000000;\"><strong>Guilherme Briggs<\/strong> &#8211; Dublo desde 1991, s\u00e3o quase 30 anos de profiss\u00e3o. Mas desde crian\u00e7a bem pequena eu sempre amei arte, seja na forma de desenho, pintura ou atua\u00e7\u00e3o. Meu pai e eu produz\u00edamos \u00e1udio contos durante v\u00e1rios fins de semana, com um gravador velho e um toca-discos (ou com meu pai tocando viol\u00e3o, pra fazer a trilha sonora de fundo). <\/span><\/p><p style=\"text-align: justify;\"><span style=\"color: #000000;\">Dublar, desenhar, criar, \u00e9 sempre uma eterna viagem de volta \u00e0 inf\u00e2ncia, repleta de sentimentos bons e iluminados.<br \/><\/span><\/p>\t\t\t\t\t\t\t\t<\/div>\n\t\t\t\t<\/div>\n\t\t\t\t\t<\/div>\n\t\t<\/div>\n\t\t\t\t\t<\/div>\n\t\t<\/section>\n\t\t\t\t<section class=\"has_eae_slider elementor-section elementor-top-section elementor-element elementor-element-5f20b8eb elementor-section-boxed elementor-section-height-default elementor-section-height-default wpr-particle-no wpr-jarallax-no wpr-parallax-no wpr-sticky-section-no\" data-eae-slider=\"8373\" data-id=\"5f20b8eb\" data-element_type=\"section\" data-settings=\"{&quot;_ha_eqh_enable&quot;:false}\">\n\t\t\t\t\t\t<div class=\"elementor-container elementor-column-gap-default\">\n\t\t\t\t\t<div class=\"has_eae_slider elementor-column elementor-col-100 elementor-top-column elementor-element elementor-element-7012b967\" data-eae-slider=\"33841\" data-id=\"7012b967\" data-element_type=\"column\">\n\t\t\t<div class=\"elementor-widget-wrap elementor-element-populated\">\n\t\t\t\t\t\t<div class=\"elementor-element elementor-element-7d88d98c elementor-widget elementor-widget-text-editor\" data-id=\"7d88d98c\" data-element_type=\"widget\" data-widget_type=\"text-editor.default\">\n\t\t\t\t<div class=\"elementor-widget-container\">\n\t\t\t\t\t\t\t\t\t<p style=\"text-align: justify;\"><span style=\"color: #000000;\"><strong>DB &#8211; Voc\u00ea \u00e9 f\u00e3 de animes e mang\u00e1s? <br \/><\/strong><\/span><\/p>\t\t\t\t\t\t\t\t<\/div>\n\t\t\t\t<\/div>\n\t\t\t\t<div class=\"elementor-element elementor-element-7ec827be elementor-widget elementor-widget-text-editor\" data-id=\"7ec827be\" data-element_type=\"widget\" data-widget_type=\"text-editor.default\">\n\t\t\t\t<div class=\"elementor-widget-container\">\n\t\t\t\t\t\t\t\t\t<p style=\"text-align: justify;\"><span style=\"color: #000000;\"><strong>GB<\/strong> &#8211; Muitos me perguntaram quando comecei a gostar de animes e mang\u00e1s. Foi com <strong>Speed Racer<\/strong> nos anos 70 e depois <strong>Patrulha Estelar<\/strong> e <strong>Don Dr\u00e1cula<\/strong>, exibidos a partir de 1983 no <strong>Clube da Crian\u00e7a<\/strong> da Rede Manchete. Eu tinha 13 anos. Sou f\u00e3 a pelo menos 40 anos. <\/span><\/p><p style=\"text-align: justify;\"><span style=\"color: #000000;\">A cultura japonesa sempre esteve presente no meu interesse, portanto. Sou f\u00e3 de v\u00e1rios animes como <strong>Maison Ikkoku<\/strong> (da criadora de Inuyasha), <strong>Cowboy Bebop<\/strong>, <strong>Berserk<\/strong>, <strong>Mahou Tsukai<\/strong> <strong>Tai!<\/strong>, todos do est\u00fadio Ghibli. <br \/><\/span><\/p>\t\t\t\t\t\t\t\t<\/div>\n\t\t\t\t<\/div>\n\t\t\t\t\t<\/div>\n\t\t<\/div>\n\t\t\t\t\t<\/div>\n\t\t<\/section>\n\t\t\t\t<section class=\"has_eae_slider elementor-section elementor-top-section elementor-element elementor-element-5604b680 elementor-section-boxed elementor-section-height-default elementor-section-height-default wpr-particle-no wpr-jarallax-no wpr-parallax-no wpr-sticky-section-no\" data-eae-slider=\"87098\" data-id=\"5604b680\" data-element_type=\"section\" data-settings=\"{&quot;_ha_eqh_enable&quot;:false}\">\n\t\t\t\t\t\t<div class=\"elementor-container elementor-column-gap-default\">\n\t\t\t\t\t<div class=\"has_eae_slider elementor-column elementor-col-100 elementor-top-column elementor-element elementor-element-1d6b5eaa\" data-eae-slider=\"18053\" data-id=\"1d6b5eaa\" data-element_type=\"column\">\n\t\t\t<div class=\"elementor-widget-wrap elementor-element-populated\">\n\t\t\t\t\t\t<div class=\"elementor-element elementor-element-4635727f elementor-widget elementor-widget-text-editor\" data-id=\"4635727f\" data-element_type=\"widget\" data-widget_type=\"text-editor.default\">\n\t\t\t\t<div class=\"elementor-widget-container\">\n\t\t\t\t\t\t\t\t\t<p style=\"text-align: justify;\"><span style=\"color: #000000;\"><strong>DB &#8211; A\u00ed veio My Hero Academia.<br \/><\/strong><\/span><\/p>\t\t\t\t\t\t\t\t<\/div>\n\t\t\t\t<\/div>\n\t\t\t\t<div class=\"elementor-element elementor-element-ecd60a0 elementor-widget elementor-widget-text-editor\" data-id=\"ecd60a0\" data-element_type=\"widget\" data-widget_type=\"text-editor.default\">\n\t\t\t\t<div class=\"elementor-widget-container\">\n\t\t\t\t\t\t\t\t\t<p style=\"text-align: justify;\"><span style=\"color: #000000;\"><strong>GB<\/strong> &#8211; Sim, meu primeiro contato com<strong> My Hero Academia<\/strong> foi no mang\u00e1 e j\u00e1 achei muito interessante um mundo onde a maioria da popula\u00e7\u00e3o tinha poderes especiais e o trabalho de super-her\u00f3i era comum e almejado por muitos jovens aspirantes. O imenso cora\u00e7\u00e3o de Midoriya e de seu grande \u00eddolo, All Might, me comoveram por completo, imediatamente gostei deles. Acompanhar o anime foi um pulo natural. <\/span><\/p><p style=\"text-align: justify;\"><span style=\"color: #000000;\">Como sou assinante da Crunchyroll, imediatamente comecei a assistir os epis\u00f3dios, maratonando diariamente. Consegui comprar tamb\u00e9m todos os volumes dos mang\u00e1s e os especiais. Com isso, me aprofundei em todo o universo de <strong>My Hero Academia<\/strong>. Atualmente estou assistindo conforme liberam do Jap\u00e3o os epis\u00f3dios da quarta temporada.<br \/><\/span><\/p>\t\t\t\t\t\t\t\t<\/div>\n\t\t\t\t<\/div>\n\t\t\t\t<div class=\"elementor-element elementor-element-a051e3b elementor-widget elementor-widget-image\" data-id=\"a051e3b\" data-element_type=\"widget\" data-widget_type=\"image.default\">\n\t\t\t\t<div class=\"elementor-widget-container\">\n\t\t\t\t\t\t\t\t\t\t\t\t<figure class=\"wp-caption\">\n\t\t\t\t\t\t\t\t\t\t<img fetchpriority=\"high\" decoding=\"async\" width=\"640\" height=\"480\" src=\"https:\/\/dublagembrasileira.com.br\/wp-content\/uploads\/2020\/01\/briggs2.jpg\" class=\"attachment-large size-large wp-image-4436\" alt=\"\" srcset=\"https:\/\/dublagembrasileira.com.br\/wp-content\/uploads\/2020\/01\/briggs2.jpg 700w, https:\/\/dublagembrasileira.com.br\/wp-content\/uploads\/2020\/01\/briggs2-300x225.jpg 300w\" sizes=\"(max-width: 640px) 100vw, 640px\" \/>\t\t\t\t\t\t\t\t\t\t\t<figcaption class=\"widget-image-caption wp-caption-text\">Guilherme Briggs, a voz do All Might no Brasil.<\/figcaption>\n\t\t\t\t\t\t\t\t\t\t<\/figure>\n\t\t\t\t\t\t\t\t\t<\/div>\n\t\t\t\t<\/div>\n\t\t\t\t\t<\/div>\n\t\t<\/div>\n\t\t\t\t\t<\/div>\n\t\t<\/section>\n\t\t\t\t<section class=\"has_eae_slider elementor-section elementor-top-section elementor-element elementor-element-3837eb57 elementor-section-boxed elementor-section-height-default elementor-section-height-default wpr-particle-no wpr-jarallax-no wpr-parallax-no wpr-sticky-section-no\" data-eae-slider=\"99213\" data-id=\"3837eb57\" data-element_type=\"section\" data-settings=\"{&quot;_ha_eqh_enable&quot;:false}\">\n\t\t\t\t\t\t<div class=\"elementor-container elementor-column-gap-default\">\n\t\t\t\t\t<div class=\"has_eae_slider elementor-column elementor-col-100 elementor-top-column elementor-element elementor-element-5e5d0e37\" data-eae-slider=\"12085\" data-id=\"5e5d0e37\" data-element_type=\"column\">\n\t\t\t<div class=\"elementor-widget-wrap elementor-element-populated\">\n\t\t\t\t\t\t<div class=\"elementor-element elementor-element-40ff9a92 elementor-widget elementor-widget-text-editor\" data-id=\"40ff9a92\" data-element_type=\"widget\" data-widget_type=\"text-editor.default\">\n\t\t\t\t<div class=\"elementor-widget-container\">\n\t\t\t\t\t\t\t\t\t<p style=\"text-align: justify;\"><span style=\"color: #000000;\"><strong>DB &#8211; Como \u00e9 a rela\u00e7\u00e3o do dublador do All Might e seus f\u00e3s na internet?<br \/><\/strong><\/span><\/p>\t\t\t\t\t\t\t\t<\/div>\n\t\t\t\t<\/div>\n\t\t\t\t<div class=\"elementor-element elementor-element-5b30d962 elementor-widget elementor-widget-text-editor\" data-id=\"5b30d962\" data-element_type=\"widget\" data-widget_type=\"text-editor.default\">\n\t\t\t\t<div class=\"elementor-widget-container\">\n\t\t\t\t\t\t\t\t\t<p style=\"text-align: justify;\"><span style=\"color: #000000;\"><strong>GB<\/strong> &#8211; Uma coisa que acho deliciosa \u00e9 poder bater papo, trocar experi\u00eancias e sensa\u00e7\u00f5es, brincar e compartilhar memes do anime com os meus seguidores. A gente d\u00e1 muitas risadas e se emociona juntos, o que deixa a experi\u00eancia toda m\u00e1gica pra todos. <\/span><\/p><p style=\"text-align: justify;\"><span style=\"color: #000000;\">O All Might foi uma grande alegria pra mim e pros meus f\u00e3s, sem d\u00favida. \u00c9 comovente ver o quanto eles ficam felizes com a escolha de minha voz para um personagem t\u00e3o querido. Vou guardar sempre isso comigo no cora\u00e7\u00e3o.<br \/><\/span><\/p>\t\t\t\t\t\t\t\t<\/div>\n\t\t\t\t<\/div>\n\t\t\t\t\t<\/div>\n\t\t<\/div>\n\t\t\t\t\t<\/div>\n\t\t<\/section>\n\t\t\t\t<section class=\"has_eae_slider elementor-section elementor-top-section elementor-element elementor-element-37236f23 elementor-section-boxed elementor-section-height-default elementor-section-height-default wpr-particle-no wpr-jarallax-no wpr-parallax-no wpr-sticky-section-no\" data-eae-slider=\"82192\" data-id=\"37236f23\" data-element_type=\"section\" data-settings=\"{&quot;_ha_eqh_enable&quot;:false}\">\n\t\t\t\t\t\t<div class=\"elementor-container elementor-column-gap-default\">\n\t\t\t\t\t<div class=\"has_eae_slider elementor-column elementor-col-100 elementor-top-column elementor-element elementor-element-1751507c\" data-eae-slider=\"7216\" data-id=\"1751507c\" data-element_type=\"column\">\n\t\t\t<div class=\"elementor-widget-wrap elementor-element-populated\">\n\t\t\t\t\t\t<div class=\"elementor-element elementor-element-2a63d839 elementor-widget elementor-widget-text-editor\" data-id=\"2a63d839\" data-element_type=\"widget\" data-widget_type=\"text-editor.default\">\n\t\t\t\t<div class=\"elementor-widget-container\">\n\t\t\t\t\t\t\t\t\t<p style=\"text-align: justify;\"><span style=\"color: #000000;\"><strong>DB &#8211; \u00c9 verdade que quando voc\u00ea fez o teste de voz para o All Might estava machucado e sentindo dores?<br \/><\/strong><\/span><\/p>\t\t\t\t\t\t\t\t<\/div>\n\t\t\t\t<\/div>\n\t\t\t\t<div class=\"elementor-element elementor-element-47562b3c elementor-widget elementor-widget-text-editor\" data-id=\"47562b3c\" data-element_type=\"widget\" data-widget_type=\"text-editor.default\">\n\t\t\t\t<div class=\"elementor-widget-container\">\n\t\t\t\t\t\t\t\t\t<p style=\"text-align: justify;\"><span style=\"color: #000000;\"><strong>GB<\/strong> &#8211; Sim, \u00e9 verdade! Eu tinha desmaiado no est\u00fadio e batido com a costela no ch\u00e3o, o que me deixou pelo menos uns 4 meses com dores, n\u00e3o podendo dormir direito ou me movimentar. No dia do acidente estava fazendo muito calor no Rio de Janeiro e eu tinha passado por um estresse muito grande, decorrente a preocupa\u00e7\u00e3o minha com minha m\u00e3e em um problema familiar que infelizmente tivemos, mas que agora se resolveu. Eu cheguei a pensar que tinha problema no cora\u00e7\u00e3o, mas depois dos exames soubemos que era estafa mesmo, foi emocional, um ac\u00famulo de preocupa\u00e7\u00e3o minha. <\/span><\/p><p style=\"text-align: justify;\"><span style=\"color: #000000;\">Quando fui chamado pro teste do All Might pelo querido Renan Vidal, eu estava ainda sentindo muitas dores at\u00e9 para falar mais alto, quanto mais gritar ou fazer rea\u00e7\u00f5es do personagem. O teste todo foi gravado com bastante sofrimento, confesso. O curioso \u00e9 que o ferimento que o All Might tem \u00e9 do mesmo lado da costela que o meu. Isso foi no m\u00ednimo tragic\u00f4mico. At\u00e9 hoje eu comento esse detalhe em palestras e todos damos risada, claro.<\/span><\/p>\t\t\t\t\t\t\t\t<\/div>\n\t\t\t\t<\/div>\n\t\t\t\t\t<\/div>\n\t\t<\/div>\n\t\t\t\t\t<\/div>\n\t\t<\/section>\n\t\t\t\t<section class=\"has_eae_slider elementor-section elementor-top-section elementor-element elementor-element-32a99ac6 elementor-section-boxed elementor-section-height-default elementor-section-height-default wpr-particle-no wpr-jarallax-no wpr-parallax-no wpr-sticky-section-no\" data-eae-slider=\"37098\" data-id=\"32a99ac6\" data-element_type=\"section\" data-settings=\"{&quot;_ha_eqh_enable&quot;:false}\">\n\t\t\t\t\t\t<div class=\"elementor-container elementor-column-gap-default\">\n\t\t\t\t\t<div class=\"has_eae_slider elementor-column elementor-col-100 elementor-top-column elementor-element elementor-element-17fdf0e5\" data-eae-slider=\"92539\" data-id=\"17fdf0e5\" data-element_type=\"column\">\n\t\t\t<div class=\"elementor-widget-wrap elementor-element-populated\">\n\t\t\t\t\t\t<div class=\"elementor-element elementor-element-4393d55f elementor-widget elementor-widget-text-editor\" data-id=\"4393d55f\" data-element_type=\"widget\" data-widget_type=\"text-editor.default\">\n\t\t\t\t<div class=\"elementor-widget-container\">\n\t\t\t\t\t\t\t\t\t<p style=\"text-align: justify;\"><span style=\"color: #000000;\"><strong>DB &#8211; Pelo fato de morar no Rio de Janeiro e a s\u00e9rie possivelmente ser dublada em S\u00e3o Paulo, a dist\u00e2ncia entre os dois estados e sua agenda de trabalhos e compromissos concentrada no Rio seriam empecilhos dublar o All Might?<br \/><\/strong><\/span><\/p>\t\t\t\t\t\t\t\t<\/div>\n\t\t\t\t<\/div>\n\t\t\t\t<div class=\"elementor-element elementor-element-7f1e015a elementor-widget elementor-widget-text-editor\" data-id=\"7f1e015a\" data-element_type=\"widget\" data-widget_type=\"text-editor.default\">\n\t\t\t\t<div class=\"elementor-widget-container\">\n\t\t\t\t\t\t\t\t\t<p style=\"text-align: justify;\"><span style=\"color: #000000;\"><strong>GB<\/strong> &#8211; Notei que muitos f\u00e3s nas redes sociais temiam isso da troca de minha voz pela de outro colega por conta da dist\u00e2ncia, com minha agenda toda aqui no Rio. Eu posso garantir aos f\u00e3s, definitivamente, que o fato de <strong>My Hero Academia<\/strong> ser dublado em S\u00e3o Paulo n\u00e3o mudaria absolutamente nada pra mim. N\u00e3o criaria jamais uma dificuldade. Pelo All Might eu iria a S\u00e3o Paulo dublar ele com 100% de certeza. <\/span><\/p><p style=\"text-align: justify;\"><span style=\"color: #000000;\">Fui testemunha de lindas mensagens carinhosas de f\u00e3s na internet at\u00e9 sugerindo custearem minhas passagens, coisa que jamais aceitaria. Aproveito at\u00e9 este momento para me dirigir diretamente aos meus seguidores e f\u00e3s para dizer algumas palavras: Eu jamais iria deixar voc\u00eas gastarem dinheiro com isso. Eu pagaria com todo amor e carinho todos os meus custos de viagem, de cora\u00e7\u00e3o, caso o est\u00fadio n\u00e3o tivesse or\u00e7amento para isso. E se ficarem caras demais as passagens a\u00e9reas, eu posso ir de \u00f4nibus, bem tranquilo. Eu levaria meus livrinhos no Kindle pra ler, tem Netflix no celular, m\u00fasicas pra ouvir, etc. <\/span><span style=\"color: #000000;\">Eu dou um jeito em minha agenda e me programo pra ir gravar o All Might. \u00c9 s\u00f3 uma quest\u00e3o de me organizar, sem problema algum pra mim. Eu iria fazer uma viagem tranquila at\u00e9 S\u00e3o Paulo pra dublar um personagem que eu amo.<br \/><\/span><\/p>\t\t\t\t\t\t\t\t<\/div>\n\t\t\t\t<\/div>\n\t\t\t\t<div class=\"elementor-element elementor-element-63ccb246 elementor-widget elementor-widget-image\" data-id=\"63ccb246\" data-element_type=\"widget\" data-widget_type=\"image.default\">\n\t\t\t\t<div class=\"elementor-widget-container\">\n\t\t\t\t\t\t\t\t\t\t\t\t<figure class=\"wp-caption\">\n\t\t\t\t\t\t\t\t\t\t<img decoding=\"async\" width=\"640\" height=\"480\" data-src=\"https:\/\/dublagembrasileira.com.br\/wp-content\/uploads\/2020\/05\/Guilherme-Briggs-All-Might-2-1024x768.jpg\" class=\"attachment-large size-large wp-image-4263 lazyload\" alt=\"\" data-srcset=\"https:\/\/dublagembrasileira.com.br\/wp-content\/uploads\/2020\/05\/Guilherme-Briggs-All-Might-2-1024x768.jpg 1024w, https:\/\/dublagembrasileira.com.br\/wp-content\/uploads\/2020\/05\/Guilherme-Briggs-All-Might-2-300x225.jpg 300w, https:\/\/dublagembrasileira.com.br\/wp-content\/uploads\/2020\/05\/Guilherme-Briggs-All-Might-2-768x576.jpg 768w, https:\/\/dublagembrasileira.com.br\/wp-content\/uploads\/2020\/05\/Guilherme-Briggs-All-Might-2.jpg 1512w\" data-sizes=\"(max-width: 640px) 100vw, 640px\" src=\"data:image\/svg+xml;base64,PHN2ZyB3aWR0aD0iMSIgaGVpZ2h0PSIxIiB4bWxucz0iaHR0cDovL3d3dy53My5vcmcvMjAwMC9zdmciPjwvc3ZnPg==\" style=\"--smush-placeholder-width: 640px; --smush-placeholder-aspect-ratio: 640\/480;\" \/>\t\t\t\t\t\t\t\t\t\t\t<figcaption class=\"widget-image-caption wp-caption-text\">Guiherme encontrou for\u00e7as para fazer o teste do All Might, pois estava com dores..<\/figcaption>\n\t\t\t\t\t\t\t\t\t\t<\/figure>\n\t\t\t\t\t\t\t\t\t<\/div>\n\t\t\t\t<\/div>\n\t\t\t\t\t<\/div>\n\t\t<\/div>\n\t\t\t\t\t<\/div>\n\t\t<\/section>\n\t\t\t\t<section class=\"has_eae_slider elementor-section elementor-top-section elementor-element elementor-element-26dbe41 elementor-section-boxed elementor-section-height-default elementor-section-height-default wpr-particle-no wpr-jarallax-no wpr-parallax-no wpr-sticky-section-no\" data-eae-slider=\"83989\" data-id=\"26dbe41\" data-element_type=\"section\" data-settings=\"{&quot;_ha_eqh_enable&quot;:false}\">\n\t\t\t\t\t\t<div class=\"elementor-container elementor-column-gap-default\">\n\t\t\t\t\t<div class=\"has_eae_slider elementor-column elementor-col-100 elementor-top-column elementor-element elementor-element-4262bb2a\" data-eae-slider=\"21930\" data-id=\"4262bb2a\" data-element_type=\"column\">\n\t\t\t<div class=\"elementor-widget-wrap elementor-element-populated\">\n\t\t\t\t\t\t<div class=\"elementor-element elementor-element-55b83341 elementor-widget elementor-widget-text-editor\" data-id=\"55b83341\" data-element_type=\"widget\" data-widget_type=\"text-editor.default\">\n\t\t\t\t<div class=\"elementor-widget-container\">\n\t\t\t\t\t\t\t\t\t<p style=\"text-align: justify;\"><span style=\"color: #000000;\"><strong>DB &#8211; Outro medo bem compreens\u00edvel dos f\u00e3s de My Hero Academia \u00e9 caso ocorram trocas de algumas vozes do longa animado para a s\u00e9rie, caso a dublagem desta aconte\u00e7a. Quais seriam os motivos para isso ocorrer?<br \/><\/strong><\/span><\/p>\t\t\t\t\t\t\t\t<\/div>\n\t\t\t\t<\/div>\n\t\t\t\t<div class=\"elementor-element elementor-element-f3a420c elementor-widget elementor-widget-text-editor\" data-id=\"f3a420c\" data-element_type=\"widget\" data-widget_type=\"text-editor.default\">\n\t\t\t\t<div class=\"elementor-widget-container\">\n\t\t\t\t\t\t\t\t\t<p style=\"text-align: justify;\"><span style=\"color: #000000;\"><strong>GB<\/strong> &#8211; Trocar as vozes por falecimento do dublador, indisponibilidade do dublador com os prazos, doen\u00e7as, acidentes, tudo bem, faz parte da vida. Mas um est\u00fadio de dublagem trocar por trocar uma voz j\u00e1 oficial n\u00e3o \u00e9 uma decis\u00e3o \u00e9tica, produtiva ou inteligente, ao meu ver. Tem que ter um motivo para isso acontecer. Ainda mais que todos os dubladores fizeram teste de voz para os personagens do longa animado de <strong>My Hero Academia<\/strong> e foram aprovados, tanto pelo cliente quando pela larga aceita\u00e7\u00e3o do p\u00fablico, que comemorou muito quando assistiu nos cinemas e posteriormente na tv a cabo. <\/span><\/p><p style=\"text-align: justify;\"><span style=\"color: #000000;\">Recebemos elogios at\u00e9 hoje por essa dublagem, dirigida pela querida \u00darsula Bezerra, que teve o m\u00e1ximo de profissionalismo, respeito e cuidado com a obra. O longa animado de <strong>My Hero Academia<\/strong> foi um imenso sucesso em todos os sentidos. Por isso, se a s\u00e9rie cair em um est\u00fadio respons\u00e1vel e preocupado com a qualidade acima de tudo, este com certeza ir\u00e1 manter com prazer as vozes aprovadas do primeiro longa animado.<\/span><\/p>\t\t\t\t\t\t\t\t<\/div>\n\t\t\t\t<\/div>\n\t\t\t\t\t<\/div>\n\t\t<\/div>\n\t\t\t\t\t<\/div>\n\t\t<\/section>\n\t\t\t\t<section class=\"has_eae_slider elementor-section elementor-top-section elementor-element elementor-element-774cdac8 elementor-section-boxed elementor-section-height-default elementor-section-height-default wpr-particle-no wpr-jarallax-no wpr-parallax-no wpr-sticky-section-no\" data-eae-slider=\"72289\" data-id=\"774cdac8\" data-element_type=\"section\" data-settings=\"{&quot;_ha_eqh_enable&quot;:false}\">\n\t\t\t\t\t\t<div class=\"elementor-container elementor-column-gap-default\">\n\t\t\t\t\t<div class=\"has_eae_slider elementor-column elementor-col-100 elementor-top-column elementor-element elementor-element-510e7adc\" data-eae-slider=\"97545\" data-id=\"510e7adc\" data-element_type=\"column\">\n\t\t\t<div class=\"elementor-widget-wrap elementor-element-populated\">\n\t\t\t\t\t\t<div class=\"elementor-element elementor-element-19912b6d elementor-widget elementor-widget-text-editor\" data-id=\"19912b6d\" data-element_type=\"widget\" data-widget_type=\"text-editor.default\">\n\t\t\t\t<div class=\"elementor-widget-container\">\n\t\t\t\t\t\t\t\t\t<p style=\"text-align: justify;\"><span style=\"color: #000000;\"><strong>DB &#8211; Conte sobre a uni\u00e3o e amizade dos dubladores do longa animado de My Hero Academia. Voc\u00eas chegaram at\u00e9 a criar um mini-evento para os f\u00e3s!<br \/><\/strong><\/span><\/p>\t\t\t\t\t\t\t\t<\/div>\n\t\t\t\t<\/div>\n\t\t\t\t<div class=\"elementor-element elementor-element-17a4907c elementor-widget elementor-widget-text-editor\" data-id=\"17a4907c\" data-element_type=\"widget\" data-widget_type=\"text-editor.default\">\n\t\t\t\t<div class=\"elementor-widget-container\">\n\t\t\t\t\t\t\t\t\t<p style=\"text-align: justify;\"><span style=\"color: #000000;\"><strong>GB<\/strong> &#8211; Quando a dublagem do primeiro longa de <strong>My Hero Academia<\/strong> foi encomendada para a Unidub pela SatoCompany, resolvemos criar um grupo no whatsapp para podermos conversar, nos organizar e trocar informa\u00e7\u00f5es e coisas divertidas tamb\u00e9m. A Sato organizou algumas participa\u00e7\u00f5es em eventos, palestras com o elenco e isso fez com que tiv\u00e9ssemos que ficar em contato mais constante. Com isso eu pude ir conhecendo pouco a pouco meus colegas e me afei\u00e7oando por eles, pois n\u00e3o conhecia mais profundamente v\u00e1rios ali ainda. Isso foi muito bom e prazeroso pra mim. <\/span><\/p><p style=\"text-align: justify;\"><span style=\"color: #000000;\">Quando infelizmente uma sess\u00e3o do filme com a presen\u00e7a dos dubladores teve que ser cancelada, n\u00f3s no grupo tivemos uma ideia que me emociona at\u00e9 hoje: Resolvemos nos juntar e dividir meus custos de passagens a\u00e9reas e hotel para que pud\u00e9ssemos atender os f\u00e3s em um restaurante tem\u00e1tico, o Bar Gibi Cultura Geek, em S\u00e3o Paulo. Com a extrema boa vontade dos donos do estabelecimento, conseguimos tirar fotos, dar aut\u00f3grafos e conversar um pouquinho com todos os f\u00e3s, que enfrentaram filas imensas e um frio congelante, do lado de fora. Mas quando estes entravam, no ambiente quentinho e acolhedor, se enchiam de felicidade e emo\u00e7\u00e3o, assim como n\u00f3s, dubladores. Ganhamos abra\u00e7os, beijos, presentes e todo carinho do p\u00fablico.<br \/><\/span><\/p>\t\t\t\t\t\t\t\t<\/div>\n\t\t\t\t<\/div>\n\t\t\t\t\t<\/div>\n\t\t<\/div>\n\t\t\t\t\t<\/div>\n\t\t<\/section>\n\t\t\t\t<section class=\"has_eae_slider elementor-section elementor-top-section elementor-element elementor-element-27f2a016 elementor-section-boxed elementor-section-height-default elementor-section-height-default wpr-particle-no wpr-jarallax-no wpr-parallax-no wpr-sticky-section-no\" data-eae-slider=\"61177\" data-id=\"27f2a016\" data-element_type=\"section\" data-settings=\"{&quot;_ha_eqh_enable&quot;:false}\">\n\t\t\t\t\t\t<div class=\"elementor-container elementor-column-gap-default\">\n\t\t\t\t\t<div class=\"has_eae_slider elementor-column elementor-col-100 elementor-top-column elementor-element elementor-element-76150286\" data-eae-slider=\"87550\" data-id=\"76150286\" data-element_type=\"column\">\n\t\t\t<div class=\"elementor-widget-wrap elementor-element-populated\">\n\t\t\t\t\t\t<div class=\"elementor-element elementor-element-37dfe6af elementor-widget elementor-widget-text-editor\" data-id=\"37dfe6af\" data-element_type=\"widget\" data-widget_type=\"text-editor.default\">\n\t\t\t\t<div class=\"elementor-widget-container\">\n\t\t\t\t\t\t\t\t\t<p style=\"text-align: justify;\"><span style=\"color: #000000;\"><strong>DB &#8211; Sua escala\u00e7\u00e3o para fazer o All Might foi comemorada por f\u00e3s de animes, isso porque sua rela\u00e7\u00e3o com eles nas redes sociais \u00e9 intensa. Conte um pouco da experi\u00eancia do que \u00e9 dublar para um p\u00fablico t\u00e3o exigente!?<br \/><\/strong><\/span><\/p>\t\t\t\t\t\t\t\t<\/div>\n\t\t\t\t<\/div>\n\t\t\t\t<div class=\"elementor-element elementor-element-4e975468 elementor-widget elementor-widget-text-editor\" data-id=\"4e975468\" data-element_type=\"widget\" data-widget_type=\"text-editor.default\">\n\t\t\t\t<div class=\"elementor-widget-container\">\n\t\t\t\t\t\t\t\t\t<p style=\"text-align: justify;\"><span style=\"color: #000000;\"><strong>GB<\/strong> &#8211; Eu realmente fiquei impressionado com o imenso carinho e os diversos pedidos dos f\u00e3s nas redes sociais para que eu dublasse o All Might. Foi uma verdadeira como\u00e7\u00e3o quando o resultado saiu.<\/span><\/p><p style=\"text-align: justify;\"><span style=\"color: #000000;\">Recebo at\u00e9 hoje diversas mensagens carinhosas, divertidas, cheias de energia positiva. Me enviam tamb\u00e9m muitos desenhos meus caracterizado como o pr\u00f3prio All Might, caricaturas, memes diversos e muitas vezes enviam at\u00e9 cartas e presentes, bonecos, esculturas, pinturas e outras coisas para a Delart, est\u00fadio que trabalho aqui no Rio e que acabou virando o local de envio de correspond\u00eancia pra mim \u2013 gra\u00e7as a boa vontade e<br \/>gentileza dos donos da empresa, que sempre me trataram com todo respeito e carinho. <\/span><\/p><p style=\"text-align: justify;\"><span style=\"color: #000000;\">A torcida \u00e9 imensa para que eu seja escalado para a dublagem do All Might na s\u00e9rie. O mesmo acontece com todos os meus colegas e amigos dubladores que participaram da dublagem do longa animado <strong>My Hero Academia: Dois Her\u00f3is<\/strong> \u2013 o p\u00fablico deseja muito que as vozes sejam mantidas na s\u00e9rie.<br \/><\/span><\/p>\t\t\t\t\t\t\t\t<\/div>\n\t\t\t\t<\/div>\n\t\t\t\t<div class=\"elementor-element elementor-element-831cdf2 elementor-widget elementor-widget-image\" data-id=\"831cdf2\" data-element_type=\"widget\" data-widget_type=\"image.default\">\n\t\t\t\t<div class=\"elementor-widget-container\">\n\t\t\t\t\t\t\t\t\t\t\t\t<figure class=\"wp-caption\">\n\t\t\t\t\t\t\t\t\t\t<img decoding=\"async\" width=\"640\" height=\"480\" data-src=\"https:\/\/dublagembrasileira.com.br\/wp-content\/uploads\/2020\/05\/Guilherme-Briggs-All-Might-5-1024x768.jpg\" class=\"attachment-large size-large wp-image-4266 lazyload\" alt=\"\" data-srcset=\"https:\/\/dublagembrasileira.com.br\/wp-content\/uploads\/2020\/05\/Guilherme-Briggs-All-Might-5-1024x768.jpg 1024w, https:\/\/dublagembrasileira.com.br\/wp-content\/uploads\/2020\/05\/Guilherme-Briggs-All-Might-5-300x225.jpg 300w, https:\/\/dublagembrasileira.com.br\/wp-content\/uploads\/2020\/05\/Guilherme-Briggs-All-Might-5-768x576.jpg 768w, https:\/\/dublagembrasileira.com.br\/wp-content\/uploads\/2020\/05\/Guilherme-Briggs-All-Might-5.jpg 1512w\" data-sizes=\"(max-width: 640px) 100vw, 640px\" src=\"data:image\/svg+xml;base64,PHN2ZyB3aWR0aD0iMSIgaGVpZ2h0PSIxIiB4bWxucz0iaHR0cDovL3d3dy53My5vcmcvMjAwMC9zdmciPjwvc3ZnPg==\" style=\"--smush-placeholder-width: 640px; --smush-placeholder-aspect-ratio: 640\/480;\" \/>\t\t\t\t\t\t\t\t\t\t\t<figcaption class=\"widget-image-caption wp-caption-text\">Todo talento de Briggs fazendo um personagem do qual \u00e9 f\u00e3.<\/figcaption>\n\t\t\t\t\t\t\t\t\t\t<\/figure>\n\t\t\t\t\t\t\t\t\t<\/div>\n\t\t\t\t<\/div>\n\t\t\t\t\t<\/div>\n\t\t<\/div>\n\t\t\t\t\t<\/div>\n\t\t<\/section>\n\t\t\t\t<section class=\"has_eae_slider elementor-section elementor-top-section elementor-element elementor-element-37bd2b8e elementor-section-boxed elementor-section-height-default elementor-section-height-default wpr-particle-no wpr-jarallax-no wpr-parallax-no wpr-sticky-section-no\" data-eae-slider=\"16043\" data-id=\"37bd2b8e\" data-element_type=\"section\" data-settings=\"{&quot;_ha_eqh_enable&quot;:false}\">\n\t\t\t\t\t\t<div class=\"elementor-container elementor-column-gap-default\">\n\t\t\t\t\t<div class=\"has_eae_slider elementor-column elementor-col-100 elementor-top-column elementor-element elementor-element-36c000b6\" data-eae-slider=\"37298\" data-id=\"36c000b6\" data-element_type=\"column\">\n\t\t\t<div class=\"elementor-widget-wrap elementor-element-populated\">\n\t\t\t\t\t\t<div class=\"elementor-element elementor-element-2db80d53 elementor-widget elementor-widget-text-editor\" data-id=\"2db80d53\" data-element_type=\"widget\" data-widget_type=\"text-editor.default\">\n\t\t\t\t<div class=\"elementor-widget-container\">\n\t\t\t\t\t\t\t\t\t<p style=\"text-align: justify;\"><span style=\"color: #000000;\"><strong>DB &#8211; Como foi a composi\u00e7\u00e3o de voz do Toshinori Yagi?<br \/><\/strong><\/span><\/p>\t\t\t\t\t\t\t\t<\/div>\n\t\t\t\t<\/div>\n\t\t\t\t<div class=\"elementor-element elementor-element-3c4a7506 elementor-widget elementor-widget-text-editor\" data-id=\"3c4a7506\" data-element_type=\"widget\" data-widget_type=\"text-editor.default\">\n\t\t\t\t<div class=\"elementor-widget-container\">\n\t\t\t\t\t\t\t\t\t<p style=\"text-align: justify;\"><span style=\"color: #000000;\"><strong>GB<\/strong> &#8211; Como eu j\u00e1 estava assistindo o anime e lendo o mang\u00e1, j\u00e1 tinha uma ideia mais aprofundada de como <\/span><span style=\"color: #000000;\">iria fazer a vers\u00e3o brasileira do personagem. Lembro de at\u00e9 tirar o som da TV e ficar falando por cima da <\/span><span style=\"color: #000000;\">imagem, praticando, pra ver como estava ficando, depois que soube que tinha passado no teste.<\/span><\/p><p style=\"text-align: justify;\"><span style=\"color: #000000;\">Devemos sempre lembrar que a vers\u00e3o original sempre ir\u00e1 carregar nas vozes dos personagens toda a <\/span><span style=\"color: #000000;\">emo\u00e7\u00e3o que encontra sua resposta sensorial direta no p\u00fablico do pa\u00eds. No caso dos animes, as vozes <\/span><span style=\"color: #000000;\">originais conversam e puxam as emo\u00e7\u00f5es mais profundas e enraizadas dos japoneses. Da mesma forma <\/span><span style=\"color: #000000;\">que, quando ouvimos um talentoso ator brasileiro interpretando, seremos tocados e movidos por <\/span><span style=\"color: #000000;\">universos de sensa\u00e7\u00f5es variadas, que somente um nativo daqui saberia explicar. Por isso que eu sempre <\/span><span style=\"color: #000000;\">falo que filmes bem dublados em portugu\u00eas emocionam ainda mais do que no original. Pois estamos <\/span><span style=\"color: #000000;\">falando a mesma l\u00edngua e passando as emo\u00e7\u00f5es que brasileiros imediatamente se identificam: a <\/span><span style=\"color: #000000;\">resposta sensorial \u00e9 imediata. Quando uma dublagem \u00e9 mal feita, de baixa qualidade, logo nos <\/span><span style=\"color: #000000;\">descolamos o \u00e1udio dos personagens e aquilo come\u00e7a a nos incomodar e at\u00e9 irritar. Se vemos um <\/span><span style=\"color: #000000;\">trabalho de dublagem de excelente qualidade, com interpreta\u00e7\u00f5es naturais, verdadeiras, fluidas, com <\/span><span style=\"color: #000000;\">texto bem adaptado e solto, condizente com a hist\u00f3ria e com os personagens, nem parece que ouve <\/span><span style=\"color: #000000;\">uma inser\u00e7\u00e3o de \u00e1udio em portugu\u00eas em um filme falado em l\u00edngua estrangeira.<br \/><\/span><\/p>\t\t\t\t\t\t\t\t<\/div>\n\t\t\t\t<\/div>\n\t\t\t\t\t<\/div>\n\t\t<\/div>\n\t\t\t\t\t<\/div>\n\t\t<\/section>\n\t\t\t\t<section class=\"has_eae_slider elementor-section elementor-top-section elementor-element elementor-element-34e6ad12 elementor-section-boxed elementor-section-height-default elementor-section-height-default wpr-particle-no wpr-jarallax-no wpr-parallax-no wpr-sticky-section-no\" data-eae-slider=\"63521\" data-id=\"34e6ad12\" data-element_type=\"section\" data-settings=\"{&quot;_ha_eqh_enable&quot;:false}\">\n\t\t\t\t\t\t<div class=\"elementor-container elementor-column-gap-default\">\n\t\t\t\t\t<div class=\"has_eae_slider elementor-column elementor-col-100 elementor-top-column elementor-element elementor-element-78bcc621\" data-eae-slider=\"69818\" data-id=\"78bcc621\" data-element_type=\"column\">\n\t\t\t<div class=\"elementor-widget-wrap elementor-element-populated\">\n\t\t\t\t\t\t<div class=\"elementor-element elementor-element-59b5d3b0 elementor-widget elementor-widget-text-editor\" data-id=\"59b5d3b0\" data-element_type=\"widget\" data-widget_type=\"text-editor.default\">\n\t\t\t\t<div class=\"elementor-widget-container\">\n\t\t\t\t\t\t\t\t\t<p style=\"text-align: justify;\"><span style=\"color: #000000;\"><strong>DB &#8211; A tradu\u00e7\u00e3o e a adapta\u00e7\u00e3o s\u00e3o fundamentais para o sucesso de um anime. Pode dar algumas considera\u00e7\u00f5es a respeito?<br \/><\/strong><\/span><\/p>\t\t\t\t\t\t\t\t<\/div>\n\t\t\t\t<\/div>\n\t\t\t\t<div class=\"elementor-element elementor-element-cc4b737 elementor-widget elementor-widget-text-editor\" data-id=\"cc4b737\" data-element_type=\"widget\" data-widget_type=\"text-editor.default\">\n\t\t\t\t<div class=\"elementor-widget-container\">\n\t\t\t\t\t\t\t\t\t<p style=\"text-align: justify;\"><span style=\"color: #000000;\"><strong>GB<\/strong> &#8211; Traduzir \u00e9 uma arte, eu cada vez mais percebo isso em quase 30 anos de profiss\u00e3o. Qualquer vers\u00e3o brasileira de uma obra estrangeira deve ter um profundo embasamento atrav\u00e9s de muita pesquisa. Mas esses estudos e cuidados de nada adiantam se o tradutor n\u00e3o tiver uma grande sensibilidade, criatividade e equil\u00edbrio, para entender o que funciona na vers\u00e3o em portugu\u00eas. De nada adianta uma tradu\u00e7\u00e3o extremamente fiel em cada aspecto se ela fica fria, distante e descolada de uma realidade natural para n\u00f3s brasileiros. <\/span><span style=\"color: #000000;\">A adapta\u00e7\u00e3o \u00e9 fundamental e \u00e9 a chave para um trabalho que toque o cora\u00e7\u00e3o do p\u00fablico. <\/span><\/p><p style=\"text-align: justify;\"><span style=\"color: #000000;\">Se voc\u00ea traduz frases extremamente fi\u00e9is ao japon\u00eas, ao russo, ao franc\u00eas, alem\u00e3o ou seja qual l\u00edngua for, mas n\u00e3o consegue extrair para a vers\u00e3o a alma e o sentimento do que est\u00e1 sendo dito, de nada adiantar\u00e1. Tradu\u00e7\u00e3o \u00e9 um trabalho dif\u00edcil, subjetivo, depende de v\u00e1rios pontos de vista e de escolhas feitas pelo tradutor. Por isso que considero uma verdadeira arte, exige muito do intelecto, da maturidade e sensibilidade de quem traduz. <\/span><\/p><p style=\"text-align: justify;\"><span style=\"color: #000000;\">Adoro ver como autores brasileiros do passado traduziam e se debru\u00e7avam em solu\u00e7\u00f5es para textos estrangeiros, como Machado<br \/>de Assis, que foi um homem de muitos talentos, como todos sabemos. Mas poucos sabem que al\u00e9m de um grande escritor, ele tamb\u00e9m se aventurou no campo da tradu\u00e7\u00e3o. Entre suas obras traduzidas mais conhecidas est\u00e3o \u201cO Corvo\u201d, de Edgar Allan Poe, e \u201cOliver Twist\u201d, de Charles Dickens. Al\u00e9m de escritora, Cec\u00edlia Meireles era professora, pedagoga e jornalista. Ela traduziu obras importantes da literatura mundial, como \u201cOrlando\u201d, da Virginia Woolf, antologias de poesias israelenses, e escritores chineses. Monteiro Lobato, al\u00e9m de escrever livros para crian\u00e7as e adultos (do S\u00edtio do Pica Pau Amarelo) chegou a adaptar os textos de Grimm, Andersen e Lewis Carroll, entre outros.<\/span><\/p>\t\t\t\t\t\t\t\t<\/div>\n\t\t\t\t<\/div>\n\t\t\t\t\t<\/div>\n\t\t<\/div>\n\t\t\t\t\t<\/div>\n\t\t<\/section>\n\t\t\t\t<section class=\"has_eae_slider elementor-section elementor-top-section elementor-element elementor-element-484601f5 elementor-section-boxed elementor-section-height-default elementor-section-height-default wpr-particle-no wpr-jarallax-no wpr-parallax-no wpr-sticky-section-no\" data-eae-slider=\"14981\" data-id=\"484601f5\" data-element_type=\"section\" data-settings=\"{&quot;_ha_eqh_enable&quot;:false}\">\n\t\t\t\t\t\t<div class=\"elementor-container elementor-column-gap-default\">\n\t\t\t\t\t<div class=\"has_eae_slider elementor-column elementor-col-100 elementor-top-column elementor-element elementor-element-3277f0aa\" data-eae-slider=\"24484\" data-id=\"3277f0aa\" data-element_type=\"column\">\n\t\t\t<div class=\"elementor-widget-wrap elementor-element-populated\">\n\t\t\t\t\t\t<div class=\"elementor-element elementor-element-6b21c56e elementor-widget elementor-widget-text-editor\" data-id=\"6b21c56e\" data-element_type=\"widget\" data-widget_type=\"text-editor.default\">\n\t\t\t\t<div class=\"elementor-widget-container\">\n\t\t\t\t\t\t\t\t\t<p style=\"text-align: justify;\"><span style=\"color: #000000;\"><strong>DB &#8211; Guilherme, muito obrigado por esse bate papo. Eu gostaria que voc\u00ea deixasse uma mensagem para os f\u00e3s de My Hero Academia&#8230;<br \/><\/strong><\/span><\/p>\t\t\t\t\t\t\t\t<\/div>\n\t\t\t\t<\/div>\n\t\t\t\t<div class=\"elementor-element elementor-element-30f4b178 elementor-widget elementor-widget-text-editor\" data-id=\"30f4b178\" data-element_type=\"widget\" data-widget_type=\"text-editor.default\">\n\t\t\t\t<div class=\"elementor-widget-container\">\n\t\t\t\t\t\t\t\t\t<p style=\"text-align: justify;\"><span style=\"color: #000000;\"><strong>GB<\/strong> &#8211; Gostaria de tranquilizar todos os f\u00e3s e p\u00fablico que todos os dias, praticamente, me perguntam se irei dublar o All Might na s\u00e9rie de <strong>My Hero Academia<\/strong>. Se depender exclusivamente de mim a resposta \u00e9 SIM, com 100% de certeza! Que fique claro que eu ACEITO, eu POSSO e eu QUERO dublar a s\u00e9rie. <\/span><\/p><p style=\"text-align: justify;\"><span style=\"color: #000000;\">Eu quero continuar a dublar o All Might e me esfor\u00e7arei para que isso aconte\u00e7a, com toda dedica\u00e7\u00e3o e carinho. Acho importante deixar isso bem expl\u00edcito, pois tenho notado uma emergente preocupa\u00e7\u00e3o do p\u00fablico com a manuten\u00e7\u00e3o ou n\u00e3o de minha voz no All Might. Por isso se faz necess\u00e1rio esse refor\u00e7o. Vou me empenhar ao m\u00e1ximo para entregar um trabalho feito com muito cora\u00e7\u00e3o para o p\u00fablico. Dublar o All Might na s\u00e9rie de <strong>My Hero Academia<\/strong> ser\u00e1 sem d\u00favida um dos momentos mais felizes e emocionantes de toda a minha carreira de 30 anos, para guardar e recordar para sempre.<\/span><\/p>\t\t\t\t\t\t\t\t<\/div>\n\t\t\t\t<\/div>\n\t\t\t\t<div class=\"elementor-element elementor-element-5f4a854c elementor-widget elementor-widget-image\" data-id=\"5f4a854c\" data-element_type=\"widget\" data-widget_type=\"image.default\">\n\t\t\t\t<div class=\"elementor-widget-container\">\n\t\t\t\t\t\t\t\t\t\t\t\t<figure class=\"wp-caption\">\n\t\t\t\t\t\t\t\t\t\t<img decoding=\"async\" width=\"640\" height=\"480\" data-src=\"https:\/\/dublagembrasileira.com.br\/wp-content\/uploads\/2020\/05\/Guilherme-Briggs-All-Might-3-1024x768.jpg\" class=\"attachment-large size-large wp-image-4264 lazyload\" alt=\"\" data-srcset=\"https:\/\/dublagembrasileira.com.br\/wp-content\/uploads\/2020\/05\/Guilherme-Briggs-All-Might-3-1024x768.jpg 1024w, https:\/\/dublagembrasileira.com.br\/wp-content\/uploads\/2020\/05\/Guilherme-Briggs-All-Might-3-300x225.jpg 300w, https:\/\/dublagembrasileira.com.br\/wp-content\/uploads\/2020\/05\/Guilherme-Briggs-All-Might-3-768x576.jpg 768w, https:\/\/dublagembrasileira.com.br\/wp-content\/uploads\/2020\/05\/Guilherme-Briggs-All-Might-3.jpg 1512w\" data-sizes=\"(max-width: 640px) 100vw, 640px\" src=\"data:image\/svg+xml;base64,PHN2ZyB3aWR0aD0iMSIgaGVpZ2h0PSIxIiB4bWxucz0iaHR0cDovL3d3dy53My5vcmcvMjAwMC9zdmciPjwvc3ZnPg==\" style=\"--smush-placeholder-width: 640px; --smush-placeholder-aspect-ratio: 640\/480;\" \/>\t\t\t\t\t\t\t\t\t\t\t<figcaption class=\"widget-image-caption wp-caption-text\">O dublador ir\u00e1 a S\u00e3o Paulo at\u00e9 com estadia e passagem custeadas por ele caso duble a s\u00e9rie. <\/figcaption>\n\t\t\t\t\t\t\t\t\t\t<\/figure>\n\t\t\t\t\t\t\t\t\t<\/div>\n\t\t\t\t<\/div>\n\t\t\t\t\t<\/div>\n\t\t<\/div>\n\t\t\t\t\t<\/div>\n\t\t<\/section>\n\t\t\t\t<\/div>\n\t\t","protected":false},"excerpt":{"rendered":"<p>Entrevista realizada por Iza\u00edas Correia Guilherme Neves Briggs nasceu no Rio de Janeiro no dia 25 de julho de 1970. \u00c9 ator, dublador, diretor de dublagem, locutor, tradutor, desenhista, youtuber e blogueiro. De imenso talento e voz marcante, Briggs \u00e9 conhecido pela entrega nos papeis que dubla, exigindo sempre o melhor de sua performance. Na sua galeria de importantes trabalhos podemos destacar o Freakazoid, Buzz Lightyear (Toy Story), Cosmo (Os Padrinhos M\u00e1gicos), Optimus Prime (Transformers), Hawk Moth (Miraculous: As Aventuras de Ladybug), Superman (Liga da Justi\u00e7a), Samurai Jack e Mickey Mouse (2009 a diante). Tamb\u00e9m espresta sua voz a atores como Denzel Washington, Brendan Fraser, Owen Wilson, Zachary Quinto, David Schwimmer, Dwayne Johnson, Seth Rogen e Julian McMahon. Recentemente chamou a aten\u00e7\u00e3o por seu brilhante trabalho fazendo o personagem All Might para o longa My Hero Academia: 2 Her\u00f3is, comemorado por f\u00e3s do dublador e do anime. Aqui conversamos com Briggs sobre sua atua\u00e7\u00e3o dando voz a Toshinori Yagi. \u201cO All Might foi uma grande alegria pra mim e pros meus f\u00e3s, sem d\u00favida. Guilherme Briggs Dublagem Brasileira &#8211; Guilherme, voc\u00ea j\u00e1 tem uma longa caminhada na dublagem, certo? Guilherme Briggs &#8211; Dublo desde 1991, s\u00e3o quase 30 anos de profiss\u00e3o. Mas desde crian\u00e7a bem pequena eu sempre amei arte, seja na forma de desenho, pintura ou atua\u00e7\u00e3o. Meu pai e eu produz\u00edamos \u00e1udio contos durante v\u00e1rios fins de semana, com um gravador velho e um toca-discos (ou com meu pai tocando viol\u00e3o, pra fazer a trilha sonora de fundo). Dublar, desenhar, criar, \u00e9 sempre uma eterna viagem de volta \u00e0 inf\u00e2ncia, repleta de sentimentos bons e iluminados. DB &#8211; Voc\u00ea \u00e9 f\u00e3 de animes e mang\u00e1s? GB &#8211; Muitos me perguntaram quando comecei a gostar de animes e mang\u00e1s. Foi com Speed Racer nos anos 70 e depois Patrulha Estelar e Don Dr\u00e1cula, exibidos a partir de 1983 no Clube da Crian\u00e7a da Rede Manchete. Eu tinha 13 anos. Sou f\u00e3 a pelo menos 40 anos. A cultura japonesa sempre esteve presente no meu interesse, portanto. Sou f\u00e3 de v\u00e1rios animes como Maison Ikkoku (da criadora de Inuyasha), Cowboy Bebop, Berserk, Mahou Tsukai Tai!, todos do est\u00fadio Ghibli. DB &#8211; A\u00ed veio My Hero Academia. GB &#8211; Sim, meu primeiro contato com My Hero Academia foi no mang\u00e1 e j\u00e1 achei muito interessante um mundo onde a maioria da popula\u00e7\u00e3o tinha poderes especiais e o trabalho de super-her\u00f3i era comum e almejado por muitos jovens aspirantes. O imenso cora\u00e7\u00e3o de Midoriya e de seu grande \u00eddolo, All Might, me comoveram por completo, imediatamente gostei deles. Acompanhar o anime foi um pulo natural. Como sou assinante da Crunchyroll, imediatamente comecei a assistir os epis\u00f3dios, maratonando diariamente. Consegui comprar tamb\u00e9m todos os volumes dos mang\u00e1s e os especiais. Com isso, me aprofundei em todo o universo de My Hero Academia. Atualmente estou assistindo conforme liberam do Jap\u00e3o os epis\u00f3dios da quarta temporada. Guilherme Briggs, a voz do All Might no Brasil. DB &#8211; Como \u00e9 a rela\u00e7\u00e3o do dublador do All Might e seus f\u00e3s na internet? GB &#8211; Uma coisa que acho deliciosa \u00e9 poder bater papo, trocar experi\u00eancias e sensa\u00e7\u00f5es, brincar e compartilhar memes do anime com os meus seguidores. A gente d\u00e1 muitas risadas e se emociona juntos, o que deixa a experi\u00eancia toda m\u00e1gica pra todos. O All Might foi uma grande alegria pra mim e pros meus f\u00e3s, sem d\u00favida. \u00c9 comovente ver o quanto eles ficam felizes com a escolha de minha voz para um personagem t\u00e3o querido. Vou guardar sempre isso comigo no cora\u00e7\u00e3o. DB &#8211; \u00c9 verdade que quando voc\u00ea fez o teste de voz para o All Might estava machucado e sentindo dores? GB &#8211; Sim, \u00e9 verdade! Eu tinha desmaiado no est\u00fadio e batido com a costela no ch\u00e3o, o que me deixou pelo menos uns 4 meses com dores, n\u00e3o podendo dormir direito ou me movimentar. No dia do acidente estava fazendo muito calor no Rio de Janeiro e eu tinha passado por um estresse muito grande, decorrente a preocupa\u00e7\u00e3o minha com minha m\u00e3e em um problema familiar que infelizmente tivemos, mas que agora se resolveu. Eu cheguei a pensar que tinha problema no cora\u00e7\u00e3o, mas depois dos exames soubemos que era estafa mesmo, foi emocional, um ac\u00famulo de preocupa\u00e7\u00e3o minha. Quando fui chamado pro teste do All Might pelo querido Renan Vidal, eu estava ainda sentindo muitas dores at\u00e9 para falar mais alto, quanto mais gritar ou fazer rea\u00e7\u00f5es do personagem. O teste todo foi gravado com bastante sofrimento, confesso. O curioso \u00e9 que o ferimento que o All Might tem \u00e9 do mesmo lado da costela que o meu. Isso foi no m\u00ednimo tragic\u00f4mico. At\u00e9 hoje eu comento esse detalhe em palestras e todos damos risada, claro. DB &#8211; Pelo fato de morar no Rio de Janeiro e a s\u00e9rie possivelmente ser dublada em S\u00e3o Paulo, a dist\u00e2ncia entre os dois estados e sua agenda de trabalhos e compromissos concentrada no Rio seriam empecilhos dublar o All Might? GB &#8211; Notei que muitos f\u00e3s nas redes sociais temiam isso da troca de minha voz pela de outro colega por conta da dist\u00e2ncia, com minha agenda toda aqui no Rio. Eu posso garantir aos f\u00e3s, definitivamente, que o fato de My Hero Academia ser dublado em S\u00e3o Paulo n\u00e3o mudaria absolutamente nada pra mim. N\u00e3o criaria jamais uma dificuldade. Pelo All Might eu iria a S\u00e3o Paulo dublar ele com 100% de certeza. Fui testemunha de lindas mensagens carinhosas de f\u00e3s na internet at\u00e9 sugerindo custearem minhas passagens, coisa que jamais aceitaria. Aproveito at\u00e9 este momento para me dirigir diretamente aos meus seguidores e f\u00e3s para dizer algumas palavras: Eu jamais iria deixar voc\u00eas gastarem dinheiro com isso. Eu pagaria com todo amor e carinho todos os meus custos de viagem, de cora\u00e7\u00e3o, caso o est\u00fadio n\u00e3o tivesse or\u00e7amento para isso. E se ficarem caras demais as passagens a\u00e9reas, eu posso ir de \u00f4nibus, bem tranquilo. Eu levaria meus livrinhos no Kindle pra ler, tem Netflix no celular,<\/p>\n","protected":false},"author":1,"featured_media":4434,"comment_status":"open","ping_status":"open","sticky":false,"template":"","format":"standard","meta":{"_monsterinsights_skip_tracking":false,"_monsterinsights_sitenote_active":false,"_monsterinsights_sitenote_note":"","_monsterinsights_sitenote_category":0,"footnotes":""},"categories":[12,15],"tags":[],"class_list":["post-4262","post","type-post","status-publish","format-standard","has-post-thumbnail","hentry","category-entrevistas","category-materias"],"yoast_head":"<!-- This site is optimized with the Yoast SEO plugin v26.1.1 - https:\/\/yoast.com\/wordpress\/plugins\/seo\/ -->\n<title>Entrevista: Conversamos com Guilherme Briggs, a voz brasileira do All Might. | DB - Dublagem Brasileira<\/title>\n<meta name=\"description\" content=\"Dublador fala sobre seu trabalho em My Hero Academia: 2 Her\u00f3is e confessa ser f\u00e3 da obra de K\u014dhei Horikoshi.\" \/>\n<meta name=\"robots\" content=\"index, follow, max-snippet:-1, max-image-preview:large, max-video-preview:-1\" \/>\n<link rel=\"canonical\" href=\"https:\/\/dublagembrasileira.com.br\/?p=4262\" \/>\n<meta property=\"og:locale\" content=\"pt_BR\" \/>\n<meta property=\"og:type\" content=\"article\" \/>\n<meta property=\"og:title\" content=\"Entrevista: Conversamos com Guilherme Briggs, a voz brasileira do All Might. | DB - Dublagem Brasileira\" \/>\n<meta property=\"og:description\" content=\"Dublador fala sobre seu trabalho em My Hero Academia: 2 Her\u00f3is e confessa ser f\u00e3 da obra de K\u014dhei Horikoshi.\" \/>\n<meta property=\"og:url\" content=\"https:\/\/dublagembrasileira.com.br\/?p=4262\" \/>\n<meta property=\"og:site_name\" content=\"DB - Dublagem Brasileira\" \/>\n<meta property=\"article:published_time\" content=\"2020-01-17T16:42:26+00:00\" \/>\n<meta property=\"article:modified_time\" content=\"2020-05-18T22:00:26+00:00\" \/>\n<meta property=\"og:image\" content=\"https:\/\/dublagembrasileira.com.br\/wp-content\/uploads\/2020\/01\/briggs_allmight.jpg\" \/>\n\t<meta property=\"og:image:width\" content=\"717\" \/>\n\t<meta property=\"og:image:height\" content=\"496\" \/>\n\t<meta property=\"og:image:type\" content=\"image\/jpeg\" \/>\n<meta name=\"author\" content=\"Iza\u00edas Correia\" \/>\n<meta name=\"twitter:card\" content=\"summary_large_image\" \/>\n<meta name=\"twitter:label1\" content=\"Escrito por\" \/>\n\t<meta name=\"twitter:data1\" content=\"Iza\u00edas Correia\" \/>\n\t<meta name=\"twitter:label2\" content=\"Est. tempo de leitura\" \/>\n\t<meta name=\"twitter:data2\" content=\"13 minutos\" \/>\n<script type=\"application\/ld+json\" class=\"yoast-schema-graph\">{\"@context\":\"https:\/\/schema.org\",\"@graph\":[{\"@type\":\"Article\",\"@id\":\"https:\/\/dublagembrasileira.com.br\/?p=4262#article\",\"isPartOf\":{\"@id\":\"https:\/\/dublagembrasileira.com.br\/?p=4262\"},\"author\":{\"name\":\"Iza\u00edas Correia\",\"@id\":\"https:\/\/dublagembrasileira.com.br\/#\/schema\/person\/6298fd46a47d1ef447a90b2fc9f2b215\"},\"headline\":\"Entrevista: Conversamos com Guilherme Briggs, a voz brasileira do All Might.\",\"datePublished\":\"2020-01-17T16:42:26+00:00\",\"dateModified\":\"2020-05-18T22:00:26+00:00\",\"mainEntityOfPage\":{\"@id\":\"https:\/\/dublagembrasileira.com.br\/?p=4262\"},\"wordCount\":2665,\"commentCount\":1,\"publisher\":{\"@id\":\"https:\/\/dublagembrasileira.com.br\/#organization\"},\"image\":{\"@id\":\"https:\/\/dublagembrasileira.com.br\/?p=4262#primaryimage\"},\"thumbnailUrl\":\"https:\/\/dublagembrasileira.com.br\/wp-content\/uploads\/2020\/01\/briggs_allmight.jpg\",\"articleSection\":[\"Entrevistas\",\"Mat\u00e9rias\"],\"inLanguage\":\"pt-BR\",\"potentialAction\":[{\"@type\":\"CommentAction\",\"name\":\"Comment\",\"target\":[\"https:\/\/dublagembrasileira.com.br\/?p=4262#respond\"]}]},{\"@type\":\"WebPage\",\"@id\":\"https:\/\/dublagembrasileira.com.br\/?p=4262\",\"url\":\"https:\/\/dublagembrasileira.com.br\/?p=4262\",\"name\":\"Entrevista: Conversamos com Guilherme Briggs, a voz brasileira do All Might. | DB - Dublagem Brasileira\",\"isPartOf\":{\"@id\":\"https:\/\/dublagembrasileira.com.br\/#website\"},\"primaryImageOfPage\":{\"@id\":\"https:\/\/dublagembrasileira.com.br\/?p=4262#primaryimage\"},\"image\":{\"@id\":\"https:\/\/dublagembrasileira.com.br\/?p=4262#primaryimage\"},\"thumbnailUrl\":\"https:\/\/dublagembrasileira.com.br\/wp-content\/uploads\/2020\/01\/briggs_allmight.jpg\",\"datePublished\":\"2020-01-17T16:42:26+00:00\",\"dateModified\":\"2020-05-18T22:00:26+00:00\",\"description\":\"Dublador fala sobre seu trabalho em My Hero Academia: 2 Her\u00f3is e confessa ser f\u00e3 da obra de K\u014dhei Horikoshi.\",\"breadcrumb\":{\"@id\":\"https:\/\/dublagembrasileira.com.br\/?p=4262#breadcrumb\"},\"inLanguage\":\"pt-BR\",\"potentialAction\":[{\"@type\":\"ReadAction\",\"target\":[\"https:\/\/dublagembrasileira.com.br\/?p=4262\"]}]},{\"@type\":\"ImageObject\",\"inLanguage\":\"pt-BR\",\"@id\":\"https:\/\/dublagembrasileira.com.br\/?p=4262#primaryimage\",\"url\":\"https:\/\/dublagembrasileira.com.br\/wp-content\/uploads\/2020\/01\/briggs_allmight.jpg\",\"contentUrl\":\"https:\/\/dublagembrasileira.com.br\/wp-content\/uploads\/2020\/01\/briggs_allmight.jpg\",\"width\":717,\"height\":496},{\"@type\":\"BreadcrumbList\",\"@id\":\"https:\/\/dublagembrasileira.com.br\/?p=4262#breadcrumb\",\"itemListElement\":[{\"@type\":\"ListItem\",\"position\":1,\"name\":\"In\u00edcio\",\"item\":\"https:\/\/dublagembrasileira.com.br\/\"},{\"@type\":\"ListItem\",\"position\":2,\"name\":\"Entrevista: Conversamos com Guilherme Briggs, a voz brasileira do All Might.\"}]},{\"@type\":\"WebSite\",\"@id\":\"https:\/\/dublagembrasileira.com.br\/#website\",\"url\":\"https:\/\/dublagembrasileira.com.br\/\",\"name\":\"DB - Dublagem Brasileira\",\"description\":\"O seu portal de dublagem.\",\"publisher\":{\"@id\":\"https:\/\/dublagembrasileira.com.br\/#organization\"},\"potentialAction\":[{\"@type\":\"SearchAction\",\"target\":{\"@type\":\"EntryPoint\",\"urlTemplate\":\"https:\/\/dublagembrasileira.com.br\/?s={search_term_string}\"},\"query-input\":{\"@type\":\"PropertyValueSpecification\",\"valueRequired\":true,\"valueName\":\"search_term_string\"}}],\"inLanguage\":\"pt-BR\"},{\"@type\":\"Organization\",\"@id\":\"https:\/\/dublagembrasileira.com.br\/#organization\",\"name\":\"DB - Dublagem Brasileira\",\"url\":\"https:\/\/dublagembrasileira.com.br\/\",\"logo\":{\"@type\":\"ImageObject\",\"inLanguage\":\"pt-BR\",\"@id\":\"https:\/\/dublagembrasileira.com.br\/#\/schema\/logo\/image\/\",\"url\":\"https:\/\/dublagembrasileira.com.br\/wp-content\/uploads\/2019\/07\/cropped-logotipodb.png\",\"contentUrl\":\"https:\/\/dublagembrasileira.com.br\/wp-content\/uploads\/2019\/07\/cropped-logotipodb.png\",\"width\":946,\"height\":589,\"caption\":\"DB - Dublagem Brasileira\"},\"image\":{\"@id\":\"https:\/\/dublagembrasileira.com.br\/#\/schema\/logo\/image\/\"}},{\"@type\":\"Person\",\"@id\":\"https:\/\/dublagembrasileira.com.br\/#\/schema\/person\/6298fd46a47d1ef447a90b2fc9f2b215\",\"name\":\"Iza\u00edas Correia\",\"image\":{\"@type\":\"ImageObject\",\"inLanguage\":\"pt-BR\",\"@id\":\"https:\/\/dublagembrasileira.com.br\/#\/schema\/person\/image\/\",\"url\":\"http:\/\/dublagembrasileira.com.br\/wp-content\/uploads\/2025\/06\/cropped-izaiascorreia-96x96.jpg\",\"contentUrl\":\"http:\/\/dublagembrasileira.com.br\/wp-content\/uploads\/2025\/06\/cropped-izaiascorreia-96x96.jpg\",\"caption\":\"Iza\u00edas Correia\"},\"description\":\"Professor, roteirista e web-designer, respons\u00e1vel pelo site InfanTv. Tamb\u00e9m \u00e9 pesquisador da dublagem brasileira.\",\"url\":\"https:\/\/dublagembrasileira.com.br\/?author=1\"}]}<\/script>\n<!-- \/ Yoast SEO plugin. -->","yoast_head_json":{"title":"Entrevista: Conversamos com Guilherme Briggs, a voz brasileira do All Might. | DB - Dublagem Brasileira","description":"Dublador fala sobre seu trabalho em My Hero Academia: 2 Her\u00f3is e confessa ser f\u00e3 da obra de K\u014dhei Horikoshi.","robots":{"index":"index","follow":"follow","max-snippet":"max-snippet:-1","max-image-preview":"max-image-preview:large","max-video-preview":"max-video-preview:-1"},"canonical":"https:\/\/dublagembrasileira.com.br\/?p=4262","og_locale":"pt_BR","og_type":"article","og_title":"Entrevista: Conversamos com Guilherme Briggs, a voz brasileira do All Might. | DB - Dublagem Brasileira","og_description":"Dublador fala sobre seu trabalho em My Hero Academia: 2 Her\u00f3is e confessa ser f\u00e3 da obra de K\u014dhei Horikoshi.","og_url":"https:\/\/dublagembrasileira.com.br\/?p=4262","og_site_name":"DB - Dublagem Brasileira","article_published_time":"2020-01-17T16:42:26+00:00","article_modified_time":"2020-05-18T22:00:26+00:00","og_image":[{"width":717,"height":496,"url":"https:\/\/dublagembrasileira.com.br\/wp-content\/uploads\/2020\/01\/briggs_allmight.jpg","type":"image\/jpeg"}],"author":"Iza\u00edas Correia","twitter_card":"summary_large_image","twitter_misc":{"Escrito por":"Iza\u00edas Correia","Est. tempo de leitura":"13 minutos"},"schema":{"@context":"https:\/\/schema.org","@graph":[{"@type":"Article","@id":"https:\/\/dublagembrasileira.com.br\/?p=4262#article","isPartOf":{"@id":"https:\/\/dublagembrasileira.com.br\/?p=4262"},"author":{"name":"Iza\u00edas Correia","@id":"https:\/\/dublagembrasileira.com.br\/#\/schema\/person\/6298fd46a47d1ef447a90b2fc9f2b215"},"headline":"Entrevista: Conversamos com Guilherme Briggs, a voz brasileira do All Might.","datePublished":"2020-01-17T16:42:26+00:00","dateModified":"2020-05-18T22:00:26+00:00","mainEntityOfPage":{"@id":"https:\/\/dublagembrasileira.com.br\/?p=4262"},"wordCount":2665,"commentCount":1,"publisher":{"@id":"https:\/\/dublagembrasileira.com.br\/#organization"},"image":{"@id":"https:\/\/dublagembrasileira.com.br\/?p=4262#primaryimage"},"thumbnailUrl":"https:\/\/dublagembrasileira.com.br\/wp-content\/uploads\/2020\/01\/briggs_allmight.jpg","articleSection":["Entrevistas","Mat\u00e9rias"],"inLanguage":"pt-BR","potentialAction":[{"@type":"CommentAction","name":"Comment","target":["https:\/\/dublagembrasileira.com.br\/?p=4262#respond"]}]},{"@type":"WebPage","@id":"https:\/\/dublagembrasileira.com.br\/?p=4262","url":"https:\/\/dublagembrasileira.com.br\/?p=4262","name":"Entrevista: Conversamos com Guilherme Briggs, a voz brasileira do All Might. | DB - Dublagem Brasileira","isPartOf":{"@id":"https:\/\/dublagembrasileira.com.br\/#website"},"primaryImageOfPage":{"@id":"https:\/\/dublagembrasileira.com.br\/?p=4262#primaryimage"},"image":{"@id":"https:\/\/dublagembrasileira.com.br\/?p=4262#primaryimage"},"thumbnailUrl":"https:\/\/dublagembrasileira.com.br\/wp-content\/uploads\/2020\/01\/briggs_allmight.jpg","datePublished":"2020-01-17T16:42:26+00:00","dateModified":"2020-05-18T22:00:26+00:00","description":"Dublador fala sobre seu trabalho em My Hero Academia: 2 Her\u00f3is e confessa ser f\u00e3 da obra de K\u014dhei Horikoshi.","breadcrumb":{"@id":"https:\/\/dublagembrasileira.com.br\/?p=4262#breadcrumb"},"inLanguage":"pt-BR","potentialAction":[{"@type":"ReadAction","target":["https:\/\/dublagembrasileira.com.br\/?p=4262"]}]},{"@type":"ImageObject","inLanguage":"pt-BR","@id":"https:\/\/dublagembrasileira.com.br\/?p=4262#primaryimage","url":"https:\/\/dublagembrasileira.com.br\/wp-content\/uploads\/2020\/01\/briggs_allmight.jpg","contentUrl":"https:\/\/dublagembrasileira.com.br\/wp-content\/uploads\/2020\/01\/briggs_allmight.jpg","width":717,"height":496},{"@type":"BreadcrumbList","@id":"https:\/\/dublagembrasileira.com.br\/?p=4262#breadcrumb","itemListElement":[{"@type":"ListItem","position":1,"name":"In\u00edcio","item":"https:\/\/dublagembrasileira.com.br\/"},{"@type":"ListItem","position":2,"name":"Entrevista: Conversamos com Guilherme Briggs, a voz brasileira do All Might."}]},{"@type":"WebSite","@id":"https:\/\/dublagembrasileira.com.br\/#website","url":"https:\/\/dublagembrasileira.com.br\/","name":"DB - Dublagem Brasileira","description":"O seu portal de dublagem.","publisher":{"@id":"https:\/\/dublagembrasileira.com.br\/#organization"},"potentialAction":[{"@type":"SearchAction","target":{"@type":"EntryPoint","urlTemplate":"https:\/\/dublagembrasileira.com.br\/?s={search_term_string}"},"query-input":{"@type":"PropertyValueSpecification","valueRequired":true,"valueName":"search_term_string"}}],"inLanguage":"pt-BR"},{"@type":"Organization","@id":"https:\/\/dublagembrasileira.com.br\/#organization","name":"DB - Dublagem Brasileira","url":"https:\/\/dublagembrasileira.com.br\/","logo":{"@type":"ImageObject","inLanguage":"pt-BR","@id":"https:\/\/dublagembrasileira.com.br\/#\/schema\/logo\/image\/","url":"https:\/\/dublagembrasileira.com.br\/wp-content\/uploads\/2019\/07\/cropped-logotipodb.png","contentUrl":"https:\/\/dublagembrasileira.com.br\/wp-content\/uploads\/2019\/07\/cropped-logotipodb.png","width":946,"height":589,"caption":"DB - Dublagem Brasileira"},"image":{"@id":"https:\/\/dublagembrasileira.com.br\/#\/schema\/logo\/image\/"}},{"@type":"Person","@id":"https:\/\/dublagembrasileira.com.br\/#\/schema\/person\/6298fd46a47d1ef447a90b2fc9f2b215","name":"Iza\u00edas Correia","image":{"@type":"ImageObject","inLanguage":"pt-BR","@id":"https:\/\/dublagembrasileira.com.br\/#\/schema\/person\/image\/","url":"http:\/\/dublagembrasileira.com.br\/wp-content\/uploads\/2025\/06\/cropped-izaiascorreia-96x96.jpg","contentUrl":"http:\/\/dublagembrasileira.com.br\/wp-content\/uploads\/2025\/06\/cropped-izaiascorreia-96x96.jpg","caption":"Iza\u00edas Correia"},"description":"Professor, roteirista e web-designer, respons\u00e1vel pelo site InfanTv. Tamb\u00e9m \u00e9 pesquisador da dublagem brasileira.","url":"https:\/\/dublagembrasileira.com.br\/?author=1"}]}},"rttpg_featured_image_url":{"full":["https:\/\/dublagembrasileira.com.br\/wp-content\/uploads\/2020\/01\/briggs_allmight.jpg",717,496,false],"landscape":["https:\/\/dublagembrasileira.com.br\/wp-content\/uploads\/2020\/01\/briggs_allmight.jpg",717,496,false],"portraits":["https:\/\/dublagembrasileira.com.br\/wp-content\/uploads\/2020\/01\/briggs_allmight.jpg",717,496,false],"thumbnail":["https:\/\/dublagembrasileira.com.br\/wp-content\/uploads\/2020\/01\/briggs_allmight-150x150.jpg",150,150,true],"medium":["https:\/\/dublagembrasileira.com.br\/wp-content\/uploads\/2020\/01\/briggs_allmight-300x208.jpg",300,208,true],"large":["https:\/\/dublagembrasileira.com.br\/wp-content\/uploads\/2020\/01\/briggs_allmight.jpg",640,443,false],"1536x1536":["https:\/\/dublagembrasileira.com.br\/wp-content\/uploads\/2020\/01\/briggs_allmight.jpg",717,496,false],"2048x2048":["https:\/\/dublagembrasileira.com.br\/wp-content\/uploads\/2020\/01\/briggs_allmight.jpg",717,496,false],"eggnews-slider-large":["https:\/\/dublagembrasileira.com.br\/wp-content\/uploads\/2020\/01\/briggs_allmight.jpg",717,496,false],"eggnews-featured-medium":["https:\/\/dublagembrasileira.com.br\/wp-content\/uploads\/2020\/01\/briggs_allmight-420x307.jpg",420,307,true],"eggnews-featured-long":["https:\/\/dublagembrasileira.com.br\/wp-content\/uploads\/2020\/01\/briggs_allmight-300x443.jpg",300,443,true],"eggnews-block-medium":["https:\/\/dublagembrasileira.com.br\/wp-content\/uploads\/2020\/01\/briggs_allmight-464x290.jpg",464,290,true],"eggnews-carousel-image":["https:\/\/dublagembrasileira.com.br\/wp-content\/uploads\/2020\/01\/briggs_allmight-600x496.jpg",600,496,true],"eggnews-block-thumb":["https:\/\/dublagembrasileira.com.br\/wp-content\/uploads\/2020\/01\/briggs_allmight-322x230.jpg",322,230,true],"eggnews-single-large":["https:\/\/dublagembrasileira.com.br\/wp-content\/uploads\/2020\/01\/briggs_allmight.jpg",717,496,false],"crp_thumbnail":["https:\/\/dublagembrasileira.com.br\/wp-content\/uploads\/2020\/01\/briggs_allmight-150x150.jpg",150,150,true]},"rttpg_author":{"display_name":"Iza\u00edas Correia","author_link":"https:\/\/dublagembrasileira.com.br\/?author=1"},"rttpg_comment":3,"rttpg_category":"<a href=\"https:\/\/dublagembrasileira.com.br\/?cat=12\" rel=\"category\">Entrevistas<\/a> <a href=\"https:\/\/dublagembrasileira.com.br\/?cat=15\" rel=\"category\">Mat\u00e9rias<\/a>","rttpg_excerpt":"Entrevista realizada por Iza\u00edas Correia Guilherme Neves Briggs nasceu no Rio de Janeiro no dia 25 de julho de 1970. \u00c9 ator, dublador, diretor de dublagem, locutor, tradutor, desenhista, youtuber e blogueiro. De imenso talento e voz marcante, Briggs \u00e9 conhecido pela entrega nos papeis que dubla, exigindo sempre o melhor de sua performance. Na&hellip;","_links":{"self":[{"href":"https:\/\/dublagembrasileira.com.br\/index.php?rest_route=\/wp\/v2\/posts\/4262","targetHints":{"allow":["GET"]}}],"collection":[{"href":"https:\/\/dublagembrasileira.com.br\/index.php?rest_route=\/wp\/v2\/posts"}],"about":[{"href":"https:\/\/dublagembrasileira.com.br\/index.php?rest_route=\/wp\/v2\/types\/post"}],"author":[{"embeddable":true,"href":"https:\/\/dublagembrasileira.com.br\/index.php?rest_route=\/wp\/v2\/users\/1"}],"replies":[{"embeddable":true,"href":"https:\/\/dublagembrasileira.com.br\/index.php?rest_route=%2Fwp%2Fv2%2Fcomments&post=4262"}],"version-history":[{"count":8,"href":"https:\/\/dublagembrasileira.com.br\/index.php?rest_route=\/wp\/v2\/posts\/4262\/revisions"}],"predecessor-version":[{"id":4438,"href":"https:\/\/dublagembrasileira.com.br\/index.php?rest_route=\/wp\/v2\/posts\/4262\/revisions\/4438"}],"wp:featuredmedia":[{"embeddable":true,"href":"https:\/\/dublagembrasileira.com.br\/index.php?rest_route=\/wp\/v2\/media\/4434"}],"wp:attachment":[{"href":"https:\/\/dublagembrasileira.com.br\/index.php?rest_route=%2Fwp%2Fv2%2Fmedia&parent=4262"}],"wp:term":[{"taxonomy":"category","embeddable":true,"href":"https:\/\/dublagembrasileira.com.br\/index.php?rest_route=%2Fwp%2Fv2%2Fcategories&post=4262"},{"taxonomy":"post_tag","embeddable":true,"href":"https:\/\/dublagembrasileira.com.br\/index.php?rest_route=%2Fwp%2Fv2%2Ftags&post=4262"}],"curies":[{"name":"wp","href":"https:\/\/api.w.org\/{rel}","templated":true}]}}