{"id":411,"date":"2019-06-11T20:03:06","date_gmt":"2019-06-11T20:03:06","guid":{"rendered":"http:\/\/dublagembrasileira.com.br\/?p=411"},"modified":"2019-07-16T23:51:59","modified_gmt":"2019-07-16T23:51:59","slug":"fabio-lucindo-estara-na-dublagem-de-my-hero-academia-2-herois","status":"publish","type":"post","link":"https:\/\/dublagembrasileira.com.br\/?p=411","title":{"rendered":"F\u00e1bio Lucindo estar\u00e1 na dublagem de My Hero Academia 2: Her\u00f3is."},"content":{"rendered":"<p><strong>Anime chega em agosto ao Brasil e ter\u00e1 Lucindo na voz de\u00a0Bakugo.<\/strong><\/p>\n<hr \/>\n<p style=\"text-align: justify;\"><strong>My Hero Academia: 2<\/strong> <strong>Her\u00f3is<\/strong>, que estreou no Jap\u00e3o no ano passado,\u00a0chegar\u00e1 ao Brasil em agosto. O anime tornou a segunda maior bilheteria para o formato por l\u00e1, arrecadando mais de US$ 5,7 milh\u00f5es.<\/p>\n<p style=\"text-align: justify;\">A Sato Company revelou hoje em seu canal do Youtube que o ator e dublador F\u00e1bio Lucindo ser\u00e1 a voz de Bakugo no filme. Junto do an\u00fancio, foi divulgado um v\u00eddeo com coment\u00e1rios do dublador sobre o personagem e uma pr\u00e9via de sua dublagem.<\/p>\n<p style=\"text-align: justify;\">Lucindo \u00e9 um dublador conhecido por emprestar sua voz a personagens como Ash (<strong>Pok\u00e9mon<\/strong>), Arnold (<strong>Hey Arnold!<\/strong>), Bucky (<strong>Bucky<\/strong>), Syaoran (<strong>Sakura Card Captors<\/strong>), Kuririn (<strong>Dragon Ball<\/strong>), Kiba Inuzuka (<strong>Naruto<\/strong>), Takuya Kanbara (<strong>Digimon Frontier<\/strong>), Mega Man (<strong>MegaMan NT Warrior<\/strong>), Ichigo Kurosaki (<strong>Bleach<\/strong>), Killua Zoldyck (<strong>Hunter \u00d7 Hunter<\/strong>) Shinji Ikari (<strong>Neon Genesis Evangelion<\/strong>), Ryoma Echizen (<strong>The Prince of Tennis<\/strong>), Miroku (<strong>InuYasha<\/strong>), Tao Ren (<strong>Shaman King<\/strong>) e Spyro na franquia <strong>Skylanders<\/strong>.<\/p>\n<p style=\"text-align: justify;\">O filme conta a hist\u00f3ria de Deku e All Might que recebem um convite para a I-Expo, a principal exposi\u00e7\u00e3o mundial de habilidades Quirk onde ir\u00e3o conhecer as mais novas inven\u00e7\u00f5es para her\u00f3is. No evento, Deku conhece Melissa, uma menina que \u00e9 Quirkless (sem poderes) como ele j\u00e1 foi um dia. De repente, o poderoso sistema de seguran\u00e7a da I-Expo \u00e9 invadido por vil\u00f5es e um plano sinistro \u00e9 posto em a\u00e7\u00e3o amea\u00e7ando a sociedade de her\u00f3is. Somente um homem det\u00e9m a chave para tudo \u2013 o todo poderoso s\u00edmbolo da paz: All Might.<\/p>\n<p style=\"text-align: center;\"><iframe data-src=\"https:\/\/www.youtube.com\/embed\/edzpfarpz2c\" width=\"560\" height=\"315\" frameborder=\"0\" allowfullscreen=\"allowfullscreen\" src=\"data:image\/svg+xml;base64,PHN2ZyB3aWR0aD0iMSIgaGVpZ2h0PSIxIiB4bWxucz0iaHR0cDovL3d3dy53My5vcmcvMjAwMC9zdmciPjwvc3ZnPg==\" class=\"lazyload\" data-load-mode=\"1\"><\/iframe><\/p>\n","protected":false},"excerpt":{"rendered":"<p>Anime chega em agosto ao Brasil e ter\u00e1 Lucindo na voz de\u00a0Bakugo. My Hero Academia: 2 Her\u00f3is, que estreou no Jap\u00e3o no ano passado,\u00a0chegar\u00e1 ao Brasil em agosto. O anime tornou a segunda maior bilheteria para o formato por l\u00e1, arrecadando mais de US$ 5,7 milh\u00f5es. A Sato Company revelou hoje em seu canal do Youtube que o ator e dublador F\u00e1bio Lucindo ser\u00e1 a voz de Bakugo no filme. Junto do an\u00fancio, foi divulgado um v\u00eddeo com coment\u00e1rios do dublador sobre o personagem e uma pr\u00e9via de sua dublagem. Lucindo \u00e9 um dublador conhecido por emprestar sua voz a personagens como Ash (Pok\u00e9mon), Arnold (Hey Arnold!), Bucky (Bucky), Syaoran (Sakura Card Captors), Kuririn (Dragon Ball), Kiba Inuzuka (Naruto), Takuya Kanbara (Digimon Frontier), Mega Man (MegaMan NT Warrior), Ichigo Kurosaki (Bleach), Killua Zoldyck (Hunter \u00d7 Hunter) Shinji Ikari (Neon Genesis Evangelion), Ryoma Echizen (The Prince of Tennis), Miroku (InuYasha), Tao Ren (Shaman King) e Spyro na franquia Skylanders. O filme conta a hist\u00f3ria de Deku e All Might que recebem um convite para a I-Expo, a principal exposi\u00e7\u00e3o mundial de habilidades Quirk onde ir\u00e3o conhecer as mais novas inven\u00e7\u00f5es para her\u00f3is. No evento, Deku conhece Melissa, uma menina que \u00e9 Quirkless (sem poderes) como ele j\u00e1 foi um dia. De repente, o poderoso sistema de seguran\u00e7a da I-Expo \u00e9 invadido por vil\u00f5es e um plano sinistro \u00e9 posto em a\u00e7\u00e3o amea\u00e7ando a sociedade de her\u00f3is. Somente um homem det\u00e9m a chave para tudo \u2013 o todo poderoso s\u00edmbolo da paz: All Might.<\/p>\n","protected":false},"author":4,"featured_media":412,"comment_status":"open","ping_status":"open","sticky":false,"template":"","format":"standard","meta":{"_monsterinsights_skip_tracking":false,"_monsterinsights_sitenote_active":false,"_monsterinsights_sitenote_note":"","_monsterinsights_sitenote_category":0,"footnotes":""},"categories":[5,7,2,13],"tags":[33,34,27,109,108],"class_list":["post-411","post","type-post","status-publish","format-standard","has-post-thumbnail","hentry","category-animes","category-cinema","category-filmes","category-noticias","tag-dublador","tag-dubladora","tag-dublagem","tag-fabio-lucindo","tag-my-hero-academia"],"yoast_head":"<!-- This site is optimized with the Yoast SEO plugin v26.1.1 - https:\/\/yoast.com\/wordpress\/plugins\/seo\/ -->\n<title>F\u00e1bio Lucindo estar\u00e1 na dublagem de My Hero Academia 2: Her\u00f3is. | DB - Dublagem Brasileira<\/title>\n<meta name=\"description\" content=\"O dublador F\u00e1bio Luciando \u00e9 a voz do personagem Bakugo em My Hero Academia 2, filme lan\u00e7ado em agosto nos cinema do Brasil.\" \/>\n<meta name=\"robots\" content=\"index, follow, max-snippet:-1, max-image-preview:large, max-video-preview:-1\" \/>\n<link rel=\"canonical\" href=\"https:\/\/dublagembrasileira.com.br\/?p=411\" \/>\n<meta property=\"og:locale\" content=\"pt_BR\" \/>\n<meta property=\"og:type\" content=\"article\" \/>\n<meta property=\"og:title\" content=\"F\u00e1bio Lucindo estar\u00e1 na dublagem de My Hero Academia 2: Her\u00f3is. | DB - Dublagem Brasileira\" \/>\n<meta property=\"og:description\" content=\"O dublador F\u00e1bio Luciando \u00e9 a voz do personagem Bakugo em My Hero Academia 2, filme lan\u00e7ado em agosto nos cinema do Brasil.\" \/>\n<meta property=\"og:url\" content=\"https:\/\/dublagembrasileira.com.br\/?p=411\" \/>\n<meta property=\"og:site_name\" content=\"DB - Dublagem Brasileira\" \/>\n<meta property=\"article:author\" content=\"https:\/\/www.facebook.com\/dublagembrasileira\" \/>\n<meta property=\"article:published_time\" content=\"2019-06-11T20:03:06+00:00\" \/>\n<meta property=\"article:modified_time\" content=\"2019-07-16T23:51:59+00:00\" \/>\n<meta property=\"og:image\" content=\"https:\/\/dublagembrasileira.com.br\/wp-content\/uploads\/2019\/07\/myhero2.jpg\" \/>\n\t<meta property=\"og:image:width\" content=\"674\" \/>\n\t<meta property=\"og:image:height\" content=\"475\" \/>\n\t<meta property=\"og:image:type\" content=\"image\/jpeg\" \/>\n<meta name=\"author\" content=\"Reda\u00e7\u00e3o\" \/>\n<meta name=\"twitter:card\" content=\"summary_large_image\" \/>\n<meta name=\"twitter:creator\" content=\"@dbdublagem\" \/>\n<meta name=\"twitter:label1\" content=\"Escrito por\" \/>\n\t<meta name=\"twitter:data1\" content=\"Reda\u00e7\u00e3o\" \/>\n\t<meta name=\"twitter:label2\" content=\"Est. tempo de leitura\" \/>\n\t<meta name=\"twitter:data2\" content=\"1 minuto\" \/>\n<script type=\"application\/ld+json\" class=\"yoast-schema-graph\">{\"@context\":\"https:\/\/schema.org\",\"@graph\":[{\"@type\":\"Article\",\"@id\":\"https:\/\/dublagembrasileira.com.br\/?p=411#article\",\"isPartOf\":{\"@id\":\"https:\/\/dublagembrasileira.com.br\/?p=411\"},\"author\":{\"name\":\"Reda\u00e7\u00e3o\",\"@id\":\"https:\/\/dublagembrasileira.com.br\/#\/schema\/person\/a75bac594c0e9a0b96508b7e124f20d1\"},\"headline\":\"F\u00e1bio Lucindo estar\u00e1 na dublagem de My Hero Academia 2: Her\u00f3is.\",\"datePublished\":\"2019-06-11T20:03:06+00:00\",\"dateModified\":\"2019-07-16T23:51:59+00:00\",\"mainEntityOfPage\":{\"@id\":\"https:\/\/dublagembrasileira.com.br\/?p=411\"},\"wordCount\":279,\"commentCount\":0,\"publisher\":{\"@id\":\"https:\/\/dublagembrasileira.com.br\/#organization\"},\"image\":{\"@id\":\"https:\/\/dublagembrasileira.com.br\/?p=411#primaryimage\"},\"thumbnailUrl\":\"https:\/\/dublagembrasileira.com.br\/wp-content\/uploads\/2019\/07\/myhero2.jpg\",\"keywords\":[\"dublador\",\"dubladora\",\"dublagem\",\"fabio lucindo\",\"my hero academia\"],\"articleSection\":[\"Animes\",\"Cinema\",\"Filmes\",\"Not\u00edcias\"],\"inLanguage\":\"pt-BR\",\"potentialAction\":[{\"@type\":\"CommentAction\",\"name\":\"Comment\",\"target\":[\"https:\/\/dublagembrasileira.com.br\/?p=411#respond\"]}]},{\"@type\":\"WebPage\",\"@id\":\"https:\/\/dublagembrasileira.com.br\/?p=411\",\"url\":\"https:\/\/dublagembrasileira.com.br\/?p=411\",\"name\":\"F\u00e1bio Lucindo estar\u00e1 na dublagem de My Hero Academia 2: Her\u00f3is. | DB - Dublagem Brasileira\",\"isPartOf\":{\"@id\":\"https:\/\/dublagembrasileira.com.br\/#website\"},\"primaryImageOfPage\":{\"@id\":\"https:\/\/dublagembrasileira.com.br\/?p=411#primaryimage\"},\"image\":{\"@id\":\"https:\/\/dublagembrasileira.com.br\/?p=411#primaryimage\"},\"thumbnailUrl\":\"https:\/\/dublagembrasileira.com.br\/wp-content\/uploads\/2019\/07\/myhero2.jpg\",\"datePublished\":\"2019-06-11T20:03:06+00:00\",\"dateModified\":\"2019-07-16T23:51:59+00:00\",\"description\":\"O dublador F\u00e1bio Luciando \u00e9 a voz do personagem Bakugo em My Hero Academia 2, filme lan\u00e7ado em agosto nos cinema do Brasil.\",\"breadcrumb\":{\"@id\":\"https:\/\/dublagembrasileira.com.br\/?p=411#breadcrumb\"},\"inLanguage\":\"pt-BR\",\"potentialAction\":[{\"@type\":\"ReadAction\",\"target\":[\"https:\/\/dublagembrasileira.com.br\/?p=411\"]}]},{\"@type\":\"ImageObject\",\"inLanguage\":\"pt-BR\",\"@id\":\"https:\/\/dublagembrasileira.com.br\/?p=411#primaryimage\",\"url\":\"https:\/\/dublagembrasileira.com.br\/wp-content\/uploads\/2019\/07\/myhero2.jpg\",\"contentUrl\":\"https:\/\/dublagembrasileira.com.br\/wp-content\/uploads\/2019\/07\/myhero2.jpg\",\"width\":674,\"height\":475},{\"@type\":\"BreadcrumbList\",\"@id\":\"https:\/\/dublagembrasileira.com.br\/?p=411#breadcrumb\",\"itemListElement\":[{\"@type\":\"ListItem\",\"position\":1,\"name\":\"In\u00edcio\",\"item\":\"https:\/\/dublagembrasileira.com.br\/\"},{\"@type\":\"ListItem\",\"position\":2,\"name\":\"F\u00e1bio Lucindo estar\u00e1 na dublagem de My Hero Academia 2: Her\u00f3is.\"}]},{\"@type\":\"WebSite\",\"@id\":\"https:\/\/dublagembrasileira.com.br\/#website\",\"url\":\"https:\/\/dublagembrasileira.com.br\/\",\"name\":\"DB - Dublagem Brasileira\",\"description\":\"O seu portal de dublagem.\",\"publisher\":{\"@id\":\"https:\/\/dublagembrasileira.com.br\/#organization\"},\"potentialAction\":[{\"@type\":\"SearchAction\",\"target\":{\"@type\":\"EntryPoint\",\"urlTemplate\":\"https:\/\/dublagembrasileira.com.br\/?s={search_term_string}\"},\"query-input\":{\"@type\":\"PropertyValueSpecification\",\"valueRequired\":true,\"valueName\":\"search_term_string\"}}],\"inLanguage\":\"pt-BR\"},{\"@type\":\"Organization\",\"@id\":\"https:\/\/dublagembrasileira.com.br\/#organization\",\"name\":\"DB - Dublagem Brasileira\",\"url\":\"https:\/\/dublagembrasileira.com.br\/\",\"logo\":{\"@type\":\"ImageObject\",\"inLanguage\":\"pt-BR\",\"@id\":\"https:\/\/dublagembrasileira.com.br\/#\/schema\/logo\/image\/\",\"url\":\"https:\/\/dublagembrasileira.com.br\/wp-content\/uploads\/2019\/07\/cropped-logotipodb.png\",\"contentUrl\":\"https:\/\/dublagembrasileira.com.br\/wp-content\/uploads\/2019\/07\/cropped-logotipodb.png\",\"width\":946,\"height\":589,\"caption\":\"DB - Dublagem Brasileira\"},\"image\":{\"@id\":\"https:\/\/dublagembrasileira.com.br\/#\/schema\/logo\/image\/\"}},{\"@type\":\"Person\",\"@id\":\"https:\/\/dublagembrasileira.com.br\/#\/schema\/person\/a75bac594c0e9a0b96508b7e124f20d1\",\"name\":\"Reda\u00e7\u00e3o\",\"image\":{\"@type\":\"ImageObject\",\"inLanguage\":\"pt-BR\",\"@id\":\"https:\/\/dublagembrasileira.com.br\/#\/schema\/person\/image\/\",\"url\":\"http:\/\/dublagembrasileira.com.br\/wp-content\/uploads\/2025\/06\/admin-96x96.jpg\",\"contentUrl\":\"http:\/\/dublagembrasileira.com.br\/wp-content\/uploads\/2025\/06\/admin-96x96.jpg\",\"caption\":\"Reda\u00e7\u00e3o\"},\"description\":\"Equipe do DB.\",\"sameAs\":[\"https:\/\/www.facebook.com\/dublagembrasileira\",\"https:\/\/www.instagram.com\/dbdublagembrasileira\",\"https:\/\/x.com\/dbdublagem\"],\"url\":\"https:\/\/dublagembrasileira.com.br\/?author=4\"}]}<\/script>\n<!-- \/ Yoast SEO plugin. -->","yoast_head_json":{"title":"F\u00e1bio Lucindo estar\u00e1 na dublagem de My Hero Academia 2: Her\u00f3is. | DB - Dublagem Brasileira","description":"O dublador F\u00e1bio Luciando \u00e9 a voz do personagem Bakugo em My Hero Academia 2, filme lan\u00e7ado em agosto nos cinema do Brasil.","robots":{"index":"index","follow":"follow","max-snippet":"max-snippet:-1","max-image-preview":"max-image-preview:large","max-video-preview":"max-video-preview:-1"},"canonical":"https:\/\/dublagembrasileira.com.br\/?p=411","og_locale":"pt_BR","og_type":"article","og_title":"F\u00e1bio Lucindo estar\u00e1 na dublagem de My Hero Academia 2: Her\u00f3is. | DB - Dublagem Brasileira","og_description":"O dublador F\u00e1bio Luciando \u00e9 a voz do personagem Bakugo em My Hero Academia 2, filme lan\u00e7ado em agosto nos cinema do Brasil.","og_url":"https:\/\/dublagembrasileira.com.br\/?p=411","og_site_name":"DB - Dublagem Brasileira","article_author":"https:\/\/www.facebook.com\/dublagembrasileira","article_published_time":"2019-06-11T20:03:06+00:00","article_modified_time":"2019-07-16T23:51:59+00:00","og_image":[{"width":674,"height":475,"url":"https:\/\/dublagembrasileira.com.br\/wp-content\/uploads\/2019\/07\/myhero2.jpg","type":"image\/jpeg"}],"author":"Reda\u00e7\u00e3o","twitter_card":"summary_large_image","twitter_creator":"@dbdublagem","twitter_misc":{"Escrito por":"Reda\u00e7\u00e3o","Est. tempo de leitura":"1 minuto"},"schema":{"@context":"https:\/\/schema.org","@graph":[{"@type":"Article","@id":"https:\/\/dublagembrasileira.com.br\/?p=411#article","isPartOf":{"@id":"https:\/\/dublagembrasileira.com.br\/?p=411"},"author":{"name":"Reda\u00e7\u00e3o","@id":"https:\/\/dublagembrasileira.com.br\/#\/schema\/person\/a75bac594c0e9a0b96508b7e124f20d1"},"headline":"F\u00e1bio Lucindo estar\u00e1 na dublagem de My Hero Academia 2: Her\u00f3is.","datePublished":"2019-06-11T20:03:06+00:00","dateModified":"2019-07-16T23:51:59+00:00","mainEntityOfPage":{"@id":"https:\/\/dublagembrasileira.com.br\/?p=411"},"wordCount":279,"commentCount":0,"publisher":{"@id":"https:\/\/dublagembrasileira.com.br\/#organization"},"image":{"@id":"https:\/\/dublagembrasileira.com.br\/?p=411#primaryimage"},"thumbnailUrl":"https:\/\/dublagembrasileira.com.br\/wp-content\/uploads\/2019\/07\/myhero2.jpg","keywords":["dublador","dubladora","dublagem","fabio lucindo","my hero academia"],"articleSection":["Animes","Cinema","Filmes","Not\u00edcias"],"inLanguage":"pt-BR","potentialAction":[{"@type":"CommentAction","name":"Comment","target":["https:\/\/dublagembrasileira.com.br\/?p=411#respond"]}]},{"@type":"WebPage","@id":"https:\/\/dublagembrasileira.com.br\/?p=411","url":"https:\/\/dublagembrasileira.com.br\/?p=411","name":"F\u00e1bio Lucindo estar\u00e1 na dublagem de My Hero Academia 2: Her\u00f3is. | DB - Dublagem Brasileira","isPartOf":{"@id":"https:\/\/dublagembrasileira.com.br\/#website"},"primaryImageOfPage":{"@id":"https:\/\/dublagembrasileira.com.br\/?p=411#primaryimage"},"image":{"@id":"https:\/\/dublagembrasileira.com.br\/?p=411#primaryimage"},"thumbnailUrl":"https:\/\/dublagembrasileira.com.br\/wp-content\/uploads\/2019\/07\/myhero2.jpg","datePublished":"2019-06-11T20:03:06+00:00","dateModified":"2019-07-16T23:51:59+00:00","description":"O dublador F\u00e1bio Luciando \u00e9 a voz do personagem Bakugo em My Hero Academia 2, filme lan\u00e7ado em agosto nos cinema do Brasil.","breadcrumb":{"@id":"https:\/\/dublagembrasileira.com.br\/?p=411#breadcrumb"},"inLanguage":"pt-BR","potentialAction":[{"@type":"ReadAction","target":["https:\/\/dublagembrasileira.com.br\/?p=411"]}]},{"@type":"ImageObject","inLanguage":"pt-BR","@id":"https:\/\/dublagembrasileira.com.br\/?p=411#primaryimage","url":"https:\/\/dublagembrasileira.com.br\/wp-content\/uploads\/2019\/07\/myhero2.jpg","contentUrl":"https:\/\/dublagembrasileira.com.br\/wp-content\/uploads\/2019\/07\/myhero2.jpg","width":674,"height":475},{"@type":"BreadcrumbList","@id":"https:\/\/dublagembrasileira.com.br\/?p=411#breadcrumb","itemListElement":[{"@type":"ListItem","position":1,"name":"In\u00edcio","item":"https:\/\/dublagembrasileira.com.br\/"},{"@type":"ListItem","position":2,"name":"F\u00e1bio Lucindo estar\u00e1 na dublagem de My Hero Academia 2: Her\u00f3is."}]},{"@type":"WebSite","@id":"https:\/\/dublagembrasileira.com.br\/#website","url":"https:\/\/dublagembrasileira.com.br\/","name":"DB - Dublagem Brasileira","description":"O seu portal de dublagem.","publisher":{"@id":"https:\/\/dublagembrasileira.com.br\/#organization"},"potentialAction":[{"@type":"SearchAction","target":{"@type":"EntryPoint","urlTemplate":"https:\/\/dublagembrasileira.com.br\/?s={search_term_string}"},"query-input":{"@type":"PropertyValueSpecification","valueRequired":true,"valueName":"search_term_string"}}],"inLanguage":"pt-BR"},{"@type":"Organization","@id":"https:\/\/dublagembrasileira.com.br\/#organization","name":"DB - Dublagem Brasileira","url":"https:\/\/dublagembrasileira.com.br\/","logo":{"@type":"ImageObject","inLanguage":"pt-BR","@id":"https:\/\/dublagembrasileira.com.br\/#\/schema\/logo\/image\/","url":"https:\/\/dublagembrasileira.com.br\/wp-content\/uploads\/2019\/07\/cropped-logotipodb.png","contentUrl":"https:\/\/dublagembrasileira.com.br\/wp-content\/uploads\/2019\/07\/cropped-logotipodb.png","width":946,"height":589,"caption":"DB - Dublagem Brasileira"},"image":{"@id":"https:\/\/dublagembrasileira.com.br\/#\/schema\/logo\/image\/"}},{"@type":"Person","@id":"https:\/\/dublagembrasileira.com.br\/#\/schema\/person\/a75bac594c0e9a0b96508b7e124f20d1","name":"Reda\u00e7\u00e3o","image":{"@type":"ImageObject","inLanguage":"pt-BR","@id":"https:\/\/dublagembrasileira.com.br\/#\/schema\/person\/image\/","url":"http:\/\/dublagembrasileira.com.br\/wp-content\/uploads\/2025\/06\/admin-96x96.jpg","contentUrl":"http:\/\/dublagembrasileira.com.br\/wp-content\/uploads\/2025\/06\/admin-96x96.jpg","caption":"Reda\u00e7\u00e3o"},"description":"Equipe do DB.","sameAs":["https:\/\/www.facebook.com\/dublagembrasileira","https:\/\/www.instagram.com\/dbdublagembrasileira","https:\/\/x.com\/dbdublagem"],"url":"https:\/\/dublagembrasileira.com.br\/?author=4"}]}},"rttpg_featured_image_url":{"full":["https:\/\/dublagembrasileira.com.br\/wp-content\/uploads\/2019\/07\/myhero2.jpg",674,475,false],"landscape":["https:\/\/dublagembrasileira.com.br\/wp-content\/uploads\/2019\/07\/myhero2.jpg",674,475,false],"portraits":["https:\/\/dublagembrasileira.com.br\/wp-content\/uploads\/2019\/07\/myhero2.jpg",674,475,false],"thumbnail":["https:\/\/dublagembrasileira.com.br\/wp-content\/uploads\/2019\/07\/myhero2-150x150.jpg",150,150,true],"medium":["https:\/\/dublagembrasileira.com.br\/wp-content\/uploads\/2019\/07\/myhero2-300x211.jpg",300,211,true],"large":["https:\/\/dublagembrasileira.com.br\/wp-content\/uploads\/2019\/07\/myhero2.jpg",640,451,false],"1536x1536":["https:\/\/dublagembrasileira.com.br\/wp-content\/uploads\/2019\/07\/myhero2.jpg",674,475,false],"2048x2048":["https:\/\/dublagembrasileira.com.br\/wp-content\/uploads\/2019\/07\/myhero2.jpg",674,475,false],"eggnews-slider-large":["https:\/\/dublagembrasileira.com.br\/wp-content\/uploads\/2019\/07\/myhero2.jpg",674,475,false],"eggnews-featured-medium":["https:\/\/dublagembrasileira.com.br\/wp-content\/uploads\/2019\/07\/myhero2-420x307.jpg",420,307,true],"eggnews-featured-long":["https:\/\/dublagembrasileira.com.br\/wp-content\/uploads\/2019\/07\/myhero2-300x443.jpg",300,443,true],"eggnews-block-medium":["https:\/\/dublagembrasileira.com.br\/wp-content\/uploads\/2019\/07\/myhero2-464x290.jpg",464,290,true],"eggnews-carousel-image":["https:\/\/dublagembrasileira.com.br\/wp-content\/uploads\/2019\/07\/myhero2-600x475.jpg",600,475,true],"eggnews-block-thumb":["https:\/\/dublagembrasileira.com.br\/wp-content\/uploads\/2019\/07\/myhero2-322x230.jpg",322,230,true],"eggnews-single-large":["https:\/\/dublagembrasileira.com.br\/wp-content\/uploads\/2019\/07\/myhero2.jpg",674,475,false],"crp_thumbnail":["https:\/\/dublagembrasileira.com.br\/wp-content\/uploads\/2019\/07\/myhero2.jpg",150,106,false]},"rttpg_author":{"display_name":"Reda\u00e7\u00e3o","author_link":"https:\/\/dublagembrasileira.com.br\/?author=4"},"rttpg_comment":0,"rttpg_category":"<a href=\"https:\/\/dublagembrasileira.com.br\/?cat=5\" rel=\"category\">Animes<\/a> <a href=\"https:\/\/dublagembrasileira.com.br\/?cat=7\" rel=\"category\">Cinema<\/a> <a href=\"https:\/\/dublagembrasileira.com.br\/?cat=2\" rel=\"category\">Filmes<\/a> <a href=\"https:\/\/dublagembrasileira.com.br\/?cat=13\" rel=\"category\">Not\u00edcias<\/a>","rttpg_excerpt":"Anime chega em agosto ao Brasil e ter\u00e1 Lucindo na voz de\u00a0Bakugo. My Hero Academia: 2 Her\u00f3is, que estreou no Jap\u00e3o no ano passado,\u00a0chegar\u00e1 ao Brasil em agosto. O anime tornou a segunda maior bilheteria para o formato por l\u00e1, arrecadando mais de US$ 5,7 milh\u00f5es. A Sato Company revelou hoje em seu canal do&hellip;","_links":{"self":[{"href":"https:\/\/dublagembrasileira.com.br\/index.php?rest_route=\/wp\/v2\/posts\/411","targetHints":{"allow":["GET"]}}],"collection":[{"href":"https:\/\/dublagembrasileira.com.br\/index.php?rest_route=\/wp\/v2\/posts"}],"about":[{"href":"https:\/\/dublagembrasileira.com.br\/index.php?rest_route=\/wp\/v2\/types\/post"}],"author":[{"embeddable":true,"href":"https:\/\/dublagembrasileira.com.br\/index.php?rest_route=\/wp\/v2\/users\/4"}],"replies":[{"embeddable":true,"href":"https:\/\/dublagembrasileira.com.br\/index.php?rest_route=%2Fwp%2Fv2%2Fcomments&post=411"}],"version-history":[{"count":5,"href":"https:\/\/dublagembrasileira.com.br\/index.php?rest_route=\/wp\/v2\/posts\/411\/revisions"}],"predecessor-version":[{"id":865,"href":"https:\/\/dublagembrasileira.com.br\/index.php?rest_route=\/wp\/v2\/posts\/411\/revisions\/865"}],"wp:featuredmedia":[{"embeddable":true,"href":"https:\/\/dublagembrasileira.com.br\/index.php?rest_route=\/wp\/v2\/media\/412"}],"wp:attachment":[{"href":"https:\/\/dublagembrasileira.com.br\/index.php?rest_route=%2Fwp%2Fv2%2Fmedia&parent=411"}],"wp:term":[{"taxonomy":"category","embeddable":true,"href":"https:\/\/dublagembrasileira.com.br\/index.php?rest_route=%2Fwp%2Fv2%2Fcategories&post=411"},{"taxonomy":"post_tag","embeddable":true,"href":"https:\/\/dublagembrasileira.com.br\/index.php?rest_route=%2Fwp%2Fv2%2Ftags&post=411"}],"curies":[{"name":"wp","href":"https:\/\/api.w.org\/{rel}","templated":true}]}}