{"id":36297,"date":"2025-10-01T07:15:51","date_gmt":"2025-10-01T07:15:51","guid":{"rendered":"https:\/\/dublagembrasileira.com.br\/?p=36297"},"modified":"2025-10-02T17:18:59","modified_gmt":"2025-10-02T17:18:59","slug":"dia-nacional-do-idoso-dubladora-selma-lopes-revela-sua-trajetoria-aos-98-anos-em-sem-censura","status":"publish","type":"post","link":"https:\/\/dublagembrasileira.com.br\/?p=36297","title":{"rendered":"Dia Nacional do Idoso: Dubladora Selma Lopes revela sua trajet\u00f3ria aos 98 anos em \u201cSem Censura\u201d"},"content":{"rendered":"<div class=\"elementor-element elementor-element-2f702e88 elementor-widget elementor-widget-text-editor\" data-id=\"2f702e88\" data-element_type=\"widget\" data-widget_type=\"text-editor.default\">\n<div class=\"elementor-widget-container\">\n<div class=\"elementor-text-editor elementor-clearfix\">\n<h4><i>Voz da Marge Simpson e de Whoopi Goldberg, a veterana dubladora compartilha mem\u00f3rias, quatro d\u00e9cadas de arte e a percep\u00e7\u00e3o da longevidade no programa da TV Brasil.<\/i><\/h4>\n<hr \/>\n<\/div>\n<\/div>\n<\/div>\n<article class=\"text-token-text-primary w-full focus:outline-none scroll-mt-[calc(var(--header-height)+min(200px,max(70px,20svh)))]\" dir=\"auto\" tabindex=\"-1\" data-turn-id=\"request-WEB:c1ef9873-1a97-403c-bce9-70fad24690bf-0\" data-testid=\"conversation-turn-2\" data-scroll-anchor=\"true\" data-turn=\"assistant\">\n<div class=\"text-base my-auto mx-auto pb-10 [--thread-content-margin:--spacing(4)] thread-sm:[--thread-content-margin:--spacing(6)] thread-lg:[--thread-content-margin:--spacing(16)] px-(--thread-content-margin)\">\n<div class=\"[--thread-content-max-width:40rem] thread-lg:[--thread-content-max-width:48rem] mx-auto max-w-(--thread-content-max-width) flex-1 group\/turn-messages focus-visible:outline-hidden relative flex w-full min-w-0 flex-col agent-turn\" tabindex=\"-1\">\n<div class=\"flex max-w-full flex-col grow\">\n<div class=\"min-h-8 text-message relative flex w-full flex-col items-end gap-2 text-start break-words whitespace-normal [.text-message+&amp;]:mt-5\" dir=\"auto\" data-message-author-role=\"assistant\" data-message-id=\"9290fbf9-1551-4c14-834c-92f880377822\" data-message-model-slug=\"gpt-5\">\n<div class=\"flex w-full flex-col gap-1 empty:hidden first:pt-[3px]\">\n<div class=\"markdown prose dark:prose-invert w-full break-words light markdown-new-styling\">\n<p data-start=\"535\" data-end=\"859\">Nesta quarta-feira (1\u00b0 de outubro de 2025), o <strong data-start=\"581\" data-end=\"598\">\u201cSem Censura\u201d<\/strong> da <strong data-start=\"602\" data-end=\"615\">TV Brasil<\/strong> dedica sua edi\u00e7\u00e3o ao <strong data-start=\"637\" data-end=\"662\">Dia Nacional do Idoso<\/strong>, com a participa\u00e7\u00e3o de <strong data-start=\"686\" data-end=\"701\">Selma Lopes<\/strong>, que aos <strong data-start=\"711\" data-end=\"722\">98 anos<\/strong> compartilha com o p\u00fablico hist\u00f3rias e reflex\u00f5es sobre sua longa jornada nas artes e na dublagem.<\/p>\n<p data-start=\"861\" data-end=\"1154\">Considerada uma das refer\u00eancias da dublagem brasileira, Selma ficou conhecida por dar voz a personagens emblem\u00e1ticas como <strong data-start=\"983\" data-end=\"1000\">Marge Simpson<\/strong> e <strong data-start=\"1003\" data-end=\"1022\">Whoopi Goldberg<\/strong>. Na entrevista, ela revela detalhes de sua vida profissional e pessoal que marcam gera\u00e7\u00f5es.<\/p>\n<p data-start=\"1204\" data-end=\"1560\">Selma Lopes nasceu <strong data-start=\"1223\" data-end=\"1250\">Maria de Carvalho Lopes<\/strong> em Iguape, no litoral de S\u00e3o Paulo, no dia 10 de setembro de 1928. \u00a0Sua carreira art\u00edstica teve in\u00edcio no r\u00e1dio \u2014 atuou como cantora, locutora e apresentadora \u2014 antes de migrar para a dublagem, tornando-se uma das pioneiras no pa\u00eds.<\/p>\n<p data-start=\"1562\" data-end=\"1925\">Com o tempo, Selma Marrgeou talentos: participou de novelas, pe\u00e7as teatrais, r\u00e1dio e televis\u00e3o, al\u00e9m de se destacar no universo vocal. Sua import\u00e2ncia no of\u00edcio ficou evidente quando se transformou na voz oficial de <strong data-start=\"1778\" data-end=\"1797\">Whoopi Goldberg<\/strong> em diversas produ\u00e7\u00f5es e adotou <strong data-start=\"1829\" data-end=\"1846\">Marge Simpson<\/strong> como personagem emblem\u00e1tica no Brasil.<\/p>\n<p data-start=\"1966\" data-end=\"2499\">Al\u00e9m de Selma, a edi\u00e7\u00e3o traz a jornalista <strong data-start=\"2008\" data-end=\"2026\">Mariza Tavares<\/strong>, autora de <em data-start=\"2038\" data-end=\"2106\">\u201cA Vida Depois dos 60 \u2013 prepare-se para criar a sua melhor vers\u00e3o\u201d<\/em>, que fala sobre envelhecimento ativo e reinven\u00e7\u00e3o nessa fase da vida. <span class=\"\" data-state=\"closed\"><span class=\"ms-1 inline-flex max-w-full items-center relative top-[-0.094rem] animate-[show_150ms_ease-in]\" data-testid=\"webpage-citation-pill\"><span class=\"relative start-0 bottom-0 flex h-full w-full items-center\"><span class=\"flex h-4 w-full items-center justify-between overflow-hidden\"><span class=\"max-w-[15ch] grow truncate overflow-hidden text-center\">TV Brasil<\/span><\/span><\/span><\/span><\/span> Tamb\u00e9m participa a fisioterapeuta <strong data-start=\"2249\" data-end=\"2268\">Patr\u00edcia Zaidan<\/strong>, que aborda temas de sa\u00fade \u00edntima feminina na maturidade \u2014 como dor p\u00e9lvica cr\u00f4nica e incontin\u00eancia urin\u00e1ria. Por fim, a jornalista <strong data-start=\"2401\" data-end=\"2420\">Fabiane Pereira<\/strong> contribui como debatedora no programa.<\/p>\n<p data-start=\"2501\" data-end=\"2716\">O \u201cSem Censura\u201d vai ao ar de segunda a sexta, das 16h \u00e0s 18h, pela <strong data-start=\"2568\" data-end=\"2581\">TV Brasil<\/strong>, com transmiss\u00e3o simult\u00e2nea no <strong data-start=\"2613\" data-end=\"2631\">TV Brasil Play<\/strong> e no <strong data-start=\"2637\" data-end=\"2648\">YouTube<\/strong>, al\u00e9m de vers\u00e3o em podcast.<\/p>\n<p data-start=\"2760\" data-end=\"3054\">Selma Lopes \u00e9 frequentemente referida como \u201crainha da dublagem brasileira\u201d. Apesar da idade avan\u00e7ada, permanece ativa no meio art\u00edstico e cultiva respeito e admira\u00e7\u00e3o no meio da dublagem e do entretenimento nacional.<\/p>\n<p data-start=\"3056\" data-end=\"3247\">H\u00e1 registros de que ela participou de programas televisivos como <strong><em data-start=\"3121\" data-end=\"3132\">The Noite<\/em><\/strong>, em que relembrou bord\u00f5es de Marge e momentos marcantes de sua carreira.<\/p>\n<p data-start=\"3249\" data-end=\"3448\">Em termos de dublagem, S\u00e3o muitos os trabalhos atribu\u00eddos a Selma, como figuras animadas, personalidades de Hollywood e personagens marcantes da cultura pop.<\/p>\n<\/div>\n<\/div>\n<\/div>\n<\/div>\n<\/div>\n<\/div>\n<\/article>\n","protected":false},"excerpt":{"rendered":"<p>Voz da Marge Simpson e de Whoopi Goldberg, a veterana dubladora compartilha mem\u00f3rias, quatro d\u00e9cadas de arte e a percep\u00e7\u00e3o da longevidade no programa da TV Brasil. Nesta quarta-feira (1\u00b0 de outubro de 2025), o \u201cSem Censura\u201d da TV Brasil dedica sua edi\u00e7\u00e3o ao Dia Nacional do Idoso, com a participa\u00e7\u00e3o de Selma Lopes, que aos 98 anos compartilha com o p\u00fablico hist\u00f3rias e reflex\u00f5es sobre sua longa jornada nas artes e na dublagem. Considerada uma das refer\u00eancias da dublagem brasileira, Selma ficou conhecida por dar voz a personagens emblem\u00e1ticas como Marge Simpson e Whoopi Goldberg. Na entrevista, ela revela detalhes de sua vida profissional e pessoal que marcam gera\u00e7\u00f5es. Selma Lopes nasceu Maria de Carvalho Lopes em Iguape, no litoral de S\u00e3o Paulo, no dia 10 de setembro de 1928. \u00a0Sua carreira art\u00edstica teve in\u00edcio no r\u00e1dio \u2014 atuou como cantora, locutora e apresentadora \u2014 antes de migrar para a dublagem, tornando-se uma das pioneiras no pa\u00eds. Com o tempo, Selma Marrgeou talentos: participou de novelas, pe\u00e7as teatrais, r\u00e1dio e televis\u00e3o, al\u00e9m de se destacar no universo vocal. Sua import\u00e2ncia no of\u00edcio ficou evidente quando se transformou na voz oficial de Whoopi Goldberg em diversas produ\u00e7\u00f5es e adotou Marge Simpson como personagem emblem\u00e1tica no Brasil. Al\u00e9m de Selma, a edi\u00e7\u00e3o traz a jornalista Mariza Tavares, autora de \u201cA Vida Depois dos 60 \u2013 prepare-se para criar a sua melhor vers\u00e3o\u201d, que fala sobre envelhecimento ativo e reinven\u00e7\u00e3o nessa fase da vida. TV Brasil Tamb\u00e9m participa a fisioterapeuta Patr\u00edcia Zaidan, que aborda temas de sa\u00fade \u00edntima feminina na maturidade \u2014 como dor p\u00e9lvica cr\u00f4nica e incontin\u00eancia urin\u00e1ria. Por fim, a jornalista Fabiane Pereira contribui como debatedora no programa. O \u201cSem Censura\u201d vai ao ar de segunda a sexta, das 16h \u00e0s 18h, pela TV Brasil, com transmiss\u00e3o simult\u00e2nea no TV Brasil Play e no YouTube, al\u00e9m de vers\u00e3o em podcast. Selma Lopes \u00e9 frequentemente referida como \u201crainha da dublagem brasileira\u201d. Apesar da idade avan\u00e7ada, permanece ativa no meio art\u00edstico e cultiva respeito e admira\u00e7\u00e3o no meio da dublagem e do entretenimento nacional. H\u00e1 registros de que ela participou de programas televisivos como The Noite, em que relembrou bord\u00f5es de Marge e momentos marcantes de sua carreira. Em termos de dublagem, S\u00e3o muitos os trabalhos atribu\u00eddos a Selma, como figuras animadas, personalidades de Hollywood e personagens marcantes da cultura pop.<\/p>\n","protected":false},"author":1,"featured_media":4721,"comment_status":"open","ping_status":"open","sticky":false,"template":"","format":"standard","meta":{"_monsterinsights_skip_tracking":false,"_monsterinsights_sitenote_active":false,"_monsterinsights_sitenote_note":"","_monsterinsights_sitenote_category":0,"footnotes":""},"categories":[1],"tags":[],"class_list":["post-36297","post","type-post","status-publish","format-standard","has-post-thumbnail","hentry","category-uncategorized"],"yoast_head":"<!-- This site is optimized with the Yoast SEO plugin v26.1.1 - https:\/\/yoast.com\/wordpress\/plugins\/seo\/ -->\n<title>Dia Nacional do Idoso: Dubladora Selma Lopes revela sua trajet\u00f3ria aos 98 anos em \u201cSem Censura\u201d | DB - Dublagem Brasileira<\/title>\n<meta name=\"description\" content=\"Selma Lopes, 98, \u00e9 homenageada no \u201cSem Censura\u201d no Dia Nacional do Idoso e conta sua trajet\u00f3ria como dubladora e atriz ao p\u00fablico.\" \/>\n<meta name=\"robots\" content=\"index, follow, max-snippet:-1, max-image-preview:large, max-video-preview:-1\" \/>\n<link rel=\"canonical\" href=\"https:\/\/dublagembrasileira.com.br\/?p=36297\" \/>\n<meta property=\"og:locale\" content=\"pt_BR\" \/>\n<meta property=\"og:type\" content=\"article\" \/>\n<meta property=\"og:title\" content=\"Dia Nacional do Idoso: Dubladora Selma Lopes revela sua trajet\u00f3ria aos 98 anos em \u201cSem Censura\u201d | DB - Dublagem Brasileira\" \/>\n<meta property=\"og:description\" content=\"Selma Lopes, 98, \u00e9 homenageada no \u201cSem Censura\u201d no Dia Nacional do Idoso e conta sua trajet\u00f3ria como dubladora e atriz ao p\u00fablico.\" \/>\n<meta property=\"og:url\" content=\"https:\/\/dublagembrasileira.com.br\/?p=36297\" \/>\n<meta property=\"og:site_name\" content=\"DB - Dublagem Brasileira\" \/>\n<meta property=\"article:published_time\" content=\"2025-10-01T07:15:51+00:00\" \/>\n<meta property=\"article:modified_time\" content=\"2025-10-02T17:18:59+00:00\" \/>\n<meta property=\"og:image\" content=\"http:\/\/dublagembrasileira.com.br\/wp-content\/uploads\/2021\/04\/selmalopes.jpg\" \/>\n\t<meta property=\"og:image:width\" content=\"704\" \/>\n\t<meta property=\"og:image:height\" content=\"496\" \/>\n\t<meta property=\"og:image:type\" content=\"image\/jpeg\" \/>\n<meta name=\"author\" content=\"Iza\u00edas Correia\" \/>\n<meta name=\"twitter:card\" content=\"summary_large_image\" \/>\n<meta name=\"twitter:label1\" content=\"Escrito por\" \/>\n\t<meta name=\"twitter:data1\" content=\"Iza\u00edas Correia\" \/>\n\t<meta name=\"twitter:label2\" content=\"Est. tempo de leitura\" \/>\n\t<meta name=\"twitter:data2\" content=\"3 minutos\" \/>\n<script type=\"application\/ld+json\" class=\"yoast-schema-graph\">{\"@context\":\"https:\/\/schema.org\",\"@graph\":[{\"@type\":\"Article\",\"@id\":\"https:\/\/dublagembrasileira.com.br\/?p=36297#article\",\"isPartOf\":{\"@id\":\"https:\/\/dublagembrasileira.com.br\/?p=36297\"},\"author\":{\"name\":\"Iza\u00edas Correia\",\"@id\":\"https:\/\/dublagembrasileira.com.br\/#\/schema\/person\/6298fd46a47d1ef447a90b2fc9f2b215\"},\"headline\":\"Dia Nacional do Idoso: Dubladora Selma Lopes revela sua trajet\u00f3ria aos 98 anos em \u201cSem Censura\u201d\",\"datePublished\":\"2025-10-01T07:15:51+00:00\",\"dateModified\":\"2025-10-02T17:18:59+00:00\",\"mainEntityOfPage\":{\"@id\":\"https:\/\/dublagembrasileira.com.br\/?p=36297\"},\"wordCount\":439,\"commentCount\":3,\"publisher\":{\"@id\":\"https:\/\/dublagembrasileira.com.br\/#organization\"},\"image\":{\"@id\":\"https:\/\/dublagembrasileira.com.br\/?p=36297#primaryimage\"},\"thumbnailUrl\":\"https:\/\/dublagembrasileira.com.br\/wp-content\/uploads\/2021\/04\/selmalopes.jpg\",\"articleSection\":[\"Uncategorized\"],\"inLanguage\":\"pt-BR\",\"potentialAction\":[{\"@type\":\"CommentAction\",\"name\":\"Comment\",\"target\":[\"https:\/\/dublagembrasileira.com.br\/?p=36297#respond\"]}]},{\"@type\":\"WebPage\",\"@id\":\"https:\/\/dublagembrasileira.com.br\/?p=36297\",\"url\":\"https:\/\/dublagembrasileira.com.br\/?p=36297\",\"name\":\"Dia Nacional do Idoso: Dubladora Selma Lopes revela sua trajet\u00f3ria aos 98 anos em \u201cSem Censura\u201d | DB - Dublagem Brasileira\",\"isPartOf\":{\"@id\":\"https:\/\/dublagembrasileira.com.br\/#website\"},\"primaryImageOfPage\":{\"@id\":\"https:\/\/dublagembrasileira.com.br\/?p=36297#primaryimage\"},\"image\":{\"@id\":\"https:\/\/dublagembrasileira.com.br\/?p=36297#primaryimage\"},\"thumbnailUrl\":\"https:\/\/dublagembrasileira.com.br\/wp-content\/uploads\/2021\/04\/selmalopes.jpg\",\"datePublished\":\"2025-10-01T07:15:51+00:00\",\"dateModified\":\"2025-10-02T17:18:59+00:00\",\"description\":\"Selma Lopes, 98, \u00e9 homenageada no \u201cSem Censura\u201d no Dia Nacional do Idoso e conta sua trajet\u00f3ria como dubladora e atriz ao p\u00fablico.\",\"breadcrumb\":{\"@id\":\"https:\/\/dublagembrasileira.com.br\/?p=36297#breadcrumb\"},\"inLanguage\":\"pt-BR\",\"potentialAction\":[{\"@type\":\"ReadAction\",\"target\":[\"https:\/\/dublagembrasileira.com.br\/?p=36297\"]}]},{\"@type\":\"ImageObject\",\"inLanguage\":\"pt-BR\",\"@id\":\"https:\/\/dublagembrasileira.com.br\/?p=36297#primaryimage\",\"url\":\"https:\/\/dublagembrasileira.com.br\/wp-content\/uploads\/2021\/04\/selmalopes.jpg\",\"contentUrl\":\"https:\/\/dublagembrasileira.com.br\/wp-content\/uploads\/2021\/04\/selmalopes.jpg\",\"width\":704,\"height\":496},{\"@type\":\"BreadcrumbList\",\"@id\":\"https:\/\/dublagembrasileira.com.br\/?p=36297#breadcrumb\",\"itemListElement\":[{\"@type\":\"ListItem\",\"position\":1,\"name\":\"In\u00edcio\",\"item\":\"https:\/\/dublagembrasileira.com.br\/\"},{\"@type\":\"ListItem\",\"position\":2,\"name\":\"Dia Nacional do Idoso: Dubladora Selma Lopes revela sua trajet\u00f3ria aos 98 anos em \u201cSem Censura\u201d\"}]},{\"@type\":\"WebSite\",\"@id\":\"https:\/\/dublagembrasileira.com.br\/#website\",\"url\":\"https:\/\/dublagembrasileira.com.br\/\",\"name\":\"DB - Dublagem Brasileira\",\"description\":\"O seu portal de dublagem.\",\"publisher\":{\"@id\":\"https:\/\/dublagembrasileira.com.br\/#organization\"},\"potentialAction\":[{\"@type\":\"SearchAction\",\"target\":{\"@type\":\"EntryPoint\",\"urlTemplate\":\"https:\/\/dublagembrasileira.com.br\/?s={search_term_string}\"},\"query-input\":{\"@type\":\"PropertyValueSpecification\",\"valueRequired\":true,\"valueName\":\"search_term_string\"}}],\"inLanguage\":\"pt-BR\"},{\"@type\":\"Organization\",\"@id\":\"https:\/\/dublagembrasileira.com.br\/#organization\",\"name\":\"DB - Dublagem Brasileira\",\"url\":\"https:\/\/dublagembrasileira.com.br\/\",\"logo\":{\"@type\":\"ImageObject\",\"inLanguage\":\"pt-BR\",\"@id\":\"https:\/\/dublagembrasileira.com.br\/#\/schema\/logo\/image\/\",\"url\":\"https:\/\/dublagembrasileira.com.br\/wp-content\/uploads\/2019\/07\/cropped-logotipodb.png\",\"contentUrl\":\"https:\/\/dublagembrasileira.com.br\/wp-content\/uploads\/2019\/07\/cropped-logotipodb.png\",\"width\":946,\"height\":589,\"caption\":\"DB - Dublagem Brasileira\"},\"image\":{\"@id\":\"https:\/\/dublagembrasileira.com.br\/#\/schema\/logo\/image\/\"}},{\"@type\":\"Person\",\"@id\":\"https:\/\/dublagembrasileira.com.br\/#\/schema\/person\/6298fd46a47d1ef447a90b2fc9f2b215\",\"name\":\"Iza\u00edas Correia\",\"image\":{\"@type\":\"ImageObject\",\"inLanguage\":\"pt-BR\",\"@id\":\"https:\/\/dublagembrasileira.com.br\/#\/schema\/person\/image\/\",\"url\":\"http:\/\/dublagembrasileira.com.br\/wp-content\/uploads\/2025\/06\/cropped-izaiascorreia-96x96.jpg\",\"contentUrl\":\"http:\/\/dublagembrasileira.com.br\/wp-content\/uploads\/2025\/06\/cropped-izaiascorreia-96x96.jpg\",\"caption\":\"Iza\u00edas Correia\"},\"description\":\"Professor, roteirista e web-designer, respons\u00e1vel pelo site InfanTv. Tamb\u00e9m \u00e9 pesquisador da dublagem brasileira.\",\"url\":\"https:\/\/dublagembrasileira.com.br\/?author=1\"}]}<\/script>\n<!-- \/ Yoast SEO plugin. -->","yoast_head_json":{"title":"Dia Nacional do Idoso: Dubladora Selma Lopes revela sua trajet\u00f3ria aos 98 anos em \u201cSem Censura\u201d | DB - Dublagem Brasileira","description":"Selma Lopes, 98, \u00e9 homenageada no \u201cSem Censura\u201d no Dia Nacional do Idoso e conta sua trajet\u00f3ria como dubladora e atriz ao p\u00fablico.","robots":{"index":"index","follow":"follow","max-snippet":"max-snippet:-1","max-image-preview":"max-image-preview:large","max-video-preview":"max-video-preview:-1"},"canonical":"https:\/\/dublagembrasileira.com.br\/?p=36297","og_locale":"pt_BR","og_type":"article","og_title":"Dia Nacional do Idoso: Dubladora Selma Lopes revela sua trajet\u00f3ria aos 98 anos em \u201cSem Censura\u201d | DB - Dublagem Brasileira","og_description":"Selma Lopes, 98, \u00e9 homenageada no \u201cSem Censura\u201d no Dia Nacional do Idoso e conta sua trajet\u00f3ria como dubladora e atriz ao p\u00fablico.","og_url":"https:\/\/dublagembrasileira.com.br\/?p=36297","og_site_name":"DB - Dublagem Brasileira","article_published_time":"2025-10-01T07:15:51+00:00","article_modified_time":"2025-10-02T17:18:59+00:00","og_image":[{"width":704,"height":496,"url":"http:\/\/dublagembrasileira.com.br\/wp-content\/uploads\/2021\/04\/selmalopes.jpg","type":"image\/jpeg"}],"author":"Iza\u00edas Correia","twitter_card":"summary_large_image","twitter_misc":{"Escrito por":"Iza\u00edas Correia","Est. tempo de leitura":"3 minutos"},"schema":{"@context":"https:\/\/schema.org","@graph":[{"@type":"Article","@id":"https:\/\/dublagembrasileira.com.br\/?p=36297#article","isPartOf":{"@id":"https:\/\/dublagembrasileira.com.br\/?p=36297"},"author":{"name":"Iza\u00edas Correia","@id":"https:\/\/dublagembrasileira.com.br\/#\/schema\/person\/6298fd46a47d1ef447a90b2fc9f2b215"},"headline":"Dia Nacional do Idoso: Dubladora Selma Lopes revela sua trajet\u00f3ria aos 98 anos em \u201cSem Censura\u201d","datePublished":"2025-10-01T07:15:51+00:00","dateModified":"2025-10-02T17:18:59+00:00","mainEntityOfPage":{"@id":"https:\/\/dublagembrasileira.com.br\/?p=36297"},"wordCount":439,"commentCount":3,"publisher":{"@id":"https:\/\/dublagembrasileira.com.br\/#organization"},"image":{"@id":"https:\/\/dublagembrasileira.com.br\/?p=36297#primaryimage"},"thumbnailUrl":"https:\/\/dublagembrasileira.com.br\/wp-content\/uploads\/2021\/04\/selmalopes.jpg","articleSection":["Uncategorized"],"inLanguage":"pt-BR","potentialAction":[{"@type":"CommentAction","name":"Comment","target":["https:\/\/dublagembrasileira.com.br\/?p=36297#respond"]}]},{"@type":"WebPage","@id":"https:\/\/dublagembrasileira.com.br\/?p=36297","url":"https:\/\/dublagembrasileira.com.br\/?p=36297","name":"Dia Nacional do Idoso: Dubladora Selma Lopes revela sua trajet\u00f3ria aos 98 anos em \u201cSem Censura\u201d | DB - Dublagem Brasileira","isPartOf":{"@id":"https:\/\/dublagembrasileira.com.br\/#website"},"primaryImageOfPage":{"@id":"https:\/\/dublagembrasileira.com.br\/?p=36297#primaryimage"},"image":{"@id":"https:\/\/dublagembrasileira.com.br\/?p=36297#primaryimage"},"thumbnailUrl":"https:\/\/dublagembrasileira.com.br\/wp-content\/uploads\/2021\/04\/selmalopes.jpg","datePublished":"2025-10-01T07:15:51+00:00","dateModified":"2025-10-02T17:18:59+00:00","description":"Selma Lopes, 98, \u00e9 homenageada no \u201cSem Censura\u201d no Dia Nacional do Idoso e conta sua trajet\u00f3ria como dubladora e atriz ao p\u00fablico.","breadcrumb":{"@id":"https:\/\/dublagembrasileira.com.br\/?p=36297#breadcrumb"},"inLanguage":"pt-BR","potentialAction":[{"@type":"ReadAction","target":["https:\/\/dublagembrasileira.com.br\/?p=36297"]}]},{"@type":"ImageObject","inLanguage":"pt-BR","@id":"https:\/\/dublagembrasileira.com.br\/?p=36297#primaryimage","url":"https:\/\/dublagembrasileira.com.br\/wp-content\/uploads\/2021\/04\/selmalopes.jpg","contentUrl":"https:\/\/dublagembrasileira.com.br\/wp-content\/uploads\/2021\/04\/selmalopes.jpg","width":704,"height":496},{"@type":"BreadcrumbList","@id":"https:\/\/dublagembrasileira.com.br\/?p=36297#breadcrumb","itemListElement":[{"@type":"ListItem","position":1,"name":"In\u00edcio","item":"https:\/\/dublagembrasileira.com.br\/"},{"@type":"ListItem","position":2,"name":"Dia Nacional do Idoso: Dubladora Selma Lopes revela sua trajet\u00f3ria aos 98 anos em \u201cSem Censura\u201d"}]},{"@type":"WebSite","@id":"https:\/\/dublagembrasileira.com.br\/#website","url":"https:\/\/dublagembrasileira.com.br\/","name":"DB - Dublagem Brasileira","description":"O seu portal de dublagem.","publisher":{"@id":"https:\/\/dublagembrasileira.com.br\/#organization"},"potentialAction":[{"@type":"SearchAction","target":{"@type":"EntryPoint","urlTemplate":"https:\/\/dublagembrasileira.com.br\/?s={search_term_string}"},"query-input":{"@type":"PropertyValueSpecification","valueRequired":true,"valueName":"search_term_string"}}],"inLanguage":"pt-BR"},{"@type":"Organization","@id":"https:\/\/dublagembrasileira.com.br\/#organization","name":"DB - Dublagem Brasileira","url":"https:\/\/dublagembrasileira.com.br\/","logo":{"@type":"ImageObject","inLanguage":"pt-BR","@id":"https:\/\/dublagembrasileira.com.br\/#\/schema\/logo\/image\/","url":"https:\/\/dublagembrasileira.com.br\/wp-content\/uploads\/2019\/07\/cropped-logotipodb.png","contentUrl":"https:\/\/dublagembrasileira.com.br\/wp-content\/uploads\/2019\/07\/cropped-logotipodb.png","width":946,"height":589,"caption":"DB - Dublagem Brasileira"},"image":{"@id":"https:\/\/dublagembrasileira.com.br\/#\/schema\/logo\/image\/"}},{"@type":"Person","@id":"https:\/\/dublagembrasileira.com.br\/#\/schema\/person\/6298fd46a47d1ef447a90b2fc9f2b215","name":"Iza\u00edas Correia","image":{"@type":"ImageObject","inLanguage":"pt-BR","@id":"https:\/\/dublagembrasileira.com.br\/#\/schema\/person\/image\/","url":"http:\/\/dublagembrasileira.com.br\/wp-content\/uploads\/2025\/06\/cropped-izaiascorreia-96x96.jpg","contentUrl":"http:\/\/dublagembrasileira.com.br\/wp-content\/uploads\/2025\/06\/cropped-izaiascorreia-96x96.jpg","caption":"Iza\u00edas Correia"},"description":"Professor, roteirista e web-designer, respons\u00e1vel pelo site InfanTv. Tamb\u00e9m \u00e9 pesquisador da dublagem brasileira.","url":"https:\/\/dublagembrasileira.com.br\/?author=1"}]}},"rttpg_featured_image_url":{"full":["https:\/\/dublagembrasileira.com.br\/wp-content\/uploads\/2021\/04\/selmalopes.jpg",704,496,false],"landscape":["https:\/\/dublagembrasileira.com.br\/wp-content\/uploads\/2021\/04\/selmalopes.jpg",704,496,false],"portraits":["https:\/\/dublagembrasileira.com.br\/wp-content\/uploads\/2021\/04\/selmalopes.jpg",704,496,false],"thumbnail":["https:\/\/dublagembrasileira.com.br\/wp-content\/uploads\/2021\/04\/selmalopes-150x150.jpg",150,150,true],"medium":["https:\/\/dublagembrasileira.com.br\/wp-content\/uploads\/2021\/04\/selmalopes-300x211.jpg",300,211,true],"large":["https:\/\/dublagembrasileira.com.br\/wp-content\/uploads\/2021\/04\/selmalopes.jpg",640,451,false],"1536x1536":["https:\/\/dublagembrasileira.com.br\/wp-content\/uploads\/2021\/04\/selmalopes.jpg",704,496,false],"2048x2048":["https:\/\/dublagembrasileira.com.br\/wp-content\/uploads\/2021\/04\/selmalopes.jpg",704,496,false],"eggnews-slider-large":["https:\/\/dublagembrasileira.com.br\/wp-content\/uploads\/2021\/04\/selmalopes.jpg",704,496,false],"eggnews-featured-medium":["https:\/\/dublagembrasileira.com.br\/wp-content\/uploads\/2021\/04\/selmalopes-420x307.jpg",420,307,true],"eggnews-featured-long":["https:\/\/dublagembrasileira.com.br\/wp-content\/uploads\/2021\/04\/selmalopes-300x443.jpg",300,443,true],"eggnews-block-medium":["https:\/\/dublagembrasileira.com.br\/wp-content\/uploads\/2021\/04\/selmalopes-464x290.jpg",464,290,true],"eggnews-carousel-image":["https:\/\/dublagembrasileira.com.br\/wp-content\/uploads\/2021\/04\/selmalopes-600x496.jpg",600,496,true],"eggnews-block-thumb":["https:\/\/dublagembrasileira.com.br\/wp-content\/uploads\/2021\/04\/selmalopes-322x230.jpg",322,230,true],"eggnews-single-large":["https:\/\/dublagembrasileira.com.br\/wp-content\/uploads\/2021\/04\/selmalopes.jpg",704,496,false],"crp_thumbnail":["https:\/\/dublagembrasileira.com.br\/wp-content\/uploads\/2021\/04\/selmalopes-150x150.jpg",150,150,true]},"rttpg_author":{"display_name":"Iza\u00edas Correia","author_link":"https:\/\/dublagembrasileira.com.br\/?author=1"},"rttpg_comment":3,"rttpg_category":"<a href=\"https:\/\/dublagembrasileira.com.br\/?cat=1\" rel=\"category\">Uncategorized<\/a>","rttpg_excerpt":"Voz da Marge Simpson e de Whoopi Goldberg, a veterana dubladora compartilha mem\u00f3rias, quatro d\u00e9cadas de arte e a percep\u00e7\u00e3o da longevidade no programa da TV Brasil. Nesta quarta-feira (1\u00b0 de outubro de 2025), o \u201cSem Censura\u201d da TV Brasil dedica sua edi\u00e7\u00e3o ao Dia Nacional do Idoso, com a participa\u00e7\u00e3o de Selma Lopes, que&hellip;","_links":{"self":[{"href":"https:\/\/dublagembrasileira.com.br\/index.php?rest_route=\/wp\/v2\/posts\/36297","targetHints":{"allow":["GET"]}}],"collection":[{"href":"https:\/\/dublagembrasileira.com.br\/index.php?rest_route=\/wp\/v2\/posts"}],"about":[{"href":"https:\/\/dublagembrasileira.com.br\/index.php?rest_route=\/wp\/v2\/types\/post"}],"author":[{"embeddable":true,"href":"https:\/\/dublagembrasileira.com.br\/index.php?rest_route=\/wp\/v2\/users\/1"}],"replies":[{"embeddable":true,"href":"https:\/\/dublagembrasileira.com.br\/index.php?rest_route=%2Fwp%2Fv2%2Fcomments&post=36297"}],"version-history":[{"count":1,"href":"https:\/\/dublagembrasileira.com.br\/index.php?rest_route=\/wp\/v2\/posts\/36297\/revisions"}],"predecessor-version":[{"id":36298,"href":"https:\/\/dublagembrasileira.com.br\/index.php?rest_route=\/wp\/v2\/posts\/36297\/revisions\/36298"}],"wp:featuredmedia":[{"embeddable":true,"href":"https:\/\/dublagembrasileira.com.br\/index.php?rest_route=\/wp\/v2\/media\/4721"}],"wp:attachment":[{"href":"https:\/\/dublagembrasileira.com.br\/index.php?rest_route=%2Fwp%2Fv2%2Fmedia&parent=36297"}],"wp:term":[{"taxonomy":"category","embeddable":true,"href":"https:\/\/dublagembrasileira.com.br\/index.php?rest_route=%2Fwp%2Fv2%2Fcategories&post=36297"},{"taxonomy":"post_tag","embeddable":true,"href":"https:\/\/dublagembrasileira.com.br\/index.php?rest_route=%2Fwp%2Fv2%2Ftags&post=36297"}],"curies":[{"name":"wp","href":"https:\/\/api.w.org\/{rel}","templated":true}]}}