{"id":36294,"date":"2025-10-02T17:13:40","date_gmt":"2025-10-02T17:13:40","guid":{"rendered":"https:\/\/dublagembrasileira.com.br\/?p=36294"},"modified":"2025-10-02T17:14:36","modified_gmt":"2025-10-02T17:14:36","slug":"kamen-rider-zeztz-confirma-dublagem-em-portugues-com-gabriel-neves-como-vilao-nox","status":"publish","type":"post","link":"https:\/\/dublagembrasileira.com.br\/?p=36294","title":{"rendered":"Kamen Rider Zeztz confirma dublagem em portugu\u00eas com Gabriel Neves como vil\u00e3o Nox"},"content":{"rendered":"<div class=\"elementor-element elementor-element-2f702e88 elementor-widget elementor-widget-text-editor\" data-id=\"2f702e88\" data-element_type=\"widget\" data-widget_type=\"text-editor.default\">\n<div class=\"elementor-widget-container\">\n<div class=\"elementor-text-editor elementor-clearfix\">\n<h4><i>Est\u00fadio Clone e dire\u00e7\u00e3o de Guilherme Marques assumem vers\u00e3o dublada; elenco cresce com Nathalia Guillen, Stephany Custodi e Thay Marciano.<\/i><\/h4>\n<hr \/>\n<\/div>\n<\/div>\n<\/div>\n<article class=\"text-token-text-primary w-full focus:outline-none scroll-mt-[calc(var(--header-height)+min(200px,max(70px,20svh)))]\" dir=\"auto\" tabindex=\"-1\" data-turn-id=\"request-WEB:c1ef9873-1a97-403c-bce9-70fad24690bf-0\" data-testid=\"conversation-turn-2\" data-scroll-anchor=\"true\" data-turn=\"assistant\">\n<div class=\"text-base my-auto mx-auto pb-10 [--thread-content-margin:--spacing(4)] thread-sm:[--thread-content-margin:--spacing(6)] thread-lg:[--thread-content-margin:--spacing(16)] px-(--thread-content-margin)\">\n<div class=\"[--thread-content-max-width:40rem] thread-lg:[--thread-content-max-width:48rem] mx-auto max-w-(--thread-content-max-width) flex-1 group\/turn-messages focus-visible:outline-hidden relative flex w-full min-w-0 flex-col agent-turn\" tabindex=\"-1\">\n<div class=\"flex max-w-full flex-col grow\">\n<div class=\"min-h-8 text-message relative flex w-full flex-col items-end gap-2 text-start break-words whitespace-normal [.text-message+&amp;]:mt-5\" dir=\"auto\" data-message-author-role=\"assistant\" data-message-id=\"9290fbf9-1551-4c14-834c-92f880377822\" data-message-model-slug=\"gpt-5\">\n<div class=\"flex w-full flex-col gap-1 empty:hidden first:pt-[3px]\">\n<div class=\"markdown prose dark:prose-invert w-full break-words light markdown-new-styling\">\n<p data-start=\"507\" data-end=\"829\">A produ\u00e7\u00e3o brasileira de <strong><em data-start=\"532\" data-end=\"551\">Kamen Rider Zeztz<\/em> <\/strong>segue em expans\u00e3o, e agora h\u00e1 uma confirma\u00e7\u00e3o que chama aten\u00e7\u00e3o: <strong data-start=\"617\" data-end=\"634\">Gabriel Neves<\/strong> foi escolhido para dar voz ao antagonista <strong data-start=\"677\" data-end=\"684\">Nox<\/strong>. Tal personagem exige presen\u00e7a, contraste e uma carga emocional forte \u2014 caracter\u00edsticas que, segundo f\u00e3s, se alinham com o perfil do dublador.<\/p>\n<p data-start=\"871\" data-end=\"1208\">Desde que foi anunciada que <strong><em data-start=\"899\" data-end=\"906\">Zeztz<\/em> <\/strong>teria vers\u00e3o dublada em portugu\u00eas, o est\u00fadio <strong data-start=\"952\" data-end=\"961\">Clone<\/strong> tem liderado o processo criativo, sob supervis\u00e3o do diretor <strong data-start=\"1022\" data-end=\"1043\">Guilherme Marques<\/strong>. A inten\u00e7\u00e3o \u00e9 preservar o tom original japon\u00eas \u2014 com suas nuances dram\u00e1ticas \u2014 ao trazer os personagens para o idioma local.<\/p>\n<p data-start=\"1210\" data-end=\"1467\">Al\u00e9m disso, o respons\u00e1vel t\u00e9cnico <strong data-start=\"1244\" data-end=\"1262\">Ricardo Campos<\/strong> participa da supervis\u00e3o, contribuindo com sua experi\u00eancia em dublagens anteriores de <em data-start=\"1348\" data-end=\"1361\">Kamen Rider<\/em>. Isso fortalece a expectativa de fidelidade ao universo original.<\/p>\n<p><\/p>\n<h3 data-start=\"1469\" data-end=\"1507\"><strong>Outros nomes confirmados no elenco<\/strong><\/h3>\n<p data-start=\"1509\" data-end=\"1606\">Enquanto Neves ganha espa\u00e7o com papel de destaque, outras vozes relevantes j\u00e1 foram divulgadas:<\/p>\n<ul data-start=\"1607\" data-end=\"1998\">\n<li data-start=\"1607\" data-end=\"1730\">\n<p data-start=\"1609\" data-end=\"1730\"><a href=\"https:\/\/dublagembrasileira.com.br\/?p=36203\"><strong data-start=\"1609\" data-end=\"1629\">Nathalia Guillen<\/strong><\/a> ser\u00e1 Nem, personagem idolatrada dentro do universo da trama.<\/p>\n<\/li>\n<li data-start=\"1731\" data-end=\"1844\">\n<p data-start=\"1733\" data-end=\"1844\"><a href=\"https:\/\/dublagembrasileira.com.br\/?p=36022\"><strong data-start=\"1733\" data-end=\"1753\">Stephany Custodi<\/strong><\/a> empresta voz a Minami Yorozu, irm\u00e3 de Baku Yorozu.<\/p>\n<\/li>\n<li data-start=\"1845\" data-end=\"1998\">\n<p data-start=\"1847\" data-end=\"1998\"><a href=\"https:\/\/dublagembrasileira.com.br\/?p=36036\"><strong data-start=\"1847\" data-end=\"1864\">Thay Marciano<\/strong> <\/a>foi escalada como Nasuka, personagem que lida com investiga\u00e7\u00e3o e mist\u00e9rio dentro da hist\u00f3ria.<\/p>\n<\/li>\n<\/ul>\n<p data-start=\"2000\" data-end=\"2188\">Esse conjunto de dubladores experientes refor\u00e7a a possibilidade de que <em data-start=\"2071\" data-end=\"2078\">Zeztz<\/em> chegue bem adaptado, n\u00e3o s\u00f3 em termos t\u00e9cnicos, mas tamb\u00e9m em express\u00e3o e conex\u00e3o com o p\u00fablico brasileiro.<\/p>\n<p data-start=\"2242\" data-end=\"2481\">Por outro lado,<strong> <em data-start=\"2258\" data-end=\"2277\">Kamen Rider Zeztz<\/em> <\/strong>j\u00e1 est\u00e1 sendo exibido em simulcast no Brasil, via canal <strong data-start=\"2334\" data-end=\"2346\">TokuSato<\/strong> no YouTube, aos s\u00e1bados (\u00e0s 23h30, hor\u00e1rio de Bras\u00edlia), com legendas em portugu\u00eas e espanhol.<\/p>\n<p data-start=\"2483\" data-end=\"2739\">A dublagem, apesar de confirmada, ainda ser\u00e1 lan\u00e7ada alguns epis\u00f3dios ap\u00f3s o in\u00edcio da s\u00e9rie legendada. H\u00e1 expectativa de que parte dela se torne dispon\u00edvel em seguida para os assinantes do clube de membros do canal.<\/p>\n<p data-start=\"2794\" data-end=\"3141\">Agora, com Gabriel Neves interpretando um vil\u00e3o central, h\u00e1 um est\u00edmulo para que quem prefere dublagem acompanhe Zeztz assim que essa vers\u00e3o for liberada. A escolha de profissionais reconhecidos, como Nathalia Guillen e Thay Marciano, amplia o apelo entre f\u00e3s de longa data e novos espectadores que valorizam a express\u00e3o in loco da voz nacional.<\/p>\n<p data-start=\"3143\" data-end=\"3387\">Al\u00e9m disso, a chegada de <strong>Zeztz<\/strong> dublado contribui para consolidar o tokusatsu no Brasil como g\u00eanero com presen\u00e7a consistente, n\u00e3o apenas em legendas, mas com produ\u00e7\u00f5es adaptadas que respeitam o original enquanto falam com o p\u00fablico brasileiro.<\/p>\n<\/div>\n<\/div>\n<\/div>\n<\/div>\n<\/div>\n<\/div>\n<\/article>\n","protected":false},"excerpt":{"rendered":"<p>Est\u00fadio Clone e dire\u00e7\u00e3o de Guilherme Marques assumem vers\u00e3o dublada; elenco cresce com Nathalia Guillen, Stephany Custodi e Thay Marciano. A produ\u00e7\u00e3o brasileira de Kamen Rider Zeztz segue em expans\u00e3o, e agora h\u00e1 uma confirma\u00e7\u00e3o que chama aten\u00e7\u00e3o: Gabriel Neves foi escolhido para dar voz ao antagonista Nox. Tal personagem exige presen\u00e7a, contraste e uma carga emocional forte \u2014 caracter\u00edsticas que, segundo f\u00e3s, se alinham com o perfil do dublador. Desde que foi anunciada que Zeztz teria vers\u00e3o dublada em portugu\u00eas, o est\u00fadio Clone tem liderado o processo criativo, sob supervis\u00e3o do diretor Guilherme Marques. A inten\u00e7\u00e3o \u00e9 preservar o tom original japon\u00eas \u2014 com suas nuances dram\u00e1ticas \u2014 ao trazer os personagens para o idioma local. Al\u00e9m disso, o respons\u00e1vel t\u00e9cnico Ricardo Campos participa da supervis\u00e3o, contribuindo com sua experi\u00eancia em dublagens anteriores de Kamen Rider. Isso fortalece a expectativa de fidelidade ao universo original. Outros nomes confirmados no elenco Enquanto Neves ganha espa\u00e7o com papel de destaque, outras vozes relevantes j\u00e1 foram divulgadas: Nathalia Guillen ser\u00e1 Nem, personagem idolatrada dentro do universo da trama. Stephany Custodi empresta voz a Minami Yorozu, irm\u00e3 de Baku Yorozu. Thay Marciano foi escalada como Nasuka, personagem que lida com investiga\u00e7\u00e3o e mist\u00e9rio dentro da hist\u00f3ria. Esse conjunto de dubladores experientes refor\u00e7a a possibilidade de que Zeztz chegue bem adaptado, n\u00e3o s\u00f3 em termos t\u00e9cnicos, mas tamb\u00e9m em express\u00e3o e conex\u00e3o com o p\u00fablico brasileiro. Por outro lado, Kamen Rider Zeztz j\u00e1 est\u00e1 sendo exibido em simulcast no Brasil, via canal TokuSato no YouTube, aos s\u00e1bados (\u00e0s 23h30, hor\u00e1rio de Bras\u00edlia), com legendas em portugu\u00eas e espanhol. A dublagem, apesar de confirmada, ainda ser\u00e1 lan\u00e7ada alguns epis\u00f3dios ap\u00f3s o in\u00edcio da s\u00e9rie legendada. H\u00e1 expectativa de que parte dela se torne dispon\u00edvel em seguida para os assinantes do clube de membros do canal. Agora, com Gabriel Neves interpretando um vil\u00e3o central, h\u00e1 um est\u00edmulo para que quem prefere dublagem acompanhe Zeztz assim que essa vers\u00e3o for liberada. A escolha de profissionais reconhecidos, como Nathalia Guillen e Thay Marciano, amplia o apelo entre f\u00e3s de longa data e novos espectadores que valorizam a express\u00e3o in loco da voz nacional. Al\u00e9m disso, a chegada de Zeztz dublado contribui para consolidar o tokusatsu no Brasil como g\u00eanero com presen\u00e7a consistente, n\u00e3o apenas em legendas, mas com produ\u00e7\u00f5es adaptadas que respeitam o original enquanto falam com o p\u00fablico brasileiro.<\/p>\n","protected":false},"author":4,"featured_media":36295,"comment_status":"open","ping_status":"open","sticky":false,"template":"","format":"standard","meta":{"_monsterinsights_skip_tracking":false,"_monsterinsights_sitenote_active":false,"_monsterinsights_sitenote_note":"","_monsterinsights_sitenote_category":0,"footnotes":""},"categories":[13,3,158,8],"tags":[],"class_list":["post-36294","post","type-post","status-publish","format-standard","has-post-thumbnail","hentry","category-noticias","category-series","category-streaming","category-televisao"],"yoast_head":"<!-- This site is optimized with the Yoast SEO plugin v26.1.1 - https:\/\/yoast.com\/wordpress\/plugins\/seo\/ -->\n<title>Kamen Rider Zeztz confirma dublagem em portugu\u00eas com Gabriel Neves como vil\u00e3o Nox | DB - Dublagem Brasileira<\/title>\n<meta name=\"description\" content=\"Elenco de Kamen Rider Zeztz ganha voz brasileira: Gabriel Neves ser\u00e1 Nox; dublagem em portugu\u00eas j\u00e1 confirmada pelo est\u00fadio Clone.\" \/>\n<meta name=\"robots\" content=\"index, follow, max-snippet:-1, max-image-preview:large, max-video-preview:-1\" \/>\n<link rel=\"canonical\" href=\"https:\/\/dublagembrasileira.com.br\/?p=36294\" \/>\n<meta property=\"og:locale\" content=\"pt_BR\" \/>\n<meta property=\"og:type\" content=\"article\" \/>\n<meta property=\"og:title\" content=\"Kamen Rider Zeztz confirma dublagem em portugu\u00eas com Gabriel Neves como vil\u00e3o Nox | DB - Dublagem Brasileira\" \/>\n<meta property=\"og:description\" content=\"Elenco de Kamen Rider Zeztz ganha voz brasileira: Gabriel Neves ser\u00e1 Nox; dublagem em portugu\u00eas j\u00e1 confirmada pelo est\u00fadio Clone.\" \/>\n<meta property=\"og:url\" content=\"https:\/\/dublagembrasileira.com.br\/?p=36294\" \/>\n<meta property=\"og:site_name\" content=\"DB - Dublagem Brasileira\" \/>\n<meta property=\"article:author\" content=\"https:\/\/www.facebook.com\/dublagembrasileira\" \/>\n<meta property=\"article:published_time\" content=\"2025-10-02T17:13:40+00:00\" \/>\n<meta property=\"article:modified_time\" content=\"2025-10-02T17:14:36+00:00\" \/>\n<meta property=\"og:image\" content=\"http:\/\/dublagembrasileira.com.br\/wp-content\/uploads\/2025\/10\/gabriel.jpg\" \/>\n\t<meta property=\"og:image:width\" content=\"1024\" \/>\n\t<meta property=\"og:image:height\" content=\"585\" \/>\n\t<meta property=\"og:image:type\" content=\"image\/jpeg\" \/>\n<meta name=\"author\" content=\"Reda\u00e7\u00e3o\" \/>\n<meta name=\"twitter:card\" content=\"summary_large_image\" \/>\n<meta name=\"twitter:creator\" content=\"@dbdublagem\" \/>\n<meta name=\"twitter:label1\" content=\"Escrito por\" \/>\n\t<meta name=\"twitter:data1\" content=\"Reda\u00e7\u00e3o\" \/>\n\t<meta name=\"twitter:label2\" content=\"Est. tempo de leitura\" \/>\n\t<meta name=\"twitter:data2\" content=\"3 minutos\" \/>\n<script type=\"application\/ld+json\" class=\"yoast-schema-graph\">{\"@context\":\"https:\/\/schema.org\",\"@graph\":[{\"@type\":\"Article\",\"@id\":\"https:\/\/dublagembrasileira.com.br\/?p=36294#article\",\"isPartOf\":{\"@id\":\"https:\/\/dublagembrasileira.com.br\/?p=36294\"},\"author\":{\"name\":\"Reda\u00e7\u00e3o\",\"@id\":\"https:\/\/dublagembrasileira.com.br\/#\/schema\/person\/a75bac594c0e9a0b96508b7e124f20d1\"},\"headline\":\"Kamen Rider Zeztz confirma dublagem em portugu\u00eas com Gabriel Neves como vil\u00e3o Nox\",\"datePublished\":\"2025-10-02T17:13:40+00:00\",\"dateModified\":\"2025-10-02T17:14:36+00:00\",\"mainEntityOfPage\":{\"@id\":\"https:\/\/dublagembrasileira.com.br\/?p=36294\"},\"wordCount\":457,\"commentCount\":0,\"publisher\":{\"@id\":\"https:\/\/dublagembrasileira.com.br\/#organization\"},\"image\":{\"@id\":\"https:\/\/dublagembrasileira.com.br\/?p=36294#primaryimage\"},\"thumbnailUrl\":\"https:\/\/dublagembrasileira.com.br\/wp-content\/uploads\/2025\/10\/gabriel.jpg\",\"articleSection\":[\"Not\u00edcias\",\"S\u00e9ries\",\"Streaming\",\"Televis\u00e3o\"],\"inLanguage\":\"pt-BR\",\"potentialAction\":[{\"@type\":\"CommentAction\",\"name\":\"Comment\",\"target\":[\"https:\/\/dublagembrasileira.com.br\/?p=36294#respond\"]}]},{\"@type\":\"WebPage\",\"@id\":\"https:\/\/dublagembrasileira.com.br\/?p=36294\",\"url\":\"https:\/\/dublagembrasileira.com.br\/?p=36294\",\"name\":\"Kamen Rider Zeztz confirma dublagem em portugu\u00eas com Gabriel Neves como vil\u00e3o Nox | DB - Dublagem Brasileira\",\"isPartOf\":{\"@id\":\"https:\/\/dublagembrasileira.com.br\/#website\"},\"primaryImageOfPage\":{\"@id\":\"https:\/\/dublagembrasileira.com.br\/?p=36294#primaryimage\"},\"image\":{\"@id\":\"https:\/\/dublagembrasileira.com.br\/?p=36294#primaryimage\"},\"thumbnailUrl\":\"https:\/\/dublagembrasileira.com.br\/wp-content\/uploads\/2025\/10\/gabriel.jpg\",\"datePublished\":\"2025-10-02T17:13:40+00:00\",\"dateModified\":\"2025-10-02T17:14:36+00:00\",\"description\":\"Elenco de Kamen Rider Zeztz ganha voz brasileira: Gabriel Neves ser\u00e1 Nox; dublagem em portugu\u00eas j\u00e1 confirmada pelo est\u00fadio Clone.\",\"breadcrumb\":{\"@id\":\"https:\/\/dublagembrasileira.com.br\/?p=36294#breadcrumb\"},\"inLanguage\":\"pt-BR\",\"potentialAction\":[{\"@type\":\"ReadAction\",\"target\":[\"https:\/\/dublagembrasileira.com.br\/?p=36294\"]}]},{\"@type\":\"ImageObject\",\"inLanguage\":\"pt-BR\",\"@id\":\"https:\/\/dublagembrasileira.com.br\/?p=36294#primaryimage\",\"url\":\"https:\/\/dublagembrasileira.com.br\/wp-content\/uploads\/2025\/10\/gabriel.jpg\",\"contentUrl\":\"https:\/\/dublagembrasileira.com.br\/wp-content\/uploads\/2025\/10\/gabriel.jpg\",\"width\":1024,\"height\":585},{\"@type\":\"BreadcrumbList\",\"@id\":\"https:\/\/dublagembrasileira.com.br\/?p=36294#breadcrumb\",\"itemListElement\":[{\"@type\":\"ListItem\",\"position\":1,\"name\":\"In\u00edcio\",\"item\":\"https:\/\/dublagembrasileira.com.br\/\"},{\"@type\":\"ListItem\",\"position\":2,\"name\":\"Kamen Rider Zeztz confirma dublagem em portugu\u00eas com Gabriel Neves como vil\u00e3o Nox\"}]},{\"@type\":\"WebSite\",\"@id\":\"https:\/\/dublagembrasileira.com.br\/#website\",\"url\":\"https:\/\/dublagembrasileira.com.br\/\",\"name\":\"DB - Dublagem Brasileira\",\"description\":\"O seu portal de dublagem.\",\"publisher\":{\"@id\":\"https:\/\/dublagembrasileira.com.br\/#organization\"},\"potentialAction\":[{\"@type\":\"SearchAction\",\"target\":{\"@type\":\"EntryPoint\",\"urlTemplate\":\"https:\/\/dublagembrasileira.com.br\/?s={search_term_string}\"},\"query-input\":{\"@type\":\"PropertyValueSpecification\",\"valueRequired\":true,\"valueName\":\"search_term_string\"}}],\"inLanguage\":\"pt-BR\"},{\"@type\":\"Organization\",\"@id\":\"https:\/\/dublagembrasileira.com.br\/#organization\",\"name\":\"DB - Dublagem Brasileira\",\"url\":\"https:\/\/dublagembrasileira.com.br\/\",\"logo\":{\"@type\":\"ImageObject\",\"inLanguage\":\"pt-BR\",\"@id\":\"https:\/\/dublagembrasileira.com.br\/#\/schema\/logo\/image\/\",\"url\":\"https:\/\/dublagembrasileira.com.br\/wp-content\/uploads\/2019\/07\/cropped-logotipodb.png\",\"contentUrl\":\"https:\/\/dublagembrasileira.com.br\/wp-content\/uploads\/2019\/07\/cropped-logotipodb.png\",\"width\":946,\"height\":589,\"caption\":\"DB - Dublagem Brasileira\"},\"image\":{\"@id\":\"https:\/\/dublagembrasileira.com.br\/#\/schema\/logo\/image\/\"}},{\"@type\":\"Person\",\"@id\":\"https:\/\/dublagembrasileira.com.br\/#\/schema\/person\/a75bac594c0e9a0b96508b7e124f20d1\",\"name\":\"Reda\u00e7\u00e3o\",\"image\":{\"@type\":\"ImageObject\",\"inLanguage\":\"pt-BR\",\"@id\":\"https:\/\/dublagembrasileira.com.br\/#\/schema\/person\/image\/\",\"url\":\"http:\/\/dublagembrasileira.com.br\/wp-content\/uploads\/2025\/06\/admin-96x96.jpg\",\"contentUrl\":\"http:\/\/dublagembrasileira.com.br\/wp-content\/uploads\/2025\/06\/admin-96x96.jpg\",\"caption\":\"Reda\u00e7\u00e3o\"},\"description\":\"Equipe do DB.\",\"sameAs\":[\"https:\/\/www.facebook.com\/dublagembrasileira\",\"https:\/\/www.instagram.com\/dbdublagembrasileira\",\"https:\/\/x.com\/dbdublagem\"],\"url\":\"https:\/\/dublagembrasileira.com.br\/?author=4\"}]}<\/script>\n<!-- \/ Yoast SEO plugin. -->","yoast_head_json":{"title":"Kamen Rider Zeztz confirma dublagem em portugu\u00eas com Gabriel Neves como vil\u00e3o Nox | DB - Dublagem Brasileira","description":"Elenco de Kamen Rider Zeztz ganha voz brasileira: Gabriel Neves ser\u00e1 Nox; dublagem em portugu\u00eas j\u00e1 confirmada pelo est\u00fadio Clone.","robots":{"index":"index","follow":"follow","max-snippet":"max-snippet:-1","max-image-preview":"max-image-preview:large","max-video-preview":"max-video-preview:-1"},"canonical":"https:\/\/dublagembrasileira.com.br\/?p=36294","og_locale":"pt_BR","og_type":"article","og_title":"Kamen Rider Zeztz confirma dublagem em portugu\u00eas com Gabriel Neves como vil\u00e3o Nox | DB - Dublagem Brasileira","og_description":"Elenco de Kamen Rider Zeztz ganha voz brasileira: Gabriel Neves ser\u00e1 Nox; dublagem em portugu\u00eas j\u00e1 confirmada pelo est\u00fadio Clone.","og_url":"https:\/\/dublagembrasileira.com.br\/?p=36294","og_site_name":"DB - Dublagem Brasileira","article_author":"https:\/\/www.facebook.com\/dublagembrasileira","article_published_time":"2025-10-02T17:13:40+00:00","article_modified_time":"2025-10-02T17:14:36+00:00","og_image":[{"width":1024,"height":585,"url":"http:\/\/dublagembrasileira.com.br\/wp-content\/uploads\/2025\/10\/gabriel.jpg","type":"image\/jpeg"}],"author":"Reda\u00e7\u00e3o","twitter_card":"summary_large_image","twitter_creator":"@dbdublagem","twitter_misc":{"Escrito por":"Reda\u00e7\u00e3o","Est. tempo de leitura":"3 minutos"},"schema":{"@context":"https:\/\/schema.org","@graph":[{"@type":"Article","@id":"https:\/\/dublagembrasileira.com.br\/?p=36294#article","isPartOf":{"@id":"https:\/\/dublagembrasileira.com.br\/?p=36294"},"author":{"name":"Reda\u00e7\u00e3o","@id":"https:\/\/dublagembrasileira.com.br\/#\/schema\/person\/a75bac594c0e9a0b96508b7e124f20d1"},"headline":"Kamen Rider Zeztz confirma dublagem em portugu\u00eas com Gabriel Neves como vil\u00e3o Nox","datePublished":"2025-10-02T17:13:40+00:00","dateModified":"2025-10-02T17:14:36+00:00","mainEntityOfPage":{"@id":"https:\/\/dublagembrasileira.com.br\/?p=36294"},"wordCount":457,"commentCount":0,"publisher":{"@id":"https:\/\/dublagembrasileira.com.br\/#organization"},"image":{"@id":"https:\/\/dublagembrasileira.com.br\/?p=36294#primaryimage"},"thumbnailUrl":"https:\/\/dublagembrasileira.com.br\/wp-content\/uploads\/2025\/10\/gabriel.jpg","articleSection":["Not\u00edcias","S\u00e9ries","Streaming","Televis\u00e3o"],"inLanguage":"pt-BR","potentialAction":[{"@type":"CommentAction","name":"Comment","target":["https:\/\/dublagembrasileira.com.br\/?p=36294#respond"]}]},{"@type":"WebPage","@id":"https:\/\/dublagembrasileira.com.br\/?p=36294","url":"https:\/\/dublagembrasileira.com.br\/?p=36294","name":"Kamen Rider Zeztz confirma dublagem em portugu\u00eas com Gabriel Neves como vil\u00e3o Nox | DB - Dublagem Brasileira","isPartOf":{"@id":"https:\/\/dublagembrasileira.com.br\/#website"},"primaryImageOfPage":{"@id":"https:\/\/dublagembrasileira.com.br\/?p=36294#primaryimage"},"image":{"@id":"https:\/\/dublagembrasileira.com.br\/?p=36294#primaryimage"},"thumbnailUrl":"https:\/\/dublagembrasileira.com.br\/wp-content\/uploads\/2025\/10\/gabriel.jpg","datePublished":"2025-10-02T17:13:40+00:00","dateModified":"2025-10-02T17:14:36+00:00","description":"Elenco de Kamen Rider Zeztz ganha voz brasileira: Gabriel Neves ser\u00e1 Nox; dublagem em portugu\u00eas j\u00e1 confirmada pelo est\u00fadio Clone.","breadcrumb":{"@id":"https:\/\/dublagembrasileira.com.br\/?p=36294#breadcrumb"},"inLanguage":"pt-BR","potentialAction":[{"@type":"ReadAction","target":["https:\/\/dublagembrasileira.com.br\/?p=36294"]}]},{"@type":"ImageObject","inLanguage":"pt-BR","@id":"https:\/\/dublagembrasileira.com.br\/?p=36294#primaryimage","url":"https:\/\/dublagembrasileira.com.br\/wp-content\/uploads\/2025\/10\/gabriel.jpg","contentUrl":"https:\/\/dublagembrasileira.com.br\/wp-content\/uploads\/2025\/10\/gabriel.jpg","width":1024,"height":585},{"@type":"BreadcrumbList","@id":"https:\/\/dublagembrasileira.com.br\/?p=36294#breadcrumb","itemListElement":[{"@type":"ListItem","position":1,"name":"In\u00edcio","item":"https:\/\/dublagembrasileira.com.br\/"},{"@type":"ListItem","position":2,"name":"Kamen Rider Zeztz confirma dublagem em portugu\u00eas com Gabriel Neves como vil\u00e3o Nox"}]},{"@type":"WebSite","@id":"https:\/\/dublagembrasileira.com.br\/#website","url":"https:\/\/dublagembrasileira.com.br\/","name":"DB - Dublagem Brasileira","description":"O seu portal de dublagem.","publisher":{"@id":"https:\/\/dublagembrasileira.com.br\/#organization"},"potentialAction":[{"@type":"SearchAction","target":{"@type":"EntryPoint","urlTemplate":"https:\/\/dublagembrasileira.com.br\/?s={search_term_string}"},"query-input":{"@type":"PropertyValueSpecification","valueRequired":true,"valueName":"search_term_string"}}],"inLanguage":"pt-BR"},{"@type":"Organization","@id":"https:\/\/dublagembrasileira.com.br\/#organization","name":"DB - Dublagem Brasileira","url":"https:\/\/dublagembrasileira.com.br\/","logo":{"@type":"ImageObject","inLanguage":"pt-BR","@id":"https:\/\/dublagembrasileira.com.br\/#\/schema\/logo\/image\/","url":"https:\/\/dublagembrasileira.com.br\/wp-content\/uploads\/2019\/07\/cropped-logotipodb.png","contentUrl":"https:\/\/dublagembrasileira.com.br\/wp-content\/uploads\/2019\/07\/cropped-logotipodb.png","width":946,"height":589,"caption":"DB - Dublagem Brasileira"},"image":{"@id":"https:\/\/dublagembrasileira.com.br\/#\/schema\/logo\/image\/"}},{"@type":"Person","@id":"https:\/\/dublagembrasileira.com.br\/#\/schema\/person\/a75bac594c0e9a0b96508b7e124f20d1","name":"Reda\u00e7\u00e3o","image":{"@type":"ImageObject","inLanguage":"pt-BR","@id":"https:\/\/dublagembrasileira.com.br\/#\/schema\/person\/image\/","url":"http:\/\/dublagembrasileira.com.br\/wp-content\/uploads\/2025\/06\/admin-96x96.jpg","contentUrl":"http:\/\/dublagembrasileira.com.br\/wp-content\/uploads\/2025\/06\/admin-96x96.jpg","caption":"Reda\u00e7\u00e3o"},"description":"Equipe do DB.","sameAs":["https:\/\/www.facebook.com\/dublagembrasileira","https:\/\/www.instagram.com\/dbdublagembrasileira","https:\/\/x.com\/dbdublagem"],"url":"https:\/\/dublagembrasileira.com.br\/?author=4"}]}},"rttpg_featured_image_url":{"full":["https:\/\/dublagembrasileira.com.br\/wp-content\/uploads\/2025\/10\/gabriel.jpg",1024,585,false],"landscape":["https:\/\/dublagembrasileira.com.br\/wp-content\/uploads\/2025\/10\/gabriel.jpg",1024,585,false],"portraits":["https:\/\/dublagembrasileira.com.br\/wp-content\/uploads\/2025\/10\/gabriel.jpg",1024,585,false],"thumbnail":["https:\/\/dublagembrasileira.com.br\/wp-content\/uploads\/2025\/10\/gabriel-150x150.jpg",150,150,true],"medium":["https:\/\/dublagembrasileira.com.br\/wp-content\/uploads\/2025\/10\/gabriel-300x171.jpg",300,171,true],"large":["https:\/\/dublagembrasileira.com.br\/wp-content\/uploads\/2025\/10\/gabriel.jpg",640,366,false],"1536x1536":["https:\/\/dublagembrasileira.com.br\/wp-content\/uploads\/2025\/10\/gabriel.jpg",1024,585,false],"2048x2048":["https:\/\/dublagembrasileira.com.br\/wp-content\/uploads\/2025\/10\/gabriel.jpg",1024,585,false],"eggnews-slider-large":["https:\/\/dublagembrasileira.com.br\/wp-content\/uploads\/2025\/10\/gabriel-1020x585.jpg",1020,585,true],"eggnews-featured-medium":["https:\/\/dublagembrasileira.com.br\/wp-content\/uploads\/2025\/10\/gabriel-420x307.jpg",420,307,true],"eggnews-featured-long":["https:\/\/dublagembrasileira.com.br\/wp-content\/uploads\/2025\/10\/gabriel-300x443.jpg",300,443,true],"eggnews-block-medium":["https:\/\/dublagembrasileira.com.br\/wp-content\/uploads\/2025\/10\/gabriel-464x290.jpg",464,290,true],"eggnews-carousel-image":["https:\/\/dublagembrasileira.com.br\/wp-content\/uploads\/2025\/10\/gabriel-600x500.jpg",600,500,true],"eggnews-block-thumb":["https:\/\/dublagembrasileira.com.br\/wp-content\/uploads\/2025\/10\/gabriel-322x230.jpg",322,230,true],"eggnews-single-large":["https:\/\/dublagembrasileira.com.br\/wp-content\/uploads\/2025\/10\/gabriel.jpg",1024,585,false],"crp_thumbnail":["https:\/\/dublagembrasileira.com.br\/wp-content\/uploads\/2025\/10\/gabriel-150x150.jpg",150,150,true]},"rttpg_author":{"display_name":"Reda\u00e7\u00e3o","author_link":"https:\/\/dublagembrasileira.com.br\/?author=4"},"rttpg_comment":0,"rttpg_category":"<a href=\"https:\/\/dublagembrasileira.com.br\/?cat=13\" rel=\"category\">Not\u00edcias<\/a> <a href=\"https:\/\/dublagembrasileira.com.br\/?cat=3\" rel=\"category\">S\u00e9ries<\/a> <a href=\"https:\/\/dublagembrasileira.com.br\/?cat=158\" rel=\"category\">Streaming<\/a> <a href=\"https:\/\/dublagembrasileira.com.br\/?cat=8\" rel=\"category\">Televis\u00e3o<\/a>","rttpg_excerpt":"Est\u00fadio Clone e dire\u00e7\u00e3o de Guilherme Marques assumem vers\u00e3o dublada; elenco cresce com Nathalia Guillen, Stephany Custodi e Thay Marciano. A produ\u00e7\u00e3o brasileira de Kamen Rider Zeztz segue em expans\u00e3o, e agora h\u00e1 uma confirma\u00e7\u00e3o que chama aten\u00e7\u00e3o: Gabriel Neves foi escolhido para dar voz ao antagonista Nox. Tal personagem exige presen\u00e7a, contraste e uma&hellip;","_links":{"self":[{"href":"https:\/\/dublagembrasileira.com.br\/index.php?rest_route=\/wp\/v2\/posts\/36294","targetHints":{"allow":["GET"]}}],"collection":[{"href":"https:\/\/dublagembrasileira.com.br\/index.php?rest_route=\/wp\/v2\/posts"}],"about":[{"href":"https:\/\/dublagembrasileira.com.br\/index.php?rest_route=\/wp\/v2\/types\/post"}],"author":[{"embeddable":true,"href":"https:\/\/dublagembrasileira.com.br\/index.php?rest_route=\/wp\/v2\/users\/4"}],"replies":[{"embeddable":true,"href":"https:\/\/dublagembrasileira.com.br\/index.php?rest_route=%2Fwp%2Fv2%2Fcomments&post=36294"}],"version-history":[{"count":1,"href":"https:\/\/dublagembrasileira.com.br\/index.php?rest_route=\/wp\/v2\/posts\/36294\/revisions"}],"predecessor-version":[{"id":36296,"href":"https:\/\/dublagembrasileira.com.br\/index.php?rest_route=\/wp\/v2\/posts\/36294\/revisions\/36296"}],"wp:featuredmedia":[{"embeddable":true,"href":"https:\/\/dublagembrasileira.com.br\/index.php?rest_route=\/wp\/v2\/media\/36295"}],"wp:attachment":[{"href":"https:\/\/dublagembrasileira.com.br\/index.php?rest_route=%2Fwp%2Fv2%2Fmedia&parent=36294"}],"wp:term":[{"taxonomy":"category","embeddable":true,"href":"https:\/\/dublagembrasileira.com.br\/index.php?rest_route=%2Fwp%2Fv2%2Fcategories&post=36294"},{"taxonomy":"post_tag","embeddable":true,"href":"https:\/\/dublagembrasileira.com.br\/index.php?rest_route=%2Fwp%2Fv2%2Ftags&post=36294"}],"curies":[{"name":"wp","href":"https:\/\/api.w.org\/{rel}","templated":true}]}}