{"id":36203,"date":"2025-09-29T23:01:30","date_gmt":"2025-09-29T23:01:30","guid":{"rendered":"https:\/\/dublagembrasileira.com.br\/?p=36203"},"modified":"2025-09-29T23:01:30","modified_gmt":"2025-09-29T23:01:30","slug":"nathalia-guillen-e-anunciada-como-voz-de-nem-na-versao-brasileira-de-kamen-rider-zeztz","status":"publish","type":"post","link":"https:\/\/dublagembrasileira.com.br\/?p=36203","title":{"rendered":"Nathalia Guillen \u00e9 anunciada como voz de Nem na vers\u00e3o brasileira de Kamen Rider Zeztz"},"content":{"rendered":"<div class=\"elementor-element elementor-element-2f702e88 elementor-widget elementor-widget-text-editor\" data-id=\"2f702e88\" data-element_type=\"widget\" data-widget_type=\"text-editor.default\">\n<div class=\"elementor-widget-container\">\n<div class=\"elementor-text-editor elementor-clearfix\">\n<h4><i>Com 16 anos de experi\u00eancia, a dubladora paulistana assume papel central na adapta\u00e7\u00e3o nacional do novo tokusatsu da franquia Kamen Rider.<\/i><\/h4>\n<hr \/>\n<\/div>\n<\/div>\n<\/div>\n<article class=\"text-token-text-primary w-full focus:outline-none scroll-mt-[calc(var(--header-height)+min(200px,max(70px,20svh)))]\" dir=\"auto\" tabindex=\"-1\" data-turn-id=\"request-WEB:c1ef9873-1a97-403c-bce9-70fad24690bf-0\" data-testid=\"conversation-turn-2\" data-scroll-anchor=\"true\" data-turn=\"assistant\">\n<div class=\"text-base my-auto mx-auto pb-10 [--thread-content-margin:--spacing(4)] thread-sm:[--thread-content-margin:--spacing(6)] thread-lg:[--thread-content-margin:--spacing(16)] px-(--thread-content-margin)\">\n<div class=\"[--thread-content-max-width:40rem] thread-lg:[--thread-content-max-width:48rem] mx-auto max-w-(--thread-content-max-width) flex-1 group\/turn-messages focus-visible:outline-hidden relative flex w-full min-w-0 flex-col agent-turn\" tabindex=\"-1\">\n<div class=\"flex max-w-full flex-col grow\">\n<div class=\"min-h-8 text-message relative flex w-full flex-col items-end gap-2 text-start break-words whitespace-normal [.text-message+&amp;]:mt-5\" dir=\"auto\" data-message-author-role=\"assistant\" data-message-id=\"9290fbf9-1551-4c14-834c-92f880377822\" data-message-model-slug=\"gpt-5\">\n<div class=\"flex w-full flex-col gap-1 empty:hidden first:pt-[3px]\">\n<div class=\"markdown prose dark:prose-invert w-full break-words light markdown-new-styling\">\n<p data-start=\"437\" data-end=\"730\">A Sato Company oficializou nesta segunda-feira (28 de setembro de 2025) a escolha de <strong data-start=\"522\" data-end=\"542\">Nathalia Guillen<\/strong> para dublar <strong data-start=\"555\" data-end=\"562\">Nem<\/strong>, personagem envolta em mist\u00e9rio e com forte apelo dram\u00e1tico em <em data-start=\"626\" data-end=\"645\">Kamen Rider Zeztz<\/em>. Com isso, a adapta\u00e7\u00e3o brasileira ganha mais um nome de peso em seu elenco nacional.<\/p>\n<p data-start=\"762\" data-end=\"1354\">Nascida em S\u00e3o Paulo em 1989, Nathalia Augusto dos Santos, artisticamente conhecida como Nathalia Guillen, atua no meio de dublagem desde 2009.\u00a0 Ao longo de sua trajet\u00f3ria, participou de projetos nos mais diversos g\u00eaneros \u2014 entre eles, <strong data-start=\"1037\" data-end=\"1058\">Jogos Mortais III<\/strong>, <strong data-start=\"1060\" data-end=\"1089\">Cont\u00e1gio: Epidemia Mortal<\/strong>, al\u00e9m de s\u00e9ries como <strong><em data-start=\"1111\" data-end=\"1123\">This Is Us<\/em>, <em data-start=\"1125\" data-end=\"1148\">Rick &amp; Morty: O Anime<\/em>, <em data-start=\"1150\" data-end=\"1161\">Dr. Stone<\/em>, <em data-start=\"1163\" data-end=\"1178\">Fruits Basket<\/em><\/strong>e<strong><em data-start=\"1181\" data-end=\"1188\">Gen V<\/em><\/strong>.\u00a0 Na \u00e1rea de tokusatsu, j\u00e1 figura no cr\u00e9dito como voz de Nem para <strong><em data-start=\"1294\" data-end=\"1313\">Kamen Rider Zeztz<\/em><\/strong>.<\/p>\n<p data-start=\"1356\" data-end=\"1541\">Essa versatilidade ser\u00e1 essencial para dar alma \u00e0 personagem Nem, que alterna entre seu lado idol carism\u00e1tica e o mist\u00e9rio que envolve seus v\u00ednculos com os sonhos no universo da s\u00e9rie.<\/p>\n<h3 data-start=\"1543\" data-end=\"1592\"><strong>Sobre o papel de Nem e sua fun\u00e7\u00e3o narrativa<\/strong><\/h3>\n<p data-start=\"1593\" data-end=\"1987\">Na trama de <strong><em data-start=\"1605\" data-end=\"1624\">Kamen Rider Zeztz<\/em><\/strong>, Nem \u00e9 uma celebridade admirada pelos protagonistas Baku Yorozu, Tetsuya Fujimi e Nasuka Nagumo. Por\u00e9m, sua rela\u00e7\u00e3o com os mist\u00e9rios dos sonhos vai al\u00e9m de sua imagem p\u00fablica, conectando-se diretamente ao enredo central da s\u00e9rie. A personagem tem papel estrat\u00e9gico no desenvolvimento da narrativa, funcionando como elo entre o real e o on\u00edrico no mundo de Zeztz.<\/p>\n<p data-start=\"2029\" data-end=\"2407\"><strong><em data-start=\"2029\" data-end=\"2048\">Kamen Rider Zeztz<\/em> <\/strong>chega ao Brasil em simulcast pelo canal <strong data-start=\"2089\" data-end=\"2101\">TokuSato<\/strong>, transmitido aos s\u00e1bados, com legendas em portugu\u00eas e espanhol.<\/p>\n<p data-start=\"2029\" data-end=\"2407\">A vers\u00e3o brasileira est\u00e1 sendo produzida pelo est\u00fadio <strong data-start=\"2260\" data-end=\"2269\">Clone<\/strong>, com dire\u00e7\u00e3o de dublagem de <strong data-start=\"2298\" data-end=\"2319\">Guilherme Marques<\/strong> \u2014 colaborador de projetos anteriores da franquia.<\/p>\n<p data-start=\"2409\" data-end=\"2619\">O an\u00fancio de Guillen ocorre em meio a uma s\u00e9rie de revela\u00e7\u00f5es graduais de vozes para a adapta\u00e7\u00e3o nacional, pr\u00e1tica adotada pela Sato para manter engajamento entre os f\u00e3s.<\/p>\n<\/div>\n<\/div>\n<\/div>\n<\/div>\n<\/div>\n<\/div>\n<\/article>\n","protected":false},"excerpt":{"rendered":"<p>Com 16 anos de experi\u00eancia, a dubladora paulistana assume papel central na adapta\u00e7\u00e3o nacional do novo tokusatsu da franquia Kamen Rider. A Sato Company oficializou nesta segunda-feira (28 de setembro de 2025) a escolha de Nathalia Guillen para dublar Nem, personagem envolta em mist\u00e9rio e com forte apelo dram\u00e1tico em Kamen Rider Zeztz. Com isso, a adapta\u00e7\u00e3o brasileira ganha mais um nome de peso em seu elenco nacional. Nascida em S\u00e3o Paulo em 1989, Nathalia Augusto dos Santos, artisticamente conhecida como Nathalia Guillen, atua no meio de dublagem desde 2009.\u00a0 Ao longo de sua trajet\u00f3ria, participou de projetos nos mais diversos g\u00eaneros \u2014 entre eles, Jogos Mortais III, Cont\u00e1gio: Epidemia Mortal, al\u00e9m de s\u00e9ries como This Is Us, Rick &amp; Morty: O Anime, Dr. Stone, Fruits BasketeGen V.\u00a0 Na \u00e1rea de tokusatsu, j\u00e1 figura no cr\u00e9dito como voz de Nem para Kamen Rider Zeztz. Essa versatilidade ser\u00e1 essencial para dar alma \u00e0 personagem Nem, que alterna entre seu lado idol carism\u00e1tica e o mist\u00e9rio que envolve seus v\u00ednculos com os sonhos no universo da s\u00e9rie. Sobre o papel de Nem e sua fun\u00e7\u00e3o narrativa Na trama de Kamen Rider Zeztz, Nem \u00e9 uma celebridade admirada pelos protagonistas Baku Yorozu, Tetsuya Fujimi e Nasuka Nagumo. Por\u00e9m, sua rela\u00e7\u00e3o com os mist\u00e9rios dos sonhos vai al\u00e9m de sua imagem p\u00fablica, conectando-se diretamente ao enredo central da s\u00e9rie. A personagem tem papel estrat\u00e9gico no desenvolvimento da narrativa, funcionando como elo entre o real e o on\u00edrico no mundo de Zeztz. Kamen Rider Zeztz chega ao Brasil em simulcast pelo canal TokuSato, transmitido aos s\u00e1bados, com legendas em portugu\u00eas e espanhol. A vers\u00e3o brasileira est\u00e1 sendo produzida pelo est\u00fadio Clone, com dire\u00e7\u00e3o de dublagem de Guilherme Marques \u2014 colaborador de projetos anteriores da franquia. O an\u00fancio de Guillen ocorre em meio a uma s\u00e9rie de revela\u00e7\u00f5es graduais de vozes para a adapta\u00e7\u00e3o nacional, pr\u00e1tica adotada pela Sato para manter engajamento entre os f\u00e3s.<\/p>\n","protected":false},"author":1,"featured_media":36205,"comment_status":"open","ping_status":"open","sticky":false,"template":"","format":"standard","meta":{"_monsterinsights_skip_tracking":false,"_monsterinsights_sitenote_active":false,"_monsterinsights_sitenote_note":"","_monsterinsights_sitenote_category":0,"footnotes":""},"categories":[13,3,158,8],"tags":[],"class_list":["post-36203","post","type-post","status-publish","format-standard","has-post-thumbnail","hentry","category-noticias","category-series","category-streaming","category-televisao"],"yoast_head":"<!-- This site is optimized with the Yoast SEO plugin v26.1.1 - https:\/\/yoast.com\/wordpress\/plugins\/seo\/ -->\n<title>Nathalia Guillen \u00e9 anunciada como voz de Nem na vers\u00e3o brasileira de Kamen Rider Zeztz | DB - Dublagem Brasileira<\/title>\n<meta name=\"description\" content=\"Nathalia Guillen interpretar\u00e1 Nem na dublagem de Kamen Rider Zeztz, s\u00e9rie que estreia em simulcast no Brasil pela Sato Company.\" \/>\n<meta name=\"robots\" content=\"index, follow, max-snippet:-1, max-image-preview:large, max-video-preview:-1\" \/>\n<link rel=\"canonical\" href=\"https:\/\/dublagembrasileira.com.br\/?p=36203\" \/>\n<meta property=\"og:locale\" content=\"pt_BR\" \/>\n<meta property=\"og:type\" content=\"article\" \/>\n<meta property=\"og:title\" content=\"Nathalia Guillen \u00e9 anunciada como voz de Nem na vers\u00e3o brasileira de Kamen Rider Zeztz | DB - Dublagem Brasileira\" \/>\n<meta property=\"og:description\" content=\"Nathalia Guillen interpretar\u00e1 Nem na dublagem de Kamen Rider Zeztz, s\u00e9rie que estreia em simulcast no Brasil pela Sato Company.\" \/>\n<meta property=\"og:url\" content=\"https:\/\/dublagembrasileira.com.br\/?p=36203\" \/>\n<meta property=\"og:site_name\" content=\"DB - Dublagem Brasileira\" \/>\n<meta property=\"article:published_time\" content=\"2025-09-29T23:01:30+00:00\" \/>\n<meta property=\"og:image\" content=\"http:\/\/dublagembrasileira.com.br\/wp-content\/uploads\/2025\/09\/Kamen-Rider-Zeztz-estreia-mundialmente2.webp\" \/>\n\t<meta property=\"og:image:width\" content=\"774\" \/>\n\t<meta property=\"og:image:height\" content=\"489\" \/>\n\t<meta property=\"og:image:type\" content=\"image\/webp\" \/>\n<meta name=\"author\" content=\"Iza\u00edas Correia\" \/>\n<meta name=\"twitter:card\" content=\"summary_large_image\" \/>\n<meta name=\"twitter:label1\" content=\"Escrito por\" \/>\n\t<meta name=\"twitter:data1\" content=\"Iza\u00edas Correia\" \/>\n\t<meta name=\"twitter:label2\" content=\"Est. tempo de leitura\" \/>\n\t<meta name=\"twitter:data2\" content=\"2 minutos\" \/>\n<script type=\"application\/ld+json\" class=\"yoast-schema-graph\">{\"@context\":\"https:\/\/schema.org\",\"@graph\":[{\"@type\":\"Article\",\"@id\":\"https:\/\/dublagembrasileira.com.br\/?p=36203#article\",\"isPartOf\":{\"@id\":\"https:\/\/dublagembrasileira.com.br\/?p=36203\"},\"author\":{\"name\":\"Iza\u00edas Correia\",\"@id\":\"https:\/\/dublagembrasileira.com.br\/#\/schema\/person\/6298fd46a47d1ef447a90b2fc9f2b215\"},\"headline\":\"Nathalia Guillen \u00e9 anunciada como voz de Nem na vers\u00e3o brasileira de Kamen Rider Zeztz\",\"datePublished\":\"2025-09-29T23:01:30+00:00\",\"mainEntityOfPage\":{\"@id\":\"https:\/\/dublagembrasileira.com.br\/?p=36203\"},\"wordCount\":363,\"commentCount\":4,\"publisher\":{\"@id\":\"https:\/\/dublagembrasileira.com.br\/#organization\"},\"image\":{\"@id\":\"https:\/\/dublagembrasileira.com.br\/?p=36203#primaryimage\"},\"thumbnailUrl\":\"https:\/\/dublagembrasileira.com.br\/wp-content\/uploads\/2025\/09\/Kamen-Rider-Zeztz-estreia-mundialmente2.webp\",\"articleSection\":[\"Not\u00edcias\",\"S\u00e9ries\",\"Streaming\",\"Televis\u00e3o\"],\"inLanguage\":\"pt-BR\",\"potentialAction\":[{\"@type\":\"CommentAction\",\"name\":\"Comment\",\"target\":[\"https:\/\/dublagembrasileira.com.br\/?p=36203#respond\"]}]},{\"@type\":\"WebPage\",\"@id\":\"https:\/\/dublagembrasileira.com.br\/?p=36203\",\"url\":\"https:\/\/dublagembrasileira.com.br\/?p=36203\",\"name\":\"Nathalia Guillen \u00e9 anunciada como voz de Nem na vers\u00e3o brasileira de Kamen Rider Zeztz | DB - Dublagem Brasileira\",\"isPartOf\":{\"@id\":\"https:\/\/dublagembrasileira.com.br\/#website\"},\"primaryImageOfPage\":{\"@id\":\"https:\/\/dublagembrasileira.com.br\/?p=36203#primaryimage\"},\"image\":{\"@id\":\"https:\/\/dublagembrasileira.com.br\/?p=36203#primaryimage\"},\"thumbnailUrl\":\"https:\/\/dublagembrasileira.com.br\/wp-content\/uploads\/2025\/09\/Kamen-Rider-Zeztz-estreia-mundialmente2.webp\",\"datePublished\":\"2025-09-29T23:01:30+00:00\",\"description\":\"Nathalia Guillen interpretar\u00e1 Nem na dublagem de Kamen Rider Zeztz, s\u00e9rie que estreia em simulcast no Brasil pela Sato Company.\",\"breadcrumb\":{\"@id\":\"https:\/\/dublagembrasileira.com.br\/?p=36203#breadcrumb\"},\"inLanguage\":\"pt-BR\",\"potentialAction\":[{\"@type\":\"ReadAction\",\"target\":[\"https:\/\/dublagembrasileira.com.br\/?p=36203\"]}]},{\"@type\":\"ImageObject\",\"inLanguage\":\"pt-BR\",\"@id\":\"https:\/\/dublagembrasileira.com.br\/?p=36203#primaryimage\",\"url\":\"https:\/\/dublagembrasileira.com.br\/wp-content\/uploads\/2025\/09\/Kamen-Rider-Zeztz-estreia-mundialmente2.webp\",\"contentUrl\":\"https:\/\/dublagembrasileira.com.br\/wp-content\/uploads\/2025\/09\/Kamen-Rider-Zeztz-estreia-mundialmente2.webp\",\"width\":774,\"height\":489},{\"@type\":\"BreadcrumbList\",\"@id\":\"https:\/\/dublagembrasileira.com.br\/?p=36203#breadcrumb\",\"itemListElement\":[{\"@type\":\"ListItem\",\"position\":1,\"name\":\"In\u00edcio\",\"item\":\"https:\/\/dublagembrasileira.com.br\/\"},{\"@type\":\"ListItem\",\"position\":2,\"name\":\"Nathalia Guillen \u00e9 anunciada como voz de Nem na vers\u00e3o brasileira de Kamen Rider Zeztz\"}]},{\"@type\":\"WebSite\",\"@id\":\"https:\/\/dublagembrasileira.com.br\/#website\",\"url\":\"https:\/\/dublagembrasileira.com.br\/\",\"name\":\"DB - Dublagem Brasileira\",\"description\":\"O seu portal de dublagem.\",\"publisher\":{\"@id\":\"https:\/\/dublagembrasileira.com.br\/#organization\"},\"potentialAction\":[{\"@type\":\"SearchAction\",\"target\":{\"@type\":\"EntryPoint\",\"urlTemplate\":\"https:\/\/dublagembrasileira.com.br\/?s={search_term_string}\"},\"query-input\":{\"@type\":\"PropertyValueSpecification\",\"valueRequired\":true,\"valueName\":\"search_term_string\"}}],\"inLanguage\":\"pt-BR\"},{\"@type\":\"Organization\",\"@id\":\"https:\/\/dublagembrasileira.com.br\/#organization\",\"name\":\"DB - Dublagem Brasileira\",\"url\":\"https:\/\/dublagembrasileira.com.br\/\",\"logo\":{\"@type\":\"ImageObject\",\"inLanguage\":\"pt-BR\",\"@id\":\"https:\/\/dublagembrasileira.com.br\/#\/schema\/logo\/image\/\",\"url\":\"https:\/\/dublagembrasileira.com.br\/wp-content\/uploads\/2019\/07\/cropped-logotipodb.png\",\"contentUrl\":\"https:\/\/dublagembrasileira.com.br\/wp-content\/uploads\/2019\/07\/cropped-logotipodb.png\",\"width\":946,\"height\":589,\"caption\":\"DB - Dublagem Brasileira\"},\"image\":{\"@id\":\"https:\/\/dublagembrasileira.com.br\/#\/schema\/logo\/image\/\"}},{\"@type\":\"Person\",\"@id\":\"https:\/\/dublagembrasileira.com.br\/#\/schema\/person\/6298fd46a47d1ef447a90b2fc9f2b215\",\"name\":\"Iza\u00edas Correia\",\"image\":{\"@type\":\"ImageObject\",\"inLanguage\":\"pt-BR\",\"@id\":\"https:\/\/dublagembrasileira.com.br\/#\/schema\/person\/image\/\",\"url\":\"http:\/\/dublagembrasileira.com.br\/wp-content\/uploads\/2025\/06\/cropped-izaiascorreia-96x96.jpg\",\"contentUrl\":\"http:\/\/dublagembrasileira.com.br\/wp-content\/uploads\/2025\/06\/cropped-izaiascorreia-96x96.jpg\",\"caption\":\"Iza\u00edas Correia\"},\"description\":\"Professor, roteirista e web-designer, respons\u00e1vel pelo site InfanTv. Tamb\u00e9m \u00e9 pesquisador da dublagem brasileira.\",\"url\":\"https:\/\/dublagembrasileira.com.br\/?author=1\"}]}<\/script>\n<!-- \/ Yoast SEO plugin. -->","yoast_head_json":{"title":"Nathalia Guillen \u00e9 anunciada como voz de Nem na vers\u00e3o brasileira de Kamen Rider Zeztz | DB - Dublagem Brasileira","description":"Nathalia Guillen interpretar\u00e1 Nem na dublagem de Kamen Rider Zeztz, s\u00e9rie que estreia em simulcast no Brasil pela Sato Company.","robots":{"index":"index","follow":"follow","max-snippet":"max-snippet:-1","max-image-preview":"max-image-preview:large","max-video-preview":"max-video-preview:-1"},"canonical":"https:\/\/dublagembrasileira.com.br\/?p=36203","og_locale":"pt_BR","og_type":"article","og_title":"Nathalia Guillen \u00e9 anunciada como voz de Nem na vers\u00e3o brasileira de Kamen Rider Zeztz | DB - Dublagem Brasileira","og_description":"Nathalia Guillen interpretar\u00e1 Nem na dublagem de Kamen Rider Zeztz, s\u00e9rie que estreia em simulcast no Brasil pela Sato Company.","og_url":"https:\/\/dublagembrasileira.com.br\/?p=36203","og_site_name":"DB - Dublagem Brasileira","article_published_time":"2025-09-29T23:01:30+00:00","og_image":[{"width":774,"height":489,"url":"http:\/\/dublagembrasileira.com.br\/wp-content\/uploads\/2025\/09\/Kamen-Rider-Zeztz-estreia-mundialmente2.webp","type":"image\/webp"}],"author":"Iza\u00edas Correia","twitter_card":"summary_large_image","twitter_misc":{"Escrito por":"Iza\u00edas Correia","Est. tempo de leitura":"2 minutos"},"schema":{"@context":"https:\/\/schema.org","@graph":[{"@type":"Article","@id":"https:\/\/dublagembrasileira.com.br\/?p=36203#article","isPartOf":{"@id":"https:\/\/dublagembrasileira.com.br\/?p=36203"},"author":{"name":"Iza\u00edas Correia","@id":"https:\/\/dublagembrasileira.com.br\/#\/schema\/person\/6298fd46a47d1ef447a90b2fc9f2b215"},"headline":"Nathalia Guillen \u00e9 anunciada como voz de Nem na vers\u00e3o brasileira de Kamen Rider Zeztz","datePublished":"2025-09-29T23:01:30+00:00","mainEntityOfPage":{"@id":"https:\/\/dublagembrasileira.com.br\/?p=36203"},"wordCount":363,"commentCount":4,"publisher":{"@id":"https:\/\/dublagembrasileira.com.br\/#organization"},"image":{"@id":"https:\/\/dublagembrasileira.com.br\/?p=36203#primaryimage"},"thumbnailUrl":"https:\/\/dublagembrasileira.com.br\/wp-content\/uploads\/2025\/09\/Kamen-Rider-Zeztz-estreia-mundialmente2.webp","articleSection":["Not\u00edcias","S\u00e9ries","Streaming","Televis\u00e3o"],"inLanguage":"pt-BR","potentialAction":[{"@type":"CommentAction","name":"Comment","target":["https:\/\/dublagembrasileira.com.br\/?p=36203#respond"]}]},{"@type":"WebPage","@id":"https:\/\/dublagembrasileira.com.br\/?p=36203","url":"https:\/\/dublagembrasileira.com.br\/?p=36203","name":"Nathalia Guillen \u00e9 anunciada como voz de Nem na vers\u00e3o brasileira de Kamen Rider Zeztz | DB - Dublagem Brasileira","isPartOf":{"@id":"https:\/\/dublagembrasileira.com.br\/#website"},"primaryImageOfPage":{"@id":"https:\/\/dublagembrasileira.com.br\/?p=36203#primaryimage"},"image":{"@id":"https:\/\/dublagembrasileira.com.br\/?p=36203#primaryimage"},"thumbnailUrl":"https:\/\/dublagembrasileira.com.br\/wp-content\/uploads\/2025\/09\/Kamen-Rider-Zeztz-estreia-mundialmente2.webp","datePublished":"2025-09-29T23:01:30+00:00","description":"Nathalia Guillen interpretar\u00e1 Nem na dublagem de Kamen Rider Zeztz, s\u00e9rie que estreia em simulcast no Brasil pela Sato Company.","breadcrumb":{"@id":"https:\/\/dublagembrasileira.com.br\/?p=36203#breadcrumb"},"inLanguage":"pt-BR","potentialAction":[{"@type":"ReadAction","target":["https:\/\/dublagembrasileira.com.br\/?p=36203"]}]},{"@type":"ImageObject","inLanguage":"pt-BR","@id":"https:\/\/dublagembrasileira.com.br\/?p=36203#primaryimage","url":"https:\/\/dublagembrasileira.com.br\/wp-content\/uploads\/2025\/09\/Kamen-Rider-Zeztz-estreia-mundialmente2.webp","contentUrl":"https:\/\/dublagembrasileira.com.br\/wp-content\/uploads\/2025\/09\/Kamen-Rider-Zeztz-estreia-mundialmente2.webp","width":774,"height":489},{"@type":"BreadcrumbList","@id":"https:\/\/dublagembrasileira.com.br\/?p=36203#breadcrumb","itemListElement":[{"@type":"ListItem","position":1,"name":"In\u00edcio","item":"https:\/\/dublagembrasileira.com.br\/"},{"@type":"ListItem","position":2,"name":"Nathalia Guillen \u00e9 anunciada como voz de Nem na vers\u00e3o brasileira de Kamen Rider Zeztz"}]},{"@type":"WebSite","@id":"https:\/\/dublagembrasileira.com.br\/#website","url":"https:\/\/dublagembrasileira.com.br\/","name":"DB - Dublagem Brasileira","description":"O seu portal de dublagem.","publisher":{"@id":"https:\/\/dublagembrasileira.com.br\/#organization"},"potentialAction":[{"@type":"SearchAction","target":{"@type":"EntryPoint","urlTemplate":"https:\/\/dublagembrasileira.com.br\/?s={search_term_string}"},"query-input":{"@type":"PropertyValueSpecification","valueRequired":true,"valueName":"search_term_string"}}],"inLanguage":"pt-BR"},{"@type":"Organization","@id":"https:\/\/dublagembrasileira.com.br\/#organization","name":"DB - Dublagem Brasileira","url":"https:\/\/dublagembrasileira.com.br\/","logo":{"@type":"ImageObject","inLanguage":"pt-BR","@id":"https:\/\/dublagembrasileira.com.br\/#\/schema\/logo\/image\/","url":"https:\/\/dublagembrasileira.com.br\/wp-content\/uploads\/2019\/07\/cropped-logotipodb.png","contentUrl":"https:\/\/dublagembrasileira.com.br\/wp-content\/uploads\/2019\/07\/cropped-logotipodb.png","width":946,"height":589,"caption":"DB - Dublagem Brasileira"},"image":{"@id":"https:\/\/dublagembrasileira.com.br\/#\/schema\/logo\/image\/"}},{"@type":"Person","@id":"https:\/\/dublagembrasileira.com.br\/#\/schema\/person\/6298fd46a47d1ef447a90b2fc9f2b215","name":"Iza\u00edas Correia","image":{"@type":"ImageObject","inLanguage":"pt-BR","@id":"https:\/\/dublagembrasileira.com.br\/#\/schema\/person\/image\/","url":"http:\/\/dublagembrasileira.com.br\/wp-content\/uploads\/2025\/06\/cropped-izaiascorreia-96x96.jpg","contentUrl":"http:\/\/dublagembrasileira.com.br\/wp-content\/uploads\/2025\/06\/cropped-izaiascorreia-96x96.jpg","caption":"Iza\u00edas Correia"},"description":"Professor, roteirista e web-designer, respons\u00e1vel pelo site InfanTv. Tamb\u00e9m \u00e9 pesquisador da dublagem brasileira.","url":"https:\/\/dublagembrasileira.com.br\/?author=1"}]}},"rttpg_featured_image_url":{"full":["https:\/\/dublagembrasileira.com.br\/wp-content\/uploads\/2025\/09\/Kamen-Rider-Zeztz-estreia-mundialmente2.webp",774,489,false],"landscape":["https:\/\/dublagembrasileira.com.br\/wp-content\/uploads\/2025\/09\/Kamen-Rider-Zeztz-estreia-mundialmente2.webp",774,489,false],"portraits":["https:\/\/dublagembrasileira.com.br\/wp-content\/uploads\/2025\/09\/Kamen-Rider-Zeztz-estreia-mundialmente2.webp",774,489,false],"thumbnail":["https:\/\/dublagembrasileira.com.br\/wp-content\/uploads\/2025\/09\/Kamen-Rider-Zeztz-estreia-mundialmente2-150x150.webp",150,150,true],"medium":["https:\/\/dublagembrasileira.com.br\/wp-content\/uploads\/2025\/09\/Kamen-Rider-Zeztz-estreia-mundialmente2-300x190.webp",300,190,true],"large":["https:\/\/dublagembrasileira.com.br\/wp-content\/uploads\/2025\/09\/Kamen-Rider-Zeztz-estreia-mundialmente2.webp",640,404,false],"1536x1536":["https:\/\/dublagembrasileira.com.br\/wp-content\/uploads\/2025\/09\/Kamen-Rider-Zeztz-estreia-mundialmente2.webp",774,489,false],"2048x2048":["https:\/\/dublagembrasileira.com.br\/wp-content\/uploads\/2025\/09\/Kamen-Rider-Zeztz-estreia-mundialmente2.webp",774,489,false],"eggnews-slider-large":["https:\/\/dublagembrasileira.com.br\/wp-content\/uploads\/2025\/09\/Kamen-Rider-Zeztz-estreia-mundialmente2.webp",774,489,false],"eggnews-featured-medium":["https:\/\/dublagembrasileira.com.br\/wp-content\/uploads\/2025\/09\/Kamen-Rider-Zeztz-estreia-mundialmente2-420x307.webp",420,307,true],"eggnews-featured-long":["https:\/\/dublagembrasileira.com.br\/wp-content\/uploads\/2025\/09\/Kamen-Rider-Zeztz-estreia-mundialmente2-300x443.webp",300,443,true],"eggnews-block-medium":["https:\/\/dublagembrasileira.com.br\/wp-content\/uploads\/2025\/09\/Kamen-Rider-Zeztz-estreia-mundialmente2-464x290.webp",464,290,true],"eggnews-carousel-image":["https:\/\/dublagembrasileira.com.br\/wp-content\/uploads\/2025\/09\/Kamen-Rider-Zeztz-estreia-mundialmente2-600x489.webp",600,489,true],"eggnews-block-thumb":["https:\/\/dublagembrasileira.com.br\/wp-content\/uploads\/2025\/09\/Kamen-Rider-Zeztz-estreia-mundialmente2-322x230.webp",322,230,true],"eggnews-single-large":["https:\/\/dublagembrasileira.com.br\/wp-content\/uploads\/2025\/09\/Kamen-Rider-Zeztz-estreia-mundialmente2.webp",774,489,false],"crp_thumbnail":["https:\/\/dublagembrasileira.com.br\/wp-content\/uploads\/2025\/09\/Kamen-Rider-Zeztz-estreia-mundialmente2-150x150.webp",150,150,true]},"rttpg_author":{"display_name":"Iza\u00edas Correia","author_link":"https:\/\/dublagembrasileira.com.br\/?author=1"},"rttpg_comment":4,"rttpg_category":"<a href=\"https:\/\/dublagembrasileira.com.br\/?cat=13\" rel=\"category\">Not\u00edcias<\/a> <a href=\"https:\/\/dublagembrasileira.com.br\/?cat=3\" rel=\"category\">S\u00e9ries<\/a> <a href=\"https:\/\/dublagembrasileira.com.br\/?cat=158\" rel=\"category\">Streaming<\/a> <a href=\"https:\/\/dublagembrasileira.com.br\/?cat=8\" rel=\"category\">Televis\u00e3o<\/a>","rttpg_excerpt":"Com 16 anos de experi\u00eancia, a dubladora paulistana assume papel central na adapta\u00e7\u00e3o nacional do novo tokusatsu da franquia Kamen Rider. A Sato Company oficializou nesta segunda-feira (28 de setembro de 2025) a escolha de Nathalia Guillen para dublar Nem, personagem envolta em mist\u00e9rio e com forte apelo dram\u00e1tico em Kamen Rider Zeztz. Com isso,&hellip;","_links":{"self":[{"href":"https:\/\/dublagembrasileira.com.br\/index.php?rest_route=\/wp\/v2\/posts\/36203","targetHints":{"allow":["GET"]}}],"collection":[{"href":"https:\/\/dublagembrasileira.com.br\/index.php?rest_route=\/wp\/v2\/posts"}],"about":[{"href":"https:\/\/dublagembrasileira.com.br\/index.php?rest_route=\/wp\/v2\/types\/post"}],"author":[{"embeddable":true,"href":"https:\/\/dublagembrasileira.com.br\/index.php?rest_route=\/wp\/v2\/users\/1"}],"replies":[{"embeddable":true,"href":"https:\/\/dublagembrasileira.com.br\/index.php?rest_route=%2Fwp%2Fv2%2Fcomments&post=36203"}],"version-history":[{"count":1,"href":"https:\/\/dublagembrasileira.com.br\/index.php?rest_route=\/wp\/v2\/posts\/36203\/revisions"}],"predecessor-version":[{"id":36206,"href":"https:\/\/dublagembrasileira.com.br\/index.php?rest_route=\/wp\/v2\/posts\/36203\/revisions\/36206"}],"wp:featuredmedia":[{"embeddable":true,"href":"https:\/\/dublagembrasileira.com.br\/index.php?rest_route=\/wp\/v2\/media\/36205"}],"wp:attachment":[{"href":"https:\/\/dublagembrasileira.com.br\/index.php?rest_route=%2Fwp%2Fv2%2Fmedia&parent=36203"}],"wp:term":[{"taxonomy":"category","embeddable":true,"href":"https:\/\/dublagembrasileira.com.br\/index.php?rest_route=%2Fwp%2Fv2%2Fcategories&post=36203"},{"taxonomy":"post_tag","embeddable":true,"href":"https:\/\/dublagembrasileira.com.br\/index.php?rest_route=%2Fwp%2Fv2%2Ftags&post=36203"}],"curies":[{"name":"wp","href":"https:\/\/api.w.org\/{rel}","templated":true}]}}