{"id":36045,"date":"2025-09-27T18:36:51","date_gmt":"2025-09-27T18:36:51","guid":{"rendered":"https:\/\/dublagembrasileira.com.br\/?p=36045"},"modified":"2025-09-28T19:07:37","modified_gmt":"2025-09-28T19:07:37","slug":"nikolas-darsaclis-emociona-no-caldeirao-com-mion-ao-mostrar-rotina-de-dublador-autista","status":"publish","type":"post","link":"https:\/\/dublagembrasileira.com.br\/?p=36045","title":{"rendered":"Nikolas Darsaclis emociona no Caldeir\u00e3o com Mion ao mostrar rotina de dublador autista"},"content":{"rendered":"<div class=\"elementor-element elementor-element-2f702e88 elementor-widget elementor-widget-text-editor\" data-id=\"2f702e88\" data-element_type=\"widget\" data-widget_type=\"text-editor.default\">\n<div class=\"elementor-widget-container\">\n<div class=\"elementor-text-editor elementor-clearfix\">\n<h4><i>O jovem talento brasileiro, que d\u00e1 voz a L\u00e9o em <em data-start=\"422\" data-end=\"434\">Mundo Bita<\/em>, compartilhou desafios, conquistas e depoimentos da fam\u00edlia no programa.<\/i><\/h4>\n<hr \/>\n<\/div>\n<\/div>\n<\/div>\n<p data-start=\"670\" data-end=\"988\">Nikolas Darsaclis, jovem dublador brasileiro no espectro autista, foi destaque em um quadro especial do <strong><em data-start=\"774\" data-end=\"794\">Caldeir\u00e3o com Mion<\/em><\/strong>, exibido recentemente. Durante sua participa\u00e7\u00e3o, o p\u00fablico p\u00f4de conhecer um pouco do cotidiano de Nikolas, sua rotina de trabalho na dublagem e o apoio da fam\u00edlia em sua trajet\u00f3ria art\u00edstica.<\/p>\n<p data-start=\"990\" data-end=\"1398\">O quadro <strong><em data-start=\"999\" data-end=\"1018\">A Arte Transforma<\/em><\/strong> apresentou depoimentos dos pais de Nikolas, mostrando como eles acompanham e incentivam o talento do filho. Al\u00e9m disso, a dubladora e diretora Ma\u00edra Goes, respons\u00e1vel por dirigir Nikolas em <strong><em data-start=\"1209\" data-end=\"1226\">O Mundo de Bita<\/em><\/strong>, destacou a dedica\u00e7\u00e3o e paix\u00e3o do jovem pela profiss\u00e3o. Segundo Ma\u00edra, Nikolas demonstra grande sensibilidade ao interpretar personagens e possui um amor genu\u00edno pela dublagem.<\/p>\n<p data-start=\"1400\" data-end=\"1844\">No programa, tamb\u00e9m foi explicado como a equipe encontrou a voz perfeita para o personagem L\u00e9o em <strong><em data-start=\"1498\" data-end=\"1510\">Mundo Bita<\/em><\/strong>. O personagem L\u00e9o \u00e9 um menino de 8 anos, t\u00edmido e introspectivo, que adora observar a natureza, os barulhos ao seu redor e registrar suas percep\u00e7\u00f5es. A anima\u00e7\u00e3o aborda temas de inclus\u00e3o e empatia, mostrando no epis\u00f3dio \u201cTodo Mundo \u00c9 Diferente\u201d como os amigos acolhem L\u00e9o para que ele se sinta confort\u00e1vel em participar das atividades da escola.<\/p>\n<p data-start=\"1846\" data-end=\"2256\">Nikolas acumula trabalhos em diversos projetos de destaque. Entre eles est\u00e3o <strong><em data-start=\"1923\" data-end=\"1951\">Super Mario Bros.: O Filme<\/em> <\/strong>(2023), <strong><em data-start=\"1960\" data-end=\"1976\">The Loud House<\/em> <\/strong>(2016\u2013presente) e <strong><em data-start=\"1995\" data-end=\"2027\">Jurassic World: Teoria do Caos<\/em><\/strong> (2024), demonstrando sua versatilidade em dublagem de filmes, s\u00e9ries e anima\u00e7\u00f5es. Sua experi\u00eancia refor\u00e7a a import\u00e2ncia de representatividade e a possibilidade de talentos autistas se destacarem na ind\u00fastria do entretenimento.<\/p>\n<p data-start=\"2258\" data-end=\"2542\">A participa\u00e7\u00e3o de Nikolas no<strong> <em data-start=\"2287\" data-end=\"2307\">Caldeir\u00e3o com Mion<\/em><\/strong> n\u00e3o s\u00f3 emocionou o p\u00fablico, como tamb\u00e9m evidenciou o impacto da inclus\u00e3o na m\u00eddia. O jovem mostrou que, com apoio e dedica\u00e7\u00e3o, \u00e9 poss\u00edvel transformar desafios em conquistas, inspirando crian\u00e7as e adultos que acompanham sua carreira.<\/p>\n<p data-start=\"2544\" data-end=\"2691\">Para assistir \u00e0 participa\u00e7\u00e3o completa de Nikolas Darsaclis e conhecer mais sobre sua rotina de dublagem, o epis\u00f3dio est\u00e1 dispon\u00edvel no Globoplay.<\/p>\n<p data-start=\"2544\" data-end=\"2691\"><div class=\"ose-wrapper ose-uid-d794c2a3fc07e17fa1afd916b9bf5552 ose-embedpress-responsive\" style=\"width:600px; height:550px; max-height:550px; max-width:100%; display:inline-block;\" data-embed-type=\"SelfHosted\"><iframe allowFullScreen=\"true\" width=\"600\" height=\"550\" data-src=\"https:\/\/globoplay.globo.com\/v\/13966744\"  src=\"data:image\/svg+xml;base64,PHN2ZyB3aWR0aD0iMSIgaGVpZ2h0PSIxIiB4bWxucz0iaHR0cDovL3d3dy53My5vcmcvMjAwMC9zdmciPjwvc3ZnPg==\" class=\"lazyload\" data-load-mode=\"1\"> <\/iframe><\/div><\/p>\n","protected":false},"excerpt":{"rendered":"<p>O jovem talento brasileiro, que d\u00e1 voz a L\u00e9o em Mundo Bita, compartilhou desafios, conquistas e depoimentos da fam\u00edlia no programa. Nikolas Darsaclis, jovem dublador brasileiro no espectro autista, foi destaque em um quadro especial do Caldeir\u00e3o com Mion, exibido recentemente. Durante sua participa\u00e7\u00e3o, o p\u00fablico p\u00f4de conhecer um pouco do cotidiano de Nikolas, sua rotina de trabalho na dublagem e o apoio da fam\u00edlia em sua trajet\u00f3ria art\u00edstica. O quadro A Arte Transforma apresentou depoimentos dos pais de Nikolas, mostrando como eles acompanham e incentivam o talento do filho. Al\u00e9m disso, a dubladora e diretora Ma\u00edra Goes, respons\u00e1vel por dirigir Nikolas em O Mundo de Bita, destacou a dedica\u00e7\u00e3o e paix\u00e3o do jovem pela profiss\u00e3o. Segundo Ma\u00edra, Nikolas demonstra grande sensibilidade ao interpretar personagens e possui um amor genu\u00edno pela dublagem. No programa, tamb\u00e9m foi explicado como a equipe encontrou a voz perfeita para o personagem L\u00e9o em Mundo Bita. O personagem L\u00e9o \u00e9 um menino de 8 anos, t\u00edmido e introspectivo, que adora observar a natureza, os barulhos ao seu redor e registrar suas percep\u00e7\u00f5es. A anima\u00e7\u00e3o aborda temas de inclus\u00e3o e empatia, mostrando no epis\u00f3dio \u201cTodo Mundo \u00c9 Diferente\u201d como os amigos acolhem L\u00e9o para que ele se sinta confort\u00e1vel em participar das atividades da escola. Nikolas acumula trabalhos em diversos projetos de destaque. Entre eles est\u00e3o Super Mario Bros.: O Filme (2023), The Loud House (2016\u2013presente) e Jurassic World: Teoria do Caos (2024), demonstrando sua versatilidade em dublagem de filmes, s\u00e9ries e anima\u00e7\u00f5es. Sua experi\u00eancia refor\u00e7a a import\u00e2ncia de representatividade e a possibilidade de talentos autistas se destacarem na ind\u00fastria do entretenimento. A participa\u00e7\u00e3o de Nikolas no Caldeir\u00e3o com Mion n\u00e3o s\u00f3 emocionou o p\u00fablico, como tamb\u00e9m evidenciou o impacto da inclus\u00e3o na m\u00eddia. O jovem mostrou que, com apoio e dedica\u00e7\u00e3o, \u00e9 poss\u00edvel transformar desafios em conquistas, inspirando crian\u00e7as e adultos que acompanham sua carreira. Para assistir \u00e0 participa\u00e7\u00e3o completa de Nikolas Darsaclis e conhecer mais sobre sua rotina de dublagem, o epis\u00f3dio est\u00e1 dispon\u00edvel no Globoplay.<\/p>\n","protected":false},"author":4,"featured_media":36047,"comment_status":"open","ping_status":"open","sticky":false,"template":"","format":"standard","meta":{"_monsterinsights_skip_tracking":false,"_monsterinsights_sitenote_active":false,"_monsterinsights_sitenote_note":"","_monsterinsights_sitenote_category":0,"footnotes":""},"categories":[13,8,22],"tags":[],"class_list":["post-36045","post","type-post","status-publish","format-standard","has-post-thumbnail","hentry","category-noticias","category-televisao","category-vida-real"],"yoast_head":"<!-- This site is optimized with the Yoast SEO plugin v26.1.1 - https:\/\/yoast.com\/wordpress\/plugins\/seo\/ -->\n<title>Nikolas Darsaclis emociona no Caldeir\u00e3o com Mion ao mostrar rotina de dublador autista | DB - Dublagem Brasileira<\/title>\n<meta name=\"description\" content=\"Nikolas Darsaclis, dublador autista de L\u00e9o em Mundo Bita, compartilha rotina e conquistas no Caldeir\u00e3o com Mion\" \/>\n<meta name=\"robots\" content=\"index, follow, max-snippet:-1, max-image-preview:large, max-video-preview:-1\" \/>\n<link rel=\"canonical\" href=\"https:\/\/dublagembrasileira.com.br\/?p=36045\" \/>\n<meta property=\"og:locale\" content=\"pt_BR\" \/>\n<meta property=\"og:type\" content=\"article\" \/>\n<meta property=\"og:title\" content=\"Nikolas Darsaclis emociona no Caldeir\u00e3o com Mion ao mostrar rotina de dublador autista | DB - Dublagem Brasileira\" \/>\n<meta property=\"og:description\" content=\"Nikolas Darsaclis, dublador autista de L\u00e9o em Mundo Bita, compartilha rotina e conquistas no Caldeir\u00e3o com Mion\" \/>\n<meta property=\"og:url\" content=\"https:\/\/dublagembrasileira.com.br\/?p=36045\" \/>\n<meta property=\"og:site_name\" content=\"DB - Dublagem Brasileira\" \/>\n<meta property=\"article:author\" content=\"https:\/\/www.facebook.com\/dublagembrasileira\" \/>\n<meta property=\"article:published_time\" content=\"2025-09-27T18:36:51+00:00\" \/>\n<meta property=\"article:modified_time\" content=\"2025-09-28T19:07:37+00:00\" \/>\n<meta property=\"og:image\" content=\"http:\/\/dublagembrasileira.com.br\/wp-content\/uploads\/2025\/09\/nikolas.jpg\" \/>\n\t<meta property=\"og:image:width\" content=\"1023\" \/>\n\t<meta property=\"og:image:height\" content=\"599\" \/>\n\t<meta property=\"og:image:type\" content=\"image\/jpeg\" \/>\n<meta name=\"author\" content=\"Reda\u00e7\u00e3o\" \/>\n<meta name=\"twitter:card\" content=\"summary_large_image\" \/>\n<meta name=\"twitter:creator\" content=\"@dbdublagem\" \/>\n<meta name=\"twitter:label1\" content=\"Escrito por\" \/>\n\t<meta name=\"twitter:data1\" content=\"Reda\u00e7\u00e3o\" \/>\n\t<meta name=\"twitter:label2\" content=\"Est. tempo de leitura\" \/>\n\t<meta name=\"twitter:data2\" content=\"3 minutos\" \/>\n<script type=\"application\/ld+json\" class=\"yoast-schema-graph\">{\"@context\":\"https:\/\/schema.org\",\"@graph\":[{\"@type\":\"Article\",\"@id\":\"https:\/\/dublagembrasileira.com.br\/?p=36045#article\",\"isPartOf\":{\"@id\":\"https:\/\/dublagembrasileira.com.br\/?p=36045\"},\"author\":{\"name\":\"Reda\u00e7\u00e3o\",\"@id\":\"https:\/\/dublagembrasileira.com.br\/#\/schema\/person\/a75bac594c0e9a0b96508b7e124f20d1\"},\"headline\":\"Nikolas Darsaclis emociona no Caldeir\u00e3o com Mion ao mostrar rotina de dublador autista\",\"datePublished\":\"2025-09-27T18:36:51+00:00\",\"dateModified\":\"2025-09-28T19:07:37+00:00\",\"mainEntityOfPage\":{\"@id\":\"https:\/\/dublagembrasileira.com.br\/?p=36045\"},\"wordCount\":391,\"commentCount\":1,\"publisher\":{\"@id\":\"https:\/\/dublagembrasileira.com.br\/#organization\"},\"image\":{\"@id\":\"https:\/\/dublagembrasileira.com.br\/?p=36045#primaryimage\"},\"thumbnailUrl\":\"https:\/\/dublagembrasileira.com.br\/wp-content\/uploads\/2025\/09\/nikolas.jpg\",\"articleSection\":[\"Not\u00edcias\",\"Televis\u00e3o\",\"Vida Real\"],\"inLanguage\":\"pt-BR\",\"potentialAction\":[{\"@type\":\"CommentAction\",\"name\":\"Comment\",\"target\":[\"https:\/\/dublagembrasileira.com.br\/?p=36045#respond\"]}]},{\"@type\":\"WebPage\",\"@id\":\"https:\/\/dublagembrasileira.com.br\/?p=36045\",\"url\":\"https:\/\/dublagembrasileira.com.br\/?p=36045\",\"name\":\"Nikolas Darsaclis emociona no Caldeir\u00e3o com Mion ao mostrar rotina de dublador autista | DB - Dublagem Brasileira\",\"isPartOf\":{\"@id\":\"https:\/\/dublagembrasileira.com.br\/#website\"},\"primaryImageOfPage\":{\"@id\":\"https:\/\/dublagembrasileira.com.br\/?p=36045#primaryimage\"},\"image\":{\"@id\":\"https:\/\/dublagembrasileira.com.br\/?p=36045#primaryimage\"},\"thumbnailUrl\":\"https:\/\/dublagembrasileira.com.br\/wp-content\/uploads\/2025\/09\/nikolas.jpg\",\"datePublished\":\"2025-09-27T18:36:51+00:00\",\"dateModified\":\"2025-09-28T19:07:37+00:00\",\"description\":\"Nikolas Darsaclis, dublador autista de L\u00e9o em Mundo Bita, compartilha rotina e conquistas no Caldeir\u00e3o com Mion\",\"breadcrumb\":{\"@id\":\"https:\/\/dublagembrasileira.com.br\/?p=36045#breadcrumb\"},\"inLanguage\":\"pt-BR\",\"potentialAction\":[{\"@type\":\"ReadAction\",\"target\":[\"https:\/\/dublagembrasileira.com.br\/?p=36045\"]}]},{\"@type\":\"ImageObject\",\"inLanguage\":\"pt-BR\",\"@id\":\"https:\/\/dublagembrasileira.com.br\/?p=36045#primaryimage\",\"url\":\"https:\/\/dublagembrasileira.com.br\/wp-content\/uploads\/2025\/09\/nikolas.jpg\",\"contentUrl\":\"https:\/\/dublagembrasileira.com.br\/wp-content\/uploads\/2025\/09\/nikolas.jpg\",\"width\":1023,\"height\":599},{\"@type\":\"BreadcrumbList\",\"@id\":\"https:\/\/dublagembrasileira.com.br\/?p=36045#breadcrumb\",\"itemListElement\":[{\"@type\":\"ListItem\",\"position\":1,\"name\":\"In\u00edcio\",\"item\":\"https:\/\/dublagembrasileira.com.br\/\"},{\"@type\":\"ListItem\",\"position\":2,\"name\":\"Nikolas Darsaclis emociona no Caldeir\u00e3o com Mion ao mostrar rotina de dublador autista\"}]},{\"@type\":\"WebSite\",\"@id\":\"https:\/\/dublagembrasileira.com.br\/#website\",\"url\":\"https:\/\/dublagembrasileira.com.br\/\",\"name\":\"DB - Dublagem Brasileira\",\"description\":\"O seu portal de dublagem.\",\"publisher\":{\"@id\":\"https:\/\/dublagembrasileira.com.br\/#organization\"},\"potentialAction\":[{\"@type\":\"SearchAction\",\"target\":{\"@type\":\"EntryPoint\",\"urlTemplate\":\"https:\/\/dublagembrasileira.com.br\/?s={search_term_string}\"},\"query-input\":{\"@type\":\"PropertyValueSpecification\",\"valueRequired\":true,\"valueName\":\"search_term_string\"}}],\"inLanguage\":\"pt-BR\"},{\"@type\":\"Organization\",\"@id\":\"https:\/\/dublagembrasileira.com.br\/#organization\",\"name\":\"DB - Dublagem Brasileira\",\"url\":\"https:\/\/dublagembrasileira.com.br\/\",\"logo\":{\"@type\":\"ImageObject\",\"inLanguage\":\"pt-BR\",\"@id\":\"https:\/\/dublagembrasileira.com.br\/#\/schema\/logo\/image\/\",\"url\":\"https:\/\/dublagembrasileira.com.br\/wp-content\/uploads\/2019\/07\/cropped-logotipodb.png\",\"contentUrl\":\"https:\/\/dublagembrasileira.com.br\/wp-content\/uploads\/2019\/07\/cropped-logotipodb.png\",\"width\":946,\"height\":589,\"caption\":\"DB - Dublagem Brasileira\"},\"image\":{\"@id\":\"https:\/\/dublagembrasileira.com.br\/#\/schema\/logo\/image\/\"}},{\"@type\":\"Person\",\"@id\":\"https:\/\/dublagembrasileira.com.br\/#\/schema\/person\/a75bac594c0e9a0b96508b7e124f20d1\",\"name\":\"Reda\u00e7\u00e3o\",\"image\":{\"@type\":\"ImageObject\",\"inLanguage\":\"pt-BR\",\"@id\":\"https:\/\/dublagembrasileira.com.br\/#\/schema\/person\/image\/\",\"url\":\"http:\/\/dublagembrasileira.com.br\/wp-content\/uploads\/2025\/06\/admin-96x96.jpg\",\"contentUrl\":\"http:\/\/dublagembrasileira.com.br\/wp-content\/uploads\/2025\/06\/admin-96x96.jpg\",\"caption\":\"Reda\u00e7\u00e3o\"},\"description\":\"Equipe do DB.\",\"sameAs\":[\"https:\/\/www.facebook.com\/dublagembrasileira\",\"https:\/\/www.instagram.com\/dbdublagembrasileira\",\"https:\/\/x.com\/dbdublagem\"],\"url\":\"https:\/\/dublagembrasileira.com.br\/?author=4\"}]}<\/script>\n<!-- \/ Yoast SEO plugin. -->","yoast_head_json":{"title":"Nikolas Darsaclis emociona no Caldeir\u00e3o com Mion ao mostrar rotina de dublador autista | DB - Dublagem Brasileira","description":"Nikolas Darsaclis, dublador autista de L\u00e9o em Mundo Bita, compartilha rotina e conquistas no Caldeir\u00e3o com Mion","robots":{"index":"index","follow":"follow","max-snippet":"max-snippet:-1","max-image-preview":"max-image-preview:large","max-video-preview":"max-video-preview:-1"},"canonical":"https:\/\/dublagembrasileira.com.br\/?p=36045","og_locale":"pt_BR","og_type":"article","og_title":"Nikolas Darsaclis emociona no Caldeir\u00e3o com Mion ao mostrar rotina de dublador autista | DB - Dublagem Brasileira","og_description":"Nikolas Darsaclis, dublador autista de L\u00e9o em Mundo Bita, compartilha rotina e conquistas no Caldeir\u00e3o com Mion","og_url":"https:\/\/dublagembrasileira.com.br\/?p=36045","og_site_name":"DB - Dublagem Brasileira","article_author":"https:\/\/www.facebook.com\/dublagembrasileira","article_published_time":"2025-09-27T18:36:51+00:00","article_modified_time":"2025-09-28T19:07:37+00:00","og_image":[{"width":1023,"height":599,"url":"http:\/\/dublagembrasileira.com.br\/wp-content\/uploads\/2025\/09\/nikolas.jpg","type":"image\/jpeg"}],"author":"Reda\u00e7\u00e3o","twitter_card":"summary_large_image","twitter_creator":"@dbdublagem","twitter_misc":{"Escrito por":"Reda\u00e7\u00e3o","Est. tempo de leitura":"3 minutos"},"schema":{"@context":"https:\/\/schema.org","@graph":[{"@type":"Article","@id":"https:\/\/dublagembrasileira.com.br\/?p=36045#article","isPartOf":{"@id":"https:\/\/dublagembrasileira.com.br\/?p=36045"},"author":{"name":"Reda\u00e7\u00e3o","@id":"https:\/\/dublagembrasileira.com.br\/#\/schema\/person\/a75bac594c0e9a0b96508b7e124f20d1"},"headline":"Nikolas Darsaclis emociona no Caldeir\u00e3o com Mion ao mostrar rotina de dublador autista","datePublished":"2025-09-27T18:36:51+00:00","dateModified":"2025-09-28T19:07:37+00:00","mainEntityOfPage":{"@id":"https:\/\/dublagembrasileira.com.br\/?p=36045"},"wordCount":391,"commentCount":1,"publisher":{"@id":"https:\/\/dublagembrasileira.com.br\/#organization"},"image":{"@id":"https:\/\/dublagembrasileira.com.br\/?p=36045#primaryimage"},"thumbnailUrl":"https:\/\/dublagembrasileira.com.br\/wp-content\/uploads\/2025\/09\/nikolas.jpg","articleSection":["Not\u00edcias","Televis\u00e3o","Vida Real"],"inLanguage":"pt-BR","potentialAction":[{"@type":"CommentAction","name":"Comment","target":["https:\/\/dublagembrasileira.com.br\/?p=36045#respond"]}]},{"@type":"WebPage","@id":"https:\/\/dublagembrasileira.com.br\/?p=36045","url":"https:\/\/dublagembrasileira.com.br\/?p=36045","name":"Nikolas Darsaclis emociona no Caldeir\u00e3o com Mion ao mostrar rotina de dublador autista | DB - Dublagem Brasileira","isPartOf":{"@id":"https:\/\/dublagembrasileira.com.br\/#website"},"primaryImageOfPage":{"@id":"https:\/\/dublagembrasileira.com.br\/?p=36045#primaryimage"},"image":{"@id":"https:\/\/dublagembrasileira.com.br\/?p=36045#primaryimage"},"thumbnailUrl":"https:\/\/dublagembrasileira.com.br\/wp-content\/uploads\/2025\/09\/nikolas.jpg","datePublished":"2025-09-27T18:36:51+00:00","dateModified":"2025-09-28T19:07:37+00:00","description":"Nikolas Darsaclis, dublador autista de L\u00e9o em Mundo Bita, compartilha rotina e conquistas no Caldeir\u00e3o com Mion","breadcrumb":{"@id":"https:\/\/dublagembrasileira.com.br\/?p=36045#breadcrumb"},"inLanguage":"pt-BR","potentialAction":[{"@type":"ReadAction","target":["https:\/\/dublagembrasileira.com.br\/?p=36045"]}]},{"@type":"ImageObject","inLanguage":"pt-BR","@id":"https:\/\/dublagembrasileira.com.br\/?p=36045#primaryimage","url":"https:\/\/dublagembrasileira.com.br\/wp-content\/uploads\/2025\/09\/nikolas.jpg","contentUrl":"https:\/\/dublagembrasileira.com.br\/wp-content\/uploads\/2025\/09\/nikolas.jpg","width":1023,"height":599},{"@type":"BreadcrumbList","@id":"https:\/\/dublagembrasileira.com.br\/?p=36045#breadcrumb","itemListElement":[{"@type":"ListItem","position":1,"name":"In\u00edcio","item":"https:\/\/dublagembrasileira.com.br\/"},{"@type":"ListItem","position":2,"name":"Nikolas Darsaclis emociona no Caldeir\u00e3o com Mion ao mostrar rotina de dublador autista"}]},{"@type":"WebSite","@id":"https:\/\/dublagembrasileira.com.br\/#website","url":"https:\/\/dublagembrasileira.com.br\/","name":"DB - Dublagem Brasileira","description":"O seu portal de dublagem.","publisher":{"@id":"https:\/\/dublagembrasileira.com.br\/#organization"},"potentialAction":[{"@type":"SearchAction","target":{"@type":"EntryPoint","urlTemplate":"https:\/\/dublagembrasileira.com.br\/?s={search_term_string}"},"query-input":{"@type":"PropertyValueSpecification","valueRequired":true,"valueName":"search_term_string"}}],"inLanguage":"pt-BR"},{"@type":"Organization","@id":"https:\/\/dublagembrasileira.com.br\/#organization","name":"DB - Dublagem Brasileira","url":"https:\/\/dublagembrasileira.com.br\/","logo":{"@type":"ImageObject","inLanguage":"pt-BR","@id":"https:\/\/dublagembrasileira.com.br\/#\/schema\/logo\/image\/","url":"https:\/\/dublagembrasileira.com.br\/wp-content\/uploads\/2019\/07\/cropped-logotipodb.png","contentUrl":"https:\/\/dublagembrasileira.com.br\/wp-content\/uploads\/2019\/07\/cropped-logotipodb.png","width":946,"height":589,"caption":"DB - Dublagem Brasileira"},"image":{"@id":"https:\/\/dublagembrasileira.com.br\/#\/schema\/logo\/image\/"}},{"@type":"Person","@id":"https:\/\/dublagembrasileira.com.br\/#\/schema\/person\/a75bac594c0e9a0b96508b7e124f20d1","name":"Reda\u00e7\u00e3o","image":{"@type":"ImageObject","inLanguage":"pt-BR","@id":"https:\/\/dublagembrasileira.com.br\/#\/schema\/person\/image\/","url":"http:\/\/dublagembrasileira.com.br\/wp-content\/uploads\/2025\/06\/admin-96x96.jpg","contentUrl":"http:\/\/dublagembrasileira.com.br\/wp-content\/uploads\/2025\/06\/admin-96x96.jpg","caption":"Reda\u00e7\u00e3o"},"description":"Equipe do DB.","sameAs":["https:\/\/www.facebook.com\/dublagembrasileira","https:\/\/www.instagram.com\/dbdublagembrasileira","https:\/\/x.com\/dbdublagem"],"url":"https:\/\/dublagembrasileira.com.br\/?author=4"}]}},"rttpg_featured_image_url":{"full":["https:\/\/dublagembrasileira.com.br\/wp-content\/uploads\/2025\/09\/nikolas.jpg",1023,599,false],"landscape":["https:\/\/dublagembrasileira.com.br\/wp-content\/uploads\/2025\/09\/nikolas.jpg",1023,599,false],"portraits":["https:\/\/dublagembrasileira.com.br\/wp-content\/uploads\/2025\/09\/nikolas.jpg",1023,599,false],"thumbnail":["https:\/\/dublagembrasileira.com.br\/wp-content\/uploads\/2025\/09\/nikolas-150x150.jpg",150,150,true],"medium":["https:\/\/dublagembrasileira.com.br\/wp-content\/uploads\/2025\/09\/nikolas-300x176.jpg",300,176,true],"large":["https:\/\/dublagembrasileira.com.br\/wp-content\/uploads\/2025\/09\/nikolas.jpg",640,375,false],"1536x1536":["https:\/\/dublagembrasileira.com.br\/wp-content\/uploads\/2025\/09\/nikolas.jpg",1023,599,false],"2048x2048":["https:\/\/dublagembrasileira.com.br\/wp-content\/uploads\/2025\/09\/nikolas.jpg",1023,599,false],"eggnews-slider-large":["https:\/\/dublagembrasileira.com.br\/wp-content\/uploads\/2025\/09\/nikolas-1020x599.jpg",1020,599,true],"eggnews-featured-medium":["https:\/\/dublagembrasileira.com.br\/wp-content\/uploads\/2025\/09\/nikolas-420x307.jpg",420,307,true],"eggnews-featured-long":["https:\/\/dublagembrasileira.com.br\/wp-content\/uploads\/2025\/09\/nikolas-300x443.jpg",300,443,true],"eggnews-block-medium":["https:\/\/dublagembrasileira.com.br\/wp-content\/uploads\/2025\/09\/nikolas-464x290.jpg",464,290,true],"eggnews-carousel-image":["https:\/\/dublagembrasileira.com.br\/wp-content\/uploads\/2025\/09\/nikolas-600x500.jpg",600,500,true],"eggnews-block-thumb":["https:\/\/dublagembrasileira.com.br\/wp-content\/uploads\/2025\/09\/nikolas-322x230.jpg",322,230,true],"eggnews-single-large":["https:\/\/dublagembrasileira.com.br\/wp-content\/uploads\/2025\/09\/nikolas.jpg",1023,599,false],"crp_thumbnail":["https:\/\/dublagembrasileira.com.br\/wp-content\/uploads\/2025\/09\/nikolas-150x150.jpg",150,150,true]},"rttpg_author":{"display_name":"Reda\u00e7\u00e3o","author_link":"https:\/\/dublagembrasileira.com.br\/?author=4"},"rttpg_comment":1,"rttpg_category":"<a href=\"https:\/\/dublagembrasileira.com.br\/?cat=13\" rel=\"category\">Not\u00edcias<\/a> <a href=\"https:\/\/dublagembrasileira.com.br\/?cat=8\" rel=\"category\">Televis\u00e3o<\/a> <a href=\"https:\/\/dublagembrasileira.com.br\/?cat=22\" rel=\"category\">Vida Real<\/a>","rttpg_excerpt":"O jovem talento brasileiro, que d\u00e1 voz a L\u00e9o em Mundo Bita, compartilhou desafios, conquistas e depoimentos da fam\u00edlia no programa. Nikolas Darsaclis, jovem dublador brasileiro no espectro autista, foi destaque em um quadro especial do Caldeir\u00e3o com Mion, exibido recentemente. Durante sua participa\u00e7\u00e3o, o p\u00fablico p\u00f4de conhecer um pouco do cotidiano de Nikolas, sua&hellip;","_links":{"self":[{"href":"https:\/\/dublagembrasileira.com.br\/index.php?rest_route=\/wp\/v2\/posts\/36045","targetHints":{"allow":["GET"]}}],"collection":[{"href":"https:\/\/dublagembrasileira.com.br\/index.php?rest_route=\/wp\/v2\/posts"}],"about":[{"href":"https:\/\/dublagembrasileira.com.br\/index.php?rest_route=\/wp\/v2\/types\/post"}],"author":[{"embeddable":true,"href":"https:\/\/dublagembrasileira.com.br\/index.php?rest_route=\/wp\/v2\/users\/4"}],"replies":[{"embeddable":true,"href":"https:\/\/dublagembrasileira.com.br\/index.php?rest_route=%2Fwp%2Fv2%2Fcomments&post=36045"}],"version-history":[{"count":1,"href":"https:\/\/dublagembrasileira.com.br\/index.php?rest_route=\/wp\/v2\/posts\/36045\/revisions"}],"predecessor-version":[{"id":36046,"href":"https:\/\/dublagembrasileira.com.br\/index.php?rest_route=\/wp\/v2\/posts\/36045\/revisions\/36046"}],"wp:featuredmedia":[{"embeddable":true,"href":"https:\/\/dublagembrasileira.com.br\/index.php?rest_route=\/wp\/v2\/media\/36047"}],"wp:attachment":[{"href":"https:\/\/dublagembrasileira.com.br\/index.php?rest_route=%2Fwp%2Fv2%2Fmedia&parent=36045"}],"wp:term":[{"taxonomy":"category","embeddable":true,"href":"https:\/\/dublagembrasileira.com.br\/index.php?rest_route=%2Fwp%2Fv2%2Fcategories&post=36045"},{"taxonomy":"post_tag","embeddable":true,"href":"https:\/\/dublagembrasileira.com.br\/index.php?rest_route=%2Fwp%2Fv2%2Ftags&post=36045"}],"curies":[{"name":"wp","href":"https:\/\/api.w.org\/{rel}","templated":true}]}}