{"id":36006,"date":"2025-09-25T14:51:03","date_gmt":"2025-09-25T14:51:03","guid":{"rendered":"https:\/\/dublagembrasileira.com.br\/?p=36006"},"modified":"2025-09-28T14:36:26","modified_gmt":"2025-09-28T14:36:26","slug":"myra-ruiz-assiste-ao-trailer-dublado-de-wicked-parte-2-ao-lado-do-publico","status":"publish","type":"post","link":"https:\/\/dublagembrasileira.com.br\/?p=36006","title":{"rendered":"Myra Ruiz assiste ao trailer dublado de Wicked: Parte 2 ao lado do p\u00fablico"},"content":{"rendered":"<div class=\"elementor-element elementor-element-2f702e88 elementor-widget elementor-widget-text-editor\" data-id=\"2f702e88\" data-element_type=\"widget\" data-widget_type=\"text-editor.default\">\n<div class=\"elementor-widget-container\">\n<div class=\"elementor-text-editor elementor-clearfix\">\n<h4><i>Myra Ruiz e Fabi Bang reafirmam sua presen\u00e7a no universo de <em data-start=\"226\" data-end=\"234\">Wicked<\/em> ao dublarem novamente Elphaba e Glinda na vers\u00e3o brasileira do longa, em um momento marcado por emo\u00e7\u00e3o e reconhecimento do teatro nacional..<\/i><\/h4>\n<hr \/>\n<\/div>\n<\/div>\n<\/div>\n<p data-start=\"602\" data-end=\"935\">Myra Ruiz e Fabi Bang foram as estrelas da noite no Teatro Renault, quando assistiram ao <em data-start=\"691\" data-end=\"700\">trailer<\/em> dublado de <em data-start=\"712\" data-end=\"729\">Wicked: Parte 2<\/em> junto ao p\u00fablico, numa sess\u00e3o repleta de emo\u00e7\u00e3o. As atrizes, que j\u00e1 d\u00e3o vida a Elphaba e Glinda nos palcos brasileiros, repetem os pap\u00e9is na adapta\u00e7\u00e3o cinematogr\u00e1fica brasileira do musical internacional.<\/p>\n<p data-start=\"937\" data-end=\"1164\">De acordo com an\u00fancios oficiais da Universal Pictures Brasil, Myra Ruiz dubla Elphaba (personagem de Cynthia Erivo) e Fabi Bang empresta sua voz a Glinda (interpretada por Ariana Grande).<\/p>\n<p data-start=\"1166\" data-end=\"1439\">O filme estreia no <em data-start=\"1185\" data-end=\"1193\">Brasil<\/em> em <strong data-start=\"1197\" data-end=\"1223\">20 de novembro de 2025<\/strong>, um dia antes da estreia internacional, refor\u00e7ando a expectativa dos f\u00e3s nacionais, enquanto nos Estados Unidos a estreia oficial est\u00e1 marcada para <strong data-start=\"1372\" data-end=\"1398\">21 de novembro de 2025<\/strong>.<\/p>\n<h3 data-start=\"1441\" data-end=\"1476\"><strong>Talento nacional em evid\u00eancia<\/strong><\/h3>\n<p data-start=\"1477\" data-end=\"1835\">Myra Ruiz construiu carreira s\u00f3lida em musicais como <strong><em data-start=\"1530\" data-end=\"1546\">Evita Open Air<\/em>, <em data-start=\"1548\" data-end=\"1557\">Matilda<\/em> e <em data-start=\"1560\" data-end=\"1576\">In The Heights<\/em><\/strong>, enquanto Fabi Bang ganhou destaque em<strong> <em data-start=\"1616\" data-end=\"1625\">Cabaret<\/em>, <em data-start=\"1627\" data-end=\"1643\">Pequena Sereia<\/em><\/strong> e outros grandes espet\u00e1culos. Essa trajet\u00f3ria no teatro contribuiu para que ambas fossem escolhidas para dublar no cinema, valorizando a atua\u00e7\u00e3o local.<\/p>\n<p data-start=\"1837\" data-end=\"2123\">Al\u00e9m disso, durante o evento no Teatro Renault, a rea\u00e7\u00e3o do p\u00fablico foi bastante significativa: muitos se emocionaram ao ver pela primeira vez o trailer finalizado em portugu\u00eas, com voz delas, em uma sess\u00e3o especial com plateia e equipe presente.<\/p>\n<figure id=\"attachment_36009\" aria-describedby=\"caption-attachment-36009\" style=\"width: 640px\" class=\"wp-caption aligncenter\"><img fetchpriority=\"high\" decoding=\"async\" class=\"wp-image-36009 size-large\" src=\"http:\/\/dublagembrasileira.com.br\/wp-content\/uploads\/2025\/09\/wicked-2.jpg-1024x683.webp\" alt=\"\" width=\"640\" height=\"427\" srcset=\"https:\/\/dublagembrasileira.com.br\/wp-content\/uploads\/2025\/09\/wicked-2.jpg-1024x683.webp 1024w, https:\/\/dublagembrasileira.com.br\/wp-content\/uploads\/2025\/09\/wicked-2.jpg-300x200.webp 300w, https:\/\/dublagembrasileira.com.br\/wp-content\/uploads\/2025\/09\/wicked-2.jpg-768x512.webp 768w, https:\/\/dublagembrasileira.com.br\/wp-content\/uploads\/2025\/09\/wicked-2.jpg.webp 1200w\" sizes=\"(max-width: 640px) 100vw, 640px\" \/><figcaption id=\"caption-attachment-36009\" class=\"wp-caption-text\">Myra Ruiz e Fabi Bang emocionam o p\u00fablico em Wicked For Good | Foto: Instagram<\/figcaption><\/figure>\n<h3 data-start=\"2125\" data-end=\"2165\"><strong>O que esperar de <em data-start=\"2146\" data-end=\"2163\">Wicked: Parte 2<\/em><\/strong><\/h3>\n<p>A continua\u00e7\u00e3o de<strong> <em>Wicked<\/em><\/strong> promete emocionar o p\u00fablico ao aprofundar a rela\u00e7\u00e3o entre <strong>Elphaba<\/strong> e <strong>Glinda<\/strong>, mostrando como suas escolhas definem destinos completamente diferentes. A trama trar\u00e1 reflex\u00f5es sobre amizade, identidade e poder, revelando como cada decis\u00e3o pode transformar n\u00e3o apenas as protagonistas, mas tamb\u00e9m todo o universo de Oz.<\/p>\n<p>Entre as grandes novidades, os f\u00e3s poder\u00e3o conhecer a <strong>origem de personagens cl\u00e1ssicos<\/strong> como o Homem de Lata, o Le\u00e3o Covarde e o Espantalho. Essa expans\u00e3o da mitologia conecta a hist\u00f3ria de <em>Wicked<\/em> ao cl\u00e1ssico <em>O M\u00e1gico de Oz<\/em>, oferecendo novas perspectivas para figuras j\u00e1 queridas e enriquecendo a narrativa com elementos nost\u00e1lgicos e in\u00e9ditos.<\/p>\n<p>Sob a dire\u00e7\u00e3o de <strong>Jon M. Chu<\/strong>, o longa deve apostar em n\u00fameros musicais grandiosos, cen\u00e1rios imponentes e um tom mais \u00e9pico. Com <strong>Cynthia Erivo<\/strong> e <strong>Ariana Grande<\/strong> na vers\u00e3o internacional, e <strong>Myra Ruiz<\/strong> e <strong>Fabi Bang<\/strong> nas vozes brasileiras, o filme chega para unir f\u00e3s antigos e novos em uma experi\u00eancia cinematogr\u00e1fica marcante.<\/p>\n","protected":false},"excerpt":{"rendered":"<p>Myra Ruiz e Fabi Bang reafirmam sua presen\u00e7a no universo de Wicked ao dublarem novamente Elphaba e Glinda na vers\u00e3o brasileira do longa, em um momento marcado por emo\u00e7\u00e3o e reconhecimento do teatro nacional.. Myra Ruiz e Fabi Bang foram as estrelas da noite no Teatro Renault, quando assistiram ao trailer dublado de Wicked: Parte 2 junto ao p\u00fablico, numa sess\u00e3o repleta de emo\u00e7\u00e3o. As atrizes, que j\u00e1 d\u00e3o vida a Elphaba e Glinda nos palcos brasileiros, repetem os pap\u00e9is na adapta\u00e7\u00e3o cinematogr\u00e1fica brasileira do musical internacional. De acordo com an\u00fancios oficiais da Universal Pictures Brasil, Myra Ruiz dubla Elphaba (personagem de Cynthia Erivo) e Fabi Bang empresta sua voz a Glinda (interpretada por Ariana Grande). O filme estreia no Brasil em 20 de novembro de 2025, um dia antes da estreia internacional, refor\u00e7ando a expectativa dos f\u00e3s nacionais, enquanto nos Estados Unidos a estreia oficial est\u00e1 marcada para 21 de novembro de 2025. Talento nacional em evid\u00eancia Myra Ruiz construiu carreira s\u00f3lida em musicais como Evita Open Air, Matilda e In The Heights, enquanto Fabi Bang ganhou destaque em Cabaret, Pequena Sereia e outros grandes espet\u00e1culos. Essa trajet\u00f3ria no teatro contribuiu para que ambas fossem escolhidas para dublar no cinema, valorizando a atua\u00e7\u00e3o local. Al\u00e9m disso, durante o evento no Teatro Renault, a rea\u00e7\u00e3o do p\u00fablico foi bastante significativa: muitos se emocionaram ao ver pela primeira vez o trailer finalizado em portugu\u00eas, com voz delas, em uma sess\u00e3o especial com plateia e equipe presente. O que esperar de Wicked: Parte 2 A continua\u00e7\u00e3o de Wicked promete emocionar o p\u00fablico ao aprofundar a rela\u00e7\u00e3o entre Elphaba e Glinda, mostrando como suas escolhas definem destinos completamente diferentes. A trama trar\u00e1 reflex\u00f5es sobre amizade, identidade e poder, revelando como cada decis\u00e3o pode transformar n\u00e3o apenas as protagonistas, mas tamb\u00e9m todo o universo de Oz. Entre as grandes novidades, os f\u00e3s poder\u00e3o conhecer a origem de personagens cl\u00e1ssicos como o Homem de Lata, o Le\u00e3o Covarde e o Espantalho. Essa expans\u00e3o da mitologia conecta a hist\u00f3ria de Wicked ao cl\u00e1ssico O M\u00e1gico de Oz, oferecendo novas perspectivas para figuras j\u00e1 queridas e enriquecendo a narrativa com elementos nost\u00e1lgicos e in\u00e9ditos. Sob a dire\u00e7\u00e3o de Jon M. Chu, o longa deve apostar em n\u00fameros musicais grandiosos, cen\u00e1rios imponentes e um tom mais \u00e9pico. Com Cynthia Erivo e Ariana Grande na vers\u00e3o internacional, e Myra Ruiz e Fabi Bang nas vozes brasileiras, o filme chega para unir f\u00e3s antigos e novos em uma experi\u00eancia cinematogr\u00e1fica marcante.<\/p>\n","protected":false},"author":4,"featured_media":36007,"comment_status":"open","ping_status":"open","sticky":false,"template":"","format":"standard","meta":{"_monsterinsights_skip_tracking":false,"_monsterinsights_sitenote_active":false,"_monsterinsights_sitenote_note":"","_monsterinsights_sitenote_category":0,"footnotes":""},"categories":[2,13],"tags":[38,29,27,39],"class_list":["post-36006","post","type-post","status-publish","format-standard","has-post-thumbnail","hentry","category-filmes","category-noticias","tag-cinema","tag-dubladores","tag-dublagem","tag-filme"],"yoast_head":"<!-- This site is optimized with the Yoast SEO plugin v26.1.1 - https:\/\/yoast.com\/wordpress\/plugins\/seo\/ -->\n<title>Myra Ruiz assiste ao trailer dublado de Wicked: Parte 2 ao lado do p\u00fablico | DB - Dublagem Brasileira<\/title>\n<meta name=\"description\" content=\"Myra Ruiz e Fabi Bang dublam Elphaba e Glinda no filme Wicked: Parte 2. Trailer dublado \u00e9 exibido com emo\u00e7\u00e3o no Teatro Renault.\" \/>\n<meta name=\"robots\" content=\"index, follow, max-snippet:-1, max-image-preview:large, max-video-preview:-1\" \/>\n<link rel=\"canonical\" href=\"https:\/\/dublagembrasileira.com.br\/?p=36006\" \/>\n<meta property=\"og:locale\" content=\"pt_BR\" \/>\n<meta property=\"og:type\" content=\"article\" \/>\n<meta property=\"og:title\" content=\"Myra Ruiz assiste ao trailer dublado de Wicked: Parte 2 ao lado do p\u00fablico | DB - Dublagem Brasileira\" \/>\n<meta property=\"og:description\" content=\"Myra Ruiz e Fabi Bang dublam Elphaba e Glinda no filme Wicked: Parte 2. Trailer dublado \u00e9 exibido com emo\u00e7\u00e3o no Teatro Renault.\" \/>\n<meta property=\"og:url\" content=\"https:\/\/dublagembrasileira.com.br\/?p=36006\" \/>\n<meta property=\"og:site_name\" content=\"DB - Dublagem Brasileira\" \/>\n<meta property=\"article:author\" content=\"https:\/\/www.facebook.com\/dublagembrasileira\" \/>\n<meta property=\"article:published_time\" content=\"2025-09-25T14:51:03+00:00\" \/>\n<meta property=\"article:modified_time\" content=\"2025-09-28T14:36:26+00:00\" \/>\n<meta name=\"author\" content=\"Reda\u00e7\u00e3o\" \/>\n<meta name=\"twitter:card\" content=\"summary_large_image\" \/>\n<meta name=\"twitter:creator\" content=\"@dbdublagem\" \/>\n<meta name=\"twitter:label1\" content=\"Escrito por\" \/>\n\t<meta name=\"twitter:data1\" content=\"Reda\u00e7\u00e3o\" \/>\n\t<meta name=\"twitter:label2\" content=\"Est. tempo de leitura\" \/>\n\t<meta name=\"twitter:data2\" content=\"3 minutos\" \/>\n<script type=\"application\/ld+json\" class=\"yoast-schema-graph\">{\"@context\":\"https:\/\/schema.org\",\"@graph\":[{\"@type\":\"Article\",\"@id\":\"https:\/\/dublagembrasileira.com.br\/?p=36006#article\",\"isPartOf\":{\"@id\":\"https:\/\/dublagembrasileira.com.br\/?p=36006\"},\"author\":{\"name\":\"Reda\u00e7\u00e3o\",\"@id\":\"https:\/\/dublagembrasileira.com.br\/#\/schema\/person\/a75bac594c0e9a0b96508b7e124f20d1\"},\"headline\":\"Myra Ruiz assiste ao trailer dublado de Wicked: Parte 2 ao lado do p\u00fablico\",\"datePublished\":\"2025-09-25T14:51:03+00:00\",\"dateModified\":\"2025-09-28T14:36:26+00:00\",\"mainEntityOfPage\":{\"@id\":\"https:\/\/dublagembrasileira.com.br\/?p=36006\"},\"wordCount\":488,\"commentCount\":0,\"publisher\":{\"@id\":\"https:\/\/dublagembrasileira.com.br\/#organization\"},\"image\":{\"@id\":\"https:\/\/dublagembrasileira.com.br\/?p=36006#primaryimage\"},\"thumbnailUrl\":\"https:\/\/dublagembrasileira.com.br\/wp-content\/uploads\/2025\/09\/clau.avif\",\"keywords\":[\"cinema\",\"dubladores\",\"dublagem\",\"filme.\"],\"articleSection\":[\"Filmes\",\"Not\u00edcias\"],\"inLanguage\":\"pt-BR\",\"potentialAction\":[{\"@type\":\"CommentAction\",\"name\":\"Comment\",\"target\":[\"https:\/\/dublagembrasileira.com.br\/?p=36006#respond\"]}]},{\"@type\":\"WebPage\",\"@id\":\"https:\/\/dublagembrasileira.com.br\/?p=36006\",\"url\":\"https:\/\/dublagembrasileira.com.br\/?p=36006\",\"name\":\"Myra Ruiz assiste ao trailer dublado de Wicked: Parte 2 ao lado do p\u00fablico | DB - Dublagem Brasileira\",\"isPartOf\":{\"@id\":\"https:\/\/dublagembrasileira.com.br\/#website\"},\"primaryImageOfPage\":{\"@id\":\"https:\/\/dublagembrasileira.com.br\/?p=36006#primaryimage\"},\"image\":{\"@id\":\"https:\/\/dublagembrasileira.com.br\/?p=36006#primaryimage\"},\"thumbnailUrl\":\"https:\/\/dublagembrasileira.com.br\/wp-content\/uploads\/2025\/09\/clau.avif\",\"datePublished\":\"2025-09-25T14:51:03+00:00\",\"dateModified\":\"2025-09-28T14:36:26+00:00\",\"description\":\"Myra Ruiz e Fabi Bang dublam Elphaba e Glinda no filme Wicked: Parte 2. Trailer dublado \u00e9 exibido com emo\u00e7\u00e3o no Teatro Renault.\",\"breadcrumb\":{\"@id\":\"https:\/\/dublagembrasileira.com.br\/?p=36006#breadcrumb\"},\"inLanguage\":\"pt-BR\",\"potentialAction\":[{\"@type\":\"ReadAction\",\"target\":[\"https:\/\/dublagembrasileira.com.br\/?p=36006\"]}]},{\"@type\":\"ImageObject\",\"inLanguage\":\"pt-BR\",\"@id\":\"https:\/\/dublagembrasileira.com.br\/?p=36006#primaryimage\",\"url\":\"https:\/\/dublagembrasileira.com.br\/wp-content\/uploads\/2025\/09\/clau.avif\",\"contentUrl\":\"https:\/\/dublagembrasileira.com.br\/wp-content\/uploads\/2025\/09\/clau.avif\",\"width\":888,\"height\":529},{\"@type\":\"BreadcrumbList\",\"@id\":\"https:\/\/dublagembrasileira.com.br\/?p=36006#breadcrumb\",\"itemListElement\":[{\"@type\":\"ListItem\",\"position\":1,\"name\":\"In\u00edcio\",\"item\":\"https:\/\/dublagembrasileira.com.br\/\"},{\"@type\":\"ListItem\",\"position\":2,\"name\":\"Myra Ruiz assiste ao trailer dublado de Wicked: Parte 2 ao lado do p\u00fablico\"}]},{\"@type\":\"WebSite\",\"@id\":\"https:\/\/dublagembrasileira.com.br\/#website\",\"url\":\"https:\/\/dublagembrasileira.com.br\/\",\"name\":\"DB - Dublagem Brasileira\",\"description\":\"O seu portal de dublagem.\",\"publisher\":{\"@id\":\"https:\/\/dublagembrasileira.com.br\/#organization\"},\"potentialAction\":[{\"@type\":\"SearchAction\",\"target\":{\"@type\":\"EntryPoint\",\"urlTemplate\":\"https:\/\/dublagembrasileira.com.br\/?s={search_term_string}\"},\"query-input\":{\"@type\":\"PropertyValueSpecification\",\"valueRequired\":true,\"valueName\":\"search_term_string\"}}],\"inLanguage\":\"pt-BR\"},{\"@type\":\"Organization\",\"@id\":\"https:\/\/dublagembrasileira.com.br\/#organization\",\"name\":\"DB - Dublagem Brasileira\",\"url\":\"https:\/\/dublagembrasileira.com.br\/\",\"logo\":{\"@type\":\"ImageObject\",\"inLanguage\":\"pt-BR\",\"@id\":\"https:\/\/dublagembrasileira.com.br\/#\/schema\/logo\/image\/\",\"url\":\"https:\/\/dublagembrasileira.com.br\/wp-content\/uploads\/2019\/07\/cropped-logotipodb.png\",\"contentUrl\":\"https:\/\/dublagembrasileira.com.br\/wp-content\/uploads\/2019\/07\/cropped-logotipodb.png\",\"width\":946,\"height\":589,\"caption\":\"DB - Dublagem Brasileira\"},\"image\":{\"@id\":\"https:\/\/dublagembrasileira.com.br\/#\/schema\/logo\/image\/\"}},{\"@type\":\"Person\",\"@id\":\"https:\/\/dublagembrasileira.com.br\/#\/schema\/person\/a75bac594c0e9a0b96508b7e124f20d1\",\"name\":\"Reda\u00e7\u00e3o\",\"image\":{\"@type\":\"ImageObject\",\"inLanguage\":\"pt-BR\",\"@id\":\"https:\/\/dublagembrasileira.com.br\/#\/schema\/person\/image\/\",\"url\":\"http:\/\/dublagembrasileira.com.br\/wp-content\/uploads\/2025\/06\/admin-96x96.jpg\",\"contentUrl\":\"http:\/\/dublagembrasileira.com.br\/wp-content\/uploads\/2025\/06\/admin-96x96.jpg\",\"caption\":\"Reda\u00e7\u00e3o\"},\"description\":\"Equipe do DB.\",\"sameAs\":[\"https:\/\/www.facebook.com\/dublagembrasileira\",\"https:\/\/www.instagram.com\/dbdublagembrasileira\",\"https:\/\/x.com\/dbdublagem\"],\"url\":\"https:\/\/dublagembrasileira.com.br\/?author=4\"}]}<\/script>\n<!-- \/ Yoast SEO plugin. -->","yoast_head_json":{"title":"Myra Ruiz assiste ao trailer dublado de Wicked: Parte 2 ao lado do p\u00fablico | DB - Dublagem Brasileira","description":"Myra Ruiz e Fabi Bang dublam Elphaba e Glinda no filme Wicked: Parte 2. Trailer dublado \u00e9 exibido com emo\u00e7\u00e3o no Teatro Renault.","robots":{"index":"index","follow":"follow","max-snippet":"max-snippet:-1","max-image-preview":"max-image-preview:large","max-video-preview":"max-video-preview:-1"},"canonical":"https:\/\/dublagembrasileira.com.br\/?p=36006","og_locale":"pt_BR","og_type":"article","og_title":"Myra Ruiz assiste ao trailer dublado de Wicked: Parte 2 ao lado do p\u00fablico | DB - Dublagem Brasileira","og_description":"Myra Ruiz e Fabi Bang dublam Elphaba e Glinda no filme Wicked: Parte 2. Trailer dublado \u00e9 exibido com emo\u00e7\u00e3o no Teatro Renault.","og_url":"https:\/\/dublagembrasileira.com.br\/?p=36006","og_site_name":"DB - Dublagem Brasileira","article_author":"https:\/\/www.facebook.com\/dublagembrasileira","article_published_time":"2025-09-25T14:51:03+00:00","article_modified_time":"2025-09-28T14:36:26+00:00","author":"Reda\u00e7\u00e3o","twitter_card":"summary_large_image","twitter_creator":"@dbdublagem","twitter_misc":{"Escrito por":"Reda\u00e7\u00e3o","Est. tempo de leitura":"3 minutos"},"schema":{"@context":"https:\/\/schema.org","@graph":[{"@type":"Article","@id":"https:\/\/dublagembrasileira.com.br\/?p=36006#article","isPartOf":{"@id":"https:\/\/dublagembrasileira.com.br\/?p=36006"},"author":{"name":"Reda\u00e7\u00e3o","@id":"https:\/\/dublagembrasileira.com.br\/#\/schema\/person\/a75bac594c0e9a0b96508b7e124f20d1"},"headline":"Myra Ruiz assiste ao trailer dublado de Wicked: Parte 2 ao lado do p\u00fablico","datePublished":"2025-09-25T14:51:03+00:00","dateModified":"2025-09-28T14:36:26+00:00","mainEntityOfPage":{"@id":"https:\/\/dublagembrasileira.com.br\/?p=36006"},"wordCount":488,"commentCount":0,"publisher":{"@id":"https:\/\/dublagembrasileira.com.br\/#organization"},"image":{"@id":"https:\/\/dublagembrasileira.com.br\/?p=36006#primaryimage"},"thumbnailUrl":"https:\/\/dublagembrasileira.com.br\/wp-content\/uploads\/2025\/09\/clau.avif","keywords":["cinema","dubladores","dublagem","filme."],"articleSection":["Filmes","Not\u00edcias"],"inLanguage":"pt-BR","potentialAction":[{"@type":"CommentAction","name":"Comment","target":["https:\/\/dublagembrasileira.com.br\/?p=36006#respond"]}]},{"@type":"WebPage","@id":"https:\/\/dublagembrasileira.com.br\/?p=36006","url":"https:\/\/dublagembrasileira.com.br\/?p=36006","name":"Myra Ruiz assiste ao trailer dublado de Wicked: Parte 2 ao lado do p\u00fablico | DB - Dublagem Brasileira","isPartOf":{"@id":"https:\/\/dublagembrasileira.com.br\/#website"},"primaryImageOfPage":{"@id":"https:\/\/dublagembrasileira.com.br\/?p=36006#primaryimage"},"image":{"@id":"https:\/\/dublagembrasileira.com.br\/?p=36006#primaryimage"},"thumbnailUrl":"https:\/\/dublagembrasileira.com.br\/wp-content\/uploads\/2025\/09\/clau.avif","datePublished":"2025-09-25T14:51:03+00:00","dateModified":"2025-09-28T14:36:26+00:00","description":"Myra Ruiz e Fabi Bang dublam Elphaba e Glinda no filme Wicked: Parte 2. Trailer dublado \u00e9 exibido com emo\u00e7\u00e3o no Teatro Renault.","breadcrumb":{"@id":"https:\/\/dublagembrasileira.com.br\/?p=36006#breadcrumb"},"inLanguage":"pt-BR","potentialAction":[{"@type":"ReadAction","target":["https:\/\/dublagembrasileira.com.br\/?p=36006"]}]},{"@type":"ImageObject","inLanguage":"pt-BR","@id":"https:\/\/dublagembrasileira.com.br\/?p=36006#primaryimage","url":"https:\/\/dublagembrasileira.com.br\/wp-content\/uploads\/2025\/09\/clau.avif","contentUrl":"https:\/\/dublagembrasileira.com.br\/wp-content\/uploads\/2025\/09\/clau.avif","width":888,"height":529},{"@type":"BreadcrumbList","@id":"https:\/\/dublagembrasileira.com.br\/?p=36006#breadcrumb","itemListElement":[{"@type":"ListItem","position":1,"name":"In\u00edcio","item":"https:\/\/dublagembrasileira.com.br\/"},{"@type":"ListItem","position":2,"name":"Myra Ruiz assiste ao trailer dublado de Wicked: Parte 2 ao lado do p\u00fablico"}]},{"@type":"WebSite","@id":"https:\/\/dublagembrasileira.com.br\/#website","url":"https:\/\/dublagembrasileira.com.br\/","name":"DB - Dublagem Brasileira","description":"O seu portal de dublagem.","publisher":{"@id":"https:\/\/dublagembrasileira.com.br\/#organization"},"potentialAction":[{"@type":"SearchAction","target":{"@type":"EntryPoint","urlTemplate":"https:\/\/dublagembrasileira.com.br\/?s={search_term_string}"},"query-input":{"@type":"PropertyValueSpecification","valueRequired":true,"valueName":"search_term_string"}}],"inLanguage":"pt-BR"},{"@type":"Organization","@id":"https:\/\/dublagembrasileira.com.br\/#organization","name":"DB - Dublagem Brasileira","url":"https:\/\/dublagembrasileira.com.br\/","logo":{"@type":"ImageObject","inLanguage":"pt-BR","@id":"https:\/\/dublagembrasileira.com.br\/#\/schema\/logo\/image\/","url":"https:\/\/dublagembrasileira.com.br\/wp-content\/uploads\/2019\/07\/cropped-logotipodb.png","contentUrl":"https:\/\/dublagembrasileira.com.br\/wp-content\/uploads\/2019\/07\/cropped-logotipodb.png","width":946,"height":589,"caption":"DB - Dublagem Brasileira"},"image":{"@id":"https:\/\/dublagembrasileira.com.br\/#\/schema\/logo\/image\/"}},{"@type":"Person","@id":"https:\/\/dublagembrasileira.com.br\/#\/schema\/person\/a75bac594c0e9a0b96508b7e124f20d1","name":"Reda\u00e7\u00e3o","image":{"@type":"ImageObject","inLanguage":"pt-BR","@id":"https:\/\/dublagembrasileira.com.br\/#\/schema\/person\/image\/","url":"http:\/\/dublagembrasileira.com.br\/wp-content\/uploads\/2025\/06\/admin-96x96.jpg","contentUrl":"http:\/\/dublagembrasileira.com.br\/wp-content\/uploads\/2025\/06\/admin-96x96.jpg","caption":"Reda\u00e7\u00e3o"},"description":"Equipe do DB.","sameAs":["https:\/\/www.facebook.com\/dublagembrasileira","https:\/\/www.instagram.com\/dbdublagembrasileira","https:\/\/x.com\/dbdublagem"],"url":"https:\/\/dublagembrasileira.com.br\/?author=4"}]}},"rttpg_featured_image_url":{"full":["https:\/\/dublagembrasileira.com.br\/wp-content\/uploads\/2025\/09\/clau.avif",888,529,false],"landscape":["https:\/\/dublagembrasileira.com.br\/wp-content\/uploads\/2025\/09\/clau.avif",888,529,false],"portraits":["https:\/\/dublagembrasileira.com.br\/wp-content\/uploads\/2025\/09\/clau.avif",888,529,false],"thumbnail":["https:\/\/dublagembrasileira.com.br\/wp-content\/uploads\/2025\/09\/clau-150x150.avif",150,150,true],"medium":["https:\/\/dublagembrasileira.com.br\/wp-content\/uploads\/2025\/09\/clau-300x179.avif",300,179,true],"large":["https:\/\/dublagembrasileira.com.br\/wp-content\/uploads\/2025\/09\/clau.avif",640,381,false],"1536x1536":["https:\/\/dublagembrasileira.com.br\/wp-content\/uploads\/2025\/09\/clau.avif",888,529,false],"2048x2048":["https:\/\/dublagembrasileira.com.br\/wp-content\/uploads\/2025\/09\/clau.avif",888,529,false],"eggnews-slider-large":["https:\/\/dublagembrasileira.com.br\/wp-content\/uploads\/2025\/09\/clau.avif",888,529,false],"eggnews-featured-medium":["https:\/\/dublagembrasileira.com.br\/wp-content\/uploads\/2025\/09\/clau-420x307.avif",420,307,true],"eggnews-featured-long":["https:\/\/dublagembrasileira.com.br\/wp-content\/uploads\/2025\/09\/clau-300x443.avif",300,443,true],"eggnews-block-medium":["https:\/\/dublagembrasileira.com.br\/wp-content\/uploads\/2025\/09\/clau-464x290.avif",464,290,true],"eggnews-carousel-image":["https:\/\/dublagembrasileira.com.br\/wp-content\/uploads\/2025\/09\/clau-600x500.avif",600,500,true],"eggnews-block-thumb":["https:\/\/dublagembrasileira.com.br\/wp-content\/uploads\/2025\/09\/clau-322x230.avif",322,230,true],"eggnews-single-large":["https:\/\/dublagembrasileira.com.br\/wp-content\/uploads\/2025\/09\/clau.avif",888,529,false],"crp_thumbnail":["https:\/\/dublagembrasileira.com.br\/wp-content\/uploads\/2025\/09\/clau-150x150.avif",150,150,true]},"rttpg_author":{"display_name":"Reda\u00e7\u00e3o","author_link":"https:\/\/dublagembrasileira.com.br\/?author=4"},"rttpg_comment":0,"rttpg_category":"<a href=\"https:\/\/dublagembrasileira.com.br\/?cat=2\" rel=\"category\">Filmes<\/a> <a href=\"https:\/\/dublagembrasileira.com.br\/?cat=13\" rel=\"category\">Not\u00edcias<\/a>","rttpg_excerpt":"Myra Ruiz e Fabi Bang reafirmam sua presen\u00e7a no universo de Wicked ao dublarem novamente Elphaba e Glinda na vers\u00e3o brasileira do longa, em um momento marcado por emo\u00e7\u00e3o e reconhecimento do teatro nacional.. Myra Ruiz e Fabi Bang foram as estrelas da noite no Teatro Renault, quando assistiram ao trailer dublado de Wicked: Parte&hellip;","_links":{"self":[{"href":"https:\/\/dublagembrasileira.com.br\/index.php?rest_route=\/wp\/v2\/posts\/36006","targetHints":{"allow":["GET"]}}],"collection":[{"href":"https:\/\/dublagembrasileira.com.br\/index.php?rest_route=\/wp\/v2\/posts"}],"about":[{"href":"https:\/\/dublagembrasileira.com.br\/index.php?rest_route=\/wp\/v2\/types\/post"}],"author":[{"embeddable":true,"href":"https:\/\/dublagembrasileira.com.br\/index.php?rest_route=\/wp\/v2\/users\/4"}],"replies":[{"embeddable":true,"href":"https:\/\/dublagembrasileira.com.br\/index.php?rest_route=%2Fwp%2Fv2%2Fcomments&post=36006"}],"version-history":[{"count":2,"href":"https:\/\/dublagembrasileira.com.br\/index.php?rest_route=\/wp\/v2\/posts\/36006\/revisions"}],"predecessor-version":[{"id":36010,"href":"https:\/\/dublagembrasileira.com.br\/index.php?rest_route=\/wp\/v2\/posts\/36006\/revisions\/36010"}],"wp:featuredmedia":[{"embeddable":true,"href":"https:\/\/dublagembrasileira.com.br\/index.php?rest_route=\/wp\/v2\/media\/36007"}],"wp:attachment":[{"href":"https:\/\/dublagembrasileira.com.br\/index.php?rest_route=%2Fwp%2Fv2%2Fmedia&parent=36006"}],"wp:term":[{"taxonomy":"category","embeddable":true,"href":"https:\/\/dublagembrasileira.com.br\/index.php?rest_route=%2Fwp%2Fv2%2Fcategories&post=36006"},{"taxonomy":"post_tag","embeddable":true,"href":"https:\/\/dublagembrasileira.com.br\/index.php?rest_route=%2Fwp%2Fv2%2Ftags&post=36006"}],"curies":[{"name":"wp","href":"https:\/\/api.w.org\/{rel}","templated":true}]}}