{"id":36002,"date":"2025-08-26T12:35:13","date_gmt":"2025-08-26T12:35:13","guid":{"rendered":"https:\/\/dublagembrasileira.com.br\/?p=36002"},"modified":"2025-09-28T13:43:33","modified_gmt":"2025-09-28T13:43:33","slug":"flavio-back-voz-marcante-da-dublagem-brasileira-morre-aos-52-anos","status":"publish","type":"post","link":"https:\/\/dublagembrasileira.com.br\/?p=36002","title":{"rendered":"Fl\u00e1vio Back, voz marcante da dublagem brasileira, morre aos 52 anos"},"content":{"rendered":"<div class=\"elementor-element elementor-element-2f702e88 elementor-widget elementor-widget-text-editor\" data-id=\"2f702e88\" data-element_type=\"widget\" data-widget_type=\"text-editor.default\">\n<div class=\"elementor-widget-container\">\n<div class=\"elementor-text-editor elementor-clearfix\">\n<h4><i>Epis\u00f3dio do <em>Vozes Autorais<\/em> reuniu especialistas e dubladores para discutir impactos da tecnologia no mercado, sa\u00fade mental dos profissionais e a import\u00e2ncia da representatividade.<\/i><\/h4>\n<hr \/>\n<\/div>\n<\/div>\n<\/div>\n<p data-start=\"412\" data-end=\"749\">O mundo da dublagem brasileira perdeu uma de suas vozes mais reconhecidas: Fl\u00e1vio Back faleceu aos 52 anos em 24 de agosto de 2025, no Hospital Casa de Portugal, no Rio de Janeiro. A informa\u00e7\u00e3o foi confirmada pela Associa\u00e7\u00e3o Brasileira de Dubladores, que prestou homenagem ao profissional destacando seu legado na cultura pop brasileira.<\/p>\n<p data-start=\"751\" data-end=\"1210\">Fl\u00e1vio Back era conhecido por sua versatilidade vocal e capacidade de imprimir personalidade aos personagens que interpretava. Entre seus trabalhos mais not\u00e1veis est\u00e3o as dublagens de Gendry Baratheon na primeira temporada de <strong><em data-start=\"977\" data-end=\"994\">Game of Thrones<\/em><\/strong>, diversos personagens do ator Carlos Villagr\u00e1n no cl\u00e1ssico mexicano <strong><em data-start=\"1063\" data-end=\"1073\">Chapolin<\/em><\/strong>, al\u00e9m de Charles Boyle na com\u00e9dia <strong><em data-start=\"1108\" data-end=\"1128\">Brooklyn Nine-Nine<\/em><\/strong> e Musculoso na anima\u00e7\u00e3o <strong><em data-start=\"1153\" data-end=\"1169\">Apenas um Show<\/em><\/strong>.<\/p>\n<p data-start=\"1212\" data-end=\"1655\">Apesar de sua carreira bem-sucedida, Fl\u00e1vio enfrentava problemas de sa\u00fade. Diab\u00e9tico, ele estava internado na UTI do Hospital Casa de Portugal, em S\u00e3o Paulo, tratando um quadro de celulite bacteriana. A causa exata da morte n\u00e3o foi divulgada oficialmente, mas sua filha, Luke Back \u2014 tamb\u00e9m dubladora \u2014 compartilhou informa\u00e7\u00f5es sobre a interna\u00e7\u00e3o em suas redes sociais, revelando a gravidade da situa\u00e7\u00e3o.<\/p>\n<p data-start=\"1657\" data-end=\"2100\">A repercuss\u00e3o da morte de Fl\u00e1vio Back foi imediata. Profissionais da \u00e1rea, f\u00e3s e admiradores se manifestaram nas redes sociais, lamentando a perda e destacando a import\u00e2ncia de seu trabalho para a cultura pop brasileira. A Associa\u00e7\u00e3o Brasileira de Dubladores publicou uma nota em que exaltou o legado do artista, afirmando que sua voz permanecer\u00e1 viva nos personagens que continuam a encantar o p\u00fablico.<\/p>\n<p data-start=\"2102\" data-end=\"2588\">A trajet\u00f3ria de Fl\u00e1vio Back \u00e9 marcada por dedica\u00e7\u00e3o e paix\u00e3o pela arte de dublar. Em um pa\u00eds onde a dublagem \u00e9 valorizada e amplamente consumida, ele se destacou como um dos grandes nomes da profiss\u00e3o, sendo reconhecido por sua habilidade de adaptar nuances emocionais e culturais dos personagens originais para o p\u00fablico brasileiro. Sua voz tornou-se familiar para milh\u00f5es de espectadores, que muitas vezes n\u00e3o conheciam seu rosto, mas reconheciam imediatamente seu timbre e entona\u00e7\u00e3o.<\/p>\n<p data-start=\"2590\" data-end=\"2972\">Al\u00e9m do talento t\u00e9cnico, Fl\u00e1vio Back era conhecido nos bastidores por sua generosidade e companheirismo. Colegas de profiss\u00e3o relataram que ele sempre estava disposto a ajudar os mais jovens, compartilhando experi\u00eancias e incentivando a excel\u00eancia no trabalho. Sua morte representa n\u00e3o apenas a perda de um artista, mas tamb\u00e9m de um mentor e amigo para muitos que atuam na dublagem.<\/p>\n<p data-start=\"2974\" data-end=\"3306\">Enquanto o p\u00fablico se despede de Fl\u00e1vio, sua obra permanece viva. Os epis\u00f3dios, filmes e s\u00e9ries que contam com sua voz continuam dispon\u00edveis, permitindo que novas gera\u00e7\u00f5es conhe\u00e7am e apreciem seu trabalho. Em tempos de despedida, \u00e9 reconfortante saber que o legado de um artista pode atravessar o tempo e continuar a tocar cora\u00e7\u00f5es.<\/p>\n<p data-start=\"3308\" data-end=\"3565\">Fl\u00e1vio Back deixa familiares, amigos e uma legi\u00e3o de f\u00e3s que reconhecem sua import\u00e2ncia para a dublagem brasileira. Seu nome ser\u00e1 lembrado com carinho e respeito, como algu\u00e9m que soube transformar palavras em emo\u00e7\u00e3o e personagens em companheiros de jornada.<\/p>\n","protected":false},"excerpt":{"rendered":"<p>Epis\u00f3dio do Vozes Autorais reuniu especialistas e dubladores para discutir impactos da tecnologia no mercado, sa\u00fade mental dos profissionais e a import\u00e2ncia da representatividade. O mundo da dublagem brasileira perdeu uma de suas vozes mais reconhecidas: Fl\u00e1vio Back faleceu aos 52 anos em 24 de agosto de 2025, no Hospital Casa de Portugal, no Rio de Janeiro. A informa\u00e7\u00e3o foi confirmada pela Associa\u00e7\u00e3o Brasileira de Dubladores, que prestou homenagem ao profissional destacando seu legado na cultura pop brasileira. Fl\u00e1vio Back era conhecido por sua versatilidade vocal e capacidade de imprimir personalidade aos personagens que interpretava. Entre seus trabalhos mais not\u00e1veis est\u00e3o as dublagens de Gendry Baratheon na primeira temporada de Game of Thrones, diversos personagens do ator Carlos Villagr\u00e1n no cl\u00e1ssico mexicano Chapolin, al\u00e9m de Charles Boyle na com\u00e9dia Brooklyn Nine-Nine e Musculoso na anima\u00e7\u00e3o Apenas um Show. Apesar de sua carreira bem-sucedida, Fl\u00e1vio enfrentava problemas de sa\u00fade. Diab\u00e9tico, ele estava internado na UTI do Hospital Casa de Portugal, em S\u00e3o Paulo, tratando um quadro de celulite bacteriana. A causa exata da morte n\u00e3o foi divulgada oficialmente, mas sua filha, Luke Back \u2014 tamb\u00e9m dubladora \u2014 compartilhou informa\u00e7\u00f5es sobre a interna\u00e7\u00e3o em suas redes sociais, revelando a gravidade da situa\u00e7\u00e3o. A repercuss\u00e3o da morte de Fl\u00e1vio Back foi imediata. Profissionais da \u00e1rea, f\u00e3s e admiradores se manifestaram nas redes sociais, lamentando a perda e destacando a import\u00e2ncia de seu trabalho para a cultura pop brasileira. A Associa\u00e7\u00e3o Brasileira de Dubladores publicou uma nota em que exaltou o legado do artista, afirmando que sua voz permanecer\u00e1 viva nos personagens que continuam a encantar o p\u00fablico. A trajet\u00f3ria de Fl\u00e1vio Back \u00e9 marcada por dedica\u00e7\u00e3o e paix\u00e3o pela arte de dublar. Em um pa\u00eds onde a dublagem \u00e9 valorizada e amplamente consumida, ele se destacou como um dos grandes nomes da profiss\u00e3o, sendo reconhecido por sua habilidade de adaptar nuances emocionais e culturais dos personagens originais para o p\u00fablico brasileiro. Sua voz tornou-se familiar para milh\u00f5es de espectadores, que muitas vezes n\u00e3o conheciam seu rosto, mas reconheciam imediatamente seu timbre e entona\u00e7\u00e3o. Al\u00e9m do talento t\u00e9cnico, Fl\u00e1vio Back era conhecido nos bastidores por sua generosidade e companheirismo. Colegas de profiss\u00e3o relataram que ele sempre estava disposto a ajudar os mais jovens, compartilhando experi\u00eancias e incentivando a excel\u00eancia no trabalho. Sua morte representa n\u00e3o apenas a perda de um artista, mas tamb\u00e9m de um mentor e amigo para muitos que atuam na dublagem. Enquanto o p\u00fablico se despede de Fl\u00e1vio, sua obra permanece viva. Os epis\u00f3dios, filmes e s\u00e9ries que contam com sua voz continuam dispon\u00edveis, permitindo que novas gera\u00e7\u00f5es conhe\u00e7am e apreciem seu trabalho. Em tempos de despedida, \u00e9 reconfortante saber que o legado de um artista pode atravessar o tempo e continuar a tocar cora\u00e7\u00f5es. Fl\u00e1vio Back deixa familiares, amigos e uma legi\u00e3o de f\u00e3s que reconhecem sua import\u00e2ncia para a dublagem brasileira. Seu nome ser\u00e1 lembrado com carinho e respeito, como algu\u00e9m que soube transformar palavras em emo\u00e7\u00e3o e personagens em companheiros de jornada.<\/p>\n","protected":false},"author":1,"featured_media":36004,"comment_status":"open","ping_status":"open","sticky":false,"template":"","format":"standard","meta":{"_monsterinsights_skip_tracking":false,"_monsterinsights_sitenote_active":false,"_monsterinsights_sitenote_note":"","_monsterinsights_sitenote_category":0,"footnotes":""},"categories":[22],"tags":[],"class_list":["post-36002","post","type-post","status-publish","format-standard","has-post-thumbnail","hentry","category-vida-real"],"yoast_head":"<!-- This site is optimized with the Yoast SEO plugin v26.1.1 - https:\/\/yoast.com\/wordpress\/plugins\/seo\/ -->\n<title>Fl\u00e1vio Back, voz marcante da dublagem brasileira, morre aos 52 anos | DB - Dublagem Brasileira<\/title>\n<meta name=\"description\" content=\"Fl\u00e1vio Back, dublador de Quico, Boyle e Gendry, falece aos 52 anos. Seu legado na dublagem brasileira permanece vivo em cada personagem\" \/>\n<meta name=\"robots\" content=\"index, follow, max-snippet:-1, max-image-preview:large, max-video-preview:-1\" \/>\n<link rel=\"canonical\" href=\"https:\/\/dublagembrasileira.com.br\/?p=36002\" \/>\n<meta property=\"og:locale\" content=\"pt_BR\" \/>\n<meta property=\"og:type\" content=\"article\" \/>\n<meta property=\"og:title\" content=\"Fl\u00e1vio Back, voz marcante da dublagem brasileira, morre aos 52 anos | DB - Dublagem Brasileira\" \/>\n<meta property=\"og:description\" content=\"Fl\u00e1vio Back, dublador de Quico, Boyle e Gendry, falece aos 52 anos. Seu legado na dublagem brasileira permanece vivo em cada personagem\" \/>\n<meta property=\"og:url\" content=\"https:\/\/dublagembrasileira.com.br\/?p=36002\" \/>\n<meta property=\"og:site_name\" content=\"DB - Dublagem Brasileira\" \/>\n<meta property=\"article:published_time\" content=\"2025-08-26T12:35:13+00:00\" \/>\n<meta property=\"article:modified_time\" content=\"2025-09-28T13:43:33+00:00\" \/>\n<meta property=\"og:image\" content=\"http:\/\/dublagembrasileira.com.br\/wp-content\/uploads\/2025\/09\/morre-flavio-back-dublador-de-chapolin_4850.jpeg\" \/>\n\t<meta property=\"og:image:width\" content=\"1280\" \/>\n\t<meta property=\"og:image:height\" content=\"720\" \/>\n\t<meta property=\"og:image:type\" content=\"image\/jpeg\" \/>\n<meta name=\"author\" content=\"Iza\u00edas Correia\" \/>\n<meta name=\"twitter:card\" content=\"summary_large_image\" \/>\n<meta name=\"twitter:label1\" content=\"Escrito por\" \/>\n\t<meta name=\"twitter:data1\" content=\"Iza\u00edas Correia\" \/>\n\t<meta name=\"twitter:label2\" content=\"Est. tempo de leitura\" \/>\n\t<meta name=\"twitter:data2\" content=\"3 minutos\" \/>\n<script type=\"application\/ld+json\" class=\"yoast-schema-graph\">{\"@context\":\"https:\/\/schema.org\",\"@graph\":[{\"@type\":\"Article\",\"@id\":\"https:\/\/dublagembrasileira.com.br\/?p=36002#article\",\"isPartOf\":{\"@id\":\"https:\/\/dublagembrasileira.com.br\/?p=36002\"},\"author\":{\"name\":\"Iza\u00edas Correia\",\"@id\":\"https:\/\/dublagembrasileira.com.br\/#\/schema\/person\/6298fd46a47d1ef447a90b2fc9f2b215\"},\"headline\":\"Fl\u00e1vio Back, voz marcante da dublagem brasileira, morre aos 52 anos\",\"datePublished\":\"2025-08-26T12:35:13+00:00\",\"dateModified\":\"2025-09-28T13:43:33+00:00\",\"mainEntityOfPage\":{\"@id\":\"https:\/\/dublagembrasileira.com.br\/?p=36002\"},\"wordCount\":558,\"commentCount\":0,\"publisher\":{\"@id\":\"https:\/\/dublagembrasileira.com.br\/#organization\"},\"image\":{\"@id\":\"https:\/\/dublagembrasileira.com.br\/?p=36002#primaryimage\"},\"thumbnailUrl\":\"https:\/\/dublagembrasileira.com.br\/wp-content\/uploads\/2025\/09\/morre-flavio-back-dublador-de-chapolin_4850.jpeg\",\"articleSection\":[\"Vida Real\"],\"inLanguage\":\"pt-BR\",\"potentialAction\":[{\"@type\":\"CommentAction\",\"name\":\"Comment\",\"target\":[\"https:\/\/dublagembrasileira.com.br\/?p=36002#respond\"]}]},{\"@type\":\"WebPage\",\"@id\":\"https:\/\/dublagembrasileira.com.br\/?p=36002\",\"url\":\"https:\/\/dublagembrasileira.com.br\/?p=36002\",\"name\":\"Fl\u00e1vio Back, voz marcante da dublagem brasileira, morre aos 52 anos | DB - Dublagem Brasileira\",\"isPartOf\":{\"@id\":\"https:\/\/dublagembrasileira.com.br\/#website\"},\"primaryImageOfPage\":{\"@id\":\"https:\/\/dublagembrasileira.com.br\/?p=36002#primaryimage\"},\"image\":{\"@id\":\"https:\/\/dublagembrasileira.com.br\/?p=36002#primaryimage\"},\"thumbnailUrl\":\"https:\/\/dublagembrasileira.com.br\/wp-content\/uploads\/2025\/09\/morre-flavio-back-dublador-de-chapolin_4850.jpeg\",\"datePublished\":\"2025-08-26T12:35:13+00:00\",\"dateModified\":\"2025-09-28T13:43:33+00:00\",\"description\":\"Fl\u00e1vio Back, dublador de Quico, Boyle e Gendry, falece aos 52 anos. Seu legado na dublagem brasileira permanece vivo em cada personagem\",\"breadcrumb\":{\"@id\":\"https:\/\/dublagembrasileira.com.br\/?p=36002#breadcrumb\"},\"inLanguage\":\"pt-BR\",\"potentialAction\":[{\"@type\":\"ReadAction\",\"target\":[\"https:\/\/dublagembrasileira.com.br\/?p=36002\"]}]},{\"@type\":\"ImageObject\",\"inLanguage\":\"pt-BR\",\"@id\":\"https:\/\/dublagembrasileira.com.br\/?p=36002#primaryimage\",\"url\":\"https:\/\/dublagembrasileira.com.br\/wp-content\/uploads\/2025\/09\/morre-flavio-back-dublador-de-chapolin_4850.jpeg\",\"contentUrl\":\"https:\/\/dublagembrasileira.com.br\/wp-content\/uploads\/2025\/09\/morre-flavio-back-dublador-de-chapolin_4850.jpeg\",\"width\":1280,\"height\":720},{\"@type\":\"BreadcrumbList\",\"@id\":\"https:\/\/dublagembrasileira.com.br\/?p=36002#breadcrumb\",\"itemListElement\":[{\"@type\":\"ListItem\",\"position\":1,\"name\":\"In\u00edcio\",\"item\":\"https:\/\/dublagembrasileira.com.br\/\"},{\"@type\":\"ListItem\",\"position\":2,\"name\":\"Fl\u00e1vio Back, voz marcante da dublagem brasileira, morre aos 52 anos\"}]},{\"@type\":\"WebSite\",\"@id\":\"https:\/\/dublagembrasileira.com.br\/#website\",\"url\":\"https:\/\/dublagembrasileira.com.br\/\",\"name\":\"DB - Dublagem Brasileira\",\"description\":\"O seu portal de dublagem.\",\"publisher\":{\"@id\":\"https:\/\/dublagembrasileira.com.br\/#organization\"},\"potentialAction\":[{\"@type\":\"SearchAction\",\"target\":{\"@type\":\"EntryPoint\",\"urlTemplate\":\"https:\/\/dublagembrasileira.com.br\/?s={search_term_string}\"},\"query-input\":{\"@type\":\"PropertyValueSpecification\",\"valueRequired\":true,\"valueName\":\"search_term_string\"}}],\"inLanguage\":\"pt-BR\"},{\"@type\":\"Organization\",\"@id\":\"https:\/\/dublagembrasileira.com.br\/#organization\",\"name\":\"DB - Dublagem Brasileira\",\"url\":\"https:\/\/dublagembrasileira.com.br\/\",\"logo\":{\"@type\":\"ImageObject\",\"inLanguage\":\"pt-BR\",\"@id\":\"https:\/\/dublagembrasileira.com.br\/#\/schema\/logo\/image\/\",\"url\":\"https:\/\/dublagembrasileira.com.br\/wp-content\/uploads\/2019\/07\/cropped-logotipodb.png\",\"contentUrl\":\"https:\/\/dublagembrasileira.com.br\/wp-content\/uploads\/2019\/07\/cropped-logotipodb.png\",\"width\":946,\"height\":589,\"caption\":\"DB - Dublagem Brasileira\"},\"image\":{\"@id\":\"https:\/\/dublagembrasileira.com.br\/#\/schema\/logo\/image\/\"}},{\"@type\":\"Person\",\"@id\":\"https:\/\/dublagembrasileira.com.br\/#\/schema\/person\/6298fd46a47d1ef447a90b2fc9f2b215\",\"name\":\"Iza\u00edas Correia\",\"image\":{\"@type\":\"ImageObject\",\"inLanguage\":\"pt-BR\",\"@id\":\"https:\/\/dublagembrasileira.com.br\/#\/schema\/person\/image\/\",\"url\":\"http:\/\/dublagembrasileira.com.br\/wp-content\/uploads\/2025\/06\/cropped-izaiascorreia-96x96.jpg\",\"contentUrl\":\"http:\/\/dublagembrasileira.com.br\/wp-content\/uploads\/2025\/06\/cropped-izaiascorreia-96x96.jpg\",\"caption\":\"Iza\u00edas Correia\"},\"description\":\"Professor, roteirista e web-designer, respons\u00e1vel pelo site InfanTv. Tamb\u00e9m \u00e9 pesquisador da dublagem brasileira.\",\"url\":\"https:\/\/dublagembrasileira.com.br\/?author=1\"}]}<\/script>\n<!-- \/ Yoast SEO plugin. -->","yoast_head_json":{"title":"Fl\u00e1vio Back, voz marcante da dublagem brasileira, morre aos 52 anos | DB - Dublagem Brasileira","description":"Fl\u00e1vio Back, dublador de Quico, Boyle e Gendry, falece aos 52 anos. Seu legado na dublagem brasileira permanece vivo em cada personagem","robots":{"index":"index","follow":"follow","max-snippet":"max-snippet:-1","max-image-preview":"max-image-preview:large","max-video-preview":"max-video-preview:-1"},"canonical":"https:\/\/dublagembrasileira.com.br\/?p=36002","og_locale":"pt_BR","og_type":"article","og_title":"Fl\u00e1vio Back, voz marcante da dublagem brasileira, morre aos 52 anos | DB - Dublagem Brasileira","og_description":"Fl\u00e1vio Back, dublador de Quico, Boyle e Gendry, falece aos 52 anos. Seu legado na dublagem brasileira permanece vivo em cada personagem","og_url":"https:\/\/dublagembrasileira.com.br\/?p=36002","og_site_name":"DB - Dublagem Brasileira","article_published_time":"2025-08-26T12:35:13+00:00","article_modified_time":"2025-09-28T13:43:33+00:00","og_image":[{"width":1280,"height":720,"url":"http:\/\/dublagembrasileira.com.br\/wp-content\/uploads\/2025\/09\/morre-flavio-back-dublador-de-chapolin_4850.jpeg","type":"image\/jpeg"}],"author":"Iza\u00edas Correia","twitter_card":"summary_large_image","twitter_misc":{"Escrito por":"Iza\u00edas Correia","Est. tempo de leitura":"3 minutos"},"schema":{"@context":"https:\/\/schema.org","@graph":[{"@type":"Article","@id":"https:\/\/dublagembrasileira.com.br\/?p=36002#article","isPartOf":{"@id":"https:\/\/dublagembrasileira.com.br\/?p=36002"},"author":{"name":"Iza\u00edas Correia","@id":"https:\/\/dublagembrasileira.com.br\/#\/schema\/person\/6298fd46a47d1ef447a90b2fc9f2b215"},"headline":"Fl\u00e1vio Back, voz marcante da dublagem brasileira, morre aos 52 anos","datePublished":"2025-08-26T12:35:13+00:00","dateModified":"2025-09-28T13:43:33+00:00","mainEntityOfPage":{"@id":"https:\/\/dublagembrasileira.com.br\/?p=36002"},"wordCount":558,"commentCount":0,"publisher":{"@id":"https:\/\/dublagembrasileira.com.br\/#organization"},"image":{"@id":"https:\/\/dublagembrasileira.com.br\/?p=36002#primaryimage"},"thumbnailUrl":"https:\/\/dublagembrasileira.com.br\/wp-content\/uploads\/2025\/09\/morre-flavio-back-dublador-de-chapolin_4850.jpeg","articleSection":["Vida Real"],"inLanguage":"pt-BR","potentialAction":[{"@type":"CommentAction","name":"Comment","target":["https:\/\/dublagembrasileira.com.br\/?p=36002#respond"]}]},{"@type":"WebPage","@id":"https:\/\/dublagembrasileira.com.br\/?p=36002","url":"https:\/\/dublagembrasileira.com.br\/?p=36002","name":"Fl\u00e1vio Back, voz marcante da dublagem brasileira, morre aos 52 anos | DB - Dublagem Brasileira","isPartOf":{"@id":"https:\/\/dublagembrasileira.com.br\/#website"},"primaryImageOfPage":{"@id":"https:\/\/dublagembrasileira.com.br\/?p=36002#primaryimage"},"image":{"@id":"https:\/\/dublagembrasileira.com.br\/?p=36002#primaryimage"},"thumbnailUrl":"https:\/\/dublagembrasileira.com.br\/wp-content\/uploads\/2025\/09\/morre-flavio-back-dublador-de-chapolin_4850.jpeg","datePublished":"2025-08-26T12:35:13+00:00","dateModified":"2025-09-28T13:43:33+00:00","description":"Fl\u00e1vio Back, dublador de Quico, Boyle e Gendry, falece aos 52 anos. Seu legado na dublagem brasileira permanece vivo em cada personagem","breadcrumb":{"@id":"https:\/\/dublagembrasileira.com.br\/?p=36002#breadcrumb"},"inLanguage":"pt-BR","potentialAction":[{"@type":"ReadAction","target":["https:\/\/dublagembrasileira.com.br\/?p=36002"]}]},{"@type":"ImageObject","inLanguage":"pt-BR","@id":"https:\/\/dublagembrasileira.com.br\/?p=36002#primaryimage","url":"https:\/\/dublagembrasileira.com.br\/wp-content\/uploads\/2025\/09\/morre-flavio-back-dublador-de-chapolin_4850.jpeg","contentUrl":"https:\/\/dublagembrasileira.com.br\/wp-content\/uploads\/2025\/09\/morre-flavio-back-dublador-de-chapolin_4850.jpeg","width":1280,"height":720},{"@type":"BreadcrumbList","@id":"https:\/\/dublagembrasileira.com.br\/?p=36002#breadcrumb","itemListElement":[{"@type":"ListItem","position":1,"name":"In\u00edcio","item":"https:\/\/dublagembrasileira.com.br\/"},{"@type":"ListItem","position":2,"name":"Fl\u00e1vio Back, voz marcante da dublagem brasileira, morre aos 52 anos"}]},{"@type":"WebSite","@id":"https:\/\/dublagembrasileira.com.br\/#website","url":"https:\/\/dublagembrasileira.com.br\/","name":"DB - Dublagem Brasileira","description":"O seu portal de dublagem.","publisher":{"@id":"https:\/\/dublagembrasileira.com.br\/#organization"},"potentialAction":[{"@type":"SearchAction","target":{"@type":"EntryPoint","urlTemplate":"https:\/\/dublagembrasileira.com.br\/?s={search_term_string}"},"query-input":{"@type":"PropertyValueSpecification","valueRequired":true,"valueName":"search_term_string"}}],"inLanguage":"pt-BR"},{"@type":"Organization","@id":"https:\/\/dublagembrasileira.com.br\/#organization","name":"DB - Dublagem Brasileira","url":"https:\/\/dublagembrasileira.com.br\/","logo":{"@type":"ImageObject","inLanguage":"pt-BR","@id":"https:\/\/dublagembrasileira.com.br\/#\/schema\/logo\/image\/","url":"https:\/\/dublagembrasileira.com.br\/wp-content\/uploads\/2019\/07\/cropped-logotipodb.png","contentUrl":"https:\/\/dublagembrasileira.com.br\/wp-content\/uploads\/2019\/07\/cropped-logotipodb.png","width":946,"height":589,"caption":"DB - Dublagem Brasileira"},"image":{"@id":"https:\/\/dublagembrasileira.com.br\/#\/schema\/logo\/image\/"}},{"@type":"Person","@id":"https:\/\/dublagembrasileira.com.br\/#\/schema\/person\/6298fd46a47d1ef447a90b2fc9f2b215","name":"Iza\u00edas Correia","image":{"@type":"ImageObject","inLanguage":"pt-BR","@id":"https:\/\/dublagembrasileira.com.br\/#\/schema\/person\/image\/","url":"http:\/\/dublagembrasileira.com.br\/wp-content\/uploads\/2025\/06\/cropped-izaiascorreia-96x96.jpg","contentUrl":"http:\/\/dublagembrasileira.com.br\/wp-content\/uploads\/2025\/06\/cropped-izaiascorreia-96x96.jpg","caption":"Iza\u00edas Correia"},"description":"Professor, roteirista e web-designer, respons\u00e1vel pelo site InfanTv. Tamb\u00e9m \u00e9 pesquisador da dublagem brasileira.","url":"https:\/\/dublagembrasileira.com.br\/?author=1"}]}},"rttpg_featured_image_url":{"full":["https:\/\/dublagembrasileira.com.br\/wp-content\/uploads\/2025\/09\/morre-flavio-back-dublador-de-chapolin_4850.jpeg",1280,720,false],"landscape":["https:\/\/dublagembrasileira.com.br\/wp-content\/uploads\/2025\/09\/morre-flavio-back-dublador-de-chapolin_4850.jpeg",1280,720,false],"portraits":["https:\/\/dublagembrasileira.com.br\/wp-content\/uploads\/2025\/09\/morre-flavio-back-dublador-de-chapolin_4850.jpeg",1280,720,false],"thumbnail":["https:\/\/dublagembrasileira.com.br\/wp-content\/uploads\/2025\/09\/morre-flavio-back-dublador-de-chapolin_4850-150x150.jpeg",150,150,true],"medium":["https:\/\/dublagembrasileira.com.br\/wp-content\/uploads\/2025\/09\/morre-flavio-back-dublador-de-chapolin_4850-300x169.jpeg",300,169,true],"large":["https:\/\/dublagembrasileira.com.br\/wp-content\/uploads\/2025\/09\/morre-flavio-back-dublador-de-chapolin_4850-1024x576.jpeg",640,360,true],"1536x1536":["https:\/\/dublagembrasileira.com.br\/wp-content\/uploads\/2025\/09\/morre-flavio-back-dublador-de-chapolin_4850.jpeg",1280,720,false],"2048x2048":["https:\/\/dublagembrasileira.com.br\/wp-content\/uploads\/2025\/09\/morre-flavio-back-dublador-de-chapolin_4850.jpeg",1280,720,false],"eggnews-slider-large":["https:\/\/dublagembrasileira.com.br\/wp-content\/uploads\/2025\/09\/morre-flavio-back-dublador-de-chapolin_4850-1020x720.jpeg",1020,720,true],"eggnews-featured-medium":["https:\/\/dublagembrasileira.com.br\/wp-content\/uploads\/2025\/09\/morre-flavio-back-dublador-de-chapolin_4850-420x307.jpeg",420,307,true],"eggnews-featured-long":["https:\/\/dublagembrasileira.com.br\/wp-content\/uploads\/2025\/09\/morre-flavio-back-dublador-de-chapolin_4850-300x443.jpeg",300,443,true],"eggnews-block-medium":["https:\/\/dublagembrasileira.com.br\/wp-content\/uploads\/2025\/09\/morre-flavio-back-dublador-de-chapolin_4850-464x290.jpeg",464,290,true],"eggnews-carousel-image":["https:\/\/dublagembrasileira.com.br\/wp-content\/uploads\/2025\/09\/morre-flavio-back-dublador-de-chapolin_4850-600x500.jpeg",600,500,true],"eggnews-block-thumb":["https:\/\/dublagembrasileira.com.br\/wp-content\/uploads\/2025\/09\/morre-flavio-back-dublador-de-chapolin_4850-322x230.jpeg",322,230,true],"eggnews-single-large":["https:\/\/dublagembrasileira.com.br\/wp-content\/uploads\/2025\/09\/morre-flavio-back-dublador-de-chapolin_4850-1210x642.jpeg",1210,642,true],"crp_thumbnail":["https:\/\/dublagembrasileira.com.br\/wp-content\/uploads\/2025\/09\/morre-flavio-back-dublador-de-chapolin_4850-150x150.jpeg",150,150,true]},"rttpg_author":{"display_name":"Iza\u00edas Correia","author_link":"https:\/\/dublagembrasileira.com.br\/?author=1"},"rttpg_comment":0,"rttpg_category":"<a href=\"https:\/\/dublagembrasileira.com.br\/?cat=22\" rel=\"category\">Vida Real<\/a>","rttpg_excerpt":"Epis\u00f3dio do Vozes Autorais reuniu especialistas e dubladores para discutir impactos da tecnologia no mercado, sa\u00fade mental dos profissionais e a import\u00e2ncia da representatividade. O mundo da dublagem brasileira perdeu uma de suas vozes mais reconhecidas: Fl\u00e1vio Back faleceu aos 52 anos em 24 de agosto de 2025, no Hospital Casa de Portugal, no Rio&hellip;","_links":{"self":[{"href":"https:\/\/dublagembrasileira.com.br\/index.php?rest_route=\/wp\/v2\/posts\/36002","targetHints":{"allow":["GET"]}}],"collection":[{"href":"https:\/\/dublagembrasileira.com.br\/index.php?rest_route=\/wp\/v2\/posts"}],"about":[{"href":"https:\/\/dublagembrasileira.com.br\/index.php?rest_route=\/wp\/v2\/types\/post"}],"author":[{"embeddable":true,"href":"https:\/\/dublagembrasileira.com.br\/index.php?rest_route=\/wp\/v2\/users\/1"}],"replies":[{"embeddable":true,"href":"https:\/\/dublagembrasileira.com.br\/index.php?rest_route=%2Fwp%2Fv2%2Fcomments&post=36002"}],"version-history":[{"count":1,"href":"https:\/\/dublagembrasileira.com.br\/index.php?rest_route=\/wp\/v2\/posts\/36002\/revisions"}],"predecessor-version":[{"id":36005,"href":"https:\/\/dublagembrasileira.com.br\/index.php?rest_route=\/wp\/v2\/posts\/36002\/revisions\/36005"}],"wp:featuredmedia":[{"embeddable":true,"href":"https:\/\/dublagembrasileira.com.br\/index.php?rest_route=\/wp\/v2\/media\/36004"}],"wp:attachment":[{"href":"https:\/\/dublagembrasileira.com.br\/index.php?rest_route=%2Fwp%2Fv2%2Fmedia&parent=36002"}],"wp:term":[{"taxonomy":"category","embeddable":true,"href":"https:\/\/dublagembrasileira.com.br\/index.php?rest_route=%2Fwp%2Fv2%2Fcategories&post=36002"},{"taxonomy":"post_tag","embeddable":true,"href":"https:\/\/dublagembrasileira.com.br\/index.php?rest_route=%2Fwp%2Fv2%2Ftags&post=36002"}],"curies":[{"name":"wp","href":"https:\/\/api.w.org\/{rel}","templated":true}]}}