{"id":3407,"date":"2022-06-29T20:33:57","date_gmt":"2022-06-29T20:33:57","guid":{"rendered":"http:\/\/dublagembrasileira.com.br\/?p=3407"},"modified":"2025-06-21T12:11:00","modified_gmt":"2025-06-21T12:11:00","slug":"o-genial-andre-filho-a-voz-do-rambo-no-brasil","status":"publish","type":"post","link":"https:\/\/dublagembrasileira.com.br\/?p=3407","title":{"rendered":"Sincronia Perfeita: O genial Andr\u00e9 Filho, a voz do Rambo no Brasil!"},"content":{"rendered":"<h4 style=\"text-align: justify;\"><em>A Rambomania tornou a voz de Andr\u00e9 Filho uma das mais conhecidas na d\u00e9cada de 80.<\/em><\/h4>\n<hr \/>\n<p style=\"text-align: justify;\">No Brasil, o ano de 1988 foi sem d\u00favida o grande momento do her\u00f3i criado por David Morrell e protagonizado nos cinemas por Sylvester Stallone. Rambo tornou-se uma febre, isso porque o terceiro filme da franquia chegava aos cinemas e para aproveitar a onda as emissoras resolveram lan\u00e7ar os dois primeiros longas do her\u00f3i nas telinhas.<\/p>\n<p style=\"text-align: justify;\">Naquela ocasi\u00e3o, o Brasil passava por uma Rambomania n\u00e3o s\u00f3 pelos cartazes do terceiro filme, mas pelo desenho animado em exibi\u00e7\u00e3o dentro da <strong>Sess\u00e3o Aventura<\/strong> na Globo (<strong>A For\u00e7a da Liberdade<\/strong>). Tamb\u00e9m estava no ar, com grande aceita\u00e7\u00e3o do p\u00fablico, o concurso \u201cRambo Brasileiro\u201d promovido pelo programa <strong>Viva a Noite<\/strong>, que tornou-se sucesso garantido.<\/p>\n<p style=\"text-align: justify;\">Mas o fator principal \u00e9 que os dois primeiros filmes j\u00e1 haviam atingido voos muito altos em VHS e cinema, e naquele momento n\u00e3o tinham mais para onde irem, exceto a televis\u00e3o, pois agora a audi\u00eancia queria v\u00ea-los dublados!<\/p>\n<figure id=\"attachment_3408\" aria-describedby=\"caption-attachment-3408\" style=\"width: 704px\" class=\"wp-caption alignnone\"><img fetchpriority=\"high\" decoding=\"async\" class=\"size-full wp-image-3408\" src=\"http:\/\/dublagembrasileira.com.br\/wp-content\/uploads\/2020\/04\/rambo2.jpg\" alt=\"\" width=\"704\" height=\"496\" srcset=\"https:\/\/dublagembrasileira.com.br\/wp-content\/uploads\/2020\/04\/rambo2.jpg 704w, https:\/\/dublagembrasileira.com.br\/wp-content\/uploads\/2020\/04\/rambo2-300x211.jpg 300w\" sizes=\"(max-width: 704px) 100vw, 704px\" \/><figcaption id=\"caption-attachment-3408\" class=\"wp-caption-text\">A vers\u00e3o animada de Rambo, tamb\u00e9m com voz de Andr\u00e9 Filho.<\/figcaption><\/figure>\n<p style=\"text-align: justify;\"><strong>O Desenho Animado.<\/strong><\/p>\n<hr \/>\n<p style=\"text-align: justify;\">Para aproveitar o sucesso do personagem no cinema, n\u00e3o demorou muito para surgir uma vers\u00e3o animada do her\u00f3i. <strong>Rambo e A For\u00e7a da Liberdade<\/strong> utilizava a m\u00fasica tema dos filmes e a caricatura do astro Sylvester Stallone nos tra\u00e7os do protagonista. A produ\u00e7\u00e3o foi das empresas Ruby-Spears Productions e Carolco International N.V. que providenciaram uma anima\u00e7\u00e3o caprichada para a s\u00e9rie, al\u00e9m de roteiros bem elaborados.<\/p>\n<p style=\"text-align: justify;\">No Brasil o desenho estreou no dia 6 de julho de 1987 dentro do <strong>Xou da Xuxa<\/strong>, um dos programas de maior audi\u00eancia no pa\u00eds naquela ocasi\u00e3o e para completar ganhou aquele que era considerado o hor\u00e1rio nobre do programa, o \u00faltimo bloco, que ia ao ar por volta das 11h, momento em que o p\u00fablico aumentava em virtude da chegada de muitas crian\u00e7as da escola.<\/p>\n<p style=\"text-align: justify;\">Antes mesmo da estreia do desenho, Xuxa j\u00e1 tinha lan\u00e7ado no seu LP <strong>Xegundo<\/strong> a faixa &#8220;Rambo&#8221;, composta por Michael Sullivan e Paulo Massadas (\u201cRambo, Rambo, Rambo. O importante da vit\u00f3ria \u00e9 acreditar\u201d), que logo caiu no gosto dos baixinhos.<\/p>\n<figure id=\"attachment_3409\" aria-describedby=\"caption-attachment-3409\" style=\"width: 704px\" class=\"wp-caption alignnone\"><img decoding=\"async\" class=\"wp-image-3409 size-full lazyload\" data-src=\"http:\/\/dublagembrasileira.com.br\/wp-content\/uploads\/2020\/04\/rambo3.jpg\" alt=\"\" width=\"704\" height=\"496\" data-srcset=\"https:\/\/dublagembrasileira.com.br\/wp-content\/uploads\/2020\/04\/rambo3.jpg 704w, https:\/\/dublagembrasileira.com.br\/wp-content\/uploads\/2020\/04\/rambo3-300x211.jpg 300w\" data-sizes=\"(max-width: 704px) 100vw, 704px\" src=\"data:image\/svg+xml;base64,PHN2ZyB3aWR0aD0iMSIgaGVpZ2h0PSIxIiB4bWxucz0iaHR0cDovL3d3dy53My5vcmcvMjAwMC9zdmciPjwvc3ZnPg==\" style=\"--smush-placeholder-width: 704px; --smush-placeholder-aspect-ratio: 704\/496;\" \/><figcaption id=\"caption-attachment-3409\" class=\"wp-caption-text\">Rambo era a carta na manga das emissoras em busca de audi\u00eancia.<\/figcaption><\/figure>\n<h4 style=\"text-align: justify;\">A Guerra das Emissoras.<\/h4>\n<hr \/>\n<p style=\"text-align: justify;\">Em julho de 1988 a TVS come\u00e7ou a colocar no ar aquilo que muitos f\u00e3s do cinema de a\u00e7\u00e3o esperavam, os comerciais que anunciavam a estreia de Rambo na televis\u00e3o. <strong>Rambo \u2013 Programado Para Matar,<\/strong> inicialmente foi esperado para o dia 17 de agosto daquele ano, sendo escolhido para inaugurar a faixa de filmes <strong>Cinema em Casa<\/strong> que ocuparia espa\u00e7o na programa\u00e7\u00e3o da emissora, a partir dali, toda quarta-feira. O comercial anunciava como muita pompa e usando o slogan caracter\u00edstico do canal: \u201cpela primeira vez na televis\u00e3o!\u201d.<\/p>\n<p style=\"text-align: justify;\">Mas, bastou a TVS agendar a exibi\u00e7\u00e3o do filme, para que a Globo desse f\u00e9rias \u00e0 miniss\u00e9rie <strong>Primo Bas\u00edlio<\/strong>, colocasse o <strong>Chico Anysio Show<\/strong> para o dia seguinte e convocasse <strong>Rambo II<\/strong> com a miss\u00e3o de combater a emissora de S\u00edlvio Santos. Temendo perder a audi\u00eancia para o SBT o canal de Roberto Marinho anunciou a exibi\u00e7\u00e3o do filme exatamente para o mesmo dia que a concorrente. &#8220;Rambo II \u00e9 mais forte e deu mais bilheteria. Por que n\u00e3o dar ao espectador a oportunidade para escolher o melhor? Resolvemos lan\u00e7ar nosso produto para a exibi\u00e7\u00e3o no mesmo hor\u00e1rio do <strong>Rambo I<\/strong> e deixar que o p\u00fablico escolhesse qual assistir. O primeiro \u00e9 um Rambo velho, da \u00e9poca em que o her\u00f3i n\u00e3o era t\u00e3o musculoso ou famoso. Eu nunca tive d\u00favidas de que o segundo filme da s\u00e9rie \u00e9 muito melhor que o primeiro&#8221;, disse na \u00e9poca o ent\u00e3o diretor de programa\u00e7\u00e3o da Globo Roberto Buzzoni.<\/p>\n<p style=\"text-align: justify;\">J\u00e1 Luciano Calegari, superintendente da TVS declarou na ocasi\u00e3o: \u201cQuando a Globo resolveu jogar o Rambo deles contra o nosso, achamos que seria uma estupidez privar o telespectador de ver o filme original da s\u00e9rie, chutar 200 milh\u00f5es de d\u00f3lares. Agora, chegamos \u00e0 conclus\u00e3o de que sexta \u00e9 um dia melhor para os longas, d\u00e1 mais liberdade ao p\u00fablico, porque j\u00e1 est\u00e1 comprovado nos \u00edndices de audi\u00eancia que ela cai sensivelmente ap\u00f3s \u00e0s 22 horas\u201d. Assim,\u00a0 a TVS n\u00e3o desistiu facilmente da briga.<\/p>\n<p style=\"text-align: justify;\">Como S\u00edlvio Santos nunca ligou em mexer na programa\u00e7\u00e3o, Calegari agendou a exibi\u00e7\u00e3o de <strong>Rambo I<\/strong> para o dia 26 e a Globo que tem uma pol\u00edtica mais severa de mudar o que j\u00e1 est\u00e1 anunciado, apresentou mesmo o segundo filme no dia 17 de agosto de 1988 sem o SBT como rival. Quem ligou na TVS na hora do filme, viu uma mensagem bem-humorada: &#8220;Quem procura acha o Rambo na Globo&#8221;, brincando com seu pr\u00f3prio slogan na \u00e9poca (Quem Procura Acha Aqui), e no lugar do filme, o canal colocou no ar uma reprise do sertanejo <strong>Musicamp<\/strong>. A Globo atingiu naquela noite um incide de 77% de audi\u00eancia, com 4,6 milh\u00f5es de expectadores, no Rio de Janeiro, e no mesmo hor\u00e1rio o SBT ficou com 5%.<\/p>\n<p style=\"text-align: justify;\">A emissora do BA\u00da exibiu mesmo no dia 26 o primeiro filme, mas a fim de prejudicar a audi\u00eancia da concorrente, a Globo levou ao ar um cap\u00edtulo duplo da telenovela <strong>Vale Tudo<\/strong>, terminando a atra\u00e7\u00e3o apenas \u00e0s 22h15. S\u00edlvio Santos n\u00e3o queria perder audi\u00eancia e por essa raz\u00e3o esperou a novela acabar na Rede Globo e sem cerim\u00f4nia colocou uma imagem parada do Boina Verde e a seguinte legenda: \u201cN\u00e3o se preocupe, quando terminar a novela da Globo voc\u00ea vai ver: Rambo\u201d e com o tema do filme composto por Jerry Goldsmith de fundo. O letreiro ficou cerca de 50 minutos parado da telinha.<\/p>\n<p style=\"text-align: justify;\">Ent\u00e3o, quando finalmente o SBT levou seu filme ao ar, foi um massacre na emissora de Roberto Marinho. Em S\u00e3o Paulo, \u00e0s 22h15, a Globo tinha 37%, e o SBT j\u00e1 estava com 32%; \u00e0s 22h30, vit\u00f3ria do SBT por 45% a 23%, mantendo a lideran\u00e7a at\u00e9 o final, cujo placar foi de 48% a 17%. No Rio, a Globo estava com 30% \u00e0s 22h15, quando o SBT j\u00e1 marcava 38%. \u00c0s 23h15, o SBT goleava por 47%, enquanto a Globo tinha apenas 12%.<\/p>\n<figure id=\"attachment_3410\" aria-describedby=\"caption-attachment-3410\" style=\"width: 704px\" class=\"wp-caption alignnone\"><img decoding=\"async\" class=\"wp-image-3410 size-full lazyload\" data-src=\"http:\/\/dublagembrasileira.com.br\/wp-content\/uploads\/2020\/04\/rambo4.jpg\" alt=\"\" width=\"704\" height=\"496\" data-srcset=\"https:\/\/dublagembrasileira.com.br\/wp-content\/uploads\/2020\/04\/rambo4.jpg 704w, https:\/\/dublagembrasileira.com.br\/wp-content\/uploads\/2020\/04\/rambo4-300x211.jpg 300w\" data-sizes=\"(max-width: 704px) 100vw, 704px\" src=\"data:image\/svg+xml;base64,PHN2ZyB3aWR0aD0iMSIgaGVpZ2h0PSIxIiB4bWxucz0iaHR0cDovL3d3dy53My5vcmcvMjAwMC9zdmciPjwvc3ZnPg==\" style=\"--smush-placeholder-width: 704px; --smush-placeholder-aspect-ratio: 704\/496;\" \/><figcaption id=\"caption-attachment-3410\" class=\"wp-caption-text\">Andr\u00e9 Filho, imortalizou o personagem Rambo no Brasil com sua voz marcante.<\/figcaption><\/figure>\n<h4 style=\"text-align: justify;\">Andr\u00e9 Filho a voz do Stallone, a voz do Rambo no Brasil.<\/h4>\n<hr \/>\n<p style=\"text-align: justify;\">No meio de toda essa guerra pela audi\u00eancia um est\u00fadio se encontrava \u00e0 margem da situa\u00e7\u00e3o, mas teria um papel preponderante para ambos os lados, a Herbert Richers. Foi pra l\u00e1 que a distribuidora enviou os dois longas e o desenho animado para que recebessem o processo de dublagem.<\/p>\n<p style=\"text-align: justify;\">O desenho animado foi o primeiro a ser dublado. O trabalho para sua vers\u00e3o brasileira come\u00e7ou em novembro de 1986 e teve a dire\u00e7\u00e3o do conceituado Jos\u00e9 Santana que n\u00e3o pensou duas vezes em escalar Andr\u00e9 Filho como o her\u00f3i, uma vez que ele era a voz do Stallone no Brasil desde que assumiu a dublagem de Rocky Balboa.<\/p>\n<p style=\"text-align: justify;\">Ao lado de Andr\u00e9 um elenco rechedo de talentos ajudava a compor a vers\u00e3o em nosso idioma para o desenho. Garcia J\u00fanior fazia o Turbo, Carmen Sheila dava voz a K.A.T. e Leonel Abrantes dublava o Coronel Trautman. O time de vozes dos malfeitores tamb\u00e9m era de arrepiar, com Amaury Costa fazendo o General Warhawk, Andr\u00e9 Luiz \u201cChap\u00e9u\u201d como Sargento Havoc, Silvio Navas era o Grifo, Ionei Silva o Mad Dog, entre outros grandes nomes da Herbert na \u00e9poca.<\/p>\n<p style=\"text-align: justify;\">Em junho de 1987 chegou \u00e0 Herbert Richers o primeiro filme da franquia para ser dublado por encomenda da TVS. E mais uma vez Andr\u00e9 Filho nos presenteia com um show de interpreta\u00e7\u00e3o. Ele faz um Rambo bonach\u00e3o, levemente sonolento e de voz tranquila, bem diferente do desenho. Mas quando chega ao seu auge de agressividade transforma totalmente sua forma de falar. A interpreta\u00e7\u00e3o de Andr\u00e9 d\u00e1 bem mais que m\u00fasculos ao her\u00f3i, d\u00e1 uma personalidade forte e marcante.<\/p>\n<p style=\"text-align: justify;\">A dublagem de Andr\u00e9 Filho chega ao seu \u00e1pice na cena final em que ele come\u00e7a um discurso agitado com o Coronel Trautman mas depois de um desabafo num tom alto, acaba desabando num choro. Ali fica evidente que tudo que se fala at\u00e9 hoje sobre o artista que Andr\u00e9 foi n\u00e3o \u00e9 fic\u00e7\u00e3o.<\/p>\n<p style=\"text-align: justify;\">A dublagem do segundo filme veio logo em seguida, agora por encomenda da Rede Globo e Andr\u00e9 permaneceu dando ao her\u00f3i uma personalidade \u00fanica.<\/p>\n<p>&nbsp;<\/p>\n<p style=\"text-align: justify;\"><strong>A imortal voz de Andr\u00e9 Filho.<\/strong><\/p>\n<hr \/>\n<p style=\"text-align: justify;\">A palavra genial ganha tons real\u00e7ados quando nos referimos a algu\u00e9m que apresenta essa caracter\u00edstica no setor profissional ou art\u00edstico, mas quando consegue ser de not\u00e1vel genialidade fazendo as duas coisas, \u00e9 inevit\u00e1vel que ganhe um espa\u00e7o especial no cora\u00e7\u00e3o daqueles que admiram sua arte e dos colegas de trabalho.<\/p>\n<p style=\"text-align: justify;\">Assim era Andr\u00e9 Filho, um dublador detentor de uma grandeza na interpreta\u00e7\u00e3o que ultrapassou gera\u00e7\u00f5es e inspira at\u00e9 hoje o mercado em que atuou. Sim, era mais do que talento, ele era extraordin\u00e1rio no que fazia e cada loop gravado ficava pronto com uma perfei\u00e7\u00e3o de sincronismo e interpreta\u00e7\u00e3o inigual\u00e1veis.<\/p>\n<p style=\"text-align: justify;\">Carmen Sheila, dividiu a bancada v\u00e1rias vezes com ele, em especial, vale lembrar do longa <strong>Rocky \u2013 Um Lutador<\/strong> (Rocky e Adrian) e do desenho <strong>Rambo<\/strong> onde ela faz a K.A.T. Taylor. Sheila comenta: \u201c\u00c9 dif\u00edcil chegar um novo dublador e igualar a sua arte, embora hoje n\u00f3s tenhamos grandes dubladores, mas o Andr\u00e9 inspirava emo\u00e7\u00e3o. Ele abra\u00e7ava o personagem de uma forma maravilhosa!\u201d<\/p>\n<p style=\"text-align: justify;\">Para os mais jovens dubladores que escutam falar das suas fa\u00e7anhas dentro de um est\u00fadio, Andr\u00e9 \u00e9 um ser quase mitol\u00f3gico, cujo inalcan\u00e7\u00e1vel dom o transforma na figura que para muitos \u00e9 o nome maior da dublagem brasileira. Na concep\u00e7\u00e3o de in\u00fameros f\u00e3s e profissionais de dublagem, Andr\u00e9 est\u00e1 para dublagem como Pel\u00e9 est\u00e1 para o futebol.<\/p>\n<p style=\"text-align: justify;\">Sum\u00e1ra Louise recorda: \u201cAndr\u00e9 Filho \u00e9 indescrit\u00edvel! Como descrever sua capacidade de adequar a voz? Sua acuidade para o sincronismo? Seu conhecimento do idioma, para transformar um texto? Tarefa dif\u00edcil falar de Andr\u00e9 Filho&#8230; alegre, mordaz, humor especial\u00edssimo, linda voz, moldaram o maior dublador de todos os tempos! Sou grata por ter dividido a bancada por tantas vezes e ter partilhado sua amizade, o que foi inestim\u00e1vel!\u201d<\/p>\n<p style=\"text-align: justify;\">Foi uma figura extremamente irreverente e muito bem quista na \u00e1rea da dublagem. Sua vaidade em rela\u00e7\u00e3o ao pr\u00f3prio valor era intensa, sabia que era bom, mas isso n\u00e3o o impedia de se cobrar muito quando estava dublando, afinal ele tinha a consci\u00eancia que poderia fazer sempre melhor.<\/p>\n<p style=\"text-align: justify;\">Andr\u00e9 Pereira dos Santos Filho nasceu na Tijuca, Rio de Janeiro,\u00a0 em 21 de dezembro de 1946 e logo cedo interessou-se pelo r\u00e1dio, descobrindo-se com a dic\u00e7\u00e3o certa pra atuar na \u00e1rea. Come\u00e7ou como locutor aos 16 anos de idade e foi levado ao teatro onde come\u00e7ou suas primeiras li\u00e7\u00f5es nas artes c\u00eanicas.<\/p>\n<p style=\"text-align: justify;\">Depois de passar pelo r\u00e1dio come\u00e7ou a fazer dublagem de filmes, s\u00e9ries e desenhos animados. Trabalhou nos est\u00fadios da BKS, Herbert Richers, VTI, Telecine e Peri Filmes. Foi locutor e apresentador de programa radiof\u00f4nico na Imprensa FM do Rio de Janeiro at\u00e9 o in\u00edcio dos anos 90. Andr\u00e9 era homossexual.<\/p>\n<p style=\"text-align: justify;\">Por muitos anos foi o \u00fanico dublador premiado no Brasil, tendo recebido o Trof\u00e9u Aplauso e, do Aerton Perlingeiro o Trof\u00e9u Nota 10. Apesar de n\u00e3o fumar, n\u00e3o beber gelado, consumir bebida alc\u00f3olica comedidamente, resolveu colocar sua voz no seguro. O escrit\u00f3rio respons\u00e1vel pelo seguro foi o Sandoval Alecrim, um dos maiores corretores independentes da \u00e9poca.<\/p>\n<p style=\"text-align: justify;\">Al\u00e9m de Stallone, o dublador ficou marcado por emprestar a voz aos atores Burt Reynolds, Sean Connery e Steve Martin, al\u00e9m dos personagens O Homem de 6 Milh\u00f5es de D\u00f3lares, Kwai Chang Caine (<strong>Kung Fu<\/strong>), Jonathan Hart (<strong>Casal 20<\/strong>), Vincent (<strong>A Bela e a Fera<\/strong>), Sebasti\u00e3o (<strong>A Pequena Sereia<\/strong>), Corredor X (<strong>Speed Racer<\/strong>), entre outros.<\/p>\n<p style=\"text-align: justify;\">Faleceu em 1997, com 50 anos completos, v\u00edtima de complica\u00e7\u00f5es de sa\u00fade relacionadas \u00e0 AIDS. Apesar da morte, deixou um legado de fabulosas dublagens que sobrevivem na mem\u00f3ria de muitos e Rambo foi um deles!<\/p>\n","protected":false},"excerpt":{"rendered":"<p>A Rambomania tornou a voz de Andr\u00e9 Filho uma das mais conhecidas na d\u00e9cada de 80. No Brasil, o ano de 1988 foi sem d\u00favida o grande momento do her\u00f3i criado por David Morrell e protagonizado nos cinemas por Sylvester Stallone. Rambo tornou-se uma febre, isso porque o terceiro filme da franquia chegava aos cinemas e para aproveitar a onda as emissoras resolveram lan\u00e7ar os dois primeiros longas do her\u00f3i nas telinhas. Naquela ocasi\u00e3o, o Brasil passava por uma Rambomania n\u00e3o s\u00f3 pelos cartazes do terceiro filme, mas pelo desenho animado em exibi\u00e7\u00e3o dentro da Sess\u00e3o Aventura na Globo (A For\u00e7a da Liberdade). Tamb\u00e9m estava no ar, com grande aceita\u00e7\u00e3o do p\u00fablico, o concurso \u201cRambo Brasileiro\u201d promovido pelo programa Viva a Noite, que tornou-se sucesso garantido. Mas o fator principal \u00e9 que os dois primeiros filmes j\u00e1 haviam atingido voos muito altos em VHS e cinema, e naquele momento n\u00e3o tinham mais para onde irem, exceto a televis\u00e3o, pois agora a audi\u00eancia queria v\u00ea-los dublados! O Desenho Animado. Para aproveitar o sucesso do personagem no cinema, n\u00e3o demorou muito para surgir uma vers\u00e3o animada do her\u00f3i. Rambo e A For\u00e7a da Liberdade utilizava a m\u00fasica tema dos filmes e a caricatura do astro Sylvester Stallone nos tra\u00e7os do protagonista. A produ\u00e7\u00e3o foi das empresas Ruby-Spears Productions e Carolco International N.V. que providenciaram uma anima\u00e7\u00e3o caprichada para a s\u00e9rie, al\u00e9m de roteiros bem elaborados. No Brasil o desenho estreou no dia 6 de julho de 1987 dentro do Xou da Xuxa, um dos programas de maior audi\u00eancia no pa\u00eds naquela ocasi\u00e3o e para completar ganhou aquele que era considerado o hor\u00e1rio nobre do programa, o \u00faltimo bloco, que ia ao ar por volta das 11h, momento em que o p\u00fablico aumentava em virtude da chegada de muitas crian\u00e7as da escola. Antes mesmo da estreia do desenho, Xuxa j\u00e1 tinha lan\u00e7ado no seu LP Xegundo a faixa &#8220;Rambo&#8221;, composta por Michael Sullivan e Paulo Massadas (\u201cRambo, Rambo, Rambo. O importante da vit\u00f3ria \u00e9 acreditar\u201d), que logo caiu no gosto dos baixinhos. A Guerra das Emissoras. Em julho de 1988 a TVS come\u00e7ou a colocar no ar aquilo que muitos f\u00e3s do cinema de a\u00e7\u00e3o esperavam, os comerciais que anunciavam a estreia de Rambo na televis\u00e3o. Rambo \u2013 Programado Para Matar, inicialmente foi esperado para o dia 17 de agosto daquele ano, sendo escolhido para inaugurar a faixa de filmes Cinema em Casa que ocuparia espa\u00e7o na programa\u00e7\u00e3o da emissora, a partir dali, toda quarta-feira. O comercial anunciava como muita pompa e usando o slogan caracter\u00edstico do canal: \u201cpela primeira vez na televis\u00e3o!\u201d. Mas, bastou a TVS agendar a exibi\u00e7\u00e3o do filme, para que a Globo desse f\u00e9rias \u00e0 miniss\u00e9rie Primo Bas\u00edlio, colocasse o Chico Anysio Show para o dia seguinte e convocasse Rambo II com a miss\u00e3o de combater a emissora de S\u00edlvio Santos. Temendo perder a audi\u00eancia para o SBT o canal de Roberto Marinho anunciou a exibi\u00e7\u00e3o do filme exatamente para o mesmo dia que a concorrente. &#8220;Rambo II \u00e9 mais forte e deu mais bilheteria. Por que n\u00e3o dar ao espectador a oportunidade para escolher o melhor? Resolvemos lan\u00e7ar nosso produto para a exibi\u00e7\u00e3o no mesmo hor\u00e1rio do Rambo I e deixar que o p\u00fablico escolhesse qual assistir. O primeiro \u00e9 um Rambo velho, da \u00e9poca em que o her\u00f3i n\u00e3o era t\u00e3o musculoso ou famoso. Eu nunca tive d\u00favidas de que o segundo filme da s\u00e9rie \u00e9 muito melhor que o primeiro&#8221;, disse na \u00e9poca o ent\u00e3o diretor de programa\u00e7\u00e3o da Globo Roberto Buzzoni. J\u00e1 Luciano Calegari, superintendente da TVS declarou na ocasi\u00e3o: \u201cQuando a Globo resolveu jogar o Rambo deles contra o nosso, achamos que seria uma estupidez privar o telespectador de ver o filme original da s\u00e9rie, chutar 200 milh\u00f5es de d\u00f3lares. Agora, chegamos \u00e0 conclus\u00e3o de que sexta \u00e9 um dia melhor para os longas, d\u00e1 mais liberdade ao p\u00fablico, porque j\u00e1 est\u00e1 comprovado nos \u00edndices de audi\u00eancia que ela cai sensivelmente ap\u00f3s \u00e0s 22 horas\u201d. Assim,\u00a0 a TVS n\u00e3o desistiu facilmente da briga. Como S\u00edlvio Santos nunca ligou em mexer na programa\u00e7\u00e3o, Calegari agendou a exibi\u00e7\u00e3o de Rambo I para o dia 26 e a Globo que tem uma pol\u00edtica mais severa de mudar o que j\u00e1 est\u00e1 anunciado, apresentou mesmo o segundo filme no dia 17 de agosto de 1988 sem o SBT como rival. Quem ligou na TVS na hora do filme, viu uma mensagem bem-humorada: &#8220;Quem procura acha o Rambo na Globo&#8221;, brincando com seu pr\u00f3prio slogan na \u00e9poca (Quem Procura Acha Aqui), e no lugar do filme, o canal colocou no ar uma reprise do sertanejo Musicamp. A Globo atingiu naquela noite um incide de 77% de audi\u00eancia, com 4,6 milh\u00f5es de expectadores, no Rio de Janeiro, e no mesmo hor\u00e1rio o SBT ficou com 5%. A emissora do BA\u00da exibiu mesmo no dia 26 o primeiro filme, mas a fim de prejudicar a audi\u00eancia da concorrente, a Globo levou ao ar um cap\u00edtulo duplo da telenovela Vale Tudo, terminando a atra\u00e7\u00e3o apenas \u00e0s 22h15. S\u00edlvio Santos n\u00e3o queria perder audi\u00eancia e por essa raz\u00e3o esperou a novela acabar na Rede Globo e sem cerim\u00f4nia colocou uma imagem parada do Boina Verde e a seguinte legenda: \u201cN\u00e3o se preocupe, quando terminar a novela da Globo voc\u00ea vai ver: Rambo\u201d e com o tema do filme composto por Jerry Goldsmith de fundo. O letreiro ficou cerca de 50 minutos parado da telinha. Ent\u00e3o, quando finalmente o SBT levou seu filme ao ar, foi um massacre na emissora de Roberto Marinho. Em S\u00e3o Paulo, \u00e0s 22h15, a Globo tinha 37%, e o SBT j\u00e1 estava com 32%; \u00e0s 22h30, vit\u00f3ria do SBT por 45% a 23%, mantendo a lideran\u00e7a at\u00e9 o final, cujo placar foi de 48% a 17%. No Rio, a Globo estava com 30% \u00e0s 22h15, quando o SBT j\u00e1 marcava 38%. \u00c0s 23h15, o SBT goleava por 47%, enquanto a Globo tinha apenas 12%. Andr\u00e9 Filho a voz do Stallone, a voz do Rambo no Brasil. No meio<\/p>\n","protected":false},"author":1,"featured_media":3411,"comment_status":"open","ping_status":"open","sticky":false,"template":"","format":"standard","meta":{"_monsterinsights_skip_tracking":false,"_monsterinsights_sitenote_active":false,"_monsterinsights_sitenote_note":"","_monsterinsights_sitenote_category":0,"footnotes":""},"categories":[15,265],"tags":[184,38,33,185,37],"class_list":["post-3407","post","type-post","status-publish","format-standard","has-post-thumbnail","hentry","category-materias","category-sincronia-perfeita","tag-andre-filho","tag-cinema","tag-dublador","tag-rambo","tag-televisao"],"yoast_head":"<!-- This site is optimized with the Yoast SEO plugin v26.1.1 - https:\/\/yoast.com\/wordpress\/plugins\/seo\/ -->\n<title>Sincronia Perfeita: O genial Andr\u00e9 Filho, a voz do Rambo no Brasil! | DB - Dublagem Brasileira<\/title>\n<meta name=\"description\" content=\"A Rambomania tornou a voz de Andr\u00e9 Filho numa das mais conhecidas na \u00e9poca.\" \/>\n<meta name=\"robots\" content=\"index, follow, max-snippet:-1, max-image-preview:large, max-video-preview:-1\" \/>\n<link rel=\"canonical\" href=\"https:\/\/dublagembrasileira.com.br\/?p=3407\" \/>\n<meta property=\"og:locale\" content=\"pt_BR\" \/>\n<meta property=\"og:type\" content=\"article\" \/>\n<meta property=\"og:title\" content=\"Sincronia Perfeita: O genial Andr\u00e9 Filho, a voz do Rambo no Brasil! | DB - Dublagem Brasileira\" \/>\n<meta property=\"og:description\" content=\"A Rambomania tornou a voz de Andr\u00e9 Filho numa das mais conhecidas na \u00e9poca.\" \/>\n<meta property=\"og:url\" content=\"https:\/\/dublagembrasileira.com.br\/?p=3407\" \/>\n<meta property=\"og:site_name\" content=\"DB - Dublagem Brasileira\" \/>\n<meta property=\"article:published_time\" content=\"2022-06-29T20:33:57+00:00\" \/>\n<meta property=\"article:modified_time\" content=\"2025-06-21T12:11:00+00:00\" \/>\n<meta property=\"og:image\" content=\"http:\/\/dublagembrasileira.com.br\/wp-content\/uploads\/2020\/04\/andre_filho1.jpg\" \/>\n\t<meta property=\"og:image:width\" content=\"704\" \/>\n\t<meta property=\"og:image:height\" content=\"496\" \/>\n\t<meta property=\"og:image:type\" content=\"image\/jpeg\" \/>\n<meta name=\"author\" content=\"Iza\u00edas Correia\" \/>\n<meta name=\"twitter:card\" content=\"summary_large_image\" \/>\n<meta name=\"twitter:label1\" content=\"Escrito por\" \/>\n\t<meta name=\"twitter:data1\" content=\"Iza\u00edas Correia\" \/>\n\t<meta name=\"twitter:label2\" content=\"Est. tempo de leitura\" \/>\n\t<meta name=\"twitter:data2\" content=\"12 minutos\" \/>\n<script type=\"application\/ld+json\" class=\"yoast-schema-graph\">{\"@context\":\"https:\/\/schema.org\",\"@graph\":[{\"@type\":\"Article\",\"@id\":\"https:\/\/dublagembrasileira.com.br\/?p=3407#article\",\"isPartOf\":{\"@id\":\"https:\/\/dublagembrasileira.com.br\/?p=3407\"},\"author\":{\"name\":\"Iza\u00edas Correia\",\"@id\":\"https:\/\/dublagembrasileira.com.br\/#\/schema\/person\/6298fd46a47d1ef447a90b2fc9f2b215\"},\"headline\":\"Sincronia Perfeita: O genial Andr\u00e9 Filho, a voz do Rambo no Brasil!\",\"datePublished\":\"2022-06-29T20:33:57+00:00\",\"dateModified\":\"2025-06-21T12:11:00+00:00\",\"mainEntityOfPage\":{\"@id\":\"https:\/\/dublagembrasileira.com.br\/?p=3407\"},\"wordCount\":2130,\"commentCount\":1,\"publisher\":{\"@id\":\"https:\/\/dublagembrasileira.com.br\/#organization\"},\"image\":{\"@id\":\"https:\/\/dublagembrasileira.com.br\/?p=3407#primaryimage\"},\"thumbnailUrl\":\"https:\/\/dublagembrasileira.com.br\/wp-content\/uploads\/2020\/04\/andre_filho1.jpg\",\"keywords\":[\"Andr\u00e9 Filho\",\"cinema\",\"dublador\",\"Rambo\",\"televis\u00e3o\"],\"articleSection\":[\"Mat\u00e9rias\",\"Sincronia Perfeita\"],\"inLanguage\":\"pt-BR\",\"potentialAction\":[{\"@type\":\"CommentAction\",\"name\":\"Comment\",\"target\":[\"https:\/\/dublagembrasileira.com.br\/?p=3407#respond\"]}]},{\"@type\":\"WebPage\",\"@id\":\"https:\/\/dublagembrasileira.com.br\/?p=3407\",\"url\":\"https:\/\/dublagembrasileira.com.br\/?p=3407\",\"name\":\"Sincronia Perfeita: O genial Andr\u00e9 Filho, a voz do Rambo no Brasil! | DB - Dublagem Brasileira\",\"isPartOf\":{\"@id\":\"https:\/\/dublagembrasileira.com.br\/#website\"},\"primaryImageOfPage\":{\"@id\":\"https:\/\/dublagembrasileira.com.br\/?p=3407#primaryimage\"},\"image\":{\"@id\":\"https:\/\/dublagembrasileira.com.br\/?p=3407#primaryimage\"},\"thumbnailUrl\":\"https:\/\/dublagembrasileira.com.br\/wp-content\/uploads\/2020\/04\/andre_filho1.jpg\",\"datePublished\":\"2022-06-29T20:33:57+00:00\",\"dateModified\":\"2025-06-21T12:11:00+00:00\",\"description\":\"A Rambomania tornou a voz de Andr\u00e9 Filho numa das mais conhecidas na \u00e9poca.\",\"breadcrumb\":{\"@id\":\"https:\/\/dublagembrasileira.com.br\/?p=3407#breadcrumb\"},\"inLanguage\":\"pt-BR\",\"potentialAction\":[{\"@type\":\"ReadAction\",\"target\":[\"https:\/\/dublagembrasileira.com.br\/?p=3407\"]}]},{\"@type\":\"ImageObject\",\"inLanguage\":\"pt-BR\",\"@id\":\"https:\/\/dublagembrasileira.com.br\/?p=3407#primaryimage\",\"url\":\"https:\/\/dublagembrasileira.com.br\/wp-content\/uploads\/2020\/04\/andre_filho1.jpg\",\"contentUrl\":\"https:\/\/dublagembrasileira.com.br\/wp-content\/uploads\/2020\/04\/andre_filho1.jpg\",\"width\":704,\"height\":496},{\"@type\":\"BreadcrumbList\",\"@id\":\"https:\/\/dublagembrasileira.com.br\/?p=3407#breadcrumb\",\"itemListElement\":[{\"@type\":\"ListItem\",\"position\":1,\"name\":\"In\u00edcio\",\"item\":\"https:\/\/dublagembrasileira.com.br\/\"},{\"@type\":\"ListItem\",\"position\":2,\"name\":\"Sincronia Perfeita: O genial Andr\u00e9 Filho, a voz do Rambo no Brasil!\"}]},{\"@type\":\"WebSite\",\"@id\":\"https:\/\/dublagembrasileira.com.br\/#website\",\"url\":\"https:\/\/dublagembrasileira.com.br\/\",\"name\":\"DB - Dublagem Brasileira\",\"description\":\"O seu portal de dublagem.\",\"publisher\":{\"@id\":\"https:\/\/dublagembrasileira.com.br\/#organization\"},\"potentialAction\":[{\"@type\":\"SearchAction\",\"target\":{\"@type\":\"EntryPoint\",\"urlTemplate\":\"https:\/\/dublagembrasileira.com.br\/?s={search_term_string}\"},\"query-input\":{\"@type\":\"PropertyValueSpecification\",\"valueRequired\":true,\"valueName\":\"search_term_string\"}}],\"inLanguage\":\"pt-BR\"},{\"@type\":\"Organization\",\"@id\":\"https:\/\/dublagembrasileira.com.br\/#organization\",\"name\":\"DB - Dublagem Brasileira\",\"url\":\"https:\/\/dublagembrasileira.com.br\/\",\"logo\":{\"@type\":\"ImageObject\",\"inLanguage\":\"pt-BR\",\"@id\":\"https:\/\/dublagembrasileira.com.br\/#\/schema\/logo\/image\/\",\"url\":\"https:\/\/dublagembrasileira.com.br\/wp-content\/uploads\/2019\/07\/cropped-logotipodb.png\",\"contentUrl\":\"https:\/\/dublagembrasileira.com.br\/wp-content\/uploads\/2019\/07\/cropped-logotipodb.png\",\"width\":946,\"height\":589,\"caption\":\"DB - Dublagem Brasileira\"},\"image\":{\"@id\":\"https:\/\/dublagembrasileira.com.br\/#\/schema\/logo\/image\/\"}},{\"@type\":\"Person\",\"@id\":\"https:\/\/dublagembrasileira.com.br\/#\/schema\/person\/6298fd46a47d1ef447a90b2fc9f2b215\",\"name\":\"Iza\u00edas Correia\",\"image\":{\"@type\":\"ImageObject\",\"inLanguage\":\"pt-BR\",\"@id\":\"https:\/\/dublagembrasileira.com.br\/#\/schema\/person\/image\/\",\"url\":\"http:\/\/dublagembrasileira.com.br\/wp-content\/uploads\/2025\/06\/cropped-izaiascorreia-96x96.jpg\",\"contentUrl\":\"http:\/\/dublagembrasileira.com.br\/wp-content\/uploads\/2025\/06\/cropped-izaiascorreia-96x96.jpg\",\"caption\":\"Iza\u00edas Correia\"},\"description\":\"Professor, roteirista e web-designer, respons\u00e1vel pelo site InfanTv. Tamb\u00e9m \u00e9 pesquisador da dublagem brasileira.\",\"url\":\"https:\/\/dublagembrasileira.com.br\/?author=1\"}]}<\/script>\n<!-- \/ Yoast SEO plugin. -->","yoast_head_json":{"title":"Sincronia Perfeita: O genial Andr\u00e9 Filho, a voz do Rambo no Brasil! | DB - Dublagem Brasileira","description":"A Rambomania tornou a voz de Andr\u00e9 Filho numa das mais conhecidas na \u00e9poca.","robots":{"index":"index","follow":"follow","max-snippet":"max-snippet:-1","max-image-preview":"max-image-preview:large","max-video-preview":"max-video-preview:-1"},"canonical":"https:\/\/dublagembrasileira.com.br\/?p=3407","og_locale":"pt_BR","og_type":"article","og_title":"Sincronia Perfeita: O genial Andr\u00e9 Filho, a voz do Rambo no Brasil! | DB - Dublagem Brasileira","og_description":"A Rambomania tornou a voz de Andr\u00e9 Filho numa das mais conhecidas na \u00e9poca.","og_url":"https:\/\/dublagembrasileira.com.br\/?p=3407","og_site_name":"DB - Dublagem Brasileira","article_published_time":"2022-06-29T20:33:57+00:00","article_modified_time":"2025-06-21T12:11:00+00:00","og_image":[{"width":704,"height":496,"url":"http:\/\/dublagembrasileira.com.br\/wp-content\/uploads\/2020\/04\/andre_filho1.jpg","type":"image\/jpeg"}],"author":"Iza\u00edas Correia","twitter_card":"summary_large_image","twitter_misc":{"Escrito por":"Iza\u00edas Correia","Est. tempo de leitura":"12 minutos"},"schema":{"@context":"https:\/\/schema.org","@graph":[{"@type":"Article","@id":"https:\/\/dublagembrasileira.com.br\/?p=3407#article","isPartOf":{"@id":"https:\/\/dublagembrasileira.com.br\/?p=3407"},"author":{"name":"Iza\u00edas Correia","@id":"https:\/\/dublagembrasileira.com.br\/#\/schema\/person\/6298fd46a47d1ef447a90b2fc9f2b215"},"headline":"Sincronia Perfeita: O genial Andr\u00e9 Filho, a voz do Rambo no Brasil!","datePublished":"2022-06-29T20:33:57+00:00","dateModified":"2025-06-21T12:11:00+00:00","mainEntityOfPage":{"@id":"https:\/\/dublagembrasileira.com.br\/?p=3407"},"wordCount":2130,"commentCount":1,"publisher":{"@id":"https:\/\/dublagembrasileira.com.br\/#organization"},"image":{"@id":"https:\/\/dublagembrasileira.com.br\/?p=3407#primaryimage"},"thumbnailUrl":"https:\/\/dublagembrasileira.com.br\/wp-content\/uploads\/2020\/04\/andre_filho1.jpg","keywords":["Andr\u00e9 Filho","cinema","dublador","Rambo","televis\u00e3o"],"articleSection":["Mat\u00e9rias","Sincronia Perfeita"],"inLanguage":"pt-BR","potentialAction":[{"@type":"CommentAction","name":"Comment","target":["https:\/\/dublagembrasileira.com.br\/?p=3407#respond"]}]},{"@type":"WebPage","@id":"https:\/\/dublagembrasileira.com.br\/?p=3407","url":"https:\/\/dublagembrasileira.com.br\/?p=3407","name":"Sincronia Perfeita: O genial Andr\u00e9 Filho, a voz do Rambo no Brasil! | DB - Dublagem Brasileira","isPartOf":{"@id":"https:\/\/dublagembrasileira.com.br\/#website"},"primaryImageOfPage":{"@id":"https:\/\/dublagembrasileira.com.br\/?p=3407#primaryimage"},"image":{"@id":"https:\/\/dublagembrasileira.com.br\/?p=3407#primaryimage"},"thumbnailUrl":"https:\/\/dublagembrasileira.com.br\/wp-content\/uploads\/2020\/04\/andre_filho1.jpg","datePublished":"2022-06-29T20:33:57+00:00","dateModified":"2025-06-21T12:11:00+00:00","description":"A Rambomania tornou a voz de Andr\u00e9 Filho numa das mais conhecidas na \u00e9poca.","breadcrumb":{"@id":"https:\/\/dublagembrasileira.com.br\/?p=3407#breadcrumb"},"inLanguage":"pt-BR","potentialAction":[{"@type":"ReadAction","target":["https:\/\/dublagembrasileira.com.br\/?p=3407"]}]},{"@type":"ImageObject","inLanguage":"pt-BR","@id":"https:\/\/dublagembrasileira.com.br\/?p=3407#primaryimage","url":"https:\/\/dublagembrasileira.com.br\/wp-content\/uploads\/2020\/04\/andre_filho1.jpg","contentUrl":"https:\/\/dublagembrasileira.com.br\/wp-content\/uploads\/2020\/04\/andre_filho1.jpg","width":704,"height":496},{"@type":"BreadcrumbList","@id":"https:\/\/dublagembrasileira.com.br\/?p=3407#breadcrumb","itemListElement":[{"@type":"ListItem","position":1,"name":"In\u00edcio","item":"https:\/\/dublagembrasileira.com.br\/"},{"@type":"ListItem","position":2,"name":"Sincronia Perfeita: O genial Andr\u00e9 Filho, a voz do Rambo no Brasil!"}]},{"@type":"WebSite","@id":"https:\/\/dublagembrasileira.com.br\/#website","url":"https:\/\/dublagembrasileira.com.br\/","name":"DB - Dublagem Brasileira","description":"O seu portal de dublagem.","publisher":{"@id":"https:\/\/dublagembrasileira.com.br\/#organization"},"potentialAction":[{"@type":"SearchAction","target":{"@type":"EntryPoint","urlTemplate":"https:\/\/dublagembrasileira.com.br\/?s={search_term_string}"},"query-input":{"@type":"PropertyValueSpecification","valueRequired":true,"valueName":"search_term_string"}}],"inLanguage":"pt-BR"},{"@type":"Organization","@id":"https:\/\/dublagembrasileira.com.br\/#organization","name":"DB - Dublagem Brasileira","url":"https:\/\/dublagembrasileira.com.br\/","logo":{"@type":"ImageObject","inLanguage":"pt-BR","@id":"https:\/\/dublagembrasileira.com.br\/#\/schema\/logo\/image\/","url":"https:\/\/dublagembrasileira.com.br\/wp-content\/uploads\/2019\/07\/cropped-logotipodb.png","contentUrl":"https:\/\/dublagembrasileira.com.br\/wp-content\/uploads\/2019\/07\/cropped-logotipodb.png","width":946,"height":589,"caption":"DB - Dublagem Brasileira"},"image":{"@id":"https:\/\/dublagembrasileira.com.br\/#\/schema\/logo\/image\/"}},{"@type":"Person","@id":"https:\/\/dublagembrasileira.com.br\/#\/schema\/person\/6298fd46a47d1ef447a90b2fc9f2b215","name":"Iza\u00edas Correia","image":{"@type":"ImageObject","inLanguage":"pt-BR","@id":"https:\/\/dublagembrasileira.com.br\/#\/schema\/person\/image\/","url":"http:\/\/dublagembrasileira.com.br\/wp-content\/uploads\/2025\/06\/cropped-izaiascorreia-96x96.jpg","contentUrl":"http:\/\/dublagembrasileira.com.br\/wp-content\/uploads\/2025\/06\/cropped-izaiascorreia-96x96.jpg","caption":"Iza\u00edas Correia"},"description":"Professor, roteirista e web-designer, respons\u00e1vel pelo site InfanTv. Tamb\u00e9m \u00e9 pesquisador da dublagem brasileira.","url":"https:\/\/dublagembrasileira.com.br\/?author=1"}]}},"rttpg_featured_image_url":{"full":["https:\/\/dublagembrasileira.com.br\/wp-content\/uploads\/2020\/04\/andre_filho1.jpg",704,496,false],"landscape":["https:\/\/dublagembrasileira.com.br\/wp-content\/uploads\/2020\/04\/andre_filho1.jpg",704,496,false],"portraits":["https:\/\/dublagembrasileira.com.br\/wp-content\/uploads\/2020\/04\/andre_filho1.jpg",704,496,false],"thumbnail":["https:\/\/dublagembrasileira.com.br\/wp-content\/uploads\/2020\/04\/andre_filho1-150x150.jpg",150,150,true],"medium":["https:\/\/dublagembrasileira.com.br\/wp-content\/uploads\/2020\/04\/andre_filho1-300x211.jpg",300,211,true],"large":["https:\/\/dublagembrasileira.com.br\/wp-content\/uploads\/2020\/04\/andre_filho1.jpg",640,451,false],"1536x1536":["https:\/\/dublagembrasileira.com.br\/wp-content\/uploads\/2020\/04\/andre_filho1.jpg",704,496,false],"2048x2048":["https:\/\/dublagembrasileira.com.br\/wp-content\/uploads\/2020\/04\/andre_filho1.jpg",704,496,false],"eggnews-slider-large":["https:\/\/dublagembrasileira.com.br\/wp-content\/uploads\/2020\/04\/andre_filho1.jpg",704,496,false],"eggnews-featured-medium":["https:\/\/dublagembrasileira.com.br\/wp-content\/uploads\/2020\/04\/andre_filho1-420x307.jpg",420,307,true],"eggnews-featured-long":["https:\/\/dublagembrasileira.com.br\/wp-content\/uploads\/2020\/04\/andre_filho1-300x443.jpg",300,443,true],"eggnews-block-medium":["https:\/\/dublagembrasileira.com.br\/wp-content\/uploads\/2020\/04\/andre_filho1-464x290.jpg",464,290,true],"eggnews-carousel-image":["https:\/\/dublagembrasileira.com.br\/wp-content\/uploads\/2020\/04\/andre_filho1-600x496.jpg",600,496,true],"eggnews-block-thumb":["https:\/\/dublagembrasileira.com.br\/wp-content\/uploads\/2020\/04\/andre_filho1-322x230.jpg",322,230,true],"eggnews-single-large":["https:\/\/dublagembrasileira.com.br\/wp-content\/uploads\/2020\/04\/andre_filho1.jpg",704,496,false],"crp_thumbnail":["https:\/\/dublagembrasileira.com.br\/wp-content\/uploads\/2020\/04\/andre_filho1-150x150.jpg",150,150,true]},"rttpg_author":{"display_name":"Iza\u00edas Correia","author_link":"https:\/\/dublagembrasileira.com.br\/?author=1"},"rttpg_comment":3,"rttpg_category":"<a href=\"https:\/\/dublagembrasileira.com.br\/?cat=15\" rel=\"category\">Mat\u00e9rias<\/a> <a href=\"https:\/\/dublagembrasileira.com.br\/?cat=265\" rel=\"category\">Sincronia Perfeita<\/a>","rttpg_excerpt":"A Rambomania tornou a voz de Andr\u00e9 Filho uma das mais conhecidas na d\u00e9cada de 80. No Brasil, o ano de 1988 foi sem d\u00favida o grande momento do her\u00f3i criado por David Morrell e protagonizado nos cinemas por Sylvester Stallone. Rambo tornou-se uma febre, isso porque o terceiro filme da franquia chegava aos cinemas&hellip;","_links":{"self":[{"href":"https:\/\/dublagembrasileira.com.br\/index.php?rest_route=\/wp\/v2\/posts\/3407","targetHints":{"allow":["GET"]}}],"collection":[{"href":"https:\/\/dublagembrasileira.com.br\/index.php?rest_route=\/wp\/v2\/posts"}],"about":[{"href":"https:\/\/dublagembrasileira.com.br\/index.php?rest_route=\/wp\/v2\/types\/post"}],"author":[{"embeddable":true,"href":"https:\/\/dublagembrasileira.com.br\/index.php?rest_route=\/wp\/v2\/users\/1"}],"replies":[{"embeddable":true,"href":"https:\/\/dublagembrasileira.com.br\/index.php?rest_route=%2Fwp%2Fv2%2Fcomments&post=3407"}],"version-history":[{"count":19,"href":"https:\/\/dublagembrasileira.com.br\/index.php?rest_route=\/wp\/v2\/posts\/3407\/revisions"}],"predecessor-version":[{"id":26768,"href":"https:\/\/dublagembrasileira.com.br\/index.php?rest_route=\/wp\/v2\/posts\/3407\/revisions\/26768"}],"wp:featuredmedia":[{"embeddable":true,"href":"https:\/\/dublagembrasileira.com.br\/index.php?rest_route=\/wp\/v2\/media\/3411"}],"wp:attachment":[{"href":"https:\/\/dublagembrasileira.com.br\/index.php?rest_route=%2Fwp%2Fv2%2Fmedia&parent=3407"}],"wp:term":[{"taxonomy":"category","embeddable":true,"href":"https:\/\/dublagembrasileira.com.br\/index.php?rest_route=%2Fwp%2Fv2%2Fcategories&post=3407"},{"taxonomy":"post_tag","embeddable":true,"href":"https:\/\/dublagembrasileira.com.br\/index.php?rest_route=%2Fwp%2Fv2%2Ftags&post=3407"}],"curies":[{"name":"wp","href":"https:\/\/api.w.org\/{rel}","templated":true}]}}