{"id":3389,"date":"2020-02-09T12:02:20","date_gmt":"2020-02-09T12:02:20","guid":{"rendered":"http:\/\/dublagembrasileira.com.br\/?p=3389"},"modified":"2020-04-05T16:29:52","modified_gmt":"2020-04-05T16:29:52","slug":"voz-brasileira-em-frozen-explica-sua-ausencia-na-reuniao-do-oscar","status":"publish","type":"post","link":"https:\/\/dublagembrasileira.com.br\/?p=3389","title":{"rendered":"Voz brasileira em Frozen explica sua aus\u00eancia na reuni\u00e3o do Oscar."},"content":{"rendered":"<h4 style=\"text-align: justify;\"><em>Taryn Szpilman, a voz da rainha Elsa, justifica porque n\u00e3o cantou em cerim\u00f4nia do Oscar 2020.<\/em><\/h4>\n<hr \/>\n<p style=\"text-align: justify;\">A atriz e cantora Taryn Szpilman, que dublou a rainha Elsa da anima\u00e7\u00e3o <strong>Frozen 2<\/strong>, explicou a sua aus\u00eancia na cerim\u00f4nia do Oscar 2020, que reuniu as dubladoras de diversos pa\u00edses cantando a can\u00e7\u00e3o em seus idiomas.<\/p>\n<p style=\"text-align: justify;\">Hoje, antes da premia\u00e7\u00e3o, ela escreveu um longo texto para explicar aos f\u00e3s que mandaram mensagens lamentando e demonstrando o seu carinho por n\u00e3o estar ao lado de algumas colegas, representando a personagem.<\/p>\n<p style=\"text-align: justify;\">&#8220;Quando me consultaram para viajar para Los Angeles e representar o Brasil, foi uma experi\u00eancia similar a que tive quando passei no teste para atuar e cantar a personagem da minha vida. Tudo parou e tive que respirar muito para acreditar! Uma emo\u00e7\u00e3o indescrit\u00edvel como podem imaginar. Um sonho m\u00e1gico se realizando que mudaria a minha vida! Mas compreendo que com a morte da atriz dubladora mexicana da Elsa, no come\u00e7o deste ano, que a representante da Am\u00e9rica Latina seja, de forma muito justa e simb\u00f3lica, a cantora mexicana que dublou as can\u00e7\u00f5es da Elsa. E acho que desta forma, se realizou um gesto muito bonito para homenage\u00e1-la. Por isso, eu recebo esta realidade, com o cora\u00e7\u00e3o apertado (claro, sou humana&#8230;), mas aprecio a escolha e vou me emocionar muito vendo as minhas colegas hoje na cerim\u00f4nia. Todas n\u00f3s merec\u00edamos estar l\u00e1 e, sim, poucas foram as privilegiadas, pois n\u00e3o seria poss\u00edvel levar todas, e me solidarizo com a Elsa italiana, francesa, coreana, sueca, grega, indiana, h\u00fangara, chinesa, todas as Elsas africanas, do Oriente M\u00e9dio e do resto do mundo que n\u00e3o v\u00e3o ter esta experi\u00eancia transcendental na vida de um artista como eu. Mas seguirei sonhando e realizando o meu sonho como esta menina da foto, que desde essa idade sonhava em atuar e cantar, e sonhava em ser uma princesa&#8230; E que realizou de fato todos estes sonhos, am\u00e9m!&#8221;, escreveu.<\/p>\n<p style=\"text-align: justify;\">&#8220;Que as Elsas escolhidas desfrutem esta ben\u00e7\u00e3o hoje de forma brilhante e que #minhaintuicao #intotheunknown leve a estatueta pelo nosso amado filme! Esqueci de dizer que a melhor coisa de viver a Elsa \u00e9 o fato de estar tocando tantos cora\u00e7\u00f5es e receber as mensagens mais lindas da minha vida, que est\u00e3o aqui nos meus \u00e1lbuns dos stories, para que eu nunca mais me esque\u00e7a da grande epifania da minha vida. Sou grata&#8221;, finalizou.<\/p>\n<p><div class=\"ose- ose-uid-0db532e22ff13a331b8c3a80403ee93f ose-embedpress-responsive\" style=\"width:600px; height:550px; max-height:550px; max-width:100%; display:inline-block;\" data-embed-type=\"InstagramFeed\"><iframe allowFullScreen=\"true\" width=\"600px\" width=\"550px\" allowtransparency=\"true\" allowfullscreen=\"true\" frameborder=\"0\" height=\"550\" data-instgrm-payload-id=\"instagram-media-payload-0\" scrolling=\"no\" style=\"background-color: white; border-radius: 3px; border: 1px solid rgb(219, 219, 219); box-shadow: none; display: block; margin: 0px 0px 12px; min-width: 326px; padding: 0px;\" class=\"instagram-media instagram-media-rendered lazyload\" data-src=\"https:\/\/www.instagram.com\/p\/B8Wo8wRpoL4\/embed\" src=\"data:image\/svg+xml;base64,PHN2ZyB3aWR0aD0iMSIgaGVpZ2h0PSIxIiB4bWxucz0iaHR0cDovL3d3dy53My5vcmcvMjAwMC9zdmciPjwvc3ZnPg==\" data-load-mode=\"1\">Fetching content<\/iframe><\/div><\/p>\n","protected":false},"excerpt":{"rendered":"<p>Taryn Szpilman, a voz da rainha Elsa, justifica porque n\u00e3o cantou em cerim\u00f4nia do Oscar 2020. A atriz e cantora Taryn Szpilman, que dublou a rainha Elsa da anima\u00e7\u00e3o Frozen 2, explicou a sua aus\u00eancia na cerim\u00f4nia do Oscar 2020, que reuniu as dubladoras de diversos pa\u00edses cantando a can\u00e7\u00e3o em seus idiomas. Hoje, antes da premia\u00e7\u00e3o, ela escreveu um longo texto para explicar aos f\u00e3s que mandaram mensagens lamentando e demonstrando o seu carinho por n\u00e3o estar ao lado de algumas colegas, representando a personagem. &#8220;Quando me consultaram para viajar para Los Angeles e representar o Brasil, foi uma experi\u00eancia similar a que tive quando passei no teste para atuar e cantar a personagem da minha vida. Tudo parou e tive que respirar muito para acreditar! Uma emo\u00e7\u00e3o indescrit\u00edvel como podem imaginar. Um sonho m\u00e1gico se realizando que mudaria a minha vida! Mas compreendo que com a morte da atriz dubladora mexicana da Elsa, no come\u00e7o deste ano, que a representante da Am\u00e9rica Latina seja, de forma muito justa e simb\u00f3lica, a cantora mexicana que dublou as can\u00e7\u00f5es da Elsa. E acho que desta forma, se realizou um gesto muito bonito para homenage\u00e1-la. Por isso, eu recebo esta realidade, com o cora\u00e7\u00e3o apertado (claro, sou humana&#8230;), mas aprecio a escolha e vou me emocionar muito vendo as minhas colegas hoje na cerim\u00f4nia. Todas n\u00f3s merec\u00edamos estar l\u00e1 e, sim, poucas foram as privilegiadas, pois n\u00e3o seria poss\u00edvel levar todas, e me solidarizo com a Elsa italiana, francesa, coreana, sueca, grega, indiana, h\u00fangara, chinesa, todas as Elsas africanas, do Oriente M\u00e9dio e do resto do mundo que n\u00e3o v\u00e3o ter esta experi\u00eancia transcendental na vida de um artista como eu. Mas seguirei sonhando e realizando o meu sonho como esta menina da foto, que desde essa idade sonhava em atuar e cantar, e sonhava em ser uma princesa&#8230; E que realizou de fato todos estes sonhos, am\u00e9m!&#8221;, escreveu. &#8220;Que as Elsas escolhidas desfrutem esta ben\u00e7\u00e3o hoje de forma brilhante e que #minhaintuicao #intotheunknown leve a estatueta pelo nosso amado filme! Esqueci de dizer que a melhor coisa de viver a Elsa \u00e9 o fato de estar tocando tantos cora\u00e7\u00f5es e receber as mensagens mais lindas da minha vida, que est\u00e3o aqui nos meus \u00e1lbuns dos stories, para que eu nunca mais me esque\u00e7a da grande epifania da minha vida. Sou grata&#8221;, finalizou. Fetching content<\/p>\n","protected":false},"author":1,"featured_media":3391,"comment_status":"open","ping_status":"open","sticky":false,"template":"","format":"standard","meta":{"_monsterinsights_skip_tracking":false,"_monsterinsights_sitenote_active":false,"_monsterinsights_sitenote_note":"","_monsterinsights_sitenote_category":0,"footnotes":""},"categories":[7,13,22],"tags":[],"class_list":["post-3389","post","type-post","status-publish","format-standard","has-post-thumbnail","hentry","category-cinema","category-noticias","category-vida-real"],"yoast_head":"<!-- This site is optimized with the Yoast SEO plugin v26.1.1 - https:\/\/yoast.com\/wordpress\/plugins\/seo\/ -->\n<title>Voz brasileira em Frozen explica sua aus\u00eancia na reuni\u00e3o do Oscar. | DB - Dublagem Brasileira<\/title>\n<meta name=\"robots\" content=\"index, follow, max-snippet:-1, max-image-preview:large, max-video-preview:-1\" \/>\n<link rel=\"canonical\" href=\"https:\/\/dublagembrasileira.com.br\/?p=3389\" \/>\n<meta property=\"og:locale\" content=\"pt_BR\" \/>\n<meta property=\"og:type\" content=\"article\" \/>\n<meta property=\"og:title\" content=\"Voz brasileira em Frozen explica sua aus\u00eancia na reuni\u00e3o do Oscar. | DB - Dublagem Brasileira\" \/>\n<meta property=\"og:description\" content=\"Taryn Szpilman, a voz da rainha Elsa, justifica porque n\u00e3o cantou em cerim\u00f4nia do Oscar 2020. A atriz e cantora Taryn Szpilman, que dublou a rainha Elsa da anima\u00e7\u00e3o Frozen 2, explicou a sua aus\u00eancia na cerim\u00f4nia do Oscar 2020, que reuniu as dubladoras de diversos pa\u00edses cantando a can\u00e7\u00e3o em seus idiomas. Hoje, antes da premia\u00e7\u00e3o, ela escreveu um longo texto para explicar aos f\u00e3s que mandaram mensagens lamentando e demonstrando o seu carinho por n\u00e3o estar ao lado de algumas colegas, representando a personagem. &#8220;Quando me consultaram para viajar para Los Angeles e representar o Brasil, foi uma experi\u00eancia similar a que tive quando passei no teste para atuar e cantar a personagem da minha vida. Tudo parou e tive que respirar muito para acreditar! Uma emo\u00e7\u00e3o indescrit\u00edvel como podem imaginar. Um sonho m\u00e1gico se realizando que mudaria a minha vida! Mas compreendo que com a morte da atriz dubladora mexicana da Elsa, no come\u00e7o deste ano, que a representante da Am\u00e9rica Latina seja, de forma muito justa e simb\u00f3lica, a cantora mexicana que dublou as can\u00e7\u00f5es da Elsa. E acho que desta forma, se realizou um gesto muito bonito para homenage\u00e1-la. Por isso, eu recebo esta realidade, com o cora\u00e7\u00e3o apertado (claro, sou humana&#8230;), mas aprecio a escolha e vou me emocionar muito vendo as minhas colegas hoje na cerim\u00f4nia. Todas n\u00f3s merec\u00edamos estar l\u00e1 e, sim, poucas foram as privilegiadas, pois n\u00e3o seria poss\u00edvel levar todas, e me solidarizo com a Elsa italiana, francesa, coreana, sueca, grega, indiana, h\u00fangara, chinesa, todas as Elsas africanas, do Oriente M\u00e9dio e do resto do mundo que n\u00e3o v\u00e3o ter esta experi\u00eancia transcendental na vida de um artista como eu. Mas seguirei sonhando e realizando o meu sonho como esta menina da foto, que desde essa idade sonhava em atuar e cantar, e sonhava em ser uma princesa&#8230; E que realizou de fato todos estes sonhos, am\u00e9m!&#8221;, escreveu. &#8220;Que as Elsas escolhidas desfrutem esta ben\u00e7\u00e3o hoje de forma brilhante e que #minhaintuicao #intotheunknown leve a estatueta pelo nosso amado filme! Esqueci de dizer que a melhor coisa de viver a Elsa \u00e9 o fato de estar tocando tantos cora\u00e7\u00f5es e receber as mensagens mais lindas da minha vida, que est\u00e3o aqui nos meus \u00e1lbuns dos stories, para que eu nunca mais me esque\u00e7a da grande epifania da minha vida. Sou grata&#8221;, finalizou. Fetching content\" \/>\n<meta property=\"og:url\" content=\"https:\/\/dublagembrasileira.com.br\/?p=3389\" \/>\n<meta property=\"og:site_name\" content=\"DB - Dublagem Brasileira\" \/>\n<meta property=\"article:published_time\" content=\"2020-02-09T12:02:20+00:00\" \/>\n<meta property=\"article:modified_time\" content=\"2020-04-05T16:29:52+00:00\" \/>\n<meta property=\"og:image\" content=\"https:\/\/dublagembrasileira.com.br\/wp-content\/uploads\/2020\/04\/frozen.jpg\" \/>\n\t<meta property=\"og:image:width\" content=\"704\" \/>\n\t<meta property=\"og:image:height\" content=\"496\" \/>\n\t<meta property=\"og:image:type\" content=\"image\/jpeg\" \/>\n<meta name=\"author\" content=\"Iza\u00edas Correia\" \/>\n<meta name=\"twitter:card\" content=\"summary_large_image\" \/>\n<meta name=\"twitter:label1\" content=\"Escrito por\" \/>\n\t<meta name=\"twitter:data1\" content=\"Iza\u00edas Correia\" \/>\n\t<meta name=\"twitter:label2\" content=\"Est. tempo de leitura\" \/>\n\t<meta name=\"twitter:data2\" content=\"2 minutos\" \/>\n<script type=\"application\/ld+json\" class=\"yoast-schema-graph\">{\"@context\":\"https:\/\/schema.org\",\"@graph\":[{\"@type\":\"Article\",\"@id\":\"https:\/\/dublagembrasileira.com.br\/?p=3389#article\",\"isPartOf\":{\"@id\":\"https:\/\/dublagembrasileira.com.br\/?p=3389\"},\"author\":{\"name\":\"Iza\u00edas Correia\",\"@id\":\"https:\/\/dublagembrasileira.com.br\/#\/schema\/person\/6298fd46a47d1ef447a90b2fc9f2b215\"},\"headline\":\"Voz brasileira em Frozen explica sua aus\u00eancia na reuni\u00e3o do Oscar.\",\"datePublished\":\"2020-02-09T12:02:20+00:00\",\"dateModified\":\"2020-04-05T16:29:52+00:00\",\"mainEntityOfPage\":{\"@id\":\"https:\/\/dublagembrasileira.com.br\/?p=3389\"},\"wordCount\":450,\"commentCount\":0,\"publisher\":{\"@id\":\"https:\/\/dublagembrasileira.com.br\/#organization\"},\"image\":{\"@id\":\"https:\/\/dublagembrasileira.com.br\/?p=3389#primaryimage\"},\"thumbnailUrl\":\"https:\/\/dublagembrasileira.com.br\/wp-content\/uploads\/2020\/04\/frozen.jpg\",\"articleSection\":[\"Cinema\",\"Not\u00edcias\",\"Vida Real\"],\"inLanguage\":\"pt-BR\",\"potentialAction\":[{\"@type\":\"CommentAction\",\"name\":\"Comment\",\"target\":[\"https:\/\/dublagembrasileira.com.br\/?p=3389#respond\"]}]},{\"@type\":\"WebPage\",\"@id\":\"https:\/\/dublagembrasileira.com.br\/?p=3389\",\"url\":\"https:\/\/dublagembrasileira.com.br\/?p=3389\",\"name\":\"Voz brasileira em Frozen explica sua aus\u00eancia na reuni\u00e3o do Oscar. | DB - Dublagem Brasileira\",\"isPartOf\":{\"@id\":\"https:\/\/dublagembrasileira.com.br\/#website\"},\"primaryImageOfPage\":{\"@id\":\"https:\/\/dublagembrasileira.com.br\/?p=3389#primaryimage\"},\"image\":{\"@id\":\"https:\/\/dublagembrasileira.com.br\/?p=3389#primaryimage\"},\"thumbnailUrl\":\"https:\/\/dublagembrasileira.com.br\/wp-content\/uploads\/2020\/04\/frozen.jpg\",\"datePublished\":\"2020-02-09T12:02:20+00:00\",\"dateModified\":\"2020-04-05T16:29:52+00:00\",\"breadcrumb\":{\"@id\":\"https:\/\/dublagembrasileira.com.br\/?p=3389#breadcrumb\"},\"inLanguage\":\"pt-BR\",\"potentialAction\":[{\"@type\":\"ReadAction\",\"target\":[\"https:\/\/dublagembrasileira.com.br\/?p=3389\"]}]},{\"@type\":\"ImageObject\",\"inLanguage\":\"pt-BR\",\"@id\":\"https:\/\/dublagembrasileira.com.br\/?p=3389#primaryimage\",\"url\":\"https:\/\/dublagembrasileira.com.br\/wp-content\/uploads\/2020\/04\/frozen.jpg\",\"contentUrl\":\"https:\/\/dublagembrasileira.com.br\/wp-content\/uploads\/2020\/04\/frozen.jpg\",\"width\":704,\"height\":496},{\"@type\":\"BreadcrumbList\",\"@id\":\"https:\/\/dublagembrasileira.com.br\/?p=3389#breadcrumb\",\"itemListElement\":[{\"@type\":\"ListItem\",\"position\":1,\"name\":\"In\u00edcio\",\"item\":\"https:\/\/dublagembrasileira.com.br\/\"},{\"@type\":\"ListItem\",\"position\":2,\"name\":\"Voz brasileira em Frozen explica sua aus\u00eancia na reuni\u00e3o do Oscar.\"}]},{\"@type\":\"WebSite\",\"@id\":\"https:\/\/dublagembrasileira.com.br\/#website\",\"url\":\"https:\/\/dublagembrasileira.com.br\/\",\"name\":\"DB - Dublagem Brasileira\",\"description\":\"O seu portal de dublagem.\",\"publisher\":{\"@id\":\"https:\/\/dublagembrasileira.com.br\/#organization\"},\"potentialAction\":[{\"@type\":\"SearchAction\",\"target\":{\"@type\":\"EntryPoint\",\"urlTemplate\":\"https:\/\/dublagembrasileira.com.br\/?s={search_term_string}\"},\"query-input\":{\"@type\":\"PropertyValueSpecification\",\"valueRequired\":true,\"valueName\":\"search_term_string\"}}],\"inLanguage\":\"pt-BR\"},{\"@type\":\"Organization\",\"@id\":\"https:\/\/dublagembrasileira.com.br\/#organization\",\"name\":\"DB - Dublagem Brasileira\",\"url\":\"https:\/\/dublagembrasileira.com.br\/\",\"logo\":{\"@type\":\"ImageObject\",\"inLanguage\":\"pt-BR\",\"@id\":\"https:\/\/dublagembrasileira.com.br\/#\/schema\/logo\/image\/\",\"url\":\"https:\/\/dublagembrasileira.com.br\/wp-content\/uploads\/2019\/07\/cropped-logotipodb.png\",\"contentUrl\":\"https:\/\/dublagembrasileira.com.br\/wp-content\/uploads\/2019\/07\/cropped-logotipodb.png\",\"width\":946,\"height\":589,\"caption\":\"DB - Dublagem Brasileira\"},\"image\":{\"@id\":\"https:\/\/dublagembrasileira.com.br\/#\/schema\/logo\/image\/\"}},{\"@type\":\"Person\",\"@id\":\"https:\/\/dublagembrasileira.com.br\/#\/schema\/person\/6298fd46a47d1ef447a90b2fc9f2b215\",\"name\":\"Iza\u00edas Correia\",\"image\":{\"@type\":\"ImageObject\",\"inLanguage\":\"pt-BR\",\"@id\":\"https:\/\/dublagembrasileira.com.br\/#\/schema\/person\/image\/\",\"url\":\"http:\/\/dublagembrasileira.com.br\/wp-content\/uploads\/2025\/06\/cropped-izaiascorreia-96x96.jpg\",\"contentUrl\":\"http:\/\/dublagembrasileira.com.br\/wp-content\/uploads\/2025\/06\/cropped-izaiascorreia-96x96.jpg\",\"caption\":\"Iza\u00edas Correia\"},\"description\":\"Professor, roteirista e web-designer, respons\u00e1vel pelo site InfanTv. Tamb\u00e9m \u00e9 pesquisador da dublagem brasileira.\",\"url\":\"https:\/\/dublagembrasileira.com.br\/?author=1\"}]}<\/script>\n<!-- \/ Yoast SEO plugin. -->","yoast_head_json":{"title":"Voz brasileira em Frozen explica sua aus\u00eancia na reuni\u00e3o do Oscar. | DB - Dublagem Brasileira","robots":{"index":"index","follow":"follow","max-snippet":"max-snippet:-1","max-image-preview":"max-image-preview:large","max-video-preview":"max-video-preview:-1"},"canonical":"https:\/\/dublagembrasileira.com.br\/?p=3389","og_locale":"pt_BR","og_type":"article","og_title":"Voz brasileira em Frozen explica sua aus\u00eancia na reuni\u00e3o do Oscar. | DB - Dublagem Brasileira","og_description":"Taryn Szpilman, a voz da rainha Elsa, justifica porque n\u00e3o cantou em cerim\u00f4nia do Oscar 2020. A atriz e cantora Taryn Szpilman, que dublou a rainha Elsa da anima\u00e7\u00e3o Frozen 2, explicou a sua aus\u00eancia na cerim\u00f4nia do Oscar 2020, que reuniu as dubladoras de diversos pa\u00edses cantando a can\u00e7\u00e3o em seus idiomas. Hoje, antes da premia\u00e7\u00e3o, ela escreveu um longo texto para explicar aos f\u00e3s que mandaram mensagens lamentando e demonstrando o seu carinho por n\u00e3o estar ao lado de algumas colegas, representando a personagem. &#8220;Quando me consultaram para viajar para Los Angeles e representar o Brasil, foi uma experi\u00eancia similar a que tive quando passei no teste para atuar e cantar a personagem da minha vida. Tudo parou e tive que respirar muito para acreditar! Uma emo\u00e7\u00e3o indescrit\u00edvel como podem imaginar. Um sonho m\u00e1gico se realizando que mudaria a minha vida! Mas compreendo que com a morte da atriz dubladora mexicana da Elsa, no come\u00e7o deste ano, que a representante da Am\u00e9rica Latina seja, de forma muito justa e simb\u00f3lica, a cantora mexicana que dublou as can\u00e7\u00f5es da Elsa. E acho que desta forma, se realizou um gesto muito bonito para homenage\u00e1-la. Por isso, eu recebo esta realidade, com o cora\u00e7\u00e3o apertado (claro, sou humana&#8230;), mas aprecio a escolha e vou me emocionar muito vendo as minhas colegas hoje na cerim\u00f4nia. Todas n\u00f3s merec\u00edamos estar l\u00e1 e, sim, poucas foram as privilegiadas, pois n\u00e3o seria poss\u00edvel levar todas, e me solidarizo com a Elsa italiana, francesa, coreana, sueca, grega, indiana, h\u00fangara, chinesa, todas as Elsas africanas, do Oriente M\u00e9dio e do resto do mundo que n\u00e3o v\u00e3o ter esta experi\u00eancia transcendental na vida de um artista como eu. Mas seguirei sonhando e realizando o meu sonho como esta menina da foto, que desde essa idade sonhava em atuar e cantar, e sonhava em ser uma princesa&#8230; E que realizou de fato todos estes sonhos, am\u00e9m!&#8221;, escreveu. &#8220;Que as Elsas escolhidas desfrutem esta ben\u00e7\u00e3o hoje de forma brilhante e que #minhaintuicao #intotheunknown leve a estatueta pelo nosso amado filme! Esqueci de dizer que a melhor coisa de viver a Elsa \u00e9 o fato de estar tocando tantos cora\u00e7\u00f5es e receber as mensagens mais lindas da minha vida, que est\u00e3o aqui nos meus \u00e1lbuns dos stories, para que eu nunca mais me esque\u00e7a da grande epifania da minha vida. Sou grata&#8221;, finalizou. Fetching content","og_url":"https:\/\/dublagembrasileira.com.br\/?p=3389","og_site_name":"DB - Dublagem Brasileira","article_published_time":"2020-02-09T12:02:20+00:00","article_modified_time":"2020-04-05T16:29:52+00:00","og_image":[{"width":704,"height":496,"url":"https:\/\/dublagembrasileira.com.br\/wp-content\/uploads\/2020\/04\/frozen.jpg","type":"image\/jpeg"}],"author":"Iza\u00edas Correia","twitter_card":"summary_large_image","twitter_misc":{"Escrito por":"Iza\u00edas Correia","Est. tempo de leitura":"2 minutos"},"schema":{"@context":"https:\/\/schema.org","@graph":[{"@type":"Article","@id":"https:\/\/dublagembrasileira.com.br\/?p=3389#article","isPartOf":{"@id":"https:\/\/dublagembrasileira.com.br\/?p=3389"},"author":{"name":"Iza\u00edas Correia","@id":"https:\/\/dublagembrasileira.com.br\/#\/schema\/person\/6298fd46a47d1ef447a90b2fc9f2b215"},"headline":"Voz brasileira em Frozen explica sua aus\u00eancia na reuni\u00e3o do Oscar.","datePublished":"2020-02-09T12:02:20+00:00","dateModified":"2020-04-05T16:29:52+00:00","mainEntityOfPage":{"@id":"https:\/\/dublagembrasileira.com.br\/?p=3389"},"wordCount":450,"commentCount":0,"publisher":{"@id":"https:\/\/dublagembrasileira.com.br\/#organization"},"image":{"@id":"https:\/\/dublagembrasileira.com.br\/?p=3389#primaryimage"},"thumbnailUrl":"https:\/\/dublagembrasileira.com.br\/wp-content\/uploads\/2020\/04\/frozen.jpg","articleSection":["Cinema","Not\u00edcias","Vida Real"],"inLanguage":"pt-BR","potentialAction":[{"@type":"CommentAction","name":"Comment","target":["https:\/\/dublagembrasileira.com.br\/?p=3389#respond"]}]},{"@type":"WebPage","@id":"https:\/\/dublagembrasileira.com.br\/?p=3389","url":"https:\/\/dublagembrasileira.com.br\/?p=3389","name":"Voz brasileira em Frozen explica sua aus\u00eancia na reuni\u00e3o do Oscar. | DB - Dublagem Brasileira","isPartOf":{"@id":"https:\/\/dublagembrasileira.com.br\/#website"},"primaryImageOfPage":{"@id":"https:\/\/dublagembrasileira.com.br\/?p=3389#primaryimage"},"image":{"@id":"https:\/\/dublagembrasileira.com.br\/?p=3389#primaryimage"},"thumbnailUrl":"https:\/\/dublagembrasileira.com.br\/wp-content\/uploads\/2020\/04\/frozen.jpg","datePublished":"2020-02-09T12:02:20+00:00","dateModified":"2020-04-05T16:29:52+00:00","breadcrumb":{"@id":"https:\/\/dublagembrasileira.com.br\/?p=3389#breadcrumb"},"inLanguage":"pt-BR","potentialAction":[{"@type":"ReadAction","target":["https:\/\/dublagembrasileira.com.br\/?p=3389"]}]},{"@type":"ImageObject","inLanguage":"pt-BR","@id":"https:\/\/dublagembrasileira.com.br\/?p=3389#primaryimage","url":"https:\/\/dublagembrasileira.com.br\/wp-content\/uploads\/2020\/04\/frozen.jpg","contentUrl":"https:\/\/dublagembrasileira.com.br\/wp-content\/uploads\/2020\/04\/frozen.jpg","width":704,"height":496},{"@type":"BreadcrumbList","@id":"https:\/\/dublagembrasileira.com.br\/?p=3389#breadcrumb","itemListElement":[{"@type":"ListItem","position":1,"name":"In\u00edcio","item":"https:\/\/dublagembrasileira.com.br\/"},{"@type":"ListItem","position":2,"name":"Voz brasileira em Frozen explica sua aus\u00eancia na reuni\u00e3o do Oscar."}]},{"@type":"WebSite","@id":"https:\/\/dublagembrasileira.com.br\/#website","url":"https:\/\/dublagembrasileira.com.br\/","name":"DB - Dublagem Brasileira","description":"O seu portal de dublagem.","publisher":{"@id":"https:\/\/dublagembrasileira.com.br\/#organization"},"potentialAction":[{"@type":"SearchAction","target":{"@type":"EntryPoint","urlTemplate":"https:\/\/dublagembrasileira.com.br\/?s={search_term_string}"},"query-input":{"@type":"PropertyValueSpecification","valueRequired":true,"valueName":"search_term_string"}}],"inLanguage":"pt-BR"},{"@type":"Organization","@id":"https:\/\/dublagembrasileira.com.br\/#organization","name":"DB - Dublagem Brasileira","url":"https:\/\/dublagembrasileira.com.br\/","logo":{"@type":"ImageObject","inLanguage":"pt-BR","@id":"https:\/\/dublagembrasileira.com.br\/#\/schema\/logo\/image\/","url":"https:\/\/dublagembrasileira.com.br\/wp-content\/uploads\/2019\/07\/cropped-logotipodb.png","contentUrl":"https:\/\/dublagembrasileira.com.br\/wp-content\/uploads\/2019\/07\/cropped-logotipodb.png","width":946,"height":589,"caption":"DB - Dublagem Brasileira"},"image":{"@id":"https:\/\/dublagembrasileira.com.br\/#\/schema\/logo\/image\/"}},{"@type":"Person","@id":"https:\/\/dublagembrasileira.com.br\/#\/schema\/person\/6298fd46a47d1ef447a90b2fc9f2b215","name":"Iza\u00edas Correia","image":{"@type":"ImageObject","inLanguage":"pt-BR","@id":"https:\/\/dublagembrasileira.com.br\/#\/schema\/person\/image\/","url":"http:\/\/dublagembrasileira.com.br\/wp-content\/uploads\/2025\/06\/cropped-izaiascorreia-96x96.jpg","contentUrl":"http:\/\/dublagembrasileira.com.br\/wp-content\/uploads\/2025\/06\/cropped-izaiascorreia-96x96.jpg","caption":"Iza\u00edas Correia"},"description":"Professor, roteirista e web-designer, respons\u00e1vel pelo site InfanTv. Tamb\u00e9m \u00e9 pesquisador da dublagem brasileira.","url":"https:\/\/dublagembrasileira.com.br\/?author=1"}]}},"rttpg_featured_image_url":{"full":["https:\/\/dublagembrasileira.com.br\/wp-content\/uploads\/2020\/04\/frozen.jpg",704,496,false],"landscape":["https:\/\/dublagembrasileira.com.br\/wp-content\/uploads\/2020\/04\/frozen.jpg",704,496,false],"portraits":["https:\/\/dublagembrasileira.com.br\/wp-content\/uploads\/2020\/04\/frozen.jpg",704,496,false],"thumbnail":["https:\/\/dublagembrasileira.com.br\/wp-content\/uploads\/2020\/04\/frozen-150x150.jpg",150,150,true],"medium":["https:\/\/dublagembrasileira.com.br\/wp-content\/uploads\/2020\/04\/frozen-300x211.jpg",300,211,true],"large":["https:\/\/dublagembrasileira.com.br\/wp-content\/uploads\/2020\/04\/frozen.jpg",640,451,false],"1536x1536":["https:\/\/dublagembrasileira.com.br\/wp-content\/uploads\/2020\/04\/frozen.jpg",704,496,false],"2048x2048":["https:\/\/dublagembrasileira.com.br\/wp-content\/uploads\/2020\/04\/frozen.jpg",704,496,false],"eggnews-slider-large":["https:\/\/dublagembrasileira.com.br\/wp-content\/uploads\/2020\/04\/frozen.jpg",704,496,false],"eggnews-featured-medium":["https:\/\/dublagembrasileira.com.br\/wp-content\/uploads\/2020\/04\/frozen-420x307.jpg",420,307,true],"eggnews-featured-long":["https:\/\/dublagembrasileira.com.br\/wp-content\/uploads\/2020\/04\/frozen-300x443.jpg",300,443,true],"eggnews-block-medium":["https:\/\/dublagembrasileira.com.br\/wp-content\/uploads\/2020\/04\/frozen-464x290.jpg",464,290,true],"eggnews-carousel-image":["https:\/\/dublagembrasileira.com.br\/wp-content\/uploads\/2020\/04\/frozen-600x496.jpg",600,496,true],"eggnews-block-thumb":["https:\/\/dublagembrasileira.com.br\/wp-content\/uploads\/2020\/04\/frozen-322x230.jpg",322,230,true],"eggnews-single-large":["https:\/\/dublagembrasileira.com.br\/wp-content\/uploads\/2020\/04\/frozen.jpg",704,496,false],"crp_thumbnail":["https:\/\/dublagembrasileira.com.br\/wp-content\/uploads\/2020\/04\/frozen-150x150.jpg",150,150,true]},"rttpg_author":{"display_name":"Iza\u00edas Correia","author_link":"https:\/\/dublagembrasileira.com.br\/?author=1"},"rttpg_comment":0,"rttpg_category":"<a href=\"https:\/\/dublagembrasileira.com.br\/?cat=7\" rel=\"category\">Cinema<\/a> <a href=\"https:\/\/dublagembrasileira.com.br\/?cat=13\" rel=\"category\">Not\u00edcias<\/a> <a href=\"https:\/\/dublagembrasileira.com.br\/?cat=22\" rel=\"category\">Vida Real<\/a>","rttpg_excerpt":"Taryn Szpilman, a voz da rainha Elsa, justifica porque n\u00e3o cantou em cerim\u00f4nia do Oscar 2020. A atriz e cantora Taryn Szpilman, que dublou a rainha Elsa da anima\u00e7\u00e3o Frozen 2, explicou a sua aus\u00eancia na cerim\u00f4nia do Oscar 2020, que reuniu as dubladoras de diversos pa\u00edses cantando a can\u00e7\u00e3o em seus idiomas. Hoje, antes&hellip;","_links":{"self":[{"href":"https:\/\/dublagembrasileira.com.br\/index.php?rest_route=\/wp\/v2\/posts\/3389","targetHints":{"allow":["GET"]}}],"collection":[{"href":"https:\/\/dublagembrasileira.com.br\/index.php?rest_route=\/wp\/v2\/posts"}],"about":[{"href":"https:\/\/dublagembrasileira.com.br\/index.php?rest_route=\/wp\/v2\/types\/post"}],"author":[{"embeddable":true,"href":"https:\/\/dublagembrasileira.com.br\/index.php?rest_route=\/wp\/v2\/users\/1"}],"replies":[{"embeddable":true,"href":"https:\/\/dublagembrasileira.com.br\/index.php?rest_route=%2Fwp%2Fv2%2Fcomments&post=3389"}],"version-history":[{"count":3,"href":"https:\/\/dublagembrasileira.com.br\/index.php?rest_route=\/wp\/v2\/posts\/3389\/revisions"}],"predecessor-version":[{"id":3398,"href":"https:\/\/dublagembrasileira.com.br\/index.php?rest_route=\/wp\/v2\/posts\/3389\/revisions\/3398"}],"wp:featuredmedia":[{"embeddable":true,"href":"https:\/\/dublagembrasileira.com.br\/index.php?rest_route=\/wp\/v2\/media\/3391"}],"wp:attachment":[{"href":"https:\/\/dublagembrasileira.com.br\/index.php?rest_route=%2Fwp%2Fv2%2Fmedia&parent=3389"}],"wp:term":[{"taxonomy":"category","embeddable":true,"href":"https:\/\/dublagembrasileira.com.br\/index.php?rest_route=%2Fwp%2Fv2%2Fcategories&post=3389"},{"taxonomy":"post_tag","embeddable":true,"href":"https:\/\/dublagembrasileira.com.br\/index.php?rest_route=%2Fwp%2Fv2%2Ftags&post=3389"}],"curies":[{"name":"wp","href":"https:\/\/api.w.org\/{rel}","templated":true}]}}