{"id":3269,"date":"2019-12-03T13:26:36","date_gmt":"2019-12-03T13:26:36","guid":{"rendered":"http:\/\/dublagembrasileira.com.br\/?p=3269"},"modified":"2020-01-17T14:24:28","modified_gmt":"2020-01-17T14:24:28","slug":"briggs-e-atacado-em-redes-sociais-depois-de-iara-rica-revelar-que-nao-fara-arlequina","status":"publish","type":"post","link":"https:\/\/dublagembrasileira.com.br\/?p=3269","title":{"rendered":"Briggs \u00e9 atacado em redes sociais depois de Iara Ri\u00e7a revelar que n\u00e3o far\u00e1 Arlequina."},"content":{"rendered":"<h4><em><strong>Dublador n\u00e3o est\u00e1 envolvido de nenhuma forma com a dublagem do filme e mesmo assim os f\u00e3s o condenaram<\/strong>.<\/em><\/h4>\n<hr \/>\n<p style=\"text-align: justify;\">Assim que a <a href=\"http:\/\/dublagembrasileira.com.br\/?p=3266\"><strong>not\u00edcia<\/strong><\/a> de que Iara Ri\u00e7a n\u00e3o far\u00e1 mais a voz da Arlequina em <strong>Aves de Rapina<\/strong> foi descoberta pelos f\u00e3s, in\u00fameros coment\u00e1rios atacando o dublador e diretor Guilherme Briggs foram escritos expressando muita insatifa\u00e7\u00e3o com ele. Guilherme dirigiu a dublagem de <strong>Esquadr\u00e3o Suic\u00edda<\/strong> e logo associaram seu nome ao caso.<\/p>\n<p style=\"text-align: justify;\">Ocorre que a produ\u00e7\u00e3o tem na dublagem outra diretora, Guilherme n\u00e3o est\u00e1 mais dirigindo dentro do setor e foi pego de surpresa n\u00e3o apenas com a not\u00edcia da Iara como do seu nome estar envolvido. At\u00e9 dubladores mais veteranos se deixaram levar pelos coment\u00e1rios dos f\u00e3s e criticaram Briggs no Facebook.<\/p>\n<p style=\"text-align: justify;\">Diante de tantas reclama\u00e7\u00f5es envolvendo o nome do antigo diretor, a dubladora Iara Ri\u00e7a se viu for\u00e7ada a postar um texto esclarecendo que Briggs n\u00e3o tem nenhuma participa\u00e7\u00e3o nos acontecimentos.<\/p>\n<p style=\"text-align: justify;\">Veja a postagem publicada no Facebook pela dubladora Iara Ri\u00e7a:<\/p>\n<div id=\"js_4gk\" class=\"_5pbx userContent _3ds9 _3576\" data-testid=\"post_message\" data-ft=\"{&quot;tn&quot;:&quot;K&quot;}\">\n<p><em><strong>Amigos, por favor, quero esclarecer uma coisa muito importante!<\/strong><\/em><\/p>\n<p><em><strong>Eu AMO o Guilherme Briggs. Ele \u00e9 um diretor sensacional. Ele \u00e9 extremamente criativo, sabe tirar o melhor do ator. Amo o Briggs, de cora\u00e7\u00e3o. E AMO ser dirigida por ele..<\/strong><\/em><\/p>\n<p><em><strong>Voc\u00eas lembram que eu pedi calma.?<\/strong><\/em><\/p>\n<p><em><strong>Ent\u00e3o, por favor, se gostam de mim e do meu trabalho, tenham calma. N\u00c3O se voltem contra ningu\u00e9m.<\/strong><\/em><\/p>\n<p><em><strong>Fiz o post no Facebook porque precisava dar uma satisfa\u00e7\u00e3o a quem curte o meu trabalho.<\/strong><\/em><\/p>\n<p><em><strong>E, por isso, tive o cuidado de pedir calma.<\/strong><\/em><\/p>\n<p><em><strong>Ent\u00e3o,por favor, calma!<\/strong><\/em><\/p>\n<p><em><strong>Mais uma vez, muito obrigada!<\/strong><\/em><br \/>\n<em><strong>Fiquem com Deus!<\/strong><\/em><\/p>\n<\/div>\n","protected":false},"excerpt":{"rendered":"<p>Dublador n\u00e3o est\u00e1 envolvido de nenhuma forma com a dublagem do filme e mesmo assim os f\u00e3s o condenaram. Assim que a not\u00edcia de que Iara Ri\u00e7a n\u00e3o far\u00e1 mais a voz da Arlequina em Aves de Rapina foi descoberta pelos f\u00e3s, in\u00fameros coment\u00e1rios atacando o dublador e diretor Guilherme Briggs foram escritos expressando muita insatifa\u00e7\u00e3o com ele. Guilherme dirigiu a dublagem de Esquadr\u00e3o Suic\u00edda e logo associaram seu nome ao caso. Ocorre que a produ\u00e7\u00e3o tem na dublagem outra diretora, Guilherme n\u00e3o est\u00e1 mais dirigindo dentro do setor e foi pego de surpresa n\u00e3o apenas com a not\u00edcia da Iara como do seu nome estar envolvido. At\u00e9 dubladores mais veteranos se deixaram levar pelos coment\u00e1rios dos f\u00e3s e criticaram Briggs no Facebook. Diante de tantas reclama\u00e7\u00f5es envolvendo o nome do antigo diretor, a dubladora Iara Ri\u00e7a se viu for\u00e7ada a postar um texto esclarecendo que Briggs n\u00e3o tem nenhuma participa\u00e7\u00e3o nos acontecimentos. Veja a postagem publicada no Facebook pela dubladora Iara Ri\u00e7a: Amigos, por favor, quero esclarecer uma coisa muito importante! Eu AMO o Guilherme Briggs. Ele \u00e9 um diretor sensacional. Ele \u00e9 extremamente criativo, sabe tirar o melhor do ator. Amo o Briggs, de cora\u00e7\u00e3o. E AMO ser dirigida por ele.. Voc\u00eas lembram que eu pedi calma.? Ent\u00e3o, por favor, se gostam de mim e do meu trabalho, tenham calma. N\u00c3O se voltem contra ningu\u00e9m. Fiz o post no Facebook porque precisava dar uma satisfa\u00e7\u00e3o a quem curte o meu trabalho. E, por isso, tive o cuidado de pedir calma. Ent\u00e3o,por favor, calma! Mais uma vez, muito obrigada! Fiquem com Deus!<\/p>\n","protected":false},"author":4,"featured_media":2569,"comment_status":"open","ping_status":"open","sticky":false,"template":"","format":"standard","meta":{"_monsterinsights_skip_tracking":false,"_monsterinsights_sitenote_active":false,"_monsterinsights_sitenote_note":"","_monsterinsights_sitenote_category":0,"footnotes":""},"categories":[21,7,2,13],"tags":[33,27,145],"class_list":["post-3269","post","type-post","status-publish","format-standard","has-post-thumbnail","hentry","category-acontece","category-cinema","category-filmes","category-noticias","tag-dublador","tag-dublagem","tag-rede-social"],"yoast_head":"<!-- This site is optimized with the Yoast SEO plugin v26.1.1 - https:\/\/yoast.com\/wordpress\/plugins\/seo\/ -->\n<title>Briggs \u00e9 atacado em redes sociais depois de Iara Ri\u00e7a revelar que n\u00e3o far\u00e1 Arlequina. | DB - Dublagem Brasileira<\/title>\n<meta name=\"robots\" content=\"index, follow, max-snippet:-1, max-image-preview:large, max-video-preview:-1\" \/>\n<link rel=\"canonical\" href=\"https:\/\/dublagembrasileira.com.br\/?p=3269\" \/>\n<meta property=\"og:locale\" content=\"pt_BR\" \/>\n<meta property=\"og:type\" content=\"article\" \/>\n<meta property=\"og:title\" content=\"Briggs \u00e9 atacado em redes sociais depois de Iara Ri\u00e7a revelar que n\u00e3o far\u00e1 Arlequina. | DB - Dublagem Brasileira\" \/>\n<meta property=\"og:description\" content=\"Dublador n\u00e3o est\u00e1 envolvido de nenhuma forma com a dublagem do filme e mesmo assim os f\u00e3s o condenaram. Assim que a not\u00edcia de que Iara Ri\u00e7a n\u00e3o far\u00e1 mais a voz da Arlequina em Aves de Rapina foi descoberta pelos f\u00e3s, in\u00fameros coment\u00e1rios atacando o dublador e diretor Guilherme Briggs foram escritos expressando muita insatifa\u00e7\u00e3o com ele. Guilherme dirigiu a dublagem de Esquadr\u00e3o Suic\u00edda e logo associaram seu nome ao caso. Ocorre que a produ\u00e7\u00e3o tem na dublagem outra diretora, Guilherme n\u00e3o est\u00e1 mais dirigindo dentro do setor e foi pego de surpresa n\u00e3o apenas com a not\u00edcia da Iara como do seu nome estar envolvido. At\u00e9 dubladores mais veteranos se deixaram levar pelos coment\u00e1rios dos f\u00e3s e criticaram Briggs no Facebook. Diante de tantas reclama\u00e7\u00f5es envolvendo o nome do antigo diretor, a dubladora Iara Ri\u00e7a se viu for\u00e7ada a postar um texto esclarecendo que Briggs n\u00e3o tem nenhuma participa\u00e7\u00e3o nos acontecimentos. Veja a postagem publicada no Facebook pela dubladora Iara Ri\u00e7a: Amigos, por favor, quero esclarecer uma coisa muito importante! Eu AMO o Guilherme Briggs. Ele \u00e9 um diretor sensacional. Ele \u00e9 extremamente criativo, sabe tirar o melhor do ator. Amo o Briggs, de cora\u00e7\u00e3o. E AMO ser dirigida por ele.. Voc\u00eas lembram que eu pedi calma.? Ent\u00e3o, por favor, se gostam de mim e do meu trabalho, tenham calma. N\u00c3O se voltem contra ningu\u00e9m. Fiz o post no Facebook porque precisava dar uma satisfa\u00e7\u00e3o a quem curte o meu trabalho. E, por isso, tive o cuidado de pedir calma. Ent\u00e3o,por favor, calma! Mais uma vez, muito obrigada! Fiquem com Deus!\" \/>\n<meta property=\"og:url\" content=\"https:\/\/dublagembrasileira.com.br\/?p=3269\" \/>\n<meta property=\"og:site_name\" content=\"DB - Dublagem Brasileira\" \/>\n<meta property=\"article:author\" content=\"https:\/\/www.facebook.com\/dublagembrasileira\" \/>\n<meta property=\"article:published_time\" content=\"2019-12-03T13:26:36+00:00\" \/>\n<meta property=\"article:modified_time\" content=\"2020-01-17T14:24:28+00:00\" \/>\n<meta property=\"og:image\" content=\"https:\/\/dublagembrasileira.com.br\/wp-content\/uploads\/2019\/09\/guilherme_briggs.jpg\" \/>\n\t<meta property=\"og:image:width\" content=\"704\" \/>\n\t<meta property=\"og:image:height\" content=\"496\" \/>\n\t<meta property=\"og:image:type\" content=\"image\/jpeg\" \/>\n<meta name=\"author\" content=\"Reda\u00e7\u00e3o\" \/>\n<meta name=\"twitter:card\" content=\"summary_large_image\" \/>\n<meta name=\"twitter:creator\" content=\"@dbdublagem\" \/>\n<meta name=\"twitter:label1\" content=\"Escrito por\" \/>\n\t<meta name=\"twitter:data1\" content=\"Reda\u00e7\u00e3o\" \/>\n\t<meta name=\"twitter:label2\" content=\"Est. tempo de leitura\" \/>\n\t<meta name=\"twitter:data2\" content=\"1 minuto\" \/>\n<script type=\"application\/ld+json\" class=\"yoast-schema-graph\">{\"@context\":\"https:\/\/schema.org\",\"@graph\":[{\"@type\":\"Article\",\"@id\":\"https:\/\/dublagembrasileira.com.br\/?p=3269#article\",\"isPartOf\":{\"@id\":\"https:\/\/dublagembrasileira.com.br\/?p=3269\"},\"author\":{\"name\":\"Reda\u00e7\u00e3o\",\"@id\":\"https:\/\/dublagembrasileira.com.br\/#\/schema\/person\/a75bac594c0e9a0b96508b7e124f20d1\"},\"headline\":\"Briggs \u00e9 atacado em redes sociais depois de Iara Ri\u00e7a revelar que n\u00e3o far\u00e1 Arlequina.\",\"datePublished\":\"2019-12-03T13:26:36+00:00\",\"dateModified\":\"2020-01-17T14:24:28+00:00\",\"mainEntityOfPage\":{\"@id\":\"https:\/\/dublagembrasileira.com.br\/?p=3269\"},\"wordCount\":308,\"commentCount\":0,\"publisher\":{\"@id\":\"https:\/\/dublagembrasileira.com.br\/#organization\"},\"image\":{\"@id\":\"https:\/\/dublagembrasileira.com.br\/?p=3269#primaryimage\"},\"thumbnailUrl\":\"https:\/\/dublagembrasileira.com.br\/wp-content\/uploads\/2019\/09\/guilherme_briggs.jpg\",\"keywords\":[\"dublador\",\"dublagem\",\"rede social\"],\"articleSection\":[\"Acontece\",\"Cinema\",\"Filmes\",\"Not\u00edcias\"],\"inLanguage\":\"pt-BR\",\"potentialAction\":[{\"@type\":\"CommentAction\",\"name\":\"Comment\",\"target\":[\"https:\/\/dublagembrasileira.com.br\/?p=3269#respond\"]}]},{\"@type\":\"WebPage\",\"@id\":\"https:\/\/dublagembrasileira.com.br\/?p=3269\",\"url\":\"https:\/\/dublagembrasileira.com.br\/?p=3269\",\"name\":\"Briggs \u00e9 atacado em redes sociais depois de Iara Ri\u00e7a revelar que n\u00e3o far\u00e1 Arlequina. | DB - Dublagem Brasileira\",\"isPartOf\":{\"@id\":\"https:\/\/dublagembrasileira.com.br\/#website\"},\"primaryImageOfPage\":{\"@id\":\"https:\/\/dublagembrasileira.com.br\/?p=3269#primaryimage\"},\"image\":{\"@id\":\"https:\/\/dublagembrasileira.com.br\/?p=3269#primaryimage\"},\"thumbnailUrl\":\"https:\/\/dublagembrasileira.com.br\/wp-content\/uploads\/2019\/09\/guilherme_briggs.jpg\",\"datePublished\":\"2019-12-03T13:26:36+00:00\",\"dateModified\":\"2020-01-17T14:24:28+00:00\",\"breadcrumb\":{\"@id\":\"https:\/\/dublagembrasileira.com.br\/?p=3269#breadcrumb\"},\"inLanguage\":\"pt-BR\",\"potentialAction\":[{\"@type\":\"ReadAction\",\"target\":[\"https:\/\/dublagembrasileira.com.br\/?p=3269\"]}]},{\"@type\":\"ImageObject\",\"inLanguage\":\"pt-BR\",\"@id\":\"https:\/\/dublagembrasileira.com.br\/?p=3269#primaryimage\",\"url\":\"https:\/\/dublagembrasileira.com.br\/wp-content\/uploads\/2019\/09\/guilherme_briggs.jpg\",\"contentUrl\":\"https:\/\/dublagembrasileira.com.br\/wp-content\/uploads\/2019\/09\/guilherme_briggs.jpg\",\"width\":704,\"height\":496},{\"@type\":\"BreadcrumbList\",\"@id\":\"https:\/\/dublagembrasileira.com.br\/?p=3269#breadcrumb\",\"itemListElement\":[{\"@type\":\"ListItem\",\"position\":1,\"name\":\"In\u00edcio\",\"item\":\"https:\/\/dublagembrasileira.com.br\/\"},{\"@type\":\"ListItem\",\"position\":2,\"name\":\"Briggs \u00e9 atacado em redes sociais depois de Iara Ri\u00e7a revelar que n\u00e3o far\u00e1 Arlequina.\"}]},{\"@type\":\"WebSite\",\"@id\":\"https:\/\/dublagembrasileira.com.br\/#website\",\"url\":\"https:\/\/dublagembrasileira.com.br\/\",\"name\":\"DB - Dublagem Brasileira\",\"description\":\"O seu portal de dublagem.\",\"publisher\":{\"@id\":\"https:\/\/dublagembrasileira.com.br\/#organization\"},\"potentialAction\":[{\"@type\":\"SearchAction\",\"target\":{\"@type\":\"EntryPoint\",\"urlTemplate\":\"https:\/\/dublagembrasileira.com.br\/?s={search_term_string}\"},\"query-input\":{\"@type\":\"PropertyValueSpecification\",\"valueRequired\":true,\"valueName\":\"search_term_string\"}}],\"inLanguage\":\"pt-BR\"},{\"@type\":\"Organization\",\"@id\":\"https:\/\/dublagembrasileira.com.br\/#organization\",\"name\":\"DB - Dublagem Brasileira\",\"url\":\"https:\/\/dublagembrasileira.com.br\/\",\"logo\":{\"@type\":\"ImageObject\",\"inLanguage\":\"pt-BR\",\"@id\":\"https:\/\/dublagembrasileira.com.br\/#\/schema\/logo\/image\/\",\"url\":\"https:\/\/dublagembrasileira.com.br\/wp-content\/uploads\/2019\/07\/cropped-logotipodb.png\",\"contentUrl\":\"https:\/\/dublagembrasileira.com.br\/wp-content\/uploads\/2019\/07\/cropped-logotipodb.png\",\"width\":946,\"height\":589,\"caption\":\"DB - Dublagem Brasileira\"},\"image\":{\"@id\":\"https:\/\/dublagembrasileira.com.br\/#\/schema\/logo\/image\/\"}},{\"@type\":\"Person\",\"@id\":\"https:\/\/dublagembrasileira.com.br\/#\/schema\/person\/a75bac594c0e9a0b96508b7e124f20d1\",\"name\":\"Reda\u00e7\u00e3o\",\"image\":{\"@type\":\"ImageObject\",\"inLanguage\":\"pt-BR\",\"@id\":\"https:\/\/dublagembrasileira.com.br\/#\/schema\/person\/image\/\",\"url\":\"http:\/\/dublagembrasileira.com.br\/wp-content\/uploads\/2025\/06\/admin-96x96.jpg\",\"contentUrl\":\"http:\/\/dublagembrasileira.com.br\/wp-content\/uploads\/2025\/06\/admin-96x96.jpg\",\"caption\":\"Reda\u00e7\u00e3o\"},\"description\":\"Equipe do DB.\",\"sameAs\":[\"https:\/\/www.facebook.com\/dublagembrasileira\",\"https:\/\/www.instagram.com\/dbdublagembrasileira\",\"https:\/\/x.com\/dbdublagem\"],\"url\":\"https:\/\/dublagembrasileira.com.br\/?author=4\"}]}<\/script>\n<!-- \/ Yoast SEO plugin. -->","yoast_head_json":{"title":"Briggs \u00e9 atacado em redes sociais depois de Iara Ri\u00e7a revelar que n\u00e3o far\u00e1 Arlequina. | DB - Dublagem Brasileira","robots":{"index":"index","follow":"follow","max-snippet":"max-snippet:-1","max-image-preview":"max-image-preview:large","max-video-preview":"max-video-preview:-1"},"canonical":"https:\/\/dublagembrasileira.com.br\/?p=3269","og_locale":"pt_BR","og_type":"article","og_title":"Briggs \u00e9 atacado em redes sociais depois de Iara Ri\u00e7a revelar que n\u00e3o far\u00e1 Arlequina. | DB - Dublagem Brasileira","og_description":"Dublador n\u00e3o est\u00e1 envolvido de nenhuma forma com a dublagem do filme e mesmo assim os f\u00e3s o condenaram. Assim que a not\u00edcia de que Iara Ri\u00e7a n\u00e3o far\u00e1 mais a voz da Arlequina em Aves de Rapina foi descoberta pelos f\u00e3s, in\u00fameros coment\u00e1rios atacando o dublador e diretor Guilherme Briggs foram escritos expressando muita insatifa\u00e7\u00e3o com ele. Guilherme dirigiu a dublagem de Esquadr\u00e3o Suic\u00edda e logo associaram seu nome ao caso. Ocorre que a produ\u00e7\u00e3o tem na dublagem outra diretora, Guilherme n\u00e3o est\u00e1 mais dirigindo dentro do setor e foi pego de surpresa n\u00e3o apenas com a not\u00edcia da Iara como do seu nome estar envolvido. At\u00e9 dubladores mais veteranos se deixaram levar pelos coment\u00e1rios dos f\u00e3s e criticaram Briggs no Facebook. Diante de tantas reclama\u00e7\u00f5es envolvendo o nome do antigo diretor, a dubladora Iara Ri\u00e7a se viu for\u00e7ada a postar um texto esclarecendo que Briggs n\u00e3o tem nenhuma participa\u00e7\u00e3o nos acontecimentos. Veja a postagem publicada no Facebook pela dubladora Iara Ri\u00e7a: Amigos, por favor, quero esclarecer uma coisa muito importante! Eu AMO o Guilherme Briggs. Ele \u00e9 um diretor sensacional. Ele \u00e9 extremamente criativo, sabe tirar o melhor do ator. Amo o Briggs, de cora\u00e7\u00e3o. E AMO ser dirigida por ele.. Voc\u00eas lembram que eu pedi calma.? Ent\u00e3o, por favor, se gostam de mim e do meu trabalho, tenham calma. N\u00c3O se voltem contra ningu\u00e9m. Fiz o post no Facebook porque precisava dar uma satisfa\u00e7\u00e3o a quem curte o meu trabalho. E, por isso, tive o cuidado de pedir calma. Ent\u00e3o,por favor, calma! Mais uma vez, muito obrigada! Fiquem com Deus!","og_url":"https:\/\/dublagembrasileira.com.br\/?p=3269","og_site_name":"DB - Dublagem Brasileira","article_author":"https:\/\/www.facebook.com\/dublagembrasileira","article_published_time":"2019-12-03T13:26:36+00:00","article_modified_time":"2020-01-17T14:24:28+00:00","og_image":[{"width":704,"height":496,"url":"https:\/\/dublagembrasileira.com.br\/wp-content\/uploads\/2019\/09\/guilherme_briggs.jpg","type":"image\/jpeg"}],"author":"Reda\u00e7\u00e3o","twitter_card":"summary_large_image","twitter_creator":"@dbdublagem","twitter_misc":{"Escrito por":"Reda\u00e7\u00e3o","Est. tempo de leitura":"1 minuto"},"schema":{"@context":"https:\/\/schema.org","@graph":[{"@type":"Article","@id":"https:\/\/dublagembrasileira.com.br\/?p=3269#article","isPartOf":{"@id":"https:\/\/dublagembrasileira.com.br\/?p=3269"},"author":{"name":"Reda\u00e7\u00e3o","@id":"https:\/\/dublagembrasileira.com.br\/#\/schema\/person\/a75bac594c0e9a0b96508b7e124f20d1"},"headline":"Briggs \u00e9 atacado em redes sociais depois de Iara Ri\u00e7a revelar que n\u00e3o far\u00e1 Arlequina.","datePublished":"2019-12-03T13:26:36+00:00","dateModified":"2020-01-17T14:24:28+00:00","mainEntityOfPage":{"@id":"https:\/\/dublagembrasileira.com.br\/?p=3269"},"wordCount":308,"commentCount":0,"publisher":{"@id":"https:\/\/dublagembrasileira.com.br\/#organization"},"image":{"@id":"https:\/\/dublagembrasileira.com.br\/?p=3269#primaryimage"},"thumbnailUrl":"https:\/\/dublagembrasileira.com.br\/wp-content\/uploads\/2019\/09\/guilherme_briggs.jpg","keywords":["dublador","dublagem","rede social"],"articleSection":["Acontece","Cinema","Filmes","Not\u00edcias"],"inLanguage":"pt-BR","potentialAction":[{"@type":"CommentAction","name":"Comment","target":["https:\/\/dublagembrasileira.com.br\/?p=3269#respond"]}]},{"@type":"WebPage","@id":"https:\/\/dublagembrasileira.com.br\/?p=3269","url":"https:\/\/dublagembrasileira.com.br\/?p=3269","name":"Briggs \u00e9 atacado em redes sociais depois de Iara Ri\u00e7a revelar que n\u00e3o far\u00e1 Arlequina. | DB - Dublagem Brasileira","isPartOf":{"@id":"https:\/\/dublagembrasileira.com.br\/#website"},"primaryImageOfPage":{"@id":"https:\/\/dublagembrasileira.com.br\/?p=3269#primaryimage"},"image":{"@id":"https:\/\/dublagembrasileira.com.br\/?p=3269#primaryimage"},"thumbnailUrl":"https:\/\/dublagembrasileira.com.br\/wp-content\/uploads\/2019\/09\/guilherme_briggs.jpg","datePublished":"2019-12-03T13:26:36+00:00","dateModified":"2020-01-17T14:24:28+00:00","breadcrumb":{"@id":"https:\/\/dublagembrasileira.com.br\/?p=3269#breadcrumb"},"inLanguage":"pt-BR","potentialAction":[{"@type":"ReadAction","target":["https:\/\/dublagembrasileira.com.br\/?p=3269"]}]},{"@type":"ImageObject","inLanguage":"pt-BR","@id":"https:\/\/dublagembrasileira.com.br\/?p=3269#primaryimage","url":"https:\/\/dublagembrasileira.com.br\/wp-content\/uploads\/2019\/09\/guilherme_briggs.jpg","contentUrl":"https:\/\/dublagembrasileira.com.br\/wp-content\/uploads\/2019\/09\/guilherme_briggs.jpg","width":704,"height":496},{"@type":"BreadcrumbList","@id":"https:\/\/dublagembrasileira.com.br\/?p=3269#breadcrumb","itemListElement":[{"@type":"ListItem","position":1,"name":"In\u00edcio","item":"https:\/\/dublagembrasileira.com.br\/"},{"@type":"ListItem","position":2,"name":"Briggs \u00e9 atacado em redes sociais depois de Iara Ri\u00e7a revelar que n\u00e3o far\u00e1 Arlequina."}]},{"@type":"WebSite","@id":"https:\/\/dublagembrasileira.com.br\/#website","url":"https:\/\/dublagembrasileira.com.br\/","name":"DB - Dublagem Brasileira","description":"O seu portal de dublagem.","publisher":{"@id":"https:\/\/dublagembrasileira.com.br\/#organization"},"potentialAction":[{"@type":"SearchAction","target":{"@type":"EntryPoint","urlTemplate":"https:\/\/dublagembrasileira.com.br\/?s={search_term_string}"},"query-input":{"@type":"PropertyValueSpecification","valueRequired":true,"valueName":"search_term_string"}}],"inLanguage":"pt-BR"},{"@type":"Organization","@id":"https:\/\/dublagembrasileira.com.br\/#organization","name":"DB - Dublagem Brasileira","url":"https:\/\/dublagembrasileira.com.br\/","logo":{"@type":"ImageObject","inLanguage":"pt-BR","@id":"https:\/\/dublagembrasileira.com.br\/#\/schema\/logo\/image\/","url":"https:\/\/dublagembrasileira.com.br\/wp-content\/uploads\/2019\/07\/cropped-logotipodb.png","contentUrl":"https:\/\/dublagembrasileira.com.br\/wp-content\/uploads\/2019\/07\/cropped-logotipodb.png","width":946,"height":589,"caption":"DB - Dublagem Brasileira"},"image":{"@id":"https:\/\/dublagembrasileira.com.br\/#\/schema\/logo\/image\/"}},{"@type":"Person","@id":"https:\/\/dublagembrasileira.com.br\/#\/schema\/person\/a75bac594c0e9a0b96508b7e124f20d1","name":"Reda\u00e7\u00e3o","image":{"@type":"ImageObject","inLanguage":"pt-BR","@id":"https:\/\/dublagembrasileira.com.br\/#\/schema\/person\/image\/","url":"http:\/\/dublagembrasileira.com.br\/wp-content\/uploads\/2025\/06\/admin-96x96.jpg","contentUrl":"http:\/\/dublagembrasileira.com.br\/wp-content\/uploads\/2025\/06\/admin-96x96.jpg","caption":"Reda\u00e7\u00e3o"},"description":"Equipe do DB.","sameAs":["https:\/\/www.facebook.com\/dublagembrasileira","https:\/\/www.instagram.com\/dbdublagembrasileira","https:\/\/x.com\/dbdublagem"],"url":"https:\/\/dublagembrasileira.com.br\/?author=4"}]}},"rttpg_featured_image_url":{"full":["https:\/\/dublagembrasileira.com.br\/wp-content\/uploads\/2019\/09\/guilherme_briggs.jpg",704,496,false],"landscape":["https:\/\/dublagembrasileira.com.br\/wp-content\/uploads\/2019\/09\/guilherme_briggs.jpg",704,496,false],"portraits":["https:\/\/dublagembrasileira.com.br\/wp-content\/uploads\/2019\/09\/guilherme_briggs.jpg",704,496,false],"thumbnail":["https:\/\/dublagembrasileira.com.br\/wp-content\/uploads\/2019\/09\/guilherme_briggs-150x150.jpg",150,150,true],"medium":["https:\/\/dublagembrasileira.com.br\/wp-content\/uploads\/2019\/09\/guilherme_briggs-300x211.jpg",300,211,true],"large":["https:\/\/dublagembrasileira.com.br\/wp-content\/uploads\/2019\/09\/guilherme_briggs.jpg",640,451,false],"1536x1536":["https:\/\/dublagembrasileira.com.br\/wp-content\/uploads\/2019\/09\/guilherme_briggs.jpg",704,496,false],"2048x2048":["https:\/\/dublagembrasileira.com.br\/wp-content\/uploads\/2019\/09\/guilherme_briggs.jpg",704,496,false],"eggnews-slider-large":["https:\/\/dublagembrasileira.com.br\/wp-content\/uploads\/2019\/09\/guilherme_briggs.jpg",704,496,false],"eggnews-featured-medium":["https:\/\/dublagembrasileira.com.br\/wp-content\/uploads\/2019\/09\/guilherme_briggs-420x307.jpg",420,307,true],"eggnews-featured-long":["https:\/\/dublagembrasileira.com.br\/wp-content\/uploads\/2019\/09\/guilherme_briggs-300x443.jpg",300,443,true],"eggnews-block-medium":["https:\/\/dublagembrasileira.com.br\/wp-content\/uploads\/2019\/09\/guilherme_briggs-464x290.jpg",464,290,true],"eggnews-carousel-image":["https:\/\/dublagembrasileira.com.br\/wp-content\/uploads\/2019\/09\/guilherme_briggs-600x496.jpg",600,496,true],"eggnews-block-thumb":["https:\/\/dublagembrasileira.com.br\/wp-content\/uploads\/2019\/09\/guilherme_briggs-322x230.jpg",322,230,true],"eggnews-single-large":["https:\/\/dublagembrasileira.com.br\/wp-content\/uploads\/2019\/09\/guilherme_briggs.jpg",704,496,false],"crp_thumbnail":["https:\/\/dublagembrasileira.com.br\/wp-content\/uploads\/2019\/09\/guilherme_briggs-150x150.jpg",150,150,true]},"rttpg_author":{"display_name":"Reda\u00e7\u00e3o","author_link":"https:\/\/dublagembrasileira.com.br\/?author=4"},"rttpg_comment":0,"rttpg_category":"<a href=\"https:\/\/dublagembrasileira.com.br\/?cat=21\" rel=\"category\">Acontece<\/a> <a href=\"https:\/\/dublagembrasileira.com.br\/?cat=7\" rel=\"category\">Cinema<\/a> <a href=\"https:\/\/dublagembrasileira.com.br\/?cat=2\" rel=\"category\">Filmes<\/a> <a href=\"https:\/\/dublagembrasileira.com.br\/?cat=13\" rel=\"category\">Not\u00edcias<\/a>","rttpg_excerpt":"Dublador n\u00e3o est\u00e1 envolvido de nenhuma forma com a dublagem do filme e mesmo assim os f\u00e3s o condenaram. Assim que a not\u00edcia de que Iara Ri\u00e7a n\u00e3o far\u00e1 mais a voz da Arlequina em Aves de Rapina foi descoberta pelos f\u00e3s, in\u00fameros coment\u00e1rios atacando o dublador e diretor Guilherme Briggs foram escritos expressando muita&hellip;","_links":{"self":[{"href":"https:\/\/dublagembrasileira.com.br\/index.php?rest_route=\/wp\/v2\/posts\/3269","targetHints":{"allow":["GET"]}}],"collection":[{"href":"https:\/\/dublagembrasileira.com.br\/index.php?rest_route=\/wp\/v2\/posts"}],"about":[{"href":"https:\/\/dublagembrasileira.com.br\/index.php?rest_route=\/wp\/v2\/types\/post"}],"author":[{"embeddable":true,"href":"https:\/\/dublagembrasileira.com.br\/index.php?rest_route=\/wp\/v2\/users\/4"}],"replies":[{"embeddable":true,"href":"https:\/\/dublagembrasileira.com.br\/index.php?rest_route=%2Fwp%2Fv2%2Fcomments&post=3269"}],"version-history":[{"count":5,"href":"https:\/\/dublagembrasileira.com.br\/index.php?rest_route=\/wp\/v2\/posts\/3269\/revisions"}],"predecessor-version":[{"id":3283,"href":"https:\/\/dublagembrasileira.com.br\/index.php?rest_route=\/wp\/v2\/posts\/3269\/revisions\/3283"}],"wp:featuredmedia":[{"embeddable":true,"href":"https:\/\/dublagembrasileira.com.br\/index.php?rest_route=\/wp\/v2\/media\/2569"}],"wp:attachment":[{"href":"https:\/\/dublagembrasileira.com.br\/index.php?rest_route=%2Fwp%2Fv2%2Fmedia&parent=3269"}],"wp:term":[{"taxonomy":"category","embeddable":true,"href":"https:\/\/dublagembrasileira.com.br\/index.php?rest_route=%2Fwp%2Fv2%2Fcategories&post=3269"},{"taxonomy":"post_tag","embeddable":true,"href":"https:\/\/dublagembrasileira.com.br\/index.php?rest_route=%2Fwp%2Fv2%2Ftags&post=3269"}],"curies":[{"name":"wp","href":"https:\/\/api.w.org\/{rel}","templated":true}]}}