{"id":3242,"date":"2019-10-05T10:10:35","date_gmt":"2019-10-05T10:10:35","guid":{"rendered":"http:\/\/dublagembrasileira.com.br\/?p=3242"},"modified":"2019-10-06T17:11:36","modified_gmt":"2019-10-06T17:11:36","slug":"briggs-e-ursula-confirmados-no-parada-nerd-2019","status":"publish","type":"post","link":"https:\/\/dublagembrasileira.com.br\/?p=3242","title":{"rendered":"Briggs e \u00darsula confirmados no Parada Nerd 2019."},"content":{"rendered":"<h4><em>Evento que acontece nos dias 19 e 20 de outubro contar\u00e1 com as vozes do Naruto e do All Might.<\/em><\/h4>\n<hr \/>\n<p style=\"text-align: justify;\">A programa\u00e7\u00e3o do Parada Nerd 2019 foi divulgada e est\u00e1 repleta de atra\u00e7\u00f5es. Dubladores de personagens queridos de animes, dan\u00e7a, desfile e m\u00fasica v\u00e3o animar os dois dias de evento que acontecem de 19 a 20 deste m\u00eas, no Shopping Bosque dos Ip\u00eas. A expectativa \u00e9 receber seis mil pessoas por dia.<\/p>\n<p style=\"text-align: justify;\">A Ursula Bezerra confirmou presen\u00e7a a pouco. Ela se apresentar\u00e1 no palco principal do <b><span class=\"desktop-title-subcontent\">Parada Nerd<\/span><\/b> no dia 19, \u00e0s 15h e logo em seguida encontrar\u00e1 os f\u00e3s para uma sess\u00e3o de fotos. Entre os personagens da carreira da dubladora est\u00e3o o Goku, crian\u00e7a (<strong>Dragon Ball<\/strong>), Chaos (<strong>Dragon Ball<\/strong>), Sailor Chibi Moon (<strong>Sailor Moon<\/strong>) e Fletcher Tringham (<strong>Fullmetal Alchemist<\/strong>) e Naruto.<\/p>\n<p style=\"text-align: justify;\">Tamb\u00e9m estar\u00e1 no evento o dublador Guilherme Briggs. Sua voz \u00e9 conhecida por fazer in\u00fameros personagens consagrados como Freakazoid, Buzz Lightyear (<strong>Toy Story<\/strong>), Cosmo (<strong>Os Padrinhos M\u00e1gicos<\/strong>), Optimus Prime (<strong>Transformers<\/strong>), Superman (<strong>Liga da Justi\u00e7a<\/strong>) e recentemente o All Might em <strong>My Hero Academia<\/strong>. Tamb\u00e9m empresta sua voz a atores como Denzel Washington, Brendan Fraser, Jean-Claude Van Damme, Owen Wilson e Dwayne \u201cThe Rock\u201d Johnson.<\/p>\n<p style=\"text-align: justify;\">A edi\u00e7\u00e3o 2019 do <strong>Parada Nerd<\/strong> ser\u00e1 realizada nos dias 19 e 20 de outubro no Bosque Expo, que integra o Shopping Bosque dos Ip\u00eas, localizado na Av. C\u00f4nsul Assaf Trad, 4796 \u2013 Novos Estados.<\/p>\n<p style=\"text-align: justify;\">Mais informa\u00e7\u00f5es no <a href=\"https:\/\/www.instagram.com\/paradanerd\">Instagram<\/a> do evento.<\/p>\n","protected":false},"excerpt":{"rendered":"<p>Evento que acontece nos dias 19 e 20 de outubro contar\u00e1 com as vozes do Naruto e do All Might. A programa\u00e7\u00e3o do Parada Nerd 2019 foi divulgada e est\u00e1 repleta de atra\u00e7\u00f5es. Dubladores de personagens queridos de animes, dan\u00e7a, desfile e m\u00fasica v\u00e3o animar os dois dias de evento que acontecem de 19 a 20 deste m\u00eas, no Shopping Bosque dos Ip\u00eas. A expectativa \u00e9 receber seis mil pessoas por dia. A Ursula Bezerra confirmou presen\u00e7a a pouco. Ela se apresentar\u00e1 no palco principal do Parada Nerd no dia 19, \u00e0s 15h e logo em seguida encontrar\u00e1 os f\u00e3s para uma sess\u00e3o de fotos. Entre os personagens da carreira da dubladora est\u00e3o o Goku, crian\u00e7a (Dragon Ball), Chaos (Dragon Ball), Sailor Chibi Moon (Sailor Moon) e Fletcher Tringham (Fullmetal Alchemist) e Naruto. Tamb\u00e9m estar\u00e1 no evento o dublador Guilherme Briggs. Sua voz \u00e9 conhecida por fazer in\u00fameros personagens consagrados como Freakazoid, Buzz Lightyear (Toy Story), Cosmo (Os Padrinhos M\u00e1gicos), Optimus Prime (Transformers), Superman (Liga da Justi\u00e7a) e recentemente o All Might em My Hero Academia. Tamb\u00e9m empresta sua voz a atores como Denzel Washington, Brendan Fraser, Jean-Claude Van Damme, Owen Wilson e Dwayne \u201cThe Rock\u201d Johnson. A edi\u00e7\u00e3o 2019 do Parada Nerd ser\u00e1 realizada nos dias 19 e 20 de outubro no Bosque Expo, que integra o Shopping Bosque dos Ip\u00eas, localizado na Av. C\u00f4nsul Assaf Trad, 4796 \u2013 Novos Estados. Mais informa\u00e7\u00f5es no Instagram do evento.<\/p>\n","protected":false},"author":4,"featured_media":2403,"comment_status":"open","ping_status":"open","sticky":false,"template":"","format":"standard","meta":{"_monsterinsights_skip_tracking":false,"_monsterinsights_sitenote_active":false,"_monsterinsights_sitenote_note":"","_monsterinsights_sitenote_category":0,"footnotes":""},"categories":[21,13],"tags":[],"class_list":["post-3242","post","type-post","status-publish","format-standard","has-post-thumbnail","hentry","category-acontece","category-noticias"],"yoast_head":"<!-- This site is optimized with the Yoast SEO plugin v26.1.1 - https:\/\/yoast.com\/wordpress\/plugins\/seo\/ -->\n<title>Briggs e \u00darsula confirmados no Parada Nerd 2019. | DB - Dublagem Brasileira<\/title>\n<meta name=\"description\" content=\"Briggs e \u00darsula confirmados no Parada Nerd 2019. Evento que acontece nos dias 19 e 20 de outubro contar\u00e1 com as vozes do Naruto e do All Might.\" \/>\n<meta name=\"robots\" content=\"index, follow, max-snippet:-1, max-image-preview:large, max-video-preview:-1\" \/>\n<link rel=\"canonical\" href=\"https:\/\/dublagembrasileira.com.br\/?p=3242\" \/>\n<meta property=\"og:locale\" content=\"pt_BR\" \/>\n<meta property=\"og:type\" content=\"article\" \/>\n<meta property=\"og:title\" content=\"Briggs e \u00darsula confirmados no Parada Nerd 2019. | DB - Dublagem Brasileira\" \/>\n<meta property=\"og:description\" content=\"Briggs e \u00darsula confirmados no Parada Nerd 2019. Evento que acontece nos dias 19 e 20 de outubro contar\u00e1 com as vozes do Naruto e do All Might.\" \/>\n<meta property=\"og:url\" content=\"https:\/\/dublagembrasileira.com.br\/?p=3242\" \/>\n<meta property=\"og:site_name\" content=\"DB - Dublagem Brasileira\" \/>\n<meta property=\"article:author\" content=\"https:\/\/www.facebook.com\/dublagembrasileira\" \/>\n<meta property=\"article:published_time\" content=\"2019-10-05T10:10:35+00:00\" \/>\n<meta property=\"article:modified_time\" content=\"2019-10-06T17:11:36+00:00\" \/>\n<meta property=\"og:image\" content=\"https:\/\/dublagembrasileira.com.br\/wp-content\/uploads\/2019\/08\/briggs.jpg\" \/>\n\t<meta property=\"og:image:width\" content=\"704\" \/>\n\t<meta property=\"og:image:height\" content=\"496\" \/>\n\t<meta property=\"og:image:type\" content=\"image\/jpeg\" \/>\n<meta name=\"author\" content=\"Reda\u00e7\u00e3o\" \/>\n<meta name=\"twitter:card\" content=\"summary_large_image\" \/>\n<meta name=\"twitter:creator\" content=\"@dbdublagem\" \/>\n<meta name=\"twitter:label1\" content=\"Escrito por\" \/>\n\t<meta name=\"twitter:data1\" content=\"Reda\u00e7\u00e3o\" \/>\n\t<meta name=\"twitter:label2\" content=\"Est. tempo de leitura\" \/>\n\t<meta name=\"twitter:data2\" content=\"1 minuto\" \/>\n<script type=\"application\/ld+json\" class=\"yoast-schema-graph\">{\"@context\":\"https:\/\/schema.org\",\"@graph\":[{\"@type\":\"Article\",\"@id\":\"https:\/\/dublagembrasileira.com.br\/?p=3242#article\",\"isPartOf\":{\"@id\":\"https:\/\/dublagembrasileira.com.br\/?p=3242\"},\"author\":{\"name\":\"Reda\u00e7\u00e3o\",\"@id\":\"https:\/\/dublagembrasileira.com.br\/#\/schema\/person\/a75bac594c0e9a0b96508b7e124f20d1\"},\"headline\":\"Briggs e \u00darsula confirmados no Parada Nerd 2019.\",\"datePublished\":\"2019-10-05T10:10:35+00:00\",\"dateModified\":\"2019-10-06T17:11:36+00:00\",\"mainEntityOfPage\":{\"@id\":\"https:\/\/dublagembrasileira.com.br\/?p=3242\"},\"wordCount\":253,\"commentCount\":0,\"publisher\":{\"@id\":\"https:\/\/dublagembrasileira.com.br\/#organization\"},\"image\":{\"@id\":\"https:\/\/dublagembrasileira.com.br\/?p=3242#primaryimage\"},\"thumbnailUrl\":\"https:\/\/dublagembrasileira.com.br\/wp-content\/uploads\/2019\/08\/briggs.jpg\",\"articleSection\":[\"Acontece\",\"Not\u00edcias\"],\"inLanguage\":\"pt-BR\",\"potentialAction\":[{\"@type\":\"CommentAction\",\"name\":\"Comment\",\"target\":[\"https:\/\/dublagembrasileira.com.br\/?p=3242#respond\"]}]},{\"@type\":\"WebPage\",\"@id\":\"https:\/\/dublagembrasileira.com.br\/?p=3242\",\"url\":\"https:\/\/dublagembrasileira.com.br\/?p=3242\",\"name\":\"Briggs e \u00darsula confirmados no Parada Nerd 2019. | DB - Dublagem Brasileira\",\"isPartOf\":{\"@id\":\"https:\/\/dublagembrasileira.com.br\/#website\"},\"primaryImageOfPage\":{\"@id\":\"https:\/\/dublagembrasileira.com.br\/?p=3242#primaryimage\"},\"image\":{\"@id\":\"https:\/\/dublagembrasileira.com.br\/?p=3242#primaryimage\"},\"thumbnailUrl\":\"https:\/\/dublagembrasileira.com.br\/wp-content\/uploads\/2019\/08\/briggs.jpg\",\"datePublished\":\"2019-10-05T10:10:35+00:00\",\"dateModified\":\"2019-10-06T17:11:36+00:00\",\"description\":\"Briggs e \u00darsula confirmados no Parada Nerd 2019. Evento que acontece nos dias 19 e 20 de outubro contar\u00e1 com as vozes do Naruto e do All Might.\",\"breadcrumb\":{\"@id\":\"https:\/\/dublagembrasileira.com.br\/?p=3242#breadcrumb\"},\"inLanguage\":\"pt-BR\",\"potentialAction\":[{\"@type\":\"ReadAction\",\"target\":[\"https:\/\/dublagembrasileira.com.br\/?p=3242\"]}]},{\"@type\":\"ImageObject\",\"inLanguage\":\"pt-BR\",\"@id\":\"https:\/\/dublagembrasileira.com.br\/?p=3242#primaryimage\",\"url\":\"https:\/\/dublagembrasileira.com.br\/wp-content\/uploads\/2019\/08\/briggs.jpg\",\"contentUrl\":\"https:\/\/dublagembrasileira.com.br\/wp-content\/uploads\/2019\/08\/briggs.jpg\",\"width\":704,\"height\":496},{\"@type\":\"BreadcrumbList\",\"@id\":\"https:\/\/dublagembrasileira.com.br\/?p=3242#breadcrumb\",\"itemListElement\":[{\"@type\":\"ListItem\",\"position\":1,\"name\":\"In\u00edcio\",\"item\":\"https:\/\/dublagembrasileira.com.br\/\"},{\"@type\":\"ListItem\",\"position\":2,\"name\":\"Briggs e \u00darsula confirmados no Parada Nerd 2019.\"}]},{\"@type\":\"WebSite\",\"@id\":\"https:\/\/dublagembrasileira.com.br\/#website\",\"url\":\"https:\/\/dublagembrasileira.com.br\/\",\"name\":\"DB - Dublagem Brasileira\",\"description\":\"O seu portal de dublagem.\",\"publisher\":{\"@id\":\"https:\/\/dublagembrasileira.com.br\/#organization\"},\"potentialAction\":[{\"@type\":\"SearchAction\",\"target\":{\"@type\":\"EntryPoint\",\"urlTemplate\":\"https:\/\/dublagembrasileira.com.br\/?s={search_term_string}\"},\"query-input\":{\"@type\":\"PropertyValueSpecification\",\"valueRequired\":true,\"valueName\":\"search_term_string\"}}],\"inLanguage\":\"pt-BR\"},{\"@type\":\"Organization\",\"@id\":\"https:\/\/dublagembrasileira.com.br\/#organization\",\"name\":\"DB - Dublagem Brasileira\",\"url\":\"https:\/\/dublagembrasileira.com.br\/\",\"logo\":{\"@type\":\"ImageObject\",\"inLanguage\":\"pt-BR\",\"@id\":\"https:\/\/dublagembrasileira.com.br\/#\/schema\/logo\/image\/\",\"url\":\"https:\/\/dublagembrasileira.com.br\/wp-content\/uploads\/2019\/07\/cropped-logotipodb.png\",\"contentUrl\":\"https:\/\/dublagembrasileira.com.br\/wp-content\/uploads\/2019\/07\/cropped-logotipodb.png\",\"width\":946,\"height\":589,\"caption\":\"DB - Dublagem Brasileira\"},\"image\":{\"@id\":\"https:\/\/dublagembrasileira.com.br\/#\/schema\/logo\/image\/\"}},{\"@type\":\"Person\",\"@id\":\"https:\/\/dublagembrasileira.com.br\/#\/schema\/person\/a75bac594c0e9a0b96508b7e124f20d1\",\"name\":\"Reda\u00e7\u00e3o\",\"image\":{\"@type\":\"ImageObject\",\"inLanguage\":\"pt-BR\",\"@id\":\"https:\/\/dublagembrasileira.com.br\/#\/schema\/person\/image\/\",\"url\":\"http:\/\/dublagembrasileira.com.br\/wp-content\/uploads\/2025\/06\/admin-96x96.jpg\",\"contentUrl\":\"http:\/\/dublagembrasileira.com.br\/wp-content\/uploads\/2025\/06\/admin-96x96.jpg\",\"caption\":\"Reda\u00e7\u00e3o\"},\"description\":\"Equipe do DB.\",\"sameAs\":[\"https:\/\/www.facebook.com\/dublagembrasileira\",\"https:\/\/www.instagram.com\/dbdublagembrasileira\",\"https:\/\/x.com\/dbdublagem\"],\"url\":\"https:\/\/dublagembrasileira.com.br\/?author=4\"}]}<\/script>\n<!-- \/ Yoast SEO plugin. -->","yoast_head_json":{"title":"Briggs e \u00darsula confirmados no Parada Nerd 2019. | DB - Dublagem Brasileira","description":"Briggs e \u00darsula confirmados no Parada Nerd 2019. Evento que acontece nos dias 19 e 20 de outubro contar\u00e1 com as vozes do Naruto e do All Might.","robots":{"index":"index","follow":"follow","max-snippet":"max-snippet:-1","max-image-preview":"max-image-preview:large","max-video-preview":"max-video-preview:-1"},"canonical":"https:\/\/dublagembrasileira.com.br\/?p=3242","og_locale":"pt_BR","og_type":"article","og_title":"Briggs e \u00darsula confirmados no Parada Nerd 2019. | DB - Dublagem Brasileira","og_description":"Briggs e \u00darsula confirmados no Parada Nerd 2019. Evento que acontece nos dias 19 e 20 de outubro contar\u00e1 com as vozes do Naruto e do All Might.","og_url":"https:\/\/dublagembrasileira.com.br\/?p=3242","og_site_name":"DB - Dublagem Brasileira","article_author":"https:\/\/www.facebook.com\/dublagembrasileira","article_published_time":"2019-10-05T10:10:35+00:00","article_modified_time":"2019-10-06T17:11:36+00:00","og_image":[{"width":704,"height":496,"url":"https:\/\/dublagembrasileira.com.br\/wp-content\/uploads\/2019\/08\/briggs.jpg","type":"image\/jpeg"}],"author":"Reda\u00e7\u00e3o","twitter_card":"summary_large_image","twitter_creator":"@dbdublagem","twitter_misc":{"Escrito por":"Reda\u00e7\u00e3o","Est. tempo de leitura":"1 minuto"},"schema":{"@context":"https:\/\/schema.org","@graph":[{"@type":"Article","@id":"https:\/\/dublagembrasileira.com.br\/?p=3242#article","isPartOf":{"@id":"https:\/\/dublagembrasileira.com.br\/?p=3242"},"author":{"name":"Reda\u00e7\u00e3o","@id":"https:\/\/dublagembrasileira.com.br\/#\/schema\/person\/a75bac594c0e9a0b96508b7e124f20d1"},"headline":"Briggs e \u00darsula confirmados no Parada Nerd 2019.","datePublished":"2019-10-05T10:10:35+00:00","dateModified":"2019-10-06T17:11:36+00:00","mainEntityOfPage":{"@id":"https:\/\/dublagembrasileira.com.br\/?p=3242"},"wordCount":253,"commentCount":0,"publisher":{"@id":"https:\/\/dublagembrasileira.com.br\/#organization"},"image":{"@id":"https:\/\/dublagembrasileira.com.br\/?p=3242#primaryimage"},"thumbnailUrl":"https:\/\/dublagembrasileira.com.br\/wp-content\/uploads\/2019\/08\/briggs.jpg","articleSection":["Acontece","Not\u00edcias"],"inLanguage":"pt-BR","potentialAction":[{"@type":"CommentAction","name":"Comment","target":["https:\/\/dublagembrasileira.com.br\/?p=3242#respond"]}]},{"@type":"WebPage","@id":"https:\/\/dublagembrasileira.com.br\/?p=3242","url":"https:\/\/dublagembrasileira.com.br\/?p=3242","name":"Briggs e \u00darsula confirmados no Parada Nerd 2019. | DB - Dublagem Brasileira","isPartOf":{"@id":"https:\/\/dublagembrasileira.com.br\/#website"},"primaryImageOfPage":{"@id":"https:\/\/dublagembrasileira.com.br\/?p=3242#primaryimage"},"image":{"@id":"https:\/\/dublagembrasileira.com.br\/?p=3242#primaryimage"},"thumbnailUrl":"https:\/\/dublagembrasileira.com.br\/wp-content\/uploads\/2019\/08\/briggs.jpg","datePublished":"2019-10-05T10:10:35+00:00","dateModified":"2019-10-06T17:11:36+00:00","description":"Briggs e \u00darsula confirmados no Parada Nerd 2019. Evento que acontece nos dias 19 e 20 de outubro contar\u00e1 com as vozes do Naruto e do All Might.","breadcrumb":{"@id":"https:\/\/dublagembrasileira.com.br\/?p=3242#breadcrumb"},"inLanguage":"pt-BR","potentialAction":[{"@type":"ReadAction","target":["https:\/\/dublagembrasileira.com.br\/?p=3242"]}]},{"@type":"ImageObject","inLanguage":"pt-BR","@id":"https:\/\/dublagembrasileira.com.br\/?p=3242#primaryimage","url":"https:\/\/dublagembrasileira.com.br\/wp-content\/uploads\/2019\/08\/briggs.jpg","contentUrl":"https:\/\/dublagembrasileira.com.br\/wp-content\/uploads\/2019\/08\/briggs.jpg","width":704,"height":496},{"@type":"BreadcrumbList","@id":"https:\/\/dublagembrasileira.com.br\/?p=3242#breadcrumb","itemListElement":[{"@type":"ListItem","position":1,"name":"In\u00edcio","item":"https:\/\/dublagembrasileira.com.br\/"},{"@type":"ListItem","position":2,"name":"Briggs e \u00darsula confirmados no Parada Nerd 2019."}]},{"@type":"WebSite","@id":"https:\/\/dublagembrasileira.com.br\/#website","url":"https:\/\/dublagembrasileira.com.br\/","name":"DB - Dublagem Brasileira","description":"O seu portal de dublagem.","publisher":{"@id":"https:\/\/dublagembrasileira.com.br\/#organization"},"potentialAction":[{"@type":"SearchAction","target":{"@type":"EntryPoint","urlTemplate":"https:\/\/dublagembrasileira.com.br\/?s={search_term_string}"},"query-input":{"@type":"PropertyValueSpecification","valueRequired":true,"valueName":"search_term_string"}}],"inLanguage":"pt-BR"},{"@type":"Organization","@id":"https:\/\/dublagembrasileira.com.br\/#organization","name":"DB - Dublagem Brasileira","url":"https:\/\/dublagembrasileira.com.br\/","logo":{"@type":"ImageObject","inLanguage":"pt-BR","@id":"https:\/\/dublagembrasileira.com.br\/#\/schema\/logo\/image\/","url":"https:\/\/dublagembrasileira.com.br\/wp-content\/uploads\/2019\/07\/cropped-logotipodb.png","contentUrl":"https:\/\/dublagembrasileira.com.br\/wp-content\/uploads\/2019\/07\/cropped-logotipodb.png","width":946,"height":589,"caption":"DB - Dublagem Brasileira"},"image":{"@id":"https:\/\/dublagembrasileira.com.br\/#\/schema\/logo\/image\/"}},{"@type":"Person","@id":"https:\/\/dublagembrasileira.com.br\/#\/schema\/person\/a75bac594c0e9a0b96508b7e124f20d1","name":"Reda\u00e7\u00e3o","image":{"@type":"ImageObject","inLanguage":"pt-BR","@id":"https:\/\/dublagembrasileira.com.br\/#\/schema\/person\/image\/","url":"http:\/\/dublagembrasileira.com.br\/wp-content\/uploads\/2025\/06\/admin-96x96.jpg","contentUrl":"http:\/\/dublagembrasileira.com.br\/wp-content\/uploads\/2025\/06\/admin-96x96.jpg","caption":"Reda\u00e7\u00e3o"},"description":"Equipe do DB.","sameAs":["https:\/\/www.facebook.com\/dublagembrasileira","https:\/\/www.instagram.com\/dbdublagembrasileira","https:\/\/x.com\/dbdublagem"],"url":"https:\/\/dublagembrasileira.com.br\/?author=4"}]}},"rttpg_featured_image_url":{"full":["https:\/\/dublagembrasileira.com.br\/wp-content\/uploads\/2019\/08\/briggs.jpg",704,496,false],"landscape":["https:\/\/dublagembrasileira.com.br\/wp-content\/uploads\/2019\/08\/briggs.jpg",704,496,false],"portraits":["https:\/\/dublagembrasileira.com.br\/wp-content\/uploads\/2019\/08\/briggs.jpg",704,496,false],"thumbnail":["https:\/\/dublagembrasileira.com.br\/wp-content\/uploads\/2019\/08\/briggs-150x150.jpg",150,150,true],"medium":["https:\/\/dublagembrasileira.com.br\/wp-content\/uploads\/2019\/08\/briggs-300x211.jpg",300,211,true],"large":["https:\/\/dublagembrasileira.com.br\/wp-content\/uploads\/2019\/08\/briggs.jpg",640,451,false],"1536x1536":["https:\/\/dublagembrasileira.com.br\/wp-content\/uploads\/2019\/08\/briggs.jpg",704,496,false],"2048x2048":["https:\/\/dublagembrasileira.com.br\/wp-content\/uploads\/2019\/08\/briggs.jpg",704,496,false],"eggnews-slider-large":["https:\/\/dublagembrasileira.com.br\/wp-content\/uploads\/2019\/08\/briggs.jpg",704,496,false],"eggnews-featured-medium":["https:\/\/dublagembrasileira.com.br\/wp-content\/uploads\/2019\/08\/briggs-420x307.jpg",420,307,true],"eggnews-featured-long":["https:\/\/dublagembrasileira.com.br\/wp-content\/uploads\/2019\/08\/briggs-300x443.jpg",300,443,true],"eggnews-block-medium":["https:\/\/dublagembrasileira.com.br\/wp-content\/uploads\/2019\/08\/briggs-464x290.jpg",464,290,true],"eggnews-carousel-image":["https:\/\/dublagembrasileira.com.br\/wp-content\/uploads\/2019\/08\/briggs-600x496.jpg",600,496,true],"eggnews-block-thumb":["https:\/\/dublagembrasileira.com.br\/wp-content\/uploads\/2019\/08\/briggs-322x230.jpg",322,230,true],"eggnews-single-large":["https:\/\/dublagembrasileira.com.br\/wp-content\/uploads\/2019\/08\/briggs.jpg",704,496,false],"crp_thumbnail":["https:\/\/dublagembrasileira.com.br\/wp-content\/uploads\/2019\/08\/briggs-150x150.jpg",150,150,true]},"rttpg_author":{"display_name":"Reda\u00e7\u00e3o","author_link":"https:\/\/dublagembrasileira.com.br\/?author=4"},"rttpg_comment":0,"rttpg_category":"<a href=\"https:\/\/dublagembrasileira.com.br\/?cat=21\" rel=\"category\">Acontece<\/a> <a href=\"https:\/\/dublagembrasileira.com.br\/?cat=13\" rel=\"category\">Not\u00edcias<\/a>","rttpg_excerpt":"Evento que acontece nos dias 19 e 20 de outubro contar\u00e1 com as vozes do Naruto e do All Might. A programa\u00e7\u00e3o do Parada Nerd 2019 foi divulgada e est\u00e1 repleta de atra\u00e7\u00f5es. Dubladores de personagens queridos de animes, dan\u00e7a, desfile e m\u00fasica v\u00e3o animar os dois dias de evento que acontecem de 19 a&hellip;","_links":{"self":[{"href":"https:\/\/dublagembrasileira.com.br\/index.php?rest_route=\/wp\/v2\/posts\/3242","targetHints":{"allow":["GET"]}}],"collection":[{"href":"https:\/\/dublagembrasileira.com.br\/index.php?rest_route=\/wp\/v2\/posts"}],"about":[{"href":"https:\/\/dublagembrasileira.com.br\/index.php?rest_route=\/wp\/v2\/types\/post"}],"author":[{"embeddable":true,"href":"https:\/\/dublagembrasileira.com.br\/index.php?rest_route=\/wp\/v2\/users\/4"}],"replies":[{"embeddable":true,"href":"https:\/\/dublagembrasileira.com.br\/index.php?rest_route=%2Fwp%2Fv2%2Fcomments&post=3242"}],"version-history":[{"count":1,"href":"https:\/\/dublagembrasileira.com.br\/index.php?rest_route=\/wp\/v2\/posts\/3242\/revisions"}],"predecessor-version":[{"id":3243,"href":"https:\/\/dublagembrasileira.com.br\/index.php?rest_route=\/wp\/v2\/posts\/3242\/revisions\/3243"}],"wp:featuredmedia":[{"embeddable":true,"href":"https:\/\/dublagembrasileira.com.br\/index.php?rest_route=\/wp\/v2\/media\/2403"}],"wp:attachment":[{"href":"https:\/\/dublagembrasileira.com.br\/index.php?rest_route=%2Fwp%2Fv2%2Fmedia&parent=3242"}],"wp:term":[{"taxonomy":"category","embeddable":true,"href":"https:\/\/dublagembrasileira.com.br\/index.php?rest_route=%2Fwp%2Fv2%2Fcategories&post=3242"},{"taxonomy":"post_tag","embeddable":true,"href":"https:\/\/dublagembrasileira.com.br\/index.php?rest_route=%2Fwp%2Fv2%2Ftags&post=3242"}],"curies":[{"name":"wp","href":"https:\/\/api.w.org\/{rel}","templated":true}]}}