{"id":3224,"date":"2019-10-01T12:51:47","date_gmt":"2019-10-01T12:51:47","guid":{"rendered":"http:\/\/dublagembrasileira.com.br\/?p=3224"},"modified":"2019-10-01T12:51:47","modified_gmt":"2019-10-01T12:51:47","slug":"nachtergaele-estreia-nos-cinemas-como-dublador","status":"publish","type":"post","link":"https:\/\/dublagembrasileira.com.br\/?p=3224","title":{"rendered":"Nachtergaele estreia nos cinemas como dublador."},"content":{"rendered":"<h4><em>Tratando de temas atuais <strong>A Cidade dos Piratas<\/strong> chega aos cinemas no final de outubro.<\/em><\/h4>\n<hr \/>\n<p>Depois de passarem pelo <a href=\"http:\/\/dublagembrasileira.com.br\/?p=1057\"><strong>Anima Mundi<\/strong><\/a>, o desenho <strong>A Cidade dos Piratas<\/strong>, do diretor Otto Guerra, chega ao circuito nacional no dia 31 de outubro, contando com a distribui\u00e7\u00e3o da Lan\u00e7a Filmes.<\/p>\n<p>A <strong>Cidade dos Piratas<\/strong> faz uma mistura underground e ca\u00f3tica entre fic\u00e7\u00e3o e realidade sobre as vidas particulares de Laerte Coutinho e Otto Guerra. O filme \u00e9 constru\u00eddo por meio de uma s\u00e9rie de refer\u00eancias dos quadrinhos da Laerte, e do cinema do pr\u00f3prio diretor, al\u00e9m de buscar atrav\u00e9s da hist\u00f3ria do Brasil \u2013 inclusive fatos associados a hist\u00f3ria recente \u2013 fazer uma reflex\u00e3o sobre a arte, a cultura pop, e pol\u00edtica.<\/p>\n<p>Otto Guerra chamou o conceituado ator Matheus Nachtergaele, destaque hoje como o prefeito Oleg\u00e1rio da s\u00e9rie <strong>Cine Holli\u00fady<\/strong>, para integrar o elenco de vozes da anima\u00e7\u00e3o. O ator dubla o personagem Ivan.<\/p>\n<figure id=\"attachment_1059\" aria-describedby=\"caption-attachment-1059\" style=\"width: 1000px\" class=\"wp-caption alignnone\"><img fetchpriority=\"high\" decoding=\"async\" class=\"wp-image-1059 size-full\" src=\"http:\/\/dublagembrasileira.com.br\/wp-content\/uploads\/2019\/07\/piratastiete.jpg\" alt=\"\" width=\"1000\" height=\"586\" srcset=\"https:\/\/dublagembrasileira.com.br\/wp-content\/uploads\/2019\/07\/piratastiete.jpg 1000w, https:\/\/dublagembrasileira.com.br\/wp-content\/uploads\/2019\/07\/piratastiete-300x176.jpg 300w, https:\/\/dublagembrasileira.com.br\/wp-content\/uploads\/2019\/07\/piratastiete-768x450.jpg 768w\" sizes=\"(max-width: 1000px) 100vw, 1000px\" \/><figcaption id=\"caption-attachment-1059\" class=\"wp-caption-text\">A Cidade dos Piratas, destaque no Anima Mundi.<\/figcaption><\/figure>\n<p style=\"text-align: justify;\">Conhecido ap\u00f3s dar vida ao personagem Jo\u00e3o Grilo no filme <strong>O Auto Da Compadecida<\/strong>, o ator est\u00e1 em um bela fase tamb\u00e9m na televis\u00e3o, finalizando as grava\u00e7\u00f5es da pr\u00f3xima temporada de <strong>Filhos da P\u00e1tria<\/strong>. \u201cEstamos na reta final do processo de grava\u00e7\u00e3o e \u00e9 bom ver como o Pacheco representa a ronda corrupta da nossa p\u00e1tria.<\/p>\n<p style=\"text-align: justify;\">Outro nome conhecido em frente \u00e0s c\u00e2meras que est\u00e1 no elenco de dublagem \u00e9 o do ator Marco Ricca. Entre seus trabalhos recentes nas telenovelas est\u00e3o 2016 Liberdade, Liberdade (Manuel Ludovino do Rego), Os Dias Eram Assim (Olavo Amaral), Segredos de Justi\u00e7a (Maur\u00edcio) e \u00d3rf\u00e3os da Terra (Elias Faiek Saad).<\/p>\n","protected":false},"excerpt":{"rendered":"<p>Tratando de temas atuais A Cidade dos Piratas chega aos cinemas no final de outubro. Depois de passarem pelo Anima Mundi, o desenho A Cidade dos Piratas, do diretor Otto Guerra, chega ao circuito nacional no dia 31 de outubro, contando com a distribui\u00e7\u00e3o da Lan\u00e7a Filmes. A Cidade dos Piratas faz uma mistura underground e ca\u00f3tica entre fic\u00e7\u00e3o e realidade sobre as vidas particulares de Laerte Coutinho e Otto Guerra. O filme \u00e9 constru\u00eddo por meio de uma s\u00e9rie de refer\u00eancias dos quadrinhos da Laerte, e do cinema do pr\u00f3prio diretor, al\u00e9m de buscar atrav\u00e9s da hist\u00f3ria do Brasil \u2013 inclusive fatos associados a hist\u00f3ria recente \u2013 fazer uma reflex\u00e3o sobre a arte, a cultura pop, e pol\u00edtica. Otto Guerra chamou o conceituado ator Matheus Nachtergaele, destaque hoje como o prefeito Oleg\u00e1rio da s\u00e9rie Cine Holli\u00fady, para integrar o elenco de vozes da anima\u00e7\u00e3o. O ator dubla o personagem Ivan. Conhecido ap\u00f3s dar vida ao personagem Jo\u00e3o Grilo no filme O Auto Da Compadecida, o ator est\u00e1 em um bela fase tamb\u00e9m na televis\u00e3o, finalizando as grava\u00e7\u00f5es da pr\u00f3xima temporada de Filhos da P\u00e1tria. \u201cEstamos na reta final do processo de grava\u00e7\u00e3o e \u00e9 bom ver como o Pacheco representa a ronda corrupta da nossa p\u00e1tria. Outro nome conhecido em frente \u00e0s c\u00e2meras que est\u00e1 no elenco de dublagem \u00e9 o do ator Marco Ricca. Entre seus trabalhos recentes nas telenovelas est\u00e3o 2016 Liberdade, Liberdade (Manuel Ludovino do Rego), Os Dias Eram Assim (Olavo Amaral), Segredos de Justi\u00e7a (Maur\u00edcio) e \u00d3rf\u00e3os da Terra (Elias Faiek Saad).<\/p>\n","protected":false},"author":4,"featured_media":1058,"comment_status":"open","ping_status":"open","sticky":false,"template":"","format":"standard","meta":{"_monsterinsights_skip_tracking":false,"_monsterinsights_sitenote_active":false,"_monsterinsights_sitenote_note":"","_monsterinsights_sitenote_category":0,"footnotes":""},"categories":[7,4,13],"tags":[32,38,26,124,33,34,29,27],"class_list":["post-3224","post","type-post","status-publish","format-standard","has-post-thumbnail","hentry","category-cinema","category-desenhos","category-noticias","tag-animacao","tag-cinema","tag-desenho","tag-dublado","tag-dublador","tag-dubladora","tag-dubladores","tag-dublagem"],"yoast_head":"<!-- This site is optimized with the Yoast SEO plugin v26.1.1 - https:\/\/yoast.com\/wordpress\/plugins\/seo\/ -->\n<title>Nachtergaele estreia nos cinemas como dublador. | DB - Dublagem Brasileira<\/title>\n<meta name=\"description\" content=\"Nachtergaele estreia nos cinemas como dublador. Tratando de temas atuais A Cidade dos Piratas chega aos cinemas no final de outubro.\" \/>\n<meta name=\"robots\" content=\"index, follow, max-snippet:-1, max-image-preview:large, max-video-preview:-1\" \/>\n<link rel=\"canonical\" href=\"https:\/\/dublagembrasileira.com.br\/?p=3224\" \/>\n<meta property=\"og:locale\" content=\"pt_BR\" \/>\n<meta property=\"og:type\" content=\"article\" \/>\n<meta property=\"og:title\" content=\"Nachtergaele estreia nos cinemas como dublador. | DB - Dublagem Brasileira\" \/>\n<meta property=\"og:description\" content=\"Nachtergaele estreia nos cinemas como dublador. Tratando de temas atuais A Cidade dos Piratas chega aos cinemas no final de outubro.\" \/>\n<meta property=\"og:url\" content=\"https:\/\/dublagembrasileira.com.br\/?p=3224\" \/>\n<meta property=\"og:site_name\" content=\"DB - Dublagem Brasileira\" \/>\n<meta property=\"article:author\" content=\"https:\/\/www.facebook.com\/dublagembrasileira\" \/>\n<meta property=\"article:published_time\" content=\"2019-10-01T12:51:47+00:00\" \/>\n<meta property=\"og:image\" content=\"https:\/\/dublagembrasileira.com.br\/wp-content\/uploads\/2019\/07\/matheus.jpg\" \/>\n\t<meta property=\"og:image:width\" content=\"704\" \/>\n\t<meta property=\"og:image:height\" content=\"496\" \/>\n\t<meta property=\"og:image:type\" content=\"image\/jpeg\" \/>\n<meta name=\"author\" content=\"Reda\u00e7\u00e3o\" \/>\n<meta name=\"twitter:card\" content=\"summary_large_image\" \/>\n<meta name=\"twitter:creator\" content=\"@dbdublagem\" \/>\n<meta name=\"twitter:label1\" content=\"Escrito por\" \/>\n\t<meta name=\"twitter:data1\" content=\"Reda\u00e7\u00e3o\" \/>\n\t<meta name=\"twitter:label2\" content=\"Est. tempo de leitura\" \/>\n\t<meta name=\"twitter:data2\" content=\"1 minuto\" \/>\n<script type=\"application\/ld+json\" class=\"yoast-schema-graph\">{\"@context\":\"https:\/\/schema.org\",\"@graph\":[{\"@type\":\"Article\",\"@id\":\"https:\/\/dublagembrasileira.com.br\/?p=3224#article\",\"isPartOf\":{\"@id\":\"https:\/\/dublagembrasileira.com.br\/?p=3224\"},\"author\":{\"name\":\"Reda\u00e7\u00e3o\",\"@id\":\"https:\/\/dublagembrasileira.com.br\/#\/schema\/person\/a75bac594c0e9a0b96508b7e124f20d1\"},\"headline\":\"Nachtergaele estreia nos cinemas como dublador.\",\"datePublished\":\"2019-10-01T12:51:47+00:00\",\"mainEntityOfPage\":{\"@id\":\"https:\/\/dublagembrasileira.com.br\/?p=3224\"},\"wordCount\":303,\"commentCount\":0,\"publisher\":{\"@id\":\"https:\/\/dublagembrasileira.com.br\/#organization\"},\"image\":{\"@id\":\"https:\/\/dublagembrasileira.com.br\/?p=3224#primaryimage\"},\"thumbnailUrl\":\"https:\/\/dublagembrasileira.com.br\/wp-content\/uploads\/2019\/07\/matheus.jpg\",\"keywords\":[\"anima\u00e7\u00e3o\",\"cinema\",\"desenho\",\"dublado\",\"dublador\",\"dubladora\",\"dubladores\",\"dublagem\"],\"articleSection\":[\"Cinema\",\"Desenhos\",\"Not\u00edcias\"],\"inLanguage\":\"pt-BR\",\"potentialAction\":[{\"@type\":\"CommentAction\",\"name\":\"Comment\",\"target\":[\"https:\/\/dublagembrasileira.com.br\/?p=3224#respond\"]}]},{\"@type\":\"WebPage\",\"@id\":\"https:\/\/dublagembrasileira.com.br\/?p=3224\",\"url\":\"https:\/\/dublagembrasileira.com.br\/?p=3224\",\"name\":\"Nachtergaele estreia nos cinemas como dublador. | DB - Dublagem Brasileira\",\"isPartOf\":{\"@id\":\"https:\/\/dublagembrasileira.com.br\/#website\"},\"primaryImageOfPage\":{\"@id\":\"https:\/\/dublagembrasileira.com.br\/?p=3224#primaryimage\"},\"image\":{\"@id\":\"https:\/\/dublagembrasileira.com.br\/?p=3224#primaryimage\"},\"thumbnailUrl\":\"https:\/\/dublagembrasileira.com.br\/wp-content\/uploads\/2019\/07\/matheus.jpg\",\"datePublished\":\"2019-10-01T12:51:47+00:00\",\"description\":\"Nachtergaele estreia nos cinemas como dublador. Tratando de temas atuais A Cidade dos Piratas chega aos cinemas no final de outubro.\",\"breadcrumb\":{\"@id\":\"https:\/\/dublagembrasileira.com.br\/?p=3224#breadcrumb\"},\"inLanguage\":\"pt-BR\",\"potentialAction\":[{\"@type\":\"ReadAction\",\"target\":[\"https:\/\/dublagembrasileira.com.br\/?p=3224\"]}]},{\"@type\":\"ImageObject\",\"inLanguage\":\"pt-BR\",\"@id\":\"https:\/\/dublagembrasileira.com.br\/?p=3224#primaryimage\",\"url\":\"https:\/\/dublagembrasileira.com.br\/wp-content\/uploads\/2019\/07\/matheus.jpg\",\"contentUrl\":\"https:\/\/dublagembrasileira.com.br\/wp-content\/uploads\/2019\/07\/matheus.jpg\",\"width\":704,\"height\":496},{\"@type\":\"BreadcrumbList\",\"@id\":\"https:\/\/dublagembrasileira.com.br\/?p=3224#breadcrumb\",\"itemListElement\":[{\"@type\":\"ListItem\",\"position\":1,\"name\":\"In\u00edcio\",\"item\":\"https:\/\/dublagembrasileira.com.br\/\"},{\"@type\":\"ListItem\",\"position\":2,\"name\":\"Nachtergaele estreia nos cinemas como dublador.\"}]},{\"@type\":\"WebSite\",\"@id\":\"https:\/\/dublagembrasileira.com.br\/#website\",\"url\":\"https:\/\/dublagembrasileira.com.br\/\",\"name\":\"DB - Dublagem Brasileira\",\"description\":\"O seu portal de dublagem.\",\"publisher\":{\"@id\":\"https:\/\/dublagembrasileira.com.br\/#organization\"},\"potentialAction\":[{\"@type\":\"SearchAction\",\"target\":{\"@type\":\"EntryPoint\",\"urlTemplate\":\"https:\/\/dublagembrasileira.com.br\/?s={search_term_string}\"},\"query-input\":{\"@type\":\"PropertyValueSpecification\",\"valueRequired\":true,\"valueName\":\"search_term_string\"}}],\"inLanguage\":\"pt-BR\"},{\"@type\":\"Organization\",\"@id\":\"https:\/\/dublagembrasileira.com.br\/#organization\",\"name\":\"DB - Dublagem Brasileira\",\"url\":\"https:\/\/dublagembrasileira.com.br\/\",\"logo\":{\"@type\":\"ImageObject\",\"inLanguage\":\"pt-BR\",\"@id\":\"https:\/\/dublagembrasileira.com.br\/#\/schema\/logo\/image\/\",\"url\":\"https:\/\/dublagembrasileira.com.br\/wp-content\/uploads\/2019\/07\/cropped-logotipodb.png\",\"contentUrl\":\"https:\/\/dublagembrasileira.com.br\/wp-content\/uploads\/2019\/07\/cropped-logotipodb.png\",\"width\":946,\"height\":589,\"caption\":\"DB - Dublagem Brasileira\"},\"image\":{\"@id\":\"https:\/\/dublagembrasileira.com.br\/#\/schema\/logo\/image\/\"}},{\"@type\":\"Person\",\"@id\":\"https:\/\/dublagembrasileira.com.br\/#\/schema\/person\/a75bac594c0e9a0b96508b7e124f20d1\",\"name\":\"Reda\u00e7\u00e3o\",\"image\":{\"@type\":\"ImageObject\",\"inLanguage\":\"pt-BR\",\"@id\":\"https:\/\/dublagembrasileira.com.br\/#\/schema\/person\/image\/\",\"url\":\"http:\/\/dublagembrasileira.com.br\/wp-content\/uploads\/2025\/06\/admin-96x96.jpg\",\"contentUrl\":\"http:\/\/dublagembrasileira.com.br\/wp-content\/uploads\/2025\/06\/admin-96x96.jpg\",\"caption\":\"Reda\u00e7\u00e3o\"},\"description\":\"Equipe do DB.\",\"sameAs\":[\"https:\/\/www.facebook.com\/dublagembrasileira\",\"https:\/\/www.instagram.com\/dbdublagembrasileira\",\"https:\/\/x.com\/dbdublagem\"],\"url\":\"https:\/\/dublagembrasileira.com.br\/?author=4\"}]}<\/script>\n<!-- \/ Yoast SEO plugin. -->","yoast_head_json":{"title":"Nachtergaele estreia nos cinemas como dublador. | DB - Dublagem Brasileira","description":"Nachtergaele estreia nos cinemas como dublador. Tratando de temas atuais A Cidade dos Piratas chega aos cinemas no final de outubro.","robots":{"index":"index","follow":"follow","max-snippet":"max-snippet:-1","max-image-preview":"max-image-preview:large","max-video-preview":"max-video-preview:-1"},"canonical":"https:\/\/dublagembrasileira.com.br\/?p=3224","og_locale":"pt_BR","og_type":"article","og_title":"Nachtergaele estreia nos cinemas como dublador. | DB - Dublagem Brasileira","og_description":"Nachtergaele estreia nos cinemas como dublador. Tratando de temas atuais A Cidade dos Piratas chega aos cinemas no final de outubro.","og_url":"https:\/\/dublagembrasileira.com.br\/?p=3224","og_site_name":"DB - Dublagem Brasileira","article_author":"https:\/\/www.facebook.com\/dublagembrasileira","article_published_time":"2019-10-01T12:51:47+00:00","og_image":[{"width":704,"height":496,"url":"https:\/\/dublagembrasileira.com.br\/wp-content\/uploads\/2019\/07\/matheus.jpg","type":"image\/jpeg"}],"author":"Reda\u00e7\u00e3o","twitter_card":"summary_large_image","twitter_creator":"@dbdublagem","twitter_misc":{"Escrito por":"Reda\u00e7\u00e3o","Est. tempo de leitura":"1 minuto"},"schema":{"@context":"https:\/\/schema.org","@graph":[{"@type":"Article","@id":"https:\/\/dublagembrasileira.com.br\/?p=3224#article","isPartOf":{"@id":"https:\/\/dublagembrasileira.com.br\/?p=3224"},"author":{"name":"Reda\u00e7\u00e3o","@id":"https:\/\/dublagembrasileira.com.br\/#\/schema\/person\/a75bac594c0e9a0b96508b7e124f20d1"},"headline":"Nachtergaele estreia nos cinemas como dublador.","datePublished":"2019-10-01T12:51:47+00:00","mainEntityOfPage":{"@id":"https:\/\/dublagembrasileira.com.br\/?p=3224"},"wordCount":303,"commentCount":0,"publisher":{"@id":"https:\/\/dublagembrasileira.com.br\/#organization"},"image":{"@id":"https:\/\/dublagembrasileira.com.br\/?p=3224#primaryimage"},"thumbnailUrl":"https:\/\/dublagembrasileira.com.br\/wp-content\/uploads\/2019\/07\/matheus.jpg","keywords":["anima\u00e7\u00e3o","cinema","desenho","dublado","dublador","dubladora","dubladores","dublagem"],"articleSection":["Cinema","Desenhos","Not\u00edcias"],"inLanguage":"pt-BR","potentialAction":[{"@type":"CommentAction","name":"Comment","target":["https:\/\/dublagembrasileira.com.br\/?p=3224#respond"]}]},{"@type":"WebPage","@id":"https:\/\/dublagembrasileira.com.br\/?p=3224","url":"https:\/\/dublagembrasileira.com.br\/?p=3224","name":"Nachtergaele estreia nos cinemas como dublador. | DB - Dublagem Brasileira","isPartOf":{"@id":"https:\/\/dublagembrasileira.com.br\/#website"},"primaryImageOfPage":{"@id":"https:\/\/dublagembrasileira.com.br\/?p=3224#primaryimage"},"image":{"@id":"https:\/\/dublagembrasileira.com.br\/?p=3224#primaryimage"},"thumbnailUrl":"https:\/\/dublagembrasileira.com.br\/wp-content\/uploads\/2019\/07\/matheus.jpg","datePublished":"2019-10-01T12:51:47+00:00","description":"Nachtergaele estreia nos cinemas como dublador. Tratando de temas atuais A Cidade dos Piratas chega aos cinemas no final de outubro.","breadcrumb":{"@id":"https:\/\/dublagembrasileira.com.br\/?p=3224#breadcrumb"},"inLanguage":"pt-BR","potentialAction":[{"@type":"ReadAction","target":["https:\/\/dublagembrasileira.com.br\/?p=3224"]}]},{"@type":"ImageObject","inLanguage":"pt-BR","@id":"https:\/\/dublagembrasileira.com.br\/?p=3224#primaryimage","url":"https:\/\/dublagembrasileira.com.br\/wp-content\/uploads\/2019\/07\/matheus.jpg","contentUrl":"https:\/\/dublagembrasileira.com.br\/wp-content\/uploads\/2019\/07\/matheus.jpg","width":704,"height":496},{"@type":"BreadcrumbList","@id":"https:\/\/dublagembrasileira.com.br\/?p=3224#breadcrumb","itemListElement":[{"@type":"ListItem","position":1,"name":"In\u00edcio","item":"https:\/\/dublagembrasileira.com.br\/"},{"@type":"ListItem","position":2,"name":"Nachtergaele estreia nos cinemas como dublador."}]},{"@type":"WebSite","@id":"https:\/\/dublagembrasileira.com.br\/#website","url":"https:\/\/dublagembrasileira.com.br\/","name":"DB - Dublagem Brasileira","description":"O seu portal de dublagem.","publisher":{"@id":"https:\/\/dublagembrasileira.com.br\/#organization"},"potentialAction":[{"@type":"SearchAction","target":{"@type":"EntryPoint","urlTemplate":"https:\/\/dublagembrasileira.com.br\/?s={search_term_string}"},"query-input":{"@type":"PropertyValueSpecification","valueRequired":true,"valueName":"search_term_string"}}],"inLanguage":"pt-BR"},{"@type":"Organization","@id":"https:\/\/dublagembrasileira.com.br\/#organization","name":"DB - Dublagem Brasileira","url":"https:\/\/dublagembrasileira.com.br\/","logo":{"@type":"ImageObject","inLanguage":"pt-BR","@id":"https:\/\/dublagembrasileira.com.br\/#\/schema\/logo\/image\/","url":"https:\/\/dublagembrasileira.com.br\/wp-content\/uploads\/2019\/07\/cropped-logotipodb.png","contentUrl":"https:\/\/dublagembrasileira.com.br\/wp-content\/uploads\/2019\/07\/cropped-logotipodb.png","width":946,"height":589,"caption":"DB - Dublagem Brasileira"},"image":{"@id":"https:\/\/dublagembrasileira.com.br\/#\/schema\/logo\/image\/"}},{"@type":"Person","@id":"https:\/\/dublagembrasileira.com.br\/#\/schema\/person\/a75bac594c0e9a0b96508b7e124f20d1","name":"Reda\u00e7\u00e3o","image":{"@type":"ImageObject","inLanguage":"pt-BR","@id":"https:\/\/dublagembrasileira.com.br\/#\/schema\/person\/image\/","url":"http:\/\/dublagembrasileira.com.br\/wp-content\/uploads\/2025\/06\/admin-96x96.jpg","contentUrl":"http:\/\/dublagembrasileira.com.br\/wp-content\/uploads\/2025\/06\/admin-96x96.jpg","caption":"Reda\u00e7\u00e3o"},"description":"Equipe do DB.","sameAs":["https:\/\/www.facebook.com\/dublagembrasileira","https:\/\/www.instagram.com\/dbdublagembrasileira","https:\/\/x.com\/dbdublagem"],"url":"https:\/\/dublagembrasileira.com.br\/?author=4"}]}},"rttpg_featured_image_url":{"full":["https:\/\/dublagembrasileira.com.br\/wp-content\/uploads\/2019\/07\/matheus.jpg",704,496,false],"landscape":["https:\/\/dublagembrasileira.com.br\/wp-content\/uploads\/2019\/07\/matheus.jpg",704,496,false],"portraits":["https:\/\/dublagembrasileira.com.br\/wp-content\/uploads\/2019\/07\/matheus.jpg",704,496,false],"thumbnail":["https:\/\/dublagembrasileira.com.br\/wp-content\/uploads\/2019\/07\/matheus-150x150.jpg",150,150,true],"medium":["https:\/\/dublagembrasileira.com.br\/wp-content\/uploads\/2019\/07\/matheus-300x211.jpg",300,211,true],"large":["https:\/\/dublagembrasileira.com.br\/wp-content\/uploads\/2019\/07\/matheus.jpg",640,451,false],"1536x1536":["https:\/\/dublagembrasileira.com.br\/wp-content\/uploads\/2019\/07\/matheus.jpg",704,496,false],"2048x2048":["https:\/\/dublagembrasileira.com.br\/wp-content\/uploads\/2019\/07\/matheus.jpg",704,496,false],"eggnews-slider-large":["https:\/\/dublagembrasileira.com.br\/wp-content\/uploads\/2019\/07\/matheus.jpg",704,496,false],"eggnews-featured-medium":["https:\/\/dublagembrasileira.com.br\/wp-content\/uploads\/2019\/07\/matheus-420x307.jpg",420,307,true],"eggnews-featured-long":["https:\/\/dublagembrasileira.com.br\/wp-content\/uploads\/2019\/07\/matheus-300x443.jpg",300,443,true],"eggnews-block-medium":["https:\/\/dublagembrasileira.com.br\/wp-content\/uploads\/2019\/07\/matheus-464x290.jpg",464,290,true],"eggnews-carousel-image":["https:\/\/dublagembrasileira.com.br\/wp-content\/uploads\/2019\/07\/matheus-600x496.jpg",600,496,true],"eggnews-block-thumb":["https:\/\/dublagembrasileira.com.br\/wp-content\/uploads\/2019\/07\/matheus-322x230.jpg",322,230,true],"eggnews-single-large":["https:\/\/dublagembrasileira.com.br\/wp-content\/uploads\/2019\/07\/matheus.jpg",704,496,false],"crp_thumbnail":["https:\/\/dublagembrasileira.com.br\/wp-content\/uploads\/2019\/07\/matheus-150x150.jpg",150,150,true]},"rttpg_author":{"display_name":"Reda\u00e7\u00e3o","author_link":"https:\/\/dublagembrasileira.com.br\/?author=4"},"rttpg_comment":0,"rttpg_category":"<a href=\"https:\/\/dublagembrasileira.com.br\/?cat=7\" rel=\"category\">Cinema<\/a> <a href=\"https:\/\/dublagembrasileira.com.br\/?cat=4\" rel=\"category\">Desenhos<\/a> <a href=\"https:\/\/dublagembrasileira.com.br\/?cat=13\" rel=\"category\">Not\u00edcias<\/a>","rttpg_excerpt":"Tratando de temas atuais A Cidade dos Piratas chega aos cinemas no final de outubro. Depois de passarem pelo Anima Mundi, o desenho A Cidade dos Piratas, do diretor Otto Guerra, chega ao circuito nacional no dia 31 de outubro, contando com a distribui\u00e7\u00e3o da Lan\u00e7a Filmes. A Cidade dos Piratas faz uma mistura underground&hellip;","_links":{"self":[{"href":"https:\/\/dublagembrasileira.com.br\/index.php?rest_route=\/wp\/v2\/posts\/3224","targetHints":{"allow":["GET"]}}],"collection":[{"href":"https:\/\/dublagembrasileira.com.br\/index.php?rest_route=\/wp\/v2\/posts"}],"about":[{"href":"https:\/\/dublagembrasileira.com.br\/index.php?rest_route=\/wp\/v2\/types\/post"}],"author":[{"embeddable":true,"href":"https:\/\/dublagembrasileira.com.br\/index.php?rest_route=\/wp\/v2\/users\/4"}],"replies":[{"embeddable":true,"href":"https:\/\/dublagembrasileira.com.br\/index.php?rest_route=%2Fwp%2Fv2%2Fcomments&post=3224"}],"version-history":[{"count":1,"href":"https:\/\/dublagembrasileira.com.br\/index.php?rest_route=\/wp\/v2\/posts\/3224\/revisions"}],"predecessor-version":[{"id":3225,"href":"https:\/\/dublagembrasileira.com.br\/index.php?rest_route=\/wp\/v2\/posts\/3224\/revisions\/3225"}],"wp:featuredmedia":[{"embeddable":true,"href":"https:\/\/dublagembrasileira.com.br\/index.php?rest_route=\/wp\/v2\/media\/1058"}],"wp:attachment":[{"href":"https:\/\/dublagembrasileira.com.br\/index.php?rest_route=%2Fwp%2Fv2%2Fmedia&parent=3224"}],"wp:term":[{"taxonomy":"category","embeddable":true,"href":"https:\/\/dublagembrasileira.com.br\/index.php?rest_route=%2Fwp%2Fv2%2Fcategories&post=3224"},{"taxonomy":"post_tag","embeddable":true,"href":"https:\/\/dublagembrasileira.com.br\/index.php?rest_route=%2Fwp%2Fv2%2Ftags&post=3224"}],"curies":[{"name":"wp","href":"https:\/\/api.w.org\/{rel}","templated":true}]}}