{"id":3140,"date":"2019-09-24T11:23:53","date_gmt":"2019-09-24T11:23:53","guid":{"rendered":"http:\/\/dublagembrasileira.com.br\/?p=3140"},"modified":"2019-09-24T11:23:53","modified_gmt":"2019-09-24T11:23:53","slug":"video-mostra-os-bastidores-da-dublagem-de-abominavel","status":"publish","type":"post","link":"https:\/\/dublagembrasileira.com.br\/?p=3140","title":{"rendered":"V\u00eddeo mostra os bastidores da dublagem de Abomin\u00e1vel."},"content":{"rendered":"<h4><em>Universal lan\u00e7a v\u00eddeo com a atriz Mharessa contando sobre o processo de dublagem da anima\u00e7\u00e3o.<\/em><\/h4>\n<hr \/>\n<p style=\"text-align: justify;\">A anima\u00e7\u00e3o <strong>Abomin\u00e1vel<\/strong>, chega aos cinemas no dia 26 de setembro e a <strong><a href=\"https:\/\/www.youtube.com\/user\/UniversalPicturesBRA\">Universal Pictures Brasil<\/a><\/strong> lan\u00e7ou hoje nas suas redes sociais um v\u00eddeo apresentando os bastidores da dublagem brasileira realizada para a produ\u00e7\u00e3o.<\/p>\n<p style=\"text-align: justify;\">No v\u00eddeo a atriz Mharessa, que d\u00e1 voz \u00e0 personagem Yi, conta sobre o processo de dublagem e faz uma descri\u00e7\u00e3o a respeito da adolescente que fica amiga da criatura m\u00edstica de &#8220;Everest&#8221;.<\/p>\n<p style=\"text-align: justify;\">Durante o depoimento a atriz declara que gostou de dublar e que pensa em atuar na \u00e1rea mais vezes. &#8220;Eu achei que n\u00e3o ia me apaixonar tanto quanto me apaixonei. Eu falei: &#8216;\u00e9 isso que eu quero pra minha vida agora tamb\u00e9m&#8217; &#8220;, declara Mharessa.<\/p>\n<p style=\"text-align: justify;\">Mharessa integrou o elenco do remake de <strong>Carrossel<\/strong> e <strong>C\u00famplices de um Resgate. <\/strong>Na anima\u00e7\u00e3o ela far\u00e1 a voz da protagonista Yi. O trailer tamb\u00e9m mostra outras vozes consagradas da dublagem como Carmen Sheila, Arthur Salerno, Charles Emmanuel.<\/p>\n<p style=\"text-align: justify;\"><strong>Abomin\u00e1vel<\/strong> conta a aventura vivida pela adolescente Yi depois que ela encontra uma criatura m\u00e1gica \u2013 um Yeti \u2013 no telhado de seu pr\u00e9dio e percebe que precisa ajud\u00e1-la encontrar o caminho de casa, ent\u00e3o, juntos vivem aventuras em cen\u00e1rios deslumbrantes.<\/p>\n<p style=\"text-align: justify;\">O filme tem dire\u00e7\u00e3o de Jill Culton (O Bicho vai Pegar) e produ\u00e7\u00e3o de Suzanne Buirgy (<strong>Como Treinar o Seu Drag\u00e3o<\/strong> e <strong>Kung Fu Panda 2<\/strong>). A produ\u00e7\u00e3o executiva \u00e9 de Tim Johnson.<\/p>\n<p style=\"text-align: center;\"><strong>Vaja o trailer abaixo:<\/strong><\/p>\n<p style=\"text-align: justify;\"><iframe data-src=\"https:\/\/www.youtube.com\/embed\/ZD1vDatzTqE\" width=\"800\" height=\"450\" frameborder=\"0\" allowfullscreen=\"allowfullscreen\" src=\"data:image\/svg+xml;base64,PHN2ZyB3aWR0aD0iMSIgaGVpZ2h0PSIxIiB4bWxucz0iaHR0cDovL3d3dy53My5vcmcvMjAwMC9zdmciPjwvc3ZnPg==\" data-load-mode=\"1\"><span style=\"display: inline-block; width: 0px; overflow: hidden; line-height: 0;\" data-mce-type=\"bookmark\" class=\"mce_SELRES_start lazyload\">\ufeff<\/span><\/iframe><\/p>\n","protected":false},"excerpt":{"rendered":"<p>Universal lan\u00e7a v\u00eddeo com a atriz Mharessa contando sobre o processo de dublagem da anima\u00e7\u00e3o. A anima\u00e7\u00e3o Abomin\u00e1vel, chega aos cinemas no dia 26 de setembro e a Universal Pictures Brasil lan\u00e7ou hoje nas suas redes sociais um v\u00eddeo apresentando os bastidores da dublagem brasileira realizada para a produ\u00e7\u00e3o. No v\u00eddeo a atriz Mharessa, que d\u00e1 voz \u00e0 personagem Yi, conta sobre o processo de dublagem e faz uma descri\u00e7\u00e3o a respeito da adolescente que fica amiga da criatura m\u00edstica de &#8220;Everest&#8221;. Durante o depoimento a atriz declara que gostou de dublar e que pensa em atuar na \u00e1rea mais vezes. &#8220;Eu achei que n\u00e3o ia me apaixonar tanto quanto me apaixonei. Eu falei: &#8216;\u00e9 isso que eu quero pra minha vida agora tamb\u00e9m&#8217; &#8220;, declara Mharessa. Mharessa integrou o elenco do remake de Carrossel e C\u00famplices de um Resgate. Na anima\u00e7\u00e3o ela far\u00e1 a voz da protagonista Yi. O trailer tamb\u00e9m mostra outras vozes consagradas da dublagem como Carmen Sheila, Arthur Salerno, Charles Emmanuel. Abomin\u00e1vel conta a aventura vivida pela adolescente Yi depois que ela encontra uma criatura m\u00e1gica \u2013 um Yeti \u2013 no telhado de seu pr\u00e9dio e percebe que precisa ajud\u00e1-la encontrar o caminho de casa, ent\u00e3o, juntos vivem aventuras em cen\u00e1rios deslumbrantes. O filme tem dire\u00e7\u00e3o de Jill Culton (O Bicho vai Pegar) e produ\u00e7\u00e3o de Suzanne Buirgy (Como Treinar o Seu Drag\u00e3o e Kung Fu Panda 2). A produ\u00e7\u00e3o executiva \u00e9 de Tim Johnson. Vaja o trailer abaixo: \ufeff<\/p>\n","protected":false},"author":4,"featured_media":3141,"comment_status":"open","ping_status":"open","sticky":false,"template":"","format":"standard","meta":{"_monsterinsights_skip_tracking":false,"_monsterinsights_sitenote_active":false,"_monsterinsights_sitenote_note":"","_monsterinsights_sitenote_category":0,"footnotes":""},"categories":[7,4,13],"tags":[],"class_list":["post-3140","post","type-post","status-publish","format-standard","has-post-thumbnail","hentry","category-cinema","category-desenhos","category-noticias"],"yoast_head":"<!-- This site is optimized with the Yoast SEO plugin v26.1.1 - https:\/\/yoast.com\/wordpress\/plugins\/seo\/ -->\n<title>V\u00eddeo mostra os bastidores da dublagem de Abomin\u00e1vel. | DB - Dublagem Brasileira<\/title>\n<meta name=\"description\" content=\"V\u00eddeo mostra os bastidores da dublagem de Abomin\u00e1vel. Universal lan\u00e7a v\u00eddeo com a atriz Mharessa contando sobre o processo de dublagem da anima\u00e7\u00e3o.\" \/>\n<meta name=\"robots\" content=\"index, follow, max-snippet:-1, max-image-preview:large, max-video-preview:-1\" \/>\n<link rel=\"canonical\" href=\"https:\/\/dublagembrasileira.com.br\/?p=3140\" \/>\n<meta property=\"og:locale\" content=\"pt_BR\" \/>\n<meta property=\"og:type\" content=\"article\" \/>\n<meta property=\"og:title\" content=\"V\u00eddeo mostra os bastidores da dublagem de Abomin\u00e1vel. | DB - Dublagem Brasileira\" \/>\n<meta property=\"og:description\" content=\"V\u00eddeo mostra os bastidores da dublagem de Abomin\u00e1vel. Universal lan\u00e7a v\u00eddeo com a atriz Mharessa contando sobre o processo de dublagem da anima\u00e7\u00e3o.\" \/>\n<meta property=\"og:url\" content=\"https:\/\/dublagembrasileira.com.br\/?p=3140\" \/>\n<meta property=\"og:site_name\" content=\"DB - Dublagem Brasileira\" \/>\n<meta property=\"article:author\" content=\"https:\/\/www.facebook.com\/dublagembrasileira\" \/>\n<meta property=\"article:published_time\" content=\"2019-09-24T11:23:53+00:00\" \/>\n<meta property=\"og:image\" content=\"https:\/\/dublagembrasileira.com.br\/wp-content\/uploads\/2019\/09\/abominavel_mharessa.jpg\" \/>\n\t<meta property=\"og:image:width\" content=\"704\" \/>\n\t<meta property=\"og:image:height\" content=\"496\" \/>\n\t<meta property=\"og:image:type\" content=\"image\/jpeg\" \/>\n<meta name=\"author\" content=\"Reda\u00e7\u00e3o\" \/>\n<meta name=\"twitter:card\" content=\"summary_large_image\" \/>\n<meta name=\"twitter:creator\" content=\"@dbdublagem\" \/>\n<meta name=\"twitter:label1\" content=\"Escrito por\" \/>\n\t<meta name=\"twitter:data1\" content=\"Reda\u00e7\u00e3o\" \/>\n\t<meta name=\"twitter:label2\" content=\"Est. tempo de leitura\" \/>\n\t<meta name=\"twitter:data2\" content=\"1 minuto\" \/>\n<script type=\"application\/ld+json\" class=\"yoast-schema-graph\">{\"@context\":\"https:\/\/schema.org\",\"@graph\":[{\"@type\":\"Article\",\"@id\":\"https:\/\/dublagembrasileira.com.br\/?p=3140#article\",\"isPartOf\":{\"@id\":\"https:\/\/dublagembrasileira.com.br\/?p=3140\"},\"author\":{\"name\":\"Reda\u00e7\u00e3o\",\"@id\":\"https:\/\/dublagembrasileira.com.br\/#\/schema\/person\/a75bac594c0e9a0b96508b7e124f20d1\"},\"headline\":\"V\u00eddeo mostra os bastidores da dublagem de Abomin\u00e1vel.\",\"datePublished\":\"2019-09-24T11:23:53+00:00\",\"mainEntityOfPage\":{\"@id\":\"https:\/\/dublagembrasileira.com.br\/?p=3140\"},\"wordCount\":272,\"commentCount\":0,\"publisher\":{\"@id\":\"https:\/\/dublagembrasileira.com.br\/#organization\"},\"image\":{\"@id\":\"https:\/\/dublagembrasileira.com.br\/?p=3140#primaryimage\"},\"thumbnailUrl\":\"https:\/\/dublagembrasileira.com.br\/wp-content\/uploads\/2019\/09\/abominavel_mharessa.jpg\",\"articleSection\":[\"Cinema\",\"Desenhos\",\"Not\u00edcias\"],\"inLanguage\":\"pt-BR\",\"potentialAction\":[{\"@type\":\"CommentAction\",\"name\":\"Comment\",\"target\":[\"https:\/\/dublagembrasileira.com.br\/?p=3140#respond\"]}]},{\"@type\":\"WebPage\",\"@id\":\"https:\/\/dublagembrasileira.com.br\/?p=3140\",\"url\":\"https:\/\/dublagembrasileira.com.br\/?p=3140\",\"name\":\"V\u00eddeo mostra os bastidores da dublagem de Abomin\u00e1vel. | DB - Dublagem Brasileira\",\"isPartOf\":{\"@id\":\"https:\/\/dublagembrasileira.com.br\/#website\"},\"primaryImageOfPage\":{\"@id\":\"https:\/\/dublagembrasileira.com.br\/?p=3140#primaryimage\"},\"image\":{\"@id\":\"https:\/\/dublagembrasileira.com.br\/?p=3140#primaryimage\"},\"thumbnailUrl\":\"https:\/\/dublagembrasileira.com.br\/wp-content\/uploads\/2019\/09\/abominavel_mharessa.jpg\",\"datePublished\":\"2019-09-24T11:23:53+00:00\",\"description\":\"V\u00eddeo mostra os bastidores da dublagem de Abomin\u00e1vel. Universal lan\u00e7a v\u00eddeo com a atriz Mharessa contando sobre o processo de dublagem da anima\u00e7\u00e3o.\",\"breadcrumb\":{\"@id\":\"https:\/\/dublagembrasileira.com.br\/?p=3140#breadcrumb\"},\"inLanguage\":\"pt-BR\",\"potentialAction\":[{\"@type\":\"ReadAction\",\"target\":[\"https:\/\/dublagembrasileira.com.br\/?p=3140\"]}]},{\"@type\":\"ImageObject\",\"inLanguage\":\"pt-BR\",\"@id\":\"https:\/\/dublagembrasileira.com.br\/?p=3140#primaryimage\",\"url\":\"https:\/\/dublagembrasileira.com.br\/wp-content\/uploads\/2019\/09\/abominavel_mharessa.jpg\",\"contentUrl\":\"https:\/\/dublagembrasileira.com.br\/wp-content\/uploads\/2019\/09\/abominavel_mharessa.jpg\",\"width\":704,\"height\":496},{\"@type\":\"BreadcrumbList\",\"@id\":\"https:\/\/dublagembrasileira.com.br\/?p=3140#breadcrumb\",\"itemListElement\":[{\"@type\":\"ListItem\",\"position\":1,\"name\":\"In\u00edcio\",\"item\":\"https:\/\/dublagembrasileira.com.br\/\"},{\"@type\":\"ListItem\",\"position\":2,\"name\":\"V\u00eddeo mostra os bastidores da dublagem de Abomin\u00e1vel.\"}]},{\"@type\":\"WebSite\",\"@id\":\"https:\/\/dublagembrasileira.com.br\/#website\",\"url\":\"https:\/\/dublagembrasileira.com.br\/\",\"name\":\"DB - Dublagem Brasileira\",\"description\":\"O seu portal de dublagem.\",\"publisher\":{\"@id\":\"https:\/\/dublagembrasileira.com.br\/#organization\"},\"potentialAction\":[{\"@type\":\"SearchAction\",\"target\":{\"@type\":\"EntryPoint\",\"urlTemplate\":\"https:\/\/dublagembrasileira.com.br\/?s={search_term_string}\"},\"query-input\":{\"@type\":\"PropertyValueSpecification\",\"valueRequired\":true,\"valueName\":\"search_term_string\"}}],\"inLanguage\":\"pt-BR\"},{\"@type\":\"Organization\",\"@id\":\"https:\/\/dublagembrasileira.com.br\/#organization\",\"name\":\"DB - Dublagem Brasileira\",\"url\":\"https:\/\/dublagembrasileira.com.br\/\",\"logo\":{\"@type\":\"ImageObject\",\"inLanguage\":\"pt-BR\",\"@id\":\"https:\/\/dublagembrasileira.com.br\/#\/schema\/logo\/image\/\",\"url\":\"https:\/\/dublagembrasileira.com.br\/wp-content\/uploads\/2019\/07\/cropped-logotipodb.png\",\"contentUrl\":\"https:\/\/dublagembrasileira.com.br\/wp-content\/uploads\/2019\/07\/cropped-logotipodb.png\",\"width\":946,\"height\":589,\"caption\":\"DB - Dublagem Brasileira\"},\"image\":{\"@id\":\"https:\/\/dublagembrasileira.com.br\/#\/schema\/logo\/image\/\"}},{\"@type\":\"Person\",\"@id\":\"https:\/\/dublagembrasileira.com.br\/#\/schema\/person\/a75bac594c0e9a0b96508b7e124f20d1\",\"name\":\"Reda\u00e7\u00e3o\",\"image\":{\"@type\":\"ImageObject\",\"inLanguage\":\"pt-BR\",\"@id\":\"https:\/\/dublagembrasileira.com.br\/#\/schema\/person\/image\/\",\"url\":\"http:\/\/dublagembrasileira.com.br\/wp-content\/uploads\/2025\/06\/admin-96x96.jpg\",\"contentUrl\":\"http:\/\/dublagembrasileira.com.br\/wp-content\/uploads\/2025\/06\/admin-96x96.jpg\",\"caption\":\"Reda\u00e7\u00e3o\"},\"description\":\"Equipe do DB.\",\"sameAs\":[\"https:\/\/www.facebook.com\/dublagembrasileira\",\"https:\/\/www.instagram.com\/dbdublagembrasileira\",\"https:\/\/x.com\/dbdublagem\"],\"url\":\"https:\/\/dublagembrasileira.com.br\/?author=4\"}]}<\/script>\n<!-- \/ Yoast SEO plugin. -->","yoast_head_json":{"title":"V\u00eddeo mostra os bastidores da dublagem de Abomin\u00e1vel. | DB - Dublagem Brasileira","description":"V\u00eddeo mostra os bastidores da dublagem de Abomin\u00e1vel. Universal lan\u00e7a v\u00eddeo com a atriz Mharessa contando sobre o processo de dublagem da anima\u00e7\u00e3o.","robots":{"index":"index","follow":"follow","max-snippet":"max-snippet:-1","max-image-preview":"max-image-preview:large","max-video-preview":"max-video-preview:-1"},"canonical":"https:\/\/dublagembrasileira.com.br\/?p=3140","og_locale":"pt_BR","og_type":"article","og_title":"V\u00eddeo mostra os bastidores da dublagem de Abomin\u00e1vel. | DB - Dublagem Brasileira","og_description":"V\u00eddeo mostra os bastidores da dublagem de Abomin\u00e1vel. Universal lan\u00e7a v\u00eddeo com a atriz Mharessa contando sobre o processo de dublagem da anima\u00e7\u00e3o.","og_url":"https:\/\/dublagembrasileira.com.br\/?p=3140","og_site_name":"DB - Dublagem Brasileira","article_author":"https:\/\/www.facebook.com\/dublagembrasileira","article_published_time":"2019-09-24T11:23:53+00:00","og_image":[{"width":704,"height":496,"url":"https:\/\/dublagembrasileira.com.br\/wp-content\/uploads\/2019\/09\/abominavel_mharessa.jpg","type":"image\/jpeg"}],"author":"Reda\u00e7\u00e3o","twitter_card":"summary_large_image","twitter_creator":"@dbdublagem","twitter_misc":{"Escrito por":"Reda\u00e7\u00e3o","Est. tempo de leitura":"1 minuto"},"schema":{"@context":"https:\/\/schema.org","@graph":[{"@type":"Article","@id":"https:\/\/dublagembrasileira.com.br\/?p=3140#article","isPartOf":{"@id":"https:\/\/dublagembrasileira.com.br\/?p=3140"},"author":{"name":"Reda\u00e7\u00e3o","@id":"https:\/\/dublagembrasileira.com.br\/#\/schema\/person\/a75bac594c0e9a0b96508b7e124f20d1"},"headline":"V\u00eddeo mostra os bastidores da dublagem de Abomin\u00e1vel.","datePublished":"2019-09-24T11:23:53+00:00","mainEntityOfPage":{"@id":"https:\/\/dublagembrasileira.com.br\/?p=3140"},"wordCount":272,"commentCount":0,"publisher":{"@id":"https:\/\/dublagembrasileira.com.br\/#organization"},"image":{"@id":"https:\/\/dublagembrasileira.com.br\/?p=3140#primaryimage"},"thumbnailUrl":"https:\/\/dublagembrasileira.com.br\/wp-content\/uploads\/2019\/09\/abominavel_mharessa.jpg","articleSection":["Cinema","Desenhos","Not\u00edcias"],"inLanguage":"pt-BR","potentialAction":[{"@type":"CommentAction","name":"Comment","target":["https:\/\/dublagembrasileira.com.br\/?p=3140#respond"]}]},{"@type":"WebPage","@id":"https:\/\/dublagembrasileira.com.br\/?p=3140","url":"https:\/\/dublagembrasileira.com.br\/?p=3140","name":"V\u00eddeo mostra os bastidores da dublagem de Abomin\u00e1vel. | DB - Dublagem Brasileira","isPartOf":{"@id":"https:\/\/dublagembrasileira.com.br\/#website"},"primaryImageOfPage":{"@id":"https:\/\/dublagembrasileira.com.br\/?p=3140#primaryimage"},"image":{"@id":"https:\/\/dublagembrasileira.com.br\/?p=3140#primaryimage"},"thumbnailUrl":"https:\/\/dublagembrasileira.com.br\/wp-content\/uploads\/2019\/09\/abominavel_mharessa.jpg","datePublished":"2019-09-24T11:23:53+00:00","description":"V\u00eddeo mostra os bastidores da dublagem de Abomin\u00e1vel. Universal lan\u00e7a v\u00eddeo com a atriz Mharessa contando sobre o processo de dublagem da anima\u00e7\u00e3o.","breadcrumb":{"@id":"https:\/\/dublagembrasileira.com.br\/?p=3140#breadcrumb"},"inLanguage":"pt-BR","potentialAction":[{"@type":"ReadAction","target":["https:\/\/dublagembrasileira.com.br\/?p=3140"]}]},{"@type":"ImageObject","inLanguage":"pt-BR","@id":"https:\/\/dublagembrasileira.com.br\/?p=3140#primaryimage","url":"https:\/\/dublagembrasileira.com.br\/wp-content\/uploads\/2019\/09\/abominavel_mharessa.jpg","contentUrl":"https:\/\/dublagembrasileira.com.br\/wp-content\/uploads\/2019\/09\/abominavel_mharessa.jpg","width":704,"height":496},{"@type":"BreadcrumbList","@id":"https:\/\/dublagembrasileira.com.br\/?p=3140#breadcrumb","itemListElement":[{"@type":"ListItem","position":1,"name":"In\u00edcio","item":"https:\/\/dublagembrasileira.com.br\/"},{"@type":"ListItem","position":2,"name":"V\u00eddeo mostra os bastidores da dublagem de Abomin\u00e1vel."}]},{"@type":"WebSite","@id":"https:\/\/dublagembrasileira.com.br\/#website","url":"https:\/\/dublagembrasileira.com.br\/","name":"DB - Dublagem Brasileira","description":"O seu portal de dublagem.","publisher":{"@id":"https:\/\/dublagembrasileira.com.br\/#organization"},"potentialAction":[{"@type":"SearchAction","target":{"@type":"EntryPoint","urlTemplate":"https:\/\/dublagembrasileira.com.br\/?s={search_term_string}"},"query-input":{"@type":"PropertyValueSpecification","valueRequired":true,"valueName":"search_term_string"}}],"inLanguage":"pt-BR"},{"@type":"Organization","@id":"https:\/\/dublagembrasileira.com.br\/#organization","name":"DB - Dublagem Brasileira","url":"https:\/\/dublagembrasileira.com.br\/","logo":{"@type":"ImageObject","inLanguage":"pt-BR","@id":"https:\/\/dublagembrasileira.com.br\/#\/schema\/logo\/image\/","url":"https:\/\/dublagembrasileira.com.br\/wp-content\/uploads\/2019\/07\/cropped-logotipodb.png","contentUrl":"https:\/\/dublagembrasileira.com.br\/wp-content\/uploads\/2019\/07\/cropped-logotipodb.png","width":946,"height":589,"caption":"DB - Dublagem Brasileira"},"image":{"@id":"https:\/\/dublagembrasileira.com.br\/#\/schema\/logo\/image\/"}},{"@type":"Person","@id":"https:\/\/dublagembrasileira.com.br\/#\/schema\/person\/a75bac594c0e9a0b96508b7e124f20d1","name":"Reda\u00e7\u00e3o","image":{"@type":"ImageObject","inLanguage":"pt-BR","@id":"https:\/\/dublagembrasileira.com.br\/#\/schema\/person\/image\/","url":"http:\/\/dublagembrasileira.com.br\/wp-content\/uploads\/2025\/06\/admin-96x96.jpg","contentUrl":"http:\/\/dublagembrasileira.com.br\/wp-content\/uploads\/2025\/06\/admin-96x96.jpg","caption":"Reda\u00e7\u00e3o"},"description":"Equipe do DB.","sameAs":["https:\/\/www.facebook.com\/dublagembrasileira","https:\/\/www.instagram.com\/dbdublagembrasileira","https:\/\/x.com\/dbdublagem"],"url":"https:\/\/dublagembrasileira.com.br\/?author=4"}]}},"rttpg_featured_image_url":{"full":["https:\/\/dublagembrasileira.com.br\/wp-content\/uploads\/2019\/09\/abominavel_mharessa.jpg",704,496,false],"landscape":["https:\/\/dublagembrasileira.com.br\/wp-content\/uploads\/2019\/09\/abominavel_mharessa.jpg",704,496,false],"portraits":["https:\/\/dublagembrasileira.com.br\/wp-content\/uploads\/2019\/09\/abominavel_mharessa.jpg",704,496,false],"thumbnail":["https:\/\/dublagembrasileira.com.br\/wp-content\/uploads\/2019\/09\/abominavel_mharessa-150x150.jpg",150,150,true],"medium":["https:\/\/dublagembrasileira.com.br\/wp-content\/uploads\/2019\/09\/abominavel_mharessa-300x211.jpg",300,211,true],"large":["https:\/\/dublagembrasileira.com.br\/wp-content\/uploads\/2019\/09\/abominavel_mharessa.jpg",640,451,false],"1536x1536":["https:\/\/dublagembrasileira.com.br\/wp-content\/uploads\/2019\/09\/abominavel_mharessa.jpg",704,496,false],"2048x2048":["https:\/\/dublagembrasileira.com.br\/wp-content\/uploads\/2019\/09\/abominavel_mharessa.jpg",704,496,false],"eggnews-slider-large":["https:\/\/dublagembrasileira.com.br\/wp-content\/uploads\/2019\/09\/abominavel_mharessa.jpg",704,496,false],"eggnews-featured-medium":["https:\/\/dublagembrasileira.com.br\/wp-content\/uploads\/2019\/09\/abominavel_mharessa-420x307.jpg",420,307,true],"eggnews-featured-long":["https:\/\/dublagembrasileira.com.br\/wp-content\/uploads\/2019\/09\/abominavel_mharessa-300x443.jpg",300,443,true],"eggnews-block-medium":["https:\/\/dublagembrasileira.com.br\/wp-content\/uploads\/2019\/09\/abominavel_mharessa-464x290.jpg",464,290,true],"eggnews-carousel-image":["https:\/\/dublagembrasileira.com.br\/wp-content\/uploads\/2019\/09\/abominavel_mharessa-600x496.jpg",600,496,true],"eggnews-block-thumb":["https:\/\/dublagembrasileira.com.br\/wp-content\/uploads\/2019\/09\/abominavel_mharessa-322x230.jpg",322,230,true],"eggnews-single-large":["https:\/\/dublagembrasileira.com.br\/wp-content\/uploads\/2019\/09\/abominavel_mharessa.jpg",704,496,false],"crp_thumbnail":["https:\/\/dublagembrasileira.com.br\/wp-content\/uploads\/2019\/09\/abominavel_mharessa-150x150.jpg",150,150,true]},"rttpg_author":{"display_name":"Reda\u00e7\u00e3o","author_link":"https:\/\/dublagembrasileira.com.br\/?author=4"},"rttpg_comment":0,"rttpg_category":"<a href=\"https:\/\/dublagembrasileira.com.br\/?cat=7\" rel=\"category\">Cinema<\/a> <a href=\"https:\/\/dublagembrasileira.com.br\/?cat=4\" rel=\"category\">Desenhos<\/a> <a href=\"https:\/\/dublagembrasileira.com.br\/?cat=13\" rel=\"category\">Not\u00edcias<\/a>","rttpg_excerpt":"Universal lan\u00e7a v\u00eddeo com a atriz Mharessa contando sobre o processo de dublagem da anima\u00e7\u00e3o. A anima\u00e7\u00e3o Abomin\u00e1vel, chega aos cinemas no dia 26 de setembro e a Universal Pictures Brasil lan\u00e7ou hoje nas suas redes sociais um v\u00eddeo apresentando os bastidores da dublagem brasileira realizada para a produ\u00e7\u00e3o. No v\u00eddeo a atriz Mharessa, que&hellip;","_links":{"self":[{"href":"https:\/\/dublagembrasileira.com.br\/index.php?rest_route=\/wp\/v2\/posts\/3140","targetHints":{"allow":["GET"]}}],"collection":[{"href":"https:\/\/dublagembrasileira.com.br\/index.php?rest_route=\/wp\/v2\/posts"}],"about":[{"href":"https:\/\/dublagembrasileira.com.br\/index.php?rest_route=\/wp\/v2\/types\/post"}],"author":[{"embeddable":true,"href":"https:\/\/dublagembrasileira.com.br\/index.php?rest_route=\/wp\/v2\/users\/4"}],"replies":[{"embeddable":true,"href":"https:\/\/dublagembrasileira.com.br\/index.php?rest_route=%2Fwp%2Fv2%2Fcomments&post=3140"}],"version-history":[{"count":1,"href":"https:\/\/dublagembrasileira.com.br\/index.php?rest_route=\/wp\/v2\/posts\/3140\/revisions"}],"predecessor-version":[{"id":3142,"href":"https:\/\/dublagembrasileira.com.br\/index.php?rest_route=\/wp\/v2\/posts\/3140\/revisions\/3142"}],"wp:featuredmedia":[{"embeddable":true,"href":"https:\/\/dublagembrasileira.com.br\/index.php?rest_route=\/wp\/v2\/media\/3141"}],"wp:attachment":[{"href":"https:\/\/dublagembrasileira.com.br\/index.php?rest_route=%2Fwp%2Fv2%2Fmedia&parent=3140"}],"wp:term":[{"taxonomy":"category","embeddable":true,"href":"https:\/\/dublagembrasileira.com.br\/index.php?rest_route=%2Fwp%2Fv2%2Fcategories&post=3140"},{"taxonomy":"post_tag","embeddable":true,"href":"https:\/\/dublagembrasileira.com.br\/index.php?rest_route=%2Fwp%2Fv2%2Ftags&post=3140"}],"curies":[{"name":"wp","href":"https:\/\/api.w.org\/{rel}","templated":true}]}}