{"id":314,"date":"2019-10-03T11:10:28","date_gmt":"2019-10-03T11:10:28","guid":{"rendered":"http:\/\/dublagembrasileira.com.br\/?p=314"},"modified":"2019-10-03T15:01:51","modified_gmt":"2019-10-03T15:01:51","slug":"perfil-fernanda-crispim","status":"publish","type":"post","link":"https:\/\/dublagembrasileira.com.br\/?p=314","title":{"rendered":"Perfil: Fernanda Crispim"},"content":{"rendered":"<style>.elementor-widget-image .widget-image-caption{color:var( --e-global-color-text );font-family:var( --e-global-typography-text-font-family ), Sans-serif;font-weight:var( --e-global-typography-text-font-weight );}.elementor-314 .elementor-element.elementor-element-71c686c5 > .elementor-widget-container{margin:0px 0px 0px 0px;padding:0px 0px 0px 0px;border-radius:0px 0px 0px 0px;}.elementor-314 .elementor-element.elementor-element-71c686c5{text-align:center;}.elementor-314 .elementor-element.elementor-element-71c686c5 img{border-radius:22px 22px 22px 22px;}.elementor-widget-text-editor{font-family:var( --e-global-typography-text-font-family ), Sans-serif;font-weight:var( --e-global-typography-text-font-weight );color:var( --e-global-color-text );}.elementor-widget-text-editor.elementor-drop-cap-view-stacked .elementor-drop-cap{background-color:var( --e-global-color-primary );}.elementor-widget-text-editor.elementor-drop-cap-view-framed .elementor-drop-cap, .elementor-widget-text-editor.elementor-drop-cap-view-default .elementor-drop-cap{color:var( --e-global-color-primary );border-color:var( --e-global-color-primary );}.elementor-314 .elementor-element.elementor-element-5157fa95:not(.elementor-motion-effects-element-type-background), .elementor-314 .elementor-element.elementor-element-5157fa95 > .elementor-motion-effects-container > .elementor-motion-effects-layer{background-color:#ffffff;background-image:url(\"https:\/\/dublagembrasileira.com.br\/wp-content\/uploads\/2019\/07\/princess-fiona-fighter-transparent-png-stickpng-fiona-png-957_1764.png\");background-position:top right;background-repeat:no-repeat;background-size:auto;}.elementor-314 .elementor-element.elementor-element-5157fa95:hover{background-color:#ffffff;}.elementor-314 .elementor-element.elementor-element-5157fa95 > .elementor-background-overlay{background-color:#ffffff;opacity:0.78;transition:background 0.3s, border-radius 0.3s, opacity 0.3s;}.elementor-314 .elementor-element.elementor-element-5157fa95{transition:background 0.3s, border 0.3s, border-radius 0.3s, box-shadow 0.3s;margin-top:-38px;margin-bottom:0px;}@media(max-width:767px){.elementor-314 .elementor-element.elementor-element-5157fa95:not(.elementor-motion-effects-element-type-background), .elementor-314 .elementor-element.elementor-element-5157fa95 > .elementor-motion-effects-container > .elementor-motion-effects-layer{background-image:url(\"https:\/\/dublagembrasileira.com.br\/wp-content\/uploads\/2019\/07\/princess-fiona-fighter-transparent-png-stickpng-fiona-png-957_1764.png\");background-position:top center;}}<\/style>\t\t<div data-elementor-type=\"wp-post\" data-elementor-id=\"314\" class=\"elementor elementor-314\">\n\t\t\t\t\t\t<section class=\"has_eae_slider elementor-section elementor-top-section elementor-element elementor-element-52200c3 elementor-section-boxed elementor-section-height-default elementor-section-height-default wpr-particle-no wpr-jarallax-no wpr-parallax-no wpr-sticky-section-no\" data-eae-slider=\"57750\" data-id=\"52200c3\" data-element_type=\"section\" data-settings=\"{&quot;_ha_eqh_enable&quot;:false}\">\n\t\t\t\t\t\t<div class=\"elementor-container elementor-column-gap-default\">\n\t\t\t\t\t<div class=\"has_eae_slider elementor-column elementor-col-50 elementor-top-column elementor-element elementor-element-2e4cb99f\" data-eae-slider=\"99398\" data-id=\"2e4cb99f\" data-element_type=\"column\">\n\t\t\t<div class=\"elementor-widget-wrap elementor-element-populated\">\n\t\t\t\t\t\t<div class=\"elementor-element elementor-element-71c686c5 elementor-widget elementor-widget-image\" data-id=\"71c686c5\" data-element_type=\"widget\" data-widget_type=\"image.default\">\n\t\t\t\t<div class=\"elementor-widget-container\">\n\t\t\t\t\t\t\t\t\t\t\t\t\t\t\t<img fetchpriority=\"high\" decoding=\"async\" width=\"640\" height=\"760\" src=\"https:\/\/dublagembrasileira.com.br\/wp-content\/uploads\/2019\/07\/fc.jpg\" class=\"attachment-large size-large wp-image-316\" alt=\"\" srcset=\"https:\/\/dublagembrasileira.com.br\/wp-content\/uploads\/2019\/07\/fc.jpg 842w, https:\/\/dublagembrasileira.com.br\/wp-content\/uploads\/2019\/07\/fc-253x300.jpg 253w, https:\/\/dublagembrasileira.com.br\/wp-content\/uploads\/2019\/07\/fc-768x912.jpg 768w\" sizes=\"(max-width: 640px) 100vw, 640px\" \/>\t\t\t\t\t\t\t\t\t\t\t\t\t\t\t<\/div>\n\t\t\t\t<\/div>\n\t\t\t\t\t<\/div>\n\t\t<\/div>\n\t\t\t\t<div class=\"has_eae_slider elementor-column elementor-col-50 elementor-top-column elementor-element elementor-element-204fa5bf\" data-eae-slider=\"9228\" data-id=\"204fa5bf\" data-element_type=\"column\">\n\t\t\t<div class=\"elementor-widget-wrap elementor-element-populated\">\n\t\t\t\t\t\t<div class=\"elementor-element elementor-element-71fbccef elementor-widget elementor-widget-text-editor\" data-id=\"71fbccef\" data-element_type=\"widget\" data-widget_type=\"text-editor.default\">\n\t\t\t\t<div class=\"elementor-widget-container\">\n\t\t\t\t\t\t\t\t\t<p style=\"text-align: justify;\"><span style=\"color: #000000;\">Fernanda Crispim ingressou na dublagem aos 11 anos de idade, participando das novelas <strong>Carrossel<\/strong> e <strong>Chispita<\/strong>. Desde ent\u00e3o destacou-se por fazer grandes personagens.<\/span><\/p><p style=\"text-align: justify;\"><span style=\"color: #000000;\">Em sua lista de vozes consagradas est\u00e3o: Fiona (<strong>Shrek<\/strong>), Lana Lang (<strong>Smallville<\/strong>), Tonya Rock (<strong>Todo Mundo Odeia o Chris<\/strong>), Claire (<strong>Eu, a Patroa e as Crian\u00e7as<\/strong>) e Angelique Boyer na maioria de suas novelas.<\/span><\/p><p style=\"text-align: justify;\"><span style=\"color: #000000;\">Tamb\u00e9m fez a narradora das novidades do m\u00eas no Cartoon Network. Em 2011 recebeu o Pr\u00eamio Yamato (Oscar da Dublagem) de Melhor Dubladora de Protagonista.<\/span><\/p><p><span style=\"color: #000000;\">\u00a0<\/span><\/p>\t\t\t\t\t\t\t\t<\/div>\n\t\t\t\t<\/div>\n\t\t\t\t\t<\/div>\n\t\t<\/div>\n\t\t\t\t\t<\/div>\n\t\t<\/section>\n\t\t\t\t<section class=\"has_eae_slider elementor-section elementor-top-section elementor-element elementor-element-5157fa95 elementor-section-boxed elementor-section-height-default elementor-section-height-default wpr-particle-no wpr-jarallax-no wpr-parallax-no wpr-sticky-section-no\" data-eae-slider=\"82525\" data-id=\"5157fa95\" data-element_type=\"section\" data-settings=\"{&quot;background_background&quot;:&quot;classic&quot;,&quot;_ha_eqh_enable&quot;:false}\">\n\t\t\t\t\t\t\t<div class=\"elementor-background-overlay\"><\/div>\n\t\t\t\t\t\t\t<div class=\"elementor-container elementor-column-gap-default\">\n\t\t\t\t\t<div class=\"has_eae_slider elementor-column elementor-col-100 elementor-top-column elementor-element elementor-element-3f3825af\" data-eae-slider=\"23170\" data-id=\"3f3825af\" data-element_type=\"column\">\n\t\t\t<div class=\"elementor-widget-wrap elementor-element-populated\">\n\t\t\t\t\t\t<div class=\"elementor-element elementor-element-5bc3f3c4 elementor-widget elementor-widget-text-editor\" data-id=\"5bc3f3c4\" data-element_type=\"widget\" data-widget_type=\"text-editor.default\">\n\t\t\t\t<div class=\"elementor-widget-container\">\n\t\t\t\t\t\t\t\t\t<p style=\"text-align: justify;\"><span style=\"color: #000000;\"><strong>Melhor dublagem que assistiu:<\/strong> Chaves e Chapolin. <\/span><\/p><p style=\"text-align: justify;\"><span style=\"color: #000000;\"><strong>Melhor dublagem que realizou:<\/strong> Pode ser a mais dif\u00edcil? (risos). <\/span><\/p><p style=\"text-align: justify;\"><span style=\"color: #000000;\"><strong>Personagem que gostaria de ter dublado:<\/strong> Piu-Piu (do Frajola). <\/span><\/p><p style=\"text-align: justify;\"><span style=\"color: #000000;\"><strong>Dublador(a) genial:<\/strong> V\u00e1rios! Mas meu saudoso professor Newton Da Matta era incr\u00edvel. <\/span><\/p><p style=\"text-align: justify;\"><span style=\"color: #000000;\"><strong>Momento inesquec\u00edvel da carreira:<\/strong> Quando ganhei o teste da Chispita. Eu era crian\u00e7a e queria tanto&#8230; <\/span><\/p><p style=\"text-align: justify;\"><span style=\"color: #000000;\"><strong>M\u00fasica:<\/strong> Todas do Djavan. <\/span><\/p><p style=\"text-align: justify;\"><span style=\"color: #000000;\"><strong>Programa de TV:<\/strong> The Voice Kids. <\/span><\/p><p style=\"text-align: justify;\"><span style=\"color: #000000;\"><strong>Leitura:<\/strong> A Cabana. <\/span><\/p><p style=\"text-align: justify;\"><span style=\"color: #000000;\"><strong>Um amor:<\/strong> Meus filhos. <\/span><\/p><p style=\"text-align: justify;\"><span style=\"color: #000000;\"><strong>Uma indigna\u00e7\u00e3o:<\/strong> Mentira. <\/span><\/p><p style=\"text-align: justify;\"><span style=\"color: #000000;\"><strong>Amigos s\u00e3o:<\/strong> A fam\u00edlia que a gente escolhe. <\/span><\/p><p style=\"text-align: justify;\"><span style=\"color: #000000;\"><strong>Dinheiro \u00e9:<\/strong> Consequ\u00eancia. <\/span><\/p><p style=\"text-align: justify;\"><span style=\"color: #000000;\"><strong>Algo que colecione:<\/strong> Chap\u00e9u e \u00f3culos. <\/span><\/p><p style=\"text-align: justify;\"><span style=\"color: #000000;\"><strong>Super poder que gostaria de ter:<\/strong> Teletransporte.<\/span><\/p><p style=\"text-align: justify;\">\u00a0<\/p>\t\t\t\t\t\t\t\t<\/div>\n\t\t\t\t<\/div>\n\t\t\t\t\t<\/div>\n\t\t<\/div>\n\t\t\t\t\t<\/div>\n\t\t<\/section>\n\t\t\t\t<\/div>\n\t\t","protected":false},"excerpt":{"rendered":"<p>Fernanda Crispim ingressou na dublagem aos 11 anos de idade, participando das novelas Carrossel e Chispita. Desde ent\u00e3o destacou-se por fazer grandes personagens. Em sua lista de vozes consagradas est\u00e3o: Fiona (Shrek), Lana Lang (Smallville), Tonya Rock (Todo Mundo Odeia o Chris), Claire (Eu, a Patroa e as Crian\u00e7as) e Angelique Boyer na maioria de suas novelas. Tamb\u00e9m fez a narradora das novidades do m\u00eas no Cartoon Network. Em 2011 recebeu o Pr\u00eamio Yamato (Oscar da Dublagem) de Melhor Dubladora de Protagonista. Melhor dublagem que assistiu: Chaves e Chapolin. Melhor dublagem que realizou: Pode ser a mais dif\u00edcil? (risos). Personagem que gostaria de ter dublado: Piu-Piu (do Frajola). Dublador(a) genial: V\u00e1rios! Mas meu saudoso professor Newton Da Matta era incr\u00edvel. Momento inesquec\u00edvel da carreira: Quando ganhei o teste da Chispita. Eu era crian\u00e7a e queria tanto&#8230; M\u00fasica: Todas do Djavan. Programa de TV: The Voice Kids. Leitura: A Cabana. Um amor: Meus filhos. Uma indigna\u00e7\u00e3o: Mentira. Amigos s\u00e3o: A fam\u00edlia que a gente escolhe. Dinheiro \u00e9: Consequ\u00eancia. Algo que colecione: Chap\u00e9u e \u00f3culos. Super poder que gostaria de ter: Teletransporte.<\/p>\n","protected":false},"author":1,"featured_media":329,"comment_status":"open","ping_status":"open","sticky":false,"template":"","format":"standard","meta":{"_monsterinsights_skip_tracking":false,"_monsterinsights_sitenote_active":false,"_monsterinsights_sitenote_note":"","_monsterinsights_sitenote_category":0,"footnotes":""},"categories":[15,20],"tags":[33,34,29,27,89,86,79,80],"class_list":["post-314","post","type-post","status-publish","format-standard","has-post-thumbnail","hentry","category-materias","category-perfil","tag-dublador","tag-dubladora","tag-dubladores","tag-dublagem","tag-fernanda-crispim","tag-perfil","tag-perguntas","tag-respostas"],"yoast_head":"<!-- This site is optimized with the Yoast SEO plugin v26.1.1 - https:\/\/yoast.com\/wordpress\/plugins\/seo\/ -->\n<title>Perfil: Fernanda Crispim | DB - Dublagem Brasileira<\/title>\n<meta name=\"description\" content=\"Perfil: Fernanda Crispim. Entrevista com a voz da Fiona no Brasil.\" \/>\n<meta name=\"robots\" content=\"index, follow, max-snippet:-1, max-image-preview:large, max-video-preview:-1\" \/>\n<link rel=\"canonical\" href=\"https:\/\/dublagembrasileira.com.br\/?p=314\" \/>\n<meta property=\"og:locale\" content=\"pt_BR\" \/>\n<meta property=\"og:type\" content=\"article\" \/>\n<meta property=\"og:title\" content=\"Perfil: Fernanda Crispim | DB - Dublagem Brasileira\" \/>\n<meta property=\"og:description\" content=\"Perfil: Fernanda Crispim. Entrevista com a voz da Fiona no Brasil.\" \/>\n<meta property=\"og:url\" content=\"https:\/\/dublagembrasileira.com.br\/?p=314\" \/>\n<meta property=\"og:site_name\" content=\"DB - Dublagem Brasileira\" \/>\n<meta property=\"article:published_time\" content=\"2019-10-03T11:10:28+00:00\" \/>\n<meta property=\"article:modified_time\" content=\"2019-10-03T15:01:51+00:00\" \/>\n<meta property=\"og:image\" content=\"https:\/\/dublagembrasileira.com.br\/wp-content\/uploads\/2019\/07\/crispim.jpg\" \/>\n\t<meta property=\"og:image:width\" content=\"474\" \/>\n\t<meta property=\"og:image:height\" content=\"334\" \/>\n\t<meta property=\"og:image:type\" content=\"image\/jpeg\" \/>\n<meta name=\"author\" content=\"Iza\u00edas Correia\" \/>\n<meta name=\"twitter:card\" content=\"summary_large_image\" \/>\n<meta name=\"twitter:label1\" content=\"Escrito por\" \/>\n\t<meta name=\"twitter:data1\" content=\"Iza\u00edas Correia\" \/>\n\t<meta name=\"twitter:label2\" content=\"Est. tempo de leitura\" \/>\n\t<meta name=\"twitter:data2\" content=\"1 minuto\" \/>\n<script type=\"application\/ld+json\" class=\"yoast-schema-graph\">{\"@context\":\"https:\/\/schema.org\",\"@graph\":[{\"@type\":\"Article\",\"@id\":\"https:\/\/dublagembrasileira.com.br\/?p=314#article\",\"isPartOf\":{\"@id\":\"https:\/\/dublagembrasileira.com.br\/?p=314\"},\"author\":{\"name\":\"Iza\u00edas Correia\",\"@id\":\"https:\/\/dublagembrasileira.com.br\/#\/schema\/person\/6298fd46a47d1ef447a90b2fc9f2b215\"},\"headline\":\"Perfil: Fernanda Crispim\",\"datePublished\":\"2019-10-03T11:10:28+00:00\",\"dateModified\":\"2019-10-03T15:01:51+00:00\",\"mainEntityOfPage\":{\"@id\":\"https:\/\/dublagembrasileira.com.br\/?p=314\"},\"wordCount\":198,\"commentCount\":1,\"publisher\":{\"@id\":\"https:\/\/dublagembrasileira.com.br\/#organization\"},\"image\":{\"@id\":\"https:\/\/dublagembrasileira.com.br\/?p=314#primaryimage\"},\"thumbnailUrl\":\"https:\/\/dublagembrasileira.com.br\/wp-content\/uploads\/2019\/07\/crispim.jpg\",\"keywords\":[\"dublador\",\"dubladora\",\"dubladores\",\"dublagem\",\"fernanda crispim\",\"perfil\",\"perguntas\",\"respostas\"],\"articleSection\":[\"Mat\u00e9rias\",\"Perfil\"],\"inLanguage\":\"pt-BR\",\"potentialAction\":[{\"@type\":\"CommentAction\",\"name\":\"Comment\",\"target\":[\"https:\/\/dublagembrasileira.com.br\/?p=314#respond\"]}]},{\"@type\":\"WebPage\",\"@id\":\"https:\/\/dublagembrasileira.com.br\/?p=314\",\"url\":\"https:\/\/dublagembrasileira.com.br\/?p=314\",\"name\":\"Perfil: Fernanda Crispim | DB - Dublagem Brasileira\",\"isPartOf\":{\"@id\":\"https:\/\/dublagembrasileira.com.br\/#website\"},\"primaryImageOfPage\":{\"@id\":\"https:\/\/dublagembrasileira.com.br\/?p=314#primaryimage\"},\"image\":{\"@id\":\"https:\/\/dublagembrasileira.com.br\/?p=314#primaryimage\"},\"thumbnailUrl\":\"https:\/\/dublagembrasileira.com.br\/wp-content\/uploads\/2019\/07\/crispim.jpg\",\"datePublished\":\"2019-10-03T11:10:28+00:00\",\"dateModified\":\"2019-10-03T15:01:51+00:00\",\"description\":\"Perfil: Fernanda Crispim. Entrevista com a voz da Fiona no Brasil.\",\"breadcrumb\":{\"@id\":\"https:\/\/dublagembrasileira.com.br\/?p=314#breadcrumb\"},\"inLanguage\":\"pt-BR\",\"potentialAction\":[{\"@type\":\"ReadAction\",\"target\":[\"https:\/\/dublagembrasileira.com.br\/?p=314\"]}]},{\"@type\":\"ImageObject\",\"inLanguage\":\"pt-BR\",\"@id\":\"https:\/\/dublagembrasileira.com.br\/?p=314#primaryimage\",\"url\":\"https:\/\/dublagembrasileira.com.br\/wp-content\/uploads\/2019\/07\/crispim.jpg\",\"contentUrl\":\"https:\/\/dublagembrasileira.com.br\/wp-content\/uploads\/2019\/07\/crispim.jpg\",\"width\":474,\"height\":334},{\"@type\":\"BreadcrumbList\",\"@id\":\"https:\/\/dublagembrasileira.com.br\/?p=314#breadcrumb\",\"itemListElement\":[{\"@type\":\"ListItem\",\"position\":1,\"name\":\"In\u00edcio\",\"item\":\"https:\/\/dublagembrasileira.com.br\/\"},{\"@type\":\"ListItem\",\"position\":2,\"name\":\"Perfil: Fernanda Crispim\"}]},{\"@type\":\"WebSite\",\"@id\":\"https:\/\/dublagembrasileira.com.br\/#website\",\"url\":\"https:\/\/dublagembrasileira.com.br\/\",\"name\":\"DB - Dublagem Brasileira\",\"description\":\"O seu portal de dublagem.\",\"publisher\":{\"@id\":\"https:\/\/dublagembrasileira.com.br\/#organization\"},\"potentialAction\":[{\"@type\":\"SearchAction\",\"target\":{\"@type\":\"EntryPoint\",\"urlTemplate\":\"https:\/\/dublagembrasileira.com.br\/?s={search_term_string}\"},\"query-input\":{\"@type\":\"PropertyValueSpecification\",\"valueRequired\":true,\"valueName\":\"search_term_string\"}}],\"inLanguage\":\"pt-BR\"},{\"@type\":\"Organization\",\"@id\":\"https:\/\/dublagembrasileira.com.br\/#organization\",\"name\":\"DB - Dublagem Brasileira\",\"url\":\"https:\/\/dublagembrasileira.com.br\/\",\"logo\":{\"@type\":\"ImageObject\",\"inLanguage\":\"pt-BR\",\"@id\":\"https:\/\/dublagembrasileira.com.br\/#\/schema\/logo\/image\/\",\"url\":\"https:\/\/dublagembrasileira.com.br\/wp-content\/uploads\/2019\/07\/cropped-logotipodb.png\",\"contentUrl\":\"https:\/\/dublagembrasileira.com.br\/wp-content\/uploads\/2019\/07\/cropped-logotipodb.png\",\"width\":946,\"height\":589,\"caption\":\"DB - Dublagem Brasileira\"},\"image\":{\"@id\":\"https:\/\/dublagembrasileira.com.br\/#\/schema\/logo\/image\/\"}},{\"@type\":\"Person\",\"@id\":\"https:\/\/dublagembrasileira.com.br\/#\/schema\/person\/6298fd46a47d1ef447a90b2fc9f2b215\",\"name\":\"Iza\u00edas Correia\",\"image\":{\"@type\":\"ImageObject\",\"inLanguage\":\"pt-BR\",\"@id\":\"https:\/\/dublagembrasileira.com.br\/#\/schema\/person\/image\/\",\"url\":\"http:\/\/dublagembrasileira.com.br\/wp-content\/uploads\/2025\/06\/cropped-izaiascorreia-96x96.jpg\",\"contentUrl\":\"http:\/\/dublagembrasileira.com.br\/wp-content\/uploads\/2025\/06\/cropped-izaiascorreia-96x96.jpg\",\"caption\":\"Iza\u00edas Correia\"},\"description\":\"Professor, roteirista e web-designer, respons\u00e1vel pelo site InfanTv. Tamb\u00e9m \u00e9 pesquisador da dublagem brasileira.\",\"url\":\"https:\/\/dublagembrasileira.com.br\/?author=1\"}]}<\/script>\n<!-- \/ Yoast SEO plugin. -->","yoast_head_json":{"title":"Perfil: Fernanda Crispim | DB - Dublagem Brasileira","description":"Perfil: Fernanda Crispim. Entrevista com a voz da Fiona no Brasil.","robots":{"index":"index","follow":"follow","max-snippet":"max-snippet:-1","max-image-preview":"max-image-preview:large","max-video-preview":"max-video-preview:-1"},"canonical":"https:\/\/dublagembrasileira.com.br\/?p=314","og_locale":"pt_BR","og_type":"article","og_title":"Perfil: Fernanda Crispim | DB - Dublagem Brasileira","og_description":"Perfil: Fernanda Crispim. Entrevista com a voz da Fiona no Brasil.","og_url":"https:\/\/dublagembrasileira.com.br\/?p=314","og_site_name":"DB - Dublagem Brasileira","article_published_time":"2019-10-03T11:10:28+00:00","article_modified_time":"2019-10-03T15:01:51+00:00","og_image":[{"width":474,"height":334,"url":"https:\/\/dublagembrasileira.com.br\/wp-content\/uploads\/2019\/07\/crispim.jpg","type":"image\/jpeg"}],"author":"Iza\u00edas Correia","twitter_card":"summary_large_image","twitter_misc":{"Escrito por":"Iza\u00edas Correia","Est. tempo de leitura":"1 minuto"},"schema":{"@context":"https:\/\/schema.org","@graph":[{"@type":"Article","@id":"https:\/\/dublagembrasileira.com.br\/?p=314#article","isPartOf":{"@id":"https:\/\/dublagembrasileira.com.br\/?p=314"},"author":{"name":"Iza\u00edas Correia","@id":"https:\/\/dublagembrasileira.com.br\/#\/schema\/person\/6298fd46a47d1ef447a90b2fc9f2b215"},"headline":"Perfil: Fernanda Crispim","datePublished":"2019-10-03T11:10:28+00:00","dateModified":"2019-10-03T15:01:51+00:00","mainEntityOfPage":{"@id":"https:\/\/dublagembrasileira.com.br\/?p=314"},"wordCount":198,"commentCount":1,"publisher":{"@id":"https:\/\/dublagembrasileira.com.br\/#organization"},"image":{"@id":"https:\/\/dublagembrasileira.com.br\/?p=314#primaryimage"},"thumbnailUrl":"https:\/\/dublagembrasileira.com.br\/wp-content\/uploads\/2019\/07\/crispim.jpg","keywords":["dublador","dubladora","dubladores","dublagem","fernanda crispim","perfil","perguntas","respostas"],"articleSection":["Mat\u00e9rias","Perfil"],"inLanguage":"pt-BR","potentialAction":[{"@type":"CommentAction","name":"Comment","target":["https:\/\/dublagembrasileira.com.br\/?p=314#respond"]}]},{"@type":"WebPage","@id":"https:\/\/dublagembrasileira.com.br\/?p=314","url":"https:\/\/dublagembrasileira.com.br\/?p=314","name":"Perfil: Fernanda Crispim | DB - Dublagem Brasileira","isPartOf":{"@id":"https:\/\/dublagembrasileira.com.br\/#website"},"primaryImageOfPage":{"@id":"https:\/\/dublagembrasileira.com.br\/?p=314#primaryimage"},"image":{"@id":"https:\/\/dublagembrasileira.com.br\/?p=314#primaryimage"},"thumbnailUrl":"https:\/\/dublagembrasileira.com.br\/wp-content\/uploads\/2019\/07\/crispim.jpg","datePublished":"2019-10-03T11:10:28+00:00","dateModified":"2019-10-03T15:01:51+00:00","description":"Perfil: Fernanda Crispim. Entrevista com a voz da Fiona no Brasil.","breadcrumb":{"@id":"https:\/\/dublagembrasileira.com.br\/?p=314#breadcrumb"},"inLanguage":"pt-BR","potentialAction":[{"@type":"ReadAction","target":["https:\/\/dublagembrasileira.com.br\/?p=314"]}]},{"@type":"ImageObject","inLanguage":"pt-BR","@id":"https:\/\/dublagembrasileira.com.br\/?p=314#primaryimage","url":"https:\/\/dublagembrasileira.com.br\/wp-content\/uploads\/2019\/07\/crispim.jpg","contentUrl":"https:\/\/dublagembrasileira.com.br\/wp-content\/uploads\/2019\/07\/crispim.jpg","width":474,"height":334},{"@type":"BreadcrumbList","@id":"https:\/\/dublagembrasileira.com.br\/?p=314#breadcrumb","itemListElement":[{"@type":"ListItem","position":1,"name":"In\u00edcio","item":"https:\/\/dublagembrasileira.com.br\/"},{"@type":"ListItem","position":2,"name":"Perfil: Fernanda Crispim"}]},{"@type":"WebSite","@id":"https:\/\/dublagembrasileira.com.br\/#website","url":"https:\/\/dublagembrasileira.com.br\/","name":"DB - Dublagem Brasileira","description":"O seu portal de dublagem.","publisher":{"@id":"https:\/\/dublagembrasileira.com.br\/#organization"},"potentialAction":[{"@type":"SearchAction","target":{"@type":"EntryPoint","urlTemplate":"https:\/\/dublagembrasileira.com.br\/?s={search_term_string}"},"query-input":{"@type":"PropertyValueSpecification","valueRequired":true,"valueName":"search_term_string"}}],"inLanguage":"pt-BR"},{"@type":"Organization","@id":"https:\/\/dublagembrasileira.com.br\/#organization","name":"DB - Dublagem Brasileira","url":"https:\/\/dublagembrasileira.com.br\/","logo":{"@type":"ImageObject","inLanguage":"pt-BR","@id":"https:\/\/dublagembrasileira.com.br\/#\/schema\/logo\/image\/","url":"https:\/\/dublagembrasileira.com.br\/wp-content\/uploads\/2019\/07\/cropped-logotipodb.png","contentUrl":"https:\/\/dublagembrasileira.com.br\/wp-content\/uploads\/2019\/07\/cropped-logotipodb.png","width":946,"height":589,"caption":"DB - Dublagem Brasileira"},"image":{"@id":"https:\/\/dublagembrasileira.com.br\/#\/schema\/logo\/image\/"}},{"@type":"Person","@id":"https:\/\/dublagembrasileira.com.br\/#\/schema\/person\/6298fd46a47d1ef447a90b2fc9f2b215","name":"Iza\u00edas Correia","image":{"@type":"ImageObject","inLanguage":"pt-BR","@id":"https:\/\/dublagembrasileira.com.br\/#\/schema\/person\/image\/","url":"http:\/\/dublagembrasileira.com.br\/wp-content\/uploads\/2025\/06\/cropped-izaiascorreia-96x96.jpg","contentUrl":"http:\/\/dublagembrasileira.com.br\/wp-content\/uploads\/2025\/06\/cropped-izaiascorreia-96x96.jpg","caption":"Iza\u00edas Correia"},"description":"Professor, roteirista e web-designer, respons\u00e1vel pelo site InfanTv. Tamb\u00e9m \u00e9 pesquisador da dublagem brasileira.","url":"https:\/\/dublagembrasileira.com.br\/?author=1"}]}},"rttpg_featured_image_url":{"full":["https:\/\/dublagembrasileira.com.br\/wp-content\/uploads\/2019\/07\/crispim.jpg",474,334,false],"landscape":["https:\/\/dublagembrasileira.com.br\/wp-content\/uploads\/2019\/07\/crispim.jpg",474,334,false],"portraits":["https:\/\/dublagembrasileira.com.br\/wp-content\/uploads\/2019\/07\/crispim.jpg",474,334,false],"thumbnail":["https:\/\/dublagembrasileira.com.br\/wp-content\/uploads\/2019\/07\/crispim-150x150.jpg",150,150,true],"medium":["https:\/\/dublagembrasileira.com.br\/wp-content\/uploads\/2019\/07\/crispim-300x211.jpg",300,211,true],"large":["https:\/\/dublagembrasileira.com.br\/wp-content\/uploads\/2019\/07\/crispim.jpg",474,334,false],"1536x1536":["https:\/\/dublagembrasileira.com.br\/wp-content\/uploads\/2019\/07\/crispim.jpg",474,334,false],"2048x2048":["https:\/\/dublagembrasileira.com.br\/wp-content\/uploads\/2019\/07\/crispim.jpg",474,334,false],"eggnews-slider-large":["https:\/\/dublagembrasileira.com.br\/wp-content\/uploads\/2019\/07\/crispim.jpg",474,334,false],"eggnews-featured-medium":["https:\/\/dublagembrasileira.com.br\/wp-content\/uploads\/2019\/07\/crispim-420x307.jpg",420,307,true],"eggnews-featured-long":["https:\/\/dublagembrasileira.com.br\/wp-content\/uploads\/2019\/07\/crispim-300x334.jpg",300,334,true],"eggnews-block-medium":["https:\/\/dublagembrasileira.com.br\/wp-content\/uploads\/2019\/07\/crispim-464x290.jpg",464,290,true],"eggnews-carousel-image":["https:\/\/dublagembrasileira.com.br\/wp-content\/uploads\/2019\/07\/crispim.jpg",474,334,false],"eggnews-block-thumb":["https:\/\/dublagembrasileira.com.br\/wp-content\/uploads\/2019\/07\/crispim-322x230.jpg",322,230,true],"eggnews-single-large":["https:\/\/dublagembrasileira.com.br\/wp-content\/uploads\/2019\/07\/crispim.jpg",474,334,false],"crp_thumbnail":["https:\/\/dublagembrasileira.com.br\/wp-content\/uploads\/2019\/07\/crispim.jpg",150,106,false]},"rttpg_author":{"display_name":"Iza\u00edas Correia","author_link":"https:\/\/dublagembrasileira.com.br\/?author=1"},"rttpg_comment":2,"rttpg_category":"<a href=\"https:\/\/dublagembrasileira.com.br\/?cat=15\" rel=\"category\">Mat\u00e9rias<\/a> <a href=\"https:\/\/dublagembrasileira.com.br\/?cat=20\" rel=\"category\">Perfil<\/a>","rttpg_excerpt":"Fernanda Crispim ingressou na dublagem aos 11 anos de idade, participando das novelas Carrossel e Chispita. Desde ent\u00e3o destacou-se por fazer grandes personagens. Em sua lista de vozes consagradas est\u00e3o: Fiona (Shrek), Lana Lang (Smallville), Tonya Rock (Todo Mundo Odeia o Chris), Claire (Eu, a Patroa e as Crian\u00e7as) e Angelique Boyer na maioria de&hellip;","_links":{"self":[{"href":"https:\/\/dublagembrasileira.com.br\/index.php?rest_route=\/wp\/v2\/posts\/314","targetHints":{"allow":["GET"]}}],"collection":[{"href":"https:\/\/dublagembrasileira.com.br\/index.php?rest_route=\/wp\/v2\/posts"}],"about":[{"href":"https:\/\/dublagembrasileira.com.br\/index.php?rest_route=\/wp\/v2\/types\/post"}],"author":[{"embeddable":true,"href":"https:\/\/dublagembrasileira.com.br\/index.php?rest_route=\/wp\/v2\/users\/1"}],"replies":[{"embeddable":true,"href":"https:\/\/dublagembrasileira.com.br\/index.php?rest_route=%2Fwp%2Fv2%2Fcomments&post=314"}],"version-history":[{"count":5,"href":"https:\/\/dublagembrasileira.com.br\/index.php?rest_route=\/wp\/v2\/posts\/314\/revisions"}],"predecessor-version":[{"id":827,"href":"https:\/\/dublagembrasileira.com.br\/index.php?rest_route=\/wp\/v2\/posts\/314\/revisions\/827"}],"wp:featuredmedia":[{"embeddable":true,"href":"https:\/\/dublagembrasileira.com.br\/index.php?rest_route=\/wp\/v2\/media\/329"}],"wp:attachment":[{"href":"https:\/\/dublagembrasileira.com.br\/index.php?rest_route=%2Fwp%2Fv2%2Fmedia&parent=314"}],"wp:term":[{"taxonomy":"category","embeddable":true,"href":"https:\/\/dublagembrasileira.com.br\/index.php?rest_route=%2Fwp%2Fv2%2Fcategories&post=314"},{"taxonomy":"post_tag","embeddable":true,"href":"https:\/\/dublagembrasileira.com.br\/index.php?rest_route=%2Fwp%2Fv2%2Ftags&post=314"}],"curies":[{"name":"wp","href":"https:\/\/api.w.org\/{rel}","templated":true}]}}