{"id":3114,"date":"2019-09-23T11:35:09","date_gmt":"2019-09-23T11:35:09","guid":{"rendered":"http:\/\/dublagembrasileira.com.br\/?p=3114"},"modified":"2019-09-24T02:17:53","modified_gmt":"2019-09-24T02:17:53","slug":"3114","status":"publish","type":"post","link":"https:\/\/dublagembrasileira.com.br\/?p=3114","title":{"rendered":"Dubladores s\u00e3o destaque no Domingo Espetacular."},"content":{"rendered":"<h4><em>Duda Espinoza e Cl\u00e1udio Galvan participaram de mat\u00e9ria <\/em><em>na TV Record <\/em><em>sobre vozes conhecidas.<\/em><\/h4>\n<hr \/>\n<p style=\"text-align: justify;\">Ontem (23), finalmente foi ao ar no <strong>Domingo Espetacular<\/strong> a mat\u00e9ria sobre vozes brasileiras anunciada pelos dubladores Duda Espinoza e Cl\u00e1udio Galvan no dia 10 de agosto atrav\u00e9s das redes sociais.<\/p>\n<p style=\"text-align: justify;\">O programa apresentou como algumas vozes s\u00e3o reconhecidas pelo grande p\u00fablico, mas os donos delas permanecem an\u00f4nimos. Entre os assuntos abordados estavam t\u00e9cnicas de dublagem, composi\u00e7\u00e3o de vozes, a import\u00e2ncia da versatilidade, qualidade de interpreta\u00e7\u00e3o, vaidade na profiss\u00e3o, entre outros temas interessantes.<\/p>\n<p style=\"text-align: justify;\">Esteve tamb\u00e9m na mat\u00e9ria a fonoaudi\u00f3loga Tatiana Barcellos que explicou que a voz funciona como um espelho; a fala do GPS, Regina Bittar, que explicou porque o tom da sua voz ficou rob\u00f3tico nos comandos do aparelho; e para finalizar, ficamos conhecendo a locutora do Metr\u00f4 no Rio de Janeiro, Zanna Lopes, que explicou o cuidado para compor uma voz para ser ouvida num hor\u00e1rio t\u00e3o dif\u00edcil como a volta do trabalho.<\/p>\n<p style=\"text-align: justify;\">Duda \u00e9 conhecido por dublar o Capit\u00e3o Am\u00e9rica em <strong>Vingadores: Ultimato<\/strong> e Cl\u00e1udio Galvan por fazer Fifi em <strong>O Bicho Vai Pegar<\/strong>.<\/p>\n<p style=\"text-align: justify;\">A mat\u00e9ria teve a edi\u00e7\u00e3o de texto de Adriana Costa e os dubladores concederam depoimentos \u00e0 jornalista Fernanda Sanches.<\/p>\n<p style=\"text-align: justify;\">O programa <strong>Domingo Espetacular<\/strong>, \u00e9 uma revista eletr\u00f4nica de entretenimento e informa\u00e7\u00e3o, com not\u00edcias, esportes, fofocas e assuntos variados, que vai ao ar aos domingos das 19h \u00e0s 22h.<\/p>\n<p style=\"text-align: center;\"><iframe data-src=\"https:\/\/www.youtube.com\/embed\/bhfsYDN9Zyc\" width=\"800\" height=\"450\" frameborder=\"0\" allowfullscreen=\"allowfullscreen\" src=\"data:image\/svg+xml;base64,PHN2ZyB3aWR0aD0iMSIgaGVpZ2h0PSIxIiB4bWxucz0iaHR0cDovL3d3dy53My5vcmcvMjAwMC9zdmciPjwvc3ZnPg==\" data-load-mode=\"1\"><span style=\"display: inline-block; width: 0px; overflow: hidden; line-height: 0;\" data-mce-type=\"bookmark\" class=\"mce_SELRES_start lazyload\">\ufeff<\/span><\/iframe><\/p>\n<p style=\"text-align: justify;\">\n","protected":false},"excerpt":{"rendered":"<p>Duda Espinoza e Cl\u00e1udio Galvan participaram de mat\u00e9ria na TV Record sobre vozes conhecidas. Ontem (23), finalmente foi ao ar no Domingo Espetacular a mat\u00e9ria sobre vozes brasileiras anunciada pelos dubladores Duda Espinoza e Cl\u00e1udio Galvan no dia 10 de agosto atrav\u00e9s das redes sociais. O programa apresentou como algumas vozes s\u00e3o reconhecidas pelo grande p\u00fablico, mas os donos delas permanecem an\u00f4nimos. Entre os assuntos abordados estavam t\u00e9cnicas de dublagem, composi\u00e7\u00e3o de vozes, a import\u00e2ncia da versatilidade, qualidade de interpreta\u00e7\u00e3o, vaidade na profiss\u00e3o, entre outros temas interessantes. Esteve tamb\u00e9m na mat\u00e9ria a fonoaudi\u00f3loga Tatiana Barcellos que explicou que a voz funciona como um espelho; a fala do GPS, Regina Bittar, que explicou porque o tom da sua voz ficou rob\u00f3tico nos comandos do aparelho; e para finalizar, ficamos conhecendo a locutora do Metr\u00f4 no Rio de Janeiro, Zanna Lopes, que explicou o cuidado para compor uma voz para ser ouvida num hor\u00e1rio t\u00e3o dif\u00edcil como a volta do trabalho. Duda \u00e9 conhecido por dublar o Capit\u00e3o Am\u00e9rica em Vingadores: Ultimato e Cl\u00e1udio Galvan por fazer Fifi em O Bicho Vai Pegar. A mat\u00e9ria teve a edi\u00e7\u00e3o de texto de Adriana Costa e os dubladores concederam depoimentos \u00e0 jornalista Fernanda Sanches. O programa Domingo Espetacular, \u00e9 uma revista eletr\u00f4nica de entretenimento e informa\u00e7\u00e3o, com not\u00edcias, esportes, fofocas e assuntos variados, que vai ao ar aos domingos das 19h \u00e0s 22h. \ufeff<\/p>\n","protected":false},"author":4,"featured_media":3116,"comment_status":"open","ping_status":"open","sticky":false,"template":"","format":"standard","meta":{"_monsterinsights_skip_tracking":false,"_monsterinsights_sitenote_active":false,"_monsterinsights_sitenote_note":"","_monsterinsights_sitenote_category":0,"footnotes":""},"categories":[13,8],"tags":[],"class_list":["post-3114","post","type-post","status-publish","format-standard","has-post-thumbnail","hentry","category-noticias","category-televisao"],"yoast_head":"<!-- This site is optimized with the Yoast SEO plugin v26.1.1 - https:\/\/yoast.com\/wordpress\/plugins\/seo\/ -->\n<title>Dubladores s\u00e3o destaque no Domingo Espetacular. | DB - Dublagem Brasileira<\/title>\n<meta name=\"description\" content=\"Dubladores s\u00e3o destaque no Domingo Espetacular. Duda Espinoza e Cl\u00e1udio Galvan participaram de mat\u00e9ria na TV Record sobre vozes conhecidas.\" \/>\n<meta name=\"robots\" content=\"index, follow, max-snippet:-1, max-image-preview:large, max-video-preview:-1\" \/>\n<link rel=\"canonical\" href=\"https:\/\/dublagembrasileira.com.br\/?p=3114\" \/>\n<meta property=\"og:locale\" content=\"pt_BR\" \/>\n<meta property=\"og:type\" content=\"article\" \/>\n<meta property=\"og:title\" content=\"Dubladores s\u00e3o destaque no Domingo Espetacular. | DB - Dublagem Brasileira\" \/>\n<meta property=\"og:description\" content=\"Dubladores s\u00e3o destaque no Domingo Espetacular. Duda Espinoza e Cl\u00e1udio Galvan participaram de mat\u00e9ria na TV Record sobre vozes conhecidas.\" \/>\n<meta property=\"og:url\" content=\"https:\/\/dublagembrasileira.com.br\/?p=3114\" \/>\n<meta property=\"og:site_name\" content=\"DB - Dublagem Brasileira\" \/>\n<meta property=\"article:author\" content=\"https:\/\/www.facebook.com\/dublagembrasileira\" \/>\n<meta property=\"article:published_time\" content=\"2019-09-23T11:35:09+00:00\" \/>\n<meta property=\"article:modified_time\" content=\"2019-09-24T02:17:53+00:00\" \/>\n<meta property=\"og:image\" content=\"https:\/\/dublagembrasileira.com.br\/wp-content\/uploads\/2019\/09\/materia_record.jpg\" \/>\n\t<meta property=\"og:image:width\" content=\"704\" \/>\n\t<meta property=\"og:image:height\" content=\"496\" \/>\n\t<meta property=\"og:image:type\" content=\"image\/jpeg\" \/>\n<meta name=\"author\" content=\"Reda\u00e7\u00e3o\" \/>\n<meta name=\"twitter:card\" content=\"summary_large_image\" \/>\n<meta name=\"twitter:creator\" content=\"@dbdublagem\" \/>\n<meta name=\"twitter:label1\" content=\"Escrito por\" \/>\n\t<meta name=\"twitter:data1\" content=\"Reda\u00e7\u00e3o\" \/>\n\t<meta name=\"twitter:label2\" content=\"Est. tempo de leitura\" \/>\n\t<meta name=\"twitter:data2\" content=\"1 minuto\" \/>\n<script type=\"application\/ld+json\" class=\"yoast-schema-graph\">{\"@context\":\"https:\/\/schema.org\",\"@graph\":[{\"@type\":\"Article\",\"@id\":\"https:\/\/dublagembrasileira.com.br\/?p=3114#article\",\"isPartOf\":{\"@id\":\"https:\/\/dublagembrasileira.com.br\/?p=3114\"},\"author\":{\"name\":\"Reda\u00e7\u00e3o\",\"@id\":\"https:\/\/dublagembrasileira.com.br\/#\/schema\/person\/a75bac594c0e9a0b96508b7e124f20d1\"},\"headline\":\"Dubladores s\u00e3o destaque no Domingo Espetacular.\",\"datePublished\":\"2019-09-23T11:35:09+00:00\",\"dateModified\":\"2019-09-24T02:17:53+00:00\",\"mainEntityOfPage\":{\"@id\":\"https:\/\/dublagembrasileira.com.br\/?p=3114\"},\"wordCount\":259,\"commentCount\":0,\"publisher\":{\"@id\":\"https:\/\/dublagembrasileira.com.br\/#organization\"},\"image\":{\"@id\":\"https:\/\/dublagembrasileira.com.br\/?p=3114#primaryimage\"},\"thumbnailUrl\":\"https:\/\/dublagembrasileira.com.br\/wp-content\/uploads\/2019\/09\/materia_record.jpg\",\"articleSection\":[\"Not\u00edcias\",\"Televis\u00e3o\"],\"inLanguage\":\"pt-BR\",\"potentialAction\":[{\"@type\":\"CommentAction\",\"name\":\"Comment\",\"target\":[\"https:\/\/dublagembrasileira.com.br\/?p=3114#respond\"]}]},{\"@type\":\"WebPage\",\"@id\":\"https:\/\/dublagembrasileira.com.br\/?p=3114\",\"url\":\"https:\/\/dublagembrasileira.com.br\/?p=3114\",\"name\":\"Dubladores s\u00e3o destaque no Domingo Espetacular. | DB - Dublagem Brasileira\",\"isPartOf\":{\"@id\":\"https:\/\/dublagembrasileira.com.br\/#website\"},\"primaryImageOfPage\":{\"@id\":\"https:\/\/dublagembrasileira.com.br\/?p=3114#primaryimage\"},\"image\":{\"@id\":\"https:\/\/dublagembrasileira.com.br\/?p=3114#primaryimage\"},\"thumbnailUrl\":\"https:\/\/dublagembrasileira.com.br\/wp-content\/uploads\/2019\/09\/materia_record.jpg\",\"datePublished\":\"2019-09-23T11:35:09+00:00\",\"dateModified\":\"2019-09-24T02:17:53+00:00\",\"description\":\"Dubladores s\u00e3o destaque no Domingo Espetacular. Duda Espinoza e Cl\u00e1udio Galvan participaram de mat\u00e9ria na TV Record sobre vozes conhecidas.\",\"breadcrumb\":{\"@id\":\"https:\/\/dublagembrasileira.com.br\/?p=3114#breadcrumb\"},\"inLanguage\":\"pt-BR\",\"potentialAction\":[{\"@type\":\"ReadAction\",\"target\":[\"https:\/\/dublagembrasileira.com.br\/?p=3114\"]}]},{\"@type\":\"ImageObject\",\"inLanguage\":\"pt-BR\",\"@id\":\"https:\/\/dublagembrasileira.com.br\/?p=3114#primaryimage\",\"url\":\"https:\/\/dublagembrasileira.com.br\/wp-content\/uploads\/2019\/09\/materia_record.jpg\",\"contentUrl\":\"https:\/\/dublagembrasileira.com.br\/wp-content\/uploads\/2019\/09\/materia_record.jpg\",\"width\":704,\"height\":496},{\"@type\":\"BreadcrumbList\",\"@id\":\"https:\/\/dublagembrasileira.com.br\/?p=3114#breadcrumb\",\"itemListElement\":[{\"@type\":\"ListItem\",\"position\":1,\"name\":\"In\u00edcio\",\"item\":\"https:\/\/dublagembrasileira.com.br\/\"},{\"@type\":\"ListItem\",\"position\":2,\"name\":\"Dubladores s\u00e3o destaque no Domingo Espetacular.\"}]},{\"@type\":\"WebSite\",\"@id\":\"https:\/\/dublagembrasileira.com.br\/#website\",\"url\":\"https:\/\/dublagembrasileira.com.br\/\",\"name\":\"DB - Dublagem Brasileira\",\"description\":\"O seu portal de dublagem.\",\"publisher\":{\"@id\":\"https:\/\/dublagembrasileira.com.br\/#organization\"},\"potentialAction\":[{\"@type\":\"SearchAction\",\"target\":{\"@type\":\"EntryPoint\",\"urlTemplate\":\"https:\/\/dublagembrasileira.com.br\/?s={search_term_string}\"},\"query-input\":{\"@type\":\"PropertyValueSpecification\",\"valueRequired\":true,\"valueName\":\"search_term_string\"}}],\"inLanguage\":\"pt-BR\"},{\"@type\":\"Organization\",\"@id\":\"https:\/\/dublagembrasileira.com.br\/#organization\",\"name\":\"DB - Dublagem Brasileira\",\"url\":\"https:\/\/dublagembrasileira.com.br\/\",\"logo\":{\"@type\":\"ImageObject\",\"inLanguage\":\"pt-BR\",\"@id\":\"https:\/\/dublagembrasileira.com.br\/#\/schema\/logo\/image\/\",\"url\":\"https:\/\/dublagembrasileira.com.br\/wp-content\/uploads\/2019\/07\/cropped-logotipodb.png\",\"contentUrl\":\"https:\/\/dublagembrasileira.com.br\/wp-content\/uploads\/2019\/07\/cropped-logotipodb.png\",\"width\":946,\"height\":589,\"caption\":\"DB - Dublagem Brasileira\"},\"image\":{\"@id\":\"https:\/\/dublagembrasileira.com.br\/#\/schema\/logo\/image\/\"}},{\"@type\":\"Person\",\"@id\":\"https:\/\/dublagembrasileira.com.br\/#\/schema\/person\/a75bac594c0e9a0b96508b7e124f20d1\",\"name\":\"Reda\u00e7\u00e3o\",\"image\":{\"@type\":\"ImageObject\",\"inLanguage\":\"pt-BR\",\"@id\":\"https:\/\/dublagembrasileira.com.br\/#\/schema\/person\/image\/\",\"url\":\"http:\/\/dublagembrasileira.com.br\/wp-content\/uploads\/2025\/06\/admin-96x96.jpg\",\"contentUrl\":\"http:\/\/dublagembrasileira.com.br\/wp-content\/uploads\/2025\/06\/admin-96x96.jpg\",\"caption\":\"Reda\u00e7\u00e3o\"},\"description\":\"Equipe do DB.\",\"sameAs\":[\"https:\/\/www.facebook.com\/dublagembrasileira\",\"https:\/\/www.instagram.com\/dbdublagembrasileira\",\"https:\/\/x.com\/dbdublagem\"],\"url\":\"https:\/\/dublagembrasileira.com.br\/?author=4\"}]}<\/script>\n<!-- \/ Yoast SEO plugin. -->","yoast_head_json":{"title":"Dubladores s\u00e3o destaque no Domingo Espetacular. | DB - Dublagem Brasileira","description":"Dubladores s\u00e3o destaque no Domingo Espetacular. Duda Espinoza e Cl\u00e1udio Galvan participaram de mat\u00e9ria na TV Record sobre vozes conhecidas.","robots":{"index":"index","follow":"follow","max-snippet":"max-snippet:-1","max-image-preview":"max-image-preview:large","max-video-preview":"max-video-preview:-1"},"canonical":"https:\/\/dublagembrasileira.com.br\/?p=3114","og_locale":"pt_BR","og_type":"article","og_title":"Dubladores s\u00e3o destaque no Domingo Espetacular. | DB - Dublagem Brasileira","og_description":"Dubladores s\u00e3o destaque no Domingo Espetacular. Duda Espinoza e Cl\u00e1udio Galvan participaram de mat\u00e9ria na TV Record sobre vozes conhecidas.","og_url":"https:\/\/dublagembrasileira.com.br\/?p=3114","og_site_name":"DB - Dublagem Brasileira","article_author":"https:\/\/www.facebook.com\/dublagembrasileira","article_published_time":"2019-09-23T11:35:09+00:00","article_modified_time":"2019-09-24T02:17:53+00:00","og_image":[{"width":704,"height":496,"url":"https:\/\/dublagembrasileira.com.br\/wp-content\/uploads\/2019\/09\/materia_record.jpg","type":"image\/jpeg"}],"author":"Reda\u00e7\u00e3o","twitter_card":"summary_large_image","twitter_creator":"@dbdublagem","twitter_misc":{"Escrito por":"Reda\u00e7\u00e3o","Est. tempo de leitura":"1 minuto"},"schema":{"@context":"https:\/\/schema.org","@graph":[{"@type":"Article","@id":"https:\/\/dublagembrasileira.com.br\/?p=3114#article","isPartOf":{"@id":"https:\/\/dublagembrasileira.com.br\/?p=3114"},"author":{"name":"Reda\u00e7\u00e3o","@id":"https:\/\/dublagembrasileira.com.br\/#\/schema\/person\/a75bac594c0e9a0b96508b7e124f20d1"},"headline":"Dubladores s\u00e3o destaque no Domingo Espetacular.","datePublished":"2019-09-23T11:35:09+00:00","dateModified":"2019-09-24T02:17:53+00:00","mainEntityOfPage":{"@id":"https:\/\/dublagembrasileira.com.br\/?p=3114"},"wordCount":259,"commentCount":0,"publisher":{"@id":"https:\/\/dublagembrasileira.com.br\/#organization"},"image":{"@id":"https:\/\/dublagembrasileira.com.br\/?p=3114#primaryimage"},"thumbnailUrl":"https:\/\/dublagembrasileira.com.br\/wp-content\/uploads\/2019\/09\/materia_record.jpg","articleSection":["Not\u00edcias","Televis\u00e3o"],"inLanguage":"pt-BR","potentialAction":[{"@type":"CommentAction","name":"Comment","target":["https:\/\/dublagembrasileira.com.br\/?p=3114#respond"]}]},{"@type":"WebPage","@id":"https:\/\/dublagembrasileira.com.br\/?p=3114","url":"https:\/\/dublagembrasileira.com.br\/?p=3114","name":"Dubladores s\u00e3o destaque no Domingo Espetacular. | DB - Dublagem Brasileira","isPartOf":{"@id":"https:\/\/dublagembrasileira.com.br\/#website"},"primaryImageOfPage":{"@id":"https:\/\/dublagembrasileira.com.br\/?p=3114#primaryimage"},"image":{"@id":"https:\/\/dublagembrasileira.com.br\/?p=3114#primaryimage"},"thumbnailUrl":"https:\/\/dublagembrasileira.com.br\/wp-content\/uploads\/2019\/09\/materia_record.jpg","datePublished":"2019-09-23T11:35:09+00:00","dateModified":"2019-09-24T02:17:53+00:00","description":"Dubladores s\u00e3o destaque no Domingo Espetacular. Duda Espinoza e Cl\u00e1udio Galvan participaram de mat\u00e9ria na TV Record sobre vozes conhecidas.","breadcrumb":{"@id":"https:\/\/dublagembrasileira.com.br\/?p=3114#breadcrumb"},"inLanguage":"pt-BR","potentialAction":[{"@type":"ReadAction","target":["https:\/\/dublagembrasileira.com.br\/?p=3114"]}]},{"@type":"ImageObject","inLanguage":"pt-BR","@id":"https:\/\/dublagembrasileira.com.br\/?p=3114#primaryimage","url":"https:\/\/dublagembrasileira.com.br\/wp-content\/uploads\/2019\/09\/materia_record.jpg","contentUrl":"https:\/\/dublagembrasileira.com.br\/wp-content\/uploads\/2019\/09\/materia_record.jpg","width":704,"height":496},{"@type":"BreadcrumbList","@id":"https:\/\/dublagembrasileira.com.br\/?p=3114#breadcrumb","itemListElement":[{"@type":"ListItem","position":1,"name":"In\u00edcio","item":"https:\/\/dublagembrasileira.com.br\/"},{"@type":"ListItem","position":2,"name":"Dubladores s\u00e3o destaque no Domingo Espetacular."}]},{"@type":"WebSite","@id":"https:\/\/dublagembrasileira.com.br\/#website","url":"https:\/\/dublagembrasileira.com.br\/","name":"DB - Dublagem Brasileira","description":"O seu portal de dublagem.","publisher":{"@id":"https:\/\/dublagembrasileira.com.br\/#organization"},"potentialAction":[{"@type":"SearchAction","target":{"@type":"EntryPoint","urlTemplate":"https:\/\/dublagembrasileira.com.br\/?s={search_term_string}"},"query-input":{"@type":"PropertyValueSpecification","valueRequired":true,"valueName":"search_term_string"}}],"inLanguage":"pt-BR"},{"@type":"Organization","@id":"https:\/\/dublagembrasileira.com.br\/#organization","name":"DB - Dublagem Brasileira","url":"https:\/\/dublagembrasileira.com.br\/","logo":{"@type":"ImageObject","inLanguage":"pt-BR","@id":"https:\/\/dublagembrasileira.com.br\/#\/schema\/logo\/image\/","url":"https:\/\/dublagembrasileira.com.br\/wp-content\/uploads\/2019\/07\/cropped-logotipodb.png","contentUrl":"https:\/\/dublagembrasileira.com.br\/wp-content\/uploads\/2019\/07\/cropped-logotipodb.png","width":946,"height":589,"caption":"DB - Dublagem Brasileira"},"image":{"@id":"https:\/\/dublagembrasileira.com.br\/#\/schema\/logo\/image\/"}},{"@type":"Person","@id":"https:\/\/dublagembrasileira.com.br\/#\/schema\/person\/a75bac594c0e9a0b96508b7e124f20d1","name":"Reda\u00e7\u00e3o","image":{"@type":"ImageObject","inLanguage":"pt-BR","@id":"https:\/\/dublagembrasileira.com.br\/#\/schema\/person\/image\/","url":"http:\/\/dublagembrasileira.com.br\/wp-content\/uploads\/2025\/06\/admin-96x96.jpg","contentUrl":"http:\/\/dublagembrasileira.com.br\/wp-content\/uploads\/2025\/06\/admin-96x96.jpg","caption":"Reda\u00e7\u00e3o"},"description":"Equipe do DB.","sameAs":["https:\/\/www.facebook.com\/dublagembrasileira","https:\/\/www.instagram.com\/dbdublagembrasileira","https:\/\/x.com\/dbdublagem"],"url":"https:\/\/dublagembrasileira.com.br\/?author=4"}]}},"rttpg_featured_image_url":{"full":["https:\/\/dublagembrasileira.com.br\/wp-content\/uploads\/2019\/09\/materia_record.jpg",704,496,false],"landscape":["https:\/\/dublagembrasileira.com.br\/wp-content\/uploads\/2019\/09\/materia_record.jpg",704,496,false],"portraits":["https:\/\/dublagembrasileira.com.br\/wp-content\/uploads\/2019\/09\/materia_record.jpg",704,496,false],"thumbnail":["https:\/\/dublagembrasileira.com.br\/wp-content\/uploads\/2019\/09\/materia_record-150x150.jpg",150,150,true],"medium":["https:\/\/dublagembrasileira.com.br\/wp-content\/uploads\/2019\/09\/materia_record-300x211.jpg",300,211,true],"large":["https:\/\/dublagembrasileira.com.br\/wp-content\/uploads\/2019\/09\/materia_record.jpg",640,451,false],"1536x1536":["https:\/\/dublagembrasileira.com.br\/wp-content\/uploads\/2019\/09\/materia_record.jpg",704,496,false],"2048x2048":["https:\/\/dublagembrasileira.com.br\/wp-content\/uploads\/2019\/09\/materia_record.jpg",704,496,false],"eggnews-slider-large":["https:\/\/dublagembrasileira.com.br\/wp-content\/uploads\/2019\/09\/materia_record.jpg",704,496,false],"eggnews-featured-medium":["https:\/\/dublagembrasileira.com.br\/wp-content\/uploads\/2019\/09\/materia_record-420x307.jpg",420,307,true],"eggnews-featured-long":["https:\/\/dublagembrasileira.com.br\/wp-content\/uploads\/2019\/09\/materia_record-300x443.jpg",300,443,true],"eggnews-block-medium":["https:\/\/dublagembrasileira.com.br\/wp-content\/uploads\/2019\/09\/materia_record-464x290.jpg",464,290,true],"eggnews-carousel-image":["https:\/\/dublagembrasileira.com.br\/wp-content\/uploads\/2019\/09\/materia_record-600x496.jpg",600,496,true],"eggnews-block-thumb":["https:\/\/dublagembrasileira.com.br\/wp-content\/uploads\/2019\/09\/materia_record-322x230.jpg",322,230,true],"eggnews-single-large":["https:\/\/dublagembrasileira.com.br\/wp-content\/uploads\/2019\/09\/materia_record.jpg",704,496,false],"crp_thumbnail":["https:\/\/dublagembrasileira.com.br\/wp-content\/uploads\/2019\/09\/materia_record-150x150.jpg",150,150,true]},"rttpg_author":{"display_name":"Reda\u00e7\u00e3o","author_link":"https:\/\/dublagembrasileira.com.br\/?author=4"},"rttpg_comment":0,"rttpg_category":"<a href=\"https:\/\/dublagembrasileira.com.br\/?cat=13\" rel=\"category\">Not\u00edcias<\/a> <a href=\"https:\/\/dublagembrasileira.com.br\/?cat=8\" rel=\"category\">Televis\u00e3o<\/a>","rttpg_excerpt":"Duda Espinoza e Cl\u00e1udio Galvan participaram de mat\u00e9ria na TV Record sobre vozes conhecidas. Ontem (23), finalmente foi ao ar no Domingo Espetacular a mat\u00e9ria sobre vozes brasileiras anunciada pelos dubladores Duda Espinoza e Cl\u00e1udio Galvan no dia 10 de agosto atrav\u00e9s das redes sociais. O programa apresentou como algumas vozes s\u00e3o reconhecidas pelo grande&hellip;","_links":{"self":[{"href":"https:\/\/dublagembrasileira.com.br\/index.php?rest_route=\/wp\/v2\/posts\/3114","targetHints":{"allow":["GET"]}}],"collection":[{"href":"https:\/\/dublagembrasileira.com.br\/index.php?rest_route=\/wp\/v2\/posts"}],"about":[{"href":"https:\/\/dublagembrasileira.com.br\/index.php?rest_route=\/wp\/v2\/types\/post"}],"author":[{"embeddable":true,"href":"https:\/\/dublagembrasileira.com.br\/index.php?rest_route=\/wp\/v2\/users\/4"}],"replies":[{"embeddable":true,"href":"https:\/\/dublagembrasileira.com.br\/index.php?rest_route=%2Fwp%2Fv2%2Fcomments&post=3114"}],"version-history":[{"count":10,"href":"https:\/\/dublagembrasileira.com.br\/index.php?rest_route=\/wp\/v2\/posts\/3114\/revisions"}],"predecessor-version":[{"id":3139,"href":"https:\/\/dublagembrasileira.com.br\/index.php?rest_route=\/wp\/v2\/posts\/3114\/revisions\/3139"}],"wp:featuredmedia":[{"embeddable":true,"href":"https:\/\/dublagembrasileira.com.br\/index.php?rest_route=\/wp\/v2\/media\/3116"}],"wp:attachment":[{"href":"https:\/\/dublagembrasileira.com.br\/index.php?rest_route=%2Fwp%2Fv2%2Fmedia&parent=3114"}],"wp:term":[{"taxonomy":"category","embeddable":true,"href":"https:\/\/dublagembrasileira.com.br\/index.php?rest_route=%2Fwp%2Fv2%2Fcategories&post=3114"},{"taxonomy":"post_tag","embeddable":true,"href":"https:\/\/dublagembrasileira.com.br\/index.php?rest_route=%2Fwp%2Fv2%2Ftags&post=3114"}],"curies":[{"name":"wp","href":"https:\/\/api.w.org\/{rel}","templated":true}]}}