{"id":3046,"date":"2019-09-18T11:47:17","date_gmt":"2019-09-18T11:47:17","guid":{"rendered":"http:\/\/dublagembrasileira.com.br\/?p=3046"},"modified":"2019-09-18T13:17:28","modified_gmt":"2019-09-18T13:17:28","slug":"fabricio-vila-verde-ministra-curso-na-alcateia","status":"publish","type":"post","link":"https:\/\/dublagembrasileira.com.br\/?p=3046","title":{"rendered":"Fabr\u00edcio Vila Verde ministra curso na Alcateia."},"content":{"rendered":"<h4><em>Voz de Cat Noir (Miraculous: As Aventuras de Ladybug), ensina t\u00e9cnicas de dublagem a partir de outubro em Copacabana.<\/em><\/h4>\n<hr \/>\n<p style=\"text-align: justify;\">O diretor de dublagem Fabr\u00edcio Vila Verde promover\u00e1 em outubro um curso para quem deseja aprender t\u00e9cnicas de dublagem. O curso \u00e9 voltado para iniciantes e suas aulas come\u00e7ar\u00e3o no dia 5 de outubro.<\/p>\n<p style=\"text-align: justify;\">Fabr\u00edcio \u00e9 ator, diretor de dublagem e dublador brasileiro e tem a voz conhecida por ter feitos personagens como: Connor em <strong>For\u00e7a-G<\/strong>, Marcus Little em <strong>Zack &amp; Cody: G\u00eameos a Bordo<\/strong>, Gabe na segunda voz em <strong>Boa Sorte Charlie!<\/strong>, Albert em <strong>Adolepeixes <\/strong>e Cat Noir em <strong>Miraculous: As Aventuras de Ladybug<\/strong>.<\/p>\n<p style=\"text-align: justify;\">Vila Verde ir\u00e1 contar com a supervis\u00e3o da diretora Marlene Costa. Com vasta experi\u00eancia na dublagem, ela j\u00e1 emprestou sua voz a personagens consagrados como: Professora Helena (<strong>Carrossel<\/strong>), Felina (<strong>She-Ra<\/strong>), Sheila (<strong>Caverna do Drag\u00e3o<\/strong>), Jaime Sommers (<strong>A Mulher Bi\u00f4nica<\/strong>), Dra. Zira (<strong>Planeta dos Macacos<\/strong>), Blanche (<strong>Super Gatas<\/strong>), al\u00e9m de v\u00e1rios trabalhos da atriz Faye Dunaway.<\/p>\n<p style=\"text-align: justify;\">O curso ser\u00e1 ministrado no est\u00fadio Alcat\u00e9ia Audiovisual, situado na Rua Gen. Barbosa Lima, 39 &#8211; Copacabana, Rio de Janeiro (RJ) e ter\u00e1 aulas ministradas apenas aos s\u00e1bados.<\/p>\n<p style=\"text-align: justify;\">Maiores informa\u00e7\u00f5es podem ser conseguidas pelos telefones: (21) 22573041 ou (21) 964811890.<\/p>\n","protected":false},"excerpt":{"rendered":"<p>Voz de Cat Noir (Miraculous: As Aventuras de Ladybug), ensina t\u00e9cnicas de dublagem a partir de outubro em Copacabana. O diretor de dublagem Fabr\u00edcio Vila Verde promover\u00e1 em outubro um curso para quem deseja aprender t\u00e9cnicas de dublagem. O curso \u00e9 voltado para iniciantes e suas aulas come\u00e7ar\u00e3o no dia 5 de outubro. Fabr\u00edcio \u00e9 ator, diretor de dublagem e dublador brasileiro e tem a voz conhecida por ter feitos personagens como: Connor em For\u00e7a-G, Marcus Little em Zack &amp; Cody: G\u00eameos a Bordo, Gabe na segunda voz em Boa Sorte Charlie!, Albert em Adolepeixes e Cat Noir em Miraculous: As Aventuras de Ladybug. Vila Verde ir\u00e1 contar com a supervis\u00e3o da diretora Marlene Costa. Com vasta experi\u00eancia na dublagem, ela j\u00e1 emprestou sua voz a personagens consagrados como: Professora Helena (Carrossel), Felina (She-Ra), Sheila (Caverna do Drag\u00e3o), Jaime Sommers (A Mulher Bi\u00f4nica), Dra. Zira (Planeta dos Macacos), Blanche (Super Gatas), al\u00e9m de v\u00e1rios trabalhos da atriz Faye Dunaway. O curso ser\u00e1 ministrado no est\u00fadio Alcat\u00e9ia Audiovisual, situado na Rua Gen. Barbosa Lima, 39 &#8211; Copacabana, Rio de Janeiro (RJ) e ter\u00e1 aulas ministradas apenas aos s\u00e1bados. Maiores informa\u00e7\u00f5es podem ser conseguidas pelos telefones: (21) 22573041 ou (21) 964811890.<\/p>\n","protected":false},"author":4,"featured_media":3047,"comment_status":"open","ping_status":"open","sticky":false,"template":"","format":"standard","meta":{"_monsterinsights_skip_tracking":false,"_monsterinsights_sitenote_active":false,"_monsterinsights_sitenote_note":"","_monsterinsights_sitenote_category":0,"footnotes":""},"categories":[21,13],"tags":[146,124,33,34,27],"class_list":["post-3046","post","type-post","status-publish","format-standard","has-post-thumbnail","hentry","category-acontece","category-noticias","tag-curso","tag-dublado","tag-dublador","tag-dubladora","tag-dublagem"],"yoast_head":"<!-- This site is optimized with the Yoast SEO plugin v26.1.1 - https:\/\/yoast.com\/wordpress\/plugins\/seo\/ -->\n<title>Fabr\u00edcio Vila Verde ministra curso na Alcateia. | DB - Dublagem Brasileira<\/title>\n<meta name=\"description\" content=\"Fabr\u00edcio Vila Verde ministra curso na Alcateia. Voz do Marcus Little (Zack &amp; Cody) ensina t\u00e9cnicas de dublagem a partir de outubro em Copacabana.\" \/>\n<meta name=\"robots\" content=\"index, follow, max-snippet:-1, max-image-preview:large, max-video-preview:-1\" \/>\n<link rel=\"canonical\" href=\"https:\/\/dublagembrasileira.com.br\/?p=3046\" \/>\n<meta property=\"og:locale\" content=\"pt_BR\" \/>\n<meta property=\"og:type\" content=\"article\" \/>\n<meta property=\"og:title\" content=\"Fabr\u00edcio Vila Verde ministra curso na Alcateia. | DB - Dublagem Brasileira\" \/>\n<meta property=\"og:description\" content=\"Fabr\u00edcio Vila Verde ministra curso na Alcateia. Voz do Marcus Little (Zack &amp; Cody) ensina t\u00e9cnicas de dublagem a partir de outubro em Copacabana.\" \/>\n<meta property=\"og:url\" content=\"https:\/\/dublagembrasileira.com.br\/?p=3046\" \/>\n<meta property=\"og:site_name\" content=\"DB - Dublagem Brasileira\" \/>\n<meta property=\"article:author\" content=\"https:\/\/www.facebook.com\/dublagembrasileira\" \/>\n<meta property=\"article:published_time\" content=\"2019-09-18T11:47:17+00:00\" \/>\n<meta property=\"article:modified_time\" content=\"2019-09-18T13:17:28+00:00\" \/>\n<meta property=\"og:image\" content=\"https:\/\/dublagembrasileira.com.br\/wp-content\/uploads\/2019\/09\/vilaverde.jpg\" \/>\n\t<meta property=\"og:image:width\" content=\"704\" \/>\n\t<meta property=\"og:image:height\" content=\"496\" \/>\n\t<meta property=\"og:image:type\" content=\"image\/jpeg\" \/>\n<meta name=\"author\" content=\"Reda\u00e7\u00e3o\" \/>\n<meta name=\"twitter:card\" content=\"summary_large_image\" \/>\n<meta name=\"twitter:creator\" content=\"@dbdublagem\" \/>\n<meta name=\"twitter:label1\" content=\"Escrito por\" \/>\n\t<meta name=\"twitter:data1\" content=\"Reda\u00e7\u00e3o\" \/>\n\t<meta name=\"twitter:label2\" content=\"Est. tempo de leitura\" \/>\n\t<meta name=\"twitter:data2\" content=\"1 minuto\" \/>\n<script type=\"application\/ld+json\" class=\"yoast-schema-graph\">{\"@context\":\"https:\/\/schema.org\",\"@graph\":[{\"@type\":\"Article\",\"@id\":\"https:\/\/dublagembrasileira.com.br\/?p=3046#article\",\"isPartOf\":{\"@id\":\"https:\/\/dublagembrasileira.com.br\/?p=3046\"},\"author\":{\"name\":\"Reda\u00e7\u00e3o\",\"@id\":\"https:\/\/dublagembrasileira.com.br\/#\/schema\/person\/a75bac594c0e9a0b96508b7e124f20d1\"},\"headline\":\"Fabr\u00edcio Vila Verde ministra curso na Alcateia.\",\"datePublished\":\"2019-09-18T11:47:17+00:00\",\"dateModified\":\"2019-09-18T13:17:28+00:00\",\"mainEntityOfPage\":{\"@id\":\"https:\/\/dublagembrasileira.com.br\/?p=3046\"},\"wordCount\":217,\"commentCount\":0,\"publisher\":{\"@id\":\"https:\/\/dublagembrasileira.com.br\/#organization\"},\"image\":{\"@id\":\"https:\/\/dublagembrasileira.com.br\/?p=3046#primaryimage\"},\"thumbnailUrl\":\"https:\/\/dublagembrasileira.com.br\/wp-content\/uploads\/2019\/09\/vilaverde.jpg\",\"keywords\":[\"curso\",\"dublado\",\"dublador\",\"dubladora\",\"dublagem\"],\"articleSection\":[\"Acontece\",\"Not\u00edcias\"],\"inLanguage\":\"pt-BR\",\"potentialAction\":[{\"@type\":\"CommentAction\",\"name\":\"Comment\",\"target\":[\"https:\/\/dublagembrasileira.com.br\/?p=3046#respond\"]}]},{\"@type\":\"WebPage\",\"@id\":\"https:\/\/dublagembrasileira.com.br\/?p=3046\",\"url\":\"https:\/\/dublagembrasileira.com.br\/?p=3046\",\"name\":\"Fabr\u00edcio Vila Verde ministra curso na Alcateia. | DB - Dublagem Brasileira\",\"isPartOf\":{\"@id\":\"https:\/\/dublagembrasileira.com.br\/#website\"},\"primaryImageOfPage\":{\"@id\":\"https:\/\/dublagembrasileira.com.br\/?p=3046#primaryimage\"},\"image\":{\"@id\":\"https:\/\/dublagembrasileira.com.br\/?p=3046#primaryimage\"},\"thumbnailUrl\":\"https:\/\/dublagembrasileira.com.br\/wp-content\/uploads\/2019\/09\/vilaverde.jpg\",\"datePublished\":\"2019-09-18T11:47:17+00:00\",\"dateModified\":\"2019-09-18T13:17:28+00:00\",\"description\":\"Fabr\u00edcio Vila Verde ministra curso na Alcateia. Voz do Marcus Little (Zack & Cody) ensina t\u00e9cnicas de dublagem a partir de outubro em Copacabana.\",\"breadcrumb\":{\"@id\":\"https:\/\/dublagembrasileira.com.br\/?p=3046#breadcrumb\"},\"inLanguage\":\"pt-BR\",\"potentialAction\":[{\"@type\":\"ReadAction\",\"target\":[\"https:\/\/dublagembrasileira.com.br\/?p=3046\"]}]},{\"@type\":\"ImageObject\",\"inLanguage\":\"pt-BR\",\"@id\":\"https:\/\/dublagembrasileira.com.br\/?p=3046#primaryimage\",\"url\":\"https:\/\/dublagembrasileira.com.br\/wp-content\/uploads\/2019\/09\/vilaverde.jpg\",\"contentUrl\":\"https:\/\/dublagembrasileira.com.br\/wp-content\/uploads\/2019\/09\/vilaverde.jpg\",\"width\":704,\"height\":496},{\"@type\":\"BreadcrumbList\",\"@id\":\"https:\/\/dublagembrasileira.com.br\/?p=3046#breadcrumb\",\"itemListElement\":[{\"@type\":\"ListItem\",\"position\":1,\"name\":\"In\u00edcio\",\"item\":\"https:\/\/dublagembrasileira.com.br\/\"},{\"@type\":\"ListItem\",\"position\":2,\"name\":\"Fabr\u00edcio Vila Verde ministra curso na Alcateia.\"}]},{\"@type\":\"WebSite\",\"@id\":\"https:\/\/dublagembrasileira.com.br\/#website\",\"url\":\"https:\/\/dublagembrasileira.com.br\/\",\"name\":\"DB - Dublagem Brasileira\",\"description\":\"O seu portal de dublagem.\",\"publisher\":{\"@id\":\"https:\/\/dublagembrasileira.com.br\/#organization\"},\"potentialAction\":[{\"@type\":\"SearchAction\",\"target\":{\"@type\":\"EntryPoint\",\"urlTemplate\":\"https:\/\/dublagembrasileira.com.br\/?s={search_term_string}\"},\"query-input\":{\"@type\":\"PropertyValueSpecification\",\"valueRequired\":true,\"valueName\":\"search_term_string\"}}],\"inLanguage\":\"pt-BR\"},{\"@type\":\"Organization\",\"@id\":\"https:\/\/dublagembrasileira.com.br\/#organization\",\"name\":\"DB - Dublagem Brasileira\",\"url\":\"https:\/\/dublagembrasileira.com.br\/\",\"logo\":{\"@type\":\"ImageObject\",\"inLanguage\":\"pt-BR\",\"@id\":\"https:\/\/dublagembrasileira.com.br\/#\/schema\/logo\/image\/\",\"url\":\"https:\/\/dublagembrasileira.com.br\/wp-content\/uploads\/2019\/07\/cropped-logotipodb.png\",\"contentUrl\":\"https:\/\/dublagembrasileira.com.br\/wp-content\/uploads\/2019\/07\/cropped-logotipodb.png\",\"width\":946,\"height\":589,\"caption\":\"DB - Dublagem Brasileira\"},\"image\":{\"@id\":\"https:\/\/dublagembrasileira.com.br\/#\/schema\/logo\/image\/\"}},{\"@type\":\"Person\",\"@id\":\"https:\/\/dublagembrasileira.com.br\/#\/schema\/person\/a75bac594c0e9a0b96508b7e124f20d1\",\"name\":\"Reda\u00e7\u00e3o\",\"image\":{\"@type\":\"ImageObject\",\"inLanguage\":\"pt-BR\",\"@id\":\"https:\/\/dublagembrasileira.com.br\/#\/schema\/person\/image\/\",\"url\":\"http:\/\/dublagembrasileira.com.br\/wp-content\/uploads\/2025\/06\/admin-96x96.jpg\",\"contentUrl\":\"http:\/\/dublagembrasileira.com.br\/wp-content\/uploads\/2025\/06\/admin-96x96.jpg\",\"caption\":\"Reda\u00e7\u00e3o\"},\"description\":\"Equipe do DB.\",\"sameAs\":[\"https:\/\/www.facebook.com\/dublagembrasileira\",\"https:\/\/www.instagram.com\/dbdublagembrasileira\",\"https:\/\/x.com\/dbdublagem\"],\"url\":\"https:\/\/dublagembrasileira.com.br\/?author=4\"}]}<\/script>\n<!-- \/ Yoast SEO plugin. -->","yoast_head_json":{"title":"Fabr\u00edcio Vila Verde ministra curso na Alcateia. | DB - Dublagem Brasileira","description":"Fabr\u00edcio Vila Verde ministra curso na Alcateia. Voz do Marcus Little (Zack & Cody) ensina t\u00e9cnicas de dublagem a partir de outubro em Copacabana.","robots":{"index":"index","follow":"follow","max-snippet":"max-snippet:-1","max-image-preview":"max-image-preview:large","max-video-preview":"max-video-preview:-1"},"canonical":"https:\/\/dublagembrasileira.com.br\/?p=3046","og_locale":"pt_BR","og_type":"article","og_title":"Fabr\u00edcio Vila Verde ministra curso na Alcateia. | DB - Dublagem Brasileira","og_description":"Fabr\u00edcio Vila Verde ministra curso na Alcateia. Voz do Marcus Little (Zack & Cody) ensina t\u00e9cnicas de dublagem a partir de outubro em Copacabana.","og_url":"https:\/\/dublagembrasileira.com.br\/?p=3046","og_site_name":"DB - Dublagem Brasileira","article_author":"https:\/\/www.facebook.com\/dublagembrasileira","article_published_time":"2019-09-18T11:47:17+00:00","article_modified_time":"2019-09-18T13:17:28+00:00","og_image":[{"width":704,"height":496,"url":"https:\/\/dublagembrasileira.com.br\/wp-content\/uploads\/2019\/09\/vilaverde.jpg","type":"image\/jpeg"}],"author":"Reda\u00e7\u00e3o","twitter_card":"summary_large_image","twitter_creator":"@dbdublagem","twitter_misc":{"Escrito por":"Reda\u00e7\u00e3o","Est. tempo de leitura":"1 minuto"},"schema":{"@context":"https:\/\/schema.org","@graph":[{"@type":"Article","@id":"https:\/\/dublagembrasileira.com.br\/?p=3046#article","isPartOf":{"@id":"https:\/\/dublagembrasileira.com.br\/?p=3046"},"author":{"name":"Reda\u00e7\u00e3o","@id":"https:\/\/dublagembrasileira.com.br\/#\/schema\/person\/a75bac594c0e9a0b96508b7e124f20d1"},"headline":"Fabr\u00edcio Vila Verde ministra curso na Alcateia.","datePublished":"2019-09-18T11:47:17+00:00","dateModified":"2019-09-18T13:17:28+00:00","mainEntityOfPage":{"@id":"https:\/\/dublagembrasileira.com.br\/?p=3046"},"wordCount":217,"commentCount":0,"publisher":{"@id":"https:\/\/dublagembrasileira.com.br\/#organization"},"image":{"@id":"https:\/\/dublagembrasileira.com.br\/?p=3046#primaryimage"},"thumbnailUrl":"https:\/\/dublagembrasileira.com.br\/wp-content\/uploads\/2019\/09\/vilaverde.jpg","keywords":["curso","dublado","dublador","dubladora","dublagem"],"articleSection":["Acontece","Not\u00edcias"],"inLanguage":"pt-BR","potentialAction":[{"@type":"CommentAction","name":"Comment","target":["https:\/\/dublagembrasileira.com.br\/?p=3046#respond"]}]},{"@type":"WebPage","@id":"https:\/\/dublagembrasileira.com.br\/?p=3046","url":"https:\/\/dublagembrasileira.com.br\/?p=3046","name":"Fabr\u00edcio Vila Verde ministra curso na Alcateia. | DB - Dublagem Brasileira","isPartOf":{"@id":"https:\/\/dublagembrasileira.com.br\/#website"},"primaryImageOfPage":{"@id":"https:\/\/dublagembrasileira.com.br\/?p=3046#primaryimage"},"image":{"@id":"https:\/\/dublagembrasileira.com.br\/?p=3046#primaryimage"},"thumbnailUrl":"https:\/\/dublagembrasileira.com.br\/wp-content\/uploads\/2019\/09\/vilaverde.jpg","datePublished":"2019-09-18T11:47:17+00:00","dateModified":"2019-09-18T13:17:28+00:00","description":"Fabr\u00edcio Vila Verde ministra curso na Alcateia. Voz do Marcus Little (Zack & Cody) ensina t\u00e9cnicas de dublagem a partir de outubro em Copacabana.","breadcrumb":{"@id":"https:\/\/dublagembrasileira.com.br\/?p=3046#breadcrumb"},"inLanguage":"pt-BR","potentialAction":[{"@type":"ReadAction","target":["https:\/\/dublagembrasileira.com.br\/?p=3046"]}]},{"@type":"ImageObject","inLanguage":"pt-BR","@id":"https:\/\/dublagembrasileira.com.br\/?p=3046#primaryimage","url":"https:\/\/dublagembrasileira.com.br\/wp-content\/uploads\/2019\/09\/vilaverde.jpg","contentUrl":"https:\/\/dublagembrasileira.com.br\/wp-content\/uploads\/2019\/09\/vilaverde.jpg","width":704,"height":496},{"@type":"BreadcrumbList","@id":"https:\/\/dublagembrasileira.com.br\/?p=3046#breadcrumb","itemListElement":[{"@type":"ListItem","position":1,"name":"In\u00edcio","item":"https:\/\/dublagembrasileira.com.br\/"},{"@type":"ListItem","position":2,"name":"Fabr\u00edcio Vila Verde ministra curso na Alcateia."}]},{"@type":"WebSite","@id":"https:\/\/dublagembrasileira.com.br\/#website","url":"https:\/\/dublagembrasileira.com.br\/","name":"DB - Dublagem Brasileira","description":"O seu portal de dublagem.","publisher":{"@id":"https:\/\/dublagembrasileira.com.br\/#organization"},"potentialAction":[{"@type":"SearchAction","target":{"@type":"EntryPoint","urlTemplate":"https:\/\/dublagembrasileira.com.br\/?s={search_term_string}"},"query-input":{"@type":"PropertyValueSpecification","valueRequired":true,"valueName":"search_term_string"}}],"inLanguage":"pt-BR"},{"@type":"Organization","@id":"https:\/\/dublagembrasileira.com.br\/#organization","name":"DB - Dublagem Brasileira","url":"https:\/\/dublagembrasileira.com.br\/","logo":{"@type":"ImageObject","inLanguage":"pt-BR","@id":"https:\/\/dublagembrasileira.com.br\/#\/schema\/logo\/image\/","url":"https:\/\/dublagembrasileira.com.br\/wp-content\/uploads\/2019\/07\/cropped-logotipodb.png","contentUrl":"https:\/\/dublagembrasileira.com.br\/wp-content\/uploads\/2019\/07\/cropped-logotipodb.png","width":946,"height":589,"caption":"DB - Dublagem Brasileira"},"image":{"@id":"https:\/\/dublagembrasileira.com.br\/#\/schema\/logo\/image\/"}},{"@type":"Person","@id":"https:\/\/dublagembrasileira.com.br\/#\/schema\/person\/a75bac594c0e9a0b96508b7e124f20d1","name":"Reda\u00e7\u00e3o","image":{"@type":"ImageObject","inLanguage":"pt-BR","@id":"https:\/\/dublagembrasileira.com.br\/#\/schema\/person\/image\/","url":"http:\/\/dublagembrasileira.com.br\/wp-content\/uploads\/2025\/06\/admin-96x96.jpg","contentUrl":"http:\/\/dublagembrasileira.com.br\/wp-content\/uploads\/2025\/06\/admin-96x96.jpg","caption":"Reda\u00e7\u00e3o"},"description":"Equipe do DB.","sameAs":["https:\/\/www.facebook.com\/dublagembrasileira","https:\/\/www.instagram.com\/dbdublagembrasileira","https:\/\/x.com\/dbdublagem"],"url":"https:\/\/dublagembrasileira.com.br\/?author=4"}]}},"rttpg_featured_image_url":{"full":["https:\/\/dublagembrasileira.com.br\/wp-content\/uploads\/2019\/09\/vilaverde.jpg",704,496,false],"landscape":["https:\/\/dublagembrasileira.com.br\/wp-content\/uploads\/2019\/09\/vilaverde.jpg",704,496,false],"portraits":["https:\/\/dublagembrasileira.com.br\/wp-content\/uploads\/2019\/09\/vilaverde.jpg",704,496,false],"thumbnail":["https:\/\/dublagembrasileira.com.br\/wp-content\/uploads\/2019\/09\/vilaverde-150x150.jpg",150,150,true],"medium":["https:\/\/dublagembrasileira.com.br\/wp-content\/uploads\/2019\/09\/vilaverde-300x211.jpg",300,211,true],"large":["https:\/\/dublagembrasileira.com.br\/wp-content\/uploads\/2019\/09\/vilaverde.jpg",640,451,false],"1536x1536":["https:\/\/dublagembrasileira.com.br\/wp-content\/uploads\/2019\/09\/vilaverde.jpg",704,496,false],"2048x2048":["https:\/\/dublagembrasileira.com.br\/wp-content\/uploads\/2019\/09\/vilaverde.jpg",704,496,false],"eggnews-slider-large":["https:\/\/dublagembrasileira.com.br\/wp-content\/uploads\/2019\/09\/vilaverde.jpg",704,496,false],"eggnews-featured-medium":["https:\/\/dublagembrasileira.com.br\/wp-content\/uploads\/2019\/09\/vilaverde-420x307.jpg",420,307,true],"eggnews-featured-long":["https:\/\/dublagembrasileira.com.br\/wp-content\/uploads\/2019\/09\/vilaverde-300x443.jpg",300,443,true],"eggnews-block-medium":["https:\/\/dublagembrasileira.com.br\/wp-content\/uploads\/2019\/09\/vilaverde-464x290.jpg",464,290,true],"eggnews-carousel-image":["https:\/\/dublagembrasileira.com.br\/wp-content\/uploads\/2019\/09\/vilaverde-600x496.jpg",600,496,true],"eggnews-block-thumb":["https:\/\/dublagembrasileira.com.br\/wp-content\/uploads\/2019\/09\/vilaverde-322x230.jpg",322,230,true],"eggnews-single-large":["https:\/\/dublagembrasileira.com.br\/wp-content\/uploads\/2019\/09\/vilaverde.jpg",704,496,false],"crp_thumbnail":["https:\/\/dublagembrasileira.com.br\/wp-content\/uploads\/2019\/09\/vilaverde-150x150.jpg",150,150,true]},"rttpg_author":{"display_name":"Reda\u00e7\u00e3o","author_link":"https:\/\/dublagembrasileira.com.br\/?author=4"},"rttpg_comment":0,"rttpg_category":"<a href=\"https:\/\/dublagembrasileira.com.br\/?cat=21\" rel=\"category\">Acontece<\/a> <a href=\"https:\/\/dublagembrasileira.com.br\/?cat=13\" rel=\"category\">Not\u00edcias<\/a>","rttpg_excerpt":"Voz de Cat Noir (Miraculous: As Aventuras de Ladybug), ensina t\u00e9cnicas de dublagem a partir de outubro em Copacabana. O diretor de dublagem Fabr\u00edcio Vila Verde promover\u00e1 em outubro um curso para quem deseja aprender t\u00e9cnicas de dublagem. O curso \u00e9 voltado para iniciantes e suas aulas come\u00e7ar\u00e3o no dia 5 de outubro. Fabr\u00edcio \u00e9&hellip;","_links":{"self":[{"href":"https:\/\/dublagembrasileira.com.br\/index.php?rest_route=\/wp\/v2\/posts\/3046","targetHints":{"allow":["GET"]}}],"collection":[{"href":"https:\/\/dublagembrasileira.com.br\/index.php?rest_route=\/wp\/v2\/posts"}],"about":[{"href":"https:\/\/dublagembrasileira.com.br\/index.php?rest_route=\/wp\/v2\/types\/post"}],"author":[{"embeddable":true,"href":"https:\/\/dublagembrasileira.com.br\/index.php?rest_route=\/wp\/v2\/users\/4"}],"replies":[{"embeddable":true,"href":"https:\/\/dublagembrasileira.com.br\/index.php?rest_route=%2Fwp%2Fv2%2Fcomments&post=3046"}],"version-history":[{"count":4,"href":"https:\/\/dublagembrasileira.com.br\/index.php?rest_route=\/wp\/v2\/posts\/3046\/revisions"}],"predecessor-version":[{"id":3058,"href":"https:\/\/dublagembrasileira.com.br\/index.php?rest_route=\/wp\/v2\/posts\/3046\/revisions\/3058"}],"wp:featuredmedia":[{"embeddable":true,"href":"https:\/\/dublagembrasileira.com.br\/index.php?rest_route=\/wp\/v2\/media\/3047"}],"wp:attachment":[{"href":"https:\/\/dublagembrasileira.com.br\/index.php?rest_route=%2Fwp%2Fv2%2Fmedia&parent=3046"}],"wp:term":[{"taxonomy":"category","embeddable":true,"href":"https:\/\/dublagembrasileira.com.br\/index.php?rest_route=%2Fwp%2Fv2%2Fcategories&post=3046"},{"taxonomy":"post_tag","embeddable":true,"href":"https:\/\/dublagembrasileira.com.br\/index.php?rest_route=%2Fwp%2Fv2%2Ftags&post=3046"}],"curies":[{"name":"wp","href":"https:\/\/api.w.org\/{rel}","templated":true}]}}