{"id":3028,"date":"2019-09-17T11:40:14","date_gmt":"2019-09-17T11:40:14","guid":{"rendered":"http:\/\/dublagembrasileira.com.br\/?p=3028"},"modified":"2019-09-19T13:20:56","modified_gmt":"2019-09-19T13:20:56","slug":"mauro-horta-e-mariana-torres-estarao-em-outubro-na-midia-fisica-de-mib","status":"publish","type":"post","link":"https:\/\/dublagembrasileira.com.br\/?p=3028","title":{"rendered":"Mauro Horta e Mariana Torres estar\u00e3o em outubro na m\u00eddia f\u00edsica de MIB."},"content":{"rendered":"<h4><em>Blu-ray e DVD de <strong>MIB: Homens de Preto Internacional<\/strong> ser\u00e1 lan\u00e7ado no dia 2 de outubro.<\/em><\/h4>\n<hr \/>\n<p style=\"text-align: justify;\">O longa do diretor F. Gary Gray, <strong>MIB: Homens de Preto Internacional<\/strong> est\u00e1 nas nas plataformas digitais desde o dia 11 de setembro e os formatos Blu-ray e DVD, com muitos extras, foram anunciados para chegar \u00e0s prateleiras no dia 2 de outubro.<\/p>\n<p style=\"text-align: justify;\">O filme mostra Molly (Tessa Thompson), ainda crian\u00e7a, presenciando dois agentes do MIB apagando a mem\u00f3ria de seus pais. Escondida, a garota n\u00e3o foi atingida pela a\u00e7\u00e3o, mas ficou obcecada em ingressar na ag\u00eancia e j\u00e1 adulta se candidata a uma vaga, sendo aceita pela O (Emma Thompson). J\u00e1 como agente M, ela \u00e9 enviada a Londres para investigar algo estranho e conhece o agente H (Chris Hemsworth), um nome conhecido por sua arrog\u00e2ncia.<\/p>\n<p style=\"text-align: justify;\">A dublagem brasileira da produ\u00e7\u00e3o, com qualidade <span class=\"st\">Dolby Digital<\/span> 5.1, ficou a cargo da Delart e teve a dire\u00e7\u00e3o de Andrea Murucci, excelente profissional, tamb\u00e9m respons\u00e1vel por conduzir produ\u00e7\u00f5es como <strong>Godzilla II: Rei dos Monstros<\/strong> e <strong>Vingadores: Era de Ultron<\/strong>.<\/p>\n<p style=\"text-align: justify;\">A dupla de protagonistas \u00e9 interpretada por Mauro Horta (a voz do Thor em <strong>Vingadores<\/strong>) e Mariana Torres (a Mia Dolan em <strong>La La Land<\/strong>).Tamb\u00e9m no elenco de vozes nomes como os de: Marcelo Garcia, Ang\u00e9lica Borges, D\u00e1rio de Castro, Cl\u00e9cio Souto e Miriam Ficher.<\/p>\n<p style=\"text-align: justify;\"><strong>Extras do DVD:<\/strong><br \/>\nBobina de piadas;<br \/>\nNovos recrutas, Ternos cl\u00e1ssicos;<br \/>\nVamos nessa! Por dentro das a\u00e7\u00e3o e acrobacias;<br \/>\nOlhe bem aqui! Aparelhos, armas e carros;<br \/>\nExpandindo o universo MIB;<br \/>\nA turma do fund\u00e3o Frank e Pawny;<br \/>\nLes Twins deixa no ch\u00e3o;<br \/>\nCaso voc\u00ea tenha sido neuralizado: recapitula\u00e7\u00e3o MIB;<br \/>\nO MIB conhece a MBA.<\/p>\n<p><strong>Extras do Blu-ray:<\/strong><br \/>\nBobina de piadas;<br \/>\nrede de compras alien\u00edgenas;<br \/>\ncenas exclu\u00eddas;<br \/>\nvamos nessa! Por dentro das a\u00e7\u00e3o e acrobacias;<br \/>\nolhe bem aqui! Aparelhos, armas e carros;<br \/>\nExpandindo o universo MIB;<br \/>\nA turma do fund\u00e3o Frank e Pawny;<br \/>\nLes Twins deixa no ch\u00e3o;<br \/>\nCaso voc\u00ea tenha sido neuralizado: recapitula\u00e7\u00e3o MIB;<br \/>\nO MIB conhece a MBA.<\/p>\n","protected":false},"excerpt":{"rendered":"<p>Blu-ray e DVD de MIB: Homens de Preto Internacional ser\u00e1 lan\u00e7ado no dia 2 de outubro. O longa do diretor F. Gary Gray, MIB: Homens de Preto Internacional est\u00e1 nas nas plataformas digitais desde o dia 11 de setembro e os formatos Blu-ray e DVD, com muitos extras, foram anunciados para chegar \u00e0s prateleiras no dia 2 de outubro. O filme mostra Molly (Tessa Thompson), ainda crian\u00e7a, presenciando dois agentes do MIB apagando a mem\u00f3ria de seus pais. Escondida, a garota n\u00e3o foi atingida pela a\u00e7\u00e3o, mas ficou obcecada em ingressar na ag\u00eancia e j\u00e1 adulta se candidata a uma vaga, sendo aceita pela O (Emma Thompson). J\u00e1 como agente M, ela \u00e9 enviada a Londres para investigar algo estranho e conhece o agente H (Chris Hemsworth), um nome conhecido por sua arrog\u00e2ncia. A dublagem brasileira da produ\u00e7\u00e3o, com qualidade Dolby Digital 5.1, ficou a cargo da Delart e teve a dire\u00e7\u00e3o de Andrea Murucci, excelente profissional, tamb\u00e9m respons\u00e1vel por conduzir produ\u00e7\u00f5es como Godzilla II: Rei dos Monstros e Vingadores: Era de Ultron. A dupla de protagonistas \u00e9 interpretada por Mauro Horta (a voz do Thor em Vingadores) e Mariana Torres (a Mia Dolan em La La Land).Tamb\u00e9m no elenco de vozes nomes como os de: Marcelo Garcia, Ang\u00e9lica Borges, D\u00e1rio de Castro, Cl\u00e9cio Souto e Miriam Ficher. Extras do DVD: Bobina de piadas; Novos recrutas, Ternos cl\u00e1ssicos; Vamos nessa! Por dentro das a\u00e7\u00e3o e acrobacias; Olhe bem aqui! Aparelhos, armas e carros; Expandindo o universo MIB; A turma do fund\u00e3o Frank e Pawny; Les Twins deixa no ch\u00e3o; Caso voc\u00ea tenha sido neuralizado: recapitula\u00e7\u00e3o MIB; O MIB conhece a MBA. Extras do Blu-ray: Bobina de piadas; rede de compras alien\u00edgenas; cenas exclu\u00eddas; vamos nessa! Por dentro das a\u00e7\u00e3o e acrobacias; olhe bem aqui! Aparelhos, armas e carros; Expandindo o universo MIB; A turma do fund\u00e3o Frank e Pawny; Les Twins deixa no ch\u00e3o; Caso voc\u00ea tenha sido neuralizado: recapitula\u00e7\u00e3o MIB; O MIB conhece a MBA.<\/p>\n","protected":false},"author":4,"featured_media":3029,"comment_status":"open","ping_status":"open","sticky":false,"template":"","format":"standard","meta":{"_monsterinsights_skip_tracking":false,"_monsterinsights_sitenote_active":false,"_monsterinsights_sitenote_note":"","_monsterinsights_sitenote_category":0,"footnotes":""},"categories":[13,9],"tags":[],"class_list":["post-3028","post","type-post","status-publish","format-standard","has-post-thumbnail","hentry","category-noticias","category-outras-midias"],"yoast_head":"<!-- This site is optimized with the Yoast SEO plugin v26.1.1 - https:\/\/yoast.com\/wordpress\/plugins\/seo\/ -->\n<title>Mauro Horta e Mariana Torres estar\u00e3o em outubro na m\u00eddia f\u00edsica de MIB. | DB - Dublagem Brasileira<\/title>\n<meta name=\"description\" content=\"Mauro Horta e Mariana Torres estar\u00e3o em outubro no Blu-ray e DVD de MIB: Homens de Preto Internacional.\" \/>\n<meta name=\"robots\" content=\"index, follow, max-snippet:-1, max-image-preview:large, max-video-preview:-1\" \/>\n<link rel=\"canonical\" href=\"https:\/\/dublagembrasileira.com.br\/?p=3028\" \/>\n<meta property=\"og:locale\" content=\"pt_BR\" \/>\n<meta property=\"og:type\" content=\"article\" \/>\n<meta property=\"og:title\" content=\"Mauro Horta e Mariana Torres estar\u00e3o em outubro na m\u00eddia f\u00edsica de MIB. | DB - Dublagem Brasileira\" \/>\n<meta property=\"og:description\" content=\"Mauro Horta e Mariana Torres estar\u00e3o em outubro no Blu-ray e DVD de MIB: Homens de Preto Internacional.\" \/>\n<meta property=\"og:url\" content=\"https:\/\/dublagembrasileira.com.br\/?p=3028\" \/>\n<meta property=\"og:site_name\" content=\"DB - Dublagem Brasileira\" \/>\n<meta property=\"article:author\" content=\"https:\/\/www.facebook.com\/dublagembrasileira\" \/>\n<meta property=\"article:published_time\" content=\"2019-09-17T11:40:14+00:00\" \/>\n<meta property=\"article:modified_time\" content=\"2019-09-19T13:20:56+00:00\" \/>\n<meta property=\"og:image\" content=\"https:\/\/dublagembrasileira.com.br\/wp-content\/uploads\/2019\/09\/mib.jpg\" \/>\n\t<meta property=\"og:image:width\" content=\"704\" \/>\n\t<meta property=\"og:image:height\" content=\"496\" \/>\n\t<meta property=\"og:image:type\" content=\"image\/jpeg\" \/>\n<meta name=\"author\" content=\"Reda\u00e7\u00e3o\" \/>\n<meta name=\"twitter:card\" content=\"summary_large_image\" \/>\n<meta name=\"twitter:creator\" content=\"@dbdublagem\" \/>\n<meta name=\"twitter:label1\" content=\"Escrito por\" \/>\n\t<meta name=\"twitter:data1\" content=\"Reda\u00e7\u00e3o\" \/>\n\t<meta name=\"twitter:label2\" content=\"Est. tempo de leitura\" \/>\n\t<meta name=\"twitter:data2\" content=\"2 minutos\" \/>\n<script type=\"application\/ld+json\" class=\"yoast-schema-graph\">{\"@context\":\"https:\/\/schema.org\",\"@graph\":[{\"@type\":\"Article\",\"@id\":\"https:\/\/dublagembrasileira.com.br\/?p=3028#article\",\"isPartOf\":{\"@id\":\"https:\/\/dublagembrasileira.com.br\/?p=3028\"},\"author\":{\"name\":\"Reda\u00e7\u00e3o\",\"@id\":\"https:\/\/dublagembrasileira.com.br\/#\/schema\/person\/a75bac594c0e9a0b96508b7e124f20d1\"},\"headline\":\"Mauro Horta e Mariana Torres estar\u00e3o em outubro na m\u00eddia f\u00edsica de MIB.\",\"datePublished\":\"2019-09-17T11:40:14+00:00\",\"dateModified\":\"2019-09-19T13:20:56+00:00\",\"mainEntityOfPage\":{\"@id\":\"https:\/\/dublagembrasileira.com.br\/?p=3028\"},\"wordCount\":364,\"commentCount\":0,\"publisher\":{\"@id\":\"https:\/\/dublagembrasileira.com.br\/#organization\"},\"image\":{\"@id\":\"https:\/\/dublagembrasileira.com.br\/?p=3028#primaryimage\"},\"thumbnailUrl\":\"https:\/\/dublagembrasileira.com.br\/wp-content\/uploads\/2019\/09\/mib.jpg\",\"articleSection\":[\"Not\u00edcias\",\"Outras m\u00eddias\"],\"inLanguage\":\"pt-BR\",\"potentialAction\":[{\"@type\":\"CommentAction\",\"name\":\"Comment\",\"target\":[\"https:\/\/dublagembrasileira.com.br\/?p=3028#respond\"]}]},{\"@type\":\"WebPage\",\"@id\":\"https:\/\/dublagembrasileira.com.br\/?p=3028\",\"url\":\"https:\/\/dublagembrasileira.com.br\/?p=3028\",\"name\":\"Mauro Horta e Mariana Torres estar\u00e3o em outubro na m\u00eddia f\u00edsica de MIB. | DB - Dublagem Brasileira\",\"isPartOf\":{\"@id\":\"https:\/\/dublagembrasileira.com.br\/#website\"},\"primaryImageOfPage\":{\"@id\":\"https:\/\/dublagembrasileira.com.br\/?p=3028#primaryimage\"},\"image\":{\"@id\":\"https:\/\/dublagembrasileira.com.br\/?p=3028#primaryimage\"},\"thumbnailUrl\":\"https:\/\/dublagembrasileira.com.br\/wp-content\/uploads\/2019\/09\/mib.jpg\",\"datePublished\":\"2019-09-17T11:40:14+00:00\",\"dateModified\":\"2019-09-19T13:20:56+00:00\",\"description\":\"Mauro Horta e Mariana Torres estar\u00e3o em outubro no Blu-ray e DVD de MIB: Homens de Preto Internacional.\",\"breadcrumb\":{\"@id\":\"https:\/\/dublagembrasileira.com.br\/?p=3028#breadcrumb\"},\"inLanguage\":\"pt-BR\",\"potentialAction\":[{\"@type\":\"ReadAction\",\"target\":[\"https:\/\/dublagembrasileira.com.br\/?p=3028\"]}]},{\"@type\":\"ImageObject\",\"inLanguage\":\"pt-BR\",\"@id\":\"https:\/\/dublagembrasileira.com.br\/?p=3028#primaryimage\",\"url\":\"https:\/\/dublagembrasileira.com.br\/wp-content\/uploads\/2019\/09\/mib.jpg\",\"contentUrl\":\"https:\/\/dublagembrasileira.com.br\/wp-content\/uploads\/2019\/09\/mib.jpg\",\"width\":704,\"height\":496},{\"@type\":\"BreadcrumbList\",\"@id\":\"https:\/\/dublagembrasileira.com.br\/?p=3028#breadcrumb\",\"itemListElement\":[{\"@type\":\"ListItem\",\"position\":1,\"name\":\"In\u00edcio\",\"item\":\"https:\/\/dublagembrasileira.com.br\/\"},{\"@type\":\"ListItem\",\"position\":2,\"name\":\"Mauro Horta e Mariana Torres estar\u00e3o em outubro na m\u00eddia f\u00edsica de MIB.\"}]},{\"@type\":\"WebSite\",\"@id\":\"https:\/\/dublagembrasileira.com.br\/#website\",\"url\":\"https:\/\/dublagembrasileira.com.br\/\",\"name\":\"DB - Dublagem Brasileira\",\"description\":\"O seu portal de dublagem.\",\"publisher\":{\"@id\":\"https:\/\/dublagembrasileira.com.br\/#organization\"},\"potentialAction\":[{\"@type\":\"SearchAction\",\"target\":{\"@type\":\"EntryPoint\",\"urlTemplate\":\"https:\/\/dublagembrasileira.com.br\/?s={search_term_string}\"},\"query-input\":{\"@type\":\"PropertyValueSpecification\",\"valueRequired\":true,\"valueName\":\"search_term_string\"}}],\"inLanguage\":\"pt-BR\"},{\"@type\":\"Organization\",\"@id\":\"https:\/\/dublagembrasileira.com.br\/#organization\",\"name\":\"DB - Dublagem Brasileira\",\"url\":\"https:\/\/dublagembrasileira.com.br\/\",\"logo\":{\"@type\":\"ImageObject\",\"inLanguage\":\"pt-BR\",\"@id\":\"https:\/\/dublagembrasileira.com.br\/#\/schema\/logo\/image\/\",\"url\":\"https:\/\/dublagembrasileira.com.br\/wp-content\/uploads\/2019\/07\/cropped-logotipodb.png\",\"contentUrl\":\"https:\/\/dublagembrasileira.com.br\/wp-content\/uploads\/2019\/07\/cropped-logotipodb.png\",\"width\":946,\"height\":589,\"caption\":\"DB - Dublagem Brasileira\"},\"image\":{\"@id\":\"https:\/\/dublagembrasileira.com.br\/#\/schema\/logo\/image\/\"}},{\"@type\":\"Person\",\"@id\":\"https:\/\/dublagembrasileira.com.br\/#\/schema\/person\/a75bac594c0e9a0b96508b7e124f20d1\",\"name\":\"Reda\u00e7\u00e3o\",\"image\":{\"@type\":\"ImageObject\",\"inLanguage\":\"pt-BR\",\"@id\":\"https:\/\/dublagembrasileira.com.br\/#\/schema\/person\/image\/\",\"url\":\"http:\/\/dublagembrasileira.com.br\/wp-content\/uploads\/2025\/06\/admin-96x96.jpg\",\"contentUrl\":\"http:\/\/dublagembrasileira.com.br\/wp-content\/uploads\/2025\/06\/admin-96x96.jpg\",\"caption\":\"Reda\u00e7\u00e3o\"},\"description\":\"Equipe do DB.\",\"sameAs\":[\"https:\/\/www.facebook.com\/dublagembrasileira\",\"https:\/\/www.instagram.com\/dbdublagembrasileira\",\"https:\/\/x.com\/dbdublagem\"],\"url\":\"https:\/\/dublagembrasileira.com.br\/?author=4\"}]}<\/script>\n<!-- \/ Yoast SEO plugin. -->","yoast_head_json":{"title":"Mauro Horta e Mariana Torres estar\u00e3o em outubro na m\u00eddia f\u00edsica de MIB. | DB - Dublagem Brasileira","description":"Mauro Horta e Mariana Torres estar\u00e3o em outubro no Blu-ray e DVD de MIB: Homens de Preto Internacional.","robots":{"index":"index","follow":"follow","max-snippet":"max-snippet:-1","max-image-preview":"max-image-preview:large","max-video-preview":"max-video-preview:-1"},"canonical":"https:\/\/dublagembrasileira.com.br\/?p=3028","og_locale":"pt_BR","og_type":"article","og_title":"Mauro Horta e Mariana Torres estar\u00e3o em outubro na m\u00eddia f\u00edsica de MIB. | DB - Dublagem Brasileira","og_description":"Mauro Horta e Mariana Torres estar\u00e3o em outubro no Blu-ray e DVD de MIB: Homens de Preto Internacional.","og_url":"https:\/\/dublagembrasileira.com.br\/?p=3028","og_site_name":"DB - Dublagem Brasileira","article_author":"https:\/\/www.facebook.com\/dublagembrasileira","article_published_time":"2019-09-17T11:40:14+00:00","article_modified_time":"2019-09-19T13:20:56+00:00","og_image":[{"width":704,"height":496,"url":"https:\/\/dublagembrasileira.com.br\/wp-content\/uploads\/2019\/09\/mib.jpg","type":"image\/jpeg"}],"author":"Reda\u00e7\u00e3o","twitter_card":"summary_large_image","twitter_creator":"@dbdublagem","twitter_misc":{"Escrito por":"Reda\u00e7\u00e3o","Est. tempo de leitura":"2 minutos"},"schema":{"@context":"https:\/\/schema.org","@graph":[{"@type":"Article","@id":"https:\/\/dublagembrasileira.com.br\/?p=3028#article","isPartOf":{"@id":"https:\/\/dublagembrasileira.com.br\/?p=3028"},"author":{"name":"Reda\u00e7\u00e3o","@id":"https:\/\/dublagembrasileira.com.br\/#\/schema\/person\/a75bac594c0e9a0b96508b7e124f20d1"},"headline":"Mauro Horta e Mariana Torres estar\u00e3o em outubro na m\u00eddia f\u00edsica de MIB.","datePublished":"2019-09-17T11:40:14+00:00","dateModified":"2019-09-19T13:20:56+00:00","mainEntityOfPage":{"@id":"https:\/\/dublagembrasileira.com.br\/?p=3028"},"wordCount":364,"commentCount":0,"publisher":{"@id":"https:\/\/dublagembrasileira.com.br\/#organization"},"image":{"@id":"https:\/\/dublagembrasileira.com.br\/?p=3028#primaryimage"},"thumbnailUrl":"https:\/\/dublagembrasileira.com.br\/wp-content\/uploads\/2019\/09\/mib.jpg","articleSection":["Not\u00edcias","Outras m\u00eddias"],"inLanguage":"pt-BR","potentialAction":[{"@type":"CommentAction","name":"Comment","target":["https:\/\/dublagembrasileira.com.br\/?p=3028#respond"]}]},{"@type":"WebPage","@id":"https:\/\/dublagembrasileira.com.br\/?p=3028","url":"https:\/\/dublagembrasileira.com.br\/?p=3028","name":"Mauro Horta e Mariana Torres estar\u00e3o em outubro na m\u00eddia f\u00edsica de MIB. | DB - Dublagem Brasileira","isPartOf":{"@id":"https:\/\/dublagembrasileira.com.br\/#website"},"primaryImageOfPage":{"@id":"https:\/\/dublagembrasileira.com.br\/?p=3028#primaryimage"},"image":{"@id":"https:\/\/dublagembrasileira.com.br\/?p=3028#primaryimage"},"thumbnailUrl":"https:\/\/dublagembrasileira.com.br\/wp-content\/uploads\/2019\/09\/mib.jpg","datePublished":"2019-09-17T11:40:14+00:00","dateModified":"2019-09-19T13:20:56+00:00","description":"Mauro Horta e Mariana Torres estar\u00e3o em outubro no Blu-ray e DVD de MIB: Homens de Preto Internacional.","breadcrumb":{"@id":"https:\/\/dublagembrasileira.com.br\/?p=3028#breadcrumb"},"inLanguage":"pt-BR","potentialAction":[{"@type":"ReadAction","target":["https:\/\/dublagembrasileira.com.br\/?p=3028"]}]},{"@type":"ImageObject","inLanguage":"pt-BR","@id":"https:\/\/dublagembrasileira.com.br\/?p=3028#primaryimage","url":"https:\/\/dublagembrasileira.com.br\/wp-content\/uploads\/2019\/09\/mib.jpg","contentUrl":"https:\/\/dublagembrasileira.com.br\/wp-content\/uploads\/2019\/09\/mib.jpg","width":704,"height":496},{"@type":"BreadcrumbList","@id":"https:\/\/dublagembrasileira.com.br\/?p=3028#breadcrumb","itemListElement":[{"@type":"ListItem","position":1,"name":"In\u00edcio","item":"https:\/\/dublagembrasileira.com.br\/"},{"@type":"ListItem","position":2,"name":"Mauro Horta e Mariana Torres estar\u00e3o em outubro na m\u00eddia f\u00edsica de MIB."}]},{"@type":"WebSite","@id":"https:\/\/dublagembrasileira.com.br\/#website","url":"https:\/\/dublagembrasileira.com.br\/","name":"DB - Dublagem Brasileira","description":"O seu portal de dublagem.","publisher":{"@id":"https:\/\/dublagembrasileira.com.br\/#organization"},"potentialAction":[{"@type":"SearchAction","target":{"@type":"EntryPoint","urlTemplate":"https:\/\/dublagembrasileira.com.br\/?s={search_term_string}"},"query-input":{"@type":"PropertyValueSpecification","valueRequired":true,"valueName":"search_term_string"}}],"inLanguage":"pt-BR"},{"@type":"Organization","@id":"https:\/\/dublagembrasileira.com.br\/#organization","name":"DB - Dublagem Brasileira","url":"https:\/\/dublagembrasileira.com.br\/","logo":{"@type":"ImageObject","inLanguage":"pt-BR","@id":"https:\/\/dublagembrasileira.com.br\/#\/schema\/logo\/image\/","url":"https:\/\/dublagembrasileira.com.br\/wp-content\/uploads\/2019\/07\/cropped-logotipodb.png","contentUrl":"https:\/\/dublagembrasileira.com.br\/wp-content\/uploads\/2019\/07\/cropped-logotipodb.png","width":946,"height":589,"caption":"DB - Dublagem Brasileira"},"image":{"@id":"https:\/\/dublagembrasileira.com.br\/#\/schema\/logo\/image\/"}},{"@type":"Person","@id":"https:\/\/dublagembrasileira.com.br\/#\/schema\/person\/a75bac594c0e9a0b96508b7e124f20d1","name":"Reda\u00e7\u00e3o","image":{"@type":"ImageObject","inLanguage":"pt-BR","@id":"https:\/\/dublagembrasileira.com.br\/#\/schema\/person\/image\/","url":"http:\/\/dublagembrasileira.com.br\/wp-content\/uploads\/2025\/06\/admin-96x96.jpg","contentUrl":"http:\/\/dublagembrasileira.com.br\/wp-content\/uploads\/2025\/06\/admin-96x96.jpg","caption":"Reda\u00e7\u00e3o"},"description":"Equipe do DB.","sameAs":["https:\/\/www.facebook.com\/dublagembrasileira","https:\/\/www.instagram.com\/dbdublagembrasileira","https:\/\/x.com\/dbdublagem"],"url":"https:\/\/dublagembrasileira.com.br\/?author=4"}]}},"rttpg_featured_image_url":{"full":["https:\/\/dublagembrasileira.com.br\/wp-content\/uploads\/2019\/09\/mib.jpg",704,496,false],"landscape":["https:\/\/dublagembrasileira.com.br\/wp-content\/uploads\/2019\/09\/mib.jpg",704,496,false],"portraits":["https:\/\/dublagembrasileira.com.br\/wp-content\/uploads\/2019\/09\/mib.jpg",704,496,false],"thumbnail":["https:\/\/dublagembrasileira.com.br\/wp-content\/uploads\/2019\/09\/mib-150x150.jpg",150,150,true],"medium":["https:\/\/dublagembrasileira.com.br\/wp-content\/uploads\/2019\/09\/mib-300x211.jpg",300,211,true],"large":["https:\/\/dublagembrasileira.com.br\/wp-content\/uploads\/2019\/09\/mib.jpg",640,451,false],"1536x1536":["https:\/\/dublagembrasileira.com.br\/wp-content\/uploads\/2019\/09\/mib.jpg",704,496,false],"2048x2048":["https:\/\/dublagembrasileira.com.br\/wp-content\/uploads\/2019\/09\/mib.jpg",704,496,false],"eggnews-slider-large":["https:\/\/dublagembrasileira.com.br\/wp-content\/uploads\/2019\/09\/mib.jpg",704,496,false],"eggnews-featured-medium":["https:\/\/dublagembrasileira.com.br\/wp-content\/uploads\/2019\/09\/mib-420x307.jpg",420,307,true],"eggnews-featured-long":["https:\/\/dublagembrasileira.com.br\/wp-content\/uploads\/2019\/09\/mib-300x443.jpg",300,443,true],"eggnews-block-medium":["https:\/\/dublagembrasileira.com.br\/wp-content\/uploads\/2019\/09\/mib-464x290.jpg",464,290,true],"eggnews-carousel-image":["https:\/\/dublagembrasileira.com.br\/wp-content\/uploads\/2019\/09\/mib-600x496.jpg",600,496,true],"eggnews-block-thumb":["https:\/\/dublagembrasileira.com.br\/wp-content\/uploads\/2019\/09\/mib-322x230.jpg",322,230,true],"eggnews-single-large":["https:\/\/dublagembrasileira.com.br\/wp-content\/uploads\/2019\/09\/mib.jpg",704,496,false],"crp_thumbnail":["https:\/\/dublagembrasileira.com.br\/wp-content\/uploads\/2019\/09\/mib-150x150.jpg",150,150,true]},"rttpg_author":{"display_name":"Reda\u00e7\u00e3o","author_link":"https:\/\/dublagembrasileira.com.br\/?author=4"},"rttpg_comment":0,"rttpg_category":"<a href=\"https:\/\/dublagembrasileira.com.br\/?cat=13\" rel=\"category\">Not\u00edcias<\/a> <a href=\"https:\/\/dublagembrasileira.com.br\/?cat=9\" rel=\"category\">Outras m\u00eddias<\/a>","rttpg_excerpt":"Blu-ray e DVD de MIB: Homens de Preto Internacional ser\u00e1 lan\u00e7ado no dia 2 de outubro. O longa do diretor F. Gary Gray, MIB: Homens de Preto Internacional est\u00e1 nas nas plataformas digitais desde o dia 11 de setembro e os formatos Blu-ray e DVD, com muitos extras, foram anunciados para chegar \u00e0s prateleiras no&hellip;","_links":{"self":[{"href":"https:\/\/dublagembrasileira.com.br\/index.php?rest_route=\/wp\/v2\/posts\/3028","targetHints":{"allow":["GET"]}}],"collection":[{"href":"https:\/\/dublagembrasileira.com.br\/index.php?rest_route=\/wp\/v2\/posts"}],"about":[{"href":"https:\/\/dublagembrasileira.com.br\/index.php?rest_route=\/wp\/v2\/types\/post"}],"author":[{"embeddable":true,"href":"https:\/\/dublagembrasileira.com.br\/index.php?rest_route=\/wp\/v2\/users\/4"}],"replies":[{"embeddable":true,"href":"https:\/\/dublagembrasileira.com.br\/index.php?rest_route=%2Fwp%2Fv2%2Fcomments&post=3028"}],"version-history":[{"count":4,"href":"https:\/\/dublagembrasileira.com.br\/index.php?rest_route=\/wp\/v2\/posts\/3028\/revisions"}],"predecessor-version":[{"id":3096,"href":"https:\/\/dublagembrasileira.com.br\/index.php?rest_route=\/wp\/v2\/posts\/3028\/revisions\/3096"}],"wp:featuredmedia":[{"embeddable":true,"href":"https:\/\/dublagembrasileira.com.br\/index.php?rest_route=\/wp\/v2\/media\/3029"}],"wp:attachment":[{"href":"https:\/\/dublagembrasileira.com.br\/index.php?rest_route=%2Fwp%2Fv2%2Fmedia&parent=3028"}],"wp:term":[{"taxonomy":"category","embeddable":true,"href":"https:\/\/dublagembrasileira.com.br\/index.php?rest_route=%2Fwp%2Fv2%2Fcategories&post=3028"},{"taxonomy":"post_tag","embeddable":true,"href":"https:\/\/dublagembrasileira.com.br\/index.php?rest_route=%2Fwp%2Fv2%2Ftags&post=3028"}],"curies":[{"name":"wp","href":"https:\/\/api.w.org\/{rel}","templated":true}]}}