{"id":2882,"date":"2019-09-11T10:19:25","date_gmt":"2019-09-11T10:19:25","guid":{"rendered":"http:\/\/dublagembrasileira.com.br\/?p=2882"},"modified":"2019-09-11T12:04:30","modified_gmt":"2019-09-11T12:04:30","slug":"mauro-horta-confirma-presenca-no-anime-field","status":"publish","type":"post","link":"https:\/\/dublagembrasileira.com.br\/?p=2882","title":{"rendered":"Mauro Horta confirma presen\u00e7a no Anime Field."},"content":{"rendered":"<h4>Voz do Thor estar\u00e1 em evento geek de Campo Grande.<\/h4>\n<hr \/>\n<p style=\"text-align: justify;\">O p\u00fablico geek de\u00a0 Campo Grande (RJ) ter\u00e1 a oportunidade de prestigiar no pr\u00f3ximo domingo o <strong>Anime Field<\/strong>, acontecimento repleto de cultura pop que comemora nessa edi\u00e7\u00e3o seu quinto anivers\u00e1rio.<\/p>\n<p style=\"text-align: justify;\">Realizado no Clube dos Aliados, haver\u00e1 desfile Cosplay, painel Papo Dublagem Especial &#8211; DC X Marvel, espa\u00e7o K-pop, guerra de cotonete, oficina cromakey, arena medieval, quadro Fiel ao Field, espa\u00e7o Airsoft, worshop de desenho e escultura, workshop de Minecraft, entre outras atividades.<\/p>\n<p style=\"text-align: justify;\">Uma das atra\u00e7\u00f5es mais aguardadas do evento \u00e9 a presen\u00e7a do dublador Mauro Horta, mais conhecido por seu trabalho fazendo a voz do Thor na franquia <strong>Vingadores <\/strong>e nos filmes solo do Deus do Trov\u00e3o.<\/p>\n<p style=\"text-align: justify;\">Em frente as c\u00e2meras, participou dos filmes <strong>Didi Quer Ser Crian\u00e7a<\/strong>, <strong>A Diarista<\/strong>, <strong>Casa da M\u00e3e Joana<\/strong> e <strong>For\u00e7a-Tarefa<\/strong>.\u00a0 Na dublagem fez tamb\u00e9m Reptillus Maximus em <strong>Toy Story: Esquecidos pelo Tempo<\/strong>, Duke Caboom em <strong>Toy Story 4 <\/strong>e Andy DeMayo em <strong>Steven Universo<\/strong>, entre outros trabalhos.<\/p>\n<p style=\"text-align: justify;\">O Evento <strong>Anime Field<\/strong>, estende o benef\u00edcio de meia-entrada para todos os que, voluntariamente, entregarem no ato da entrada no dia do evento 1Kg de alimento n\u00e3o-perec\u00edvel, a ser doado para uma institui\u00e7\u00e3o.<\/p>\n<p style=\"text-align: justify;\"><strong>Dia:<\/strong> 15 de setembro<br \/>\n<strong>Hor\u00e1rio:<\/strong> das 11h \u00e0s 19h<br \/>\n<strong>Local:<\/strong> Estrada do Mendanha, 1025 &#8211; Campo Grande, Rio de Janeiro &#8211; RJ<br \/>\n<strong>Valor:<\/strong> a partir de R$ 25<\/p>\n<p style=\"text-align: justify;\">Mais informa\u00e7\u00f5es na <a href=\"https:\/\/www.facebook.com\/eventoanimefield\">p\u00e1gina oficial<\/a> do evento.<\/p>\n","protected":false},"excerpt":{"rendered":"<p>Voz do Thor estar\u00e1 em evento geek de Campo Grande. O p\u00fablico geek de\u00a0 Campo Grande (RJ) ter\u00e1 a oportunidade de prestigiar no pr\u00f3ximo domingo o Anime Field, acontecimento repleto de cultura pop que comemora nessa edi\u00e7\u00e3o seu quinto anivers\u00e1rio. Realizado no Clube dos Aliados, haver\u00e1 desfile Cosplay, painel Papo Dublagem Especial &#8211; DC X Marvel, espa\u00e7o K-pop, guerra de cotonete, oficina cromakey, arena medieval, quadro Fiel ao Field, espa\u00e7o Airsoft, worshop de desenho e escultura, workshop de Minecraft, entre outras atividades. Uma das atra\u00e7\u00f5es mais aguardadas do evento \u00e9 a presen\u00e7a do dublador Mauro Horta, mais conhecido por seu trabalho fazendo a voz do Thor na franquia Vingadores e nos filmes solo do Deus do Trov\u00e3o. Em frente as c\u00e2meras, participou dos filmes Didi Quer Ser Crian\u00e7a, A Diarista, Casa da M\u00e3e Joana e For\u00e7a-Tarefa.\u00a0 Na dublagem fez tamb\u00e9m Reptillus Maximus em Toy Story: Esquecidos pelo Tempo, Duke Caboom em Toy Story 4 e Andy DeMayo em Steven Universo, entre outros trabalhos. O Evento Anime Field, estende o benef\u00edcio de meia-entrada para todos os que, voluntariamente, entregarem no ato da entrada no dia do evento 1Kg de alimento n\u00e3o-perec\u00edvel, a ser doado para uma institui\u00e7\u00e3o. Dia: 15 de setembro Hor\u00e1rio: das 11h \u00e0s 19h Local: Estrada do Mendanha, 1025 &#8211; Campo Grande, Rio de Janeiro &#8211; RJ Valor: a partir de R$ 25 Mais informa\u00e7\u00f5es na p\u00e1gina oficial do evento.<\/p>\n","protected":false},"author":4,"featured_media":2883,"comment_status":"open","ping_status":"open","sticky":false,"template":"","format":"standard","meta":{"_monsterinsights_skip_tracking":false,"_monsterinsights_sitenote_active":false,"_monsterinsights_sitenote_note":"","_monsterinsights_sitenote_category":0,"footnotes":""},"categories":[21,13],"tags":[],"class_list":["post-2882","post","type-post","status-publish","format-standard","has-post-thumbnail","hentry","category-acontece","category-noticias"],"yoast_head":"<!-- This site is optimized with the Yoast SEO plugin v26.1.1 - https:\/\/yoast.com\/wordpress\/plugins\/seo\/ -->\n<title>Mauro Horta confirma presen\u00e7a no Anime Field. | DB - Dublagem Brasileira<\/title>\n<meta name=\"description\" content=\"Mauro Horta confirma presen\u00e7a no Anime Field. Voz do Thorno Brasil estar\u00e1 em evento geek realizado em Campo Grande (RJ).\" \/>\n<meta name=\"robots\" content=\"index, follow, max-snippet:-1, max-image-preview:large, max-video-preview:-1\" \/>\n<link rel=\"canonical\" href=\"https:\/\/dublagembrasileira.com.br\/?p=2882\" \/>\n<meta property=\"og:locale\" content=\"pt_BR\" \/>\n<meta property=\"og:type\" content=\"article\" \/>\n<meta property=\"og:title\" content=\"Mauro Horta confirma presen\u00e7a no Anime Field. | DB - Dublagem Brasileira\" \/>\n<meta property=\"og:description\" content=\"Mauro Horta confirma presen\u00e7a no Anime Field. Voz do Thorno Brasil estar\u00e1 em evento geek realizado em Campo Grande (RJ).\" \/>\n<meta property=\"og:url\" content=\"https:\/\/dublagembrasileira.com.br\/?p=2882\" \/>\n<meta property=\"og:site_name\" content=\"DB - Dublagem Brasileira\" \/>\n<meta property=\"article:author\" content=\"https:\/\/www.facebook.com\/dublagembrasileira\" \/>\n<meta property=\"article:published_time\" content=\"2019-09-11T10:19:25+00:00\" \/>\n<meta property=\"article:modified_time\" content=\"2019-09-11T12:04:30+00:00\" \/>\n<meta property=\"og:image\" content=\"https:\/\/dublagembrasileira.com.br\/wp-content\/uploads\/2019\/09\/mauro_horta.jpg\" \/>\n\t<meta property=\"og:image:width\" content=\"704\" \/>\n\t<meta property=\"og:image:height\" content=\"496\" \/>\n\t<meta property=\"og:image:type\" content=\"image\/jpeg\" \/>\n<meta name=\"author\" content=\"Reda\u00e7\u00e3o\" \/>\n<meta name=\"twitter:card\" content=\"summary_large_image\" \/>\n<meta name=\"twitter:creator\" content=\"@dbdublagem\" \/>\n<meta name=\"twitter:label1\" content=\"Escrito por\" \/>\n\t<meta name=\"twitter:data1\" content=\"Reda\u00e7\u00e3o\" \/>\n\t<meta name=\"twitter:label2\" content=\"Est. tempo de leitura\" \/>\n\t<meta name=\"twitter:data2\" content=\"1 minuto\" \/>\n<script type=\"application\/ld+json\" class=\"yoast-schema-graph\">{\"@context\":\"https:\/\/schema.org\",\"@graph\":[{\"@type\":\"Article\",\"@id\":\"https:\/\/dublagembrasileira.com.br\/?p=2882#article\",\"isPartOf\":{\"@id\":\"https:\/\/dublagembrasileira.com.br\/?p=2882\"},\"author\":{\"name\":\"Reda\u00e7\u00e3o\",\"@id\":\"https:\/\/dublagembrasileira.com.br\/#\/schema\/person\/a75bac594c0e9a0b96508b7e124f20d1\"},\"headline\":\"Mauro Horta confirma presen\u00e7a no Anime Field.\",\"datePublished\":\"2019-09-11T10:19:25+00:00\",\"dateModified\":\"2019-09-11T12:04:30+00:00\",\"mainEntityOfPage\":{\"@id\":\"https:\/\/dublagembrasileira.com.br\/?p=2882\"},\"wordCount\":255,\"commentCount\":0,\"publisher\":{\"@id\":\"https:\/\/dublagembrasileira.com.br\/#organization\"},\"image\":{\"@id\":\"https:\/\/dublagembrasileira.com.br\/?p=2882#primaryimage\"},\"thumbnailUrl\":\"https:\/\/dublagembrasileira.com.br\/wp-content\/uploads\/2019\/09\/mauro_horta.jpg\",\"articleSection\":[\"Acontece\",\"Not\u00edcias\"],\"inLanguage\":\"pt-BR\",\"potentialAction\":[{\"@type\":\"CommentAction\",\"name\":\"Comment\",\"target\":[\"https:\/\/dublagembrasileira.com.br\/?p=2882#respond\"]}]},{\"@type\":\"WebPage\",\"@id\":\"https:\/\/dublagembrasileira.com.br\/?p=2882\",\"url\":\"https:\/\/dublagembrasileira.com.br\/?p=2882\",\"name\":\"Mauro Horta confirma presen\u00e7a no Anime Field. | DB - Dublagem Brasileira\",\"isPartOf\":{\"@id\":\"https:\/\/dublagembrasileira.com.br\/#website\"},\"primaryImageOfPage\":{\"@id\":\"https:\/\/dublagembrasileira.com.br\/?p=2882#primaryimage\"},\"image\":{\"@id\":\"https:\/\/dublagembrasileira.com.br\/?p=2882#primaryimage\"},\"thumbnailUrl\":\"https:\/\/dublagembrasileira.com.br\/wp-content\/uploads\/2019\/09\/mauro_horta.jpg\",\"datePublished\":\"2019-09-11T10:19:25+00:00\",\"dateModified\":\"2019-09-11T12:04:30+00:00\",\"description\":\"Mauro Horta confirma presen\u00e7a no Anime Field. Voz do Thorno Brasil estar\u00e1 em evento geek realizado em Campo Grande (RJ).\",\"breadcrumb\":{\"@id\":\"https:\/\/dublagembrasileira.com.br\/?p=2882#breadcrumb\"},\"inLanguage\":\"pt-BR\",\"potentialAction\":[{\"@type\":\"ReadAction\",\"target\":[\"https:\/\/dublagembrasileira.com.br\/?p=2882\"]}]},{\"@type\":\"ImageObject\",\"inLanguage\":\"pt-BR\",\"@id\":\"https:\/\/dublagembrasileira.com.br\/?p=2882#primaryimage\",\"url\":\"https:\/\/dublagembrasileira.com.br\/wp-content\/uploads\/2019\/09\/mauro_horta.jpg\",\"contentUrl\":\"https:\/\/dublagembrasileira.com.br\/wp-content\/uploads\/2019\/09\/mauro_horta.jpg\",\"width\":704,\"height\":496},{\"@type\":\"BreadcrumbList\",\"@id\":\"https:\/\/dublagembrasileira.com.br\/?p=2882#breadcrumb\",\"itemListElement\":[{\"@type\":\"ListItem\",\"position\":1,\"name\":\"In\u00edcio\",\"item\":\"https:\/\/dublagembrasileira.com.br\/\"},{\"@type\":\"ListItem\",\"position\":2,\"name\":\"Mauro Horta confirma presen\u00e7a no Anime Field.\"}]},{\"@type\":\"WebSite\",\"@id\":\"https:\/\/dublagembrasileira.com.br\/#website\",\"url\":\"https:\/\/dublagembrasileira.com.br\/\",\"name\":\"DB - Dublagem Brasileira\",\"description\":\"O seu portal de dublagem.\",\"publisher\":{\"@id\":\"https:\/\/dublagembrasileira.com.br\/#organization\"},\"potentialAction\":[{\"@type\":\"SearchAction\",\"target\":{\"@type\":\"EntryPoint\",\"urlTemplate\":\"https:\/\/dublagembrasileira.com.br\/?s={search_term_string}\"},\"query-input\":{\"@type\":\"PropertyValueSpecification\",\"valueRequired\":true,\"valueName\":\"search_term_string\"}}],\"inLanguage\":\"pt-BR\"},{\"@type\":\"Organization\",\"@id\":\"https:\/\/dublagembrasileira.com.br\/#organization\",\"name\":\"DB - Dublagem Brasileira\",\"url\":\"https:\/\/dublagembrasileira.com.br\/\",\"logo\":{\"@type\":\"ImageObject\",\"inLanguage\":\"pt-BR\",\"@id\":\"https:\/\/dublagembrasileira.com.br\/#\/schema\/logo\/image\/\",\"url\":\"https:\/\/dublagembrasileira.com.br\/wp-content\/uploads\/2019\/07\/cropped-logotipodb.png\",\"contentUrl\":\"https:\/\/dublagembrasileira.com.br\/wp-content\/uploads\/2019\/07\/cropped-logotipodb.png\",\"width\":946,\"height\":589,\"caption\":\"DB - Dublagem Brasileira\"},\"image\":{\"@id\":\"https:\/\/dublagembrasileira.com.br\/#\/schema\/logo\/image\/\"}},{\"@type\":\"Person\",\"@id\":\"https:\/\/dublagembrasileira.com.br\/#\/schema\/person\/a75bac594c0e9a0b96508b7e124f20d1\",\"name\":\"Reda\u00e7\u00e3o\",\"image\":{\"@type\":\"ImageObject\",\"inLanguage\":\"pt-BR\",\"@id\":\"https:\/\/dublagembrasileira.com.br\/#\/schema\/person\/image\/\",\"url\":\"http:\/\/dublagembrasileira.com.br\/wp-content\/uploads\/2025\/06\/admin-96x96.jpg\",\"contentUrl\":\"http:\/\/dublagembrasileira.com.br\/wp-content\/uploads\/2025\/06\/admin-96x96.jpg\",\"caption\":\"Reda\u00e7\u00e3o\"},\"description\":\"Equipe do DB.\",\"sameAs\":[\"https:\/\/www.facebook.com\/dublagembrasileira\",\"https:\/\/www.instagram.com\/dbdublagembrasileira\",\"https:\/\/x.com\/dbdublagem\"],\"url\":\"https:\/\/dublagembrasileira.com.br\/?author=4\"}]}<\/script>\n<!-- \/ Yoast SEO plugin. -->","yoast_head_json":{"title":"Mauro Horta confirma presen\u00e7a no Anime Field. | DB - Dublagem Brasileira","description":"Mauro Horta confirma presen\u00e7a no Anime Field. Voz do Thorno Brasil estar\u00e1 em evento geek realizado em Campo Grande (RJ).","robots":{"index":"index","follow":"follow","max-snippet":"max-snippet:-1","max-image-preview":"max-image-preview:large","max-video-preview":"max-video-preview:-1"},"canonical":"https:\/\/dublagembrasileira.com.br\/?p=2882","og_locale":"pt_BR","og_type":"article","og_title":"Mauro Horta confirma presen\u00e7a no Anime Field. | DB - Dublagem Brasileira","og_description":"Mauro Horta confirma presen\u00e7a no Anime Field. Voz do Thorno Brasil estar\u00e1 em evento geek realizado em Campo Grande (RJ).","og_url":"https:\/\/dublagembrasileira.com.br\/?p=2882","og_site_name":"DB - Dublagem Brasileira","article_author":"https:\/\/www.facebook.com\/dublagembrasileira","article_published_time":"2019-09-11T10:19:25+00:00","article_modified_time":"2019-09-11T12:04:30+00:00","og_image":[{"width":704,"height":496,"url":"https:\/\/dublagembrasileira.com.br\/wp-content\/uploads\/2019\/09\/mauro_horta.jpg","type":"image\/jpeg"}],"author":"Reda\u00e7\u00e3o","twitter_card":"summary_large_image","twitter_creator":"@dbdublagem","twitter_misc":{"Escrito por":"Reda\u00e7\u00e3o","Est. tempo de leitura":"1 minuto"},"schema":{"@context":"https:\/\/schema.org","@graph":[{"@type":"Article","@id":"https:\/\/dublagembrasileira.com.br\/?p=2882#article","isPartOf":{"@id":"https:\/\/dublagembrasileira.com.br\/?p=2882"},"author":{"name":"Reda\u00e7\u00e3o","@id":"https:\/\/dublagembrasileira.com.br\/#\/schema\/person\/a75bac594c0e9a0b96508b7e124f20d1"},"headline":"Mauro Horta confirma presen\u00e7a no Anime Field.","datePublished":"2019-09-11T10:19:25+00:00","dateModified":"2019-09-11T12:04:30+00:00","mainEntityOfPage":{"@id":"https:\/\/dublagembrasileira.com.br\/?p=2882"},"wordCount":255,"commentCount":0,"publisher":{"@id":"https:\/\/dublagembrasileira.com.br\/#organization"},"image":{"@id":"https:\/\/dublagembrasileira.com.br\/?p=2882#primaryimage"},"thumbnailUrl":"https:\/\/dublagembrasileira.com.br\/wp-content\/uploads\/2019\/09\/mauro_horta.jpg","articleSection":["Acontece","Not\u00edcias"],"inLanguage":"pt-BR","potentialAction":[{"@type":"CommentAction","name":"Comment","target":["https:\/\/dublagembrasileira.com.br\/?p=2882#respond"]}]},{"@type":"WebPage","@id":"https:\/\/dublagembrasileira.com.br\/?p=2882","url":"https:\/\/dublagembrasileira.com.br\/?p=2882","name":"Mauro Horta confirma presen\u00e7a no Anime Field. | DB - Dublagem Brasileira","isPartOf":{"@id":"https:\/\/dublagembrasileira.com.br\/#website"},"primaryImageOfPage":{"@id":"https:\/\/dublagembrasileira.com.br\/?p=2882#primaryimage"},"image":{"@id":"https:\/\/dublagembrasileira.com.br\/?p=2882#primaryimage"},"thumbnailUrl":"https:\/\/dublagembrasileira.com.br\/wp-content\/uploads\/2019\/09\/mauro_horta.jpg","datePublished":"2019-09-11T10:19:25+00:00","dateModified":"2019-09-11T12:04:30+00:00","description":"Mauro Horta confirma presen\u00e7a no Anime Field. Voz do Thorno Brasil estar\u00e1 em evento geek realizado em Campo Grande (RJ).","breadcrumb":{"@id":"https:\/\/dublagembrasileira.com.br\/?p=2882#breadcrumb"},"inLanguage":"pt-BR","potentialAction":[{"@type":"ReadAction","target":["https:\/\/dublagembrasileira.com.br\/?p=2882"]}]},{"@type":"ImageObject","inLanguage":"pt-BR","@id":"https:\/\/dublagembrasileira.com.br\/?p=2882#primaryimage","url":"https:\/\/dublagembrasileira.com.br\/wp-content\/uploads\/2019\/09\/mauro_horta.jpg","contentUrl":"https:\/\/dublagembrasileira.com.br\/wp-content\/uploads\/2019\/09\/mauro_horta.jpg","width":704,"height":496},{"@type":"BreadcrumbList","@id":"https:\/\/dublagembrasileira.com.br\/?p=2882#breadcrumb","itemListElement":[{"@type":"ListItem","position":1,"name":"In\u00edcio","item":"https:\/\/dublagembrasileira.com.br\/"},{"@type":"ListItem","position":2,"name":"Mauro Horta confirma presen\u00e7a no Anime Field."}]},{"@type":"WebSite","@id":"https:\/\/dublagembrasileira.com.br\/#website","url":"https:\/\/dublagembrasileira.com.br\/","name":"DB - Dublagem Brasileira","description":"O seu portal de dublagem.","publisher":{"@id":"https:\/\/dublagembrasileira.com.br\/#organization"},"potentialAction":[{"@type":"SearchAction","target":{"@type":"EntryPoint","urlTemplate":"https:\/\/dublagembrasileira.com.br\/?s={search_term_string}"},"query-input":{"@type":"PropertyValueSpecification","valueRequired":true,"valueName":"search_term_string"}}],"inLanguage":"pt-BR"},{"@type":"Organization","@id":"https:\/\/dublagembrasileira.com.br\/#organization","name":"DB - Dublagem Brasileira","url":"https:\/\/dublagembrasileira.com.br\/","logo":{"@type":"ImageObject","inLanguage":"pt-BR","@id":"https:\/\/dublagembrasileira.com.br\/#\/schema\/logo\/image\/","url":"https:\/\/dublagembrasileira.com.br\/wp-content\/uploads\/2019\/07\/cropped-logotipodb.png","contentUrl":"https:\/\/dublagembrasileira.com.br\/wp-content\/uploads\/2019\/07\/cropped-logotipodb.png","width":946,"height":589,"caption":"DB - Dublagem Brasileira"},"image":{"@id":"https:\/\/dublagembrasileira.com.br\/#\/schema\/logo\/image\/"}},{"@type":"Person","@id":"https:\/\/dublagembrasileira.com.br\/#\/schema\/person\/a75bac594c0e9a0b96508b7e124f20d1","name":"Reda\u00e7\u00e3o","image":{"@type":"ImageObject","inLanguage":"pt-BR","@id":"https:\/\/dublagembrasileira.com.br\/#\/schema\/person\/image\/","url":"http:\/\/dublagembrasileira.com.br\/wp-content\/uploads\/2025\/06\/admin-96x96.jpg","contentUrl":"http:\/\/dublagembrasileira.com.br\/wp-content\/uploads\/2025\/06\/admin-96x96.jpg","caption":"Reda\u00e7\u00e3o"},"description":"Equipe do DB.","sameAs":["https:\/\/www.facebook.com\/dublagembrasileira","https:\/\/www.instagram.com\/dbdublagembrasileira","https:\/\/x.com\/dbdublagem"],"url":"https:\/\/dublagembrasileira.com.br\/?author=4"}]}},"rttpg_featured_image_url":{"full":["https:\/\/dublagembrasileira.com.br\/wp-content\/uploads\/2019\/09\/mauro_horta.jpg",704,496,false],"landscape":["https:\/\/dublagembrasileira.com.br\/wp-content\/uploads\/2019\/09\/mauro_horta.jpg",704,496,false],"portraits":["https:\/\/dublagembrasileira.com.br\/wp-content\/uploads\/2019\/09\/mauro_horta.jpg",704,496,false],"thumbnail":["https:\/\/dublagembrasileira.com.br\/wp-content\/uploads\/2019\/09\/mauro_horta-150x150.jpg",150,150,true],"medium":["https:\/\/dublagembrasileira.com.br\/wp-content\/uploads\/2019\/09\/mauro_horta-300x211.jpg",300,211,true],"large":["https:\/\/dublagembrasileira.com.br\/wp-content\/uploads\/2019\/09\/mauro_horta.jpg",640,451,false],"1536x1536":["https:\/\/dublagembrasileira.com.br\/wp-content\/uploads\/2019\/09\/mauro_horta.jpg",704,496,false],"2048x2048":["https:\/\/dublagembrasileira.com.br\/wp-content\/uploads\/2019\/09\/mauro_horta.jpg",704,496,false],"eggnews-slider-large":["https:\/\/dublagembrasileira.com.br\/wp-content\/uploads\/2019\/09\/mauro_horta.jpg",704,496,false],"eggnews-featured-medium":["https:\/\/dublagembrasileira.com.br\/wp-content\/uploads\/2019\/09\/mauro_horta-420x307.jpg",420,307,true],"eggnews-featured-long":["https:\/\/dublagembrasileira.com.br\/wp-content\/uploads\/2019\/09\/mauro_horta-300x443.jpg",300,443,true],"eggnews-block-medium":["https:\/\/dublagembrasileira.com.br\/wp-content\/uploads\/2019\/09\/mauro_horta-464x290.jpg",464,290,true],"eggnews-carousel-image":["https:\/\/dublagembrasileira.com.br\/wp-content\/uploads\/2019\/09\/mauro_horta-600x496.jpg",600,496,true],"eggnews-block-thumb":["https:\/\/dublagembrasileira.com.br\/wp-content\/uploads\/2019\/09\/mauro_horta-322x230.jpg",322,230,true],"eggnews-single-large":["https:\/\/dublagembrasileira.com.br\/wp-content\/uploads\/2019\/09\/mauro_horta.jpg",704,496,false],"crp_thumbnail":["https:\/\/dublagembrasileira.com.br\/wp-content\/uploads\/2019\/09\/mauro_horta-150x150.jpg",150,150,true]},"rttpg_author":{"display_name":"Reda\u00e7\u00e3o","author_link":"https:\/\/dublagembrasileira.com.br\/?author=4"},"rttpg_comment":0,"rttpg_category":"<a href=\"https:\/\/dublagembrasileira.com.br\/?cat=21\" rel=\"category\">Acontece<\/a> <a href=\"https:\/\/dublagembrasileira.com.br\/?cat=13\" rel=\"category\">Not\u00edcias<\/a>","rttpg_excerpt":"Voz do Thor estar\u00e1 em evento geek de Campo Grande. O p\u00fablico geek de\u00a0 Campo Grande (RJ) ter\u00e1 a oportunidade de prestigiar no pr\u00f3ximo domingo o Anime Field, acontecimento repleto de cultura pop que comemora nessa edi\u00e7\u00e3o seu quinto anivers\u00e1rio. Realizado no Clube dos Aliados, haver\u00e1 desfile Cosplay, painel Papo Dublagem Especial &#8211; DC X&hellip;","_links":{"self":[{"href":"https:\/\/dublagembrasileira.com.br\/index.php?rest_route=\/wp\/v2\/posts\/2882","targetHints":{"allow":["GET"]}}],"collection":[{"href":"https:\/\/dublagembrasileira.com.br\/index.php?rest_route=\/wp\/v2\/posts"}],"about":[{"href":"https:\/\/dublagembrasileira.com.br\/index.php?rest_route=\/wp\/v2\/types\/post"}],"author":[{"embeddable":true,"href":"https:\/\/dublagembrasileira.com.br\/index.php?rest_route=\/wp\/v2\/users\/4"}],"replies":[{"embeddable":true,"href":"https:\/\/dublagembrasileira.com.br\/index.php?rest_route=%2Fwp%2Fv2%2Fcomments&post=2882"}],"version-history":[{"count":4,"href":"https:\/\/dublagembrasileira.com.br\/index.php?rest_route=\/wp\/v2\/posts\/2882\/revisions"}],"predecessor-version":[{"id":2897,"href":"https:\/\/dublagembrasileira.com.br\/index.php?rest_route=\/wp\/v2\/posts\/2882\/revisions\/2897"}],"wp:featuredmedia":[{"embeddable":true,"href":"https:\/\/dublagembrasileira.com.br\/index.php?rest_route=\/wp\/v2\/media\/2883"}],"wp:attachment":[{"href":"https:\/\/dublagembrasileira.com.br\/index.php?rest_route=%2Fwp%2Fv2%2Fmedia&parent=2882"}],"wp:term":[{"taxonomy":"category","embeddable":true,"href":"https:\/\/dublagembrasileira.com.br\/index.php?rest_route=%2Fwp%2Fv2%2Fcategories&post=2882"},{"taxonomy":"post_tag","embeddable":true,"href":"https:\/\/dublagembrasileira.com.br\/index.php?rest_route=%2Fwp%2Fv2%2Ftags&post=2882"}],"curies":[{"name":"wp","href":"https:\/\/api.w.org\/{rel}","templated":true}]}}