{"id":2764,"date":"2019-09-21T22:00:49","date_gmt":"2019-09-21T22:00:49","guid":{"rendered":"http:\/\/dublagembrasileira.com.br\/?p=2764"},"modified":"2019-09-23T12:05:27","modified_gmt":"2019-09-23T12:05:27","slug":"parada-nerd-confirma-presenca-de-guilherme-briggs","status":"publish","type":"post","link":"https:\/\/dublagembrasileira.com.br\/?p=2764","title":{"rendered":"Parada Nerd confirma presen\u00e7a de Guilherme Briggs."},"content":{"rendered":"<h4><em>Voz do All Might (My Hero Academia) \u00e9 destaque em evento geek de Mato Grosso do Sul.\u00a0<\/em><\/h4>\n<hr \/>\n<p>Nos dias 19 e 20 de outubro ser\u00e1 promovido em <span class=\"desktop-title-subcontent\">Campo Grande a sexta edi\u00e7\u00e3o do <\/span><b><span class=\"desktop-title-subcontent\">Parada Nerd, <\/span><\/b><span class=\"desktop-title-subcontent\">considerado o <\/span>maior acontecimento da cultura pop de Mato Grosso do Sul.<\/p>\n<p style=\"text-align: justify;\">O evento<b> <\/b><b><\/b> esse ano espera que cerca de seis mil pessoas passem pelo Bosque Exponos nos dois dias de evento, entre eles amantes de quadrinhos, games, animes, cosplay, k-pop e outros temas relacionados ao mundo geek.<\/p>\n<p style=\"text-align: justify;\">Entre os convidados do evento est\u00e3o Maur\u00edcio Cid, dono do blog humor\u00edstico \u201cN\u00e3o Salvo\u201d e hoje foi confirmado o dublador Guilherme Briggs.\u00a0Fl\u00e1vio Nakazato,\u00a0 um dos organizadores d<span class=\"desktop-title-subcontent\">o <\/span><b><span class=\"desktop-title-subcontent\">Parada Nerd <\/span><\/b><span class=\"desktop-title-subcontent\">explica que <\/span>o dublador \u00e9 disparado o mais pedido desde que come\u00e7aram a fazer a pesquisa com o p\u00fablico. &#8220;Esse ano conseguimos bater agenda e tornar poss\u00edvel a vinda dele\u201d, comentou.<\/p>\n<p style=\"text-align: justify;\">Briggs \u00e9 dublador, diretor de dublagem, locutor, youtuber e blogueiro. Sua voz \u00e9 conhecida por fazer in\u00fameros personagens consagrados como Freakazoid, Buzz Lightyear (Toy Story), Cosmo (Os Padrinhos M\u00e1gicos), Optimus Prime (Transformers), Superman (Liga da Justi\u00e7a) e recentemente o All Might em My Hero Academia. Tamb\u00e9m empresta sua voz a atores como Denzel Washington, Brendan Fraser, Jean-Claude Van Damme, Owen Wilson e Dwayne &#8220;The Rock&#8221; Johnson.<\/p>\n<p style=\"text-align: justify;\">A edi\u00e7\u00e3o 2019 do <strong>Parada Nerd<\/strong> ser\u00e1 realizada nos dias 19 e 20 de outubro no Bosque Expo, que integra o Shopping Bosque dos Ip\u00eas, localizado na Av. C\u00f4nsul Assaf Trad, 4796 &#8211; Novos Estados.<\/p>\n<p style=\"text-align: justify;\">Mais informa\u00e7\u00f5es no <a href=\"https:\/\/www.instagram.com\/paradanerd\">Instagram<\/a> do evento.<\/p>\n","protected":false},"excerpt":{"rendered":"<p>Voz do All Might (My Hero Academia) \u00e9 destaque em evento geek de Mato Grosso do Sul.\u00a0 Nos dias 19 e 20 de outubro ser\u00e1 promovido em Campo Grande a sexta edi\u00e7\u00e3o do Parada Nerd, considerado o maior acontecimento da cultura pop de Mato Grosso do Sul. O evento esse ano espera que cerca de seis mil pessoas passem pelo Bosque Exponos nos dois dias de evento, entre eles amantes de quadrinhos, games, animes, cosplay, k-pop e outros temas relacionados ao mundo geek. Entre os convidados do evento est\u00e3o Maur\u00edcio Cid, dono do blog humor\u00edstico \u201cN\u00e3o Salvo\u201d e hoje foi confirmado o dublador Guilherme Briggs.\u00a0Fl\u00e1vio Nakazato,\u00a0 um dos organizadores do Parada Nerd explica que o dublador \u00e9 disparado o mais pedido desde que come\u00e7aram a fazer a pesquisa com o p\u00fablico. &#8220;Esse ano conseguimos bater agenda e tornar poss\u00edvel a vinda dele\u201d, comentou. Briggs \u00e9 dublador, diretor de dublagem, locutor, youtuber e blogueiro. Sua voz \u00e9 conhecida por fazer in\u00fameros personagens consagrados como Freakazoid, Buzz Lightyear (Toy Story), Cosmo (Os Padrinhos M\u00e1gicos), Optimus Prime (Transformers), Superman (Liga da Justi\u00e7a) e recentemente o All Might em My Hero Academia. Tamb\u00e9m empresta sua voz a atores como Denzel Washington, Brendan Fraser, Jean-Claude Van Damme, Owen Wilson e Dwayne &#8220;The Rock&#8221; Johnson. A edi\u00e7\u00e3o 2019 do Parada Nerd ser\u00e1 realizada nos dias 19 e 20 de outubro no Bosque Expo, que integra o Shopping Bosque dos Ip\u00eas, localizado na Av. C\u00f4nsul Assaf Trad, 4796 &#8211; Novos Estados. Mais informa\u00e7\u00f5es no Instagram do evento.<\/p>\n","protected":false},"author":4,"featured_media":2766,"comment_status":"open","ping_status":"open","sticky":false,"template":"","format":"standard","meta":{"_monsterinsights_skip_tracking":false,"_monsterinsights_sitenote_active":false,"_monsterinsights_sitenote_note":"","_monsterinsights_sitenote_category":0,"footnotes":""},"categories":[21,13],"tags":[127,124,33,27,66],"class_list":["post-2764","post","type-post","status-publish","format-standard","has-post-thumbnail","hentry","category-acontece","category-noticias","tag-dubla","tag-dublado","tag-dublador","tag-dublagem","tag-evento"],"yoast_head":"<!-- This site is optimized with the Yoast SEO plugin v26.1.1 - https:\/\/yoast.com\/wordpress\/plugins\/seo\/ -->\n<title>Parada Nerd confirma presen\u00e7a de Guilherme Briggs. | DB - Dublagem Brasileira<\/title>\n<meta name=\"description\" content=\"Parada Nerd confirma presen\u00e7a de Guilherme Briggs. Voz do All Might (My Hero Academia) \u00e9 destaque em evento geek de Mato Grosso do Sul.\" \/>\n<meta name=\"robots\" content=\"index, follow, max-snippet:-1, max-image-preview:large, max-video-preview:-1\" \/>\n<link rel=\"canonical\" href=\"https:\/\/dublagembrasileira.com.br\/?p=2764\" \/>\n<meta property=\"og:locale\" content=\"pt_BR\" \/>\n<meta property=\"og:type\" content=\"article\" \/>\n<meta property=\"og:title\" content=\"Parada Nerd confirma presen\u00e7a de Guilherme Briggs. | DB - Dublagem Brasileira\" \/>\n<meta property=\"og:description\" content=\"Parada Nerd confirma presen\u00e7a de Guilherme Briggs. Voz do All Might (My Hero Academia) \u00e9 destaque em evento geek de Mato Grosso do Sul.\" \/>\n<meta property=\"og:url\" content=\"https:\/\/dublagembrasileira.com.br\/?p=2764\" \/>\n<meta property=\"og:site_name\" content=\"DB - Dublagem Brasileira\" \/>\n<meta property=\"article:author\" content=\"https:\/\/www.facebook.com\/dublagembrasileira\" \/>\n<meta property=\"article:published_time\" content=\"2019-09-21T22:00:49+00:00\" \/>\n<meta property=\"article:modified_time\" content=\"2019-09-23T12:05:27+00:00\" \/>\n<meta property=\"og:image\" content=\"https:\/\/dublagembrasileira.com.br\/wp-content\/uploads\/2019\/09\/guilherme_briggs-1.jpg\" \/>\n\t<meta property=\"og:image:width\" content=\"704\" \/>\n\t<meta property=\"og:image:height\" content=\"496\" \/>\n\t<meta property=\"og:image:type\" content=\"image\/jpeg\" \/>\n<meta name=\"author\" content=\"Reda\u00e7\u00e3o\" \/>\n<meta name=\"twitter:card\" content=\"summary_large_image\" \/>\n<meta name=\"twitter:creator\" content=\"@dbdublagem\" \/>\n<meta name=\"twitter:label1\" content=\"Escrito por\" \/>\n\t<meta name=\"twitter:data1\" content=\"Reda\u00e7\u00e3o\" \/>\n\t<meta name=\"twitter:label2\" content=\"Est. tempo de leitura\" \/>\n\t<meta name=\"twitter:data2\" content=\"1 minuto\" \/>\n<script type=\"application\/ld+json\" class=\"yoast-schema-graph\">{\"@context\":\"https:\/\/schema.org\",\"@graph\":[{\"@type\":\"Article\",\"@id\":\"https:\/\/dublagembrasileira.com.br\/?p=2764#article\",\"isPartOf\":{\"@id\":\"https:\/\/dublagembrasileira.com.br\/?p=2764\"},\"author\":{\"name\":\"Reda\u00e7\u00e3o\",\"@id\":\"https:\/\/dublagembrasileira.com.br\/#\/schema\/person\/a75bac594c0e9a0b96508b7e124f20d1\"},\"headline\":\"Parada Nerd confirma presen\u00e7a de Guilherme Briggs.\",\"datePublished\":\"2019-09-21T22:00:49+00:00\",\"dateModified\":\"2019-09-23T12:05:27+00:00\",\"mainEntityOfPage\":{\"@id\":\"https:\/\/dublagembrasileira.com.br\/?p=2764\"},\"wordCount\":266,\"commentCount\":0,\"publisher\":{\"@id\":\"https:\/\/dublagembrasileira.com.br\/#organization\"},\"image\":{\"@id\":\"https:\/\/dublagembrasileira.com.br\/?p=2764#primaryimage\"},\"thumbnailUrl\":\"https:\/\/dublagembrasileira.com.br\/wp-content\/uploads\/2019\/09\/guilherme_briggs-1.jpg\",\"keywords\":[\"dubla\",\"dublado\",\"dublador\",\"dublagem\",\"evento\"],\"articleSection\":[\"Acontece\",\"Not\u00edcias\"],\"inLanguage\":\"pt-BR\",\"potentialAction\":[{\"@type\":\"CommentAction\",\"name\":\"Comment\",\"target\":[\"https:\/\/dublagembrasileira.com.br\/?p=2764#respond\"]}]},{\"@type\":\"WebPage\",\"@id\":\"https:\/\/dublagembrasileira.com.br\/?p=2764\",\"url\":\"https:\/\/dublagembrasileira.com.br\/?p=2764\",\"name\":\"Parada Nerd confirma presen\u00e7a de Guilherme Briggs. | DB - Dublagem Brasileira\",\"isPartOf\":{\"@id\":\"https:\/\/dublagembrasileira.com.br\/#website\"},\"primaryImageOfPage\":{\"@id\":\"https:\/\/dublagembrasileira.com.br\/?p=2764#primaryimage\"},\"image\":{\"@id\":\"https:\/\/dublagembrasileira.com.br\/?p=2764#primaryimage\"},\"thumbnailUrl\":\"https:\/\/dublagembrasileira.com.br\/wp-content\/uploads\/2019\/09\/guilherme_briggs-1.jpg\",\"datePublished\":\"2019-09-21T22:00:49+00:00\",\"dateModified\":\"2019-09-23T12:05:27+00:00\",\"description\":\"Parada Nerd confirma presen\u00e7a de Guilherme Briggs. Voz do All Might (My Hero Academia) \u00e9 destaque em evento geek de Mato Grosso do Sul.\",\"breadcrumb\":{\"@id\":\"https:\/\/dublagembrasileira.com.br\/?p=2764#breadcrumb\"},\"inLanguage\":\"pt-BR\",\"potentialAction\":[{\"@type\":\"ReadAction\",\"target\":[\"https:\/\/dublagembrasileira.com.br\/?p=2764\"]}]},{\"@type\":\"ImageObject\",\"inLanguage\":\"pt-BR\",\"@id\":\"https:\/\/dublagembrasileira.com.br\/?p=2764#primaryimage\",\"url\":\"https:\/\/dublagembrasileira.com.br\/wp-content\/uploads\/2019\/09\/guilherme_briggs-1.jpg\",\"contentUrl\":\"https:\/\/dublagembrasileira.com.br\/wp-content\/uploads\/2019\/09\/guilherme_briggs-1.jpg\",\"width\":704,\"height\":496},{\"@type\":\"BreadcrumbList\",\"@id\":\"https:\/\/dublagembrasileira.com.br\/?p=2764#breadcrumb\",\"itemListElement\":[{\"@type\":\"ListItem\",\"position\":1,\"name\":\"In\u00edcio\",\"item\":\"https:\/\/dublagembrasileira.com.br\/\"},{\"@type\":\"ListItem\",\"position\":2,\"name\":\"Parada Nerd confirma presen\u00e7a de Guilherme Briggs.\"}]},{\"@type\":\"WebSite\",\"@id\":\"https:\/\/dublagembrasileira.com.br\/#website\",\"url\":\"https:\/\/dublagembrasileira.com.br\/\",\"name\":\"DB - Dublagem Brasileira\",\"description\":\"O seu portal de dublagem.\",\"publisher\":{\"@id\":\"https:\/\/dublagembrasileira.com.br\/#organization\"},\"potentialAction\":[{\"@type\":\"SearchAction\",\"target\":{\"@type\":\"EntryPoint\",\"urlTemplate\":\"https:\/\/dublagembrasileira.com.br\/?s={search_term_string}\"},\"query-input\":{\"@type\":\"PropertyValueSpecification\",\"valueRequired\":true,\"valueName\":\"search_term_string\"}}],\"inLanguage\":\"pt-BR\"},{\"@type\":\"Organization\",\"@id\":\"https:\/\/dublagembrasileira.com.br\/#organization\",\"name\":\"DB - Dublagem Brasileira\",\"url\":\"https:\/\/dublagembrasileira.com.br\/\",\"logo\":{\"@type\":\"ImageObject\",\"inLanguage\":\"pt-BR\",\"@id\":\"https:\/\/dublagembrasileira.com.br\/#\/schema\/logo\/image\/\",\"url\":\"https:\/\/dublagembrasileira.com.br\/wp-content\/uploads\/2019\/07\/cropped-logotipodb.png\",\"contentUrl\":\"https:\/\/dublagembrasileira.com.br\/wp-content\/uploads\/2019\/07\/cropped-logotipodb.png\",\"width\":946,\"height\":589,\"caption\":\"DB - Dublagem Brasileira\"},\"image\":{\"@id\":\"https:\/\/dublagembrasileira.com.br\/#\/schema\/logo\/image\/\"}},{\"@type\":\"Person\",\"@id\":\"https:\/\/dublagembrasileira.com.br\/#\/schema\/person\/a75bac594c0e9a0b96508b7e124f20d1\",\"name\":\"Reda\u00e7\u00e3o\",\"image\":{\"@type\":\"ImageObject\",\"inLanguage\":\"pt-BR\",\"@id\":\"https:\/\/dublagembrasileira.com.br\/#\/schema\/person\/image\/\",\"url\":\"http:\/\/dublagembrasileira.com.br\/wp-content\/uploads\/2025\/06\/admin-96x96.jpg\",\"contentUrl\":\"http:\/\/dublagembrasileira.com.br\/wp-content\/uploads\/2025\/06\/admin-96x96.jpg\",\"caption\":\"Reda\u00e7\u00e3o\"},\"description\":\"Equipe do DB.\",\"sameAs\":[\"https:\/\/www.facebook.com\/dublagembrasileira\",\"https:\/\/www.instagram.com\/dbdublagembrasileira\",\"https:\/\/x.com\/dbdublagem\"],\"url\":\"https:\/\/dublagembrasileira.com.br\/?author=4\"}]}<\/script>\n<!-- \/ Yoast SEO plugin. -->","yoast_head_json":{"title":"Parada Nerd confirma presen\u00e7a de Guilherme Briggs. | DB - Dublagem Brasileira","description":"Parada Nerd confirma presen\u00e7a de Guilherme Briggs. Voz do All Might (My Hero Academia) \u00e9 destaque em evento geek de Mato Grosso do Sul.","robots":{"index":"index","follow":"follow","max-snippet":"max-snippet:-1","max-image-preview":"max-image-preview:large","max-video-preview":"max-video-preview:-1"},"canonical":"https:\/\/dublagembrasileira.com.br\/?p=2764","og_locale":"pt_BR","og_type":"article","og_title":"Parada Nerd confirma presen\u00e7a de Guilherme Briggs. | DB - Dublagem Brasileira","og_description":"Parada Nerd confirma presen\u00e7a de Guilherme Briggs. Voz do All Might (My Hero Academia) \u00e9 destaque em evento geek de Mato Grosso do Sul.","og_url":"https:\/\/dublagembrasileira.com.br\/?p=2764","og_site_name":"DB - Dublagem Brasileira","article_author":"https:\/\/www.facebook.com\/dublagembrasileira","article_published_time":"2019-09-21T22:00:49+00:00","article_modified_time":"2019-09-23T12:05:27+00:00","og_image":[{"width":704,"height":496,"url":"https:\/\/dublagembrasileira.com.br\/wp-content\/uploads\/2019\/09\/guilherme_briggs-1.jpg","type":"image\/jpeg"}],"author":"Reda\u00e7\u00e3o","twitter_card":"summary_large_image","twitter_creator":"@dbdublagem","twitter_misc":{"Escrito por":"Reda\u00e7\u00e3o","Est. tempo de leitura":"1 minuto"},"schema":{"@context":"https:\/\/schema.org","@graph":[{"@type":"Article","@id":"https:\/\/dublagembrasileira.com.br\/?p=2764#article","isPartOf":{"@id":"https:\/\/dublagembrasileira.com.br\/?p=2764"},"author":{"name":"Reda\u00e7\u00e3o","@id":"https:\/\/dublagembrasileira.com.br\/#\/schema\/person\/a75bac594c0e9a0b96508b7e124f20d1"},"headline":"Parada Nerd confirma presen\u00e7a de Guilherme Briggs.","datePublished":"2019-09-21T22:00:49+00:00","dateModified":"2019-09-23T12:05:27+00:00","mainEntityOfPage":{"@id":"https:\/\/dublagembrasileira.com.br\/?p=2764"},"wordCount":266,"commentCount":0,"publisher":{"@id":"https:\/\/dublagembrasileira.com.br\/#organization"},"image":{"@id":"https:\/\/dublagembrasileira.com.br\/?p=2764#primaryimage"},"thumbnailUrl":"https:\/\/dublagembrasileira.com.br\/wp-content\/uploads\/2019\/09\/guilherme_briggs-1.jpg","keywords":["dubla","dublado","dublador","dublagem","evento"],"articleSection":["Acontece","Not\u00edcias"],"inLanguage":"pt-BR","potentialAction":[{"@type":"CommentAction","name":"Comment","target":["https:\/\/dublagembrasileira.com.br\/?p=2764#respond"]}]},{"@type":"WebPage","@id":"https:\/\/dublagembrasileira.com.br\/?p=2764","url":"https:\/\/dublagembrasileira.com.br\/?p=2764","name":"Parada Nerd confirma presen\u00e7a de Guilherme Briggs. | DB - Dublagem Brasileira","isPartOf":{"@id":"https:\/\/dublagembrasileira.com.br\/#website"},"primaryImageOfPage":{"@id":"https:\/\/dublagembrasileira.com.br\/?p=2764#primaryimage"},"image":{"@id":"https:\/\/dublagembrasileira.com.br\/?p=2764#primaryimage"},"thumbnailUrl":"https:\/\/dublagembrasileira.com.br\/wp-content\/uploads\/2019\/09\/guilherme_briggs-1.jpg","datePublished":"2019-09-21T22:00:49+00:00","dateModified":"2019-09-23T12:05:27+00:00","description":"Parada Nerd confirma presen\u00e7a de Guilherme Briggs. Voz do All Might (My Hero Academia) \u00e9 destaque em evento geek de Mato Grosso do Sul.","breadcrumb":{"@id":"https:\/\/dublagembrasileira.com.br\/?p=2764#breadcrumb"},"inLanguage":"pt-BR","potentialAction":[{"@type":"ReadAction","target":["https:\/\/dublagembrasileira.com.br\/?p=2764"]}]},{"@type":"ImageObject","inLanguage":"pt-BR","@id":"https:\/\/dublagembrasileira.com.br\/?p=2764#primaryimage","url":"https:\/\/dublagembrasileira.com.br\/wp-content\/uploads\/2019\/09\/guilherme_briggs-1.jpg","contentUrl":"https:\/\/dublagembrasileira.com.br\/wp-content\/uploads\/2019\/09\/guilherme_briggs-1.jpg","width":704,"height":496},{"@type":"BreadcrumbList","@id":"https:\/\/dublagembrasileira.com.br\/?p=2764#breadcrumb","itemListElement":[{"@type":"ListItem","position":1,"name":"In\u00edcio","item":"https:\/\/dublagembrasileira.com.br\/"},{"@type":"ListItem","position":2,"name":"Parada Nerd confirma presen\u00e7a de Guilherme Briggs."}]},{"@type":"WebSite","@id":"https:\/\/dublagembrasileira.com.br\/#website","url":"https:\/\/dublagembrasileira.com.br\/","name":"DB - Dublagem Brasileira","description":"O seu portal de dublagem.","publisher":{"@id":"https:\/\/dublagembrasileira.com.br\/#organization"},"potentialAction":[{"@type":"SearchAction","target":{"@type":"EntryPoint","urlTemplate":"https:\/\/dublagembrasileira.com.br\/?s={search_term_string}"},"query-input":{"@type":"PropertyValueSpecification","valueRequired":true,"valueName":"search_term_string"}}],"inLanguage":"pt-BR"},{"@type":"Organization","@id":"https:\/\/dublagembrasileira.com.br\/#organization","name":"DB - Dublagem Brasileira","url":"https:\/\/dublagembrasileira.com.br\/","logo":{"@type":"ImageObject","inLanguage":"pt-BR","@id":"https:\/\/dublagembrasileira.com.br\/#\/schema\/logo\/image\/","url":"https:\/\/dublagembrasileira.com.br\/wp-content\/uploads\/2019\/07\/cropped-logotipodb.png","contentUrl":"https:\/\/dublagembrasileira.com.br\/wp-content\/uploads\/2019\/07\/cropped-logotipodb.png","width":946,"height":589,"caption":"DB - Dublagem Brasileira"},"image":{"@id":"https:\/\/dublagembrasileira.com.br\/#\/schema\/logo\/image\/"}},{"@type":"Person","@id":"https:\/\/dublagembrasileira.com.br\/#\/schema\/person\/a75bac594c0e9a0b96508b7e124f20d1","name":"Reda\u00e7\u00e3o","image":{"@type":"ImageObject","inLanguage":"pt-BR","@id":"https:\/\/dublagembrasileira.com.br\/#\/schema\/person\/image\/","url":"http:\/\/dublagembrasileira.com.br\/wp-content\/uploads\/2025\/06\/admin-96x96.jpg","contentUrl":"http:\/\/dublagembrasileira.com.br\/wp-content\/uploads\/2025\/06\/admin-96x96.jpg","caption":"Reda\u00e7\u00e3o"},"description":"Equipe do DB.","sameAs":["https:\/\/www.facebook.com\/dublagembrasileira","https:\/\/www.instagram.com\/dbdublagembrasileira","https:\/\/x.com\/dbdublagem"],"url":"https:\/\/dublagembrasileira.com.br\/?author=4"}]}},"rttpg_featured_image_url":{"full":["https:\/\/dublagembrasileira.com.br\/wp-content\/uploads\/2019\/09\/guilherme_briggs-1.jpg",704,496,false],"landscape":["https:\/\/dublagembrasileira.com.br\/wp-content\/uploads\/2019\/09\/guilherme_briggs-1.jpg",704,496,false],"portraits":["https:\/\/dublagembrasileira.com.br\/wp-content\/uploads\/2019\/09\/guilherme_briggs-1.jpg",704,496,false],"thumbnail":["https:\/\/dublagembrasileira.com.br\/wp-content\/uploads\/2019\/09\/guilherme_briggs-1-150x150.jpg",150,150,true],"medium":["https:\/\/dublagembrasileira.com.br\/wp-content\/uploads\/2019\/09\/guilherme_briggs-1-300x211.jpg",300,211,true],"large":["https:\/\/dublagembrasileira.com.br\/wp-content\/uploads\/2019\/09\/guilherme_briggs-1.jpg",640,451,false],"1536x1536":["https:\/\/dublagembrasileira.com.br\/wp-content\/uploads\/2019\/09\/guilherme_briggs-1.jpg",704,496,false],"2048x2048":["https:\/\/dublagembrasileira.com.br\/wp-content\/uploads\/2019\/09\/guilherme_briggs-1.jpg",704,496,false],"eggnews-slider-large":["https:\/\/dublagembrasileira.com.br\/wp-content\/uploads\/2019\/09\/guilherme_briggs-1.jpg",704,496,false],"eggnews-featured-medium":["https:\/\/dublagembrasileira.com.br\/wp-content\/uploads\/2019\/09\/guilherme_briggs-1-420x307.jpg",420,307,true],"eggnews-featured-long":["https:\/\/dublagembrasileira.com.br\/wp-content\/uploads\/2019\/09\/guilherme_briggs-1-300x443.jpg",300,443,true],"eggnews-block-medium":["https:\/\/dublagembrasileira.com.br\/wp-content\/uploads\/2019\/09\/guilherme_briggs-1-464x290.jpg",464,290,true],"eggnews-carousel-image":["https:\/\/dublagembrasileira.com.br\/wp-content\/uploads\/2019\/09\/guilherme_briggs-1-600x496.jpg",600,496,true],"eggnews-block-thumb":["https:\/\/dublagembrasileira.com.br\/wp-content\/uploads\/2019\/09\/guilherme_briggs-1-322x230.jpg",322,230,true],"eggnews-single-large":["https:\/\/dublagembrasileira.com.br\/wp-content\/uploads\/2019\/09\/guilherme_briggs-1.jpg",704,496,false],"crp_thumbnail":["https:\/\/dublagembrasileira.com.br\/wp-content\/uploads\/2019\/09\/guilherme_briggs-1-150x150.jpg",150,150,true]},"rttpg_author":{"display_name":"Reda\u00e7\u00e3o","author_link":"https:\/\/dublagembrasileira.com.br\/?author=4"},"rttpg_comment":0,"rttpg_category":"<a href=\"https:\/\/dublagembrasileira.com.br\/?cat=21\" rel=\"category\">Acontece<\/a> <a href=\"https:\/\/dublagembrasileira.com.br\/?cat=13\" rel=\"category\">Not\u00edcias<\/a>","rttpg_excerpt":"Voz do All Might (My Hero Academia) \u00e9 destaque em evento geek de Mato Grosso do Sul.\u00a0 Nos dias 19 e 20 de outubro ser\u00e1 promovido em Campo Grande a sexta edi\u00e7\u00e3o do Parada Nerd, considerado o maior acontecimento da cultura pop de Mato Grosso do Sul. O evento esse ano espera que cerca de&hellip;","_links":{"self":[{"href":"https:\/\/dublagembrasileira.com.br\/index.php?rest_route=\/wp\/v2\/posts\/2764","targetHints":{"allow":["GET"]}}],"collection":[{"href":"https:\/\/dublagembrasileira.com.br\/index.php?rest_route=\/wp\/v2\/posts"}],"about":[{"href":"https:\/\/dublagembrasileira.com.br\/index.php?rest_route=\/wp\/v2\/types\/post"}],"author":[{"embeddable":true,"href":"https:\/\/dublagembrasileira.com.br\/index.php?rest_route=\/wp\/v2\/users\/4"}],"replies":[{"embeddable":true,"href":"https:\/\/dublagembrasileira.com.br\/index.php?rest_route=%2Fwp%2Fv2%2Fcomments&post=2764"}],"version-history":[{"count":1,"href":"https:\/\/dublagembrasileira.com.br\/index.php?rest_route=\/wp\/v2\/posts\/2764\/revisions"}],"predecessor-version":[{"id":2765,"href":"https:\/\/dublagembrasileira.com.br\/index.php?rest_route=\/wp\/v2\/posts\/2764\/revisions\/2765"}],"wp:featuredmedia":[{"embeddable":true,"href":"https:\/\/dublagembrasileira.com.br\/index.php?rest_route=\/wp\/v2\/media\/2766"}],"wp:attachment":[{"href":"https:\/\/dublagembrasileira.com.br\/index.php?rest_route=%2Fwp%2Fv2%2Fmedia&parent=2764"}],"wp:term":[{"taxonomy":"category","embeddable":true,"href":"https:\/\/dublagembrasileira.com.br\/index.php?rest_route=%2Fwp%2Fv2%2Fcategories&post=2764"},{"taxonomy":"post_tag","embeddable":true,"href":"https:\/\/dublagembrasileira.com.br\/index.php?rest_route=%2Fwp%2Fv2%2Ftags&post=2764"}],"curies":[{"name":"wp","href":"https:\/\/api.w.org\/{rel}","templated":true}]}}