{"id":2749,"date":"2019-09-06T11:22:50","date_gmt":"2019-09-06T11:22:50","guid":{"rendered":"http:\/\/dublagembrasileira.com.br\/?p=2749"},"modified":"2019-09-06T12:30:49","modified_gmt":"2019-09-06T12:30:49","slug":"victor-granja-e-convidado-de-wendel-bezerra","status":"publish","type":"post","link":"https:\/\/dublagembrasileira.com.br\/?p=2749","title":{"rendered":"Victor Granja \u00e9 convidado de Wendel Bezerra."},"content":{"rendered":"<h4><em>Voz do Dustin (<strong>Stranger Things<\/strong>) e<\/em><em> do Gumball fala sobre sua carreira em canal do Youtube.<\/em><\/h4>\n<hr \/>\n<p style=\"text-align: justify;\">O mais novo v\u00eddeo do canal <a href=\"https:\/\/www.youtube.com\/channel\/UCDcXzHEjw71Y5EMj13QCCpA\">Wendel Bezerra<\/a>, postado nesse sexta-feira (6), apresenta um bate-papo com o jovem dublador Jo\u00e3o Victor Granja, um dos grandes nomes dessa arte no momento que tem apenas 19 anos mas j\u00e1 10 de carreira.<\/p>\n<p style=\"text-align: justify;\">Jo\u00e3o Victor descreve como foi seu in\u00edcio de carreira, incentivado desde cedo pelos pais que s\u00e3o do meio art\u00edstico. Tamb\u00e9m fez a voz e comentou a realiza\u00e7\u00e3o de alguns personagens importantes como Gumball Watterson (<strong>O Incr\u00edvel Mundo de Gumball<\/strong>), al\u00e9m dos complexos como Dustin (<strong>Stranger Things<\/strong>), portador de displasia e Bill Denbrough (<strong>It &#8211; A Coisa<\/strong>) que \u00e9 gago.<\/p>\n<p style=\"text-align: justify;\">Um momento marcante para os f\u00e3s de ambos os dubladores \u00e9 quando eles brincam improvisando um di\u00e1logo entre Gumball e Bob Esponja.<\/p>\n<p style=\"text-align: justify;\">Entre os trabalhos de Victor Granja est\u00e3o Percy (<strong>Clar\u00eancio, o Otimista<\/strong>), \u00carvin (<strong>Jamie tem Tent\u00e1culos<\/strong>), Wendell (<strong>Wendell e Vinnie<\/strong>), Matt (<strong>Meu Amig\u00e3oz\u00e3o<\/strong>), Danny Dog (<strong>Peppa Pig<\/strong>), Figurantes (<strong>Sam &amp; Cat<\/strong>), Farkle (<strong>Garota Conhece o Mundo<\/strong>).<\/p>\n","protected":false},"excerpt":{"rendered":"<p>Voz do Dustin (Stranger Things) e do Gumball fala sobre sua carreira em canal do Youtube. O mais novo v\u00eddeo do canal Wendel Bezerra, postado nesse sexta-feira (6), apresenta um bate-papo com o jovem dublador Jo\u00e3o Victor Granja, um dos grandes nomes dessa arte no momento que tem apenas 19 anos mas j\u00e1 10 de carreira. Jo\u00e3o Victor descreve como foi seu in\u00edcio de carreira, incentivado desde cedo pelos pais que s\u00e3o do meio art\u00edstico. Tamb\u00e9m fez a voz e comentou a realiza\u00e7\u00e3o de alguns personagens importantes como Gumball Watterson (O Incr\u00edvel Mundo de Gumball), al\u00e9m dos complexos como Dustin (Stranger Things), portador de displasia e Bill Denbrough (It &#8211; A Coisa) que \u00e9 gago. Um momento marcante para os f\u00e3s de ambos os dubladores \u00e9 quando eles brincam improvisando um di\u00e1logo entre Gumball e Bob Esponja. Entre os trabalhos de Victor Granja est\u00e3o Percy (Clar\u00eancio, o Otimista), \u00carvin (Jamie tem Tent\u00e1culos), Wendell (Wendell e Vinnie), Matt (Meu Amig\u00e3oz\u00e3o), Danny Dog (Peppa Pig), Figurantes (Sam &amp; Cat), Farkle (Garota Conhece o Mundo).<\/p>\n","protected":false},"author":4,"featured_media":2750,"comment_status":"open","ping_status":"open","sticky":false,"template":"","format":"standard","meta":{"_monsterinsights_skip_tracking":false,"_monsterinsights_sitenote_active":false,"_monsterinsights_sitenote_note":"","_monsterinsights_sitenote_category":0,"footnotes":""},"categories":[13,9],"tags":[83,127,124,33,29,27,84],"class_list":["post-2749","post","type-post","status-publish","format-standard","has-post-thumbnail","hentry","category-noticias","category-outras-midias","tag-canal","tag-dubla","tag-dublado","tag-dublador","tag-dubladores","tag-dublagem","tag-youtube"],"yoast_head":"<!-- This site is optimized with the Yoast SEO plugin v26.1.1 - https:\/\/yoast.com\/wordpress\/plugins\/seo\/ -->\n<title>Victor Granja \u00e9 convidado de Wendel Bezerra. | DB - Dublagem Brasileira<\/title>\n<meta name=\"description\" content=\"Victor Granja \u00e9 convidado de Wendel Bezerra. Voz do Dustin (Stranger Things) e do Gumball fala sobre sua carreira em canal do Youtube.\" \/>\n<meta name=\"robots\" content=\"index, follow, max-snippet:-1, max-image-preview:large, max-video-preview:-1\" \/>\n<link rel=\"canonical\" href=\"https:\/\/dublagembrasileira.com.br\/?p=2749\" \/>\n<meta property=\"og:locale\" content=\"pt_BR\" \/>\n<meta property=\"og:type\" content=\"article\" \/>\n<meta property=\"og:title\" content=\"Victor Granja \u00e9 convidado de Wendel Bezerra. | DB - Dublagem Brasileira\" \/>\n<meta property=\"og:description\" content=\"Victor Granja \u00e9 convidado de Wendel Bezerra. Voz do Dustin (Stranger Things) e do Gumball fala sobre sua carreira em canal do Youtube.\" \/>\n<meta property=\"og:url\" content=\"https:\/\/dublagembrasileira.com.br\/?p=2749\" \/>\n<meta property=\"og:site_name\" content=\"DB - Dublagem Brasileira\" \/>\n<meta property=\"article:author\" content=\"https:\/\/www.facebook.com\/dublagembrasileira\" \/>\n<meta property=\"article:published_time\" content=\"2019-09-06T11:22:50+00:00\" \/>\n<meta property=\"article:modified_time\" content=\"2019-09-06T12:30:49+00:00\" \/>\n<meta property=\"og:image\" content=\"https:\/\/dublagembrasileira.com.br\/wp-content\/uploads\/2019\/09\/wendelbezerra_joaovitorgranja.jpg\" \/>\n\t<meta property=\"og:image:width\" content=\"704\" \/>\n\t<meta property=\"og:image:height\" content=\"496\" \/>\n\t<meta property=\"og:image:type\" content=\"image\/jpeg\" \/>\n<meta name=\"author\" content=\"Reda\u00e7\u00e3o\" \/>\n<meta name=\"twitter:card\" content=\"summary_large_image\" \/>\n<meta name=\"twitter:creator\" content=\"@dbdublagem\" \/>\n<meta name=\"twitter:label1\" content=\"Escrito por\" \/>\n\t<meta name=\"twitter:data1\" content=\"Reda\u00e7\u00e3o\" \/>\n\t<meta name=\"twitter:label2\" content=\"Est. tempo de leitura\" \/>\n\t<meta name=\"twitter:data2\" content=\"1 minuto\" \/>\n<script type=\"application\/ld+json\" class=\"yoast-schema-graph\">{\"@context\":\"https:\/\/schema.org\",\"@graph\":[{\"@type\":\"Article\",\"@id\":\"https:\/\/dublagembrasileira.com.br\/?p=2749#article\",\"isPartOf\":{\"@id\":\"https:\/\/dublagembrasileira.com.br\/?p=2749\"},\"author\":{\"name\":\"Reda\u00e7\u00e3o\",\"@id\":\"https:\/\/dublagembrasileira.com.br\/#\/schema\/person\/a75bac594c0e9a0b96508b7e124f20d1\"},\"headline\":\"Victor Granja \u00e9 convidado de Wendel Bezerra.\",\"datePublished\":\"2019-09-06T11:22:50+00:00\",\"dateModified\":\"2019-09-06T12:30:49+00:00\",\"mainEntityOfPage\":{\"@id\":\"https:\/\/dublagembrasileira.com.br\/?p=2749\"},\"wordCount\":190,\"commentCount\":0,\"publisher\":{\"@id\":\"https:\/\/dublagembrasileira.com.br\/#organization\"},\"image\":{\"@id\":\"https:\/\/dublagembrasileira.com.br\/?p=2749#primaryimage\"},\"thumbnailUrl\":\"https:\/\/dublagembrasileira.com.br\/wp-content\/uploads\/2019\/09\/wendelbezerra_joaovitorgranja.jpg\",\"keywords\":[\"canal\",\"dubla\",\"dublado\",\"dublador\",\"dubladores\",\"dublagem\",\"youtube\"],\"articleSection\":[\"Not\u00edcias\",\"Outras m\u00eddias\"],\"inLanguage\":\"pt-BR\",\"potentialAction\":[{\"@type\":\"CommentAction\",\"name\":\"Comment\",\"target\":[\"https:\/\/dublagembrasileira.com.br\/?p=2749#respond\"]}]},{\"@type\":\"WebPage\",\"@id\":\"https:\/\/dublagembrasileira.com.br\/?p=2749\",\"url\":\"https:\/\/dublagembrasileira.com.br\/?p=2749\",\"name\":\"Victor Granja \u00e9 convidado de Wendel Bezerra. | DB - Dublagem Brasileira\",\"isPartOf\":{\"@id\":\"https:\/\/dublagembrasileira.com.br\/#website\"},\"primaryImageOfPage\":{\"@id\":\"https:\/\/dublagembrasileira.com.br\/?p=2749#primaryimage\"},\"image\":{\"@id\":\"https:\/\/dublagembrasileira.com.br\/?p=2749#primaryimage\"},\"thumbnailUrl\":\"https:\/\/dublagembrasileira.com.br\/wp-content\/uploads\/2019\/09\/wendelbezerra_joaovitorgranja.jpg\",\"datePublished\":\"2019-09-06T11:22:50+00:00\",\"dateModified\":\"2019-09-06T12:30:49+00:00\",\"description\":\"Victor Granja \u00e9 convidado de Wendel Bezerra. Voz do Dustin (Stranger Things) e do Gumball fala sobre sua carreira em canal do Youtube.\",\"breadcrumb\":{\"@id\":\"https:\/\/dublagembrasileira.com.br\/?p=2749#breadcrumb\"},\"inLanguage\":\"pt-BR\",\"potentialAction\":[{\"@type\":\"ReadAction\",\"target\":[\"https:\/\/dublagembrasileira.com.br\/?p=2749\"]}]},{\"@type\":\"ImageObject\",\"inLanguage\":\"pt-BR\",\"@id\":\"https:\/\/dublagembrasileira.com.br\/?p=2749#primaryimage\",\"url\":\"https:\/\/dublagembrasileira.com.br\/wp-content\/uploads\/2019\/09\/wendelbezerra_joaovitorgranja.jpg\",\"contentUrl\":\"https:\/\/dublagembrasileira.com.br\/wp-content\/uploads\/2019\/09\/wendelbezerra_joaovitorgranja.jpg\",\"width\":704,\"height\":496},{\"@type\":\"BreadcrumbList\",\"@id\":\"https:\/\/dublagembrasileira.com.br\/?p=2749#breadcrumb\",\"itemListElement\":[{\"@type\":\"ListItem\",\"position\":1,\"name\":\"In\u00edcio\",\"item\":\"https:\/\/dublagembrasileira.com.br\/\"},{\"@type\":\"ListItem\",\"position\":2,\"name\":\"Victor Granja \u00e9 convidado de Wendel Bezerra.\"}]},{\"@type\":\"WebSite\",\"@id\":\"https:\/\/dublagembrasileira.com.br\/#website\",\"url\":\"https:\/\/dublagembrasileira.com.br\/\",\"name\":\"DB - Dublagem Brasileira\",\"description\":\"O seu portal de dublagem.\",\"publisher\":{\"@id\":\"https:\/\/dublagembrasileira.com.br\/#organization\"},\"potentialAction\":[{\"@type\":\"SearchAction\",\"target\":{\"@type\":\"EntryPoint\",\"urlTemplate\":\"https:\/\/dublagembrasileira.com.br\/?s={search_term_string}\"},\"query-input\":{\"@type\":\"PropertyValueSpecification\",\"valueRequired\":true,\"valueName\":\"search_term_string\"}}],\"inLanguage\":\"pt-BR\"},{\"@type\":\"Organization\",\"@id\":\"https:\/\/dublagembrasileira.com.br\/#organization\",\"name\":\"DB - Dublagem Brasileira\",\"url\":\"https:\/\/dublagembrasileira.com.br\/\",\"logo\":{\"@type\":\"ImageObject\",\"inLanguage\":\"pt-BR\",\"@id\":\"https:\/\/dublagembrasileira.com.br\/#\/schema\/logo\/image\/\",\"url\":\"https:\/\/dublagembrasileira.com.br\/wp-content\/uploads\/2019\/07\/cropped-logotipodb.png\",\"contentUrl\":\"https:\/\/dublagembrasileira.com.br\/wp-content\/uploads\/2019\/07\/cropped-logotipodb.png\",\"width\":946,\"height\":589,\"caption\":\"DB - Dublagem Brasileira\"},\"image\":{\"@id\":\"https:\/\/dublagembrasileira.com.br\/#\/schema\/logo\/image\/\"}},{\"@type\":\"Person\",\"@id\":\"https:\/\/dublagembrasileira.com.br\/#\/schema\/person\/a75bac594c0e9a0b96508b7e124f20d1\",\"name\":\"Reda\u00e7\u00e3o\",\"image\":{\"@type\":\"ImageObject\",\"inLanguage\":\"pt-BR\",\"@id\":\"https:\/\/dublagembrasileira.com.br\/#\/schema\/person\/image\/\",\"url\":\"http:\/\/dublagembrasileira.com.br\/wp-content\/uploads\/2025\/06\/admin-96x96.jpg\",\"contentUrl\":\"http:\/\/dublagembrasileira.com.br\/wp-content\/uploads\/2025\/06\/admin-96x96.jpg\",\"caption\":\"Reda\u00e7\u00e3o\"},\"description\":\"Equipe do DB.\",\"sameAs\":[\"https:\/\/www.facebook.com\/dublagembrasileira\",\"https:\/\/www.instagram.com\/dbdublagembrasileira\",\"https:\/\/x.com\/dbdublagem\"],\"url\":\"https:\/\/dublagembrasileira.com.br\/?author=4\"}]}<\/script>\n<!-- \/ Yoast SEO plugin. -->","yoast_head_json":{"title":"Victor Granja \u00e9 convidado de Wendel Bezerra. | DB - Dublagem Brasileira","description":"Victor Granja \u00e9 convidado de Wendel Bezerra. Voz do Dustin (Stranger Things) e do Gumball fala sobre sua carreira em canal do Youtube.","robots":{"index":"index","follow":"follow","max-snippet":"max-snippet:-1","max-image-preview":"max-image-preview:large","max-video-preview":"max-video-preview:-1"},"canonical":"https:\/\/dublagembrasileira.com.br\/?p=2749","og_locale":"pt_BR","og_type":"article","og_title":"Victor Granja \u00e9 convidado de Wendel Bezerra. | DB - Dublagem Brasileira","og_description":"Victor Granja \u00e9 convidado de Wendel Bezerra. Voz do Dustin (Stranger Things) e do Gumball fala sobre sua carreira em canal do Youtube.","og_url":"https:\/\/dublagembrasileira.com.br\/?p=2749","og_site_name":"DB - Dublagem Brasileira","article_author":"https:\/\/www.facebook.com\/dublagembrasileira","article_published_time":"2019-09-06T11:22:50+00:00","article_modified_time":"2019-09-06T12:30:49+00:00","og_image":[{"width":704,"height":496,"url":"https:\/\/dublagembrasileira.com.br\/wp-content\/uploads\/2019\/09\/wendelbezerra_joaovitorgranja.jpg","type":"image\/jpeg"}],"author":"Reda\u00e7\u00e3o","twitter_card":"summary_large_image","twitter_creator":"@dbdublagem","twitter_misc":{"Escrito por":"Reda\u00e7\u00e3o","Est. tempo de leitura":"1 minuto"},"schema":{"@context":"https:\/\/schema.org","@graph":[{"@type":"Article","@id":"https:\/\/dublagembrasileira.com.br\/?p=2749#article","isPartOf":{"@id":"https:\/\/dublagembrasileira.com.br\/?p=2749"},"author":{"name":"Reda\u00e7\u00e3o","@id":"https:\/\/dublagembrasileira.com.br\/#\/schema\/person\/a75bac594c0e9a0b96508b7e124f20d1"},"headline":"Victor Granja \u00e9 convidado de Wendel Bezerra.","datePublished":"2019-09-06T11:22:50+00:00","dateModified":"2019-09-06T12:30:49+00:00","mainEntityOfPage":{"@id":"https:\/\/dublagembrasileira.com.br\/?p=2749"},"wordCount":190,"commentCount":0,"publisher":{"@id":"https:\/\/dublagembrasileira.com.br\/#organization"},"image":{"@id":"https:\/\/dublagembrasileira.com.br\/?p=2749#primaryimage"},"thumbnailUrl":"https:\/\/dublagembrasileira.com.br\/wp-content\/uploads\/2019\/09\/wendelbezerra_joaovitorgranja.jpg","keywords":["canal","dubla","dublado","dublador","dubladores","dublagem","youtube"],"articleSection":["Not\u00edcias","Outras m\u00eddias"],"inLanguage":"pt-BR","potentialAction":[{"@type":"CommentAction","name":"Comment","target":["https:\/\/dublagembrasileira.com.br\/?p=2749#respond"]}]},{"@type":"WebPage","@id":"https:\/\/dublagembrasileira.com.br\/?p=2749","url":"https:\/\/dublagembrasileira.com.br\/?p=2749","name":"Victor Granja \u00e9 convidado de Wendel Bezerra. | DB - Dublagem Brasileira","isPartOf":{"@id":"https:\/\/dublagembrasileira.com.br\/#website"},"primaryImageOfPage":{"@id":"https:\/\/dublagembrasileira.com.br\/?p=2749#primaryimage"},"image":{"@id":"https:\/\/dublagembrasileira.com.br\/?p=2749#primaryimage"},"thumbnailUrl":"https:\/\/dublagembrasileira.com.br\/wp-content\/uploads\/2019\/09\/wendelbezerra_joaovitorgranja.jpg","datePublished":"2019-09-06T11:22:50+00:00","dateModified":"2019-09-06T12:30:49+00:00","description":"Victor Granja \u00e9 convidado de Wendel Bezerra. Voz do Dustin (Stranger Things) e do Gumball fala sobre sua carreira em canal do Youtube.","breadcrumb":{"@id":"https:\/\/dublagembrasileira.com.br\/?p=2749#breadcrumb"},"inLanguage":"pt-BR","potentialAction":[{"@type":"ReadAction","target":["https:\/\/dublagembrasileira.com.br\/?p=2749"]}]},{"@type":"ImageObject","inLanguage":"pt-BR","@id":"https:\/\/dublagembrasileira.com.br\/?p=2749#primaryimage","url":"https:\/\/dublagembrasileira.com.br\/wp-content\/uploads\/2019\/09\/wendelbezerra_joaovitorgranja.jpg","contentUrl":"https:\/\/dublagembrasileira.com.br\/wp-content\/uploads\/2019\/09\/wendelbezerra_joaovitorgranja.jpg","width":704,"height":496},{"@type":"BreadcrumbList","@id":"https:\/\/dublagembrasileira.com.br\/?p=2749#breadcrumb","itemListElement":[{"@type":"ListItem","position":1,"name":"In\u00edcio","item":"https:\/\/dublagembrasileira.com.br\/"},{"@type":"ListItem","position":2,"name":"Victor Granja \u00e9 convidado de Wendel Bezerra."}]},{"@type":"WebSite","@id":"https:\/\/dublagembrasileira.com.br\/#website","url":"https:\/\/dublagembrasileira.com.br\/","name":"DB - Dublagem Brasileira","description":"O seu portal de dublagem.","publisher":{"@id":"https:\/\/dublagembrasileira.com.br\/#organization"},"potentialAction":[{"@type":"SearchAction","target":{"@type":"EntryPoint","urlTemplate":"https:\/\/dublagembrasileira.com.br\/?s={search_term_string}"},"query-input":{"@type":"PropertyValueSpecification","valueRequired":true,"valueName":"search_term_string"}}],"inLanguage":"pt-BR"},{"@type":"Organization","@id":"https:\/\/dublagembrasileira.com.br\/#organization","name":"DB - Dublagem Brasileira","url":"https:\/\/dublagembrasileira.com.br\/","logo":{"@type":"ImageObject","inLanguage":"pt-BR","@id":"https:\/\/dublagembrasileira.com.br\/#\/schema\/logo\/image\/","url":"https:\/\/dublagembrasileira.com.br\/wp-content\/uploads\/2019\/07\/cropped-logotipodb.png","contentUrl":"https:\/\/dublagembrasileira.com.br\/wp-content\/uploads\/2019\/07\/cropped-logotipodb.png","width":946,"height":589,"caption":"DB - Dublagem Brasileira"},"image":{"@id":"https:\/\/dublagembrasileira.com.br\/#\/schema\/logo\/image\/"}},{"@type":"Person","@id":"https:\/\/dublagembrasileira.com.br\/#\/schema\/person\/a75bac594c0e9a0b96508b7e124f20d1","name":"Reda\u00e7\u00e3o","image":{"@type":"ImageObject","inLanguage":"pt-BR","@id":"https:\/\/dublagembrasileira.com.br\/#\/schema\/person\/image\/","url":"http:\/\/dublagembrasileira.com.br\/wp-content\/uploads\/2025\/06\/admin-96x96.jpg","contentUrl":"http:\/\/dublagembrasileira.com.br\/wp-content\/uploads\/2025\/06\/admin-96x96.jpg","caption":"Reda\u00e7\u00e3o"},"description":"Equipe do DB.","sameAs":["https:\/\/www.facebook.com\/dublagembrasileira","https:\/\/www.instagram.com\/dbdublagembrasileira","https:\/\/x.com\/dbdublagem"],"url":"https:\/\/dublagembrasileira.com.br\/?author=4"}]}},"rttpg_featured_image_url":{"full":["https:\/\/dublagembrasileira.com.br\/wp-content\/uploads\/2019\/09\/wendelbezerra_joaovitorgranja.jpg",704,496,false],"landscape":["https:\/\/dublagembrasileira.com.br\/wp-content\/uploads\/2019\/09\/wendelbezerra_joaovitorgranja.jpg",704,496,false],"portraits":["https:\/\/dublagembrasileira.com.br\/wp-content\/uploads\/2019\/09\/wendelbezerra_joaovitorgranja.jpg",704,496,false],"thumbnail":["https:\/\/dublagembrasileira.com.br\/wp-content\/uploads\/2019\/09\/wendelbezerra_joaovitorgranja-150x150.jpg",150,150,true],"medium":["https:\/\/dublagembrasileira.com.br\/wp-content\/uploads\/2019\/09\/wendelbezerra_joaovitorgranja-300x211.jpg",300,211,true],"large":["https:\/\/dublagembrasileira.com.br\/wp-content\/uploads\/2019\/09\/wendelbezerra_joaovitorgranja.jpg",640,451,false],"1536x1536":["https:\/\/dublagembrasileira.com.br\/wp-content\/uploads\/2019\/09\/wendelbezerra_joaovitorgranja.jpg",704,496,false],"2048x2048":["https:\/\/dublagembrasileira.com.br\/wp-content\/uploads\/2019\/09\/wendelbezerra_joaovitorgranja.jpg",704,496,false],"eggnews-slider-large":["https:\/\/dublagembrasileira.com.br\/wp-content\/uploads\/2019\/09\/wendelbezerra_joaovitorgranja.jpg",704,496,false],"eggnews-featured-medium":["https:\/\/dublagembrasileira.com.br\/wp-content\/uploads\/2019\/09\/wendelbezerra_joaovitorgranja-420x307.jpg",420,307,true],"eggnews-featured-long":["https:\/\/dublagembrasileira.com.br\/wp-content\/uploads\/2019\/09\/wendelbezerra_joaovitorgranja-300x443.jpg",300,443,true],"eggnews-block-medium":["https:\/\/dublagembrasileira.com.br\/wp-content\/uploads\/2019\/09\/wendelbezerra_joaovitorgranja-464x290.jpg",464,290,true],"eggnews-carousel-image":["https:\/\/dublagembrasileira.com.br\/wp-content\/uploads\/2019\/09\/wendelbezerra_joaovitorgranja-600x496.jpg",600,496,true],"eggnews-block-thumb":["https:\/\/dublagembrasileira.com.br\/wp-content\/uploads\/2019\/09\/wendelbezerra_joaovitorgranja-322x230.jpg",322,230,true],"eggnews-single-large":["https:\/\/dublagembrasileira.com.br\/wp-content\/uploads\/2019\/09\/wendelbezerra_joaovitorgranja.jpg",704,496,false],"crp_thumbnail":["https:\/\/dublagembrasileira.com.br\/wp-content\/uploads\/2019\/09\/wendelbezerra_joaovitorgranja-150x150.jpg",150,150,true]},"rttpg_author":{"display_name":"Reda\u00e7\u00e3o","author_link":"https:\/\/dublagembrasileira.com.br\/?author=4"},"rttpg_comment":0,"rttpg_category":"<a href=\"https:\/\/dublagembrasileira.com.br\/?cat=13\" rel=\"category\">Not\u00edcias<\/a> <a href=\"https:\/\/dublagembrasileira.com.br\/?cat=9\" rel=\"category\">Outras m\u00eddias<\/a>","rttpg_excerpt":"Voz do Dustin (Stranger Things) e do Gumball fala sobre sua carreira em canal do Youtube. O mais novo v\u00eddeo do canal Wendel Bezerra, postado nesse sexta-feira (6), apresenta um bate-papo com o jovem dublador Jo\u00e3o Victor Granja, um dos grandes nomes dessa arte no momento que tem apenas 19 anos mas j\u00e1 10 de&hellip;","_links":{"self":[{"href":"https:\/\/dublagembrasileira.com.br\/index.php?rest_route=\/wp\/v2\/posts\/2749","targetHints":{"allow":["GET"]}}],"collection":[{"href":"https:\/\/dublagembrasileira.com.br\/index.php?rest_route=\/wp\/v2\/posts"}],"about":[{"href":"https:\/\/dublagembrasileira.com.br\/index.php?rest_route=\/wp\/v2\/types\/post"}],"author":[{"embeddable":true,"href":"https:\/\/dublagembrasileira.com.br\/index.php?rest_route=\/wp\/v2\/users\/4"}],"replies":[{"embeddable":true,"href":"https:\/\/dublagembrasileira.com.br\/index.php?rest_route=%2Fwp%2Fv2%2Fcomments&post=2749"}],"version-history":[{"count":3,"href":"https:\/\/dublagembrasileira.com.br\/index.php?rest_route=\/wp\/v2\/posts\/2749\/revisions"}],"predecessor-version":[{"id":2758,"href":"https:\/\/dublagembrasileira.com.br\/index.php?rest_route=\/wp\/v2\/posts\/2749\/revisions\/2758"}],"wp:featuredmedia":[{"embeddable":true,"href":"https:\/\/dublagembrasileira.com.br\/index.php?rest_route=\/wp\/v2\/media\/2750"}],"wp:attachment":[{"href":"https:\/\/dublagembrasileira.com.br\/index.php?rest_route=%2Fwp%2Fv2%2Fmedia&parent=2749"}],"wp:term":[{"taxonomy":"category","embeddable":true,"href":"https:\/\/dublagembrasileira.com.br\/index.php?rest_route=%2Fwp%2Fv2%2Fcategories&post=2749"},{"taxonomy":"post_tag","embeddable":true,"href":"https:\/\/dublagembrasileira.com.br\/index.php?rest_route=%2Fwp%2Fv2%2Ftags&post=2749"}],"curies":[{"name":"wp","href":"https:\/\/api.w.org\/{rel}","templated":true}]}}