{"id":2579,"date":"2019-09-02T12:30:51","date_gmt":"2019-09-02T12:30:51","guid":{"rendered":"http:\/\/dublagembrasileira.com.br\/?p=2579"},"modified":"2019-09-04T13:22:27","modified_gmt":"2019-09-04T13:22:27","slug":"dublagem-da-tv-group-digital-chega-as-midias-de-aladdin","status":"publish","type":"post","link":"https:\/\/dublagembrasileira.com.br\/?p=2579","title":{"rendered":"Dublagem da TV Group Digital chega \u00e0s m\u00eddias de Aladdin."},"content":{"rendered":"<h4><em>Dublagem com <b>Lara Suleiman, <strong>Daniel Garcia<\/strong> e M\u00e1rcio Sim\u00f5es chega \u00e0s lojas no dia 11 de setembro.<\/b><\/em><\/h4>\n<hr \/>\n<p style=\"text-align: justify;\">A Disney anuncia para o dia 11 de setembro o lan\u00e7amento em Bluray e DVD do filme Aladdin que tamb\u00e9m ter\u00e1 uma vers\u00e3o em SteelBook. A edi\u00e7\u00e3o ter\u00e1 um disco, assim como as vers\u00f5es em DVD e em estojo pl\u00e1stico.<\/p>\n<p style=\"text-align: justify;\">Estar\u00e1 inclusa em todas as vers\u00f5es a dublagem realizada pela TV Group Digital que teve a dire\u00e7\u00e3o de Thiago Longo. O excelente trabalho de adapta\u00e7\u00e3o para o idioma brasileiro teve a participa\u00e7\u00e3o da dubladora <b>Lara Suleiman, <\/b>fazendo a voz da Princesa Jasmine, ela tamb\u00e9m cantou a vers\u00e3o brasileira de \u201cSpeechless\u201d, m\u00fasica in\u00e9dita composta especialmente para a nova vers\u00e3o por Alan Menken. Ao lado da atriz est\u00e1 o cantor e dublador <strong>Daniel Garcia<\/strong>, mais conhecido por sua alter ego, a drag queen Gloria Groove. <strong>Daniel<\/strong> j\u00e1 participou de v\u00e1rias dublagens.<\/p>\n<p style=\"text-align: justify;\">O G\u00eanio \u00e9 dublado por <strong>M\u00e1rcio Sim\u00f5es<\/strong>, que mais uma vez d\u00e1 um show dublando Will Smith e reeditando seu personagem G\u00eanio que dublou na anima\u00e7\u00e3o.<\/p>\n<p style=\"text-align: justify;\">As vers\u00f5es do filme seguem as da dublagem do filme original, de Telmo de Avelar, com adapta\u00e7\u00f5es de Mariana Elisabetsky (versionista de <em>\u201cSunset Boulevard\u201d<\/em> e <em>\u201cBilly Elliot\u201d<\/em> ao lado de Victor M\u00fchlethaler), que tamb\u00e9m versionou as can\u00e7\u00f5es in\u00e9ditas.<\/p>\n<p style=\"text-align: justify;\">Dirigido por Guy Ritchie, <strong>Aladdin<\/strong> arrecadou US$ 1,04 bilh\u00e3o na bilheteria, se tornando o filme de maior arrecada\u00e7\u00e3o da carreira de Will Smith.<\/p>\n<p style=\"text-align: justify;\"><strong>B\u00f4nus Especiais:<\/strong><br \/>\nV\u00eddeo Di\u00e1rio de Aladdin: Um Novo e Fant\u00e1stico Ponto de Vista (10\u201939\u201d)<br \/>\nCan\u00e7\u00e3o In\u00e9dita \u2013 \u201cDesert Moon\u201d (2\u201920\u201d)<br \/>\nGuy Ritchie: Um G\u00eanio Cinematogr\u00e1fico (5\u201928\u201d)<br \/>\nUm Amigo como o G\u00eanio (4\u201931\u201d)<br \/>\nCenas In\u00e9ditas (10\u201942\u201d)<br \/>\nVideoclipes (11\u201933\u201d)<br \/>\nErros de Grava\u00e7\u00e3o (2\u20197\u201d)<\/p>\n","protected":false},"excerpt":{"rendered":"<p>Dublagem com Lara Suleiman, Daniel Garcia e M\u00e1rcio Sim\u00f5es chega \u00e0s lojas no dia 11 de setembro. A Disney anuncia para o dia 11 de setembro o lan\u00e7amento em Bluray e DVD do filme Aladdin que tamb\u00e9m ter\u00e1 uma vers\u00e3o em SteelBook. A edi\u00e7\u00e3o ter\u00e1 um disco, assim como as vers\u00f5es em DVD e em estojo pl\u00e1stico. Estar\u00e1 inclusa em todas as vers\u00f5es a dublagem realizada pela TV Group Digital que teve a dire\u00e7\u00e3o de Thiago Longo. O excelente trabalho de adapta\u00e7\u00e3o para o idioma brasileiro teve a participa\u00e7\u00e3o da dubladora Lara Suleiman, fazendo a voz da Princesa Jasmine, ela tamb\u00e9m cantou a vers\u00e3o brasileira de \u201cSpeechless\u201d, m\u00fasica in\u00e9dita composta especialmente para a nova vers\u00e3o por Alan Menken. Ao lado da atriz est\u00e1 o cantor e dublador Daniel Garcia, mais conhecido por sua alter ego, a drag queen Gloria Groove. Daniel j\u00e1 participou de v\u00e1rias dublagens. O G\u00eanio \u00e9 dublado por M\u00e1rcio Sim\u00f5es, que mais uma vez d\u00e1 um show dublando Will Smith e reeditando seu personagem G\u00eanio que dublou na anima\u00e7\u00e3o. As vers\u00f5es do filme seguem as da dublagem do filme original, de Telmo de Avelar, com adapta\u00e7\u00f5es de Mariana Elisabetsky (versionista de \u201cSunset Boulevard\u201d e \u201cBilly Elliot\u201d ao lado de Victor M\u00fchlethaler), que tamb\u00e9m versionou as can\u00e7\u00f5es in\u00e9ditas. Dirigido por Guy Ritchie, Aladdin arrecadou US$ 1,04 bilh\u00e3o na bilheteria, se tornando o filme de maior arrecada\u00e7\u00e3o da carreira de Will Smith. B\u00f4nus Especiais: V\u00eddeo Di\u00e1rio de Aladdin: Um Novo e Fant\u00e1stico Ponto de Vista (10\u201939\u201d) Can\u00e7\u00e3o In\u00e9dita \u2013 \u201cDesert Moon\u201d (2\u201920\u201d) Guy Ritchie: Um G\u00eanio Cinematogr\u00e1fico (5\u201928\u201d) Um Amigo como o G\u00eanio (4\u201931\u201d) Cenas In\u00e9ditas (10\u201942\u201d) Videoclipes (11\u201933\u201d) Erros de Grava\u00e7\u00e3o (2\u20197\u201d)<\/p>\n","protected":false},"author":4,"featured_media":2580,"comment_status":"open","ping_status":"open","sticky":false,"template":"","format":"standard","meta":{"_monsterinsights_skip_tracking":false,"_monsterinsights_sitenote_active":false,"_monsterinsights_sitenote_note":"","_monsterinsights_sitenote_category":0,"footnotes":""},"categories":[2,13,9],"tags":[171,127,124,33,34,27,172],"class_list":["post-2579","post","type-post","status-publish","format-standard","has-post-thumbnail","hentry","category-filmes","category-noticias","category-outras-midias","tag-bluray","tag-dubla","tag-dublado","tag-dublador","tag-dubladora","tag-dublagem","tag-dvd"],"yoast_head":"<!-- This site is optimized with the Yoast SEO plugin v26.1.1 - https:\/\/yoast.com\/wordpress\/plugins\/seo\/ -->\n<title>Dublagem da TV Group Digital chega \u00e0s m\u00eddias de Aladdin. | DB - Dublagem Brasileira<\/title>\n<meta name=\"description\" content=\"Dublagem da TV Group Digital chega \u00e0s m\u00eddias de Aladdin. Dublagem com Lara Suleiman, Daniel Garcia e M\u00e1rcio Sim\u00f5es chega \u00e0s lojas no dia 11 de setembro.\" \/>\n<meta name=\"robots\" content=\"index, follow, max-snippet:-1, max-image-preview:large, max-video-preview:-1\" \/>\n<link rel=\"canonical\" href=\"https:\/\/dublagembrasileira.com.br\/?p=2579\" \/>\n<meta property=\"og:locale\" content=\"pt_BR\" \/>\n<meta property=\"og:type\" content=\"article\" \/>\n<meta property=\"og:title\" content=\"Dublagem da TV Group Digital chega \u00e0s m\u00eddias de Aladdin. | DB - Dublagem Brasileira\" \/>\n<meta property=\"og:description\" content=\"Dublagem da TV Group Digital chega \u00e0s m\u00eddias de Aladdin. Dublagem com Lara Suleiman, Daniel Garcia e M\u00e1rcio Sim\u00f5es chega \u00e0s lojas no dia 11 de setembro.\" \/>\n<meta property=\"og:url\" content=\"https:\/\/dublagembrasileira.com.br\/?p=2579\" \/>\n<meta property=\"og:site_name\" content=\"DB - Dublagem Brasileira\" \/>\n<meta property=\"article:author\" content=\"https:\/\/www.facebook.com\/dublagembrasileira\" \/>\n<meta property=\"article:published_time\" content=\"2019-09-02T12:30:51+00:00\" \/>\n<meta property=\"article:modified_time\" content=\"2019-09-04T13:22:27+00:00\" \/>\n<meta property=\"og:image\" content=\"https:\/\/dublagembrasileira.com.br\/wp-content\/uploads\/2019\/09\/aladdin.jpg\" \/>\n\t<meta property=\"og:image:width\" content=\"704\" \/>\n\t<meta property=\"og:image:height\" content=\"496\" \/>\n\t<meta property=\"og:image:type\" content=\"image\/jpeg\" \/>\n<meta name=\"author\" content=\"Reda\u00e7\u00e3o\" \/>\n<meta name=\"twitter:card\" content=\"summary_large_image\" \/>\n<meta name=\"twitter:creator\" content=\"@dbdublagem\" \/>\n<meta name=\"twitter:label1\" content=\"Escrito por\" \/>\n\t<meta name=\"twitter:data1\" content=\"Reda\u00e7\u00e3o\" \/>\n\t<meta name=\"twitter:label2\" content=\"Est. tempo de leitura\" \/>\n\t<meta name=\"twitter:data2\" content=\"2 minutos\" \/>\n<script type=\"application\/ld+json\" class=\"yoast-schema-graph\">{\"@context\":\"https:\/\/schema.org\",\"@graph\":[{\"@type\":\"Article\",\"@id\":\"https:\/\/dublagembrasileira.com.br\/?p=2579#article\",\"isPartOf\":{\"@id\":\"https:\/\/dublagembrasileira.com.br\/?p=2579\"},\"author\":{\"name\":\"Reda\u00e7\u00e3o\",\"@id\":\"https:\/\/dublagembrasileira.com.br\/#\/schema\/person\/a75bac594c0e9a0b96508b7e124f20d1\"},\"headline\":\"Dublagem da TV Group Digital chega \u00e0s m\u00eddias de Aladdin.\",\"datePublished\":\"2019-09-02T12:30:51+00:00\",\"dateModified\":\"2019-09-04T13:22:27+00:00\",\"mainEntityOfPage\":{\"@id\":\"https:\/\/dublagembrasileira.com.br\/?p=2579\"},\"wordCount\":315,\"commentCount\":0,\"publisher\":{\"@id\":\"https:\/\/dublagembrasileira.com.br\/#organization\"},\"image\":{\"@id\":\"https:\/\/dublagembrasileira.com.br\/?p=2579#primaryimage\"},\"thumbnailUrl\":\"https:\/\/dublagembrasileira.com.br\/wp-content\/uploads\/2019\/09\/aladdin.jpg\",\"keywords\":[\"bluray\",\"dubla\",\"dublado\",\"dublador\",\"dubladora\",\"dublagem\",\"dvd\"],\"articleSection\":[\"Filmes\",\"Not\u00edcias\",\"Outras m\u00eddias\"],\"inLanguage\":\"pt-BR\",\"potentialAction\":[{\"@type\":\"CommentAction\",\"name\":\"Comment\",\"target\":[\"https:\/\/dublagembrasileira.com.br\/?p=2579#respond\"]}]},{\"@type\":\"WebPage\",\"@id\":\"https:\/\/dublagembrasileira.com.br\/?p=2579\",\"url\":\"https:\/\/dublagembrasileira.com.br\/?p=2579\",\"name\":\"Dublagem da TV Group Digital chega \u00e0s m\u00eddias de Aladdin. | DB - Dublagem Brasileira\",\"isPartOf\":{\"@id\":\"https:\/\/dublagembrasileira.com.br\/#website\"},\"primaryImageOfPage\":{\"@id\":\"https:\/\/dublagembrasileira.com.br\/?p=2579#primaryimage\"},\"image\":{\"@id\":\"https:\/\/dublagembrasileira.com.br\/?p=2579#primaryimage\"},\"thumbnailUrl\":\"https:\/\/dublagembrasileira.com.br\/wp-content\/uploads\/2019\/09\/aladdin.jpg\",\"datePublished\":\"2019-09-02T12:30:51+00:00\",\"dateModified\":\"2019-09-04T13:22:27+00:00\",\"description\":\"Dublagem da TV Group Digital chega \u00e0s m\u00eddias de Aladdin. Dublagem com Lara Suleiman, Daniel Garcia e M\u00e1rcio Sim\u00f5es chega \u00e0s lojas no dia 11 de setembro.\",\"breadcrumb\":{\"@id\":\"https:\/\/dublagembrasileira.com.br\/?p=2579#breadcrumb\"},\"inLanguage\":\"pt-BR\",\"potentialAction\":[{\"@type\":\"ReadAction\",\"target\":[\"https:\/\/dublagembrasileira.com.br\/?p=2579\"]}]},{\"@type\":\"ImageObject\",\"inLanguage\":\"pt-BR\",\"@id\":\"https:\/\/dublagembrasileira.com.br\/?p=2579#primaryimage\",\"url\":\"https:\/\/dublagembrasileira.com.br\/wp-content\/uploads\/2019\/09\/aladdin.jpg\",\"contentUrl\":\"https:\/\/dublagembrasileira.com.br\/wp-content\/uploads\/2019\/09\/aladdin.jpg\",\"width\":704,\"height\":496},{\"@type\":\"BreadcrumbList\",\"@id\":\"https:\/\/dublagembrasileira.com.br\/?p=2579#breadcrumb\",\"itemListElement\":[{\"@type\":\"ListItem\",\"position\":1,\"name\":\"In\u00edcio\",\"item\":\"https:\/\/dublagembrasileira.com.br\/\"},{\"@type\":\"ListItem\",\"position\":2,\"name\":\"Dublagem da TV Group Digital chega \u00e0s m\u00eddias de Aladdin.\"}]},{\"@type\":\"WebSite\",\"@id\":\"https:\/\/dublagembrasileira.com.br\/#website\",\"url\":\"https:\/\/dublagembrasileira.com.br\/\",\"name\":\"DB - Dublagem Brasileira\",\"description\":\"O seu portal de dublagem.\",\"publisher\":{\"@id\":\"https:\/\/dublagembrasileira.com.br\/#organization\"},\"potentialAction\":[{\"@type\":\"SearchAction\",\"target\":{\"@type\":\"EntryPoint\",\"urlTemplate\":\"https:\/\/dublagembrasileira.com.br\/?s={search_term_string}\"},\"query-input\":{\"@type\":\"PropertyValueSpecification\",\"valueRequired\":true,\"valueName\":\"search_term_string\"}}],\"inLanguage\":\"pt-BR\"},{\"@type\":\"Organization\",\"@id\":\"https:\/\/dublagembrasileira.com.br\/#organization\",\"name\":\"DB - Dublagem Brasileira\",\"url\":\"https:\/\/dublagembrasileira.com.br\/\",\"logo\":{\"@type\":\"ImageObject\",\"inLanguage\":\"pt-BR\",\"@id\":\"https:\/\/dublagembrasileira.com.br\/#\/schema\/logo\/image\/\",\"url\":\"https:\/\/dublagembrasileira.com.br\/wp-content\/uploads\/2019\/07\/cropped-logotipodb.png\",\"contentUrl\":\"https:\/\/dublagembrasileira.com.br\/wp-content\/uploads\/2019\/07\/cropped-logotipodb.png\",\"width\":946,\"height\":589,\"caption\":\"DB - Dublagem Brasileira\"},\"image\":{\"@id\":\"https:\/\/dublagembrasileira.com.br\/#\/schema\/logo\/image\/\"}},{\"@type\":\"Person\",\"@id\":\"https:\/\/dublagembrasileira.com.br\/#\/schema\/person\/a75bac594c0e9a0b96508b7e124f20d1\",\"name\":\"Reda\u00e7\u00e3o\",\"image\":{\"@type\":\"ImageObject\",\"inLanguage\":\"pt-BR\",\"@id\":\"https:\/\/dublagembrasileira.com.br\/#\/schema\/person\/image\/\",\"url\":\"http:\/\/dublagembrasileira.com.br\/wp-content\/uploads\/2025\/06\/admin-96x96.jpg\",\"contentUrl\":\"http:\/\/dublagembrasileira.com.br\/wp-content\/uploads\/2025\/06\/admin-96x96.jpg\",\"caption\":\"Reda\u00e7\u00e3o\"},\"description\":\"Equipe do DB.\",\"sameAs\":[\"https:\/\/www.facebook.com\/dublagembrasileira\",\"https:\/\/www.instagram.com\/dbdublagembrasileira\",\"https:\/\/x.com\/dbdublagem\"],\"url\":\"https:\/\/dublagembrasileira.com.br\/?author=4\"}]}<\/script>\n<!-- \/ Yoast SEO plugin. -->","yoast_head_json":{"title":"Dublagem da TV Group Digital chega \u00e0s m\u00eddias de Aladdin. | DB - Dublagem Brasileira","description":"Dublagem da TV Group Digital chega \u00e0s m\u00eddias de Aladdin. Dublagem com Lara Suleiman, Daniel Garcia e M\u00e1rcio Sim\u00f5es chega \u00e0s lojas no dia 11 de setembro.","robots":{"index":"index","follow":"follow","max-snippet":"max-snippet:-1","max-image-preview":"max-image-preview:large","max-video-preview":"max-video-preview:-1"},"canonical":"https:\/\/dublagembrasileira.com.br\/?p=2579","og_locale":"pt_BR","og_type":"article","og_title":"Dublagem da TV Group Digital chega \u00e0s m\u00eddias de Aladdin. | DB - Dublagem Brasileira","og_description":"Dublagem da TV Group Digital chega \u00e0s m\u00eddias de Aladdin. Dublagem com Lara Suleiman, Daniel Garcia e M\u00e1rcio Sim\u00f5es chega \u00e0s lojas no dia 11 de setembro.","og_url":"https:\/\/dublagembrasileira.com.br\/?p=2579","og_site_name":"DB - Dublagem Brasileira","article_author":"https:\/\/www.facebook.com\/dublagembrasileira","article_published_time":"2019-09-02T12:30:51+00:00","article_modified_time":"2019-09-04T13:22:27+00:00","og_image":[{"width":704,"height":496,"url":"https:\/\/dublagembrasileira.com.br\/wp-content\/uploads\/2019\/09\/aladdin.jpg","type":"image\/jpeg"}],"author":"Reda\u00e7\u00e3o","twitter_card":"summary_large_image","twitter_creator":"@dbdublagem","twitter_misc":{"Escrito por":"Reda\u00e7\u00e3o","Est. tempo de leitura":"2 minutos"},"schema":{"@context":"https:\/\/schema.org","@graph":[{"@type":"Article","@id":"https:\/\/dublagembrasileira.com.br\/?p=2579#article","isPartOf":{"@id":"https:\/\/dublagembrasileira.com.br\/?p=2579"},"author":{"name":"Reda\u00e7\u00e3o","@id":"https:\/\/dublagembrasileira.com.br\/#\/schema\/person\/a75bac594c0e9a0b96508b7e124f20d1"},"headline":"Dublagem da TV Group Digital chega \u00e0s m\u00eddias de Aladdin.","datePublished":"2019-09-02T12:30:51+00:00","dateModified":"2019-09-04T13:22:27+00:00","mainEntityOfPage":{"@id":"https:\/\/dublagembrasileira.com.br\/?p=2579"},"wordCount":315,"commentCount":0,"publisher":{"@id":"https:\/\/dublagembrasileira.com.br\/#organization"},"image":{"@id":"https:\/\/dublagembrasileira.com.br\/?p=2579#primaryimage"},"thumbnailUrl":"https:\/\/dublagembrasileira.com.br\/wp-content\/uploads\/2019\/09\/aladdin.jpg","keywords":["bluray","dubla","dublado","dublador","dubladora","dublagem","dvd"],"articleSection":["Filmes","Not\u00edcias","Outras m\u00eddias"],"inLanguage":"pt-BR","potentialAction":[{"@type":"CommentAction","name":"Comment","target":["https:\/\/dublagembrasileira.com.br\/?p=2579#respond"]}]},{"@type":"WebPage","@id":"https:\/\/dublagembrasileira.com.br\/?p=2579","url":"https:\/\/dublagembrasileira.com.br\/?p=2579","name":"Dublagem da TV Group Digital chega \u00e0s m\u00eddias de Aladdin. | DB - Dublagem Brasileira","isPartOf":{"@id":"https:\/\/dublagembrasileira.com.br\/#website"},"primaryImageOfPage":{"@id":"https:\/\/dublagembrasileira.com.br\/?p=2579#primaryimage"},"image":{"@id":"https:\/\/dublagembrasileira.com.br\/?p=2579#primaryimage"},"thumbnailUrl":"https:\/\/dublagembrasileira.com.br\/wp-content\/uploads\/2019\/09\/aladdin.jpg","datePublished":"2019-09-02T12:30:51+00:00","dateModified":"2019-09-04T13:22:27+00:00","description":"Dublagem da TV Group Digital chega \u00e0s m\u00eddias de Aladdin. Dublagem com Lara Suleiman, Daniel Garcia e M\u00e1rcio Sim\u00f5es chega \u00e0s lojas no dia 11 de setembro.","breadcrumb":{"@id":"https:\/\/dublagembrasileira.com.br\/?p=2579#breadcrumb"},"inLanguage":"pt-BR","potentialAction":[{"@type":"ReadAction","target":["https:\/\/dublagembrasileira.com.br\/?p=2579"]}]},{"@type":"ImageObject","inLanguage":"pt-BR","@id":"https:\/\/dublagembrasileira.com.br\/?p=2579#primaryimage","url":"https:\/\/dublagembrasileira.com.br\/wp-content\/uploads\/2019\/09\/aladdin.jpg","contentUrl":"https:\/\/dublagembrasileira.com.br\/wp-content\/uploads\/2019\/09\/aladdin.jpg","width":704,"height":496},{"@type":"BreadcrumbList","@id":"https:\/\/dublagembrasileira.com.br\/?p=2579#breadcrumb","itemListElement":[{"@type":"ListItem","position":1,"name":"In\u00edcio","item":"https:\/\/dublagembrasileira.com.br\/"},{"@type":"ListItem","position":2,"name":"Dublagem da TV Group Digital chega \u00e0s m\u00eddias de Aladdin."}]},{"@type":"WebSite","@id":"https:\/\/dublagembrasileira.com.br\/#website","url":"https:\/\/dublagembrasileira.com.br\/","name":"DB - Dublagem Brasileira","description":"O seu portal de dublagem.","publisher":{"@id":"https:\/\/dublagembrasileira.com.br\/#organization"},"potentialAction":[{"@type":"SearchAction","target":{"@type":"EntryPoint","urlTemplate":"https:\/\/dublagembrasileira.com.br\/?s={search_term_string}"},"query-input":{"@type":"PropertyValueSpecification","valueRequired":true,"valueName":"search_term_string"}}],"inLanguage":"pt-BR"},{"@type":"Organization","@id":"https:\/\/dublagembrasileira.com.br\/#organization","name":"DB - Dublagem Brasileira","url":"https:\/\/dublagembrasileira.com.br\/","logo":{"@type":"ImageObject","inLanguage":"pt-BR","@id":"https:\/\/dublagembrasileira.com.br\/#\/schema\/logo\/image\/","url":"https:\/\/dublagembrasileira.com.br\/wp-content\/uploads\/2019\/07\/cropped-logotipodb.png","contentUrl":"https:\/\/dublagembrasileira.com.br\/wp-content\/uploads\/2019\/07\/cropped-logotipodb.png","width":946,"height":589,"caption":"DB - Dublagem Brasileira"},"image":{"@id":"https:\/\/dublagembrasileira.com.br\/#\/schema\/logo\/image\/"}},{"@type":"Person","@id":"https:\/\/dublagembrasileira.com.br\/#\/schema\/person\/a75bac594c0e9a0b96508b7e124f20d1","name":"Reda\u00e7\u00e3o","image":{"@type":"ImageObject","inLanguage":"pt-BR","@id":"https:\/\/dublagembrasileira.com.br\/#\/schema\/person\/image\/","url":"http:\/\/dublagembrasileira.com.br\/wp-content\/uploads\/2025\/06\/admin-96x96.jpg","contentUrl":"http:\/\/dublagembrasileira.com.br\/wp-content\/uploads\/2025\/06\/admin-96x96.jpg","caption":"Reda\u00e7\u00e3o"},"description":"Equipe do DB.","sameAs":["https:\/\/www.facebook.com\/dublagembrasileira","https:\/\/www.instagram.com\/dbdublagembrasileira","https:\/\/x.com\/dbdublagem"],"url":"https:\/\/dublagembrasileira.com.br\/?author=4"}]}},"rttpg_featured_image_url":{"full":["https:\/\/dublagembrasileira.com.br\/wp-content\/uploads\/2019\/09\/aladdin.jpg",704,496,false],"landscape":["https:\/\/dublagembrasileira.com.br\/wp-content\/uploads\/2019\/09\/aladdin.jpg",704,496,false],"portraits":["https:\/\/dublagembrasileira.com.br\/wp-content\/uploads\/2019\/09\/aladdin.jpg",704,496,false],"thumbnail":["https:\/\/dublagembrasileira.com.br\/wp-content\/uploads\/2019\/09\/aladdin-150x150.jpg",150,150,true],"medium":["https:\/\/dublagembrasileira.com.br\/wp-content\/uploads\/2019\/09\/aladdin-300x211.jpg",300,211,true],"large":["https:\/\/dublagembrasileira.com.br\/wp-content\/uploads\/2019\/09\/aladdin.jpg",640,451,false],"1536x1536":["https:\/\/dublagembrasileira.com.br\/wp-content\/uploads\/2019\/09\/aladdin.jpg",704,496,false],"2048x2048":["https:\/\/dublagembrasileira.com.br\/wp-content\/uploads\/2019\/09\/aladdin.jpg",704,496,false],"eggnews-slider-large":["https:\/\/dublagembrasileira.com.br\/wp-content\/uploads\/2019\/09\/aladdin.jpg",704,496,false],"eggnews-featured-medium":["https:\/\/dublagembrasileira.com.br\/wp-content\/uploads\/2019\/09\/aladdin-420x307.jpg",420,307,true],"eggnews-featured-long":["https:\/\/dublagembrasileira.com.br\/wp-content\/uploads\/2019\/09\/aladdin-300x443.jpg",300,443,true],"eggnews-block-medium":["https:\/\/dublagembrasileira.com.br\/wp-content\/uploads\/2019\/09\/aladdin-464x290.jpg",464,290,true],"eggnews-carousel-image":["https:\/\/dublagembrasileira.com.br\/wp-content\/uploads\/2019\/09\/aladdin-600x496.jpg",600,496,true],"eggnews-block-thumb":["https:\/\/dublagembrasileira.com.br\/wp-content\/uploads\/2019\/09\/aladdin-322x230.jpg",322,230,true],"eggnews-single-large":["https:\/\/dublagembrasileira.com.br\/wp-content\/uploads\/2019\/09\/aladdin.jpg",704,496,false],"crp_thumbnail":["https:\/\/dublagembrasileira.com.br\/wp-content\/uploads\/2019\/09\/aladdin-150x150.jpg",150,150,true]},"rttpg_author":{"display_name":"Reda\u00e7\u00e3o","author_link":"https:\/\/dublagembrasileira.com.br\/?author=4"},"rttpg_comment":0,"rttpg_category":"<a href=\"https:\/\/dublagembrasileira.com.br\/?cat=2\" rel=\"category\">Filmes<\/a> <a href=\"https:\/\/dublagembrasileira.com.br\/?cat=13\" rel=\"category\">Not\u00edcias<\/a> <a href=\"https:\/\/dublagembrasileira.com.br\/?cat=9\" rel=\"category\">Outras m\u00eddias<\/a>","rttpg_excerpt":"Dublagem com Lara Suleiman, Daniel Garcia e M\u00e1rcio Sim\u00f5es chega \u00e0s lojas no dia 11 de setembro. A Disney anuncia para o dia 11 de setembro o lan\u00e7amento em Bluray e DVD do filme Aladdin que tamb\u00e9m ter\u00e1 uma vers\u00e3o em SteelBook. A edi\u00e7\u00e3o ter\u00e1 um disco, assim como as vers\u00f5es em DVD e em&hellip;","_links":{"self":[{"href":"https:\/\/dublagembrasileira.com.br\/index.php?rest_route=\/wp\/v2\/posts\/2579","targetHints":{"allow":["GET"]}}],"collection":[{"href":"https:\/\/dublagembrasileira.com.br\/index.php?rest_route=\/wp\/v2\/posts"}],"about":[{"href":"https:\/\/dublagembrasileira.com.br\/index.php?rest_route=\/wp\/v2\/types\/post"}],"author":[{"embeddable":true,"href":"https:\/\/dublagembrasileira.com.br\/index.php?rest_route=\/wp\/v2\/users\/4"}],"replies":[{"embeddable":true,"href":"https:\/\/dublagembrasileira.com.br\/index.php?rest_route=%2Fwp%2Fv2%2Fcomments&post=2579"}],"version-history":[{"count":1,"href":"https:\/\/dublagembrasileira.com.br\/index.php?rest_route=\/wp\/v2\/posts\/2579\/revisions"}],"predecessor-version":[{"id":2581,"href":"https:\/\/dublagembrasileira.com.br\/index.php?rest_route=\/wp\/v2\/posts\/2579\/revisions\/2581"}],"wp:featuredmedia":[{"embeddable":true,"href":"https:\/\/dublagembrasileira.com.br\/index.php?rest_route=\/wp\/v2\/media\/2580"}],"wp:attachment":[{"href":"https:\/\/dublagembrasileira.com.br\/index.php?rest_route=%2Fwp%2Fv2%2Fmedia&parent=2579"}],"wp:term":[{"taxonomy":"category","embeddable":true,"href":"https:\/\/dublagembrasileira.com.br\/index.php?rest_route=%2Fwp%2Fv2%2Fcategories&post=2579"},{"taxonomy":"post_tag","embeddable":true,"href":"https:\/\/dublagembrasileira.com.br\/index.php?rest_route=%2Fwp%2Fv2%2Ftags&post=2579"}],"curies":[{"name":"wp","href":"https:\/\/api.w.org\/{rel}","templated":true}]}}