{"id":2576,"date":"2019-09-02T11:46:55","date_gmt":"2019-09-02T11:46:55","guid":{"rendered":"http:\/\/dublagembrasileira.com.br\/?p=2576"},"modified":"2019-09-04T13:22:38","modified_gmt":"2019-09-04T13:22:38","slug":"dubladores-animam-publico-catarinense-no-sesc-geek","status":"publish","type":"post","link":"https:\/\/dublagembrasileira.com.br\/?p=2576","title":{"rendered":"Dubladores animam p\u00fablico catarinense no Sesc Geek."},"content":{"rendered":"<h4><em>Eduardo Drummond, Francisco J\u00fanior e Isabelle Cunha s\u00e3o convidados de evento geek em Santa Catarina.<\/em><\/h4>\n<hr \/>\n<p style=\"text-align: justify;\">O p\u00fablico catarinense prestigiou nos \u00faltimos dias 31 de agosto e 1\u00ba de setembro o Sesc Geek, evento inteiramente dedicado \u00e0 cultura pop, \u00e0 integra\u00e7\u00e3o por meio da tecnologia, \u00e0 divers\u00e3o e ao entretenimento<em>. <\/em>O evento foi realizado no Sesc Palho\u00e7a com 1 kg de alimento n\u00e3o perec\u00edvel como entrada.<\/p>\n<p style=\"text-align: justify;\">No Sesc Geek o p\u00fablico participou de concurso de cosplay, apresenta\u00e7\u00f5es de k-pop, Animek\u00ea livre, Anime + K-pop quiz, Random Dance, Pa-Kua, feira geek, gincanas, sorteios de brindes, entre outras atividades. O acontecimento teve tamb\u00e9m sala de cinema, salas tem\u00e1ticas, pra\u00e7a de alimenta\u00e7\u00e3o e participa\u00e7\u00e3o de f\u00e3-clubes.<\/p>\n<p style=\"text-align: justify;\">Estiveram na atra\u00e7\u00e3o os dubladores <strong>Francisco J\u00fanior<\/strong>, conhecido pela voz do Aquaman (<strong>Liga da Justi\u00e7a<\/strong>),\u00a0Hitto (<strong>Dragon Ball Super<\/strong>), Grimmjow (<strong>Bleach<\/strong>) e Luci (<strong>(Des)encanto<\/strong>); a dubladora <strong>Isabelle Cunha<\/strong>, que d\u00e1 voz \u00e0s personagens Eleven (<strong>Stranger Things<\/strong>),\u00a0Recca (<strong>Black Clover<\/strong>), Vera (<strong>Pok\u00e9mon: Eu Escolho Voc\u00ea!<\/strong>) e Violet (<strong>Desventuras em S\u00e9rie<\/strong>).; al\u00e9m do dublador <strong>Eduardo Drummond<\/strong>, que faz a voz de Teemo (<strong>League of Legends<\/strong><em>)<\/em>, Gumball Watterson (<strong>O Incr\u00edvel Mundo de Gumball<\/strong>), Nihei (<strong>Pok\u00e9mon XY<\/strong>) e Billy Batson (<strong>Shazam!<\/strong>). <ins class=\"adsbygoogle\" data-ad-format=\"fluid\" data-ad-layout=\"in-article\" data-ad-client=\"ca-pub-6401754237886597\" data-ad-slot=\"8324868690\" data-adsbygoogle-status=\"done\"><ins id=\"aswift_0_expand\"><ins id=\"aswift_0_anchor\"><\/ins><\/ins><\/ins><\/p>\n<p style=\"text-align: justify;\">Os dubladores responderam quest\u00f5es feitas pelo p\u00fablico e contaram sobre suas carreiras, sobre a \u00e1rea da dublagem, al\u00e9m de destacarem a composi\u00e7\u00e3o de vozes dos principais personagens dublados por eles.<\/p>\n","protected":false},"excerpt":{"rendered":"<p>Eduardo Drummond, Francisco J\u00fanior e Isabelle Cunha s\u00e3o convidados de evento geek em Santa Catarina. O p\u00fablico catarinense prestigiou nos \u00faltimos dias 31 de agosto e 1\u00ba de setembro o Sesc Geek, evento inteiramente dedicado \u00e0 cultura pop, \u00e0 integra\u00e7\u00e3o por meio da tecnologia, \u00e0 divers\u00e3o e ao entretenimento. O evento foi realizado no Sesc Palho\u00e7a com 1 kg de alimento n\u00e3o perec\u00edvel como entrada. No Sesc Geek o p\u00fablico participou de concurso de cosplay, apresenta\u00e7\u00f5es de k-pop, Animek\u00ea livre, Anime + K-pop quiz, Random Dance, Pa-Kua, feira geek, gincanas, sorteios de brindes, entre outras atividades. O acontecimento teve tamb\u00e9m sala de cinema, salas tem\u00e1ticas, pra\u00e7a de alimenta\u00e7\u00e3o e participa\u00e7\u00e3o de f\u00e3-clubes. Estiveram na atra\u00e7\u00e3o os dubladores Francisco J\u00fanior, conhecido pela voz do Aquaman (Liga da Justi\u00e7a),\u00a0Hitto (Dragon Ball Super), Grimmjow (Bleach) e Luci ((Des)encanto); a dubladora Isabelle Cunha, que d\u00e1 voz \u00e0s personagens Eleven (Stranger Things),\u00a0Recca (Black Clover), Vera (Pok\u00e9mon: Eu Escolho Voc\u00ea!) e Violet (Desventuras em S\u00e9rie).; al\u00e9m do dublador Eduardo Drummond, que faz a voz de Teemo (League of Legends), Gumball Watterson (O Incr\u00edvel Mundo de Gumball), Nihei (Pok\u00e9mon XY) e Billy Batson (Shazam!). Os dubladores responderam quest\u00f5es feitas pelo p\u00fablico e contaram sobre suas carreiras, sobre a \u00e1rea da dublagem, al\u00e9m de destacarem a composi\u00e7\u00e3o de vozes dos principais personagens dublados por eles.<\/p>\n","protected":false},"author":4,"featured_media":2577,"comment_status":"open","ping_status":"open","sticky":false,"template":"","format":"standard","meta":{"_monsterinsights_skip_tracking":false,"_monsterinsights_sitenote_active":false,"_monsterinsights_sitenote_note":"","_monsterinsights_sitenote_category":0,"footnotes":""},"categories":[21,13],"tags":[127,124,33,34,27,66],"class_list":["post-2576","post","type-post","status-publish","format-standard","has-post-thumbnail","hentry","category-acontece","category-noticias","tag-dubla","tag-dublado","tag-dublador","tag-dubladora","tag-dublagem","tag-evento"],"yoast_head":"<!-- This site is optimized with the Yoast SEO plugin v26.1.1 - https:\/\/yoast.com\/wordpress\/plugins\/seo\/ -->\n<title>Dubladores animam p\u00fablico catarinense no Sesc Geek. | DB - Dublagem Brasileira<\/title>\n<meta name=\"description\" content=\"Dubladores animam p\u00fablico catarinense no Sesc Geek.\" \/>\n<meta name=\"robots\" content=\"index, follow, max-snippet:-1, max-image-preview:large, max-video-preview:-1\" \/>\n<link rel=\"canonical\" href=\"https:\/\/dublagembrasileira.com.br\/?p=2576\" \/>\n<meta property=\"og:locale\" content=\"pt_BR\" \/>\n<meta property=\"og:type\" content=\"article\" \/>\n<meta property=\"og:title\" content=\"Dubladores animam p\u00fablico catarinense no Sesc Geek. | DB - Dublagem Brasileira\" \/>\n<meta property=\"og:description\" content=\"Dubladores animam p\u00fablico catarinense no Sesc Geek.\" \/>\n<meta property=\"og:url\" content=\"https:\/\/dublagembrasileira.com.br\/?p=2576\" \/>\n<meta property=\"og:site_name\" content=\"DB - Dublagem Brasileira\" \/>\n<meta property=\"article:author\" content=\"https:\/\/www.facebook.com\/dublagembrasileira\" \/>\n<meta property=\"article:published_time\" content=\"2019-09-02T11:46:55+00:00\" \/>\n<meta property=\"article:modified_time\" content=\"2019-09-04T13:22:38+00:00\" \/>\n<meta property=\"og:image\" content=\"https:\/\/dublagembrasileira.com.br\/wp-content\/uploads\/2019\/09\/sescgeek.jpg\" \/>\n\t<meta property=\"og:image:width\" content=\"704\" \/>\n\t<meta property=\"og:image:height\" content=\"496\" \/>\n\t<meta property=\"og:image:type\" content=\"image\/jpeg\" \/>\n<meta name=\"author\" content=\"Reda\u00e7\u00e3o\" \/>\n<meta name=\"twitter:card\" content=\"summary_large_image\" \/>\n<meta name=\"twitter:creator\" content=\"@dbdublagem\" \/>\n<meta name=\"twitter:label1\" content=\"Escrito por\" \/>\n\t<meta name=\"twitter:data1\" content=\"Reda\u00e7\u00e3o\" \/>\n\t<meta name=\"twitter:label2\" content=\"Est. tempo de leitura\" \/>\n\t<meta name=\"twitter:data2\" content=\"1 minuto\" \/>\n<script type=\"application\/ld+json\" class=\"yoast-schema-graph\">{\"@context\":\"https:\/\/schema.org\",\"@graph\":[{\"@type\":\"Article\",\"@id\":\"https:\/\/dublagembrasileira.com.br\/?p=2576#article\",\"isPartOf\":{\"@id\":\"https:\/\/dublagembrasileira.com.br\/?p=2576\"},\"author\":{\"name\":\"Reda\u00e7\u00e3o\",\"@id\":\"https:\/\/dublagembrasileira.com.br\/#\/schema\/person\/a75bac594c0e9a0b96508b7e124f20d1\"},\"headline\":\"Dubladores animam p\u00fablico catarinense no Sesc Geek.\",\"datePublished\":\"2019-09-02T11:46:55+00:00\",\"dateModified\":\"2019-09-04T13:22:38+00:00\",\"mainEntityOfPage\":{\"@id\":\"https:\/\/dublagembrasileira.com.br\/?p=2576\"},\"wordCount\":249,\"commentCount\":0,\"publisher\":{\"@id\":\"https:\/\/dublagembrasileira.com.br\/#organization\"},\"image\":{\"@id\":\"https:\/\/dublagembrasileira.com.br\/?p=2576#primaryimage\"},\"thumbnailUrl\":\"https:\/\/dublagembrasileira.com.br\/wp-content\/uploads\/2019\/09\/sescgeek.jpg\",\"keywords\":[\"dubla\",\"dublado\",\"dublador\",\"dubladora\",\"dublagem\",\"evento\"],\"articleSection\":[\"Acontece\",\"Not\u00edcias\"],\"inLanguage\":\"pt-BR\",\"potentialAction\":[{\"@type\":\"CommentAction\",\"name\":\"Comment\",\"target\":[\"https:\/\/dublagembrasileira.com.br\/?p=2576#respond\"]}]},{\"@type\":\"WebPage\",\"@id\":\"https:\/\/dublagembrasileira.com.br\/?p=2576\",\"url\":\"https:\/\/dublagembrasileira.com.br\/?p=2576\",\"name\":\"Dubladores animam p\u00fablico catarinense no Sesc Geek. | DB - Dublagem Brasileira\",\"isPartOf\":{\"@id\":\"https:\/\/dublagembrasileira.com.br\/#website\"},\"primaryImageOfPage\":{\"@id\":\"https:\/\/dublagembrasileira.com.br\/?p=2576#primaryimage\"},\"image\":{\"@id\":\"https:\/\/dublagembrasileira.com.br\/?p=2576#primaryimage\"},\"thumbnailUrl\":\"https:\/\/dublagembrasileira.com.br\/wp-content\/uploads\/2019\/09\/sescgeek.jpg\",\"datePublished\":\"2019-09-02T11:46:55+00:00\",\"dateModified\":\"2019-09-04T13:22:38+00:00\",\"description\":\"Dubladores animam p\u00fablico catarinense no Sesc Geek.\",\"breadcrumb\":{\"@id\":\"https:\/\/dublagembrasileira.com.br\/?p=2576#breadcrumb\"},\"inLanguage\":\"pt-BR\",\"potentialAction\":[{\"@type\":\"ReadAction\",\"target\":[\"https:\/\/dublagembrasileira.com.br\/?p=2576\"]}]},{\"@type\":\"ImageObject\",\"inLanguage\":\"pt-BR\",\"@id\":\"https:\/\/dublagembrasileira.com.br\/?p=2576#primaryimage\",\"url\":\"https:\/\/dublagembrasileira.com.br\/wp-content\/uploads\/2019\/09\/sescgeek.jpg\",\"contentUrl\":\"https:\/\/dublagembrasileira.com.br\/wp-content\/uploads\/2019\/09\/sescgeek.jpg\",\"width\":704,\"height\":496},{\"@type\":\"BreadcrumbList\",\"@id\":\"https:\/\/dublagembrasileira.com.br\/?p=2576#breadcrumb\",\"itemListElement\":[{\"@type\":\"ListItem\",\"position\":1,\"name\":\"In\u00edcio\",\"item\":\"https:\/\/dublagembrasileira.com.br\/\"},{\"@type\":\"ListItem\",\"position\":2,\"name\":\"Dubladores animam p\u00fablico catarinense no Sesc Geek.\"}]},{\"@type\":\"WebSite\",\"@id\":\"https:\/\/dublagembrasileira.com.br\/#website\",\"url\":\"https:\/\/dublagembrasileira.com.br\/\",\"name\":\"DB - Dublagem Brasileira\",\"description\":\"O seu portal de dublagem.\",\"publisher\":{\"@id\":\"https:\/\/dublagembrasileira.com.br\/#organization\"},\"potentialAction\":[{\"@type\":\"SearchAction\",\"target\":{\"@type\":\"EntryPoint\",\"urlTemplate\":\"https:\/\/dublagembrasileira.com.br\/?s={search_term_string}\"},\"query-input\":{\"@type\":\"PropertyValueSpecification\",\"valueRequired\":true,\"valueName\":\"search_term_string\"}}],\"inLanguage\":\"pt-BR\"},{\"@type\":\"Organization\",\"@id\":\"https:\/\/dublagembrasileira.com.br\/#organization\",\"name\":\"DB - Dublagem Brasileira\",\"url\":\"https:\/\/dublagembrasileira.com.br\/\",\"logo\":{\"@type\":\"ImageObject\",\"inLanguage\":\"pt-BR\",\"@id\":\"https:\/\/dublagembrasileira.com.br\/#\/schema\/logo\/image\/\",\"url\":\"https:\/\/dublagembrasileira.com.br\/wp-content\/uploads\/2019\/07\/cropped-logotipodb.png\",\"contentUrl\":\"https:\/\/dublagembrasileira.com.br\/wp-content\/uploads\/2019\/07\/cropped-logotipodb.png\",\"width\":946,\"height\":589,\"caption\":\"DB - Dublagem Brasileira\"},\"image\":{\"@id\":\"https:\/\/dublagembrasileira.com.br\/#\/schema\/logo\/image\/\"}},{\"@type\":\"Person\",\"@id\":\"https:\/\/dublagembrasileira.com.br\/#\/schema\/person\/a75bac594c0e9a0b96508b7e124f20d1\",\"name\":\"Reda\u00e7\u00e3o\",\"image\":{\"@type\":\"ImageObject\",\"inLanguage\":\"pt-BR\",\"@id\":\"https:\/\/dublagembrasileira.com.br\/#\/schema\/person\/image\/\",\"url\":\"http:\/\/dublagembrasileira.com.br\/wp-content\/uploads\/2025\/06\/admin-96x96.jpg\",\"contentUrl\":\"http:\/\/dublagembrasileira.com.br\/wp-content\/uploads\/2025\/06\/admin-96x96.jpg\",\"caption\":\"Reda\u00e7\u00e3o\"},\"description\":\"Equipe do DB.\",\"sameAs\":[\"https:\/\/www.facebook.com\/dublagembrasileira\",\"https:\/\/www.instagram.com\/dbdublagembrasileira\",\"https:\/\/x.com\/dbdublagem\"],\"url\":\"https:\/\/dublagembrasileira.com.br\/?author=4\"}]}<\/script>\n<!-- \/ Yoast SEO plugin. -->","yoast_head_json":{"title":"Dubladores animam p\u00fablico catarinense no Sesc Geek. | DB - Dublagem Brasileira","description":"Dubladores animam p\u00fablico catarinense no Sesc Geek.","robots":{"index":"index","follow":"follow","max-snippet":"max-snippet:-1","max-image-preview":"max-image-preview:large","max-video-preview":"max-video-preview:-1"},"canonical":"https:\/\/dublagembrasileira.com.br\/?p=2576","og_locale":"pt_BR","og_type":"article","og_title":"Dubladores animam p\u00fablico catarinense no Sesc Geek. | DB - Dublagem Brasileira","og_description":"Dubladores animam p\u00fablico catarinense no Sesc Geek.","og_url":"https:\/\/dublagembrasileira.com.br\/?p=2576","og_site_name":"DB - Dublagem Brasileira","article_author":"https:\/\/www.facebook.com\/dublagembrasileira","article_published_time":"2019-09-02T11:46:55+00:00","article_modified_time":"2019-09-04T13:22:38+00:00","og_image":[{"width":704,"height":496,"url":"https:\/\/dublagembrasileira.com.br\/wp-content\/uploads\/2019\/09\/sescgeek.jpg","type":"image\/jpeg"}],"author":"Reda\u00e7\u00e3o","twitter_card":"summary_large_image","twitter_creator":"@dbdublagem","twitter_misc":{"Escrito por":"Reda\u00e7\u00e3o","Est. tempo de leitura":"1 minuto"},"schema":{"@context":"https:\/\/schema.org","@graph":[{"@type":"Article","@id":"https:\/\/dublagembrasileira.com.br\/?p=2576#article","isPartOf":{"@id":"https:\/\/dublagembrasileira.com.br\/?p=2576"},"author":{"name":"Reda\u00e7\u00e3o","@id":"https:\/\/dublagembrasileira.com.br\/#\/schema\/person\/a75bac594c0e9a0b96508b7e124f20d1"},"headline":"Dubladores animam p\u00fablico catarinense no Sesc Geek.","datePublished":"2019-09-02T11:46:55+00:00","dateModified":"2019-09-04T13:22:38+00:00","mainEntityOfPage":{"@id":"https:\/\/dublagembrasileira.com.br\/?p=2576"},"wordCount":249,"commentCount":0,"publisher":{"@id":"https:\/\/dublagembrasileira.com.br\/#organization"},"image":{"@id":"https:\/\/dublagembrasileira.com.br\/?p=2576#primaryimage"},"thumbnailUrl":"https:\/\/dublagembrasileira.com.br\/wp-content\/uploads\/2019\/09\/sescgeek.jpg","keywords":["dubla","dublado","dublador","dubladora","dublagem","evento"],"articleSection":["Acontece","Not\u00edcias"],"inLanguage":"pt-BR","potentialAction":[{"@type":"CommentAction","name":"Comment","target":["https:\/\/dublagembrasileira.com.br\/?p=2576#respond"]}]},{"@type":"WebPage","@id":"https:\/\/dublagembrasileira.com.br\/?p=2576","url":"https:\/\/dublagembrasileira.com.br\/?p=2576","name":"Dubladores animam p\u00fablico catarinense no Sesc Geek. | DB - Dublagem Brasileira","isPartOf":{"@id":"https:\/\/dublagembrasileira.com.br\/#website"},"primaryImageOfPage":{"@id":"https:\/\/dublagembrasileira.com.br\/?p=2576#primaryimage"},"image":{"@id":"https:\/\/dublagembrasileira.com.br\/?p=2576#primaryimage"},"thumbnailUrl":"https:\/\/dublagembrasileira.com.br\/wp-content\/uploads\/2019\/09\/sescgeek.jpg","datePublished":"2019-09-02T11:46:55+00:00","dateModified":"2019-09-04T13:22:38+00:00","description":"Dubladores animam p\u00fablico catarinense no Sesc Geek.","breadcrumb":{"@id":"https:\/\/dublagembrasileira.com.br\/?p=2576#breadcrumb"},"inLanguage":"pt-BR","potentialAction":[{"@type":"ReadAction","target":["https:\/\/dublagembrasileira.com.br\/?p=2576"]}]},{"@type":"ImageObject","inLanguage":"pt-BR","@id":"https:\/\/dublagembrasileira.com.br\/?p=2576#primaryimage","url":"https:\/\/dublagembrasileira.com.br\/wp-content\/uploads\/2019\/09\/sescgeek.jpg","contentUrl":"https:\/\/dublagembrasileira.com.br\/wp-content\/uploads\/2019\/09\/sescgeek.jpg","width":704,"height":496},{"@type":"BreadcrumbList","@id":"https:\/\/dublagembrasileira.com.br\/?p=2576#breadcrumb","itemListElement":[{"@type":"ListItem","position":1,"name":"In\u00edcio","item":"https:\/\/dublagembrasileira.com.br\/"},{"@type":"ListItem","position":2,"name":"Dubladores animam p\u00fablico catarinense no Sesc Geek."}]},{"@type":"WebSite","@id":"https:\/\/dublagembrasileira.com.br\/#website","url":"https:\/\/dublagembrasileira.com.br\/","name":"DB - Dublagem Brasileira","description":"O seu portal de dublagem.","publisher":{"@id":"https:\/\/dublagembrasileira.com.br\/#organization"},"potentialAction":[{"@type":"SearchAction","target":{"@type":"EntryPoint","urlTemplate":"https:\/\/dublagembrasileira.com.br\/?s={search_term_string}"},"query-input":{"@type":"PropertyValueSpecification","valueRequired":true,"valueName":"search_term_string"}}],"inLanguage":"pt-BR"},{"@type":"Organization","@id":"https:\/\/dublagembrasileira.com.br\/#organization","name":"DB - Dublagem Brasileira","url":"https:\/\/dublagembrasileira.com.br\/","logo":{"@type":"ImageObject","inLanguage":"pt-BR","@id":"https:\/\/dublagembrasileira.com.br\/#\/schema\/logo\/image\/","url":"https:\/\/dublagembrasileira.com.br\/wp-content\/uploads\/2019\/07\/cropped-logotipodb.png","contentUrl":"https:\/\/dublagembrasileira.com.br\/wp-content\/uploads\/2019\/07\/cropped-logotipodb.png","width":946,"height":589,"caption":"DB - Dublagem Brasileira"},"image":{"@id":"https:\/\/dublagembrasileira.com.br\/#\/schema\/logo\/image\/"}},{"@type":"Person","@id":"https:\/\/dublagembrasileira.com.br\/#\/schema\/person\/a75bac594c0e9a0b96508b7e124f20d1","name":"Reda\u00e7\u00e3o","image":{"@type":"ImageObject","inLanguage":"pt-BR","@id":"https:\/\/dublagembrasileira.com.br\/#\/schema\/person\/image\/","url":"http:\/\/dublagembrasileira.com.br\/wp-content\/uploads\/2025\/06\/admin-96x96.jpg","contentUrl":"http:\/\/dublagembrasileira.com.br\/wp-content\/uploads\/2025\/06\/admin-96x96.jpg","caption":"Reda\u00e7\u00e3o"},"description":"Equipe do DB.","sameAs":["https:\/\/www.facebook.com\/dublagembrasileira","https:\/\/www.instagram.com\/dbdublagembrasileira","https:\/\/x.com\/dbdublagem"],"url":"https:\/\/dublagembrasileira.com.br\/?author=4"}]}},"rttpg_featured_image_url":{"full":["https:\/\/dublagembrasileira.com.br\/wp-content\/uploads\/2019\/09\/sescgeek.jpg",704,496,false],"landscape":["https:\/\/dublagembrasileira.com.br\/wp-content\/uploads\/2019\/09\/sescgeek.jpg",704,496,false],"portraits":["https:\/\/dublagembrasileira.com.br\/wp-content\/uploads\/2019\/09\/sescgeek.jpg",704,496,false],"thumbnail":["https:\/\/dublagembrasileira.com.br\/wp-content\/uploads\/2019\/09\/sescgeek-150x150.jpg",150,150,true],"medium":["https:\/\/dublagembrasileira.com.br\/wp-content\/uploads\/2019\/09\/sescgeek-300x211.jpg",300,211,true],"large":["https:\/\/dublagembrasileira.com.br\/wp-content\/uploads\/2019\/09\/sescgeek.jpg",640,451,false],"1536x1536":["https:\/\/dublagembrasileira.com.br\/wp-content\/uploads\/2019\/09\/sescgeek.jpg",704,496,false],"2048x2048":["https:\/\/dublagembrasileira.com.br\/wp-content\/uploads\/2019\/09\/sescgeek.jpg",704,496,false],"eggnews-slider-large":["https:\/\/dublagembrasileira.com.br\/wp-content\/uploads\/2019\/09\/sescgeek.jpg",704,496,false],"eggnews-featured-medium":["https:\/\/dublagembrasileira.com.br\/wp-content\/uploads\/2019\/09\/sescgeek-420x307.jpg",420,307,true],"eggnews-featured-long":["https:\/\/dublagembrasileira.com.br\/wp-content\/uploads\/2019\/09\/sescgeek-300x443.jpg",300,443,true],"eggnews-block-medium":["https:\/\/dublagembrasileira.com.br\/wp-content\/uploads\/2019\/09\/sescgeek-464x290.jpg",464,290,true],"eggnews-carousel-image":["https:\/\/dublagembrasileira.com.br\/wp-content\/uploads\/2019\/09\/sescgeek-600x496.jpg",600,496,true],"eggnews-block-thumb":["https:\/\/dublagembrasileira.com.br\/wp-content\/uploads\/2019\/09\/sescgeek-322x230.jpg",322,230,true],"eggnews-single-large":["https:\/\/dublagembrasileira.com.br\/wp-content\/uploads\/2019\/09\/sescgeek.jpg",704,496,false],"crp_thumbnail":["https:\/\/dublagembrasileira.com.br\/wp-content\/uploads\/2019\/09\/sescgeek-150x150.jpg",150,150,true]},"rttpg_author":{"display_name":"Reda\u00e7\u00e3o","author_link":"https:\/\/dublagembrasileira.com.br\/?author=4"},"rttpg_comment":0,"rttpg_category":"<a href=\"https:\/\/dublagembrasileira.com.br\/?cat=21\" rel=\"category\">Acontece<\/a> <a href=\"https:\/\/dublagembrasileira.com.br\/?cat=13\" rel=\"category\">Not\u00edcias<\/a>","rttpg_excerpt":"Eduardo Drummond, Francisco J\u00fanior e Isabelle Cunha s\u00e3o convidados de evento geek em Santa Catarina. O p\u00fablico catarinense prestigiou nos \u00faltimos dias 31 de agosto e 1\u00ba de setembro o Sesc Geek, evento inteiramente dedicado \u00e0 cultura pop, \u00e0 integra\u00e7\u00e3o por meio da tecnologia, \u00e0 divers\u00e3o e ao entretenimento. O evento foi realizado no Sesc&hellip;","_links":{"self":[{"href":"https:\/\/dublagembrasileira.com.br\/index.php?rest_route=\/wp\/v2\/posts\/2576","targetHints":{"allow":["GET"]}}],"collection":[{"href":"https:\/\/dublagembrasileira.com.br\/index.php?rest_route=\/wp\/v2\/posts"}],"about":[{"href":"https:\/\/dublagembrasileira.com.br\/index.php?rest_route=\/wp\/v2\/types\/post"}],"author":[{"embeddable":true,"href":"https:\/\/dublagembrasileira.com.br\/index.php?rest_route=\/wp\/v2\/users\/4"}],"replies":[{"embeddable":true,"href":"https:\/\/dublagembrasileira.com.br\/index.php?rest_route=%2Fwp%2Fv2%2Fcomments&post=2576"}],"version-history":[{"count":1,"href":"https:\/\/dublagembrasileira.com.br\/index.php?rest_route=\/wp\/v2\/posts\/2576\/revisions"}],"predecessor-version":[{"id":2578,"href":"https:\/\/dublagembrasileira.com.br\/index.php?rest_route=\/wp\/v2\/posts\/2576\/revisions\/2578"}],"wp:featuredmedia":[{"embeddable":true,"href":"https:\/\/dublagembrasileira.com.br\/index.php?rest_route=\/wp\/v2\/media\/2577"}],"wp:attachment":[{"href":"https:\/\/dublagembrasileira.com.br\/index.php?rest_route=%2Fwp%2Fv2%2Fmedia&parent=2576"}],"wp:term":[{"taxonomy":"category","embeddable":true,"href":"https:\/\/dublagembrasileira.com.br\/index.php?rest_route=%2Fwp%2Fv2%2Fcategories&post=2576"},{"taxonomy":"post_tag","embeddable":true,"href":"https:\/\/dublagembrasileira.com.br\/index.php?rest_route=%2Fwp%2Fv2%2Ftags&post=2576"}],"curies":[{"name":"wp","href":"https:\/\/api.w.org\/{rel}","templated":true}]}}